{"id":167146,"date":"2022-10-06T17:20:18","date_gmt":"2022-10-06T15:20:18","guid":{"rendered":"https:\/\/candas365.es\/noticias\/?p=167146"},"modified":"2022-10-06T17:20:43","modified_gmt":"2022-10-06T15:20:43","slug":"azerbaiyan-libera-a-17-prisioneros-de-guerra-armenios","status":"publish","type":"post","link":"https:\/\/candas365.es\/noticias\/azerbaiyan-libera-a-17-prisioneros-de-guerra-armenios\/","title":{"rendered":"Azerbaiy\u00e1n libera a 17 prisioneros de guerra armenios"},"content":{"rendered":"<p>(EP) &#8211; El secretario del Consejo de Seguridad de Armenia, Armen Grigoryan, ha informado este martes de que Azerbaiy\u00e1n ha liberado a 17 prisioneros de guerra armenios que han sido repatriados a su pa\u00eds de origen, todo ello mediante la mediaci\u00f3n de Estados Unidos.<\/p>\n<figure id=\"attachment_167147\" aria-describedby=\"caption-attachment-167147\" style=\"width: 650px\" class=\"wp-caption aligncenter\"><img fetchpriority=\"high\" decoding=\"async\" class=\"wp-image-167147 size-large\" src=\"https:\/\/candas365.es\/noticias\/wp-content\/uploads\/2022\/10\/Azerbaiyan-650x430.jpg\" alt=\"Azerbaiy\u00e1n\" width=\"650\" height=\"430\" srcset=\"https:\/\/candas365.es\/noticias\/wp-content\/uploads\/2022\/10\/Azerbaiyan-650x430.jpg 650w, https:\/\/candas365.es\/noticias\/wp-content\/uploads\/2022\/10\/Azerbaiyan-360x238.jpg 360w, https:\/\/candas365.es\/noticias\/wp-content\/uploads\/2022\/10\/Azerbaiyan-768x508.jpg 768w, https:\/\/candas365.es\/noticias\/wp-content\/uploads\/2022\/10\/Azerbaiyan-150x99.jpg 150w, https:\/\/candas365.es\/noticias\/wp-content\/uploads\/2022\/10\/Azerbaiyan-450x297.jpg 450w, https:\/\/candas365.es\/noticias\/wp-content\/uploads\/2022\/10\/Azerbaiyan.jpg 1006w\" sizes=\"(max-width: 650px) 100vw, 650px\" \/><figcaption id=\"caption-attachment-167147\" class=\"wp-caption-text\">FOTO: MINISTERIO DE EXTERIORES DE AZERBAIY\u00c1N \/ EP<\/figcaption><\/figure>\n<p>Grigoryan, a su vez, ha destacado la ayuda proporcionada por parte de Washington en la mediaci\u00f3n entre Armenia y Azerbaiy\u00e1n para la consecuci\u00f3n de este acuerdo.<\/p>\n<p>\u00abLa repatriaci\u00f3n de 17 prisioneros de guerra armenios a Armenia es el resultado del acuerdo alcanzado en la reuni\u00f3n trilateral celebrada el 27 de septiembre por iniciativa del asesor de Seguridad Nacional del presidente estadounidense Joe Biden, Jake Sullivan\u00bb, ha explicado en un mensaje publicado en su p\u00e1gina oficial de Facebook.<\/p>\n<p>En este sentido, el pol\u00edtico armenio, que ha asegurado que su pa\u00eds sigue comprometido con todos los acuerdos alcanzados en Washington, ha instado a la continuaci\u00f3n de los encuentros trilaterales para conseguir la paz en la regi\u00f3n.<\/p>\n<p>\u00abEspero que el compromiso trilateral siga teniendo resultados positivos para la soluci\u00f3n de las cuestiones humanitarias y el establecimiento de estabilidad y paz en la regi\u00f3n\u00bb, ha declarado, antes de instar a que se apliquen \u00abde manera sistem\u00e1tica\u00bb todos los acuerdos.<\/p>\n<p>Por su parte, el primer ministro armenio, Nikol Pashini\u00e1n, ha mostrado su aprecio por los esfuerzos de Washington para que los prisioneros armenios volvieran a su tierra. \u00abAprecio mucho los esfuerzos de Estados Unidos (&#8230;). Espero que con esfuerzos conjuntos con nuestros socios internacionales registremos m\u00e1s avances\u00bb, ha escrito en su cuenta de Twitter.<\/p>\n<p>Este lunes Pashini\u00e1n acus\u00f3 a Azerbaiy\u00e1n de incumplir su promesa de liberar a cerca de una veintena de prisioneros de guerra capturados durante el \u00faltimo conflicto en la disputada regi\u00f3n de Nagorno Karabaj.<\/p>\n<p>\u00abEsta ya es la segunda vez que Azerbaiy\u00e1n se niega a cumplir su promesa de liberar a los prisioneros de guerra armenios. El primer caso fue en mayo, cuando se hizo una promesa en Bruselas, y la segunda vez es ahora, cuando en Washington se comprometi\u00f3 a liberar a 17 prisioneros de guerra armenios\u00bb, dijo en su perfil oficial de Twitter.<\/p>\n","protected":false},"excerpt":{"rendered":"<p>(EP) &#8211; El secretario del Consejo de Seguridad de Armenia, Armen Grigoryan, ha informado este martes de que Azerbaiy\u00e1n ha liberado a 17 prisioneros de guerra armenios que han sido repatriados a su pa\u00eds de origen, todo ello mediante la mediaci\u00f3n de Estados Unidos. Grigoryan, a su vez, ha destacado la ayuda proporcionada por parte<\/p>\n","protected":false},"author":1,"featured_media":167147,"comment_status":"closed","ping_status":"closed","sticky":false,"template":"","format":"standard","meta":{"footnotes":""},"categories":[485],"tags":[464,418],"class_list":{"0":"post-167146","1":"post","2":"type-post","3":"status-publish","4":"format-standard","5":"has-post-thumbnail","7":"category-internacional","8":"tag-conflictos","9":"tag-internacional"},"aioseo_notices":[],"aioseo_head":"\n\t\t<!-- All in One SEO Pro 4.9.6.2 - aioseo.com -->\n\t<meta name=\"description\" content=\"(EP) - El secretario del Consejo de Seguridad de Armenia, Armen Grigoryan, ha informado este martes de que Azerbaiy\u00e1n ha liberado a 17 prisioneros de guerra\" \/>\n\t<meta name=\"robots\" content=\"max-image-preview:large\" \/>\n\t<meta name=\"author\" content=\"Cand\u00e1s 365\"\/>\n\t<meta name=\"google-site-verification\" content=\"UA-32230408-1\" \/>\n\t<meta name=\"msvalidate.01\" content=\"354F3CDFB2DA171B47FBE9ABF1F88D5\" \/>\n\t<meta name=\"keywords\" content=\"internacional\" \/>\n\t<link rel=\"canonical\" href=\"https:\/\/candas365.es\/noticias\/azerbaiyan-libera-a-17-prisioneros-de-guerra-armenios\/\" \/>\n\t<meta name=\"generator\" content=\"All in One SEO Pro (AIOSEO) 4.9.6.2\" \/>\n\t\t<meta property=\"og:locale\" content=\"es_ES\" \/>\n\t\t<meta property=\"og:site_name\" content=\"Cand\u00e1s 365\" \/>\n\t\t<meta property=\"og:type\" content=\"article\" \/>\n\t\t<meta property=\"og:title\" content=\"Azerbaiy\u00e1n libera a 17 prisioneros de guerra armenios | Cand\u00e1s 365\" \/>\n\t\t<meta property=\"og:description\" content=\"(EP) - El secretario del Consejo de Seguridad de Armenia, Armen Grigoryan, ha informado este martes de que Azerbaiy\u00e1n ha liberado a 17 prisioneros de guerra\" \/>\n\t\t<meta property=\"og:url\" content=\"https:\/\/candas365.es\/noticias\/azerbaiyan-libera-a-17-prisioneros-de-guerra-armenios\/\" \/>\n\t\t<meta property=\"og:image\" content=\"https:\/\/candas365.es\/noticias\/wp-content\/uploads\/2022\/10\/Azerbaiyan.jpg\" \/>\n\t\t<meta property=\"og:image:secure_url\" content=\"https:\/\/candas365.es\/noticias\/wp-content\/uploads\/2022\/10\/Azerbaiyan.jpg\" \/>\n\t\t<meta property=\"og:image:width\" content=\"1006\" \/>\n\t\t<meta property=\"og:image:height\" content=\"665\" \/>\n\t\t<meta property=\"article:published_time\" content=\"2022-10-06T15:20:18+00:00\" \/>\n\t\t<meta property=\"article:modified_time\" content=\"2022-10-06T15:20:43+00:00\" \/>\n\t\t<meta property=\"article:publisher\" content=\"https:\/\/www.facebook.com\/Nachofdezber\" \/>\n\t\t<meta property=\"article:author\" content=\"https:\/\/www.facebook.com\/carrenoactualidad\" \/>\n\t\t<meta name=\"twitter:card\" content=\"summary_large_image\" \/>\n\t\t<meta name=\"twitter:site\" content=\"@NabercoDigital\" \/>\n\t\t<meta name=\"twitter:title\" content=\"Azerbaiy\u00e1n libera a 17 prisioneros de guerra armenios | Cand\u00e1s 365\" \/>\n\t\t<meta name=\"twitter:description\" content=\"(EP) - El secretario del Consejo de Seguridad de Armenia, Armen Grigoryan, ha informado este martes de que Azerbaiy\u00e1n ha liberado a 17 prisioneros de guerra\" \/>\n\t\t<meta name=\"twitter:creator\" content=\"@nbasturias\" \/>\n\t\t<meta name=\"twitter:image\" content=\"https:\/\/candas365.es\/noticias\/wp-content\/uploads\/2022\/10\/Azerbaiyan.jpg\" \/>\n\t\t<meta name=\"twitter:label1\" content=\"Escrito por\" \/>\n\t\t<meta name=\"twitter:data1\" content=\"Cand\u00e1s 365\" \/>\n\t\t<meta name=\"twitter:label2\" content=\"Tiempo de lectura estimado\" \/>\n\t\t<meta name=\"twitter:data2\" content=\"2 minutos\" \/>\n\t\t<script type=\"application\/ld+json\" class=\"aioseo-schema\">\n\t\t\t{\"@context\":\"https:\\\/\\\/schema.org\",\"@graph\":[{\"@type\":\"BreadcrumbList\",\"@id\":\"https:\\\/\\\/candas365.es\\\/noticias\\\/azerbaiyan-libera-a-17-prisioneros-de-guerra-armenios\\\/#breadcrumblist\",\"itemListElement\":[{\"@type\":\"ListItem\",\"@id\":\"https:\\\/\\\/candas365.es\\\/noticias#listItem\",\"position\":1,\"name\":\"Home\",\"item\":\"https:\\\/\\\/candas365.es\\\/noticias\",\"nextItem\":{\"@type\":\"ListItem\",\"@id\":\"https:\\\/\\\/candas365.es\\\/noticias\\\/category\\\/internacional\\\/#listItem\",\"name\":\"Internacional\"}},{\"@type\":\"ListItem\",\"@id\":\"https:\\\/\\\/candas365.es\\\/noticias\\\/category\\\/internacional\\\/#listItem\",\"position\":2,\"name\":\"Internacional\",\"item\":\"https:\\\/\\\/candas365.es\\\/noticias\\\/category\\\/internacional\\\/\",\"nextItem\":{\"@type\":\"ListItem\",\"@id\":\"https:\\\/\\\/candas365.es\\\/noticias\\\/azerbaiyan-libera-a-17-prisioneros-de-guerra-armenios\\\/#listItem\",\"name\":\"Azerbaiy\\u00e1n libera a 17 prisioneros de guerra armenios\"},\"previousItem\":{\"@type\":\"ListItem\",\"@id\":\"https:\\\/\\\/candas365.es\\\/noticias#listItem\",\"name\":\"Home\"}},{\"@type\":\"ListItem\",\"@id\":\"https:\\\/\\\/candas365.es\\\/noticias\\\/azerbaiyan-libera-a-17-prisioneros-de-guerra-armenios\\\/#listItem\",\"position\":3,\"name\":\"Azerbaiy\\u00e1n libera a 17 prisioneros de guerra armenios\",\"previousItem\":{\"@type\":\"ListItem\",\"@id\":\"https:\\\/\\\/candas365.es\\\/noticias\\\/category\\\/internacional\\\/#listItem\",\"name\":\"Internacional\"}}]},{\"@type\":\"NewsArticle\",\"@id\":\"https:\\\/\\\/candas365.es\\\/noticias\\\/azerbaiyan-libera-a-17-prisioneros-de-guerra-armenios\\\/#newsarticle\",\"name\":\"Azerbaiy\\u00e1n libera a 17 prisioneros de guerra armenios | Cand\\u00e1s 365\",\"headline\":\"Azerbaiy\\u00e1n libera a 17 prisioneros de guerra armenios\",\"author\":{\"@id\":\"https:\\\/\\\/candas365.es\\\/noticias\\\/author\\\/admin\\\/#author\"},\"publisher\":{\"@id\":\"https:\\\/\\\/candas365.es\\\/noticias\\\/#organization\"},\"image\":{\"@type\":\"ImageObject\",\"url\":\"https:\\\/\\\/candas365.es\\\/noticias\\\/wp-content\\\/uploads\\\/2022\\\/10\\\/Azerbaiyan.jpg\",\"width\":1006,\"height\":665,\"caption\":\"FOTO: MINISTERIO DE EXTERIORES DE AZERBAIY\\u00c1N \\\/ EP\"},\"datePublished\":\"2022-10-06T17:20:18+02:00\",\"dateModified\":\"2022-10-06T17:20:43+02:00\",\"inLanguage\":\"es-ES\",\"mainEntityOfPage\":{\"@id\":\"https:\\\/\\\/candas365.es\\\/noticias\\\/azerbaiyan-libera-a-17-prisioneros-de-guerra-armenios\\\/#webpage\"},\"isPartOf\":{\"@id\":\"https:\\\/\\\/candas365.es\\\/noticias\\\/azerbaiyan-libera-a-17-prisioneros-de-guerra-armenios\\\/#webpage\"},\"articleSection\":\"Internacional, conflictos, Internacional\",\"dateline\":\"Publicado el octubre 6, 2022.\"},{\"@type\":\"Organization\",\"@id\":\"https:\\\/\\\/candas365.es\\\/noticias\\\/#organization\",\"name\":\"Cand\\u00e1s 365\",\"description\":\"Cand\\u00e1s 365 es un diario digital independiente, fundado en 2012, con base en Asturias. Informamos con rigor sobre actualidad, sociedad, cultura y ocio, con una mirada local y global.\",\"url\":\"https:\\\/\\\/candas365.es\\\/noticias\\\/\",\"email\":\"info@candas365.es\",\"telephone\":\"+34652131393\",\"foundingDate\":\"2012-06-10\",\"logo\":{\"@type\":\"ImageObject\",\"url\":\"https:\\\/\\\/candas365.es\\\/noticias\\\/wp-content\\\/uploads\\\/2024\\\/09\\\/Candas-365-Redes.jpg\",\"@id\":\"https:\\\/\\\/candas365.es\\\/noticias\\\/azerbaiyan-libera-a-17-prisioneros-de-guerra-armenios\\\/#organizationLogo\",\"width\":1152,\"height\":864,\"caption\":\"Cand\\u00e1s 365 Redes\"},\"image\":{\"@id\":\"https:\\\/\\\/candas365.es\\\/noticias\\\/azerbaiyan-libera-a-17-prisioneros-de-guerra-armenios\\\/#organizationLogo\"},\"sameAs\":[\"https:\\\/\\\/www.facebook.com\\\/Nachofdezber\",\"https:\\\/\\\/x.com\\\/NabercoDigital\",\"https:\\\/\\\/www.instagram.com\\\/nachofdezber\\\/\",\"https:\\\/\\\/www.youtube.com\\\/channel\\\/UCZP-2wLEB9Rv6erhFmqVnvg\"],\"address\":{\"@id\":\"https:\\\/\\\/candas365.es\\\/noticias\\\/#postaladdress\",\"@type\":\"PostalAddress\",\"streetAddress\":\"san antonio 4, san antonio 4\",\"postalCode\":\"33430\",\"addressLocality\":\"Cand\\u00e1s\",\"addressRegion\":\"Asturias\",\"addressCountry\":\"ES\"}},{\"@type\":\"Person\",\"@id\":\"https:\\\/\\\/candas365.es\\\/noticias\\\/author\\\/admin\\\/#author\",\"url\":\"https:\\\/\\\/candas365.es\\\/noticias\\\/author\\\/admin\\\/\",\"name\":\"Cand\\u00e1s 365\",\"image\":{\"@type\":\"ImageObject\",\"@id\":\"https:\\\/\\\/candas365.es\\\/noticias\\\/azerbaiyan-libera-a-17-prisioneros-de-guerra-armenios\\\/#authorImage\",\"url\":\"https:\\\/\\\/secure.gravatar.com\\\/avatar\\\/496a8e03d0c493ede1718b7934145dbdf8d89be1036b0eec9544e1094c9de390?s=96&d=mm&r=g\",\"width\":96,\"height\":96,\"caption\":\"Cand\\u00e1s 365\"},\"sameAs\":[\"https:\\\/\\\/www.facebook.com\\\/carrenoactualidad\",\"https:\\\/\\\/twitter.com\\\/nbasturias\",\"https:\\\/\\\/www.instagram.com\\\/nachofdezber\\\/\",\"https:\\\/\\\/www.youtube.com\\\/channel\\\/UCZP-2wLEB9Rv6erhFmqVnvg\"]},{\"@type\":\"WebPage\",\"@id\":\"https:\\\/\\\/candas365.es\\\/noticias\\\/azerbaiyan-libera-a-17-prisioneros-de-guerra-armenios\\\/#webpage\",\"url\":\"https:\\\/\\\/candas365.es\\\/noticias\\\/azerbaiyan-libera-a-17-prisioneros-de-guerra-armenios\\\/\",\"name\":\"Azerbaiy\\u00e1n libera a 17 prisioneros de guerra armenios | Cand\\u00e1s 365\",\"description\":\"(EP) - El secretario del Consejo de Seguridad de Armenia, Armen Grigoryan, ha informado este martes de que Azerbaiy\\u00e1n ha liberado a 17 prisioneros de guerra\",\"inLanguage\":\"es-ES\",\"isPartOf\":{\"@id\":\"https:\\\/\\\/candas365.es\\\/noticias\\\/#website\"},\"breadcrumb\":{\"@id\":\"https:\\\/\\\/candas365.es\\\/noticias\\\/azerbaiyan-libera-a-17-prisioneros-de-guerra-armenios\\\/#breadcrumblist\"},\"author\":{\"@id\":\"https:\\\/\\\/candas365.es\\\/noticias\\\/author\\\/admin\\\/#author\"},\"creator\":{\"@id\":\"https:\\\/\\\/candas365.es\\\/noticias\\\/author\\\/admin\\\/#author\"},\"image\":{\"@type\":\"ImageObject\",\"url\":\"https:\\\/\\\/candas365.es\\\/noticias\\\/wp-content\\\/uploads\\\/2022\\\/10\\\/Azerbaiyan.jpg\",\"@id\":\"https:\\\/\\\/candas365.es\\\/noticias\\\/azerbaiyan-libera-a-17-prisioneros-de-guerra-armenios\\\/#mainImage\",\"width\":1006,\"height\":665,\"caption\":\"FOTO: MINISTERIO DE EXTERIORES DE AZERBAIY\\u00c1N \\\/ EP\"},\"primaryImageOfPage\":{\"@id\":\"https:\\\/\\\/candas365.es\\\/noticias\\\/azerbaiyan-libera-a-17-prisioneros-de-guerra-armenios\\\/#mainImage\"},\"datePublished\":\"2022-10-06T17:20:18+02:00\",\"dateModified\":\"2022-10-06T17:20:43+02:00\"},{\"@type\":\"WebSite\",\"@id\":\"https:\\\/\\\/candas365.es\\\/noticias\\\/#website\",\"url\":\"https:\\\/\\\/candas365.es\\\/noticias\\\/\",\"name\":\"Cand\\u00e1s 365\",\"alternateName\":\"Cand\\u00e1s 365 Noticias\",\"description\":\"Actualidad desde Carre\\u00f1o para el mundo\",\"inLanguage\":\"es-ES\",\"publisher\":{\"@id\":\"https:\\\/\\\/candas365.es\\\/noticias\\\/#organization\"}}]}\n\t\t<\/script>\n\t\t<!-- All in One SEO Pro -->\r\n\t\t<title>Azerbaiy\u00e1n libera a 17 prisioneros de guerra armenios | Cand\u00e1s 365<\/title>\n\n","aioseo_head_json":{"title":"Azerbaiy\u00e1n libera a 17 prisioneros de guerra armenios | Cand\u00e1s 365","description":"(EP) - El secretario del Consejo de Seguridad de Armenia, Armen Grigoryan, ha informado este martes de que Azerbaiy\u00e1n ha liberado a 17 prisioneros de guerra","canonical_url":"https:\/\/candas365.es\/noticias\/azerbaiyan-libera-a-17-prisioneros-de-guerra-armenios\/","robots":"max-image-preview:large","keywords":"internacional","webmasterTools":{"google-site-verification":"UA-32230408-1","msvalidate.01":"354F3CDFB2DA171B47FBE9ABF1F88D5","miscellaneous":""},"schema":{"@context":"https:\/\/schema.org","@graph":[{"@type":"BreadcrumbList","@id":"https:\/\/candas365.es\/noticias\/azerbaiyan-libera-a-17-prisioneros-de-guerra-armenios\/#breadcrumblist","itemListElement":[{"@type":"ListItem","@id":"https:\/\/candas365.es\/noticias#listItem","position":1,"name":"Home","item":"https:\/\/candas365.es\/noticias","nextItem":{"@type":"ListItem","@id":"https:\/\/candas365.es\/noticias\/category\/internacional\/#listItem","name":"Internacional"}},{"@type":"ListItem","@id":"https:\/\/candas365.es\/noticias\/category\/internacional\/#listItem","position":2,"name":"Internacional","item":"https:\/\/candas365.es\/noticias\/category\/internacional\/","nextItem":{"@type":"ListItem","@id":"https:\/\/candas365.es\/noticias\/azerbaiyan-libera-a-17-prisioneros-de-guerra-armenios\/#listItem","name":"Azerbaiy\u00e1n libera a 17 prisioneros de guerra armenios"},"previousItem":{"@type":"ListItem","@id":"https:\/\/candas365.es\/noticias#listItem","name":"Home"}},{"@type":"ListItem","@id":"https:\/\/candas365.es\/noticias\/azerbaiyan-libera-a-17-prisioneros-de-guerra-armenios\/#listItem","position":3,"name":"Azerbaiy\u00e1n libera a 17 prisioneros de guerra armenios","previousItem":{"@type":"ListItem","@id":"https:\/\/candas365.es\/noticias\/category\/internacional\/#listItem","name":"Internacional"}}]},{"@type":"NewsArticle","@id":"https:\/\/candas365.es\/noticias\/azerbaiyan-libera-a-17-prisioneros-de-guerra-armenios\/#newsarticle","name":"Azerbaiy\u00e1n libera a 17 prisioneros de guerra armenios | Cand\u00e1s 365","headline":"Azerbaiy\u00e1n libera a 17 prisioneros de guerra armenios","author":{"@id":"https:\/\/candas365.es\/noticias\/author\/admin\/#author"},"publisher":{"@id":"https:\/\/candas365.es\/noticias\/#organization"},"image":{"@type":"ImageObject","url":"https:\/\/candas365.es\/noticias\/wp-content\/uploads\/2022\/10\/Azerbaiyan.jpg","width":1006,"height":665,"caption":"FOTO: MINISTERIO DE EXTERIORES DE AZERBAIY\u00c1N \/ EP"},"datePublished":"2022-10-06T17:20:18+02:00","dateModified":"2022-10-06T17:20:43+02:00","inLanguage":"es-ES","mainEntityOfPage":{"@id":"https:\/\/candas365.es\/noticias\/azerbaiyan-libera-a-17-prisioneros-de-guerra-armenios\/#webpage"},"isPartOf":{"@id":"https:\/\/candas365.es\/noticias\/azerbaiyan-libera-a-17-prisioneros-de-guerra-armenios\/#webpage"},"articleSection":"Internacional, conflictos, Internacional","dateline":"Publicado el octubre 6, 2022."},{"@type":"Organization","@id":"https:\/\/candas365.es\/noticias\/#organization","name":"Cand\u00e1s 365","description":"Cand\u00e1s 365 es un diario digital independiente, fundado en 2012, con base en Asturias. Informamos con rigor sobre actualidad, sociedad, cultura y ocio, con una mirada local y global.","url":"https:\/\/candas365.es\/noticias\/","email":"info@candas365.es","telephone":"+34652131393","foundingDate":"2012-06-10","logo":{"@type":"ImageObject","url":"https:\/\/candas365.es\/noticias\/wp-content\/uploads\/2024\/09\/Candas-365-Redes.jpg","@id":"https:\/\/candas365.es\/noticias\/azerbaiyan-libera-a-17-prisioneros-de-guerra-armenios\/#organizationLogo","width":1152,"height":864,"caption":"Cand\u00e1s 365 Redes"},"image":{"@id":"https:\/\/candas365.es\/noticias\/azerbaiyan-libera-a-17-prisioneros-de-guerra-armenios\/#organizationLogo"},"sameAs":["https:\/\/www.facebook.com\/Nachofdezber","https:\/\/x.com\/NabercoDigital","https:\/\/www.instagram.com\/nachofdezber\/","https:\/\/www.youtube.com\/channel\/UCZP-2wLEB9Rv6erhFmqVnvg"],"address":{"@id":"https:\/\/candas365.es\/noticias\/#postaladdress","@type":"PostalAddress","streetAddress":"san antonio 4, san antonio 4","postalCode":"33430","addressLocality":"Cand\u00e1s","addressRegion":"Asturias","addressCountry":"ES"}},{"@type":"Person","@id":"https:\/\/candas365.es\/noticias\/author\/admin\/#author","url":"https:\/\/candas365.es\/noticias\/author\/admin\/","name":"Cand\u00e1s 365","image":{"@type":"ImageObject","@id":"https:\/\/candas365.es\/noticias\/azerbaiyan-libera-a-17-prisioneros-de-guerra-armenios\/#authorImage","url":"https:\/\/secure.gravatar.com\/avatar\/496a8e03d0c493ede1718b7934145dbdf8d89be1036b0eec9544e1094c9de390?s=96&d=mm&r=g","width":96,"height":96,"caption":"Cand\u00e1s 365"},"sameAs":["https:\/\/www.facebook.com\/carrenoactualidad","https:\/\/twitter.com\/nbasturias","https:\/\/www.instagram.com\/nachofdezber\/","https:\/\/www.youtube.com\/channel\/UCZP-2wLEB9Rv6erhFmqVnvg"]},{"@type":"WebPage","@id":"https:\/\/candas365.es\/noticias\/azerbaiyan-libera-a-17-prisioneros-de-guerra-armenios\/#webpage","url":"https:\/\/candas365.es\/noticias\/azerbaiyan-libera-a-17-prisioneros-de-guerra-armenios\/","name":"Azerbaiy\u00e1n libera a 17 prisioneros de guerra armenios | Cand\u00e1s 365","description":"(EP) - El secretario del Consejo de Seguridad de Armenia, Armen Grigoryan, ha informado este martes de que Azerbaiy\u00e1n ha liberado a 17 prisioneros de guerra","inLanguage":"es-ES","isPartOf":{"@id":"https:\/\/candas365.es\/noticias\/#website"},"breadcrumb":{"@id":"https:\/\/candas365.es\/noticias\/azerbaiyan-libera-a-17-prisioneros-de-guerra-armenios\/#breadcrumblist"},"author":{"@id":"https:\/\/candas365.es\/noticias\/author\/admin\/#author"},"creator":{"@id":"https:\/\/candas365.es\/noticias\/author\/admin\/#author"},"image":{"@type":"ImageObject","url":"https:\/\/candas365.es\/noticias\/wp-content\/uploads\/2022\/10\/Azerbaiyan.jpg","@id":"https:\/\/candas365.es\/noticias\/azerbaiyan-libera-a-17-prisioneros-de-guerra-armenios\/#mainImage","width":1006,"height":665,"caption":"FOTO: MINISTERIO DE EXTERIORES DE AZERBAIY\u00c1N \/ EP"},"primaryImageOfPage":{"@id":"https:\/\/candas365.es\/noticias\/azerbaiyan-libera-a-17-prisioneros-de-guerra-armenios\/#mainImage"},"datePublished":"2022-10-06T17:20:18+02:00","dateModified":"2022-10-06T17:20:43+02:00"},{"@type":"WebSite","@id":"https:\/\/candas365.es\/noticias\/#website","url":"https:\/\/candas365.es\/noticias\/","name":"Cand\u00e1s 365","alternateName":"Cand\u00e1s 365 Noticias","description":"Actualidad desde Carre\u00f1o para el mundo","inLanguage":"es-ES","publisher":{"@id":"https:\/\/candas365.es\/noticias\/#organization"}}]},"og:locale":"es_ES","og:site_name":"Cand\u00e1s 365","og:type":"article","og:title":"Azerbaiy\u00e1n libera a 17 prisioneros de guerra armenios | Cand\u00e1s 365","og:description":"(EP) - El secretario del Consejo de Seguridad de Armenia, Armen Grigoryan, ha informado este martes de que Azerbaiy\u00e1n ha liberado a 17 prisioneros de guerra","og:url":"https:\/\/candas365.es\/noticias\/azerbaiyan-libera-a-17-prisioneros-de-guerra-armenios\/","og:image":"https:\/\/candas365.es\/noticias\/wp-content\/uploads\/2022\/10\/Azerbaiyan.jpg","og:image:secure_url":"https:\/\/candas365.es\/noticias\/wp-content\/uploads\/2022\/10\/Azerbaiyan.jpg","og:image:width":1006,"og:image:height":665,"article:published_time":"2022-10-06T15:20:18+00:00","article:modified_time":"2022-10-06T15:20:43+00:00","article:publisher":"https:\/\/www.facebook.com\/Nachofdezber","article:author":"https:\/\/www.facebook.com\/carrenoactualidad","twitter:card":"summary_large_image","twitter:site":"@NabercoDigital","twitter:title":"Azerbaiy\u00e1n libera a 17 prisioneros de guerra armenios | Cand\u00e1s 365","twitter:description":"(EP) - El secretario del Consejo de Seguridad de Armenia, Armen Grigoryan, ha informado este martes de que Azerbaiy\u00e1n ha liberado a 17 prisioneros de guerra","twitter:creator":"@nbasturias","twitter:image":"https:\/\/candas365.es\/noticias\/wp-content\/uploads\/2022\/10\/Azerbaiyan.jpg","twitter:label1":"Escrito por","twitter:data1":"Cand\u00e1s 365","twitter:label2":"Tiempo de lectura estimado","twitter:data2":"2 minutos"},"aioseo_meta_data":{"post_id":"167146","title":null,"description":"(EP) - El secretario del Consejo de Seguridad de Armenia, Armen Grigoryan, ha informado este martes de que Azerbaiy\u00e1n ha liberado a 17 prisioneros de guerra","keywords":[],"keyphrases":{"focus":{"keyphrase":"Azerbaiy\u00e1n","score":100,"analysis":{"keyphraseInTitle":{"title":"Focus keyphrase in SEO title","description":"Focus keyphrase found in SEO title.","score":9,"maxScore":9,"error":0},"keyphraseInDescription":{"title":"Focus keyphrase in meta description","description":"Focus keyphrase found in meta description.","score":9,"maxScore":9,"error":0},"keyphraseLength":{"title":"Focus keyphrase length","description":"Good job!","score":9,"maxScore":9,"error":0,"length":1},"keyphraseInURL":{"title":"Focus keyphrase in URL","description":"Focus keyphrase used in the URL.","score":5,"maxScore":5,"error":0},"keyphraseInIntroduction":{"title":"Focus keyphrase in introduction","description":"Your Focus keyphrase appears in the first paragraph. Well done!","score":9,"maxScore":9,"error":0},"keyphraseInSubHeadings":[],"keyphraseInImageAlt":{"title":"Focus keyphrase in image alt attributes","description":"Focus keyphrase found in image alt attribute(s).","score":9,"maxScore":9,"error":0}}},"additional":[{"keyphrase":"Armenia","score":83,"analysis":{"keyphraseInDescription":{"title":"Keyphrase in meta description","description":"Keyphrase found in meta description.","score":9,"maxScore":9,"error":0},"keyphraseLength":{"title":"Keyphrase length","description":"Good job!","score":9,"maxScore":9,"error":0,"length":1},"keyphraseInIntroduction":{"title":"Keyphrase in introduction","description":"Your Keyphrase appears in the first paragraph. Well done!","score":9,"maxScore":9,"error":0},"keyphraseInImageAlt":{"title":"Keyphrase in image alt attributes","description":"Keyphrase not found in image alt attribute(s). Add an image with your Keyphrase as alt text.","score":3,"maxScore":9,"error":1}}},{"keyphrase":"prisioneros de guerra","score":83,"analysis":{"keyphraseInDescription":{"title":"Keyphrase in meta description","description":"Keyphrase found in meta description.","score":9,"maxScore":9,"error":0},"keyphraseLength":{"title":"Keyphrase length","description":"Good job!","score":9,"maxScore":9,"error":0,"length":3},"keyphraseInIntroduction":{"title":"Keyphrase in introduction","description":"Your Keyphrase appears in the first paragraph. Well done!","score":9,"maxScore":9,"error":0},"keyphraseInImageAlt":{"title":"Keyphrase in image alt attributes","description":"Keyphrase not found in image alt attribute(s). Add an image with your Keyphrase as alt text.","score":3,"maxScore":9,"error":1}}}]},"primary_term":null,"canonical_url":null,"og_title":null,"og_description":null,"og_object_type":"default","og_image_type":"default","og_image_url":null,"og_image_width":null,"og_image_height":null,"og_image_custom_url":null,"og_image_custom_fields":null,"og_video":"","og_custom_url":null,"og_article_section":null,"og_article_tags":[],"twitter_use_og":false,"twitter_card":"default","twitter_image_type":"default","twitter_image_url":null,"twitter_image_custom_url":null,"twitter_image_custom_fields":null,"twitter_title":null,"twitter_description":null,"schema":{"blockGraphs":[],"customGraphs":[],"default":{"data":{"Article":[],"Course":[],"Dataset":[],"FAQPage":[],"Movie":[],"Person":[],"Product":[],"ProductReview":[],"Car":[],"Recipe":[],"Service":[],"SoftwareApplication":[],"WebPage":[]},"graphName":"Article","isEnabled":true},"graphs":[]},"schema_type":"default","schema_type_options":null,"pillar_content":false,"robots_default":true,"robots_noindex":false,"robots_noarchive":false,"robots_nosnippet":false,"robots_nofollow":false,"robots_noimageindex":false,"robots_noodp":false,"robots_notranslate":false,"robots_max_snippet":"-1","robots_max_videopreview":"-1","robots_max_imagepreview":"large","priority":null,"frequency":"default","location":null,"local_seo":null,"seo_analyzer_scan_date":"2025-09-01 13:23:42","breadcrumb_settings":null,"limit_modified_date":false,"reviewed_by":null,"open_ai":null,"ai":null,"created":"2022-10-06 15:16:42","updated":"2025-09-01 13:23:42"},"aioseo_breadcrumb":"<div class=\"aioseo-breadcrumbs\"><span class=\"aioseo-breadcrumb\">\n\t<a href=\"https:\/\/candas365.es\/noticias\" title=\"Home\">Home<\/a>\n<\/span><span class=\"aioseo-breadcrumb-separator\">&ndash;<\/span><span class=\"aioseo-breadcrumb\">\n\t<a href=\"https:\/\/candas365.es\/noticias\/category\/internacional\/\" title=\"Internacional\">Internacional<\/a>\n<\/span><span class=\"aioseo-breadcrumb-separator\">&ndash;<\/span><span class=\"aioseo-breadcrumb\">\n\tAzerbaiy\u00e1n libera a 17 prisioneros de guerra armenios\n<\/span><\/div>","aioseo_breadcrumb_json":[{"label":"Home","link":"https:\/\/candas365.es\/noticias"},{"label":"Internacional","link":"https:\/\/candas365.es\/noticias\/category\/internacional\/"},{"label":"Azerbaiy\u00e1n libera a 17 prisioneros de guerra armenios","link":"https:\/\/candas365.es\/noticias\/azerbaiyan-libera-a-17-prisioneros-de-guerra-armenios\/"}],"_links":{"self":[{"href":"https:\/\/candas365.es\/noticias\/wp-json\/wp\/v2\/posts\/167146","targetHints":{"allow":["GET"]}}],"collection":[{"href":"https:\/\/candas365.es\/noticias\/wp-json\/wp\/v2\/posts"}],"about":[{"href":"https:\/\/candas365.es\/noticias\/wp-json\/wp\/v2\/types\/post"}],"author":[{"embeddable":true,"href":"https:\/\/candas365.es\/noticias\/wp-json\/wp\/v2\/users\/1"}],"replies":[{"embeddable":true,"href":"https:\/\/candas365.es\/noticias\/wp-json\/wp\/v2\/comments?post=167146"}],"version-history":[{"count":0,"href":"https:\/\/candas365.es\/noticias\/wp-json\/wp\/v2\/posts\/167146\/revisions"}],"wp:featuredmedia":[{"embeddable":true,"href":"https:\/\/candas365.es\/noticias\/wp-json\/wp\/v2\/media\/167147"}],"wp:attachment":[{"href":"https:\/\/candas365.es\/noticias\/wp-json\/wp\/v2\/media?parent=167146"}],"wp:term":[{"taxonomy":"category","embeddable":true,"href":"https:\/\/candas365.es\/noticias\/wp-json\/wp\/v2\/categories?post=167146"},{"taxonomy":"post_tag","embeddable":true,"href":"https:\/\/candas365.es\/noticias\/wp-json\/wp\/v2\/tags?post=167146"}],"curies":[{"name":"wp","href":"https:\/\/api.w.org\/{rel}","templated":true}]}}