{"id":167141,"date":"2022-10-06T17:13:08","date_gmt":"2022-10-06T15:13:08","guid":{"rendered":"https:\/\/candas365.es\/noticias\/?p=167141"},"modified":"2022-10-06T17:13:08","modified_gmt":"2022-10-06T15:13:08","slug":"tension-y-misiles-en-aguas-en-del-pacifico","status":"publish","type":"post","link":"https:\/\/candas365.es\/noticias\/tension-y-misiles-en-aguas-en-del-pacifico\/","title":{"rendered":"Tensi\u00f3n y misiles en aguas en del Pac\u00edfico"},"content":{"rendered":"<p>(EP) &#8211; Las Fuerzas Armadas de Corea del Sur y Estados Unidos han lanzado conjuntamente cuatro misiles bal\u00edsticos en direcci\u00f3n al mar de Jap\u00f3n como respuesta al misil que Corea del Norte lanz\u00f3 el martes sobrevolando el territorio japon\u00e9s.<\/p>\n<figure id=\"attachment_167142\" aria-describedby=\"caption-attachment-167142\" style=\"width: 650px\" class=\"wp-caption aligncenter\"><img fetchpriority=\"high\" decoding=\"async\" class=\"wp-image-167142 size-large\" src=\"https:\/\/candas365.es\/noticias\/wp-content\/uploads\/2022\/10\/misiles-650x427.jpg\" alt=\"misiles\" width=\"650\" height=\"427\" srcset=\"https:\/\/candas365.es\/noticias\/wp-content\/uploads\/2022\/10\/misiles-650x427.jpg 650w, https:\/\/candas365.es\/noticias\/wp-content\/uploads\/2022\/10\/misiles-360x237.jpg 360w, https:\/\/candas365.es\/noticias\/wp-content\/uploads\/2022\/10\/misiles-768x505.jpg 768w, https:\/\/candas365.es\/noticias\/wp-content\/uploads\/2022\/10\/misiles-150x99.jpg 150w, https:\/\/candas365.es\/noticias\/wp-content\/uploads\/2022\/10\/misiles-450x296.jpg 450w, https:\/\/candas365.es\/noticias\/wp-content\/uploads\/2022\/10\/misiles.jpg 820w\" sizes=\"(max-width: 650px) 100vw, 650px\" \/><figcaption id=\"caption-attachment-167142\" class=\"wp-caption-text\">FOTO: LOCKHEED MARTIN \/ Europa Press<\/figcaption><\/figure>\n<p>Cada uno de los pa\u00edses ha lanzado dos misiles guiados del sistema ATACMS en aras de demostrar la capacidad de Washington y Se\u00fal y as\u00ed disuadir nuevas provocaciones, seg\u00fan ha detallado en declaraciones a la prensa el Estado Mayor Conjunto de Corea del Sur, tal y como ha recogido la agencia surcoreana Yonhap.<\/p>\n<p>\u00abCorea del Norte ha mantenido su estado de vigilancia en todo momento sin importar d\u00f3nde provoque, demostrando que tiene la capacidad y la disposici\u00f3n para neutralizar el origen de la provocaci\u00f3n\u00bb, ha justificado el Estado Mayor Conjunto surcoreano.<\/p>\n<p>El Ej\u00e9rcito de Corea del Norte ha lanzado esta madrugada un misil bal\u00edstico que ha ca\u00eddo en el oc\u00e9ano Pac\u00edfico, sobrevolando parte del territorio del pa\u00eds nip\u00f3n, un hecho que no ocurr\u00eda desde el a\u00f1o 2017.<\/p>\n<p>El Gobierno japon\u00e9s ha emitido un aviso sobre el lanzamiento del misil norcoreano a la poblaci\u00f3n de las prefecturas de Hokkaido y Aomori, en el norte del pa\u00eds, instando a los residentes en la regiones afectadas a cubrirse inmediatamente para ponerse a salvo.<\/p>\n","protected":false},"excerpt":{"rendered":"<p>(EP) &#8211; Las Fuerzas Armadas de Corea del Sur y Estados Unidos han lanzado conjuntamente cuatro misiles bal\u00edsticos en direcci\u00f3n al mar de Jap\u00f3n como respuesta al misil que Corea del Norte lanz\u00f3 el martes sobrevolando el territorio japon\u00e9s. Cada uno de los pa\u00edses ha lanzado dos misiles guiados del sistema ATACMS en aras de<\/p>\n","protected":false},"author":1,"featured_media":167142,"comment_status":"closed","ping_status":"closed","sticky":false,"template":"","format":"standard","meta":{"footnotes":""},"categories":[485],"tags":[464,418],"class_list":{"0":"post-167141","1":"post","2":"type-post","3":"status-publish","4":"format-standard","5":"has-post-thumbnail","7":"category-internacional","8":"tag-conflictos","9":"tag-internacional"},"aioseo_notices":[],"aioseo_head":"\n\t\t<!-- All in One SEO Pro 4.9.6.2 - aioseo.com -->\n\t<meta name=\"description\" content=\"(EP) - Las Fuerzas Armadas de Corea del Sur y Estados Unidos han lanzado conjuntamente cuatro misiles bal\u00edsticos en direcci\u00f3n al mar de Jap\u00f3n como respuesta\" \/>\n\t<meta name=\"robots\" content=\"max-image-preview:large\" \/>\n\t<meta name=\"author\" content=\"Cand\u00e1s 365\"\/>\n\t<meta name=\"google-site-verification\" content=\"UA-32230408-1\" \/>\n\t<meta name=\"msvalidate.01\" content=\"354F3CDFB2DA171B47FBE9ABF1F88D5\" \/>\n\t<meta name=\"keywords\" content=\"internacional\" \/>\n\t<link rel=\"canonical\" href=\"https:\/\/candas365.es\/noticias\/tension-y-misiles-en-aguas-en-del-pacifico\/\" \/>\n\t<meta name=\"generator\" content=\"All in One SEO Pro (AIOSEO) 4.9.6.2\" \/>\n\t\t<meta property=\"og:locale\" content=\"es_ES\" \/>\n\t\t<meta property=\"og:site_name\" content=\"Cand\u00e1s 365\" \/>\n\t\t<meta property=\"og:type\" content=\"article\" \/>\n\t\t<meta property=\"og:title\" content=\"Tensi\u00f3n y misiles en aguas en del Pac\u00edfico | Cand\u00e1s 365\" \/>\n\t\t<meta property=\"og:description\" content=\"(EP) - Las Fuerzas Armadas de Corea del Sur y Estados Unidos han lanzado conjuntamente cuatro misiles bal\u00edsticos en direcci\u00f3n al mar de Jap\u00f3n como respuesta\" \/>\n\t\t<meta property=\"og:url\" content=\"https:\/\/candas365.es\/noticias\/tension-y-misiles-en-aguas-en-del-pacifico\/\" \/>\n\t\t<meta property=\"og:image\" content=\"https:\/\/candas365.es\/noticias\/wp-content\/uploads\/2022\/10\/misiles.jpg\" \/>\n\t\t<meta property=\"og:image:secure_url\" content=\"https:\/\/candas365.es\/noticias\/wp-content\/uploads\/2022\/10\/misiles.jpg\" \/>\n\t\t<meta property=\"og:image:width\" content=\"820\" \/>\n\t\t<meta property=\"og:image:height\" content=\"539\" \/>\n\t\t<meta property=\"article:published_time\" content=\"2022-10-06T15:13:08+00:00\" \/>\n\t\t<meta property=\"article:modified_time\" content=\"2022-10-06T15:13:08+00:00\" \/>\n\t\t<meta property=\"article:publisher\" content=\"https:\/\/www.facebook.com\/Nachofdezber\" \/>\n\t\t<meta property=\"article:author\" content=\"https:\/\/www.facebook.com\/carrenoactualidad\" \/>\n\t\t<meta name=\"twitter:card\" content=\"summary_large_image\" \/>\n\t\t<meta name=\"twitter:site\" content=\"@NabercoDigital\" \/>\n\t\t<meta name=\"twitter:title\" content=\"Tensi\u00f3n y misiles en aguas en del Pac\u00edfico | Cand\u00e1s 365\" \/>\n\t\t<meta name=\"twitter:description\" content=\"(EP) - Las Fuerzas Armadas de Corea del Sur y Estados Unidos han lanzado conjuntamente cuatro misiles bal\u00edsticos en direcci\u00f3n al mar de Jap\u00f3n como respuesta\" \/>\n\t\t<meta name=\"twitter:creator\" content=\"@nbasturias\" \/>\n\t\t<meta name=\"twitter:image\" content=\"https:\/\/candas365.es\/noticias\/wp-content\/uploads\/2022\/10\/misiles.jpg\" \/>\n\t\t<meta name=\"twitter:label1\" content=\"Escrito por\" \/>\n\t\t<meta name=\"twitter:data1\" content=\"Cand\u00e1s 365\" \/>\n\t\t<meta name=\"twitter:label2\" content=\"Tiempo de lectura estimado\" \/>\n\t\t<meta name=\"twitter:data2\" content=\"1 minuto\" \/>\n\t\t<script type=\"application\/ld+json\" class=\"aioseo-schema\">\n\t\t\t{\"@context\":\"https:\\\/\\\/schema.org\",\"@graph\":[{\"@type\":\"BreadcrumbList\",\"@id\":\"https:\\\/\\\/candas365.es\\\/noticias\\\/tension-y-misiles-en-aguas-en-del-pacifico\\\/#breadcrumblist\",\"itemListElement\":[{\"@type\":\"ListItem\",\"@id\":\"https:\\\/\\\/candas365.es\\\/noticias#listItem\",\"position\":1,\"name\":\"Home\",\"item\":\"https:\\\/\\\/candas365.es\\\/noticias\",\"nextItem\":{\"@type\":\"ListItem\",\"@id\":\"https:\\\/\\\/candas365.es\\\/noticias\\\/category\\\/internacional\\\/#listItem\",\"name\":\"Internacional\"}},{\"@type\":\"ListItem\",\"@id\":\"https:\\\/\\\/candas365.es\\\/noticias\\\/category\\\/internacional\\\/#listItem\",\"position\":2,\"name\":\"Internacional\",\"item\":\"https:\\\/\\\/candas365.es\\\/noticias\\\/category\\\/internacional\\\/\",\"nextItem\":{\"@type\":\"ListItem\",\"@id\":\"https:\\\/\\\/candas365.es\\\/noticias\\\/tension-y-misiles-en-aguas-en-del-pacifico\\\/#listItem\",\"name\":\"Tensi\\u00f3n y misiles en aguas en del Pac\\u00edfico\"},\"previousItem\":{\"@type\":\"ListItem\",\"@id\":\"https:\\\/\\\/candas365.es\\\/noticias#listItem\",\"name\":\"Home\"}},{\"@type\":\"ListItem\",\"@id\":\"https:\\\/\\\/candas365.es\\\/noticias\\\/tension-y-misiles-en-aguas-en-del-pacifico\\\/#listItem\",\"position\":3,\"name\":\"Tensi\\u00f3n y misiles en aguas en del Pac\\u00edfico\",\"previousItem\":{\"@type\":\"ListItem\",\"@id\":\"https:\\\/\\\/candas365.es\\\/noticias\\\/category\\\/internacional\\\/#listItem\",\"name\":\"Internacional\"}}]},{\"@type\":\"NewsArticle\",\"@id\":\"https:\\\/\\\/candas365.es\\\/noticias\\\/tension-y-misiles-en-aguas-en-del-pacifico\\\/#newsarticle\",\"name\":\"Tensi\\u00f3n y misiles en aguas en del Pac\\u00edfico | Cand\\u00e1s 365\",\"headline\":\"Tensi\\u00f3n y misiles en aguas en del Pac\\u00edfico\",\"author\":{\"@id\":\"https:\\\/\\\/candas365.es\\\/noticias\\\/author\\\/admin\\\/#author\"},\"publisher\":{\"@id\":\"https:\\\/\\\/candas365.es\\\/noticias\\\/#organization\"},\"image\":{\"@type\":\"ImageObject\",\"url\":\"https:\\\/\\\/candas365.es\\\/noticias\\\/wp-content\\\/uploads\\\/2022\\\/10\\\/misiles.jpg\",\"width\":820,\"height\":539,\"caption\":\"FOTO: LOCKHEED MARTIN \\\/ Europa Press\"},\"datePublished\":\"2022-10-06T17:13:08+02:00\",\"dateModified\":\"2022-10-06T17:13:08+02:00\",\"inLanguage\":\"es-ES\",\"mainEntityOfPage\":{\"@id\":\"https:\\\/\\\/candas365.es\\\/noticias\\\/tension-y-misiles-en-aguas-en-del-pacifico\\\/#webpage\"},\"isPartOf\":{\"@id\":\"https:\\\/\\\/candas365.es\\\/noticias\\\/tension-y-misiles-en-aguas-en-del-pacifico\\\/#webpage\"},\"articleSection\":\"Internacional, conflictos, Internacional\",\"dateline\":\"Publicado el octubre 6, 2022.\"},{\"@type\":\"Organization\",\"@id\":\"https:\\\/\\\/candas365.es\\\/noticias\\\/#organization\",\"name\":\"Cand\\u00e1s 365\",\"description\":\"Cand\\u00e1s 365 es un diario digital independiente, fundado en 2012, con base en Asturias. Informamos con rigor sobre actualidad, sociedad, cultura y ocio, con una mirada local y global.\",\"url\":\"https:\\\/\\\/candas365.es\\\/noticias\\\/\",\"email\":\"info@candas365.es\",\"telephone\":\"+34652131393\",\"foundingDate\":\"2012-06-10\",\"logo\":{\"@type\":\"ImageObject\",\"url\":\"https:\\\/\\\/candas365.es\\\/noticias\\\/wp-content\\\/uploads\\\/2024\\\/09\\\/Candas-365-Redes.jpg\",\"@id\":\"https:\\\/\\\/candas365.es\\\/noticias\\\/tension-y-misiles-en-aguas-en-del-pacifico\\\/#organizationLogo\",\"width\":1152,\"height\":864,\"caption\":\"Cand\\u00e1s 365 Redes\"},\"image\":{\"@id\":\"https:\\\/\\\/candas365.es\\\/noticias\\\/tension-y-misiles-en-aguas-en-del-pacifico\\\/#organizationLogo\"},\"sameAs\":[\"https:\\\/\\\/www.facebook.com\\\/Nachofdezber\",\"https:\\\/\\\/x.com\\\/NabercoDigital\",\"https:\\\/\\\/www.instagram.com\\\/nachofdezber\\\/\",\"https:\\\/\\\/www.youtube.com\\\/channel\\\/UCZP-2wLEB9Rv6erhFmqVnvg\"],\"address\":{\"@id\":\"https:\\\/\\\/candas365.es\\\/noticias\\\/#postaladdress\",\"@type\":\"PostalAddress\",\"streetAddress\":\"san antonio 4, san antonio 4\",\"postalCode\":\"33430\",\"addressLocality\":\"Cand\\u00e1s\",\"addressRegion\":\"Asturias\",\"addressCountry\":\"ES\"}},{\"@type\":\"Person\",\"@id\":\"https:\\\/\\\/candas365.es\\\/noticias\\\/author\\\/admin\\\/#author\",\"url\":\"https:\\\/\\\/candas365.es\\\/noticias\\\/author\\\/admin\\\/\",\"name\":\"Cand\\u00e1s 365\",\"image\":{\"@type\":\"ImageObject\",\"@id\":\"https:\\\/\\\/candas365.es\\\/noticias\\\/tension-y-misiles-en-aguas-en-del-pacifico\\\/#authorImage\",\"url\":\"https:\\\/\\\/secure.gravatar.com\\\/avatar\\\/496a8e03d0c493ede1718b7934145dbdf8d89be1036b0eec9544e1094c9de390?s=96&d=mm&r=g\",\"width\":96,\"height\":96,\"caption\":\"Cand\\u00e1s 365\"},\"sameAs\":[\"https:\\\/\\\/www.facebook.com\\\/carrenoactualidad\",\"https:\\\/\\\/twitter.com\\\/nbasturias\",\"https:\\\/\\\/www.instagram.com\\\/nachofdezber\\\/\",\"https:\\\/\\\/www.youtube.com\\\/channel\\\/UCZP-2wLEB9Rv6erhFmqVnvg\"]},{\"@type\":\"WebPage\",\"@id\":\"https:\\\/\\\/candas365.es\\\/noticias\\\/tension-y-misiles-en-aguas-en-del-pacifico\\\/#webpage\",\"url\":\"https:\\\/\\\/candas365.es\\\/noticias\\\/tension-y-misiles-en-aguas-en-del-pacifico\\\/\",\"name\":\"Tensi\\u00f3n y misiles en aguas en del Pac\\u00edfico | Cand\\u00e1s 365\",\"description\":\"(EP) - Las Fuerzas Armadas de Corea del Sur y Estados Unidos han lanzado conjuntamente cuatro misiles bal\\u00edsticos en direcci\\u00f3n al mar de Jap\\u00f3n como respuesta\",\"inLanguage\":\"es-ES\",\"isPartOf\":{\"@id\":\"https:\\\/\\\/candas365.es\\\/noticias\\\/#website\"},\"breadcrumb\":{\"@id\":\"https:\\\/\\\/candas365.es\\\/noticias\\\/tension-y-misiles-en-aguas-en-del-pacifico\\\/#breadcrumblist\"},\"author\":{\"@id\":\"https:\\\/\\\/candas365.es\\\/noticias\\\/author\\\/admin\\\/#author\"},\"creator\":{\"@id\":\"https:\\\/\\\/candas365.es\\\/noticias\\\/author\\\/admin\\\/#author\"},\"image\":{\"@type\":\"ImageObject\",\"url\":\"https:\\\/\\\/candas365.es\\\/noticias\\\/wp-content\\\/uploads\\\/2022\\\/10\\\/misiles.jpg\",\"@id\":\"https:\\\/\\\/candas365.es\\\/noticias\\\/tension-y-misiles-en-aguas-en-del-pacifico\\\/#mainImage\",\"width\":820,\"height\":539,\"caption\":\"FOTO: LOCKHEED MARTIN \\\/ Europa Press\"},\"primaryImageOfPage\":{\"@id\":\"https:\\\/\\\/candas365.es\\\/noticias\\\/tension-y-misiles-en-aguas-en-del-pacifico\\\/#mainImage\"},\"datePublished\":\"2022-10-06T17:13:08+02:00\",\"dateModified\":\"2022-10-06T17:13:08+02:00\"},{\"@type\":\"WebSite\",\"@id\":\"https:\\\/\\\/candas365.es\\\/noticias\\\/#website\",\"url\":\"https:\\\/\\\/candas365.es\\\/noticias\\\/\",\"name\":\"Cand\\u00e1s 365\",\"alternateName\":\"Cand\\u00e1s 365 Noticias\",\"description\":\"Actualidad desde Carre\\u00f1o para el mundo\",\"inLanguage\":\"es-ES\",\"publisher\":{\"@id\":\"https:\\\/\\\/candas365.es\\\/noticias\\\/#organization\"}}]}\n\t\t<\/script>\n\t\t<!-- All in One SEO Pro -->\r\n\t\t<title>Tensi\u00f3n y misiles en aguas en del Pac\u00edfico | Cand\u00e1s 365<\/title>\n\n","aioseo_head_json":{"title":"Tensi\u00f3n y misiles en aguas en del Pac\u00edfico | Cand\u00e1s 365","description":"(EP) - Las Fuerzas Armadas de Corea del Sur y Estados Unidos han lanzado conjuntamente cuatro misiles bal\u00edsticos en direcci\u00f3n al mar de Jap\u00f3n como respuesta","canonical_url":"https:\/\/candas365.es\/noticias\/tension-y-misiles-en-aguas-en-del-pacifico\/","robots":"max-image-preview:large","keywords":"internacional","webmasterTools":{"google-site-verification":"UA-32230408-1","msvalidate.01":"354F3CDFB2DA171B47FBE9ABF1F88D5","miscellaneous":""},"schema":{"@context":"https:\/\/schema.org","@graph":[{"@type":"BreadcrumbList","@id":"https:\/\/candas365.es\/noticias\/tension-y-misiles-en-aguas-en-del-pacifico\/#breadcrumblist","itemListElement":[{"@type":"ListItem","@id":"https:\/\/candas365.es\/noticias#listItem","position":1,"name":"Home","item":"https:\/\/candas365.es\/noticias","nextItem":{"@type":"ListItem","@id":"https:\/\/candas365.es\/noticias\/category\/internacional\/#listItem","name":"Internacional"}},{"@type":"ListItem","@id":"https:\/\/candas365.es\/noticias\/category\/internacional\/#listItem","position":2,"name":"Internacional","item":"https:\/\/candas365.es\/noticias\/category\/internacional\/","nextItem":{"@type":"ListItem","@id":"https:\/\/candas365.es\/noticias\/tension-y-misiles-en-aguas-en-del-pacifico\/#listItem","name":"Tensi\u00f3n y misiles en aguas en del Pac\u00edfico"},"previousItem":{"@type":"ListItem","@id":"https:\/\/candas365.es\/noticias#listItem","name":"Home"}},{"@type":"ListItem","@id":"https:\/\/candas365.es\/noticias\/tension-y-misiles-en-aguas-en-del-pacifico\/#listItem","position":3,"name":"Tensi\u00f3n y misiles en aguas en del Pac\u00edfico","previousItem":{"@type":"ListItem","@id":"https:\/\/candas365.es\/noticias\/category\/internacional\/#listItem","name":"Internacional"}}]},{"@type":"NewsArticle","@id":"https:\/\/candas365.es\/noticias\/tension-y-misiles-en-aguas-en-del-pacifico\/#newsarticle","name":"Tensi\u00f3n y misiles en aguas en del Pac\u00edfico | Cand\u00e1s 365","headline":"Tensi\u00f3n y misiles en aguas en del Pac\u00edfico","author":{"@id":"https:\/\/candas365.es\/noticias\/author\/admin\/#author"},"publisher":{"@id":"https:\/\/candas365.es\/noticias\/#organization"},"image":{"@type":"ImageObject","url":"https:\/\/candas365.es\/noticias\/wp-content\/uploads\/2022\/10\/misiles.jpg","width":820,"height":539,"caption":"FOTO: LOCKHEED MARTIN \/ Europa Press"},"datePublished":"2022-10-06T17:13:08+02:00","dateModified":"2022-10-06T17:13:08+02:00","inLanguage":"es-ES","mainEntityOfPage":{"@id":"https:\/\/candas365.es\/noticias\/tension-y-misiles-en-aguas-en-del-pacifico\/#webpage"},"isPartOf":{"@id":"https:\/\/candas365.es\/noticias\/tension-y-misiles-en-aguas-en-del-pacifico\/#webpage"},"articleSection":"Internacional, conflictos, Internacional","dateline":"Publicado el octubre 6, 2022."},{"@type":"Organization","@id":"https:\/\/candas365.es\/noticias\/#organization","name":"Cand\u00e1s 365","description":"Cand\u00e1s 365 es un diario digital independiente, fundado en 2012, con base en Asturias. Informamos con rigor sobre actualidad, sociedad, cultura y ocio, con una mirada local y global.","url":"https:\/\/candas365.es\/noticias\/","email":"info@candas365.es","telephone":"+34652131393","foundingDate":"2012-06-10","logo":{"@type":"ImageObject","url":"https:\/\/candas365.es\/noticias\/wp-content\/uploads\/2024\/09\/Candas-365-Redes.jpg","@id":"https:\/\/candas365.es\/noticias\/tension-y-misiles-en-aguas-en-del-pacifico\/#organizationLogo","width":1152,"height":864,"caption":"Cand\u00e1s 365 Redes"},"image":{"@id":"https:\/\/candas365.es\/noticias\/tension-y-misiles-en-aguas-en-del-pacifico\/#organizationLogo"},"sameAs":["https:\/\/www.facebook.com\/Nachofdezber","https:\/\/x.com\/NabercoDigital","https:\/\/www.instagram.com\/nachofdezber\/","https:\/\/www.youtube.com\/channel\/UCZP-2wLEB9Rv6erhFmqVnvg"],"address":{"@id":"https:\/\/candas365.es\/noticias\/#postaladdress","@type":"PostalAddress","streetAddress":"san antonio 4, san antonio 4","postalCode":"33430","addressLocality":"Cand\u00e1s","addressRegion":"Asturias","addressCountry":"ES"}},{"@type":"Person","@id":"https:\/\/candas365.es\/noticias\/author\/admin\/#author","url":"https:\/\/candas365.es\/noticias\/author\/admin\/","name":"Cand\u00e1s 365","image":{"@type":"ImageObject","@id":"https:\/\/candas365.es\/noticias\/tension-y-misiles-en-aguas-en-del-pacifico\/#authorImage","url":"https:\/\/secure.gravatar.com\/avatar\/496a8e03d0c493ede1718b7934145dbdf8d89be1036b0eec9544e1094c9de390?s=96&d=mm&r=g","width":96,"height":96,"caption":"Cand\u00e1s 365"},"sameAs":["https:\/\/www.facebook.com\/carrenoactualidad","https:\/\/twitter.com\/nbasturias","https:\/\/www.instagram.com\/nachofdezber\/","https:\/\/www.youtube.com\/channel\/UCZP-2wLEB9Rv6erhFmqVnvg"]},{"@type":"WebPage","@id":"https:\/\/candas365.es\/noticias\/tension-y-misiles-en-aguas-en-del-pacifico\/#webpage","url":"https:\/\/candas365.es\/noticias\/tension-y-misiles-en-aguas-en-del-pacifico\/","name":"Tensi\u00f3n y misiles en aguas en del Pac\u00edfico | Cand\u00e1s 365","description":"(EP) - Las Fuerzas Armadas de Corea del Sur y Estados Unidos han lanzado conjuntamente cuatro misiles bal\u00edsticos en direcci\u00f3n al mar de Jap\u00f3n como respuesta","inLanguage":"es-ES","isPartOf":{"@id":"https:\/\/candas365.es\/noticias\/#website"},"breadcrumb":{"@id":"https:\/\/candas365.es\/noticias\/tension-y-misiles-en-aguas-en-del-pacifico\/#breadcrumblist"},"author":{"@id":"https:\/\/candas365.es\/noticias\/author\/admin\/#author"},"creator":{"@id":"https:\/\/candas365.es\/noticias\/author\/admin\/#author"},"image":{"@type":"ImageObject","url":"https:\/\/candas365.es\/noticias\/wp-content\/uploads\/2022\/10\/misiles.jpg","@id":"https:\/\/candas365.es\/noticias\/tension-y-misiles-en-aguas-en-del-pacifico\/#mainImage","width":820,"height":539,"caption":"FOTO: LOCKHEED MARTIN \/ Europa Press"},"primaryImageOfPage":{"@id":"https:\/\/candas365.es\/noticias\/tension-y-misiles-en-aguas-en-del-pacifico\/#mainImage"},"datePublished":"2022-10-06T17:13:08+02:00","dateModified":"2022-10-06T17:13:08+02:00"},{"@type":"WebSite","@id":"https:\/\/candas365.es\/noticias\/#website","url":"https:\/\/candas365.es\/noticias\/","name":"Cand\u00e1s 365","alternateName":"Cand\u00e1s 365 Noticias","description":"Actualidad desde Carre\u00f1o para el mundo","inLanguage":"es-ES","publisher":{"@id":"https:\/\/candas365.es\/noticias\/#organization"}}]},"og:locale":"es_ES","og:site_name":"Cand\u00e1s 365","og:type":"article","og:title":"Tensi\u00f3n y misiles en aguas en del Pac\u00edfico | Cand\u00e1s 365","og:description":"(EP) - Las Fuerzas Armadas de Corea del Sur y Estados Unidos han lanzado conjuntamente cuatro misiles bal\u00edsticos en direcci\u00f3n al mar de Jap\u00f3n como respuesta","og:url":"https:\/\/candas365.es\/noticias\/tension-y-misiles-en-aguas-en-del-pacifico\/","og:image":"https:\/\/candas365.es\/noticias\/wp-content\/uploads\/2022\/10\/misiles.jpg","og:image:secure_url":"https:\/\/candas365.es\/noticias\/wp-content\/uploads\/2022\/10\/misiles.jpg","og:image:width":820,"og:image:height":539,"article:published_time":"2022-10-06T15:13:08+00:00","article:modified_time":"2022-10-06T15:13:08+00:00","article:publisher":"https:\/\/www.facebook.com\/Nachofdezber","article:author":"https:\/\/www.facebook.com\/carrenoactualidad","twitter:card":"summary_large_image","twitter:site":"@NabercoDigital","twitter:title":"Tensi\u00f3n y misiles en aguas en del Pac\u00edfico | Cand\u00e1s 365","twitter:description":"(EP) - Las Fuerzas Armadas de Corea del Sur y Estados Unidos han lanzado conjuntamente cuatro misiles bal\u00edsticos en direcci\u00f3n al mar de Jap\u00f3n como respuesta","twitter:creator":"@nbasturias","twitter:image":"https:\/\/candas365.es\/noticias\/wp-content\/uploads\/2022\/10\/misiles.jpg","twitter:label1":"Escrito por","twitter:data1":"Cand\u00e1s 365","twitter:label2":"Tiempo de lectura estimado","twitter:data2":"1 minuto"},"aioseo_meta_data":{"post_id":"167141","title":null,"description":"(EP) - Las Fuerzas Armadas de Corea del Sur y Estados Unidos han lanzado conjuntamente cuatro misiles bal\u00edsticos en direcci\u00f3n al mar de Jap\u00f3n como respuesta","keywords":[],"keyphrases":{"focus":{"keyphrase":"misiles","score":92,"analysis":{"keyphraseInTitle":{"title":"Focus keyphrase in SEO title","description":"Focus keyphrase found in SEO title.","score":9,"maxScore":9,"error":0},"keyphraseInDescription":{"title":"Focus keyphrase in meta description","description":"Focus keyphrase found in meta description.","score":9,"maxScore":9,"error":0},"keyphraseLength":{"title":"Focus keyphrase length","description":"Good job!","score":9,"maxScore":9,"error":0,"length":1},"keyphraseInURL":{"title":"Focus keyphrase in URL","description":"Focus keyphrase not found in the URL.","score":1,"maxScore":5,"error":1},"keyphraseInIntroduction":{"title":"Focus keyphrase in introduction","description":"Your Focus keyphrase appears in the first paragraph. Well done!","score":9,"maxScore":9,"error":0},"keyphraseInSubHeadings":[],"keyphraseInImageAlt":{"title":"Focus keyphrase in image alt attributes","description":"Focus keyphrase found in image alt attribute(s).","score":9,"maxScore":9,"error":0}}},"additional":[{"keyphrase":"Jap\u00f3n","score":83,"analysis":{"keyphraseInDescription":{"title":"Keyphrase in meta description","description":"Keyphrase found in meta description.","score":9,"maxScore":9,"error":0},"keyphraseLength":{"title":"Keyphrase length","description":"Good job!","score":9,"maxScore":9,"error":0,"length":1},"keyphraseInIntroduction":{"title":"Keyphrase in introduction","description":"Your Keyphrase appears in the first paragraph. Well done!","score":9,"maxScore":9,"error":0},"keyphraseInImageAlt":{"title":"Keyphrase in image alt attributes","description":"Keyphrase not found in image alt attribute(s). Add an image with your Keyphrase as alt text.","score":3,"maxScore":9,"error":1}}},{"keyphrase":" Corea del Sur","score":100,"analysis":{"keyphraseInDescription":{"title":"Keyphrase in meta description","description":"Keyphrase found in meta description.","score":9,"maxScore":9,"error":0},"keyphraseLength":{"title":"Keyphrase length","description":"Good job!","score":9,"maxScore":9,"error":0,"length":3},"keyphraseInIntroduction":{"title":"Keyphrase in introduction","description":"Your Keyphrase appears in the first paragraph. Well done!","score":9,"maxScore":9,"error":0},"keyphraseInImageAlt":{"title":"Keyphrase in image alt attributes","description":"Keyphrase found in image alt attribute(s).","score":9,"maxScore":9,"error":0}}},{"keyphrase":"Estados Unidos","score":83,"analysis":{"keyphraseInDescription":{"title":"Keyphrase in meta description","description":"Keyphrase found in meta description.","score":9,"maxScore":9,"error":0},"keyphraseLength":{"title":"Keyphrase length","description":"Good job!","score":9,"maxScore":9,"error":0,"length":2},"keyphraseInIntroduction":{"title":"Keyphrase in introduction","description":"Your Keyphrase appears in the first paragraph. Well done!","score":9,"maxScore":9,"error":0},"keyphraseInImageAlt":{"title":"Keyphrase in image alt attributes","description":"Keyphrase not found in image alt attribute(s). Add an image with your Keyphrase as alt text.","score":3,"maxScore":9,"error":1}}}]},"primary_term":null,"canonical_url":null,"og_title":null,"og_description":null,"og_object_type":"default","og_image_type":"default","og_image_url":null,"og_image_width":null,"og_image_height":null,"og_image_custom_url":null,"og_image_custom_fields":null,"og_video":"","og_custom_url":null,"og_article_section":null,"og_article_tags":[],"twitter_use_og":false,"twitter_card":"default","twitter_image_type":"default","twitter_image_url":null,"twitter_image_custom_url":null,"twitter_image_custom_fields":null,"twitter_title":null,"twitter_description":null,"schema":{"blockGraphs":[],"customGraphs":[],"default":{"data":{"Article":[],"Course":[],"Dataset":[],"FAQPage":[],"Movie":[],"Person":[],"Product":[],"ProductReview":[],"Car":[],"Recipe":[],"Service":[],"SoftwareApplication":[],"WebPage":[]},"graphName":"Article","isEnabled":true},"graphs":[]},"schema_type":"default","schema_type_options":null,"pillar_content":false,"robots_default":true,"robots_noindex":false,"robots_noarchive":false,"robots_nosnippet":false,"robots_nofollow":false,"robots_noimageindex":false,"robots_noodp":false,"robots_notranslate":false,"robots_max_snippet":"-1","robots_max_videopreview":"-1","robots_max_imagepreview":"large","priority":null,"frequency":"default","location":null,"local_seo":null,"seo_analyzer_scan_date":"2025-09-01 13:22:12","breadcrumb_settings":null,"limit_modified_date":false,"reviewed_by":null,"open_ai":null,"ai":null,"created":"2022-10-06 15:06:29","updated":"2025-09-01 13:22:12"},"aioseo_breadcrumb":"<div class=\"aioseo-breadcrumbs\"><span class=\"aioseo-breadcrumb\">\n\t<a href=\"https:\/\/candas365.es\/noticias\" title=\"Home\">Home<\/a>\n<\/span><span class=\"aioseo-breadcrumb-separator\">&ndash;<\/span><span class=\"aioseo-breadcrumb\">\n\t<a href=\"https:\/\/candas365.es\/noticias\/category\/internacional\/\" title=\"Internacional\">Internacional<\/a>\n<\/span><span class=\"aioseo-breadcrumb-separator\">&ndash;<\/span><span class=\"aioseo-breadcrumb\">\n\tTensi\u00f3n y misiles en aguas en del Pac\u00edfico\n<\/span><\/div>","aioseo_breadcrumb_json":[{"label":"Home","link":"https:\/\/candas365.es\/noticias"},{"label":"Internacional","link":"https:\/\/candas365.es\/noticias\/category\/internacional\/"},{"label":"Tensi\u00f3n y misiles en aguas en del Pac\u00edfico","link":"https:\/\/candas365.es\/noticias\/tension-y-misiles-en-aguas-en-del-pacifico\/"}],"_links":{"self":[{"href":"https:\/\/candas365.es\/noticias\/wp-json\/wp\/v2\/posts\/167141","targetHints":{"allow":["GET"]}}],"collection":[{"href":"https:\/\/candas365.es\/noticias\/wp-json\/wp\/v2\/posts"}],"about":[{"href":"https:\/\/candas365.es\/noticias\/wp-json\/wp\/v2\/types\/post"}],"author":[{"embeddable":true,"href":"https:\/\/candas365.es\/noticias\/wp-json\/wp\/v2\/users\/1"}],"replies":[{"embeddable":true,"href":"https:\/\/candas365.es\/noticias\/wp-json\/wp\/v2\/comments?post=167141"}],"version-history":[{"count":0,"href":"https:\/\/candas365.es\/noticias\/wp-json\/wp\/v2\/posts\/167141\/revisions"}],"wp:featuredmedia":[{"embeddable":true,"href":"https:\/\/candas365.es\/noticias\/wp-json\/wp\/v2\/media\/167142"}],"wp:attachment":[{"href":"https:\/\/candas365.es\/noticias\/wp-json\/wp\/v2\/media?parent=167141"}],"wp:term":[{"taxonomy":"category","embeddable":true,"href":"https:\/\/candas365.es\/noticias\/wp-json\/wp\/v2\/categories?post=167141"},{"taxonomy":"post_tag","embeddable":true,"href":"https:\/\/candas365.es\/noticias\/wp-json\/wp\/v2\/tags?post=167141"}],"curies":[{"name":"wp","href":"https:\/\/api.w.org\/{rel}","templated":true}]}}