{"id":167131,"date":"2022-10-06T16:53:05","date_gmt":"2022-10-06T14:53:05","guid":{"rendered":"https:\/\/candas365.es\/noticias\/?p=167131"},"modified":"2022-10-06T16:53:05","modified_gmt":"2022-10-06T14:53:05","slug":"eln-y-gobierno-de-colombia-retoman-las-conversaciones-de-paz","status":"publish","type":"post","link":"https:\/\/candas365.es\/noticias\/eln-y-gobierno-de-colombia-retoman-las-conversaciones-de-paz\/","title":{"rendered":"ELN y Gobierno de Colombia retoman las conversaciones de paz"},"content":{"rendered":"<p>(EP) &#8211; La guerrilla del Ej\u00e9rcito de Liberaci\u00f3n Nacional (ELN) y el Gobierno de Colombia han confirmado este martes desde la capital de Venezuela, Caracas, el reinicio de las conversaciones de paz, abandonadas desde 2019.<\/p>\n<p>Delegados de ambas partes han convocado una rueda de prensa en Caracas, desde donde, acompa\u00f1ados por representantes de la Iglesia Cat\u00f3lica, as\u00ed como de Cuba y Noruega, ambos pa\u00edses garantes, han confirmado el reinicio de las conversaciones.<\/p>\n<p>M\u00e1s tarde, el presidente colombiano, Gustavo Petro, ha compartido en sus redes sociales un comunicado conjunto en el que tanto Gobierno como ELN confirman el retorno a la senda de los acuerdos y avances logrados a ra\u00edz de las conversaciones de 2016.<\/p>\n<p>\u00abAnunciar el restablecimiento del proceso de di\u00e1logos despu\u00e9s de la primera semana del mes de noviembre de 2022\u00bb, a\u00f1ade el escrito, en el que tambi\u00e9n se recoge que la participaci\u00f3n de la sociedad en las conversaciones de paz es \u00abesencial\u00bb.<\/p>\n<p>El Alto Comisionado para la Paz de Colombia, Iv\u00e1n Danilo Rueda; el primer comandante del ELN, Antonio Garc\u00eda, y el segundo comandante de la guerrilla, Pablo Beltr\u00e1n, firman el comunicado en el que tambi\u00e9n se agradece el papel de los pa\u00edses garantes, la Iglesia Cat\u00f3lica y de la Misi\u00f3n de Verificaci\u00f3n de Naciones Unidas.<\/p>\n<p>Ya el lunes la delegaci\u00f3n del ELN negociadora de la paz se traslad\u00f3 desde Cuba hasta Venezuela para iniciar las conversaciones con representantes del Estado colombiano despu\u00e9s de que el Ejecutivo renunciase a las exigencias de extradici\u00f3n de algunos l\u00edderes guerrilleros.<\/p>\n<p>\u00abSe elimina naturalmente el pedido extradici\u00f3n. Hablar con una persona, buscando la paz y al tiempo estar solicitando su extradici\u00f3n, ser\u00eda contrasentido, m\u00e1s bien ser\u00eda una especie de declaratoria de guerra eterna, nosotros estamos comprometidos con la paz total\u00bb, explic\u00f3 el ministro de Exteriores colombiano, \u00c1lvaro Leyva.<\/p>\n<p>De este modo, la guerrilla y el Gobierno de Colombia retoman la senda del di\u00e1logo para alcanzar la paz, estancado desde 2018 con la llegada de Iv\u00e1n Duque a la Presidencia colombiana y finalmente abandonados definitivamente tras un atentado del ELN contra una escuela de Polic\u00eda en Bogot\u00e1 en 2019 que se sald\u00f3 con 23 muertos y casi cien heridos.<\/p>\n<p>Ahora, el nuevo presidente, Gustavo Petro, ha incidido en repetidas ocasiones en la necesidad de acordar el fin de los enfrentamientos e incluso se ha mostrado a favor de alcanzar un pacto de \u00abpaz total\u00bb con todos los agentes armados de Colombia.<\/p>\n","protected":false},"excerpt":{"rendered":"<p>(EP) &#8211; La guerrilla del Ej\u00e9rcito de Liberaci\u00f3n Nacional (ELN) y el Gobierno de Colombia han confirmado este martes desde la capital de Venezuela, Caracas, el reinicio de las conversaciones de paz, abandonadas desde 2019. Delegados de ambas partes han convocado una rueda de prensa en Caracas, desde donde, acompa\u00f1ados por representantes de la Iglesia<\/p>\n","protected":false},"author":1,"featured_media":160061,"comment_status":"closed","ping_status":"closed","sticky":false,"template":"","format":"standard","meta":{"footnotes":""},"categories":[485],"tags":[464,418],"class_list":{"0":"post-167131","1":"post","2":"type-post","3":"status-publish","4":"format-standard","5":"has-post-thumbnail","7":"category-internacional","8":"tag-conflictos","9":"tag-internacional"},"aioseo_notices":[],"aioseo_head":"\n\t\t<!-- All in One SEO Pro 4.9.6.2 - aioseo.com -->\n\t<meta name=\"description\" content=\"(EP) - La guerrilla del Ej\u00e9rcito de Liberaci\u00f3n Nacional (ELN) y el Gobierno de Colombia han confirmado este martes desde la capital de Venezuela\" \/>\n\t<meta name=\"robots\" content=\"max-image-preview:large\" \/>\n\t<meta name=\"author\" content=\"Cand\u00e1s 365\"\/>\n\t<meta name=\"google-site-verification\" content=\"UA-32230408-1\" \/>\n\t<meta name=\"msvalidate.01\" content=\"354F3CDFB2DA171B47FBE9ABF1F88D5\" \/>\n\t<meta name=\"keywords\" content=\"internacional\" \/>\n\t<link rel=\"canonical\" href=\"https:\/\/candas365.es\/noticias\/eln-y-gobierno-de-colombia-retoman-las-conversaciones-de-paz\/\" \/>\n\t<meta name=\"generator\" content=\"All in One SEO Pro (AIOSEO) 4.9.6.2\" \/>\n\t\t<meta property=\"og:locale\" content=\"es_ES\" \/>\n\t\t<meta property=\"og:site_name\" content=\"Cand\u00e1s 365\" \/>\n\t\t<meta property=\"og:type\" content=\"article\" \/>\n\t\t<meta property=\"og:title\" content=\"ELN y Gobierno de Colombia retoman las conversaciones de paz | Cand\u00e1s 365\" \/>\n\t\t<meta property=\"og:description\" content=\"(EP) - La guerrilla del Ej\u00e9rcito de Liberaci\u00f3n Nacional (ELN) y el Gobierno de Colombia han confirmado este martes desde la capital de Venezuela\" \/>\n\t\t<meta property=\"og:url\" content=\"https:\/\/candas365.es\/noticias\/eln-y-gobierno-de-colombia-retoman-las-conversaciones-de-paz\/\" \/>\n\t\t<meta property=\"og:image\" content=\"https:\/\/candas365.es\/noticias\/wp-content\/uploads\/2022\/01\/urgente.jpg\" \/>\n\t\t<meta property=\"og:image:secure_url\" content=\"https:\/\/candas365.es\/noticias\/wp-content\/uploads\/2022\/01\/urgente.jpg\" \/>\n\t\t<meta property=\"og:image:width\" content=\"640\" \/>\n\t\t<meta property=\"og:image:height\" content=\"400\" \/>\n\t\t<meta property=\"article:published_time\" content=\"2022-10-06T14:53:05+00:00\" \/>\n\t\t<meta property=\"article:modified_time\" content=\"2022-10-06T14:53:05+00:00\" \/>\n\t\t<meta property=\"article:publisher\" content=\"https:\/\/www.facebook.com\/Nachofdezber\" \/>\n\t\t<meta property=\"article:author\" content=\"https:\/\/www.facebook.com\/carrenoactualidad\" \/>\n\t\t<meta name=\"twitter:card\" content=\"summary_large_image\" \/>\n\t\t<meta name=\"twitter:site\" content=\"@NabercoDigital\" \/>\n\t\t<meta name=\"twitter:title\" content=\"ELN y Gobierno de Colombia retoman las conversaciones de paz | Cand\u00e1s 365\" \/>\n\t\t<meta name=\"twitter:description\" content=\"(EP) - La guerrilla del Ej\u00e9rcito de Liberaci\u00f3n Nacional (ELN) y el Gobierno de Colombia han confirmado este martes desde la capital de Venezuela\" \/>\n\t\t<meta name=\"twitter:creator\" content=\"@nbasturias\" \/>\n\t\t<meta name=\"twitter:image\" content=\"https:\/\/candas365.es\/noticias\/wp-content\/uploads\/2022\/01\/urgente.jpg\" \/>\n\t\t<meta name=\"twitter:label1\" content=\"Escrito por\" \/>\n\t\t<meta name=\"twitter:data1\" content=\"Cand\u00e1s 365\" \/>\n\t\t<meta name=\"twitter:label2\" content=\"Tiempo de lectura estimado\" \/>\n\t\t<meta name=\"twitter:data2\" content=\"2 minutos\" \/>\n\t\t<script type=\"application\/ld+json\" class=\"aioseo-schema\">\n\t\t\t{\"@context\":\"https:\\\/\\\/schema.org\",\"@graph\":[{\"@type\":\"BreadcrumbList\",\"@id\":\"https:\\\/\\\/candas365.es\\\/noticias\\\/eln-y-gobierno-de-colombia-retoman-las-conversaciones-de-paz\\\/#breadcrumblist\",\"itemListElement\":[{\"@type\":\"ListItem\",\"@id\":\"https:\\\/\\\/candas365.es\\\/noticias#listItem\",\"position\":1,\"name\":\"Home\",\"item\":\"https:\\\/\\\/candas365.es\\\/noticias\",\"nextItem\":{\"@type\":\"ListItem\",\"@id\":\"https:\\\/\\\/candas365.es\\\/noticias\\\/category\\\/internacional\\\/#listItem\",\"name\":\"Internacional\"}},{\"@type\":\"ListItem\",\"@id\":\"https:\\\/\\\/candas365.es\\\/noticias\\\/category\\\/internacional\\\/#listItem\",\"position\":2,\"name\":\"Internacional\",\"item\":\"https:\\\/\\\/candas365.es\\\/noticias\\\/category\\\/internacional\\\/\",\"nextItem\":{\"@type\":\"ListItem\",\"@id\":\"https:\\\/\\\/candas365.es\\\/noticias\\\/eln-y-gobierno-de-colombia-retoman-las-conversaciones-de-paz\\\/#listItem\",\"name\":\"ELN y Gobierno de Colombia retoman las conversaciones de paz\"},\"previousItem\":{\"@type\":\"ListItem\",\"@id\":\"https:\\\/\\\/candas365.es\\\/noticias#listItem\",\"name\":\"Home\"}},{\"@type\":\"ListItem\",\"@id\":\"https:\\\/\\\/candas365.es\\\/noticias\\\/eln-y-gobierno-de-colombia-retoman-las-conversaciones-de-paz\\\/#listItem\",\"position\":3,\"name\":\"ELN y Gobierno de Colombia retoman las conversaciones de paz\",\"previousItem\":{\"@type\":\"ListItem\",\"@id\":\"https:\\\/\\\/candas365.es\\\/noticias\\\/category\\\/internacional\\\/#listItem\",\"name\":\"Internacional\"}}]},{\"@type\":\"NewsArticle\",\"@id\":\"https:\\\/\\\/candas365.es\\\/noticias\\\/eln-y-gobierno-de-colombia-retoman-las-conversaciones-de-paz\\\/#newsarticle\",\"name\":\"ELN y Gobierno de Colombia retoman las conversaciones de paz | Cand\\u00e1s 365\",\"headline\":\"ELN y Gobierno de Colombia retoman las conversaciones de paz\",\"author\":{\"@id\":\"https:\\\/\\\/candas365.es\\\/noticias\\\/author\\\/admin\\\/#author\"},\"publisher\":{\"@id\":\"https:\\\/\\\/candas365.es\\\/noticias\\\/#organization\"},\"image\":{\"@type\":\"ImageObject\",\"url\":\"https:\\\/\\\/candas365.es\\\/noticias\\\/wp-content\\\/uploads\\\/2022\\\/01\\\/urgente.jpg\",\"width\":640,\"height\":400,\"caption\":\"urgente\"},\"datePublished\":\"2022-10-06T16:53:05+02:00\",\"dateModified\":\"2022-10-06T16:53:05+02:00\",\"inLanguage\":\"es-ES\",\"mainEntityOfPage\":{\"@id\":\"https:\\\/\\\/candas365.es\\\/noticias\\\/eln-y-gobierno-de-colombia-retoman-las-conversaciones-de-paz\\\/#webpage\"},\"isPartOf\":{\"@id\":\"https:\\\/\\\/candas365.es\\\/noticias\\\/eln-y-gobierno-de-colombia-retoman-las-conversaciones-de-paz\\\/#webpage\"},\"articleSection\":\"Internacional, conflictos, Internacional\",\"dateline\":\"Publicado el octubre 6, 2022.\"},{\"@type\":\"Organization\",\"@id\":\"https:\\\/\\\/candas365.es\\\/noticias\\\/#organization\",\"name\":\"Cand\\u00e1s 365\",\"description\":\"Cand\\u00e1s 365 es un diario digital independiente, fundado en 2012, con base en Asturias. Informamos con rigor sobre actualidad, sociedad, cultura y ocio, con una mirada local y global.\",\"url\":\"https:\\\/\\\/candas365.es\\\/noticias\\\/\",\"email\":\"info@candas365.es\",\"telephone\":\"+34652131393\",\"foundingDate\":\"2012-06-10\",\"logo\":{\"@type\":\"ImageObject\",\"url\":\"https:\\\/\\\/candas365.es\\\/noticias\\\/wp-content\\\/uploads\\\/2024\\\/09\\\/Candas-365-Redes.jpg\",\"@id\":\"https:\\\/\\\/candas365.es\\\/noticias\\\/eln-y-gobierno-de-colombia-retoman-las-conversaciones-de-paz\\\/#organizationLogo\",\"width\":1152,\"height\":864,\"caption\":\"Cand\\u00e1s 365 Redes\"},\"image\":{\"@id\":\"https:\\\/\\\/candas365.es\\\/noticias\\\/eln-y-gobierno-de-colombia-retoman-las-conversaciones-de-paz\\\/#organizationLogo\"},\"sameAs\":[\"https:\\\/\\\/www.facebook.com\\\/Nachofdezber\",\"https:\\\/\\\/x.com\\\/NabercoDigital\",\"https:\\\/\\\/www.instagram.com\\\/nachofdezber\\\/\",\"https:\\\/\\\/www.youtube.com\\\/channel\\\/UCZP-2wLEB9Rv6erhFmqVnvg\"],\"address\":{\"@id\":\"https:\\\/\\\/candas365.es\\\/noticias\\\/#postaladdress\",\"@type\":\"PostalAddress\",\"streetAddress\":\"san antonio 4, san antonio 4\",\"postalCode\":\"33430\",\"addressLocality\":\"Cand\\u00e1s\",\"addressRegion\":\"Asturias\",\"addressCountry\":\"ES\"}},{\"@type\":\"Person\",\"@id\":\"https:\\\/\\\/candas365.es\\\/noticias\\\/author\\\/admin\\\/#author\",\"url\":\"https:\\\/\\\/candas365.es\\\/noticias\\\/author\\\/admin\\\/\",\"name\":\"Cand\\u00e1s 365\",\"image\":{\"@type\":\"ImageObject\",\"@id\":\"https:\\\/\\\/candas365.es\\\/noticias\\\/eln-y-gobierno-de-colombia-retoman-las-conversaciones-de-paz\\\/#authorImage\",\"url\":\"https:\\\/\\\/secure.gravatar.com\\\/avatar\\\/496a8e03d0c493ede1718b7934145dbdf8d89be1036b0eec9544e1094c9de390?s=96&d=mm&r=g\",\"width\":96,\"height\":96,\"caption\":\"Cand\\u00e1s 365\"},\"sameAs\":[\"https:\\\/\\\/www.facebook.com\\\/carrenoactualidad\",\"https:\\\/\\\/twitter.com\\\/nbasturias\",\"https:\\\/\\\/www.instagram.com\\\/nachofdezber\\\/\",\"https:\\\/\\\/www.youtube.com\\\/channel\\\/UCZP-2wLEB9Rv6erhFmqVnvg\"]},{\"@type\":\"WebPage\",\"@id\":\"https:\\\/\\\/candas365.es\\\/noticias\\\/eln-y-gobierno-de-colombia-retoman-las-conversaciones-de-paz\\\/#webpage\",\"url\":\"https:\\\/\\\/candas365.es\\\/noticias\\\/eln-y-gobierno-de-colombia-retoman-las-conversaciones-de-paz\\\/\",\"name\":\"ELN y Gobierno de Colombia retoman las conversaciones de paz | Cand\\u00e1s 365\",\"description\":\"(EP) - La guerrilla del Ej\\u00e9rcito de Liberaci\\u00f3n Nacional (ELN) y el Gobierno de Colombia han confirmado este martes desde la capital de Venezuela\",\"inLanguage\":\"es-ES\",\"isPartOf\":{\"@id\":\"https:\\\/\\\/candas365.es\\\/noticias\\\/#website\"},\"breadcrumb\":{\"@id\":\"https:\\\/\\\/candas365.es\\\/noticias\\\/eln-y-gobierno-de-colombia-retoman-las-conversaciones-de-paz\\\/#breadcrumblist\"},\"author\":{\"@id\":\"https:\\\/\\\/candas365.es\\\/noticias\\\/author\\\/admin\\\/#author\"},\"creator\":{\"@id\":\"https:\\\/\\\/candas365.es\\\/noticias\\\/author\\\/admin\\\/#author\"},\"image\":{\"@type\":\"ImageObject\",\"url\":\"https:\\\/\\\/candas365.es\\\/noticias\\\/wp-content\\\/uploads\\\/2022\\\/01\\\/urgente.jpg\",\"@id\":\"https:\\\/\\\/candas365.es\\\/noticias\\\/eln-y-gobierno-de-colombia-retoman-las-conversaciones-de-paz\\\/#mainImage\",\"width\":640,\"height\":400,\"caption\":\"urgente\"},\"primaryImageOfPage\":{\"@id\":\"https:\\\/\\\/candas365.es\\\/noticias\\\/eln-y-gobierno-de-colombia-retoman-las-conversaciones-de-paz\\\/#mainImage\"},\"datePublished\":\"2022-10-06T16:53:05+02:00\",\"dateModified\":\"2022-10-06T16:53:05+02:00\"},{\"@type\":\"WebSite\",\"@id\":\"https:\\\/\\\/candas365.es\\\/noticias\\\/#website\",\"url\":\"https:\\\/\\\/candas365.es\\\/noticias\\\/\",\"name\":\"Cand\\u00e1s 365\",\"alternateName\":\"Cand\\u00e1s 365 Noticias\",\"description\":\"Actualidad desde Carre\\u00f1o para el mundo\",\"inLanguage\":\"es-ES\",\"publisher\":{\"@id\":\"https:\\\/\\\/candas365.es\\\/noticias\\\/#organization\"}}]}\n\t\t<\/script>\n\t\t<!-- All in One SEO Pro -->\r\n\t\t<title>ELN y Gobierno de Colombia retoman las conversaciones de paz | Cand\u00e1s 365<\/title>\n\n","aioseo_head_json":{"title":"ELN y Gobierno de Colombia retoman las conversaciones de paz | Cand\u00e1s 365","description":"(EP) - La guerrilla del Ej\u00e9rcito de Liberaci\u00f3n Nacional (ELN) y el Gobierno de Colombia han confirmado este martes desde la capital de Venezuela","canonical_url":"https:\/\/candas365.es\/noticias\/eln-y-gobierno-de-colombia-retoman-las-conversaciones-de-paz\/","robots":"max-image-preview:large","keywords":"internacional","webmasterTools":{"google-site-verification":"UA-32230408-1","msvalidate.01":"354F3CDFB2DA171B47FBE9ABF1F88D5","miscellaneous":""},"schema":{"@context":"https:\/\/schema.org","@graph":[{"@type":"BreadcrumbList","@id":"https:\/\/candas365.es\/noticias\/eln-y-gobierno-de-colombia-retoman-las-conversaciones-de-paz\/#breadcrumblist","itemListElement":[{"@type":"ListItem","@id":"https:\/\/candas365.es\/noticias#listItem","position":1,"name":"Home","item":"https:\/\/candas365.es\/noticias","nextItem":{"@type":"ListItem","@id":"https:\/\/candas365.es\/noticias\/category\/internacional\/#listItem","name":"Internacional"}},{"@type":"ListItem","@id":"https:\/\/candas365.es\/noticias\/category\/internacional\/#listItem","position":2,"name":"Internacional","item":"https:\/\/candas365.es\/noticias\/category\/internacional\/","nextItem":{"@type":"ListItem","@id":"https:\/\/candas365.es\/noticias\/eln-y-gobierno-de-colombia-retoman-las-conversaciones-de-paz\/#listItem","name":"ELN y Gobierno de Colombia retoman las conversaciones de paz"},"previousItem":{"@type":"ListItem","@id":"https:\/\/candas365.es\/noticias#listItem","name":"Home"}},{"@type":"ListItem","@id":"https:\/\/candas365.es\/noticias\/eln-y-gobierno-de-colombia-retoman-las-conversaciones-de-paz\/#listItem","position":3,"name":"ELN y Gobierno de Colombia retoman las conversaciones de paz","previousItem":{"@type":"ListItem","@id":"https:\/\/candas365.es\/noticias\/category\/internacional\/#listItem","name":"Internacional"}}]},{"@type":"NewsArticle","@id":"https:\/\/candas365.es\/noticias\/eln-y-gobierno-de-colombia-retoman-las-conversaciones-de-paz\/#newsarticle","name":"ELN y Gobierno de Colombia retoman las conversaciones de paz | Cand\u00e1s 365","headline":"ELN y Gobierno de Colombia retoman las conversaciones de paz","author":{"@id":"https:\/\/candas365.es\/noticias\/author\/admin\/#author"},"publisher":{"@id":"https:\/\/candas365.es\/noticias\/#organization"},"image":{"@type":"ImageObject","url":"https:\/\/candas365.es\/noticias\/wp-content\/uploads\/2022\/01\/urgente.jpg","width":640,"height":400,"caption":"urgente"},"datePublished":"2022-10-06T16:53:05+02:00","dateModified":"2022-10-06T16:53:05+02:00","inLanguage":"es-ES","mainEntityOfPage":{"@id":"https:\/\/candas365.es\/noticias\/eln-y-gobierno-de-colombia-retoman-las-conversaciones-de-paz\/#webpage"},"isPartOf":{"@id":"https:\/\/candas365.es\/noticias\/eln-y-gobierno-de-colombia-retoman-las-conversaciones-de-paz\/#webpage"},"articleSection":"Internacional, conflictos, Internacional","dateline":"Publicado el octubre 6, 2022."},{"@type":"Organization","@id":"https:\/\/candas365.es\/noticias\/#organization","name":"Cand\u00e1s 365","description":"Cand\u00e1s 365 es un diario digital independiente, fundado en 2012, con base en Asturias. Informamos con rigor sobre actualidad, sociedad, cultura y ocio, con una mirada local y global.","url":"https:\/\/candas365.es\/noticias\/","email":"info@candas365.es","telephone":"+34652131393","foundingDate":"2012-06-10","logo":{"@type":"ImageObject","url":"https:\/\/candas365.es\/noticias\/wp-content\/uploads\/2024\/09\/Candas-365-Redes.jpg","@id":"https:\/\/candas365.es\/noticias\/eln-y-gobierno-de-colombia-retoman-las-conversaciones-de-paz\/#organizationLogo","width":1152,"height":864,"caption":"Cand\u00e1s 365 Redes"},"image":{"@id":"https:\/\/candas365.es\/noticias\/eln-y-gobierno-de-colombia-retoman-las-conversaciones-de-paz\/#organizationLogo"},"sameAs":["https:\/\/www.facebook.com\/Nachofdezber","https:\/\/x.com\/NabercoDigital","https:\/\/www.instagram.com\/nachofdezber\/","https:\/\/www.youtube.com\/channel\/UCZP-2wLEB9Rv6erhFmqVnvg"],"address":{"@id":"https:\/\/candas365.es\/noticias\/#postaladdress","@type":"PostalAddress","streetAddress":"san antonio 4, san antonio 4","postalCode":"33430","addressLocality":"Cand\u00e1s","addressRegion":"Asturias","addressCountry":"ES"}},{"@type":"Person","@id":"https:\/\/candas365.es\/noticias\/author\/admin\/#author","url":"https:\/\/candas365.es\/noticias\/author\/admin\/","name":"Cand\u00e1s 365","image":{"@type":"ImageObject","@id":"https:\/\/candas365.es\/noticias\/eln-y-gobierno-de-colombia-retoman-las-conversaciones-de-paz\/#authorImage","url":"https:\/\/secure.gravatar.com\/avatar\/496a8e03d0c493ede1718b7934145dbdf8d89be1036b0eec9544e1094c9de390?s=96&d=mm&r=g","width":96,"height":96,"caption":"Cand\u00e1s 365"},"sameAs":["https:\/\/www.facebook.com\/carrenoactualidad","https:\/\/twitter.com\/nbasturias","https:\/\/www.instagram.com\/nachofdezber\/","https:\/\/www.youtube.com\/channel\/UCZP-2wLEB9Rv6erhFmqVnvg"]},{"@type":"WebPage","@id":"https:\/\/candas365.es\/noticias\/eln-y-gobierno-de-colombia-retoman-las-conversaciones-de-paz\/#webpage","url":"https:\/\/candas365.es\/noticias\/eln-y-gobierno-de-colombia-retoman-las-conversaciones-de-paz\/","name":"ELN y Gobierno de Colombia retoman las conversaciones de paz | Cand\u00e1s 365","description":"(EP) - La guerrilla del Ej\u00e9rcito de Liberaci\u00f3n Nacional (ELN) y el Gobierno de Colombia han confirmado este martes desde la capital de Venezuela","inLanguage":"es-ES","isPartOf":{"@id":"https:\/\/candas365.es\/noticias\/#website"},"breadcrumb":{"@id":"https:\/\/candas365.es\/noticias\/eln-y-gobierno-de-colombia-retoman-las-conversaciones-de-paz\/#breadcrumblist"},"author":{"@id":"https:\/\/candas365.es\/noticias\/author\/admin\/#author"},"creator":{"@id":"https:\/\/candas365.es\/noticias\/author\/admin\/#author"},"image":{"@type":"ImageObject","url":"https:\/\/candas365.es\/noticias\/wp-content\/uploads\/2022\/01\/urgente.jpg","@id":"https:\/\/candas365.es\/noticias\/eln-y-gobierno-de-colombia-retoman-las-conversaciones-de-paz\/#mainImage","width":640,"height":400,"caption":"urgente"},"primaryImageOfPage":{"@id":"https:\/\/candas365.es\/noticias\/eln-y-gobierno-de-colombia-retoman-las-conversaciones-de-paz\/#mainImage"},"datePublished":"2022-10-06T16:53:05+02:00","dateModified":"2022-10-06T16:53:05+02:00"},{"@type":"WebSite","@id":"https:\/\/candas365.es\/noticias\/#website","url":"https:\/\/candas365.es\/noticias\/","name":"Cand\u00e1s 365","alternateName":"Cand\u00e1s 365 Noticias","description":"Actualidad desde Carre\u00f1o para el mundo","inLanguage":"es-ES","publisher":{"@id":"https:\/\/candas365.es\/noticias\/#organization"}}]},"og:locale":"es_ES","og:site_name":"Cand\u00e1s 365","og:type":"article","og:title":"ELN y Gobierno de Colombia retoman las conversaciones de paz | Cand\u00e1s 365","og:description":"(EP) - La guerrilla del Ej\u00e9rcito de Liberaci\u00f3n Nacional (ELN) y el Gobierno de Colombia han confirmado este martes desde la capital de Venezuela","og:url":"https:\/\/candas365.es\/noticias\/eln-y-gobierno-de-colombia-retoman-las-conversaciones-de-paz\/","og:image":"https:\/\/candas365.es\/noticias\/wp-content\/uploads\/2022\/01\/urgente.jpg","og:image:secure_url":"https:\/\/candas365.es\/noticias\/wp-content\/uploads\/2022\/01\/urgente.jpg","og:image:width":640,"og:image:height":400,"article:published_time":"2022-10-06T14:53:05+00:00","article:modified_time":"2022-10-06T14:53:05+00:00","article:publisher":"https:\/\/www.facebook.com\/Nachofdezber","article:author":"https:\/\/www.facebook.com\/carrenoactualidad","twitter:card":"summary_large_image","twitter:site":"@NabercoDigital","twitter:title":"ELN y Gobierno de Colombia retoman las conversaciones de paz | Cand\u00e1s 365","twitter:description":"(EP) - La guerrilla del Ej\u00e9rcito de Liberaci\u00f3n Nacional (ELN) y el Gobierno de Colombia han confirmado este martes desde la capital de Venezuela","twitter:creator":"@nbasturias","twitter:image":"https:\/\/candas365.es\/noticias\/wp-content\/uploads\/2022\/01\/urgente.jpg","twitter:label1":"Escrito por","twitter:data1":"Cand\u00e1s 365","twitter:label2":"Tiempo de lectura estimado","twitter:data2":"2 minutos"},"aioseo_meta_data":{"post_id":"167131","title":null,"description":"(EP) - La guerrilla del Ej\u00e9rcito de Liberaci\u00f3n Nacional (ELN) y el Gobierno de Colombia han confirmado este martes desde la capital de Venezuela","keywords":[],"keyphrases":{"focus":{"keyphrase":"ELN","score":100,"analysis":{"keyphraseInTitle":{"title":"Focus keyphrase in SEO title","description":"Focus keyphrase found in SEO title.","score":9,"maxScore":9,"error":0},"keyphraseInDescription":{"title":"Focus keyphrase in meta description","description":"Focus keyphrase found in meta description.","score":9,"maxScore":9,"error":0},"keyphraseLength":{"title":"Focus keyphrase length","description":"Good job!","score":9,"maxScore":9,"error":0,"length":1},"keyphraseInURL":[],"keyphraseInIntroduction":{"title":"Focus keyphrase in introduction","description":"Your Focus keyphrase appears in the first paragraph. Well done!","score":9,"maxScore":9,"error":0},"keyphraseInSubHeadings":[],"keyphraseInImageAlt":[]}},"additional":[{"keyphrase":"Gobierno de Colombia","score":100,"analysis":{"keyphraseInDescription":{"title":"Keyphrase in meta description","description":"Keyphrase found in meta description.","score":9,"maxScore":9,"error":0},"keyphraseLength":{"title":"Keyphrase length","description":"Good job!","score":9,"maxScore":9,"error":0,"length":3},"keyphraseInIntroduction":{"title":"Keyphrase in introduction","description":"Your Keyphrase appears in the first paragraph. Well done!","score":9,"maxScore":9,"error":0},"keyphraseInImageAlt":[]}}]},"primary_term":null,"canonical_url":null,"og_title":null,"og_description":null,"og_object_type":"default","og_image_type":"default","og_image_url":null,"og_image_width":null,"og_image_height":null,"og_image_custom_url":null,"og_image_custom_fields":null,"og_video":"","og_custom_url":null,"og_article_section":null,"og_article_tags":[],"twitter_use_og":false,"twitter_card":"default","twitter_image_type":"default","twitter_image_url":null,"twitter_image_custom_url":null,"twitter_image_custom_fields":null,"twitter_title":null,"twitter_description":null,"schema":{"blockGraphs":[],"customGraphs":[],"default":{"data":{"Article":[],"Course":[],"Dataset":[],"FAQPage":[],"Movie":[],"Person":[],"Product":[],"ProductReview":[],"Car":[],"Recipe":[],"Service":[],"SoftwareApplication":[],"WebPage":[]},"graphName":"Article","isEnabled":true},"graphs":[]},"schema_type":"default","schema_type_options":null,"pillar_content":false,"robots_default":true,"robots_noindex":false,"robots_noarchive":false,"robots_nosnippet":false,"robots_nofollow":false,"robots_noimageindex":false,"robots_noodp":false,"robots_notranslate":false,"robots_max_snippet":"-1","robots_max_videopreview":"-1","robots_max_imagepreview":"large","priority":null,"frequency":"default","location":null,"local_seo":null,"seo_analyzer_scan_date":"2025-09-01 13:22:07","breadcrumb_settings":null,"limit_modified_date":false,"reviewed_by":null,"open_ai":null,"ai":null,"created":"2022-10-06 14:51:41","updated":"2025-09-01 13:22:07"},"aioseo_breadcrumb":"<div class=\"aioseo-breadcrumbs\"><span class=\"aioseo-breadcrumb\">\n\t<a href=\"https:\/\/candas365.es\/noticias\" title=\"Home\">Home<\/a>\n<\/span><span class=\"aioseo-breadcrumb-separator\">&ndash;<\/span><span class=\"aioseo-breadcrumb\">\n\t<a href=\"https:\/\/candas365.es\/noticias\/category\/internacional\/\" title=\"Internacional\">Internacional<\/a>\n<\/span><span class=\"aioseo-breadcrumb-separator\">&ndash;<\/span><span class=\"aioseo-breadcrumb\">\n\tELN y Gobierno de Colombia retoman las conversaciones de paz\n<\/span><\/div>","aioseo_breadcrumb_json":[{"label":"Home","link":"https:\/\/candas365.es\/noticias"},{"label":"Internacional","link":"https:\/\/candas365.es\/noticias\/category\/internacional\/"},{"label":"ELN y Gobierno de Colombia retoman las conversaciones de paz","link":"https:\/\/candas365.es\/noticias\/eln-y-gobierno-de-colombia-retoman-las-conversaciones-de-paz\/"}],"_links":{"self":[{"href":"https:\/\/candas365.es\/noticias\/wp-json\/wp\/v2\/posts\/167131","targetHints":{"allow":["GET"]}}],"collection":[{"href":"https:\/\/candas365.es\/noticias\/wp-json\/wp\/v2\/posts"}],"about":[{"href":"https:\/\/candas365.es\/noticias\/wp-json\/wp\/v2\/types\/post"}],"author":[{"embeddable":true,"href":"https:\/\/candas365.es\/noticias\/wp-json\/wp\/v2\/users\/1"}],"replies":[{"embeddable":true,"href":"https:\/\/candas365.es\/noticias\/wp-json\/wp\/v2\/comments?post=167131"}],"version-history":[{"count":0,"href":"https:\/\/candas365.es\/noticias\/wp-json\/wp\/v2\/posts\/167131\/revisions"}],"wp:featuredmedia":[{"embeddable":true,"href":"https:\/\/candas365.es\/noticias\/wp-json\/wp\/v2\/media\/160061"}],"wp:attachment":[{"href":"https:\/\/candas365.es\/noticias\/wp-json\/wp\/v2\/media?parent=167131"}],"wp:term":[{"taxonomy":"category","embeddable":true,"href":"https:\/\/candas365.es\/noticias\/wp-json\/wp\/v2\/categories?post=167131"},{"taxonomy":"post_tag","embeddable":true,"href":"https:\/\/candas365.es\/noticias\/wp-json\/wp\/v2\/tags?post=167131"}],"curies":[{"name":"wp","href":"https:\/\/api.w.org\/{rel}","templated":true}]}}