{"id":167062,"date":"2022-10-05T00:46:05","date_gmt":"2022-10-04T22:46:05","guid":{"rendered":"https:\/\/candas365.es\/noticias\/?p=167062"},"modified":"2022-10-05T00:46:05","modified_gmt":"2022-10-04T22:46:05","slug":"lukashenko-estados-unidos-destruira-a-la-union-europea","status":"publish","type":"post","link":"https:\/\/candas365.es\/noticias\/lukashenko-estados-unidos-destruira-a-la-union-europea\/","title":{"rendered":"Lukashenko: \u00abEstados Unidos destruir\u00e1 a la Uni\u00f3n Europea\u00bb"},"content":{"rendered":"<p>(EP) &#8211; El presidente de Bielorrusia, <strong>Alexander Lukashenko<\/strong>, ha confirmado abiertamente que su Gobierno s\u00ed participa en la ofensiva militar lanzada por Rusia sobre Ucrania, despu\u00e9s de meses en los que se ha esforzado por matizar su grado de vinculaci\u00f3n con la invasi\u00f3n ordenada en febrero por su aliado Vladimir Putin.<\/p>\n<p><img fetchpriority=\"high\" decoding=\"async\" class=\"aligncenter wp-image-167063 size-full\" src=\"https:\/\/candas365.es\/noticias\/wp-content\/uploads\/2022\/10\/Guerra.jpg\" alt=\"Guerra\" width=\"640\" height=\"335\" srcset=\"https:\/\/candas365.es\/noticias\/wp-content\/uploads\/2022\/10\/Guerra.jpg 640w, https:\/\/candas365.es\/noticias\/wp-content\/uploads\/2022\/10\/Guerra-360x188.jpg 360w, https:\/\/candas365.es\/noticias\/wp-content\/uploads\/2022\/10\/Guerra-150x79.jpg 150w, https:\/\/candas365.es\/noticias\/wp-content\/uploads\/2022\/10\/Guerra-450x236.jpg 450w\" sizes=\"(max-width: 640px) 100vw, 640px\" \/><\/p>\n<p>Lukashenko ha reunido este martes a la c\u00fapula de la seguridad bielorrusa para analizar \u00abla cambiante situaci\u00f3n militar y pol\u00edtica\u00bb en la regi\u00f3n. El mandatario ha subrayado que \u00abno hay ninguna emergencia\u00bb que afecte a Bielorrusia, pero s\u00ed ha dejado claro que est\u00e1 del lado de Rusia en lo que tambi\u00e9n \u00e9l ha descrito como una \u00aboperaci\u00f3n militar especial\u00bb.<\/p>\n<p>\u00abParticipamos en ella. No lo escondemos. Pero no hemos matado a nadie, no hemos enviado militares a ninguna parte\u00bb, ha argumentado Lukashenko, que ha aludido a una implicaci\u00f3n \u00ablimitada\u00bb, \u00fanicamente para \u00abimpedir que el conflicto se extienda a territorio bielorruso\u00bb o para prevenir un posible ataque desde Polonia, Lituania y Letonia, informa la agencia BelTA.<\/p>\n<p>Seg\u00fan Lukashenko, las tropas ucranianas cuentan con 15.000 efectivos en la frontera y disponen de equipos de vigilancia que, en ocasiones, violan el espacio a\u00e9reo bielorruso. \u00abEst\u00e1n supuestamente muy preocupados por la entrada de Bielorrusia en la guerra y al mismo tiempo siguen con las provocaciones en la frontera\u00bb, ha se\u00f1alado.<\/p>\n<p>El mandatario bielorruso ha ampliado tambi\u00e9n el foco para recriminar a los \u00abpol\u00edticos occidentales\u00bb sus declaraciones \u00abc\u00ednicas\u00bb sobre la ofensiva de Rusia en Ucrania, que enmarca dentro de unos esfuerzos para contrarrestar el supuesto peso de Mosc\u00fa en la escena internacional.<\/p>\n<p>En este sentido, ha acusado a Estados Unidos de intentar deshacerse de Rusia y de sus aliados para centrarse en China y, al mismo tiempo, de buscar que la UE tenga una \u00abmayor dependencia\u00bb. De hecho, ha vaticinado que \u00abEstados Unidos destruir\u00e1 a la Uni\u00f3n Europea\u00bb.<\/p>\n<p>El papel que desempe\u00f1a Bielorrusia en el conflicto de Ucrania ha sido motivo de debate constante desde el inicio mismo de la invasi\u00f3n, en la medida en que sirvi\u00f3 para lanzar ataques que, en un primer momento, aspiraban incluso a facilitar avances sobre la capital ucraniana, Kiev.<\/p>\n<p>Lukashenko ha descartado que tenga previsto decretar una movilizaci\u00f3n como la anunciada por Putin, para reforzar a las Fuerzas Armadas, pero la Inteligencia ucraniana sospecha que podr\u00eda servirse de reservistas rusos para mejorar su capacidad de defensa. En concreto, podr\u00eda desplegar hasta 20.000 efectivos, seg\u00fan la agencia UNIAN.<\/p>\n<p>Tras estas declaraciones, la opositora bielorrusa Svetlana Tijanovskaya, quien se autoproclam\u00f3 \u00abl\u00edder nacional\u00bb del pa\u00eds en febrero tras acusar a Lukashenko de cometer \u00abtraici\u00f3n\u00bb al participar en la invasi\u00f3n rusa de Ucrania, ha se\u00f1alado que no hay que dejarse enga\u00f1ar por las palabras del mandatario.<\/p>\n<p>\u00abHoy Lukashenko dijo lo que ya sabemos: que el r\u00e9gimen asesino de Bielorrusia est\u00e1 participando en la guerra contra Ucrania. Pero asegur\u00f3 que &#8216;no matan a nadie&#8217;. No nos dejemos enga\u00f1ar. La sangre de miles de ucranianos inocentes, y tambi\u00e9n de muchos bielorrusos, est\u00e1 en sus manos\u00bb, ha precisado en su perfil oficial de Twitter.<\/p>\n<p>Tijanovskaya, que se autoproclam\u00f3 \u00abl\u00edder nacional\u00bb para \u00abproteger la soberan\u00eda e independencia del pa\u00eds y representarlo en las negociaciones de seguridad regionales\u00bb, se encuentra afincada en Lituania desde que arranc\u00f3 la crisis tras las elecciones de agosto 2020, fraudulentas a ojos de la UE.<\/p>\n","protected":false},"excerpt":{"rendered":"<p>(EP) &#8211; El presidente de Bielorrusia, Alexander Lukashenko, ha confirmado abiertamente que su Gobierno s\u00ed participa en la ofensiva militar lanzada por Rusia sobre Ucrania, despu\u00e9s de meses en los que se ha esforzado por matizar su grado de vinculaci\u00f3n con la invasi\u00f3n ordenada en febrero por su aliado Vladimir Putin. Lukashenko ha reunido este<\/p>\n","protected":false},"author":1,"featured_media":167063,"comment_status":"closed","ping_status":"closed","sticky":false,"template":"","format":"standard","meta":{"footnotes":""},"categories":[485],"tags":[464,418],"class_list":{"0":"post-167062","1":"post","2":"type-post","3":"status-publish","4":"format-standard","5":"has-post-thumbnail","7":"category-internacional","8":"tag-conflictos","9":"tag-internacional"},"aioseo_notices":[],"aioseo_head":"\n\t\t<!-- All in One SEO Pro 4.9.6.2 - aioseo.com -->\n\t<meta name=\"description\" content=\"(EP) - El presidente de Bielorrusia, Alexander Lukashenko, ha confirmado abiertamente que su Gobierno s\u00ed participa en la ofensiva militar lanzada por Rusia\" \/>\n\t<meta name=\"robots\" content=\"max-image-preview:large\" \/>\n\t<meta name=\"author\" content=\"Cand\u00e1s 365\"\/>\n\t<meta name=\"google-site-verification\" content=\"UA-32230408-1\" \/>\n\t<meta name=\"msvalidate.01\" content=\"354F3CDFB2DA171B47FBE9ABF1F88D5\" \/>\n\t<meta name=\"keywords\" content=\"internacional\" \/>\n\t<link rel=\"canonical\" href=\"https:\/\/candas365.es\/noticias\/lukashenko-estados-unidos-destruira-a-la-union-europea\/\" \/>\n\t<meta name=\"generator\" content=\"All in One SEO Pro (AIOSEO) 4.9.6.2\" \/>\n\t\t<meta property=\"og:locale\" content=\"es_ES\" \/>\n\t\t<meta property=\"og:site_name\" content=\"Cand\u00e1s 365\" \/>\n\t\t<meta property=\"og:type\" content=\"article\" \/>\n\t\t<meta property=\"og:title\" content=\"Lukashenko: \u00abEstados Unidos destruir\u00e1 a la Uni\u00f3n Europea\u00bb | Cand\u00e1s 365\" \/>\n\t\t<meta property=\"og:description\" content=\"(EP) - El presidente de Bielorrusia, Alexander Lukashenko, ha confirmado abiertamente que su Gobierno s\u00ed participa en la ofensiva militar lanzada por Rusia\" \/>\n\t\t<meta property=\"og:url\" content=\"https:\/\/candas365.es\/noticias\/lukashenko-estados-unidos-destruira-a-la-union-europea\/\" \/>\n\t\t<meta property=\"og:image\" content=\"https:\/\/candas365.es\/noticias\/wp-content\/uploads\/2022\/10\/Guerra.jpg\" \/>\n\t\t<meta property=\"og:image:secure_url\" content=\"https:\/\/candas365.es\/noticias\/wp-content\/uploads\/2022\/10\/Guerra.jpg\" \/>\n\t\t<meta property=\"og:image:width\" content=\"640\" \/>\n\t\t<meta property=\"og:image:height\" content=\"335\" \/>\n\t\t<meta property=\"article:published_time\" content=\"2022-10-04T22:46:05+00:00\" \/>\n\t\t<meta property=\"article:modified_time\" content=\"2022-10-04T22:46:05+00:00\" \/>\n\t\t<meta property=\"article:publisher\" content=\"https:\/\/www.facebook.com\/Nachofdezber\" \/>\n\t\t<meta property=\"article:author\" content=\"https:\/\/www.facebook.com\/carrenoactualidad\" \/>\n\t\t<meta name=\"twitter:card\" content=\"summary_large_image\" \/>\n\t\t<meta name=\"twitter:site\" content=\"@NabercoDigital\" \/>\n\t\t<meta name=\"twitter:title\" content=\"Lukashenko: \u00abEstados Unidos destruir\u00e1 a la Uni\u00f3n Europea\u00bb | Cand\u00e1s 365\" \/>\n\t\t<meta name=\"twitter:description\" content=\"(EP) - El presidente de Bielorrusia, Alexander Lukashenko, ha confirmado abiertamente que su Gobierno s\u00ed participa en la ofensiva militar lanzada por Rusia\" \/>\n\t\t<meta name=\"twitter:creator\" content=\"@nbasturias\" \/>\n\t\t<meta name=\"twitter:image\" content=\"https:\/\/candas365.es\/noticias\/wp-content\/uploads\/2022\/10\/Guerra.jpg\" \/>\n\t\t<meta name=\"twitter:label1\" content=\"Escrito por\" \/>\n\t\t<meta name=\"twitter:data1\" content=\"Cand\u00e1s 365\" \/>\n\t\t<meta name=\"twitter:label2\" content=\"Tiempo de lectura estimado\" \/>\n\t\t<meta name=\"twitter:data2\" content=\"3 minutos\" \/>\n\t\t<script type=\"application\/ld+json\" class=\"aioseo-schema\">\n\t\t\t{\"@context\":\"https:\\\/\\\/schema.org\",\"@graph\":[{\"@type\":\"BreadcrumbList\",\"@id\":\"https:\\\/\\\/candas365.es\\\/noticias\\\/lukashenko-estados-unidos-destruira-a-la-union-europea\\\/#breadcrumblist\",\"itemListElement\":[{\"@type\":\"ListItem\",\"@id\":\"https:\\\/\\\/candas365.es\\\/noticias#listItem\",\"position\":1,\"name\":\"Home\",\"item\":\"https:\\\/\\\/candas365.es\\\/noticias\",\"nextItem\":{\"@type\":\"ListItem\",\"@id\":\"https:\\\/\\\/candas365.es\\\/noticias\\\/category\\\/internacional\\\/#listItem\",\"name\":\"Internacional\"}},{\"@type\":\"ListItem\",\"@id\":\"https:\\\/\\\/candas365.es\\\/noticias\\\/category\\\/internacional\\\/#listItem\",\"position\":2,\"name\":\"Internacional\",\"item\":\"https:\\\/\\\/candas365.es\\\/noticias\\\/category\\\/internacional\\\/\",\"nextItem\":{\"@type\":\"ListItem\",\"@id\":\"https:\\\/\\\/candas365.es\\\/noticias\\\/lukashenko-estados-unidos-destruira-a-la-union-europea\\\/#listItem\",\"name\":\"Lukashenko: \\u00abEstados Unidos destruir\\u00e1 a la Uni\\u00f3n Europea\\u00bb\"},\"previousItem\":{\"@type\":\"ListItem\",\"@id\":\"https:\\\/\\\/candas365.es\\\/noticias#listItem\",\"name\":\"Home\"}},{\"@type\":\"ListItem\",\"@id\":\"https:\\\/\\\/candas365.es\\\/noticias\\\/lukashenko-estados-unidos-destruira-a-la-union-europea\\\/#listItem\",\"position\":3,\"name\":\"Lukashenko: \\u00abEstados Unidos destruir\\u00e1 a la Uni\\u00f3n Europea\\u00bb\",\"previousItem\":{\"@type\":\"ListItem\",\"@id\":\"https:\\\/\\\/candas365.es\\\/noticias\\\/category\\\/internacional\\\/#listItem\",\"name\":\"Internacional\"}}]},{\"@type\":\"NewsArticle\",\"@id\":\"https:\\\/\\\/candas365.es\\\/noticias\\\/lukashenko-estados-unidos-destruira-a-la-union-europea\\\/#newsarticle\",\"name\":\"Lukashenko: \\u00abEstados Unidos destruir\\u00e1 a la Uni\\u00f3n Europea\\u00bb | Cand\\u00e1s 365\",\"headline\":\"Lukashenko: \\u00abEstados Unidos destruir\\u00e1 a la Uni\\u00f3n Europea\\u00bb\",\"author\":{\"@id\":\"https:\\\/\\\/candas365.es\\\/noticias\\\/author\\\/admin\\\/#author\"},\"publisher\":{\"@id\":\"https:\\\/\\\/candas365.es\\\/noticias\\\/#organization\"},\"image\":{\"@type\":\"ImageObject\",\"url\":\"https:\\\/\\\/candas365.es\\\/noticias\\\/wp-content\\\/uploads\\\/2022\\\/10\\\/Guerra.jpg\",\"width\":640,\"height\":335,\"caption\":\"Guerra\"},\"datePublished\":\"2022-10-05T00:46:05+02:00\",\"dateModified\":\"2022-10-05T00:46:05+02:00\",\"inLanguage\":\"es-ES\",\"mainEntityOfPage\":{\"@id\":\"https:\\\/\\\/candas365.es\\\/noticias\\\/lukashenko-estados-unidos-destruira-a-la-union-europea\\\/#webpage\"},\"isPartOf\":{\"@id\":\"https:\\\/\\\/candas365.es\\\/noticias\\\/lukashenko-estados-unidos-destruira-a-la-union-europea\\\/#webpage\"},\"articleSection\":\"Internacional, conflictos, Internacional\",\"dateline\":\"Publicado el octubre 5, 2022.\"},{\"@type\":\"Organization\",\"@id\":\"https:\\\/\\\/candas365.es\\\/noticias\\\/#organization\",\"name\":\"Cand\\u00e1s 365\",\"description\":\"Cand\\u00e1s 365 es un diario digital independiente, fundado en 2012, con base en Asturias. Informamos con rigor sobre actualidad, sociedad, cultura y ocio, con una mirada local y global.\",\"url\":\"https:\\\/\\\/candas365.es\\\/noticias\\\/\",\"email\":\"info@candas365.es\",\"telephone\":\"+34652131393\",\"foundingDate\":\"2012-06-10\",\"logo\":{\"@type\":\"ImageObject\",\"url\":\"https:\\\/\\\/candas365.es\\\/noticias\\\/wp-content\\\/uploads\\\/2024\\\/09\\\/Candas-365-Redes.jpg\",\"@id\":\"https:\\\/\\\/candas365.es\\\/noticias\\\/lukashenko-estados-unidos-destruira-a-la-union-europea\\\/#organizationLogo\",\"width\":1152,\"height\":864,\"caption\":\"Cand\\u00e1s 365 Redes\"},\"image\":{\"@id\":\"https:\\\/\\\/candas365.es\\\/noticias\\\/lukashenko-estados-unidos-destruira-a-la-union-europea\\\/#organizationLogo\"},\"sameAs\":[\"https:\\\/\\\/www.facebook.com\\\/Nachofdezber\",\"https:\\\/\\\/x.com\\\/NabercoDigital\",\"https:\\\/\\\/www.instagram.com\\\/nachofdezber\\\/\",\"https:\\\/\\\/www.youtube.com\\\/channel\\\/UCZP-2wLEB9Rv6erhFmqVnvg\"],\"address\":{\"@id\":\"https:\\\/\\\/candas365.es\\\/noticias\\\/#postaladdress\",\"@type\":\"PostalAddress\",\"streetAddress\":\"san antonio 4, san antonio 4\",\"postalCode\":\"33430\",\"addressLocality\":\"Cand\\u00e1s\",\"addressRegion\":\"Asturias\",\"addressCountry\":\"ES\"}},{\"@type\":\"Person\",\"@id\":\"https:\\\/\\\/candas365.es\\\/noticias\\\/author\\\/admin\\\/#author\",\"url\":\"https:\\\/\\\/candas365.es\\\/noticias\\\/author\\\/admin\\\/\",\"name\":\"Cand\\u00e1s 365\",\"image\":{\"@type\":\"ImageObject\",\"@id\":\"https:\\\/\\\/candas365.es\\\/noticias\\\/lukashenko-estados-unidos-destruira-a-la-union-europea\\\/#authorImage\",\"url\":\"https:\\\/\\\/secure.gravatar.com\\\/avatar\\\/496a8e03d0c493ede1718b7934145dbdf8d89be1036b0eec9544e1094c9de390?s=96&d=mm&r=g\",\"width\":96,\"height\":96,\"caption\":\"Cand\\u00e1s 365\"},\"sameAs\":[\"https:\\\/\\\/www.facebook.com\\\/carrenoactualidad\",\"https:\\\/\\\/twitter.com\\\/nbasturias\",\"https:\\\/\\\/www.instagram.com\\\/nachofdezber\\\/\",\"https:\\\/\\\/www.youtube.com\\\/channel\\\/UCZP-2wLEB9Rv6erhFmqVnvg\"]},{\"@type\":\"WebPage\",\"@id\":\"https:\\\/\\\/candas365.es\\\/noticias\\\/lukashenko-estados-unidos-destruira-a-la-union-europea\\\/#webpage\",\"url\":\"https:\\\/\\\/candas365.es\\\/noticias\\\/lukashenko-estados-unidos-destruira-a-la-union-europea\\\/\",\"name\":\"Lukashenko: \\u00abEstados Unidos destruir\\u00e1 a la Uni\\u00f3n Europea\\u00bb | Cand\\u00e1s 365\",\"description\":\"(EP) - El presidente de Bielorrusia, Alexander Lukashenko, ha confirmado abiertamente que su Gobierno s\\u00ed participa en la ofensiva militar lanzada por Rusia\",\"inLanguage\":\"es-ES\",\"isPartOf\":{\"@id\":\"https:\\\/\\\/candas365.es\\\/noticias\\\/#website\"},\"breadcrumb\":{\"@id\":\"https:\\\/\\\/candas365.es\\\/noticias\\\/lukashenko-estados-unidos-destruira-a-la-union-europea\\\/#breadcrumblist\"},\"author\":{\"@id\":\"https:\\\/\\\/candas365.es\\\/noticias\\\/author\\\/admin\\\/#author\"},\"creator\":{\"@id\":\"https:\\\/\\\/candas365.es\\\/noticias\\\/author\\\/admin\\\/#author\"},\"image\":{\"@type\":\"ImageObject\",\"url\":\"https:\\\/\\\/candas365.es\\\/noticias\\\/wp-content\\\/uploads\\\/2022\\\/10\\\/Guerra.jpg\",\"@id\":\"https:\\\/\\\/candas365.es\\\/noticias\\\/lukashenko-estados-unidos-destruira-a-la-union-europea\\\/#mainImage\",\"width\":640,\"height\":335,\"caption\":\"Guerra\"},\"primaryImageOfPage\":{\"@id\":\"https:\\\/\\\/candas365.es\\\/noticias\\\/lukashenko-estados-unidos-destruira-a-la-union-europea\\\/#mainImage\"},\"datePublished\":\"2022-10-05T00:46:05+02:00\",\"dateModified\":\"2022-10-05T00:46:05+02:00\"},{\"@type\":\"WebSite\",\"@id\":\"https:\\\/\\\/candas365.es\\\/noticias\\\/#website\",\"url\":\"https:\\\/\\\/candas365.es\\\/noticias\\\/\",\"name\":\"Cand\\u00e1s 365\",\"alternateName\":\"Cand\\u00e1s 365 Noticias\",\"description\":\"Actualidad desde Carre\\u00f1o para el mundo\",\"inLanguage\":\"es-ES\",\"publisher\":{\"@id\":\"https:\\\/\\\/candas365.es\\\/noticias\\\/#organization\"}}]}\n\t\t<\/script>\n\t\t<!-- All in One SEO Pro -->\r\n\t\t<title>Lukashenko: \u00abEstados Unidos destruir\u00e1 a la Uni\u00f3n Europea\u00bb | Cand\u00e1s 365<\/title>\n\n","aioseo_head_json":{"title":"Lukashenko: \u00abEstados Unidos destruir\u00e1 a la Uni\u00f3n Europea\u00bb | Cand\u00e1s 365","description":"(EP) - El presidente de Bielorrusia, Alexander Lukashenko, ha confirmado abiertamente que su Gobierno s\u00ed participa en la ofensiva militar lanzada por Rusia","canonical_url":"https:\/\/candas365.es\/noticias\/lukashenko-estados-unidos-destruira-a-la-union-europea\/","robots":"max-image-preview:large","keywords":"internacional","webmasterTools":{"google-site-verification":"UA-32230408-1","msvalidate.01":"354F3CDFB2DA171B47FBE9ABF1F88D5","miscellaneous":""},"schema":{"@context":"https:\/\/schema.org","@graph":[{"@type":"BreadcrumbList","@id":"https:\/\/candas365.es\/noticias\/lukashenko-estados-unidos-destruira-a-la-union-europea\/#breadcrumblist","itemListElement":[{"@type":"ListItem","@id":"https:\/\/candas365.es\/noticias#listItem","position":1,"name":"Home","item":"https:\/\/candas365.es\/noticias","nextItem":{"@type":"ListItem","@id":"https:\/\/candas365.es\/noticias\/category\/internacional\/#listItem","name":"Internacional"}},{"@type":"ListItem","@id":"https:\/\/candas365.es\/noticias\/category\/internacional\/#listItem","position":2,"name":"Internacional","item":"https:\/\/candas365.es\/noticias\/category\/internacional\/","nextItem":{"@type":"ListItem","@id":"https:\/\/candas365.es\/noticias\/lukashenko-estados-unidos-destruira-a-la-union-europea\/#listItem","name":"Lukashenko: \u00abEstados Unidos destruir\u00e1 a la Uni\u00f3n Europea\u00bb"},"previousItem":{"@type":"ListItem","@id":"https:\/\/candas365.es\/noticias#listItem","name":"Home"}},{"@type":"ListItem","@id":"https:\/\/candas365.es\/noticias\/lukashenko-estados-unidos-destruira-a-la-union-europea\/#listItem","position":3,"name":"Lukashenko: \u00abEstados Unidos destruir\u00e1 a la Uni\u00f3n Europea\u00bb","previousItem":{"@type":"ListItem","@id":"https:\/\/candas365.es\/noticias\/category\/internacional\/#listItem","name":"Internacional"}}]},{"@type":"NewsArticle","@id":"https:\/\/candas365.es\/noticias\/lukashenko-estados-unidos-destruira-a-la-union-europea\/#newsarticle","name":"Lukashenko: \u00abEstados Unidos destruir\u00e1 a la Uni\u00f3n Europea\u00bb | Cand\u00e1s 365","headline":"Lukashenko: \u00abEstados Unidos destruir\u00e1 a la Uni\u00f3n Europea\u00bb","author":{"@id":"https:\/\/candas365.es\/noticias\/author\/admin\/#author"},"publisher":{"@id":"https:\/\/candas365.es\/noticias\/#organization"},"image":{"@type":"ImageObject","url":"https:\/\/candas365.es\/noticias\/wp-content\/uploads\/2022\/10\/Guerra.jpg","width":640,"height":335,"caption":"Guerra"},"datePublished":"2022-10-05T00:46:05+02:00","dateModified":"2022-10-05T00:46:05+02:00","inLanguage":"es-ES","mainEntityOfPage":{"@id":"https:\/\/candas365.es\/noticias\/lukashenko-estados-unidos-destruira-a-la-union-europea\/#webpage"},"isPartOf":{"@id":"https:\/\/candas365.es\/noticias\/lukashenko-estados-unidos-destruira-a-la-union-europea\/#webpage"},"articleSection":"Internacional, conflictos, Internacional","dateline":"Publicado el octubre 5, 2022."},{"@type":"Organization","@id":"https:\/\/candas365.es\/noticias\/#organization","name":"Cand\u00e1s 365","description":"Cand\u00e1s 365 es un diario digital independiente, fundado en 2012, con base en Asturias. Informamos con rigor sobre actualidad, sociedad, cultura y ocio, con una mirada local y global.","url":"https:\/\/candas365.es\/noticias\/","email":"info@candas365.es","telephone":"+34652131393","foundingDate":"2012-06-10","logo":{"@type":"ImageObject","url":"https:\/\/candas365.es\/noticias\/wp-content\/uploads\/2024\/09\/Candas-365-Redes.jpg","@id":"https:\/\/candas365.es\/noticias\/lukashenko-estados-unidos-destruira-a-la-union-europea\/#organizationLogo","width":1152,"height":864,"caption":"Cand\u00e1s 365 Redes"},"image":{"@id":"https:\/\/candas365.es\/noticias\/lukashenko-estados-unidos-destruira-a-la-union-europea\/#organizationLogo"},"sameAs":["https:\/\/www.facebook.com\/Nachofdezber","https:\/\/x.com\/NabercoDigital","https:\/\/www.instagram.com\/nachofdezber\/","https:\/\/www.youtube.com\/channel\/UCZP-2wLEB9Rv6erhFmqVnvg"],"address":{"@id":"https:\/\/candas365.es\/noticias\/#postaladdress","@type":"PostalAddress","streetAddress":"san antonio 4, san antonio 4","postalCode":"33430","addressLocality":"Cand\u00e1s","addressRegion":"Asturias","addressCountry":"ES"}},{"@type":"Person","@id":"https:\/\/candas365.es\/noticias\/author\/admin\/#author","url":"https:\/\/candas365.es\/noticias\/author\/admin\/","name":"Cand\u00e1s 365","image":{"@type":"ImageObject","@id":"https:\/\/candas365.es\/noticias\/lukashenko-estados-unidos-destruira-a-la-union-europea\/#authorImage","url":"https:\/\/secure.gravatar.com\/avatar\/496a8e03d0c493ede1718b7934145dbdf8d89be1036b0eec9544e1094c9de390?s=96&d=mm&r=g","width":96,"height":96,"caption":"Cand\u00e1s 365"},"sameAs":["https:\/\/www.facebook.com\/carrenoactualidad","https:\/\/twitter.com\/nbasturias","https:\/\/www.instagram.com\/nachofdezber\/","https:\/\/www.youtube.com\/channel\/UCZP-2wLEB9Rv6erhFmqVnvg"]},{"@type":"WebPage","@id":"https:\/\/candas365.es\/noticias\/lukashenko-estados-unidos-destruira-a-la-union-europea\/#webpage","url":"https:\/\/candas365.es\/noticias\/lukashenko-estados-unidos-destruira-a-la-union-europea\/","name":"Lukashenko: \u00abEstados Unidos destruir\u00e1 a la Uni\u00f3n Europea\u00bb | Cand\u00e1s 365","description":"(EP) - El presidente de Bielorrusia, Alexander Lukashenko, ha confirmado abiertamente que su Gobierno s\u00ed participa en la ofensiva militar lanzada por Rusia","inLanguage":"es-ES","isPartOf":{"@id":"https:\/\/candas365.es\/noticias\/#website"},"breadcrumb":{"@id":"https:\/\/candas365.es\/noticias\/lukashenko-estados-unidos-destruira-a-la-union-europea\/#breadcrumblist"},"author":{"@id":"https:\/\/candas365.es\/noticias\/author\/admin\/#author"},"creator":{"@id":"https:\/\/candas365.es\/noticias\/author\/admin\/#author"},"image":{"@type":"ImageObject","url":"https:\/\/candas365.es\/noticias\/wp-content\/uploads\/2022\/10\/Guerra.jpg","@id":"https:\/\/candas365.es\/noticias\/lukashenko-estados-unidos-destruira-a-la-union-europea\/#mainImage","width":640,"height":335,"caption":"Guerra"},"primaryImageOfPage":{"@id":"https:\/\/candas365.es\/noticias\/lukashenko-estados-unidos-destruira-a-la-union-europea\/#mainImage"},"datePublished":"2022-10-05T00:46:05+02:00","dateModified":"2022-10-05T00:46:05+02:00"},{"@type":"WebSite","@id":"https:\/\/candas365.es\/noticias\/#website","url":"https:\/\/candas365.es\/noticias\/","name":"Cand\u00e1s 365","alternateName":"Cand\u00e1s 365 Noticias","description":"Actualidad desde Carre\u00f1o para el mundo","inLanguage":"es-ES","publisher":{"@id":"https:\/\/candas365.es\/noticias\/#organization"}}]},"og:locale":"es_ES","og:site_name":"Cand\u00e1s 365","og:type":"article","og:title":"Lukashenko: \u00abEstados Unidos destruir\u00e1 a la Uni\u00f3n Europea\u00bb | Cand\u00e1s 365","og:description":"(EP) - El presidente de Bielorrusia, Alexander Lukashenko, ha confirmado abiertamente que su Gobierno s\u00ed participa en la ofensiva militar lanzada por Rusia","og:url":"https:\/\/candas365.es\/noticias\/lukashenko-estados-unidos-destruira-a-la-union-europea\/","og:image":"https:\/\/candas365.es\/noticias\/wp-content\/uploads\/2022\/10\/Guerra.jpg","og:image:secure_url":"https:\/\/candas365.es\/noticias\/wp-content\/uploads\/2022\/10\/Guerra.jpg","og:image:width":640,"og:image:height":335,"article:published_time":"2022-10-04T22:46:05+00:00","article:modified_time":"2022-10-04T22:46:05+00:00","article:publisher":"https:\/\/www.facebook.com\/Nachofdezber","article:author":"https:\/\/www.facebook.com\/carrenoactualidad","twitter:card":"summary_large_image","twitter:site":"@NabercoDigital","twitter:title":"Lukashenko: \u00abEstados Unidos destruir\u00e1 a la Uni\u00f3n Europea\u00bb | Cand\u00e1s 365","twitter:description":"(EP) - El presidente de Bielorrusia, Alexander Lukashenko, ha confirmado abiertamente que su Gobierno s\u00ed participa en la ofensiva militar lanzada por Rusia","twitter:creator":"@nbasturias","twitter:image":"https:\/\/candas365.es\/noticias\/wp-content\/uploads\/2022\/10\/Guerra.jpg","twitter:label1":"Escrito por","twitter:data1":"Cand\u00e1s 365","twitter:label2":"Tiempo de lectura estimado","twitter:data2":"3 minutos"},"aioseo_meta_data":{"post_id":"167062","title":null,"description":"(EP) - El presidente de Bielorrusia, Alexander Lukashenko, ha confirmado abiertamente que su Gobierno s\u00ed participa en la ofensiva militar lanzada por Rusia","keywords":[],"keyphrases":{"focus":{"keyphrase":"Lukashenko","score":80,"analysis":{"keyphraseInTitle":{"title":"Focus keyphrase in SEO title","description":"Focus keyphrase found in SEO title.","score":9,"maxScore":9,"error":0},"keyphraseInDescription":{"title":"Focus keyphrase in meta description","description":"Focus keyphrase found in meta description.","score":9,"maxScore":9,"error":0},"keyphraseLength":{"title":"Focus keyphrase length","description":"Good job!","score":9,"maxScore":9,"error":0,"length":1},"keyphraseInURL":{"title":"Focus keyphrase in URL","description":"Focus keyphrase not found in the URL.","score":1,"maxScore":5,"error":1},"keyphraseInIntroduction":{"title":"Focus keyphrase in introduction","description":"Your Focus keyphrase appears in the first paragraph. Well done!","score":9,"maxScore":9,"error":0},"keyphraseInSubHeadings":[],"keyphraseInImageAlt":{"title":"Focus keyphrase in image alt attributes","description":"Focus keyphrase not found in image alt attribute(s). Add an image with your Focus keyphrase as alt text.","score":3,"maxScore":9,"error":1}}},"additional":[{"keyphrase":" Alexander Lukashenko","score":83,"analysis":{"keyphraseInDescription":{"title":"Keyphrase in meta description","description":"Keyphrase found in meta description.","score":9,"maxScore":9,"error":0},"keyphraseLength":{"title":"Keyphrase length","description":"Good job!","score":9,"maxScore":9,"error":0,"length":2},"keyphraseInIntroduction":{"title":"Keyphrase in introduction","description":"Your Keyphrase appears in the first paragraph. Well done!","score":9,"maxScore":9,"error":0},"keyphraseInImageAlt":{"title":"Keyphrase in image alt attributes","description":"Keyphrase not found in image alt attribute(s). Add an image with your Keyphrase as alt text.","score":3,"maxScore":9,"error":1}}}]},"primary_term":null,"canonical_url":null,"og_title":null,"og_description":null,"og_object_type":"default","og_image_type":"default","og_image_url":null,"og_image_width":null,"og_image_height":null,"og_image_custom_url":null,"og_image_custom_fields":null,"og_video":"","og_custom_url":null,"og_article_section":null,"og_article_tags":[],"twitter_use_og":false,"twitter_card":"default","twitter_image_type":"default","twitter_image_url":null,"twitter_image_custom_url":null,"twitter_image_custom_fields":null,"twitter_title":null,"twitter_description":null,"schema":{"blockGraphs":[],"customGraphs":[],"default":{"data":{"Article":[],"Course":[],"Dataset":[],"FAQPage":[],"Movie":[],"Person":[],"Product":[],"ProductReview":[],"Car":[],"Recipe":[],"Service":[],"SoftwareApplication":[],"WebPage":[]},"graphName":"Article","isEnabled":true},"graphs":[]},"schema_type":"default","schema_type_options":null,"pillar_content":false,"robots_default":true,"robots_noindex":false,"robots_noarchive":false,"robots_nosnippet":false,"robots_nofollow":false,"robots_noimageindex":false,"robots_noodp":false,"robots_notranslate":false,"robots_max_snippet":"-1","robots_max_videopreview":"-1","robots_max_imagepreview":"large","priority":null,"frequency":"default","location":null,"local_seo":null,"seo_analyzer_scan_date":"2025-09-01 13:16:19","breadcrumb_settings":null,"limit_modified_date":false,"reviewed_by":null,"open_ai":null,"ai":null,"created":"2022-10-04 22:40:24","updated":"2025-09-01 13:16:19"},"aioseo_breadcrumb":"<div class=\"aioseo-breadcrumbs\"><span class=\"aioseo-breadcrumb\">\n\t<a href=\"https:\/\/candas365.es\/noticias\" title=\"Home\">Home<\/a>\n<\/span><span class=\"aioseo-breadcrumb-separator\">&ndash;<\/span><span class=\"aioseo-breadcrumb\">\n\t<a href=\"https:\/\/candas365.es\/noticias\/category\/internacional\/\" title=\"Internacional\">Internacional<\/a>\n<\/span><span class=\"aioseo-breadcrumb-separator\">&ndash;<\/span><span class=\"aioseo-breadcrumb\">\n\tLukashenko: \u00abEstados Unidos destruir\u00e1 a la Uni\u00f3n Europea\u00bb\n<\/span><\/div>","aioseo_breadcrumb_json":[{"label":"Home","link":"https:\/\/candas365.es\/noticias"},{"label":"Internacional","link":"https:\/\/candas365.es\/noticias\/category\/internacional\/"},{"label":"Lukashenko: \u00abEstados Unidos destruir\u00e1 a la Uni\u00f3n Europea\u00bb","link":"https:\/\/candas365.es\/noticias\/lukashenko-estados-unidos-destruira-a-la-union-europea\/"}],"_links":{"self":[{"href":"https:\/\/candas365.es\/noticias\/wp-json\/wp\/v2\/posts\/167062","targetHints":{"allow":["GET"]}}],"collection":[{"href":"https:\/\/candas365.es\/noticias\/wp-json\/wp\/v2\/posts"}],"about":[{"href":"https:\/\/candas365.es\/noticias\/wp-json\/wp\/v2\/types\/post"}],"author":[{"embeddable":true,"href":"https:\/\/candas365.es\/noticias\/wp-json\/wp\/v2\/users\/1"}],"replies":[{"embeddable":true,"href":"https:\/\/candas365.es\/noticias\/wp-json\/wp\/v2\/comments?post=167062"}],"version-history":[{"count":0,"href":"https:\/\/candas365.es\/noticias\/wp-json\/wp\/v2\/posts\/167062\/revisions"}],"wp:featuredmedia":[{"embeddable":true,"href":"https:\/\/candas365.es\/noticias\/wp-json\/wp\/v2\/media\/167063"}],"wp:attachment":[{"href":"https:\/\/candas365.es\/noticias\/wp-json\/wp\/v2\/media?parent=167062"}],"wp:term":[{"taxonomy":"category","embeddable":true,"href":"https:\/\/candas365.es\/noticias\/wp-json\/wp\/v2\/categories?post=167062"},{"taxonomy":"post_tag","embeddable":true,"href":"https:\/\/candas365.es\/noticias\/wp-json\/wp\/v2\/tags?post=167062"}],"curies":[{"name":"wp","href":"https:\/\/api.w.org\/{rel}","templated":true}]}}