{"id":167015,"date":"2022-10-03T23:43:51","date_gmt":"2022-10-03T21:43:51","guid":{"rendered":"https:\/\/candas365.es\/noticias\/?p=167015"},"modified":"2022-10-03T23:43:51","modified_gmt":"2022-10-03T21:43:51","slug":"martin-landaluce-jugara-la-primera-edicion-del-gijon-open","status":"publish","type":"post","link":"https:\/\/candas365.es\/noticias\/martin-landaluce-jugara-la-primera-edicion-del-gijon-open\/","title":{"rendered":"Mart\u00edn Landaluce jugar\u00e1 la primera edici\u00f3n del Gij\u00f3n Open"},"content":{"rendered":"<p>(EP) &#8211; El tenista espa\u00f1ol Mart\u00edn Landaluce, campe\u00f3n junior del Abierto de los Estados Unidos, jugar\u00e1 la primera edici\u00f3n del<a href=\"https:\/\/www.gijonopen.com\/es\" target=\"_blank\" rel=\"noopener\"><span style=\"color: #ff6600;\"><strong> Gij\u00f3n Open<\/strong><\/span><\/a>, torneo puntuable para la ATP, gracias a la invitaci\u00f3n que le ha concedido la Real Federaci\u00f3n Espa\u00f1ola de Tenis (RFET).<\/p>\n<figure id=\"attachment_167016\" aria-describedby=\"caption-attachment-167016\" style=\"width: 650px\" class=\"wp-caption aligncenter\"><img fetchpriority=\"high\" decoding=\"async\" class=\"wp-image-167016 size-large\" src=\"https:\/\/candas365.es\/noticias\/wp-content\/uploads\/2022\/10\/Landaluce-650x429.jpg\" alt=\"Landaluce\" width=\"650\" height=\"429\" srcset=\"https:\/\/candas365.es\/noticias\/wp-content\/uploads\/2022\/10\/Landaluce-650x429.jpg 650w, https:\/\/candas365.es\/noticias\/wp-content\/uploads\/2022\/10\/Landaluce-360x238.jpg 360w, https:\/\/candas365.es\/noticias\/wp-content\/uploads\/2022\/10\/Landaluce-768x507.jpg 768w, https:\/\/candas365.es\/noticias\/wp-content\/uploads\/2022\/10\/Landaluce-150x99.jpg 150w, https:\/\/candas365.es\/noticias\/wp-content\/uploads\/2022\/10\/Landaluce-450x297.jpg 450w, https:\/\/candas365.es\/noticias\/wp-content\/uploads\/2022\/10\/Landaluce.jpg 936w\" sizes=\"(max-width: 650px) 100vw, 650px\" \/><figcaption id=\"caption-attachment-167016\" class=\"wp-caption-text\">FOTO: MIGUEL \u00c1NGEL ZUBIARRAIN\/RFET \/ Europa Press<\/figcaption><\/figure>\n<p>El madrile\u00f1o se une as\u00ed en la n\u00f3mina de invitados al evento en pista cubierta al veterano toledano <strong>Feliciano L\u00f3pez y al escoc\u00e9s Andy Murray<\/strong>, exn\u00famero uno del mundo y ganador de tres &#8216;Grand Slams&#8217;, que recibi\u00f3 una &#8216;wild card&#8217; por parte de la<span style=\"color: #000000;\"><strong> Federaci\u00f3n de Tenis del Principado de Asturias<\/strong><\/span> (FTPA), en virtud de un convenio que le daba ese privilegio.<\/p>\n","protected":false},"excerpt":{"rendered":"<p>(EP) &#8211; El tenista espa\u00f1ol Mart\u00edn Landaluce, campe\u00f3n junior del Abierto de los Estados Unidos, jugar\u00e1 la primera edici\u00f3n del Gij\u00f3n Open, torneo puntuable para la ATP, gracias a la invitaci\u00f3n que le ha concedido la Real Federaci\u00f3n Espa\u00f1ola de Tenis (RFET). El madrile\u00f1o se une as\u00ed en la n\u00f3mina de invitados al evento en<\/p>\n","protected":false},"author":1,"featured_media":167016,"comment_status":"closed","ping_status":"closed","sticky":false,"template":"","format":"standard","meta":{"footnotes":""},"categories":[319],"tags":[387,386],"class_list":{"0":"post-167015","1":"post","2":"type-post","3":"status-publish","4":"format-standard","5":"has-post-thumbnail","7":"category-deporte","8":"tag-deporte","9":"tag-tenis"},"aioseo_notices":[],"aioseo_head":"\n\t\t<!-- All in One SEO Pro 4.9.6.2 - aioseo.com -->\n\t<meta name=\"description\" content=\"(EP) - El tenista espa\u00f1ol Mart\u00edn Landaluce, campe\u00f3n junior del Abierto de los Estados Unidos, jugar\u00e1 la primera edici\u00f3n del Gij\u00f3n Open, torneo puntuable\" \/>\n\t<meta name=\"robots\" content=\"max-image-preview:large\" \/>\n\t<meta name=\"author\" content=\"Cand\u00e1s 365\"\/>\n\t<meta name=\"google-site-verification\" content=\"UA-32230408-1\" \/>\n\t<meta name=\"msvalidate.01\" content=\"354F3CDFB2DA171B47FBE9ABF1F88D5\" \/>\n\t<meta name=\"keywords\" content=\"deporte\" \/>\n\t<link rel=\"canonical\" href=\"https:\/\/candas365.es\/noticias\/martin-landaluce-jugara-la-primera-edicion-del-gijon-open\/\" \/>\n\t<meta name=\"generator\" content=\"All in One SEO Pro (AIOSEO) 4.9.6.2\" \/>\n\t\t<meta property=\"og:locale\" content=\"es_ES\" \/>\n\t\t<meta property=\"og:site_name\" content=\"Cand\u00e1s 365\" \/>\n\t\t<meta property=\"og:type\" content=\"article\" \/>\n\t\t<meta property=\"og:title\" content=\"Mart\u00edn Landaluce jugar\u00e1 la primera edici\u00f3n del Gij\u00f3n Open | Cand\u00e1s 365\" \/>\n\t\t<meta property=\"og:description\" content=\"(EP) - El tenista espa\u00f1ol Mart\u00edn Landaluce, campe\u00f3n junior del Abierto de los Estados Unidos, jugar\u00e1 la primera edici\u00f3n del Gij\u00f3n Open, torneo puntuable\" \/>\n\t\t<meta property=\"og:url\" content=\"https:\/\/candas365.es\/noticias\/martin-landaluce-jugara-la-primera-edicion-del-gijon-open\/\" \/>\n\t\t<meta property=\"og:image\" content=\"https:\/\/candas365.es\/noticias\/wp-content\/uploads\/2022\/10\/Landaluce.jpg\" \/>\n\t\t<meta property=\"og:image:secure_url\" content=\"https:\/\/candas365.es\/noticias\/wp-content\/uploads\/2022\/10\/Landaluce.jpg\" \/>\n\t\t<meta property=\"og:image:width\" content=\"936\" \/>\n\t\t<meta property=\"og:image:height\" content=\"618\" \/>\n\t\t<meta property=\"article:published_time\" content=\"2022-10-03T21:43:51+00:00\" \/>\n\t\t<meta property=\"article:modified_time\" content=\"2022-10-03T21:43:51+00:00\" \/>\n\t\t<meta property=\"article:publisher\" content=\"https:\/\/www.facebook.com\/Nachofdezber\" \/>\n\t\t<meta property=\"article:author\" content=\"https:\/\/www.facebook.com\/carrenoactualidad\" \/>\n\t\t<meta name=\"twitter:card\" content=\"summary_large_image\" \/>\n\t\t<meta name=\"twitter:site\" content=\"@NabercoDigital\" \/>\n\t\t<meta name=\"twitter:title\" content=\"Mart\u00edn Landaluce jugar\u00e1 la primera edici\u00f3n del Gij\u00f3n Open | Cand\u00e1s 365\" \/>\n\t\t<meta name=\"twitter:description\" content=\"(EP) - El tenista espa\u00f1ol Mart\u00edn Landaluce, campe\u00f3n junior del Abierto de los Estados Unidos, jugar\u00e1 la primera edici\u00f3n del Gij\u00f3n Open, torneo puntuable\" \/>\n\t\t<meta name=\"twitter:creator\" content=\"@nbasturias\" \/>\n\t\t<meta name=\"twitter:image\" content=\"https:\/\/candas365.es\/noticias\/wp-content\/uploads\/2022\/10\/Landaluce.jpg\" \/>\n\t\t<meta name=\"twitter:label1\" content=\"Escrito por\" \/>\n\t\t<meta name=\"twitter:data1\" content=\"Cand\u00e1s 365\" \/>\n\t\t<meta name=\"twitter:label2\" content=\"Tiempo de lectura estimado\" \/>\n\t\t<meta name=\"twitter:data2\" content=\"1 minuto\" \/>\n\t\t<script type=\"application\/ld+json\" class=\"aioseo-schema\">\n\t\t\t{\"@context\":\"https:\\\/\\\/schema.org\",\"@graph\":[{\"@type\":\"BreadcrumbList\",\"@id\":\"https:\\\/\\\/candas365.es\\\/noticias\\\/martin-landaluce-jugara-la-primera-edicion-del-gijon-open\\\/#breadcrumblist\",\"itemListElement\":[{\"@type\":\"ListItem\",\"@id\":\"https:\\\/\\\/candas365.es\\\/noticias#listItem\",\"position\":1,\"name\":\"Home\",\"item\":\"https:\\\/\\\/candas365.es\\\/noticias\",\"nextItem\":{\"@type\":\"ListItem\",\"@id\":\"https:\\\/\\\/candas365.es\\\/noticias\\\/category\\\/deporte\\\/#listItem\",\"name\":\"Deporte\"}},{\"@type\":\"ListItem\",\"@id\":\"https:\\\/\\\/candas365.es\\\/noticias\\\/category\\\/deporte\\\/#listItem\",\"position\":2,\"name\":\"Deporte\",\"item\":\"https:\\\/\\\/candas365.es\\\/noticias\\\/category\\\/deporte\\\/\",\"nextItem\":{\"@type\":\"ListItem\",\"@id\":\"https:\\\/\\\/candas365.es\\\/noticias\\\/martin-landaluce-jugara-la-primera-edicion-del-gijon-open\\\/#listItem\",\"name\":\"Mart\\u00edn Landaluce jugar\\u00e1 la primera edici\\u00f3n del Gij\\u00f3n Open\"},\"previousItem\":{\"@type\":\"ListItem\",\"@id\":\"https:\\\/\\\/candas365.es\\\/noticias#listItem\",\"name\":\"Home\"}},{\"@type\":\"ListItem\",\"@id\":\"https:\\\/\\\/candas365.es\\\/noticias\\\/martin-landaluce-jugara-la-primera-edicion-del-gijon-open\\\/#listItem\",\"position\":3,\"name\":\"Mart\\u00edn Landaluce jugar\\u00e1 la primera edici\\u00f3n del Gij\\u00f3n Open\",\"previousItem\":{\"@type\":\"ListItem\",\"@id\":\"https:\\\/\\\/candas365.es\\\/noticias\\\/category\\\/deporte\\\/#listItem\",\"name\":\"Deporte\"}}]},{\"@type\":\"NewsArticle\",\"@id\":\"https:\\\/\\\/candas365.es\\\/noticias\\\/martin-landaluce-jugara-la-primera-edicion-del-gijon-open\\\/#newsarticle\",\"name\":\"Mart\\u00edn Landaluce jugar\\u00e1 la primera edici\\u00f3n del Gij\\u00f3n Open | Cand\\u00e1s 365\",\"headline\":\"Mart\\u00edn Landaluce jugar\\u00e1 la primera edici\\u00f3n del Gij\\u00f3n Open\",\"author\":{\"@id\":\"https:\\\/\\\/candas365.es\\\/noticias\\\/author\\\/admin\\\/#author\"},\"publisher\":{\"@id\":\"https:\\\/\\\/candas365.es\\\/noticias\\\/#organization\"},\"image\":{\"@type\":\"ImageObject\",\"url\":\"https:\\\/\\\/candas365.es\\\/noticias\\\/wp-content\\\/uploads\\\/2022\\\/10\\\/Landaluce.jpg\",\"width\":936,\"height\":618,\"caption\":\"FOTO: MIGUEL \\u00c1NGEL ZUBIARRAIN\\\/RFET \\\/ Europa Press\"},\"datePublished\":\"2022-10-03T23:43:51+02:00\",\"dateModified\":\"2022-10-03T23:43:51+02:00\",\"inLanguage\":\"es-ES\",\"mainEntityOfPage\":{\"@id\":\"https:\\\/\\\/candas365.es\\\/noticias\\\/martin-landaluce-jugara-la-primera-edicion-del-gijon-open\\\/#webpage\"},\"isPartOf\":{\"@id\":\"https:\\\/\\\/candas365.es\\\/noticias\\\/martin-landaluce-jugara-la-primera-edicion-del-gijon-open\\\/#webpage\"},\"articleSection\":\"Deporte, deporte, Tenis\",\"dateline\":\"Publicado el octubre 3, 2022.\"},{\"@type\":\"Organization\",\"@id\":\"https:\\\/\\\/candas365.es\\\/noticias\\\/#organization\",\"name\":\"Cand\\u00e1s 365\",\"description\":\"Cand\\u00e1s 365 es un diario digital independiente, fundado en 2012, con base en Asturias. Informamos con rigor sobre actualidad, sociedad, cultura y ocio, con una mirada local y global.\",\"url\":\"https:\\\/\\\/candas365.es\\\/noticias\\\/\",\"email\":\"info@candas365.es\",\"telephone\":\"+34652131393\",\"foundingDate\":\"2012-06-10\",\"logo\":{\"@type\":\"ImageObject\",\"url\":\"https:\\\/\\\/candas365.es\\\/noticias\\\/wp-content\\\/uploads\\\/2024\\\/09\\\/Candas-365-Redes.jpg\",\"@id\":\"https:\\\/\\\/candas365.es\\\/noticias\\\/martin-landaluce-jugara-la-primera-edicion-del-gijon-open\\\/#organizationLogo\",\"width\":1152,\"height\":864,\"caption\":\"Cand\\u00e1s 365 Redes\"},\"image\":{\"@id\":\"https:\\\/\\\/candas365.es\\\/noticias\\\/martin-landaluce-jugara-la-primera-edicion-del-gijon-open\\\/#organizationLogo\"},\"sameAs\":[\"https:\\\/\\\/www.facebook.com\\\/Nachofdezber\",\"https:\\\/\\\/x.com\\\/NabercoDigital\",\"https:\\\/\\\/www.instagram.com\\\/nachofdezber\\\/\",\"https:\\\/\\\/www.youtube.com\\\/channel\\\/UCZP-2wLEB9Rv6erhFmqVnvg\"],\"address\":{\"@id\":\"https:\\\/\\\/candas365.es\\\/noticias\\\/#postaladdress\",\"@type\":\"PostalAddress\",\"streetAddress\":\"san antonio 4, san antonio 4\",\"postalCode\":\"33430\",\"addressLocality\":\"Cand\\u00e1s\",\"addressRegion\":\"Asturias\",\"addressCountry\":\"ES\"}},{\"@type\":\"Person\",\"@id\":\"https:\\\/\\\/candas365.es\\\/noticias\\\/author\\\/admin\\\/#author\",\"url\":\"https:\\\/\\\/candas365.es\\\/noticias\\\/author\\\/admin\\\/\",\"name\":\"Cand\\u00e1s 365\",\"image\":{\"@type\":\"ImageObject\",\"@id\":\"https:\\\/\\\/candas365.es\\\/noticias\\\/martin-landaluce-jugara-la-primera-edicion-del-gijon-open\\\/#authorImage\",\"url\":\"https:\\\/\\\/secure.gravatar.com\\\/avatar\\\/496a8e03d0c493ede1718b7934145dbdf8d89be1036b0eec9544e1094c9de390?s=96&d=mm&r=g\",\"width\":96,\"height\":96,\"caption\":\"Cand\\u00e1s 365\"},\"sameAs\":[\"https:\\\/\\\/www.facebook.com\\\/carrenoactualidad\",\"https:\\\/\\\/twitter.com\\\/nbasturias\",\"https:\\\/\\\/www.instagram.com\\\/nachofdezber\\\/\",\"https:\\\/\\\/www.youtube.com\\\/channel\\\/UCZP-2wLEB9Rv6erhFmqVnvg\"]},{\"@type\":\"WebPage\",\"@id\":\"https:\\\/\\\/candas365.es\\\/noticias\\\/martin-landaluce-jugara-la-primera-edicion-del-gijon-open\\\/#webpage\",\"url\":\"https:\\\/\\\/candas365.es\\\/noticias\\\/martin-landaluce-jugara-la-primera-edicion-del-gijon-open\\\/\",\"name\":\"Mart\\u00edn Landaluce jugar\\u00e1 la primera edici\\u00f3n del Gij\\u00f3n Open | Cand\\u00e1s 365\",\"description\":\"(EP) - El tenista espa\\u00f1ol Mart\\u00edn Landaluce, campe\\u00f3n junior del Abierto de los Estados Unidos, jugar\\u00e1 la primera edici\\u00f3n del Gij\\u00f3n Open, torneo puntuable\",\"inLanguage\":\"es-ES\",\"isPartOf\":{\"@id\":\"https:\\\/\\\/candas365.es\\\/noticias\\\/#website\"},\"breadcrumb\":{\"@id\":\"https:\\\/\\\/candas365.es\\\/noticias\\\/martin-landaluce-jugara-la-primera-edicion-del-gijon-open\\\/#breadcrumblist\"},\"author\":{\"@id\":\"https:\\\/\\\/candas365.es\\\/noticias\\\/author\\\/admin\\\/#author\"},\"creator\":{\"@id\":\"https:\\\/\\\/candas365.es\\\/noticias\\\/author\\\/admin\\\/#author\"},\"image\":{\"@type\":\"ImageObject\",\"url\":\"https:\\\/\\\/candas365.es\\\/noticias\\\/wp-content\\\/uploads\\\/2022\\\/10\\\/Landaluce.jpg\",\"@id\":\"https:\\\/\\\/candas365.es\\\/noticias\\\/martin-landaluce-jugara-la-primera-edicion-del-gijon-open\\\/#mainImage\",\"width\":936,\"height\":618,\"caption\":\"FOTO: MIGUEL \\u00c1NGEL ZUBIARRAIN\\\/RFET \\\/ Europa Press\"},\"primaryImageOfPage\":{\"@id\":\"https:\\\/\\\/candas365.es\\\/noticias\\\/martin-landaluce-jugara-la-primera-edicion-del-gijon-open\\\/#mainImage\"},\"datePublished\":\"2022-10-03T23:43:51+02:00\",\"dateModified\":\"2022-10-03T23:43:51+02:00\"},{\"@type\":\"WebSite\",\"@id\":\"https:\\\/\\\/candas365.es\\\/noticias\\\/#website\",\"url\":\"https:\\\/\\\/candas365.es\\\/noticias\\\/\",\"name\":\"Cand\\u00e1s 365\",\"alternateName\":\"Cand\\u00e1s 365 Noticias\",\"description\":\"Actualidad desde Carre\\u00f1o para el mundo\",\"inLanguage\":\"es-ES\",\"publisher\":{\"@id\":\"https:\\\/\\\/candas365.es\\\/noticias\\\/#organization\"}}]}\n\t\t<\/script>\n\t\t<!-- All in One SEO Pro -->\r\n\t\t<title>Mart\u00edn Landaluce jugar\u00e1 la primera edici\u00f3n del Gij\u00f3n Open | Cand\u00e1s 365<\/title>\n\n","aioseo_head_json":{"title":"Mart\u00edn Landaluce jugar\u00e1 la primera edici\u00f3n del Gij\u00f3n Open | Cand\u00e1s 365","description":"(EP) - El tenista espa\u00f1ol Mart\u00edn Landaluce, campe\u00f3n junior del Abierto de los Estados Unidos, jugar\u00e1 la primera edici\u00f3n del Gij\u00f3n Open, torneo puntuable","canonical_url":"https:\/\/candas365.es\/noticias\/martin-landaluce-jugara-la-primera-edicion-del-gijon-open\/","robots":"max-image-preview:large","keywords":"deporte","webmasterTools":{"google-site-verification":"UA-32230408-1","msvalidate.01":"354F3CDFB2DA171B47FBE9ABF1F88D5","miscellaneous":""},"schema":{"@context":"https:\/\/schema.org","@graph":[{"@type":"BreadcrumbList","@id":"https:\/\/candas365.es\/noticias\/martin-landaluce-jugara-la-primera-edicion-del-gijon-open\/#breadcrumblist","itemListElement":[{"@type":"ListItem","@id":"https:\/\/candas365.es\/noticias#listItem","position":1,"name":"Home","item":"https:\/\/candas365.es\/noticias","nextItem":{"@type":"ListItem","@id":"https:\/\/candas365.es\/noticias\/category\/deporte\/#listItem","name":"Deporte"}},{"@type":"ListItem","@id":"https:\/\/candas365.es\/noticias\/category\/deporte\/#listItem","position":2,"name":"Deporte","item":"https:\/\/candas365.es\/noticias\/category\/deporte\/","nextItem":{"@type":"ListItem","@id":"https:\/\/candas365.es\/noticias\/martin-landaluce-jugara-la-primera-edicion-del-gijon-open\/#listItem","name":"Mart\u00edn Landaluce jugar\u00e1 la primera edici\u00f3n del Gij\u00f3n Open"},"previousItem":{"@type":"ListItem","@id":"https:\/\/candas365.es\/noticias#listItem","name":"Home"}},{"@type":"ListItem","@id":"https:\/\/candas365.es\/noticias\/martin-landaluce-jugara-la-primera-edicion-del-gijon-open\/#listItem","position":3,"name":"Mart\u00edn Landaluce jugar\u00e1 la primera edici\u00f3n del Gij\u00f3n Open","previousItem":{"@type":"ListItem","@id":"https:\/\/candas365.es\/noticias\/category\/deporte\/#listItem","name":"Deporte"}}]},{"@type":"NewsArticle","@id":"https:\/\/candas365.es\/noticias\/martin-landaluce-jugara-la-primera-edicion-del-gijon-open\/#newsarticle","name":"Mart\u00edn Landaluce jugar\u00e1 la primera edici\u00f3n del Gij\u00f3n Open | Cand\u00e1s 365","headline":"Mart\u00edn Landaluce jugar\u00e1 la primera edici\u00f3n del Gij\u00f3n Open","author":{"@id":"https:\/\/candas365.es\/noticias\/author\/admin\/#author"},"publisher":{"@id":"https:\/\/candas365.es\/noticias\/#organization"},"image":{"@type":"ImageObject","url":"https:\/\/candas365.es\/noticias\/wp-content\/uploads\/2022\/10\/Landaluce.jpg","width":936,"height":618,"caption":"FOTO: MIGUEL \u00c1NGEL ZUBIARRAIN\/RFET \/ Europa Press"},"datePublished":"2022-10-03T23:43:51+02:00","dateModified":"2022-10-03T23:43:51+02:00","inLanguage":"es-ES","mainEntityOfPage":{"@id":"https:\/\/candas365.es\/noticias\/martin-landaluce-jugara-la-primera-edicion-del-gijon-open\/#webpage"},"isPartOf":{"@id":"https:\/\/candas365.es\/noticias\/martin-landaluce-jugara-la-primera-edicion-del-gijon-open\/#webpage"},"articleSection":"Deporte, deporte, Tenis","dateline":"Publicado el octubre 3, 2022."},{"@type":"Organization","@id":"https:\/\/candas365.es\/noticias\/#organization","name":"Cand\u00e1s 365","description":"Cand\u00e1s 365 es un diario digital independiente, fundado en 2012, con base en Asturias. Informamos con rigor sobre actualidad, sociedad, cultura y ocio, con una mirada local y global.","url":"https:\/\/candas365.es\/noticias\/","email":"info@candas365.es","telephone":"+34652131393","foundingDate":"2012-06-10","logo":{"@type":"ImageObject","url":"https:\/\/candas365.es\/noticias\/wp-content\/uploads\/2024\/09\/Candas-365-Redes.jpg","@id":"https:\/\/candas365.es\/noticias\/martin-landaluce-jugara-la-primera-edicion-del-gijon-open\/#organizationLogo","width":1152,"height":864,"caption":"Cand\u00e1s 365 Redes"},"image":{"@id":"https:\/\/candas365.es\/noticias\/martin-landaluce-jugara-la-primera-edicion-del-gijon-open\/#organizationLogo"},"sameAs":["https:\/\/www.facebook.com\/Nachofdezber","https:\/\/x.com\/NabercoDigital","https:\/\/www.instagram.com\/nachofdezber\/","https:\/\/www.youtube.com\/channel\/UCZP-2wLEB9Rv6erhFmqVnvg"],"address":{"@id":"https:\/\/candas365.es\/noticias\/#postaladdress","@type":"PostalAddress","streetAddress":"san antonio 4, san antonio 4","postalCode":"33430","addressLocality":"Cand\u00e1s","addressRegion":"Asturias","addressCountry":"ES"}},{"@type":"Person","@id":"https:\/\/candas365.es\/noticias\/author\/admin\/#author","url":"https:\/\/candas365.es\/noticias\/author\/admin\/","name":"Cand\u00e1s 365","image":{"@type":"ImageObject","@id":"https:\/\/candas365.es\/noticias\/martin-landaluce-jugara-la-primera-edicion-del-gijon-open\/#authorImage","url":"https:\/\/secure.gravatar.com\/avatar\/496a8e03d0c493ede1718b7934145dbdf8d89be1036b0eec9544e1094c9de390?s=96&d=mm&r=g","width":96,"height":96,"caption":"Cand\u00e1s 365"},"sameAs":["https:\/\/www.facebook.com\/carrenoactualidad","https:\/\/twitter.com\/nbasturias","https:\/\/www.instagram.com\/nachofdezber\/","https:\/\/www.youtube.com\/channel\/UCZP-2wLEB9Rv6erhFmqVnvg"]},{"@type":"WebPage","@id":"https:\/\/candas365.es\/noticias\/martin-landaluce-jugara-la-primera-edicion-del-gijon-open\/#webpage","url":"https:\/\/candas365.es\/noticias\/martin-landaluce-jugara-la-primera-edicion-del-gijon-open\/","name":"Mart\u00edn Landaluce jugar\u00e1 la primera edici\u00f3n del Gij\u00f3n Open | Cand\u00e1s 365","description":"(EP) - El tenista espa\u00f1ol Mart\u00edn Landaluce, campe\u00f3n junior del Abierto de los Estados Unidos, jugar\u00e1 la primera edici\u00f3n del Gij\u00f3n Open, torneo puntuable","inLanguage":"es-ES","isPartOf":{"@id":"https:\/\/candas365.es\/noticias\/#website"},"breadcrumb":{"@id":"https:\/\/candas365.es\/noticias\/martin-landaluce-jugara-la-primera-edicion-del-gijon-open\/#breadcrumblist"},"author":{"@id":"https:\/\/candas365.es\/noticias\/author\/admin\/#author"},"creator":{"@id":"https:\/\/candas365.es\/noticias\/author\/admin\/#author"},"image":{"@type":"ImageObject","url":"https:\/\/candas365.es\/noticias\/wp-content\/uploads\/2022\/10\/Landaluce.jpg","@id":"https:\/\/candas365.es\/noticias\/martin-landaluce-jugara-la-primera-edicion-del-gijon-open\/#mainImage","width":936,"height":618,"caption":"FOTO: MIGUEL \u00c1NGEL ZUBIARRAIN\/RFET \/ Europa Press"},"primaryImageOfPage":{"@id":"https:\/\/candas365.es\/noticias\/martin-landaluce-jugara-la-primera-edicion-del-gijon-open\/#mainImage"},"datePublished":"2022-10-03T23:43:51+02:00","dateModified":"2022-10-03T23:43:51+02:00"},{"@type":"WebSite","@id":"https:\/\/candas365.es\/noticias\/#website","url":"https:\/\/candas365.es\/noticias\/","name":"Cand\u00e1s 365","alternateName":"Cand\u00e1s 365 Noticias","description":"Actualidad desde Carre\u00f1o para el mundo","inLanguage":"es-ES","publisher":{"@id":"https:\/\/candas365.es\/noticias\/#organization"}}]},"og:locale":"es_ES","og:site_name":"Cand\u00e1s 365","og:type":"article","og:title":"Mart\u00edn Landaluce jugar\u00e1 la primera edici\u00f3n del Gij\u00f3n Open | Cand\u00e1s 365","og:description":"(EP) - El tenista espa\u00f1ol Mart\u00edn Landaluce, campe\u00f3n junior del Abierto de los Estados Unidos, jugar\u00e1 la primera edici\u00f3n del Gij\u00f3n Open, torneo puntuable","og:url":"https:\/\/candas365.es\/noticias\/martin-landaluce-jugara-la-primera-edicion-del-gijon-open\/","og:image":"https:\/\/candas365.es\/noticias\/wp-content\/uploads\/2022\/10\/Landaluce.jpg","og:image:secure_url":"https:\/\/candas365.es\/noticias\/wp-content\/uploads\/2022\/10\/Landaluce.jpg","og:image:width":936,"og:image:height":618,"article:published_time":"2022-10-03T21:43:51+00:00","article:modified_time":"2022-10-03T21:43:51+00:00","article:publisher":"https:\/\/www.facebook.com\/Nachofdezber","article:author":"https:\/\/www.facebook.com\/carrenoactualidad","twitter:card":"summary_large_image","twitter:site":"@NabercoDigital","twitter:title":"Mart\u00edn Landaluce jugar\u00e1 la primera edici\u00f3n del Gij\u00f3n Open | Cand\u00e1s 365","twitter:description":"(EP) - El tenista espa\u00f1ol Mart\u00edn Landaluce, campe\u00f3n junior del Abierto de los Estados Unidos, jugar\u00e1 la primera edici\u00f3n del Gij\u00f3n Open, torneo puntuable","twitter:creator":"@nbasturias","twitter:image":"https:\/\/candas365.es\/noticias\/wp-content\/uploads\/2022\/10\/Landaluce.jpg","twitter:label1":"Escrito por","twitter:data1":"Cand\u00e1s 365","twitter:label2":"Tiempo de lectura estimado","twitter:data2":"1 minuto"},"aioseo_meta_data":{"post_id":"167015","title":null,"description":"(EP) - El tenista espa\u00f1ol Mart\u00edn Landaluce, campe\u00f3n junior del Abierto de los Estados Unidos, jugar\u00e1 la primera edici\u00f3n del Gij\u00f3n Open, torneo puntuable","keywords":[],"keyphrases":{"focus":{"keyphrase":"Landaluce","score":92,"analysis":{"keyphraseInTitle":{"title":"Focus keyphrase in SEO title","description":"Focus keyphrase found in SEO title.","score":9,"maxScore":9,"error":0},"keyphraseInDescription":{"title":"Focus keyphrase in meta description","description":"Focus keyphrase found in meta description.","score":9,"maxScore":9,"error":0},"keyphraseLength":{"title":"Focus keyphrase length","description":"Good job!","score":9,"maxScore":9,"error":0,"length":1},"keyphraseInURL":{"title":"Focus keyphrase in URL","description":"Focus keyphrase not found in the URL.","score":1,"maxScore":5,"error":1},"keyphraseInIntroduction":{"title":"Focus keyphrase in introduction","description":"Your Focus keyphrase appears in the first paragraph. Well done!","score":9,"maxScore":9,"error":0},"keyphraseInSubHeadings":[],"keyphraseInImageAlt":{"title":"Focus keyphrase in image alt attributes","description":"Focus keyphrase found in image alt attribute(s).","score":9,"maxScore":9,"error":0}}},"additional":[{"keyphrase":"Mart\u00edn Landaluce","score":83,"analysis":{"keyphraseInDescription":{"title":"Keyphrase in meta description","description":"Keyphrase found in meta description.","score":9,"maxScore":9,"error":0},"keyphraseLength":{"title":"Keyphrase length","description":"Good job!","score":9,"maxScore":9,"error":0,"length":2},"keyphraseInIntroduction":{"title":"Keyphrase in introduction","description":"Your Keyphrase appears in the first paragraph. Well done!","score":9,"maxScore":9,"error":0},"keyphraseInImageAlt":{"title":"Keyphrase in image alt attributes","description":"Keyphrase not found in image alt attribute(s). Add an image with your Keyphrase as alt text.","score":3,"maxScore":9,"error":1}}},{"keyphrase":"Gij\u00f3n Open","score":83,"analysis":{"keyphraseInDescription":{"title":"Keyphrase in meta description","description":"Keyphrase found in meta description.","score":9,"maxScore":9,"error":0},"keyphraseLength":{"title":"Keyphrase length","description":"Good job!","score":9,"maxScore":9,"error":0,"length":2},"keyphraseInIntroduction":{"title":"Keyphrase in introduction","description":"Your Keyphrase appears in the first paragraph. Well done!","score":9,"maxScore":9,"error":0},"keyphraseInImageAlt":{"title":"Keyphrase in image alt attributes","description":"Keyphrase not found in image alt attribute(s). Add an image with your Keyphrase as alt text.","score":3,"maxScore":9,"error":1}}}]},"primary_term":null,"canonical_url":null,"og_title":null,"og_description":null,"og_object_type":"default","og_image_type":"default","og_image_url":null,"og_image_width":null,"og_image_height":null,"og_image_custom_url":null,"og_image_custom_fields":null,"og_video":"","og_custom_url":null,"og_article_section":null,"og_article_tags":[],"twitter_use_og":false,"twitter_card":"default","twitter_image_type":"default","twitter_image_url":null,"twitter_image_custom_url":null,"twitter_image_custom_fields":null,"twitter_title":null,"twitter_description":null,"schema":{"blockGraphs":[],"customGraphs":[],"default":{"data":{"Article":[],"Course":[],"Dataset":[],"FAQPage":[],"Movie":[],"Person":[],"Product":[],"ProductReview":[],"Car":[],"Recipe":[],"Service":[],"SoftwareApplication":[],"WebPage":[]},"graphName":"","isEnabled":true},"graphs":[]},"schema_type":"default","schema_type_options":null,"pillar_content":false,"robots_default":true,"robots_noindex":false,"robots_noarchive":false,"robots_nosnippet":false,"robots_nofollow":false,"robots_noimageindex":false,"robots_noodp":false,"robots_notranslate":false,"robots_max_snippet":"-1","robots_max_videopreview":"-1","robots_max_imagepreview":"large","priority":null,"frequency":"default","location":null,"local_seo":null,"seo_analyzer_scan_date":"2025-09-01 13:12:18","breadcrumb_settings":null,"limit_modified_date":false,"reviewed_by":null,"open_ai":null,"ai":null,"created":"2022-10-03 21:35:51","updated":"2025-09-01 13:12:18"},"aioseo_breadcrumb":"<div class=\"aioseo-breadcrumbs\"><span class=\"aioseo-breadcrumb\">\n\t<a href=\"https:\/\/candas365.es\/noticias\" title=\"Home\">Home<\/a>\n<\/span><span class=\"aioseo-breadcrumb-separator\">&ndash;<\/span><span class=\"aioseo-breadcrumb\">\n\t<a href=\"https:\/\/candas365.es\/noticias\/category\/deporte\/\" title=\"Deporte\">Deporte<\/a>\n<\/span><span class=\"aioseo-breadcrumb-separator\">&ndash;<\/span><span class=\"aioseo-breadcrumb\">\n\tMart\u00edn Landaluce jugar\u00e1 la primera edici\u00f3n del Gij\u00f3n Open\n<\/span><\/div>","aioseo_breadcrumb_json":[{"label":"Home","link":"https:\/\/candas365.es\/noticias"},{"label":"Deporte","link":"https:\/\/candas365.es\/noticias\/category\/deporte\/"},{"label":"Mart\u00edn Landaluce jugar\u00e1 la primera edici\u00f3n del Gij\u00f3n Open","link":"https:\/\/candas365.es\/noticias\/martin-landaluce-jugara-la-primera-edicion-del-gijon-open\/"}],"_links":{"self":[{"href":"https:\/\/candas365.es\/noticias\/wp-json\/wp\/v2\/posts\/167015","targetHints":{"allow":["GET"]}}],"collection":[{"href":"https:\/\/candas365.es\/noticias\/wp-json\/wp\/v2\/posts"}],"about":[{"href":"https:\/\/candas365.es\/noticias\/wp-json\/wp\/v2\/types\/post"}],"author":[{"embeddable":true,"href":"https:\/\/candas365.es\/noticias\/wp-json\/wp\/v2\/users\/1"}],"replies":[{"embeddable":true,"href":"https:\/\/candas365.es\/noticias\/wp-json\/wp\/v2\/comments?post=167015"}],"version-history":[{"count":0,"href":"https:\/\/candas365.es\/noticias\/wp-json\/wp\/v2\/posts\/167015\/revisions"}],"wp:featuredmedia":[{"embeddable":true,"href":"https:\/\/candas365.es\/noticias\/wp-json\/wp\/v2\/media\/167016"}],"wp:attachment":[{"href":"https:\/\/candas365.es\/noticias\/wp-json\/wp\/v2\/media?parent=167015"}],"wp:term":[{"taxonomy":"category","embeddable":true,"href":"https:\/\/candas365.es\/noticias\/wp-json\/wp\/v2\/categories?post=167015"},{"taxonomy":"post_tag","embeddable":true,"href":"https:\/\/candas365.es\/noticias\/wp-json\/wp\/v2\/tags?post=167015"}],"curies":[{"name":"wp","href":"https:\/\/api.w.org\/{rel}","templated":true}]}}