{"id":166936,"date":"2022-10-02T20:42:42","date_gmt":"2022-10-02T18:42:42","guid":{"rendered":"https:\/\/candas365.es\/noticias\/?p=166936"},"modified":"2022-10-02T20:42:42","modified_gmt":"2022-10-02T18:42:42","slug":"el-psoe-conmemorara-la-victoria-de-gonzalez","status":"publish","type":"post","link":"https:\/\/candas365.es\/noticias\/el-psoe-conmemorara-la-victoria-de-gonzalez\/","title":{"rendered":"El PSOE conmemorar\u00e1 la victoria de Gonz\u00e1lez"},"content":{"rendered":"<p>(EP) &#8211; El <span style=\"color: #ff6600;\"><a style=\"color: #ff6600;\" href=\"https:\/\/www.eldigitaldeasturias.com\/noticias\/el-psoe-quiere-impulsar-al-maximo-la-mineria-en-espana\/\" target=\"_blank\" rel=\"noopener\"><strong>PSOE<\/strong><\/a><\/span> prepara una campa\u00f1a de actos a lo largo de toda Espa\u00f1a para conmemorar el 40 aniversario de la <a href=\"https:\/\/es.wikipedia.org\/wiki\/Elecciones_generales_de_Espa%C3%B1a_de_1982\" target=\"_blank\" rel=\"noopener\"><span style=\"color: #ff6600;\"><strong>victoria de Felipe Gonz\u00e1lez el 28 de octubre de 1982<\/strong><\/span><\/a>, entre los que estar\u00e1n un gran acto con el presidente y los expresidentes socialistas del Gobierno. Madrid, Barcelona y Sevilla ser\u00e1n los puntos donde se van a concretar las actividades, seg\u00fan informaron a Europa Press fuentes socialistas.<\/p>\n<figure id=\"attachment_166937\" aria-describedby=\"caption-attachment-166937\" style=\"width: 650px\" class=\"wp-caption aligncenter\"><img fetchpriority=\"high\" decoding=\"async\" class=\"wp-image-166937 size-large\" src=\"https:\/\/candas365.es\/noticias\/wp-content\/uploads\/2022\/10\/Gonzalez-650x426.jpg\" alt=\"Gonz\u00e1lez\" width=\"650\" height=\"426\" srcset=\"https:\/\/candas365.es\/noticias\/wp-content\/uploads\/2022\/10\/Gonzalez-650x426.jpg 650w, https:\/\/candas365.es\/noticias\/wp-content\/uploads\/2022\/10\/Gonzalez-360x236.jpg 360w, https:\/\/candas365.es\/noticias\/wp-content\/uploads\/2022\/10\/Gonzalez-768x503.jpg 768w, https:\/\/candas365.es\/noticias\/wp-content\/uploads\/2022\/10\/Gonzalez-150x98.jpg 150w, https:\/\/candas365.es\/noticias\/wp-content\/uploads\/2022\/10\/Gonzalez-450x295.jpg 450w, https:\/\/candas365.es\/noticias\/wp-content\/uploads\/2022\/10\/Gonzalez.jpg 1006w\" sizes=\"(max-width: 650px) 100vw, 650px\" \/><figcaption id=\"caption-attachment-166937\" class=\"wp-caption-text\">Foto: Gustavo de la Paz &#8211; Europa Press<\/figcaption><\/figure>\n<p>En Ferraz a\u00fan est\u00e1n cerrando la organizaci\u00f3n de estos eventos y barajan que el mitin central, al que acudir\u00e1 la c\u00fapula del partido al completo m\u00e1s algunos l\u00edderes hist\u00f3ricos, pueda celebrarse en Sevilla el s\u00e1bado 29 de octubre.<\/p>\n<p>Los socialistas se volcar\u00e1n en este aniversario que supuso un triunfo hist\u00f3rico para el PSOE, el primero despu\u00e9s de la Segunda Rep\u00fablica. Proporcion\u00f3 a este partido una ampl\u00edsima mayor\u00eda absoluta que no se ha vuelto a repetir,<strong> 202 esca\u00f1os de los 350 del Congreso de los Diputados<\/strong>, despu\u00e9s de arrastrar m\u00e1s de 10 millones de votos (el 46%) en una jornada en la que vot\u00f3 casi el 80 por ciento del censo y tras protagonizar una campa\u00f1a electoral bajo el lema \u00abPor el cambio\u00bb.<\/p>\n<h2>LA &#8216;FOTO DEL PALACE&#8217;<\/h2>\n<p>La &#8216;foto del Palace&#8217;, que forma ya parte de la historia de Espa\u00f1a,<strong> escenific\u00f3 la victoria con Felipe Gonz\u00e1lez y Alfonso Guerra saliendo al balc\u00f3n de la Suite 110 del citado hotel<\/strong>, siendo aclamados por la multitud concentrada para celebrar el triunfo socialista.<\/p>\n<p>Esta victoria del PSOE tambi\u00e9n cambi\u00f3 por completo el panorama pol\u00edtico espa\u00f1ol, con la casi desaparici\u00f3n de la Uni\u00f3n de Centro Democr\u00e1tico (UCD), que ven\u00eda sufriendo una grave crisis interna, sucedi\u00e9ndole la Alianza Popular de Manuel Fraga como principal partido de la oposici\u00f3n, el embri\u00f3n del actual Partido Popular.<\/p>\n<p>Los problemas de la UCD hab\u00edan provocado ya la dimisi\u00f3n del presidente, Adolfo Su\u00e1rez en 1981 y, posteriormente, la convocatoria anticipada de elecciones por parte de Calvo Sotelo. Entre medias se produjo el fracasado golpe de Estado del teniente coronel Tejero el 23F de 1981.<\/p>\n<p>Ahora, cuando se cumplen 40 a\u00f1os, <strong>los socialistas quieren traer a la memoria aquel momento<\/strong>. Para ello tienen previsto llevar a cabo una campa\u00f1a de actos a lo largo de la geograf\u00eda espa\u00f1ola. Uno de ellos tendr\u00e1 lugar previsiblemente en Sevilla &#8211;ciudad natal de Felipe Gonz\u00e1lez&#8211; aunque tambi\u00e9n se contempla Madrid, para realizar el acto central de las conmemoraciones, donde se prev\u00e9 contar, adem\u00e1s de con Felipe Gonz\u00e1lez, con el presidente del Gobierno, Pedro S\u00e1nchez.<\/p>\n<h2>EXPOSICIONES Y DOCUMENTALES<\/h2>\n<p>La idea, seg\u00fan fuentes socialistas, es que acudan tambi\u00e9n los presidentes auton\u00f3micos y antiguos dirigentes hist\u00f3ricos del partido, con la inc\u00f3gnita de si asistir\u00e1n Manuel Chaves, quien adem\u00e1s de haber sido 19 a\u00f1os presidentes de la Junta de Andaluc\u00eda tambi\u00e9n fue presidente del PSOE y <a href=\"https:\/\/candas365.es\/noticias\/el-supremo-dice-que-grinan-conocia-la-ilegalidad-con-los-ere\/\"><span style=\"color: #ff6600;\"><strong>Jos\u00e9 Antonio Gri\u00f1\u00e1n<\/strong><\/span><\/a> &#8211;con 4 a\u00f1os al frente de la Junta andaluza y dos en la presidencia del PSOE&#8211;, despu\u00e9s de haber sido condenados por el &#8216;caso ERE&#8217;.<\/p>\n<p>Independientemente de donde se celebre el acto principal,<strong> el homenaje a la victoria de Felipe tendr\u00e1 presencia tanto en la capital de Espa\u00f1a como en Sevilla<\/strong>. En Madrid la idea que contemplan en el partido es realizar actividades en la sede nacional del partido en la calle Ferraz y estudian, entre otras cosas, montar una exposici\u00f3n y proyectar un documental, siempre con el &#8216;leit motiv&#8217; de la gran victoria de 1982 de fondo.<\/p>\n<p>Sevilla, por su parte, es fundamental para el devenir electoral del partido, que se enfrenta a un a\u00f1o electoral en 2023 con municipales y auton\u00f3micas en mayo y elecciones generales unos meses despu\u00e9s. Los socialistas han incrementado su presencia en la localidad en las \u00faltimas semanas y fue precisamente el punto de inicio de la gira de 30 actos en los que S\u00e1nchez busca acercarse a su electorado y explicar la acci\u00f3n del Gobierno.<\/p>\n<p>Tambi\u00e9n habr\u00e1 otro acto en Barcelona con el PSC adem\u00e1s de otras localidades a lo largo de la geograf\u00eda nacional. En total, los actos se prolongar\u00e1n durante unos cinco d\u00edas, seg\u00fan indican las fuentes consultadas.<\/p>\n","protected":false},"excerpt":{"rendered":"<p>(EP) &#8211; El PSOE prepara una campa\u00f1a de actos a lo largo de toda Espa\u00f1a para conmemorar el 40 aniversario de la victoria de Felipe Gonz\u00e1lez el 28 de octubre de 1982, entre los que estar\u00e1n un gran acto con el presidente y los expresidentes socialistas del Gobierno. Madrid, Barcelona y Sevilla ser\u00e1n los puntos<\/p>\n","protected":false},"author":1,"featured_media":166937,"comment_status":"closed","ping_status":"closed","sticky":false,"template":"","format":"standard","meta":{"footnotes":""},"categories":[343,316],"tags":[466,470,494],"class_list":{"0":"post-166936","1":"post","2":"type-post","3":"status-publish","4":"format-standard","5":"has-post-thumbnail","7":"category-actualidad","8":"category-destacadas","9":"tag-espana","10":"tag-politica","11":"tag-psoe"},"aioseo_notices":[],"aioseo_head":"\n\t\t<!-- All in One SEO Pro 4.9.6.2 - aioseo.com -->\n\t<meta name=\"description\" content=\"EP) - El PSOE prepara una campa\u00f1a de actos a lo largo de toda Espa\u00f1a para conmemorar el 40 aniversario de la victoria de Felipe Gonz\u00e1lez\" \/>\n\t<meta name=\"robots\" content=\"max-image-preview:large\" \/>\n\t<meta name=\"author\" content=\"Cand\u00e1s 365\"\/>\n\t<meta name=\"google-site-verification\" content=\"UA-32230408-1\" \/>\n\t<meta name=\"msvalidate.01\" content=\"354F3CDFB2DA171B47FBE9ABF1F88D5\" \/>\n\t<meta name=\"keywords\" content=\"actualidad,destacadas\" \/>\n\t<link rel=\"canonical\" href=\"https:\/\/candas365.es\/noticias\/el-psoe-conmemorara-la-victoria-de-gonzalez\/\" \/>\n\t<meta name=\"generator\" content=\"All in One SEO Pro (AIOSEO) 4.9.6.2\" \/>\n\t\t<meta property=\"og:locale\" content=\"es_ES\" \/>\n\t\t<meta property=\"og:site_name\" content=\"Cand\u00e1s 365\" \/>\n\t\t<meta property=\"og:type\" content=\"article\" \/>\n\t\t<meta property=\"og:title\" content=\"El PSOE conmemorar\u00e1 la victoria de Gonz\u00e1lez | Cand\u00e1s 365\" \/>\n\t\t<meta property=\"og:description\" content=\"EP) - El PSOE prepara una campa\u00f1a de actos a lo largo de toda Espa\u00f1a para conmemorar el 40 aniversario de la victoria de Felipe Gonz\u00e1lez\" \/>\n\t\t<meta property=\"og:url\" content=\"https:\/\/candas365.es\/noticias\/el-psoe-conmemorara-la-victoria-de-gonzalez\/\" \/>\n\t\t<meta property=\"og:image\" content=\"https:\/\/candas365.es\/noticias\/wp-content\/uploads\/2022\/10\/Gonzalez.jpg\" \/>\n\t\t<meta property=\"og:image:secure_url\" content=\"https:\/\/candas365.es\/noticias\/wp-content\/uploads\/2022\/10\/Gonzalez.jpg\" \/>\n\t\t<meta property=\"og:image:width\" content=\"1006\" \/>\n\t\t<meta property=\"og:image:height\" content=\"659\" \/>\n\t\t<meta property=\"article:published_time\" content=\"2022-10-02T18:42:42+00:00\" \/>\n\t\t<meta property=\"article:modified_time\" content=\"2022-10-02T18:42:42+00:00\" \/>\n\t\t<meta property=\"article:publisher\" content=\"https:\/\/www.facebook.com\/Nachofdezber\" \/>\n\t\t<meta property=\"article:author\" content=\"https:\/\/www.facebook.com\/carrenoactualidad\" \/>\n\t\t<meta name=\"twitter:card\" content=\"summary_large_image\" \/>\n\t\t<meta name=\"twitter:site\" content=\"@NabercoDigital\" \/>\n\t\t<meta name=\"twitter:title\" content=\"El PSOE conmemorar\u00e1 la victoria de Gonz\u00e1lez | Cand\u00e1s 365\" \/>\n\t\t<meta name=\"twitter:description\" content=\"EP) - El PSOE prepara una campa\u00f1a de actos a lo largo de toda Espa\u00f1a para conmemorar el 40 aniversario de la victoria de Felipe Gonz\u00e1lez\" \/>\n\t\t<meta name=\"twitter:creator\" content=\"@nbasturias\" \/>\n\t\t<meta name=\"twitter:image\" content=\"https:\/\/candas365.es\/noticias\/wp-content\/uploads\/2022\/10\/Gonzalez.jpg\" \/>\n\t\t<meta name=\"twitter:label1\" content=\"Escrito por\" \/>\n\t\t<meta name=\"twitter:data1\" content=\"Cand\u00e1s 365\" \/>\n\t\t<meta name=\"twitter:label2\" content=\"Tiempo de lectura estimado\" \/>\n\t\t<meta name=\"twitter:data2\" content=\"4 minutos\" \/>\n\t\t<script type=\"application\/ld+json\" class=\"aioseo-schema\">\n\t\t\t{\"@context\":\"https:\\\/\\\/schema.org\",\"@graph\":[{\"@type\":\"BreadcrumbList\",\"@id\":\"https:\\\/\\\/candas365.es\\\/noticias\\\/el-psoe-conmemorara-la-victoria-de-gonzalez\\\/#breadcrumblist\",\"itemListElement\":[{\"@type\":\"ListItem\",\"@id\":\"https:\\\/\\\/candas365.es\\\/noticias#listItem\",\"position\":1,\"name\":\"Home\",\"item\":\"https:\\\/\\\/candas365.es\\\/noticias\",\"nextItem\":{\"@type\":\"ListItem\",\"@id\":\"https:\\\/\\\/candas365.es\\\/noticias\\\/category\\\/destacadas\\\/#listItem\",\"name\":\"Destacadas\"}},{\"@type\":\"ListItem\",\"@id\":\"https:\\\/\\\/candas365.es\\\/noticias\\\/category\\\/destacadas\\\/#listItem\",\"position\":2,\"name\":\"Destacadas\",\"item\":\"https:\\\/\\\/candas365.es\\\/noticias\\\/category\\\/destacadas\\\/\",\"nextItem\":{\"@type\":\"ListItem\",\"@id\":\"https:\\\/\\\/candas365.es\\\/noticias\\\/el-psoe-conmemorara-la-victoria-de-gonzalez\\\/#listItem\",\"name\":\"El PSOE conmemorar\\u00e1 la victoria de Gonz\\u00e1lez\"},\"previousItem\":{\"@type\":\"ListItem\",\"@id\":\"https:\\\/\\\/candas365.es\\\/noticias#listItem\",\"name\":\"Home\"}},{\"@type\":\"ListItem\",\"@id\":\"https:\\\/\\\/candas365.es\\\/noticias\\\/el-psoe-conmemorara-la-victoria-de-gonzalez\\\/#listItem\",\"position\":3,\"name\":\"El PSOE conmemorar\\u00e1 la victoria de Gonz\\u00e1lez\",\"previousItem\":{\"@type\":\"ListItem\",\"@id\":\"https:\\\/\\\/candas365.es\\\/noticias\\\/category\\\/destacadas\\\/#listItem\",\"name\":\"Destacadas\"}}]},{\"@type\":\"NewsArticle\",\"@id\":\"https:\\\/\\\/candas365.es\\\/noticias\\\/el-psoe-conmemorara-la-victoria-de-gonzalez\\\/#newsarticle\",\"name\":\"El PSOE conmemorar\\u00e1 la victoria de Gonz\\u00e1lez | Cand\\u00e1s 365\",\"headline\":\"El PSOE conmemorar\\u00e1 la victoria de Gonz\\u00e1lez\",\"author\":{\"@id\":\"https:\\\/\\\/candas365.es\\\/noticias\\\/author\\\/admin\\\/#author\"},\"publisher\":{\"@id\":\"https:\\\/\\\/candas365.es\\\/noticias\\\/#organization\"},\"image\":{\"@type\":\"ImageObject\",\"url\":\"https:\\\/\\\/candas365.es\\\/noticias\\\/wp-content\\\/uploads\\\/2022\\\/10\\\/Gonzalez.jpg\",\"width\":1006,\"height\":659,\"caption\":\"Foto: Gustavo de la Paz - Europa Press\"},\"datePublished\":\"2022-10-02T20:42:42+02:00\",\"dateModified\":\"2022-10-02T20:42:42+02:00\",\"inLanguage\":\"es-ES\",\"mainEntityOfPage\":{\"@id\":\"https:\\\/\\\/candas365.es\\\/noticias\\\/el-psoe-conmemorara-la-victoria-de-gonzalez\\\/#webpage\"},\"isPartOf\":{\"@id\":\"https:\\\/\\\/candas365.es\\\/noticias\\\/el-psoe-conmemorara-la-victoria-de-gonzalez\\\/#webpage\"},\"articleSection\":\"Actualidad, Destacadas, Espa\\u00f1a, pol\\u00edtica, PSOE\",\"dateline\":\"Publicado el octubre 2, 2022.\"},{\"@type\":\"Organization\",\"@id\":\"https:\\\/\\\/candas365.es\\\/noticias\\\/#organization\",\"name\":\"Cand\\u00e1s 365\",\"description\":\"Cand\\u00e1s 365 es un diario digital independiente, fundado en 2012, con base en Asturias. Informamos con rigor sobre actualidad, sociedad, cultura y ocio, con una mirada local y global.\",\"url\":\"https:\\\/\\\/candas365.es\\\/noticias\\\/\",\"email\":\"info@candas365.es\",\"telephone\":\"+34652131393\",\"foundingDate\":\"2012-06-10\",\"logo\":{\"@type\":\"ImageObject\",\"url\":\"https:\\\/\\\/candas365.es\\\/noticias\\\/wp-content\\\/uploads\\\/2024\\\/09\\\/Candas-365-Redes.jpg\",\"@id\":\"https:\\\/\\\/candas365.es\\\/noticias\\\/el-psoe-conmemorara-la-victoria-de-gonzalez\\\/#organizationLogo\",\"width\":1152,\"height\":864,\"caption\":\"Cand\\u00e1s 365 Redes\"},\"image\":{\"@id\":\"https:\\\/\\\/candas365.es\\\/noticias\\\/el-psoe-conmemorara-la-victoria-de-gonzalez\\\/#organizationLogo\"},\"sameAs\":[\"https:\\\/\\\/www.facebook.com\\\/Nachofdezber\",\"https:\\\/\\\/x.com\\\/NabercoDigital\",\"https:\\\/\\\/www.instagram.com\\\/nachofdezber\\\/\",\"https:\\\/\\\/www.youtube.com\\\/channel\\\/UCZP-2wLEB9Rv6erhFmqVnvg\"],\"address\":{\"@id\":\"https:\\\/\\\/candas365.es\\\/noticias\\\/#postaladdress\",\"@type\":\"PostalAddress\",\"streetAddress\":\"san antonio 4, san antonio 4\",\"postalCode\":\"33430\",\"addressLocality\":\"Cand\\u00e1s\",\"addressRegion\":\"Asturias\",\"addressCountry\":\"ES\"}},{\"@type\":\"Person\",\"@id\":\"https:\\\/\\\/candas365.es\\\/noticias\\\/author\\\/admin\\\/#author\",\"url\":\"https:\\\/\\\/candas365.es\\\/noticias\\\/author\\\/admin\\\/\",\"name\":\"Cand\\u00e1s 365\",\"image\":{\"@type\":\"ImageObject\",\"@id\":\"https:\\\/\\\/candas365.es\\\/noticias\\\/el-psoe-conmemorara-la-victoria-de-gonzalez\\\/#authorImage\",\"url\":\"https:\\\/\\\/secure.gravatar.com\\\/avatar\\\/496a8e03d0c493ede1718b7934145dbdf8d89be1036b0eec9544e1094c9de390?s=96&d=mm&r=g\",\"width\":96,\"height\":96,\"caption\":\"Cand\\u00e1s 365\"},\"sameAs\":[\"https:\\\/\\\/www.facebook.com\\\/carrenoactualidad\",\"https:\\\/\\\/twitter.com\\\/nbasturias\",\"https:\\\/\\\/www.instagram.com\\\/nachofdezber\\\/\",\"https:\\\/\\\/www.youtube.com\\\/channel\\\/UCZP-2wLEB9Rv6erhFmqVnvg\"]},{\"@type\":\"WebPage\",\"@id\":\"https:\\\/\\\/candas365.es\\\/noticias\\\/el-psoe-conmemorara-la-victoria-de-gonzalez\\\/#webpage\",\"url\":\"https:\\\/\\\/candas365.es\\\/noticias\\\/el-psoe-conmemorara-la-victoria-de-gonzalez\\\/\",\"name\":\"El PSOE conmemorar\\u00e1 la victoria de Gonz\\u00e1lez | Cand\\u00e1s 365\",\"description\":\"EP) - El PSOE prepara una campa\\u00f1a de actos a lo largo de toda Espa\\u00f1a para conmemorar el 40 aniversario de la victoria de Felipe Gonz\\u00e1lez\",\"inLanguage\":\"es-ES\",\"isPartOf\":{\"@id\":\"https:\\\/\\\/candas365.es\\\/noticias\\\/#website\"},\"breadcrumb\":{\"@id\":\"https:\\\/\\\/candas365.es\\\/noticias\\\/el-psoe-conmemorara-la-victoria-de-gonzalez\\\/#breadcrumblist\"},\"author\":{\"@id\":\"https:\\\/\\\/candas365.es\\\/noticias\\\/author\\\/admin\\\/#author\"},\"creator\":{\"@id\":\"https:\\\/\\\/candas365.es\\\/noticias\\\/author\\\/admin\\\/#author\"},\"image\":{\"@type\":\"ImageObject\",\"url\":\"https:\\\/\\\/candas365.es\\\/noticias\\\/wp-content\\\/uploads\\\/2022\\\/10\\\/Gonzalez.jpg\",\"@id\":\"https:\\\/\\\/candas365.es\\\/noticias\\\/el-psoe-conmemorara-la-victoria-de-gonzalez\\\/#mainImage\",\"width\":1006,\"height\":659,\"caption\":\"Foto: Gustavo de la Paz - Europa Press\"},\"primaryImageOfPage\":{\"@id\":\"https:\\\/\\\/candas365.es\\\/noticias\\\/el-psoe-conmemorara-la-victoria-de-gonzalez\\\/#mainImage\"},\"datePublished\":\"2022-10-02T20:42:42+02:00\",\"dateModified\":\"2022-10-02T20:42:42+02:00\"},{\"@type\":\"WebSite\",\"@id\":\"https:\\\/\\\/candas365.es\\\/noticias\\\/#website\",\"url\":\"https:\\\/\\\/candas365.es\\\/noticias\\\/\",\"name\":\"Cand\\u00e1s 365\",\"alternateName\":\"Cand\\u00e1s 365 Noticias\",\"description\":\"Actualidad desde Carre\\u00f1o para el mundo\",\"inLanguage\":\"es-ES\",\"publisher\":{\"@id\":\"https:\\\/\\\/candas365.es\\\/noticias\\\/#organization\"}}]}\n\t\t<\/script>\n\t\t<!-- All in One SEO Pro -->\r\n\t\t<title>El PSOE conmemorar\u00e1 la victoria de Gonz\u00e1lez | Cand\u00e1s 365<\/title>\n\n","aioseo_head_json":{"title":"El PSOE conmemorar\u00e1 la victoria de Gonz\u00e1lez | Cand\u00e1s 365","description":"EP) - El PSOE prepara una campa\u00f1a de actos a lo largo de toda Espa\u00f1a para conmemorar el 40 aniversario de la victoria de Felipe Gonz\u00e1lez","canonical_url":"https:\/\/candas365.es\/noticias\/el-psoe-conmemorara-la-victoria-de-gonzalez\/","robots":"max-image-preview:large","keywords":"actualidad,destacadas","webmasterTools":{"google-site-verification":"UA-32230408-1","msvalidate.01":"354F3CDFB2DA171B47FBE9ABF1F88D5","miscellaneous":""},"schema":{"@context":"https:\/\/schema.org","@graph":[{"@type":"BreadcrumbList","@id":"https:\/\/candas365.es\/noticias\/el-psoe-conmemorara-la-victoria-de-gonzalez\/#breadcrumblist","itemListElement":[{"@type":"ListItem","@id":"https:\/\/candas365.es\/noticias#listItem","position":1,"name":"Home","item":"https:\/\/candas365.es\/noticias","nextItem":{"@type":"ListItem","@id":"https:\/\/candas365.es\/noticias\/category\/destacadas\/#listItem","name":"Destacadas"}},{"@type":"ListItem","@id":"https:\/\/candas365.es\/noticias\/category\/destacadas\/#listItem","position":2,"name":"Destacadas","item":"https:\/\/candas365.es\/noticias\/category\/destacadas\/","nextItem":{"@type":"ListItem","@id":"https:\/\/candas365.es\/noticias\/el-psoe-conmemorara-la-victoria-de-gonzalez\/#listItem","name":"El PSOE conmemorar\u00e1 la victoria de Gonz\u00e1lez"},"previousItem":{"@type":"ListItem","@id":"https:\/\/candas365.es\/noticias#listItem","name":"Home"}},{"@type":"ListItem","@id":"https:\/\/candas365.es\/noticias\/el-psoe-conmemorara-la-victoria-de-gonzalez\/#listItem","position":3,"name":"El PSOE conmemorar\u00e1 la victoria de Gonz\u00e1lez","previousItem":{"@type":"ListItem","@id":"https:\/\/candas365.es\/noticias\/category\/destacadas\/#listItem","name":"Destacadas"}}]},{"@type":"NewsArticle","@id":"https:\/\/candas365.es\/noticias\/el-psoe-conmemorara-la-victoria-de-gonzalez\/#newsarticle","name":"El PSOE conmemorar\u00e1 la victoria de Gonz\u00e1lez | Cand\u00e1s 365","headline":"El PSOE conmemorar\u00e1 la victoria de Gonz\u00e1lez","author":{"@id":"https:\/\/candas365.es\/noticias\/author\/admin\/#author"},"publisher":{"@id":"https:\/\/candas365.es\/noticias\/#organization"},"image":{"@type":"ImageObject","url":"https:\/\/candas365.es\/noticias\/wp-content\/uploads\/2022\/10\/Gonzalez.jpg","width":1006,"height":659,"caption":"Foto: Gustavo de la Paz - Europa Press"},"datePublished":"2022-10-02T20:42:42+02:00","dateModified":"2022-10-02T20:42:42+02:00","inLanguage":"es-ES","mainEntityOfPage":{"@id":"https:\/\/candas365.es\/noticias\/el-psoe-conmemorara-la-victoria-de-gonzalez\/#webpage"},"isPartOf":{"@id":"https:\/\/candas365.es\/noticias\/el-psoe-conmemorara-la-victoria-de-gonzalez\/#webpage"},"articleSection":"Actualidad, Destacadas, Espa\u00f1a, pol\u00edtica, PSOE","dateline":"Publicado el octubre 2, 2022."},{"@type":"Organization","@id":"https:\/\/candas365.es\/noticias\/#organization","name":"Cand\u00e1s 365","description":"Cand\u00e1s 365 es un diario digital independiente, fundado en 2012, con base en Asturias. Informamos con rigor sobre actualidad, sociedad, cultura y ocio, con una mirada local y global.","url":"https:\/\/candas365.es\/noticias\/","email":"info@candas365.es","telephone":"+34652131393","foundingDate":"2012-06-10","logo":{"@type":"ImageObject","url":"https:\/\/candas365.es\/noticias\/wp-content\/uploads\/2024\/09\/Candas-365-Redes.jpg","@id":"https:\/\/candas365.es\/noticias\/el-psoe-conmemorara-la-victoria-de-gonzalez\/#organizationLogo","width":1152,"height":864,"caption":"Cand\u00e1s 365 Redes"},"image":{"@id":"https:\/\/candas365.es\/noticias\/el-psoe-conmemorara-la-victoria-de-gonzalez\/#organizationLogo"},"sameAs":["https:\/\/www.facebook.com\/Nachofdezber","https:\/\/x.com\/NabercoDigital","https:\/\/www.instagram.com\/nachofdezber\/","https:\/\/www.youtube.com\/channel\/UCZP-2wLEB9Rv6erhFmqVnvg"],"address":{"@id":"https:\/\/candas365.es\/noticias\/#postaladdress","@type":"PostalAddress","streetAddress":"san antonio 4, san antonio 4","postalCode":"33430","addressLocality":"Cand\u00e1s","addressRegion":"Asturias","addressCountry":"ES"}},{"@type":"Person","@id":"https:\/\/candas365.es\/noticias\/author\/admin\/#author","url":"https:\/\/candas365.es\/noticias\/author\/admin\/","name":"Cand\u00e1s 365","image":{"@type":"ImageObject","@id":"https:\/\/candas365.es\/noticias\/el-psoe-conmemorara-la-victoria-de-gonzalez\/#authorImage","url":"https:\/\/secure.gravatar.com\/avatar\/496a8e03d0c493ede1718b7934145dbdf8d89be1036b0eec9544e1094c9de390?s=96&d=mm&r=g","width":96,"height":96,"caption":"Cand\u00e1s 365"},"sameAs":["https:\/\/www.facebook.com\/carrenoactualidad","https:\/\/twitter.com\/nbasturias","https:\/\/www.instagram.com\/nachofdezber\/","https:\/\/www.youtube.com\/channel\/UCZP-2wLEB9Rv6erhFmqVnvg"]},{"@type":"WebPage","@id":"https:\/\/candas365.es\/noticias\/el-psoe-conmemorara-la-victoria-de-gonzalez\/#webpage","url":"https:\/\/candas365.es\/noticias\/el-psoe-conmemorara-la-victoria-de-gonzalez\/","name":"El PSOE conmemorar\u00e1 la victoria de Gonz\u00e1lez | Cand\u00e1s 365","description":"EP) - El PSOE prepara una campa\u00f1a de actos a lo largo de toda Espa\u00f1a para conmemorar el 40 aniversario de la victoria de Felipe Gonz\u00e1lez","inLanguage":"es-ES","isPartOf":{"@id":"https:\/\/candas365.es\/noticias\/#website"},"breadcrumb":{"@id":"https:\/\/candas365.es\/noticias\/el-psoe-conmemorara-la-victoria-de-gonzalez\/#breadcrumblist"},"author":{"@id":"https:\/\/candas365.es\/noticias\/author\/admin\/#author"},"creator":{"@id":"https:\/\/candas365.es\/noticias\/author\/admin\/#author"},"image":{"@type":"ImageObject","url":"https:\/\/candas365.es\/noticias\/wp-content\/uploads\/2022\/10\/Gonzalez.jpg","@id":"https:\/\/candas365.es\/noticias\/el-psoe-conmemorara-la-victoria-de-gonzalez\/#mainImage","width":1006,"height":659,"caption":"Foto: Gustavo de la Paz - Europa Press"},"primaryImageOfPage":{"@id":"https:\/\/candas365.es\/noticias\/el-psoe-conmemorara-la-victoria-de-gonzalez\/#mainImage"},"datePublished":"2022-10-02T20:42:42+02:00","dateModified":"2022-10-02T20:42:42+02:00"},{"@type":"WebSite","@id":"https:\/\/candas365.es\/noticias\/#website","url":"https:\/\/candas365.es\/noticias\/","name":"Cand\u00e1s 365","alternateName":"Cand\u00e1s 365 Noticias","description":"Actualidad desde Carre\u00f1o para el mundo","inLanguage":"es-ES","publisher":{"@id":"https:\/\/candas365.es\/noticias\/#organization"}}]},"og:locale":"es_ES","og:site_name":"Cand\u00e1s 365","og:type":"article","og:title":"El PSOE conmemorar\u00e1 la victoria de Gonz\u00e1lez | Cand\u00e1s 365","og:description":"EP) - El PSOE prepara una campa\u00f1a de actos a lo largo de toda Espa\u00f1a para conmemorar el 40 aniversario de la victoria de Felipe Gonz\u00e1lez","og:url":"https:\/\/candas365.es\/noticias\/el-psoe-conmemorara-la-victoria-de-gonzalez\/","og:image":"https:\/\/candas365.es\/noticias\/wp-content\/uploads\/2022\/10\/Gonzalez.jpg","og:image:secure_url":"https:\/\/candas365.es\/noticias\/wp-content\/uploads\/2022\/10\/Gonzalez.jpg","og:image:width":1006,"og:image:height":659,"article:published_time":"2022-10-02T18:42:42+00:00","article:modified_time":"2022-10-02T18:42:42+00:00","article:publisher":"https:\/\/www.facebook.com\/Nachofdezber","article:author":"https:\/\/www.facebook.com\/carrenoactualidad","twitter:card":"summary_large_image","twitter:site":"@NabercoDigital","twitter:title":"El PSOE conmemorar\u00e1 la victoria de Gonz\u00e1lez | Cand\u00e1s 365","twitter:description":"EP) - El PSOE prepara una campa\u00f1a de actos a lo largo de toda Espa\u00f1a para conmemorar el 40 aniversario de la victoria de Felipe Gonz\u00e1lez","twitter:creator":"@nbasturias","twitter:image":"https:\/\/candas365.es\/noticias\/wp-content\/uploads\/2022\/10\/Gonzalez.jpg","twitter:label1":"Escrito por","twitter:data1":"Cand\u00e1s 365","twitter:label2":"Tiempo de lectura estimado","twitter:data2":"4 minutos"},"aioseo_meta_data":{"post_id":"166936","title":null,"description":"EP) - El PSOE prepara una campa\u00f1a de actos a lo largo de toda Espa\u00f1a para conmemorar el 40 aniversario de la victoria de Felipe Gonz\u00e1lez","keywords":[],"keyphrases":{"focus":{"keyphrase":"Gonz\u00e1lez","score":90,"analysis":{"keyphraseInTitle":{"title":"Focus keyphrase in SEO title","description":"Focus keyphrase found in SEO title.","score":9,"maxScore":9,"error":0},"keyphraseInDescription":{"title":"Focus keyphrase in meta description","description":"Focus keyphrase found in meta description.","score":9,"maxScore":9,"error":0},"keyphraseLength":{"title":"Focus keyphrase length","description":"Good job!","score":9,"maxScore":9,"error":0,"length":1},"keyphraseInURL":{"title":"Focus keyphrase in URL","description":"Focus keyphrase used in the URL.","score":5,"maxScore":5,"error":0},"keyphraseInIntroduction":{"title":"Focus keyphrase in introduction","description":"Your Focus keyphrase appears in the first paragraph. Well done!","score":9,"maxScore":9,"error":0},"keyphraseInSubHeadings":{"title":"Focus keyphrase in Subheadings","description":"Use your focus keyphrase more in your H2 and H3 subheadings.","score":3,"maxScore":9,"error":1},"keyphraseInImageAlt":{"title":"Focus keyphrase in image alt attributes","description":"Focus keyphrase found in image alt attribute(s).","score":9,"maxScore":9,"error":0}}},"additional":[{"keyphrase":"Felipe Gonz\u00e1lez","score":83,"analysis":{"keyphraseInDescription":{"title":"Keyphrase in meta description","description":"Keyphrase found in meta description.","score":9,"maxScore":9,"error":0},"keyphraseLength":{"title":"Keyphrase length","description":"Good job!","score":9,"maxScore":9,"error":0,"length":2},"keyphraseInIntroduction":{"title":"Keyphrase in introduction","description":"Your Keyphrase appears in the first paragraph. Well done!","score":9,"maxScore":9,"error":0},"keyphraseInImageAlt":{"title":"Keyphrase in image alt attributes","description":"Keyphrase not found in image alt attribute(s). Add an image with your Keyphrase as alt text.","score":3,"maxScore":9,"error":1}}},{"keyphrase":"PSOE","score":83,"analysis":{"keyphraseInDescription":{"title":"Keyphrase in meta description","description":"Keyphrase found in meta description.","score":9,"maxScore":9,"error":0},"keyphraseLength":{"title":"Keyphrase length","description":"Good job!","score":9,"maxScore":9,"error":0,"length":1},"keyphraseInIntroduction":{"title":"Keyphrase in introduction","description":"Your Keyphrase appears in the first paragraph. Well done!","score":9,"maxScore":9,"error":0},"keyphraseInImageAlt":{"title":"Keyphrase in image alt attributes","description":"Keyphrase not found in image alt attribute(s). Add an image with your Keyphrase as alt text.","score":3,"maxScore":9,"error":1}}}]},"primary_term":null,"canonical_url":null,"og_title":null,"og_description":null,"og_object_type":"default","og_image_type":"default","og_image_url":null,"og_image_width":null,"og_image_height":null,"og_image_custom_url":null,"og_image_custom_fields":null,"og_video":"","og_custom_url":null,"og_article_section":null,"og_article_tags":[],"twitter_use_og":false,"twitter_card":"default","twitter_image_type":"default","twitter_image_url":null,"twitter_image_custom_url":null,"twitter_image_custom_fields":null,"twitter_title":null,"twitter_description":null,"schema":{"blockGraphs":[],"customGraphs":[],"default":{"data":{"Article":[],"Course":[],"Dataset":[],"FAQPage":[],"Movie":[],"Person":[],"Product":[],"ProductReview":[],"Car":[],"Recipe":[],"Service":[],"SoftwareApplication":[],"WebPage":[]},"graphName":"","isEnabled":true},"graphs":[]},"schema_type":"default","schema_type_options":null,"pillar_content":false,"robots_default":true,"robots_noindex":false,"robots_noarchive":false,"robots_nosnippet":false,"robots_nofollow":false,"robots_noimageindex":false,"robots_noodp":false,"robots_notranslate":false,"robots_max_snippet":"-1","robots_max_videopreview":"-1","robots_max_imagepreview":"large","priority":null,"frequency":"default","location":null,"local_seo":null,"seo_analyzer_scan_date":"2025-09-01 13:05:19","breadcrumb_settings":null,"limit_modified_date":true,"reviewed_by":null,"open_ai":null,"ai":null,"created":"2022-10-02 18:33:10","updated":"2025-09-01 13:05:19"},"aioseo_breadcrumb":"<div class=\"aioseo-breadcrumbs\"><span class=\"aioseo-breadcrumb\">\n\t<a href=\"https:\/\/candas365.es\/noticias\" title=\"Home\">Home<\/a>\n<\/span><span class=\"aioseo-breadcrumb-separator\">&ndash;<\/span><span class=\"aioseo-breadcrumb\">\n\t<a href=\"https:\/\/candas365.es\/noticias\/category\/destacadas\/\" title=\"Destacadas\">Destacadas<\/a>\n<\/span><span class=\"aioseo-breadcrumb-separator\">&ndash;<\/span><span class=\"aioseo-breadcrumb\">\n\tEl PSOE conmemorar\u00e1 la victoria de Gonz\u00e1lez\n<\/span><\/div>","aioseo_breadcrumb_json":[{"label":"Home","link":"https:\/\/candas365.es\/noticias"},{"label":"Destacadas","link":"https:\/\/candas365.es\/noticias\/category\/destacadas\/"},{"label":"El PSOE conmemorar\u00e1 la victoria de Gonz\u00e1lez","link":"https:\/\/candas365.es\/noticias\/el-psoe-conmemorara-la-victoria-de-gonzalez\/"}],"_links":{"self":[{"href":"https:\/\/candas365.es\/noticias\/wp-json\/wp\/v2\/posts\/166936","targetHints":{"allow":["GET"]}}],"collection":[{"href":"https:\/\/candas365.es\/noticias\/wp-json\/wp\/v2\/posts"}],"about":[{"href":"https:\/\/candas365.es\/noticias\/wp-json\/wp\/v2\/types\/post"}],"author":[{"embeddable":true,"href":"https:\/\/candas365.es\/noticias\/wp-json\/wp\/v2\/users\/1"}],"replies":[{"embeddable":true,"href":"https:\/\/candas365.es\/noticias\/wp-json\/wp\/v2\/comments?post=166936"}],"version-history":[{"count":0,"href":"https:\/\/candas365.es\/noticias\/wp-json\/wp\/v2\/posts\/166936\/revisions"}],"wp:featuredmedia":[{"embeddable":true,"href":"https:\/\/candas365.es\/noticias\/wp-json\/wp\/v2\/media\/166937"}],"wp:attachment":[{"href":"https:\/\/candas365.es\/noticias\/wp-json\/wp\/v2\/media?parent=166936"}],"wp:term":[{"taxonomy":"category","embeddable":true,"href":"https:\/\/candas365.es\/noticias\/wp-json\/wp\/v2\/categories?post=166936"},{"taxonomy":"post_tag","embeddable":true,"href":"https:\/\/candas365.es\/noticias\/wp-json\/wp\/v2\/tags?post=166936"}],"curies":[{"name":"wp","href":"https:\/\/api.w.org\/{rel}","templated":true}]}}