{"id":166786,"date":"2022-09-29T19:06:57","date_gmt":"2022-09-29T17:06:57","guid":{"rendered":"https:\/\/candas365.es\/noticias\/?p=166786"},"modified":"2022-09-29T19:06:57","modified_gmt":"2022-09-29T17:06:57","slug":"las-novedades-de-fitur-2023","status":"publish","type":"post","link":"https:\/\/candas365.es\/noticias\/las-novedades-de-fitur-2023\/","title":{"rendered":"Las novedades de Fitur 2023"},"content":{"rendered":"<p>(EP) &#8211; Guatemala ser\u00e1 el pa\u00eds socio en la pr\u00f3xima <a href=\"https:\/\/candas365.es\/noticias\/category\/turismo\/\"><span style=\"color: #ff6600;\"><strong>feria tur\u00edstica Fitur 2023<\/strong><\/span><\/a> organizada por Ifema Madrid, que se celebrar\u00e1 del <strong>18 al 22 de enero de 2023<\/strong>, en un contexto marcado por la aceleraci\u00f3n de la actividad tur\u00edstica mundial.<\/p>\n<figure id=\"attachment_166787\" aria-describedby=\"caption-attachment-166787\" style=\"width: 650px\" class=\"wp-caption aligncenter\"><img fetchpriority=\"high\" decoding=\"async\" class=\"wp-image-166787 size-large\" src=\"https:\/\/candas365.es\/noticias\/wp-content\/uploads\/2022\/09\/Guatemala-Fitur-2023-650x365.jpg\" alt=\"Guatemala Fitur 2023\" width=\"650\" height=\"365\" srcset=\"https:\/\/candas365.es\/noticias\/wp-content\/uploads\/2022\/09\/Guatemala-Fitur-2023-650x365.jpg 650w, https:\/\/candas365.es\/noticias\/wp-content\/uploads\/2022\/09\/Guatemala-Fitur-2023-360x202.jpg 360w, https:\/\/candas365.es\/noticias\/wp-content\/uploads\/2022\/09\/Guatemala-Fitur-2023-768x431.jpg 768w, https:\/\/candas365.es\/noticias\/wp-content\/uploads\/2022\/09\/Guatemala-Fitur-2023-150x84.jpg 150w, https:\/\/candas365.es\/noticias\/wp-content\/uploads\/2022\/09\/Guatemala-Fitur-2023-450x252.jpg 450w, https:\/\/candas365.es\/noticias\/wp-content\/uploads\/2022\/09\/Guatemala-Fitur-2023.jpg 1130w\" sizes=\"(max-width: 650px) 100vw, 650px\" \/><figcaption id=\"caption-attachment-166787\" class=\"wp-caption-text\">FOTO: IFEMA MADRID \/ Europa Press<\/figcaption><\/figure>\n<p>Para el Instituto Guatemalteco de Turismo (INGUAT), esta colaboraci\u00f3n supondr\u00e1 una amplia plataforma internacional que ayudar\u00e1 al pa\u00eds a posicionar a nivel mundial sus principales atractivos tur\u00edsticos.<\/p>\n<p>Como pa\u00eds socio, <strong>el destino Guatemala formar\u00e1 parte del amplio despliegue de actividades programadas durante la feria internacional con el objetivo de dar a conocer la amplia oferta tur\u00edstica de la naci\u00f3n centroamericana<\/strong> que cuenta con una gran riqueza milenaria cultural y gastron\u00f3mica.<\/p>\n<p>\u00abEstamos comprometidos con promover nuestro pa\u00eds, reconociendo lo que somos y el potencial que tenemos para sobrepasar las expectativas. Somos los guardianes de nuestra tierra, somos influenciadores a nivel nacional e internacional de nuestros atractivos y destinos tur\u00edsticos\u00bb, se\u00f1al\u00f3 la directora general del INGUAT, Anayansy Rodr\u00edguez.<\/p>\n<p>Por su parte, el director general de Ifema Madrid, Juan Arrizabalaga, subray\u00f3 que esta alianza con Guatemala \u00abayudar\u00e1 a potenciar su reconocimiento como <a href=\"https:\/\/www.eldigitaldeasturias.com\/noticias\/category\/turismo\/\" target=\"_blank\" rel=\"noopener\"><span style=\"color: #ff6600;\"><strong>destino preferente<\/strong><\/span><\/a> y su posicionamiento tur\u00edstico internacional\u00bb.<\/p>\n<h2>AMPLIA OFERTA TUR\u00cdSTICA<\/h2>\n<p>Guatemala presentar\u00e1 en Fitur ante miles de profesionales tur\u00edsticos de todo el mundo destinos tan interesantes como Ciudad de Guatemala, la m\u00e1s moderna y cosmopolita de la Regi\u00f3n de Centro Am\u00e9rica; La Antigua Guatemala, icono principal de la herencia hisp\u00e1nica colonial y Patrimonio Cultural de la Humanidad desde 1971; Lago de Atitl\u00e1n, uno de los atractivos tur\u00edsticos m\u00e1s visitados de Guatemala y nominado como una de las siete maravillas del mundo; el Parque Nacional Tikal, Patrimonio Natural y Cultural de la Humanidad, desde 1979; o Chichicastenango, famoso por su mercado multicolor.<\/p>\n<p>Tambi\u00e9n mostrar\u00e1 a los futuros visitantes el Volc\u00e1n de Pacaya, que atrae a nacionales y extranjeros; el Parque Arqueol\u00f3gico Quirigu\u00e1, Patrimonio Cultural de la Humanidad desde 1981; el Parque Nacional R\u00edo Dulce, reconocido por su fuerte de piedra y Semuc Champey, para\u00edso natural con gran riqueza ecol\u00f3gica.<\/p>\n<p>El organismo responsable turismo guatemalteco aprovechar\u00e1 el gran escaparate internacional que significa Fitur 2023 para presentar la Marca Pa\u00eds &#8216;Guatemala. Asombrosa e imparable&#8217; a nivel mundial.<\/p>\n","protected":false},"excerpt":{"rendered":"<p>(EP) &#8211; Guatemala ser\u00e1 el pa\u00eds socio en la pr\u00f3xima feria tur\u00edstica Fitur 2023 organizada por Ifema Madrid, que se celebrar\u00e1 del 18 al 22 de enero de 2023, en un contexto marcado por la aceleraci\u00f3n de la actividad tur\u00edstica mundial. Para el Instituto Guatemalteco de Turismo (INGUAT), esta colaboraci\u00f3n supondr\u00e1 una amplia plataforma internacional<\/p>\n","protected":false},"author":1,"featured_media":166787,"comment_status":"closed","ping_status":"closed","sticky":false,"template":"","format":"standard","meta":{"footnotes":""},"categories":[359],"tags":[412,411],"class_list":{"0":"post-166786","1":"post","2":"type-post","3":"status-publish","4":"format-standard","5":"has-post-thumbnail","7":"category-turismo","8":"tag-turismo","9":"tag-viajes"},"aioseo_notices":[],"aioseo_head":"\n\t\t<!-- All in One SEO Pro 4.9.6.2 - aioseo.com -->\n\t<meta name=\"description\" content=\"(EP) - Guatemala ser\u00e1 el pa\u00eds socio en la pr\u00f3xima feria tur\u00edstica Fitur 2023 organizada por Ifema Madrid, que se celebrar\u00e1 del 18 al 22 de enero de 2023\" \/>\n\t<meta name=\"robots\" content=\"max-image-preview:large\" \/>\n\t<meta name=\"author\" content=\"Cand\u00e1s 365\"\/>\n\t<meta name=\"google-site-verification\" content=\"UA-32230408-1\" \/>\n\t<meta name=\"msvalidate.01\" content=\"354F3CDFB2DA171B47FBE9ABF1F88D5\" \/>\n\t<meta name=\"keywords\" content=\"turismo\" \/>\n\t<link rel=\"canonical\" href=\"https:\/\/candas365.es\/noticias\/las-novedades-de-fitur-2023\/\" \/>\n\t<meta name=\"generator\" content=\"All in One SEO Pro (AIOSEO) 4.9.6.2\" \/>\n\t\t<meta property=\"og:locale\" content=\"es_ES\" \/>\n\t\t<meta property=\"og:site_name\" content=\"Cand\u00e1s 365\" \/>\n\t\t<meta property=\"og:type\" content=\"article\" \/>\n\t\t<meta property=\"og:title\" content=\"Las novedades de Fitur 2023 | Cand\u00e1s 365\" \/>\n\t\t<meta property=\"og:description\" content=\"(EP) - Guatemala ser\u00e1 el pa\u00eds socio en la pr\u00f3xima feria tur\u00edstica Fitur 2023 organizada por Ifema Madrid, que se celebrar\u00e1 del 18 al 22 de enero de 2023\" \/>\n\t\t<meta property=\"og:url\" content=\"https:\/\/candas365.es\/noticias\/las-novedades-de-fitur-2023\/\" \/>\n\t\t<meta property=\"og:image\" content=\"https:\/\/candas365.es\/noticias\/wp-content\/uploads\/2022\/09\/Guatemala-Fitur-2023.jpg\" \/>\n\t\t<meta property=\"og:image:secure_url\" content=\"https:\/\/candas365.es\/noticias\/wp-content\/uploads\/2022\/09\/Guatemala-Fitur-2023.jpg\" \/>\n\t\t<meta property=\"og:image:width\" content=\"1130\" \/>\n\t\t<meta property=\"og:image:height\" content=\"634\" \/>\n\t\t<meta property=\"article:published_time\" content=\"2022-09-29T17:06:57+00:00\" \/>\n\t\t<meta property=\"article:modified_time\" content=\"2022-09-29T17:06:57+00:00\" \/>\n\t\t<meta property=\"article:publisher\" content=\"https:\/\/www.facebook.com\/Nachofdezber\" \/>\n\t\t<meta property=\"article:author\" content=\"https:\/\/www.facebook.com\/carrenoactualidad\" \/>\n\t\t<meta name=\"twitter:card\" content=\"summary_large_image\" \/>\n\t\t<meta name=\"twitter:site\" content=\"@NabercoDigital\" \/>\n\t\t<meta name=\"twitter:title\" content=\"Las novedades de Fitur 2023 | Cand\u00e1s 365\" \/>\n\t\t<meta name=\"twitter:description\" content=\"(EP) - Guatemala ser\u00e1 el pa\u00eds socio en la pr\u00f3xima feria tur\u00edstica Fitur 2023 organizada por Ifema Madrid, que se celebrar\u00e1 del 18 al 22 de enero de 2023\" \/>\n\t\t<meta name=\"twitter:creator\" content=\"@nbasturias\" \/>\n\t\t<meta name=\"twitter:image\" content=\"https:\/\/candas365.es\/noticias\/wp-content\/uploads\/2022\/09\/Guatemala-Fitur-2023.jpg\" \/>\n\t\t<meta name=\"twitter:label1\" content=\"Escrito por\" \/>\n\t\t<meta name=\"twitter:data1\" content=\"Cand\u00e1s 365\" \/>\n\t\t<meta name=\"twitter:label2\" content=\"Tiempo de lectura estimado\" \/>\n\t\t<meta name=\"twitter:data2\" content=\"2 minutos\" \/>\n\t\t<script type=\"application\/ld+json\" class=\"aioseo-schema\">\n\t\t\t{\"@context\":\"https:\\\/\\\/schema.org\",\"@graph\":[{\"@type\":\"BreadcrumbList\",\"@id\":\"https:\\\/\\\/candas365.es\\\/noticias\\\/las-novedades-de-fitur-2023\\\/#breadcrumblist\",\"itemListElement\":[{\"@type\":\"ListItem\",\"@id\":\"https:\\\/\\\/candas365.es\\\/noticias#listItem\",\"position\":1,\"name\":\"Home\",\"item\":\"https:\\\/\\\/candas365.es\\\/noticias\",\"nextItem\":{\"@type\":\"ListItem\",\"@id\":\"https:\\\/\\\/candas365.es\\\/noticias\\\/category\\\/turismo\\\/#listItem\",\"name\":\"Turismo\"}},{\"@type\":\"ListItem\",\"@id\":\"https:\\\/\\\/candas365.es\\\/noticias\\\/category\\\/turismo\\\/#listItem\",\"position\":2,\"name\":\"Turismo\",\"item\":\"https:\\\/\\\/candas365.es\\\/noticias\\\/category\\\/turismo\\\/\",\"nextItem\":{\"@type\":\"ListItem\",\"@id\":\"https:\\\/\\\/candas365.es\\\/noticias\\\/las-novedades-de-fitur-2023\\\/#listItem\",\"name\":\"Las novedades de Fitur 2023\"},\"previousItem\":{\"@type\":\"ListItem\",\"@id\":\"https:\\\/\\\/candas365.es\\\/noticias#listItem\",\"name\":\"Home\"}},{\"@type\":\"ListItem\",\"@id\":\"https:\\\/\\\/candas365.es\\\/noticias\\\/las-novedades-de-fitur-2023\\\/#listItem\",\"position\":3,\"name\":\"Las novedades de Fitur 2023\",\"previousItem\":{\"@type\":\"ListItem\",\"@id\":\"https:\\\/\\\/candas365.es\\\/noticias\\\/category\\\/turismo\\\/#listItem\",\"name\":\"Turismo\"}}]},{\"@type\":\"NewsArticle\",\"@id\":\"https:\\\/\\\/candas365.es\\\/noticias\\\/las-novedades-de-fitur-2023\\\/#newsarticle\",\"name\":\"Las novedades de Fitur 2023 | Cand\\u00e1s 365\",\"headline\":\"Las novedades de Fitur 2023\",\"author\":{\"@id\":\"https:\\\/\\\/candas365.es\\\/noticias\\\/author\\\/admin\\\/#author\"},\"publisher\":{\"@id\":\"https:\\\/\\\/candas365.es\\\/noticias\\\/#organization\"},\"image\":{\"@type\":\"ImageObject\",\"url\":\"https:\\\/\\\/candas365.es\\\/noticias\\\/wp-content\\\/uploads\\\/2022\\\/09\\\/Guatemala-Fitur-2023.jpg\",\"width\":1130,\"height\":634,\"caption\":\"FOTO: IFEMA MADRID \\\/ Europa Press\"},\"datePublished\":\"2022-09-29T19:06:57+02:00\",\"dateModified\":\"2022-09-29T19:06:57+02:00\",\"inLanguage\":\"es-ES\",\"mainEntityOfPage\":{\"@id\":\"https:\\\/\\\/candas365.es\\\/noticias\\\/las-novedades-de-fitur-2023\\\/#webpage\"},\"isPartOf\":{\"@id\":\"https:\\\/\\\/candas365.es\\\/noticias\\\/las-novedades-de-fitur-2023\\\/#webpage\"},\"articleSection\":\"Turismo, turismo, viajes\",\"dateline\":\"Publicado el septiembre 29, 2022.\"},{\"@type\":\"Organization\",\"@id\":\"https:\\\/\\\/candas365.es\\\/noticias\\\/#organization\",\"name\":\"Cand\\u00e1s 365\",\"description\":\"Cand\\u00e1s 365 es un diario digital independiente, fundado en 2012, con base en Asturias. Informamos con rigor sobre actualidad, sociedad, cultura y ocio, con una mirada local y global.\",\"url\":\"https:\\\/\\\/candas365.es\\\/noticias\\\/\",\"email\":\"info@candas365.es\",\"telephone\":\"+34652131393\",\"foundingDate\":\"2012-06-10\",\"logo\":{\"@type\":\"ImageObject\",\"url\":\"https:\\\/\\\/candas365.es\\\/noticias\\\/wp-content\\\/uploads\\\/2024\\\/09\\\/Candas-365-Redes.jpg\",\"@id\":\"https:\\\/\\\/candas365.es\\\/noticias\\\/las-novedades-de-fitur-2023\\\/#organizationLogo\",\"width\":1152,\"height\":864,\"caption\":\"Cand\\u00e1s 365 Redes\"},\"image\":{\"@id\":\"https:\\\/\\\/candas365.es\\\/noticias\\\/las-novedades-de-fitur-2023\\\/#organizationLogo\"},\"sameAs\":[\"https:\\\/\\\/www.facebook.com\\\/Nachofdezber\",\"https:\\\/\\\/x.com\\\/NabercoDigital\",\"https:\\\/\\\/www.instagram.com\\\/nachofdezber\\\/\",\"https:\\\/\\\/www.youtube.com\\\/channel\\\/UCZP-2wLEB9Rv6erhFmqVnvg\"],\"address\":{\"@id\":\"https:\\\/\\\/candas365.es\\\/noticias\\\/#postaladdress\",\"@type\":\"PostalAddress\",\"streetAddress\":\"san antonio 4, san antonio 4\",\"postalCode\":\"33430\",\"addressLocality\":\"Cand\\u00e1s\",\"addressRegion\":\"Asturias\",\"addressCountry\":\"ES\"}},{\"@type\":\"Person\",\"@id\":\"https:\\\/\\\/candas365.es\\\/noticias\\\/author\\\/admin\\\/#author\",\"url\":\"https:\\\/\\\/candas365.es\\\/noticias\\\/author\\\/admin\\\/\",\"name\":\"Cand\\u00e1s 365\",\"image\":{\"@type\":\"ImageObject\",\"@id\":\"https:\\\/\\\/candas365.es\\\/noticias\\\/las-novedades-de-fitur-2023\\\/#authorImage\",\"url\":\"https:\\\/\\\/secure.gravatar.com\\\/avatar\\\/496a8e03d0c493ede1718b7934145dbdf8d89be1036b0eec9544e1094c9de390?s=96&d=mm&r=g\",\"width\":96,\"height\":96,\"caption\":\"Cand\\u00e1s 365\"},\"sameAs\":[\"https:\\\/\\\/www.facebook.com\\\/carrenoactualidad\",\"https:\\\/\\\/twitter.com\\\/nbasturias\",\"https:\\\/\\\/www.instagram.com\\\/nachofdezber\\\/\",\"https:\\\/\\\/www.youtube.com\\\/channel\\\/UCZP-2wLEB9Rv6erhFmqVnvg\"]},{\"@type\":\"WebPage\",\"@id\":\"https:\\\/\\\/candas365.es\\\/noticias\\\/las-novedades-de-fitur-2023\\\/#webpage\",\"url\":\"https:\\\/\\\/candas365.es\\\/noticias\\\/las-novedades-de-fitur-2023\\\/\",\"name\":\"Las novedades de Fitur 2023 | Cand\\u00e1s 365\",\"description\":\"(EP) - Guatemala ser\\u00e1 el pa\\u00eds socio en la pr\\u00f3xima feria tur\\u00edstica Fitur 2023 organizada por Ifema Madrid, que se celebrar\\u00e1 del 18 al 22 de enero de 2023\",\"inLanguage\":\"es-ES\",\"isPartOf\":{\"@id\":\"https:\\\/\\\/candas365.es\\\/noticias\\\/#website\"},\"breadcrumb\":{\"@id\":\"https:\\\/\\\/candas365.es\\\/noticias\\\/las-novedades-de-fitur-2023\\\/#breadcrumblist\"},\"author\":{\"@id\":\"https:\\\/\\\/candas365.es\\\/noticias\\\/author\\\/admin\\\/#author\"},\"creator\":{\"@id\":\"https:\\\/\\\/candas365.es\\\/noticias\\\/author\\\/admin\\\/#author\"},\"image\":{\"@type\":\"ImageObject\",\"url\":\"https:\\\/\\\/candas365.es\\\/noticias\\\/wp-content\\\/uploads\\\/2022\\\/09\\\/Guatemala-Fitur-2023.jpg\",\"@id\":\"https:\\\/\\\/candas365.es\\\/noticias\\\/las-novedades-de-fitur-2023\\\/#mainImage\",\"width\":1130,\"height\":634,\"caption\":\"FOTO: IFEMA MADRID \\\/ Europa Press\"},\"primaryImageOfPage\":{\"@id\":\"https:\\\/\\\/candas365.es\\\/noticias\\\/las-novedades-de-fitur-2023\\\/#mainImage\"},\"datePublished\":\"2022-09-29T19:06:57+02:00\",\"dateModified\":\"2022-09-29T19:06:57+02:00\"},{\"@type\":\"WebSite\",\"@id\":\"https:\\\/\\\/candas365.es\\\/noticias\\\/#website\",\"url\":\"https:\\\/\\\/candas365.es\\\/noticias\\\/\",\"name\":\"Cand\\u00e1s 365\",\"alternateName\":\"Cand\\u00e1s 365 Noticias\",\"description\":\"Actualidad desde Carre\\u00f1o para el mundo\",\"inLanguage\":\"es-ES\",\"publisher\":{\"@id\":\"https:\\\/\\\/candas365.es\\\/noticias\\\/#organization\"}}]}\n\t\t<\/script>\n\t\t<!-- All in One SEO Pro -->\r\n\t\t<title>Las novedades de Fitur 2023 | Cand\u00e1s 365<\/title>\n\n","aioseo_head_json":{"title":"Las novedades de Fitur 2023 | Cand\u00e1s 365","description":"(EP) - Guatemala ser\u00e1 el pa\u00eds socio en la pr\u00f3xima feria tur\u00edstica Fitur 2023 organizada por Ifema Madrid, que se celebrar\u00e1 del 18 al 22 de enero de 2023","canonical_url":"https:\/\/candas365.es\/noticias\/las-novedades-de-fitur-2023\/","robots":"max-image-preview:large","keywords":"turismo","webmasterTools":{"google-site-verification":"UA-32230408-1","msvalidate.01":"354F3CDFB2DA171B47FBE9ABF1F88D5","miscellaneous":""},"schema":{"@context":"https:\/\/schema.org","@graph":[{"@type":"BreadcrumbList","@id":"https:\/\/candas365.es\/noticias\/las-novedades-de-fitur-2023\/#breadcrumblist","itemListElement":[{"@type":"ListItem","@id":"https:\/\/candas365.es\/noticias#listItem","position":1,"name":"Home","item":"https:\/\/candas365.es\/noticias","nextItem":{"@type":"ListItem","@id":"https:\/\/candas365.es\/noticias\/category\/turismo\/#listItem","name":"Turismo"}},{"@type":"ListItem","@id":"https:\/\/candas365.es\/noticias\/category\/turismo\/#listItem","position":2,"name":"Turismo","item":"https:\/\/candas365.es\/noticias\/category\/turismo\/","nextItem":{"@type":"ListItem","@id":"https:\/\/candas365.es\/noticias\/las-novedades-de-fitur-2023\/#listItem","name":"Las novedades de Fitur 2023"},"previousItem":{"@type":"ListItem","@id":"https:\/\/candas365.es\/noticias#listItem","name":"Home"}},{"@type":"ListItem","@id":"https:\/\/candas365.es\/noticias\/las-novedades-de-fitur-2023\/#listItem","position":3,"name":"Las novedades de Fitur 2023","previousItem":{"@type":"ListItem","@id":"https:\/\/candas365.es\/noticias\/category\/turismo\/#listItem","name":"Turismo"}}]},{"@type":"NewsArticle","@id":"https:\/\/candas365.es\/noticias\/las-novedades-de-fitur-2023\/#newsarticle","name":"Las novedades de Fitur 2023 | Cand\u00e1s 365","headline":"Las novedades de Fitur 2023","author":{"@id":"https:\/\/candas365.es\/noticias\/author\/admin\/#author"},"publisher":{"@id":"https:\/\/candas365.es\/noticias\/#organization"},"image":{"@type":"ImageObject","url":"https:\/\/candas365.es\/noticias\/wp-content\/uploads\/2022\/09\/Guatemala-Fitur-2023.jpg","width":1130,"height":634,"caption":"FOTO: IFEMA MADRID \/ Europa Press"},"datePublished":"2022-09-29T19:06:57+02:00","dateModified":"2022-09-29T19:06:57+02:00","inLanguage":"es-ES","mainEntityOfPage":{"@id":"https:\/\/candas365.es\/noticias\/las-novedades-de-fitur-2023\/#webpage"},"isPartOf":{"@id":"https:\/\/candas365.es\/noticias\/las-novedades-de-fitur-2023\/#webpage"},"articleSection":"Turismo, turismo, viajes","dateline":"Publicado el septiembre 29, 2022."},{"@type":"Organization","@id":"https:\/\/candas365.es\/noticias\/#organization","name":"Cand\u00e1s 365","description":"Cand\u00e1s 365 es un diario digital independiente, fundado en 2012, con base en Asturias. Informamos con rigor sobre actualidad, sociedad, cultura y ocio, con una mirada local y global.","url":"https:\/\/candas365.es\/noticias\/","email":"info@candas365.es","telephone":"+34652131393","foundingDate":"2012-06-10","logo":{"@type":"ImageObject","url":"https:\/\/candas365.es\/noticias\/wp-content\/uploads\/2024\/09\/Candas-365-Redes.jpg","@id":"https:\/\/candas365.es\/noticias\/las-novedades-de-fitur-2023\/#organizationLogo","width":1152,"height":864,"caption":"Cand\u00e1s 365 Redes"},"image":{"@id":"https:\/\/candas365.es\/noticias\/las-novedades-de-fitur-2023\/#organizationLogo"},"sameAs":["https:\/\/www.facebook.com\/Nachofdezber","https:\/\/x.com\/NabercoDigital","https:\/\/www.instagram.com\/nachofdezber\/","https:\/\/www.youtube.com\/channel\/UCZP-2wLEB9Rv6erhFmqVnvg"],"address":{"@id":"https:\/\/candas365.es\/noticias\/#postaladdress","@type":"PostalAddress","streetAddress":"san antonio 4, san antonio 4","postalCode":"33430","addressLocality":"Cand\u00e1s","addressRegion":"Asturias","addressCountry":"ES"}},{"@type":"Person","@id":"https:\/\/candas365.es\/noticias\/author\/admin\/#author","url":"https:\/\/candas365.es\/noticias\/author\/admin\/","name":"Cand\u00e1s 365","image":{"@type":"ImageObject","@id":"https:\/\/candas365.es\/noticias\/las-novedades-de-fitur-2023\/#authorImage","url":"https:\/\/secure.gravatar.com\/avatar\/496a8e03d0c493ede1718b7934145dbdf8d89be1036b0eec9544e1094c9de390?s=96&d=mm&r=g","width":96,"height":96,"caption":"Cand\u00e1s 365"},"sameAs":["https:\/\/www.facebook.com\/carrenoactualidad","https:\/\/twitter.com\/nbasturias","https:\/\/www.instagram.com\/nachofdezber\/","https:\/\/www.youtube.com\/channel\/UCZP-2wLEB9Rv6erhFmqVnvg"]},{"@type":"WebPage","@id":"https:\/\/candas365.es\/noticias\/las-novedades-de-fitur-2023\/#webpage","url":"https:\/\/candas365.es\/noticias\/las-novedades-de-fitur-2023\/","name":"Las novedades de Fitur 2023 | Cand\u00e1s 365","description":"(EP) - Guatemala ser\u00e1 el pa\u00eds socio en la pr\u00f3xima feria tur\u00edstica Fitur 2023 organizada por Ifema Madrid, que se celebrar\u00e1 del 18 al 22 de enero de 2023","inLanguage":"es-ES","isPartOf":{"@id":"https:\/\/candas365.es\/noticias\/#website"},"breadcrumb":{"@id":"https:\/\/candas365.es\/noticias\/las-novedades-de-fitur-2023\/#breadcrumblist"},"author":{"@id":"https:\/\/candas365.es\/noticias\/author\/admin\/#author"},"creator":{"@id":"https:\/\/candas365.es\/noticias\/author\/admin\/#author"},"image":{"@type":"ImageObject","url":"https:\/\/candas365.es\/noticias\/wp-content\/uploads\/2022\/09\/Guatemala-Fitur-2023.jpg","@id":"https:\/\/candas365.es\/noticias\/las-novedades-de-fitur-2023\/#mainImage","width":1130,"height":634,"caption":"FOTO: IFEMA MADRID \/ Europa Press"},"primaryImageOfPage":{"@id":"https:\/\/candas365.es\/noticias\/las-novedades-de-fitur-2023\/#mainImage"},"datePublished":"2022-09-29T19:06:57+02:00","dateModified":"2022-09-29T19:06:57+02:00"},{"@type":"WebSite","@id":"https:\/\/candas365.es\/noticias\/#website","url":"https:\/\/candas365.es\/noticias\/","name":"Cand\u00e1s 365","alternateName":"Cand\u00e1s 365 Noticias","description":"Actualidad desde Carre\u00f1o para el mundo","inLanguage":"es-ES","publisher":{"@id":"https:\/\/candas365.es\/noticias\/#organization"}}]},"og:locale":"es_ES","og:site_name":"Cand\u00e1s 365","og:type":"article","og:title":"Las novedades de Fitur 2023 | Cand\u00e1s 365","og:description":"(EP) - Guatemala ser\u00e1 el pa\u00eds socio en la pr\u00f3xima feria tur\u00edstica Fitur 2023 organizada por Ifema Madrid, que se celebrar\u00e1 del 18 al 22 de enero de 2023","og:url":"https:\/\/candas365.es\/noticias\/las-novedades-de-fitur-2023\/","og:image":"https:\/\/candas365.es\/noticias\/wp-content\/uploads\/2022\/09\/Guatemala-Fitur-2023.jpg","og:image:secure_url":"https:\/\/candas365.es\/noticias\/wp-content\/uploads\/2022\/09\/Guatemala-Fitur-2023.jpg","og:image:width":1130,"og:image:height":634,"article:published_time":"2022-09-29T17:06:57+00:00","article:modified_time":"2022-09-29T17:06:57+00:00","article:publisher":"https:\/\/www.facebook.com\/Nachofdezber","article:author":"https:\/\/www.facebook.com\/carrenoactualidad","twitter:card":"summary_large_image","twitter:site":"@NabercoDigital","twitter:title":"Las novedades de Fitur 2023 | Cand\u00e1s 365","twitter:description":"(EP) - Guatemala ser\u00e1 el pa\u00eds socio en la pr\u00f3xima feria tur\u00edstica Fitur 2023 organizada por Ifema Madrid, que se celebrar\u00e1 del 18 al 22 de enero de 2023","twitter:creator":"@nbasturias","twitter:image":"https:\/\/candas365.es\/noticias\/wp-content\/uploads\/2022\/09\/Guatemala-Fitur-2023.jpg","twitter:label1":"Escrito por","twitter:data1":"Cand\u00e1s 365","twitter:label2":"Tiempo de lectura estimado","twitter:data2":"2 minutos"},"aioseo_meta_data":{"post_id":"166786","title":null,"description":"(EP) - Guatemala ser\u00e1 el pa\u00eds socio en la pr\u00f3xima feria tur\u00edstica Fitur 2023 organizada por Ifema Madrid, que se celebrar\u00e1 del 18 al 22 de enero de 2023","keywords":[],"keyphrases":{"focus":{"keyphrase":"Fitur 2023","score":83,"analysis":{"keyphraseInTitle":{"title":"Focus keyphrase in SEO title","description":"Focus keyphrase found in SEO title.","score":9,"maxScore":9,"error":0},"keyphraseInDescription":{"title":"Focus keyphrase in meta description","description":"Focus keyphrase found in meta description.","score":9,"maxScore":9,"error":0},"keyphraseLength":{"title":"Focus keyphrase length","description":"Good job!","score":9,"maxScore":9,"error":0,"length":1},"keyphraseInURL":{"title":"Focus keyphrase in URL","description":"Focus keyphrase not found in the URL.","score":1,"maxScore":5,"error":1},"keyphraseInIntroduction":{"title":"Focus keyphrase in introduction","description":"Your Focus keyphrase appears in the first paragraph. Well done!","score":9,"maxScore":9,"error":0},"keyphraseInSubHeadings":{"title":"Focus keyphrase in Subheadings","description":"Use your focus keyphrase more in your H2 and H3 subheadings.","score":3,"maxScore":9,"error":1},"keyphraseInImageAlt":{"title":"Focus keyphrase in image alt attributes","description":"Focus keyphrase found in image alt attribute(s).","score":9,"maxScore":9,"error":0}}},"additional":[{"keyphrase":"Fitur 2023","score":100,"analysis":{"keyphraseInDescription":{"title":"Keyphrase in meta description","description":"Keyphrase found in meta description.","score":9,"maxScore":9,"error":0},"keyphraseLength":{"title":"Keyphrase length","description":"Good job!","score":9,"maxScore":9,"error":0,"length":1},"keyphraseInIntroduction":{"title":"Keyphrase in introduction","description":"Your Keyphrase appears in the first paragraph. Well done!","score":9,"maxScore":9,"error":0},"keyphraseInImageAlt":{"title":"Keyphrase in image alt attributes","description":"Keyphrase found in image alt attribute(s).","score":9,"maxScore":9,"error":0}}},{"keyphrase":"Guatemala ","score":100,"analysis":{"keyphraseInDescription":{"title":"Keyphrase in meta description","description":"Keyphrase found in meta description.","score":9,"maxScore":9,"error":0},"keyphraseLength":{"title":"Keyphrase length","description":"Good job!","score":9,"maxScore":9,"error":0,"length":1},"keyphraseInIntroduction":{"title":"Keyphrase in introduction","description":"Your Keyphrase appears in the first paragraph. Well done!","score":9,"maxScore":9,"error":0},"keyphraseInImageAlt":{"title":"Keyphrase in image alt attributes","description":"Keyphrase found in image alt attribute(s).","score":9,"maxScore":9,"error":0}}}]},"primary_term":null,"canonical_url":null,"og_title":null,"og_description":null,"og_object_type":"default","og_image_type":"default","og_image_url":null,"og_image_width":null,"og_image_height":null,"og_image_custom_url":null,"og_image_custom_fields":null,"og_video":"","og_custom_url":null,"og_article_section":null,"og_article_tags":[],"twitter_use_og":false,"twitter_card":"default","twitter_image_type":"default","twitter_image_url":null,"twitter_image_custom_url":null,"twitter_image_custom_fields":null,"twitter_title":null,"twitter_description":null,"schema":{"blockGraphs":[],"customGraphs":[],"default":{"data":{"Article":[],"Course":[],"Dataset":[],"FAQPage":[],"Movie":[],"Person":[],"Product":[],"ProductReview":[],"Car":[],"Recipe":[],"Service":[],"SoftwareApplication":[],"WebPage":[]},"graphName":"","isEnabled":true},"graphs":[]},"schema_type":"default","schema_type_options":null,"pillar_content":false,"robots_default":true,"robots_noindex":false,"robots_noarchive":false,"robots_nosnippet":false,"robots_nofollow":false,"robots_noimageindex":false,"robots_noodp":false,"robots_notranslate":false,"robots_max_snippet":"-1","robots_max_videopreview":"-1","robots_max_imagepreview":"large","priority":null,"frequency":"default","location":null,"local_seo":null,"seo_analyzer_scan_date":"2025-09-01 12:54:24","breadcrumb_settings":null,"limit_modified_date":false,"reviewed_by":null,"open_ai":null,"ai":null,"created":"2022-09-29 16:59:36","updated":"2025-09-01 12:54:24"},"aioseo_breadcrumb":"<div class=\"aioseo-breadcrumbs\"><span class=\"aioseo-breadcrumb\">\n\t<a href=\"https:\/\/candas365.es\/noticias\" title=\"Home\">Home<\/a>\n<\/span><span class=\"aioseo-breadcrumb-separator\">&ndash;<\/span><span class=\"aioseo-breadcrumb\">\n\t<a href=\"https:\/\/candas365.es\/noticias\/category\/turismo\/\" title=\"Turismo\">Turismo<\/a>\n<\/span><span class=\"aioseo-breadcrumb-separator\">&ndash;<\/span><span class=\"aioseo-breadcrumb\">\n\tLas novedades de Fitur 2023\n<\/span><\/div>","aioseo_breadcrumb_json":[{"label":"Home","link":"https:\/\/candas365.es\/noticias"},{"label":"Turismo","link":"https:\/\/candas365.es\/noticias\/category\/turismo\/"},{"label":"Las novedades de Fitur 2023","link":"https:\/\/candas365.es\/noticias\/las-novedades-de-fitur-2023\/"}],"_links":{"self":[{"href":"https:\/\/candas365.es\/noticias\/wp-json\/wp\/v2\/posts\/166786","targetHints":{"allow":["GET"]}}],"collection":[{"href":"https:\/\/candas365.es\/noticias\/wp-json\/wp\/v2\/posts"}],"about":[{"href":"https:\/\/candas365.es\/noticias\/wp-json\/wp\/v2\/types\/post"}],"author":[{"embeddable":true,"href":"https:\/\/candas365.es\/noticias\/wp-json\/wp\/v2\/users\/1"}],"replies":[{"embeddable":true,"href":"https:\/\/candas365.es\/noticias\/wp-json\/wp\/v2\/comments?post=166786"}],"version-history":[{"count":0,"href":"https:\/\/candas365.es\/noticias\/wp-json\/wp\/v2\/posts\/166786\/revisions"}],"wp:featuredmedia":[{"embeddable":true,"href":"https:\/\/candas365.es\/noticias\/wp-json\/wp\/v2\/media\/166787"}],"wp:attachment":[{"href":"https:\/\/candas365.es\/noticias\/wp-json\/wp\/v2\/media?parent=166786"}],"wp:term":[{"taxonomy":"category","embeddable":true,"href":"https:\/\/candas365.es\/noticias\/wp-json\/wp\/v2\/categories?post=166786"},{"taxonomy":"post_tag","embeddable":true,"href":"https:\/\/candas365.es\/noticias\/wp-json\/wp\/v2\/tags?post=166786"}],"curies":[{"name":"wp","href":"https:\/\/api.w.org\/{rel}","templated":true}]}}