{"id":166657,"date":"2022-09-27T05:10:09","date_gmt":"2022-09-27T03:10:09","guid":{"rendered":"https:\/\/candas365.es\/noticias\/?p=166657"},"modified":"2022-09-27T05:10:09","modified_gmt":"2022-09-27T03:10:09","slug":"trabajos-de-conservacion-de-las-esculturas-exteriores-del-museo-anton-de-candas","status":"publish","type":"post","link":"https:\/\/candas365.es\/noticias\/trabajos-de-conservacion-de-las-esculturas-exteriores-del-museo-anton-de-candas\/","title":{"rendered":"Trabajos de conservaci\u00f3n de las esculturas exteriores del Museo Ant\u00f3n de Cand\u00e1s"},"content":{"rendered":"<p>Desde hace varios d\u00edas se llevan realizando trabajos en la zona del <a href=\"https:\/\/candas365.es\/noticias\/el-espacio-habitado-en-el-museo-anton-de-candas\/\"><span style=\"color: #ff6600;\"><strong>Museo Ant\u00f3n de Cand\u00e1s<\/strong>.<\/span><\/a> El objetivo es la conservaci\u00f3n en buen estado de las esculturas que se exponen en el exterior del entorno del Museo.<\/p>\n<figure id=\"attachment_166658\" aria-describedby=\"caption-attachment-166658\" style=\"width: 650px\" class=\"wp-caption aligncenter\"><img fetchpriority=\"high\" decoding=\"async\" class=\"wp-image-166658 size-large\" src=\"https:\/\/candas365.es\/noticias\/wp-content\/uploads\/2022\/09\/Museo-Anton-Candas-650x417.jpg\" alt=\"Museo Ant\u00f3n Cand\u00e1s\" width=\"650\" height=\"417\" srcset=\"https:\/\/candas365.es\/noticias\/wp-content\/uploads\/2022\/09\/Museo-Anton-Candas-650x417.jpg 650w, https:\/\/candas365.es\/noticias\/wp-content\/uploads\/2022\/09\/Museo-Anton-Candas-360x231.jpg 360w, https:\/\/candas365.es\/noticias\/wp-content\/uploads\/2022\/09\/Museo-Anton-Candas-768x493.jpg 768w, https:\/\/candas365.es\/noticias\/wp-content\/uploads\/2022\/09\/Museo-Anton-Candas-150x96.jpg 150w, https:\/\/candas365.es\/noticias\/wp-content\/uploads\/2022\/09\/Museo-Anton-Candas-450x289.jpg 450w, https:\/\/candas365.es\/noticias\/wp-content\/uploads\/2022\/09\/Museo-Anton-Candas.jpg 1088w\" sizes=\"(max-width: 650px) 100vw, 650px\" \/><figcaption id=\"caption-attachment-166658\" class=\"wp-caption-text\">Foto: Ayuntamiento de Carre\u00f1o<\/figcaption><\/figure>\n<p>Las obras expuestas en esta zona son un total de veinticuatro esculturas, pertenecientes a siguientes los artistas: Joaqu\u00edn Rubio Cam\u00edn, Jos\u00e9 Luis S\u00e1nchez, Alejandro Corominas, Ant\u00f3n Rodr\u00edguez Garc\u00eda, Amador Rodr\u00edguez, Pablo Maojo, Javier del R\u00edo, C\u00e9sar Ripoll, Alicia Jim\u00e9nez, Teresa Monforte, Bodo Rau, Jos\u00e9 \u00c1ngel Merino, Antonio Sobrino y Mercedes Cano.<\/p>\n<p><strong>La primera fue instalada en el a\u00f1o 1990 y la \u00faltima lo ha sido en 2010<\/strong>. El paso del tiempo y las inclemencias meteorol\u00f3gicas van deteriorando las esculturas, para evitar mayores desperfectos resulta imprescindible llevar a cabo una actuaci\u00f3n sistem\u00e1tica sobre las diferentes piezas para evitar su degradaci\u00f3n.<\/p>\n<p>\u201cCada a\u00f1o se realizan varias inspecciones t\u00e9cnicas a todas las esculturas ubicadas en el Parque escult\u00f3rico con el objeto de detectar posibles deterioros o anomal\u00edas en cada una de esas esculturas para as\u00ed poder definir prioridades respecto a recursos, medios y procedimientos a emplear para la conservaci\u00f3n de estas obras. Una vez realizadas las revisiones correspondientes de este a\u00f1o se va a llevar a cabo la restauraci\u00f3n de la escultura que m\u00e1s lo requiere: `Encuentro en tres\u00b4 de Joaqu\u00edn Rubio Cam\u00edn. Los trabajos, tras realizar el proceso de contrataci\u00f3n, ser\u00e1n realizados por la restauradora de bienes culturales Montserrat Aja\u201d \u2013 se\u00f1al\u00f3 Amelia Fern\u00e1ndez, Alcaldesa de <a href=\"https:\/\/www.ayto-carreno.es\/\" target=\"_blank\" rel=\"noopener\"><span style=\"color: #ff6600;\">Carre\u00f1o<\/span><\/a> y Presidenta del Patronato.<\/p>\n","protected":false},"excerpt":{"rendered":"<p>Desde hace varios d\u00edas se llevan realizando trabajos en la zona del Museo Ant\u00f3n de Cand\u00e1s. El objetivo es la conservaci\u00f3n en buen estado de las esculturas que se exponen en el exterior del entorno del Museo. Las obras expuestas en esta zona son un total de veinticuatro esculturas, pertenecientes a siguientes los artistas: Joaqu\u00edn<\/p>\n","protected":false},"author":1,"featured_media":166658,"comment_status":"closed","ping_status":"closed","sticky":false,"template":"","format":"standard","meta":{"footnotes":""},"categories":[2],"tags":[366,365,430],"class_list":{"0":"post-166657","1":"post","2":"type-post","3":"status-publish","4":"format-standard","5":"has-post-thumbnail","7":"category-noticias-carreno","8":"tag-candas","9":"tag-carreno","10":"tag-cultura"},"aioseo_notices":[],"aioseo_head":"\n\t\t<!-- All in One SEO Pro 4.9.6.2 - aioseo.com -->\n\t<meta name=\"description\" content=\"Desde hace varios d\u00edas se llevan realizando trabajos en la zona del Museo Ant\u00f3n de Cand\u00e1s. El objetivo es la conservaci\u00f3n en buen estado de las esculturas\" \/>\n\t<meta name=\"robots\" content=\"max-image-preview:large\" \/>\n\t<meta name=\"author\" content=\"Cand\u00e1s 365\"\/>\n\t<meta name=\"google-site-verification\" content=\"UA-32230408-1\" \/>\n\t<meta name=\"msvalidate.01\" content=\"354F3CDFB2DA171B47FBE9ABF1F88D5\" \/>\n\t<meta name=\"keywords\" content=\"noticias carre\u00f1o\" \/>\n\t<link rel=\"canonical\" href=\"https:\/\/candas365.es\/noticias\/trabajos-de-conservacion-de-las-esculturas-exteriores-del-museo-anton-de-candas\/\" \/>\n\t<meta name=\"generator\" content=\"All in One SEO Pro (AIOSEO) 4.9.6.2\" \/>\n\t\t<meta property=\"og:locale\" content=\"es_ES\" \/>\n\t\t<meta property=\"og:site_name\" content=\"Cand\u00e1s 365\" \/>\n\t\t<meta property=\"og:type\" content=\"article\" \/>\n\t\t<meta property=\"og:title\" content=\"Trabajos de conservaci\u00f3n de las esculturas exteriores del Museo Ant\u00f3n de Cand\u00e1s | Cand\u00e1s 365\" \/>\n\t\t<meta property=\"og:description\" content=\"Desde hace varios d\u00edas se llevan realizando trabajos en la zona del Museo Ant\u00f3n de Cand\u00e1s. El objetivo es la conservaci\u00f3n en buen estado de las esculturas\" \/>\n\t\t<meta property=\"og:url\" content=\"https:\/\/candas365.es\/noticias\/trabajos-de-conservacion-de-las-esculturas-exteriores-del-museo-anton-de-candas\/\" \/>\n\t\t<meta property=\"og:image\" content=\"https:\/\/candas365.es\/noticias\/wp-content\/uploads\/2022\/09\/Museo-Anton-Candas.jpg\" \/>\n\t\t<meta property=\"og:image:secure_url\" content=\"https:\/\/candas365.es\/noticias\/wp-content\/uploads\/2022\/09\/Museo-Anton-Candas.jpg\" \/>\n\t\t<meta property=\"og:image:width\" content=\"1088\" \/>\n\t\t<meta property=\"og:image:height\" content=\"698\" \/>\n\t\t<meta property=\"article:published_time\" content=\"2022-09-27T03:10:09+00:00\" \/>\n\t\t<meta property=\"article:modified_time\" content=\"2022-09-27T03:10:09+00:00\" \/>\n\t\t<meta property=\"article:publisher\" content=\"https:\/\/www.facebook.com\/Nachofdezber\" \/>\n\t\t<meta property=\"article:author\" content=\"https:\/\/www.facebook.com\/carrenoactualidad\" \/>\n\t\t<meta name=\"twitter:card\" content=\"summary_large_image\" \/>\n\t\t<meta name=\"twitter:site\" content=\"@NabercoDigital\" \/>\n\t\t<meta name=\"twitter:title\" content=\"Trabajos de conservaci\u00f3n de las esculturas exteriores del Museo Ant\u00f3n de Cand\u00e1s | Cand\u00e1s 365\" \/>\n\t\t<meta name=\"twitter:description\" content=\"Desde hace varios d\u00edas se llevan realizando trabajos en la zona del Museo Ant\u00f3n de Cand\u00e1s. El objetivo es la conservaci\u00f3n en buen estado de las esculturas\" \/>\n\t\t<meta name=\"twitter:creator\" content=\"@nbasturias\" \/>\n\t\t<meta name=\"twitter:image\" content=\"https:\/\/candas365.es\/noticias\/wp-content\/uploads\/2022\/09\/Museo-Anton-Candas.jpg\" \/>\n\t\t<meta name=\"twitter:label1\" content=\"Escrito por\" \/>\n\t\t<meta name=\"twitter:data1\" content=\"Cand\u00e1s 365\" \/>\n\t\t<meta name=\"twitter:label2\" content=\"Tiempo de lectura estimado\" \/>\n\t\t<meta name=\"twitter:data2\" content=\"1 minuto\" \/>\n\t\t<script type=\"application\/ld+json\" class=\"aioseo-schema\">\n\t\t\t{\"@context\":\"https:\\\/\\\/schema.org\",\"@graph\":[{\"@type\":\"BreadcrumbList\",\"@id\":\"https:\\\/\\\/candas365.es\\\/noticias\\\/trabajos-de-conservacion-de-las-esculturas-exteriores-del-museo-anton-de-candas\\\/#breadcrumblist\",\"itemListElement\":[{\"@type\":\"ListItem\",\"@id\":\"https:\\\/\\\/candas365.es\\\/noticias#listItem\",\"position\":1,\"name\":\"Home\",\"item\":\"https:\\\/\\\/candas365.es\\\/noticias\",\"nextItem\":{\"@type\":\"ListItem\",\"@id\":\"https:\\\/\\\/candas365.es\\\/noticias\\\/category\\\/noticias-carreno\\\/#listItem\",\"name\":\"Noticias Carre\\u00f1o\"}},{\"@type\":\"ListItem\",\"@id\":\"https:\\\/\\\/candas365.es\\\/noticias\\\/category\\\/noticias-carreno\\\/#listItem\",\"position\":2,\"name\":\"Noticias Carre\\u00f1o\",\"item\":\"https:\\\/\\\/candas365.es\\\/noticias\\\/category\\\/noticias-carreno\\\/\",\"nextItem\":{\"@type\":\"ListItem\",\"@id\":\"https:\\\/\\\/candas365.es\\\/noticias\\\/trabajos-de-conservacion-de-las-esculturas-exteriores-del-museo-anton-de-candas\\\/#listItem\",\"name\":\"Trabajos de conservaci\\u00f3n de las esculturas exteriores del Museo Ant\\u00f3n de Cand\\u00e1s\"},\"previousItem\":{\"@type\":\"ListItem\",\"@id\":\"https:\\\/\\\/candas365.es\\\/noticias#listItem\",\"name\":\"Home\"}},{\"@type\":\"ListItem\",\"@id\":\"https:\\\/\\\/candas365.es\\\/noticias\\\/trabajos-de-conservacion-de-las-esculturas-exteriores-del-museo-anton-de-candas\\\/#listItem\",\"position\":3,\"name\":\"Trabajos de conservaci\\u00f3n de las esculturas exteriores del Museo Ant\\u00f3n de Cand\\u00e1s\",\"previousItem\":{\"@type\":\"ListItem\",\"@id\":\"https:\\\/\\\/candas365.es\\\/noticias\\\/category\\\/noticias-carreno\\\/#listItem\",\"name\":\"Noticias Carre\\u00f1o\"}}]},{\"@type\":\"NewsArticle\",\"@id\":\"https:\\\/\\\/candas365.es\\\/noticias\\\/trabajos-de-conservacion-de-las-esculturas-exteriores-del-museo-anton-de-candas\\\/#newsarticle\",\"name\":\"Trabajos de conservaci\\u00f3n de las esculturas exteriores del Museo Ant\\u00f3n de Cand\\u00e1s | Cand\\u00e1s 365\",\"headline\":\"Trabajos de conservaci\\u00f3n de las esculturas exteriores del Museo Ant\\u00f3n de Cand\\u00e1s\",\"author\":{\"@id\":\"https:\\\/\\\/candas365.es\\\/noticias\\\/author\\\/admin\\\/#author\"},\"publisher\":{\"@id\":\"https:\\\/\\\/candas365.es\\\/noticias\\\/#organization\"},\"image\":{\"@type\":\"ImageObject\",\"url\":\"https:\\\/\\\/candas365.es\\\/noticias\\\/wp-content\\\/uploads\\\/2022\\\/09\\\/Museo-Anton-Candas.jpg\",\"width\":1088,\"height\":698,\"caption\":\"Foto: Ayuntamiento de Carre\\u00f1o\"},\"datePublished\":\"2022-09-27T05:10:09+02:00\",\"dateModified\":\"2022-09-27T05:10:09+02:00\",\"inLanguage\":\"es-ES\",\"mainEntityOfPage\":{\"@id\":\"https:\\\/\\\/candas365.es\\\/noticias\\\/trabajos-de-conservacion-de-las-esculturas-exteriores-del-museo-anton-de-candas\\\/#webpage\"},\"isPartOf\":{\"@id\":\"https:\\\/\\\/candas365.es\\\/noticias\\\/trabajos-de-conservacion-de-las-esculturas-exteriores-del-museo-anton-de-candas\\\/#webpage\"},\"articleSection\":\"Noticias Carre\\u00f1o, Cand\\u00e1s, Carre\\u00f1o, cultura\",\"dateline\":\"Publicado el septiembre 27, 2022.\"},{\"@type\":\"Organization\",\"@id\":\"https:\\\/\\\/candas365.es\\\/noticias\\\/#organization\",\"name\":\"Cand\\u00e1s 365\",\"description\":\"Cand\\u00e1s 365 es un diario digital independiente, fundado en 2012, con base en Asturias. Informamos con rigor sobre actualidad, sociedad, cultura y ocio, con una mirada local y global.\",\"url\":\"https:\\\/\\\/candas365.es\\\/noticias\\\/\",\"email\":\"info@candas365.es\",\"telephone\":\"+34652131393\",\"foundingDate\":\"2012-06-10\",\"logo\":{\"@type\":\"ImageObject\",\"url\":\"https:\\\/\\\/candas365.es\\\/noticias\\\/wp-content\\\/uploads\\\/2024\\\/09\\\/Candas-365-Redes.jpg\",\"@id\":\"https:\\\/\\\/candas365.es\\\/noticias\\\/trabajos-de-conservacion-de-las-esculturas-exteriores-del-museo-anton-de-candas\\\/#organizationLogo\",\"width\":1152,\"height\":864,\"caption\":\"Cand\\u00e1s 365 Redes\"},\"image\":{\"@id\":\"https:\\\/\\\/candas365.es\\\/noticias\\\/trabajos-de-conservacion-de-las-esculturas-exteriores-del-museo-anton-de-candas\\\/#organizationLogo\"},\"sameAs\":[\"https:\\\/\\\/www.facebook.com\\\/Nachofdezber\",\"https:\\\/\\\/x.com\\\/NabercoDigital\",\"https:\\\/\\\/www.instagram.com\\\/nachofdezber\\\/\",\"https:\\\/\\\/www.youtube.com\\\/channel\\\/UCZP-2wLEB9Rv6erhFmqVnvg\"],\"address\":{\"@id\":\"https:\\\/\\\/candas365.es\\\/noticias\\\/#postaladdress\",\"@type\":\"PostalAddress\",\"streetAddress\":\"san antonio 4, san antonio 4\",\"postalCode\":\"33430\",\"addressLocality\":\"Cand\\u00e1s\",\"addressRegion\":\"Asturias\",\"addressCountry\":\"ES\"}},{\"@type\":\"Person\",\"@id\":\"https:\\\/\\\/candas365.es\\\/noticias\\\/author\\\/admin\\\/#author\",\"url\":\"https:\\\/\\\/candas365.es\\\/noticias\\\/author\\\/admin\\\/\",\"name\":\"Cand\\u00e1s 365\",\"image\":{\"@type\":\"ImageObject\",\"@id\":\"https:\\\/\\\/candas365.es\\\/noticias\\\/trabajos-de-conservacion-de-las-esculturas-exteriores-del-museo-anton-de-candas\\\/#authorImage\",\"url\":\"https:\\\/\\\/secure.gravatar.com\\\/avatar\\\/496a8e03d0c493ede1718b7934145dbdf8d89be1036b0eec9544e1094c9de390?s=96&d=mm&r=g\",\"width\":96,\"height\":96,\"caption\":\"Cand\\u00e1s 365\"},\"sameAs\":[\"https:\\\/\\\/www.facebook.com\\\/carrenoactualidad\",\"https:\\\/\\\/twitter.com\\\/nbasturias\",\"https:\\\/\\\/www.instagram.com\\\/nachofdezber\\\/\",\"https:\\\/\\\/www.youtube.com\\\/channel\\\/UCZP-2wLEB9Rv6erhFmqVnvg\"]},{\"@type\":\"WebPage\",\"@id\":\"https:\\\/\\\/candas365.es\\\/noticias\\\/trabajos-de-conservacion-de-las-esculturas-exteriores-del-museo-anton-de-candas\\\/#webpage\",\"url\":\"https:\\\/\\\/candas365.es\\\/noticias\\\/trabajos-de-conservacion-de-las-esculturas-exteriores-del-museo-anton-de-candas\\\/\",\"name\":\"Trabajos de conservaci\\u00f3n de las esculturas exteriores del Museo Ant\\u00f3n de Cand\\u00e1s | Cand\\u00e1s 365\",\"description\":\"Desde hace varios d\\u00edas se llevan realizando trabajos en la zona del Museo Ant\\u00f3n de Cand\\u00e1s. El objetivo es la conservaci\\u00f3n en buen estado de las esculturas\",\"inLanguage\":\"es-ES\",\"isPartOf\":{\"@id\":\"https:\\\/\\\/candas365.es\\\/noticias\\\/#website\"},\"breadcrumb\":{\"@id\":\"https:\\\/\\\/candas365.es\\\/noticias\\\/trabajos-de-conservacion-de-las-esculturas-exteriores-del-museo-anton-de-candas\\\/#breadcrumblist\"},\"author\":{\"@id\":\"https:\\\/\\\/candas365.es\\\/noticias\\\/author\\\/admin\\\/#author\"},\"creator\":{\"@id\":\"https:\\\/\\\/candas365.es\\\/noticias\\\/author\\\/admin\\\/#author\"},\"image\":{\"@type\":\"ImageObject\",\"url\":\"https:\\\/\\\/candas365.es\\\/noticias\\\/wp-content\\\/uploads\\\/2022\\\/09\\\/Museo-Anton-Candas.jpg\",\"@id\":\"https:\\\/\\\/candas365.es\\\/noticias\\\/trabajos-de-conservacion-de-las-esculturas-exteriores-del-museo-anton-de-candas\\\/#mainImage\",\"width\":1088,\"height\":698,\"caption\":\"Foto: Ayuntamiento de Carre\\u00f1o\"},\"primaryImageOfPage\":{\"@id\":\"https:\\\/\\\/candas365.es\\\/noticias\\\/trabajos-de-conservacion-de-las-esculturas-exteriores-del-museo-anton-de-candas\\\/#mainImage\"},\"datePublished\":\"2022-09-27T05:10:09+02:00\",\"dateModified\":\"2022-09-27T05:10:09+02:00\"},{\"@type\":\"WebSite\",\"@id\":\"https:\\\/\\\/candas365.es\\\/noticias\\\/#website\",\"url\":\"https:\\\/\\\/candas365.es\\\/noticias\\\/\",\"name\":\"Cand\\u00e1s 365\",\"alternateName\":\"Cand\\u00e1s 365 Noticias\",\"description\":\"Actualidad desde Carre\\u00f1o para el mundo\",\"inLanguage\":\"es-ES\",\"publisher\":{\"@id\":\"https:\\\/\\\/candas365.es\\\/noticias\\\/#organization\"}}]}\n\t\t<\/script>\n\t\t<!-- All in One SEO Pro -->\r\n\t\t<title>Trabajos de conservaci\u00f3n de las esculturas exteriores del Museo Ant\u00f3n de Cand\u00e1s | Cand\u00e1s 365<\/title>\n\n","aioseo_head_json":{"title":"Trabajos de conservaci\u00f3n de las esculturas exteriores del Museo Ant\u00f3n de Cand\u00e1s | Cand\u00e1s 365","description":"Desde hace varios d\u00edas se llevan realizando trabajos en la zona del Museo Ant\u00f3n de Cand\u00e1s. El objetivo es la conservaci\u00f3n en buen estado de las esculturas","canonical_url":"https:\/\/candas365.es\/noticias\/trabajos-de-conservacion-de-las-esculturas-exteriores-del-museo-anton-de-candas\/","robots":"max-image-preview:large","keywords":"noticias carre\u00f1o","webmasterTools":{"google-site-verification":"UA-32230408-1","msvalidate.01":"354F3CDFB2DA171B47FBE9ABF1F88D5","miscellaneous":""},"schema":{"@context":"https:\/\/schema.org","@graph":[{"@type":"BreadcrumbList","@id":"https:\/\/candas365.es\/noticias\/trabajos-de-conservacion-de-las-esculturas-exteriores-del-museo-anton-de-candas\/#breadcrumblist","itemListElement":[{"@type":"ListItem","@id":"https:\/\/candas365.es\/noticias#listItem","position":1,"name":"Home","item":"https:\/\/candas365.es\/noticias","nextItem":{"@type":"ListItem","@id":"https:\/\/candas365.es\/noticias\/category\/noticias-carreno\/#listItem","name":"Noticias Carre\u00f1o"}},{"@type":"ListItem","@id":"https:\/\/candas365.es\/noticias\/category\/noticias-carreno\/#listItem","position":2,"name":"Noticias Carre\u00f1o","item":"https:\/\/candas365.es\/noticias\/category\/noticias-carreno\/","nextItem":{"@type":"ListItem","@id":"https:\/\/candas365.es\/noticias\/trabajos-de-conservacion-de-las-esculturas-exteriores-del-museo-anton-de-candas\/#listItem","name":"Trabajos de conservaci\u00f3n de las esculturas exteriores del Museo Ant\u00f3n de Cand\u00e1s"},"previousItem":{"@type":"ListItem","@id":"https:\/\/candas365.es\/noticias#listItem","name":"Home"}},{"@type":"ListItem","@id":"https:\/\/candas365.es\/noticias\/trabajos-de-conservacion-de-las-esculturas-exteriores-del-museo-anton-de-candas\/#listItem","position":3,"name":"Trabajos de conservaci\u00f3n de las esculturas exteriores del Museo Ant\u00f3n de Cand\u00e1s","previousItem":{"@type":"ListItem","@id":"https:\/\/candas365.es\/noticias\/category\/noticias-carreno\/#listItem","name":"Noticias Carre\u00f1o"}}]},{"@type":"NewsArticle","@id":"https:\/\/candas365.es\/noticias\/trabajos-de-conservacion-de-las-esculturas-exteriores-del-museo-anton-de-candas\/#newsarticle","name":"Trabajos de conservaci\u00f3n de las esculturas exteriores del Museo Ant\u00f3n de Cand\u00e1s | Cand\u00e1s 365","headline":"Trabajos de conservaci\u00f3n de las esculturas exteriores del Museo Ant\u00f3n de Cand\u00e1s","author":{"@id":"https:\/\/candas365.es\/noticias\/author\/admin\/#author"},"publisher":{"@id":"https:\/\/candas365.es\/noticias\/#organization"},"image":{"@type":"ImageObject","url":"https:\/\/candas365.es\/noticias\/wp-content\/uploads\/2022\/09\/Museo-Anton-Candas.jpg","width":1088,"height":698,"caption":"Foto: Ayuntamiento de Carre\u00f1o"},"datePublished":"2022-09-27T05:10:09+02:00","dateModified":"2022-09-27T05:10:09+02:00","inLanguage":"es-ES","mainEntityOfPage":{"@id":"https:\/\/candas365.es\/noticias\/trabajos-de-conservacion-de-las-esculturas-exteriores-del-museo-anton-de-candas\/#webpage"},"isPartOf":{"@id":"https:\/\/candas365.es\/noticias\/trabajos-de-conservacion-de-las-esculturas-exteriores-del-museo-anton-de-candas\/#webpage"},"articleSection":"Noticias Carre\u00f1o, Cand\u00e1s, Carre\u00f1o, cultura","dateline":"Publicado el septiembre 27, 2022."},{"@type":"Organization","@id":"https:\/\/candas365.es\/noticias\/#organization","name":"Cand\u00e1s 365","description":"Cand\u00e1s 365 es un diario digital independiente, fundado en 2012, con base en Asturias. Informamos con rigor sobre actualidad, sociedad, cultura y ocio, con una mirada local y global.","url":"https:\/\/candas365.es\/noticias\/","email":"info@candas365.es","telephone":"+34652131393","foundingDate":"2012-06-10","logo":{"@type":"ImageObject","url":"https:\/\/candas365.es\/noticias\/wp-content\/uploads\/2024\/09\/Candas-365-Redes.jpg","@id":"https:\/\/candas365.es\/noticias\/trabajos-de-conservacion-de-las-esculturas-exteriores-del-museo-anton-de-candas\/#organizationLogo","width":1152,"height":864,"caption":"Cand\u00e1s 365 Redes"},"image":{"@id":"https:\/\/candas365.es\/noticias\/trabajos-de-conservacion-de-las-esculturas-exteriores-del-museo-anton-de-candas\/#organizationLogo"},"sameAs":["https:\/\/www.facebook.com\/Nachofdezber","https:\/\/x.com\/NabercoDigital","https:\/\/www.instagram.com\/nachofdezber\/","https:\/\/www.youtube.com\/channel\/UCZP-2wLEB9Rv6erhFmqVnvg"],"address":{"@id":"https:\/\/candas365.es\/noticias\/#postaladdress","@type":"PostalAddress","streetAddress":"san antonio 4, san antonio 4","postalCode":"33430","addressLocality":"Cand\u00e1s","addressRegion":"Asturias","addressCountry":"ES"}},{"@type":"Person","@id":"https:\/\/candas365.es\/noticias\/author\/admin\/#author","url":"https:\/\/candas365.es\/noticias\/author\/admin\/","name":"Cand\u00e1s 365","image":{"@type":"ImageObject","@id":"https:\/\/candas365.es\/noticias\/trabajos-de-conservacion-de-las-esculturas-exteriores-del-museo-anton-de-candas\/#authorImage","url":"https:\/\/secure.gravatar.com\/avatar\/496a8e03d0c493ede1718b7934145dbdf8d89be1036b0eec9544e1094c9de390?s=96&d=mm&r=g","width":96,"height":96,"caption":"Cand\u00e1s 365"},"sameAs":["https:\/\/www.facebook.com\/carrenoactualidad","https:\/\/twitter.com\/nbasturias","https:\/\/www.instagram.com\/nachofdezber\/","https:\/\/www.youtube.com\/channel\/UCZP-2wLEB9Rv6erhFmqVnvg"]},{"@type":"WebPage","@id":"https:\/\/candas365.es\/noticias\/trabajos-de-conservacion-de-las-esculturas-exteriores-del-museo-anton-de-candas\/#webpage","url":"https:\/\/candas365.es\/noticias\/trabajos-de-conservacion-de-las-esculturas-exteriores-del-museo-anton-de-candas\/","name":"Trabajos de conservaci\u00f3n de las esculturas exteriores del Museo Ant\u00f3n de Cand\u00e1s | Cand\u00e1s 365","description":"Desde hace varios d\u00edas se llevan realizando trabajos en la zona del Museo Ant\u00f3n de Cand\u00e1s. El objetivo es la conservaci\u00f3n en buen estado de las esculturas","inLanguage":"es-ES","isPartOf":{"@id":"https:\/\/candas365.es\/noticias\/#website"},"breadcrumb":{"@id":"https:\/\/candas365.es\/noticias\/trabajos-de-conservacion-de-las-esculturas-exteriores-del-museo-anton-de-candas\/#breadcrumblist"},"author":{"@id":"https:\/\/candas365.es\/noticias\/author\/admin\/#author"},"creator":{"@id":"https:\/\/candas365.es\/noticias\/author\/admin\/#author"},"image":{"@type":"ImageObject","url":"https:\/\/candas365.es\/noticias\/wp-content\/uploads\/2022\/09\/Museo-Anton-Candas.jpg","@id":"https:\/\/candas365.es\/noticias\/trabajos-de-conservacion-de-las-esculturas-exteriores-del-museo-anton-de-candas\/#mainImage","width":1088,"height":698,"caption":"Foto: Ayuntamiento de Carre\u00f1o"},"primaryImageOfPage":{"@id":"https:\/\/candas365.es\/noticias\/trabajos-de-conservacion-de-las-esculturas-exteriores-del-museo-anton-de-candas\/#mainImage"},"datePublished":"2022-09-27T05:10:09+02:00","dateModified":"2022-09-27T05:10:09+02:00"},{"@type":"WebSite","@id":"https:\/\/candas365.es\/noticias\/#website","url":"https:\/\/candas365.es\/noticias\/","name":"Cand\u00e1s 365","alternateName":"Cand\u00e1s 365 Noticias","description":"Actualidad desde Carre\u00f1o para el mundo","inLanguage":"es-ES","publisher":{"@id":"https:\/\/candas365.es\/noticias\/#organization"}}]},"og:locale":"es_ES","og:site_name":"Cand\u00e1s 365","og:type":"article","og:title":"Trabajos de conservaci\u00f3n de las esculturas exteriores del Museo Ant\u00f3n de Cand\u00e1s | Cand\u00e1s 365","og:description":"Desde hace varios d\u00edas se llevan realizando trabajos en la zona del Museo Ant\u00f3n de Cand\u00e1s. El objetivo es la conservaci\u00f3n en buen estado de las esculturas","og:url":"https:\/\/candas365.es\/noticias\/trabajos-de-conservacion-de-las-esculturas-exteriores-del-museo-anton-de-candas\/","og:image":"https:\/\/candas365.es\/noticias\/wp-content\/uploads\/2022\/09\/Museo-Anton-Candas.jpg","og:image:secure_url":"https:\/\/candas365.es\/noticias\/wp-content\/uploads\/2022\/09\/Museo-Anton-Candas.jpg","og:image:width":1088,"og:image:height":698,"article:published_time":"2022-09-27T03:10:09+00:00","article:modified_time":"2022-09-27T03:10:09+00:00","article:publisher":"https:\/\/www.facebook.com\/Nachofdezber","article:author":"https:\/\/www.facebook.com\/carrenoactualidad","twitter:card":"summary_large_image","twitter:site":"@NabercoDigital","twitter:title":"Trabajos de conservaci\u00f3n de las esculturas exteriores del Museo Ant\u00f3n de Cand\u00e1s | Cand\u00e1s 365","twitter:description":"Desde hace varios d\u00edas se llevan realizando trabajos en la zona del Museo Ant\u00f3n de Cand\u00e1s. El objetivo es la conservaci\u00f3n en buen estado de las esculturas","twitter:creator":"@nbasturias","twitter:image":"https:\/\/candas365.es\/noticias\/wp-content\/uploads\/2022\/09\/Museo-Anton-Candas.jpg","twitter:label1":"Escrito por","twitter:data1":"Cand\u00e1s 365","twitter:label2":"Tiempo de lectura estimado","twitter:data2":"1 minuto"},"aioseo_meta_data":{"post_id":"166657","title":null,"description":"Desde hace varios d\u00edas se llevan realizando trabajos en la zona del Museo Ant\u00f3n de Cand\u00e1s. El objetivo es la conservaci\u00f3n en buen estado de las esculturas","keywords":[],"keyphrases":{"focus":{"keyphrase":" Cand\u00e1s","score":100,"analysis":{"keyphraseInTitle":{"title":"Focus keyphrase in SEO title","description":"Focus keyphrase found in SEO title.","score":9,"maxScore":9,"error":0},"keyphraseInDescription":{"title":"Focus keyphrase in meta description","description":"Focus keyphrase found in meta description.","score":9,"maxScore":9,"error":0},"keyphraseLength":{"title":"Focus keyphrase length","description":"Good job!","score":9,"maxScore":9,"error":0,"length":1},"keyphraseInURL":{"title":"Focus keyphrase in URL","description":"Focus keyphrase used in the URL.","score":5,"maxScore":5,"error":0},"keyphraseInIntroduction":{"title":"Focus keyphrase in introduction","description":"Your Focus keyphrase appears in the first paragraph. Well done!","score":9,"maxScore":9,"error":0},"keyphraseInSubHeadings":[],"keyphraseInImageAlt":{"title":"Focus keyphrase in image alt attributes","description":"Focus keyphrase found in image alt attribute(s).","score":9,"maxScore":9,"error":0}}},"additional":[{"keyphrase":"Museo Ant\u00f3n","score":100,"analysis":{"keyphraseInDescription":{"title":"Keyphrase in meta description","description":"Keyphrase found in meta description.","score":9,"maxScore":9,"error":0},"keyphraseLength":{"title":"Keyphrase length","description":"Good job!","score":9,"maxScore":9,"error":0,"length":2},"keyphraseInIntroduction":{"title":"Keyphrase in introduction","description":"Your Keyphrase appears in the first paragraph. Well done!","score":9,"maxScore":9,"error":0},"keyphraseInImageAlt":{"title":"Keyphrase in image alt attributes","description":"Keyphrase found in image alt attribute(s).","score":9,"maxScore":9,"error":0}}}]},"primary_term":null,"canonical_url":null,"og_title":null,"og_description":null,"og_object_type":"default","og_image_type":"default","og_image_url":null,"og_image_width":null,"og_image_height":null,"og_image_custom_url":null,"og_image_custom_fields":null,"og_video":"","og_custom_url":null,"og_article_section":null,"og_article_tags":[],"twitter_use_og":false,"twitter_card":"default","twitter_image_type":"default","twitter_image_url":null,"twitter_image_custom_url":null,"twitter_image_custom_fields":null,"twitter_title":null,"twitter_description":null,"schema":{"blockGraphs":[],"customGraphs":[],"default":{"data":{"Article":[],"Course":[],"Dataset":[],"FAQPage":[],"Movie":[],"Person":[],"Product":[],"ProductReview":[],"Car":[],"Recipe":[],"Service":[],"SoftwareApplication":[],"WebPage":[]},"graphName":"","isEnabled":true},"graphs":[]},"schema_type":"default","schema_type_options":null,"pillar_content":false,"robots_default":true,"robots_noindex":false,"robots_noarchive":false,"robots_nosnippet":false,"robots_nofollow":false,"robots_noimageindex":false,"robots_noodp":false,"robots_notranslate":false,"robots_max_snippet":"-1","robots_max_videopreview":"-1","robots_max_imagepreview":"large","priority":null,"frequency":"default","location":null,"local_seo":null,"seo_analyzer_scan_date":"2025-09-01 12:45:17","breadcrumb_settings":null,"limit_modified_date":false,"reviewed_by":null,"open_ai":null,"ai":null,"created":"2022-09-27 03:03:30","updated":"2025-09-01 12:45:18"},"aioseo_breadcrumb":"<div class=\"aioseo-breadcrumbs\"><span class=\"aioseo-breadcrumb\">\n\t<a href=\"https:\/\/candas365.es\/noticias\" title=\"Home\">Home<\/a>\n<\/span><span class=\"aioseo-breadcrumb-separator\">&ndash;<\/span><span class=\"aioseo-breadcrumb\">\n\t<a href=\"https:\/\/candas365.es\/noticias\/category\/noticias-carreno\/\" title=\"Noticias Carre\u00f1o\">Noticias Carre\u00f1o<\/a>\n<\/span><span class=\"aioseo-breadcrumb-separator\">&ndash;<\/span><span class=\"aioseo-breadcrumb\">\n\tTrabajos de conservaci\u00f3n de las esculturas exteriores del Museo Ant\u00f3n de Cand\u00e1s\n<\/span><\/div>","aioseo_breadcrumb_json":[{"label":"Home","link":"https:\/\/candas365.es\/noticias"},{"label":"Noticias Carre\u00f1o","link":"https:\/\/candas365.es\/noticias\/category\/noticias-carreno\/"},{"label":"Trabajos de conservaci\u00f3n de las esculturas exteriores del Museo Ant\u00f3n de Cand\u00e1s","link":"https:\/\/candas365.es\/noticias\/trabajos-de-conservacion-de-las-esculturas-exteriores-del-museo-anton-de-candas\/"}],"_links":{"self":[{"href":"https:\/\/candas365.es\/noticias\/wp-json\/wp\/v2\/posts\/166657","targetHints":{"allow":["GET"]}}],"collection":[{"href":"https:\/\/candas365.es\/noticias\/wp-json\/wp\/v2\/posts"}],"about":[{"href":"https:\/\/candas365.es\/noticias\/wp-json\/wp\/v2\/types\/post"}],"author":[{"embeddable":true,"href":"https:\/\/candas365.es\/noticias\/wp-json\/wp\/v2\/users\/1"}],"replies":[{"embeddable":true,"href":"https:\/\/candas365.es\/noticias\/wp-json\/wp\/v2\/comments?post=166657"}],"version-history":[{"count":0,"href":"https:\/\/candas365.es\/noticias\/wp-json\/wp\/v2\/posts\/166657\/revisions"}],"wp:featuredmedia":[{"embeddable":true,"href":"https:\/\/candas365.es\/noticias\/wp-json\/wp\/v2\/media\/166658"}],"wp:attachment":[{"href":"https:\/\/candas365.es\/noticias\/wp-json\/wp\/v2\/media?parent=166657"}],"wp:term":[{"taxonomy":"category","embeddable":true,"href":"https:\/\/candas365.es\/noticias\/wp-json\/wp\/v2\/categories?post=166657"},{"taxonomy":"post_tag","embeddable":true,"href":"https:\/\/candas365.es\/noticias\/wp-json\/wp\/v2\/tags?post=166657"}],"curies":[{"name":"wp","href":"https:\/\/api.w.org\/{rel}","templated":true}]}}