{"id":166651,"date":"2022-09-27T04:48:35","date_gmt":"2022-09-27T02:48:35","guid":{"rendered":"https:\/\/candas365.es\/noticias\/?p=166651"},"modified":"2022-09-27T04:48:35","modified_gmt":"2022-09-27T02:48:35","slug":"todas-las-luminarias-del-alumbrado-exterior-de-carreno-seran-led","status":"publish","type":"post","link":"https:\/\/candas365.es\/noticias\/todas-las-luminarias-del-alumbrado-exterior-de-carreno-seran-led\/","title":{"rendered":"Todas las luminarias del alumbrado exterior de Carre\u00f1o ser\u00e1n LED"},"content":{"rendered":"<p>El Ayuntamiento de <strong><a href=\"https:\/\/candas365.es\/noticias\/category\/noticias-carreno\/\"><span style=\"color: #ff6600;\">Carre\u00f1o<\/span> <\/a><\/strong>ha informado en una nota de prensa de la renovaci\u00f3n de las luminarias exteriores del Concejo, de este modo una vez finalizados los trabajos el cien por cien de las mismas ser\u00e1 de tecnolog\u00eda LED.<\/p>\n<figure id=\"attachment_166652\" aria-describedby=\"caption-attachment-166652\" style=\"width: 650px\" class=\"wp-caption aligncenter\"><img fetchpriority=\"high\" decoding=\"async\" class=\"wp-image-166652 size-large\" src=\"https:\/\/candas365.es\/noticias\/wp-content\/uploads\/2022\/09\/Carreno-650x452.jpg\" alt=\"Carre\u00f1o\" width=\"650\" height=\"452\" srcset=\"https:\/\/candas365.es\/noticias\/wp-content\/uploads\/2022\/09\/Carreno-650x452.jpg 650w, https:\/\/candas365.es\/noticias\/wp-content\/uploads\/2022\/09\/Carreno-360x251.jpg 360w, https:\/\/candas365.es\/noticias\/wp-content\/uploads\/2022\/09\/Carreno-768x535.jpg 768w, https:\/\/candas365.es\/noticias\/wp-content\/uploads\/2022\/09\/Carreno-150x104.jpg 150w, https:\/\/candas365.es\/noticias\/wp-content\/uploads\/2022\/09\/Carreno-450x313.jpg 450w, https:\/\/candas365.es\/noticias\/wp-content\/uploads\/2022\/09\/Carreno.jpg 1063w\" sizes=\"(max-width: 650px) 100vw, 650px\" \/><figcaption id=\"caption-attachment-166652\" class=\"wp-caption-text\">Foto: Ayuntamiento de Carre\u00f1o<\/figcaption><\/figure>\n<p>\u201cEl consistorio realizar\u00e1 una inversi\u00f3n de 1.391.500 \u20ac para dicha renovaci\u00f3n\u201d han informado desde el Ayuntamiento que adem\u00e1s han explicado que para la realizaci\u00f3n de este proyecto de eficiencia y ahorro energ\u00e9tico el <span style=\"color: #ff6600;\"><a style=\"color: #ff6600;\" href=\"https:\/\/www.ayto-carreno.es\/\" target=\"_blank\" rel=\"noopener\">Ayuntamiento de Carre\u00f1o<\/a><\/span> logr\u00f3 una subvenci\u00f3n estatal de 1.391.500 \u20ac y aportar\u00e1 el 20% restante de la inversi\u00f3n necesaria ( 278.300 \u20ac).<\/p>\n<p>Carre\u00f1o contar\u00e1 con la ayuda del Instituto para la Diversificaci\u00f3n y el Ahorro Energ\u00e9tico (IDAE), organismo adscrito al Ministerio para la Transici\u00f3n Ecol\u00f3gica, a trav\u00e9s de la Secretar\u00eda de Estado de Energ\u00eda, dentro del Programa Operativo de Crecimiento Sostenible 2014-2020, financiado por el Fondo Comunitario FEDER.<\/p>\n<p>\u201cMediante la puesta en marcha de este tipo de proyectos, pretendemos conseguir una reducci\u00f3n de las emisiones de di\u00f3xido de carbono a la atm\u00f3sfera, mediante la mejora de la eficiencia energ\u00e9tica. Por tanto, se sustituir\u00e1n 3.749 luminarias de exterior con sus correspondientes 133 centros de mando. Instalando un alumbrado de tipo funcional, con puntos de luz de m\u00e1ximo rendimiento y niveles de iluminaci\u00f3n apropiados al uso residencial\u201d &#8211; se\u00f1al\u00f3 Amelia Fern\u00e1ndez, Alcaldesa de Carre\u00f1o.<\/p>\n<p>\u201cCon esta inversi\u00f3n afrontamos una optimizaci\u00f3n de la eficiencia y ahorro energ\u00e9tico cuya misi\u00f3n ser\u00e1 la de mejorar la iluminaci\u00f3n de las v\u00edas de las parroquias rurales limitando el resplandor luminoso nocturno o contaminaci\u00f3n lum\u00ednica y reduciendo la luz intrusa o molesta acorde a la normativa actual. Mejorar\u00e1 la calidad de la luz nocturna mediante luz blanca, ofreciendo mayor seguridad ciudadana, mejor reconocimiento facial y mejor confort visual\u201d- detall\u00f3 Fern\u00e1ndez.<\/p>\n<p>Tras el proceso de licitaci\u00f3n correspondiente, en el que participaron 5 empresas del sector, la sustituci\u00f3n de las luminarias existentes en las parroquias de la zona rural por tecnolog\u00eda led se adjudic\u00f3 a Goyastur, S.L. por un importe de 1.391.500 \u20ac, al ser la oferta m\u00e1s ventajosa en t\u00e9rminos de calidad-precio.<\/p>\n<blockquote><p>Con las medidas que se proponen adoptar el consumo de energ\u00eda pasar\u00e1 de 1.510.385,75Kwh\/a\u00f1o, lo que representaun coste de energ\u00eda de 226.557,86 \u20ac, a 377.958,91Kwh\/a\u00f1o, o lo que es lo mismo, un coste econ\u00f3mico de energ\u00eda de 56.693,84 \u20ac.<\/p><\/blockquote>\n<p>La diferencia, en t\u00e9rminos energ\u00e9ticos ser\u00e1 de 1.132.426,84 Kwh\/a\u00f1o, lo que supondr\u00e1 un ahorro en el coste de la energ\u00eda anualmente de 169.864,03 \u20ac. Por lo tanto, se estima un ahorro cercano al 75 % concretamente el 74,98 %.<\/p>\n<blockquote><p>Los trabajos de cambio a tecnolog\u00eda led tendr\u00e1n una duraci\u00f3n de 6 meses.<\/p><\/blockquote>\n<p>\u201cCon esta inversi\u00f3n Carre\u00f1o finaliza el paso a tecnolog\u00eda led del 100% de las luminarias del alumbrado exterior de todo el concejo. Primero renovamos las 1.819 luminarias de Cand\u00e1s en el a\u00f1o 2019, el a\u00f1o pasado, se hizo el cambio de las 382 luminarias de las tres carreteras auton\u00f3micas que atraviesan el municipio y en este a\u00f1o 2022 se llevar\u00e1 a cabo la renovaci\u00f3n de las luminarias de la zona rural\u201d &#8211; detall\u00f3 la alcaldesa.<\/p>\n<p>\u201cUna vez reemplazadas estas \u00faltimas luminarias rurales en los \u00faltimos 4 a\u00f1os Carre\u00f1o habr\u00e1 renovado la totalidad del alumbrado y cuadros de mando del concejo, 5.950 luminarias y 179 cuadros de mando, lo que supone una total inversi\u00f3n de 2.478.080 \u20ac. Lo que llevar\u00e1 al Consistorio a un ahorro anual en el coste de la energ\u00eda de 339.724 \u20ac\u201d &#8211; concluy\u00f3 la regidora.<\/p>\n","protected":false},"excerpt":{"rendered":"<p>El Ayuntamiento de Carre\u00f1o ha informado en una nota de prensa de la renovaci\u00f3n de las luminarias exteriores del Concejo, de este modo una vez finalizados los trabajos el cien por cien de las mismas ser\u00e1 de tecnolog\u00eda LED. \u201cEl consistorio realizar\u00e1 una inversi\u00f3n de 1.391.500 \u20ac para dicha renovaci\u00f3n\u201d han informado desde el Ayuntamiento<\/p>\n","protected":false},"author":1,"featured_media":166652,"comment_status":"closed","ping_status":"closed","sticky":false,"template":"","format":"standard","meta":{"footnotes":""},"categories":[2],"tags":[366,365],"class_list":{"0":"post-166651","1":"post","2":"type-post","3":"status-publish","4":"format-standard","5":"has-post-thumbnail","7":"category-noticias-carreno","8":"tag-candas","9":"tag-carreno"},"aioseo_notices":[],"aioseo_head":"\n\t\t<!-- All in One SEO Pro 4.9.6.2 - aioseo.com -->\n\t<meta name=\"description\" content=\"El Ayuntamiento de Carre\u00f1o ha informado en una nota de prensa de la renovaci\u00f3n de las luminarias exteriores del Concejo, de este modo una vez finalizados\" \/>\n\t<meta name=\"robots\" content=\"max-image-preview:large\" \/>\n\t<meta name=\"author\" content=\"Cand\u00e1s 365\"\/>\n\t<meta name=\"google-site-verification\" content=\"UA-32230408-1\" \/>\n\t<meta name=\"msvalidate.01\" content=\"354F3CDFB2DA171B47FBE9ABF1F88D5\" \/>\n\t<meta name=\"keywords\" content=\"noticias carre\u00f1o\" \/>\n\t<link rel=\"canonical\" href=\"https:\/\/candas365.es\/noticias\/todas-las-luminarias-del-alumbrado-exterior-de-carreno-seran-led\/\" \/>\n\t<meta name=\"generator\" content=\"All in One SEO Pro (AIOSEO) 4.9.6.2\" \/>\n\t\t<meta property=\"og:locale\" content=\"es_ES\" \/>\n\t\t<meta property=\"og:site_name\" content=\"Cand\u00e1s 365\" \/>\n\t\t<meta property=\"og:type\" content=\"article\" \/>\n\t\t<meta property=\"og:title\" content=\"Todas las luminarias del alumbrado exterior de Carre\u00f1o ser\u00e1n LED | Cand\u00e1s 365\" \/>\n\t\t<meta property=\"og:description\" content=\"El Ayuntamiento de Carre\u00f1o ha informado en una nota de prensa de la renovaci\u00f3n de las luminarias exteriores del Concejo, de este modo una vez finalizados\" \/>\n\t\t<meta property=\"og:url\" content=\"https:\/\/candas365.es\/noticias\/todas-las-luminarias-del-alumbrado-exterior-de-carreno-seran-led\/\" \/>\n\t\t<meta property=\"og:image\" content=\"https:\/\/candas365.es\/noticias\/wp-content\/uploads\/2022\/09\/Carreno.jpg\" \/>\n\t\t<meta property=\"og:image:secure_url\" content=\"https:\/\/candas365.es\/noticias\/wp-content\/uploads\/2022\/09\/Carreno.jpg\" \/>\n\t\t<meta property=\"og:image:width\" content=\"1063\" \/>\n\t\t<meta property=\"og:image:height\" content=\"740\" \/>\n\t\t<meta property=\"article:published_time\" content=\"2022-09-27T02:48:35+00:00\" \/>\n\t\t<meta property=\"article:modified_time\" content=\"2022-09-27T02:48:35+00:00\" \/>\n\t\t<meta property=\"article:publisher\" content=\"https:\/\/www.facebook.com\/Nachofdezber\" \/>\n\t\t<meta property=\"article:author\" content=\"https:\/\/www.facebook.com\/carrenoactualidad\" \/>\n\t\t<meta name=\"twitter:card\" content=\"summary_large_image\" \/>\n\t\t<meta name=\"twitter:site\" content=\"@NabercoDigital\" \/>\n\t\t<meta name=\"twitter:title\" content=\"Todas las luminarias del alumbrado exterior de Carre\u00f1o ser\u00e1n LED | Cand\u00e1s 365\" \/>\n\t\t<meta name=\"twitter:description\" content=\"El Ayuntamiento de Carre\u00f1o ha informado en una nota de prensa de la renovaci\u00f3n de las luminarias exteriores del Concejo, de este modo una vez finalizados\" \/>\n\t\t<meta name=\"twitter:creator\" content=\"@nbasturias\" \/>\n\t\t<meta name=\"twitter:image\" content=\"https:\/\/candas365.es\/noticias\/wp-content\/uploads\/2022\/09\/Carreno.jpg\" \/>\n\t\t<meta name=\"twitter:label1\" content=\"Escrito por\" \/>\n\t\t<meta name=\"twitter:data1\" content=\"Cand\u00e1s 365\" \/>\n\t\t<meta name=\"twitter:label2\" content=\"Tiempo de lectura estimado\" \/>\n\t\t<meta name=\"twitter:data2\" content=\"3 minutos\" \/>\n\t\t<script type=\"application\/ld+json\" class=\"aioseo-schema\">\n\t\t\t{\"@context\":\"https:\\\/\\\/schema.org\",\"@graph\":[{\"@type\":\"BreadcrumbList\",\"@id\":\"https:\\\/\\\/candas365.es\\\/noticias\\\/todas-las-luminarias-del-alumbrado-exterior-de-carreno-seran-led\\\/#breadcrumblist\",\"itemListElement\":[{\"@type\":\"ListItem\",\"@id\":\"https:\\\/\\\/candas365.es\\\/noticias#listItem\",\"position\":1,\"name\":\"Home\",\"item\":\"https:\\\/\\\/candas365.es\\\/noticias\",\"nextItem\":{\"@type\":\"ListItem\",\"@id\":\"https:\\\/\\\/candas365.es\\\/noticias\\\/category\\\/noticias-carreno\\\/#listItem\",\"name\":\"Noticias Carre\\u00f1o\"}},{\"@type\":\"ListItem\",\"@id\":\"https:\\\/\\\/candas365.es\\\/noticias\\\/category\\\/noticias-carreno\\\/#listItem\",\"position\":2,\"name\":\"Noticias Carre\\u00f1o\",\"item\":\"https:\\\/\\\/candas365.es\\\/noticias\\\/category\\\/noticias-carreno\\\/\",\"nextItem\":{\"@type\":\"ListItem\",\"@id\":\"https:\\\/\\\/candas365.es\\\/noticias\\\/todas-las-luminarias-del-alumbrado-exterior-de-carreno-seran-led\\\/#listItem\",\"name\":\"Todas las luminarias del alumbrado exterior de Carre\\u00f1o ser\\u00e1n LED\"},\"previousItem\":{\"@type\":\"ListItem\",\"@id\":\"https:\\\/\\\/candas365.es\\\/noticias#listItem\",\"name\":\"Home\"}},{\"@type\":\"ListItem\",\"@id\":\"https:\\\/\\\/candas365.es\\\/noticias\\\/todas-las-luminarias-del-alumbrado-exterior-de-carreno-seran-led\\\/#listItem\",\"position\":3,\"name\":\"Todas las luminarias del alumbrado exterior de Carre\\u00f1o ser\\u00e1n LED\",\"previousItem\":{\"@type\":\"ListItem\",\"@id\":\"https:\\\/\\\/candas365.es\\\/noticias\\\/category\\\/noticias-carreno\\\/#listItem\",\"name\":\"Noticias Carre\\u00f1o\"}}]},{\"@type\":\"NewsArticle\",\"@id\":\"https:\\\/\\\/candas365.es\\\/noticias\\\/todas-las-luminarias-del-alumbrado-exterior-de-carreno-seran-led\\\/#newsarticle\",\"name\":\"Todas las luminarias del alumbrado exterior de Carre\\u00f1o ser\\u00e1n LED | Cand\\u00e1s 365\",\"headline\":\"Todas las luminarias del alumbrado exterior de Carre\\u00f1o ser\\u00e1n LED\",\"author\":{\"@id\":\"https:\\\/\\\/candas365.es\\\/noticias\\\/author\\\/admin\\\/#author\"},\"publisher\":{\"@id\":\"https:\\\/\\\/candas365.es\\\/noticias\\\/#organization\"},\"image\":{\"@type\":\"ImageObject\",\"url\":\"https:\\\/\\\/candas365.es\\\/noticias\\\/wp-content\\\/uploads\\\/2022\\\/09\\\/Carreno.jpg\",\"width\":1063,\"height\":740,\"caption\":\"Foto: Ayuntamiento de Carre\\u00f1o\"},\"datePublished\":\"2022-09-27T04:48:35+02:00\",\"dateModified\":\"2022-09-27T04:48:35+02:00\",\"inLanguage\":\"es-ES\",\"mainEntityOfPage\":{\"@id\":\"https:\\\/\\\/candas365.es\\\/noticias\\\/todas-las-luminarias-del-alumbrado-exterior-de-carreno-seran-led\\\/#webpage\"},\"isPartOf\":{\"@id\":\"https:\\\/\\\/candas365.es\\\/noticias\\\/todas-las-luminarias-del-alumbrado-exterior-de-carreno-seran-led\\\/#webpage\"},\"articleSection\":\"Noticias Carre\\u00f1o, Cand\\u00e1s, Carre\\u00f1o\",\"dateline\":\"Publicado el septiembre 27, 2022.\"},{\"@type\":\"Organization\",\"@id\":\"https:\\\/\\\/candas365.es\\\/noticias\\\/#organization\",\"name\":\"Cand\\u00e1s 365\",\"description\":\"Cand\\u00e1s 365 es un diario digital independiente, fundado en 2012, con base en Asturias. Informamos con rigor sobre actualidad, sociedad, cultura y ocio, con una mirada local y global.\",\"url\":\"https:\\\/\\\/candas365.es\\\/noticias\\\/\",\"email\":\"info@candas365.es\",\"telephone\":\"+34652131393\",\"foundingDate\":\"2012-06-10\",\"logo\":{\"@type\":\"ImageObject\",\"url\":\"https:\\\/\\\/candas365.es\\\/noticias\\\/wp-content\\\/uploads\\\/2024\\\/09\\\/Candas-365-Redes.jpg\",\"@id\":\"https:\\\/\\\/candas365.es\\\/noticias\\\/todas-las-luminarias-del-alumbrado-exterior-de-carreno-seran-led\\\/#organizationLogo\",\"width\":1152,\"height\":864,\"caption\":\"Cand\\u00e1s 365 Redes\"},\"image\":{\"@id\":\"https:\\\/\\\/candas365.es\\\/noticias\\\/todas-las-luminarias-del-alumbrado-exterior-de-carreno-seran-led\\\/#organizationLogo\"},\"sameAs\":[\"https:\\\/\\\/www.facebook.com\\\/Nachofdezber\",\"https:\\\/\\\/x.com\\\/NabercoDigital\",\"https:\\\/\\\/www.instagram.com\\\/nachofdezber\\\/\",\"https:\\\/\\\/www.youtube.com\\\/channel\\\/UCZP-2wLEB9Rv6erhFmqVnvg\"],\"address\":{\"@id\":\"https:\\\/\\\/candas365.es\\\/noticias\\\/#postaladdress\",\"@type\":\"PostalAddress\",\"streetAddress\":\"san antonio 4, san antonio 4\",\"postalCode\":\"33430\",\"addressLocality\":\"Cand\\u00e1s\",\"addressRegion\":\"Asturias\",\"addressCountry\":\"ES\"}},{\"@type\":\"Person\",\"@id\":\"https:\\\/\\\/candas365.es\\\/noticias\\\/author\\\/admin\\\/#author\",\"url\":\"https:\\\/\\\/candas365.es\\\/noticias\\\/author\\\/admin\\\/\",\"name\":\"Cand\\u00e1s 365\",\"image\":{\"@type\":\"ImageObject\",\"@id\":\"https:\\\/\\\/candas365.es\\\/noticias\\\/todas-las-luminarias-del-alumbrado-exterior-de-carreno-seran-led\\\/#authorImage\",\"url\":\"https:\\\/\\\/secure.gravatar.com\\\/avatar\\\/496a8e03d0c493ede1718b7934145dbdf8d89be1036b0eec9544e1094c9de390?s=96&d=mm&r=g\",\"width\":96,\"height\":96,\"caption\":\"Cand\\u00e1s 365\"},\"sameAs\":[\"https:\\\/\\\/www.facebook.com\\\/carrenoactualidad\",\"https:\\\/\\\/twitter.com\\\/nbasturias\",\"https:\\\/\\\/www.instagram.com\\\/nachofdezber\\\/\",\"https:\\\/\\\/www.youtube.com\\\/channel\\\/UCZP-2wLEB9Rv6erhFmqVnvg\"]},{\"@type\":\"WebPage\",\"@id\":\"https:\\\/\\\/candas365.es\\\/noticias\\\/todas-las-luminarias-del-alumbrado-exterior-de-carreno-seran-led\\\/#webpage\",\"url\":\"https:\\\/\\\/candas365.es\\\/noticias\\\/todas-las-luminarias-del-alumbrado-exterior-de-carreno-seran-led\\\/\",\"name\":\"Todas las luminarias del alumbrado exterior de Carre\\u00f1o ser\\u00e1n LED | Cand\\u00e1s 365\",\"description\":\"El Ayuntamiento de Carre\\u00f1o ha informado en una nota de prensa de la renovaci\\u00f3n de las luminarias exteriores del Concejo, de este modo una vez finalizados\",\"inLanguage\":\"es-ES\",\"isPartOf\":{\"@id\":\"https:\\\/\\\/candas365.es\\\/noticias\\\/#website\"},\"breadcrumb\":{\"@id\":\"https:\\\/\\\/candas365.es\\\/noticias\\\/todas-las-luminarias-del-alumbrado-exterior-de-carreno-seran-led\\\/#breadcrumblist\"},\"author\":{\"@id\":\"https:\\\/\\\/candas365.es\\\/noticias\\\/author\\\/admin\\\/#author\"},\"creator\":{\"@id\":\"https:\\\/\\\/candas365.es\\\/noticias\\\/author\\\/admin\\\/#author\"},\"image\":{\"@type\":\"ImageObject\",\"url\":\"https:\\\/\\\/candas365.es\\\/noticias\\\/wp-content\\\/uploads\\\/2022\\\/09\\\/Carreno.jpg\",\"@id\":\"https:\\\/\\\/candas365.es\\\/noticias\\\/todas-las-luminarias-del-alumbrado-exterior-de-carreno-seran-led\\\/#mainImage\",\"width\":1063,\"height\":740,\"caption\":\"Foto: Ayuntamiento de Carre\\u00f1o\"},\"primaryImageOfPage\":{\"@id\":\"https:\\\/\\\/candas365.es\\\/noticias\\\/todas-las-luminarias-del-alumbrado-exterior-de-carreno-seran-led\\\/#mainImage\"},\"datePublished\":\"2022-09-27T04:48:35+02:00\",\"dateModified\":\"2022-09-27T04:48:35+02:00\"},{\"@type\":\"WebSite\",\"@id\":\"https:\\\/\\\/candas365.es\\\/noticias\\\/#website\",\"url\":\"https:\\\/\\\/candas365.es\\\/noticias\\\/\",\"name\":\"Cand\\u00e1s 365\",\"alternateName\":\"Cand\\u00e1s 365 Noticias\",\"description\":\"Actualidad desde Carre\\u00f1o para el mundo\",\"inLanguage\":\"es-ES\",\"publisher\":{\"@id\":\"https:\\\/\\\/candas365.es\\\/noticias\\\/#organization\"}}]}\n\t\t<\/script>\n\t\t<!-- All in One SEO Pro -->\r\n\t\t<title>Todas las luminarias del alumbrado exterior de Carre\u00f1o ser\u00e1n LED | Cand\u00e1s 365<\/title>\n\n","aioseo_head_json":{"title":"Todas las luminarias del alumbrado exterior de Carre\u00f1o ser\u00e1n LED | Cand\u00e1s 365","description":"El Ayuntamiento de Carre\u00f1o ha informado en una nota de prensa de la renovaci\u00f3n de las luminarias exteriores del Concejo, de este modo una vez finalizados","canonical_url":"https:\/\/candas365.es\/noticias\/todas-las-luminarias-del-alumbrado-exterior-de-carreno-seran-led\/","robots":"max-image-preview:large","keywords":"noticias carre\u00f1o","webmasterTools":{"google-site-verification":"UA-32230408-1","msvalidate.01":"354F3CDFB2DA171B47FBE9ABF1F88D5","miscellaneous":""},"schema":{"@context":"https:\/\/schema.org","@graph":[{"@type":"BreadcrumbList","@id":"https:\/\/candas365.es\/noticias\/todas-las-luminarias-del-alumbrado-exterior-de-carreno-seran-led\/#breadcrumblist","itemListElement":[{"@type":"ListItem","@id":"https:\/\/candas365.es\/noticias#listItem","position":1,"name":"Home","item":"https:\/\/candas365.es\/noticias","nextItem":{"@type":"ListItem","@id":"https:\/\/candas365.es\/noticias\/category\/noticias-carreno\/#listItem","name":"Noticias Carre\u00f1o"}},{"@type":"ListItem","@id":"https:\/\/candas365.es\/noticias\/category\/noticias-carreno\/#listItem","position":2,"name":"Noticias Carre\u00f1o","item":"https:\/\/candas365.es\/noticias\/category\/noticias-carreno\/","nextItem":{"@type":"ListItem","@id":"https:\/\/candas365.es\/noticias\/todas-las-luminarias-del-alumbrado-exterior-de-carreno-seran-led\/#listItem","name":"Todas las luminarias del alumbrado exterior de Carre\u00f1o ser\u00e1n LED"},"previousItem":{"@type":"ListItem","@id":"https:\/\/candas365.es\/noticias#listItem","name":"Home"}},{"@type":"ListItem","@id":"https:\/\/candas365.es\/noticias\/todas-las-luminarias-del-alumbrado-exterior-de-carreno-seran-led\/#listItem","position":3,"name":"Todas las luminarias del alumbrado exterior de Carre\u00f1o ser\u00e1n LED","previousItem":{"@type":"ListItem","@id":"https:\/\/candas365.es\/noticias\/category\/noticias-carreno\/#listItem","name":"Noticias Carre\u00f1o"}}]},{"@type":"NewsArticle","@id":"https:\/\/candas365.es\/noticias\/todas-las-luminarias-del-alumbrado-exterior-de-carreno-seran-led\/#newsarticle","name":"Todas las luminarias del alumbrado exterior de Carre\u00f1o ser\u00e1n LED | Cand\u00e1s 365","headline":"Todas las luminarias del alumbrado exterior de Carre\u00f1o ser\u00e1n LED","author":{"@id":"https:\/\/candas365.es\/noticias\/author\/admin\/#author"},"publisher":{"@id":"https:\/\/candas365.es\/noticias\/#organization"},"image":{"@type":"ImageObject","url":"https:\/\/candas365.es\/noticias\/wp-content\/uploads\/2022\/09\/Carreno.jpg","width":1063,"height":740,"caption":"Foto: Ayuntamiento de Carre\u00f1o"},"datePublished":"2022-09-27T04:48:35+02:00","dateModified":"2022-09-27T04:48:35+02:00","inLanguage":"es-ES","mainEntityOfPage":{"@id":"https:\/\/candas365.es\/noticias\/todas-las-luminarias-del-alumbrado-exterior-de-carreno-seran-led\/#webpage"},"isPartOf":{"@id":"https:\/\/candas365.es\/noticias\/todas-las-luminarias-del-alumbrado-exterior-de-carreno-seran-led\/#webpage"},"articleSection":"Noticias Carre\u00f1o, Cand\u00e1s, Carre\u00f1o","dateline":"Publicado el septiembre 27, 2022."},{"@type":"Organization","@id":"https:\/\/candas365.es\/noticias\/#organization","name":"Cand\u00e1s 365","description":"Cand\u00e1s 365 es un diario digital independiente, fundado en 2012, con base en Asturias. Informamos con rigor sobre actualidad, sociedad, cultura y ocio, con una mirada local y global.","url":"https:\/\/candas365.es\/noticias\/","email":"info@candas365.es","telephone":"+34652131393","foundingDate":"2012-06-10","logo":{"@type":"ImageObject","url":"https:\/\/candas365.es\/noticias\/wp-content\/uploads\/2024\/09\/Candas-365-Redes.jpg","@id":"https:\/\/candas365.es\/noticias\/todas-las-luminarias-del-alumbrado-exterior-de-carreno-seran-led\/#organizationLogo","width":1152,"height":864,"caption":"Cand\u00e1s 365 Redes"},"image":{"@id":"https:\/\/candas365.es\/noticias\/todas-las-luminarias-del-alumbrado-exterior-de-carreno-seran-led\/#organizationLogo"},"sameAs":["https:\/\/www.facebook.com\/Nachofdezber","https:\/\/x.com\/NabercoDigital","https:\/\/www.instagram.com\/nachofdezber\/","https:\/\/www.youtube.com\/channel\/UCZP-2wLEB9Rv6erhFmqVnvg"],"address":{"@id":"https:\/\/candas365.es\/noticias\/#postaladdress","@type":"PostalAddress","streetAddress":"san antonio 4, san antonio 4","postalCode":"33430","addressLocality":"Cand\u00e1s","addressRegion":"Asturias","addressCountry":"ES"}},{"@type":"Person","@id":"https:\/\/candas365.es\/noticias\/author\/admin\/#author","url":"https:\/\/candas365.es\/noticias\/author\/admin\/","name":"Cand\u00e1s 365","image":{"@type":"ImageObject","@id":"https:\/\/candas365.es\/noticias\/todas-las-luminarias-del-alumbrado-exterior-de-carreno-seran-led\/#authorImage","url":"https:\/\/secure.gravatar.com\/avatar\/496a8e03d0c493ede1718b7934145dbdf8d89be1036b0eec9544e1094c9de390?s=96&d=mm&r=g","width":96,"height":96,"caption":"Cand\u00e1s 365"},"sameAs":["https:\/\/www.facebook.com\/carrenoactualidad","https:\/\/twitter.com\/nbasturias","https:\/\/www.instagram.com\/nachofdezber\/","https:\/\/www.youtube.com\/channel\/UCZP-2wLEB9Rv6erhFmqVnvg"]},{"@type":"WebPage","@id":"https:\/\/candas365.es\/noticias\/todas-las-luminarias-del-alumbrado-exterior-de-carreno-seran-led\/#webpage","url":"https:\/\/candas365.es\/noticias\/todas-las-luminarias-del-alumbrado-exterior-de-carreno-seran-led\/","name":"Todas las luminarias del alumbrado exterior de Carre\u00f1o ser\u00e1n LED | Cand\u00e1s 365","description":"El Ayuntamiento de Carre\u00f1o ha informado en una nota de prensa de la renovaci\u00f3n de las luminarias exteriores del Concejo, de este modo una vez finalizados","inLanguage":"es-ES","isPartOf":{"@id":"https:\/\/candas365.es\/noticias\/#website"},"breadcrumb":{"@id":"https:\/\/candas365.es\/noticias\/todas-las-luminarias-del-alumbrado-exterior-de-carreno-seran-led\/#breadcrumblist"},"author":{"@id":"https:\/\/candas365.es\/noticias\/author\/admin\/#author"},"creator":{"@id":"https:\/\/candas365.es\/noticias\/author\/admin\/#author"},"image":{"@type":"ImageObject","url":"https:\/\/candas365.es\/noticias\/wp-content\/uploads\/2022\/09\/Carreno.jpg","@id":"https:\/\/candas365.es\/noticias\/todas-las-luminarias-del-alumbrado-exterior-de-carreno-seran-led\/#mainImage","width":1063,"height":740,"caption":"Foto: Ayuntamiento de Carre\u00f1o"},"primaryImageOfPage":{"@id":"https:\/\/candas365.es\/noticias\/todas-las-luminarias-del-alumbrado-exterior-de-carreno-seran-led\/#mainImage"},"datePublished":"2022-09-27T04:48:35+02:00","dateModified":"2022-09-27T04:48:35+02:00"},{"@type":"WebSite","@id":"https:\/\/candas365.es\/noticias\/#website","url":"https:\/\/candas365.es\/noticias\/","name":"Cand\u00e1s 365","alternateName":"Cand\u00e1s 365 Noticias","description":"Actualidad desde Carre\u00f1o para el mundo","inLanguage":"es-ES","publisher":{"@id":"https:\/\/candas365.es\/noticias\/#organization"}}]},"og:locale":"es_ES","og:site_name":"Cand\u00e1s 365","og:type":"article","og:title":"Todas las luminarias del alumbrado exterior de Carre\u00f1o ser\u00e1n LED | Cand\u00e1s 365","og:description":"El Ayuntamiento de Carre\u00f1o ha informado en una nota de prensa de la renovaci\u00f3n de las luminarias exteriores del Concejo, de este modo una vez finalizados","og:url":"https:\/\/candas365.es\/noticias\/todas-las-luminarias-del-alumbrado-exterior-de-carreno-seran-led\/","og:image":"https:\/\/candas365.es\/noticias\/wp-content\/uploads\/2022\/09\/Carreno.jpg","og:image:secure_url":"https:\/\/candas365.es\/noticias\/wp-content\/uploads\/2022\/09\/Carreno.jpg","og:image:width":1063,"og:image:height":740,"article:published_time":"2022-09-27T02:48:35+00:00","article:modified_time":"2022-09-27T02:48:35+00:00","article:publisher":"https:\/\/www.facebook.com\/Nachofdezber","article:author":"https:\/\/www.facebook.com\/carrenoactualidad","twitter:card":"summary_large_image","twitter:site":"@NabercoDigital","twitter:title":"Todas las luminarias del alumbrado exterior de Carre\u00f1o ser\u00e1n LED | Cand\u00e1s 365","twitter:description":"El Ayuntamiento de Carre\u00f1o ha informado en una nota de prensa de la renovaci\u00f3n de las luminarias exteriores del Concejo, de este modo una vez finalizados","twitter:creator":"@nbasturias","twitter:image":"https:\/\/candas365.es\/noticias\/wp-content\/uploads\/2022\/09\/Carreno.jpg","twitter:label1":"Escrito por","twitter:data1":"Cand\u00e1s 365","twitter:label2":"Tiempo de lectura estimado","twitter:data2":"3 minutos"},"aioseo_meta_data":{"post_id":"166651","title":null,"description":"El Ayuntamiento de Carre\u00f1o ha informado en una nota de prensa de la renovaci\u00f3n de las luminarias exteriores del Concejo, de este modo una vez finalizados","keywords":[],"keyphrases":{"focus":{"keyphrase":"Carre\u00f1o","score":92,"analysis":{"keyphraseInTitle":{"title":"Focus keyphrase in SEO title","description":"Focus keyphrase found in SEO title.","score":9,"maxScore":9,"error":0},"keyphraseInDescription":{"title":"Focus keyphrase in meta description","description":"Focus keyphrase found in meta description.","score":9,"maxScore":9,"error":0},"keyphraseLength":{"title":"Focus keyphrase length","description":"Good job!","score":9,"maxScore":9,"error":0,"length":1},"keyphraseInURL":{"title":"Focus keyphrase in URL","description":"Focus keyphrase not found in the URL.","score":1,"maxScore":5,"error":1},"keyphraseInIntroduction":{"title":"Focus keyphrase in introduction","description":"Your Focus keyphrase appears in the first paragraph. Well done!","score":9,"maxScore":9,"error":0},"keyphraseInSubHeadings":[],"keyphraseInImageAlt":{"title":"Focus keyphrase in image alt attributes","description":"Focus keyphrase found in image alt attribute(s).","score":9,"maxScore":9,"error":0}}},"additional":[{"keyphrase":"luminarias exteriores ","score":83,"analysis":{"keyphraseInDescription":{"title":"Keyphrase in meta description","description":"Keyphrase found in meta description.","score":9,"maxScore":9,"error":0},"keyphraseLength":{"title":"Keyphrase length","description":"Good job!","score":9,"maxScore":9,"error":0,"length":2},"keyphraseInIntroduction":{"title":"Keyphrase in introduction","description":"Your Keyphrase appears in the first paragraph. Well done!","score":9,"maxScore":9,"error":0},"keyphraseInImageAlt":{"title":"Keyphrase in image alt attributes","description":"Keyphrase not found in image alt attribute(s). Add an image with your Keyphrase as alt text.","score":3,"maxScore":9,"error":1}}},{"keyphrase":"luminarias","score":83,"analysis":{"keyphraseInDescription":{"title":"Keyphrase in meta description","description":"Keyphrase found in meta description.","score":9,"maxScore":9,"error":0},"keyphraseLength":{"title":"Keyphrase length","description":"Good job!","score":9,"maxScore":9,"error":0,"length":1},"keyphraseInIntroduction":{"title":"Keyphrase in introduction","description":"Your Keyphrase appears in the first paragraph. Well done!","score":9,"maxScore":9,"error":0},"keyphraseInImageAlt":{"title":"Keyphrase in image alt attributes","description":"Keyphrase not found in image alt attribute(s). Add an image with your Keyphrase as alt text.","score":3,"maxScore":9,"error":1}}},{"keyphrase":"Ayuntamiento de Carre\u00f1o","score":83,"analysis":{"keyphraseInDescription":{"title":"Keyphrase in meta description","description":"Keyphrase found in meta description.","score":9,"maxScore":9,"error":0},"keyphraseLength":{"title":"Keyphrase length","description":"Good job!","score":9,"maxScore":9,"error":0,"length":3},"keyphraseInIntroduction":{"title":"Keyphrase in introduction","description":"Your Keyphrase appears in the first paragraph. Well done!","score":9,"maxScore":9,"error":0},"keyphraseInImageAlt":{"title":"Keyphrase in image alt attributes","description":"Keyphrase not found in image alt attribute(s). Add an image with your Keyphrase as alt text.","score":3,"maxScore":9,"error":1}}}]},"primary_term":null,"canonical_url":null,"og_title":null,"og_description":null,"og_object_type":"default","og_image_type":"default","og_image_url":null,"og_image_width":null,"og_image_height":null,"og_image_custom_url":null,"og_image_custom_fields":null,"og_video":"","og_custom_url":null,"og_article_section":null,"og_article_tags":[],"twitter_use_og":false,"twitter_card":"default","twitter_image_type":"default","twitter_image_url":null,"twitter_image_custom_url":null,"twitter_image_custom_fields":null,"twitter_title":null,"twitter_description":null,"schema":{"blockGraphs":[],"customGraphs":[],"default":{"data":{"Article":[],"Course":[],"Dataset":[],"FAQPage":[],"Movie":[],"Person":[],"Product":[],"ProductReview":[],"Car":[],"Recipe":[],"Service":[],"SoftwareApplication":[],"WebPage":[]},"graphName":"","isEnabled":true},"graphs":[]},"schema_type":"default","schema_type_options":null,"pillar_content":false,"robots_default":true,"robots_noindex":false,"robots_noarchive":false,"robots_nosnippet":false,"robots_nofollow":false,"robots_noimageindex":false,"robots_noodp":false,"robots_notranslate":false,"robots_max_snippet":"-1","robots_max_videopreview":"-1","robots_max_imagepreview":"large","priority":null,"frequency":"default","location":null,"local_seo":null,"seo_analyzer_scan_date":"2025-09-01 12:45:15","breadcrumb_settings":null,"limit_modified_date":false,"reviewed_by":null,"open_ai":null,"ai":null,"created":"2022-09-27 02:36:44","updated":"2025-09-01 12:45:15"},"aioseo_breadcrumb":"<div class=\"aioseo-breadcrumbs\"><span class=\"aioseo-breadcrumb\">\n\t<a href=\"https:\/\/candas365.es\/noticias\" title=\"Home\">Home<\/a>\n<\/span><span class=\"aioseo-breadcrumb-separator\">&ndash;<\/span><span class=\"aioseo-breadcrumb\">\n\t<a href=\"https:\/\/candas365.es\/noticias\/category\/noticias-carreno\/\" title=\"Noticias Carre\u00f1o\">Noticias Carre\u00f1o<\/a>\n<\/span><span class=\"aioseo-breadcrumb-separator\">&ndash;<\/span><span class=\"aioseo-breadcrumb\">\n\tTodas las luminarias del alumbrado exterior de Carre\u00f1o ser\u00e1n LED\n<\/span><\/div>","aioseo_breadcrumb_json":[{"label":"Home","link":"https:\/\/candas365.es\/noticias"},{"label":"Noticias Carre\u00f1o","link":"https:\/\/candas365.es\/noticias\/category\/noticias-carreno\/"},{"label":"Todas las luminarias del alumbrado exterior de Carre\u00f1o ser\u00e1n LED","link":"https:\/\/candas365.es\/noticias\/todas-las-luminarias-del-alumbrado-exterior-de-carreno-seran-led\/"}],"_links":{"self":[{"href":"https:\/\/candas365.es\/noticias\/wp-json\/wp\/v2\/posts\/166651","targetHints":{"allow":["GET"]}}],"collection":[{"href":"https:\/\/candas365.es\/noticias\/wp-json\/wp\/v2\/posts"}],"about":[{"href":"https:\/\/candas365.es\/noticias\/wp-json\/wp\/v2\/types\/post"}],"author":[{"embeddable":true,"href":"https:\/\/candas365.es\/noticias\/wp-json\/wp\/v2\/users\/1"}],"replies":[{"embeddable":true,"href":"https:\/\/candas365.es\/noticias\/wp-json\/wp\/v2\/comments?post=166651"}],"version-history":[{"count":0,"href":"https:\/\/candas365.es\/noticias\/wp-json\/wp\/v2\/posts\/166651\/revisions"}],"wp:featuredmedia":[{"embeddable":true,"href":"https:\/\/candas365.es\/noticias\/wp-json\/wp\/v2\/media\/166652"}],"wp:attachment":[{"href":"https:\/\/candas365.es\/noticias\/wp-json\/wp\/v2\/media?parent=166651"}],"wp:term":[{"taxonomy":"category","embeddable":true,"href":"https:\/\/candas365.es\/noticias\/wp-json\/wp\/v2\/categories?post=166651"},{"taxonomy":"post_tag","embeddable":true,"href":"https:\/\/candas365.es\/noticias\/wp-json\/wp\/v2\/tags?post=166651"}],"curies":[{"name":"wp","href":"https:\/\/api.w.org\/{rel}","templated":true}]}}