{"id":166590,"date":"2022-09-26T03:12:18","date_gmt":"2022-09-26T01:12:18","guid":{"rendered":"https:\/\/candas365.es\/noticias\/?p=166590"},"modified":"2022-09-26T03:12:18","modified_gmt":"2022-09-26T01:12:18","slug":"josep-borrell-la-guerra-ha-entrado-en-una-fase-peligrosa","status":"publish","type":"post","link":"https:\/\/candas365.es\/noticias\/josep-borrell-la-guerra-ha-entrado-en-una-fase-peligrosa\/","title":{"rendered":"Josep Borrell: La guerra ha entrado en una fase \u00abpeligrosa\u00bb"},"content":{"rendered":"<p>(EP) &#8211; El Alto Representante de la Uni\u00f3n Europea para la Pol\u00edtica Exterior, Josep Borrell, ha instado a la comunidad internacional a \u00abtomar en serio\u00bb las amenazas nucleares del presidente ruso, Vladimir Putin, y ha advertido de que <a href=\"https:\/\/candas365.es\/noticias\/penny-wong-la-invasion-ilegal-e-inmoral-de-rusia-a-ucrania-no-puede-normalizarse\/\"><span style=\"color: #ff6600;\"><strong>la guerra en Ucrania<\/strong><\/span><\/a> ha entrado en una fase \u00abpeligrosa\u00bb.<\/p>\n<figure id=\"attachment_164565\" aria-describedby=\"caption-attachment-164565\" style=\"width: 650px\" class=\"wp-caption aligncenter\"><img fetchpriority=\"high\" decoding=\"async\" class=\"wp-image-164565 size-large\" src=\"https:\/\/candas365.es\/noticias\/wp-content\/uploads\/2022\/08\/Borrell-650x434.jpg\" alt=\"Borrell\" width=\"650\" height=\"434\" srcset=\"https:\/\/candas365.es\/noticias\/wp-content\/uploads\/2022\/08\/Borrell-650x434.jpg 650w, https:\/\/candas365.es\/noticias\/wp-content\/uploads\/2022\/08\/Borrell-360x240.jpg 360w, https:\/\/candas365.es\/noticias\/wp-content\/uploads\/2022\/08\/Borrell-768x513.jpg 768w, https:\/\/candas365.es\/noticias\/wp-content\/uploads\/2022\/08\/Borrell-150x100.jpg 150w, https:\/\/candas365.es\/noticias\/wp-content\/uploads\/2022\/08\/Borrell-450x301.jpg 450w, https:\/\/candas365.es\/noticias\/wp-content\/uploads\/2022\/08\/Borrell.jpg 994w\" sizes=\"(max-width: 650px) 100vw, 650px\" \/><figcaption id=\"caption-attachment-164565\" class=\"wp-caption-text\">Foto: Juan Manuel Serrano Arce &#8211; Europa Press<\/figcaption><\/figure>\n<p>Borrell se ha hecho eco de las palabras de Putin a comienzos de semana cuando anunci\u00f3 que Mosc\u00fa ten\u00eda \u00abvarias armas de destrucci\u00f3n\u00bb y que no ment\u00eda cuando afirmaba que Rusia \u00abutilizar\u00eda todos los medios a su alcance\u00bb.<\/p>\n<p>\u00abCuando la gente dice que no es un farol hay que tomarla en serio\u00bb, ha manifestado el m\u00e1ximo representante de la diplomacia europea en una entrevista para la brit\u00e1nica BBC en la que ha advertido de que los \u00faltimos movimientos de<strong> Rusia han hecho que la guerra entre en una etapa \u00abpeligrosa\u00bb.<\/strong><\/p>\n<p>Junto a las advertencias sobre el posible uso de armamento nuclear, Putin anunci\u00f3 a comienzos de semana una \u00abmovilizaci\u00f3n parcial\u00bb de la poblaci\u00f3n, mientras que desde el Ministerio de Defensa ruso se apunt\u00f3 al despliegue de 300.000 reservistas en Ucrania.<\/p>\n<p>En este contexto, <strong>Borrell considera que el l\u00edder ruso se ha enfrentado en las \u00faltimas semanas a varias derrotas en el campo de batalla<\/strong>, si bien ha reconocido que la reacci\u00f3n de Putin a estos reveses \u00abha sido muy mala\u00bb, pues no ha hecho m\u00e1s que escalar en las tensiones.<\/p>\n<p>As\u00ed que, aunque coincide en el an\u00e1lisis de expertos sobre que Rusia est\u00e1 ahora a la defensiva, considera que es urgente alcanzar una \u00absoluci\u00f3n diplom\u00e1tica (&#8230;) que preserve la soberan\u00eda y la integridad territorial de Ucrania\u00bb, en vistas a no obtener una paz a corto plazo, sino duradera.<\/p>\n<p>A nivel m\u00e1s personal, el encargado de la diplomacia europea ha reconocido que la guerra en Ucrania domina a d\u00eda de hoy todas las esferas, incluida la suya personal, pues, dice, desde familiares a pol\u00edticos internacionales le preguntan cu\u00e1ndo terminar\u00e1 el conflicto.<\/p>\n<p>Sin embargo, y aunque es dif\u00edcil encontrar una respuesta adecuada,<strong> Borrell considera que el rumbo a seguir pasa por dar continuidad a las rondas de sanciones contra la econom\u00eda rusa y garantizar el apoyo a Ucrania para la defensa de su territorio y soberan\u00eda.<\/strong><\/p>\n<p>Finalmente, Borrell ha reconocido que todos los l\u00edderes que han conversado con Putin al respecto de la guerra han obtenido como respuesta que Rusia tiene \u00abobjetivos militares\u00bb y que, hasta que no los consiga, \u00abcontinuar\u00e1 la guerra\u00bb. \u00abEsta es una direcci\u00f3n realmente preocupante, pero tenemos que seguir apoyando a Ucrania\u00bb, ha zanjado.<\/p>\n","protected":false},"excerpt":{"rendered":"<p>(EP) &#8211; El Alto Representante de la Uni\u00f3n Europea para la Pol\u00edtica Exterior, Josep Borrell, ha instado a la comunidad internacional a \u00abtomar en serio\u00bb las amenazas nucleares del presidente ruso, Vladimir Putin, y ha advertido de que la guerra en Ucrania ha entrado en una fase \u00abpeligrosa\u00bb. Borrell se ha hecho eco de las<\/p>\n","protected":false},"author":1,"featured_media":164565,"comment_status":"closed","ping_status":"closed","sticky":false,"template":"","format":"standard","meta":{"footnotes":""},"categories":[485],"tags":[464,418],"class_list":{"0":"post-166590","1":"post","2":"type-post","3":"status-publish","4":"format-standard","5":"has-post-thumbnail","7":"category-internacional","8":"tag-conflictos","9":"tag-internacional"},"aioseo_notices":[],"aioseo_head":"\n\t\t<!-- All in One SEO Pro 4.9.6.2 - aioseo.com -->\n\t<meta name=\"description\" content=\"(EP) - El Alto Representante de la Uni\u00f3n Europea para la Pol\u00edtica Exterior, Josep Borrell, ha instado a la comunidad internacional a &quot;tomar en serio&quot;\" \/>\n\t<meta name=\"robots\" content=\"max-image-preview:large\" \/>\n\t<meta name=\"author\" content=\"Cand\u00e1s 365\"\/>\n\t<meta name=\"google-site-verification\" content=\"UA-32230408-1\" \/>\n\t<meta name=\"msvalidate.01\" content=\"354F3CDFB2DA171B47FBE9ABF1F88D5\" \/>\n\t<meta name=\"keywords\" content=\"internacional\" \/>\n\t<link rel=\"canonical\" href=\"https:\/\/candas365.es\/noticias\/josep-borrell-la-guerra-ha-entrado-en-una-fase-peligrosa\/\" \/>\n\t<meta name=\"generator\" content=\"All in One SEO Pro (AIOSEO) 4.9.6.2\" \/>\n\t\t<meta property=\"og:locale\" content=\"es_ES\" \/>\n\t\t<meta property=\"og:site_name\" content=\"Cand\u00e1s 365\" \/>\n\t\t<meta property=\"og:type\" content=\"article\" \/>\n\t\t<meta property=\"og:title\" content=\"Josep Borrell: La guerra ha entrado en una fase \u00abpeligrosa\u00bb | Cand\u00e1s 365\" \/>\n\t\t<meta property=\"og:description\" content=\"(EP) - El Alto Representante de la Uni\u00f3n Europea para la Pol\u00edtica Exterior, Josep Borrell, ha instado a la comunidad internacional a &quot;tomar en serio&quot;\" \/>\n\t\t<meta property=\"og:url\" content=\"https:\/\/candas365.es\/noticias\/josep-borrell-la-guerra-ha-entrado-en-una-fase-peligrosa\/\" \/>\n\t\t<meta property=\"og:image\" content=\"https:\/\/candas365.es\/noticias\/wp-content\/uploads\/2022\/08\/Borrell.jpg\" \/>\n\t\t<meta property=\"og:image:secure_url\" content=\"https:\/\/candas365.es\/noticias\/wp-content\/uploads\/2022\/08\/Borrell.jpg\" \/>\n\t\t<meta property=\"og:image:width\" content=\"994\" \/>\n\t\t<meta property=\"og:image:height\" content=\"664\" \/>\n\t\t<meta property=\"article:published_time\" content=\"2022-09-26T01:12:18+00:00\" \/>\n\t\t<meta property=\"article:modified_time\" content=\"2022-09-26T01:12:18+00:00\" \/>\n\t\t<meta property=\"article:publisher\" content=\"https:\/\/www.facebook.com\/Nachofdezber\" \/>\n\t\t<meta property=\"article:author\" content=\"https:\/\/www.facebook.com\/carrenoactualidad\" \/>\n\t\t<meta name=\"twitter:card\" content=\"summary_large_image\" \/>\n\t\t<meta name=\"twitter:site\" content=\"@NabercoDigital\" \/>\n\t\t<meta name=\"twitter:title\" content=\"Josep Borrell: La guerra ha entrado en una fase \u00abpeligrosa\u00bb | Cand\u00e1s 365\" \/>\n\t\t<meta name=\"twitter:description\" content=\"(EP) - El Alto Representante de la Uni\u00f3n Europea para la Pol\u00edtica Exterior, Josep Borrell, ha instado a la comunidad internacional a &quot;tomar en serio&quot;\" \/>\n\t\t<meta name=\"twitter:creator\" content=\"@nbasturias\" \/>\n\t\t<meta name=\"twitter:image\" content=\"https:\/\/candas365.es\/noticias\/wp-content\/uploads\/2022\/08\/Borrell.jpg\" \/>\n\t\t<meta name=\"twitter:label1\" content=\"Escrito por\" \/>\n\t\t<meta name=\"twitter:data1\" content=\"Cand\u00e1s 365\" \/>\n\t\t<meta name=\"twitter:label2\" content=\"Tiempo de lectura estimado\" \/>\n\t\t<meta name=\"twitter:data2\" content=\"2 minutos\" \/>\n\t\t<script type=\"application\/ld+json\" class=\"aioseo-schema\">\n\t\t\t{\"@context\":\"https:\\\/\\\/schema.org\",\"@graph\":[{\"@type\":\"BreadcrumbList\",\"@id\":\"https:\\\/\\\/candas365.es\\\/noticias\\\/josep-borrell-la-guerra-ha-entrado-en-una-fase-peligrosa\\\/#breadcrumblist\",\"itemListElement\":[{\"@type\":\"ListItem\",\"@id\":\"https:\\\/\\\/candas365.es\\\/noticias#listItem\",\"position\":1,\"name\":\"Home\",\"item\":\"https:\\\/\\\/candas365.es\\\/noticias\",\"nextItem\":{\"@type\":\"ListItem\",\"@id\":\"https:\\\/\\\/candas365.es\\\/noticias\\\/category\\\/internacional\\\/#listItem\",\"name\":\"Internacional\"}},{\"@type\":\"ListItem\",\"@id\":\"https:\\\/\\\/candas365.es\\\/noticias\\\/category\\\/internacional\\\/#listItem\",\"position\":2,\"name\":\"Internacional\",\"item\":\"https:\\\/\\\/candas365.es\\\/noticias\\\/category\\\/internacional\\\/\",\"nextItem\":{\"@type\":\"ListItem\",\"@id\":\"https:\\\/\\\/candas365.es\\\/noticias\\\/josep-borrell-la-guerra-ha-entrado-en-una-fase-peligrosa\\\/#listItem\",\"name\":\"Josep Borrell: La guerra ha entrado en una fase \\u00abpeligrosa\\u00bb\"},\"previousItem\":{\"@type\":\"ListItem\",\"@id\":\"https:\\\/\\\/candas365.es\\\/noticias#listItem\",\"name\":\"Home\"}},{\"@type\":\"ListItem\",\"@id\":\"https:\\\/\\\/candas365.es\\\/noticias\\\/josep-borrell-la-guerra-ha-entrado-en-una-fase-peligrosa\\\/#listItem\",\"position\":3,\"name\":\"Josep Borrell: La guerra ha entrado en una fase \\u00abpeligrosa\\u00bb\",\"previousItem\":{\"@type\":\"ListItem\",\"@id\":\"https:\\\/\\\/candas365.es\\\/noticias\\\/category\\\/internacional\\\/#listItem\",\"name\":\"Internacional\"}}]},{\"@type\":\"NewsArticle\",\"@id\":\"https:\\\/\\\/candas365.es\\\/noticias\\\/josep-borrell-la-guerra-ha-entrado-en-una-fase-peligrosa\\\/#newsarticle\",\"name\":\"Josep Borrell: La guerra ha entrado en una fase \\u00abpeligrosa\\u00bb | Cand\\u00e1s 365\",\"headline\":\"Josep Borrell: La guerra ha entrado en una fase \\u00abpeligrosa\\u00bb\",\"author\":{\"@id\":\"https:\\\/\\\/candas365.es\\\/noticias\\\/author\\\/admin\\\/#author\"},\"publisher\":{\"@id\":\"https:\\\/\\\/candas365.es\\\/noticias\\\/#organization\"},\"image\":{\"@type\":\"ImageObject\",\"url\":\"https:\\\/\\\/candas365.es\\\/noticias\\\/wp-content\\\/uploads\\\/2022\\\/08\\\/Borrell.jpg\",\"width\":994,\"height\":664,\"caption\":\"Foto: Juan Manuel Serrano Arce - Europa Press\"},\"datePublished\":\"2022-09-26T03:12:18+02:00\",\"dateModified\":\"2022-09-26T03:12:18+02:00\",\"inLanguage\":\"es-ES\",\"mainEntityOfPage\":{\"@id\":\"https:\\\/\\\/candas365.es\\\/noticias\\\/josep-borrell-la-guerra-ha-entrado-en-una-fase-peligrosa\\\/#webpage\"},\"isPartOf\":{\"@id\":\"https:\\\/\\\/candas365.es\\\/noticias\\\/josep-borrell-la-guerra-ha-entrado-en-una-fase-peligrosa\\\/#webpage\"},\"articleSection\":\"Internacional, conflictos, Internacional\",\"dateline\":\"Publicado el septiembre 26, 2022.\"},{\"@type\":\"Organization\",\"@id\":\"https:\\\/\\\/candas365.es\\\/noticias\\\/#organization\",\"name\":\"Cand\\u00e1s 365\",\"description\":\"Cand\\u00e1s 365 es un diario digital independiente, fundado en 2012, con base en Asturias. Informamos con rigor sobre actualidad, sociedad, cultura y ocio, con una mirada local y global.\",\"url\":\"https:\\\/\\\/candas365.es\\\/noticias\\\/\",\"email\":\"info@candas365.es\",\"telephone\":\"+34652131393\",\"foundingDate\":\"2012-06-10\",\"logo\":{\"@type\":\"ImageObject\",\"url\":\"https:\\\/\\\/candas365.es\\\/noticias\\\/wp-content\\\/uploads\\\/2024\\\/09\\\/Candas-365-Redes.jpg\",\"@id\":\"https:\\\/\\\/candas365.es\\\/noticias\\\/josep-borrell-la-guerra-ha-entrado-en-una-fase-peligrosa\\\/#organizationLogo\",\"width\":1152,\"height\":864,\"caption\":\"Cand\\u00e1s 365 Redes\"},\"image\":{\"@id\":\"https:\\\/\\\/candas365.es\\\/noticias\\\/josep-borrell-la-guerra-ha-entrado-en-una-fase-peligrosa\\\/#organizationLogo\"},\"sameAs\":[\"https:\\\/\\\/www.facebook.com\\\/Nachofdezber\",\"https:\\\/\\\/x.com\\\/NabercoDigital\",\"https:\\\/\\\/www.instagram.com\\\/nachofdezber\\\/\",\"https:\\\/\\\/www.youtube.com\\\/channel\\\/UCZP-2wLEB9Rv6erhFmqVnvg\"],\"address\":{\"@id\":\"https:\\\/\\\/candas365.es\\\/noticias\\\/#postaladdress\",\"@type\":\"PostalAddress\",\"streetAddress\":\"san antonio 4, san antonio 4\",\"postalCode\":\"33430\",\"addressLocality\":\"Cand\\u00e1s\",\"addressRegion\":\"Asturias\",\"addressCountry\":\"ES\"}},{\"@type\":\"Person\",\"@id\":\"https:\\\/\\\/candas365.es\\\/noticias\\\/author\\\/admin\\\/#author\",\"url\":\"https:\\\/\\\/candas365.es\\\/noticias\\\/author\\\/admin\\\/\",\"name\":\"Cand\\u00e1s 365\",\"image\":{\"@type\":\"ImageObject\",\"@id\":\"https:\\\/\\\/candas365.es\\\/noticias\\\/josep-borrell-la-guerra-ha-entrado-en-una-fase-peligrosa\\\/#authorImage\",\"url\":\"https:\\\/\\\/secure.gravatar.com\\\/avatar\\\/496a8e03d0c493ede1718b7934145dbdf8d89be1036b0eec9544e1094c9de390?s=96&d=mm&r=g\",\"width\":96,\"height\":96,\"caption\":\"Cand\\u00e1s 365\"},\"sameAs\":[\"https:\\\/\\\/www.facebook.com\\\/carrenoactualidad\",\"https:\\\/\\\/twitter.com\\\/nbasturias\",\"https:\\\/\\\/www.instagram.com\\\/nachofdezber\\\/\",\"https:\\\/\\\/www.youtube.com\\\/channel\\\/UCZP-2wLEB9Rv6erhFmqVnvg\"]},{\"@type\":\"WebPage\",\"@id\":\"https:\\\/\\\/candas365.es\\\/noticias\\\/josep-borrell-la-guerra-ha-entrado-en-una-fase-peligrosa\\\/#webpage\",\"url\":\"https:\\\/\\\/candas365.es\\\/noticias\\\/josep-borrell-la-guerra-ha-entrado-en-una-fase-peligrosa\\\/\",\"name\":\"Josep Borrell: La guerra ha entrado en una fase \\u00abpeligrosa\\u00bb | Cand\\u00e1s 365\",\"description\":\"(EP) - El Alto Representante de la Uni\\u00f3n Europea para la Pol\\u00edtica Exterior, Josep Borrell, ha instado a la comunidad internacional a \\\"tomar en serio\\\"\",\"inLanguage\":\"es-ES\",\"isPartOf\":{\"@id\":\"https:\\\/\\\/candas365.es\\\/noticias\\\/#website\"},\"breadcrumb\":{\"@id\":\"https:\\\/\\\/candas365.es\\\/noticias\\\/josep-borrell-la-guerra-ha-entrado-en-una-fase-peligrosa\\\/#breadcrumblist\"},\"author\":{\"@id\":\"https:\\\/\\\/candas365.es\\\/noticias\\\/author\\\/admin\\\/#author\"},\"creator\":{\"@id\":\"https:\\\/\\\/candas365.es\\\/noticias\\\/author\\\/admin\\\/#author\"},\"image\":{\"@type\":\"ImageObject\",\"url\":\"https:\\\/\\\/candas365.es\\\/noticias\\\/wp-content\\\/uploads\\\/2022\\\/08\\\/Borrell.jpg\",\"@id\":\"https:\\\/\\\/candas365.es\\\/noticias\\\/josep-borrell-la-guerra-ha-entrado-en-una-fase-peligrosa\\\/#mainImage\",\"width\":994,\"height\":664,\"caption\":\"Foto: Juan Manuel Serrano Arce - Europa Press\"},\"primaryImageOfPage\":{\"@id\":\"https:\\\/\\\/candas365.es\\\/noticias\\\/josep-borrell-la-guerra-ha-entrado-en-una-fase-peligrosa\\\/#mainImage\"},\"datePublished\":\"2022-09-26T03:12:18+02:00\",\"dateModified\":\"2022-09-26T03:12:18+02:00\"},{\"@type\":\"WebSite\",\"@id\":\"https:\\\/\\\/candas365.es\\\/noticias\\\/#website\",\"url\":\"https:\\\/\\\/candas365.es\\\/noticias\\\/\",\"name\":\"Cand\\u00e1s 365\",\"alternateName\":\"Cand\\u00e1s 365 Noticias\",\"description\":\"Actualidad desde Carre\\u00f1o para el mundo\",\"inLanguage\":\"es-ES\",\"publisher\":{\"@id\":\"https:\\\/\\\/candas365.es\\\/noticias\\\/#organization\"}}]}\n\t\t<\/script>\n\t\t<!-- All in One SEO Pro -->\r\n\t\t<title>Josep Borrell: La guerra ha entrado en una fase \u00abpeligrosa\u00bb | Cand\u00e1s 365<\/title>\n\n","aioseo_head_json":{"title":"Josep Borrell: La guerra ha entrado en una fase \u00abpeligrosa\u00bb | Cand\u00e1s 365","description":"(EP) - El Alto Representante de la Uni\u00f3n Europea para la Pol\u00edtica Exterior, Josep Borrell, ha instado a la comunidad internacional a \"tomar en serio\"","canonical_url":"https:\/\/candas365.es\/noticias\/josep-borrell-la-guerra-ha-entrado-en-una-fase-peligrosa\/","robots":"max-image-preview:large","keywords":"internacional","webmasterTools":{"google-site-verification":"UA-32230408-1","msvalidate.01":"354F3CDFB2DA171B47FBE9ABF1F88D5","miscellaneous":""},"schema":{"@context":"https:\/\/schema.org","@graph":[{"@type":"BreadcrumbList","@id":"https:\/\/candas365.es\/noticias\/josep-borrell-la-guerra-ha-entrado-en-una-fase-peligrosa\/#breadcrumblist","itemListElement":[{"@type":"ListItem","@id":"https:\/\/candas365.es\/noticias#listItem","position":1,"name":"Home","item":"https:\/\/candas365.es\/noticias","nextItem":{"@type":"ListItem","@id":"https:\/\/candas365.es\/noticias\/category\/internacional\/#listItem","name":"Internacional"}},{"@type":"ListItem","@id":"https:\/\/candas365.es\/noticias\/category\/internacional\/#listItem","position":2,"name":"Internacional","item":"https:\/\/candas365.es\/noticias\/category\/internacional\/","nextItem":{"@type":"ListItem","@id":"https:\/\/candas365.es\/noticias\/josep-borrell-la-guerra-ha-entrado-en-una-fase-peligrosa\/#listItem","name":"Josep Borrell: La guerra ha entrado en una fase \u00abpeligrosa\u00bb"},"previousItem":{"@type":"ListItem","@id":"https:\/\/candas365.es\/noticias#listItem","name":"Home"}},{"@type":"ListItem","@id":"https:\/\/candas365.es\/noticias\/josep-borrell-la-guerra-ha-entrado-en-una-fase-peligrosa\/#listItem","position":3,"name":"Josep Borrell: La guerra ha entrado en una fase \u00abpeligrosa\u00bb","previousItem":{"@type":"ListItem","@id":"https:\/\/candas365.es\/noticias\/category\/internacional\/#listItem","name":"Internacional"}}]},{"@type":"NewsArticle","@id":"https:\/\/candas365.es\/noticias\/josep-borrell-la-guerra-ha-entrado-en-una-fase-peligrosa\/#newsarticle","name":"Josep Borrell: La guerra ha entrado en una fase \u00abpeligrosa\u00bb | Cand\u00e1s 365","headline":"Josep Borrell: La guerra ha entrado en una fase \u00abpeligrosa\u00bb","author":{"@id":"https:\/\/candas365.es\/noticias\/author\/admin\/#author"},"publisher":{"@id":"https:\/\/candas365.es\/noticias\/#organization"},"image":{"@type":"ImageObject","url":"https:\/\/candas365.es\/noticias\/wp-content\/uploads\/2022\/08\/Borrell.jpg","width":994,"height":664,"caption":"Foto: Juan Manuel Serrano Arce - Europa Press"},"datePublished":"2022-09-26T03:12:18+02:00","dateModified":"2022-09-26T03:12:18+02:00","inLanguage":"es-ES","mainEntityOfPage":{"@id":"https:\/\/candas365.es\/noticias\/josep-borrell-la-guerra-ha-entrado-en-una-fase-peligrosa\/#webpage"},"isPartOf":{"@id":"https:\/\/candas365.es\/noticias\/josep-borrell-la-guerra-ha-entrado-en-una-fase-peligrosa\/#webpage"},"articleSection":"Internacional, conflictos, Internacional","dateline":"Publicado el septiembre 26, 2022."},{"@type":"Organization","@id":"https:\/\/candas365.es\/noticias\/#organization","name":"Cand\u00e1s 365","description":"Cand\u00e1s 365 es un diario digital independiente, fundado en 2012, con base en Asturias. Informamos con rigor sobre actualidad, sociedad, cultura y ocio, con una mirada local y global.","url":"https:\/\/candas365.es\/noticias\/","email":"info@candas365.es","telephone":"+34652131393","foundingDate":"2012-06-10","logo":{"@type":"ImageObject","url":"https:\/\/candas365.es\/noticias\/wp-content\/uploads\/2024\/09\/Candas-365-Redes.jpg","@id":"https:\/\/candas365.es\/noticias\/josep-borrell-la-guerra-ha-entrado-en-una-fase-peligrosa\/#organizationLogo","width":1152,"height":864,"caption":"Cand\u00e1s 365 Redes"},"image":{"@id":"https:\/\/candas365.es\/noticias\/josep-borrell-la-guerra-ha-entrado-en-una-fase-peligrosa\/#organizationLogo"},"sameAs":["https:\/\/www.facebook.com\/Nachofdezber","https:\/\/x.com\/NabercoDigital","https:\/\/www.instagram.com\/nachofdezber\/","https:\/\/www.youtube.com\/channel\/UCZP-2wLEB9Rv6erhFmqVnvg"],"address":{"@id":"https:\/\/candas365.es\/noticias\/#postaladdress","@type":"PostalAddress","streetAddress":"san antonio 4, san antonio 4","postalCode":"33430","addressLocality":"Cand\u00e1s","addressRegion":"Asturias","addressCountry":"ES"}},{"@type":"Person","@id":"https:\/\/candas365.es\/noticias\/author\/admin\/#author","url":"https:\/\/candas365.es\/noticias\/author\/admin\/","name":"Cand\u00e1s 365","image":{"@type":"ImageObject","@id":"https:\/\/candas365.es\/noticias\/josep-borrell-la-guerra-ha-entrado-en-una-fase-peligrosa\/#authorImage","url":"https:\/\/secure.gravatar.com\/avatar\/496a8e03d0c493ede1718b7934145dbdf8d89be1036b0eec9544e1094c9de390?s=96&d=mm&r=g","width":96,"height":96,"caption":"Cand\u00e1s 365"},"sameAs":["https:\/\/www.facebook.com\/carrenoactualidad","https:\/\/twitter.com\/nbasturias","https:\/\/www.instagram.com\/nachofdezber\/","https:\/\/www.youtube.com\/channel\/UCZP-2wLEB9Rv6erhFmqVnvg"]},{"@type":"WebPage","@id":"https:\/\/candas365.es\/noticias\/josep-borrell-la-guerra-ha-entrado-en-una-fase-peligrosa\/#webpage","url":"https:\/\/candas365.es\/noticias\/josep-borrell-la-guerra-ha-entrado-en-una-fase-peligrosa\/","name":"Josep Borrell: La guerra ha entrado en una fase \u00abpeligrosa\u00bb | Cand\u00e1s 365","description":"(EP) - El Alto Representante de la Uni\u00f3n Europea para la Pol\u00edtica Exterior, Josep Borrell, ha instado a la comunidad internacional a \"tomar en serio\"","inLanguage":"es-ES","isPartOf":{"@id":"https:\/\/candas365.es\/noticias\/#website"},"breadcrumb":{"@id":"https:\/\/candas365.es\/noticias\/josep-borrell-la-guerra-ha-entrado-en-una-fase-peligrosa\/#breadcrumblist"},"author":{"@id":"https:\/\/candas365.es\/noticias\/author\/admin\/#author"},"creator":{"@id":"https:\/\/candas365.es\/noticias\/author\/admin\/#author"},"image":{"@type":"ImageObject","url":"https:\/\/candas365.es\/noticias\/wp-content\/uploads\/2022\/08\/Borrell.jpg","@id":"https:\/\/candas365.es\/noticias\/josep-borrell-la-guerra-ha-entrado-en-una-fase-peligrosa\/#mainImage","width":994,"height":664,"caption":"Foto: Juan Manuel Serrano Arce - Europa Press"},"primaryImageOfPage":{"@id":"https:\/\/candas365.es\/noticias\/josep-borrell-la-guerra-ha-entrado-en-una-fase-peligrosa\/#mainImage"},"datePublished":"2022-09-26T03:12:18+02:00","dateModified":"2022-09-26T03:12:18+02:00"},{"@type":"WebSite","@id":"https:\/\/candas365.es\/noticias\/#website","url":"https:\/\/candas365.es\/noticias\/","name":"Cand\u00e1s 365","alternateName":"Cand\u00e1s 365 Noticias","description":"Actualidad desde Carre\u00f1o para el mundo","inLanguage":"es-ES","publisher":{"@id":"https:\/\/candas365.es\/noticias\/#organization"}}]},"og:locale":"es_ES","og:site_name":"Cand\u00e1s 365","og:type":"article","og:title":"Josep Borrell: La guerra ha entrado en una fase \u00abpeligrosa\u00bb | Cand\u00e1s 365","og:description":"(EP) - El Alto Representante de la Uni\u00f3n Europea para la Pol\u00edtica Exterior, Josep Borrell, ha instado a la comunidad internacional a &quot;tomar en serio&quot;","og:url":"https:\/\/candas365.es\/noticias\/josep-borrell-la-guerra-ha-entrado-en-una-fase-peligrosa\/","og:image":"https:\/\/candas365.es\/noticias\/wp-content\/uploads\/2022\/08\/Borrell.jpg","og:image:secure_url":"https:\/\/candas365.es\/noticias\/wp-content\/uploads\/2022\/08\/Borrell.jpg","og:image:width":994,"og:image:height":664,"article:published_time":"2022-09-26T01:12:18+00:00","article:modified_time":"2022-09-26T01:12:18+00:00","article:publisher":"https:\/\/www.facebook.com\/Nachofdezber","article:author":"https:\/\/www.facebook.com\/carrenoactualidad","twitter:card":"summary_large_image","twitter:site":"@NabercoDigital","twitter:title":"Josep Borrell: La guerra ha entrado en una fase \u00abpeligrosa\u00bb | Cand\u00e1s 365","twitter:description":"(EP) - El Alto Representante de la Uni\u00f3n Europea para la Pol\u00edtica Exterior, Josep Borrell, ha instado a la comunidad internacional a &quot;tomar en serio&quot;","twitter:creator":"@nbasturias","twitter:image":"https:\/\/candas365.es\/noticias\/wp-content\/uploads\/2022\/08\/Borrell.jpg","twitter:label1":"Escrito por","twitter:data1":"Cand\u00e1s 365","twitter:label2":"Tiempo de lectura estimado","twitter:data2":"2 minutos"},"aioseo_meta_data":{"post_id":"166590","title":null,"description":"(EP) - El Alto Representante de la Uni\u00f3n Europea para la Pol\u00edtica Exterior, Josep Borrell, ha instado a la comunidad internacional a \"tomar en serio\"","keywords":[],"keyphrases":{"focus":{"keyphrase":"Borrell","score":92,"analysis":{"keyphraseInTitle":{"title":"Focus keyphrase in SEO title","description":"Focus keyphrase found in SEO title.","score":9,"maxScore":9,"error":0},"keyphraseInDescription":{"title":"Focus keyphrase in meta description","description":"Focus keyphrase found in meta description.","score":9,"maxScore":9,"error":0},"keyphraseLength":{"title":"Focus keyphrase length","description":"Good job!","score":9,"maxScore":9,"error":0,"length":1},"keyphraseInURL":{"title":"Focus keyphrase in URL","description":"Focus keyphrase not found in the URL.","score":1,"maxScore":5,"error":1},"keyphraseInIntroduction":{"title":"Focus keyphrase in introduction","description":"Your Focus keyphrase appears in the first paragraph. Well done!","score":9,"maxScore":9,"error":0},"keyphraseInSubHeadings":[],"keyphraseInImageAlt":{"title":"Focus keyphrase in image alt attributes","description":"Focus keyphrase found in image alt attribute(s).","score":9,"maxScore":9,"error":0}}},"additional":[{"keyphrase":" Uni\u00f3n Europea ","score":83,"analysis":{"keyphraseInDescription":{"title":"Keyphrase in meta description","description":"Keyphrase found in meta description.","score":9,"maxScore":9,"error":0},"keyphraseLength":{"title":"Keyphrase length","description":"Good job!","score":9,"maxScore":9,"error":0,"length":2},"keyphraseInIntroduction":{"title":"Keyphrase in introduction","description":"Your Keyphrase appears in the first paragraph. Well done!","score":9,"maxScore":9,"error":0},"keyphraseInImageAlt":{"title":"Keyphrase in image alt attributes","description":"Keyphrase not found in image alt attribute(s). Add an image with your Keyphrase as alt text.","score":3,"maxScore":9,"error":1}}}]},"primary_term":null,"canonical_url":null,"og_title":null,"og_description":null,"og_object_type":"default","og_image_type":"default","og_image_url":null,"og_image_width":null,"og_image_height":null,"og_image_custom_url":null,"og_image_custom_fields":null,"og_video":"","og_custom_url":null,"og_article_section":null,"og_article_tags":[],"twitter_use_og":false,"twitter_card":"default","twitter_image_type":"default","twitter_image_url":null,"twitter_image_custom_url":null,"twitter_image_custom_fields":null,"twitter_title":null,"twitter_description":null,"schema":{"blockGraphs":[],"customGraphs":[],"default":{"data":{"Article":[],"Course":[],"Dataset":[],"FAQPage":[],"Movie":[],"Person":[],"Product":[],"ProductReview":[],"Car":[],"Recipe":[],"Service":[],"SoftwareApplication":[],"WebPage":[]},"graphName":"","isEnabled":true},"graphs":[]},"schema_type":"default","schema_type_options":null,"pillar_content":false,"robots_default":true,"robots_noindex":false,"robots_noarchive":false,"robots_nosnippet":false,"robots_nofollow":false,"robots_noimageindex":false,"robots_noodp":false,"robots_notranslate":false,"robots_max_snippet":"-1","robots_max_videopreview":"-1","robots_max_imagepreview":"large","priority":null,"frequency":"default","location":null,"local_seo":null,"seo_analyzer_scan_date":"2025-09-01 12:40:13","breadcrumb_settings":null,"limit_modified_date":false,"reviewed_by":null,"open_ai":null,"ai":null,"created":"2022-09-26 01:08:05","updated":"2025-09-01 12:40:13"},"aioseo_breadcrumb":"<div class=\"aioseo-breadcrumbs\"><span class=\"aioseo-breadcrumb\">\n\t<a href=\"https:\/\/candas365.es\/noticias\" title=\"Home\">Home<\/a>\n<\/span><span class=\"aioseo-breadcrumb-separator\">&ndash;<\/span><span class=\"aioseo-breadcrumb\">\n\t<a href=\"https:\/\/candas365.es\/noticias\/category\/internacional\/\" title=\"Internacional\">Internacional<\/a>\n<\/span><span class=\"aioseo-breadcrumb-separator\">&ndash;<\/span><span class=\"aioseo-breadcrumb\">\n\tJosep Borrell: La guerra ha entrado en una fase \u00abpeligrosa\u00bb\n<\/span><\/div>","aioseo_breadcrumb_json":[{"label":"Home","link":"https:\/\/candas365.es\/noticias"},{"label":"Internacional","link":"https:\/\/candas365.es\/noticias\/category\/internacional\/"},{"label":"Josep Borrell: La guerra ha entrado en una fase \u00abpeligrosa\u00bb","link":"https:\/\/candas365.es\/noticias\/josep-borrell-la-guerra-ha-entrado-en-una-fase-peligrosa\/"}],"_links":{"self":[{"href":"https:\/\/candas365.es\/noticias\/wp-json\/wp\/v2\/posts\/166590","targetHints":{"allow":["GET"]}}],"collection":[{"href":"https:\/\/candas365.es\/noticias\/wp-json\/wp\/v2\/posts"}],"about":[{"href":"https:\/\/candas365.es\/noticias\/wp-json\/wp\/v2\/types\/post"}],"author":[{"embeddable":true,"href":"https:\/\/candas365.es\/noticias\/wp-json\/wp\/v2\/users\/1"}],"replies":[{"embeddable":true,"href":"https:\/\/candas365.es\/noticias\/wp-json\/wp\/v2\/comments?post=166590"}],"version-history":[{"count":0,"href":"https:\/\/candas365.es\/noticias\/wp-json\/wp\/v2\/posts\/166590\/revisions"}],"wp:featuredmedia":[{"embeddable":true,"href":"https:\/\/candas365.es\/noticias\/wp-json\/wp\/v2\/media\/164565"}],"wp:attachment":[{"href":"https:\/\/candas365.es\/noticias\/wp-json\/wp\/v2\/media?parent=166590"}],"wp:term":[{"taxonomy":"category","embeddable":true,"href":"https:\/\/candas365.es\/noticias\/wp-json\/wp\/v2\/categories?post=166590"},{"taxonomy":"post_tag","embeddable":true,"href":"https:\/\/candas365.es\/noticias\/wp-json\/wp\/v2\/tags?post=166590"}],"curies":[{"name":"wp","href":"https:\/\/api.w.org\/{rel}","templated":true}]}}