{"id":166574,"date":"2022-09-26T02:50:43","date_gmt":"2022-09-26T00:50:43","guid":{"rendered":"https:\/\/candas365.es\/noticias\/?p=166574"},"modified":"2022-09-26T02:50:43","modified_gmt":"2022-09-26T00:50:43","slug":"operacion-contra-el-pkk-en-el-norte-de-irak","status":"publish","type":"post","link":"https:\/\/candas365.es\/noticias\/operacion-contra-el-pkk-en-el-norte-de-irak\/","title":{"rendered":"Operaci\u00f3n contra el PKK en el norte de Irak"},"content":{"rendered":"<p>(EP) &#8211; El Gobierno de Turqu\u00eda ha anunciado el s\u00e1bado la muerte de siete supuestos miembros del <strong>Partido de los Trabajadores del Kurdist\u00e1n (<\/strong>PKK) en una operaci\u00f3n de sus Fuerzas Armadas en el norte de Irak.<\/p>\n<figure id=\"attachment_166575\" aria-describedby=\"caption-attachment-166575\" style=\"width: 650px\" class=\"wp-caption aligncenter\"><img fetchpriority=\"high\" decoding=\"async\" class=\"wp-image-166575 size-large\" src=\"https:\/\/candas365.es\/noticias\/wp-content\/uploads\/2022\/09\/militares-turcos-650x431.jpg\" alt=\"militares turcos\" width=\"650\" height=\"431\" srcset=\"https:\/\/candas365.es\/noticias\/wp-content\/uploads\/2022\/09\/militares-turcos-650x431.jpg 650w, https:\/\/candas365.es\/noticias\/wp-content\/uploads\/2022\/09\/militares-turcos-360x239.jpg 360w, https:\/\/candas365.es\/noticias\/wp-content\/uploads\/2022\/09\/militares-turcos-768x510.jpg 768w, https:\/\/candas365.es\/noticias\/wp-content\/uploads\/2022\/09\/militares-turcos-150x100.jpg 150w, https:\/\/candas365.es\/noticias\/wp-content\/uploads\/2022\/09\/militares-turcos-450x299.jpg 450w, https:\/\/candas365.es\/noticias\/wp-content\/uploads\/2022\/09\/militares-turcos.jpg 1002w\" sizes=\"(max-width: 650px) 100vw, 650px\" \/><figcaption id=\"caption-attachment-166575\" class=\"wp-caption-text\">Foto: MINISTERIO DE DEFENSA DE TURQU\u00cdA \/ EP<\/figcaption><\/figure>\n<p>As\u00ed lo ha confirmado el Ministerio de Defensa de Turqu\u00eda a trav\u00e9s de su perfil de la red social Twitter, donde ha aseverado que <strong>Ankara habr\u00eda actuado como respuesta a la muerte de un miembro del Ej\u00e9rcito.<\/strong><\/p>\n<p>M\u00e1s tarde, la agencia turca de noticias Anatolia ha detallado que el teniente de infanter\u00eda Serkan Erkus muri\u00f3 en la jornada del vieres como consecuencia de enfrentamientos de las Fuerzas Armadas con el PKK.<\/p>\n<blockquote><p>\u00abNo dejamos la sangre de nuestro m\u00e1rtir en el suelo. \u00a1No lo haremos! Siete terroristas del PKK detectados en el norte de Irak han sido neutralizados por nuestras Fuerzas Armadas turcas\u00bb, ha se\u00f1alado la cartera de Defensa.<\/p><\/blockquote>\n<p>El Ej\u00e9rcito turco ha intensificado sus operaciones contra el PKK &#8211;al que considera un grupo terrorista&#8211; tanto en el sureste del pa\u00eds como en el norte de Irak, ambos de mayor\u00eda kurda, desde que qued\u00f3 roto el alto el fuego entre el Gobierno y el grupo armado en julio de 2015.<\/p>\n","protected":false},"excerpt":{"rendered":"<p>(EP) &#8211; El Gobierno de Turqu\u00eda ha anunciado el s\u00e1bado la muerte de siete supuestos miembros del Partido de los Trabajadores del Kurdist\u00e1n (PKK) en una operaci\u00f3n de sus Fuerzas Armadas en el norte de Irak. As\u00ed lo ha confirmado el Ministerio de Defensa de Turqu\u00eda a trav\u00e9s de su perfil de la red social<\/p>\n","protected":false},"author":1,"featured_media":166575,"comment_status":"closed","ping_status":"closed","sticky":false,"template":"","format":"standard","meta":{"footnotes":""},"categories":[485],"tags":[464,418],"class_list":{"0":"post-166574","1":"post","2":"type-post","3":"status-publish","4":"format-standard","5":"has-post-thumbnail","7":"category-internacional","8":"tag-conflictos","9":"tag-internacional"},"aioseo_notices":[],"aioseo_head":"\n\t\t<!-- All in One SEO Pro 4.9.6.2 - aioseo.com -->\n\t<meta name=\"description\" content=\"(EP) - El Gobierno de Turqu\u00eda ha anunciado el s\u00e1bado la muerte de siete supuestos miembros del Partido de los Trabajadores del Kurdist\u00e1n (PKK) en una operaci\u00f3n\" \/>\n\t<meta name=\"robots\" content=\"max-image-preview:large\" \/>\n\t<meta name=\"author\" content=\"Cand\u00e1s 365\"\/>\n\t<meta name=\"google-site-verification\" content=\"UA-32230408-1\" \/>\n\t<meta name=\"msvalidate.01\" content=\"354F3CDFB2DA171B47FBE9ABF1F88D5\" \/>\n\t<meta name=\"keywords\" content=\"internacional\" \/>\n\t<link rel=\"canonical\" href=\"https:\/\/candas365.es\/noticias\/operacion-contra-el-pkk-en-el-norte-de-irak\/\" \/>\n\t<meta name=\"generator\" content=\"All in One SEO Pro (AIOSEO) 4.9.6.2\" \/>\n\t\t<meta property=\"og:locale\" content=\"es_ES\" \/>\n\t\t<meta property=\"og:site_name\" content=\"Cand\u00e1s 365\" \/>\n\t\t<meta property=\"og:type\" content=\"article\" \/>\n\t\t<meta property=\"og:title\" content=\"Operaci\u00f3n contra el PKK en el norte de Irak | Cand\u00e1s 365\" \/>\n\t\t<meta property=\"og:description\" content=\"(EP) - El Gobierno de Turqu\u00eda ha anunciado el s\u00e1bado la muerte de siete supuestos miembros del Partido de los Trabajadores del Kurdist\u00e1n (PKK) en una operaci\u00f3n\" \/>\n\t\t<meta property=\"og:url\" content=\"https:\/\/candas365.es\/noticias\/operacion-contra-el-pkk-en-el-norte-de-irak\/\" \/>\n\t\t<meta property=\"og:image\" content=\"https:\/\/candas365.es\/noticias\/wp-content\/uploads\/2022\/09\/militares-turcos.jpg\" \/>\n\t\t<meta property=\"og:image:secure_url\" content=\"https:\/\/candas365.es\/noticias\/wp-content\/uploads\/2022\/09\/militares-turcos.jpg\" \/>\n\t\t<meta property=\"og:image:width\" content=\"1002\" \/>\n\t\t<meta property=\"og:image:height\" content=\"665\" \/>\n\t\t<meta property=\"article:published_time\" content=\"2022-09-26T00:50:43+00:00\" \/>\n\t\t<meta property=\"article:modified_time\" content=\"2022-09-26T00:50:43+00:00\" \/>\n\t\t<meta property=\"article:publisher\" content=\"https:\/\/www.facebook.com\/Nachofdezber\" \/>\n\t\t<meta property=\"article:author\" content=\"https:\/\/www.facebook.com\/carrenoactualidad\" \/>\n\t\t<meta name=\"twitter:card\" content=\"summary_large_image\" \/>\n\t\t<meta name=\"twitter:site\" content=\"@NabercoDigital\" \/>\n\t\t<meta name=\"twitter:title\" content=\"Operaci\u00f3n contra el PKK en el norte de Irak | Cand\u00e1s 365\" \/>\n\t\t<meta name=\"twitter:description\" content=\"(EP) - El Gobierno de Turqu\u00eda ha anunciado el s\u00e1bado la muerte de siete supuestos miembros del Partido de los Trabajadores del Kurdist\u00e1n (PKK) en una operaci\u00f3n\" \/>\n\t\t<meta name=\"twitter:creator\" content=\"@nbasturias\" \/>\n\t\t<meta name=\"twitter:image\" content=\"https:\/\/candas365.es\/noticias\/wp-content\/uploads\/2022\/09\/militares-turcos.jpg\" \/>\n\t\t<meta name=\"twitter:label1\" content=\"Escrito por\" \/>\n\t\t<meta name=\"twitter:data1\" content=\"Cand\u00e1s 365\" \/>\n\t\t<meta name=\"twitter:label2\" content=\"Tiempo de lectura estimado\" \/>\n\t\t<meta name=\"twitter:data2\" content=\"1 minuto\" \/>\n\t\t<script type=\"application\/ld+json\" class=\"aioseo-schema\">\n\t\t\t{\"@context\":\"https:\\\/\\\/schema.org\",\"@graph\":[{\"@type\":\"BreadcrumbList\",\"@id\":\"https:\\\/\\\/candas365.es\\\/noticias\\\/operacion-contra-el-pkk-en-el-norte-de-irak\\\/#breadcrumblist\",\"itemListElement\":[{\"@type\":\"ListItem\",\"@id\":\"https:\\\/\\\/candas365.es\\\/noticias#listItem\",\"position\":1,\"name\":\"Home\",\"item\":\"https:\\\/\\\/candas365.es\\\/noticias\",\"nextItem\":{\"@type\":\"ListItem\",\"@id\":\"https:\\\/\\\/candas365.es\\\/noticias\\\/category\\\/internacional\\\/#listItem\",\"name\":\"Internacional\"}},{\"@type\":\"ListItem\",\"@id\":\"https:\\\/\\\/candas365.es\\\/noticias\\\/category\\\/internacional\\\/#listItem\",\"position\":2,\"name\":\"Internacional\",\"item\":\"https:\\\/\\\/candas365.es\\\/noticias\\\/category\\\/internacional\\\/\",\"nextItem\":{\"@type\":\"ListItem\",\"@id\":\"https:\\\/\\\/candas365.es\\\/noticias\\\/operacion-contra-el-pkk-en-el-norte-de-irak\\\/#listItem\",\"name\":\"Operaci\\u00f3n contra el PKK en el norte de Irak\"},\"previousItem\":{\"@type\":\"ListItem\",\"@id\":\"https:\\\/\\\/candas365.es\\\/noticias#listItem\",\"name\":\"Home\"}},{\"@type\":\"ListItem\",\"@id\":\"https:\\\/\\\/candas365.es\\\/noticias\\\/operacion-contra-el-pkk-en-el-norte-de-irak\\\/#listItem\",\"position\":3,\"name\":\"Operaci\\u00f3n contra el PKK en el norte de Irak\",\"previousItem\":{\"@type\":\"ListItem\",\"@id\":\"https:\\\/\\\/candas365.es\\\/noticias\\\/category\\\/internacional\\\/#listItem\",\"name\":\"Internacional\"}}]},{\"@type\":\"NewsArticle\",\"@id\":\"https:\\\/\\\/candas365.es\\\/noticias\\\/operacion-contra-el-pkk-en-el-norte-de-irak\\\/#newsarticle\",\"name\":\"Operaci\\u00f3n contra el PKK en el norte de Irak | Cand\\u00e1s 365\",\"headline\":\"Operaci\\u00f3n contra el PKK en el norte de Irak\",\"author\":{\"@id\":\"https:\\\/\\\/candas365.es\\\/noticias\\\/author\\\/admin\\\/#author\"},\"publisher\":{\"@id\":\"https:\\\/\\\/candas365.es\\\/noticias\\\/#organization\"},\"image\":{\"@type\":\"ImageObject\",\"url\":\"https:\\\/\\\/candas365.es\\\/noticias\\\/wp-content\\\/uploads\\\/2022\\\/09\\\/militares-turcos.jpg\",\"width\":1002,\"height\":665,\"caption\":\"Foto: MINISTERIO DE DEFENSA DE TURQU\\u00cdA \\\/ EP\"},\"datePublished\":\"2022-09-26T02:50:43+02:00\",\"dateModified\":\"2022-09-26T02:50:43+02:00\",\"inLanguage\":\"es-ES\",\"mainEntityOfPage\":{\"@id\":\"https:\\\/\\\/candas365.es\\\/noticias\\\/operacion-contra-el-pkk-en-el-norte-de-irak\\\/#webpage\"},\"isPartOf\":{\"@id\":\"https:\\\/\\\/candas365.es\\\/noticias\\\/operacion-contra-el-pkk-en-el-norte-de-irak\\\/#webpage\"},\"articleSection\":\"Internacional, conflictos, Internacional\",\"dateline\":\"Publicado el septiembre 26, 2022.\"},{\"@type\":\"Organization\",\"@id\":\"https:\\\/\\\/candas365.es\\\/noticias\\\/#organization\",\"name\":\"Cand\\u00e1s 365\",\"description\":\"Cand\\u00e1s 365 es un diario digital independiente, fundado en 2012, con base en Asturias. Informamos con rigor sobre actualidad, sociedad, cultura y ocio, con una mirada local y global.\",\"url\":\"https:\\\/\\\/candas365.es\\\/noticias\\\/\",\"email\":\"info@candas365.es\",\"telephone\":\"+34652131393\",\"foundingDate\":\"2012-06-10\",\"logo\":{\"@type\":\"ImageObject\",\"url\":\"https:\\\/\\\/candas365.es\\\/noticias\\\/wp-content\\\/uploads\\\/2024\\\/09\\\/Candas-365-Redes.jpg\",\"@id\":\"https:\\\/\\\/candas365.es\\\/noticias\\\/operacion-contra-el-pkk-en-el-norte-de-irak\\\/#organizationLogo\",\"width\":1152,\"height\":864,\"caption\":\"Cand\\u00e1s 365 Redes\"},\"image\":{\"@id\":\"https:\\\/\\\/candas365.es\\\/noticias\\\/operacion-contra-el-pkk-en-el-norte-de-irak\\\/#organizationLogo\"},\"sameAs\":[\"https:\\\/\\\/www.facebook.com\\\/Nachofdezber\",\"https:\\\/\\\/x.com\\\/NabercoDigital\",\"https:\\\/\\\/www.instagram.com\\\/nachofdezber\\\/\",\"https:\\\/\\\/www.youtube.com\\\/channel\\\/UCZP-2wLEB9Rv6erhFmqVnvg\"],\"address\":{\"@id\":\"https:\\\/\\\/candas365.es\\\/noticias\\\/#postaladdress\",\"@type\":\"PostalAddress\",\"streetAddress\":\"san antonio 4, san antonio 4\",\"postalCode\":\"33430\",\"addressLocality\":\"Cand\\u00e1s\",\"addressRegion\":\"Asturias\",\"addressCountry\":\"ES\"}},{\"@type\":\"Person\",\"@id\":\"https:\\\/\\\/candas365.es\\\/noticias\\\/author\\\/admin\\\/#author\",\"url\":\"https:\\\/\\\/candas365.es\\\/noticias\\\/author\\\/admin\\\/\",\"name\":\"Cand\\u00e1s 365\",\"image\":{\"@type\":\"ImageObject\",\"@id\":\"https:\\\/\\\/candas365.es\\\/noticias\\\/operacion-contra-el-pkk-en-el-norte-de-irak\\\/#authorImage\",\"url\":\"https:\\\/\\\/secure.gravatar.com\\\/avatar\\\/496a8e03d0c493ede1718b7934145dbdf8d89be1036b0eec9544e1094c9de390?s=96&d=mm&r=g\",\"width\":96,\"height\":96,\"caption\":\"Cand\\u00e1s 365\"},\"sameAs\":[\"https:\\\/\\\/www.facebook.com\\\/carrenoactualidad\",\"https:\\\/\\\/twitter.com\\\/nbasturias\",\"https:\\\/\\\/www.instagram.com\\\/nachofdezber\\\/\",\"https:\\\/\\\/www.youtube.com\\\/channel\\\/UCZP-2wLEB9Rv6erhFmqVnvg\"]},{\"@type\":\"WebPage\",\"@id\":\"https:\\\/\\\/candas365.es\\\/noticias\\\/operacion-contra-el-pkk-en-el-norte-de-irak\\\/#webpage\",\"url\":\"https:\\\/\\\/candas365.es\\\/noticias\\\/operacion-contra-el-pkk-en-el-norte-de-irak\\\/\",\"name\":\"Operaci\\u00f3n contra el PKK en el norte de Irak | Cand\\u00e1s 365\",\"description\":\"(EP) - El Gobierno de Turqu\\u00eda ha anunciado el s\\u00e1bado la muerte de siete supuestos miembros del Partido de los Trabajadores del Kurdist\\u00e1n (PKK) en una operaci\\u00f3n\",\"inLanguage\":\"es-ES\",\"isPartOf\":{\"@id\":\"https:\\\/\\\/candas365.es\\\/noticias\\\/#website\"},\"breadcrumb\":{\"@id\":\"https:\\\/\\\/candas365.es\\\/noticias\\\/operacion-contra-el-pkk-en-el-norte-de-irak\\\/#breadcrumblist\"},\"author\":{\"@id\":\"https:\\\/\\\/candas365.es\\\/noticias\\\/author\\\/admin\\\/#author\"},\"creator\":{\"@id\":\"https:\\\/\\\/candas365.es\\\/noticias\\\/author\\\/admin\\\/#author\"},\"image\":{\"@type\":\"ImageObject\",\"url\":\"https:\\\/\\\/candas365.es\\\/noticias\\\/wp-content\\\/uploads\\\/2022\\\/09\\\/militares-turcos.jpg\",\"@id\":\"https:\\\/\\\/candas365.es\\\/noticias\\\/operacion-contra-el-pkk-en-el-norte-de-irak\\\/#mainImage\",\"width\":1002,\"height\":665,\"caption\":\"Foto: MINISTERIO DE DEFENSA DE TURQU\\u00cdA \\\/ EP\"},\"primaryImageOfPage\":{\"@id\":\"https:\\\/\\\/candas365.es\\\/noticias\\\/operacion-contra-el-pkk-en-el-norte-de-irak\\\/#mainImage\"},\"datePublished\":\"2022-09-26T02:50:43+02:00\",\"dateModified\":\"2022-09-26T02:50:43+02:00\"},{\"@type\":\"WebSite\",\"@id\":\"https:\\\/\\\/candas365.es\\\/noticias\\\/#website\",\"url\":\"https:\\\/\\\/candas365.es\\\/noticias\\\/\",\"name\":\"Cand\\u00e1s 365\",\"alternateName\":\"Cand\\u00e1s 365 Noticias\",\"description\":\"Actualidad desde Carre\\u00f1o para el mundo\",\"inLanguage\":\"es-ES\",\"publisher\":{\"@id\":\"https:\\\/\\\/candas365.es\\\/noticias\\\/#organization\"}}]}\n\t\t<\/script>\n\t\t<!-- All in One SEO Pro -->\r\n\t\t<title>Operaci\u00f3n contra el PKK en el norte de Irak | Cand\u00e1s 365<\/title>\n\n","aioseo_head_json":{"title":"Operaci\u00f3n contra el PKK en el norte de Irak | Cand\u00e1s 365","description":"(EP) - El Gobierno de Turqu\u00eda ha anunciado el s\u00e1bado la muerte de siete supuestos miembros del Partido de los Trabajadores del Kurdist\u00e1n (PKK) en una operaci\u00f3n","canonical_url":"https:\/\/candas365.es\/noticias\/operacion-contra-el-pkk-en-el-norte-de-irak\/","robots":"max-image-preview:large","keywords":"internacional","webmasterTools":{"google-site-verification":"UA-32230408-1","msvalidate.01":"354F3CDFB2DA171B47FBE9ABF1F88D5","miscellaneous":""},"schema":{"@context":"https:\/\/schema.org","@graph":[{"@type":"BreadcrumbList","@id":"https:\/\/candas365.es\/noticias\/operacion-contra-el-pkk-en-el-norte-de-irak\/#breadcrumblist","itemListElement":[{"@type":"ListItem","@id":"https:\/\/candas365.es\/noticias#listItem","position":1,"name":"Home","item":"https:\/\/candas365.es\/noticias","nextItem":{"@type":"ListItem","@id":"https:\/\/candas365.es\/noticias\/category\/internacional\/#listItem","name":"Internacional"}},{"@type":"ListItem","@id":"https:\/\/candas365.es\/noticias\/category\/internacional\/#listItem","position":2,"name":"Internacional","item":"https:\/\/candas365.es\/noticias\/category\/internacional\/","nextItem":{"@type":"ListItem","@id":"https:\/\/candas365.es\/noticias\/operacion-contra-el-pkk-en-el-norte-de-irak\/#listItem","name":"Operaci\u00f3n contra el PKK en el norte de Irak"},"previousItem":{"@type":"ListItem","@id":"https:\/\/candas365.es\/noticias#listItem","name":"Home"}},{"@type":"ListItem","@id":"https:\/\/candas365.es\/noticias\/operacion-contra-el-pkk-en-el-norte-de-irak\/#listItem","position":3,"name":"Operaci\u00f3n contra el PKK en el norte de Irak","previousItem":{"@type":"ListItem","@id":"https:\/\/candas365.es\/noticias\/category\/internacional\/#listItem","name":"Internacional"}}]},{"@type":"NewsArticle","@id":"https:\/\/candas365.es\/noticias\/operacion-contra-el-pkk-en-el-norte-de-irak\/#newsarticle","name":"Operaci\u00f3n contra el PKK en el norte de Irak | Cand\u00e1s 365","headline":"Operaci\u00f3n contra el PKK en el norte de Irak","author":{"@id":"https:\/\/candas365.es\/noticias\/author\/admin\/#author"},"publisher":{"@id":"https:\/\/candas365.es\/noticias\/#organization"},"image":{"@type":"ImageObject","url":"https:\/\/candas365.es\/noticias\/wp-content\/uploads\/2022\/09\/militares-turcos.jpg","width":1002,"height":665,"caption":"Foto: MINISTERIO DE DEFENSA DE TURQU\u00cdA \/ EP"},"datePublished":"2022-09-26T02:50:43+02:00","dateModified":"2022-09-26T02:50:43+02:00","inLanguage":"es-ES","mainEntityOfPage":{"@id":"https:\/\/candas365.es\/noticias\/operacion-contra-el-pkk-en-el-norte-de-irak\/#webpage"},"isPartOf":{"@id":"https:\/\/candas365.es\/noticias\/operacion-contra-el-pkk-en-el-norte-de-irak\/#webpage"},"articleSection":"Internacional, conflictos, Internacional","dateline":"Publicado el septiembre 26, 2022."},{"@type":"Organization","@id":"https:\/\/candas365.es\/noticias\/#organization","name":"Cand\u00e1s 365","description":"Cand\u00e1s 365 es un diario digital independiente, fundado en 2012, con base en Asturias. Informamos con rigor sobre actualidad, sociedad, cultura y ocio, con una mirada local y global.","url":"https:\/\/candas365.es\/noticias\/","email":"info@candas365.es","telephone":"+34652131393","foundingDate":"2012-06-10","logo":{"@type":"ImageObject","url":"https:\/\/candas365.es\/noticias\/wp-content\/uploads\/2024\/09\/Candas-365-Redes.jpg","@id":"https:\/\/candas365.es\/noticias\/operacion-contra-el-pkk-en-el-norte-de-irak\/#organizationLogo","width":1152,"height":864,"caption":"Cand\u00e1s 365 Redes"},"image":{"@id":"https:\/\/candas365.es\/noticias\/operacion-contra-el-pkk-en-el-norte-de-irak\/#organizationLogo"},"sameAs":["https:\/\/www.facebook.com\/Nachofdezber","https:\/\/x.com\/NabercoDigital","https:\/\/www.instagram.com\/nachofdezber\/","https:\/\/www.youtube.com\/channel\/UCZP-2wLEB9Rv6erhFmqVnvg"],"address":{"@id":"https:\/\/candas365.es\/noticias\/#postaladdress","@type":"PostalAddress","streetAddress":"san antonio 4, san antonio 4","postalCode":"33430","addressLocality":"Cand\u00e1s","addressRegion":"Asturias","addressCountry":"ES"}},{"@type":"Person","@id":"https:\/\/candas365.es\/noticias\/author\/admin\/#author","url":"https:\/\/candas365.es\/noticias\/author\/admin\/","name":"Cand\u00e1s 365","image":{"@type":"ImageObject","@id":"https:\/\/candas365.es\/noticias\/operacion-contra-el-pkk-en-el-norte-de-irak\/#authorImage","url":"https:\/\/secure.gravatar.com\/avatar\/496a8e03d0c493ede1718b7934145dbdf8d89be1036b0eec9544e1094c9de390?s=96&d=mm&r=g","width":96,"height":96,"caption":"Cand\u00e1s 365"},"sameAs":["https:\/\/www.facebook.com\/carrenoactualidad","https:\/\/twitter.com\/nbasturias","https:\/\/www.instagram.com\/nachofdezber\/","https:\/\/www.youtube.com\/channel\/UCZP-2wLEB9Rv6erhFmqVnvg"]},{"@type":"WebPage","@id":"https:\/\/candas365.es\/noticias\/operacion-contra-el-pkk-en-el-norte-de-irak\/#webpage","url":"https:\/\/candas365.es\/noticias\/operacion-contra-el-pkk-en-el-norte-de-irak\/","name":"Operaci\u00f3n contra el PKK en el norte de Irak | Cand\u00e1s 365","description":"(EP) - El Gobierno de Turqu\u00eda ha anunciado el s\u00e1bado la muerte de siete supuestos miembros del Partido de los Trabajadores del Kurdist\u00e1n (PKK) en una operaci\u00f3n","inLanguage":"es-ES","isPartOf":{"@id":"https:\/\/candas365.es\/noticias\/#website"},"breadcrumb":{"@id":"https:\/\/candas365.es\/noticias\/operacion-contra-el-pkk-en-el-norte-de-irak\/#breadcrumblist"},"author":{"@id":"https:\/\/candas365.es\/noticias\/author\/admin\/#author"},"creator":{"@id":"https:\/\/candas365.es\/noticias\/author\/admin\/#author"},"image":{"@type":"ImageObject","url":"https:\/\/candas365.es\/noticias\/wp-content\/uploads\/2022\/09\/militares-turcos.jpg","@id":"https:\/\/candas365.es\/noticias\/operacion-contra-el-pkk-en-el-norte-de-irak\/#mainImage","width":1002,"height":665,"caption":"Foto: MINISTERIO DE DEFENSA DE TURQU\u00cdA \/ EP"},"primaryImageOfPage":{"@id":"https:\/\/candas365.es\/noticias\/operacion-contra-el-pkk-en-el-norte-de-irak\/#mainImage"},"datePublished":"2022-09-26T02:50:43+02:00","dateModified":"2022-09-26T02:50:43+02:00"},{"@type":"WebSite","@id":"https:\/\/candas365.es\/noticias\/#website","url":"https:\/\/candas365.es\/noticias\/","name":"Cand\u00e1s 365","alternateName":"Cand\u00e1s 365 Noticias","description":"Actualidad desde Carre\u00f1o para el mundo","inLanguage":"es-ES","publisher":{"@id":"https:\/\/candas365.es\/noticias\/#organization"}}]},"og:locale":"es_ES","og:site_name":"Cand\u00e1s 365","og:type":"article","og:title":"Operaci\u00f3n contra el PKK en el norte de Irak | Cand\u00e1s 365","og:description":"(EP) - El Gobierno de Turqu\u00eda ha anunciado el s\u00e1bado la muerte de siete supuestos miembros del Partido de los Trabajadores del Kurdist\u00e1n (PKK) en una operaci\u00f3n","og:url":"https:\/\/candas365.es\/noticias\/operacion-contra-el-pkk-en-el-norte-de-irak\/","og:image":"https:\/\/candas365.es\/noticias\/wp-content\/uploads\/2022\/09\/militares-turcos.jpg","og:image:secure_url":"https:\/\/candas365.es\/noticias\/wp-content\/uploads\/2022\/09\/militares-turcos.jpg","og:image:width":1002,"og:image:height":665,"article:published_time":"2022-09-26T00:50:43+00:00","article:modified_time":"2022-09-26T00:50:43+00:00","article:publisher":"https:\/\/www.facebook.com\/Nachofdezber","article:author":"https:\/\/www.facebook.com\/carrenoactualidad","twitter:card":"summary_large_image","twitter:site":"@NabercoDigital","twitter:title":"Operaci\u00f3n contra el PKK en el norte de Irak | Cand\u00e1s 365","twitter:description":"(EP) - El Gobierno de Turqu\u00eda ha anunciado el s\u00e1bado la muerte de siete supuestos miembros del Partido de los Trabajadores del Kurdist\u00e1n (PKK) en una operaci\u00f3n","twitter:creator":"@nbasturias","twitter:image":"https:\/\/candas365.es\/noticias\/wp-content\/uploads\/2022\/09\/militares-turcos.jpg","twitter:label1":"Escrito por","twitter:data1":"Cand\u00e1s 365","twitter:label2":"Tiempo de lectura estimado","twitter:data2":"1 minuto"},"aioseo_meta_data":{"post_id":"166574","title":null,"description":"(EP) - El Gobierno de Turqu\u00eda ha anunciado el s\u00e1bado la muerte de siete supuestos miembros del Partido de los Trabajadores del Kurdist\u00e1n (PKK) en una operaci\u00f3n","keywords":[],"keyphrases":{"focus":{"keyphrase":"PKK","score":80,"analysis":{"keyphraseInTitle":{"title":"Focus keyphrase in SEO title","description":"Focus keyphrase found in SEO title.","score":9,"maxScore":9,"error":0},"keyphraseInDescription":{"title":"Focus keyphrase in meta description","description":"Focus keyphrase found in meta description.","score":9,"maxScore":9,"error":0},"keyphraseLength":{"title":"Focus keyphrase length","description":"Good job!","score":9,"maxScore":9,"error":0,"length":1},"keyphraseInURL":{"title":"Focus keyphrase in URL","description":"Focus keyphrase not found in the URL.","score":1,"maxScore":5,"error":1},"keyphraseInIntroduction":{"title":"Focus keyphrase in introduction","description":"Your Focus keyphrase appears in the first paragraph. Well done!","score":9,"maxScore":9,"error":0},"keyphraseInSubHeadings":[],"keyphraseInImageAlt":{"title":"Focus keyphrase in image alt attributes","description":"Focus keyphrase not found in image alt attribute(s). Add an image with your Focus keyphrase as alt text.","score":3,"maxScore":9,"error":1}}},"additional":[{"keyphrase":"operaci\u00f3n ","score":83,"analysis":{"keyphraseInDescription":{"title":"Keyphrase in meta description","description":"Keyphrase found in meta description.","score":9,"maxScore":9,"error":0},"keyphraseLength":{"title":"Keyphrase length","description":"Good job!","score":9,"maxScore":9,"error":0,"length":1},"keyphraseInIntroduction":{"title":"Keyphrase in introduction","description":"Your Keyphrase appears in the first paragraph. Well done!","score":9,"maxScore":9,"error":0},"keyphraseInImageAlt":{"title":"Keyphrase in image alt attributes","description":"Keyphrase not found in image alt attribute(s). Add an image with your Keyphrase as alt text.","score":3,"maxScore":9,"error":1}}},{"keyphrase":"Turqu\u00eda ","score":83,"analysis":{"keyphraseInDescription":{"title":"Keyphrase in meta description","description":"Keyphrase found in meta description.","score":9,"maxScore":9,"error":0},"keyphraseLength":{"title":"Keyphrase length","description":"Good job!","score":9,"maxScore":9,"error":0,"length":1},"keyphraseInIntroduction":{"title":"Keyphrase in introduction","description":"Your Keyphrase appears in the first paragraph. Well done!","score":9,"maxScore":9,"error":0},"keyphraseInImageAlt":{"title":"Keyphrase in image alt attributes","description":"Keyphrase not found in image alt attribute(s). Add an image with your Keyphrase as alt text.","score":3,"maxScore":9,"error":1}}}]},"primary_term":null,"canonical_url":null,"og_title":null,"og_description":null,"og_object_type":"default","og_image_type":"default","og_image_url":null,"og_image_width":null,"og_image_height":null,"og_image_custom_url":null,"og_image_custom_fields":null,"og_video":"","og_custom_url":null,"og_article_section":null,"og_article_tags":[],"twitter_use_og":false,"twitter_card":"default","twitter_image_type":"default","twitter_image_url":null,"twitter_image_custom_url":null,"twitter_image_custom_fields":null,"twitter_title":null,"twitter_description":null,"schema":{"blockGraphs":[],"customGraphs":[],"default":{"data":{"Article":[],"Course":[],"Dataset":[],"FAQPage":[],"Movie":[],"Person":[],"Product":[],"ProductReview":[],"Car":[],"Recipe":[],"Service":[],"SoftwareApplication":[],"WebPage":[]},"graphName":"","isEnabled":true},"graphs":[]},"schema_type":"default","schema_type_options":null,"pillar_content":false,"robots_default":true,"robots_noindex":false,"robots_noarchive":false,"robots_nosnippet":false,"robots_nofollow":false,"robots_noimageindex":false,"robots_noodp":false,"robots_notranslate":false,"robots_max_snippet":"-1","robots_max_videopreview":"-1","robots_max_imagepreview":"large","priority":null,"frequency":"default","location":null,"local_seo":null,"seo_analyzer_scan_date":"2025-09-01 12:39:18","breadcrumb_settings":null,"limit_modified_date":false,"reviewed_by":null,"open_ai":null,"ai":null,"created":"2022-09-26 00:44:52","updated":"2025-09-01 12:39:18"},"aioseo_breadcrumb":"<div class=\"aioseo-breadcrumbs\"><span class=\"aioseo-breadcrumb\">\n\t<a href=\"https:\/\/candas365.es\/noticias\" title=\"Home\">Home<\/a>\n<\/span><span class=\"aioseo-breadcrumb-separator\">&ndash;<\/span><span class=\"aioseo-breadcrumb\">\n\t<a href=\"https:\/\/candas365.es\/noticias\/category\/internacional\/\" title=\"Internacional\">Internacional<\/a>\n<\/span><span class=\"aioseo-breadcrumb-separator\">&ndash;<\/span><span class=\"aioseo-breadcrumb\">\n\tOperaci\u00f3n contra el PKK en el norte de Irak\n<\/span><\/div>","aioseo_breadcrumb_json":[{"label":"Home","link":"https:\/\/candas365.es\/noticias"},{"label":"Internacional","link":"https:\/\/candas365.es\/noticias\/category\/internacional\/"},{"label":"Operaci\u00f3n contra el PKK en el norte de Irak","link":"https:\/\/candas365.es\/noticias\/operacion-contra-el-pkk-en-el-norte-de-irak\/"}],"_links":{"self":[{"href":"https:\/\/candas365.es\/noticias\/wp-json\/wp\/v2\/posts\/166574","targetHints":{"allow":["GET"]}}],"collection":[{"href":"https:\/\/candas365.es\/noticias\/wp-json\/wp\/v2\/posts"}],"about":[{"href":"https:\/\/candas365.es\/noticias\/wp-json\/wp\/v2\/types\/post"}],"author":[{"embeddable":true,"href":"https:\/\/candas365.es\/noticias\/wp-json\/wp\/v2\/users\/1"}],"replies":[{"embeddable":true,"href":"https:\/\/candas365.es\/noticias\/wp-json\/wp\/v2\/comments?post=166574"}],"version-history":[{"count":0,"href":"https:\/\/candas365.es\/noticias\/wp-json\/wp\/v2\/posts\/166574\/revisions"}],"wp:featuredmedia":[{"embeddable":true,"href":"https:\/\/candas365.es\/noticias\/wp-json\/wp\/v2\/media\/166575"}],"wp:attachment":[{"href":"https:\/\/candas365.es\/noticias\/wp-json\/wp\/v2\/media?parent=166574"}],"wp:term":[{"taxonomy":"category","embeddable":true,"href":"https:\/\/candas365.es\/noticias\/wp-json\/wp\/v2\/categories?post=166574"},{"taxonomy":"post_tag","embeddable":true,"href":"https:\/\/candas365.es\/noticias\/wp-json\/wp\/v2\/tags?post=166574"}],"curies":[{"name":"wp","href":"https:\/\/api.w.org\/{rel}","templated":true}]}}