{"id":166179,"date":"2022-09-12T18:17:26","date_gmt":"2022-09-12T16:17:26","guid":{"rendered":"https:\/\/candas365.es\/noticias\/?p=166179"},"modified":"2022-09-12T18:17:26","modified_gmt":"2022-09-12T16:17:26","slug":"ayudas-en-carreno-a-la-ensenanza-y-transporte-universitario-para-el-curso-2022-2023","status":"publish","type":"post","link":"https:\/\/candas365.es\/noticias\/ayudas-en-carreno-a-la-ensenanza-y-transporte-universitario-para-el-curso-2022-2023\/","title":{"rendered":"Ayudas en Carre\u00f1o a la Ense\u00f1anza y Transporte Universitario para el curso 2022-2023"},"content":{"rendered":"<p>El Ayuntamiento de <strong><a href=\"https:\/\/candas365.es\/noticias\/category\/noticias-carreno\/\"><span style=\"color: #ff6600;\">Carre\u00f1o<\/span><\/a><\/strong> ha convocado 132 ayudas a la Ense\u00f1anza y Transporte Universitario para el curso 2022-2023.\u00a0<strong>El plazo de presentaci\u00f3n de instancias finaliza el 13 de septiembre.<\/strong><\/p>\n<figure id=\"attachment_166180\" aria-describedby=\"caption-attachment-166180\" style=\"width: 650px\" class=\"wp-caption aligncenter\"><img fetchpriority=\"high\" decoding=\"async\" class=\"wp-image-166180 size-large\" src=\"https:\/\/candas365.es\/noticias\/wp-content\/uploads\/2022\/09\/Ayuntamiento-Carreno-650x316.jpg\" alt=\"Ayuntamiento Carre\u00f1o\" width=\"650\" height=\"316\" srcset=\"https:\/\/candas365.es\/noticias\/wp-content\/uploads\/2022\/09\/Ayuntamiento-Carreno-650x316.jpg 650w, https:\/\/candas365.es\/noticias\/wp-content\/uploads\/2022\/09\/Ayuntamiento-Carreno-360x175.jpg 360w, https:\/\/candas365.es\/noticias\/wp-content\/uploads\/2022\/09\/Ayuntamiento-Carreno-768x373.jpg 768w, https:\/\/candas365.es\/noticias\/wp-content\/uploads\/2022\/09\/Ayuntamiento-Carreno-150x73.jpg 150w, https:\/\/candas365.es\/noticias\/wp-content\/uploads\/2022\/09\/Ayuntamiento-Carreno-450x219.jpg 450w, https:\/\/candas365.es\/noticias\/wp-content\/uploads\/2022\/09\/Ayuntamiento-Carreno.jpg 1066w\" sizes=\"(max-width: 650px) 100vw, 650px\" \/><figcaption id=\"caption-attachment-166180\" class=\"wp-caption-text\">Foto: Cand\u00e1s 365<\/figcaption><\/figure>\n<p>Estas ayudas municipales van destinadas a sufragar los gastos derivados de la Ense\u00f1anza Infantil, Bachillerato, F.P., M\u00f3dulos de Grado Medio o Superior o an\u00e1logos, Transporte Universitario y de las ense\u00f1anzas de la Escuela Municipal de M\u00fasica \u201cMiguel Barrosa\u201d y Transporte a Centro de Educaci\u00f3n Especial.<\/p>\n<p>Los importes y la distribuci\u00f3n de las ayudas convocada ser\u00e1 la siguiente:<\/p>\n<ol>\n<li>50 ayudas con destino a ense\u00f1anza infantil con dotaci\u00f3n de 70 \u20ac cada una, destinadas al pago de libros y material escolar.<\/li>\n<li>30 ayudas con destino a bachiller, F.P., m\u00f3dulos de grado medio o superior o an\u00e1logos, con dotaci\u00f3n de 175 \u20ac para la ayuda de libros.<\/li>\n<li>30 ayudas de 300 \u20ac destinados a sufragar los gastos derivados del transporte universitario para el alumnado de centros de la Universidad de Oviedo o en universidades p\u00fablicas del territorio nacional siempre que la titulaci\u00f3n o formaci\u00f3n universitaria no se imparta en el Principado de Asturias.<\/li>\n<li>15 ayudas por un importe de 80 \u20ac, con destino a sufragar ense\u00f1anzas impartidas en la Escuela de M\u00fasica Municipal \u201cMiguel Barrosa\u201d.<\/li>\n<li>7 ayudas de 200 \u20ac, destinadas a sufragar los gastos derivados del transporte a centros de Educaci\u00f3n Especial.<\/li>\n<\/ol>\n<p>Podr\u00e1n optar a las ayudas las personas que se encuentren empadronadas en el Concejo y que est\u00e9n matriculadas en alguno de los niveles para los que son destinadas las ayudas.<\/p>\n<h3>Las solicitudes se presentar\u00e1n en el impreso oficial junto con la documentaci\u00f3n necesaria:<\/h3>\n<ul>\n<li>En el Registro General del Ayuntamiento de Carre\u00f1o, sito en la calle Santolaya, 1-3 de Cand\u00e1s, de lunes a viernes de 9 a 14 horas.<\/li>\n<li>A trav\u00e9s de la Sede electr\u00f3nica si se dispone de certificado o firma digital.<\/li>\n<\/ul>\n<p>Para la concesi\u00f3n de la ayuda ser\u00e1 necesario la obtenci\u00f3n de alg\u00fan punto en la valoraci\u00f3n de la solicitud. Para lo obtenci\u00f3n de estos se dividir\u00e1 los ingresos netos que figuran en la unidad familiar entre el n\u00famero de miembros de los que consta la unidad. Por ejemplo, una familia formada por tres personas con unos ingresos de 21.000\u20ac anuales, a cada uno de sus miembros le corresponder\u00eda unos ingresos de 7.000\u20ac. Esta cantidad, seg\u00fan la tabla que se adjunta en las bases de la convocatoria le corresponder\u00edan 4 puntos. <strong>Por lo que para la obtenci\u00f3n de la puntuaci\u00f3n y baremaci\u00f3n ser\u00e1 necesario presentar las rentas del ejercicio del 2021 de cada una de las personas que componen la unidad familiar.<\/strong><\/p>\n<p>En el \u00faltimo curso escolar 72 familias del Concejo se beneficiaron de este tipo de ayudas a la educaci\u00f3n, ascendiendo el importe de las mismas a cerca de 13.500 \u20ac. <strong>En esta nueva convocatoria, para el curso escolar 2022-2023, que dar\u00e1 comienzo en septiembre, la pretensi\u00f3n es la de ayudar a 132 familias, destinando 20.350 \u20ac.<\/strong><\/p>\n<p>Para m\u00e1s informaci\u00f3n se puede consultar la web del <a href=\"https:\/\/www.ayto-carreno.es\/\" target=\"_blank\" rel=\"noopener\"><span style=\"color: #ff6600;\"><strong>Ayuntamiento de Carre\u00f1o<\/strong><\/span><\/a> desde donde se podr\u00e1 consultar las bases de la presente convocatoria y\/o descargar los impreso de solicitud o en el tel\u00e9fono 985-870 205.<\/p>\n","protected":false},"excerpt":{"rendered":"<p>El Ayuntamiento de Carre\u00f1o ha convocado 132 ayudas a la Ense\u00f1anza y Transporte Universitario para el curso 2022-2023.\u00a0El plazo de presentaci\u00f3n de instancias finaliza el 13 de septiembre. Estas ayudas municipales van destinadas a sufragar los gastos derivados de la Ense\u00f1anza Infantil, Bachillerato, F.P., M\u00f3dulos de Grado Medio o Superior o an\u00e1logos, Transporte Universitario y<\/p>\n","protected":false},"author":1,"featured_media":166180,"comment_status":"closed","ping_status":"closed","sticky":false,"template":"","format":"standard","meta":{"footnotes":""},"categories":[2],"tags":[366,365,419],"class_list":{"0":"post-166179","1":"post","2":"type-post","3":"status-publish","4":"format-standard","5":"has-post-thumbnail","7":"category-noticias-carreno","8":"tag-candas","9":"tag-carreno","10":"tag-educacion"},"aioseo_notices":[],"aioseo_head":"\n\t\t<!-- All in One SEO Pro 4.9.6.2 - aioseo.com -->\n\t<meta name=\"description\" content=\"El Ayuntamiento de Carre\u00f1o ha convocado 132 ayudas a la Ense\u00f1anza y Transporte Universitario para el curso 2022-2023. El plazo de presentaci\u00f3n de instancias\" \/>\n\t<meta name=\"robots\" content=\"max-image-preview:large\" \/>\n\t<meta name=\"author\" content=\"Cand\u00e1s 365\"\/>\n\t<meta name=\"google-site-verification\" content=\"UA-32230408-1\" \/>\n\t<meta name=\"msvalidate.01\" content=\"354F3CDFB2DA171B47FBE9ABF1F88D5\" \/>\n\t<meta name=\"keywords\" content=\"noticias carre\u00f1o\" \/>\n\t<link rel=\"canonical\" href=\"https:\/\/candas365.es\/noticias\/ayudas-en-carreno-a-la-ensenanza-y-transporte-universitario-para-el-curso-2022-2023\/\" \/>\n\t<meta name=\"generator\" content=\"All in One SEO Pro (AIOSEO) 4.9.6.2\" \/>\n\t\t<meta property=\"og:locale\" content=\"es_ES\" \/>\n\t\t<meta property=\"og:site_name\" content=\"Cand\u00e1s 365\" \/>\n\t\t<meta property=\"og:type\" content=\"article\" \/>\n\t\t<meta property=\"og:title\" content=\"Ayudas en Carre\u00f1o a la Ense\u00f1anza y Transporte Universitario para el curso 2022-2023 | Cand\u00e1s 365\" \/>\n\t\t<meta property=\"og:description\" content=\"El Ayuntamiento de Carre\u00f1o ha convocado 132 ayudas a la Ense\u00f1anza y Transporte Universitario para el curso 2022-2023. El plazo de presentaci\u00f3n de instancias\" \/>\n\t\t<meta property=\"og:url\" content=\"https:\/\/candas365.es\/noticias\/ayudas-en-carreno-a-la-ensenanza-y-transporte-universitario-para-el-curso-2022-2023\/\" \/>\n\t\t<meta property=\"og:image\" content=\"https:\/\/candas365.es\/noticias\/wp-content\/uploads\/2022\/09\/Ayuntamiento-Carreno.jpg\" \/>\n\t\t<meta property=\"og:image:secure_url\" content=\"https:\/\/candas365.es\/noticias\/wp-content\/uploads\/2022\/09\/Ayuntamiento-Carreno.jpg\" \/>\n\t\t<meta property=\"og:image:width\" content=\"1066\" \/>\n\t\t<meta property=\"og:image:height\" content=\"518\" \/>\n\t\t<meta property=\"article:published_time\" content=\"2022-09-12T16:17:26+00:00\" \/>\n\t\t<meta property=\"article:modified_time\" content=\"2022-09-12T16:17:26+00:00\" \/>\n\t\t<meta property=\"article:publisher\" content=\"https:\/\/www.facebook.com\/Nachofdezber\" \/>\n\t\t<meta property=\"article:author\" content=\"https:\/\/www.facebook.com\/carrenoactualidad\" \/>\n\t\t<meta name=\"twitter:card\" content=\"summary_large_image\" \/>\n\t\t<meta name=\"twitter:site\" content=\"@NabercoDigital\" \/>\n\t\t<meta name=\"twitter:title\" content=\"Ayudas en Carre\u00f1o a la Ense\u00f1anza y Transporte Universitario para el curso 2022-2023 | Cand\u00e1s 365\" \/>\n\t\t<meta name=\"twitter:description\" content=\"El Ayuntamiento de Carre\u00f1o ha convocado 132 ayudas a la Ense\u00f1anza y Transporte Universitario para el curso 2022-2023. El plazo de presentaci\u00f3n de instancias\" \/>\n\t\t<meta name=\"twitter:creator\" content=\"@nbasturias\" \/>\n\t\t<meta name=\"twitter:image\" content=\"https:\/\/candas365.es\/noticias\/wp-content\/uploads\/2022\/09\/Ayuntamiento-Carreno.jpg\" \/>\n\t\t<meta name=\"twitter:label1\" content=\"Escrito por\" \/>\n\t\t<meta name=\"twitter:data1\" content=\"Cand\u00e1s 365\" \/>\n\t\t<meta name=\"twitter:label2\" content=\"Tiempo de lectura estimado\" \/>\n\t\t<meta name=\"twitter:data2\" content=\"3 minutos\" \/>\n\t\t<script type=\"application\/ld+json\" class=\"aioseo-schema\">\n\t\t\t{\"@context\":\"https:\\\/\\\/schema.org\",\"@graph\":[{\"@type\":\"BreadcrumbList\",\"@id\":\"https:\\\/\\\/candas365.es\\\/noticias\\\/ayudas-en-carreno-a-la-ensenanza-y-transporte-universitario-para-el-curso-2022-2023\\\/#breadcrumblist\",\"itemListElement\":[{\"@type\":\"ListItem\",\"@id\":\"https:\\\/\\\/candas365.es\\\/noticias#listItem\",\"position\":1,\"name\":\"Home\",\"item\":\"https:\\\/\\\/candas365.es\\\/noticias\",\"nextItem\":{\"@type\":\"ListItem\",\"@id\":\"https:\\\/\\\/candas365.es\\\/noticias\\\/category\\\/noticias-carreno\\\/#listItem\",\"name\":\"Noticias Carre\\u00f1o\"}},{\"@type\":\"ListItem\",\"@id\":\"https:\\\/\\\/candas365.es\\\/noticias\\\/category\\\/noticias-carreno\\\/#listItem\",\"position\":2,\"name\":\"Noticias Carre\\u00f1o\",\"item\":\"https:\\\/\\\/candas365.es\\\/noticias\\\/category\\\/noticias-carreno\\\/\",\"nextItem\":{\"@type\":\"ListItem\",\"@id\":\"https:\\\/\\\/candas365.es\\\/noticias\\\/ayudas-en-carreno-a-la-ensenanza-y-transporte-universitario-para-el-curso-2022-2023\\\/#listItem\",\"name\":\"Ayudas en Carre\\u00f1o a la Ense\\u00f1anza y Transporte Universitario para el curso 2022-2023\"},\"previousItem\":{\"@type\":\"ListItem\",\"@id\":\"https:\\\/\\\/candas365.es\\\/noticias#listItem\",\"name\":\"Home\"}},{\"@type\":\"ListItem\",\"@id\":\"https:\\\/\\\/candas365.es\\\/noticias\\\/ayudas-en-carreno-a-la-ensenanza-y-transporte-universitario-para-el-curso-2022-2023\\\/#listItem\",\"position\":3,\"name\":\"Ayudas en Carre\\u00f1o a la Ense\\u00f1anza y Transporte Universitario para el curso 2022-2023\",\"previousItem\":{\"@type\":\"ListItem\",\"@id\":\"https:\\\/\\\/candas365.es\\\/noticias\\\/category\\\/noticias-carreno\\\/#listItem\",\"name\":\"Noticias Carre\\u00f1o\"}}]},{\"@type\":\"NewsArticle\",\"@id\":\"https:\\\/\\\/candas365.es\\\/noticias\\\/ayudas-en-carreno-a-la-ensenanza-y-transporte-universitario-para-el-curso-2022-2023\\\/#newsarticle\",\"name\":\"Ayudas en Carre\\u00f1o a la Ense\\u00f1anza y Transporte Universitario para el curso 2022-2023 | Cand\\u00e1s 365\",\"headline\":\"Ayudas en Carre\\u00f1o a la Ense\\u00f1anza y Transporte Universitario para el curso 2022-2023\",\"author\":{\"@id\":\"https:\\\/\\\/candas365.es\\\/noticias\\\/author\\\/admin\\\/#author\"},\"publisher\":{\"@id\":\"https:\\\/\\\/candas365.es\\\/noticias\\\/#organization\"},\"image\":{\"@type\":\"ImageObject\",\"url\":\"https:\\\/\\\/candas365.es\\\/noticias\\\/wp-content\\\/uploads\\\/2022\\\/09\\\/Ayuntamiento-Carreno.jpg\",\"width\":1066,\"height\":518,\"caption\":\"Foto: Cand\\u00e1s 365\"},\"datePublished\":\"2022-09-12T18:17:26+02:00\",\"dateModified\":\"2022-09-12T18:17:26+02:00\",\"inLanguage\":\"es-ES\",\"mainEntityOfPage\":{\"@id\":\"https:\\\/\\\/candas365.es\\\/noticias\\\/ayudas-en-carreno-a-la-ensenanza-y-transporte-universitario-para-el-curso-2022-2023\\\/#webpage\"},\"isPartOf\":{\"@id\":\"https:\\\/\\\/candas365.es\\\/noticias\\\/ayudas-en-carreno-a-la-ensenanza-y-transporte-universitario-para-el-curso-2022-2023\\\/#webpage\"},\"articleSection\":\"Noticias Carre\\u00f1o, Cand\\u00e1s, Carre\\u00f1o, educaci\\u00f3n\",\"dateline\":\"Publicado el septiembre 12, 2022.\"},{\"@type\":\"Organization\",\"@id\":\"https:\\\/\\\/candas365.es\\\/noticias\\\/#organization\",\"name\":\"Cand\\u00e1s 365\",\"description\":\"Cand\\u00e1s 365 es un diario digital independiente, fundado en 2012, con base en Asturias. Informamos con rigor sobre actualidad, sociedad, cultura y ocio, con una mirada local y global.\",\"url\":\"https:\\\/\\\/candas365.es\\\/noticias\\\/\",\"email\":\"info@candas365.es\",\"telephone\":\"+34652131393\",\"foundingDate\":\"2012-06-10\",\"logo\":{\"@type\":\"ImageObject\",\"url\":\"https:\\\/\\\/candas365.es\\\/noticias\\\/wp-content\\\/uploads\\\/2024\\\/09\\\/Candas-365-Redes.jpg\",\"@id\":\"https:\\\/\\\/candas365.es\\\/noticias\\\/ayudas-en-carreno-a-la-ensenanza-y-transporte-universitario-para-el-curso-2022-2023\\\/#organizationLogo\",\"width\":1152,\"height\":864,\"caption\":\"Cand\\u00e1s 365 Redes\"},\"image\":{\"@id\":\"https:\\\/\\\/candas365.es\\\/noticias\\\/ayudas-en-carreno-a-la-ensenanza-y-transporte-universitario-para-el-curso-2022-2023\\\/#organizationLogo\"},\"sameAs\":[\"https:\\\/\\\/www.facebook.com\\\/Nachofdezber\",\"https:\\\/\\\/x.com\\\/NabercoDigital\",\"https:\\\/\\\/www.instagram.com\\\/nachofdezber\\\/\",\"https:\\\/\\\/www.youtube.com\\\/channel\\\/UCZP-2wLEB9Rv6erhFmqVnvg\"],\"address\":{\"@id\":\"https:\\\/\\\/candas365.es\\\/noticias\\\/#postaladdress\",\"@type\":\"PostalAddress\",\"streetAddress\":\"san antonio 4, san antonio 4\",\"postalCode\":\"33430\",\"addressLocality\":\"Cand\\u00e1s\",\"addressRegion\":\"Asturias\",\"addressCountry\":\"ES\"}},{\"@type\":\"Person\",\"@id\":\"https:\\\/\\\/candas365.es\\\/noticias\\\/author\\\/admin\\\/#author\",\"url\":\"https:\\\/\\\/candas365.es\\\/noticias\\\/author\\\/admin\\\/\",\"name\":\"Cand\\u00e1s 365\",\"image\":{\"@type\":\"ImageObject\",\"@id\":\"https:\\\/\\\/candas365.es\\\/noticias\\\/ayudas-en-carreno-a-la-ensenanza-y-transporte-universitario-para-el-curso-2022-2023\\\/#authorImage\",\"url\":\"https:\\\/\\\/secure.gravatar.com\\\/avatar\\\/496a8e03d0c493ede1718b7934145dbdf8d89be1036b0eec9544e1094c9de390?s=96&d=mm&r=g\",\"width\":96,\"height\":96,\"caption\":\"Cand\\u00e1s 365\"},\"sameAs\":[\"https:\\\/\\\/www.facebook.com\\\/carrenoactualidad\",\"https:\\\/\\\/twitter.com\\\/nbasturias\",\"https:\\\/\\\/www.instagram.com\\\/nachofdezber\\\/\",\"https:\\\/\\\/www.youtube.com\\\/channel\\\/UCZP-2wLEB9Rv6erhFmqVnvg\"]},{\"@type\":\"WebPage\",\"@id\":\"https:\\\/\\\/candas365.es\\\/noticias\\\/ayudas-en-carreno-a-la-ensenanza-y-transporte-universitario-para-el-curso-2022-2023\\\/#webpage\",\"url\":\"https:\\\/\\\/candas365.es\\\/noticias\\\/ayudas-en-carreno-a-la-ensenanza-y-transporte-universitario-para-el-curso-2022-2023\\\/\",\"name\":\"Ayudas en Carre\\u00f1o a la Ense\\u00f1anza y Transporte Universitario para el curso 2022-2023 | Cand\\u00e1s 365\",\"description\":\"El Ayuntamiento de Carre\\u00f1o ha convocado 132 ayudas a la Ense\\u00f1anza y Transporte Universitario para el curso 2022-2023. El plazo de presentaci\\u00f3n de instancias\",\"inLanguage\":\"es-ES\",\"isPartOf\":{\"@id\":\"https:\\\/\\\/candas365.es\\\/noticias\\\/#website\"},\"breadcrumb\":{\"@id\":\"https:\\\/\\\/candas365.es\\\/noticias\\\/ayudas-en-carreno-a-la-ensenanza-y-transporte-universitario-para-el-curso-2022-2023\\\/#breadcrumblist\"},\"author\":{\"@id\":\"https:\\\/\\\/candas365.es\\\/noticias\\\/author\\\/admin\\\/#author\"},\"creator\":{\"@id\":\"https:\\\/\\\/candas365.es\\\/noticias\\\/author\\\/admin\\\/#author\"},\"image\":{\"@type\":\"ImageObject\",\"url\":\"https:\\\/\\\/candas365.es\\\/noticias\\\/wp-content\\\/uploads\\\/2022\\\/09\\\/Ayuntamiento-Carreno.jpg\",\"@id\":\"https:\\\/\\\/candas365.es\\\/noticias\\\/ayudas-en-carreno-a-la-ensenanza-y-transporte-universitario-para-el-curso-2022-2023\\\/#mainImage\",\"width\":1066,\"height\":518,\"caption\":\"Foto: Cand\\u00e1s 365\"},\"primaryImageOfPage\":{\"@id\":\"https:\\\/\\\/candas365.es\\\/noticias\\\/ayudas-en-carreno-a-la-ensenanza-y-transporte-universitario-para-el-curso-2022-2023\\\/#mainImage\"},\"datePublished\":\"2022-09-12T18:17:26+02:00\",\"dateModified\":\"2022-09-12T18:17:26+02:00\"},{\"@type\":\"WebSite\",\"@id\":\"https:\\\/\\\/candas365.es\\\/noticias\\\/#website\",\"url\":\"https:\\\/\\\/candas365.es\\\/noticias\\\/\",\"name\":\"Cand\\u00e1s 365\",\"alternateName\":\"Cand\\u00e1s 365 Noticias\",\"description\":\"Actualidad desde Carre\\u00f1o para el mundo\",\"inLanguage\":\"es-ES\",\"publisher\":{\"@id\":\"https:\\\/\\\/candas365.es\\\/noticias\\\/#organization\"}}]}\n\t\t<\/script>\n\t\t<!-- All in One SEO Pro -->\r\n\t\t<title>Ayudas en Carre\u00f1o a la Ense\u00f1anza y Transporte Universitario para el curso 2022-2023 | Cand\u00e1s 365<\/title>\n\n","aioseo_head_json":{"title":"Ayudas en Carre\u00f1o a la Ense\u00f1anza y Transporte Universitario para el curso 2022-2023 | Cand\u00e1s 365","description":"El Ayuntamiento de Carre\u00f1o ha convocado 132 ayudas a la Ense\u00f1anza y Transporte Universitario para el curso 2022-2023. El plazo de presentaci\u00f3n de instancias","canonical_url":"https:\/\/candas365.es\/noticias\/ayudas-en-carreno-a-la-ensenanza-y-transporte-universitario-para-el-curso-2022-2023\/","robots":"max-image-preview:large","keywords":"noticias carre\u00f1o","webmasterTools":{"google-site-verification":"UA-32230408-1","msvalidate.01":"354F3CDFB2DA171B47FBE9ABF1F88D5","miscellaneous":""},"schema":{"@context":"https:\/\/schema.org","@graph":[{"@type":"BreadcrumbList","@id":"https:\/\/candas365.es\/noticias\/ayudas-en-carreno-a-la-ensenanza-y-transporte-universitario-para-el-curso-2022-2023\/#breadcrumblist","itemListElement":[{"@type":"ListItem","@id":"https:\/\/candas365.es\/noticias#listItem","position":1,"name":"Home","item":"https:\/\/candas365.es\/noticias","nextItem":{"@type":"ListItem","@id":"https:\/\/candas365.es\/noticias\/category\/noticias-carreno\/#listItem","name":"Noticias Carre\u00f1o"}},{"@type":"ListItem","@id":"https:\/\/candas365.es\/noticias\/category\/noticias-carreno\/#listItem","position":2,"name":"Noticias Carre\u00f1o","item":"https:\/\/candas365.es\/noticias\/category\/noticias-carreno\/","nextItem":{"@type":"ListItem","@id":"https:\/\/candas365.es\/noticias\/ayudas-en-carreno-a-la-ensenanza-y-transporte-universitario-para-el-curso-2022-2023\/#listItem","name":"Ayudas en Carre\u00f1o a la Ense\u00f1anza y Transporte Universitario para el curso 2022-2023"},"previousItem":{"@type":"ListItem","@id":"https:\/\/candas365.es\/noticias#listItem","name":"Home"}},{"@type":"ListItem","@id":"https:\/\/candas365.es\/noticias\/ayudas-en-carreno-a-la-ensenanza-y-transporte-universitario-para-el-curso-2022-2023\/#listItem","position":3,"name":"Ayudas en Carre\u00f1o a la Ense\u00f1anza y Transporte Universitario para el curso 2022-2023","previousItem":{"@type":"ListItem","@id":"https:\/\/candas365.es\/noticias\/category\/noticias-carreno\/#listItem","name":"Noticias Carre\u00f1o"}}]},{"@type":"NewsArticle","@id":"https:\/\/candas365.es\/noticias\/ayudas-en-carreno-a-la-ensenanza-y-transporte-universitario-para-el-curso-2022-2023\/#newsarticle","name":"Ayudas en Carre\u00f1o a la Ense\u00f1anza y Transporte Universitario para el curso 2022-2023 | Cand\u00e1s 365","headline":"Ayudas en Carre\u00f1o a la Ense\u00f1anza y Transporte Universitario para el curso 2022-2023","author":{"@id":"https:\/\/candas365.es\/noticias\/author\/admin\/#author"},"publisher":{"@id":"https:\/\/candas365.es\/noticias\/#organization"},"image":{"@type":"ImageObject","url":"https:\/\/candas365.es\/noticias\/wp-content\/uploads\/2022\/09\/Ayuntamiento-Carreno.jpg","width":1066,"height":518,"caption":"Foto: Cand\u00e1s 365"},"datePublished":"2022-09-12T18:17:26+02:00","dateModified":"2022-09-12T18:17:26+02:00","inLanguage":"es-ES","mainEntityOfPage":{"@id":"https:\/\/candas365.es\/noticias\/ayudas-en-carreno-a-la-ensenanza-y-transporte-universitario-para-el-curso-2022-2023\/#webpage"},"isPartOf":{"@id":"https:\/\/candas365.es\/noticias\/ayudas-en-carreno-a-la-ensenanza-y-transporte-universitario-para-el-curso-2022-2023\/#webpage"},"articleSection":"Noticias Carre\u00f1o, Cand\u00e1s, Carre\u00f1o, educaci\u00f3n","dateline":"Publicado el septiembre 12, 2022."},{"@type":"Organization","@id":"https:\/\/candas365.es\/noticias\/#organization","name":"Cand\u00e1s 365","description":"Cand\u00e1s 365 es un diario digital independiente, fundado en 2012, con base en Asturias. Informamos con rigor sobre actualidad, sociedad, cultura y ocio, con una mirada local y global.","url":"https:\/\/candas365.es\/noticias\/","email":"info@candas365.es","telephone":"+34652131393","foundingDate":"2012-06-10","logo":{"@type":"ImageObject","url":"https:\/\/candas365.es\/noticias\/wp-content\/uploads\/2024\/09\/Candas-365-Redes.jpg","@id":"https:\/\/candas365.es\/noticias\/ayudas-en-carreno-a-la-ensenanza-y-transporte-universitario-para-el-curso-2022-2023\/#organizationLogo","width":1152,"height":864,"caption":"Cand\u00e1s 365 Redes"},"image":{"@id":"https:\/\/candas365.es\/noticias\/ayudas-en-carreno-a-la-ensenanza-y-transporte-universitario-para-el-curso-2022-2023\/#organizationLogo"},"sameAs":["https:\/\/www.facebook.com\/Nachofdezber","https:\/\/x.com\/NabercoDigital","https:\/\/www.instagram.com\/nachofdezber\/","https:\/\/www.youtube.com\/channel\/UCZP-2wLEB9Rv6erhFmqVnvg"],"address":{"@id":"https:\/\/candas365.es\/noticias\/#postaladdress","@type":"PostalAddress","streetAddress":"san antonio 4, san antonio 4","postalCode":"33430","addressLocality":"Cand\u00e1s","addressRegion":"Asturias","addressCountry":"ES"}},{"@type":"Person","@id":"https:\/\/candas365.es\/noticias\/author\/admin\/#author","url":"https:\/\/candas365.es\/noticias\/author\/admin\/","name":"Cand\u00e1s 365","image":{"@type":"ImageObject","@id":"https:\/\/candas365.es\/noticias\/ayudas-en-carreno-a-la-ensenanza-y-transporte-universitario-para-el-curso-2022-2023\/#authorImage","url":"https:\/\/secure.gravatar.com\/avatar\/496a8e03d0c493ede1718b7934145dbdf8d89be1036b0eec9544e1094c9de390?s=96&d=mm&r=g","width":96,"height":96,"caption":"Cand\u00e1s 365"},"sameAs":["https:\/\/www.facebook.com\/carrenoactualidad","https:\/\/twitter.com\/nbasturias","https:\/\/www.instagram.com\/nachofdezber\/","https:\/\/www.youtube.com\/channel\/UCZP-2wLEB9Rv6erhFmqVnvg"]},{"@type":"WebPage","@id":"https:\/\/candas365.es\/noticias\/ayudas-en-carreno-a-la-ensenanza-y-transporte-universitario-para-el-curso-2022-2023\/#webpage","url":"https:\/\/candas365.es\/noticias\/ayudas-en-carreno-a-la-ensenanza-y-transporte-universitario-para-el-curso-2022-2023\/","name":"Ayudas en Carre\u00f1o a la Ense\u00f1anza y Transporte Universitario para el curso 2022-2023 | Cand\u00e1s 365","description":"El Ayuntamiento de Carre\u00f1o ha convocado 132 ayudas a la Ense\u00f1anza y Transporte Universitario para el curso 2022-2023. El plazo de presentaci\u00f3n de instancias","inLanguage":"es-ES","isPartOf":{"@id":"https:\/\/candas365.es\/noticias\/#website"},"breadcrumb":{"@id":"https:\/\/candas365.es\/noticias\/ayudas-en-carreno-a-la-ensenanza-y-transporte-universitario-para-el-curso-2022-2023\/#breadcrumblist"},"author":{"@id":"https:\/\/candas365.es\/noticias\/author\/admin\/#author"},"creator":{"@id":"https:\/\/candas365.es\/noticias\/author\/admin\/#author"},"image":{"@type":"ImageObject","url":"https:\/\/candas365.es\/noticias\/wp-content\/uploads\/2022\/09\/Ayuntamiento-Carreno.jpg","@id":"https:\/\/candas365.es\/noticias\/ayudas-en-carreno-a-la-ensenanza-y-transporte-universitario-para-el-curso-2022-2023\/#mainImage","width":1066,"height":518,"caption":"Foto: Cand\u00e1s 365"},"primaryImageOfPage":{"@id":"https:\/\/candas365.es\/noticias\/ayudas-en-carreno-a-la-ensenanza-y-transporte-universitario-para-el-curso-2022-2023\/#mainImage"},"datePublished":"2022-09-12T18:17:26+02:00","dateModified":"2022-09-12T18:17:26+02:00"},{"@type":"WebSite","@id":"https:\/\/candas365.es\/noticias\/#website","url":"https:\/\/candas365.es\/noticias\/","name":"Cand\u00e1s 365","alternateName":"Cand\u00e1s 365 Noticias","description":"Actualidad desde Carre\u00f1o para el mundo","inLanguage":"es-ES","publisher":{"@id":"https:\/\/candas365.es\/noticias\/#organization"}}]},"og:locale":"es_ES","og:site_name":"Cand\u00e1s 365","og:type":"article","og:title":"Ayudas en Carre\u00f1o a la Ense\u00f1anza y Transporte Universitario para el curso 2022-2023 | Cand\u00e1s 365","og:description":"El Ayuntamiento de Carre\u00f1o ha convocado 132 ayudas a la Ense\u00f1anza y Transporte Universitario para el curso 2022-2023. El plazo de presentaci\u00f3n de instancias","og:url":"https:\/\/candas365.es\/noticias\/ayudas-en-carreno-a-la-ensenanza-y-transporte-universitario-para-el-curso-2022-2023\/","og:image":"https:\/\/candas365.es\/noticias\/wp-content\/uploads\/2022\/09\/Ayuntamiento-Carreno.jpg","og:image:secure_url":"https:\/\/candas365.es\/noticias\/wp-content\/uploads\/2022\/09\/Ayuntamiento-Carreno.jpg","og:image:width":1066,"og:image:height":518,"article:published_time":"2022-09-12T16:17:26+00:00","article:modified_time":"2022-09-12T16:17:26+00:00","article:publisher":"https:\/\/www.facebook.com\/Nachofdezber","article:author":"https:\/\/www.facebook.com\/carrenoactualidad","twitter:card":"summary_large_image","twitter:site":"@NabercoDigital","twitter:title":"Ayudas en Carre\u00f1o a la Ense\u00f1anza y Transporte Universitario para el curso 2022-2023 | Cand\u00e1s 365","twitter:description":"El Ayuntamiento de Carre\u00f1o ha convocado 132 ayudas a la Ense\u00f1anza y Transporte Universitario para el curso 2022-2023. El plazo de presentaci\u00f3n de instancias","twitter:creator":"@nbasturias","twitter:image":"https:\/\/candas365.es\/noticias\/wp-content\/uploads\/2022\/09\/Ayuntamiento-Carreno.jpg","twitter:label1":"Escrito por","twitter:data1":"Cand\u00e1s 365","twitter:label2":"Tiempo de lectura estimado","twitter:data2":"3 minutos"},"aioseo_meta_data":{"post_id":"166179","title":null,"description":"El Ayuntamiento de Carre\u00f1o ha convocado 132 ayudas a la Ense\u00f1anza y Transporte Universitario para el curso 2022-2023. El plazo de presentaci\u00f3n de instancias","keywords":[],"keyphrases":{"focus":{"keyphrase":"Carre\u00f1o","score":83,"analysis":{"keyphraseInTitle":{"title":"Focus keyphrase in SEO title","description":"Focus keyphrase found in SEO title.","score":9,"maxScore":9,"error":0},"keyphraseInDescription":{"title":"Focus keyphrase in meta description","description":"Focus keyphrase found in meta description.","score":9,"maxScore":9,"error":0},"keyphraseLength":{"title":"Focus keyphrase length","description":"Good job!","score":9,"maxScore":9,"error":0,"length":1},"keyphraseInURL":{"title":"Focus keyphrase in URL","description":"Focus keyphrase not found in the URL.","score":1,"maxScore":5,"error":1},"keyphraseInIntroduction":{"title":"Focus keyphrase in introduction","description":"Your Focus keyphrase appears in the first paragraph. Well done!","score":9,"maxScore":9,"error":0},"keyphraseInSubHeadings":{"title":"Focus keyphrase in Subheadings","description":"Use your focus keyphrase more in your H2 and H3 subheadings.","score":3,"maxScore":9,"error":1},"keyphraseInImageAlt":{"title":"Focus keyphrase in image alt attributes","description":"Focus keyphrase found in image alt attribute(s).","score":9,"maxScore":9,"error":0}}},"additional":[{"keyphrase":" Ense\u00f1anza","score":100,"analysis":{"keyphraseInDescription":{"title":"Keyphrase in meta description","description":"Keyphrase found in meta description.","score":9,"maxScore":9,"error":0},"keyphraseLength":{"title":"Keyphrase length","description":"Good job!","score":9,"maxScore":9,"error":0,"length":1},"keyphraseInIntroduction":{"title":"Keyphrase in introduction","description":"Your Keyphrase appears in the first paragraph. Well done!","score":9,"maxScore":9,"error":0},"keyphraseInImageAlt":{"title":"Keyphrase in image alt attributes","description":"Keyphrase found in image alt attribute(s).","score":9,"maxScore":9,"error":0}}},{"keyphrase":"Transporte Universitario ","score":83,"analysis":{"keyphraseInDescription":{"title":"Keyphrase in meta description","description":"Keyphrase found in meta description.","score":9,"maxScore":9,"error":0},"keyphraseLength":{"title":"Keyphrase length","description":"Good job!","score":9,"maxScore":9,"error":0,"length":2},"keyphraseInIntroduction":{"title":"Keyphrase in introduction","description":"Your Keyphrase appears in the first paragraph. Well done!","score":9,"maxScore":9,"error":0},"keyphraseInImageAlt":{"title":"Keyphrase in image alt attributes","description":"Keyphrase not found in image alt attribute(s). Add an image with your Keyphrase as alt text.","score":3,"maxScore":9,"error":1}}}]},"primary_term":null,"canonical_url":null,"og_title":null,"og_description":null,"og_object_type":"default","og_image_type":"default","og_image_url":null,"og_image_width":null,"og_image_height":null,"og_image_custom_url":null,"og_image_custom_fields":null,"og_video":"","og_custom_url":null,"og_article_section":null,"og_article_tags":[],"twitter_use_og":false,"twitter_card":"default","twitter_image_type":"default","twitter_image_url":null,"twitter_image_custom_url":null,"twitter_image_custom_fields":null,"twitter_title":null,"twitter_description":null,"schema":{"blockGraphs":[],"customGraphs":[],"default":{"data":{"Article":[],"Course":[],"Dataset":[],"FAQPage":[],"Movie":[],"Person":[],"Product":[],"ProductReview":[],"Car":[],"Recipe":[],"Service":[],"SoftwareApplication":[],"WebPage":[]},"graphName":"","isEnabled":true},"graphs":[]},"schema_type":"default","schema_type_options":null,"pillar_content":false,"robots_default":true,"robots_noindex":false,"robots_noarchive":false,"robots_nosnippet":false,"robots_nofollow":false,"robots_noimageindex":false,"robots_noodp":false,"robots_notranslate":false,"robots_max_snippet":"-1","robots_max_videopreview":"-1","robots_max_imagepreview":"large","priority":null,"frequency":"default","location":null,"local_seo":null,"seo_analyzer_scan_date":"2025-09-01 12:07:15","breadcrumb_settings":null,"limit_modified_date":false,"reviewed_by":null,"open_ai":null,"ai":null,"created":"2022-09-12 16:10:23","updated":"2025-09-01 12:07:15"},"aioseo_breadcrumb":"<div class=\"aioseo-breadcrumbs\"><span class=\"aioseo-breadcrumb\">\n\t<a href=\"https:\/\/candas365.es\/noticias\" title=\"Home\">Home<\/a>\n<\/span><span class=\"aioseo-breadcrumb-separator\">&ndash;<\/span><span class=\"aioseo-breadcrumb\">\n\t<a href=\"https:\/\/candas365.es\/noticias\/category\/noticias-carreno\/\" title=\"Noticias Carre\u00f1o\">Noticias Carre\u00f1o<\/a>\n<\/span><span class=\"aioseo-breadcrumb-separator\">&ndash;<\/span><span class=\"aioseo-breadcrumb\">\n\tAyudas en Carre\u00f1o a la Ense\u00f1anza y Transporte Universitario para el curso 2022-2023\n<\/span><\/div>","aioseo_breadcrumb_json":[{"label":"Home","link":"https:\/\/candas365.es\/noticias"},{"label":"Noticias Carre\u00f1o","link":"https:\/\/candas365.es\/noticias\/category\/noticias-carreno\/"},{"label":"Ayudas en Carre\u00f1o a la Ense\u00f1anza y Transporte Universitario para el curso 2022-2023","link":"https:\/\/candas365.es\/noticias\/ayudas-en-carreno-a-la-ensenanza-y-transporte-universitario-para-el-curso-2022-2023\/"}],"_links":{"self":[{"href":"https:\/\/candas365.es\/noticias\/wp-json\/wp\/v2\/posts\/166179","targetHints":{"allow":["GET"]}}],"collection":[{"href":"https:\/\/candas365.es\/noticias\/wp-json\/wp\/v2\/posts"}],"about":[{"href":"https:\/\/candas365.es\/noticias\/wp-json\/wp\/v2\/types\/post"}],"author":[{"embeddable":true,"href":"https:\/\/candas365.es\/noticias\/wp-json\/wp\/v2\/users\/1"}],"replies":[{"embeddable":true,"href":"https:\/\/candas365.es\/noticias\/wp-json\/wp\/v2\/comments?post=166179"}],"version-history":[{"count":0,"href":"https:\/\/candas365.es\/noticias\/wp-json\/wp\/v2\/posts\/166179\/revisions"}],"wp:featuredmedia":[{"embeddable":true,"href":"https:\/\/candas365.es\/noticias\/wp-json\/wp\/v2\/media\/166180"}],"wp:attachment":[{"href":"https:\/\/candas365.es\/noticias\/wp-json\/wp\/v2\/media?parent=166179"}],"wp:term":[{"taxonomy":"category","embeddable":true,"href":"https:\/\/candas365.es\/noticias\/wp-json\/wp\/v2\/categories?post=166179"},{"taxonomy":"post_tag","embeddable":true,"href":"https:\/\/candas365.es\/noticias\/wp-json\/wp\/v2\/tags?post=166179"}],"curies":[{"name":"wp","href":"https:\/\/api.w.org\/{rel}","templated":true}]}}