{"id":166163,"date":"2022-09-12T15:07:53","date_gmt":"2022-09-12T13:07:53","guid":{"rendered":"https:\/\/candas365.es\/noticias\/?p=166163"},"modified":"2022-09-12T15:07:53","modified_gmt":"2022-09-12T13:07:53","slug":"evenepoel-campeon-de-la-vuelta-2022","status":"publish","type":"post","link":"https:\/\/candas365.es\/noticias\/evenepoel-campeon-de-la-vuelta-2022\/","title":{"rendered":"Evenepoel campe\u00f3n de La Vuelta 2022"},"content":{"rendered":"<p>(EP) &#8211; El ciclista ecuatoriano <strong>Richard Carapaz<\/strong> (INEOS Grenadiers) ha conseguido su tercer triunfo de etapa en <strong>La Vuelta a Espa\u00f1a<\/strong>, donde ha conseguido llevarse la pen\u00faltima jornada, que ha recorrido 181 kil\u00f3metros entre Moralzarzal y el Puerto de Navacerrada, donde el belga <strong>Remco Evenepoel<\/strong> (Quick-Setp Alpha Vinyl) no ha sufrido y ha conseguido salir campe\u00f3n de la carrera.<\/p>\n<figure id=\"attachment_166164\" aria-describedby=\"caption-attachment-166164\" style=\"width: 650px\" class=\"wp-caption aligncenter\"><img fetchpriority=\"high\" decoding=\"async\" class=\"wp-image-166164 size-large\" src=\"https:\/\/candas365.es\/noticias\/wp-content\/uploads\/2022\/09\/Carapaz-650x433.jpg\" alt=\"Carapaz\" width=\"650\" height=\"433\" srcset=\"https:\/\/candas365.es\/noticias\/wp-content\/uploads\/2022\/09\/Carapaz-650x433.jpg 650w, https:\/\/candas365.es\/noticias\/wp-content\/uploads\/2022\/09\/Carapaz-360x240.jpg 360w, https:\/\/candas365.es\/noticias\/wp-content\/uploads\/2022\/09\/Carapaz-768x511.jpg 768w, https:\/\/candas365.es\/noticias\/wp-content\/uploads\/2022\/09\/Carapaz-150x100.jpg 150w, https:\/\/candas365.es\/noticias\/wp-content\/uploads\/2022\/09\/Carapaz-450x300.jpg 450w, https:\/\/candas365.es\/noticias\/wp-content\/uploads\/2022\/09\/Carapaz.jpg 994w\" sizes=\"(max-width: 650px) 100vw, 650px\" \/><figcaption id=\"caption-attachment-166164\" class=\"wp-caption-text\">FOTO: RAFA GOMEZ\/ UNIPUBLIC \/ SPRINTCYCLINGAGENCY \/ EP<\/figcaption><\/figure>\n<p>En un d\u00eda marcado en rojo para los favoritos de La Vuelta, Richard Carapaz ha tirado de raza para imponerse en la fuga y ser capaz de mantener a raya a los que pelean la general cuando m\u00e1s le apretaban, consiguiendo ganar tanto su tercera etapa como asegurar el maillot de la monta\u00f1a.<\/p>\n<p>Evenepoel ha sido el otro gran protagonista, resistiendo bien el \u00fanico intento de Enric Mas (Movistar Team), para convertirse en <strong>campe\u00f3n de La Vuelta 2022<\/strong>, donde ha demostrado que era el mejor, aunque el abandono de Primoz Roglic (Jumbo-Visma) ha sido decisivo a su favor. Juan Ayuso (UAE Team Emirates), consigui\u00f3 tambi\u00e9n confirmar que a los 19 a\u00f1os y, en su primera gran vuelta, va a subirse al podio convirti\u00e9ndose en el gran nombre del futuro del ciclismo espa\u00f1ol.<\/p>\n","protected":false},"excerpt":{"rendered":"<p>(EP) &#8211; El ciclista ecuatoriano Richard Carapaz (INEOS Grenadiers) ha conseguido su tercer triunfo de etapa en La Vuelta a Espa\u00f1a, donde ha conseguido llevarse la pen\u00faltima jornada, que ha recorrido 181 kil\u00f3metros entre Moralzarzal y el Puerto de Navacerrada, donde el belga Remco Evenepoel (Quick-Setp Alpha Vinyl) no ha sufrido y ha conseguido salir<\/p>\n","protected":false},"author":1,"featured_media":166164,"comment_status":"closed","ping_status":"closed","sticky":false,"template":"","format":"standard","meta":{"footnotes":""},"categories":[319],"tags":[387],"class_list":{"0":"post-166163","1":"post","2":"type-post","3":"status-publish","4":"format-standard","5":"has-post-thumbnail","7":"category-deporte","8":"tag-deporte"},"aioseo_notices":[],"aioseo_head":"\n\t\t<!-- All in One SEO Pro 4.9.6.2 - aioseo.com -->\n\t<meta name=\"description\" content=\"(EP) - El ciclista ecuatoriano Richard Carapaz (INEOS Grenadiers) ha conseguido su tercer triunfo de etapa en La Vuelta a Espa\u00f1a, donde ha conseguido\" \/>\n\t<meta name=\"robots\" content=\"max-image-preview:large\" \/>\n\t<meta name=\"author\" content=\"Cand\u00e1s 365\"\/>\n\t<meta name=\"google-site-verification\" content=\"UA-32230408-1\" \/>\n\t<meta name=\"msvalidate.01\" content=\"354F3CDFB2DA171B47FBE9ABF1F88D5\" \/>\n\t<meta name=\"keywords\" content=\"deporte\" \/>\n\t<link rel=\"canonical\" href=\"https:\/\/candas365.es\/noticias\/evenepoel-campeon-de-la-vuelta-2022\/\" \/>\n\t<meta name=\"generator\" content=\"All in One SEO Pro (AIOSEO) 4.9.6.2\" \/>\n\t\t<meta property=\"og:locale\" content=\"es_ES\" \/>\n\t\t<meta property=\"og:site_name\" content=\"Cand\u00e1s 365\" \/>\n\t\t<meta property=\"og:type\" content=\"article\" \/>\n\t\t<meta property=\"og:title\" content=\"Evenepoel campe\u00f3n de La Vuelta 2022 | Cand\u00e1s 365\" \/>\n\t\t<meta property=\"og:description\" content=\"(EP) - El ciclista ecuatoriano Richard Carapaz (INEOS Grenadiers) ha conseguido su tercer triunfo de etapa en La Vuelta a Espa\u00f1a, donde ha conseguido\" \/>\n\t\t<meta property=\"og:url\" content=\"https:\/\/candas365.es\/noticias\/evenepoel-campeon-de-la-vuelta-2022\/\" \/>\n\t\t<meta property=\"og:image\" content=\"https:\/\/candas365.es\/noticias\/wp-content\/uploads\/2022\/09\/Carapaz.jpg\" \/>\n\t\t<meta property=\"og:image:secure_url\" content=\"https:\/\/candas365.es\/noticias\/wp-content\/uploads\/2022\/09\/Carapaz.jpg\" \/>\n\t\t<meta property=\"og:image:width\" content=\"994\" \/>\n\t\t<meta property=\"og:image:height\" content=\"662\" \/>\n\t\t<meta property=\"article:published_time\" content=\"2022-09-12T13:07:53+00:00\" \/>\n\t\t<meta property=\"article:modified_time\" content=\"2022-09-12T13:07:53+00:00\" \/>\n\t\t<meta property=\"article:publisher\" content=\"https:\/\/www.facebook.com\/Nachofdezber\" \/>\n\t\t<meta property=\"article:author\" content=\"https:\/\/www.facebook.com\/carrenoactualidad\" \/>\n\t\t<meta name=\"twitter:card\" content=\"summary_large_image\" \/>\n\t\t<meta name=\"twitter:site\" content=\"@NabercoDigital\" \/>\n\t\t<meta name=\"twitter:title\" content=\"Evenepoel campe\u00f3n de La Vuelta 2022 | Cand\u00e1s 365\" \/>\n\t\t<meta name=\"twitter:description\" content=\"(EP) - El ciclista ecuatoriano Richard Carapaz (INEOS Grenadiers) ha conseguido su tercer triunfo de etapa en La Vuelta a Espa\u00f1a, donde ha conseguido\" \/>\n\t\t<meta name=\"twitter:creator\" content=\"@nbasturias\" \/>\n\t\t<meta name=\"twitter:image\" content=\"https:\/\/candas365.es\/noticias\/wp-content\/uploads\/2022\/09\/Carapaz.jpg\" \/>\n\t\t<meta name=\"twitter:label1\" content=\"Escrito por\" \/>\n\t\t<meta name=\"twitter:data1\" content=\"Cand\u00e1s 365\" \/>\n\t\t<meta name=\"twitter:label2\" content=\"Tiempo de lectura estimado\" \/>\n\t\t<meta name=\"twitter:data2\" content=\"1 minuto\" \/>\n\t\t<script type=\"application\/ld+json\" class=\"aioseo-schema\">\n\t\t\t{\"@context\":\"https:\\\/\\\/schema.org\",\"@graph\":[{\"@type\":\"BreadcrumbList\",\"@id\":\"https:\\\/\\\/candas365.es\\\/noticias\\\/evenepoel-campeon-de-la-vuelta-2022\\\/#breadcrumblist\",\"itemListElement\":[{\"@type\":\"ListItem\",\"@id\":\"https:\\\/\\\/candas365.es\\\/noticias#listItem\",\"position\":1,\"name\":\"Home\",\"item\":\"https:\\\/\\\/candas365.es\\\/noticias\",\"nextItem\":{\"@type\":\"ListItem\",\"@id\":\"https:\\\/\\\/candas365.es\\\/noticias\\\/category\\\/deporte\\\/#listItem\",\"name\":\"Deporte\"}},{\"@type\":\"ListItem\",\"@id\":\"https:\\\/\\\/candas365.es\\\/noticias\\\/category\\\/deporte\\\/#listItem\",\"position\":2,\"name\":\"Deporte\",\"item\":\"https:\\\/\\\/candas365.es\\\/noticias\\\/category\\\/deporte\\\/\",\"nextItem\":{\"@type\":\"ListItem\",\"@id\":\"https:\\\/\\\/candas365.es\\\/noticias\\\/evenepoel-campeon-de-la-vuelta-2022\\\/#listItem\",\"name\":\"Evenepoel campe\\u00f3n de La Vuelta 2022\"},\"previousItem\":{\"@type\":\"ListItem\",\"@id\":\"https:\\\/\\\/candas365.es\\\/noticias#listItem\",\"name\":\"Home\"}},{\"@type\":\"ListItem\",\"@id\":\"https:\\\/\\\/candas365.es\\\/noticias\\\/evenepoel-campeon-de-la-vuelta-2022\\\/#listItem\",\"position\":3,\"name\":\"Evenepoel campe\\u00f3n de La Vuelta 2022\",\"previousItem\":{\"@type\":\"ListItem\",\"@id\":\"https:\\\/\\\/candas365.es\\\/noticias\\\/category\\\/deporte\\\/#listItem\",\"name\":\"Deporte\"}}]},{\"@type\":\"NewsArticle\",\"@id\":\"https:\\\/\\\/candas365.es\\\/noticias\\\/evenepoel-campeon-de-la-vuelta-2022\\\/#newsarticle\",\"name\":\"Evenepoel campe\\u00f3n de La Vuelta 2022 | Cand\\u00e1s 365\",\"headline\":\"Evenepoel campe\\u00f3n de La Vuelta 2022\",\"author\":{\"@id\":\"https:\\\/\\\/candas365.es\\\/noticias\\\/author\\\/admin\\\/#author\"},\"publisher\":{\"@id\":\"https:\\\/\\\/candas365.es\\\/noticias\\\/#organization\"},\"image\":{\"@type\":\"ImageObject\",\"url\":\"https:\\\/\\\/candas365.es\\\/noticias\\\/wp-content\\\/uploads\\\/2022\\\/09\\\/Carapaz.jpg\",\"width\":994,\"height\":662,\"caption\":\"FOTO: RAFA GOMEZ\\\/ UNIPUBLIC \\\/ SPRINTCYCLINGAGENCY \\\/ EP\"},\"datePublished\":\"2022-09-12T15:07:53+02:00\",\"dateModified\":\"2022-09-12T15:07:53+02:00\",\"inLanguage\":\"es-ES\",\"mainEntityOfPage\":{\"@id\":\"https:\\\/\\\/candas365.es\\\/noticias\\\/evenepoel-campeon-de-la-vuelta-2022\\\/#webpage\"},\"isPartOf\":{\"@id\":\"https:\\\/\\\/candas365.es\\\/noticias\\\/evenepoel-campeon-de-la-vuelta-2022\\\/#webpage\"},\"articleSection\":\"Deporte, deporte\",\"dateline\":\"Publicado el septiembre 12, 2022.\"},{\"@type\":\"Organization\",\"@id\":\"https:\\\/\\\/candas365.es\\\/noticias\\\/#organization\",\"name\":\"Cand\\u00e1s 365\",\"description\":\"Cand\\u00e1s 365 es un diario digital independiente, fundado en 2012, con base en Asturias. Informamos con rigor sobre actualidad, sociedad, cultura y ocio, con una mirada local y global.\",\"url\":\"https:\\\/\\\/candas365.es\\\/noticias\\\/\",\"email\":\"info@candas365.es\",\"telephone\":\"+34652131393\",\"foundingDate\":\"2012-06-10\",\"logo\":{\"@type\":\"ImageObject\",\"url\":\"https:\\\/\\\/candas365.es\\\/noticias\\\/wp-content\\\/uploads\\\/2024\\\/09\\\/Candas-365-Redes.jpg\",\"@id\":\"https:\\\/\\\/candas365.es\\\/noticias\\\/evenepoel-campeon-de-la-vuelta-2022\\\/#organizationLogo\",\"width\":1152,\"height\":864,\"caption\":\"Cand\\u00e1s 365 Redes\"},\"image\":{\"@id\":\"https:\\\/\\\/candas365.es\\\/noticias\\\/evenepoel-campeon-de-la-vuelta-2022\\\/#organizationLogo\"},\"sameAs\":[\"https:\\\/\\\/www.facebook.com\\\/Nachofdezber\",\"https:\\\/\\\/x.com\\\/NabercoDigital\",\"https:\\\/\\\/www.instagram.com\\\/nachofdezber\\\/\",\"https:\\\/\\\/www.youtube.com\\\/channel\\\/UCZP-2wLEB9Rv6erhFmqVnvg\"],\"address\":{\"@id\":\"https:\\\/\\\/candas365.es\\\/noticias\\\/#postaladdress\",\"@type\":\"PostalAddress\",\"streetAddress\":\"san antonio 4, san antonio 4\",\"postalCode\":\"33430\",\"addressLocality\":\"Cand\\u00e1s\",\"addressRegion\":\"Asturias\",\"addressCountry\":\"ES\"}},{\"@type\":\"Person\",\"@id\":\"https:\\\/\\\/candas365.es\\\/noticias\\\/author\\\/admin\\\/#author\",\"url\":\"https:\\\/\\\/candas365.es\\\/noticias\\\/author\\\/admin\\\/\",\"name\":\"Cand\\u00e1s 365\",\"image\":{\"@type\":\"ImageObject\",\"@id\":\"https:\\\/\\\/candas365.es\\\/noticias\\\/evenepoel-campeon-de-la-vuelta-2022\\\/#authorImage\",\"url\":\"https:\\\/\\\/secure.gravatar.com\\\/avatar\\\/496a8e03d0c493ede1718b7934145dbdf8d89be1036b0eec9544e1094c9de390?s=96&d=mm&r=g\",\"width\":96,\"height\":96,\"caption\":\"Cand\\u00e1s 365\"},\"sameAs\":[\"https:\\\/\\\/www.facebook.com\\\/carrenoactualidad\",\"https:\\\/\\\/twitter.com\\\/nbasturias\",\"https:\\\/\\\/www.instagram.com\\\/nachofdezber\\\/\",\"https:\\\/\\\/www.youtube.com\\\/channel\\\/UCZP-2wLEB9Rv6erhFmqVnvg\"]},{\"@type\":\"WebPage\",\"@id\":\"https:\\\/\\\/candas365.es\\\/noticias\\\/evenepoel-campeon-de-la-vuelta-2022\\\/#webpage\",\"url\":\"https:\\\/\\\/candas365.es\\\/noticias\\\/evenepoel-campeon-de-la-vuelta-2022\\\/\",\"name\":\"Evenepoel campe\\u00f3n de La Vuelta 2022 | Cand\\u00e1s 365\",\"description\":\"(EP) - El ciclista ecuatoriano Richard Carapaz (INEOS Grenadiers) ha conseguido su tercer triunfo de etapa en La Vuelta a Espa\\u00f1a, donde ha conseguido\",\"inLanguage\":\"es-ES\",\"isPartOf\":{\"@id\":\"https:\\\/\\\/candas365.es\\\/noticias\\\/#website\"},\"breadcrumb\":{\"@id\":\"https:\\\/\\\/candas365.es\\\/noticias\\\/evenepoel-campeon-de-la-vuelta-2022\\\/#breadcrumblist\"},\"author\":{\"@id\":\"https:\\\/\\\/candas365.es\\\/noticias\\\/author\\\/admin\\\/#author\"},\"creator\":{\"@id\":\"https:\\\/\\\/candas365.es\\\/noticias\\\/author\\\/admin\\\/#author\"},\"image\":{\"@type\":\"ImageObject\",\"url\":\"https:\\\/\\\/candas365.es\\\/noticias\\\/wp-content\\\/uploads\\\/2022\\\/09\\\/Carapaz.jpg\",\"@id\":\"https:\\\/\\\/candas365.es\\\/noticias\\\/evenepoel-campeon-de-la-vuelta-2022\\\/#mainImage\",\"width\":994,\"height\":662,\"caption\":\"FOTO: RAFA GOMEZ\\\/ UNIPUBLIC \\\/ SPRINTCYCLINGAGENCY \\\/ EP\"},\"primaryImageOfPage\":{\"@id\":\"https:\\\/\\\/candas365.es\\\/noticias\\\/evenepoel-campeon-de-la-vuelta-2022\\\/#mainImage\"},\"datePublished\":\"2022-09-12T15:07:53+02:00\",\"dateModified\":\"2022-09-12T15:07:53+02:00\"},{\"@type\":\"WebSite\",\"@id\":\"https:\\\/\\\/candas365.es\\\/noticias\\\/#website\",\"url\":\"https:\\\/\\\/candas365.es\\\/noticias\\\/\",\"name\":\"Cand\\u00e1s 365\",\"alternateName\":\"Cand\\u00e1s 365 Noticias\",\"description\":\"Actualidad desde Carre\\u00f1o para el mundo\",\"inLanguage\":\"es-ES\",\"publisher\":{\"@id\":\"https:\\\/\\\/candas365.es\\\/noticias\\\/#organization\"}}]}\n\t\t<\/script>\n\t\t<!-- All in One SEO Pro -->\r\n\t\t<title>Evenepoel campe\u00f3n de La Vuelta 2022 | Cand\u00e1s 365<\/title>\n\n","aioseo_head_json":{"title":"Evenepoel campe\u00f3n de La Vuelta 2022 | Cand\u00e1s 365","description":"(EP) - El ciclista ecuatoriano Richard Carapaz (INEOS Grenadiers) ha conseguido su tercer triunfo de etapa en La Vuelta a Espa\u00f1a, donde ha conseguido","canonical_url":"https:\/\/candas365.es\/noticias\/evenepoel-campeon-de-la-vuelta-2022\/","robots":"max-image-preview:large","keywords":"deporte","webmasterTools":{"google-site-verification":"UA-32230408-1","msvalidate.01":"354F3CDFB2DA171B47FBE9ABF1F88D5","miscellaneous":""},"schema":{"@context":"https:\/\/schema.org","@graph":[{"@type":"BreadcrumbList","@id":"https:\/\/candas365.es\/noticias\/evenepoel-campeon-de-la-vuelta-2022\/#breadcrumblist","itemListElement":[{"@type":"ListItem","@id":"https:\/\/candas365.es\/noticias#listItem","position":1,"name":"Home","item":"https:\/\/candas365.es\/noticias","nextItem":{"@type":"ListItem","@id":"https:\/\/candas365.es\/noticias\/category\/deporte\/#listItem","name":"Deporte"}},{"@type":"ListItem","@id":"https:\/\/candas365.es\/noticias\/category\/deporte\/#listItem","position":2,"name":"Deporte","item":"https:\/\/candas365.es\/noticias\/category\/deporte\/","nextItem":{"@type":"ListItem","@id":"https:\/\/candas365.es\/noticias\/evenepoel-campeon-de-la-vuelta-2022\/#listItem","name":"Evenepoel campe\u00f3n de La Vuelta 2022"},"previousItem":{"@type":"ListItem","@id":"https:\/\/candas365.es\/noticias#listItem","name":"Home"}},{"@type":"ListItem","@id":"https:\/\/candas365.es\/noticias\/evenepoel-campeon-de-la-vuelta-2022\/#listItem","position":3,"name":"Evenepoel campe\u00f3n de La Vuelta 2022","previousItem":{"@type":"ListItem","@id":"https:\/\/candas365.es\/noticias\/category\/deporte\/#listItem","name":"Deporte"}}]},{"@type":"NewsArticle","@id":"https:\/\/candas365.es\/noticias\/evenepoel-campeon-de-la-vuelta-2022\/#newsarticle","name":"Evenepoel campe\u00f3n de La Vuelta 2022 | Cand\u00e1s 365","headline":"Evenepoel campe\u00f3n de La Vuelta 2022","author":{"@id":"https:\/\/candas365.es\/noticias\/author\/admin\/#author"},"publisher":{"@id":"https:\/\/candas365.es\/noticias\/#organization"},"image":{"@type":"ImageObject","url":"https:\/\/candas365.es\/noticias\/wp-content\/uploads\/2022\/09\/Carapaz.jpg","width":994,"height":662,"caption":"FOTO: RAFA GOMEZ\/ UNIPUBLIC \/ SPRINTCYCLINGAGENCY \/ EP"},"datePublished":"2022-09-12T15:07:53+02:00","dateModified":"2022-09-12T15:07:53+02:00","inLanguage":"es-ES","mainEntityOfPage":{"@id":"https:\/\/candas365.es\/noticias\/evenepoel-campeon-de-la-vuelta-2022\/#webpage"},"isPartOf":{"@id":"https:\/\/candas365.es\/noticias\/evenepoel-campeon-de-la-vuelta-2022\/#webpage"},"articleSection":"Deporte, deporte","dateline":"Publicado el septiembre 12, 2022."},{"@type":"Organization","@id":"https:\/\/candas365.es\/noticias\/#organization","name":"Cand\u00e1s 365","description":"Cand\u00e1s 365 es un diario digital independiente, fundado en 2012, con base en Asturias. Informamos con rigor sobre actualidad, sociedad, cultura y ocio, con una mirada local y global.","url":"https:\/\/candas365.es\/noticias\/","email":"info@candas365.es","telephone":"+34652131393","foundingDate":"2012-06-10","logo":{"@type":"ImageObject","url":"https:\/\/candas365.es\/noticias\/wp-content\/uploads\/2024\/09\/Candas-365-Redes.jpg","@id":"https:\/\/candas365.es\/noticias\/evenepoel-campeon-de-la-vuelta-2022\/#organizationLogo","width":1152,"height":864,"caption":"Cand\u00e1s 365 Redes"},"image":{"@id":"https:\/\/candas365.es\/noticias\/evenepoel-campeon-de-la-vuelta-2022\/#organizationLogo"},"sameAs":["https:\/\/www.facebook.com\/Nachofdezber","https:\/\/x.com\/NabercoDigital","https:\/\/www.instagram.com\/nachofdezber\/","https:\/\/www.youtube.com\/channel\/UCZP-2wLEB9Rv6erhFmqVnvg"],"address":{"@id":"https:\/\/candas365.es\/noticias\/#postaladdress","@type":"PostalAddress","streetAddress":"san antonio 4, san antonio 4","postalCode":"33430","addressLocality":"Cand\u00e1s","addressRegion":"Asturias","addressCountry":"ES"}},{"@type":"Person","@id":"https:\/\/candas365.es\/noticias\/author\/admin\/#author","url":"https:\/\/candas365.es\/noticias\/author\/admin\/","name":"Cand\u00e1s 365","image":{"@type":"ImageObject","@id":"https:\/\/candas365.es\/noticias\/evenepoel-campeon-de-la-vuelta-2022\/#authorImage","url":"https:\/\/secure.gravatar.com\/avatar\/496a8e03d0c493ede1718b7934145dbdf8d89be1036b0eec9544e1094c9de390?s=96&d=mm&r=g","width":96,"height":96,"caption":"Cand\u00e1s 365"},"sameAs":["https:\/\/www.facebook.com\/carrenoactualidad","https:\/\/twitter.com\/nbasturias","https:\/\/www.instagram.com\/nachofdezber\/","https:\/\/www.youtube.com\/channel\/UCZP-2wLEB9Rv6erhFmqVnvg"]},{"@type":"WebPage","@id":"https:\/\/candas365.es\/noticias\/evenepoel-campeon-de-la-vuelta-2022\/#webpage","url":"https:\/\/candas365.es\/noticias\/evenepoel-campeon-de-la-vuelta-2022\/","name":"Evenepoel campe\u00f3n de La Vuelta 2022 | Cand\u00e1s 365","description":"(EP) - El ciclista ecuatoriano Richard Carapaz (INEOS Grenadiers) ha conseguido su tercer triunfo de etapa en La Vuelta a Espa\u00f1a, donde ha conseguido","inLanguage":"es-ES","isPartOf":{"@id":"https:\/\/candas365.es\/noticias\/#website"},"breadcrumb":{"@id":"https:\/\/candas365.es\/noticias\/evenepoel-campeon-de-la-vuelta-2022\/#breadcrumblist"},"author":{"@id":"https:\/\/candas365.es\/noticias\/author\/admin\/#author"},"creator":{"@id":"https:\/\/candas365.es\/noticias\/author\/admin\/#author"},"image":{"@type":"ImageObject","url":"https:\/\/candas365.es\/noticias\/wp-content\/uploads\/2022\/09\/Carapaz.jpg","@id":"https:\/\/candas365.es\/noticias\/evenepoel-campeon-de-la-vuelta-2022\/#mainImage","width":994,"height":662,"caption":"FOTO: RAFA GOMEZ\/ UNIPUBLIC \/ SPRINTCYCLINGAGENCY \/ EP"},"primaryImageOfPage":{"@id":"https:\/\/candas365.es\/noticias\/evenepoel-campeon-de-la-vuelta-2022\/#mainImage"},"datePublished":"2022-09-12T15:07:53+02:00","dateModified":"2022-09-12T15:07:53+02:00"},{"@type":"WebSite","@id":"https:\/\/candas365.es\/noticias\/#website","url":"https:\/\/candas365.es\/noticias\/","name":"Cand\u00e1s 365","alternateName":"Cand\u00e1s 365 Noticias","description":"Actualidad desde Carre\u00f1o para el mundo","inLanguage":"es-ES","publisher":{"@id":"https:\/\/candas365.es\/noticias\/#organization"}}]},"og:locale":"es_ES","og:site_name":"Cand\u00e1s 365","og:type":"article","og:title":"Evenepoel campe\u00f3n de La Vuelta 2022 | Cand\u00e1s 365","og:description":"(EP) - El ciclista ecuatoriano Richard Carapaz (INEOS Grenadiers) ha conseguido su tercer triunfo de etapa en La Vuelta a Espa\u00f1a, donde ha conseguido","og:url":"https:\/\/candas365.es\/noticias\/evenepoel-campeon-de-la-vuelta-2022\/","og:image":"https:\/\/candas365.es\/noticias\/wp-content\/uploads\/2022\/09\/Carapaz.jpg","og:image:secure_url":"https:\/\/candas365.es\/noticias\/wp-content\/uploads\/2022\/09\/Carapaz.jpg","og:image:width":994,"og:image:height":662,"article:published_time":"2022-09-12T13:07:53+00:00","article:modified_time":"2022-09-12T13:07:53+00:00","article:publisher":"https:\/\/www.facebook.com\/Nachofdezber","article:author":"https:\/\/www.facebook.com\/carrenoactualidad","twitter:card":"summary_large_image","twitter:site":"@NabercoDigital","twitter:title":"Evenepoel campe\u00f3n de La Vuelta 2022 | Cand\u00e1s 365","twitter:description":"(EP) - El ciclista ecuatoriano Richard Carapaz (INEOS Grenadiers) ha conseguido su tercer triunfo de etapa en La Vuelta a Espa\u00f1a, donde ha conseguido","twitter:creator":"@nbasturias","twitter:image":"https:\/\/candas365.es\/noticias\/wp-content\/uploads\/2022\/09\/Carapaz.jpg","twitter:label1":"Escrito por","twitter:data1":"Cand\u00e1s 365","twitter:label2":"Tiempo de lectura estimado","twitter:data2":"1 minuto"},"aioseo_meta_data":{"post_id":"166163","title":null,"description":"(EP) - El ciclista ecuatoriano Richard Carapaz (INEOS Grenadiers) ha conseguido su tercer triunfo de etapa en La Vuelta a Espa\u00f1a, donde ha conseguido","keywords":[],"keyphrases":{"focus":{"keyphrase":"Carapaz","score":80,"analysis":{"keyphraseInTitle":{"title":"Focus keyphrase in SEO title","description":"Focus keyphrase not found in SEO title.","score":3,"maxScore":9,"error":1},"keyphraseInDescription":{"title":"Focus keyphrase in meta description","description":"Focus keyphrase found in meta description.","score":9,"maxScore":9,"error":0},"keyphraseLength":{"title":"Focus keyphrase length","description":"Good job!","score":9,"maxScore":9,"error":0,"length":1},"keyphraseInURL":{"title":"Focus keyphrase in URL","description":"Focus keyphrase not found in the URL.","score":1,"maxScore":5,"error":1},"keyphraseInIntroduction":{"title":"Focus keyphrase in introduction","description":"Your Focus keyphrase appears in the first paragraph. Well done!","score":9,"maxScore":9,"error":0},"keyphraseInSubHeadings":[],"keyphraseInImageAlt":{"title":"Focus keyphrase in image alt attributes","description":"Focus keyphrase found in image alt attribute(s).","score":9,"maxScore":9,"error":0}}},"additional":[{"keyphrase":"La Vuelta","score":83,"analysis":{"keyphraseInDescription":{"title":"Keyphrase in meta description","description":"Keyphrase found in meta description.","score":9,"maxScore":9,"error":0},"keyphraseLength":{"title":"Keyphrase length","description":"Good job!","score":9,"maxScore":9,"error":0,"length":2},"keyphraseInIntroduction":{"title":"Keyphrase in introduction","description":"Your Keyphrase appears in the first paragraph. Well done!","score":9,"maxScore":9,"error":0},"keyphraseInImageAlt":{"title":"Keyphrase in image alt attributes","description":"Keyphrase not found in image alt attribute(s). Add an image with your Keyphrase as alt text.","score":3,"maxScore":9,"error":1}}},{"keyphrase":"Carapaz","score":100,"analysis":{"keyphraseInDescription":{"title":"Keyphrase in meta description","description":"Keyphrase found in meta description.","score":9,"maxScore":9,"error":0},"keyphraseLength":{"title":"Keyphrase length","description":"Good job!","score":9,"maxScore":9,"error":0,"length":1},"keyphraseInIntroduction":{"title":"Keyphrase in introduction","description":"Your Keyphrase appears in the first paragraph. Well done!","score":9,"maxScore":9,"error":0},"keyphraseInImageAlt":{"title":"Keyphrase in image alt attributes","description":"Keyphrase found in image alt attribute(s).","score":9,"maxScore":9,"error":0}}}]},"primary_term":null,"canonical_url":null,"og_title":null,"og_description":null,"og_object_type":"default","og_image_type":"default","og_image_url":null,"og_image_width":null,"og_image_height":null,"og_image_custom_url":null,"og_image_custom_fields":null,"og_video":"","og_custom_url":null,"og_article_section":null,"og_article_tags":[],"twitter_use_og":false,"twitter_card":"default","twitter_image_type":"default","twitter_image_url":null,"twitter_image_custom_url":null,"twitter_image_custom_fields":null,"twitter_title":null,"twitter_description":null,"schema":{"blockGraphs":[],"customGraphs":[],"default":{"data":{"Article":[],"Course":[],"Dataset":[],"FAQPage":[],"Movie":[],"Person":[],"Product":[],"ProductReview":[],"Car":[],"Recipe":[],"Service":[],"SoftwareApplication":[],"WebPage":[]},"graphName":"","isEnabled":true},"graphs":[]},"schema_type":"default","schema_type_options":null,"pillar_content":false,"robots_default":true,"robots_noindex":false,"robots_noarchive":false,"robots_nosnippet":false,"robots_nofollow":false,"robots_noimageindex":false,"robots_noodp":false,"robots_notranslate":false,"robots_max_snippet":"-1","robots_max_videopreview":"-1","robots_max_imagepreview":"large","priority":null,"frequency":"default","location":null,"local_seo":null,"seo_analyzer_scan_date":"2025-09-01 12:06:16","breadcrumb_settings":null,"limit_modified_date":false,"reviewed_by":null,"open_ai":null,"ai":null,"created":"2022-09-12 12:56:03","updated":"2025-09-01 12:06:16"},"aioseo_breadcrumb":"<div class=\"aioseo-breadcrumbs\"><span class=\"aioseo-breadcrumb\">\n\t<a href=\"https:\/\/candas365.es\/noticias\" title=\"Home\">Home<\/a>\n<\/span><span class=\"aioseo-breadcrumb-separator\">&ndash;<\/span><span class=\"aioseo-breadcrumb\">\n\t<a href=\"https:\/\/candas365.es\/noticias\/category\/deporte\/\" title=\"Deporte\">Deporte<\/a>\n<\/span><span class=\"aioseo-breadcrumb-separator\">&ndash;<\/span><span class=\"aioseo-breadcrumb\">\n\tEvenepoel campe\u00f3n de La Vuelta 2022\n<\/span><\/div>","aioseo_breadcrumb_json":[{"label":"Home","link":"https:\/\/candas365.es\/noticias"},{"label":"Deporte","link":"https:\/\/candas365.es\/noticias\/category\/deporte\/"},{"label":"Evenepoel campe\u00f3n de La Vuelta 2022","link":"https:\/\/candas365.es\/noticias\/evenepoel-campeon-de-la-vuelta-2022\/"}],"_links":{"self":[{"href":"https:\/\/candas365.es\/noticias\/wp-json\/wp\/v2\/posts\/166163","targetHints":{"allow":["GET"]}}],"collection":[{"href":"https:\/\/candas365.es\/noticias\/wp-json\/wp\/v2\/posts"}],"about":[{"href":"https:\/\/candas365.es\/noticias\/wp-json\/wp\/v2\/types\/post"}],"author":[{"embeddable":true,"href":"https:\/\/candas365.es\/noticias\/wp-json\/wp\/v2\/users\/1"}],"replies":[{"embeddable":true,"href":"https:\/\/candas365.es\/noticias\/wp-json\/wp\/v2\/comments?post=166163"}],"version-history":[{"count":0,"href":"https:\/\/candas365.es\/noticias\/wp-json\/wp\/v2\/posts\/166163\/revisions"}],"wp:featuredmedia":[{"embeddable":true,"href":"https:\/\/candas365.es\/noticias\/wp-json\/wp\/v2\/media\/166164"}],"wp:attachment":[{"href":"https:\/\/candas365.es\/noticias\/wp-json\/wp\/v2\/media?parent=166163"}],"wp:term":[{"taxonomy":"category","embeddable":true,"href":"https:\/\/candas365.es\/noticias\/wp-json\/wp\/v2\/categories?post=166163"},{"taxonomy":"post_tag","embeddable":true,"href":"https:\/\/candas365.es\/noticias\/wp-json\/wp\/v2\/tags?post=166163"}],"curies":[{"name":"wp","href":"https:\/\/api.w.org\/{rel}","templated":true}]}}