{"id":165854,"date":"2022-09-04T22:18:40","date_gmt":"2022-09-04T20:18:40","guid":{"rendered":"https:\/\/candas365.es\/noticias\/?p=165854"},"modified":"2022-09-04T22:18:40","modified_gmt":"2022-09-04T20:18:40","slug":"candas-cf-vs-marino-de-luanco-14-de-septiembre-2022","status":"publish","type":"post","link":"https:\/\/candas365.es\/noticias\/candas-cf-vs-marino-de-luanco-14-de-septiembre-2022\/","title":{"rendered":"Cand\u00e1s CF Vs Marino de Luanco: 14 de septiembre 2022"},"content":{"rendered":"<p>El pr\u00f3ximo mi\u00e9rcoles 14 de septiembre <strong>La Mata de Cand\u00e1s<\/strong> se vestir\u00e1 de gala para recibir al Marino de Luanco a las 18 horas con motivo del <strong>Trofeo de F\u00fatbol <a href=\"https:\/\/candas365.es\/noticias\/fiestas-del-cristo-de-candas-programa-2022\/\"><span style=\"color: #ff6600;\">Sant\u00edsimo Cristo de Cand\u00e1s\u00a0 2022<\/span><\/a><\/strong>.<\/p>\n<p><iframe title=\"#Cand\u00e1s CF Vs Marino de #Luanco: 14 de septiembre 2022\" src=\"https:\/\/www.youtube.com\/embed\/tahjmTb25uc\" width=\"650\" height=\"382\" frameborder=\"0\" allowfullscreen=\"allowfullscreen\"><span data-mce-type=\"bookmark\" style=\"display: inline-block; width: 0px; overflow: hidden; line-height: 0;\" class=\"mce_SELRES_start\">\ufeff<\/span><\/iframe><\/p>\n<p><strong>El conjunto entrenado por Pablo Hern\u00e1ndez<\/strong> <strong>debutar\u00e1<\/strong> en la Primera RFFPA Asturias, antigua Regional Preferente,<strong> el 11 de septiembre contra la SD Lenense en La Mata a las 18 horas.<\/strong><\/p>\n<p>Les recordamos que todas las personas que quieran hacer socios o socias para la presente temporada pueden pedir m\u00e1s informaci\u00f3n sobre los precios para la temporada bien en La Mata, en <a href=\"https:\/\/es-es.facebook.com\/Candascanijo\/\" target=\"_blank\" rel=\"noopener\"><strong>l<span style=\"color: #ff6600;\">as redes sociales del club<\/span><\/strong><\/a> o acudiendo al local de la entidad en Polivalente de La Baraga\u00f1a.<\/p>\n","protected":false},"excerpt":{"rendered":"<p>El pr\u00f3ximo mi\u00e9rcoles 14 de septiembre La Mata de Cand\u00e1s se vestir\u00e1 de gala para recibir al Marino de Luanco a las 18 horas con motivo del Trofeo de F\u00fatbol Sant\u00edsimo Cristo de Cand\u00e1s\u00a0 2022. \ufeff El conjunto entrenado por Pablo Hern\u00e1ndez debutar\u00e1 en la Primera RFFPA Asturias, antigua Regional Preferente, el 11 de septiembre<\/p>\n","protected":false},"author":1,"featured_media":165537,"comment_status":"closed","ping_status":"closed","sticky":false,"template":"","format":"standard","meta":{"footnotes":""},"categories":[319],"tags":[366,389],"class_list":{"0":"post-165854","1":"post","2":"type-post","3":"status-publish","4":"format-standard","5":"has-post-thumbnail","7":"category-deporte","8":"tag-candas","9":"tag-futbol"},"aioseo_notices":[],"aioseo_head":"\n\t\t<!-- All in One SEO Pro 4.9.6.2 - aioseo.com -->\n\t<meta name=\"description\" content=\"El pr\u00f3ximo mi\u00e9rcoles 14 de septiembre La Mata de Cand\u00e1s se vestir\u00e1 de gala para recibir al Marino de Luanco a las 18 horas con motivo del Trofeo de F\u00fatbol\" \/>\n\t<meta name=\"robots\" content=\"max-image-preview:large\" \/>\n\t<meta name=\"author\" content=\"Cand\u00e1s 365\"\/>\n\t<meta name=\"google-site-verification\" content=\"UA-32230408-1\" \/>\n\t<meta name=\"msvalidate.01\" content=\"354F3CDFB2DA171B47FBE9ABF1F88D5\" \/>\n\t<meta name=\"keywords\" content=\"deporte\" \/>\n\t<link rel=\"canonical\" href=\"https:\/\/candas365.es\/noticias\/candas-cf-vs-marino-de-luanco-14-de-septiembre-2022\/\" \/>\n\t<meta name=\"generator\" content=\"All in One SEO Pro (AIOSEO) 4.9.6.2\" \/>\n\t\t<meta property=\"og:locale\" content=\"es_ES\" \/>\n\t\t<meta property=\"og:site_name\" content=\"Cand\u00e1s 365\" \/>\n\t\t<meta property=\"og:type\" content=\"article\" \/>\n\t\t<meta property=\"og:title\" content=\"Cand\u00e1s CF Vs Marino de Luanco: 14 de septiembre 2022 | Cand\u00e1s 365\" \/>\n\t\t<meta property=\"og:description\" content=\"El pr\u00f3ximo mi\u00e9rcoles 14 de septiembre La Mata de Cand\u00e1s se vestir\u00e1 de gala para recibir al Marino de Luanco a las 18 horas con motivo del Trofeo de F\u00fatbol\" \/>\n\t\t<meta property=\"og:url\" content=\"https:\/\/candas365.es\/noticias\/candas-cf-vs-marino-de-luanco-14-de-septiembre-2022\/\" \/>\n\t\t<meta property=\"og:image\" content=\"https:\/\/candas365.es\/noticias\/wp-content\/uploads\/2022\/08\/Candas-CF-1.jpg\" \/>\n\t\t<meta property=\"og:image:secure_url\" content=\"https:\/\/candas365.es\/noticias\/wp-content\/uploads\/2022\/08\/Candas-CF-1.jpg\" \/>\n\t\t<meta property=\"og:image:width\" content=\"1125\" \/>\n\t\t<meta property=\"og:image:height\" content=\"519\" \/>\n\t\t<meta property=\"article:published_time\" content=\"2022-09-04T20:18:40+00:00\" \/>\n\t\t<meta property=\"article:modified_time\" content=\"2022-09-04T20:18:40+00:00\" \/>\n\t\t<meta property=\"article:publisher\" content=\"https:\/\/www.facebook.com\/Nachofdezber\" \/>\n\t\t<meta property=\"article:author\" content=\"https:\/\/www.facebook.com\/carrenoactualidad\" \/>\n\t\t<meta name=\"twitter:card\" content=\"summary_large_image\" \/>\n\t\t<meta name=\"twitter:site\" content=\"@NabercoDigital\" \/>\n\t\t<meta name=\"twitter:title\" content=\"Cand\u00e1s CF Vs Marino de Luanco: 14 de septiembre 2022 | Cand\u00e1s 365\" \/>\n\t\t<meta name=\"twitter:description\" content=\"El pr\u00f3ximo mi\u00e9rcoles 14 de septiembre La Mata de Cand\u00e1s se vestir\u00e1 de gala para recibir al Marino de Luanco a las 18 horas con motivo del Trofeo de F\u00fatbol\" \/>\n\t\t<meta name=\"twitter:creator\" content=\"@nbasturias\" \/>\n\t\t<meta name=\"twitter:image\" content=\"https:\/\/candas365.es\/noticias\/wp-content\/uploads\/2022\/08\/Candas-CF-1.jpg\" \/>\n\t\t<meta name=\"twitter:label1\" content=\"Escrito por\" \/>\n\t\t<meta name=\"twitter:data1\" content=\"Cand\u00e1s 365\" \/>\n\t\t<meta name=\"twitter:label2\" content=\"Tiempo de lectura estimado\" \/>\n\t\t<meta name=\"twitter:data2\" content=\"1 minuto\" \/>\n\t\t<script type=\"application\/ld+json\" class=\"aioseo-schema\">\n\t\t\t{\"@context\":\"https:\\\/\\\/schema.org\",\"@graph\":[{\"@type\":\"BreadcrumbList\",\"@id\":\"https:\\\/\\\/candas365.es\\\/noticias\\\/candas-cf-vs-marino-de-luanco-14-de-septiembre-2022\\\/#breadcrumblist\",\"itemListElement\":[{\"@type\":\"ListItem\",\"@id\":\"https:\\\/\\\/candas365.es\\\/noticias#listItem\",\"position\":1,\"name\":\"Home\",\"item\":\"https:\\\/\\\/candas365.es\\\/noticias\",\"nextItem\":{\"@type\":\"ListItem\",\"@id\":\"https:\\\/\\\/candas365.es\\\/noticias\\\/category\\\/deporte\\\/#listItem\",\"name\":\"Deporte\"}},{\"@type\":\"ListItem\",\"@id\":\"https:\\\/\\\/candas365.es\\\/noticias\\\/category\\\/deporte\\\/#listItem\",\"position\":2,\"name\":\"Deporte\",\"item\":\"https:\\\/\\\/candas365.es\\\/noticias\\\/category\\\/deporte\\\/\",\"nextItem\":{\"@type\":\"ListItem\",\"@id\":\"https:\\\/\\\/candas365.es\\\/noticias\\\/candas-cf-vs-marino-de-luanco-14-de-septiembre-2022\\\/#listItem\",\"name\":\"Cand\\u00e1s CF Vs Marino de Luanco: 14 de septiembre 2022\"},\"previousItem\":{\"@type\":\"ListItem\",\"@id\":\"https:\\\/\\\/candas365.es\\\/noticias#listItem\",\"name\":\"Home\"}},{\"@type\":\"ListItem\",\"@id\":\"https:\\\/\\\/candas365.es\\\/noticias\\\/candas-cf-vs-marino-de-luanco-14-de-septiembre-2022\\\/#listItem\",\"position\":3,\"name\":\"Cand\\u00e1s CF Vs Marino de Luanco: 14 de septiembre 2022\",\"previousItem\":{\"@type\":\"ListItem\",\"@id\":\"https:\\\/\\\/candas365.es\\\/noticias\\\/category\\\/deporte\\\/#listItem\",\"name\":\"Deporte\"}}]},{\"@type\":\"NewsArticle\",\"@id\":\"https:\\\/\\\/candas365.es\\\/noticias\\\/candas-cf-vs-marino-de-luanco-14-de-septiembre-2022\\\/#newsarticle\",\"name\":\"Cand\\u00e1s CF Vs Marino de Luanco: 14 de septiembre 2022 | Cand\\u00e1s 365\",\"headline\":\"Cand\\u00e1s CF Vs Marino de Luanco: 14 de septiembre 2022\",\"author\":{\"@id\":\"https:\\\/\\\/candas365.es\\\/noticias\\\/author\\\/admin\\\/#author\"},\"publisher\":{\"@id\":\"https:\\\/\\\/candas365.es\\\/noticias\\\/#organization\"},\"image\":{\"@type\":\"ImageObject\",\"url\":\"https:\\\/\\\/candas365.es\\\/noticias\\\/wp-content\\\/uploads\\\/2022\\\/08\\\/Candas-CF-1.jpg\",\"width\":1125,\"height\":519,\"caption\":\"La Mata Foto: N.Berm\\u00fadez\"},\"datePublished\":\"2022-09-04T22:18:40+02:00\",\"dateModified\":\"2022-09-04T22:18:40+02:00\",\"inLanguage\":\"es-ES\",\"mainEntityOfPage\":{\"@id\":\"https:\\\/\\\/candas365.es\\\/noticias\\\/candas-cf-vs-marino-de-luanco-14-de-septiembre-2022\\\/#webpage\"},\"isPartOf\":{\"@id\":\"https:\\\/\\\/candas365.es\\\/noticias\\\/candas-cf-vs-marino-de-luanco-14-de-septiembre-2022\\\/#webpage\"},\"articleSection\":\"Deporte, Cand\\u00e1s, f\\u00fatbol\",\"dateline\":\"Publicado el septiembre 4, 2022.\"},{\"@type\":\"Organization\",\"@id\":\"https:\\\/\\\/candas365.es\\\/noticias\\\/#organization\",\"name\":\"Cand\\u00e1s 365\",\"description\":\"Cand\\u00e1s 365 es un diario digital independiente, fundado en 2012, con base en Asturias. Informamos con rigor sobre actualidad, sociedad, cultura y ocio, con una mirada local y global.\",\"url\":\"https:\\\/\\\/candas365.es\\\/noticias\\\/\",\"email\":\"info@candas365.es\",\"telephone\":\"+34652131393\",\"foundingDate\":\"2012-06-10\",\"logo\":{\"@type\":\"ImageObject\",\"url\":\"https:\\\/\\\/candas365.es\\\/noticias\\\/wp-content\\\/uploads\\\/2024\\\/09\\\/Candas-365-Redes.jpg\",\"@id\":\"https:\\\/\\\/candas365.es\\\/noticias\\\/candas-cf-vs-marino-de-luanco-14-de-septiembre-2022\\\/#organizationLogo\",\"width\":1152,\"height\":864,\"caption\":\"Cand\\u00e1s 365 Redes\"},\"image\":{\"@id\":\"https:\\\/\\\/candas365.es\\\/noticias\\\/candas-cf-vs-marino-de-luanco-14-de-septiembre-2022\\\/#organizationLogo\"},\"sameAs\":[\"https:\\\/\\\/www.facebook.com\\\/Nachofdezber\",\"https:\\\/\\\/x.com\\\/NabercoDigital\",\"https:\\\/\\\/www.instagram.com\\\/nachofdezber\\\/\",\"https:\\\/\\\/www.youtube.com\\\/channel\\\/UCZP-2wLEB9Rv6erhFmqVnvg\"],\"address\":{\"@id\":\"https:\\\/\\\/candas365.es\\\/noticias\\\/#postaladdress\",\"@type\":\"PostalAddress\",\"streetAddress\":\"san antonio 4, san antonio 4\",\"postalCode\":\"33430\",\"addressLocality\":\"Cand\\u00e1s\",\"addressRegion\":\"Asturias\",\"addressCountry\":\"ES\"}},{\"@type\":\"Person\",\"@id\":\"https:\\\/\\\/candas365.es\\\/noticias\\\/author\\\/admin\\\/#author\",\"url\":\"https:\\\/\\\/candas365.es\\\/noticias\\\/author\\\/admin\\\/\",\"name\":\"Cand\\u00e1s 365\",\"image\":{\"@type\":\"ImageObject\",\"@id\":\"https:\\\/\\\/candas365.es\\\/noticias\\\/candas-cf-vs-marino-de-luanco-14-de-septiembre-2022\\\/#authorImage\",\"url\":\"https:\\\/\\\/secure.gravatar.com\\\/avatar\\\/496a8e03d0c493ede1718b7934145dbdf8d89be1036b0eec9544e1094c9de390?s=96&d=mm&r=g\",\"width\":96,\"height\":96,\"caption\":\"Cand\\u00e1s 365\"},\"sameAs\":[\"https:\\\/\\\/www.facebook.com\\\/carrenoactualidad\",\"https:\\\/\\\/twitter.com\\\/nbasturias\",\"https:\\\/\\\/www.instagram.com\\\/nachofdezber\\\/\",\"https:\\\/\\\/www.youtube.com\\\/channel\\\/UCZP-2wLEB9Rv6erhFmqVnvg\"]},{\"@type\":\"WebPage\",\"@id\":\"https:\\\/\\\/candas365.es\\\/noticias\\\/candas-cf-vs-marino-de-luanco-14-de-septiembre-2022\\\/#webpage\",\"url\":\"https:\\\/\\\/candas365.es\\\/noticias\\\/candas-cf-vs-marino-de-luanco-14-de-septiembre-2022\\\/\",\"name\":\"Cand\\u00e1s CF Vs Marino de Luanco: 14 de septiembre 2022 | Cand\\u00e1s 365\",\"description\":\"El pr\\u00f3ximo mi\\u00e9rcoles 14 de septiembre La Mata de Cand\\u00e1s se vestir\\u00e1 de gala para recibir al Marino de Luanco a las 18 horas con motivo del Trofeo de F\\u00fatbol\",\"inLanguage\":\"es-ES\",\"isPartOf\":{\"@id\":\"https:\\\/\\\/candas365.es\\\/noticias\\\/#website\"},\"breadcrumb\":{\"@id\":\"https:\\\/\\\/candas365.es\\\/noticias\\\/candas-cf-vs-marino-de-luanco-14-de-septiembre-2022\\\/#breadcrumblist\"},\"author\":{\"@id\":\"https:\\\/\\\/candas365.es\\\/noticias\\\/author\\\/admin\\\/#author\"},\"creator\":{\"@id\":\"https:\\\/\\\/candas365.es\\\/noticias\\\/author\\\/admin\\\/#author\"},\"image\":{\"@type\":\"ImageObject\",\"url\":\"https:\\\/\\\/candas365.es\\\/noticias\\\/wp-content\\\/uploads\\\/2022\\\/08\\\/Candas-CF-1.jpg\",\"@id\":\"https:\\\/\\\/candas365.es\\\/noticias\\\/candas-cf-vs-marino-de-luanco-14-de-septiembre-2022\\\/#mainImage\",\"width\":1125,\"height\":519,\"caption\":\"La Mata Foto: N.Berm\\u00fadez\"},\"primaryImageOfPage\":{\"@id\":\"https:\\\/\\\/candas365.es\\\/noticias\\\/candas-cf-vs-marino-de-luanco-14-de-septiembre-2022\\\/#mainImage\"},\"datePublished\":\"2022-09-04T22:18:40+02:00\",\"dateModified\":\"2022-09-04T22:18:40+02:00\"},{\"@type\":\"WebSite\",\"@id\":\"https:\\\/\\\/candas365.es\\\/noticias\\\/#website\",\"url\":\"https:\\\/\\\/candas365.es\\\/noticias\\\/\",\"name\":\"Cand\\u00e1s 365\",\"alternateName\":\"Cand\\u00e1s 365 Noticias\",\"description\":\"Actualidad desde Carre\\u00f1o para el mundo\",\"inLanguage\":\"es-ES\",\"publisher\":{\"@id\":\"https:\\\/\\\/candas365.es\\\/noticias\\\/#organization\"}}]}\n\t\t<\/script>\n\t\t<!-- All in One SEO Pro -->\r\n\t\t<title>Cand\u00e1s CF Vs Marino de Luanco: 14 de septiembre 2022 | Cand\u00e1s 365<\/title>\n\n","aioseo_head_json":{"title":"Cand\u00e1s CF Vs Marino de Luanco: 14 de septiembre 2022 | Cand\u00e1s 365","description":"El pr\u00f3ximo mi\u00e9rcoles 14 de septiembre La Mata de Cand\u00e1s se vestir\u00e1 de gala para recibir al Marino de Luanco a las 18 horas con motivo del Trofeo de F\u00fatbol","canonical_url":"https:\/\/candas365.es\/noticias\/candas-cf-vs-marino-de-luanco-14-de-septiembre-2022\/","robots":"max-image-preview:large","keywords":"deporte","webmasterTools":{"google-site-verification":"UA-32230408-1","msvalidate.01":"354F3CDFB2DA171B47FBE9ABF1F88D5","miscellaneous":""},"schema":{"@context":"https:\/\/schema.org","@graph":[{"@type":"BreadcrumbList","@id":"https:\/\/candas365.es\/noticias\/candas-cf-vs-marino-de-luanco-14-de-septiembre-2022\/#breadcrumblist","itemListElement":[{"@type":"ListItem","@id":"https:\/\/candas365.es\/noticias#listItem","position":1,"name":"Home","item":"https:\/\/candas365.es\/noticias","nextItem":{"@type":"ListItem","@id":"https:\/\/candas365.es\/noticias\/category\/deporte\/#listItem","name":"Deporte"}},{"@type":"ListItem","@id":"https:\/\/candas365.es\/noticias\/category\/deporte\/#listItem","position":2,"name":"Deporte","item":"https:\/\/candas365.es\/noticias\/category\/deporte\/","nextItem":{"@type":"ListItem","@id":"https:\/\/candas365.es\/noticias\/candas-cf-vs-marino-de-luanco-14-de-septiembre-2022\/#listItem","name":"Cand\u00e1s CF Vs Marino de Luanco: 14 de septiembre 2022"},"previousItem":{"@type":"ListItem","@id":"https:\/\/candas365.es\/noticias#listItem","name":"Home"}},{"@type":"ListItem","@id":"https:\/\/candas365.es\/noticias\/candas-cf-vs-marino-de-luanco-14-de-septiembre-2022\/#listItem","position":3,"name":"Cand\u00e1s CF Vs Marino de Luanco: 14 de septiembre 2022","previousItem":{"@type":"ListItem","@id":"https:\/\/candas365.es\/noticias\/category\/deporte\/#listItem","name":"Deporte"}}]},{"@type":"NewsArticle","@id":"https:\/\/candas365.es\/noticias\/candas-cf-vs-marino-de-luanco-14-de-septiembre-2022\/#newsarticle","name":"Cand\u00e1s CF Vs Marino de Luanco: 14 de septiembre 2022 | Cand\u00e1s 365","headline":"Cand\u00e1s CF Vs Marino de Luanco: 14 de septiembre 2022","author":{"@id":"https:\/\/candas365.es\/noticias\/author\/admin\/#author"},"publisher":{"@id":"https:\/\/candas365.es\/noticias\/#organization"},"image":{"@type":"ImageObject","url":"https:\/\/candas365.es\/noticias\/wp-content\/uploads\/2022\/08\/Candas-CF-1.jpg","width":1125,"height":519,"caption":"La Mata Foto: N.Berm\u00fadez"},"datePublished":"2022-09-04T22:18:40+02:00","dateModified":"2022-09-04T22:18:40+02:00","inLanguage":"es-ES","mainEntityOfPage":{"@id":"https:\/\/candas365.es\/noticias\/candas-cf-vs-marino-de-luanco-14-de-septiembre-2022\/#webpage"},"isPartOf":{"@id":"https:\/\/candas365.es\/noticias\/candas-cf-vs-marino-de-luanco-14-de-septiembre-2022\/#webpage"},"articleSection":"Deporte, Cand\u00e1s, f\u00fatbol","dateline":"Publicado el septiembre 4, 2022."},{"@type":"Organization","@id":"https:\/\/candas365.es\/noticias\/#organization","name":"Cand\u00e1s 365","description":"Cand\u00e1s 365 es un diario digital independiente, fundado en 2012, con base en Asturias. Informamos con rigor sobre actualidad, sociedad, cultura y ocio, con una mirada local y global.","url":"https:\/\/candas365.es\/noticias\/","email":"info@candas365.es","telephone":"+34652131393","foundingDate":"2012-06-10","logo":{"@type":"ImageObject","url":"https:\/\/candas365.es\/noticias\/wp-content\/uploads\/2024\/09\/Candas-365-Redes.jpg","@id":"https:\/\/candas365.es\/noticias\/candas-cf-vs-marino-de-luanco-14-de-septiembre-2022\/#organizationLogo","width":1152,"height":864,"caption":"Cand\u00e1s 365 Redes"},"image":{"@id":"https:\/\/candas365.es\/noticias\/candas-cf-vs-marino-de-luanco-14-de-septiembre-2022\/#organizationLogo"},"sameAs":["https:\/\/www.facebook.com\/Nachofdezber","https:\/\/x.com\/NabercoDigital","https:\/\/www.instagram.com\/nachofdezber\/","https:\/\/www.youtube.com\/channel\/UCZP-2wLEB9Rv6erhFmqVnvg"],"address":{"@id":"https:\/\/candas365.es\/noticias\/#postaladdress","@type":"PostalAddress","streetAddress":"san antonio 4, san antonio 4","postalCode":"33430","addressLocality":"Cand\u00e1s","addressRegion":"Asturias","addressCountry":"ES"}},{"@type":"Person","@id":"https:\/\/candas365.es\/noticias\/author\/admin\/#author","url":"https:\/\/candas365.es\/noticias\/author\/admin\/","name":"Cand\u00e1s 365","image":{"@type":"ImageObject","@id":"https:\/\/candas365.es\/noticias\/candas-cf-vs-marino-de-luanco-14-de-septiembre-2022\/#authorImage","url":"https:\/\/secure.gravatar.com\/avatar\/496a8e03d0c493ede1718b7934145dbdf8d89be1036b0eec9544e1094c9de390?s=96&d=mm&r=g","width":96,"height":96,"caption":"Cand\u00e1s 365"},"sameAs":["https:\/\/www.facebook.com\/carrenoactualidad","https:\/\/twitter.com\/nbasturias","https:\/\/www.instagram.com\/nachofdezber\/","https:\/\/www.youtube.com\/channel\/UCZP-2wLEB9Rv6erhFmqVnvg"]},{"@type":"WebPage","@id":"https:\/\/candas365.es\/noticias\/candas-cf-vs-marino-de-luanco-14-de-septiembre-2022\/#webpage","url":"https:\/\/candas365.es\/noticias\/candas-cf-vs-marino-de-luanco-14-de-septiembre-2022\/","name":"Cand\u00e1s CF Vs Marino de Luanco: 14 de septiembre 2022 | Cand\u00e1s 365","description":"El pr\u00f3ximo mi\u00e9rcoles 14 de septiembre La Mata de Cand\u00e1s se vestir\u00e1 de gala para recibir al Marino de Luanco a las 18 horas con motivo del Trofeo de F\u00fatbol","inLanguage":"es-ES","isPartOf":{"@id":"https:\/\/candas365.es\/noticias\/#website"},"breadcrumb":{"@id":"https:\/\/candas365.es\/noticias\/candas-cf-vs-marino-de-luanco-14-de-septiembre-2022\/#breadcrumblist"},"author":{"@id":"https:\/\/candas365.es\/noticias\/author\/admin\/#author"},"creator":{"@id":"https:\/\/candas365.es\/noticias\/author\/admin\/#author"},"image":{"@type":"ImageObject","url":"https:\/\/candas365.es\/noticias\/wp-content\/uploads\/2022\/08\/Candas-CF-1.jpg","@id":"https:\/\/candas365.es\/noticias\/candas-cf-vs-marino-de-luanco-14-de-septiembre-2022\/#mainImage","width":1125,"height":519,"caption":"La Mata Foto: N.Berm\u00fadez"},"primaryImageOfPage":{"@id":"https:\/\/candas365.es\/noticias\/candas-cf-vs-marino-de-luanco-14-de-septiembre-2022\/#mainImage"},"datePublished":"2022-09-04T22:18:40+02:00","dateModified":"2022-09-04T22:18:40+02:00"},{"@type":"WebSite","@id":"https:\/\/candas365.es\/noticias\/#website","url":"https:\/\/candas365.es\/noticias\/","name":"Cand\u00e1s 365","alternateName":"Cand\u00e1s 365 Noticias","description":"Actualidad desde Carre\u00f1o para el mundo","inLanguage":"es-ES","publisher":{"@id":"https:\/\/candas365.es\/noticias\/#organization"}}]},"og:locale":"es_ES","og:site_name":"Cand\u00e1s 365","og:type":"article","og:title":"Cand\u00e1s CF Vs Marino de Luanco: 14 de septiembre 2022 | Cand\u00e1s 365","og:description":"El pr\u00f3ximo mi\u00e9rcoles 14 de septiembre La Mata de Cand\u00e1s se vestir\u00e1 de gala para recibir al Marino de Luanco a las 18 horas con motivo del Trofeo de F\u00fatbol","og:url":"https:\/\/candas365.es\/noticias\/candas-cf-vs-marino-de-luanco-14-de-septiembre-2022\/","og:image":"https:\/\/candas365.es\/noticias\/wp-content\/uploads\/2022\/08\/Candas-CF-1.jpg","og:image:secure_url":"https:\/\/candas365.es\/noticias\/wp-content\/uploads\/2022\/08\/Candas-CF-1.jpg","og:image:width":1125,"og:image:height":519,"article:published_time":"2022-09-04T20:18:40+00:00","article:modified_time":"2022-09-04T20:18:40+00:00","article:publisher":"https:\/\/www.facebook.com\/Nachofdezber","article:author":"https:\/\/www.facebook.com\/carrenoactualidad","twitter:card":"summary_large_image","twitter:site":"@NabercoDigital","twitter:title":"Cand\u00e1s CF Vs Marino de Luanco: 14 de septiembre 2022 | Cand\u00e1s 365","twitter:description":"El pr\u00f3ximo mi\u00e9rcoles 14 de septiembre La Mata de Cand\u00e1s se vestir\u00e1 de gala para recibir al Marino de Luanco a las 18 horas con motivo del Trofeo de F\u00fatbol","twitter:creator":"@nbasturias","twitter:image":"https:\/\/candas365.es\/noticias\/wp-content\/uploads\/2022\/08\/Candas-CF-1.jpg","twitter:label1":"Escrito por","twitter:data1":"Cand\u00e1s 365","twitter:label2":"Tiempo de lectura estimado","twitter:data2":"1 minuto"},"aioseo_meta_data":{"post_id":"165854","title":null,"description":"El pr\u00f3ximo mi\u00e9rcoles 14 de septiembre La Mata de Cand\u00e1s se vestir\u00e1 de gala para recibir al Marino de Luanco a las 18 horas con motivo del Trofeo de F\u00fatbol","keywords":[],"keyphrases":{"focus":{"keyphrase":"Cand\u00e1s","score":100,"analysis":{"keyphraseInTitle":{"title":"Focus keyphrase in SEO title","description":"Focus keyphrase found in SEO title.","score":9,"maxScore":9,"error":0},"keyphraseInDescription":{"title":"Focus keyphrase in meta description","description":"Focus keyphrase found in meta description.","score":9,"maxScore":9,"error":0},"keyphraseLength":{"title":"Focus keyphrase length","description":"Good job!","score":9,"maxScore":9,"error":0,"length":1},"keyphraseInURL":{"title":"Focus keyphrase in URL","description":"Focus keyphrase used in the URL.","score":5,"maxScore":5,"error":0},"keyphraseInIntroduction":{"title":"Focus keyphrase in introduction","description":"Your Focus keyphrase appears in the first paragraph. Well done!","score":9,"maxScore":9,"error":0},"keyphraseInSubHeadings":[],"keyphraseInImageAlt":[]}},"additional":[{"keyphrase":"Trofeo de F\u00fatbol","score":100,"analysis":{"keyphraseInDescription":{"title":"Keyphrase in meta description","description":"Keyphrase found in meta description.","score":9,"maxScore":9,"error":0},"keyphraseLength":{"title":"Keyphrase length","description":"Good job!","score":9,"maxScore":9,"error":0,"length":3},"keyphraseInIntroduction":{"title":"Keyphrase in introduction","description":"Your Keyphrase appears in the first paragraph. Well done!","score":9,"maxScore":9,"error":0},"keyphraseInImageAlt":[]}},{"keyphrase":"Marino de Luanco","score":100,"analysis":{"keyphraseInDescription":{"title":"Keyphrase in meta description","description":"Keyphrase found in meta description.","score":9,"maxScore":9,"error":0},"keyphraseLength":{"title":"Keyphrase length","description":"Good job!","score":9,"maxScore":9,"error":0,"length":3},"keyphraseInIntroduction":{"title":"Keyphrase in introduction","description":"Your Keyphrase appears in the first paragraph. Well done!","score":9,"maxScore":9,"error":0},"keyphraseInImageAlt":[]}}]},"primary_term":null,"canonical_url":null,"og_title":null,"og_description":null,"og_object_type":"default","og_image_type":"default","og_image_url":null,"og_image_width":null,"og_image_height":null,"og_image_custom_url":null,"og_image_custom_fields":null,"og_video":"","og_custom_url":null,"og_article_section":null,"og_article_tags":[],"twitter_use_og":false,"twitter_card":"default","twitter_image_type":"default","twitter_image_url":null,"twitter_image_custom_url":null,"twitter_image_custom_fields":null,"twitter_title":null,"twitter_description":null,"schema":{"blockGraphs":[],"customGraphs":[],"default":{"data":{"Article":[],"Course":[],"Dataset":[],"FAQPage":[],"Movie":[],"Person":[],"Product":[],"ProductReview":[],"Car":[],"Recipe":[],"Service":[],"SoftwareApplication":[],"WebPage":[]},"graphName":"","isEnabled":true},"graphs":[],"defaultGraph":"Article","defaultPostTypeGraph":""},"schema_type":"default","schema_type_options":"{\"article\":{\"articleType\":\"BlogPosting\"},\"course\":{\"name\":\"\",\"description\":\"\",\"provider\":\"\"},\"faq\":{\"pages\":[]},\"product\":{\"reviews\":[]},\"recipe\":{\"ingredients\":[],\"instructions\":[],\"keywords\":[]},\"software\":{\"reviews\":[],\"operatingSystems\":[]},\"webPage\":{\"webPageType\":\"WebPage\"},\"blockGraphs\":[]}","pillar_content":false,"robots_default":true,"robots_noindex":false,"robots_noarchive":false,"robots_nosnippet":false,"robots_nofollow":false,"robots_noimageindex":false,"robots_noodp":false,"robots_notranslate":false,"robots_max_snippet":"-1","robots_max_videopreview":"-1","robots_max_imagepreview":"large","priority":null,"frequency":"default","location":null,"local_seo":null,"seo_analyzer_scan_date":"2025-09-01 11:41:23","breadcrumb_settings":null,"limit_modified_date":false,"reviewed_by":null,"open_ai":null,"ai":null,"created":"2022-09-04 20:07:03","updated":"2025-09-01 11:41:23"},"aioseo_breadcrumb":"<div class=\"aioseo-breadcrumbs\"><span class=\"aioseo-breadcrumb\">\n\t<a href=\"https:\/\/candas365.es\/noticias\" title=\"Home\">Home<\/a>\n<\/span><span class=\"aioseo-breadcrumb-separator\">&ndash;<\/span><span class=\"aioseo-breadcrumb\">\n\t<a href=\"https:\/\/candas365.es\/noticias\/category\/deporte\/\" title=\"Deporte\">Deporte<\/a>\n<\/span><span class=\"aioseo-breadcrumb-separator\">&ndash;<\/span><span class=\"aioseo-breadcrumb\">\n\tCand\u00e1s CF Vs Marino de Luanco: 14 de septiembre 2022\n<\/span><\/div>","aioseo_breadcrumb_json":[{"label":"Home","link":"https:\/\/candas365.es\/noticias"},{"label":"Deporte","link":"https:\/\/candas365.es\/noticias\/category\/deporte\/"},{"label":"Cand\u00e1s CF Vs Marino de Luanco: 14 de septiembre 2022","link":"https:\/\/candas365.es\/noticias\/candas-cf-vs-marino-de-luanco-14-de-septiembre-2022\/"}],"_links":{"self":[{"href":"https:\/\/candas365.es\/noticias\/wp-json\/wp\/v2\/posts\/165854","targetHints":{"allow":["GET"]}}],"collection":[{"href":"https:\/\/candas365.es\/noticias\/wp-json\/wp\/v2\/posts"}],"about":[{"href":"https:\/\/candas365.es\/noticias\/wp-json\/wp\/v2\/types\/post"}],"author":[{"embeddable":true,"href":"https:\/\/candas365.es\/noticias\/wp-json\/wp\/v2\/users\/1"}],"replies":[{"embeddable":true,"href":"https:\/\/candas365.es\/noticias\/wp-json\/wp\/v2\/comments?post=165854"}],"version-history":[{"count":0,"href":"https:\/\/candas365.es\/noticias\/wp-json\/wp\/v2\/posts\/165854\/revisions"}],"wp:featuredmedia":[{"embeddable":true,"href":"https:\/\/candas365.es\/noticias\/wp-json\/wp\/v2\/media\/165537"}],"wp:attachment":[{"href":"https:\/\/candas365.es\/noticias\/wp-json\/wp\/v2\/media?parent=165854"}],"wp:term":[{"taxonomy":"category","embeddable":true,"href":"https:\/\/candas365.es\/noticias\/wp-json\/wp\/v2\/categories?post=165854"},{"taxonomy":"post_tag","embeddable":true,"href":"https:\/\/candas365.es\/noticias\/wp-json\/wp\/v2\/tags?post=165854"}],"curies":[{"name":"wp","href":"https:\/\/api.w.org\/{rel}","templated":true}]}}