{"id":165533,"date":"2022-08-28T12:52:30","date_gmt":"2022-08-28T10:52:30","guid":{"rendered":"https:\/\/candas365.es\/noticias\/?p=165533"},"modified":"2022-08-28T12:52:30","modified_gmt":"2022-08-28T10:52:30","slug":"la-falta-de-lluvias-comienza-a-ser-preocupante-en-espana","status":"publish","type":"post","link":"https:\/\/candas365.es\/noticias\/la-falta-de-lluvias-comienza-a-ser-preocupante-en-espana\/","title":{"rendered":"La falta de lluvias comienza a ser preocupante en Espa\u00f1a"},"content":{"rendered":"<p>(EP) &#8211; La <a href=\"https:\/\/candas365.es\/noticias\/category\/el-tiempo\/\"><span style=\"color: #ff6600;\"><strong>falta de lluvias<\/strong><\/span><\/a> acumulada en lo que va de a\u00f1o hidrol\u00f3gico es Espa\u00f1a se mantiene en el 26 por ciento durante todo este mes de agosto, seg\u00fan datos de la Agencia Estatal de Meteorolog\u00eda (AEMET), que se\u00f1ala que<strong> desde el 1 de octubre de 2021 hasta el 23 de agosto de 2022 ha llovido un valor medio de 433 litros por metro cuadrado de media en el conjunto de Espa\u00f1a<\/strong>, frente a un valor normal que asciende a los 589 litros por metro cuadrado.<\/p>\n<p><img fetchpriority=\"high\" decoding=\"async\" class=\"aligncenter wp-image-165534 size-full\" src=\"https:\/\/candas365.es\/noticias\/wp-content\/uploads\/2022\/08\/lluvias.jpg\" alt=\"lluvias\" width=\"640\" height=\"426\" srcset=\"https:\/\/candas365.es\/noticias\/wp-content\/uploads\/2022\/08\/lluvias.jpg 640w, https:\/\/candas365.es\/noticias\/wp-content\/uploads\/2022\/08\/lluvias-360x240.jpg 360w, https:\/\/candas365.es\/noticias\/wp-content\/uploads\/2022\/08\/lluvias-150x100.jpg 150w, https:\/\/candas365.es\/noticias\/wp-content\/uploads\/2022\/08\/lluvias-450x300.jpg 450w\" sizes=\"(max-width: 640px) 100vw, 640px\" \/><\/p>\n<p>En concreto, durante el periodo del 17 al 23 de agosto las precipitaciones fueron escasas en la Pen\u00ednsula y las islas canarias. Se superaron los 5 litros por metro cuadrado en la cornisa cant\u00e1brica, los Pirineos, gran parte de la Comunitat Valenciana y Arag\u00f3n, y puntos del norte de Castilla y Le\u00f3n.<\/p>\n<p>Se alcanzaron los 60 litros por metro cuadrado de precipitaci\u00f3n acumulada en zonas costeras de Catalu\u00f1a, <a href=\"https:\/\/www.eldigitaldeasturias.com\/noticias\/category\/actualidad-asturias\/\" target=\"_blank\" rel=\"noopener\"><span style=\"color: #ff6600;\"><strong>Asturias<\/strong><\/span><\/a>, Cantabria, Pa\u00eds Vasco y Navarra donde se alcanzaron los 200 litros por metro cuadrado. En el norte de Mallorca y en la isla de Menorca se alcanzaron los 60 litros por metro cuadrado precipitaci\u00f3n.<\/p>\n<p>En el archipi\u00e9lago canario, apenas se registr\u00f3 precipitaci\u00f3n. Entre las precipitaciones acumuladas en observatorios principales destacan los 212 litros por metro cuadrado en Hondaribia\/Malkarroa; 60 litros por metro cuadrado en Girona; 59 litros por metro cuadrado en San Sebasti\u00e1n\/Igueldo; y 52 litros por metro cuadrado en Barcelona\/aeropuerto.<\/p>\n<p>El d\u00eda 24 de agosto se registraron precipitaciones en el tercio norte peninsular llegando a superarse los 20 litros por metro cuadrado en algunos puntos de estas regiones. En ninguno de los dos archipi\u00e9lagos se registr\u00f3 precipitaci\u00f3n.<\/p>\n<p>Las cantidades acumuladas no alcanzan los valores normales en gran parte de la Pen\u00ednsula, salvo en las provincias de Granada, Almer\u00eda, Murcia y la Comunitat Valenciana, as\u00ed como puntos de la cornisa cant\u00e1brica, en los que superaron levemente los valores normales.<\/p>\n<p>En el archipi\u00e9lago canario la precipitaci\u00f3n no super\u00f3 los valores normales en ninguna de las islas, quedando por debajo del 50% de su valor normal para el periodo 1981-2010. Por otra parte, en el archipi\u00e9lago balear la precipitaci\u00f3n qued\u00f3 levemente por encima de los valores normales en la fachada occidental de las islas.<\/p>\n","protected":false},"excerpt":{"rendered":"<p>(EP) &#8211; La falta de lluvias acumulada en lo que va de a\u00f1o hidrol\u00f3gico es Espa\u00f1a se mantiene en el 26 por ciento durante todo este mes de agosto, seg\u00fan datos de la Agencia Estatal de Meteorolog\u00eda (AEMET), que se\u00f1ala que desde el 1 de octubre de 2021 hasta el 23 de agosto de 2022<\/p>\n","protected":false},"author":1,"featured_media":165534,"comment_status":"closed","ping_status":"closed","sticky":false,"template":"","format":"standard","meta":{"footnotes":""},"categories":[358],"tags":[429,466],"class_list":{"0":"post-165533","1":"post","2":"type-post","3":"status-publish","4":"format-standard","5":"has-post-thumbnail","7":"category-el-tiempo","8":"tag-el-tiempo","9":"tag-espana"},"aioseo_notices":[],"aioseo_head":"\n\t\t<!-- All in One SEO Pro 4.9.6.2 - aioseo.com -->\n\t<meta name=\"description\" content=\"(EP) - La falta de lluvias acumulada en lo que va de a\u00f1o hidrol\u00f3gico es Espa\u00f1a se mantiene en el 26 por ciento durante todo este mes de agosto\" \/>\n\t<meta name=\"robots\" content=\"max-image-preview:large\" \/>\n\t<meta name=\"author\" content=\"Cand\u00e1s 365\"\/>\n\t<meta name=\"google-site-verification\" content=\"UA-32230408-1\" \/>\n\t<meta name=\"msvalidate.01\" content=\"354F3CDFB2DA171B47FBE9ABF1F88D5\" \/>\n\t<meta name=\"keywords\" content=\"el tiempo\" \/>\n\t<link rel=\"canonical\" href=\"https:\/\/candas365.es\/noticias\/la-falta-de-lluvias-comienza-a-ser-preocupante-en-espana\/\" \/>\n\t<meta name=\"generator\" content=\"All in One SEO Pro (AIOSEO) 4.9.6.2\" \/>\n\t\t<meta property=\"og:locale\" content=\"es_ES\" \/>\n\t\t<meta property=\"og:site_name\" content=\"Cand\u00e1s 365\" \/>\n\t\t<meta property=\"og:type\" content=\"article\" \/>\n\t\t<meta property=\"og:title\" content=\"La falta de lluvias comienza a ser preocupante en Espa\u00f1a | Cand\u00e1s 365\" \/>\n\t\t<meta property=\"og:description\" content=\"(EP) - La falta de lluvias acumulada en lo que va de a\u00f1o hidrol\u00f3gico es Espa\u00f1a se mantiene en el 26 por ciento durante todo este mes de agosto\" \/>\n\t\t<meta property=\"og:url\" content=\"https:\/\/candas365.es\/noticias\/la-falta-de-lluvias-comienza-a-ser-preocupante-en-espana\/\" \/>\n\t\t<meta property=\"og:image\" content=\"https:\/\/candas365.es\/noticias\/wp-content\/uploads\/2022\/08\/lluvias.jpg\" \/>\n\t\t<meta property=\"og:image:secure_url\" content=\"https:\/\/candas365.es\/noticias\/wp-content\/uploads\/2022\/08\/lluvias.jpg\" \/>\n\t\t<meta property=\"og:image:width\" content=\"640\" \/>\n\t\t<meta property=\"og:image:height\" content=\"426\" \/>\n\t\t<meta property=\"article:published_time\" content=\"2022-08-28T10:52:30+00:00\" \/>\n\t\t<meta property=\"article:modified_time\" content=\"2022-08-28T10:52:30+00:00\" \/>\n\t\t<meta property=\"article:publisher\" content=\"https:\/\/www.facebook.com\/Nachofdezber\" \/>\n\t\t<meta property=\"article:author\" content=\"https:\/\/www.facebook.com\/carrenoactualidad\" \/>\n\t\t<meta name=\"twitter:card\" content=\"summary_large_image\" \/>\n\t\t<meta name=\"twitter:site\" content=\"@NabercoDigital\" \/>\n\t\t<meta name=\"twitter:title\" content=\"La falta de lluvias comienza a ser preocupante en Espa\u00f1a | Cand\u00e1s 365\" \/>\n\t\t<meta name=\"twitter:description\" content=\"(EP) - La falta de lluvias acumulada en lo que va de a\u00f1o hidrol\u00f3gico es Espa\u00f1a se mantiene en el 26 por ciento durante todo este mes de agosto\" \/>\n\t\t<meta name=\"twitter:creator\" content=\"@nbasturias\" \/>\n\t\t<meta name=\"twitter:image\" content=\"https:\/\/candas365.es\/noticias\/wp-content\/uploads\/2022\/08\/lluvias.jpg\" \/>\n\t\t<meta name=\"twitter:label1\" content=\"Escrito por\" \/>\n\t\t<meta name=\"twitter:data1\" content=\"Cand\u00e1s 365\" \/>\n\t\t<meta name=\"twitter:label2\" content=\"Tiempo de lectura estimado\" \/>\n\t\t<meta name=\"twitter:data2\" content=\"2 minutos\" \/>\n\t\t<script type=\"application\/ld+json\" class=\"aioseo-schema\">\n\t\t\t{\"@context\":\"https:\\\/\\\/schema.org\",\"@graph\":[{\"@type\":\"BreadcrumbList\",\"@id\":\"https:\\\/\\\/candas365.es\\\/noticias\\\/la-falta-de-lluvias-comienza-a-ser-preocupante-en-espana\\\/#breadcrumblist\",\"itemListElement\":[{\"@type\":\"ListItem\",\"@id\":\"https:\\\/\\\/candas365.es\\\/noticias#listItem\",\"position\":1,\"name\":\"Home\",\"item\":\"https:\\\/\\\/candas365.es\\\/noticias\",\"nextItem\":{\"@type\":\"ListItem\",\"@id\":\"https:\\\/\\\/candas365.es\\\/noticias\\\/category\\\/el-tiempo\\\/#listItem\",\"name\":\"El tiempo\"}},{\"@type\":\"ListItem\",\"@id\":\"https:\\\/\\\/candas365.es\\\/noticias\\\/category\\\/el-tiempo\\\/#listItem\",\"position\":2,\"name\":\"El tiempo\",\"item\":\"https:\\\/\\\/candas365.es\\\/noticias\\\/category\\\/el-tiempo\\\/\",\"nextItem\":{\"@type\":\"ListItem\",\"@id\":\"https:\\\/\\\/candas365.es\\\/noticias\\\/la-falta-de-lluvias-comienza-a-ser-preocupante-en-espana\\\/#listItem\",\"name\":\"La falta de lluvias comienza a ser preocupante en Espa\\u00f1a\"},\"previousItem\":{\"@type\":\"ListItem\",\"@id\":\"https:\\\/\\\/candas365.es\\\/noticias#listItem\",\"name\":\"Home\"}},{\"@type\":\"ListItem\",\"@id\":\"https:\\\/\\\/candas365.es\\\/noticias\\\/la-falta-de-lluvias-comienza-a-ser-preocupante-en-espana\\\/#listItem\",\"position\":3,\"name\":\"La falta de lluvias comienza a ser preocupante en Espa\\u00f1a\",\"previousItem\":{\"@type\":\"ListItem\",\"@id\":\"https:\\\/\\\/candas365.es\\\/noticias\\\/category\\\/el-tiempo\\\/#listItem\",\"name\":\"El tiempo\"}}]},{\"@type\":\"NewsArticle\",\"@id\":\"https:\\\/\\\/candas365.es\\\/noticias\\\/la-falta-de-lluvias-comienza-a-ser-preocupante-en-espana\\\/#newsarticle\",\"name\":\"La falta de lluvias comienza a ser preocupante en Espa\\u00f1a | Cand\\u00e1s 365\",\"headline\":\"La falta de lluvias comienza a ser preocupante en Espa\\u00f1a\",\"author\":{\"@id\":\"https:\\\/\\\/candas365.es\\\/noticias\\\/author\\\/admin\\\/#author\"},\"publisher\":{\"@id\":\"https:\\\/\\\/candas365.es\\\/noticias\\\/#organization\"},\"image\":{\"@type\":\"ImageObject\",\"url\":\"https:\\\/\\\/candas365.es\\\/noticias\\\/wp-content\\\/uploads\\\/2022\\\/08\\\/lluvias.jpg\",\"width\":640,\"height\":426,\"caption\":\"lluvias\"},\"datePublished\":\"2022-08-28T12:52:30+02:00\",\"dateModified\":\"2022-08-28T12:52:30+02:00\",\"inLanguage\":\"es-ES\",\"mainEntityOfPage\":{\"@id\":\"https:\\\/\\\/candas365.es\\\/noticias\\\/la-falta-de-lluvias-comienza-a-ser-preocupante-en-espana\\\/#webpage\"},\"isPartOf\":{\"@id\":\"https:\\\/\\\/candas365.es\\\/noticias\\\/la-falta-de-lluvias-comienza-a-ser-preocupante-en-espana\\\/#webpage\"},\"articleSection\":\"El tiempo, El tiempo, Espa\\u00f1a\",\"dateline\":\"Publicado el agosto 28, 2022.\"},{\"@type\":\"Organization\",\"@id\":\"https:\\\/\\\/candas365.es\\\/noticias\\\/#organization\",\"name\":\"Cand\\u00e1s 365\",\"description\":\"Cand\\u00e1s 365 es un diario digital independiente, fundado en 2012, con base en Asturias. Informamos con rigor sobre actualidad, sociedad, cultura y ocio, con una mirada local y global.\",\"url\":\"https:\\\/\\\/candas365.es\\\/noticias\\\/\",\"email\":\"info@candas365.es\",\"telephone\":\"+34652131393\",\"foundingDate\":\"2012-06-10\",\"logo\":{\"@type\":\"ImageObject\",\"url\":\"https:\\\/\\\/candas365.es\\\/noticias\\\/wp-content\\\/uploads\\\/2024\\\/09\\\/Candas-365-Redes.jpg\",\"@id\":\"https:\\\/\\\/candas365.es\\\/noticias\\\/la-falta-de-lluvias-comienza-a-ser-preocupante-en-espana\\\/#organizationLogo\",\"width\":1152,\"height\":864,\"caption\":\"Cand\\u00e1s 365 Redes\"},\"image\":{\"@id\":\"https:\\\/\\\/candas365.es\\\/noticias\\\/la-falta-de-lluvias-comienza-a-ser-preocupante-en-espana\\\/#organizationLogo\"},\"sameAs\":[\"https:\\\/\\\/www.facebook.com\\\/Nachofdezber\",\"https:\\\/\\\/x.com\\\/NabercoDigital\",\"https:\\\/\\\/www.instagram.com\\\/nachofdezber\\\/\",\"https:\\\/\\\/www.youtube.com\\\/channel\\\/UCZP-2wLEB9Rv6erhFmqVnvg\"],\"address\":{\"@id\":\"https:\\\/\\\/candas365.es\\\/noticias\\\/#postaladdress\",\"@type\":\"PostalAddress\",\"streetAddress\":\"san antonio 4, san antonio 4\",\"postalCode\":\"33430\",\"addressLocality\":\"Cand\\u00e1s\",\"addressRegion\":\"Asturias\",\"addressCountry\":\"ES\"}},{\"@type\":\"Person\",\"@id\":\"https:\\\/\\\/candas365.es\\\/noticias\\\/author\\\/admin\\\/#author\",\"url\":\"https:\\\/\\\/candas365.es\\\/noticias\\\/author\\\/admin\\\/\",\"name\":\"Cand\\u00e1s 365\",\"image\":{\"@type\":\"ImageObject\",\"@id\":\"https:\\\/\\\/candas365.es\\\/noticias\\\/la-falta-de-lluvias-comienza-a-ser-preocupante-en-espana\\\/#authorImage\",\"url\":\"https:\\\/\\\/secure.gravatar.com\\\/avatar\\\/496a8e03d0c493ede1718b7934145dbdf8d89be1036b0eec9544e1094c9de390?s=96&d=mm&r=g\",\"width\":96,\"height\":96,\"caption\":\"Cand\\u00e1s 365\"},\"sameAs\":[\"https:\\\/\\\/www.facebook.com\\\/carrenoactualidad\",\"https:\\\/\\\/twitter.com\\\/nbasturias\",\"https:\\\/\\\/www.instagram.com\\\/nachofdezber\\\/\",\"https:\\\/\\\/www.youtube.com\\\/channel\\\/UCZP-2wLEB9Rv6erhFmqVnvg\"]},{\"@type\":\"WebPage\",\"@id\":\"https:\\\/\\\/candas365.es\\\/noticias\\\/la-falta-de-lluvias-comienza-a-ser-preocupante-en-espana\\\/#webpage\",\"url\":\"https:\\\/\\\/candas365.es\\\/noticias\\\/la-falta-de-lluvias-comienza-a-ser-preocupante-en-espana\\\/\",\"name\":\"La falta de lluvias comienza a ser preocupante en Espa\\u00f1a | Cand\\u00e1s 365\",\"description\":\"(EP) - La falta de lluvias acumulada en lo que va de a\\u00f1o hidrol\\u00f3gico es Espa\\u00f1a se mantiene en el 26 por ciento durante todo este mes de agosto\",\"inLanguage\":\"es-ES\",\"isPartOf\":{\"@id\":\"https:\\\/\\\/candas365.es\\\/noticias\\\/#website\"},\"breadcrumb\":{\"@id\":\"https:\\\/\\\/candas365.es\\\/noticias\\\/la-falta-de-lluvias-comienza-a-ser-preocupante-en-espana\\\/#breadcrumblist\"},\"author\":{\"@id\":\"https:\\\/\\\/candas365.es\\\/noticias\\\/author\\\/admin\\\/#author\"},\"creator\":{\"@id\":\"https:\\\/\\\/candas365.es\\\/noticias\\\/author\\\/admin\\\/#author\"},\"image\":{\"@type\":\"ImageObject\",\"url\":\"https:\\\/\\\/candas365.es\\\/noticias\\\/wp-content\\\/uploads\\\/2022\\\/08\\\/lluvias.jpg\",\"@id\":\"https:\\\/\\\/candas365.es\\\/noticias\\\/la-falta-de-lluvias-comienza-a-ser-preocupante-en-espana\\\/#mainImage\",\"width\":640,\"height\":426,\"caption\":\"lluvias\"},\"primaryImageOfPage\":{\"@id\":\"https:\\\/\\\/candas365.es\\\/noticias\\\/la-falta-de-lluvias-comienza-a-ser-preocupante-en-espana\\\/#mainImage\"},\"datePublished\":\"2022-08-28T12:52:30+02:00\",\"dateModified\":\"2022-08-28T12:52:30+02:00\"},{\"@type\":\"WebSite\",\"@id\":\"https:\\\/\\\/candas365.es\\\/noticias\\\/#website\",\"url\":\"https:\\\/\\\/candas365.es\\\/noticias\\\/\",\"name\":\"Cand\\u00e1s 365\",\"alternateName\":\"Cand\\u00e1s 365 Noticias\",\"description\":\"Actualidad desde Carre\\u00f1o para el mundo\",\"inLanguage\":\"es-ES\",\"publisher\":{\"@id\":\"https:\\\/\\\/candas365.es\\\/noticias\\\/#organization\"}}]}\n\t\t<\/script>\n\t\t<!-- All in One SEO Pro -->\r\n\t\t<title>La falta de lluvias comienza a ser preocupante en Espa\u00f1a | Cand\u00e1s 365<\/title>\n\n","aioseo_head_json":{"title":"La falta de lluvias comienza a ser preocupante en Espa\u00f1a | Cand\u00e1s 365","description":"(EP) - La falta de lluvias acumulada en lo que va de a\u00f1o hidrol\u00f3gico es Espa\u00f1a se mantiene en el 26 por ciento durante todo este mes de agosto","canonical_url":"https:\/\/candas365.es\/noticias\/la-falta-de-lluvias-comienza-a-ser-preocupante-en-espana\/","robots":"max-image-preview:large","keywords":"el tiempo","webmasterTools":{"google-site-verification":"UA-32230408-1","msvalidate.01":"354F3CDFB2DA171B47FBE9ABF1F88D5","miscellaneous":""},"schema":{"@context":"https:\/\/schema.org","@graph":[{"@type":"BreadcrumbList","@id":"https:\/\/candas365.es\/noticias\/la-falta-de-lluvias-comienza-a-ser-preocupante-en-espana\/#breadcrumblist","itemListElement":[{"@type":"ListItem","@id":"https:\/\/candas365.es\/noticias#listItem","position":1,"name":"Home","item":"https:\/\/candas365.es\/noticias","nextItem":{"@type":"ListItem","@id":"https:\/\/candas365.es\/noticias\/category\/el-tiempo\/#listItem","name":"El tiempo"}},{"@type":"ListItem","@id":"https:\/\/candas365.es\/noticias\/category\/el-tiempo\/#listItem","position":2,"name":"El tiempo","item":"https:\/\/candas365.es\/noticias\/category\/el-tiempo\/","nextItem":{"@type":"ListItem","@id":"https:\/\/candas365.es\/noticias\/la-falta-de-lluvias-comienza-a-ser-preocupante-en-espana\/#listItem","name":"La falta de lluvias comienza a ser preocupante en Espa\u00f1a"},"previousItem":{"@type":"ListItem","@id":"https:\/\/candas365.es\/noticias#listItem","name":"Home"}},{"@type":"ListItem","@id":"https:\/\/candas365.es\/noticias\/la-falta-de-lluvias-comienza-a-ser-preocupante-en-espana\/#listItem","position":3,"name":"La falta de lluvias comienza a ser preocupante en Espa\u00f1a","previousItem":{"@type":"ListItem","@id":"https:\/\/candas365.es\/noticias\/category\/el-tiempo\/#listItem","name":"El tiempo"}}]},{"@type":"NewsArticle","@id":"https:\/\/candas365.es\/noticias\/la-falta-de-lluvias-comienza-a-ser-preocupante-en-espana\/#newsarticle","name":"La falta de lluvias comienza a ser preocupante en Espa\u00f1a | Cand\u00e1s 365","headline":"La falta de lluvias comienza a ser preocupante en Espa\u00f1a","author":{"@id":"https:\/\/candas365.es\/noticias\/author\/admin\/#author"},"publisher":{"@id":"https:\/\/candas365.es\/noticias\/#organization"},"image":{"@type":"ImageObject","url":"https:\/\/candas365.es\/noticias\/wp-content\/uploads\/2022\/08\/lluvias.jpg","width":640,"height":426,"caption":"lluvias"},"datePublished":"2022-08-28T12:52:30+02:00","dateModified":"2022-08-28T12:52:30+02:00","inLanguage":"es-ES","mainEntityOfPage":{"@id":"https:\/\/candas365.es\/noticias\/la-falta-de-lluvias-comienza-a-ser-preocupante-en-espana\/#webpage"},"isPartOf":{"@id":"https:\/\/candas365.es\/noticias\/la-falta-de-lluvias-comienza-a-ser-preocupante-en-espana\/#webpage"},"articleSection":"El tiempo, El tiempo, Espa\u00f1a","dateline":"Publicado el agosto 28, 2022."},{"@type":"Organization","@id":"https:\/\/candas365.es\/noticias\/#organization","name":"Cand\u00e1s 365","description":"Cand\u00e1s 365 es un diario digital independiente, fundado en 2012, con base en Asturias. Informamos con rigor sobre actualidad, sociedad, cultura y ocio, con una mirada local y global.","url":"https:\/\/candas365.es\/noticias\/","email":"info@candas365.es","telephone":"+34652131393","foundingDate":"2012-06-10","logo":{"@type":"ImageObject","url":"https:\/\/candas365.es\/noticias\/wp-content\/uploads\/2024\/09\/Candas-365-Redes.jpg","@id":"https:\/\/candas365.es\/noticias\/la-falta-de-lluvias-comienza-a-ser-preocupante-en-espana\/#organizationLogo","width":1152,"height":864,"caption":"Cand\u00e1s 365 Redes"},"image":{"@id":"https:\/\/candas365.es\/noticias\/la-falta-de-lluvias-comienza-a-ser-preocupante-en-espana\/#organizationLogo"},"sameAs":["https:\/\/www.facebook.com\/Nachofdezber","https:\/\/x.com\/NabercoDigital","https:\/\/www.instagram.com\/nachofdezber\/","https:\/\/www.youtube.com\/channel\/UCZP-2wLEB9Rv6erhFmqVnvg"],"address":{"@id":"https:\/\/candas365.es\/noticias\/#postaladdress","@type":"PostalAddress","streetAddress":"san antonio 4, san antonio 4","postalCode":"33430","addressLocality":"Cand\u00e1s","addressRegion":"Asturias","addressCountry":"ES"}},{"@type":"Person","@id":"https:\/\/candas365.es\/noticias\/author\/admin\/#author","url":"https:\/\/candas365.es\/noticias\/author\/admin\/","name":"Cand\u00e1s 365","image":{"@type":"ImageObject","@id":"https:\/\/candas365.es\/noticias\/la-falta-de-lluvias-comienza-a-ser-preocupante-en-espana\/#authorImage","url":"https:\/\/secure.gravatar.com\/avatar\/496a8e03d0c493ede1718b7934145dbdf8d89be1036b0eec9544e1094c9de390?s=96&d=mm&r=g","width":96,"height":96,"caption":"Cand\u00e1s 365"},"sameAs":["https:\/\/www.facebook.com\/carrenoactualidad","https:\/\/twitter.com\/nbasturias","https:\/\/www.instagram.com\/nachofdezber\/","https:\/\/www.youtube.com\/channel\/UCZP-2wLEB9Rv6erhFmqVnvg"]},{"@type":"WebPage","@id":"https:\/\/candas365.es\/noticias\/la-falta-de-lluvias-comienza-a-ser-preocupante-en-espana\/#webpage","url":"https:\/\/candas365.es\/noticias\/la-falta-de-lluvias-comienza-a-ser-preocupante-en-espana\/","name":"La falta de lluvias comienza a ser preocupante en Espa\u00f1a | Cand\u00e1s 365","description":"(EP) - La falta de lluvias acumulada en lo que va de a\u00f1o hidrol\u00f3gico es Espa\u00f1a se mantiene en el 26 por ciento durante todo este mes de agosto","inLanguage":"es-ES","isPartOf":{"@id":"https:\/\/candas365.es\/noticias\/#website"},"breadcrumb":{"@id":"https:\/\/candas365.es\/noticias\/la-falta-de-lluvias-comienza-a-ser-preocupante-en-espana\/#breadcrumblist"},"author":{"@id":"https:\/\/candas365.es\/noticias\/author\/admin\/#author"},"creator":{"@id":"https:\/\/candas365.es\/noticias\/author\/admin\/#author"},"image":{"@type":"ImageObject","url":"https:\/\/candas365.es\/noticias\/wp-content\/uploads\/2022\/08\/lluvias.jpg","@id":"https:\/\/candas365.es\/noticias\/la-falta-de-lluvias-comienza-a-ser-preocupante-en-espana\/#mainImage","width":640,"height":426,"caption":"lluvias"},"primaryImageOfPage":{"@id":"https:\/\/candas365.es\/noticias\/la-falta-de-lluvias-comienza-a-ser-preocupante-en-espana\/#mainImage"},"datePublished":"2022-08-28T12:52:30+02:00","dateModified":"2022-08-28T12:52:30+02:00"},{"@type":"WebSite","@id":"https:\/\/candas365.es\/noticias\/#website","url":"https:\/\/candas365.es\/noticias\/","name":"Cand\u00e1s 365","alternateName":"Cand\u00e1s 365 Noticias","description":"Actualidad desde Carre\u00f1o para el mundo","inLanguage":"es-ES","publisher":{"@id":"https:\/\/candas365.es\/noticias\/#organization"}}]},"og:locale":"es_ES","og:site_name":"Cand\u00e1s 365","og:type":"article","og:title":"La falta de lluvias comienza a ser preocupante en Espa\u00f1a | Cand\u00e1s 365","og:description":"(EP) - La falta de lluvias acumulada en lo que va de a\u00f1o hidrol\u00f3gico es Espa\u00f1a se mantiene en el 26 por ciento durante todo este mes de agosto","og:url":"https:\/\/candas365.es\/noticias\/la-falta-de-lluvias-comienza-a-ser-preocupante-en-espana\/","og:image":"https:\/\/candas365.es\/noticias\/wp-content\/uploads\/2022\/08\/lluvias.jpg","og:image:secure_url":"https:\/\/candas365.es\/noticias\/wp-content\/uploads\/2022\/08\/lluvias.jpg","og:image:width":640,"og:image:height":426,"article:published_time":"2022-08-28T10:52:30+00:00","article:modified_time":"2022-08-28T10:52:30+00:00","article:publisher":"https:\/\/www.facebook.com\/Nachofdezber","article:author":"https:\/\/www.facebook.com\/carrenoactualidad","twitter:card":"summary_large_image","twitter:site":"@NabercoDigital","twitter:title":"La falta de lluvias comienza a ser preocupante en Espa\u00f1a | Cand\u00e1s 365","twitter:description":"(EP) - La falta de lluvias acumulada en lo que va de a\u00f1o hidrol\u00f3gico es Espa\u00f1a se mantiene en el 26 por ciento durante todo este mes de agosto","twitter:creator":"@nbasturias","twitter:image":"https:\/\/candas365.es\/noticias\/wp-content\/uploads\/2022\/08\/lluvias.jpg","twitter:label1":"Escrito por","twitter:data1":"Cand\u00e1s 365","twitter:label2":"Tiempo de lectura estimado","twitter:data2":"2 minutos"},"aioseo_meta_data":{"post_id":"165533","title":null,"description":"(EP) - La falta de lluvias acumulada en lo que va de a\u00f1o hidrol\u00f3gico es Espa\u00f1a se mantiene en el 26 por ciento durante todo este mes de agosto","keywords":[],"keyphrases":{"focus":{"keyphrase":"lluvias","score":92,"analysis":{"keyphraseInTitle":{"title":"Focus keyphrase in SEO title","description":"Focus keyphrase found in SEO title.","score":9,"maxScore":9,"error":0},"keyphraseInDescription":{"title":"Focus keyphrase in meta description","description":"Focus keyphrase found in meta description.","score":9,"maxScore":9,"error":0},"keyphraseLength":{"title":"Focus keyphrase length","description":"Good job!","score":9,"maxScore":9,"error":0,"length":1},"keyphraseInURL":{"title":"Focus keyphrase in URL","description":"Focus keyphrase not found in the URL.","score":1,"maxScore":5,"error":1},"keyphraseInIntroduction":{"title":"Focus keyphrase in introduction","description":"Your Focus keyphrase appears in the first paragraph. Well done!","score":9,"maxScore":9,"error":0},"keyphraseInSubHeadings":[],"keyphraseInImageAlt":{"title":"Focus keyphrase in image alt attributes","description":"Focus keyphrase found in image alt attribute(s).","score":9,"maxScore":9,"error":0}}},"additional":[{"keyphrase":"falta de lluvias","score":83,"analysis":{"keyphraseInDescription":{"title":"Keyphrase in meta description","description":"Keyphrase found in meta description.","score":9,"maxScore":9,"error":0},"keyphraseLength":{"title":"Keyphrase length","description":"Good job!","score":9,"maxScore":9,"error":0,"length":3},"keyphraseInIntroduction":{"title":"Keyphrase in introduction","description":"Your Keyphrase appears in the first paragraph. Well done!","score":9,"maxScore":9,"error":0},"keyphraseInImageAlt":{"title":"Keyphrase in image alt attributes","description":"Keyphrase not found in image alt attribute(s). Add an image with your Keyphrase as alt text.","score":3,"maxScore":9,"error":1}}},{"keyphrase":"Espa\u00f1a","score":83,"analysis":{"keyphraseInDescription":{"title":"Keyphrase in meta description","description":"Keyphrase found in meta description.","score":9,"maxScore":9,"error":0},"keyphraseLength":{"title":"Keyphrase length","description":"Good job!","score":9,"maxScore":9,"error":0,"length":1},"keyphraseInIntroduction":{"title":"Keyphrase in introduction","description":"Your Keyphrase appears in the first paragraph. Well done!","score":9,"maxScore":9,"error":0},"keyphraseInImageAlt":{"title":"Keyphrase in image alt attributes","description":"Keyphrase not found in image alt attribute(s). Add an image with your Keyphrase as alt text.","score":3,"maxScore":9,"error":1}}}]},"primary_term":null,"canonical_url":null,"og_title":null,"og_description":null,"og_object_type":"default","og_image_type":"default","og_image_url":null,"og_image_width":null,"og_image_height":null,"og_image_custom_url":null,"og_image_custom_fields":null,"og_video":"","og_custom_url":null,"og_article_section":null,"og_article_tags":[],"twitter_use_og":false,"twitter_card":"default","twitter_image_type":"default","twitter_image_url":null,"twitter_image_custom_url":null,"twitter_image_custom_fields":null,"twitter_title":null,"twitter_description":null,"schema":{"blockGraphs":[],"customGraphs":[],"default":{"data":{"Article":[],"Course":[],"Dataset":[],"FAQPage":[],"Movie":[],"Person":[],"Product":[],"ProductReview":[],"Car":[],"Recipe":[],"Service":[],"SoftwareApplication":[],"WebPage":[]},"graphName":"","isEnabled":true},"graphs":[],"defaultGraph":"Article","defaultPostTypeGraph":""},"schema_type":"default","schema_type_options":"{\"article\":{\"articleType\":\"BlogPosting\"},\"course\":{\"name\":\"\",\"description\":\"\",\"provider\":\"\"},\"faq\":{\"pages\":[]},\"product\":{\"reviews\":[]},\"recipe\":{\"ingredients\":[],\"instructions\":[],\"keywords\":[]},\"software\":{\"reviews\":[],\"operatingSystems\":[]},\"webPage\":{\"webPageType\":\"WebPage\"},\"blockGraphs\":[]}","pillar_content":false,"robots_default":true,"robots_noindex":false,"robots_noarchive":false,"robots_nosnippet":false,"robots_nofollow":false,"robots_noimageindex":false,"robots_noodp":false,"robots_notranslate":false,"robots_max_snippet":"-1","robots_max_videopreview":"-1","robots_max_imagepreview":"large","priority":null,"frequency":"default","location":null,"local_seo":null,"seo_analyzer_scan_date":"2025-09-01 11:18:12","breadcrumb_settings":null,"limit_modified_date":false,"reviewed_by":null,"open_ai":null,"ai":null,"created":"2022-08-28 10:45:49","updated":"2025-09-01 11:18:12"},"aioseo_breadcrumb":"<div class=\"aioseo-breadcrumbs\"><span class=\"aioseo-breadcrumb\">\n\t<a href=\"https:\/\/candas365.es\/noticias\" title=\"Home\">Home<\/a>\n<\/span><span class=\"aioseo-breadcrumb-separator\">&ndash;<\/span><span class=\"aioseo-breadcrumb\">\n\t<a href=\"https:\/\/candas365.es\/noticias\/category\/el-tiempo\/\" title=\"El tiempo\">El tiempo<\/a>\n<\/span><span class=\"aioseo-breadcrumb-separator\">&ndash;<\/span><span class=\"aioseo-breadcrumb\">\n\tLa falta de lluvias comienza a ser preocupante en Espa\u00f1a\n<\/span><\/div>","aioseo_breadcrumb_json":[{"label":"Home","link":"https:\/\/candas365.es\/noticias"},{"label":"El tiempo","link":"https:\/\/candas365.es\/noticias\/category\/el-tiempo\/"},{"label":"La falta de lluvias comienza a ser preocupante en Espa\u00f1a","link":"https:\/\/candas365.es\/noticias\/la-falta-de-lluvias-comienza-a-ser-preocupante-en-espana\/"}],"_links":{"self":[{"href":"https:\/\/candas365.es\/noticias\/wp-json\/wp\/v2\/posts\/165533","targetHints":{"allow":["GET"]}}],"collection":[{"href":"https:\/\/candas365.es\/noticias\/wp-json\/wp\/v2\/posts"}],"about":[{"href":"https:\/\/candas365.es\/noticias\/wp-json\/wp\/v2\/types\/post"}],"author":[{"embeddable":true,"href":"https:\/\/candas365.es\/noticias\/wp-json\/wp\/v2\/users\/1"}],"replies":[{"embeddable":true,"href":"https:\/\/candas365.es\/noticias\/wp-json\/wp\/v2\/comments?post=165533"}],"version-history":[{"count":0,"href":"https:\/\/candas365.es\/noticias\/wp-json\/wp\/v2\/posts\/165533\/revisions"}],"wp:featuredmedia":[{"embeddable":true,"href":"https:\/\/candas365.es\/noticias\/wp-json\/wp\/v2\/media\/165534"}],"wp:attachment":[{"href":"https:\/\/candas365.es\/noticias\/wp-json\/wp\/v2\/media?parent=165533"}],"wp:term":[{"taxonomy":"category","embeddable":true,"href":"https:\/\/candas365.es\/noticias\/wp-json\/wp\/v2\/categories?post=165533"},{"taxonomy":"post_tag","embeddable":true,"href":"https:\/\/candas365.es\/noticias\/wp-json\/wp\/v2\/tags?post=165533"}],"curies":[{"name":"wp","href":"https:\/\/api.w.org\/{rel}","templated":true}]}}