{"id":165156,"date":"2022-08-18T11:25:06","date_gmt":"2022-08-18T09:25:06","guid":{"rendered":"https:\/\/candas365.es\/noticias\/?p=165156"},"modified":"2022-08-18T11:25:06","modified_gmt":"2022-08-18T09:25:06","slug":"nairo-quintana-no-correra-en-la-vuelta-22","status":"publish","type":"post","link":"https:\/\/candas365.es\/noticias\/nairo-quintana-no-correra-en-la-vuelta-22\/","title":{"rendered":"Nairo Quintana no correr\u00e1 en La Vuelta 22"},"content":{"rendered":"<p>(EP) &#8211; El ciclista colombiano <strong>Nairo Quintana (Ark\u00e9a Samsic) anunci\u00f3 este jueves, horas despu\u00e9s de confirmar que s\u00ed estar\u00eda en La Vuelta 22<\/strong>, que no participar\u00e1 en la ronda espa\u00f1ola para defenderse en el Tribunal de Arbitraje Deportivo (TAD) de la sanci\u00f3n puesta contra \u00e9l por la UCI por positivo en tramadol en el pasado Tour de Francia.<\/p>\n<p><img fetchpriority=\"high\" decoding=\"async\" class=\"aligncenter wp-image-165157 size-full\" src=\"https:\/\/candas365.es\/noticias\/wp-content\/uploads\/2022\/08\/ciclista.jpg\" alt=\"ciclista\" width=\"640\" height=\"426\" srcset=\"https:\/\/candas365.es\/noticias\/wp-content\/uploads\/2022\/08\/ciclista.jpg 640w, https:\/\/candas365.es\/noticias\/wp-content\/uploads\/2022\/08\/ciclista-360x240.jpg 360w, https:\/\/candas365.es\/noticias\/wp-content\/uploads\/2022\/08\/ciclista-150x100.jpg 150w, https:\/\/candas365.es\/noticias\/wp-content\/uploads\/2022\/08\/ciclista-450x300.jpg 450w\" sizes=\"(max-width: 640px) 100vw, 640px\" \/><\/p>\n<blockquote><p>\u00abComunico que no participar\u00e9 en La Vuelta para hacer valer mis motivos ante el Tribunal de Arbitraje Deportivo (TAD). Volver\u00e9 al calendario de carreras al final de la temporada\u00bb, asegur\u00f3 Quintana en un comunicado.<\/p><\/blockquote>\n<p>Horas antes, el propio Quintana confirm\u00f3 que se defender\u00eda y apelar\u00eda la sanci\u00f3n, que no le imped\u00eda seguir participando en otras pruebas, en el TAD pero aseguraba que s\u00ed estar\u00eda en La Vuelta, que arranca este viernes desde Utrecht (Pa\u00edses Bajos).<\/p>\n<p>La UCI descalific\u00f3 al colombiano del pasado Tour de Francia, en el que fue sexto de la general y logr\u00f3 hacer tres &#8216;Top 10&#8217; en sendas etapas, incluido un segundo puesto en la etapa 11 con final en el Col du Granon.<\/p>\n<p>\u00abQuintana ha sido sancionado por infringir la prohibici\u00f3n de uso de tramadol en competici\u00f3n establecida en el Reglamento M\u00e9dico de la UCI. Los an\u00e1lisis de dos muestras de sangre seca proporcionadas por el ciclista los d\u00edas 8 y 13 de julio durante el Tour de Francia 2022 revelaron la presencia de tramadol y sus dos metabolitos principales\u00bb, anunci\u00f3 la UCI el jueves.<\/p>\n","protected":false},"excerpt":{"rendered":"<p>(EP) &#8211; El ciclista colombiano Nairo Quintana (Ark\u00e9a Samsic) anunci\u00f3 este jueves, horas despu\u00e9s de confirmar que s\u00ed estar\u00eda en La Vuelta 22, que no participar\u00e1 en la ronda espa\u00f1ola para defenderse en el Tribunal de Arbitraje Deportivo (TAD) de la sanci\u00f3n puesta contra \u00e9l por la UCI por positivo en tramadol en el pasado<\/p>\n","protected":false},"author":1,"featured_media":165157,"comment_status":"closed","ping_status":"closed","sticky":false,"template":"","format":"standard","meta":{"footnotes":""},"categories":[319],"tags":[387],"class_list":{"0":"post-165156","1":"post","2":"type-post","3":"status-publish","4":"format-standard","5":"has-post-thumbnail","7":"category-deporte","8":"tag-deporte"},"aioseo_notices":[],"aioseo_head":"\n\t\t<!-- All in One SEO Pro 4.9.6.2 - aioseo.com -->\n\t<meta name=\"description\" content=\"(EP) - El ciclista colombiano Nairo Quintana (Ark\u00e9a Samsic) anunci\u00f3 este jueves, horas despu\u00e9s de confirmar que s\u00ed estar\u00eda en La Vuelta 22, que no participar\u00e1\" \/>\n\t<meta name=\"robots\" content=\"max-image-preview:large\" \/>\n\t<meta name=\"author\" content=\"Cand\u00e1s 365\"\/>\n\t<meta name=\"google-site-verification\" content=\"UA-32230408-1\" \/>\n\t<meta name=\"msvalidate.01\" content=\"354F3CDFB2DA171B47FBE9ABF1F88D5\" \/>\n\t<meta name=\"keywords\" content=\"deporte\" \/>\n\t<link rel=\"canonical\" href=\"https:\/\/candas365.es\/noticias\/nairo-quintana-no-correra-en-la-vuelta-22\/\" \/>\n\t<meta name=\"generator\" content=\"All in One SEO Pro (AIOSEO) 4.9.6.2\" \/>\n\t\t<meta property=\"og:locale\" content=\"es_ES\" \/>\n\t\t<meta property=\"og:site_name\" content=\"Cand\u00e1s 365\" \/>\n\t\t<meta property=\"og:type\" content=\"article\" \/>\n\t\t<meta property=\"og:title\" content=\"Nairo Quintana no correr\u00e1 en La Vuelta 22 | Cand\u00e1s 365\" \/>\n\t\t<meta property=\"og:description\" content=\"(EP) - El ciclista colombiano Nairo Quintana (Ark\u00e9a Samsic) anunci\u00f3 este jueves, horas despu\u00e9s de confirmar que s\u00ed estar\u00eda en La Vuelta 22, que no participar\u00e1\" \/>\n\t\t<meta property=\"og:url\" content=\"https:\/\/candas365.es\/noticias\/nairo-quintana-no-correra-en-la-vuelta-22\/\" \/>\n\t\t<meta property=\"og:image\" content=\"https:\/\/candas365.es\/noticias\/wp-content\/uploads\/2022\/08\/ciclista.jpg\" \/>\n\t\t<meta property=\"og:image:secure_url\" content=\"https:\/\/candas365.es\/noticias\/wp-content\/uploads\/2022\/08\/ciclista.jpg\" \/>\n\t\t<meta property=\"og:image:width\" content=\"640\" \/>\n\t\t<meta property=\"og:image:height\" content=\"426\" \/>\n\t\t<meta property=\"article:published_time\" content=\"2022-08-18T09:25:06+00:00\" \/>\n\t\t<meta property=\"article:modified_time\" content=\"2022-08-18T09:25:06+00:00\" \/>\n\t\t<meta property=\"article:publisher\" content=\"https:\/\/www.facebook.com\/Nachofdezber\" \/>\n\t\t<meta property=\"article:author\" content=\"https:\/\/www.facebook.com\/carrenoactualidad\" \/>\n\t\t<meta name=\"twitter:card\" content=\"summary_large_image\" \/>\n\t\t<meta name=\"twitter:site\" content=\"@NabercoDigital\" \/>\n\t\t<meta name=\"twitter:title\" content=\"Nairo Quintana no correr\u00e1 en La Vuelta 22 | Cand\u00e1s 365\" \/>\n\t\t<meta name=\"twitter:description\" content=\"(EP) - El ciclista colombiano Nairo Quintana (Ark\u00e9a Samsic) anunci\u00f3 este jueves, horas despu\u00e9s de confirmar que s\u00ed estar\u00eda en La Vuelta 22, que no participar\u00e1\" \/>\n\t\t<meta name=\"twitter:creator\" content=\"@nbasturias\" \/>\n\t\t<meta name=\"twitter:image\" content=\"https:\/\/candas365.es\/noticias\/wp-content\/uploads\/2022\/08\/ciclista.jpg\" \/>\n\t\t<meta name=\"twitter:label1\" content=\"Escrito por\" \/>\n\t\t<meta name=\"twitter:data1\" content=\"Cand\u00e1s 365\" \/>\n\t\t<meta name=\"twitter:label2\" content=\"Tiempo de lectura estimado\" \/>\n\t\t<meta name=\"twitter:data2\" content=\"1 minuto\" \/>\n\t\t<script type=\"application\/ld+json\" class=\"aioseo-schema\">\n\t\t\t{\"@context\":\"https:\\\/\\\/schema.org\",\"@graph\":[{\"@type\":\"BreadcrumbList\",\"@id\":\"https:\\\/\\\/candas365.es\\\/noticias\\\/nairo-quintana-no-correra-en-la-vuelta-22\\\/#breadcrumblist\",\"itemListElement\":[{\"@type\":\"ListItem\",\"@id\":\"https:\\\/\\\/candas365.es\\\/noticias#listItem\",\"position\":1,\"name\":\"Home\",\"item\":\"https:\\\/\\\/candas365.es\\\/noticias\",\"nextItem\":{\"@type\":\"ListItem\",\"@id\":\"https:\\\/\\\/candas365.es\\\/noticias\\\/category\\\/deporte\\\/#listItem\",\"name\":\"Deporte\"}},{\"@type\":\"ListItem\",\"@id\":\"https:\\\/\\\/candas365.es\\\/noticias\\\/category\\\/deporte\\\/#listItem\",\"position\":2,\"name\":\"Deporte\",\"item\":\"https:\\\/\\\/candas365.es\\\/noticias\\\/category\\\/deporte\\\/\",\"nextItem\":{\"@type\":\"ListItem\",\"@id\":\"https:\\\/\\\/candas365.es\\\/noticias\\\/nairo-quintana-no-correra-en-la-vuelta-22\\\/#listItem\",\"name\":\"Nairo Quintana no correr\\u00e1 en La Vuelta 22\"},\"previousItem\":{\"@type\":\"ListItem\",\"@id\":\"https:\\\/\\\/candas365.es\\\/noticias#listItem\",\"name\":\"Home\"}},{\"@type\":\"ListItem\",\"@id\":\"https:\\\/\\\/candas365.es\\\/noticias\\\/nairo-quintana-no-correra-en-la-vuelta-22\\\/#listItem\",\"position\":3,\"name\":\"Nairo Quintana no correr\\u00e1 en La Vuelta 22\",\"previousItem\":{\"@type\":\"ListItem\",\"@id\":\"https:\\\/\\\/candas365.es\\\/noticias\\\/category\\\/deporte\\\/#listItem\",\"name\":\"Deporte\"}}]},{\"@type\":\"NewsArticle\",\"@id\":\"https:\\\/\\\/candas365.es\\\/noticias\\\/nairo-quintana-no-correra-en-la-vuelta-22\\\/#newsarticle\",\"name\":\"Nairo Quintana no correr\\u00e1 en La Vuelta 22 | Cand\\u00e1s 365\",\"headline\":\"Nairo Quintana no correr\\u00e1 en La Vuelta 22\",\"author\":{\"@id\":\"https:\\\/\\\/candas365.es\\\/noticias\\\/author\\\/admin\\\/#author\"},\"publisher\":{\"@id\":\"https:\\\/\\\/candas365.es\\\/noticias\\\/#organization\"},\"image\":{\"@type\":\"ImageObject\",\"url\":\"https:\\\/\\\/candas365.es\\\/noticias\\\/wp-content\\\/uploads\\\/2022\\\/08\\\/ciclista.jpg\",\"width\":640,\"height\":426,\"caption\":\"ciclista\"},\"datePublished\":\"2022-08-18T11:25:06+02:00\",\"dateModified\":\"2022-08-18T11:25:06+02:00\",\"inLanguage\":\"es-ES\",\"mainEntityOfPage\":{\"@id\":\"https:\\\/\\\/candas365.es\\\/noticias\\\/nairo-quintana-no-correra-en-la-vuelta-22\\\/#webpage\"},\"isPartOf\":{\"@id\":\"https:\\\/\\\/candas365.es\\\/noticias\\\/nairo-quintana-no-correra-en-la-vuelta-22\\\/#webpage\"},\"articleSection\":\"Deporte, deporte\",\"dateline\":\"Publicado el agosto 18, 2022.\"},{\"@type\":\"Organization\",\"@id\":\"https:\\\/\\\/candas365.es\\\/noticias\\\/#organization\",\"name\":\"Cand\\u00e1s 365\",\"description\":\"Cand\\u00e1s 365 es un diario digital independiente, fundado en 2012, con base en Asturias. Informamos con rigor sobre actualidad, sociedad, cultura y ocio, con una mirada local y global.\",\"url\":\"https:\\\/\\\/candas365.es\\\/noticias\\\/\",\"email\":\"info@candas365.es\",\"telephone\":\"+34652131393\",\"foundingDate\":\"2012-06-10\",\"logo\":{\"@type\":\"ImageObject\",\"url\":\"https:\\\/\\\/candas365.es\\\/noticias\\\/wp-content\\\/uploads\\\/2024\\\/09\\\/Candas-365-Redes.jpg\",\"@id\":\"https:\\\/\\\/candas365.es\\\/noticias\\\/nairo-quintana-no-correra-en-la-vuelta-22\\\/#organizationLogo\",\"width\":1152,\"height\":864,\"caption\":\"Cand\\u00e1s 365 Redes\"},\"image\":{\"@id\":\"https:\\\/\\\/candas365.es\\\/noticias\\\/nairo-quintana-no-correra-en-la-vuelta-22\\\/#organizationLogo\"},\"sameAs\":[\"https:\\\/\\\/www.facebook.com\\\/Nachofdezber\",\"https:\\\/\\\/x.com\\\/NabercoDigital\",\"https:\\\/\\\/www.instagram.com\\\/nachofdezber\\\/\",\"https:\\\/\\\/www.youtube.com\\\/channel\\\/UCZP-2wLEB9Rv6erhFmqVnvg\"],\"address\":{\"@id\":\"https:\\\/\\\/candas365.es\\\/noticias\\\/#postaladdress\",\"@type\":\"PostalAddress\",\"streetAddress\":\"san antonio 4, san antonio 4\",\"postalCode\":\"33430\",\"addressLocality\":\"Cand\\u00e1s\",\"addressRegion\":\"Asturias\",\"addressCountry\":\"ES\"}},{\"@type\":\"Person\",\"@id\":\"https:\\\/\\\/candas365.es\\\/noticias\\\/author\\\/admin\\\/#author\",\"url\":\"https:\\\/\\\/candas365.es\\\/noticias\\\/author\\\/admin\\\/\",\"name\":\"Cand\\u00e1s 365\",\"image\":{\"@type\":\"ImageObject\",\"@id\":\"https:\\\/\\\/candas365.es\\\/noticias\\\/nairo-quintana-no-correra-en-la-vuelta-22\\\/#authorImage\",\"url\":\"https:\\\/\\\/secure.gravatar.com\\\/avatar\\\/496a8e03d0c493ede1718b7934145dbdf8d89be1036b0eec9544e1094c9de390?s=96&d=mm&r=g\",\"width\":96,\"height\":96,\"caption\":\"Cand\\u00e1s 365\"},\"sameAs\":[\"https:\\\/\\\/www.facebook.com\\\/carrenoactualidad\",\"https:\\\/\\\/twitter.com\\\/nbasturias\",\"https:\\\/\\\/www.instagram.com\\\/nachofdezber\\\/\",\"https:\\\/\\\/www.youtube.com\\\/channel\\\/UCZP-2wLEB9Rv6erhFmqVnvg\"]},{\"@type\":\"WebPage\",\"@id\":\"https:\\\/\\\/candas365.es\\\/noticias\\\/nairo-quintana-no-correra-en-la-vuelta-22\\\/#webpage\",\"url\":\"https:\\\/\\\/candas365.es\\\/noticias\\\/nairo-quintana-no-correra-en-la-vuelta-22\\\/\",\"name\":\"Nairo Quintana no correr\\u00e1 en La Vuelta 22 | Cand\\u00e1s 365\",\"description\":\"(EP) - El ciclista colombiano Nairo Quintana (Ark\\u00e9a Samsic) anunci\\u00f3 este jueves, horas despu\\u00e9s de confirmar que s\\u00ed estar\\u00eda en La Vuelta 22, que no participar\\u00e1\",\"inLanguage\":\"es-ES\",\"isPartOf\":{\"@id\":\"https:\\\/\\\/candas365.es\\\/noticias\\\/#website\"},\"breadcrumb\":{\"@id\":\"https:\\\/\\\/candas365.es\\\/noticias\\\/nairo-quintana-no-correra-en-la-vuelta-22\\\/#breadcrumblist\"},\"author\":{\"@id\":\"https:\\\/\\\/candas365.es\\\/noticias\\\/author\\\/admin\\\/#author\"},\"creator\":{\"@id\":\"https:\\\/\\\/candas365.es\\\/noticias\\\/author\\\/admin\\\/#author\"},\"image\":{\"@type\":\"ImageObject\",\"url\":\"https:\\\/\\\/candas365.es\\\/noticias\\\/wp-content\\\/uploads\\\/2022\\\/08\\\/ciclista.jpg\",\"@id\":\"https:\\\/\\\/candas365.es\\\/noticias\\\/nairo-quintana-no-correra-en-la-vuelta-22\\\/#mainImage\",\"width\":640,\"height\":426,\"caption\":\"ciclista\"},\"primaryImageOfPage\":{\"@id\":\"https:\\\/\\\/candas365.es\\\/noticias\\\/nairo-quintana-no-correra-en-la-vuelta-22\\\/#mainImage\"},\"datePublished\":\"2022-08-18T11:25:06+02:00\",\"dateModified\":\"2022-08-18T11:25:06+02:00\"},{\"@type\":\"WebSite\",\"@id\":\"https:\\\/\\\/candas365.es\\\/noticias\\\/#website\",\"url\":\"https:\\\/\\\/candas365.es\\\/noticias\\\/\",\"name\":\"Cand\\u00e1s 365\",\"alternateName\":\"Cand\\u00e1s 365 Noticias\",\"description\":\"Actualidad desde Carre\\u00f1o para el mundo\",\"inLanguage\":\"es-ES\",\"publisher\":{\"@id\":\"https:\\\/\\\/candas365.es\\\/noticias\\\/#organization\"}}]}\n\t\t<\/script>\n\t\t<!-- All in One SEO Pro -->\r\n\t\t<title>Nairo Quintana no correr\u00e1 en La Vuelta 22 | Cand\u00e1s 365<\/title>\n\n","aioseo_head_json":{"title":"Nairo Quintana no correr\u00e1 en La Vuelta 22 | Cand\u00e1s 365","description":"(EP) - El ciclista colombiano Nairo Quintana (Ark\u00e9a Samsic) anunci\u00f3 este jueves, horas despu\u00e9s de confirmar que s\u00ed estar\u00eda en La Vuelta 22, que no participar\u00e1","canonical_url":"https:\/\/candas365.es\/noticias\/nairo-quintana-no-correra-en-la-vuelta-22\/","robots":"max-image-preview:large","keywords":"deporte","webmasterTools":{"google-site-verification":"UA-32230408-1","msvalidate.01":"354F3CDFB2DA171B47FBE9ABF1F88D5","miscellaneous":""},"schema":{"@context":"https:\/\/schema.org","@graph":[{"@type":"BreadcrumbList","@id":"https:\/\/candas365.es\/noticias\/nairo-quintana-no-correra-en-la-vuelta-22\/#breadcrumblist","itemListElement":[{"@type":"ListItem","@id":"https:\/\/candas365.es\/noticias#listItem","position":1,"name":"Home","item":"https:\/\/candas365.es\/noticias","nextItem":{"@type":"ListItem","@id":"https:\/\/candas365.es\/noticias\/category\/deporte\/#listItem","name":"Deporte"}},{"@type":"ListItem","@id":"https:\/\/candas365.es\/noticias\/category\/deporte\/#listItem","position":2,"name":"Deporte","item":"https:\/\/candas365.es\/noticias\/category\/deporte\/","nextItem":{"@type":"ListItem","@id":"https:\/\/candas365.es\/noticias\/nairo-quintana-no-correra-en-la-vuelta-22\/#listItem","name":"Nairo Quintana no correr\u00e1 en La Vuelta 22"},"previousItem":{"@type":"ListItem","@id":"https:\/\/candas365.es\/noticias#listItem","name":"Home"}},{"@type":"ListItem","@id":"https:\/\/candas365.es\/noticias\/nairo-quintana-no-correra-en-la-vuelta-22\/#listItem","position":3,"name":"Nairo Quintana no correr\u00e1 en La Vuelta 22","previousItem":{"@type":"ListItem","@id":"https:\/\/candas365.es\/noticias\/category\/deporte\/#listItem","name":"Deporte"}}]},{"@type":"NewsArticle","@id":"https:\/\/candas365.es\/noticias\/nairo-quintana-no-correra-en-la-vuelta-22\/#newsarticle","name":"Nairo Quintana no correr\u00e1 en La Vuelta 22 | Cand\u00e1s 365","headline":"Nairo Quintana no correr\u00e1 en La Vuelta 22","author":{"@id":"https:\/\/candas365.es\/noticias\/author\/admin\/#author"},"publisher":{"@id":"https:\/\/candas365.es\/noticias\/#organization"},"image":{"@type":"ImageObject","url":"https:\/\/candas365.es\/noticias\/wp-content\/uploads\/2022\/08\/ciclista.jpg","width":640,"height":426,"caption":"ciclista"},"datePublished":"2022-08-18T11:25:06+02:00","dateModified":"2022-08-18T11:25:06+02:00","inLanguage":"es-ES","mainEntityOfPage":{"@id":"https:\/\/candas365.es\/noticias\/nairo-quintana-no-correra-en-la-vuelta-22\/#webpage"},"isPartOf":{"@id":"https:\/\/candas365.es\/noticias\/nairo-quintana-no-correra-en-la-vuelta-22\/#webpage"},"articleSection":"Deporte, deporte","dateline":"Publicado el agosto 18, 2022."},{"@type":"Organization","@id":"https:\/\/candas365.es\/noticias\/#organization","name":"Cand\u00e1s 365","description":"Cand\u00e1s 365 es un diario digital independiente, fundado en 2012, con base en Asturias. Informamos con rigor sobre actualidad, sociedad, cultura y ocio, con una mirada local y global.","url":"https:\/\/candas365.es\/noticias\/","email":"info@candas365.es","telephone":"+34652131393","foundingDate":"2012-06-10","logo":{"@type":"ImageObject","url":"https:\/\/candas365.es\/noticias\/wp-content\/uploads\/2024\/09\/Candas-365-Redes.jpg","@id":"https:\/\/candas365.es\/noticias\/nairo-quintana-no-correra-en-la-vuelta-22\/#organizationLogo","width":1152,"height":864,"caption":"Cand\u00e1s 365 Redes"},"image":{"@id":"https:\/\/candas365.es\/noticias\/nairo-quintana-no-correra-en-la-vuelta-22\/#organizationLogo"},"sameAs":["https:\/\/www.facebook.com\/Nachofdezber","https:\/\/x.com\/NabercoDigital","https:\/\/www.instagram.com\/nachofdezber\/","https:\/\/www.youtube.com\/channel\/UCZP-2wLEB9Rv6erhFmqVnvg"],"address":{"@id":"https:\/\/candas365.es\/noticias\/#postaladdress","@type":"PostalAddress","streetAddress":"san antonio 4, san antonio 4","postalCode":"33430","addressLocality":"Cand\u00e1s","addressRegion":"Asturias","addressCountry":"ES"}},{"@type":"Person","@id":"https:\/\/candas365.es\/noticias\/author\/admin\/#author","url":"https:\/\/candas365.es\/noticias\/author\/admin\/","name":"Cand\u00e1s 365","image":{"@type":"ImageObject","@id":"https:\/\/candas365.es\/noticias\/nairo-quintana-no-correra-en-la-vuelta-22\/#authorImage","url":"https:\/\/secure.gravatar.com\/avatar\/496a8e03d0c493ede1718b7934145dbdf8d89be1036b0eec9544e1094c9de390?s=96&d=mm&r=g","width":96,"height":96,"caption":"Cand\u00e1s 365"},"sameAs":["https:\/\/www.facebook.com\/carrenoactualidad","https:\/\/twitter.com\/nbasturias","https:\/\/www.instagram.com\/nachofdezber\/","https:\/\/www.youtube.com\/channel\/UCZP-2wLEB9Rv6erhFmqVnvg"]},{"@type":"WebPage","@id":"https:\/\/candas365.es\/noticias\/nairo-quintana-no-correra-en-la-vuelta-22\/#webpage","url":"https:\/\/candas365.es\/noticias\/nairo-quintana-no-correra-en-la-vuelta-22\/","name":"Nairo Quintana no correr\u00e1 en La Vuelta 22 | Cand\u00e1s 365","description":"(EP) - El ciclista colombiano Nairo Quintana (Ark\u00e9a Samsic) anunci\u00f3 este jueves, horas despu\u00e9s de confirmar que s\u00ed estar\u00eda en La Vuelta 22, que no participar\u00e1","inLanguage":"es-ES","isPartOf":{"@id":"https:\/\/candas365.es\/noticias\/#website"},"breadcrumb":{"@id":"https:\/\/candas365.es\/noticias\/nairo-quintana-no-correra-en-la-vuelta-22\/#breadcrumblist"},"author":{"@id":"https:\/\/candas365.es\/noticias\/author\/admin\/#author"},"creator":{"@id":"https:\/\/candas365.es\/noticias\/author\/admin\/#author"},"image":{"@type":"ImageObject","url":"https:\/\/candas365.es\/noticias\/wp-content\/uploads\/2022\/08\/ciclista.jpg","@id":"https:\/\/candas365.es\/noticias\/nairo-quintana-no-correra-en-la-vuelta-22\/#mainImage","width":640,"height":426,"caption":"ciclista"},"primaryImageOfPage":{"@id":"https:\/\/candas365.es\/noticias\/nairo-quintana-no-correra-en-la-vuelta-22\/#mainImage"},"datePublished":"2022-08-18T11:25:06+02:00","dateModified":"2022-08-18T11:25:06+02:00"},{"@type":"WebSite","@id":"https:\/\/candas365.es\/noticias\/#website","url":"https:\/\/candas365.es\/noticias\/","name":"Cand\u00e1s 365","alternateName":"Cand\u00e1s 365 Noticias","description":"Actualidad desde Carre\u00f1o para el mundo","inLanguage":"es-ES","publisher":{"@id":"https:\/\/candas365.es\/noticias\/#organization"}}]},"og:locale":"es_ES","og:site_name":"Cand\u00e1s 365","og:type":"article","og:title":"Nairo Quintana no correr\u00e1 en La Vuelta 22 | Cand\u00e1s 365","og:description":"(EP) - El ciclista colombiano Nairo Quintana (Ark\u00e9a Samsic) anunci\u00f3 este jueves, horas despu\u00e9s de confirmar que s\u00ed estar\u00eda en La Vuelta 22, que no participar\u00e1","og:url":"https:\/\/candas365.es\/noticias\/nairo-quintana-no-correra-en-la-vuelta-22\/","og:image":"https:\/\/candas365.es\/noticias\/wp-content\/uploads\/2022\/08\/ciclista.jpg","og:image:secure_url":"https:\/\/candas365.es\/noticias\/wp-content\/uploads\/2022\/08\/ciclista.jpg","og:image:width":640,"og:image:height":426,"article:published_time":"2022-08-18T09:25:06+00:00","article:modified_time":"2022-08-18T09:25:06+00:00","article:publisher":"https:\/\/www.facebook.com\/Nachofdezber","article:author":"https:\/\/www.facebook.com\/carrenoactualidad","twitter:card":"summary_large_image","twitter:site":"@NabercoDigital","twitter:title":"Nairo Quintana no correr\u00e1 en La Vuelta 22 | Cand\u00e1s 365","twitter:description":"(EP) - El ciclista colombiano Nairo Quintana (Ark\u00e9a Samsic) anunci\u00f3 este jueves, horas despu\u00e9s de confirmar que s\u00ed estar\u00eda en La Vuelta 22, que no participar\u00e1","twitter:creator":"@nbasturias","twitter:image":"https:\/\/candas365.es\/noticias\/wp-content\/uploads\/2022\/08\/ciclista.jpg","twitter:label1":"Escrito por","twitter:data1":"Cand\u00e1s 365","twitter:label2":"Tiempo de lectura estimado","twitter:data2":"1 minuto"},"aioseo_meta_data":{"post_id":"165156","title":null,"description":"(EP) - El ciclista colombiano Nairo Quintana (Ark\u00e9a Samsic) anunci\u00f3 este jueves, horas despu\u00e9s de confirmar que s\u00ed estar\u00eda en La Vuelta 22, que no participar\u00e1","keywords":[],"keyphrases":{"focus":{"keyphrase":"ciclista","score":80,"analysis":{"keyphraseInTitle":{"title":"Focus keyphrase in SEO title","description":"Focus keyphrase not found in SEO title.","score":3,"maxScore":9,"error":1},"keyphraseInDescription":{"title":"Focus keyphrase in meta description","description":"Focus keyphrase found in meta description.","score":9,"maxScore":9,"error":0},"keyphraseLength":{"title":"Focus keyphrase length","description":"Good job!","score":9,"maxScore":9,"error":0,"length":1},"keyphraseInURL":{"title":"Focus keyphrase in URL","description":"Focus keyphrase not found in the URL.","score":1,"maxScore":5,"error":1},"keyphraseInIntroduction":{"title":"Focus keyphrase in introduction","description":"Your Focus keyphrase appears in the first paragraph. Well done!","score":9,"maxScore":9,"error":0},"keyphraseInSubHeadings":[],"keyphraseInImageAlt":{"title":"Focus keyphrase in image alt attributes","description":"Focus keyphrase found in image alt attribute(s).","score":9,"maxScore":9,"error":0}}},"additional":[{"keyphrase":"La Vuelta 22","score":83,"analysis":{"keyphraseInDescription":{"title":"Keyphrase in meta description","description":"Keyphrase found in meta description.","score":9,"maxScore":9,"error":0},"keyphraseLength":{"title":"Keyphrase length","description":"Good job!","score":9,"maxScore":9,"error":0,"length":2},"keyphraseInIntroduction":{"title":"Keyphrase in introduction","description":"Your Keyphrase appears in the first paragraph. Well done!","score":9,"maxScore":9,"error":0},"keyphraseInImageAlt":{"title":"Keyphrase in image alt attributes","description":"Keyphrase not found in image alt attribute(s). Add an image with your Keyphrase as alt text.","score":3,"maxScore":9,"error":1}}},{"keyphrase":"Nairo Quintana","score":83,"analysis":{"keyphraseInDescription":{"title":"Keyphrase in meta description","description":"Keyphrase found in meta description.","score":9,"maxScore":9,"error":0},"keyphraseLength":{"title":"Keyphrase length","description":"Good job!","score":9,"maxScore":9,"error":0,"length":2},"keyphraseInIntroduction":{"title":"Keyphrase in introduction","description":"Your Keyphrase appears in the first paragraph. Well done!","score":9,"maxScore":9,"error":0},"keyphraseInImageAlt":{"title":"Keyphrase in image alt attributes","description":"Keyphrase not found in image alt attribute(s). Add an image with your Keyphrase as alt text.","score":3,"maxScore":9,"error":1}}}]},"primary_term":null,"canonical_url":null,"og_title":null,"og_description":null,"og_object_type":"default","og_image_type":"default","og_image_url":null,"og_image_width":null,"og_image_height":null,"og_image_custom_url":null,"og_image_custom_fields":null,"og_video":"","og_custom_url":null,"og_article_section":null,"og_article_tags":[],"twitter_use_og":false,"twitter_card":"default","twitter_image_type":"default","twitter_image_url":null,"twitter_image_custom_url":null,"twitter_image_custom_fields":null,"twitter_title":null,"twitter_description":null,"schema":{"blockGraphs":[],"customGraphs":[],"default":{"data":{"Article":[],"Course":[],"Dataset":[],"FAQPage":[],"Movie":[],"Person":[],"Product":[],"ProductReview":[],"Car":[],"Recipe":[],"Service":[],"SoftwareApplication":[],"WebPage":[]},"graphName":"","isEnabled":true},"graphs":[],"defaultGraph":"Article","defaultPostTypeGraph":""},"schema_type":"default","schema_type_options":"{\"article\":{\"articleType\":\"BlogPosting\"},\"course\":{\"name\":\"\",\"description\":\"\",\"provider\":\"\"},\"faq\":{\"pages\":[]},\"product\":{\"reviews\":[]},\"recipe\":{\"ingredients\":[],\"instructions\":[],\"keywords\":[]},\"software\":{\"reviews\":[],\"operatingSystems\":[]},\"webPage\":{\"webPageType\":\"WebPage\"},\"blockGraphs\":[]}","pillar_content":false,"robots_default":true,"robots_noindex":false,"robots_noarchive":false,"robots_nosnippet":false,"robots_nofollow":false,"robots_noimageindex":false,"robots_noodp":false,"robots_notranslate":false,"robots_max_snippet":"-1","robots_max_videopreview":"-1","robots_max_imagepreview":"large","priority":null,"frequency":"default","location":null,"local_seo":null,"seo_analyzer_scan_date":"2025-09-01 10:55:30","breadcrumb_settings":null,"limit_modified_date":false,"reviewed_by":null,"open_ai":null,"ai":null,"created":"2022-08-18 09:14:32","updated":"2025-09-01 10:55:30"},"aioseo_breadcrumb":"<div class=\"aioseo-breadcrumbs\"><span class=\"aioseo-breadcrumb\">\n\t<a href=\"https:\/\/candas365.es\/noticias\" title=\"Home\">Home<\/a>\n<\/span><span class=\"aioseo-breadcrumb-separator\">&ndash;<\/span><span class=\"aioseo-breadcrumb\">\n\t<a href=\"https:\/\/candas365.es\/noticias\/category\/deporte\/\" title=\"Deporte\">Deporte<\/a>\n<\/span><span class=\"aioseo-breadcrumb-separator\">&ndash;<\/span><span class=\"aioseo-breadcrumb\">\n\tNairo Quintana no correr\u00e1 en La Vuelta 22\n<\/span><\/div>","aioseo_breadcrumb_json":[{"label":"Home","link":"https:\/\/candas365.es\/noticias"},{"label":"Deporte","link":"https:\/\/candas365.es\/noticias\/category\/deporte\/"},{"label":"Nairo Quintana no correr\u00e1 en La Vuelta 22","link":"https:\/\/candas365.es\/noticias\/nairo-quintana-no-correra-en-la-vuelta-22\/"}],"_links":{"self":[{"href":"https:\/\/candas365.es\/noticias\/wp-json\/wp\/v2\/posts\/165156","targetHints":{"allow":["GET"]}}],"collection":[{"href":"https:\/\/candas365.es\/noticias\/wp-json\/wp\/v2\/posts"}],"about":[{"href":"https:\/\/candas365.es\/noticias\/wp-json\/wp\/v2\/types\/post"}],"author":[{"embeddable":true,"href":"https:\/\/candas365.es\/noticias\/wp-json\/wp\/v2\/users\/1"}],"replies":[{"embeddable":true,"href":"https:\/\/candas365.es\/noticias\/wp-json\/wp\/v2\/comments?post=165156"}],"version-history":[{"count":0,"href":"https:\/\/candas365.es\/noticias\/wp-json\/wp\/v2\/posts\/165156\/revisions"}],"wp:featuredmedia":[{"embeddable":true,"href":"https:\/\/candas365.es\/noticias\/wp-json\/wp\/v2\/media\/165157"}],"wp:attachment":[{"href":"https:\/\/candas365.es\/noticias\/wp-json\/wp\/v2\/media?parent=165156"}],"wp:term":[{"taxonomy":"category","embeddable":true,"href":"https:\/\/candas365.es\/noticias\/wp-json\/wp\/v2\/categories?post=165156"},{"taxonomy":"post_tag","embeddable":true,"href":"https:\/\/candas365.es\/noticias\/wp-json\/wp\/v2\/tags?post=165156"}],"curies":[{"name":"wp","href":"https:\/\/api.w.org\/{rel}","templated":true}]}}