{"id":165115,"date":"2022-08-15T16:54:02","date_gmt":"2022-08-15T14:54:02","guid":{"rendered":"https:\/\/candas365.es\/noticias\/?p=165115"},"modified":"2022-08-15T16:54:02","modified_gmt":"2022-08-15T14:54:02","slug":"el-ano-2022-esta-siendo-muy-seco","status":"publish","type":"post","link":"https:\/\/candas365.es\/noticias\/el-ano-2022-esta-siendo-muy-seco\/","title":{"rendered":"El a\u00f1o 2022 est\u00e1 siendo muy seco"},"content":{"rendered":"<p>(EP) &#8211; El trimestre comprendido entre mayo y julio de 2022 ha sido el m\u00e1s seco en el conjunto de Espa\u00f1a desde que hay registros, que comenzaron hace 57 a\u00f1os, seg\u00fan datos facilitados por la <span style=\"color: #ff6600;\"><a style=\"color: #ff6600;\" href=\"https:\/\/www.aemet.es\/\" target=\"_blank\" rel=\"noopener\">Agencia Estatal de Meteorolog\u00eda<\/a><\/span> (AEMET) que confirman que excepto marzo y abril con lo transcurrido hasta ahora, <strong>el a\u00f1o 2022 est\u00e1 siendo muy seco<\/strong>.<\/p>\n<figure id=\"attachment_165116\" aria-describedby=\"caption-attachment-165116\" style=\"width: 650px\" class=\"wp-caption aligncenter\"><img fetchpriority=\"high\" decoding=\"async\" class=\"wp-image-165116 size-large\" src=\"https:\/\/candas365.es\/noticias\/wp-content\/uploads\/2022\/08\/seco-650x438.jpg\" alt=\"seco\" width=\"650\" height=\"438\" srcset=\"https:\/\/candas365.es\/noticias\/wp-content\/uploads\/2022\/08\/seco-650x438.jpg 650w, https:\/\/candas365.es\/noticias\/wp-content\/uploads\/2022\/08\/seco-360x243.jpg 360w, https:\/\/candas365.es\/noticias\/wp-content\/uploads\/2022\/08\/seco-768x517.jpg 768w, https:\/\/candas365.es\/noticias\/wp-content\/uploads\/2022\/08\/seco-150x101.jpg 150w, https:\/\/candas365.es\/noticias\/wp-content\/uploads\/2022\/08\/seco-450x303.jpg 450w, https:\/\/candas365.es\/noticias\/wp-content\/uploads\/2022\/08\/seco.jpg 1002w\" sizes=\"(max-width: 650px) 100vw, 650px\" \/><figcaption id=\"caption-attachment-165116\" class=\"wp-caption-text\">Foto: Carlos Castro &#8211; Europa Press<\/figcaption><\/figure>\n<p>El portavoz de la AEMET, Rub\u00e9n del Campo, ha explicado a Europa Press que en mayo, junio y julio ha llovido menos de lo normal y que, de momento, agosto tambi\u00e9n est\u00e1 siendo un mes de pocas precipitaciones. <strong>Por ejemplo, ha destacado que en Madrid la lluvia en ese trimestre no llega \u00abni a una quinta parte de lo normal\u00bb y en Ciudad Real las precipitaciones han sido \u00abpr\u00e1cticamente nulas\u00bb.<\/strong><\/p>\n<p>As\u00ed, reconoce que el a\u00f1o 2022 est\u00e1 siendo \u00abmuy seco\u00bb y aunque las precipitaciones de marzo y abril fueron superiores a las normales que aliviaron la sequ\u00eda meteorol\u00f3gica, los siguientes meses la escasez h\u00eddrica se ha intensificado, porque este trimestre ha sido \u00abel mas seco desde que hay registros\u00bb, ya que se han recogido 47,5 litros por metro cuadrado en el conjunto del pa\u00eds, lo que apenas representa el 43 por ciento de los 111,3 litros por metro cuadrado que ser\u00eda el valor correspondiente normal.<\/p>\n<blockquote><p>Del Campo subraya que hay que remontarse hasta 1965, el a\u00f1o en que comenzaron los registros para encontrar un mayo-julio similar. Incluso entonces llovi\u00f3 m\u00e1s, ya que se acumularon 51 litros por metro cuadrado, el 46 por ciento de lo normal.<\/p><\/blockquote>\n<p>Por ejemplo, el portavoz subraya la escasez h\u00eddrica que se registra en Ciudad Real, donde apenas se ha recogido un litro por metro cuadrado entre mayo, junio y julio, frente a los 72 litros por metro cuadrado de media en ese periodo en la ciudad manchega en la que lleva sin llover 49 d\u00edas seguidos.<\/p>\n<p>Adem\u00e1s, ha apuntado que en Santiago de Compostela se recogieron entre el 1 de mayo y el 31 de julio 159 litros por metro cuadrado, un 64 por ciento de lo normal, que son 250 litros por metro cuadrado. Hasta el 4 de agosto la capital gallega lleva 17 d\u00edas sin ver caer una gota.<\/p>\n<p>Mientras, en Valladolid en este trimestre llovi\u00f3 25 litros por metro cuadrado, una cifra que apenas supone el 38 por ciento de los 66 litros por metro cuadrado de media. Hasta el d\u00eda 2 de agosto, fecha en la que cayeron 7 litros por metro cuadrado, la capital castellano-leonesa permaneci\u00f3 16 d\u00edas sin abrir el paraguas.<\/p>\n<p>En la misma l\u00ednea, indica que<strong> en Madrid no ha llovido \u00abni la quinta parte\u00bb, apenas un 19 por ciento de lo normal, ya que entre mayo y julio ha recibido 16 litros por metro cuadrado frente a los 83 litros por metro cuadrado de media.<\/strong><\/p>\n<p>Por su parte, Zaragoza recogi\u00f3 31 litros por metro cuadrado en ese trimestre, una cifra lejana y que apenas supone el 36 por ciento del valor medio de precipitaci\u00f3n para ese periodo, que se sit\u00faa en 87 litros por metro cuadrado. Hasta este jueves, 4 de agosto, lleva 29 d\u00edas sin llover en la capital aragonesa.<\/p>\n<p>M\u00e1s d\u00edas a\u00fan llevan sin mojarse los tejados en Alicante, 44 d\u00edas hasta el 4 de agosto aunque en el trimestre analizado recibi\u00f3 37 litros por metro cuadrado, el 84 por ciento de los 44 litros por metro cuadrado de media en este tiempo.<\/p>\n<p>En C\u00f3rdoba tampoco ha llovido ni la mitad, exactamente 26 litros por metro cuadrado, el 47 por ciento de los 55 litros por metro cuadrado habituales pero el portavoz de la AEMET destaca que toda esta cantidad se contabiliz\u00f3 al principio del mes de mayo.<\/p>\n<p>As\u00ed, la capital cordobesa no ha recibido precipitaciones en los \u00faltimos 92 d\u00edas, pero no es la vez que m\u00e1s tiempo ha estado sin llover en esta ciudad. En concreto, Del Campo apunta que en el verano de 2018 estuvo sin llover 91 d\u00edas; en 2016 hasta 107 d\u00edas y en 2019 estuvo sin caer ni gota de agua durante 117 d\u00edas consecutivos.<\/p>\n<p>Pero el portavoz ha adelantado que<strong> durante el mes de julio las precipitaciones no han llegado ni a la mitad de lo normal<\/strong>, ya que se ha contabilizado 9 litros por metro cuadrado en el conjunto de Espa\u00f1a, frente a los 18 litros por metro cuadros de media en este s\u00e9ptimo mes del a\u00f1o.<\/p>\n<p>Por ello, espera que el \u00edndice de sequ\u00eda meteorol\u00f3gica a final de julio ser\u00e1 \u00absimilar o incluso mayor que el de junio\u00bb. A final del sexto mes de 2021 el \u00edndice de sequ\u00eda meteorol\u00f3gica confirmaba que est\u00e1n en sequ\u00eda meteorol\u00f3gica \u00abtodas\u00bb las cuencas excepto el J\u00facar, el Segura.<\/p>\n","protected":false},"excerpt":{"rendered":"<p>(EP) &#8211; El trimestre comprendido entre mayo y julio de 2022 ha sido el m\u00e1s seco en el conjunto de Espa\u00f1a desde que hay registros, que comenzaron hace 57 a\u00f1os, seg\u00fan datos facilitados por la Agencia Estatal de Meteorolog\u00eda (AEMET) que confirman que excepto marzo y abril con lo transcurrido hasta ahora, el a\u00f1o 2022<\/p>\n","protected":false},"author":1,"featured_media":165116,"comment_status":"closed","ping_status":"closed","sticky":false,"template":"","format":"standard","meta":{"footnotes":""},"categories":[358],"tags":[429,466],"class_list":{"0":"post-165115","1":"post","2":"type-post","3":"status-publish","4":"format-standard","5":"has-post-thumbnail","7":"category-el-tiempo","8":"tag-el-tiempo","9":"tag-espana"},"aioseo_notices":[],"aioseo_head":"\n\t\t<!-- All in One SEO Pro 4.9.6.2 - aioseo.com -->\n\t<meta name=\"description\" content=\"(EP) - El trimestre comprendido entre mayo y julio de 2022 ha sido el m\u00e1s seco en el conjunto de Espa\u00f1a desde que hay registros, que comenzaron hace 57 a\u00f1o\" \/>\n\t<meta name=\"robots\" content=\"max-image-preview:large\" \/>\n\t<meta name=\"author\" content=\"Cand\u00e1s 365\"\/>\n\t<meta name=\"google-site-verification\" content=\"UA-32230408-1\" \/>\n\t<meta name=\"msvalidate.01\" content=\"354F3CDFB2DA171B47FBE9ABF1F88D5\" \/>\n\t<meta name=\"keywords\" content=\"el tiempo\" \/>\n\t<link rel=\"canonical\" href=\"https:\/\/candas365.es\/noticias\/el-ano-2022-esta-siendo-muy-seco\/\" \/>\n\t<meta name=\"generator\" content=\"All in One SEO Pro (AIOSEO) 4.9.6.2\" \/>\n\t\t<meta property=\"og:locale\" content=\"es_ES\" \/>\n\t\t<meta property=\"og:site_name\" content=\"Cand\u00e1s 365\" \/>\n\t\t<meta property=\"og:type\" content=\"article\" \/>\n\t\t<meta property=\"og:title\" content=\"El a\u00f1o 2022 est\u00e1 siendo muy seco | Cand\u00e1s 365\" \/>\n\t\t<meta property=\"og:description\" content=\"(EP) - El trimestre comprendido entre mayo y julio de 2022 ha sido el m\u00e1s seco en el conjunto de Espa\u00f1a desde que hay registros, que comenzaron hace 57 a\u00f1o\" \/>\n\t\t<meta property=\"og:url\" content=\"https:\/\/candas365.es\/noticias\/el-ano-2022-esta-siendo-muy-seco\/\" \/>\n\t\t<meta property=\"og:image\" content=\"https:\/\/candas365.es\/noticias\/wp-content\/uploads\/2022\/08\/seco.jpg\" \/>\n\t\t<meta property=\"og:image:secure_url\" content=\"https:\/\/candas365.es\/noticias\/wp-content\/uploads\/2022\/08\/seco.jpg\" \/>\n\t\t<meta property=\"og:image:width\" content=\"1002\" \/>\n\t\t<meta property=\"og:image:height\" content=\"675\" \/>\n\t\t<meta property=\"article:published_time\" content=\"2022-08-15T14:54:02+00:00\" \/>\n\t\t<meta property=\"article:modified_time\" content=\"2022-08-15T14:54:02+00:00\" \/>\n\t\t<meta property=\"article:publisher\" content=\"https:\/\/www.facebook.com\/Nachofdezber\" \/>\n\t\t<meta property=\"article:author\" content=\"https:\/\/www.facebook.com\/carrenoactualidad\" \/>\n\t\t<meta name=\"twitter:card\" content=\"summary_large_image\" \/>\n\t\t<meta name=\"twitter:site\" content=\"@NabercoDigital\" \/>\n\t\t<meta name=\"twitter:title\" content=\"El a\u00f1o 2022 est\u00e1 siendo muy seco | Cand\u00e1s 365\" \/>\n\t\t<meta name=\"twitter:description\" content=\"(EP) - El trimestre comprendido entre mayo y julio de 2022 ha sido el m\u00e1s seco en el conjunto de Espa\u00f1a desde que hay registros, que comenzaron hace 57 a\u00f1o\" \/>\n\t\t<meta name=\"twitter:creator\" content=\"@nbasturias\" \/>\n\t\t<meta name=\"twitter:image\" content=\"https:\/\/candas365.es\/noticias\/wp-content\/uploads\/2022\/08\/seco.jpg\" \/>\n\t\t<meta name=\"twitter:label1\" content=\"Escrito por\" \/>\n\t\t<meta name=\"twitter:data1\" content=\"Cand\u00e1s 365\" \/>\n\t\t<meta name=\"twitter:label2\" content=\"Tiempo de lectura estimado\" \/>\n\t\t<meta name=\"twitter:data2\" content=\"4 minutos\" \/>\n\t\t<script type=\"application\/ld+json\" class=\"aioseo-schema\">\n\t\t\t{\"@context\":\"https:\\\/\\\/schema.org\",\"@graph\":[{\"@type\":\"BreadcrumbList\",\"@id\":\"https:\\\/\\\/candas365.es\\\/noticias\\\/el-ano-2022-esta-siendo-muy-seco\\\/#breadcrumblist\",\"itemListElement\":[{\"@type\":\"ListItem\",\"@id\":\"https:\\\/\\\/candas365.es\\\/noticias#listItem\",\"position\":1,\"name\":\"Home\",\"item\":\"https:\\\/\\\/candas365.es\\\/noticias\",\"nextItem\":{\"@type\":\"ListItem\",\"@id\":\"https:\\\/\\\/candas365.es\\\/noticias\\\/category\\\/el-tiempo\\\/#listItem\",\"name\":\"El tiempo\"}},{\"@type\":\"ListItem\",\"@id\":\"https:\\\/\\\/candas365.es\\\/noticias\\\/category\\\/el-tiempo\\\/#listItem\",\"position\":2,\"name\":\"El tiempo\",\"item\":\"https:\\\/\\\/candas365.es\\\/noticias\\\/category\\\/el-tiempo\\\/\",\"nextItem\":{\"@type\":\"ListItem\",\"@id\":\"https:\\\/\\\/candas365.es\\\/noticias\\\/el-ano-2022-esta-siendo-muy-seco\\\/#listItem\",\"name\":\"El a\\u00f1o 2022 est\\u00e1 siendo muy seco\"},\"previousItem\":{\"@type\":\"ListItem\",\"@id\":\"https:\\\/\\\/candas365.es\\\/noticias#listItem\",\"name\":\"Home\"}},{\"@type\":\"ListItem\",\"@id\":\"https:\\\/\\\/candas365.es\\\/noticias\\\/el-ano-2022-esta-siendo-muy-seco\\\/#listItem\",\"position\":3,\"name\":\"El a\\u00f1o 2022 est\\u00e1 siendo muy seco\",\"previousItem\":{\"@type\":\"ListItem\",\"@id\":\"https:\\\/\\\/candas365.es\\\/noticias\\\/category\\\/el-tiempo\\\/#listItem\",\"name\":\"El tiempo\"}}]},{\"@type\":\"NewsArticle\",\"@id\":\"https:\\\/\\\/candas365.es\\\/noticias\\\/el-ano-2022-esta-siendo-muy-seco\\\/#newsarticle\",\"name\":\"El a\\u00f1o 2022 est\\u00e1 siendo muy seco | Cand\\u00e1s 365\",\"headline\":\"El a\\u00f1o 2022 est\\u00e1 siendo muy seco\",\"author\":{\"@id\":\"https:\\\/\\\/candas365.es\\\/noticias\\\/author\\\/admin\\\/#author\"},\"publisher\":{\"@id\":\"https:\\\/\\\/candas365.es\\\/noticias\\\/#organization\"},\"image\":{\"@type\":\"ImageObject\",\"url\":\"https:\\\/\\\/candas365.es\\\/noticias\\\/wp-content\\\/uploads\\\/2022\\\/08\\\/seco.jpg\",\"width\":1002,\"height\":675,\"caption\":\"Foto: Carlos Castro - Europa Press\"},\"datePublished\":\"2022-08-15T16:54:02+02:00\",\"dateModified\":\"2022-08-15T16:54:02+02:00\",\"inLanguage\":\"es-ES\",\"mainEntityOfPage\":{\"@id\":\"https:\\\/\\\/candas365.es\\\/noticias\\\/el-ano-2022-esta-siendo-muy-seco\\\/#webpage\"},\"isPartOf\":{\"@id\":\"https:\\\/\\\/candas365.es\\\/noticias\\\/el-ano-2022-esta-siendo-muy-seco\\\/#webpage\"},\"articleSection\":\"El tiempo, El tiempo, Espa\\u00f1a\",\"dateline\":\"Publicado el agosto 15, 2022.\"},{\"@type\":\"Organization\",\"@id\":\"https:\\\/\\\/candas365.es\\\/noticias\\\/#organization\",\"name\":\"Cand\\u00e1s 365\",\"description\":\"Cand\\u00e1s 365 es un diario digital independiente, fundado en 2012, con base en Asturias. Informamos con rigor sobre actualidad, sociedad, cultura y ocio, con una mirada local y global.\",\"url\":\"https:\\\/\\\/candas365.es\\\/noticias\\\/\",\"email\":\"info@candas365.es\",\"telephone\":\"+34652131393\",\"foundingDate\":\"2012-06-10\",\"logo\":{\"@type\":\"ImageObject\",\"url\":\"https:\\\/\\\/candas365.es\\\/noticias\\\/wp-content\\\/uploads\\\/2024\\\/09\\\/Candas-365-Redes.jpg\",\"@id\":\"https:\\\/\\\/candas365.es\\\/noticias\\\/el-ano-2022-esta-siendo-muy-seco\\\/#organizationLogo\",\"width\":1152,\"height\":864,\"caption\":\"Cand\\u00e1s 365 Redes\"},\"image\":{\"@id\":\"https:\\\/\\\/candas365.es\\\/noticias\\\/el-ano-2022-esta-siendo-muy-seco\\\/#organizationLogo\"},\"sameAs\":[\"https:\\\/\\\/www.facebook.com\\\/Nachofdezber\",\"https:\\\/\\\/x.com\\\/NabercoDigital\",\"https:\\\/\\\/www.instagram.com\\\/nachofdezber\\\/\",\"https:\\\/\\\/www.youtube.com\\\/channel\\\/UCZP-2wLEB9Rv6erhFmqVnvg\"],\"address\":{\"@id\":\"https:\\\/\\\/candas365.es\\\/noticias\\\/#postaladdress\",\"@type\":\"PostalAddress\",\"streetAddress\":\"san antonio 4, san antonio 4\",\"postalCode\":\"33430\",\"addressLocality\":\"Cand\\u00e1s\",\"addressRegion\":\"Asturias\",\"addressCountry\":\"ES\"}},{\"@type\":\"Person\",\"@id\":\"https:\\\/\\\/candas365.es\\\/noticias\\\/author\\\/admin\\\/#author\",\"url\":\"https:\\\/\\\/candas365.es\\\/noticias\\\/author\\\/admin\\\/\",\"name\":\"Cand\\u00e1s 365\",\"image\":{\"@type\":\"ImageObject\",\"@id\":\"https:\\\/\\\/candas365.es\\\/noticias\\\/el-ano-2022-esta-siendo-muy-seco\\\/#authorImage\",\"url\":\"https:\\\/\\\/secure.gravatar.com\\\/avatar\\\/496a8e03d0c493ede1718b7934145dbdf8d89be1036b0eec9544e1094c9de390?s=96&d=mm&r=g\",\"width\":96,\"height\":96,\"caption\":\"Cand\\u00e1s 365\"},\"sameAs\":[\"https:\\\/\\\/www.facebook.com\\\/carrenoactualidad\",\"https:\\\/\\\/twitter.com\\\/nbasturias\",\"https:\\\/\\\/www.instagram.com\\\/nachofdezber\\\/\",\"https:\\\/\\\/www.youtube.com\\\/channel\\\/UCZP-2wLEB9Rv6erhFmqVnvg\"]},{\"@type\":\"WebPage\",\"@id\":\"https:\\\/\\\/candas365.es\\\/noticias\\\/el-ano-2022-esta-siendo-muy-seco\\\/#webpage\",\"url\":\"https:\\\/\\\/candas365.es\\\/noticias\\\/el-ano-2022-esta-siendo-muy-seco\\\/\",\"name\":\"El a\\u00f1o 2022 est\\u00e1 siendo muy seco | Cand\\u00e1s 365\",\"description\":\"(EP) - El trimestre comprendido entre mayo y julio de 2022 ha sido el m\\u00e1s seco en el conjunto de Espa\\u00f1a desde que hay registros, que comenzaron hace 57 a\\u00f1o\",\"inLanguage\":\"es-ES\",\"isPartOf\":{\"@id\":\"https:\\\/\\\/candas365.es\\\/noticias\\\/#website\"},\"breadcrumb\":{\"@id\":\"https:\\\/\\\/candas365.es\\\/noticias\\\/el-ano-2022-esta-siendo-muy-seco\\\/#breadcrumblist\"},\"author\":{\"@id\":\"https:\\\/\\\/candas365.es\\\/noticias\\\/author\\\/admin\\\/#author\"},\"creator\":{\"@id\":\"https:\\\/\\\/candas365.es\\\/noticias\\\/author\\\/admin\\\/#author\"},\"image\":{\"@type\":\"ImageObject\",\"url\":\"https:\\\/\\\/candas365.es\\\/noticias\\\/wp-content\\\/uploads\\\/2022\\\/08\\\/seco.jpg\",\"@id\":\"https:\\\/\\\/candas365.es\\\/noticias\\\/el-ano-2022-esta-siendo-muy-seco\\\/#mainImage\",\"width\":1002,\"height\":675,\"caption\":\"Foto: Carlos Castro - Europa Press\"},\"primaryImageOfPage\":{\"@id\":\"https:\\\/\\\/candas365.es\\\/noticias\\\/el-ano-2022-esta-siendo-muy-seco\\\/#mainImage\"},\"datePublished\":\"2022-08-15T16:54:02+02:00\",\"dateModified\":\"2022-08-15T16:54:02+02:00\"},{\"@type\":\"WebSite\",\"@id\":\"https:\\\/\\\/candas365.es\\\/noticias\\\/#website\",\"url\":\"https:\\\/\\\/candas365.es\\\/noticias\\\/\",\"name\":\"Cand\\u00e1s 365\",\"alternateName\":\"Cand\\u00e1s 365 Noticias\",\"description\":\"Actualidad desde Carre\\u00f1o para el mundo\",\"inLanguage\":\"es-ES\",\"publisher\":{\"@id\":\"https:\\\/\\\/candas365.es\\\/noticias\\\/#organization\"}}]}\n\t\t<\/script>\n\t\t<!-- All in One SEO Pro -->\r\n\t\t<title>El a\u00f1o 2022 est\u00e1 siendo muy seco | Cand\u00e1s 365<\/title>\n\n","aioseo_head_json":{"title":"El a\u00f1o 2022 est\u00e1 siendo muy seco | Cand\u00e1s 365","description":"(EP) - El trimestre comprendido entre mayo y julio de 2022 ha sido el m\u00e1s seco en el conjunto de Espa\u00f1a desde que hay registros, que comenzaron hace 57 a\u00f1o","canonical_url":"https:\/\/candas365.es\/noticias\/el-ano-2022-esta-siendo-muy-seco\/","robots":"max-image-preview:large","keywords":"el tiempo","webmasterTools":{"google-site-verification":"UA-32230408-1","msvalidate.01":"354F3CDFB2DA171B47FBE9ABF1F88D5","miscellaneous":""},"schema":{"@context":"https:\/\/schema.org","@graph":[{"@type":"BreadcrumbList","@id":"https:\/\/candas365.es\/noticias\/el-ano-2022-esta-siendo-muy-seco\/#breadcrumblist","itemListElement":[{"@type":"ListItem","@id":"https:\/\/candas365.es\/noticias#listItem","position":1,"name":"Home","item":"https:\/\/candas365.es\/noticias","nextItem":{"@type":"ListItem","@id":"https:\/\/candas365.es\/noticias\/category\/el-tiempo\/#listItem","name":"El tiempo"}},{"@type":"ListItem","@id":"https:\/\/candas365.es\/noticias\/category\/el-tiempo\/#listItem","position":2,"name":"El tiempo","item":"https:\/\/candas365.es\/noticias\/category\/el-tiempo\/","nextItem":{"@type":"ListItem","@id":"https:\/\/candas365.es\/noticias\/el-ano-2022-esta-siendo-muy-seco\/#listItem","name":"El a\u00f1o 2022 est\u00e1 siendo muy seco"},"previousItem":{"@type":"ListItem","@id":"https:\/\/candas365.es\/noticias#listItem","name":"Home"}},{"@type":"ListItem","@id":"https:\/\/candas365.es\/noticias\/el-ano-2022-esta-siendo-muy-seco\/#listItem","position":3,"name":"El a\u00f1o 2022 est\u00e1 siendo muy seco","previousItem":{"@type":"ListItem","@id":"https:\/\/candas365.es\/noticias\/category\/el-tiempo\/#listItem","name":"El tiempo"}}]},{"@type":"NewsArticle","@id":"https:\/\/candas365.es\/noticias\/el-ano-2022-esta-siendo-muy-seco\/#newsarticle","name":"El a\u00f1o 2022 est\u00e1 siendo muy seco | Cand\u00e1s 365","headline":"El a\u00f1o 2022 est\u00e1 siendo muy seco","author":{"@id":"https:\/\/candas365.es\/noticias\/author\/admin\/#author"},"publisher":{"@id":"https:\/\/candas365.es\/noticias\/#organization"},"image":{"@type":"ImageObject","url":"https:\/\/candas365.es\/noticias\/wp-content\/uploads\/2022\/08\/seco.jpg","width":1002,"height":675,"caption":"Foto: Carlos Castro - Europa Press"},"datePublished":"2022-08-15T16:54:02+02:00","dateModified":"2022-08-15T16:54:02+02:00","inLanguage":"es-ES","mainEntityOfPage":{"@id":"https:\/\/candas365.es\/noticias\/el-ano-2022-esta-siendo-muy-seco\/#webpage"},"isPartOf":{"@id":"https:\/\/candas365.es\/noticias\/el-ano-2022-esta-siendo-muy-seco\/#webpage"},"articleSection":"El tiempo, El tiempo, Espa\u00f1a","dateline":"Publicado el agosto 15, 2022."},{"@type":"Organization","@id":"https:\/\/candas365.es\/noticias\/#organization","name":"Cand\u00e1s 365","description":"Cand\u00e1s 365 es un diario digital independiente, fundado en 2012, con base en Asturias. Informamos con rigor sobre actualidad, sociedad, cultura y ocio, con una mirada local y global.","url":"https:\/\/candas365.es\/noticias\/","email":"info@candas365.es","telephone":"+34652131393","foundingDate":"2012-06-10","logo":{"@type":"ImageObject","url":"https:\/\/candas365.es\/noticias\/wp-content\/uploads\/2024\/09\/Candas-365-Redes.jpg","@id":"https:\/\/candas365.es\/noticias\/el-ano-2022-esta-siendo-muy-seco\/#organizationLogo","width":1152,"height":864,"caption":"Cand\u00e1s 365 Redes"},"image":{"@id":"https:\/\/candas365.es\/noticias\/el-ano-2022-esta-siendo-muy-seco\/#organizationLogo"},"sameAs":["https:\/\/www.facebook.com\/Nachofdezber","https:\/\/x.com\/NabercoDigital","https:\/\/www.instagram.com\/nachofdezber\/","https:\/\/www.youtube.com\/channel\/UCZP-2wLEB9Rv6erhFmqVnvg"],"address":{"@id":"https:\/\/candas365.es\/noticias\/#postaladdress","@type":"PostalAddress","streetAddress":"san antonio 4, san antonio 4","postalCode":"33430","addressLocality":"Cand\u00e1s","addressRegion":"Asturias","addressCountry":"ES"}},{"@type":"Person","@id":"https:\/\/candas365.es\/noticias\/author\/admin\/#author","url":"https:\/\/candas365.es\/noticias\/author\/admin\/","name":"Cand\u00e1s 365","image":{"@type":"ImageObject","@id":"https:\/\/candas365.es\/noticias\/el-ano-2022-esta-siendo-muy-seco\/#authorImage","url":"https:\/\/secure.gravatar.com\/avatar\/496a8e03d0c493ede1718b7934145dbdf8d89be1036b0eec9544e1094c9de390?s=96&d=mm&r=g","width":96,"height":96,"caption":"Cand\u00e1s 365"},"sameAs":["https:\/\/www.facebook.com\/carrenoactualidad","https:\/\/twitter.com\/nbasturias","https:\/\/www.instagram.com\/nachofdezber\/","https:\/\/www.youtube.com\/channel\/UCZP-2wLEB9Rv6erhFmqVnvg"]},{"@type":"WebPage","@id":"https:\/\/candas365.es\/noticias\/el-ano-2022-esta-siendo-muy-seco\/#webpage","url":"https:\/\/candas365.es\/noticias\/el-ano-2022-esta-siendo-muy-seco\/","name":"El a\u00f1o 2022 est\u00e1 siendo muy seco | Cand\u00e1s 365","description":"(EP) - El trimestre comprendido entre mayo y julio de 2022 ha sido el m\u00e1s seco en el conjunto de Espa\u00f1a desde que hay registros, que comenzaron hace 57 a\u00f1o","inLanguage":"es-ES","isPartOf":{"@id":"https:\/\/candas365.es\/noticias\/#website"},"breadcrumb":{"@id":"https:\/\/candas365.es\/noticias\/el-ano-2022-esta-siendo-muy-seco\/#breadcrumblist"},"author":{"@id":"https:\/\/candas365.es\/noticias\/author\/admin\/#author"},"creator":{"@id":"https:\/\/candas365.es\/noticias\/author\/admin\/#author"},"image":{"@type":"ImageObject","url":"https:\/\/candas365.es\/noticias\/wp-content\/uploads\/2022\/08\/seco.jpg","@id":"https:\/\/candas365.es\/noticias\/el-ano-2022-esta-siendo-muy-seco\/#mainImage","width":1002,"height":675,"caption":"Foto: Carlos Castro - Europa Press"},"primaryImageOfPage":{"@id":"https:\/\/candas365.es\/noticias\/el-ano-2022-esta-siendo-muy-seco\/#mainImage"},"datePublished":"2022-08-15T16:54:02+02:00","dateModified":"2022-08-15T16:54:02+02:00"},{"@type":"WebSite","@id":"https:\/\/candas365.es\/noticias\/#website","url":"https:\/\/candas365.es\/noticias\/","name":"Cand\u00e1s 365","alternateName":"Cand\u00e1s 365 Noticias","description":"Actualidad desde Carre\u00f1o para el mundo","inLanguage":"es-ES","publisher":{"@id":"https:\/\/candas365.es\/noticias\/#organization"}}]},"og:locale":"es_ES","og:site_name":"Cand\u00e1s 365","og:type":"article","og:title":"El a\u00f1o 2022 est\u00e1 siendo muy seco | Cand\u00e1s 365","og:description":"(EP) - El trimestre comprendido entre mayo y julio de 2022 ha sido el m\u00e1s seco en el conjunto de Espa\u00f1a desde que hay registros, que comenzaron hace 57 a\u00f1o","og:url":"https:\/\/candas365.es\/noticias\/el-ano-2022-esta-siendo-muy-seco\/","og:image":"https:\/\/candas365.es\/noticias\/wp-content\/uploads\/2022\/08\/seco.jpg","og:image:secure_url":"https:\/\/candas365.es\/noticias\/wp-content\/uploads\/2022\/08\/seco.jpg","og:image:width":1002,"og:image:height":675,"article:published_time":"2022-08-15T14:54:02+00:00","article:modified_time":"2022-08-15T14:54:02+00:00","article:publisher":"https:\/\/www.facebook.com\/Nachofdezber","article:author":"https:\/\/www.facebook.com\/carrenoactualidad","twitter:card":"summary_large_image","twitter:site":"@NabercoDigital","twitter:title":"El a\u00f1o 2022 est\u00e1 siendo muy seco | Cand\u00e1s 365","twitter:description":"(EP) - El trimestre comprendido entre mayo y julio de 2022 ha sido el m\u00e1s seco en el conjunto de Espa\u00f1a desde que hay registros, que comenzaron hace 57 a\u00f1o","twitter:creator":"@nbasturias","twitter:image":"https:\/\/candas365.es\/noticias\/wp-content\/uploads\/2022\/08\/seco.jpg","twitter:label1":"Escrito por","twitter:data1":"Cand\u00e1s 365","twitter:label2":"Tiempo de lectura estimado","twitter:data2":"4 minutos"},"aioseo_meta_data":{"post_id":"165115","title":null,"description":"(EP) - El trimestre comprendido entre mayo y julio de 2022 ha sido el m\u00e1s seco en el conjunto de Espa\u00f1a desde que hay registros, que comenzaron hace 57 a\u00f1o","keywords":[],"keyphrases":{"focus":{"keyphrase":"seco","score":92,"analysis":{"keyphraseInTitle":{"title":"Focus keyphrase in SEO title","description":"Focus keyphrase found in SEO title.","score":9,"maxScore":9,"error":0},"keyphraseInDescription":{"title":"Focus keyphrase in meta description","description":"Focus keyphrase found in meta description.","score":9,"maxScore":9,"error":0},"keyphraseLength":{"title":"Focus keyphrase length","description":"Good job!","score":9,"maxScore":9,"error":0,"length":1},"keyphraseInURL":{"title":"Focus keyphrase in URL","description":"Focus keyphrase not found in the URL.","score":1,"maxScore":5,"error":1},"keyphraseInIntroduction":{"title":"Focus keyphrase in introduction","description":"Your Focus keyphrase appears in the first paragraph. Well done!","score":9,"maxScore":9,"error":0},"keyphraseInSubHeadings":[],"keyphraseInImageAlt":{"title":"Focus keyphrase in image alt attributes","description":"Focus keyphrase found in image alt attribute(s).","score":9,"maxScore":9,"error":0}}},"additional":[{"keyphrase":"el m\u00e1s seco","score":83,"analysis":{"keyphraseInDescription":{"title":"Keyphrase in meta description","description":"Keyphrase found in meta description.","score":9,"maxScore":9,"error":0},"keyphraseLength":{"title":"Keyphrase length","description":"Good job!","score":9,"maxScore":9,"error":0,"length":3},"keyphraseInIntroduction":{"title":"Keyphrase in introduction","description":"Your Keyphrase appears in the first paragraph. Well done!","score":9,"maxScore":9,"error":0},"keyphraseInImageAlt":{"title":"Keyphrase in image alt attributes","description":"Keyphrase not found in image alt attribute(s). Add an image with your Keyphrase as alt text.","score":3,"maxScore":9,"error":1}}}]},"primary_term":null,"canonical_url":null,"og_title":null,"og_description":null,"og_object_type":"default","og_image_type":"default","og_image_url":null,"og_image_width":null,"og_image_height":null,"og_image_custom_url":null,"og_image_custom_fields":null,"og_video":"","og_custom_url":null,"og_article_section":null,"og_article_tags":[],"twitter_use_og":false,"twitter_card":"default","twitter_image_type":"default","twitter_image_url":null,"twitter_image_custom_url":null,"twitter_image_custom_fields":null,"twitter_title":null,"twitter_description":null,"schema":{"blockGraphs":[],"customGraphs":[],"default":{"data":{"Article":[],"Course":[],"Dataset":[],"FAQPage":[],"Movie":[],"Person":[],"Product":[],"ProductReview":[],"Car":[],"Recipe":[],"Service":[],"SoftwareApplication":[],"WebPage":[]},"graphName":"","isEnabled":true},"graphs":[],"defaultGraph":"Article","defaultPostTypeGraph":""},"schema_type":"default","schema_type_options":"{\"article\":{\"articleType\":\"BlogPosting\"},\"course\":{\"name\":\"\",\"description\":\"\",\"provider\":\"\"},\"faq\":{\"pages\":[]},\"product\":{\"reviews\":[]},\"recipe\":{\"ingredients\":[],\"instructions\":[],\"keywords\":[]},\"software\":{\"reviews\":[],\"operatingSystems\":[]},\"webPage\":{\"webPageType\":\"WebPage\"},\"blockGraphs\":[]}","pillar_content":false,"robots_default":true,"robots_noindex":false,"robots_noarchive":false,"robots_nosnippet":false,"robots_nofollow":false,"robots_noimageindex":false,"robots_noodp":false,"robots_notranslate":false,"robots_max_snippet":"-1","robots_max_videopreview":"-1","robots_max_imagepreview":"large","priority":null,"frequency":"default","location":null,"local_seo":null,"seo_analyzer_scan_date":"2025-09-01 10:53:02","breadcrumb_settings":null,"limit_modified_date":false,"reviewed_by":null,"open_ai":null,"ai":null,"created":"2022-08-15 14:34:32","updated":"2025-09-01 10:53:02"},"aioseo_breadcrumb":"<div class=\"aioseo-breadcrumbs\"><span class=\"aioseo-breadcrumb\">\n\t<a href=\"https:\/\/candas365.es\/noticias\" title=\"Home\">Home<\/a>\n<\/span><span class=\"aioseo-breadcrumb-separator\">&ndash;<\/span><span class=\"aioseo-breadcrumb\">\n\t<a href=\"https:\/\/candas365.es\/noticias\/category\/el-tiempo\/\" title=\"El tiempo\">El tiempo<\/a>\n<\/span><span class=\"aioseo-breadcrumb-separator\">&ndash;<\/span><span class=\"aioseo-breadcrumb\">\n\tEl a\u00f1o 2022 est\u00e1 siendo muy seco\n<\/span><\/div>","aioseo_breadcrumb_json":[{"label":"Home","link":"https:\/\/candas365.es\/noticias"},{"label":"El tiempo","link":"https:\/\/candas365.es\/noticias\/category\/el-tiempo\/"},{"label":"El a\u00f1o 2022 est\u00e1 siendo muy seco","link":"https:\/\/candas365.es\/noticias\/el-ano-2022-esta-siendo-muy-seco\/"}],"_links":{"self":[{"href":"https:\/\/candas365.es\/noticias\/wp-json\/wp\/v2\/posts\/165115","targetHints":{"allow":["GET"]}}],"collection":[{"href":"https:\/\/candas365.es\/noticias\/wp-json\/wp\/v2\/posts"}],"about":[{"href":"https:\/\/candas365.es\/noticias\/wp-json\/wp\/v2\/types\/post"}],"author":[{"embeddable":true,"href":"https:\/\/candas365.es\/noticias\/wp-json\/wp\/v2\/users\/1"}],"replies":[{"embeddable":true,"href":"https:\/\/candas365.es\/noticias\/wp-json\/wp\/v2\/comments?post=165115"}],"version-history":[{"count":0,"href":"https:\/\/candas365.es\/noticias\/wp-json\/wp\/v2\/posts\/165115\/revisions"}],"wp:featuredmedia":[{"embeddable":true,"href":"https:\/\/candas365.es\/noticias\/wp-json\/wp\/v2\/media\/165116"}],"wp:attachment":[{"href":"https:\/\/candas365.es\/noticias\/wp-json\/wp\/v2\/media?parent=165115"}],"wp:term":[{"taxonomy":"category","embeddable":true,"href":"https:\/\/candas365.es\/noticias\/wp-json\/wp\/v2\/categories?post=165115"},{"taxonomy":"post_tag","embeddable":true,"href":"https:\/\/candas365.es\/noticias\/wp-json\/wp\/v2\/tags?post=165115"}],"curies":[{"name":"wp","href":"https:\/\/api.w.org\/{rel}","templated":true}]}}