{"id":164885,"date":"2022-08-09T09:10:44","date_gmt":"2022-08-09T07:10:44","guid":{"rendered":"https:\/\/candas365.es\/noticias\/?p=164885"},"modified":"2022-08-09T09:10:44","modified_gmt":"2022-08-09T07:10:44","slug":"disfrutar-de-las-calas-de-islas-canarias-en-otono","status":"publish","type":"post","link":"https:\/\/candas365.es\/noticias\/disfrutar-de-las-calas-de-islas-canarias-en-otono\/","title":{"rendered":"Disfrutar de las calas de Islas Canarias en Oto\u00f1o"},"content":{"rendered":"<p>Canarias, un lugar ideal para disfrutar de sus diferentes islas en cualquier \u00e9poca del a\u00f1o y tambi\u00e9n de <strong>sus calas, su ambiente, su gastronom\u00eda y sus fiestas, pero las islas te ofrecen mucho m\u00e1s y lo que te hemos mencionado es una peque\u00f1a parte de todo lo que puedes ver, sentir y vivir en un destino ideal para toda la familia o<\/strong> para para disfrutar de una aventura rom\u00e1ntica en Oto\u00f1o.<\/p>\n<p><img fetchpriority=\"high\" decoding=\"async\" class=\"aligncenter wp-image-164888 size-full\" src=\"https:\/\/candas365.es\/noticias\/wp-content\/uploads\/2022\/08\/calas.jpg\" alt=\"calas\" width=\"640\" height=\"473\" srcset=\"https:\/\/candas365.es\/noticias\/wp-content\/uploads\/2022\/08\/calas.jpg 640w, https:\/\/candas365.es\/noticias\/wp-content\/uploads\/2022\/08\/calas-360x266.jpg 360w, https:\/\/candas365.es\/noticias\/wp-content\/uploads\/2022\/08\/calas-150x111.jpg 150w, https:\/\/candas365.es\/noticias\/wp-content\/uploads\/2022\/08\/calas-450x333.jpg 450w\" sizes=\"(max-width: 640px) 100vw, 640px\" \/><\/p>\n<p>\u00bfPensando ya en esas pr\u00f3ximas vacaciones tras un verano en el que quiz\u00e1s hayas estado trabajando?\u00bfO eres de los que prefiere disfrutar de unas vacaciones en Oto\u00f1o? <strong><a title=\"Kumara Serenoa\" href=\"https:\/\/www.kumaraserenoabylopesan.com\/\" target=\"_blank\" rel=\"noopener\"><span style=\"color: #ff6600;\">Kumara Serenoa<\/span><\/a> te ofrece el mejor alojamiento y de lo \u00fanico que deber\u00e1s preocuparte ser\u00e1 de elegir fecha, hacer las maletas y disfrutar de las Islas Canarias.<\/strong><\/p>\n<h2>Vacaciones a la orilla del mar<\/h2>\n<p>Son muchas las personas que buscan <strong>mar, sol, buen clima y el ambiente perfecto para vivir sus vacaciones<\/strong>. Las Islas Canarias te ofrecer\u00e1n eso y mucho m\u00e1s.<strong> Playas hermosas, espacios verdes, una amplia y variada gastronom\u00eda, y noches en las que podr\u00e1s disfrutar de actividades, fiestas y de tus bebidas y bailes favoritos.<\/strong><\/p>\n<p>Una de las playas m\u00e1s famosas del mundo y que deber\u00edas visitar es la <strong>Playa de Las Canteras<\/strong>, un lugar lleno de historia, ideal para darse un buen ba\u00f1o, broncearse y caminar por su arena sintiendo el agua en tu cuerpo o en tus pies. Pero adem\u00e1s <strong>tambi\u00e9n te recomendamos recorrer la isla para conocer San Crist\u00f3bal Las Alcaravaneras, El Confital y La Laja<\/strong>, todas est\u00e1s playas las tienes en Las Palmas de Gran Canaria.<\/p>\n<p>En el caso de que quieras descubrir otras calas no lo dudes y <strong>pide toda la informaci\u00f3n necesaria en tu hotel o en una oficina de informaci\u00f3n tur\u00edstica<\/strong>, pues en la isla vas a encontrar preciosas calas en las que podr\u00e1s nadar, hacer fotos, realizar alguna actividad acu\u00e1tica o relajarte. Eso depender\u00e1 de tus gustos y aficiones.<\/p>\n<blockquote><p>La isla te ofrece su belleza y a ti te toca disfrutar del lugar, cuidar del entorno y vivir tus vacaciones.<\/p><\/blockquote>\n<h2>Disfrutar de las calas<\/h2>\n<p><img decoding=\"async\" class=\"aligncenter wp-image-164886 size-full\" src=\"https:\/\/candas365.es\/noticias\/wp-content\/uploads\/2022\/08\/Canarias.jpg\" alt=\"Canarias\" width=\"640\" height=\"426\" srcset=\"https:\/\/candas365.es\/noticias\/wp-content\/uploads\/2022\/08\/Canarias.jpg 640w, https:\/\/candas365.es\/noticias\/wp-content\/uploads\/2022\/08\/Canarias-360x240.jpg 360w, https:\/\/candas365.es\/noticias\/wp-content\/uploads\/2022\/08\/Canarias-150x100.jpg 150w, https:\/\/candas365.es\/noticias\/wp-content\/uploads\/2022\/08\/Canarias-450x300.jpg 450w\" sizes=\"(max-width: 640px) 100vw, 640px\" \/><\/p>\n<p>No sabr\u00edamos decirte con exactitud cu\u00e1ntas<strong> calas<\/strong> podr\u00e1s ver o conocer durante tus vacaciones en la isla, <strong>pero lo que s<\/strong>\u00ed<strong> te recomendamos es que en tu maleta no falte ni el bronceador, la ropa de ba\u00f1o, calzado c\u00f3modo y seguro para tus excursiones y tu c\u00e1mara de fotos o el m\u00f3vil para que as\u00ed puedas inmortalizar momentos<\/strong> tan bellos como pueden ser una amanecer, un atardecer o una jornada sentado sobre la arena dejando que el sonido del mar active todos y cada uno de tus sentidos.<\/p>\n<p>Cuando hablamos de Canarias o de otro lugar hermoso de los que tenemos en Espa\u00f1a o en el resto del mundo tambi\u00e9n es importante d<strong>isfrutar cuidando nuestro entorno y no corriendo riesgos innecesarios.<\/strong><\/p>\n<p>Las mejores vacaciones y experiencias que podemos tener en la vida son aquellas que nos hacen volver a casa cargados de buenos recuerdos y de bonitas an\u00e9cdotas que podremos contar a la familia, compa\u00f1eros de trabajo o amigos.<\/p>\n<p><img decoding=\"async\" class=\"aligncenter wp-image-164887 size-full\" src=\"https:\/\/candas365.es\/noticias\/wp-content\/uploads\/2022\/08\/Canarias-playas.jpg\" alt=\"Canarias playas\" width=\"640\" height=\"426\" srcset=\"https:\/\/candas365.es\/noticias\/wp-content\/uploads\/2022\/08\/Canarias-playas.jpg 640w, https:\/\/candas365.es\/noticias\/wp-content\/uploads\/2022\/08\/Canarias-playas-360x240.jpg 360w, https:\/\/candas365.es\/noticias\/wp-content\/uploads\/2022\/08\/Canarias-playas-150x100.jpg 150w, https:\/\/candas365.es\/noticias\/wp-content\/uploads\/2022\/08\/Canarias-playas-450x300.jpg 450w\" sizes=\"(max-width: 640px) 100vw, 640px\" \/><\/p>\n<p>En algunas calas la noche es una fiesta, y en otras encontrar\u00e1s locales en los que podr\u00e1s disfrutar de una buena comida, una cena o de un aperitivo. Y tambi\u00e9n de los deportes. <strong>Un partido de voley playa, bucear, hacer surf o subirte a una canoa y navegar tranquilamente cerca de la orilla.<\/strong><\/p>\n<h2>Alojamiento de calidad y una isla para enamorarse<\/h2>\n<p>En el caso de que quieras vivir t<strong>us vacaciones en un hotel de calidad recuerda el que te hemos mencionado<\/strong>. La calidad de sus habitaciones, el trato al cliente, las buenas valoraciones que tiene en internet y su oferta de ocio, sabores y actividades ser\u00e1 el complemento perfecto para vivir unos d\u00edas o unas semanas inolvidables.<\/p>\n<blockquote><p>Restaurante buffet, gimnasio para aquellos que quieran realizar ejercicio, parque infantil para los m\u00e1s peque\u00f1os de la familia, m\u00fasica en vivo, piscinas y acceso para personas con movilidad reducida son algunos de los servicios que podr\u00e1s disfrutar.<\/p><\/blockquote>\n<p>\u00bfGanas de playa? \u00bfGanas de conocer nuevas calas y de disfrutar de las Islas Canarias? Ve haciendo tu reserva y no lo dudes, en Oto\u00f1o te mereces vivir las mejores vacaciones de tu vida.<\/p>\n","protected":false},"excerpt":{"rendered":"<p>Canarias, un lugar ideal para disfrutar de sus diferentes islas en cualquier \u00e9poca del a\u00f1o y tambi\u00e9n de sus calas, su ambiente, su gastronom\u00eda y sus fiestas, pero las islas te ofrecen mucho m\u00e1s y lo que te hemos mencionado es una peque\u00f1a parte de todo lo que puedes ver, sentir y vivir en un<\/p>\n","protected":false},"author":1,"featured_media":164888,"comment_status":"closed","ping_status":"closed","sticky":false,"template":"","format":"standard","meta":{"footnotes":""},"categories":[359],"tags":[412,411],"class_list":{"0":"post-164885","1":"post","2":"type-post","3":"status-publish","4":"format-standard","5":"has-post-thumbnail","7":"category-turismo","8":"tag-turismo","9":"tag-viajes"},"aioseo_notices":[],"aioseo_head":"\n\t\t<!-- All in One SEO Pro 4.9.6.2 - aioseo.com -->\n\t<meta name=\"description\" content=\"Canarias, un lugar ideal para disfrutar de sus diferentes islas en cualquier \u00e9poca del a\u00f1o y tambi\u00e9n de sus calas, su ambiente, su gastronom\u00eda y sus fiestas\" \/>\n\t<meta name=\"robots\" content=\"max-image-preview:large\" \/>\n\t<meta name=\"author\" content=\"Cand\u00e1s 365\"\/>\n\t<meta name=\"google-site-verification\" content=\"UA-32230408-1\" \/>\n\t<meta name=\"msvalidate.01\" content=\"354F3CDFB2DA171B47FBE9ABF1F88D5\" \/>\n\t<meta name=\"keywords\" content=\"turismo\" \/>\n\t<link rel=\"canonical\" href=\"https:\/\/candas365.es\/noticias\/disfrutar-de-las-calas-de-islas-canarias-en-otono\/\" \/>\n\t<meta name=\"generator\" content=\"All in One SEO Pro (AIOSEO) 4.9.6.2\" \/>\n\t\t<meta property=\"og:locale\" content=\"es_ES\" \/>\n\t\t<meta property=\"og:site_name\" content=\"Cand\u00e1s 365\" \/>\n\t\t<meta property=\"og:type\" content=\"article\" \/>\n\t\t<meta property=\"og:title\" content=\"Disfrutar de las calas de Islas Canarias en Oto\u00f1o | Cand\u00e1s 365\" \/>\n\t\t<meta property=\"og:description\" content=\"Canarias, un lugar ideal para disfrutar de sus diferentes islas en cualquier \u00e9poca del a\u00f1o y tambi\u00e9n de sus calas, su ambiente, su gastronom\u00eda y sus fiestas\" \/>\n\t\t<meta property=\"og:url\" content=\"https:\/\/candas365.es\/noticias\/disfrutar-de-las-calas-de-islas-canarias-en-otono\/\" \/>\n\t\t<meta property=\"og:image\" content=\"https:\/\/candas365.es\/noticias\/wp-content\/uploads\/2022\/08\/calas.jpg\" \/>\n\t\t<meta property=\"og:image:secure_url\" content=\"https:\/\/candas365.es\/noticias\/wp-content\/uploads\/2022\/08\/calas.jpg\" \/>\n\t\t<meta property=\"og:image:width\" content=\"640\" \/>\n\t\t<meta property=\"og:image:height\" content=\"473\" \/>\n\t\t<meta property=\"article:published_time\" content=\"2022-08-09T07:10:44+00:00\" \/>\n\t\t<meta property=\"article:modified_time\" content=\"2022-08-09T07:10:44+00:00\" \/>\n\t\t<meta property=\"article:publisher\" content=\"https:\/\/www.facebook.com\/Nachofdezber\" \/>\n\t\t<meta property=\"article:author\" content=\"https:\/\/www.facebook.com\/carrenoactualidad\" \/>\n\t\t<meta name=\"twitter:card\" content=\"summary_large_image\" \/>\n\t\t<meta name=\"twitter:site\" content=\"@NabercoDigital\" \/>\n\t\t<meta name=\"twitter:title\" content=\"Disfrutar de las calas de Islas Canarias en Oto\u00f1o | Cand\u00e1s 365\" \/>\n\t\t<meta name=\"twitter:description\" content=\"Canarias, un lugar ideal para disfrutar de sus diferentes islas en cualquier \u00e9poca del a\u00f1o y tambi\u00e9n de sus calas, su ambiente, su gastronom\u00eda y sus fiestas\" \/>\n\t\t<meta name=\"twitter:creator\" content=\"@nbasturias\" \/>\n\t\t<meta name=\"twitter:image\" content=\"https:\/\/candas365.es\/noticias\/wp-content\/uploads\/2022\/08\/calas.jpg\" \/>\n\t\t<meta name=\"twitter:label1\" content=\"Escrito por\" \/>\n\t\t<meta name=\"twitter:data1\" content=\"Cand\u00e1s 365\" \/>\n\t\t<meta name=\"twitter:label2\" content=\"Tiempo de lectura estimado\" \/>\n\t\t<meta name=\"twitter:data2\" content=\"4 minutos\" \/>\n\t\t<script type=\"application\/ld+json\" class=\"aioseo-schema\">\n\t\t\t{\"@context\":\"https:\\\/\\\/schema.org\",\"@graph\":[{\"@type\":\"BreadcrumbList\",\"@id\":\"https:\\\/\\\/candas365.es\\\/noticias\\\/disfrutar-de-las-calas-de-islas-canarias-en-otono\\\/#breadcrumblist\",\"itemListElement\":[{\"@type\":\"ListItem\",\"@id\":\"https:\\\/\\\/candas365.es\\\/noticias#listItem\",\"position\":1,\"name\":\"Home\",\"item\":\"https:\\\/\\\/candas365.es\\\/noticias\",\"nextItem\":{\"@type\":\"ListItem\",\"@id\":\"https:\\\/\\\/candas365.es\\\/noticias\\\/category\\\/turismo\\\/#listItem\",\"name\":\"Turismo\"}},{\"@type\":\"ListItem\",\"@id\":\"https:\\\/\\\/candas365.es\\\/noticias\\\/category\\\/turismo\\\/#listItem\",\"position\":2,\"name\":\"Turismo\",\"item\":\"https:\\\/\\\/candas365.es\\\/noticias\\\/category\\\/turismo\\\/\",\"nextItem\":{\"@type\":\"ListItem\",\"@id\":\"https:\\\/\\\/candas365.es\\\/noticias\\\/disfrutar-de-las-calas-de-islas-canarias-en-otono\\\/#listItem\",\"name\":\"Disfrutar de las calas de Islas Canarias en Oto\\u00f1o\"},\"previousItem\":{\"@type\":\"ListItem\",\"@id\":\"https:\\\/\\\/candas365.es\\\/noticias#listItem\",\"name\":\"Home\"}},{\"@type\":\"ListItem\",\"@id\":\"https:\\\/\\\/candas365.es\\\/noticias\\\/disfrutar-de-las-calas-de-islas-canarias-en-otono\\\/#listItem\",\"position\":3,\"name\":\"Disfrutar de las calas de Islas Canarias en Oto\\u00f1o\",\"previousItem\":{\"@type\":\"ListItem\",\"@id\":\"https:\\\/\\\/candas365.es\\\/noticias\\\/category\\\/turismo\\\/#listItem\",\"name\":\"Turismo\"}}]},{\"@type\":\"NewsArticle\",\"@id\":\"https:\\\/\\\/candas365.es\\\/noticias\\\/disfrutar-de-las-calas-de-islas-canarias-en-otono\\\/#newsarticle\",\"name\":\"Disfrutar de las calas de Islas Canarias en Oto\\u00f1o | Cand\\u00e1s 365\",\"headline\":\"Disfrutar de las calas de Islas Canarias en Oto\\u00f1o\",\"author\":{\"@id\":\"https:\\\/\\\/candas365.es\\\/noticias\\\/author\\\/admin\\\/#author\"},\"publisher\":{\"@id\":\"https:\\\/\\\/candas365.es\\\/noticias\\\/#organization\"},\"image\":{\"@type\":\"ImageObject\",\"url\":\"https:\\\/\\\/candas365.es\\\/noticias\\\/wp-content\\\/uploads\\\/2022\\\/08\\\/calas.jpg\",\"width\":640,\"height\":473,\"caption\":\"calas\"},\"datePublished\":\"2022-08-09T09:10:44+02:00\",\"dateModified\":\"2022-08-09T09:10:44+02:00\",\"inLanguage\":\"es-ES\",\"mainEntityOfPage\":{\"@id\":\"https:\\\/\\\/candas365.es\\\/noticias\\\/disfrutar-de-las-calas-de-islas-canarias-en-otono\\\/#webpage\"},\"isPartOf\":{\"@id\":\"https:\\\/\\\/candas365.es\\\/noticias\\\/disfrutar-de-las-calas-de-islas-canarias-en-otono\\\/#webpage\"},\"articleSection\":\"Turismo, turismo, viajes\",\"dateline\":\"Publicado el agosto 9, 2022.\"},{\"@type\":\"Organization\",\"@id\":\"https:\\\/\\\/candas365.es\\\/noticias\\\/#organization\",\"name\":\"Cand\\u00e1s 365\",\"description\":\"Cand\\u00e1s 365 es un diario digital independiente, fundado en 2012, con base en Asturias. Informamos con rigor sobre actualidad, sociedad, cultura y ocio, con una mirada local y global.\",\"url\":\"https:\\\/\\\/candas365.es\\\/noticias\\\/\",\"email\":\"info@candas365.es\",\"telephone\":\"+34652131393\",\"foundingDate\":\"2012-06-10\",\"logo\":{\"@type\":\"ImageObject\",\"url\":\"https:\\\/\\\/candas365.es\\\/noticias\\\/wp-content\\\/uploads\\\/2024\\\/09\\\/Candas-365-Redes.jpg\",\"@id\":\"https:\\\/\\\/candas365.es\\\/noticias\\\/disfrutar-de-las-calas-de-islas-canarias-en-otono\\\/#organizationLogo\",\"width\":1152,\"height\":864,\"caption\":\"Cand\\u00e1s 365 Redes\"},\"image\":{\"@id\":\"https:\\\/\\\/candas365.es\\\/noticias\\\/disfrutar-de-las-calas-de-islas-canarias-en-otono\\\/#organizationLogo\"},\"sameAs\":[\"https:\\\/\\\/www.facebook.com\\\/Nachofdezber\",\"https:\\\/\\\/x.com\\\/NabercoDigital\",\"https:\\\/\\\/www.instagram.com\\\/nachofdezber\\\/\",\"https:\\\/\\\/www.youtube.com\\\/channel\\\/UCZP-2wLEB9Rv6erhFmqVnvg\"],\"address\":{\"@id\":\"https:\\\/\\\/candas365.es\\\/noticias\\\/#postaladdress\",\"@type\":\"PostalAddress\",\"streetAddress\":\"san antonio 4, san antonio 4\",\"postalCode\":\"33430\",\"addressLocality\":\"Cand\\u00e1s\",\"addressRegion\":\"Asturias\",\"addressCountry\":\"ES\"}},{\"@type\":\"Person\",\"@id\":\"https:\\\/\\\/candas365.es\\\/noticias\\\/author\\\/admin\\\/#author\",\"url\":\"https:\\\/\\\/candas365.es\\\/noticias\\\/author\\\/admin\\\/\",\"name\":\"Cand\\u00e1s 365\",\"image\":{\"@type\":\"ImageObject\",\"@id\":\"https:\\\/\\\/candas365.es\\\/noticias\\\/disfrutar-de-las-calas-de-islas-canarias-en-otono\\\/#authorImage\",\"url\":\"https:\\\/\\\/secure.gravatar.com\\\/avatar\\\/496a8e03d0c493ede1718b7934145dbdf8d89be1036b0eec9544e1094c9de390?s=96&d=mm&r=g\",\"width\":96,\"height\":96,\"caption\":\"Cand\\u00e1s 365\"},\"sameAs\":[\"https:\\\/\\\/www.facebook.com\\\/carrenoactualidad\",\"https:\\\/\\\/twitter.com\\\/nbasturias\",\"https:\\\/\\\/www.instagram.com\\\/nachofdezber\\\/\",\"https:\\\/\\\/www.youtube.com\\\/channel\\\/UCZP-2wLEB9Rv6erhFmqVnvg\"]},{\"@type\":\"WebPage\",\"@id\":\"https:\\\/\\\/candas365.es\\\/noticias\\\/disfrutar-de-las-calas-de-islas-canarias-en-otono\\\/#webpage\",\"url\":\"https:\\\/\\\/candas365.es\\\/noticias\\\/disfrutar-de-las-calas-de-islas-canarias-en-otono\\\/\",\"name\":\"Disfrutar de las calas de Islas Canarias en Oto\\u00f1o | Cand\\u00e1s 365\",\"description\":\"Canarias, un lugar ideal para disfrutar de sus diferentes islas en cualquier \\u00e9poca del a\\u00f1o y tambi\\u00e9n de sus calas, su ambiente, su gastronom\\u00eda y sus fiestas\",\"inLanguage\":\"es-ES\",\"isPartOf\":{\"@id\":\"https:\\\/\\\/candas365.es\\\/noticias\\\/#website\"},\"breadcrumb\":{\"@id\":\"https:\\\/\\\/candas365.es\\\/noticias\\\/disfrutar-de-las-calas-de-islas-canarias-en-otono\\\/#breadcrumblist\"},\"author\":{\"@id\":\"https:\\\/\\\/candas365.es\\\/noticias\\\/author\\\/admin\\\/#author\"},\"creator\":{\"@id\":\"https:\\\/\\\/candas365.es\\\/noticias\\\/author\\\/admin\\\/#author\"},\"image\":{\"@type\":\"ImageObject\",\"url\":\"https:\\\/\\\/candas365.es\\\/noticias\\\/wp-content\\\/uploads\\\/2022\\\/08\\\/calas.jpg\",\"@id\":\"https:\\\/\\\/candas365.es\\\/noticias\\\/disfrutar-de-las-calas-de-islas-canarias-en-otono\\\/#mainImage\",\"width\":640,\"height\":473,\"caption\":\"calas\"},\"primaryImageOfPage\":{\"@id\":\"https:\\\/\\\/candas365.es\\\/noticias\\\/disfrutar-de-las-calas-de-islas-canarias-en-otono\\\/#mainImage\"},\"datePublished\":\"2022-08-09T09:10:44+02:00\",\"dateModified\":\"2022-08-09T09:10:44+02:00\"},{\"@type\":\"WebSite\",\"@id\":\"https:\\\/\\\/candas365.es\\\/noticias\\\/#website\",\"url\":\"https:\\\/\\\/candas365.es\\\/noticias\\\/\",\"name\":\"Cand\\u00e1s 365\",\"alternateName\":\"Cand\\u00e1s 365 Noticias\",\"description\":\"Actualidad desde Carre\\u00f1o para el mundo\",\"inLanguage\":\"es-ES\",\"publisher\":{\"@id\":\"https:\\\/\\\/candas365.es\\\/noticias\\\/#organization\"}}]}\n\t\t<\/script>\n\t\t<!-- All in One SEO Pro -->\r\n\t\t<title>Disfrutar de las calas de Islas Canarias en Oto\u00f1o | Cand\u00e1s 365<\/title>\n\n","aioseo_head_json":{"title":"Disfrutar de las calas de Islas Canarias en Oto\u00f1o | Cand\u00e1s 365","description":"Canarias, un lugar ideal para disfrutar de sus diferentes islas en cualquier \u00e9poca del a\u00f1o y tambi\u00e9n de sus calas, su ambiente, su gastronom\u00eda y sus fiestas","canonical_url":"https:\/\/candas365.es\/noticias\/disfrutar-de-las-calas-de-islas-canarias-en-otono\/","robots":"max-image-preview:large","keywords":"turismo","webmasterTools":{"google-site-verification":"UA-32230408-1","msvalidate.01":"354F3CDFB2DA171B47FBE9ABF1F88D5","miscellaneous":""},"schema":{"@context":"https:\/\/schema.org","@graph":[{"@type":"BreadcrumbList","@id":"https:\/\/candas365.es\/noticias\/disfrutar-de-las-calas-de-islas-canarias-en-otono\/#breadcrumblist","itemListElement":[{"@type":"ListItem","@id":"https:\/\/candas365.es\/noticias#listItem","position":1,"name":"Home","item":"https:\/\/candas365.es\/noticias","nextItem":{"@type":"ListItem","@id":"https:\/\/candas365.es\/noticias\/category\/turismo\/#listItem","name":"Turismo"}},{"@type":"ListItem","@id":"https:\/\/candas365.es\/noticias\/category\/turismo\/#listItem","position":2,"name":"Turismo","item":"https:\/\/candas365.es\/noticias\/category\/turismo\/","nextItem":{"@type":"ListItem","@id":"https:\/\/candas365.es\/noticias\/disfrutar-de-las-calas-de-islas-canarias-en-otono\/#listItem","name":"Disfrutar de las calas de Islas Canarias en Oto\u00f1o"},"previousItem":{"@type":"ListItem","@id":"https:\/\/candas365.es\/noticias#listItem","name":"Home"}},{"@type":"ListItem","@id":"https:\/\/candas365.es\/noticias\/disfrutar-de-las-calas-de-islas-canarias-en-otono\/#listItem","position":3,"name":"Disfrutar de las calas de Islas Canarias en Oto\u00f1o","previousItem":{"@type":"ListItem","@id":"https:\/\/candas365.es\/noticias\/category\/turismo\/#listItem","name":"Turismo"}}]},{"@type":"NewsArticle","@id":"https:\/\/candas365.es\/noticias\/disfrutar-de-las-calas-de-islas-canarias-en-otono\/#newsarticle","name":"Disfrutar de las calas de Islas Canarias en Oto\u00f1o | Cand\u00e1s 365","headline":"Disfrutar de las calas de Islas Canarias en Oto\u00f1o","author":{"@id":"https:\/\/candas365.es\/noticias\/author\/admin\/#author"},"publisher":{"@id":"https:\/\/candas365.es\/noticias\/#organization"},"image":{"@type":"ImageObject","url":"https:\/\/candas365.es\/noticias\/wp-content\/uploads\/2022\/08\/calas.jpg","width":640,"height":473,"caption":"calas"},"datePublished":"2022-08-09T09:10:44+02:00","dateModified":"2022-08-09T09:10:44+02:00","inLanguage":"es-ES","mainEntityOfPage":{"@id":"https:\/\/candas365.es\/noticias\/disfrutar-de-las-calas-de-islas-canarias-en-otono\/#webpage"},"isPartOf":{"@id":"https:\/\/candas365.es\/noticias\/disfrutar-de-las-calas-de-islas-canarias-en-otono\/#webpage"},"articleSection":"Turismo, turismo, viajes","dateline":"Publicado el agosto 9, 2022."},{"@type":"Organization","@id":"https:\/\/candas365.es\/noticias\/#organization","name":"Cand\u00e1s 365","description":"Cand\u00e1s 365 es un diario digital independiente, fundado en 2012, con base en Asturias. Informamos con rigor sobre actualidad, sociedad, cultura y ocio, con una mirada local y global.","url":"https:\/\/candas365.es\/noticias\/","email":"info@candas365.es","telephone":"+34652131393","foundingDate":"2012-06-10","logo":{"@type":"ImageObject","url":"https:\/\/candas365.es\/noticias\/wp-content\/uploads\/2024\/09\/Candas-365-Redes.jpg","@id":"https:\/\/candas365.es\/noticias\/disfrutar-de-las-calas-de-islas-canarias-en-otono\/#organizationLogo","width":1152,"height":864,"caption":"Cand\u00e1s 365 Redes"},"image":{"@id":"https:\/\/candas365.es\/noticias\/disfrutar-de-las-calas-de-islas-canarias-en-otono\/#organizationLogo"},"sameAs":["https:\/\/www.facebook.com\/Nachofdezber","https:\/\/x.com\/NabercoDigital","https:\/\/www.instagram.com\/nachofdezber\/","https:\/\/www.youtube.com\/channel\/UCZP-2wLEB9Rv6erhFmqVnvg"],"address":{"@id":"https:\/\/candas365.es\/noticias\/#postaladdress","@type":"PostalAddress","streetAddress":"san antonio 4, san antonio 4","postalCode":"33430","addressLocality":"Cand\u00e1s","addressRegion":"Asturias","addressCountry":"ES"}},{"@type":"Person","@id":"https:\/\/candas365.es\/noticias\/author\/admin\/#author","url":"https:\/\/candas365.es\/noticias\/author\/admin\/","name":"Cand\u00e1s 365","image":{"@type":"ImageObject","@id":"https:\/\/candas365.es\/noticias\/disfrutar-de-las-calas-de-islas-canarias-en-otono\/#authorImage","url":"https:\/\/secure.gravatar.com\/avatar\/496a8e03d0c493ede1718b7934145dbdf8d89be1036b0eec9544e1094c9de390?s=96&d=mm&r=g","width":96,"height":96,"caption":"Cand\u00e1s 365"},"sameAs":["https:\/\/www.facebook.com\/carrenoactualidad","https:\/\/twitter.com\/nbasturias","https:\/\/www.instagram.com\/nachofdezber\/","https:\/\/www.youtube.com\/channel\/UCZP-2wLEB9Rv6erhFmqVnvg"]},{"@type":"WebPage","@id":"https:\/\/candas365.es\/noticias\/disfrutar-de-las-calas-de-islas-canarias-en-otono\/#webpage","url":"https:\/\/candas365.es\/noticias\/disfrutar-de-las-calas-de-islas-canarias-en-otono\/","name":"Disfrutar de las calas de Islas Canarias en Oto\u00f1o | Cand\u00e1s 365","description":"Canarias, un lugar ideal para disfrutar de sus diferentes islas en cualquier \u00e9poca del a\u00f1o y tambi\u00e9n de sus calas, su ambiente, su gastronom\u00eda y sus fiestas","inLanguage":"es-ES","isPartOf":{"@id":"https:\/\/candas365.es\/noticias\/#website"},"breadcrumb":{"@id":"https:\/\/candas365.es\/noticias\/disfrutar-de-las-calas-de-islas-canarias-en-otono\/#breadcrumblist"},"author":{"@id":"https:\/\/candas365.es\/noticias\/author\/admin\/#author"},"creator":{"@id":"https:\/\/candas365.es\/noticias\/author\/admin\/#author"},"image":{"@type":"ImageObject","url":"https:\/\/candas365.es\/noticias\/wp-content\/uploads\/2022\/08\/calas.jpg","@id":"https:\/\/candas365.es\/noticias\/disfrutar-de-las-calas-de-islas-canarias-en-otono\/#mainImage","width":640,"height":473,"caption":"calas"},"primaryImageOfPage":{"@id":"https:\/\/candas365.es\/noticias\/disfrutar-de-las-calas-de-islas-canarias-en-otono\/#mainImage"},"datePublished":"2022-08-09T09:10:44+02:00","dateModified":"2022-08-09T09:10:44+02:00"},{"@type":"WebSite","@id":"https:\/\/candas365.es\/noticias\/#website","url":"https:\/\/candas365.es\/noticias\/","name":"Cand\u00e1s 365","alternateName":"Cand\u00e1s 365 Noticias","description":"Actualidad desde Carre\u00f1o para el mundo","inLanguage":"es-ES","publisher":{"@id":"https:\/\/candas365.es\/noticias\/#organization"}}]},"og:locale":"es_ES","og:site_name":"Cand\u00e1s 365","og:type":"article","og:title":"Disfrutar de las calas de Islas Canarias en Oto\u00f1o | Cand\u00e1s 365","og:description":"Canarias, un lugar ideal para disfrutar de sus diferentes islas en cualquier \u00e9poca del a\u00f1o y tambi\u00e9n de sus calas, su ambiente, su gastronom\u00eda y sus fiestas","og:url":"https:\/\/candas365.es\/noticias\/disfrutar-de-las-calas-de-islas-canarias-en-otono\/","og:image":"https:\/\/candas365.es\/noticias\/wp-content\/uploads\/2022\/08\/calas.jpg","og:image:secure_url":"https:\/\/candas365.es\/noticias\/wp-content\/uploads\/2022\/08\/calas.jpg","og:image:width":640,"og:image:height":473,"article:published_time":"2022-08-09T07:10:44+00:00","article:modified_time":"2022-08-09T07:10:44+00:00","article:publisher":"https:\/\/www.facebook.com\/Nachofdezber","article:author":"https:\/\/www.facebook.com\/carrenoactualidad","twitter:card":"summary_large_image","twitter:site":"@NabercoDigital","twitter:title":"Disfrutar de las calas de Islas Canarias en Oto\u00f1o | Cand\u00e1s 365","twitter:description":"Canarias, un lugar ideal para disfrutar de sus diferentes islas en cualquier \u00e9poca del a\u00f1o y tambi\u00e9n de sus calas, su ambiente, su gastronom\u00eda y sus fiestas","twitter:creator":"@nbasturias","twitter:image":"https:\/\/candas365.es\/noticias\/wp-content\/uploads\/2022\/08\/calas.jpg","twitter:label1":"Escrito por","twitter:data1":"Cand\u00e1s 365","twitter:label2":"Tiempo de lectura estimado","twitter:data2":"4 minutos"},"aioseo_meta_data":{"post_id":"164885","title":null,"description":"Canarias, un lugar ideal para disfrutar de sus diferentes islas en cualquier \u00e9poca del a\u00f1o y tambi\u00e9n de sus calas, su ambiente, su gastronom\u00eda y sus fiestas","keywords":[],"keyphrases":{"focus":{"keyphrase":"calas","score":93,"analysis":{"keyphraseInTitle":{"title":"Focus keyphrase in SEO title","description":"Focus keyphrase found in SEO title.","score":9,"maxScore":9,"error":0},"keyphraseInDescription":{"title":"Focus keyphrase in meta description","description":"Focus keyphrase found in meta description.","score":9,"maxScore":9,"error":0},"keyphraseLength":{"title":"Focus keyphrase length","description":"Good job!","score":9,"maxScore":9,"error":0,"length":1},"keyphraseInURL":{"title":"Focus keyphrase in URL","description":"Focus keyphrase not found in the URL.","score":1,"maxScore":5,"error":1},"keyphraseInIntroduction":{"title":"Focus keyphrase in introduction","description":"Your Focus keyphrase appears in the first paragraph. Well done!","score":9,"maxScore":9,"error":0},"keyphraseInSubHeadings":{"title":"Focus keyphrase in Subheadings","description":"Your H2 and H3 subheadings reflects the topic of your copy. Good job!","score":9,"maxScore":9,"error":0},"keyphraseInImageAlt":{"title":"Focus keyphrase in image alt attributes","description":"Focus keyphrase found in image alt attribute(s).","score":9,"maxScore":9,"error":0}}},"additional":[{"keyphrase":"calas","score":100,"analysis":{"keyphraseInDescription":{"title":"Keyphrase in meta description","description":"Keyphrase found in meta description.","score":9,"maxScore":9,"error":0},"keyphraseLength":{"title":"Keyphrase length","description":"Good job!","score":9,"maxScore":9,"error":0,"length":1},"keyphraseInIntroduction":{"title":"Keyphrase in introduction","description":"Your Keyphrase appears in the first paragraph. Well done!","score":9,"maxScore":9,"error":0},"keyphraseInImageAlt":{"title":"Keyphrase in image alt attributes","description":"Keyphrase found in image alt attribute(s).","score":9,"maxScore":9,"error":0}}},{"keyphrase":"Canarias","score":100,"analysis":{"keyphraseInDescription":{"title":"Keyphrase in meta description","description":"Keyphrase found in meta description.","score":9,"maxScore":9,"error":0},"keyphraseLength":{"title":"Keyphrase length","description":"Good job!","score":9,"maxScore":9,"error":0,"length":1},"keyphraseInIntroduction":{"title":"Keyphrase in introduction","description":"Your Keyphrase appears in the first paragraph. Well done!","score":9,"maxScore":9,"error":0},"keyphraseInImageAlt":{"title":"Keyphrase in image alt attributes","description":"Keyphrase found in image alt attribute(s).","score":9,"maxScore":9,"error":0}}},{"keyphrase":"islas","score":83,"analysis":{"keyphraseInDescription":{"title":"Keyphrase in meta description","description":"Keyphrase found in meta description.","score":9,"maxScore":9,"error":0},"keyphraseLength":{"title":"Keyphrase length","description":"Good job!","score":9,"maxScore":9,"error":0,"length":1},"keyphraseInIntroduction":{"title":"Keyphrase in introduction","description":"Your Keyphrase appears in the first paragraph. Well done!","score":9,"maxScore":9,"error":0},"keyphraseInImageAlt":{"title":"Keyphrase in image alt attributes","description":"Keyphrase not found in image alt attribute(s). Add an image with your Keyphrase as alt text.","score":3,"maxScore":9,"error":1}}}]},"primary_term":null,"canonical_url":null,"og_title":null,"og_description":null,"og_object_type":"default","og_image_type":"default","og_image_url":null,"og_image_width":null,"og_image_height":null,"og_image_custom_url":null,"og_image_custom_fields":null,"og_video":"","og_custom_url":null,"og_article_section":null,"og_article_tags":[],"twitter_use_og":false,"twitter_card":"default","twitter_image_type":"default","twitter_image_url":null,"twitter_image_custom_url":null,"twitter_image_custom_fields":null,"twitter_title":null,"twitter_description":null,"schema":{"blockGraphs":[],"customGraphs":[],"default":{"data":{"Article":[],"Course":[],"Dataset":[],"FAQPage":[],"Movie":[],"Person":[],"Product":[],"ProductReview":[],"Car":[],"Recipe":[],"Service":[],"SoftwareApplication":[],"WebPage":[]},"graphName":"","isEnabled":true},"graphs":[],"defaultGraph":"Article","defaultPostTypeGraph":""},"schema_type":"default","schema_type_options":"{\"article\":{\"articleType\":\"BlogPosting\"},\"course\":{\"name\":\"\",\"description\":\"\",\"provider\":\"\"},\"faq\":{\"pages\":[]},\"product\":{\"reviews\":[]},\"recipe\":{\"ingredients\":[],\"instructions\":[],\"keywords\":[]},\"software\":{\"reviews\":[],\"operatingSystems\":[]},\"webPage\":{\"webPageType\":\"WebPage\"},\"blockGraphs\":[]}","pillar_content":false,"robots_default":true,"robots_noindex":false,"robots_noarchive":false,"robots_nosnippet":false,"robots_nofollow":false,"robots_noimageindex":false,"robots_noodp":false,"robots_notranslate":false,"robots_max_snippet":"-1","robots_max_videopreview":"-1","robots_max_imagepreview":"large","priority":null,"frequency":"default","location":null,"local_seo":null,"seo_analyzer_scan_date":"2025-09-01 10:34:12","breadcrumb_settings":null,"limit_modified_date":false,"reviewed_by":null,"open_ai":null,"ai":null,"created":"2022-08-09 06:52:27","updated":"2025-09-01 10:34:12"},"aioseo_breadcrumb":"<div class=\"aioseo-breadcrumbs\"><span class=\"aioseo-breadcrumb\">\n\t<a href=\"https:\/\/candas365.es\/noticias\" title=\"Home\">Home<\/a>\n<\/span><span class=\"aioseo-breadcrumb-separator\">&ndash;<\/span><span class=\"aioseo-breadcrumb\">\n\t<a href=\"https:\/\/candas365.es\/noticias\/category\/turismo\/\" title=\"Turismo\">Turismo<\/a>\n<\/span><span class=\"aioseo-breadcrumb-separator\">&ndash;<\/span><span class=\"aioseo-breadcrumb\">\n\tDisfrutar de las calas de Islas Canarias en Oto\u00f1o\n<\/span><\/div>","aioseo_breadcrumb_json":[{"label":"Home","link":"https:\/\/candas365.es\/noticias"},{"label":"Turismo","link":"https:\/\/candas365.es\/noticias\/category\/turismo\/"},{"label":"Disfrutar de las calas de Islas Canarias en Oto\u00f1o","link":"https:\/\/candas365.es\/noticias\/disfrutar-de-las-calas-de-islas-canarias-en-otono\/"}],"_links":{"self":[{"href":"https:\/\/candas365.es\/noticias\/wp-json\/wp\/v2\/posts\/164885","targetHints":{"allow":["GET"]}}],"collection":[{"href":"https:\/\/candas365.es\/noticias\/wp-json\/wp\/v2\/posts"}],"about":[{"href":"https:\/\/candas365.es\/noticias\/wp-json\/wp\/v2\/types\/post"}],"author":[{"embeddable":true,"href":"https:\/\/candas365.es\/noticias\/wp-json\/wp\/v2\/users\/1"}],"replies":[{"embeddable":true,"href":"https:\/\/candas365.es\/noticias\/wp-json\/wp\/v2\/comments?post=164885"}],"version-history":[{"count":0,"href":"https:\/\/candas365.es\/noticias\/wp-json\/wp\/v2\/posts\/164885\/revisions"}],"wp:featuredmedia":[{"embeddable":true,"href":"https:\/\/candas365.es\/noticias\/wp-json\/wp\/v2\/media\/164888"}],"wp:attachment":[{"href":"https:\/\/candas365.es\/noticias\/wp-json\/wp\/v2\/media?parent=164885"}],"wp:term":[{"taxonomy":"category","embeddable":true,"href":"https:\/\/candas365.es\/noticias\/wp-json\/wp\/v2\/categories?post=164885"},{"taxonomy":"post_tag","embeddable":true,"href":"https:\/\/candas365.es\/noticias\/wp-json\/wp\/v2\/tags?post=164885"}],"curies":[{"name":"wp","href":"https:\/\/api.w.org\/{rel}","templated":true}]}}