{"id":164715,"date":"2022-08-04T06:06:26","date_gmt":"2022-08-04T04:06:26","guid":{"rendered":"https:\/\/candas365.es\/noticias\/?p=164715"},"modified":"2022-08-04T06:06:26","modified_gmt":"2022-08-04T04:06:26","slug":"alonso-correra-con-aston-martin","status":"publish","type":"post","link":"https:\/\/candas365.es\/noticias\/alonso-correra-con-aston-martin\/","title":{"rendered":"Alonso correr\u00e1 con Aston Martin"},"content":{"rendered":"<p>(EP) &#8211; El piloto asturiano bicampe\u00f3n del mundo de F\u00f3rmula 1 <strong>Fernando Alonso<\/strong> correr\u00e1 en el equipo Aston Martin a partir del pr\u00f3ximo campeonato 2023 tras alcanzar un acuerdo multianual con la escuder\u00eda brit\u00e1nica, a la que llegar\u00e1 tras dejar Alpine y en busca de una nueva aventura en la F1.<\/p>\n<p><img fetchpriority=\"high\" decoding=\"async\" class=\"aligncenter wp-image-164716 size-full\" src=\"https:\/\/candas365.es\/noticias\/wp-content\/uploads\/2022\/08\/Formula-1.jpg\" alt=\"F\u00f3rmula 1\" width=\"640\" height=\"480\" srcset=\"https:\/\/candas365.es\/noticias\/wp-content\/uploads\/2022\/08\/Formula-1.jpg 640w, https:\/\/candas365.es\/noticias\/wp-content\/uploads\/2022\/08\/Formula-1-360x270.jpg 360w, https:\/\/candas365.es\/noticias\/wp-content\/uploads\/2022\/08\/Formula-1-150x113.jpg 150w, https:\/\/candas365.es\/noticias\/wp-content\/uploads\/2022\/08\/Formula-1-450x338.jpg 450w\" sizes=\"(max-width: 640px) 100vw, 640px\" \/><\/p>\n<p>\u00abEl equipo Aston Martin Aramco Cognizant Formula One se complace en confirmar que Fernando Alonso se unir\u00e1 al equipo en 2023 con un contrato de varios a\u00f1os\u00bb, confirm\u00f3 Aston Martin.<\/p>\n<p>La escuder\u00eda brit\u00e1nica mueve ficha r\u00e1pido y, d\u00edas despu\u00e9s de que Sebastian Vettel anunciara su retirada de la competici\u00f3n a final de temporada, anunci\u00f3 al asturiano como su nuevo piloto. \u00ab<strong>Toda la compa\u00f1\u00eda est\u00e1 muy emocionada de traer al equipo la incre\u00edble experiencia, el brillante ritmo y el estilo de carrera de Fernando\u00bb, apuntaron.<\/strong><\/p>\n<p>Para Aston Martin, equipo en el que seguir\u00e1 salvo cambios el piloto canadiense Lance Stroll, la contrataci\u00f3n de un \u00abtalento especial\u00bb como el de Alonso es una \u00abclara declaraci\u00f3n de intenciones\u00bb y un compromiso para desarrollar un \u00abequipo ganador\u00bb.<\/p>\n<p>En el comunicado, el propio <strong>Fernando Alonso<\/strong>, que dejar\u00e1 Alpine tras esta campa\u00f1a llena de errores en el equipo y problemas en su monoplaza, a<strong>segur\u00f3 que Aston Martin est\u00e1 aplicando la energ\u00eda y el compromiso \u00abpara ganar\u00bb.<\/strong><\/p>\n<p>\u00abConozco a Lawrence y Lance (Stroll) desde hace muchos a\u00f1os y es muy obvio que tienen la ambici\u00f3n y la pasi\u00f3n para triunfar en la F\u00f3rmula 1. He visto c\u00f3mo el equipo ha atra\u00eddo sistem\u00e1ticamente a grandes personas con pedigr\u00eds ganadores, y me he dado cuenta del gran compromiso con las nuevas instalaciones y recursos en Silverstone\u00bb, valor\u00f3 el espa\u00f1ol.<\/p>\n<p>\u00abNadie en la F\u00f3rmula 1 hoy en d\u00eda est\u00e1 demostrando una mayor visi\u00f3n y un compromiso absoluto para ganar, y eso lo convierte en una oportunidad realmente emocionante para m\u00ed. Todav\u00eda tengo el hambre y la ambici\u00f3n de luchar por estar al frente, y quiero ser parte de una organizaci\u00f3n comprometida con aprender, desarrollarse y tener \u00e9xito\u00bb, se sincer\u00f3.<\/p>\n<p>Alonso asegur\u00f3 que la \u00abpasi\u00f3n\u00bb y el \u00abdeseo de ganar\u00bb que ha presenciado en Aston Martin le convencieron para mantener su \u00abdisfrute y compromiso\u00bb con la F1. <strong>\u00abTengo la intenci\u00f3n de volver a ganar en este deporte y, por lo tanto, tengo que aprovechar las oportunidades que me parezcan adecuadas\u00bb, aport\u00f3.<\/strong><\/p>\n<p>Por su parte, el presidente ejecutivo del equipo Aston Martin F1, Lawrence Stroll, asegur\u00f3 que admira a Alonso. \u00abConozco y admiro a Fernando desde hace muchos a\u00f1os y siempre ha tenido claro que es un ganador comprometido como yo\u00bb, coment\u00f3.<\/p>\n<p>\u00abMe propuse reunir a las mejores personas y desarrollar los recursos y la organizaci\u00f3n adecuados para tener \u00e9xito en este deporte altamente competitivo, y esos planes ahora est\u00e1n tomando forma en Silverstone\u00bb, a\u00f1adi\u00f3 en este sentido.<\/p>\n<p>De ah\u00ed que al presidente de Aston Martin le pareciera \u00abnatural\u00bb fichar a Alonso. \u00abR\u00e1pidamente establecimos en nuestras conversaciones recientes que tenemos las mismas ambiciones y valores, y fue l\u00f3gico y f\u00e1cil confirmar nuestro deseo de trabajar juntos\u00bb, asegur\u00f3.<\/p>\n<p>Tambi\u00e9n el director del equipo brit\u00e1nico, Mike Krack, recalc\u00f3 la \u00abemoci\u00f3n\u00bb que tienen ahora mismo tras poder confirmar a Alonso a partir de 2023. \u00abHe sido testigo de la emoci\u00f3n en el equipo de ingenier\u00eda y en toda la organizaci\u00f3n ante la oportunidad de trabajar con Fernando\u00bb, reconoci\u00f3.<\/p>\n<p>\u00abSabemos que casi todos pueden aprender de alguien del calibre y la experiencia de Fernando. Estamos seguros de que inspirar\u00e1 a todos a mejorar y eso solo mejorar\u00e1 la energ\u00eda ya contagiosa que existe dentro del equipo. Estamos en un viaje para crear una organizaci\u00f3n ganadora, y est\u00e1 claro que Fernando acelerar\u00e1 nuestro progreso\u00bb, incidi\u00f3.<\/p>\n<p>\u00abEl equipo tiene un nuevo liderazgo centrado en el desarrollo de AMR23, y todos estamos encantados de que ellos y nuestros proyectos futuros se beneficien del conocimiento y la experiencia que aportar\u00e1 Fernando\u00bb, concluy\u00f3 el luxemburgu\u00e9s.<\/p>\n","protected":false},"excerpt":{"rendered":"<p>(EP) &#8211; El piloto asturiano bicampe\u00f3n del mundo de F\u00f3rmula 1 Fernando Alonso correr\u00e1 en el equipo Aston Martin a partir del pr\u00f3ximo campeonato 2023 tras alcanzar un acuerdo multianual con la escuder\u00eda brit\u00e1nica, a la que llegar\u00e1 tras dejar Alpine y en busca de una nueva aventura en la F1. \u00abEl equipo Aston Martin<\/p>\n","protected":false},"author":1,"featured_media":164716,"comment_status":"closed","ping_status":"closed","sticky":false,"template":"","format":"standard","meta":{"footnotes":""},"categories":[319],"tags":[420],"class_list":{"0":"post-164715","1":"post","2":"type-post","3":"status-publish","4":"format-standard","5":"has-post-thumbnail","7":"category-deporte","8":"tag-motor"},"aioseo_notices":[],"aioseo_head":"\n\t\t<!-- All in One SEO Pro 4.9.6.2 - aioseo.com -->\n\t<meta name=\"description\" content=\"(EP) - El piloto asturiano bicampe\u00f3n del mundo de F\u00f3rmula 1 Fernando Alonso correr\u00e1 en el equipo Aston Martin a partir del pr\u00f3ximo campeonato 2023\" \/>\n\t<meta name=\"robots\" content=\"max-image-preview:large\" \/>\n\t<meta name=\"author\" content=\"Cand\u00e1s 365\"\/>\n\t<meta name=\"google-site-verification\" content=\"UA-32230408-1\" \/>\n\t<meta name=\"msvalidate.01\" content=\"354F3CDFB2DA171B47FBE9ABF1F88D5\" \/>\n\t<meta name=\"keywords\" content=\"deporte\" \/>\n\t<link rel=\"canonical\" href=\"https:\/\/candas365.es\/noticias\/alonso-correra-con-aston-martin\/\" \/>\n\t<meta name=\"generator\" content=\"All in One SEO Pro (AIOSEO) 4.9.6.2\" \/>\n\t\t<meta property=\"og:locale\" content=\"es_ES\" \/>\n\t\t<meta property=\"og:site_name\" content=\"Cand\u00e1s 365\" \/>\n\t\t<meta property=\"og:type\" content=\"article\" \/>\n\t\t<meta property=\"og:title\" content=\"Alonso correr\u00e1 con Aston Martin | Cand\u00e1s 365\" \/>\n\t\t<meta property=\"og:description\" content=\"(EP) - El piloto asturiano bicampe\u00f3n del mundo de F\u00f3rmula 1 Fernando Alonso correr\u00e1 en el equipo Aston Martin a partir del pr\u00f3ximo campeonato 2023\" \/>\n\t\t<meta property=\"og:url\" content=\"https:\/\/candas365.es\/noticias\/alonso-correra-con-aston-martin\/\" \/>\n\t\t<meta property=\"og:image\" content=\"https:\/\/candas365.es\/noticias\/wp-content\/uploads\/2022\/08\/Formula-1.jpg\" \/>\n\t\t<meta property=\"og:image:secure_url\" content=\"https:\/\/candas365.es\/noticias\/wp-content\/uploads\/2022\/08\/Formula-1.jpg\" \/>\n\t\t<meta property=\"og:image:width\" content=\"640\" \/>\n\t\t<meta property=\"og:image:height\" content=\"480\" \/>\n\t\t<meta property=\"article:published_time\" content=\"2022-08-04T04:06:26+00:00\" \/>\n\t\t<meta property=\"article:modified_time\" content=\"2022-08-04T04:06:26+00:00\" \/>\n\t\t<meta property=\"article:publisher\" content=\"https:\/\/www.facebook.com\/Nachofdezber\" \/>\n\t\t<meta property=\"article:author\" content=\"https:\/\/www.facebook.com\/carrenoactualidad\" \/>\n\t\t<meta name=\"twitter:card\" content=\"summary_large_image\" \/>\n\t\t<meta name=\"twitter:site\" content=\"@NabercoDigital\" \/>\n\t\t<meta name=\"twitter:title\" content=\"Alonso correr\u00e1 con Aston Martin | Cand\u00e1s 365\" \/>\n\t\t<meta name=\"twitter:description\" content=\"(EP) - El piloto asturiano bicampe\u00f3n del mundo de F\u00f3rmula 1 Fernando Alonso correr\u00e1 en el equipo Aston Martin a partir del pr\u00f3ximo campeonato 2023\" \/>\n\t\t<meta name=\"twitter:creator\" content=\"@nbasturias\" \/>\n\t\t<meta name=\"twitter:image\" content=\"https:\/\/candas365.es\/noticias\/wp-content\/uploads\/2022\/08\/Formula-1.jpg\" \/>\n\t\t<meta name=\"twitter:label1\" content=\"Escrito por\" \/>\n\t\t<meta name=\"twitter:data1\" content=\"Cand\u00e1s 365\" \/>\n\t\t<meta name=\"twitter:label2\" content=\"Tiempo de lectura estimado\" \/>\n\t\t<meta name=\"twitter:data2\" content=\"3 minutos\" \/>\n\t\t<script type=\"application\/ld+json\" class=\"aioseo-schema\">\n\t\t\t{\"@context\":\"https:\\\/\\\/schema.org\",\"@graph\":[{\"@type\":\"BreadcrumbList\",\"@id\":\"https:\\\/\\\/candas365.es\\\/noticias\\\/alonso-correra-con-aston-martin\\\/#breadcrumblist\",\"itemListElement\":[{\"@type\":\"ListItem\",\"@id\":\"https:\\\/\\\/candas365.es\\\/noticias#listItem\",\"position\":1,\"name\":\"Home\",\"item\":\"https:\\\/\\\/candas365.es\\\/noticias\",\"nextItem\":{\"@type\":\"ListItem\",\"@id\":\"https:\\\/\\\/candas365.es\\\/noticias\\\/category\\\/deporte\\\/#listItem\",\"name\":\"Deporte\"}},{\"@type\":\"ListItem\",\"@id\":\"https:\\\/\\\/candas365.es\\\/noticias\\\/category\\\/deporte\\\/#listItem\",\"position\":2,\"name\":\"Deporte\",\"item\":\"https:\\\/\\\/candas365.es\\\/noticias\\\/category\\\/deporte\\\/\",\"nextItem\":{\"@type\":\"ListItem\",\"@id\":\"https:\\\/\\\/candas365.es\\\/noticias\\\/alonso-correra-con-aston-martin\\\/#listItem\",\"name\":\"Alonso correr\\u00e1 con Aston Martin\"},\"previousItem\":{\"@type\":\"ListItem\",\"@id\":\"https:\\\/\\\/candas365.es\\\/noticias#listItem\",\"name\":\"Home\"}},{\"@type\":\"ListItem\",\"@id\":\"https:\\\/\\\/candas365.es\\\/noticias\\\/alonso-correra-con-aston-martin\\\/#listItem\",\"position\":3,\"name\":\"Alonso correr\\u00e1 con Aston Martin\",\"previousItem\":{\"@type\":\"ListItem\",\"@id\":\"https:\\\/\\\/candas365.es\\\/noticias\\\/category\\\/deporte\\\/#listItem\",\"name\":\"Deporte\"}}]},{\"@type\":\"NewsArticle\",\"@id\":\"https:\\\/\\\/candas365.es\\\/noticias\\\/alonso-correra-con-aston-martin\\\/#newsarticle\",\"name\":\"Alonso correr\\u00e1 con Aston Martin | Cand\\u00e1s 365\",\"headline\":\"Alonso correr\\u00e1 con Aston Martin\",\"author\":{\"@id\":\"https:\\\/\\\/candas365.es\\\/noticias\\\/author\\\/admin\\\/#author\"},\"publisher\":{\"@id\":\"https:\\\/\\\/candas365.es\\\/noticias\\\/#organization\"},\"image\":{\"@type\":\"ImageObject\",\"url\":\"https:\\\/\\\/candas365.es\\\/noticias\\\/wp-content\\\/uploads\\\/2022\\\/08\\\/Formula-1.jpg\",\"width\":640,\"height\":480,\"caption\":\"F\\u00f3rmula 1\"},\"datePublished\":\"2022-08-04T06:06:26+02:00\",\"dateModified\":\"2022-08-04T06:06:26+02:00\",\"inLanguage\":\"es-ES\",\"mainEntityOfPage\":{\"@id\":\"https:\\\/\\\/candas365.es\\\/noticias\\\/alonso-correra-con-aston-martin\\\/#webpage\"},\"isPartOf\":{\"@id\":\"https:\\\/\\\/candas365.es\\\/noticias\\\/alonso-correra-con-aston-martin\\\/#webpage\"},\"articleSection\":\"Deporte, Motor\",\"dateline\":\"Publicado el agosto 4, 2022.\"},{\"@type\":\"Organization\",\"@id\":\"https:\\\/\\\/candas365.es\\\/noticias\\\/#organization\",\"name\":\"Cand\\u00e1s 365\",\"description\":\"Cand\\u00e1s 365 es un diario digital independiente, fundado en 2012, con base en Asturias. Informamos con rigor sobre actualidad, sociedad, cultura y ocio, con una mirada local y global.\",\"url\":\"https:\\\/\\\/candas365.es\\\/noticias\\\/\",\"email\":\"info@candas365.es\",\"telephone\":\"+34652131393\",\"foundingDate\":\"2012-06-10\",\"logo\":{\"@type\":\"ImageObject\",\"url\":\"https:\\\/\\\/candas365.es\\\/noticias\\\/wp-content\\\/uploads\\\/2024\\\/09\\\/Candas-365-Redes.jpg\",\"@id\":\"https:\\\/\\\/candas365.es\\\/noticias\\\/alonso-correra-con-aston-martin\\\/#organizationLogo\",\"width\":1152,\"height\":864,\"caption\":\"Cand\\u00e1s 365 Redes\"},\"image\":{\"@id\":\"https:\\\/\\\/candas365.es\\\/noticias\\\/alonso-correra-con-aston-martin\\\/#organizationLogo\"},\"sameAs\":[\"https:\\\/\\\/www.facebook.com\\\/Nachofdezber\",\"https:\\\/\\\/x.com\\\/NabercoDigital\",\"https:\\\/\\\/www.instagram.com\\\/nachofdezber\\\/\",\"https:\\\/\\\/www.youtube.com\\\/channel\\\/UCZP-2wLEB9Rv6erhFmqVnvg\"],\"address\":{\"@id\":\"https:\\\/\\\/candas365.es\\\/noticias\\\/#postaladdress\",\"@type\":\"PostalAddress\",\"streetAddress\":\"san antonio 4, san antonio 4\",\"postalCode\":\"33430\",\"addressLocality\":\"Cand\\u00e1s\",\"addressRegion\":\"Asturias\",\"addressCountry\":\"ES\"}},{\"@type\":\"Person\",\"@id\":\"https:\\\/\\\/candas365.es\\\/noticias\\\/author\\\/admin\\\/#author\",\"url\":\"https:\\\/\\\/candas365.es\\\/noticias\\\/author\\\/admin\\\/\",\"name\":\"Cand\\u00e1s 365\",\"image\":{\"@type\":\"ImageObject\",\"@id\":\"https:\\\/\\\/candas365.es\\\/noticias\\\/alonso-correra-con-aston-martin\\\/#authorImage\",\"url\":\"https:\\\/\\\/secure.gravatar.com\\\/avatar\\\/496a8e03d0c493ede1718b7934145dbdf8d89be1036b0eec9544e1094c9de390?s=96&d=mm&r=g\",\"width\":96,\"height\":96,\"caption\":\"Cand\\u00e1s 365\"},\"sameAs\":[\"https:\\\/\\\/www.facebook.com\\\/carrenoactualidad\",\"https:\\\/\\\/twitter.com\\\/nbasturias\",\"https:\\\/\\\/www.instagram.com\\\/nachofdezber\\\/\",\"https:\\\/\\\/www.youtube.com\\\/channel\\\/UCZP-2wLEB9Rv6erhFmqVnvg\"]},{\"@type\":\"WebPage\",\"@id\":\"https:\\\/\\\/candas365.es\\\/noticias\\\/alonso-correra-con-aston-martin\\\/#webpage\",\"url\":\"https:\\\/\\\/candas365.es\\\/noticias\\\/alonso-correra-con-aston-martin\\\/\",\"name\":\"Alonso correr\\u00e1 con Aston Martin | Cand\\u00e1s 365\",\"description\":\"(EP) - El piloto asturiano bicampe\\u00f3n del mundo de F\\u00f3rmula 1 Fernando Alonso correr\\u00e1 en el equipo Aston Martin a partir del pr\\u00f3ximo campeonato 2023\",\"inLanguage\":\"es-ES\",\"isPartOf\":{\"@id\":\"https:\\\/\\\/candas365.es\\\/noticias\\\/#website\"},\"breadcrumb\":{\"@id\":\"https:\\\/\\\/candas365.es\\\/noticias\\\/alonso-correra-con-aston-martin\\\/#breadcrumblist\"},\"author\":{\"@id\":\"https:\\\/\\\/candas365.es\\\/noticias\\\/author\\\/admin\\\/#author\"},\"creator\":{\"@id\":\"https:\\\/\\\/candas365.es\\\/noticias\\\/author\\\/admin\\\/#author\"},\"image\":{\"@type\":\"ImageObject\",\"url\":\"https:\\\/\\\/candas365.es\\\/noticias\\\/wp-content\\\/uploads\\\/2022\\\/08\\\/Formula-1.jpg\",\"@id\":\"https:\\\/\\\/candas365.es\\\/noticias\\\/alonso-correra-con-aston-martin\\\/#mainImage\",\"width\":640,\"height\":480,\"caption\":\"F\\u00f3rmula 1\"},\"primaryImageOfPage\":{\"@id\":\"https:\\\/\\\/candas365.es\\\/noticias\\\/alonso-correra-con-aston-martin\\\/#mainImage\"},\"datePublished\":\"2022-08-04T06:06:26+02:00\",\"dateModified\":\"2022-08-04T06:06:26+02:00\"},{\"@type\":\"WebSite\",\"@id\":\"https:\\\/\\\/candas365.es\\\/noticias\\\/#website\",\"url\":\"https:\\\/\\\/candas365.es\\\/noticias\\\/\",\"name\":\"Cand\\u00e1s 365\",\"alternateName\":\"Cand\\u00e1s 365 Noticias\",\"description\":\"Actualidad desde Carre\\u00f1o para el mundo\",\"inLanguage\":\"es-ES\",\"publisher\":{\"@id\":\"https:\\\/\\\/candas365.es\\\/noticias\\\/#organization\"}}]}\n\t\t<\/script>\n\t\t<!-- All in One SEO Pro -->\r\n\t\t<title>Alonso correr\u00e1 con Aston Martin | Cand\u00e1s 365<\/title>\n\n","aioseo_head_json":{"title":"Alonso correr\u00e1 con Aston Martin | Cand\u00e1s 365","description":"(EP) - El piloto asturiano bicampe\u00f3n del mundo de F\u00f3rmula 1 Fernando Alonso correr\u00e1 en el equipo Aston Martin a partir del pr\u00f3ximo campeonato 2023","canonical_url":"https:\/\/candas365.es\/noticias\/alonso-correra-con-aston-martin\/","robots":"max-image-preview:large","keywords":"deporte","webmasterTools":{"google-site-verification":"UA-32230408-1","msvalidate.01":"354F3CDFB2DA171B47FBE9ABF1F88D5","miscellaneous":""},"schema":{"@context":"https:\/\/schema.org","@graph":[{"@type":"BreadcrumbList","@id":"https:\/\/candas365.es\/noticias\/alonso-correra-con-aston-martin\/#breadcrumblist","itemListElement":[{"@type":"ListItem","@id":"https:\/\/candas365.es\/noticias#listItem","position":1,"name":"Home","item":"https:\/\/candas365.es\/noticias","nextItem":{"@type":"ListItem","@id":"https:\/\/candas365.es\/noticias\/category\/deporte\/#listItem","name":"Deporte"}},{"@type":"ListItem","@id":"https:\/\/candas365.es\/noticias\/category\/deporte\/#listItem","position":2,"name":"Deporte","item":"https:\/\/candas365.es\/noticias\/category\/deporte\/","nextItem":{"@type":"ListItem","@id":"https:\/\/candas365.es\/noticias\/alonso-correra-con-aston-martin\/#listItem","name":"Alonso correr\u00e1 con Aston Martin"},"previousItem":{"@type":"ListItem","@id":"https:\/\/candas365.es\/noticias#listItem","name":"Home"}},{"@type":"ListItem","@id":"https:\/\/candas365.es\/noticias\/alonso-correra-con-aston-martin\/#listItem","position":3,"name":"Alonso correr\u00e1 con Aston Martin","previousItem":{"@type":"ListItem","@id":"https:\/\/candas365.es\/noticias\/category\/deporte\/#listItem","name":"Deporte"}}]},{"@type":"NewsArticle","@id":"https:\/\/candas365.es\/noticias\/alonso-correra-con-aston-martin\/#newsarticle","name":"Alonso correr\u00e1 con Aston Martin | Cand\u00e1s 365","headline":"Alonso correr\u00e1 con Aston Martin","author":{"@id":"https:\/\/candas365.es\/noticias\/author\/admin\/#author"},"publisher":{"@id":"https:\/\/candas365.es\/noticias\/#organization"},"image":{"@type":"ImageObject","url":"https:\/\/candas365.es\/noticias\/wp-content\/uploads\/2022\/08\/Formula-1.jpg","width":640,"height":480,"caption":"F\u00f3rmula 1"},"datePublished":"2022-08-04T06:06:26+02:00","dateModified":"2022-08-04T06:06:26+02:00","inLanguage":"es-ES","mainEntityOfPage":{"@id":"https:\/\/candas365.es\/noticias\/alonso-correra-con-aston-martin\/#webpage"},"isPartOf":{"@id":"https:\/\/candas365.es\/noticias\/alonso-correra-con-aston-martin\/#webpage"},"articleSection":"Deporte, Motor","dateline":"Publicado el agosto 4, 2022."},{"@type":"Organization","@id":"https:\/\/candas365.es\/noticias\/#organization","name":"Cand\u00e1s 365","description":"Cand\u00e1s 365 es un diario digital independiente, fundado en 2012, con base en Asturias. Informamos con rigor sobre actualidad, sociedad, cultura y ocio, con una mirada local y global.","url":"https:\/\/candas365.es\/noticias\/","email":"info@candas365.es","telephone":"+34652131393","foundingDate":"2012-06-10","logo":{"@type":"ImageObject","url":"https:\/\/candas365.es\/noticias\/wp-content\/uploads\/2024\/09\/Candas-365-Redes.jpg","@id":"https:\/\/candas365.es\/noticias\/alonso-correra-con-aston-martin\/#organizationLogo","width":1152,"height":864,"caption":"Cand\u00e1s 365 Redes"},"image":{"@id":"https:\/\/candas365.es\/noticias\/alonso-correra-con-aston-martin\/#organizationLogo"},"sameAs":["https:\/\/www.facebook.com\/Nachofdezber","https:\/\/x.com\/NabercoDigital","https:\/\/www.instagram.com\/nachofdezber\/","https:\/\/www.youtube.com\/channel\/UCZP-2wLEB9Rv6erhFmqVnvg"],"address":{"@id":"https:\/\/candas365.es\/noticias\/#postaladdress","@type":"PostalAddress","streetAddress":"san antonio 4, san antonio 4","postalCode":"33430","addressLocality":"Cand\u00e1s","addressRegion":"Asturias","addressCountry":"ES"}},{"@type":"Person","@id":"https:\/\/candas365.es\/noticias\/author\/admin\/#author","url":"https:\/\/candas365.es\/noticias\/author\/admin\/","name":"Cand\u00e1s 365","image":{"@type":"ImageObject","@id":"https:\/\/candas365.es\/noticias\/alonso-correra-con-aston-martin\/#authorImage","url":"https:\/\/secure.gravatar.com\/avatar\/496a8e03d0c493ede1718b7934145dbdf8d89be1036b0eec9544e1094c9de390?s=96&d=mm&r=g","width":96,"height":96,"caption":"Cand\u00e1s 365"},"sameAs":["https:\/\/www.facebook.com\/carrenoactualidad","https:\/\/twitter.com\/nbasturias","https:\/\/www.instagram.com\/nachofdezber\/","https:\/\/www.youtube.com\/channel\/UCZP-2wLEB9Rv6erhFmqVnvg"]},{"@type":"WebPage","@id":"https:\/\/candas365.es\/noticias\/alonso-correra-con-aston-martin\/#webpage","url":"https:\/\/candas365.es\/noticias\/alonso-correra-con-aston-martin\/","name":"Alonso correr\u00e1 con Aston Martin | Cand\u00e1s 365","description":"(EP) - El piloto asturiano bicampe\u00f3n del mundo de F\u00f3rmula 1 Fernando Alonso correr\u00e1 en el equipo Aston Martin a partir del pr\u00f3ximo campeonato 2023","inLanguage":"es-ES","isPartOf":{"@id":"https:\/\/candas365.es\/noticias\/#website"},"breadcrumb":{"@id":"https:\/\/candas365.es\/noticias\/alonso-correra-con-aston-martin\/#breadcrumblist"},"author":{"@id":"https:\/\/candas365.es\/noticias\/author\/admin\/#author"},"creator":{"@id":"https:\/\/candas365.es\/noticias\/author\/admin\/#author"},"image":{"@type":"ImageObject","url":"https:\/\/candas365.es\/noticias\/wp-content\/uploads\/2022\/08\/Formula-1.jpg","@id":"https:\/\/candas365.es\/noticias\/alonso-correra-con-aston-martin\/#mainImage","width":640,"height":480,"caption":"F\u00f3rmula 1"},"primaryImageOfPage":{"@id":"https:\/\/candas365.es\/noticias\/alonso-correra-con-aston-martin\/#mainImage"},"datePublished":"2022-08-04T06:06:26+02:00","dateModified":"2022-08-04T06:06:26+02:00"},{"@type":"WebSite","@id":"https:\/\/candas365.es\/noticias\/#website","url":"https:\/\/candas365.es\/noticias\/","name":"Cand\u00e1s 365","alternateName":"Cand\u00e1s 365 Noticias","description":"Actualidad desde Carre\u00f1o para el mundo","inLanguage":"es-ES","publisher":{"@id":"https:\/\/candas365.es\/noticias\/#organization"}}]},"og:locale":"es_ES","og:site_name":"Cand\u00e1s 365","og:type":"article","og:title":"Alonso correr\u00e1 con Aston Martin | Cand\u00e1s 365","og:description":"(EP) - El piloto asturiano bicampe\u00f3n del mundo de F\u00f3rmula 1 Fernando Alonso correr\u00e1 en el equipo Aston Martin a partir del pr\u00f3ximo campeonato 2023","og:url":"https:\/\/candas365.es\/noticias\/alonso-correra-con-aston-martin\/","og:image":"https:\/\/candas365.es\/noticias\/wp-content\/uploads\/2022\/08\/Formula-1.jpg","og:image:secure_url":"https:\/\/candas365.es\/noticias\/wp-content\/uploads\/2022\/08\/Formula-1.jpg","og:image:width":640,"og:image:height":480,"article:published_time":"2022-08-04T04:06:26+00:00","article:modified_time":"2022-08-04T04:06:26+00:00","article:publisher":"https:\/\/www.facebook.com\/Nachofdezber","article:author":"https:\/\/www.facebook.com\/carrenoactualidad","twitter:card":"summary_large_image","twitter:site":"@NabercoDigital","twitter:title":"Alonso correr\u00e1 con Aston Martin | Cand\u00e1s 365","twitter:description":"(EP) - El piloto asturiano bicampe\u00f3n del mundo de F\u00f3rmula 1 Fernando Alonso correr\u00e1 en el equipo Aston Martin a partir del pr\u00f3ximo campeonato 2023","twitter:creator":"@nbasturias","twitter:image":"https:\/\/candas365.es\/noticias\/wp-content\/uploads\/2022\/08\/Formula-1.jpg","twitter:label1":"Escrito por","twitter:data1":"Cand\u00e1s 365","twitter:label2":"Tiempo de lectura estimado","twitter:data2":"3 minutos"},"aioseo_meta_data":{"post_id":"164715","title":null,"description":"(EP) - El piloto asturiano bicampe\u00f3n del mundo de F\u00f3rmula 1 Fernando Alonso correr\u00e1 en el equipo Aston Martin a partir del pr\u00f3ximo campeonato 2023","keywords":[],"keyphrases":{"focus":{"keyphrase":"Alonso ","score":80,"analysis":{"keyphraseInTitle":{"title":"Focus keyphrase in SEO title","description":"Focus keyphrase found in SEO title.","score":9,"maxScore":9,"error":0},"keyphraseInDescription":{"title":"Focus keyphrase in meta description","description":"Focus keyphrase found in meta description.","score":9,"maxScore":9,"error":0},"keyphraseLength":{"title":"Focus keyphrase length","description":"Good job!","score":9,"maxScore":9,"error":0,"length":1},"keyphraseInURL":{"title":"Focus keyphrase in URL","description":"Focus keyphrase not found in the URL.","score":1,"maxScore":5,"error":1},"keyphraseInIntroduction":{"title":"Focus keyphrase in introduction","description":"Your Focus keyphrase appears in the first paragraph. Well done!","score":9,"maxScore":9,"error":0},"keyphraseInSubHeadings":[],"keyphraseInImageAlt":{"title":"Focus keyphrase in image alt attributes","description":"Focus keyphrase not found in image alt attribute(s). Add an image with your Focus keyphrase as alt text.","score":3,"maxScore":9,"error":1}}},"additional":[{"keyphrase":"F\u00f3rmula 1","score":100,"analysis":{"keyphraseInDescription":{"title":"Keyphrase in meta description","description":"Keyphrase found in meta description.","score":9,"maxScore":9,"error":0},"keyphraseLength":{"title":"Keyphrase length","description":"Good job!","score":9,"maxScore":9,"error":0,"length":1},"keyphraseInIntroduction":{"title":"Keyphrase in introduction","description":"Your Keyphrase appears in the first paragraph. Well done!","score":9,"maxScore":9,"error":0},"keyphraseInImageAlt":{"title":"Keyphrase in image alt attributes","description":"Keyphrase found in image alt attribute(s).","score":9,"maxScore":9,"error":0}}},{"keyphrase":"Fernando Alonso ","score":83,"analysis":{"keyphraseInDescription":{"title":"Keyphrase in meta description","description":"Keyphrase found in meta description.","score":9,"maxScore":9,"error":0},"keyphraseLength":{"title":"Keyphrase length","description":"Good job!","score":9,"maxScore":9,"error":0,"length":2},"keyphraseInIntroduction":{"title":"Keyphrase in introduction","description":"Your Keyphrase appears in the first paragraph. Well done!","score":9,"maxScore":9,"error":0},"keyphraseInImageAlt":{"title":"Keyphrase in image alt attributes","description":"Keyphrase not found in image alt attribute(s). Add an image with your Keyphrase as alt text.","score":3,"maxScore":9,"error":1}}}]},"primary_term":null,"canonical_url":null,"og_title":null,"og_description":null,"og_object_type":"default","og_image_type":"default","og_image_url":null,"og_image_width":null,"og_image_height":null,"og_image_custom_url":null,"og_image_custom_fields":null,"og_video":"","og_custom_url":null,"og_article_section":null,"og_article_tags":[],"twitter_use_og":false,"twitter_card":"default","twitter_image_type":"default","twitter_image_url":null,"twitter_image_custom_url":null,"twitter_image_custom_fields":null,"twitter_title":null,"twitter_description":null,"schema":{"blockGraphs":[],"customGraphs":[],"default":{"data":{"Article":[],"Course":[],"Dataset":[],"FAQPage":[],"Movie":[],"Person":[],"Product":[],"ProductReview":[],"Car":[],"Recipe":[],"Service":[],"SoftwareApplication":[],"WebPage":[]},"graphName":"","isEnabled":true},"graphs":[],"defaultGraph":"Article","defaultPostTypeGraph":""},"schema_type":"default","schema_type_options":"{\"article\":{\"articleType\":\"BlogPosting\"},\"course\":{\"name\":\"\",\"description\":\"\",\"provider\":\"\"},\"faq\":{\"pages\":[]},\"product\":{\"reviews\":[]},\"recipe\":{\"ingredients\":[],\"instructions\":[],\"keywords\":[]},\"software\":{\"reviews\":[],\"operatingSystems\":[]},\"webPage\":{\"webPageType\":\"WebPage\"},\"blockGraphs\":[]}","pillar_content":false,"robots_default":true,"robots_noindex":false,"robots_noarchive":false,"robots_nosnippet":false,"robots_nofollow":false,"robots_noimageindex":false,"robots_noodp":false,"robots_notranslate":false,"robots_max_snippet":"-1","robots_max_videopreview":"-1","robots_max_imagepreview":"large","priority":null,"frequency":"default","location":null,"local_seo":null,"seo_analyzer_scan_date":"2025-09-01 10:18:15","breadcrumb_settings":null,"limit_modified_date":false,"reviewed_by":null,"open_ai":null,"ai":null,"created":"2022-08-04 03:58:49","updated":"2025-09-01 10:18:15"},"aioseo_breadcrumb":"<div class=\"aioseo-breadcrumbs\"><span class=\"aioseo-breadcrumb\">\n\t<a href=\"https:\/\/candas365.es\/noticias\" title=\"Home\">Home<\/a>\n<\/span><span class=\"aioseo-breadcrumb-separator\">&ndash;<\/span><span class=\"aioseo-breadcrumb\">\n\t<a href=\"https:\/\/candas365.es\/noticias\/category\/deporte\/\" title=\"Deporte\">Deporte<\/a>\n<\/span><span class=\"aioseo-breadcrumb-separator\">&ndash;<\/span><span class=\"aioseo-breadcrumb\">\n\tAlonso correr\u00e1 con Aston Martin\n<\/span><\/div>","aioseo_breadcrumb_json":[{"label":"Home","link":"https:\/\/candas365.es\/noticias"},{"label":"Deporte","link":"https:\/\/candas365.es\/noticias\/category\/deporte\/"},{"label":"Alonso correr\u00e1 con Aston Martin","link":"https:\/\/candas365.es\/noticias\/alonso-correra-con-aston-martin\/"}],"_links":{"self":[{"href":"https:\/\/candas365.es\/noticias\/wp-json\/wp\/v2\/posts\/164715","targetHints":{"allow":["GET"]}}],"collection":[{"href":"https:\/\/candas365.es\/noticias\/wp-json\/wp\/v2\/posts"}],"about":[{"href":"https:\/\/candas365.es\/noticias\/wp-json\/wp\/v2\/types\/post"}],"author":[{"embeddable":true,"href":"https:\/\/candas365.es\/noticias\/wp-json\/wp\/v2\/users\/1"}],"replies":[{"embeddable":true,"href":"https:\/\/candas365.es\/noticias\/wp-json\/wp\/v2\/comments?post=164715"}],"version-history":[{"count":0,"href":"https:\/\/candas365.es\/noticias\/wp-json\/wp\/v2\/posts\/164715\/revisions"}],"wp:featuredmedia":[{"embeddable":true,"href":"https:\/\/candas365.es\/noticias\/wp-json\/wp\/v2\/media\/164716"}],"wp:attachment":[{"href":"https:\/\/candas365.es\/noticias\/wp-json\/wp\/v2\/media?parent=164715"}],"wp:term":[{"taxonomy":"category","embeddable":true,"href":"https:\/\/candas365.es\/noticias\/wp-json\/wp\/v2\/categories?post=164715"},{"taxonomy":"post_tag","embeddable":true,"href":"https:\/\/candas365.es\/noticias\/wp-json\/wp\/v2\/tags?post=164715"}],"curies":[{"name":"wp","href":"https:\/\/api.w.org\/{rel}","templated":true}]}}