{"id":164708,"date":"2022-08-04T05:22:33","date_gmt":"2022-08-04T03:22:33","guid":{"rendered":"https:\/\/candas365.es\/noticias\/?p=164708"},"modified":"2022-08-21T10:59:35","modified_gmt":"2022-08-21T08:59:35","slug":"zelenski-la-arquitectura-de-seguridad-global-no-ha-funcionado","status":"publish","type":"post","link":"https:\/\/candas365.es\/noticias\/zelenski-la-arquitectura-de-seguridad-global-no-ha-funcionado\/","title":{"rendered":"Zelenski: \u00abLa arquitectura de seguridad global no ha funcionado\u00bb"},"content":{"rendered":"<p>(EP) &#8211; El presidente ucraniano, Volodimir Zelenski, ha criticado este mi\u00e9rcoles la arquitectura de seguridad global por considerar que no funciona, se\u00f1alando no solo la guerra en Ucrania, sino tambi\u00e9n la escalada de tensiones en los \u00faltimos d\u00edas en los Balcanes, <a href=\"https:\/\/www.eldigitaldeasturias.com\/noticias\/taiwan-afirma-que-aviones-militares-chinos-han-invadido-su-espacio-aereo\/\"><span style=\"color: #ff6600;\"><strong>Taiw\u00e1n<\/strong> <\/span><\/a>y el C\u00e1ucaso.<\/p>\n<figure id=\"attachment_164709\" aria-describedby=\"caption-attachment-164709\" style=\"width: 650px\" class=\"wp-caption aligncenter\"><img fetchpriority=\"high\" decoding=\"async\" class=\"wp-image-164709 size-large\" src=\"https:\/\/candas365.es\/noticias\/wp-content\/uploads\/2022\/08\/Zelenski-650x405.jpg\" alt=\"Zelenski\" width=\"650\" height=\"405\" srcset=\"https:\/\/candas365.es\/noticias\/wp-content\/uploads\/2022\/08\/Zelenski-650x405.jpg 650w, https:\/\/candas365.es\/noticias\/wp-content\/uploads\/2022\/08\/Zelenski-360x224.jpg 360w, https:\/\/candas365.es\/noticias\/wp-content\/uploads\/2022\/08\/Zelenski-768x479.jpg 768w, https:\/\/candas365.es\/noticias\/wp-content\/uploads\/2022\/08\/Zelenski-150x94.jpg 150w, https:\/\/candas365.es\/noticias\/wp-content\/uploads\/2022\/08\/Zelenski-450x281.jpg 450w, https:\/\/candas365.es\/noticias\/wp-content\/uploads\/2022\/08\/Zelenski.jpg 1052w\" sizes=\"(max-width: 650px) 100vw, 650px\" \/><figcaption id=\"caption-attachment-164709\" class=\"wp-caption-text\">Foto- PRESIDENCIA DE UCRANIA \/ Europa Press<\/figcaption><\/figure>\n<p>\u00abTodas estas situaciones parecen diferentes, aunque est\u00e1n unidas por un factor: la arquitectura de seguridad global no ha funcionado\u00bb, ha sostenido Zelenski en su discurso diario a la poblaci\u00f3n ucraniana, donde ha asegurado que la invasi\u00f3n rusa de su pa\u00eds ha hecho comprender lo fr\u00e1gil que es \u00abnuestra libertad\u00bb.<\/p>\n<p>En este sentido, el mandatario de Ucrania ha asegurado que el pueblo ucraniano ha unido \u00abal mundo libre no solo en torno a su lucha por la libertad, sino tambi\u00e9n en torno a la comprensi\u00f3n de lo fr\u00e1gil que es nuestra libertad\u00bb.<\/p>\n<p>\u00abEsta fragilidad solo puede protegerse mediante la acci\u00f3n conjunta, y para que esto funcione a largo plazo, debe haber una arquitectura de seguridad global efectiva que garantice que ning\u00fan estado pueda volver a recurrir al terror contra otro estado\u00bb, ha detallado el jefe de Estado, asegurando que Ucrania ya est\u00e1 trabajando en ello.<\/p>\n<p>Las palabras del presidente ucraniano tienen lugar despu\u00e9s de que en los \u00faltimos d\u00edas se hayan registrado un aumento de las tensiones en regiones como en los Balcanes, con el episodio entre Kosovo y Serbia; en Taiw\u00e1n, tras la visita a la isla de la C\u00e1mara de Representantes de Estados Unidos, Nancy Pelosi; o tras la muerte este mi\u00e9rcoles de varios soldados armenios y azer\u00edes en enfrentamientos cerca de la regi\u00f3n en disputa Nagorno Karabaj.<\/p>\n<p>Por otra parte, Zelenski ha aseverado que Rusia estar\u00eda comenzando a darse cuenta de la \u00abinevitabilidad de ser reconocida como un Estado terrorista\u00bb.<\/p>\n<p>\u00abDespu\u00e9s de todo lo que han hecho el Ej\u00e9rcito ruso y las compa\u00f1\u00edas militares rusas, supuestamente privadas, ninguna otra organizaci\u00f3n terrorista en el mundo puede reclamar la primac\u00eda del terror. Rusia es definitivamente el n\u00famero uno entre los terroristas. Y esto definitivamente merece consecuencias legales, en particular, en las decisiones de Estados Unidos y otros actores mundiales\u00bb, ha expresado el presidente de Ucrania.<\/p>\n<p>Ante \u00abla propaganda rusa\u00bb, seg\u00fan Zelenski, que pretende dar a entender que Rusia quiere negociaciones de paz, el presidente ucraniano ha expuesto que si la parte rusa \u00abrealmente quisiera el final de la guerra, \u00abno habr\u00eda llevado a sus reservas al sur de Ucrania y no habr\u00eda producido fosas comunes de asesinados\u00bb.<\/p>\n","protected":false},"excerpt":{"rendered":"<p>(EP) &#8211; El presidente ucraniano, Volodimir Zelenski, ha criticado este mi\u00e9rcoles la arquitectura de seguridad global por considerar que no funciona, se\u00f1alando no solo la guerra en Ucrania, sino tambi\u00e9n la escalada de tensiones en los \u00faltimos d\u00edas en los Balcanes, Taiw\u00e1n y el C\u00e1ucaso. \u00abTodas estas situaciones parecen diferentes, aunque est\u00e1n unidas por un<\/p>\n","protected":false},"author":1,"featured_media":164709,"comment_status":"closed","ping_status":"closed","sticky":false,"template":"","format":"standard","meta":{"footnotes":""},"categories":[485],"tags":[464,418],"class_list":{"0":"post-164708","1":"post","2":"type-post","3":"status-publish","4":"format-standard","5":"has-post-thumbnail","7":"category-internacional","8":"tag-conflictos","9":"tag-internacional"},"aioseo_notices":[],"aioseo_head":"\n\t\t<!-- All in One SEO Pro 4.9.6.2 - aioseo.com -->\n\t<meta name=\"description\" content=\"(EP) - El presidente ucraniano, Volodimir Zelenski, ha criticado este mi\u00e9rcoles la arquitectura de seguridad global por considerar que no funciona\" \/>\n\t<meta name=\"robots\" content=\"max-image-preview:large\" \/>\n\t<meta name=\"author\" content=\"Cand\u00e1s 365\"\/>\n\t<meta name=\"google-site-verification\" content=\"UA-32230408-1\" \/>\n\t<meta name=\"msvalidate.01\" content=\"354F3CDFB2DA171B47FBE9ABF1F88D5\" \/>\n\t<meta name=\"keywords\" content=\"internacional\" \/>\n\t<link rel=\"canonical\" href=\"https:\/\/candas365.es\/noticias\/zelenski-la-arquitectura-de-seguridad-global-no-ha-funcionado\/\" \/>\n\t<meta name=\"generator\" content=\"All in One SEO Pro (AIOSEO) 4.9.6.2\" \/>\n\t\t<meta property=\"og:locale\" content=\"es_ES\" \/>\n\t\t<meta property=\"og:site_name\" content=\"Cand\u00e1s 365\" \/>\n\t\t<meta property=\"og:type\" content=\"article\" \/>\n\t\t<meta property=\"og:title\" content=\"Zelenski: \u00abLa arquitectura de seguridad global no ha funcionado\u00bb | Cand\u00e1s 365\" \/>\n\t\t<meta property=\"og:description\" content=\"(EP) - El presidente ucraniano, Volodimir Zelenski, ha criticado este mi\u00e9rcoles la arquitectura de seguridad global por considerar que no funciona\" \/>\n\t\t<meta property=\"og:url\" content=\"https:\/\/candas365.es\/noticias\/zelenski-la-arquitectura-de-seguridad-global-no-ha-funcionado\/\" \/>\n\t\t<meta property=\"og:image\" content=\"https:\/\/candas365.es\/noticias\/wp-content\/uploads\/2022\/08\/Zelenski.jpg\" \/>\n\t\t<meta property=\"og:image:secure_url\" content=\"https:\/\/candas365.es\/noticias\/wp-content\/uploads\/2022\/08\/Zelenski.jpg\" \/>\n\t\t<meta property=\"og:image:width\" content=\"1052\" \/>\n\t\t<meta property=\"og:image:height\" content=\"656\" \/>\n\t\t<meta property=\"article:published_time\" content=\"2022-08-04T03:22:33+00:00\" \/>\n\t\t<meta property=\"article:modified_time\" content=\"2022-08-21T08:59:35+00:00\" \/>\n\t\t<meta property=\"article:publisher\" content=\"https:\/\/www.facebook.com\/Nachofdezber\" \/>\n\t\t<meta property=\"article:author\" content=\"https:\/\/www.facebook.com\/carrenoactualidad\" \/>\n\t\t<meta name=\"twitter:card\" content=\"summary_large_image\" \/>\n\t\t<meta name=\"twitter:site\" content=\"@NabercoDigital\" \/>\n\t\t<meta name=\"twitter:title\" content=\"Zelenski: \u00abLa arquitectura de seguridad global no ha funcionado\u00bb | Cand\u00e1s 365\" \/>\n\t\t<meta name=\"twitter:description\" content=\"(EP) - El presidente ucraniano, Volodimir Zelenski, ha criticado este mi\u00e9rcoles la arquitectura de seguridad global por considerar que no funciona\" \/>\n\t\t<meta name=\"twitter:creator\" content=\"@nbasturias\" \/>\n\t\t<meta name=\"twitter:image\" content=\"https:\/\/candas365.es\/noticias\/wp-content\/uploads\/2022\/08\/Zelenski.jpg\" \/>\n\t\t<meta name=\"twitter:label1\" content=\"Escrito por\" \/>\n\t\t<meta name=\"twitter:data1\" content=\"Cand\u00e1s 365\" \/>\n\t\t<meta name=\"twitter:label2\" content=\"Tiempo de lectura estimado\" \/>\n\t\t<meta name=\"twitter:data2\" content=\"2 minutos\" \/>\n\t\t<script type=\"application\/ld+json\" class=\"aioseo-schema\">\n\t\t\t{\"@context\":\"https:\\\/\\\/schema.org\",\"@graph\":[{\"@type\":\"BreadcrumbList\",\"@id\":\"https:\\\/\\\/candas365.es\\\/noticias\\\/zelenski-la-arquitectura-de-seguridad-global-no-ha-funcionado\\\/#breadcrumblist\",\"itemListElement\":[{\"@type\":\"ListItem\",\"@id\":\"https:\\\/\\\/candas365.es\\\/noticias#listItem\",\"position\":1,\"name\":\"Home\",\"item\":\"https:\\\/\\\/candas365.es\\\/noticias\",\"nextItem\":{\"@type\":\"ListItem\",\"@id\":\"https:\\\/\\\/candas365.es\\\/noticias\\\/category\\\/internacional\\\/#listItem\",\"name\":\"Internacional\"}},{\"@type\":\"ListItem\",\"@id\":\"https:\\\/\\\/candas365.es\\\/noticias\\\/category\\\/internacional\\\/#listItem\",\"position\":2,\"name\":\"Internacional\",\"item\":\"https:\\\/\\\/candas365.es\\\/noticias\\\/category\\\/internacional\\\/\",\"nextItem\":{\"@type\":\"ListItem\",\"@id\":\"https:\\\/\\\/candas365.es\\\/noticias\\\/zelenski-la-arquitectura-de-seguridad-global-no-ha-funcionado\\\/#listItem\",\"name\":\"Zelenski: \\u00abLa arquitectura de seguridad global no ha funcionado\\u00bb\"},\"previousItem\":{\"@type\":\"ListItem\",\"@id\":\"https:\\\/\\\/candas365.es\\\/noticias#listItem\",\"name\":\"Home\"}},{\"@type\":\"ListItem\",\"@id\":\"https:\\\/\\\/candas365.es\\\/noticias\\\/zelenski-la-arquitectura-de-seguridad-global-no-ha-funcionado\\\/#listItem\",\"position\":3,\"name\":\"Zelenski: \\u00abLa arquitectura de seguridad global no ha funcionado\\u00bb\",\"previousItem\":{\"@type\":\"ListItem\",\"@id\":\"https:\\\/\\\/candas365.es\\\/noticias\\\/category\\\/internacional\\\/#listItem\",\"name\":\"Internacional\"}}]},{\"@type\":\"NewsArticle\",\"@id\":\"https:\\\/\\\/candas365.es\\\/noticias\\\/zelenski-la-arquitectura-de-seguridad-global-no-ha-funcionado\\\/#newsarticle\",\"name\":\"Zelenski: \\u00abLa arquitectura de seguridad global no ha funcionado\\u00bb | Cand\\u00e1s 365\",\"headline\":\"Zelenski: \\u00abLa arquitectura de seguridad global no ha funcionado\\u00bb\",\"author\":{\"@id\":\"https:\\\/\\\/candas365.es\\\/noticias\\\/author\\\/admin\\\/#author\"},\"publisher\":{\"@id\":\"https:\\\/\\\/candas365.es\\\/noticias\\\/#organization\"},\"image\":{\"@type\":\"ImageObject\",\"url\":\"https:\\\/\\\/candas365.es\\\/noticias\\\/wp-content\\\/uploads\\\/2022\\\/08\\\/Zelenski.jpg\",\"width\":1052,\"height\":656,\"caption\":\"Foto- PRESIDENCIA DE UCRANIA \\\/ Europa Press\"},\"datePublished\":\"2022-08-04T05:22:33+02:00\",\"dateModified\":\"2022-08-21T10:59:35+02:00\",\"inLanguage\":\"es-ES\",\"mainEntityOfPage\":{\"@id\":\"https:\\\/\\\/candas365.es\\\/noticias\\\/zelenski-la-arquitectura-de-seguridad-global-no-ha-funcionado\\\/#webpage\"},\"isPartOf\":{\"@id\":\"https:\\\/\\\/candas365.es\\\/noticias\\\/zelenski-la-arquitectura-de-seguridad-global-no-ha-funcionado\\\/#webpage\"},\"articleSection\":\"Internacional, conflictos, Internacional\",\"dateline\":\"Publicado el agosto 4, 2022.\"},{\"@type\":\"Organization\",\"@id\":\"https:\\\/\\\/candas365.es\\\/noticias\\\/#organization\",\"name\":\"Cand\\u00e1s 365\",\"description\":\"Cand\\u00e1s 365 es un diario digital independiente, fundado en 2012, con base en Asturias. Informamos con rigor sobre actualidad, sociedad, cultura y ocio, con una mirada local y global.\",\"url\":\"https:\\\/\\\/candas365.es\\\/noticias\\\/\",\"email\":\"info@candas365.es\",\"telephone\":\"+34652131393\",\"foundingDate\":\"2012-06-10\",\"logo\":{\"@type\":\"ImageObject\",\"url\":\"https:\\\/\\\/candas365.es\\\/noticias\\\/wp-content\\\/uploads\\\/2024\\\/09\\\/Candas-365-Redes.jpg\",\"@id\":\"https:\\\/\\\/candas365.es\\\/noticias\\\/zelenski-la-arquitectura-de-seguridad-global-no-ha-funcionado\\\/#organizationLogo\",\"width\":1152,\"height\":864,\"caption\":\"Cand\\u00e1s 365 Redes\"},\"image\":{\"@id\":\"https:\\\/\\\/candas365.es\\\/noticias\\\/zelenski-la-arquitectura-de-seguridad-global-no-ha-funcionado\\\/#organizationLogo\"},\"sameAs\":[\"https:\\\/\\\/www.facebook.com\\\/Nachofdezber\",\"https:\\\/\\\/x.com\\\/NabercoDigital\",\"https:\\\/\\\/www.instagram.com\\\/nachofdezber\\\/\",\"https:\\\/\\\/www.youtube.com\\\/channel\\\/UCZP-2wLEB9Rv6erhFmqVnvg\"],\"address\":{\"@id\":\"https:\\\/\\\/candas365.es\\\/noticias\\\/#postaladdress\",\"@type\":\"PostalAddress\",\"streetAddress\":\"san antonio 4, san antonio 4\",\"postalCode\":\"33430\",\"addressLocality\":\"Cand\\u00e1s\",\"addressRegion\":\"Asturias\",\"addressCountry\":\"ES\"}},{\"@type\":\"Person\",\"@id\":\"https:\\\/\\\/candas365.es\\\/noticias\\\/author\\\/admin\\\/#author\",\"url\":\"https:\\\/\\\/candas365.es\\\/noticias\\\/author\\\/admin\\\/\",\"name\":\"Cand\\u00e1s 365\",\"image\":{\"@type\":\"ImageObject\",\"@id\":\"https:\\\/\\\/candas365.es\\\/noticias\\\/zelenski-la-arquitectura-de-seguridad-global-no-ha-funcionado\\\/#authorImage\",\"url\":\"https:\\\/\\\/secure.gravatar.com\\\/avatar\\\/496a8e03d0c493ede1718b7934145dbdf8d89be1036b0eec9544e1094c9de390?s=96&d=mm&r=g\",\"width\":96,\"height\":96,\"caption\":\"Cand\\u00e1s 365\"},\"sameAs\":[\"https:\\\/\\\/www.facebook.com\\\/carrenoactualidad\",\"https:\\\/\\\/twitter.com\\\/nbasturias\",\"https:\\\/\\\/www.instagram.com\\\/nachofdezber\\\/\",\"https:\\\/\\\/www.youtube.com\\\/channel\\\/UCZP-2wLEB9Rv6erhFmqVnvg\"]},{\"@type\":\"WebPage\",\"@id\":\"https:\\\/\\\/candas365.es\\\/noticias\\\/zelenski-la-arquitectura-de-seguridad-global-no-ha-funcionado\\\/#webpage\",\"url\":\"https:\\\/\\\/candas365.es\\\/noticias\\\/zelenski-la-arquitectura-de-seguridad-global-no-ha-funcionado\\\/\",\"name\":\"Zelenski: \\u00abLa arquitectura de seguridad global no ha funcionado\\u00bb | Cand\\u00e1s 365\",\"description\":\"(EP) - El presidente ucraniano, Volodimir Zelenski, ha criticado este mi\\u00e9rcoles la arquitectura de seguridad global por considerar que no funciona\",\"inLanguage\":\"es-ES\",\"isPartOf\":{\"@id\":\"https:\\\/\\\/candas365.es\\\/noticias\\\/#website\"},\"breadcrumb\":{\"@id\":\"https:\\\/\\\/candas365.es\\\/noticias\\\/zelenski-la-arquitectura-de-seguridad-global-no-ha-funcionado\\\/#breadcrumblist\"},\"author\":{\"@id\":\"https:\\\/\\\/candas365.es\\\/noticias\\\/author\\\/admin\\\/#author\"},\"creator\":{\"@id\":\"https:\\\/\\\/candas365.es\\\/noticias\\\/author\\\/admin\\\/#author\"},\"image\":{\"@type\":\"ImageObject\",\"url\":\"https:\\\/\\\/candas365.es\\\/noticias\\\/wp-content\\\/uploads\\\/2022\\\/08\\\/Zelenski.jpg\",\"@id\":\"https:\\\/\\\/candas365.es\\\/noticias\\\/zelenski-la-arquitectura-de-seguridad-global-no-ha-funcionado\\\/#mainImage\",\"width\":1052,\"height\":656,\"caption\":\"Foto- PRESIDENCIA DE UCRANIA \\\/ Europa Press\"},\"primaryImageOfPage\":{\"@id\":\"https:\\\/\\\/candas365.es\\\/noticias\\\/zelenski-la-arquitectura-de-seguridad-global-no-ha-funcionado\\\/#mainImage\"},\"datePublished\":\"2022-08-04T05:22:33+02:00\",\"dateModified\":\"2022-08-21T10:59:35+02:00\"},{\"@type\":\"WebSite\",\"@id\":\"https:\\\/\\\/candas365.es\\\/noticias\\\/#website\",\"url\":\"https:\\\/\\\/candas365.es\\\/noticias\\\/\",\"name\":\"Cand\\u00e1s 365\",\"alternateName\":\"Cand\\u00e1s 365 Noticias\",\"description\":\"Actualidad desde Carre\\u00f1o para el mundo\",\"inLanguage\":\"es-ES\",\"publisher\":{\"@id\":\"https:\\\/\\\/candas365.es\\\/noticias\\\/#organization\"}}]}\n\t\t<\/script>\n\t\t<!-- All in One SEO Pro -->\r\n\t\t<title>Zelenski: \u00abLa arquitectura de seguridad global no ha funcionado\u00bb | Cand\u00e1s 365<\/title>\n\n","aioseo_head_json":{"title":"Zelenski: \u00abLa arquitectura de seguridad global no ha funcionado\u00bb | Cand\u00e1s 365","description":"(EP) - El presidente ucraniano, Volodimir Zelenski, ha criticado este mi\u00e9rcoles la arquitectura de seguridad global por considerar que no funciona","canonical_url":"https:\/\/candas365.es\/noticias\/zelenski-la-arquitectura-de-seguridad-global-no-ha-funcionado\/","robots":"max-image-preview:large","keywords":"internacional","webmasterTools":{"google-site-verification":"UA-32230408-1","msvalidate.01":"354F3CDFB2DA171B47FBE9ABF1F88D5","miscellaneous":""},"schema":{"@context":"https:\/\/schema.org","@graph":[{"@type":"BreadcrumbList","@id":"https:\/\/candas365.es\/noticias\/zelenski-la-arquitectura-de-seguridad-global-no-ha-funcionado\/#breadcrumblist","itemListElement":[{"@type":"ListItem","@id":"https:\/\/candas365.es\/noticias#listItem","position":1,"name":"Home","item":"https:\/\/candas365.es\/noticias","nextItem":{"@type":"ListItem","@id":"https:\/\/candas365.es\/noticias\/category\/internacional\/#listItem","name":"Internacional"}},{"@type":"ListItem","@id":"https:\/\/candas365.es\/noticias\/category\/internacional\/#listItem","position":2,"name":"Internacional","item":"https:\/\/candas365.es\/noticias\/category\/internacional\/","nextItem":{"@type":"ListItem","@id":"https:\/\/candas365.es\/noticias\/zelenski-la-arquitectura-de-seguridad-global-no-ha-funcionado\/#listItem","name":"Zelenski: \u00abLa arquitectura de seguridad global no ha funcionado\u00bb"},"previousItem":{"@type":"ListItem","@id":"https:\/\/candas365.es\/noticias#listItem","name":"Home"}},{"@type":"ListItem","@id":"https:\/\/candas365.es\/noticias\/zelenski-la-arquitectura-de-seguridad-global-no-ha-funcionado\/#listItem","position":3,"name":"Zelenski: \u00abLa arquitectura de seguridad global no ha funcionado\u00bb","previousItem":{"@type":"ListItem","@id":"https:\/\/candas365.es\/noticias\/category\/internacional\/#listItem","name":"Internacional"}}]},{"@type":"NewsArticle","@id":"https:\/\/candas365.es\/noticias\/zelenski-la-arquitectura-de-seguridad-global-no-ha-funcionado\/#newsarticle","name":"Zelenski: \u00abLa arquitectura de seguridad global no ha funcionado\u00bb | Cand\u00e1s 365","headline":"Zelenski: \u00abLa arquitectura de seguridad global no ha funcionado\u00bb","author":{"@id":"https:\/\/candas365.es\/noticias\/author\/admin\/#author"},"publisher":{"@id":"https:\/\/candas365.es\/noticias\/#organization"},"image":{"@type":"ImageObject","url":"https:\/\/candas365.es\/noticias\/wp-content\/uploads\/2022\/08\/Zelenski.jpg","width":1052,"height":656,"caption":"Foto- PRESIDENCIA DE UCRANIA \/ Europa Press"},"datePublished":"2022-08-04T05:22:33+02:00","dateModified":"2022-08-21T10:59:35+02:00","inLanguage":"es-ES","mainEntityOfPage":{"@id":"https:\/\/candas365.es\/noticias\/zelenski-la-arquitectura-de-seguridad-global-no-ha-funcionado\/#webpage"},"isPartOf":{"@id":"https:\/\/candas365.es\/noticias\/zelenski-la-arquitectura-de-seguridad-global-no-ha-funcionado\/#webpage"},"articleSection":"Internacional, conflictos, Internacional","dateline":"Publicado el agosto 4, 2022."},{"@type":"Organization","@id":"https:\/\/candas365.es\/noticias\/#organization","name":"Cand\u00e1s 365","description":"Cand\u00e1s 365 es un diario digital independiente, fundado en 2012, con base en Asturias. Informamos con rigor sobre actualidad, sociedad, cultura y ocio, con una mirada local y global.","url":"https:\/\/candas365.es\/noticias\/","email":"info@candas365.es","telephone":"+34652131393","foundingDate":"2012-06-10","logo":{"@type":"ImageObject","url":"https:\/\/candas365.es\/noticias\/wp-content\/uploads\/2024\/09\/Candas-365-Redes.jpg","@id":"https:\/\/candas365.es\/noticias\/zelenski-la-arquitectura-de-seguridad-global-no-ha-funcionado\/#organizationLogo","width":1152,"height":864,"caption":"Cand\u00e1s 365 Redes"},"image":{"@id":"https:\/\/candas365.es\/noticias\/zelenski-la-arquitectura-de-seguridad-global-no-ha-funcionado\/#organizationLogo"},"sameAs":["https:\/\/www.facebook.com\/Nachofdezber","https:\/\/x.com\/NabercoDigital","https:\/\/www.instagram.com\/nachofdezber\/","https:\/\/www.youtube.com\/channel\/UCZP-2wLEB9Rv6erhFmqVnvg"],"address":{"@id":"https:\/\/candas365.es\/noticias\/#postaladdress","@type":"PostalAddress","streetAddress":"san antonio 4, san antonio 4","postalCode":"33430","addressLocality":"Cand\u00e1s","addressRegion":"Asturias","addressCountry":"ES"}},{"@type":"Person","@id":"https:\/\/candas365.es\/noticias\/author\/admin\/#author","url":"https:\/\/candas365.es\/noticias\/author\/admin\/","name":"Cand\u00e1s 365","image":{"@type":"ImageObject","@id":"https:\/\/candas365.es\/noticias\/zelenski-la-arquitectura-de-seguridad-global-no-ha-funcionado\/#authorImage","url":"https:\/\/secure.gravatar.com\/avatar\/496a8e03d0c493ede1718b7934145dbdf8d89be1036b0eec9544e1094c9de390?s=96&d=mm&r=g","width":96,"height":96,"caption":"Cand\u00e1s 365"},"sameAs":["https:\/\/www.facebook.com\/carrenoactualidad","https:\/\/twitter.com\/nbasturias","https:\/\/www.instagram.com\/nachofdezber\/","https:\/\/www.youtube.com\/channel\/UCZP-2wLEB9Rv6erhFmqVnvg"]},{"@type":"WebPage","@id":"https:\/\/candas365.es\/noticias\/zelenski-la-arquitectura-de-seguridad-global-no-ha-funcionado\/#webpage","url":"https:\/\/candas365.es\/noticias\/zelenski-la-arquitectura-de-seguridad-global-no-ha-funcionado\/","name":"Zelenski: \u00abLa arquitectura de seguridad global no ha funcionado\u00bb | Cand\u00e1s 365","description":"(EP) - El presidente ucraniano, Volodimir Zelenski, ha criticado este mi\u00e9rcoles la arquitectura de seguridad global por considerar que no funciona","inLanguage":"es-ES","isPartOf":{"@id":"https:\/\/candas365.es\/noticias\/#website"},"breadcrumb":{"@id":"https:\/\/candas365.es\/noticias\/zelenski-la-arquitectura-de-seguridad-global-no-ha-funcionado\/#breadcrumblist"},"author":{"@id":"https:\/\/candas365.es\/noticias\/author\/admin\/#author"},"creator":{"@id":"https:\/\/candas365.es\/noticias\/author\/admin\/#author"},"image":{"@type":"ImageObject","url":"https:\/\/candas365.es\/noticias\/wp-content\/uploads\/2022\/08\/Zelenski.jpg","@id":"https:\/\/candas365.es\/noticias\/zelenski-la-arquitectura-de-seguridad-global-no-ha-funcionado\/#mainImage","width":1052,"height":656,"caption":"Foto- PRESIDENCIA DE UCRANIA \/ Europa Press"},"primaryImageOfPage":{"@id":"https:\/\/candas365.es\/noticias\/zelenski-la-arquitectura-de-seguridad-global-no-ha-funcionado\/#mainImage"},"datePublished":"2022-08-04T05:22:33+02:00","dateModified":"2022-08-21T10:59:35+02:00"},{"@type":"WebSite","@id":"https:\/\/candas365.es\/noticias\/#website","url":"https:\/\/candas365.es\/noticias\/","name":"Cand\u00e1s 365","alternateName":"Cand\u00e1s 365 Noticias","description":"Actualidad desde Carre\u00f1o para el mundo","inLanguage":"es-ES","publisher":{"@id":"https:\/\/candas365.es\/noticias\/#organization"}}]},"og:locale":"es_ES","og:site_name":"Cand\u00e1s 365","og:type":"article","og:title":"Zelenski: \u00abLa arquitectura de seguridad global no ha funcionado\u00bb | Cand\u00e1s 365","og:description":"(EP) - El presidente ucraniano, Volodimir Zelenski, ha criticado este mi\u00e9rcoles la arquitectura de seguridad global por considerar que no funciona","og:url":"https:\/\/candas365.es\/noticias\/zelenski-la-arquitectura-de-seguridad-global-no-ha-funcionado\/","og:image":"https:\/\/candas365.es\/noticias\/wp-content\/uploads\/2022\/08\/Zelenski.jpg","og:image:secure_url":"https:\/\/candas365.es\/noticias\/wp-content\/uploads\/2022\/08\/Zelenski.jpg","og:image:width":1052,"og:image:height":656,"article:published_time":"2022-08-04T03:22:33+00:00","article:modified_time":"2022-08-21T08:59:35+00:00","article:publisher":"https:\/\/www.facebook.com\/Nachofdezber","article:author":"https:\/\/www.facebook.com\/carrenoactualidad","twitter:card":"summary_large_image","twitter:site":"@NabercoDigital","twitter:title":"Zelenski: \u00abLa arquitectura de seguridad global no ha funcionado\u00bb | Cand\u00e1s 365","twitter:description":"(EP) - El presidente ucraniano, Volodimir Zelenski, ha criticado este mi\u00e9rcoles la arquitectura de seguridad global por considerar que no funciona","twitter:creator":"@nbasturias","twitter:image":"https:\/\/candas365.es\/noticias\/wp-content\/uploads\/2022\/08\/Zelenski.jpg","twitter:label1":"Escrito por","twitter:data1":"Cand\u00e1s 365","twitter:label2":"Tiempo de lectura estimado","twitter:data2":"2 minutos"},"aioseo_meta_data":{"post_id":"164708","title":null,"description":"(EP) - El presidente ucraniano, Volodimir Zelenski, ha criticado este mi\u00e9rcoles la arquitectura de seguridad global por considerar que no funciona","keywords":[],"keyphrases":{"focus":{"keyphrase":"Zelenski","score":92,"analysis":{"keyphraseInTitle":{"title":"Focus keyphrase in SEO title","description":"Focus keyphrase found in SEO title.","score":9,"maxScore":9,"error":0},"keyphraseInDescription":{"title":"Focus keyphrase in meta description","description":"Focus keyphrase found in meta description.","score":9,"maxScore":9,"error":0},"keyphraseLength":{"title":"Focus keyphrase length","description":"Good job!","score":9,"maxScore":9,"error":0,"length":1},"keyphraseInURL":{"title":"Focus keyphrase in URL","description":"Focus keyphrase not found in the URL.","score":1,"maxScore":5,"error":1},"keyphraseInIntroduction":{"title":"Focus keyphrase in introduction","description":"Your Focus keyphrase appears in the first paragraph. Well done!","score":9,"maxScore":9,"error":0},"keyphraseInSubHeadings":[],"keyphraseInImageAlt":{"title":"Focus keyphrase in image alt attributes","description":"Focus keyphrase found in image alt attribute(s).","score":9,"maxScore":9,"error":0}}},"additional":[{"keyphrase":" seguridad global ","score":100,"analysis":{"keyphraseInDescription":{"title":"Keyphrase in meta description","description":"Keyphrase found in meta description.","score":9,"maxScore":9,"error":0},"keyphraseLength":{"title":"Keyphrase length","description":"Good job!","score":9,"maxScore":9,"error":0,"length":2},"keyphraseInIntroduction":{"title":"Keyphrase in introduction","description":"Your Keyphrase appears in the first paragraph. Well done!","score":9,"maxScore":9,"error":0},"keyphraseInImageAlt":{"title":"Keyphrase in image alt attributes","description":"Keyphrase found in image alt attribute(s).","score":9,"maxScore":9,"error":0}}}]},"primary_term":null,"canonical_url":null,"og_title":null,"og_description":null,"og_object_type":"default","og_image_type":"default","og_image_url":null,"og_image_width":null,"og_image_height":null,"og_image_custom_url":null,"og_image_custom_fields":null,"og_video":"","og_custom_url":null,"og_article_section":null,"og_article_tags":[],"twitter_use_og":false,"twitter_card":"default","twitter_image_type":"default","twitter_image_url":null,"twitter_image_custom_url":null,"twitter_image_custom_fields":null,"twitter_title":null,"twitter_description":null,"schema":{"blockGraphs":[],"customGraphs":[],"default":{"data":{"Article":[],"Course":[],"Dataset":[],"FAQPage":[],"Movie":[],"Person":[],"Product":[],"ProductReview":[],"Car":[],"Recipe":[],"Service":[],"SoftwareApplication":[],"WebPage":[]},"graphName":"","isEnabled":true},"graphs":[],"defaultGraph":"Article","defaultPostTypeGraph":""},"schema_type":"default","schema_type_options":"{\"article\":{\"articleType\":\"BlogPosting\"},\"course\":{\"name\":\"\",\"description\":\"\",\"provider\":\"\"},\"faq\":{\"pages\":[]},\"product\":{\"reviews\":[]},\"recipe\":{\"ingredients\":[],\"instructions\":[],\"keywords\":[]},\"software\":{\"reviews\":[],\"operatingSystems\":[]},\"webPage\":{\"webPageType\":\"WebPage\"},\"blockGraphs\":[]}","pillar_content":false,"robots_default":true,"robots_noindex":false,"robots_noarchive":false,"robots_nosnippet":false,"robots_nofollow":false,"robots_noimageindex":false,"robots_noodp":false,"robots_notranslate":false,"robots_max_snippet":"-1","robots_max_videopreview":"-1","robots_max_imagepreview":"large","priority":null,"frequency":"default","location":null,"local_seo":null,"seo_analyzer_scan_date":"2025-09-01 10:18:12","breadcrumb_settings":null,"limit_modified_date":false,"reviewed_by":null,"open_ai":null,"ai":null,"created":"2022-08-04 03:17:49","updated":"2025-09-01 10:18:12"},"aioseo_breadcrumb":"<div class=\"aioseo-breadcrumbs\"><span class=\"aioseo-breadcrumb\">\n\t<a href=\"https:\/\/candas365.es\/noticias\" title=\"Home\">Home<\/a>\n<\/span><span class=\"aioseo-breadcrumb-separator\">&ndash;<\/span><span class=\"aioseo-breadcrumb\">\n\t<a href=\"https:\/\/candas365.es\/noticias\/category\/internacional\/\" title=\"Internacional\">Internacional<\/a>\n<\/span><span class=\"aioseo-breadcrumb-separator\">&ndash;<\/span><span class=\"aioseo-breadcrumb\">\n\tZelenski: \u00abLa arquitectura de seguridad global no ha funcionado\u00bb\n<\/span><\/div>","aioseo_breadcrumb_json":[{"label":"Home","link":"https:\/\/candas365.es\/noticias"},{"label":"Internacional","link":"https:\/\/candas365.es\/noticias\/category\/internacional\/"},{"label":"Zelenski: \u00abLa arquitectura de seguridad global no ha funcionado\u00bb","link":"https:\/\/candas365.es\/noticias\/zelenski-la-arquitectura-de-seguridad-global-no-ha-funcionado\/"}],"_links":{"self":[{"href":"https:\/\/candas365.es\/noticias\/wp-json\/wp\/v2\/posts\/164708","targetHints":{"allow":["GET"]}}],"collection":[{"href":"https:\/\/candas365.es\/noticias\/wp-json\/wp\/v2\/posts"}],"about":[{"href":"https:\/\/candas365.es\/noticias\/wp-json\/wp\/v2\/types\/post"}],"author":[{"embeddable":true,"href":"https:\/\/candas365.es\/noticias\/wp-json\/wp\/v2\/users\/1"}],"replies":[{"embeddable":true,"href":"https:\/\/candas365.es\/noticias\/wp-json\/wp\/v2\/comments?post=164708"}],"version-history":[{"count":0,"href":"https:\/\/candas365.es\/noticias\/wp-json\/wp\/v2\/posts\/164708\/revisions"}],"wp:featuredmedia":[{"embeddable":true,"href":"https:\/\/candas365.es\/noticias\/wp-json\/wp\/v2\/media\/164709"}],"wp:attachment":[{"href":"https:\/\/candas365.es\/noticias\/wp-json\/wp\/v2\/media?parent=164708"}],"wp:term":[{"taxonomy":"category","embeddable":true,"href":"https:\/\/candas365.es\/noticias\/wp-json\/wp\/v2\/categories?post=164708"},{"taxonomy":"post_tag","embeddable":true,"href":"https:\/\/candas365.es\/noticias\/wp-json\/wp\/v2\/tags?post=164708"}],"curies":[{"name":"wp","href":"https:\/\/api.w.org\/{rel}","templated":true}]}}