{"id":164613,"date":"2022-08-02T20:09:26","date_gmt":"2022-08-02T18:09:26","guid":{"rendered":"https:\/\/candas365.es\/noticias\/?p=164613"},"modified":"2022-08-02T20:09:26","modified_gmt":"2022-08-02T18:09:26","slug":"51-festival-de-la-sardina-en-candas-sabroso-y-emotivo","status":"publish","type":"post","link":"https:\/\/candas365.es\/noticias\/51-festival-de-la-sardina-en-candas-sabroso-y-emotivo\/","title":{"rendered":"51 Festival de la Sardina en Cand\u00e1s: Sabroso y emotivo"},"content":{"rendered":"<p>El mes de agosto ha comenzado en Cand\u00e1s, con una nueva edici\u00f3n del <a href=\"https:\/\/www.eldigitaldeasturias.com\/noticias\/festival-de-la-sardina-2022-en-candas-participantes-como-llegar-y-horario\/\" target=\"_blank\" rel=\"noopener\"><span style=\"color: #ff6600;\"><strong>Festival de la Sardina<\/strong><\/span><\/a>, una cita que desde hace unos a\u00f1os se celebra en la zona San Antonio, con la playa de Rebolleres y el Cant\u00e1brico de fondo, y que anteriormente se celebraba en el muelle local. La nueva zona en la que se celebra el Festival funde naturaleza con mar y el rico sabor de la sardina.<\/p>\n<figure id=\"attachment_164617\" aria-describedby=\"caption-attachment-164617\" style=\"width: 650px\" class=\"wp-caption aligncenter\"><img fetchpriority=\"high\" decoding=\"async\" class=\"wp-image-164617 size-large\" src=\"https:\/\/candas365.es\/noticias\/wp-content\/uploads\/2022\/08\/La-Sardina-2022-650x300.jpeg\" alt=\"La Sardina 2022\" width=\"650\" height=\"300\" srcset=\"https:\/\/candas365.es\/noticias\/wp-content\/uploads\/2022\/08\/La-Sardina-2022-650x300.jpeg 650w, https:\/\/candas365.es\/noticias\/wp-content\/uploads\/2022\/08\/La-Sardina-2022-360x166.jpeg 360w, https:\/\/candas365.es\/noticias\/wp-content\/uploads\/2022\/08\/La-Sardina-2022-768x354.jpeg 768w, https:\/\/candas365.es\/noticias\/wp-content\/uploads\/2022\/08\/La-Sardina-2022-150x69.jpeg 150w, https:\/\/candas365.es\/noticias\/wp-content\/uploads\/2022\/08\/La-Sardina-2022-450x207.jpeg 450w, https:\/\/candas365.es\/noticias\/wp-content\/uploads\/2022\/08\/La-Sardina-2022.jpeg 1024w\" sizes=\"(max-width: 650px) 100vw, 650px\" \/><figcaption id=\"caption-attachment-164617\" class=\"wp-caption-text\">Foto: C\u00e9sar Quintanilla cedida por Ayuntamiento de Carre\u00f1o<\/figcaption><\/figure>\n<p>Ayer 1 de agosto de 2022 fueron <strong>m\u00e1s de 10.000 personas las que disfrutaron de las propuestas de los seis puestos que ofrecieron m\u00e1s de 3000 kilos de sardina<\/strong>. El buen ambiente, el reencuentro con amigos, y la sidra tambi\u00e9n fueron protagonistas en <strong>un Festival en el que se rindi\u00f3 homenaje a Rafael Garc\u00eda del Busto<\/strong>, con la entrega de la sardina de oro, por ser el presidente del festival de la Sardina del a\u00f1o 1970.<\/p>\n<figure id=\"attachment_164614\" aria-describedby=\"caption-attachment-164614\" style=\"width: 650px\" class=\"wp-caption aligncenter\"><img decoding=\"async\" class=\"wp-image-164614 size-large\" src=\"https:\/\/candas365.es\/noticias\/wp-content\/uploads\/2022\/08\/Helio-Garcia-650x446.jpeg\" alt=\"Helio Garc\u00eda\" width=\"650\" height=\"446\" srcset=\"https:\/\/candas365.es\/noticias\/wp-content\/uploads\/2022\/08\/Helio-Garcia-650x446.jpeg 650w, https:\/\/candas365.es\/noticias\/wp-content\/uploads\/2022\/08\/Helio-Garcia-360x247.jpeg 360w, https:\/\/candas365.es\/noticias\/wp-content\/uploads\/2022\/08\/Helio-Garcia-768x528.jpeg 768w, https:\/\/candas365.es\/noticias\/wp-content\/uploads\/2022\/08\/Helio-Garcia-1536x1055.jpeg 1536w, https:\/\/candas365.es\/noticias\/wp-content\/uploads\/2022\/08\/Helio-Garcia-150x103.jpeg 150w, https:\/\/candas365.es\/noticias\/wp-content\/uploads\/2022\/08\/Helio-Garcia-450x309.jpeg 450w, https:\/\/candas365.es\/noticias\/wp-content\/uploads\/2022\/08\/Helio-Garcia-1200x824.jpeg 1200w, https:\/\/candas365.es\/noticias\/wp-content\/uploads\/2022\/08\/Helio-Garcia.jpeg 1600w\" sizes=\"(max-width: 650px) 100vw, 650px\" \/><figcaption id=\"caption-attachment-164614\" class=\"wp-caption-text\">Helio Garc\u00eda junto a la alcaldesa de Carre\u00f1o, Amelia Fern\u00e1ndez: Foto cedida por Helio Garc\u00eda<\/figcaption><\/figure>\n<blockquote><p>Sus hijos Jos\u00e9 Mar\u00eda y Heliodoro fueron invitados a recoger la sardina, en ausencia de su hijo Jos\u00e9 Maria lo hicieron sus nietos Sim\u00f3n y Ester, y su hijo Helio.<\/p><\/blockquote>\n<h2>Gran participaci\u00f3n institucional<\/h2>\n<figure id=\"attachment_164616\" aria-describedby=\"caption-attachment-164616\" style=\"width: 641px\" class=\"wp-caption aligncenter\"><img decoding=\"async\" class=\"wp-image-164616 size-large\" src=\"https:\/\/candas365.es\/noticias\/wp-content\/uploads\/2022\/08\/Ayuntamiento-641x480.jpg\" alt=\"Sardina 2022\" width=\"641\" height=\"480\" srcset=\"https:\/\/candas365.es\/noticias\/wp-content\/uploads\/2022\/08\/Ayuntamiento-641x480.jpg 641w, https:\/\/candas365.es\/noticias\/wp-content\/uploads\/2022\/08\/Ayuntamiento-360x269.jpg 360w, https:\/\/candas365.es\/noticias\/wp-content\/uploads\/2022\/08\/Ayuntamiento-768x575.jpg 768w, https:\/\/candas365.es\/noticias\/wp-content\/uploads\/2022\/08\/Ayuntamiento-150x112.jpg 150w, https:\/\/candas365.es\/noticias\/wp-content\/uploads\/2022\/08\/Ayuntamiento-450x337.jpg 450w, https:\/\/candas365.es\/noticias\/wp-content\/uploads\/2022\/08\/Ayuntamiento.jpg 887w\" sizes=\"(max-width: 641px) 100vw, 641px\" \/><figcaption id=\"caption-attachment-164616\" class=\"wp-caption-text\">FOTO CEDIDA POR AYUNTAMIENTO DE CARRE\u00d1O<\/figcaption><\/figure>\n<p>En el acto particip\u00f3 la Alcaldesa de <span style=\"color: #ff6600;\"><a style=\"color: #ff6600;\" href=\"https:\/\/candas365.es\/noticias\/category\/noticias-carreno\/\"><strong>Carre\u00f1o<\/strong><\/a><\/span>, Amelia Fern\u00e1ndez y la Consejera de Turismo y Cultura del Principado, Berta Pi\u00f1\u00e1n. Estuvieron acompa\u00f1adas por otras autoridades ( Jon\u00e1s Fern\u00e1ndez \u00c1lvarez, Eurodiputado, Enrique Rodr\u00edguez Nu\u00f1o, Director del \u00c1rea de Agricultura y Pesca de la Delegaci\u00f3n del Gobierno de Espa\u00f1a en Asturias, Melania \u00c1lvarez Garc\u00eda, portavoz del Gobierno del Principado y Consejera de Derechos Sociales y Bienestar, Francisco Gonz\u00e1lez Rodr\u00edguez, &#8216;Quico&#8217;, Director general de Pesca Mar\u00edtima del Principado, Fernando Prendes Fern\u00e1ndez-Heres, director general de Infraestructuras Rurales y Montes del Gobierno del Principado, y el Comandante Naval de Asturias, Luis Vicente M\u00e1rquez Montero), as\u00ed como alcaldes y alcaldesas de otros municipios asturianos ( Ponga, Bimenes, Sariego y Llanera) y ediles de la Corporaci\u00f3n local.<\/p>\n<h2>Participantes, Jurado y ganadores.<\/h2>\n<p>Tal y como les hemos contado durante la semana un total de seis puestos fueron compitieron por llevarse el premio del Festival<\/p>\n<ul>\n<li>Restaurante Casa Repinaldo<\/li>\n<li>Sidrer\u00eda Nordeste<\/li>\n<li>Bar La Marina<\/li>\n<li>Cafeter\u00eda Principado<\/li>\n<li>Restaurante El Portal\u00f3n<\/li>\n<li>Pizzer\u00eda El Dia\u00f1u<\/li>\n<\/ul>\n<p>El jurado estuvo presidido por Pedro Mor\u00e1n del Restaurante Casa Gerardo y <strong>la Sardina de Oro 2022 fue concedida al Restaurante Casa Repinaldo de Cand\u00e1s<\/strong> con un total de 47 puntos.<\/p>\n<figure id=\"attachment_164615\" aria-describedby=\"caption-attachment-164615\" style=\"width: 650px\" class=\"wp-caption aligncenter\"><img loading=\"lazy\" decoding=\"async\" class=\"wp-image-164615 size-large\" src=\"https:\/\/candas365.es\/noticias\/wp-content\/uploads\/2022\/08\/Sardina-2022-650x470.jpg\" alt=\"Sardina 2022\" width=\"650\" height=\"470\" srcset=\"https:\/\/candas365.es\/noticias\/wp-content\/uploads\/2022\/08\/Sardina-2022-650x470.jpg 650w, https:\/\/candas365.es\/noticias\/wp-content\/uploads\/2022\/08\/Sardina-2022-360x260.jpg 360w, https:\/\/candas365.es\/noticias\/wp-content\/uploads\/2022\/08\/Sardina-2022-768x555.jpg 768w, https:\/\/candas365.es\/noticias\/wp-content\/uploads\/2022\/08\/Sardina-2022-150x108.jpg 150w, https:\/\/candas365.es\/noticias\/wp-content\/uploads\/2022\/08\/Sardina-2022-450x325.jpg 450w, https:\/\/candas365.es\/noticias\/wp-content\/uploads\/2022\/08\/Sardina-2022.jpg 933w\" sizes=\"(max-width: 650px) 100vw, 650px\" \/><figcaption id=\"caption-attachment-164615\" class=\"wp-caption-text\">FOTO CEDIDA POR AYUNTAMIENTO DE CARRE\u00d1O Y REALIZADA POR C\u00e9sar Quintanilla<\/figcaption><\/figure>\n<p>La <strong>Sardina de Plata fue otorgada para el Restaurante El Portal\u00f3n y La Marina<\/strong> con un total de 40&#8217;5 puntos.<\/p>\n","protected":false},"excerpt":{"rendered":"<p>El mes de agosto ha comenzado en Cand\u00e1s, con una nueva edici\u00f3n del Festival de la Sardina, una cita que desde hace unos a\u00f1os se celebra en la zona San Antonio, con la playa de Rebolleres y el Cant\u00e1brico de fondo, y que anteriormente se celebraba en el muelle local. La nueva zona en la<\/p>\n","protected":false},"author":1,"featured_media":164615,"comment_status":"closed","ping_status":"closed","sticky":false,"template":"","format":"standard","meta":{"footnotes":""},"categories":[316,2],"tags":[366,365],"class_list":{"0":"post-164613","1":"post","2":"type-post","3":"status-publish","4":"format-standard","5":"has-post-thumbnail","7":"category-destacadas","8":"category-noticias-carreno","9":"tag-candas","10":"tag-carreno"},"aioseo_notices":[],"aioseo_head":"\n\t\t<!-- All in One SEO Pro 4.9.6.2 - aioseo.com -->\n\t<meta name=\"description\" content=\"El mes de agosto ha comenzado en Cand\u00e1s, con una nueva edici\u00f3n del Festival de la Sardina, una cita que desde hace unos a\u00f1os se celebra\" \/>\n\t<meta name=\"robots\" content=\"max-image-preview:large\" \/>\n\t<meta name=\"author\" content=\"Cand\u00e1s 365\"\/>\n\t<meta name=\"google-site-verification\" content=\"UA-32230408-1\" \/>\n\t<meta name=\"msvalidate.01\" content=\"354F3CDFB2DA171B47FBE9ABF1F88D5\" \/>\n\t<meta name=\"keywords\" content=\"destacadas,noticias carre\u00f1o\" \/>\n\t<link rel=\"canonical\" href=\"https:\/\/candas365.es\/noticias\/51-festival-de-la-sardina-en-candas-sabroso-y-emotivo\/\" \/>\n\t<meta name=\"generator\" content=\"All in One SEO Pro (AIOSEO) 4.9.6.2\" \/>\n\t\t<meta property=\"og:locale\" content=\"es_ES\" \/>\n\t\t<meta property=\"og:site_name\" content=\"Cand\u00e1s 365\" \/>\n\t\t<meta property=\"og:type\" content=\"article\" \/>\n\t\t<meta property=\"og:title\" content=\"51 Festival de la Sardina en Cand\u00e1s: Sabroso y emotivo | Cand\u00e1s 365\" \/>\n\t\t<meta property=\"og:description\" content=\"El mes de agosto ha comenzado en Cand\u00e1s, con una nueva edici\u00f3n del Festival de la Sardina, una cita que desde hace unos a\u00f1os se celebra\" \/>\n\t\t<meta property=\"og:url\" content=\"https:\/\/candas365.es\/noticias\/51-festival-de-la-sardina-en-candas-sabroso-y-emotivo\/\" \/>\n\t\t<meta property=\"og:image\" content=\"https:\/\/candas365.es\/noticias\/wp-content\/uploads\/2022\/08\/Sardina-2022.jpg\" \/>\n\t\t<meta property=\"og:image:secure_url\" content=\"https:\/\/candas365.es\/noticias\/wp-content\/uploads\/2022\/08\/Sardina-2022.jpg\" \/>\n\t\t<meta property=\"og:image:width\" content=\"933\" \/>\n\t\t<meta property=\"og:image:height\" content=\"674\" \/>\n\t\t<meta property=\"article:published_time\" content=\"2022-08-02T18:09:26+00:00\" \/>\n\t\t<meta property=\"article:modified_time\" content=\"2022-08-02T18:09:26+00:00\" \/>\n\t\t<meta property=\"article:publisher\" content=\"https:\/\/www.facebook.com\/Nachofdezber\" \/>\n\t\t<meta property=\"article:author\" content=\"https:\/\/www.facebook.com\/carrenoactualidad\" \/>\n\t\t<meta name=\"twitter:card\" content=\"summary_large_image\" \/>\n\t\t<meta name=\"twitter:site\" content=\"@NabercoDigital\" \/>\n\t\t<meta name=\"twitter:title\" content=\"51 Festival de la Sardina en Cand\u00e1s: Sabroso y emotivo | Cand\u00e1s 365\" \/>\n\t\t<meta name=\"twitter:description\" content=\"El mes de agosto ha comenzado en Cand\u00e1s, con una nueva edici\u00f3n del Festival de la Sardina, una cita que desde hace unos a\u00f1os se celebra\" \/>\n\t\t<meta name=\"twitter:creator\" content=\"@nbasturias\" \/>\n\t\t<meta name=\"twitter:image\" content=\"https:\/\/candas365.es\/noticias\/wp-content\/uploads\/2022\/08\/Sardina-2022.jpg\" \/>\n\t\t<meta name=\"twitter:label1\" content=\"Escrito por\" \/>\n\t\t<meta name=\"twitter:data1\" content=\"Cand\u00e1s 365\" \/>\n\t\t<meta name=\"twitter:label2\" content=\"Tiempo de lectura estimado\" \/>\n\t\t<meta name=\"twitter:data2\" content=\"2 minutos\" \/>\n\t\t<script type=\"application\/ld+json\" class=\"aioseo-schema\">\n\t\t\t{\"@context\":\"https:\\\/\\\/schema.org\",\"@graph\":[{\"@type\":\"BreadcrumbList\",\"@id\":\"https:\\\/\\\/candas365.es\\\/noticias\\\/51-festival-de-la-sardina-en-candas-sabroso-y-emotivo\\\/#breadcrumblist\",\"itemListElement\":[{\"@type\":\"ListItem\",\"@id\":\"https:\\\/\\\/candas365.es\\\/noticias#listItem\",\"position\":1,\"name\":\"Home\",\"item\":\"https:\\\/\\\/candas365.es\\\/noticias\",\"nextItem\":{\"@type\":\"ListItem\",\"@id\":\"https:\\\/\\\/candas365.es\\\/noticias\\\/category\\\/noticias-carreno\\\/#listItem\",\"name\":\"Noticias Carre\\u00f1o\"}},{\"@type\":\"ListItem\",\"@id\":\"https:\\\/\\\/candas365.es\\\/noticias\\\/category\\\/noticias-carreno\\\/#listItem\",\"position\":2,\"name\":\"Noticias Carre\\u00f1o\",\"item\":\"https:\\\/\\\/candas365.es\\\/noticias\\\/category\\\/noticias-carreno\\\/\",\"nextItem\":{\"@type\":\"ListItem\",\"@id\":\"https:\\\/\\\/candas365.es\\\/noticias\\\/51-festival-de-la-sardina-en-candas-sabroso-y-emotivo\\\/#listItem\",\"name\":\"51 Festival de la Sardina en Cand\\u00e1s: Sabroso y emotivo\"},\"previousItem\":{\"@type\":\"ListItem\",\"@id\":\"https:\\\/\\\/candas365.es\\\/noticias#listItem\",\"name\":\"Home\"}},{\"@type\":\"ListItem\",\"@id\":\"https:\\\/\\\/candas365.es\\\/noticias\\\/51-festival-de-la-sardina-en-candas-sabroso-y-emotivo\\\/#listItem\",\"position\":3,\"name\":\"51 Festival de la Sardina en Cand\\u00e1s: Sabroso y emotivo\",\"previousItem\":{\"@type\":\"ListItem\",\"@id\":\"https:\\\/\\\/candas365.es\\\/noticias\\\/category\\\/noticias-carreno\\\/#listItem\",\"name\":\"Noticias Carre\\u00f1o\"}}]},{\"@type\":\"NewsArticle\",\"@id\":\"https:\\\/\\\/candas365.es\\\/noticias\\\/51-festival-de-la-sardina-en-candas-sabroso-y-emotivo\\\/#newsarticle\",\"name\":\"51 Festival de la Sardina en Cand\\u00e1s: Sabroso y emotivo | Cand\\u00e1s 365\",\"headline\":\"51 Festival de la Sardina en Cand\\u00e1s: Sabroso y emotivo\",\"author\":{\"@id\":\"https:\\\/\\\/candas365.es\\\/noticias\\\/author\\\/admin\\\/#author\"},\"publisher\":{\"@id\":\"https:\\\/\\\/candas365.es\\\/noticias\\\/#organization\"},\"image\":{\"@type\":\"ImageObject\",\"url\":\"https:\\\/\\\/candas365.es\\\/noticias\\\/wp-content\\\/uploads\\\/2022\\\/08\\\/Sardina-2022.jpg\",\"width\":933,\"height\":674,\"caption\":\"FOTO CEDIDA POR AYUNTAMIENTO DE CARRE\\u00d1O Y REALIZADA POR C\\u00e9sar Quintanilla\"},\"datePublished\":\"2022-08-02T20:09:26+02:00\",\"dateModified\":\"2022-08-02T20:09:26+02:00\",\"inLanguage\":\"es-ES\",\"mainEntityOfPage\":{\"@id\":\"https:\\\/\\\/candas365.es\\\/noticias\\\/51-festival-de-la-sardina-en-candas-sabroso-y-emotivo\\\/#webpage\"},\"isPartOf\":{\"@id\":\"https:\\\/\\\/candas365.es\\\/noticias\\\/51-festival-de-la-sardina-en-candas-sabroso-y-emotivo\\\/#webpage\"},\"articleSection\":\"Destacadas, Noticias Carre\\u00f1o, Cand\\u00e1s, Carre\\u00f1o\",\"dateline\":\"Publicado el agosto 2, 2022.\"},{\"@type\":\"Organization\",\"@id\":\"https:\\\/\\\/candas365.es\\\/noticias\\\/#organization\",\"name\":\"Cand\\u00e1s 365\",\"description\":\"Cand\\u00e1s 365 es un diario digital independiente, fundado en 2012, con base en Asturias. Informamos con rigor sobre actualidad, sociedad, cultura y ocio, con una mirada local y global.\",\"url\":\"https:\\\/\\\/candas365.es\\\/noticias\\\/\",\"email\":\"info@candas365.es\",\"telephone\":\"+34652131393\",\"foundingDate\":\"2012-06-10\",\"logo\":{\"@type\":\"ImageObject\",\"url\":\"https:\\\/\\\/candas365.es\\\/noticias\\\/wp-content\\\/uploads\\\/2024\\\/09\\\/Candas-365-Redes.jpg\",\"@id\":\"https:\\\/\\\/candas365.es\\\/noticias\\\/51-festival-de-la-sardina-en-candas-sabroso-y-emotivo\\\/#organizationLogo\",\"width\":1152,\"height\":864,\"caption\":\"Cand\\u00e1s 365 Redes\"},\"image\":{\"@id\":\"https:\\\/\\\/candas365.es\\\/noticias\\\/51-festival-de-la-sardina-en-candas-sabroso-y-emotivo\\\/#organizationLogo\"},\"sameAs\":[\"https:\\\/\\\/www.facebook.com\\\/Nachofdezber\",\"https:\\\/\\\/x.com\\\/NabercoDigital\",\"https:\\\/\\\/www.instagram.com\\\/nachofdezber\\\/\",\"https:\\\/\\\/www.youtube.com\\\/channel\\\/UCZP-2wLEB9Rv6erhFmqVnvg\"],\"address\":{\"@id\":\"https:\\\/\\\/candas365.es\\\/noticias\\\/#postaladdress\",\"@type\":\"PostalAddress\",\"streetAddress\":\"san antonio 4, san antonio 4\",\"postalCode\":\"33430\",\"addressLocality\":\"Cand\\u00e1s\",\"addressRegion\":\"Asturias\",\"addressCountry\":\"ES\"}},{\"@type\":\"Person\",\"@id\":\"https:\\\/\\\/candas365.es\\\/noticias\\\/author\\\/admin\\\/#author\",\"url\":\"https:\\\/\\\/candas365.es\\\/noticias\\\/author\\\/admin\\\/\",\"name\":\"Cand\\u00e1s 365\",\"image\":{\"@type\":\"ImageObject\",\"@id\":\"https:\\\/\\\/candas365.es\\\/noticias\\\/51-festival-de-la-sardina-en-candas-sabroso-y-emotivo\\\/#authorImage\",\"url\":\"https:\\\/\\\/secure.gravatar.com\\\/avatar\\\/496a8e03d0c493ede1718b7934145dbdf8d89be1036b0eec9544e1094c9de390?s=96&d=mm&r=g\",\"width\":96,\"height\":96,\"caption\":\"Cand\\u00e1s 365\"},\"sameAs\":[\"https:\\\/\\\/www.facebook.com\\\/carrenoactualidad\",\"https:\\\/\\\/twitter.com\\\/nbasturias\",\"https:\\\/\\\/www.instagram.com\\\/nachofdezber\\\/\",\"https:\\\/\\\/www.youtube.com\\\/channel\\\/UCZP-2wLEB9Rv6erhFmqVnvg\"]},{\"@type\":\"WebPage\",\"@id\":\"https:\\\/\\\/candas365.es\\\/noticias\\\/51-festival-de-la-sardina-en-candas-sabroso-y-emotivo\\\/#webpage\",\"url\":\"https:\\\/\\\/candas365.es\\\/noticias\\\/51-festival-de-la-sardina-en-candas-sabroso-y-emotivo\\\/\",\"name\":\"51 Festival de la Sardina en Cand\\u00e1s: Sabroso y emotivo | Cand\\u00e1s 365\",\"description\":\"El mes de agosto ha comenzado en Cand\\u00e1s, con una nueva edici\\u00f3n del Festival de la Sardina, una cita que desde hace unos a\\u00f1os se celebra\",\"inLanguage\":\"es-ES\",\"isPartOf\":{\"@id\":\"https:\\\/\\\/candas365.es\\\/noticias\\\/#website\"},\"breadcrumb\":{\"@id\":\"https:\\\/\\\/candas365.es\\\/noticias\\\/51-festival-de-la-sardina-en-candas-sabroso-y-emotivo\\\/#breadcrumblist\"},\"author\":{\"@id\":\"https:\\\/\\\/candas365.es\\\/noticias\\\/author\\\/admin\\\/#author\"},\"creator\":{\"@id\":\"https:\\\/\\\/candas365.es\\\/noticias\\\/author\\\/admin\\\/#author\"},\"image\":{\"@type\":\"ImageObject\",\"url\":\"https:\\\/\\\/candas365.es\\\/noticias\\\/wp-content\\\/uploads\\\/2022\\\/08\\\/Sardina-2022.jpg\",\"@id\":\"https:\\\/\\\/candas365.es\\\/noticias\\\/51-festival-de-la-sardina-en-candas-sabroso-y-emotivo\\\/#mainImage\",\"width\":933,\"height\":674,\"caption\":\"FOTO CEDIDA POR AYUNTAMIENTO DE CARRE\\u00d1O Y REALIZADA POR C\\u00e9sar Quintanilla\"},\"primaryImageOfPage\":{\"@id\":\"https:\\\/\\\/candas365.es\\\/noticias\\\/51-festival-de-la-sardina-en-candas-sabroso-y-emotivo\\\/#mainImage\"},\"datePublished\":\"2022-08-02T20:09:26+02:00\",\"dateModified\":\"2022-08-02T20:09:26+02:00\"},{\"@type\":\"WebSite\",\"@id\":\"https:\\\/\\\/candas365.es\\\/noticias\\\/#website\",\"url\":\"https:\\\/\\\/candas365.es\\\/noticias\\\/\",\"name\":\"Cand\\u00e1s 365\",\"alternateName\":\"Cand\\u00e1s 365 Noticias\",\"description\":\"Actualidad desde Carre\\u00f1o para el mundo\",\"inLanguage\":\"es-ES\",\"publisher\":{\"@id\":\"https:\\\/\\\/candas365.es\\\/noticias\\\/#organization\"}}]}\n\t\t<\/script>\n\t\t<!-- All in One SEO Pro -->\r\n\t\t<title>51 Festival de la Sardina en Cand\u00e1s: Sabroso y emotivo | Cand\u00e1s 365<\/title>\n\n","aioseo_head_json":{"title":"51 Festival de la Sardina en Cand\u00e1s: Sabroso y emotivo | Cand\u00e1s 365","description":"El mes de agosto ha comenzado en Cand\u00e1s, con una nueva edici\u00f3n del Festival de la Sardina, una cita que desde hace unos a\u00f1os se celebra","canonical_url":"https:\/\/candas365.es\/noticias\/51-festival-de-la-sardina-en-candas-sabroso-y-emotivo\/","robots":"max-image-preview:large","keywords":"destacadas,noticias carre\u00f1o","webmasterTools":{"google-site-verification":"UA-32230408-1","msvalidate.01":"354F3CDFB2DA171B47FBE9ABF1F88D5","miscellaneous":""},"schema":{"@context":"https:\/\/schema.org","@graph":[{"@type":"BreadcrumbList","@id":"https:\/\/candas365.es\/noticias\/51-festival-de-la-sardina-en-candas-sabroso-y-emotivo\/#breadcrumblist","itemListElement":[{"@type":"ListItem","@id":"https:\/\/candas365.es\/noticias#listItem","position":1,"name":"Home","item":"https:\/\/candas365.es\/noticias","nextItem":{"@type":"ListItem","@id":"https:\/\/candas365.es\/noticias\/category\/noticias-carreno\/#listItem","name":"Noticias Carre\u00f1o"}},{"@type":"ListItem","@id":"https:\/\/candas365.es\/noticias\/category\/noticias-carreno\/#listItem","position":2,"name":"Noticias Carre\u00f1o","item":"https:\/\/candas365.es\/noticias\/category\/noticias-carreno\/","nextItem":{"@type":"ListItem","@id":"https:\/\/candas365.es\/noticias\/51-festival-de-la-sardina-en-candas-sabroso-y-emotivo\/#listItem","name":"51 Festival de la Sardina en Cand\u00e1s: Sabroso y emotivo"},"previousItem":{"@type":"ListItem","@id":"https:\/\/candas365.es\/noticias#listItem","name":"Home"}},{"@type":"ListItem","@id":"https:\/\/candas365.es\/noticias\/51-festival-de-la-sardina-en-candas-sabroso-y-emotivo\/#listItem","position":3,"name":"51 Festival de la Sardina en Cand\u00e1s: Sabroso y emotivo","previousItem":{"@type":"ListItem","@id":"https:\/\/candas365.es\/noticias\/category\/noticias-carreno\/#listItem","name":"Noticias Carre\u00f1o"}}]},{"@type":"NewsArticle","@id":"https:\/\/candas365.es\/noticias\/51-festival-de-la-sardina-en-candas-sabroso-y-emotivo\/#newsarticle","name":"51 Festival de la Sardina en Cand\u00e1s: Sabroso y emotivo | Cand\u00e1s 365","headline":"51 Festival de la Sardina en Cand\u00e1s: Sabroso y emotivo","author":{"@id":"https:\/\/candas365.es\/noticias\/author\/admin\/#author"},"publisher":{"@id":"https:\/\/candas365.es\/noticias\/#organization"},"image":{"@type":"ImageObject","url":"https:\/\/candas365.es\/noticias\/wp-content\/uploads\/2022\/08\/Sardina-2022.jpg","width":933,"height":674,"caption":"FOTO CEDIDA POR AYUNTAMIENTO DE CARRE\u00d1O Y REALIZADA POR C\u00e9sar Quintanilla"},"datePublished":"2022-08-02T20:09:26+02:00","dateModified":"2022-08-02T20:09:26+02:00","inLanguage":"es-ES","mainEntityOfPage":{"@id":"https:\/\/candas365.es\/noticias\/51-festival-de-la-sardina-en-candas-sabroso-y-emotivo\/#webpage"},"isPartOf":{"@id":"https:\/\/candas365.es\/noticias\/51-festival-de-la-sardina-en-candas-sabroso-y-emotivo\/#webpage"},"articleSection":"Destacadas, Noticias Carre\u00f1o, Cand\u00e1s, Carre\u00f1o","dateline":"Publicado el agosto 2, 2022."},{"@type":"Organization","@id":"https:\/\/candas365.es\/noticias\/#organization","name":"Cand\u00e1s 365","description":"Cand\u00e1s 365 es un diario digital independiente, fundado en 2012, con base en Asturias. Informamos con rigor sobre actualidad, sociedad, cultura y ocio, con una mirada local y global.","url":"https:\/\/candas365.es\/noticias\/","email":"info@candas365.es","telephone":"+34652131393","foundingDate":"2012-06-10","logo":{"@type":"ImageObject","url":"https:\/\/candas365.es\/noticias\/wp-content\/uploads\/2024\/09\/Candas-365-Redes.jpg","@id":"https:\/\/candas365.es\/noticias\/51-festival-de-la-sardina-en-candas-sabroso-y-emotivo\/#organizationLogo","width":1152,"height":864,"caption":"Cand\u00e1s 365 Redes"},"image":{"@id":"https:\/\/candas365.es\/noticias\/51-festival-de-la-sardina-en-candas-sabroso-y-emotivo\/#organizationLogo"},"sameAs":["https:\/\/www.facebook.com\/Nachofdezber","https:\/\/x.com\/NabercoDigital","https:\/\/www.instagram.com\/nachofdezber\/","https:\/\/www.youtube.com\/channel\/UCZP-2wLEB9Rv6erhFmqVnvg"],"address":{"@id":"https:\/\/candas365.es\/noticias\/#postaladdress","@type":"PostalAddress","streetAddress":"san antonio 4, san antonio 4","postalCode":"33430","addressLocality":"Cand\u00e1s","addressRegion":"Asturias","addressCountry":"ES"}},{"@type":"Person","@id":"https:\/\/candas365.es\/noticias\/author\/admin\/#author","url":"https:\/\/candas365.es\/noticias\/author\/admin\/","name":"Cand\u00e1s 365","image":{"@type":"ImageObject","@id":"https:\/\/candas365.es\/noticias\/51-festival-de-la-sardina-en-candas-sabroso-y-emotivo\/#authorImage","url":"https:\/\/secure.gravatar.com\/avatar\/496a8e03d0c493ede1718b7934145dbdf8d89be1036b0eec9544e1094c9de390?s=96&d=mm&r=g","width":96,"height":96,"caption":"Cand\u00e1s 365"},"sameAs":["https:\/\/www.facebook.com\/carrenoactualidad","https:\/\/twitter.com\/nbasturias","https:\/\/www.instagram.com\/nachofdezber\/","https:\/\/www.youtube.com\/channel\/UCZP-2wLEB9Rv6erhFmqVnvg"]},{"@type":"WebPage","@id":"https:\/\/candas365.es\/noticias\/51-festival-de-la-sardina-en-candas-sabroso-y-emotivo\/#webpage","url":"https:\/\/candas365.es\/noticias\/51-festival-de-la-sardina-en-candas-sabroso-y-emotivo\/","name":"51 Festival de la Sardina en Cand\u00e1s: Sabroso y emotivo | Cand\u00e1s 365","description":"El mes de agosto ha comenzado en Cand\u00e1s, con una nueva edici\u00f3n del Festival de la Sardina, una cita que desde hace unos a\u00f1os se celebra","inLanguage":"es-ES","isPartOf":{"@id":"https:\/\/candas365.es\/noticias\/#website"},"breadcrumb":{"@id":"https:\/\/candas365.es\/noticias\/51-festival-de-la-sardina-en-candas-sabroso-y-emotivo\/#breadcrumblist"},"author":{"@id":"https:\/\/candas365.es\/noticias\/author\/admin\/#author"},"creator":{"@id":"https:\/\/candas365.es\/noticias\/author\/admin\/#author"},"image":{"@type":"ImageObject","url":"https:\/\/candas365.es\/noticias\/wp-content\/uploads\/2022\/08\/Sardina-2022.jpg","@id":"https:\/\/candas365.es\/noticias\/51-festival-de-la-sardina-en-candas-sabroso-y-emotivo\/#mainImage","width":933,"height":674,"caption":"FOTO CEDIDA POR AYUNTAMIENTO DE CARRE\u00d1O Y REALIZADA POR C\u00e9sar Quintanilla"},"primaryImageOfPage":{"@id":"https:\/\/candas365.es\/noticias\/51-festival-de-la-sardina-en-candas-sabroso-y-emotivo\/#mainImage"},"datePublished":"2022-08-02T20:09:26+02:00","dateModified":"2022-08-02T20:09:26+02:00"},{"@type":"WebSite","@id":"https:\/\/candas365.es\/noticias\/#website","url":"https:\/\/candas365.es\/noticias\/","name":"Cand\u00e1s 365","alternateName":"Cand\u00e1s 365 Noticias","description":"Actualidad desde Carre\u00f1o para el mundo","inLanguage":"es-ES","publisher":{"@id":"https:\/\/candas365.es\/noticias\/#organization"}}]},"og:locale":"es_ES","og:site_name":"Cand\u00e1s 365","og:type":"article","og:title":"51 Festival de la Sardina en Cand\u00e1s: Sabroso y emotivo | Cand\u00e1s 365","og:description":"El mes de agosto ha comenzado en Cand\u00e1s, con una nueva edici\u00f3n del Festival de la Sardina, una cita que desde hace unos a\u00f1os se celebra","og:url":"https:\/\/candas365.es\/noticias\/51-festival-de-la-sardina-en-candas-sabroso-y-emotivo\/","og:image":"https:\/\/candas365.es\/noticias\/wp-content\/uploads\/2022\/08\/Sardina-2022.jpg","og:image:secure_url":"https:\/\/candas365.es\/noticias\/wp-content\/uploads\/2022\/08\/Sardina-2022.jpg","og:image:width":933,"og:image:height":674,"article:published_time":"2022-08-02T18:09:26+00:00","article:modified_time":"2022-08-02T18:09:26+00:00","article:publisher":"https:\/\/www.facebook.com\/Nachofdezber","article:author":"https:\/\/www.facebook.com\/carrenoactualidad","twitter:card":"summary_large_image","twitter:site":"@NabercoDigital","twitter:title":"51 Festival de la Sardina en Cand\u00e1s: Sabroso y emotivo | Cand\u00e1s 365","twitter:description":"El mes de agosto ha comenzado en Cand\u00e1s, con una nueva edici\u00f3n del Festival de la Sardina, una cita que desde hace unos a\u00f1os se celebra","twitter:creator":"@nbasturias","twitter:image":"https:\/\/candas365.es\/noticias\/wp-content\/uploads\/2022\/08\/Sardina-2022.jpg","twitter:label1":"Escrito por","twitter:data1":"Cand\u00e1s 365","twitter:label2":"Tiempo de lectura estimado","twitter:data2":"2 minutos"},"aioseo_meta_data":{"post_id":"164613","title":null,"description":"El mes de agosto ha comenzado en Cand\u00e1s, con una nueva edici\u00f3n del Festival de la Sardina, una cita que desde hace unos a\u00f1os se celebra","keywords":[],"keyphrases":{"focus":{"keyphrase":"Sardina","score":90,"analysis":{"keyphraseInTitle":{"title":"Focus keyphrase in SEO title","description":"Focus keyphrase found in SEO title.","score":9,"maxScore":9,"error":0},"keyphraseInDescription":{"title":"Focus keyphrase in meta description","description":"Focus keyphrase found in meta description.","score":9,"maxScore":9,"error":0},"keyphraseLength":{"title":"Focus keyphrase length","description":"Good job!","score":9,"maxScore":9,"error":0,"length":1},"keyphraseInURL":{"title":"Focus keyphrase in URL","description":"Focus keyphrase used in the URL.","score":5,"maxScore":5,"error":0},"keyphraseInIntroduction":{"title":"Focus keyphrase in introduction","description":"Your Focus keyphrase appears in the first paragraph. Well done!","score":9,"maxScore":9,"error":0},"keyphraseInSubHeadings":{"title":"Focus keyphrase in Subheadings","description":"Use your focus keyphrase more in your H2 and H3 subheadings.","score":3,"maxScore":9,"error":1},"keyphraseInImageAlt":{"title":"Focus keyphrase in image alt attributes","description":"Focus keyphrase found in image alt attribute(s).","score":9,"maxScore":9,"error":0}}},"additional":[{"keyphrase":"Festival de la Sardina","score":83,"analysis":{"keyphraseInDescription":{"title":"Keyphrase in meta description","description":"Keyphrase found in meta description.","score":9,"maxScore":9,"error":0},"keyphraseLength":{"title":"Keyphrase length","description":"Good job!","score":9,"maxScore":9,"error":0,"length":4},"keyphraseInIntroduction":{"title":"Keyphrase in introduction","description":"Your Keyphrase appears in the first paragraph. Well done!","score":9,"maxScore":9,"error":0},"keyphraseInImageAlt":{"title":"Keyphrase in image alt attributes","description":"Keyphrase not found in image alt attribute(s). Add an image with your Keyphrase as alt text.","score":3,"maxScore":9,"error":1}}},{"keyphrase":"Cand\u00e1s","score":83,"analysis":{"keyphraseInDescription":{"title":"Keyphrase in meta description","description":"Keyphrase found in meta description.","score":9,"maxScore":9,"error":0},"keyphraseLength":{"title":"Keyphrase length","description":"Good job!","score":9,"maxScore":9,"error":0,"length":1},"keyphraseInIntroduction":{"title":"Keyphrase in introduction","description":"Your Keyphrase appears in the first paragraph. Well done!","score":9,"maxScore":9,"error":0},"keyphraseInImageAlt":{"title":"Keyphrase in image alt attributes","description":"Keyphrase not found in image alt attribute(s). Add an image with your Keyphrase as alt text.","score":3,"maxScore":9,"error":1}}},{"keyphrase":"La sardina","score":100,"analysis":{"keyphraseInDescription":{"title":"Keyphrase in meta description","description":"Keyphrase found in meta description.","score":9,"maxScore":9,"error":0},"keyphraseLength":{"title":"Keyphrase length","description":"Good job!","score":9,"maxScore":9,"error":0,"length":2},"keyphraseInIntroduction":{"title":"Keyphrase in introduction","description":"Your Keyphrase appears in the first paragraph. Well done!","score":9,"maxScore":9,"error":0},"keyphraseInImageAlt":{"title":"Keyphrase in image alt attributes","description":"Keyphrase found in image alt attribute(s).","score":9,"maxScore":9,"error":0}}}]},"primary_term":null,"canonical_url":null,"og_title":null,"og_description":null,"og_object_type":"default","og_image_type":"default","og_image_url":null,"og_image_width":null,"og_image_height":null,"og_image_custom_url":null,"og_image_custom_fields":null,"og_video":"","og_custom_url":null,"og_article_section":null,"og_article_tags":[],"twitter_use_og":false,"twitter_card":"default","twitter_image_type":"default","twitter_image_url":null,"twitter_image_custom_url":null,"twitter_image_custom_fields":null,"twitter_title":null,"twitter_description":null,"schema":{"blockGraphs":[],"customGraphs":[],"default":{"data":{"Article":[],"Course":[],"Dataset":[],"FAQPage":[],"Movie":[],"Person":[],"Product":[],"ProductReview":[],"Car":[],"Recipe":[],"Service":[],"SoftwareApplication":[],"WebPage":[]},"graphName":"","isEnabled":true},"graphs":[],"defaultGraph":"Article","defaultPostTypeGraph":""},"schema_type":"default","schema_type_options":"{\"article\":{\"articleType\":\"BlogPosting\"},\"course\":{\"name\":\"\",\"description\":\"\",\"provider\":\"\"},\"faq\":{\"pages\":[]},\"product\":{\"reviews\":[]},\"recipe\":{\"ingredients\":[],\"instructions\":[],\"keywords\":[]},\"software\":{\"reviews\":[],\"operatingSystems\":[]},\"webPage\":{\"webPageType\":\"WebPage\"},\"blockGraphs\":[]}","pillar_content":false,"robots_default":true,"robots_noindex":false,"robots_noarchive":false,"robots_nosnippet":false,"robots_nofollow":false,"robots_noimageindex":false,"robots_noodp":false,"robots_notranslate":false,"robots_max_snippet":"-1","robots_max_videopreview":"-1","robots_max_imagepreview":"large","priority":null,"frequency":"default","location":null,"local_seo":null,"seo_analyzer_scan_date":"2025-09-01 10:11:15","breadcrumb_settings":null,"limit_modified_date":true,"reviewed_by":null,"open_ai":null,"ai":null,"created":"2022-08-02 17:53:57","updated":"2025-09-01 10:11:15"},"aioseo_breadcrumb":"<div class=\"aioseo-breadcrumbs\"><span class=\"aioseo-breadcrumb\">\n\t<a href=\"https:\/\/candas365.es\/noticias\" title=\"Home\">Home<\/a>\n<\/span><span class=\"aioseo-breadcrumb-separator\">&ndash;<\/span><span class=\"aioseo-breadcrumb\">\n\t<a href=\"https:\/\/candas365.es\/noticias\/category\/noticias-carreno\/\" title=\"Noticias Carre\u00f1o\">Noticias Carre\u00f1o<\/a>\n<\/span><span class=\"aioseo-breadcrumb-separator\">&ndash;<\/span><span class=\"aioseo-breadcrumb\">\n\t51 Festival de la Sardina en Cand\u00e1s: Sabroso y emotivo\n<\/span><\/div>","aioseo_breadcrumb_json":[{"label":"Home","link":"https:\/\/candas365.es\/noticias"},{"label":"Noticias Carre\u00f1o","link":"https:\/\/candas365.es\/noticias\/category\/noticias-carreno\/"},{"label":"51 Festival de la Sardina en Cand\u00e1s: Sabroso y emotivo","link":"https:\/\/candas365.es\/noticias\/51-festival-de-la-sardina-en-candas-sabroso-y-emotivo\/"}],"_links":{"self":[{"href":"https:\/\/candas365.es\/noticias\/wp-json\/wp\/v2\/posts\/164613","targetHints":{"allow":["GET"]}}],"collection":[{"href":"https:\/\/candas365.es\/noticias\/wp-json\/wp\/v2\/posts"}],"about":[{"href":"https:\/\/candas365.es\/noticias\/wp-json\/wp\/v2\/types\/post"}],"author":[{"embeddable":true,"href":"https:\/\/candas365.es\/noticias\/wp-json\/wp\/v2\/users\/1"}],"replies":[{"embeddable":true,"href":"https:\/\/candas365.es\/noticias\/wp-json\/wp\/v2\/comments?post=164613"}],"version-history":[{"count":0,"href":"https:\/\/candas365.es\/noticias\/wp-json\/wp\/v2\/posts\/164613\/revisions"}],"wp:featuredmedia":[{"embeddable":true,"href":"https:\/\/candas365.es\/noticias\/wp-json\/wp\/v2\/media\/164615"}],"wp:attachment":[{"href":"https:\/\/candas365.es\/noticias\/wp-json\/wp\/v2\/media?parent=164613"}],"wp:term":[{"taxonomy":"category","embeddable":true,"href":"https:\/\/candas365.es\/noticias\/wp-json\/wp\/v2\/categories?post=164613"},{"taxonomy":"post_tag","embeddable":true,"href":"https:\/\/candas365.es\/noticias\/wp-json\/wp\/v2\/tags?post=164613"}],"curies":[{"name":"wp","href":"https:\/\/api.w.org\/{rel}","templated":true}]}}