{"id":164460,"date":"2022-07-30T04:10:41","date_gmt":"2022-07-30T02:10:41","guid":{"rendered":"https:\/\/candas365.es\/noticias\/?p=164460"},"modified":"2022-07-30T04:10:41","modified_gmt":"2022-07-30T02:10:41","slug":"verano-2022-en-el-muja","status":"publish","type":"post","link":"https:\/\/candas365.es\/noticias\/verano-2022-en-el-muja\/","title":{"rendered":"Verano 2022 en el MUJA"},"content":{"rendered":"<p>El Museo del Jur\u00e1sico de Asturias (MUJA) intensifica su <a href=\"https:\/\/candas365.es\/noticias\/category\/agenda\/\"><span style=\"color: #ff6600;\"><strong>programaci\u00f3n para el verano<\/strong><\/span><\/a> con actividades diarias para todos los p\u00fablicos durante los meses de julio y agosto. El MUJA es un equipamiento dependiente de la Consejer\u00eda de Cultura, Pol\u00edtica Lling\u00fc\u00edstica y Turismo, gestionado por la Sociedad P\u00fablica de Gesti\u00f3n y Promoci\u00f3n Tur\u00edstica y Cultural del Principado de Asturias.<\/p>\n<p><img fetchpriority=\"high\" decoding=\"async\" class=\"aligncenter wp-image-164461 size-large\" src=\"https:\/\/candas365.es\/noticias\/wp-content\/uploads\/2022\/07\/MUJA-650x371.jpg\" alt=\"MUJA\" width=\"650\" height=\"371\" srcset=\"https:\/\/candas365.es\/noticias\/wp-content\/uploads\/2022\/07\/MUJA-650x371.jpg 650w, https:\/\/candas365.es\/noticias\/wp-content\/uploads\/2022\/07\/MUJA-360x206.jpg 360w, https:\/\/candas365.es\/noticias\/wp-content\/uploads\/2022\/07\/MUJA-768x439.jpg 768w, https:\/\/candas365.es\/noticias\/wp-content\/uploads\/2022\/07\/MUJA-150x86.jpg 150w, https:\/\/candas365.es\/noticias\/wp-content\/uploads\/2022\/07\/MUJA-450x257.jpg 450w, https:\/\/candas365.es\/noticias\/wp-content\/uploads\/2022\/07\/MUJA.jpg 944w\" sizes=\"(max-width: 650px) 100vw, 650px\" \/><\/p>\n<p>Los lunes y martes y de viernes a domingo en julio y agosto habr\u00e1 tres opciones: visitas guiadas por el Jard\u00edn del Museo para ver alguno de los reptiles terrestres jur\u00e1sicos m\u00e1s representativos de Asturias y dinosaurios cret\u00e1cicos en Descubre la Costa de los Dinosaurios; el taller Tras el rastro del dinosaurio, en el que conocer toda la informaci\u00f3n que proporcionan sus huellas; y Jugando con dinosaurios, una entretenida forma de descubrir c\u00f3mo eran estos reptiles a trav\u00e9s de juegos tradicionales.<\/p>\n<p>Los mi\u00e9rcoles de julio el p\u00fablico tendr\u00e1 que \u201catrapar\u201d a los dinosaurios que se han escapado del per\u00edmetro de seguridad siguiendo pistas digitales en Dinosaurios \u00a1go! y los mi\u00e9rcoles de agosto, con un mapa y una br\u00fajula, cada equipo participante en Piensa y\u2026 \u00a1corre! deber\u00e1 seguir las coordenadas y localizar los f\u00f3siles escondidos en el Jard\u00edn del Museo. Los jueves de julio y agosto ser\u00e1 el turno de apuntarse a una yincana y resolver El mensaje de Richard Owen.<\/p>\n<p>En septiembre se inaugurar\u00e1 una nueva exposici\u00f3n, Legosaurios en el Museo, con seis escenas con piezas de Lego realizadas por la Asociaci\u00f3n Asturbrick. En el marco de esta muestra se explicar\u00e1 el mundo de los dinosaurios a trav\u00e9s de piezas Lego en tres talleres para p\u00fablico familiar: brickOsaurio. Un T-Rex con piezas Lego, del 1 al 4 y del 7 al 11 de septiembre; Legoratops. Un Triceratops singular, el d\u00eda 17 y 18 de ese mes; y Legosaurus Rex. Un Tiranosaurio singular, el 24 y 25 de septiembre.<\/p>\n<p>Se recomienda la adquisici\u00f3n de las entradas con antelaci\u00f3n para visitar el Museo y para participar en las actividades a trav\u00e9s de la web museojurasicoasturias.com, donde se pueden consultar todos los detalles de la programaci\u00f3n.<\/p>\n<p>Verano en el MUJA<\/p>\n<ul>\n<li>Descubre la Costa de los Dinosaurios, en julio y agosto, los lunes, martes y de viernes a domingo, a las 11:30 horas.<\/li>\n<li>Tras el rastro del dinosaurio, en julio y agosto, los lunes, martes y de viernes a domingo, a las 13:00 horas.<\/li>\n<li>Jugando con dinosaurios, en julio y agosto, los lunes, martes y de viernes a domingo, a las 17:00 horas.<\/li>\n<li>Dinosaurios \u00a1go! Los mi\u00e9rcoles 6, 13, 20 y 27 de julio, a las 11:30, 13:00, 16:30 y 18:00 horas.<\/li>\n<li>Piensa y&#8230; \u00a1corre! Los mi\u00e9rcoles 3, 10, 17, 24 y 31 de agosto, a las 11:30, 13:00, 16:30 y 18:00 horas<\/li>\n<li>Jueves de yincana: El mensaje de Richard Owen, los jueves de julio y agosto, a las 11:30, 13:00, 16:30 y 18:00 horas.<\/li>\n<li>Exposici\u00f3n Legosaurios en el Museo, del 1 de septiembre al 30 de noviembre, de mi\u00e9rcoles a domingo, en el horario de apertura del MUJA.<\/li>\n<li>brickOsaurio. Un T-Rex con piezas Lego, del 1 al 4 y del 7 al 11 de setiembre, a las 11:00, 12:00, 13:00 y 16:00 horas.<\/li>\n<li>LegoRatops. Un Triceratops singular, el 17 y 18 de septiembre, a las 12:30 horas<\/li>\n<li>LegoSaurus Rex. Un Tiranosaurio singular, el 24 y 25 de septiembre, a las 12:30 horas.<\/li>\n<\/ul>\n","protected":false},"excerpt":{"rendered":"<p>El Museo del Jur\u00e1sico de Asturias (MUJA) intensifica su programaci\u00f3n para el verano con actividades diarias para todos los p\u00fablicos durante los meses de julio y agosto. El MUJA es un equipamiento dependiente de la Consejer\u00eda de Cultura, Pol\u00edtica Lling\u00fc\u00edstica y Turismo, gestionado por la Sociedad P\u00fablica de Gesti\u00f3n y Promoci\u00f3n Tur\u00edstica y Cultural del<\/p>\n","protected":false},"author":1,"featured_media":164461,"comment_status":"closed","ping_status":"closed","sticky":false,"template":"","format":"standard","meta":{"footnotes":""},"categories":[1],"tags":[],"class_list":{"0":"post-164460","1":"post","2":"type-post","3":"status-publish","4":"format-standard","5":"has-post-thumbnail","7":"category-agenda"},"aioseo_notices":[],"aioseo_head":"\n\t\t<!-- All in One SEO Pro 4.9.6.2 - aioseo.com -->\n\t<meta name=\"description\" content=\"El Museo del Jur\u00e1sico de Asturias (MUJA) intensifica su programaci\u00f3n para el verano con actividades diarias para todos los p\u00fablicos\" \/>\n\t<meta name=\"robots\" content=\"max-image-preview:large\" \/>\n\t<meta name=\"author\" content=\"Cand\u00e1s 365\"\/>\n\t<meta name=\"google-site-verification\" content=\"UA-32230408-1\" \/>\n\t<meta name=\"msvalidate.01\" content=\"354F3CDFB2DA171B47FBE9ABF1F88D5\" \/>\n\t<meta name=\"keywords\" content=\"agenda\" \/>\n\t<link rel=\"canonical\" href=\"https:\/\/candas365.es\/noticias\/verano-2022-en-el-muja\/\" \/>\n\t<meta name=\"generator\" content=\"All in One SEO Pro (AIOSEO) 4.9.6.2\" \/>\n\t\t<meta property=\"og:locale\" content=\"es_ES\" \/>\n\t\t<meta property=\"og:site_name\" content=\"Cand\u00e1s 365\" \/>\n\t\t<meta property=\"og:type\" content=\"article\" \/>\n\t\t<meta property=\"og:title\" content=\"Verano 2022 en el MUJA | Cand\u00e1s 365\" \/>\n\t\t<meta property=\"og:description\" content=\"El Museo del Jur\u00e1sico de Asturias (MUJA) intensifica su programaci\u00f3n para el verano con actividades diarias para todos los p\u00fablicos\" \/>\n\t\t<meta property=\"og:url\" content=\"https:\/\/candas365.es\/noticias\/verano-2022-en-el-muja\/\" \/>\n\t\t<meta property=\"og:image\" content=\"https:\/\/candas365.es\/noticias\/wp-content\/uploads\/2022\/07\/MUJA.jpg\" \/>\n\t\t<meta property=\"og:image:secure_url\" content=\"https:\/\/candas365.es\/noticias\/wp-content\/uploads\/2022\/07\/MUJA.jpg\" \/>\n\t\t<meta property=\"og:image:width\" content=\"944\" \/>\n\t\t<meta property=\"og:image:height\" content=\"539\" \/>\n\t\t<meta property=\"article:published_time\" content=\"2022-07-30T02:10:41+00:00\" \/>\n\t\t<meta property=\"article:modified_time\" content=\"2022-07-30T02:10:41+00:00\" \/>\n\t\t<meta property=\"article:publisher\" content=\"https:\/\/www.facebook.com\/Nachofdezber\" \/>\n\t\t<meta property=\"article:author\" content=\"https:\/\/www.facebook.com\/carrenoactualidad\" \/>\n\t\t<meta name=\"twitter:card\" content=\"summary_large_image\" \/>\n\t\t<meta name=\"twitter:site\" content=\"@NabercoDigital\" \/>\n\t\t<meta name=\"twitter:title\" content=\"Verano 2022 en el MUJA | Cand\u00e1s 365\" \/>\n\t\t<meta name=\"twitter:description\" content=\"El Museo del Jur\u00e1sico de Asturias (MUJA) intensifica su programaci\u00f3n para el verano con actividades diarias para todos los p\u00fablicos\" \/>\n\t\t<meta name=\"twitter:creator\" content=\"@nbasturias\" \/>\n\t\t<meta name=\"twitter:image\" content=\"https:\/\/candas365.es\/noticias\/wp-content\/uploads\/2022\/07\/MUJA.jpg\" \/>\n\t\t<meta name=\"twitter:label1\" content=\"Escrito por\" \/>\n\t\t<meta name=\"twitter:data1\" content=\"Cand\u00e1s 365\" \/>\n\t\t<meta name=\"twitter:label2\" content=\"Tiempo de lectura estimado\" \/>\n\t\t<meta name=\"twitter:data2\" content=\"3 minutos\" \/>\n\t\t<script type=\"application\/ld+json\" class=\"aioseo-schema\">\n\t\t\t{\"@context\":\"https:\\\/\\\/schema.org\",\"@graph\":[{\"@type\":\"BreadcrumbList\",\"@id\":\"https:\\\/\\\/candas365.es\\\/noticias\\\/verano-2022-en-el-muja\\\/#breadcrumblist\",\"itemListElement\":[{\"@type\":\"ListItem\",\"@id\":\"https:\\\/\\\/candas365.es\\\/noticias#listItem\",\"position\":1,\"name\":\"Home\",\"item\":\"https:\\\/\\\/candas365.es\\\/noticias\",\"nextItem\":{\"@type\":\"ListItem\",\"@id\":\"https:\\\/\\\/candas365.es\\\/noticias\\\/category\\\/agenda\\\/#listItem\",\"name\":\"Agenda\"}},{\"@type\":\"ListItem\",\"@id\":\"https:\\\/\\\/candas365.es\\\/noticias\\\/category\\\/agenda\\\/#listItem\",\"position\":2,\"name\":\"Agenda\",\"item\":\"https:\\\/\\\/candas365.es\\\/noticias\\\/category\\\/agenda\\\/\",\"nextItem\":{\"@type\":\"ListItem\",\"@id\":\"https:\\\/\\\/candas365.es\\\/noticias\\\/verano-2022-en-el-muja\\\/#listItem\",\"name\":\"Verano 2022 en el MUJA\"},\"previousItem\":{\"@type\":\"ListItem\",\"@id\":\"https:\\\/\\\/candas365.es\\\/noticias#listItem\",\"name\":\"Home\"}},{\"@type\":\"ListItem\",\"@id\":\"https:\\\/\\\/candas365.es\\\/noticias\\\/verano-2022-en-el-muja\\\/#listItem\",\"position\":3,\"name\":\"Verano 2022 en el MUJA\",\"previousItem\":{\"@type\":\"ListItem\",\"@id\":\"https:\\\/\\\/candas365.es\\\/noticias\\\/category\\\/agenda\\\/#listItem\",\"name\":\"Agenda\"}}]},{\"@type\":\"NewsArticle\",\"@id\":\"https:\\\/\\\/candas365.es\\\/noticias\\\/verano-2022-en-el-muja\\\/#newsarticle\",\"name\":\"Verano 2022 en el MUJA | Cand\\u00e1s 365\",\"headline\":\"Verano 2022 en el MUJA\",\"author\":{\"@id\":\"https:\\\/\\\/candas365.es\\\/noticias\\\/author\\\/admin\\\/#author\"},\"publisher\":{\"@id\":\"https:\\\/\\\/candas365.es\\\/noticias\\\/#organization\"},\"image\":{\"@type\":\"ImageObject\",\"url\":\"https:\\\/\\\/candas365.es\\\/noticias\\\/wp-content\\\/uploads\\\/2022\\\/07\\\/MUJA.jpg\",\"width\":944,\"height\":539,\"caption\":\"MUJA\"},\"datePublished\":\"2022-07-30T04:10:41+02:00\",\"dateModified\":\"2022-07-30T04:10:41+02:00\",\"inLanguage\":\"es-ES\",\"mainEntityOfPage\":{\"@id\":\"https:\\\/\\\/candas365.es\\\/noticias\\\/verano-2022-en-el-muja\\\/#webpage\"},\"isPartOf\":{\"@id\":\"https:\\\/\\\/candas365.es\\\/noticias\\\/verano-2022-en-el-muja\\\/#webpage\"},\"articleSection\":\"Agenda\",\"dateline\":\"Publicado el julio 30, 2022.\"},{\"@type\":\"Organization\",\"@id\":\"https:\\\/\\\/candas365.es\\\/noticias\\\/#organization\",\"name\":\"Cand\\u00e1s 365\",\"description\":\"Cand\\u00e1s 365 es un diario digital independiente, fundado en 2012, con base en Asturias. Informamos con rigor sobre actualidad, sociedad, cultura y ocio, con una mirada local y global.\",\"url\":\"https:\\\/\\\/candas365.es\\\/noticias\\\/\",\"email\":\"info@candas365.es\",\"telephone\":\"+34652131393\",\"foundingDate\":\"2012-06-10\",\"logo\":{\"@type\":\"ImageObject\",\"url\":\"https:\\\/\\\/candas365.es\\\/noticias\\\/wp-content\\\/uploads\\\/2024\\\/09\\\/Candas-365-Redes.jpg\",\"@id\":\"https:\\\/\\\/candas365.es\\\/noticias\\\/verano-2022-en-el-muja\\\/#organizationLogo\",\"width\":1152,\"height\":864,\"caption\":\"Cand\\u00e1s 365 Redes\"},\"image\":{\"@id\":\"https:\\\/\\\/candas365.es\\\/noticias\\\/verano-2022-en-el-muja\\\/#organizationLogo\"},\"sameAs\":[\"https:\\\/\\\/www.facebook.com\\\/Nachofdezber\",\"https:\\\/\\\/x.com\\\/NabercoDigital\",\"https:\\\/\\\/www.instagram.com\\\/nachofdezber\\\/\",\"https:\\\/\\\/www.youtube.com\\\/channel\\\/UCZP-2wLEB9Rv6erhFmqVnvg\"],\"address\":{\"@id\":\"https:\\\/\\\/candas365.es\\\/noticias\\\/#postaladdress\",\"@type\":\"PostalAddress\",\"streetAddress\":\"san antonio 4, san antonio 4\",\"postalCode\":\"33430\",\"addressLocality\":\"Cand\\u00e1s\",\"addressRegion\":\"Asturias\",\"addressCountry\":\"ES\"}},{\"@type\":\"Person\",\"@id\":\"https:\\\/\\\/candas365.es\\\/noticias\\\/author\\\/admin\\\/#author\",\"url\":\"https:\\\/\\\/candas365.es\\\/noticias\\\/author\\\/admin\\\/\",\"name\":\"Cand\\u00e1s 365\",\"image\":{\"@type\":\"ImageObject\",\"@id\":\"https:\\\/\\\/candas365.es\\\/noticias\\\/verano-2022-en-el-muja\\\/#authorImage\",\"url\":\"https:\\\/\\\/secure.gravatar.com\\\/avatar\\\/496a8e03d0c493ede1718b7934145dbdf8d89be1036b0eec9544e1094c9de390?s=96&d=mm&r=g\",\"width\":96,\"height\":96,\"caption\":\"Cand\\u00e1s 365\"},\"sameAs\":[\"https:\\\/\\\/www.facebook.com\\\/carrenoactualidad\",\"https:\\\/\\\/twitter.com\\\/nbasturias\",\"https:\\\/\\\/www.instagram.com\\\/nachofdezber\\\/\",\"https:\\\/\\\/www.youtube.com\\\/channel\\\/UCZP-2wLEB9Rv6erhFmqVnvg\"]},{\"@type\":\"WebPage\",\"@id\":\"https:\\\/\\\/candas365.es\\\/noticias\\\/verano-2022-en-el-muja\\\/#webpage\",\"url\":\"https:\\\/\\\/candas365.es\\\/noticias\\\/verano-2022-en-el-muja\\\/\",\"name\":\"Verano 2022 en el MUJA | Cand\\u00e1s 365\",\"description\":\"El Museo del Jur\\u00e1sico de Asturias (MUJA) intensifica su programaci\\u00f3n para el verano con actividades diarias para todos los p\\u00fablicos\",\"inLanguage\":\"es-ES\",\"isPartOf\":{\"@id\":\"https:\\\/\\\/candas365.es\\\/noticias\\\/#website\"},\"breadcrumb\":{\"@id\":\"https:\\\/\\\/candas365.es\\\/noticias\\\/verano-2022-en-el-muja\\\/#breadcrumblist\"},\"author\":{\"@id\":\"https:\\\/\\\/candas365.es\\\/noticias\\\/author\\\/admin\\\/#author\"},\"creator\":{\"@id\":\"https:\\\/\\\/candas365.es\\\/noticias\\\/author\\\/admin\\\/#author\"},\"image\":{\"@type\":\"ImageObject\",\"url\":\"https:\\\/\\\/candas365.es\\\/noticias\\\/wp-content\\\/uploads\\\/2022\\\/07\\\/MUJA.jpg\",\"@id\":\"https:\\\/\\\/candas365.es\\\/noticias\\\/verano-2022-en-el-muja\\\/#mainImage\",\"width\":944,\"height\":539,\"caption\":\"MUJA\"},\"primaryImageOfPage\":{\"@id\":\"https:\\\/\\\/candas365.es\\\/noticias\\\/verano-2022-en-el-muja\\\/#mainImage\"},\"datePublished\":\"2022-07-30T04:10:41+02:00\",\"dateModified\":\"2022-07-30T04:10:41+02:00\"},{\"@type\":\"WebSite\",\"@id\":\"https:\\\/\\\/candas365.es\\\/noticias\\\/#website\",\"url\":\"https:\\\/\\\/candas365.es\\\/noticias\\\/\",\"name\":\"Cand\\u00e1s 365\",\"alternateName\":\"Cand\\u00e1s 365 Noticias\",\"description\":\"Actualidad desde Carre\\u00f1o para el mundo\",\"inLanguage\":\"es-ES\",\"publisher\":{\"@id\":\"https:\\\/\\\/candas365.es\\\/noticias\\\/#organization\"}}]}\n\t\t<\/script>\n\t\t<!-- All in One SEO Pro -->\r\n\t\t<title>Verano 2022 en el MUJA | Cand\u00e1s 365<\/title>\n\n","aioseo_head_json":{"title":"Verano 2022 en el MUJA | Cand\u00e1s 365","description":"El Museo del Jur\u00e1sico de Asturias (MUJA) intensifica su programaci\u00f3n para el verano con actividades diarias para todos los p\u00fablicos","canonical_url":"https:\/\/candas365.es\/noticias\/verano-2022-en-el-muja\/","robots":"max-image-preview:large","keywords":"agenda","webmasterTools":{"google-site-verification":"UA-32230408-1","msvalidate.01":"354F3CDFB2DA171B47FBE9ABF1F88D5","miscellaneous":""},"schema":{"@context":"https:\/\/schema.org","@graph":[{"@type":"BreadcrumbList","@id":"https:\/\/candas365.es\/noticias\/verano-2022-en-el-muja\/#breadcrumblist","itemListElement":[{"@type":"ListItem","@id":"https:\/\/candas365.es\/noticias#listItem","position":1,"name":"Home","item":"https:\/\/candas365.es\/noticias","nextItem":{"@type":"ListItem","@id":"https:\/\/candas365.es\/noticias\/category\/agenda\/#listItem","name":"Agenda"}},{"@type":"ListItem","@id":"https:\/\/candas365.es\/noticias\/category\/agenda\/#listItem","position":2,"name":"Agenda","item":"https:\/\/candas365.es\/noticias\/category\/agenda\/","nextItem":{"@type":"ListItem","@id":"https:\/\/candas365.es\/noticias\/verano-2022-en-el-muja\/#listItem","name":"Verano 2022 en el MUJA"},"previousItem":{"@type":"ListItem","@id":"https:\/\/candas365.es\/noticias#listItem","name":"Home"}},{"@type":"ListItem","@id":"https:\/\/candas365.es\/noticias\/verano-2022-en-el-muja\/#listItem","position":3,"name":"Verano 2022 en el MUJA","previousItem":{"@type":"ListItem","@id":"https:\/\/candas365.es\/noticias\/category\/agenda\/#listItem","name":"Agenda"}}]},{"@type":"NewsArticle","@id":"https:\/\/candas365.es\/noticias\/verano-2022-en-el-muja\/#newsarticle","name":"Verano 2022 en el MUJA | Cand\u00e1s 365","headline":"Verano 2022 en el MUJA","author":{"@id":"https:\/\/candas365.es\/noticias\/author\/admin\/#author"},"publisher":{"@id":"https:\/\/candas365.es\/noticias\/#organization"},"image":{"@type":"ImageObject","url":"https:\/\/candas365.es\/noticias\/wp-content\/uploads\/2022\/07\/MUJA.jpg","width":944,"height":539,"caption":"MUJA"},"datePublished":"2022-07-30T04:10:41+02:00","dateModified":"2022-07-30T04:10:41+02:00","inLanguage":"es-ES","mainEntityOfPage":{"@id":"https:\/\/candas365.es\/noticias\/verano-2022-en-el-muja\/#webpage"},"isPartOf":{"@id":"https:\/\/candas365.es\/noticias\/verano-2022-en-el-muja\/#webpage"},"articleSection":"Agenda","dateline":"Publicado el julio 30, 2022."},{"@type":"Organization","@id":"https:\/\/candas365.es\/noticias\/#organization","name":"Cand\u00e1s 365","description":"Cand\u00e1s 365 es un diario digital independiente, fundado en 2012, con base en Asturias. Informamos con rigor sobre actualidad, sociedad, cultura y ocio, con una mirada local y global.","url":"https:\/\/candas365.es\/noticias\/","email":"info@candas365.es","telephone":"+34652131393","foundingDate":"2012-06-10","logo":{"@type":"ImageObject","url":"https:\/\/candas365.es\/noticias\/wp-content\/uploads\/2024\/09\/Candas-365-Redes.jpg","@id":"https:\/\/candas365.es\/noticias\/verano-2022-en-el-muja\/#organizationLogo","width":1152,"height":864,"caption":"Cand\u00e1s 365 Redes"},"image":{"@id":"https:\/\/candas365.es\/noticias\/verano-2022-en-el-muja\/#organizationLogo"},"sameAs":["https:\/\/www.facebook.com\/Nachofdezber","https:\/\/x.com\/NabercoDigital","https:\/\/www.instagram.com\/nachofdezber\/","https:\/\/www.youtube.com\/channel\/UCZP-2wLEB9Rv6erhFmqVnvg"],"address":{"@id":"https:\/\/candas365.es\/noticias\/#postaladdress","@type":"PostalAddress","streetAddress":"san antonio 4, san antonio 4","postalCode":"33430","addressLocality":"Cand\u00e1s","addressRegion":"Asturias","addressCountry":"ES"}},{"@type":"Person","@id":"https:\/\/candas365.es\/noticias\/author\/admin\/#author","url":"https:\/\/candas365.es\/noticias\/author\/admin\/","name":"Cand\u00e1s 365","image":{"@type":"ImageObject","@id":"https:\/\/candas365.es\/noticias\/verano-2022-en-el-muja\/#authorImage","url":"https:\/\/secure.gravatar.com\/avatar\/496a8e03d0c493ede1718b7934145dbdf8d89be1036b0eec9544e1094c9de390?s=96&d=mm&r=g","width":96,"height":96,"caption":"Cand\u00e1s 365"},"sameAs":["https:\/\/www.facebook.com\/carrenoactualidad","https:\/\/twitter.com\/nbasturias","https:\/\/www.instagram.com\/nachofdezber\/","https:\/\/www.youtube.com\/channel\/UCZP-2wLEB9Rv6erhFmqVnvg"]},{"@type":"WebPage","@id":"https:\/\/candas365.es\/noticias\/verano-2022-en-el-muja\/#webpage","url":"https:\/\/candas365.es\/noticias\/verano-2022-en-el-muja\/","name":"Verano 2022 en el MUJA | Cand\u00e1s 365","description":"El Museo del Jur\u00e1sico de Asturias (MUJA) intensifica su programaci\u00f3n para el verano con actividades diarias para todos los p\u00fablicos","inLanguage":"es-ES","isPartOf":{"@id":"https:\/\/candas365.es\/noticias\/#website"},"breadcrumb":{"@id":"https:\/\/candas365.es\/noticias\/verano-2022-en-el-muja\/#breadcrumblist"},"author":{"@id":"https:\/\/candas365.es\/noticias\/author\/admin\/#author"},"creator":{"@id":"https:\/\/candas365.es\/noticias\/author\/admin\/#author"},"image":{"@type":"ImageObject","url":"https:\/\/candas365.es\/noticias\/wp-content\/uploads\/2022\/07\/MUJA.jpg","@id":"https:\/\/candas365.es\/noticias\/verano-2022-en-el-muja\/#mainImage","width":944,"height":539,"caption":"MUJA"},"primaryImageOfPage":{"@id":"https:\/\/candas365.es\/noticias\/verano-2022-en-el-muja\/#mainImage"},"datePublished":"2022-07-30T04:10:41+02:00","dateModified":"2022-07-30T04:10:41+02:00"},{"@type":"WebSite","@id":"https:\/\/candas365.es\/noticias\/#website","url":"https:\/\/candas365.es\/noticias\/","name":"Cand\u00e1s 365","alternateName":"Cand\u00e1s 365 Noticias","description":"Actualidad desde Carre\u00f1o para el mundo","inLanguage":"es-ES","publisher":{"@id":"https:\/\/candas365.es\/noticias\/#organization"}}]},"og:locale":"es_ES","og:site_name":"Cand\u00e1s 365","og:type":"article","og:title":"Verano 2022 en el MUJA | Cand\u00e1s 365","og:description":"El Museo del Jur\u00e1sico de Asturias (MUJA) intensifica su programaci\u00f3n para el verano con actividades diarias para todos los p\u00fablicos","og:url":"https:\/\/candas365.es\/noticias\/verano-2022-en-el-muja\/","og:image":"https:\/\/candas365.es\/noticias\/wp-content\/uploads\/2022\/07\/MUJA.jpg","og:image:secure_url":"https:\/\/candas365.es\/noticias\/wp-content\/uploads\/2022\/07\/MUJA.jpg","og:image:width":944,"og:image:height":539,"article:published_time":"2022-07-30T02:10:41+00:00","article:modified_time":"2022-07-30T02:10:41+00:00","article:publisher":"https:\/\/www.facebook.com\/Nachofdezber","article:author":"https:\/\/www.facebook.com\/carrenoactualidad","twitter:card":"summary_large_image","twitter:site":"@NabercoDigital","twitter:title":"Verano 2022 en el MUJA | Cand\u00e1s 365","twitter:description":"El Museo del Jur\u00e1sico de Asturias (MUJA) intensifica su programaci\u00f3n para el verano con actividades diarias para todos los p\u00fablicos","twitter:creator":"@nbasturias","twitter:image":"https:\/\/candas365.es\/noticias\/wp-content\/uploads\/2022\/07\/MUJA.jpg","twitter:label1":"Escrito por","twitter:data1":"Cand\u00e1s 365","twitter:label2":"Tiempo de lectura estimado","twitter:data2":"3 minutos"},"aioseo_meta_data":{"post_id":"164460","title":null,"description":"El Museo del Jur\u00e1sico de Asturias (MUJA) intensifica su programaci\u00f3n para el verano con actividades diarias para todos los p\u00fablicos","keywords":[],"keyphrases":{"focus":{"keyphrase":"MUJA","score":92,"analysis":{"keyphraseInTitle":{"title":"Focus keyphrase in SEO title","description":"Focus keyphrase found in SEO title.","score":9,"maxScore":9,"error":0},"keyphraseInDescription":{"title":"Focus keyphrase in meta description","description":"Focus keyphrase found in meta description.","score":9,"maxScore":9,"error":0},"keyphraseLength":{"title":"Focus keyphrase length","description":"Good job!","score":9,"maxScore":9,"error":0,"length":1},"keyphraseInURL":{"title":"Focus keyphrase in URL","description":"Focus keyphrase not found in the URL.","score":1,"maxScore":5,"error":1},"keyphraseInIntroduction":{"title":"Focus keyphrase in introduction","description":"Your Focus keyphrase appears in the first paragraph. Well done!","score":9,"maxScore":9,"error":0},"keyphraseInSubHeadings":[],"keyphraseInImageAlt":{"title":"Focus keyphrase in image alt attributes","description":"Focus keyphrase found in image alt attribute(s).","score":9,"maxScore":9,"error":0}}},"additional":[]},"primary_term":null,"canonical_url":null,"og_title":null,"og_description":null,"og_object_type":"default","og_image_type":"default","og_image_url":null,"og_image_width":null,"og_image_height":null,"og_image_custom_url":null,"og_image_custom_fields":null,"og_video":"","og_custom_url":null,"og_article_section":null,"og_article_tags":[],"twitter_use_og":false,"twitter_card":"default","twitter_image_type":"default","twitter_image_url":null,"twitter_image_custom_url":null,"twitter_image_custom_fields":null,"twitter_title":null,"twitter_description":null,"schema":{"blockGraphs":[],"customGraphs":[],"default":{"data":{"Article":[],"Course":[],"Dataset":[],"FAQPage":[],"Movie":[],"Person":[],"Product":[],"ProductReview":[],"Car":[],"Recipe":[],"Service":[],"SoftwareApplication":[],"WebPage":[]},"graphName":"","isEnabled":true},"graphs":[],"defaultGraph":"Article","defaultPostTypeGraph":""},"schema_type":"default","schema_type_options":"{\"article\":{\"articleType\":\"BlogPosting\"},\"course\":{\"name\":\"\",\"description\":\"\",\"provider\":\"\"},\"faq\":{\"pages\":[]},\"product\":{\"reviews\":[]},\"recipe\":{\"ingredients\":[],\"instructions\":[],\"keywords\":[]},\"software\":{\"reviews\":[],\"operatingSystems\":[]},\"webPage\":{\"webPageType\":\"WebPage\"},\"blockGraphs\":[]}","pillar_content":false,"robots_default":true,"robots_noindex":false,"robots_noarchive":false,"robots_nosnippet":false,"robots_nofollow":false,"robots_noimageindex":false,"robots_noodp":false,"robots_notranslate":false,"robots_max_snippet":"-1","robots_max_videopreview":"-1","robots_max_imagepreview":"large","priority":null,"frequency":"default","location":null,"local_seo":null,"seo_analyzer_scan_date":"2025-09-01 09:59:17","breadcrumb_settings":null,"limit_modified_date":false,"reviewed_by":null,"open_ai":null,"ai":null,"created":"2022-07-30 02:05:04","updated":"2025-09-01 09:59:17"},"aioseo_breadcrumb":"<div class=\"aioseo-breadcrumbs\"><span class=\"aioseo-breadcrumb\">\n\t<a href=\"https:\/\/candas365.es\/noticias\" title=\"Home\">Home<\/a>\n<\/span><span class=\"aioseo-breadcrumb-separator\">&ndash;<\/span><span class=\"aioseo-breadcrumb\">\n\t<a href=\"https:\/\/candas365.es\/noticias\/category\/agenda\/\" title=\"Agenda\">Agenda<\/a>\n<\/span><span class=\"aioseo-breadcrumb-separator\">&ndash;<\/span><span class=\"aioseo-breadcrumb\">\n\tVerano 2022 en el MUJA\n<\/span><\/div>","aioseo_breadcrumb_json":[{"label":"Home","link":"https:\/\/candas365.es\/noticias"},{"label":"Agenda","link":"https:\/\/candas365.es\/noticias\/category\/agenda\/"},{"label":"Verano 2022 en el MUJA","link":"https:\/\/candas365.es\/noticias\/verano-2022-en-el-muja\/"}],"_links":{"self":[{"href":"https:\/\/candas365.es\/noticias\/wp-json\/wp\/v2\/posts\/164460","targetHints":{"allow":["GET"]}}],"collection":[{"href":"https:\/\/candas365.es\/noticias\/wp-json\/wp\/v2\/posts"}],"about":[{"href":"https:\/\/candas365.es\/noticias\/wp-json\/wp\/v2\/types\/post"}],"author":[{"embeddable":true,"href":"https:\/\/candas365.es\/noticias\/wp-json\/wp\/v2\/users\/1"}],"replies":[{"embeddable":true,"href":"https:\/\/candas365.es\/noticias\/wp-json\/wp\/v2\/comments?post=164460"}],"version-history":[{"count":0,"href":"https:\/\/candas365.es\/noticias\/wp-json\/wp\/v2\/posts\/164460\/revisions"}],"wp:featuredmedia":[{"embeddable":true,"href":"https:\/\/candas365.es\/noticias\/wp-json\/wp\/v2\/media\/164461"}],"wp:attachment":[{"href":"https:\/\/candas365.es\/noticias\/wp-json\/wp\/v2\/media?parent=164460"}],"wp:term":[{"taxonomy":"category","embeddable":true,"href":"https:\/\/candas365.es\/noticias\/wp-json\/wp\/v2\/categories?post=164460"},{"taxonomy":"post_tag","embeddable":true,"href":"https:\/\/candas365.es\/noticias\/wp-json\/wp\/v2\/tags?post=164460"}],"curies":[{"name":"wp","href":"https:\/\/api.w.org\/{rel}","templated":true}]}}