{"id":164457,"date":"2022-07-30T03:16:04","date_gmt":"2022-07-30T01:16:04","guid":{"rendered":"https:\/\/candas365.es\/noticias\/?p=164457"},"modified":"2022-07-30T03:16:04","modified_gmt":"2022-07-30T01:16:04","slug":"itinerarios-a-medida-y-experiencias-completas-asi-es-el-verano-que-plenia-travel-planea-para-ti","status":"publish","type":"post","link":"https:\/\/candas365.es\/noticias\/itinerarios-a-medida-y-experiencias-completas-asi-es-el-verano-que-plenia-travel-planea-para-ti\/","title":{"rendered":"ITINERARIOS A MEDIDA Y EXPERIENCIAS COMPLETAS, AS\u00cd ES EL VERANO QUE PLENIA TRAVEL PLANEA PARA TI"},"content":{"rendered":"<p><b>Atenci\u00f3n amantes de las experiencias exclusivas, los destinos \u00fanicos y los viajes de lujo, a\u00fan no es tarde para disfrutar de un verano inolvidable con Plenia Travel, la primera <\/b><span style=\"color: #ff6600;\"><a style=\"color: #ff6600;\" href=\"https:\/\/pleniatravelgroup.com\/\" target=\"_blank\" rel=\"nofollow noopener\"><b>agencia de viajes de lujo<\/b><\/a><\/span><b> espa\u00f1ola nominada en 2022 por segundo a\u00f1o consecutivo como \u2018Mejor Agencia de Viajes de Lujo de Europa\u2019 por los World Travel Awards.<\/b><\/p>\n<p><img fetchpriority=\"high\" decoding=\"async\" class=\"aligncenter size-large wp-image-108860\" src=\"https:\/\/eldigitaldeasturias.com\/magazine365\/wp-content\/uploads\/2022\/07\/Travel-650x337.jpg\" alt=\"Travel\" width=\"650\" height=\"337\" \/><\/p>\n<p><span style=\"font-weight: 400;\">Desde disfrutar de un exclusivo safari en Tanzania hasta adentrarse en los valles de los \ufb01ordos Noruegos o descubrir el para\u00edso de las playas de Belice a bordo de uno de los mejores cruceros del mundo.<\/span><b> En cuesti\u00f3n de destinos y experiencias \u00fanicas, si lo puedes so\u00f1ar, con Plenia Travel lo puedes hacer.<\/b><span style=\"font-weight: 400;\"> La primera agencia espa\u00f1ola galardonada como<\/span><b><i> \u2018Mejor Agencia de Viajes de Lujo de Europa 2021\u2019<\/i><\/b><span style=\"font-weight: 400;\"> por los prestigiosos premios <\/span><b>World Travel Awards<\/b><span style=\"font-weight: 400;\">, y nominada por segundo a\u00f1o consecutivo a los mismos Galardones <\/span><b>(cuya votaci\u00f3n est\u00e1 abierta hasta el 8 de agosto)<\/b><span style=\"font-weight: 400;\">, es la elecci\u00f3n perfecta para vivir un verano inolvidable.<\/span><\/p>\n<p><img decoding=\"async\" class=\"aligncenter size-large wp-image-108861\" src=\"https:\/\/eldigitaldeasturias.com\/magazine365\/wp-content\/uploads\/2022\/07\/viajar-650x312.jpg\" alt=\"viajar\" width=\"650\" height=\"312\" \/><\/p>\n<p><b>Y es que, si hay algo que de\ufb01ne a esta exclusiva agencia de viajes de lujo, adem\u00e1s de su esp\u00edritu wanderlust, es su servicio impecable, sus altos est\u00e1ndares de calidad y su amplia experiencia, dise\u00f1ando desde 2012 y desde el coraz\u00f3n de Madrid, los mejores viajes del mundo.<\/b><\/p>\n<p><span style=\"font-weight: 400;\">Viajar es la mejor manera de entender el mundo que nos rodea y descubrir personas, culturas, ideas, gastronom\u00edas y paisajes de ensue\u00f1o. Pero <\/span><b>Plenia Travel va m\u00e1s all\u00e1 aportando un valor diferencial a trav\u00e9s de experiencias \u00fanicas<\/b><span style=\"font-weight: 400;\">, a todos aquellos que la eligen como su agencia de con\ufb01anza.<\/span><\/p>\n<p><span style=\"font-weight: 400;\">Gracias a su servicio de asistencia internacional 24\/7, con asistencia personal permanente a lo largo de todo el viaje, el cliente tendr\u00e1 a su disposici\u00f3n en todo momento de un equipo humano altamente cuali\ufb01cado, con gran conocimiento local y continua prospecci\u00f3n de los destinos, para ofrecer soluciones ante cualquier petici\u00f3n, aunque no haya sido plani\ufb01cada con anterioridad.<\/span><\/p>\n<p><img decoding=\"async\" class=\"aligncenter size-large wp-image-108862\" src=\"https:\/\/eldigitaldeasturias.com\/magazine365\/wp-content\/uploads\/2022\/07\/mar-650x248.jpg\" alt=\"mar\" width=\"650\" height=\"248\" \/><\/p>\n<p><b>Viajar con Plenia Travel es lo m\u00e1s parecido a cumplir (y vivir) un sue\u00f1o: viajes a medida dise\u00f1ados para viajeros exigentes que buscan una experiencia inolvidable en un destino \u00fanico y, al mismo tiempo, disfrutar de la aventura al m\u00e1s alto nivel.<\/b><\/p>\n<p><span style=\"font-weight: 400;\">Adem\u00e1s, <\/span><b>Plenia Travel es miembro de Virtuoso<\/b><span style=\"font-weight: 400;\">, el reputado grupo que integra los mejores hoteles cinco estrellas del mundo y las mejores agencias de lujo del mundo<\/span><\/p>\n<p><b>-con entrada solo por invitaci\u00f3n-, con partners tan exclusivos como las cadenas de lujo Four Seasons, One&amp;Only, Belmond, Oetker Collection, Mandarin Oriental, Rocco Forte, Rosewood y Six Senses, entre otros.<\/b><\/p>\n<p><span style=\"font-weight: 400;\">Si tu sue\u00f1o es conocer las m\u00edticas cataratas del Nilo Azul, explorar Machu Picchu, la Ciudad Perdida de los Incas; vivir la mejor experiencia de safari en Tanzania, hacer una inmersi\u00f3n submarina en la Gran Barrera de Coral de Australia, surcar las aguas cristalinas de los Mares del Sur de la Polinesia Francesa o conocer La Habana a trav\u00e9s del objetivo de un reconocido fot\u00f3grafo de National Geographic, <\/span><b>Plenia Travel es la respuesta. Y se trata solo de ejemplos ya que si lo puedes imaginar, con Plenia Travel lo puedes vivir.<\/b><\/p>\n<p><img loading=\"lazy\" decoding=\"async\" class=\"aligncenter size-large wp-image-108863\" src=\"https:\/\/eldigitaldeasturias.com\/magazine365\/wp-content\/uploads\/2022\/07\/playa-650x376.jpg\" alt=\"playa\" width=\"650\" height=\"376\" \/><\/p>\n","protected":false},"excerpt":{"rendered":"<p>Atenci\u00f3n amantes de las experiencias exclusivas, los destinos \u00fanicos y los viajes de lujo, a\u00fan no es tarde para disfrutar de un verano inolvidable con Plenia Travel, la primera agencia de viajes de lujo espa\u00f1ola nominada en 2022 por segundo a\u00f1o consecutivo como \u2018Mejor Agencia de Viajes de Lujo de Europa\u2019 por los World Travel<\/p>\n","protected":false},"author":1,"featured_media":164458,"comment_status":"closed","ping_status":"closed","sticky":false,"template":"","format":"standard","meta":{"footnotes":""},"categories":[359],"tags":[412],"class_list":{"0":"post-164457","1":"post","2":"type-post","3":"status-publish","4":"format-standard","5":"has-post-thumbnail","7":"category-turismo","8":"tag-turismo"},"aioseo_notices":[],"aioseo_head":"\n\t\t<!-- All in One SEO Pro 4.9.6.2 - aioseo.com -->\n\t<meta name=\"description\" content=\"Atenci\u00f3n amantes de las experiencias exclusivas, los destinos \u00fanicos y los viajes de lujo, a\u00fan no es tarde para disfrutar de un verano inolvidable con Plenia Travel, la primera agencia de viajes de lujo espa\u00f1ola nominada en 2022 por segundo a\u00f1o consecutivo como \u2018Mejor Agencia de Viajes de Lujo de Europa\u2019 por los World Travel\" \/>\n\t<meta name=\"robots\" content=\"max-image-preview:large\" \/>\n\t<meta name=\"author\" content=\"Cand\u00e1s 365\"\/>\n\t<meta name=\"google-site-verification\" content=\"UA-32230408-1\" \/>\n\t<meta name=\"msvalidate.01\" content=\"354F3CDFB2DA171B47FBE9ABF1F88D5\" \/>\n\t<meta name=\"keywords\" content=\"turismo\" \/>\n\t<link rel=\"canonical\" href=\"https:\/\/candas365.es\/noticias\/itinerarios-a-medida-y-experiencias-completas-asi-es-el-verano-que-plenia-travel-planea-para-ti\/\" \/>\n\t<meta name=\"generator\" content=\"All in One SEO Pro (AIOSEO) 4.9.6.2\" \/>\n\t\t<meta property=\"og:locale\" content=\"es_ES\" \/>\n\t\t<meta property=\"og:site_name\" content=\"Cand\u00e1s 365\" \/>\n\t\t<meta property=\"og:type\" content=\"article\" \/>\n\t\t<meta property=\"og:title\" content=\"ITINERARIOS A MEDIDA Y EXPERIENCIAS COMPLETAS, AS\u00cd ES EL VERANO QUE PLENIA TRAVEL PLANEA PARA TI | Cand\u00e1s 365\" \/>\n\t\t<meta property=\"og:description\" content=\"Atenci\u00f3n amantes de las experiencias exclusivas, los destinos \u00fanicos y los viajes de lujo, a\u00fan no es tarde para disfrutar de un verano inolvidable con Plenia Travel, la primera agencia de viajes de lujo espa\u00f1ola nominada en 2022 por segundo a\u00f1o consecutivo como \u2018Mejor Agencia de Viajes de Lujo de Europa\u2019 por los World Travel\" \/>\n\t\t<meta property=\"og:url\" content=\"https:\/\/candas365.es\/noticias\/itinerarios-a-medida-y-experiencias-completas-asi-es-el-verano-que-plenia-travel-planea-para-ti\/\" \/>\n\t\t<meta property=\"og:image\" content=\"https:\/\/candas365.es\/noticias\/wp-content\/uploads\/2022\/07\/Travel.jpg\" \/>\n\t\t<meta property=\"og:image:secure_url\" content=\"https:\/\/candas365.es\/noticias\/wp-content\/uploads\/2022\/07\/Travel.jpg\" \/>\n\t\t<meta property=\"og:image:width\" content=\"685\" \/>\n\t\t<meta property=\"og:image:height\" content=\"355\" \/>\n\t\t<meta property=\"article:published_time\" content=\"2022-07-30T01:16:04+00:00\" \/>\n\t\t<meta property=\"article:modified_time\" content=\"2022-07-30T01:16:04+00:00\" \/>\n\t\t<meta property=\"article:publisher\" content=\"https:\/\/www.facebook.com\/Nachofdezber\" \/>\n\t\t<meta property=\"article:author\" content=\"https:\/\/www.facebook.com\/carrenoactualidad\" \/>\n\t\t<meta name=\"twitter:card\" content=\"summary_large_image\" \/>\n\t\t<meta name=\"twitter:site\" content=\"@NabercoDigital\" \/>\n\t\t<meta name=\"twitter:title\" content=\"ITINERARIOS A MEDIDA Y EXPERIENCIAS COMPLETAS, AS\u00cd ES EL VERANO QUE PLENIA TRAVEL PLANEA PARA TI | Cand\u00e1s 365\" \/>\n\t\t<meta name=\"twitter:description\" content=\"Atenci\u00f3n amantes de las experiencias exclusivas, los destinos \u00fanicos y los viajes de lujo, a\u00fan no es tarde para disfrutar de un verano inolvidable con Plenia Travel, la primera agencia de viajes de lujo espa\u00f1ola nominada en 2022 por segundo a\u00f1o consecutivo como \u2018Mejor Agencia de Viajes de Lujo de Europa\u2019 por los World Travel\" \/>\n\t\t<meta name=\"twitter:creator\" content=\"@nbasturias\" \/>\n\t\t<meta name=\"twitter:image\" content=\"https:\/\/candas365.es\/noticias\/wp-content\/uploads\/2022\/07\/Travel.jpg\" \/>\n\t\t<meta name=\"twitter:label1\" content=\"Escrito por\" \/>\n\t\t<meta name=\"twitter:data1\" content=\"Cand\u00e1s 365\" \/>\n\t\t<meta name=\"twitter:label2\" content=\"Tiempo de lectura estimado\" \/>\n\t\t<meta name=\"twitter:data2\" content=\"3 minutos\" \/>\n\t\t<script type=\"application\/ld+json\" class=\"aioseo-schema\">\n\t\t\t{\"@context\":\"https:\\\/\\\/schema.org\",\"@graph\":[{\"@type\":\"BreadcrumbList\",\"@id\":\"https:\\\/\\\/candas365.es\\\/noticias\\\/itinerarios-a-medida-y-experiencias-completas-asi-es-el-verano-que-plenia-travel-planea-para-ti\\\/#breadcrumblist\",\"itemListElement\":[{\"@type\":\"ListItem\",\"@id\":\"https:\\\/\\\/candas365.es\\\/noticias#listItem\",\"position\":1,\"name\":\"Home\",\"item\":\"https:\\\/\\\/candas365.es\\\/noticias\",\"nextItem\":{\"@type\":\"ListItem\",\"@id\":\"https:\\\/\\\/candas365.es\\\/noticias\\\/category\\\/turismo\\\/#listItem\",\"name\":\"Turismo\"}},{\"@type\":\"ListItem\",\"@id\":\"https:\\\/\\\/candas365.es\\\/noticias\\\/category\\\/turismo\\\/#listItem\",\"position\":2,\"name\":\"Turismo\",\"item\":\"https:\\\/\\\/candas365.es\\\/noticias\\\/category\\\/turismo\\\/\",\"nextItem\":{\"@type\":\"ListItem\",\"@id\":\"https:\\\/\\\/candas365.es\\\/noticias\\\/itinerarios-a-medida-y-experiencias-completas-asi-es-el-verano-que-plenia-travel-planea-para-ti\\\/#listItem\",\"name\":\"ITINERARIOS A MEDIDA Y EXPERIENCIAS COMPLETAS, AS\\u00cd ES EL VERANO QUE PLENIA TRAVEL PLANEA PARA TI\"},\"previousItem\":{\"@type\":\"ListItem\",\"@id\":\"https:\\\/\\\/candas365.es\\\/noticias#listItem\",\"name\":\"Home\"}},{\"@type\":\"ListItem\",\"@id\":\"https:\\\/\\\/candas365.es\\\/noticias\\\/itinerarios-a-medida-y-experiencias-completas-asi-es-el-verano-que-plenia-travel-planea-para-ti\\\/#listItem\",\"position\":3,\"name\":\"ITINERARIOS A MEDIDA Y EXPERIENCIAS COMPLETAS, AS\\u00cd ES EL VERANO QUE PLENIA TRAVEL PLANEA PARA TI\",\"previousItem\":{\"@type\":\"ListItem\",\"@id\":\"https:\\\/\\\/candas365.es\\\/noticias\\\/category\\\/turismo\\\/#listItem\",\"name\":\"Turismo\"}}]},{\"@type\":\"NewsArticle\",\"@id\":\"https:\\\/\\\/candas365.es\\\/noticias\\\/itinerarios-a-medida-y-experiencias-completas-asi-es-el-verano-que-plenia-travel-planea-para-ti\\\/#newsarticle\",\"name\":\"ITINERARIOS A MEDIDA Y EXPERIENCIAS COMPLETAS, AS\\u00cd ES EL VERANO QUE PLENIA TRAVEL PLANEA PARA TI | Cand\\u00e1s 365\",\"headline\":\"ITINERARIOS A MEDIDA Y EXPERIENCIAS COMPLETAS, AS\\u00cd ES EL VERANO QUE PLENIA TRAVEL PLANEA PARA TI\",\"author\":{\"@id\":\"https:\\\/\\\/candas365.es\\\/noticias\\\/author\\\/admin\\\/#author\"},\"publisher\":{\"@id\":\"https:\\\/\\\/candas365.es\\\/noticias\\\/#organization\"},\"image\":{\"@type\":\"ImageObject\",\"url\":\"https:\\\/\\\/candas365.es\\\/noticias\\\/wp-content\\\/uploads\\\/2022\\\/07\\\/Travel.jpg\",\"width\":685,\"height\":355,\"caption\":\"Travel\"},\"datePublished\":\"2022-07-30T03:16:04+02:00\",\"dateModified\":\"2022-07-30T03:16:04+02:00\",\"inLanguage\":\"es-ES\",\"mainEntityOfPage\":{\"@id\":\"https:\\\/\\\/candas365.es\\\/noticias\\\/itinerarios-a-medida-y-experiencias-completas-asi-es-el-verano-que-plenia-travel-planea-para-ti\\\/#webpage\"},\"isPartOf\":{\"@id\":\"https:\\\/\\\/candas365.es\\\/noticias\\\/itinerarios-a-medida-y-experiencias-completas-asi-es-el-verano-que-plenia-travel-planea-para-ti\\\/#webpage\"},\"articleSection\":\"Turismo, turismo\",\"dateline\":\"Publicado el julio 30, 2022.\"},{\"@type\":\"Organization\",\"@id\":\"https:\\\/\\\/candas365.es\\\/noticias\\\/#organization\",\"name\":\"Cand\\u00e1s 365\",\"description\":\"Cand\\u00e1s 365 es un diario digital independiente, fundado en 2012, con base en Asturias. Informamos con rigor sobre actualidad, sociedad, cultura y ocio, con una mirada local y global.\",\"url\":\"https:\\\/\\\/candas365.es\\\/noticias\\\/\",\"email\":\"info@candas365.es\",\"telephone\":\"+34652131393\",\"foundingDate\":\"2012-06-10\",\"logo\":{\"@type\":\"ImageObject\",\"url\":\"https:\\\/\\\/candas365.es\\\/noticias\\\/wp-content\\\/uploads\\\/2024\\\/09\\\/Candas-365-Redes.jpg\",\"@id\":\"https:\\\/\\\/candas365.es\\\/noticias\\\/itinerarios-a-medida-y-experiencias-completas-asi-es-el-verano-que-plenia-travel-planea-para-ti\\\/#organizationLogo\",\"width\":1152,\"height\":864,\"caption\":\"Cand\\u00e1s 365 Redes\"},\"image\":{\"@id\":\"https:\\\/\\\/candas365.es\\\/noticias\\\/itinerarios-a-medida-y-experiencias-completas-asi-es-el-verano-que-plenia-travel-planea-para-ti\\\/#organizationLogo\"},\"sameAs\":[\"https:\\\/\\\/www.facebook.com\\\/Nachofdezber\",\"https:\\\/\\\/x.com\\\/NabercoDigital\",\"https:\\\/\\\/www.instagram.com\\\/nachofdezber\\\/\",\"https:\\\/\\\/www.youtube.com\\\/channel\\\/UCZP-2wLEB9Rv6erhFmqVnvg\"],\"address\":{\"@id\":\"https:\\\/\\\/candas365.es\\\/noticias\\\/#postaladdress\",\"@type\":\"PostalAddress\",\"streetAddress\":\"san antonio 4, san antonio 4\",\"postalCode\":\"33430\",\"addressLocality\":\"Cand\\u00e1s\",\"addressRegion\":\"Asturias\",\"addressCountry\":\"ES\"}},{\"@type\":\"Person\",\"@id\":\"https:\\\/\\\/candas365.es\\\/noticias\\\/author\\\/admin\\\/#author\",\"url\":\"https:\\\/\\\/candas365.es\\\/noticias\\\/author\\\/admin\\\/\",\"name\":\"Cand\\u00e1s 365\",\"image\":{\"@type\":\"ImageObject\",\"@id\":\"https:\\\/\\\/candas365.es\\\/noticias\\\/itinerarios-a-medida-y-experiencias-completas-asi-es-el-verano-que-plenia-travel-planea-para-ti\\\/#authorImage\",\"url\":\"https:\\\/\\\/secure.gravatar.com\\\/avatar\\\/496a8e03d0c493ede1718b7934145dbdf8d89be1036b0eec9544e1094c9de390?s=96&d=mm&r=g\",\"width\":96,\"height\":96,\"caption\":\"Cand\\u00e1s 365\"},\"sameAs\":[\"https:\\\/\\\/www.facebook.com\\\/carrenoactualidad\",\"https:\\\/\\\/twitter.com\\\/nbasturias\",\"https:\\\/\\\/www.instagram.com\\\/nachofdezber\\\/\",\"https:\\\/\\\/www.youtube.com\\\/channel\\\/UCZP-2wLEB9Rv6erhFmqVnvg\"]},{\"@type\":\"WebPage\",\"@id\":\"https:\\\/\\\/candas365.es\\\/noticias\\\/itinerarios-a-medida-y-experiencias-completas-asi-es-el-verano-que-plenia-travel-planea-para-ti\\\/#webpage\",\"url\":\"https:\\\/\\\/candas365.es\\\/noticias\\\/itinerarios-a-medida-y-experiencias-completas-asi-es-el-verano-que-plenia-travel-planea-para-ti\\\/\",\"name\":\"ITINERARIOS A MEDIDA Y EXPERIENCIAS COMPLETAS, AS\\u00cd ES EL VERANO QUE PLENIA TRAVEL PLANEA PARA TI | Cand\\u00e1s 365\",\"description\":\"Atenci\\u00f3n amantes de las experiencias exclusivas, los destinos \\u00fanicos y los viajes de lujo, a\\u00fan no es tarde para disfrutar de un verano inolvidable con Plenia Travel, la primera agencia de viajes de lujo espa\\u00f1ola nominada en 2022 por segundo a\\u00f1o consecutivo como \\u2018Mejor Agencia de Viajes de Lujo de Europa\\u2019 por los World Travel\",\"inLanguage\":\"es-ES\",\"isPartOf\":{\"@id\":\"https:\\\/\\\/candas365.es\\\/noticias\\\/#website\"},\"breadcrumb\":{\"@id\":\"https:\\\/\\\/candas365.es\\\/noticias\\\/itinerarios-a-medida-y-experiencias-completas-asi-es-el-verano-que-plenia-travel-planea-para-ti\\\/#breadcrumblist\"},\"author\":{\"@id\":\"https:\\\/\\\/candas365.es\\\/noticias\\\/author\\\/admin\\\/#author\"},\"creator\":{\"@id\":\"https:\\\/\\\/candas365.es\\\/noticias\\\/author\\\/admin\\\/#author\"},\"image\":{\"@type\":\"ImageObject\",\"url\":\"https:\\\/\\\/candas365.es\\\/noticias\\\/wp-content\\\/uploads\\\/2022\\\/07\\\/Travel.jpg\",\"@id\":\"https:\\\/\\\/candas365.es\\\/noticias\\\/itinerarios-a-medida-y-experiencias-completas-asi-es-el-verano-que-plenia-travel-planea-para-ti\\\/#mainImage\",\"width\":685,\"height\":355,\"caption\":\"Travel\"},\"primaryImageOfPage\":{\"@id\":\"https:\\\/\\\/candas365.es\\\/noticias\\\/itinerarios-a-medida-y-experiencias-completas-asi-es-el-verano-que-plenia-travel-planea-para-ti\\\/#mainImage\"},\"datePublished\":\"2022-07-30T03:16:04+02:00\",\"dateModified\":\"2022-07-30T03:16:04+02:00\"},{\"@type\":\"WebSite\",\"@id\":\"https:\\\/\\\/candas365.es\\\/noticias\\\/#website\",\"url\":\"https:\\\/\\\/candas365.es\\\/noticias\\\/\",\"name\":\"Cand\\u00e1s 365\",\"alternateName\":\"Cand\\u00e1s 365 Noticias\",\"description\":\"Actualidad desde Carre\\u00f1o para el mundo\",\"inLanguage\":\"es-ES\",\"publisher\":{\"@id\":\"https:\\\/\\\/candas365.es\\\/noticias\\\/#organization\"}}]}\n\t\t<\/script>\n\t\t<!-- All in One SEO Pro -->\r\n\t\t<title>ITINERARIOS A MEDIDA Y EXPERIENCIAS COMPLETAS, AS\u00cd ES EL VERANO QUE PLENIA TRAVEL PLANEA PARA TI | Cand\u00e1s 365<\/title>\n\n","aioseo_head_json":{"title":"ITINERARIOS A MEDIDA Y EXPERIENCIAS COMPLETAS, AS\u00cd ES EL VERANO QUE PLENIA TRAVEL PLANEA PARA TI | Cand\u00e1s 365","description":"Atenci\u00f3n amantes de las experiencias exclusivas, los destinos \u00fanicos y los viajes de lujo, a\u00fan no es tarde para disfrutar de un verano inolvidable con Plenia Travel, la primera agencia de viajes de lujo espa\u00f1ola nominada en 2022 por segundo a\u00f1o consecutivo como \u2018Mejor Agencia de Viajes de Lujo de Europa\u2019 por los World Travel","canonical_url":"https:\/\/candas365.es\/noticias\/itinerarios-a-medida-y-experiencias-completas-asi-es-el-verano-que-plenia-travel-planea-para-ti\/","robots":"max-image-preview:large","keywords":"turismo","webmasterTools":{"google-site-verification":"UA-32230408-1","msvalidate.01":"354F3CDFB2DA171B47FBE9ABF1F88D5","miscellaneous":""},"schema":{"@context":"https:\/\/schema.org","@graph":[{"@type":"BreadcrumbList","@id":"https:\/\/candas365.es\/noticias\/itinerarios-a-medida-y-experiencias-completas-asi-es-el-verano-que-plenia-travel-planea-para-ti\/#breadcrumblist","itemListElement":[{"@type":"ListItem","@id":"https:\/\/candas365.es\/noticias#listItem","position":1,"name":"Home","item":"https:\/\/candas365.es\/noticias","nextItem":{"@type":"ListItem","@id":"https:\/\/candas365.es\/noticias\/category\/turismo\/#listItem","name":"Turismo"}},{"@type":"ListItem","@id":"https:\/\/candas365.es\/noticias\/category\/turismo\/#listItem","position":2,"name":"Turismo","item":"https:\/\/candas365.es\/noticias\/category\/turismo\/","nextItem":{"@type":"ListItem","@id":"https:\/\/candas365.es\/noticias\/itinerarios-a-medida-y-experiencias-completas-asi-es-el-verano-que-plenia-travel-planea-para-ti\/#listItem","name":"ITINERARIOS A MEDIDA Y EXPERIENCIAS COMPLETAS, AS\u00cd ES EL VERANO QUE PLENIA TRAVEL PLANEA PARA TI"},"previousItem":{"@type":"ListItem","@id":"https:\/\/candas365.es\/noticias#listItem","name":"Home"}},{"@type":"ListItem","@id":"https:\/\/candas365.es\/noticias\/itinerarios-a-medida-y-experiencias-completas-asi-es-el-verano-que-plenia-travel-planea-para-ti\/#listItem","position":3,"name":"ITINERARIOS A MEDIDA Y EXPERIENCIAS COMPLETAS, AS\u00cd ES EL VERANO QUE PLENIA TRAVEL PLANEA PARA TI","previousItem":{"@type":"ListItem","@id":"https:\/\/candas365.es\/noticias\/category\/turismo\/#listItem","name":"Turismo"}}]},{"@type":"NewsArticle","@id":"https:\/\/candas365.es\/noticias\/itinerarios-a-medida-y-experiencias-completas-asi-es-el-verano-que-plenia-travel-planea-para-ti\/#newsarticle","name":"ITINERARIOS A MEDIDA Y EXPERIENCIAS COMPLETAS, AS\u00cd ES EL VERANO QUE PLENIA TRAVEL PLANEA PARA TI | Cand\u00e1s 365","headline":"ITINERARIOS A MEDIDA Y EXPERIENCIAS COMPLETAS, AS\u00cd ES EL VERANO QUE PLENIA TRAVEL PLANEA PARA TI","author":{"@id":"https:\/\/candas365.es\/noticias\/author\/admin\/#author"},"publisher":{"@id":"https:\/\/candas365.es\/noticias\/#organization"},"image":{"@type":"ImageObject","url":"https:\/\/candas365.es\/noticias\/wp-content\/uploads\/2022\/07\/Travel.jpg","width":685,"height":355,"caption":"Travel"},"datePublished":"2022-07-30T03:16:04+02:00","dateModified":"2022-07-30T03:16:04+02:00","inLanguage":"es-ES","mainEntityOfPage":{"@id":"https:\/\/candas365.es\/noticias\/itinerarios-a-medida-y-experiencias-completas-asi-es-el-verano-que-plenia-travel-planea-para-ti\/#webpage"},"isPartOf":{"@id":"https:\/\/candas365.es\/noticias\/itinerarios-a-medida-y-experiencias-completas-asi-es-el-verano-que-plenia-travel-planea-para-ti\/#webpage"},"articleSection":"Turismo, turismo","dateline":"Publicado el julio 30, 2022."},{"@type":"Organization","@id":"https:\/\/candas365.es\/noticias\/#organization","name":"Cand\u00e1s 365","description":"Cand\u00e1s 365 es un diario digital independiente, fundado en 2012, con base en Asturias. Informamos con rigor sobre actualidad, sociedad, cultura y ocio, con una mirada local y global.","url":"https:\/\/candas365.es\/noticias\/","email":"info@candas365.es","telephone":"+34652131393","foundingDate":"2012-06-10","logo":{"@type":"ImageObject","url":"https:\/\/candas365.es\/noticias\/wp-content\/uploads\/2024\/09\/Candas-365-Redes.jpg","@id":"https:\/\/candas365.es\/noticias\/itinerarios-a-medida-y-experiencias-completas-asi-es-el-verano-que-plenia-travel-planea-para-ti\/#organizationLogo","width":1152,"height":864,"caption":"Cand\u00e1s 365 Redes"},"image":{"@id":"https:\/\/candas365.es\/noticias\/itinerarios-a-medida-y-experiencias-completas-asi-es-el-verano-que-plenia-travel-planea-para-ti\/#organizationLogo"},"sameAs":["https:\/\/www.facebook.com\/Nachofdezber","https:\/\/x.com\/NabercoDigital","https:\/\/www.instagram.com\/nachofdezber\/","https:\/\/www.youtube.com\/channel\/UCZP-2wLEB9Rv6erhFmqVnvg"],"address":{"@id":"https:\/\/candas365.es\/noticias\/#postaladdress","@type":"PostalAddress","streetAddress":"san antonio 4, san antonio 4","postalCode":"33430","addressLocality":"Cand\u00e1s","addressRegion":"Asturias","addressCountry":"ES"}},{"@type":"Person","@id":"https:\/\/candas365.es\/noticias\/author\/admin\/#author","url":"https:\/\/candas365.es\/noticias\/author\/admin\/","name":"Cand\u00e1s 365","image":{"@type":"ImageObject","@id":"https:\/\/candas365.es\/noticias\/itinerarios-a-medida-y-experiencias-completas-asi-es-el-verano-que-plenia-travel-planea-para-ti\/#authorImage","url":"https:\/\/secure.gravatar.com\/avatar\/496a8e03d0c493ede1718b7934145dbdf8d89be1036b0eec9544e1094c9de390?s=96&d=mm&r=g","width":96,"height":96,"caption":"Cand\u00e1s 365"},"sameAs":["https:\/\/www.facebook.com\/carrenoactualidad","https:\/\/twitter.com\/nbasturias","https:\/\/www.instagram.com\/nachofdezber\/","https:\/\/www.youtube.com\/channel\/UCZP-2wLEB9Rv6erhFmqVnvg"]},{"@type":"WebPage","@id":"https:\/\/candas365.es\/noticias\/itinerarios-a-medida-y-experiencias-completas-asi-es-el-verano-que-plenia-travel-planea-para-ti\/#webpage","url":"https:\/\/candas365.es\/noticias\/itinerarios-a-medida-y-experiencias-completas-asi-es-el-verano-que-plenia-travel-planea-para-ti\/","name":"ITINERARIOS A MEDIDA Y EXPERIENCIAS COMPLETAS, AS\u00cd ES EL VERANO QUE PLENIA TRAVEL PLANEA PARA TI | Cand\u00e1s 365","description":"Atenci\u00f3n amantes de las experiencias exclusivas, los destinos \u00fanicos y los viajes de lujo, a\u00fan no es tarde para disfrutar de un verano inolvidable con Plenia Travel, la primera agencia de viajes de lujo espa\u00f1ola nominada en 2022 por segundo a\u00f1o consecutivo como \u2018Mejor Agencia de Viajes de Lujo de Europa\u2019 por los World Travel","inLanguage":"es-ES","isPartOf":{"@id":"https:\/\/candas365.es\/noticias\/#website"},"breadcrumb":{"@id":"https:\/\/candas365.es\/noticias\/itinerarios-a-medida-y-experiencias-completas-asi-es-el-verano-que-plenia-travel-planea-para-ti\/#breadcrumblist"},"author":{"@id":"https:\/\/candas365.es\/noticias\/author\/admin\/#author"},"creator":{"@id":"https:\/\/candas365.es\/noticias\/author\/admin\/#author"},"image":{"@type":"ImageObject","url":"https:\/\/candas365.es\/noticias\/wp-content\/uploads\/2022\/07\/Travel.jpg","@id":"https:\/\/candas365.es\/noticias\/itinerarios-a-medida-y-experiencias-completas-asi-es-el-verano-que-plenia-travel-planea-para-ti\/#mainImage","width":685,"height":355,"caption":"Travel"},"primaryImageOfPage":{"@id":"https:\/\/candas365.es\/noticias\/itinerarios-a-medida-y-experiencias-completas-asi-es-el-verano-que-plenia-travel-planea-para-ti\/#mainImage"},"datePublished":"2022-07-30T03:16:04+02:00","dateModified":"2022-07-30T03:16:04+02:00"},{"@type":"WebSite","@id":"https:\/\/candas365.es\/noticias\/#website","url":"https:\/\/candas365.es\/noticias\/","name":"Cand\u00e1s 365","alternateName":"Cand\u00e1s 365 Noticias","description":"Actualidad desde Carre\u00f1o para el mundo","inLanguage":"es-ES","publisher":{"@id":"https:\/\/candas365.es\/noticias\/#organization"}}]},"og:locale":"es_ES","og:site_name":"Cand\u00e1s 365","og:type":"article","og:title":"ITINERARIOS A MEDIDA Y EXPERIENCIAS COMPLETAS, AS\u00cd ES EL VERANO QUE PLENIA TRAVEL PLANEA PARA TI | Cand\u00e1s 365","og:description":"Atenci\u00f3n amantes de las experiencias exclusivas, los destinos \u00fanicos y los viajes de lujo, a\u00fan no es tarde para disfrutar de un verano inolvidable con Plenia Travel, la primera agencia de viajes de lujo espa\u00f1ola nominada en 2022 por segundo a\u00f1o consecutivo como \u2018Mejor Agencia de Viajes de Lujo de Europa\u2019 por los World Travel","og:url":"https:\/\/candas365.es\/noticias\/itinerarios-a-medida-y-experiencias-completas-asi-es-el-verano-que-plenia-travel-planea-para-ti\/","og:image":"https:\/\/candas365.es\/noticias\/wp-content\/uploads\/2022\/07\/Travel.jpg","og:image:secure_url":"https:\/\/candas365.es\/noticias\/wp-content\/uploads\/2022\/07\/Travel.jpg","og:image:width":685,"og:image:height":355,"article:published_time":"2022-07-30T01:16:04+00:00","article:modified_time":"2022-07-30T01:16:04+00:00","article:publisher":"https:\/\/www.facebook.com\/Nachofdezber","article:author":"https:\/\/www.facebook.com\/carrenoactualidad","twitter:card":"summary_large_image","twitter:site":"@NabercoDigital","twitter:title":"ITINERARIOS A MEDIDA Y EXPERIENCIAS COMPLETAS, AS\u00cd ES EL VERANO QUE PLENIA TRAVEL PLANEA PARA TI | Cand\u00e1s 365","twitter:description":"Atenci\u00f3n amantes de las experiencias exclusivas, los destinos \u00fanicos y los viajes de lujo, a\u00fan no es tarde para disfrutar de un verano inolvidable con Plenia Travel, la primera agencia de viajes de lujo espa\u00f1ola nominada en 2022 por segundo a\u00f1o consecutivo como \u2018Mejor Agencia de Viajes de Lujo de Europa\u2019 por los World Travel","twitter:creator":"@nbasturias","twitter:image":"https:\/\/candas365.es\/noticias\/wp-content\/uploads\/2022\/07\/Travel.jpg","twitter:label1":"Escrito por","twitter:data1":"Cand\u00e1s 365","twitter:label2":"Tiempo de lectura estimado","twitter:data2":"3 minutos"},"aioseo_meta_data":{"post_id":"164457","title":null,"description":null,"keywords":[],"keyphrases":{"focus":{"keyphrase":"","score":0,"analysis":{"keyphraseInTitle":{"score":0,"maxScore":9,"error":1}}},"additional":[]},"primary_term":null,"canonical_url":null,"og_title":null,"og_description":null,"og_object_type":"default","og_image_type":"default","og_image_url":null,"og_image_width":null,"og_image_height":null,"og_image_custom_url":null,"og_image_custom_fields":null,"og_video":"","og_custom_url":null,"og_article_section":null,"og_article_tags":[],"twitter_use_og":false,"twitter_card":"default","twitter_image_type":"default","twitter_image_url":null,"twitter_image_custom_url":null,"twitter_image_custom_fields":null,"twitter_title":null,"twitter_description":null,"schema":{"blockGraphs":[],"customGraphs":[],"default":{"data":{"Article":[],"Course":[],"Dataset":[],"FAQPage":[],"Movie":[],"Person":[],"Product":[],"ProductReview":[],"Car":[],"Recipe":[],"Service":[],"SoftwareApplication":[],"WebPage":[]},"graphName":"","isEnabled":true},"graphs":[],"defaultGraph":"Article","defaultPostTypeGraph":""},"schema_type":"default","schema_type_options":"{\"article\":{\"articleType\":\"BlogPosting\"},\"course\":{\"name\":\"\",\"description\":\"\",\"provider\":\"\"},\"faq\":{\"pages\":[]},\"product\":{\"reviews\":[]},\"recipe\":{\"ingredients\":[],\"instructions\":[],\"keywords\":[]},\"software\":{\"reviews\":[],\"operatingSystems\":[]},\"webPage\":{\"webPageType\":\"WebPage\"},\"blockGraphs\":[]}","pillar_content":false,"robots_default":true,"robots_noindex":false,"robots_noarchive":false,"robots_nosnippet":false,"robots_nofollow":false,"robots_noimageindex":false,"robots_noodp":false,"robots_notranslate":false,"robots_max_snippet":"-1","robots_max_videopreview":"-1","robots_max_imagepreview":"large","priority":null,"frequency":"default","location":null,"local_seo":null,"seo_analyzer_scan_date":"2025-09-01 09:59:16","breadcrumb_settings":null,"limit_modified_date":false,"reviewed_by":null,"open_ai":null,"ai":null,"created":"2022-07-30 01:13:44","updated":"2025-09-01 09:59:16"},"aioseo_breadcrumb":"<div class=\"aioseo-breadcrumbs\"><span class=\"aioseo-breadcrumb\">\n\t<a href=\"https:\/\/candas365.es\/noticias\" title=\"Home\">Home<\/a>\n<\/span><span class=\"aioseo-breadcrumb-separator\">&ndash;<\/span><span class=\"aioseo-breadcrumb\">\n\t<a href=\"https:\/\/candas365.es\/noticias\/category\/turismo\/\" title=\"Turismo\">Turismo<\/a>\n<\/span><span class=\"aioseo-breadcrumb-separator\">&ndash;<\/span><span class=\"aioseo-breadcrumb\">\n\tITINERARIOS A MEDIDA Y EXPERIENCIAS COMPLETAS, AS\u00cd ES EL VERANO QUE PLENIA TRAVEL PLANEA PARA TI\n<\/span><\/div>","aioseo_breadcrumb_json":[{"label":"Home","link":"https:\/\/candas365.es\/noticias"},{"label":"Turismo","link":"https:\/\/candas365.es\/noticias\/category\/turismo\/"},{"label":"ITINERARIOS A MEDIDA Y EXPERIENCIAS COMPLETAS, AS\u00cd ES EL VERANO QUE PLENIA TRAVEL PLANEA PARA TI","link":"https:\/\/candas365.es\/noticias\/itinerarios-a-medida-y-experiencias-completas-asi-es-el-verano-que-plenia-travel-planea-para-ti\/"}],"_links":{"self":[{"href":"https:\/\/candas365.es\/noticias\/wp-json\/wp\/v2\/posts\/164457","targetHints":{"allow":["GET"]}}],"collection":[{"href":"https:\/\/candas365.es\/noticias\/wp-json\/wp\/v2\/posts"}],"about":[{"href":"https:\/\/candas365.es\/noticias\/wp-json\/wp\/v2\/types\/post"}],"author":[{"embeddable":true,"href":"https:\/\/candas365.es\/noticias\/wp-json\/wp\/v2\/users\/1"}],"replies":[{"embeddable":true,"href":"https:\/\/candas365.es\/noticias\/wp-json\/wp\/v2\/comments?post=164457"}],"version-history":[{"count":0,"href":"https:\/\/candas365.es\/noticias\/wp-json\/wp\/v2\/posts\/164457\/revisions"}],"wp:featuredmedia":[{"embeddable":true,"href":"https:\/\/candas365.es\/noticias\/wp-json\/wp\/v2\/media\/164458"}],"wp:attachment":[{"href":"https:\/\/candas365.es\/noticias\/wp-json\/wp\/v2\/media?parent=164457"}],"wp:term":[{"taxonomy":"category","embeddable":true,"href":"https:\/\/candas365.es\/noticias\/wp-json\/wp\/v2\/categories?post=164457"},{"taxonomy":"post_tag","embeddable":true,"href":"https:\/\/candas365.es\/noticias\/wp-json\/wp\/v2\/tags?post=164457"}],"curies":[{"name":"wp","href":"https:\/\/api.w.org\/{rel}","templated":true}]}}