{"id":164438,"date":"2022-07-30T01:16:08","date_gmt":"2022-07-29T23:16:08","guid":{"rendered":"https:\/\/candas365.es\/noticias\/?p=164438"},"modified":"2022-07-30T01:16:08","modified_gmt":"2022-07-29T23:16:08","slug":"borrell-condena-la-presunta-castracion-de-un-militar-ucraniano","status":"publish","type":"post","link":"https:\/\/candas365.es\/noticias\/borrell-condena-la-presunta-castracion-de-un-militar-ucraniano\/","title":{"rendered":"Borrell condena la presunta castraci\u00f3n de un militar ucraniano"},"content":{"rendered":"<p>(EP) &#8211; El Alto Representante de la Uni\u00f3n Europea para Asuntos Exteriores y Pol\u00edtica de Seguridad, Josep Borrell, ha lamentado un <strong>ataque contra una c\u00e1rcel en Donetsk<\/strong>, en la localidad de Elenovka, que se ha cobrado la vida de m\u00e1s de 50 personas, y ha tildado de atroz el presunto v\u00eddeo de una <strong>castraci\u00f3n a un militar ucraniano<\/strong>.<\/p>\n<figure id=\"attachment_164439\" aria-describedby=\"caption-attachment-164439\" style=\"width: 650px\" class=\"wp-caption aligncenter\"><img fetchpriority=\"high\" decoding=\"async\" class=\"wp-image-164439 size-large\" src=\"https:\/\/candas365.es\/noticias\/wp-content\/uploads\/2022\/07\/Borrell-650x436.jpg\" alt=\"Borrell\" width=\"650\" height=\"436\" srcset=\"https:\/\/candas365.es\/noticias\/wp-content\/uploads\/2022\/07\/Borrell-650x436.jpg 650w, https:\/\/candas365.es\/noticias\/wp-content\/uploads\/2022\/07\/Borrell-360x242.jpg 360w, https:\/\/candas365.es\/noticias\/wp-content\/uploads\/2022\/07\/Borrell-768x516.jpg 768w, https:\/\/candas365.es\/noticias\/wp-content\/uploads\/2022\/07\/Borrell-150x101.jpg 150w, https:\/\/candas365.es\/noticias\/wp-content\/uploads\/2022\/07\/Borrell-450x302.jpg 450w, https:\/\/candas365.es\/noticias\/wp-content\/uploads\/2022\/07\/Borrell.jpg 989w\" sizes=\"(max-width: 650px) 100vw, 650px\" \/><figcaption id=\"caption-attachment-164439\" class=\"wp-caption-text\">FOTO: Juan Manuel Serrano Arce &#8211; Europa Press<\/figcaption><\/figure>\n<p>\u00abLa Uni\u00f3n Europea condena en los t\u00e9rminos m\u00e1s en\u00e9rgicos las atrocidades cometidas por las Fuerzas Armadas rusas y sus representantes. Estos actos b\u00e1rbaros e inhumanos representan violaciones graves de los Convenios de Ginebra y su Protocolo Adicional y constituyen cr\u00edmenes de guerra\u00bb, ha destacado en un comunicado.<\/p>\n<p>Asimismo, tambi\u00e9n ha calificado de \u00abatroz\u00bb el presunto v\u00eddeo que ha circulado en redes sociales, as\u00ed como en los \u00abcanales pro-Kremlin\u00bb, de un militar ucraniano castrado por las fuerzas rusas durante su cautiverio.<\/p>\n<p>De dicha acci\u00f3n tambi\u00e9n se ha hecho eco Amnist\u00eda Internacional. El diario brit\u00e1nico &#8216;The Guardian&#8217;, ha recogido especulaciones, en modo alguno confirmadas, de que<strong> el presunto militar ruso responsable de la mutilaci\u00f3n serv\u00eda con una formaci\u00f3n chechena conocida como batall\u00f3n Ajat<\/strong> y hab\u00eda combatido en la planta qu\u00edmica Azot en Severodonetsk.<\/p>\n<p>En su reacci\u00f3n a las im\u00e1genes, la directora de Amnist\u00eda para el este de Europa y el centro de Asia, Marie Struthers, describe un \u00abasalto horripilante\u00bb que \u00abparece tratarse de otro ejemplo del absoluto desprecio que las fuerzas rusas exhiben por la dignidad y la vida humana en Ucrania\u00bb.<\/p>\n<p>Con respecto al ataque a la c\u00e1rcel, si bien en un primer momento Mosc\u00fa ha acusado a Kiev de haberlo ejecutado, m\u00e1s tarde desde Ucrania han respondido con la versi\u00f3n contraria, se\u00f1alado a las fuerzas rusas como responsables de un incidente que han catalogado como crimen de guerra.<\/p>\n<p>En este punto, el presidente ucraniano, Volodimir Zelenski, ha mantenido una reuni\u00f3n con altos cargos del Ej\u00e9rcito, Defensa y la Inteligencia ucraniana para discutir \u00aben detalle\u00bb lo que considera un \u00abataque terrorista organizado por monstruos inhumanos rusos\u00bb.<\/p>\n<blockquote><p>\u00abHay suficiente evidencia de que fue un crimen planeado. Y esta es otra confirmaci\u00f3n de que Rusia es un Estado terrorista\u00bb, ha subrayado el presidente ucraniano en una publicaci\u00f3n en su canal de la red social Telegram.<\/p><\/blockquote>\n<p>Las autoridades de la autoproclamada Rep\u00fablica Popular de Donetsk, por su parte, han asegurado que el ataque habr\u00eda sido llevado a cabo con un HIMARS &#8211;un sistema de cohetes de lanzamiento m\u00faltiple&#8211; y han precisado que \u00abel r\u00e9gimen criminal de Kiev destruye adrede a milicianos ucranianos que se han rendido para ocultar las trazas de los cr\u00edmenes de guerra cometidos contra la poblaci\u00f3n civil del Donb\u00e1s\u00bb.<\/p>\n<p>Por otro lado, el asesor de la Presidencia ucraniana, Mijailo Podoliak, ha argumentado que \u00abla escala y la velocidad de la campa\u00f1a de informaci\u00f3n de los propagandistas rusos indican que fue una acci\u00f3n planificada y organizada\u00bb.<\/p>\n<p>\u00abSe trata de una <strong>operaci\u00f3n de falsa bandera<\/strong> cl\u00e1sica, c\u00ednica y elaborada\u00bb, ha se\u00f1alado, antes de acusar a las fuerzas rusas de \u00abocultar pruebas de la escala de los cr\u00edmenes de guerra y las torturas de Rusia\u00bb, \u00abafectar a los acuerdos para el intercambio (de presos)\u00bb y \u00abdesacreditar a las Fuerzas Armadas de Ucrania\u00bb.<\/p>\n","protected":false},"excerpt":{"rendered":"<p>(EP) &#8211; El Alto Representante de la Uni\u00f3n Europea para Asuntos Exteriores y Pol\u00edtica de Seguridad, Josep Borrell, ha lamentado un ataque contra una c\u00e1rcel en Donetsk, en la localidad de Elenovka, que se ha cobrado la vida de m\u00e1s de 50 personas, y ha tildado de atroz el presunto v\u00eddeo de una castraci\u00f3n a<\/p>\n","protected":false},"author":1,"featured_media":164439,"comment_status":"closed","ping_status":"closed","sticky":false,"template":"","format":"standard","meta":{"footnotes":""},"categories":[343],"tags":[464,418],"class_list":{"0":"post-164438","1":"post","2":"type-post","3":"status-publish","4":"format-standard","5":"has-post-thumbnail","7":"category-actualidad","8":"tag-conflictos","9":"tag-internacional"},"aioseo_notices":[],"aioseo_head":"\n\t\t<!-- All in One SEO Pro 4.9.6.2 - aioseo.com -->\n\t<meta name=\"description\" content=\"(EP) - El Alto Representante de la Uni\u00f3n Europea para Asuntos Exteriores y Pol\u00edtica de Seguridad, Josep Borrell, ha lamentado un ataque contra una c\u00e1rcel\" \/>\n\t<meta name=\"robots\" content=\"max-image-preview:large\" \/>\n\t<meta name=\"author\" content=\"Cand\u00e1s 365\"\/>\n\t<meta name=\"google-site-verification\" content=\"UA-32230408-1\" \/>\n\t<meta name=\"msvalidate.01\" content=\"354F3CDFB2DA171B47FBE9ABF1F88D5\" \/>\n\t<meta name=\"keywords\" content=\"actualidad\" \/>\n\t<link rel=\"canonical\" href=\"https:\/\/candas365.es\/noticias\/borrell-condena-la-presunta-castracion-de-un-militar-ucraniano\/\" \/>\n\t<meta name=\"generator\" content=\"All in One SEO Pro (AIOSEO) 4.9.6.2\" \/>\n\t\t<meta property=\"og:locale\" content=\"es_ES\" \/>\n\t\t<meta property=\"og:site_name\" content=\"Cand\u00e1s 365\" \/>\n\t\t<meta property=\"og:type\" content=\"article\" \/>\n\t\t<meta property=\"og:title\" content=\"Borrell condena la presunta castraci\u00f3n de un militar ucraniano | Cand\u00e1s 365\" \/>\n\t\t<meta property=\"og:description\" content=\"(EP) - El Alto Representante de la Uni\u00f3n Europea para Asuntos Exteriores y Pol\u00edtica de Seguridad, Josep Borrell, ha lamentado un ataque contra una c\u00e1rcel\" \/>\n\t\t<meta property=\"og:url\" content=\"https:\/\/candas365.es\/noticias\/borrell-condena-la-presunta-castracion-de-un-militar-ucraniano\/\" \/>\n\t\t<meta property=\"og:image\" content=\"https:\/\/candas365.es\/noticias\/wp-content\/uploads\/2022\/07\/Borrell.jpg\" \/>\n\t\t<meta property=\"og:image:secure_url\" content=\"https:\/\/candas365.es\/noticias\/wp-content\/uploads\/2022\/07\/Borrell.jpg\" \/>\n\t\t<meta property=\"og:image:width\" content=\"989\" \/>\n\t\t<meta property=\"og:image:height\" content=\"664\" \/>\n\t\t<meta property=\"article:published_time\" content=\"2022-07-29T23:16:08+00:00\" \/>\n\t\t<meta property=\"article:modified_time\" content=\"2022-07-29T23:16:08+00:00\" \/>\n\t\t<meta property=\"article:publisher\" content=\"https:\/\/www.facebook.com\/Nachofdezber\" \/>\n\t\t<meta property=\"article:author\" content=\"https:\/\/www.facebook.com\/carrenoactualidad\" \/>\n\t\t<meta name=\"twitter:card\" content=\"summary_large_image\" \/>\n\t\t<meta name=\"twitter:site\" content=\"@NabercoDigital\" \/>\n\t\t<meta name=\"twitter:title\" content=\"Borrell condena la presunta castraci\u00f3n de un militar ucraniano | Cand\u00e1s 365\" \/>\n\t\t<meta name=\"twitter:description\" content=\"(EP) - El Alto Representante de la Uni\u00f3n Europea para Asuntos Exteriores y Pol\u00edtica de Seguridad, Josep Borrell, ha lamentado un ataque contra una c\u00e1rcel\" \/>\n\t\t<meta name=\"twitter:creator\" content=\"@nbasturias\" \/>\n\t\t<meta name=\"twitter:image\" content=\"https:\/\/candas365.es\/noticias\/wp-content\/uploads\/2022\/07\/Borrell.jpg\" \/>\n\t\t<meta name=\"twitter:label1\" content=\"Escrito por\" \/>\n\t\t<meta name=\"twitter:data1\" content=\"Cand\u00e1s 365\" \/>\n\t\t<meta name=\"twitter:label2\" content=\"Tiempo de lectura estimado\" \/>\n\t\t<meta name=\"twitter:data2\" content=\"3 minutos\" \/>\n\t\t<script type=\"application\/ld+json\" class=\"aioseo-schema\">\n\t\t\t{\"@context\":\"https:\\\/\\\/schema.org\",\"@graph\":[{\"@type\":\"BreadcrumbList\",\"@id\":\"https:\\\/\\\/candas365.es\\\/noticias\\\/borrell-condena-la-presunta-castracion-de-un-militar-ucraniano\\\/#breadcrumblist\",\"itemListElement\":[{\"@type\":\"ListItem\",\"@id\":\"https:\\\/\\\/candas365.es\\\/noticias#listItem\",\"position\":1,\"name\":\"Home\",\"item\":\"https:\\\/\\\/candas365.es\\\/noticias\",\"nextItem\":{\"@type\":\"ListItem\",\"@id\":\"https:\\\/\\\/candas365.es\\\/noticias\\\/category\\\/actualidad\\\/#listItem\",\"name\":\"Actualidad\"}},{\"@type\":\"ListItem\",\"@id\":\"https:\\\/\\\/candas365.es\\\/noticias\\\/category\\\/actualidad\\\/#listItem\",\"position\":2,\"name\":\"Actualidad\",\"item\":\"https:\\\/\\\/candas365.es\\\/noticias\\\/category\\\/actualidad\\\/\",\"nextItem\":{\"@type\":\"ListItem\",\"@id\":\"https:\\\/\\\/candas365.es\\\/noticias\\\/borrell-condena-la-presunta-castracion-de-un-militar-ucraniano\\\/#listItem\",\"name\":\"Borrell condena la presunta castraci\\u00f3n de un militar ucraniano\"},\"previousItem\":{\"@type\":\"ListItem\",\"@id\":\"https:\\\/\\\/candas365.es\\\/noticias#listItem\",\"name\":\"Home\"}},{\"@type\":\"ListItem\",\"@id\":\"https:\\\/\\\/candas365.es\\\/noticias\\\/borrell-condena-la-presunta-castracion-de-un-militar-ucraniano\\\/#listItem\",\"position\":3,\"name\":\"Borrell condena la presunta castraci\\u00f3n de un militar ucraniano\",\"previousItem\":{\"@type\":\"ListItem\",\"@id\":\"https:\\\/\\\/candas365.es\\\/noticias\\\/category\\\/actualidad\\\/#listItem\",\"name\":\"Actualidad\"}}]},{\"@type\":\"NewsArticle\",\"@id\":\"https:\\\/\\\/candas365.es\\\/noticias\\\/borrell-condena-la-presunta-castracion-de-un-militar-ucraniano\\\/#newsarticle\",\"name\":\"Borrell condena la presunta castraci\\u00f3n de un militar ucraniano | Cand\\u00e1s 365\",\"headline\":\"Borrell condena la presunta castraci\\u00f3n de un militar ucraniano\",\"author\":{\"@id\":\"https:\\\/\\\/candas365.es\\\/noticias\\\/author\\\/admin\\\/#author\"},\"publisher\":{\"@id\":\"https:\\\/\\\/candas365.es\\\/noticias\\\/#organization\"},\"image\":{\"@type\":\"ImageObject\",\"url\":\"https:\\\/\\\/candas365.es\\\/noticias\\\/wp-content\\\/uploads\\\/2022\\\/07\\\/Borrell.jpg\",\"width\":989,\"height\":664,\"caption\":\"FOTO: Juan Manuel Serrano Arce - Europa Press\"},\"datePublished\":\"2022-07-30T01:16:08+02:00\",\"dateModified\":\"2022-07-30T01:16:08+02:00\",\"inLanguage\":\"es-ES\",\"mainEntityOfPage\":{\"@id\":\"https:\\\/\\\/candas365.es\\\/noticias\\\/borrell-condena-la-presunta-castracion-de-un-militar-ucraniano\\\/#webpage\"},\"isPartOf\":{\"@id\":\"https:\\\/\\\/candas365.es\\\/noticias\\\/borrell-condena-la-presunta-castracion-de-un-militar-ucraniano\\\/#webpage\"},\"articleSection\":\"Actualidad, conflictos, Internacional\",\"dateline\":\"Publicado el julio 30, 2022.\"},{\"@type\":\"Organization\",\"@id\":\"https:\\\/\\\/candas365.es\\\/noticias\\\/#organization\",\"name\":\"Cand\\u00e1s 365\",\"description\":\"Cand\\u00e1s 365 es un diario digital independiente, fundado en 2012, con base en Asturias. Informamos con rigor sobre actualidad, sociedad, cultura y ocio, con una mirada local y global.\",\"url\":\"https:\\\/\\\/candas365.es\\\/noticias\\\/\",\"email\":\"info@candas365.es\",\"telephone\":\"+34652131393\",\"foundingDate\":\"2012-06-10\",\"logo\":{\"@type\":\"ImageObject\",\"url\":\"https:\\\/\\\/candas365.es\\\/noticias\\\/wp-content\\\/uploads\\\/2024\\\/09\\\/Candas-365-Redes.jpg\",\"@id\":\"https:\\\/\\\/candas365.es\\\/noticias\\\/borrell-condena-la-presunta-castracion-de-un-militar-ucraniano\\\/#organizationLogo\",\"width\":1152,\"height\":864,\"caption\":\"Cand\\u00e1s 365 Redes\"},\"image\":{\"@id\":\"https:\\\/\\\/candas365.es\\\/noticias\\\/borrell-condena-la-presunta-castracion-de-un-militar-ucraniano\\\/#organizationLogo\"},\"sameAs\":[\"https:\\\/\\\/www.facebook.com\\\/Nachofdezber\",\"https:\\\/\\\/x.com\\\/NabercoDigital\",\"https:\\\/\\\/www.instagram.com\\\/nachofdezber\\\/\",\"https:\\\/\\\/www.youtube.com\\\/channel\\\/UCZP-2wLEB9Rv6erhFmqVnvg\"],\"address\":{\"@id\":\"https:\\\/\\\/candas365.es\\\/noticias\\\/#postaladdress\",\"@type\":\"PostalAddress\",\"streetAddress\":\"san antonio 4, san antonio 4\",\"postalCode\":\"33430\",\"addressLocality\":\"Cand\\u00e1s\",\"addressRegion\":\"Asturias\",\"addressCountry\":\"ES\"}},{\"@type\":\"Person\",\"@id\":\"https:\\\/\\\/candas365.es\\\/noticias\\\/author\\\/admin\\\/#author\",\"url\":\"https:\\\/\\\/candas365.es\\\/noticias\\\/author\\\/admin\\\/\",\"name\":\"Cand\\u00e1s 365\",\"image\":{\"@type\":\"ImageObject\",\"@id\":\"https:\\\/\\\/candas365.es\\\/noticias\\\/borrell-condena-la-presunta-castracion-de-un-militar-ucraniano\\\/#authorImage\",\"url\":\"https:\\\/\\\/secure.gravatar.com\\\/avatar\\\/496a8e03d0c493ede1718b7934145dbdf8d89be1036b0eec9544e1094c9de390?s=96&d=mm&r=g\",\"width\":96,\"height\":96,\"caption\":\"Cand\\u00e1s 365\"},\"sameAs\":[\"https:\\\/\\\/www.facebook.com\\\/carrenoactualidad\",\"https:\\\/\\\/twitter.com\\\/nbasturias\",\"https:\\\/\\\/www.instagram.com\\\/nachofdezber\\\/\",\"https:\\\/\\\/www.youtube.com\\\/channel\\\/UCZP-2wLEB9Rv6erhFmqVnvg\"]},{\"@type\":\"WebPage\",\"@id\":\"https:\\\/\\\/candas365.es\\\/noticias\\\/borrell-condena-la-presunta-castracion-de-un-militar-ucraniano\\\/#webpage\",\"url\":\"https:\\\/\\\/candas365.es\\\/noticias\\\/borrell-condena-la-presunta-castracion-de-un-militar-ucraniano\\\/\",\"name\":\"Borrell condena la presunta castraci\\u00f3n de un militar ucraniano | Cand\\u00e1s 365\",\"description\":\"(EP) - El Alto Representante de la Uni\\u00f3n Europea para Asuntos Exteriores y Pol\\u00edtica de Seguridad, Josep Borrell, ha lamentado un ataque contra una c\\u00e1rcel\",\"inLanguage\":\"es-ES\",\"isPartOf\":{\"@id\":\"https:\\\/\\\/candas365.es\\\/noticias\\\/#website\"},\"breadcrumb\":{\"@id\":\"https:\\\/\\\/candas365.es\\\/noticias\\\/borrell-condena-la-presunta-castracion-de-un-militar-ucraniano\\\/#breadcrumblist\"},\"author\":{\"@id\":\"https:\\\/\\\/candas365.es\\\/noticias\\\/author\\\/admin\\\/#author\"},\"creator\":{\"@id\":\"https:\\\/\\\/candas365.es\\\/noticias\\\/author\\\/admin\\\/#author\"},\"image\":{\"@type\":\"ImageObject\",\"url\":\"https:\\\/\\\/candas365.es\\\/noticias\\\/wp-content\\\/uploads\\\/2022\\\/07\\\/Borrell.jpg\",\"@id\":\"https:\\\/\\\/candas365.es\\\/noticias\\\/borrell-condena-la-presunta-castracion-de-un-militar-ucraniano\\\/#mainImage\",\"width\":989,\"height\":664,\"caption\":\"FOTO: Juan Manuel Serrano Arce - Europa Press\"},\"primaryImageOfPage\":{\"@id\":\"https:\\\/\\\/candas365.es\\\/noticias\\\/borrell-condena-la-presunta-castracion-de-un-militar-ucraniano\\\/#mainImage\"},\"datePublished\":\"2022-07-30T01:16:08+02:00\",\"dateModified\":\"2022-07-30T01:16:08+02:00\"},{\"@type\":\"WebSite\",\"@id\":\"https:\\\/\\\/candas365.es\\\/noticias\\\/#website\",\"url\":\"https:\\\/\\\/candas365.es\\\/noticias\\\/\",\"name\":\"Cand\\u00e1s 365\",\"alternateName\":\"Cand\\u00e1s 365 Noticias\",\"description\":\"Actualidad desde Carre\\u00f1o para el mundo\",\"inLanguage\":\"es-ES\",\"publisher\":{\"@id\":\"https:\\\/\\\/candas365.es\\\/noticias\\\/#organization\"}}]}\n\t\t<\/script>\n\t\t<!-- All in One SEO Pro -->\r\n\t\t<title>Borrell condena la presunta castraci\u00f3n de un militar ucraniano | Cand\u00e1s 365<\/title>\n\n","aioseo_head_json":{"title":"Borrell condena la presunta castraci\u00f3n de un militar ucraniano | Cand\u00e1s 365","description":"(EP) - El Alto Representante de la Uni\u00f3n Europea para Asuntos Exteriores y Pol\u00edtica de Seguridad, Josep Borrell, ha lamentado un ataque contra una c\u00e1rcel","canonical_url":"https:\/\/candas365.es\/noticias\/borrell-condena-la-presunta-castracion-de-un-militar-ucraniano\/","robots":"max-image-preview:large","keywords":"actualidad","webmasterTools":{"google-site-verification":"UA-32230408-1","msvalidate.01":"354F3CDFB2DA171B47FBE9ABF1F88D5","miscellaneous":""},"schema":{"@context":"https:\/\/schema.org","@graph":[{"@type":"BreadcrumbList","@id":"https:\/\/candas365.es\/noticias\/borrell-condena-la-presunta-castracion-de-un-militar-ucraniano\/#breadcrumblist","itemListElement":[{"@type":"ListItem","@id":"https:\/\/candas365.es\/noticias#listItem","position":1,"name":"Home","item":"https:\/\/candas365.es\/noticias","nextItem":{"@type":"ListItem","@id":"https:\/\/candas365.es\/noticias\/category\/actualidad\/#listItem","name":"Actualidad"}},{"@type":"ListItem","@id":"https:\/\/candas365.es\/noticias\/category\/actualidad\/#listItem","position":2,"name":"Actualidad","item":"https:\/\/candas365.es\/noticias\/category\/actualidad\/","nextItem":{"@type":"ListItem","@id":"https:\/\/candas365.es\/noticias\/borrell-condena-la-presunta-castracion-de-un-militar-ucraniano\/#listItem","name":"Borrell condena la presunta castraci\u00f3n de un militar ucraniano"},"previousItem":{"@type":"ListItem","@id":"https:\/\/candas365.es\/noticias#listItem","name":"Home"}},{"@type":"ListItem","@id":"https:\/\/candas365.es\/noticias\/borrell-condena-la-presunta-castracion-de-un-militar-ucraniano\/#listItem","position":3,"name":"Borrell condena la presunta castraci\u00f3n de un militar ucraniano","previousItem":{"@type":"ListItem","@id":"https:\/\/candas365.es\/noticias\/category\/actualidad\/#listItem","name":"Actualidad"}}]},{"@type":"NewsArticle","@id":"https:\/\/candas365.es\/noticias\/borrell-condena-la-presunta-castracion-de-un-militar-ucraniano\/#newsarticle","name":"Borrell condena la presunta castraci\u00f3n de un militar ucraniano | Cand\u00e1s 365","headline":"Borrell condena la presunta castraci\u00f3n de un militar ucraniano","author":{"@id":"https:\/\/candas365.es\/noticias\/author\/admin\/#author"},"publisher":{"@id":"https:\/\/candas365.es\/noticias\/#organization"},"image":{"@type":"ImageObject","url":"https:\/\/candas365.es\/noticias\/wp-content\/uploads\/2022\/07\/Borrell.jpg","width":989,"height":664,"caption":"FOTO: Juan Manuel Serrano Arce - Europa Press"},"datePublished":"2022-07-30T01:16:08+02:00","dateModified":"2022-07-30T01:16:08+02:00","inLanguage":"es-ES","mainEntityOfPage":{"@id":"https:\/\/candas365.es\/noticias\/borrell-condena-la-presunta-castracion-de-un-militar-ucraniano\/#webpage"},"isPartOf":{"@id":"https:\/\/candas365.es\/noticias\/borrell-condena-la-presunta-castracion-de-un-militar-ucraniano\/#webpage"},"articleSection":"Actualidad, conflictos, Internacional","dateline":"Publicado el julio 30, 2022."},{"@type":"Organization","@id":"https:\/\/candas365.es\/noticias\/#organization","name":"Cand\u00e1s 365","description":"Cand\u00e1s 365 es un diario digital independiente, fundado en 2012, con base en Asturias. Informamos con rigor sobre actualidad, sociedad, cultura y ocio, con una mirada local y global.","url":"https:\/\/candas365.es\/noticias\/","email":"info@candas365.es","telephone":"+34652131393","foundingDate":"2012-06-10","logo":{"@type":"ImageObject","url":"https:\/\/candas365.es\/noticias\/wp-content\/uploads\/2024\/09\/Candas-365-Redes.jpg","@id":"https:\/\/candas365.es\/noticias\/borrell-condena-la-presunta-castracion-de-un-militar-ucraniano\/#organizationLogo","width":1152,"height":864,"caption":"Cand\u00e1s 365 Redes"},"image":{"@id":"https:\/\/candas365.es\/noticias\/borrell-condena-la-presunta-castracion-de-un-militar-ucraniano\/#organizationLogo"},"sameAs":["https:\/\/www.facebook.com\/Nachofdezber","https:\/\/x.com\/NabercoDigital","https:\/\/www.instagram.com\/nachofdezber\/","https:\/\/www.youtube.com\/channel\/UCZP-2wLEB9Rv6erhFmqVnvg"],"address":{"@id":"https:\/\/candas365.es\/noticias\/#postaladdress","@type":"PostalAddress","streetAddress":"san antonio 4, san antonio 4","postalCode":"33430","addressLocality":"Cand\u00e1s","addressRegion":"Asturias","addressCountry":"ES"}},{"@type":"Person","@id":"https:\/\/candas365.es\/noticias\/author\/admin\/#author","url":"https:\/\/candas365.es\/noticias\/author\/admin\/","name":"Cand\u00e1s 365","image":{"@type":"ImageObject","@id":"https:\/\/candas365.es\/noticias\/borrell-condena-la-presunta-castracion-de-un-militar-ucraniano\/#authorImage","url":"https:\/\/secure.gravatar.com\/avatar\/496a8e03d0c493ede1718b7934145dbdf8d89be1036b0eec9544e1094c9de390?s=96&d=mm&r=g","width":96,"height":96,"caption":"Cand\u00e1s 365"},"sameAs":["https:\/\/www.facebook.com\/carrenoactualidad","https:\/\/twitter.com\/nbasturias","https:\/\/www.instagram.com\/nachofdezber\/","https:\/\/www.youtube.com\/channel\/UCZP-2wLEB9Rv6erhFmqVnvg"]},{"@type":"WebPage","@id":"https:\/\/candas365.es\/noticias\/borrell-condena-la-presunta-castracion-de-un-militar-ucraniano\/#webpage","url":"https:\/\/candas365.es\/noticias\/borrell-condena-la-presunta-castracion-de-un-militar-ucraniano\/","name":"Borrell condena la presunta castraci\u00f3n de un militar ucraniano | Cand\u00e1s 365","description":"(EP) - El Alto Representante de la Uni\u00f3n Europea para Asuntos Exteriores y Pol\u00edtica de Seguridad, Josep Borrell, ha lamentado un ataque contra una c\u00e1rcel","inLanguage":"es-ES","isPartOf":{"@id":"https:\/\/candas365.es\/noticias\/#website"},"breadcrumb":{"@id":"https:\/\/candas365.es\/noticias\/borrell-condena-la-presunta-castracion-de-un-militar-ucraniano\/#breadcrumblist"},"author":{"@id":"https:\/\/candas365.es\/noticias\/author\/admin\/#author"},"creator":{"@id":"https:\/\/candas365.es\/noticias\/author\/admin\/#author"},"image":{"@type":"ImageObject","url":"https:\/\/candas365.es\/noticias\/wp-content\/uploads\/2022\/07\/Borrell.jpg","@id":"https:\/\/candas365.es\/noticias\/borrell-condena-la-presunta-castracion-de-un-militar-ucraniano\/#mainImage","width":989,"height":664,"caption":"FOTO: Juan Manuel Serrano Arce - Europa Press"},"primaryImageOfPage":{"@id":"https:\/\/candas365.es\/noticias\/borrell-condena-la-presunta-castracion-de-un-militar-ucraniano\/#mainImage"},"datePublished":"2022-07-30T01:16:08+02:00","dateModified":"2022-07-30T01:16:08+02:00"},{"@type":"WebSite","@id":"https:\/\/candas365.es\/noticias\/#website","url":"https:\/\/candas365.es\/noticias\/","name":"Cand\u00e1s 365","alternateName":"Cand\u00e1s 365 Noticias","description":"Actualidad desde Carre\u00f1o para el mundo","inLanguage":"es-ES","publisher":{"@id":"https:\/\/candas365.es\/noticias\/#organization"}}]},"og:locale":"es_ES","og:site_name":"Cand\u00e1s 365","og:type":"article","og:title":"Borrell condena la presunta castraci\u00f3n de un militar ucraniano | Cand\u00e1s 365","og:description":"(EP) - El Alto Representante de la Uni\u00f3n Europea para Asuntos Exteriores y Pol\u00edtica de Seguridad, Josep Borrell, ha lamentado un ataque contra una c\u00e1rcel","og:url":"https:\/\/candas365.es\/noticias\/borrell-condena-la-presunta-castracion-de-un-militar-ucraniano\/","og:image":"https:\/\/candas365.es\/noticias\/wp-content\/uploads\/2022\/07\/Borrell.jpg","og:image:secure_url":"https:\/\/candas365.es\/noticias\/wp-content\/uploads\/2022\/07\/Borrell.jpg","og:image:width":989,"og:image:height":664,"article:published_time":"2022-07-29T23:16:08+00:00","article:modified_time":"2022-07-29T23:16:08+00:00","article:publisher":"https:\/\/www.facebook.com\/Nachofdezber","article:author":"https:\/\/www.facebook.com\/carrenoactualidad","twitter:card":"summary_large_image","twitter:site":"@NabercoDigital","twitter:title":"Borrell condena la presunta castraci\u00f3n de un militar ucraniano | Cand\u00e1s 365","twitter:description":"(EP) - El Alto Representante de la Uni\u00f3n Europea para Asuntos Exteriores y Pol\u00edtica de Seguridad, Josep Borrell, ha lamentado un ataque contra una c\u00e1rcel","twitter:creator":"@nbasturias","twitter:image":"https:\/\/candas365.es\/noticias\/wp-content\/uploads\/2022\/07\/Borrell.jpg","twitter:label1":"Escrito por","twitter:data1":"Cand\u00e1s 365","twitter:label2":"Tiempo de lectura estimado","twitter:data2":"3 minutos"},"aioseo_meta_data":{"post_id":"164438","title":null,"description":"(EP) - El Alto Representante de la Uni\u00f3n Europea para Asuntos Exteriores y Pol\u00edtica de Seguridad, Josep Borrell, ha lamentado un ataque contra una c\u00e1rcel","keywords":[],"keyphrases":{"focus":{"keyphrase":"Borrell","score":92,"analysis":{"keyphraseInTitle":{"title":"Focus keyphrase in SEO title","description":"Focus keyphrase found in SEO title.","score":9,"maxScore":9,"error":0},"keyphraseInDescription":{"title":"Focus keyphrase in meta description","description":"Focus keyphrase found in meta description.","score":9,"maxScore":9,"error":0},"keyphraseLength":{"title":"Focus keyphrase length","description":"Good job!","score":9,"maxScore":9,"error":0,"length":1},"keyphraseInURL":{"title":"Focus keyphrase in URL","description":"Focus keyphrase not found in the URL.","score":1,"maxScore":5,"error":1},"keyphraseInIntroduction":{"title":"Focus keyphrase in introduction","description":"Your Focus keyphrase appears in the first paragraph. Well done!","score":9,"maxScore":9,"error":0},"keyphraseInSubHeadings":[],"keyphraseInImageAlt":{"title":"Focus keyphrase in image alt attributes","description":"Focus keyphrase found in image alt attribute(s).","score":9,"maxScore":9,"error":0}}},"additional":[{"keyphrase":"Josep Borrell","score":83,"analysis":{"keyphraseInDescription":{"title":"Keyphrase in meta description","description":"Keyphrase found in meta description.","score":9,"maxScore":9,"error":0},"keyphraseLength":{"title":"Keyphrase length","description":"Good job!","score":9,"maxScore":9,"error":0,"length":2},"keyphraseInIntroduction":{"title":"Keyphrase in introduction","description":"Your Keyphrase appears in the first paragraph. Well done!","score":9,"maxScore":9,"error":0},"keyphraseInImageAlt":{"title":"Keyphrase in image alt attributes","description":"Keyphrase not found in image alt attribute(s). Add an image with your Keyphrase as alt text.","score":3,"maxScore":9,"error":1}}}]},"primary_term":null,"canonical_url":null,"og_title":null,"og_description":null,"og_object_type":"default","og_image_type":"default","og_image_url":null,"og_image_width":null,"og_image_height":null,"og_image_custom_url":null,"og_image_custom_fields":null,"og_video":"","og_custom_url":null,"og_article_section":null,"og_article_tags":[],"twitter_use_og":false,"twitter_card":"default","twitter_image_type":"default","twitter_image_url":null,"twitter_image_custom_url":null,"twitter_image_custom_fields":null,"twitter_title":null,"twitter_description":null,"schema":{"blockGraphs":[],"customGraphs":[],"default":{"data":{"Article":[],"Course":[],"Dataset":[],"FAQPage":[],"Movie":[],"Person":[],"Product":[],"ProductReview":[],"Car":[],"Recipe":[],"Service":[],"SoftwareApplication":[],"WebPage":[]},"graphName":"","isEnabled":true},"graphs":[]},"schema_type":"default","schema_type_options":"{\"article\":{\"articleType\":\"BlogPosting\"},\"course\":{\"name\":\"\",\"description\":\"\",\"provider\":\"\"},\"faq\":{\"pages\":[]},\"product\":{\"reviews\":[]},\"recipe\":{\"ingredients\":[],\"instructions\":[],\"keywords\":[]},\"software\":{\"reviews\":[],\"operatingSystems\":[]},\"webPage\":{\"webPageType\":\"WebPage\"},\"blockGraphs\":[]}","pillar_content":false,"robots_default":true,"robots_noindex":false,"robots_noarchive":false,"robots_nosnippet":false,"robots_nofollow":false,"robots_noimageindex":false,"robots_noodp":false,"robots_notranslate":false,"robots_max_snippet":"-1","robots_max_videopreview":"-1","robots_max_imagepreview":"large","priority":null,"frequency":"default","location":null,"local_seo":null,"seo_analyzer_scan_date":"2025-09-01 09:58:12","breadcrumb_settings":null,"limit_modified_date":false,"reviewed_by":null,"open_ai":null,"ai":null,"created":"2022-07-29 23:09:22","updated":"2025-09-01 09:58:12"},"aioseo_breadcrumb":"<div class=\"aioseo-breadcrumbs\"><span class=\"aioseo-breadcrumb\">\n\t<a href=\"https:\/\/candas365.es\/noticias\" title=\"Home\">Home<\/a>\n<\/span><span class=\"aioseo-breadcrumb-separator\">&ndash;<\/span><span class=\"aioseo-breadcrumb\">\n\t<a href=\"https:\/\/candas365.es\/noticias\/category\/actualidad\/\" title=\"Actualidad\">Actualidad<\/a>\n<\/span><span class=\"aioseo-breadcrumb-separator\">&ndash;<\/span><span class=\"aioseo-breadcrumb\">\n\tBorrell condena la presunta castraci\u00f3n de un militar ucraniano\n<\/span><\/div>","aioseo_breadcrumb_json":[{"label":"Home","link":"https:\/\/candas365.es\/noticias"},{"label":"Actualidad","link":"https:\/\/candas365.es\/noticias\/category\/actualidad\/"},{"label":"Borrell condena la presunta castraci\u00f3n de un militar ucraniano","link":"https:\/\/candas365.es\/noticias\/borrell-condena-la-presunta-castracion-de-un-militar-ucraniano\/"}],"_links":{"self":[{"href":"https:\/\/candas365.es\/noticias\/wp-json\/wp\/v2\/posts\/164438","targetHints":{"allow":["GET"]}}],"collection":[{"href":"https:\/\/candas365.es\/noticias\/wp-json\/wp\/v2\/posts"}],"about":[{"href":"https:\/\/candas365.es\/noticias\/wp-json\/wp\/v2\/types\/post"}],"author":[{"embeddable":true,"href":"https:\/\/candas365.es\/noticias\/wp-json\/wp\/v2\/users\/1"}],"replies":[{"embeddable":true,"href":"https:\/\/candas365.es\/noticias\/wp-json\/wp\/v2\/comments?post=164438"}],"version-history":[{"count":0,"href":"https:\/\/candas365.es\/noticias\/wp-json\/wp\/v2\/posts\/164438\/revisions"}],"wp:featuredmedia":[{"embeddable":true,"href":"https:\/\/candas365.es\/noticias\/wp-json\/wp\/v2\/media\/164439"}],"wp:attachment":[{"href":"https:\/\/candas365.es\/noticias\/wp-json\/wp\/v2\/media?parent=164438"}],"wp:term":[{"taxonomy":"category","embeddable":true,"href":"https:\/\/candas365.es\/noticias\/wp-json\/wp\/v2\/categories?post=164438"},{"taxonomy":"post_tag","embeddable":true,"href":"https:\/\/candas365.es\/noticias\/wp-json\/wp\/v2\/tags?post=164438"}],"curies":[{"name":"wp","href":"https:\/\/api.w.org\/{rel}","templated":true}]}}