{"id":164342,"date":"2022-07-28T21:39:15","date_gmt":"2022-07-28T19:39:15","guid":{"rendered":"https:\/\/candas365.es\/noticias\/?p=164342"},"modified":"2022-07-28T21:39:15","modified_gmt":"2022-07-28T19:39:15","slug":"el-6-de-agosto-sera-el-dia-mas-caluroso-de-2022","status":"publish","type":"post","link":"https:\/\/candas365.es\/noticias\/el-6-de-agosto-sera-el-dia-mas-caluroso-de-2022\/","title":{"rendered":"El 6 de agosto ser\u00e1 el d\u00eda m\u00e1s caluroso de 2022"},"content":{"rendered":"<p>(EP) &#8211; Un nuevo episodio de calor extremo coincidir\u00e1 con el 6 de agosto,<a href=\"https:\/\/candas365.es\/noticias\/category\/el-tiempo\/\"><strong> <span style=\"color: #ff6600;\">e<span style=\"color: #ff6600;\">l<\/span> d\u00eda m\u00e1s caluroso del a\u00f1o<\/span><\/strong><\/a> seg\u00fan el portal meteorol\u00f3gico <a href=\"https:\/\/www.eltiempo.es\/\" target=\"_blank\" rel=\"noopener\"><span style=\"color: #ff6600;\"><strong>eltiempo.es<\/strong><\/span><\/a>, que vaticina que las temperaturas subir\u00e1n durante la primera semana de agosto hasta superar los 38\u00baC en muchas zonas del pa\u00eds.<\/p>\n<figure id=\"attachment_162147\" aria-describedby=\"caption-attachment-162147\" style=\"width: 650px\" class=\"wp-caption aligncenter\"><img fetchpriority=\"high\" decoding=\"async\" class=\"wp-image-162147 size-large\" src=\"https:\/\/candas365.es\/noticias\/wp-content\/uploads\/2022\/06\/Candas-650x337.jpg\" alt=\"Cand\u00e1s\" width=\"650\" height=\"337\" srcset=\"https:\/\/candas365.es\/noticias\/wp-content\/uploads\/2022\/06\/Candas-650x337.jpg 650w, https:\/\/candas365.es\/noticias\/wp-content\/uploads\/2022\/06\/Candas-360x186.jpg 360w, https:\/\/candas365.es\/noticias\/wp-content\/uploads\/2022\/06\/Candas-768x398.jpg 768w, https:\/\/candas365.es\/noticias\/wp-content\/uploads\/2022\/06\/Candas-150x78.jpg 150w, https:\/\/candas365.es\/noticias\/wp-content\/uploads\/2022\/06\/Candas-450x233.jpg 450w, https:\/\/candas365.es\/noticias\/wp-content\/uploads\/2022\/06\/Candas.jpg 1006w\" sizes=\"(max-width: 650px) 100vw, 650px\" \/><figcaption id=\"caption-attachment-162147\" class=\"wp-caption-text\">Playa de Cand\u00e1s \/ Foto: N.Berm\u00fadez &#8211; Cand\u00e1s 365<\/figcaption><\/figure>\n<p>eltiempo.es detalla que, desde este \u00faltimo s\u00e1bado de julio, las temperaturas ser\u00e1n elevadas, especialmente en el suroeste, con term\u00f3metros rozando los 40\u00baC, un ascenso que continuar\u00e1 el domingo y se extender\u00e1 a m\u00e1s zonas, ya que los 40\u00baC se superar\u00e1n en Andaluc\u00eda y Extremadura, hasta los 42\u00baC puntualmente.<\/p>\n<p>En el resto del pa\u00eds, los 35\u00baC se superar\u00e1n en toda la mitad sur peninsular, el valle del Ebro y casi toda Castilla y Le\u00f3n. Los valores m\u00e1s suaves se esperan en la cornisa cant\u00e1brica y las costas mediterr\u00e1neas.<\/p>\n<p>El lunes continuar\u00e1 el ascenso t\u00e9rmico y en los valles del Tajo, Guadiana y Guadalquivir se podr\u00edan superar puntualmente los 42\u00baC. En Castilla y Le\u00f3n, Castilla-La Mancha, Madrid y todo el valle del Ebro se alcanzar\u00e1n los 36\u00baC de forma generalizada.<\/p>\n<p>De cara al martes y mi\u00e9rcoles, los term\u00f3metros continuar\u00e1n al alza y se superar\u00e1n los 40\u00baC en toda Extremadura, gran parte de Andaluc\u00eda y los valles del Tajo y Guadiana en Castilla-La Mancha. Adem\u00e1s, en el entorno de Sevilla y C\u00f3rdoba los term\u00f3metros podr\u00edan escalar hasta los 44\u00baC de forma puntual.<\/p>\n<blockquote><p>A partir de entonces, los term\u00f3metros podr\u00edan mantenerse en valores parecidos hasta, al menos, el s\u00e1bado 6 de agosto, cuando podr\u00edan bajar algo por el oeste peninsular.<\/p><\/blockquote>\n<p>eltiempo.es ha analizado los datos de m\u00e1s de 150 estaciones en el per\u00edodo 1991-2020. De acuerdo a estos datos, el d\u00eda m\u00e1s caluroso del a\u00f1o es el 6 de agosto, con una temperatura media m\u00e1s elevada a nivel nacional, con 24,3\u00baC. Asimismo, la temperatura media de las m\u00e1ximas tambi\u00e9n es la m\u00e1s alta, con 30,7\u00baC.<\/p>\n<p>En cualquier caso, en cada provincia y estaci\u00f3n el d\u00eda y la temperatura media var\u00edan. En Sevilla, el valor m\u00e1ximo es de 29,8\u00baC el d\u00eda 6 de agosto, pero en Vigo la temperatura media m\u00e1s elevada corresponde al 14 de julio, con 21\u00baC. As\u00ed, en zonas de costa, agosto suele ser m\u00e1s c\u00e1lido, a excepci\u00f3n de las costas gallegas, asturianas y c\u00e1ntabras, donde el d\u00eda m\u00e1s c\u00e1lido suele darse a mediados de julio.<\/p>\n<p>eltiempo.es a\u00f1ade que el 10 de agosto de 2012 hubo una temperatura media que casi alcanz\u00f3 los 37,9 grados. En cuanto a las noches, la del 7 de agosto se considera la m\u00e1s calurosa: en esa madrugada, la media estad\u00edstica de las temperaturas m\u00ednimas en Espa\u00f1a rondan los 18\u00baC.<\/p>\n<h2>NOCHES TROPICALES<\/h2>\n<p>Precisamente, el ascenso t\u00e9rmico de los pr\u00f3ximos d\u00edas traer\u00e1, aparte de la subida de las m\u00e1ximas, una subida de las m\u00ednimas casi generalizada por lo que el domingo las noches tropicales ser\u00e1n generalizadas en la mitad sur y toda la costa mediterr\u00e1nea.<\/p>\n<p>No obstante, la subida acusada en todo el pa\u00eds se dar\u00e1 desde el martes 2 de agosto, cuando las noches tropicales podr\u00edan darse en casi todas las \u00e1reas del pa\u00eds y en ciudades como Santander, Valladolid o Badajoz podr\u00edan no bajar de los 20\u00baC.<\/p>\n<p>Adem\u00e1s, en algunas zonas podr\u00edan volver las noches ecuatoriales, es decir, aquellas en las que los term\u00f3metros no bajan de los 25\u00baC en toda la noche, como ser\u00eda el caso de Madrid, Ja\u00e9n o Barcelona, donde podr\u00edan quedarse m\u00e1s cerca de los 26\u00baC que de los 25\u00baC.<\/p>\n","protected":false},"excerpt":{"rendered":"<p>(EP) &#8211; Un nuevo episodio de calor extremo coincidir\u00e1 con el 6 de agosto, el d\u00eda m\u00e1s caluroso del a\u00f1o seg\u00fan el portal meteorol\u00f3gico eltiempo.es, que vaticina que las temperaturas subir\u00e1n durante la primera semana de agosto hasta superar los 38\u00baC en muchas zonas del pa\u00eds. eltiempo.es detalla que, desde este \u00faltimo s\u00e1bado de julio,<\/p>\n","protected":false},"author":1,"featured_media":162147,"comment_status":"closed","ping_status":"closed","sticky":false,"template":"","format":"standard","meta":{"footnotes":""},"categories":[358],"tags":[429],"class_list":{"0":"post-164342","1":"post","2":"type-post","3":"status-publish","4":"format-standard","5":"has-post-thumbnail","7":"category-el-tiempo","8":"tag-el-tiempo"},"aioseo_notices":[],"aioseo_head":"\n\t\t<!-- All in One SEO Pro 4.9.6.2 - aioseo.com -->\n\t<meta name=\"description\" content=\"(EP) - Un nuevo episodio de calor extremo coincidir\u00e1 con el 6 de agosto, el d\u00eda m\u00e1s caluroso del a\u00f1o seg\u00fan el portal meteorol\u00f3gico\" \/>\n\t<meta name=\"robots\" content=\"max-image-preview:large\" \/>\n\t<meta name=\"author\" content=\"Cand\u00e1s 365\"\/>\n\t<meta name=\"google-site-verification\" content=\"UA-32230408-1\" \/>\n\t<meta name=\"msvalidate.01\" content=\"354F3CDFB2DA171B47FBE9ABF1F88D5\" \/>\n\t<meta name=\"keywords\" content=\"el tiempo\" \/>\n\t<link rel=\"canonical\" href=\"https:\/\/candas365.es\/noticias\/el-6-de-agosto-sera-el-dia-mas-caluroso-de-2022\/\" \/>\n\t<meta name=\"generator\" content=\"All in One SEO Pro (AIOSEO) 4.9.6.2\" \/>\n\t\t<meta property=\"og:locale\" content=\"es_ES\" \/>\n\t\t<meta property=\"og:site_name\" content=\"Cand\u00e1s 365\" \/>\n\t\t<meta property=\"og:type\" content=\"article\" \/>\n\t\t<meta property=\"og:title\" content=\"El 6 de agosto ser\u00e1 el d\u00eda m\u00e1s caluroso de 2022 | Cand\u00e1s 365\" \/>\n\t\t<meta property=\"og:description\" content=\"(EP) - Un nuevo episodio de calor extremo coincidir\u00e1 con el 6 de agosto, el d\u00eda m\u00e1s caluroso del a\u00f1o seg\u00fan el portal meteorol\u00f3gico\" \/>\n\t\t<meta property=\"og:url\" content=\"https:\/\/candas365.es\/noticias\/el-6-de-agosto-sera-el-dia-mas-caluroso-de-2022\/\" \/>\n\t\t<meta property=\"og:image\" content=\"https:\/\/candas365.es\/noticias\/wp-content\/uploads\/2022\/06\/Candas.jpg\" \/>\n\t\t<meta property=\"og:image:secure_url\" content=\"https:\/\/candas365.es\/noticias\/wp-content\/uploads\/2022\/06\/Candas.jpg\" \/>\n\t\t<meta property=\"og:image:width\" content=\"1006\" \/>\n\t\t<meta property=\"og:image:height\" content=\"521\" \/>\n\t\t<meta property=\"article:published_time\" content=\"2022-07-28T19:39:15+00:00\" \/>\n\t\t<meta property=\"article:modified_time\" content=\"2022-07-28T19:39:15+00:00\" \/>\n\t\t<meta property=\"article:publisher\" content=\"https:\/\/www.facebook.com\/Nachofdezber\" \/>\n\t\t<meta property=\"article:author\" content=\"https:\/\/www.facebook.com\/carrenoactualidad\" \/>\n\t\t<meta name=\"twitter:card\" content=\"summary_large_image\" \/>\n\t\t<meta name=\"twitter:site\" content=\"@NabercoDigital\" \/>\n\t\t<meta name=\"twitter:title\" content=\"El 6 de agosto ser\u00e1 el d\u00eda m\u00e1s caluroso de 2022 | Cand\u00e1s 365\" \/>\n\t\t<meta name=\"twitter:description\" content=\"(EP) - Un nuevo episodio de calor extremo coincidir\u00e1 con el 6 de agosto, el d\u00eda m\u00e1s caluroso del a\u00f1o seg\u00fan el portal meteorol\u00f3gico\" \/>\n\t\t<meta name=\"twitter:creator\" content=\"@nbasturias\" \/>\n\t\t<meta name=\"twitter:image\" content=\"https:\/\/candas365.es\/noticias\/wp-content\/uploads\/2022\/06\/Candas.jpg\" \/>\n\t\t<meta name=\"twitter:label1\" content=\"Escrito por\" \/>\n\t\t<meta name=\"twitter:data1\" content=\"Cand\u00e1s 365\" \/>\n\t\t<meta name=\"twitter:label2\" content=\"Tiempo de lectura estimado\" \/>\n\t\t<meta name=\"twitter:data2\" content=\"3 minutos\" \/>\n\t\t<script type=\"application\/ld+json\" class=\"aioseo-schema\">\n\t\t\t{\"@context\":\"https:\\\/\\\/schema.org\",\"@graph\":[{\"@type\":\"BreadcrumbList\",\"@id\":\"https:\\\/\\\/candas365.es\\\/noticias\\\/el-6-de-agosto-sera-el-dia-mas-caluroso-de-2022\\\/#breadcrumblist\",\"itemListElement\":[{\"@type\":\"ListItem\",\"@id\":\"https:\\\/\\\/candas365.es\\\/noticias#listItem\",\"position\":1,\"name\":\"Home\",\"item\":\"https:\\\/\\\/candas365.es\\\/noticias\",\"nextItem\":{\"@type\":\"ListItem\",\"@id\":\"https:\\\/\\\/candas365.es\\\/noticias\\\/category\\\/el-tiempo\\\/#listItem\",\"name\":\"El tiempo\"}},{\"@type\":\"ListItem\",\"@id\":\"https:\\\/\\\/candas365.es\\\/noticias\\\/category\\\/el-tiempo\\\/#listItem\",\"position\":2,\"name\":\"El tiempo\",\"item\":\"https:\\\/\\\/candas365.es\\\/noticias\\\/category\\\/el-tiempo\\\/\",\"nextItem\":{\"@type\":\"ListItem\",\"@id\":\"https:\\\/\\\/candas365.es\\\/noticias\\\/el-6-de-agosto-sera-el-dia-mas-caluroso-de-2022\\\/#listItem\",\"name\":\"El 6 de agosto ser\\u00e1 el d\\u00eda m\\u00e1s caluroso de 2022\"},\"previousItem\":{\"@type\":\"ListItem\",\"@id\":\"https:\\\/\\\/candas365.es\\\/noticias#listItem\",\"name\":\"Home\"}},{\"@type\":\"ListItem\",\"@id\":\"https:\\\/\\\/candas365.es\\\/noticias\\\/el-6-de-agosto-sera-el-dia-mas-caluroso-de-2022\\\/#listItem\",\"position\":3,\"name\":\"El 6 de agosto ser\\u00e1 el d\\u00eda m\\u00e1s caluroso de 2022\",\"previousItem\":{\"@type\":\"ListItem\",\"@id\":\"https:\\\/\\\/candas365.es\\\/noticias\\\/category\\\/el-tiempo\\\/#listItem\",\"name\":\"El tiempo\"}}]},{\"@type\":\"NewsArticle\",\"@id\":\"https:\\\/\\\/candas365.es\\\/noticias\\\/el-6-de-agosto-sera-el-dia-mas-caluroso-de-2022\\\/#newsarticle\",\"name\":\"El 6 de agosto ser\\u00e1 el d\\u00eda m\\u00e1s caluroso de 2022 | Cand\\u00e1s 365\",\"headline\":\"El 6 de agosto ser\\u00e1 el d\\u00eda m\\u00e1s caluroso de 2022\",\"author\":{\"@id\":\"https:\\\/\\\/candas365.es\\\/noticias\\\/author\\\/admin\\\/#author\"},\"publisher\":{\"@id\":\"https:\\\/\\\/candas365.es\\\/noticias\\\/#organization\"},\"image\":{\"@type\":\"ImageObject\",\"url\":\"https:\\\/\\\/candas365.es\\\/noticias\\\/wp-content\\\/uploads\\\/2022\\\/06\\\/Candas.jpg\",\"width\":1006,\"height\":521,\"caption\":\"Playa de Cand\\u00e1s \\\/ Foto: N.Berm\\u00fadez - Cand\\u00e1s 365\"},\"datePublished\":\"2022-07-28T21:39:15+02:00\",\"dateModified\":\"2022-07-28T21:39:15+02:00\",\"inLanguage\":\"es-ES\",\"mainEntityOfPage\":{\"@id\":\"https:\\\/\\\/candas365.es\\\/noticias\\\/el-6-de-agosto-sera-el-dia-mas-caluroso-de-2022\\\/#webpage\"},\"isPartOf\":{\"@id\":\"https:\\\/\\\/candas365.es\\\/noticias\\\/el-6-de-agosto-sera-el-dia-mas-caluroso-de-2022\\\/#webpage\"},\"articleSection\":\"El tiempo, El tiempo\",\"dateline\":\"Publicado el julio 28, 2022.\"},{\"@type\":\"Organization\",\"@id\":\"https:\\\/\\\/candas365.es\\\/noticias\\\/#organization\",\"name\":\"Cand\\u00e1s 365\",\"description\":\"Cand\\u00e1s 365 es un diario digital independiente, fundado en 2012, con base en Asturias. Informamos con rigor sobre actualidad, sociedad, cultura y ocio, con una mirada local y global.\",\"url\":\"https:\\\/\\\/candas365.es\\\/noticias\\\/\",\"email\":\"info@candas365.es\",\"telephone\":\"+34652131393\",\"foundingDate\":\"2012-06-10\",\"logo\":{\"@type\":\"ImageObject\",\"url\":\"https:\\\/\\\/candas365.es\\\/noticias\\\/wp-content\\\/uploads\\\/2024\\\/09\\\/Candas-365-Redes.jpg\",\"@id\":\"https:\\\/\\\/candas365.es\\\/noticias\\\/el-6-de-agosto-sera-el-dia-mas-caluroso-de-2022\\\/#organizationLogo\",\"width\":1152,\"height\":864,\"caption\":\"Cand\\u00e1s 365 Redes\"},\"image\":{\"@id\":\"https:\\\/\\\/candas365.es\\\/noticias\\\/el-6-de-agosto-sera-el-dia-mas-caluroso-de-2022\\\/#organizationLogo\"},\"sameAs\":[\"https:\\\/\\\/www.facebook.com\\\/Nachofdezber\",\"https:\\\/\\\/x.com\\\/NabercoDigital\",\"https:\\\/\\\/www.instagram.com\\\/nachofdezber\\\/\",\"https:\\\/\\\/www.youtube.com\\\/channel\\\/UCZP-2wLEB9Rv6erhFmqVnvg\"],\"address\":{\"@id\":\"https:\\\/\\\/candas365.es\\\/noticias\\\/#postaladdress\",\"@type\":\"PostalAddress\",\"streetAddress\":\"san antonio 4, san antonio 4\",\"postalCode\":\"33430\",\"addressLocality\":\"Cand\\u00e1s\",\"addressRegion\":\"Asturias\",\"addressCountry\":\"ES\"}},{\"@type\":\"Person\",\"@id\":\"https:\\\/\\\/candas365.es\\\/noticias\\\/author\\\/admin\\\/#author\",\"url\":\"https:\\\/\\\/candas365.es\\\/noticias\\\/author\\\/admin\\\/\",\"name\":\"Cand\\u00e1s 365\",\"image\":{\"@type\":\"ImageObject\",\"@id\":\"https:\\\/\\\/candas365.es\\\/noticias\\\/el-6-de-agosto-sera-el-dia-mas-caluroso-de-2022\\\/#authorImage\",\"url\":\"https:\\\/\\\/secure.gravatar.com\\\/avatar\\\/496a8e03d0c493ede1718b7934145dbdf8d89be1036b0eec9544e1094c9de390?s=96&d=mm&r=g\",\"width\":96,\"height\":96,\"caption\":\"Cand\\u00e1s 365\"},\"sameAs\":[\"https:\\\/\\\/www.facebook.com\\\/carrenoactualidad\",\"https:\\\/\\\/twitter.com\\\/nbasturias\",\"https:\\\/\\\/www.instagram.com\\\/nachofdezber\\\/\",\"https:\\\/\\\/www.youtube.com\\\/channel\\\/UCZP-2wLEB9Rv6erhFmqVnvg\"]},{\"@type\":\"WebPage\",\"@id\":\"https:\\\/\\\/candas365.es\\\/noticias\\\/el-6-de-agosto-sera-el-dia-mas-caluroso-de-2022\\\/#webpage\",\"url\":\"https:\\\/\\\/candas365.es\\\/noticias\\\/el-6-de-agosto-sera-el-dia-mas-caluroso-de-2022\\\/\",\"name\":\"El 6 de agosto ser\\u00e1 el d\\u00eda m\\u00e1s caluroso de 2022 | Cand\\u00e1s 365\",\"description\":\"(EP) - Un nuevo episodio de calor extremo coincidir\\u00e1 con el 6 de agosto, el d\\u00eda m\\u00e1s caluroso del a\\u00f1o seg\\u00fan el portal meteorol\\u00f3gico\",\"inLanguage\":\"es-ES\",\"isPartOf\":{\"@id\":\"https:\\\/\\\/candas365.es\\\/noticias\\\/#website\"},\"breadcrumb\":{\"@id\":\"https:\\\/\\\/candas365.es\\\/noticias\\\/el-6-de-agosto-sera-el-dia-mas-caluroso-de-2022\\\/#breadcrumblist\"},\"author\":{\"@id\":\"https:\\\/\\\/candas365.es\\\/noticias\\\/author\\\/admin\\\/#author\"},\"creator\":{\"@id\":\"https:\\\/\\\/candas365.es\\\/noticias\\\/author\\\/admin\\\/#author\"},\"image\":{\"@type\":\"ImageObject\",\"url\":\"https:\\\/\\\/candas365.es\\\/noticias\\\/wp-content\\\/uploads\\\/2022\\\/06\\\/Candas.jpg\",\"@id\":\"https:\\\/\\\/candas365.es\\\/noticias\\\/el-6-de-agosto-sera-el-dia-mas-caluroso-de-2022\\\/#mainImage\",\"width\":1006,\"height\":521,\"caption\":\"Playa de Cand\\u00e1s \\\/ Foto: N.Berm\\u00fadez - Cand\\u00e1s 365\"},\"primaryImageOfPage\":{\"@id\":\"https:\\\/\\\/candas365.es\\\/noticias\\\/el-6-de-agosto-sera-el-dia-mas-caluroso-de-2022\\\/#mainImage\"},\"datePublished\":\"2022-07-28T21:39:15+02:00\",\"dateModified\":\"2022-07-28T21:39:15+02:00\"},{\"@type\":\"WebSite\",\"@id\":\"https:\\\/\\\/candas365.es\\\/noticias\\\/#website\",\"url\":\"https:\\\/\\\/candas365.es\\\/noticias\\\/\",\"name\":\"Cand\\u00e1s 365\",\"alternateName\":\"Cand\\u00e1s 365 Noticias\",\"description\":\"Actualidad desde Carre\\u00f1o para el mundo\",\"inLanguage\":\"es-ES\",\"publisher\":{\"@id\":\"https:\\\/\\\/candas365.es\\\/noticias\\\/#organization\"}}]}\n\t\t<\/script>\n\t\t<!-- All in One SEO Pro -->\r\n\t\t<title>El 6 de agosto ser\u00e1 el d\u00eda m\u00e1s caluroso de 2022 | Cand\u00e1s 365<\/title>\n\n","aioseo_head_json":{"title":"El 6 de agosto ser\u00e1 el d\u00eda m\u00e1s caluroso de 2022 | Cand\u00e1s 365","description":"(EP) - Un nuevo episodio de calor extremo coincidir\u00e1 con el 6 de agosto, el d\u00eda m\u00e1s caluroso del a\u00f1o seg\u00fan el portal meteorol\u00f3gico","canonical_url":"https:\/\/candas365.es\/noticias\/el-6-de-agosto-sera-el-dia-mas-caluroso-de-2022\/","robots":"max-image-preview:large","keywords":"el tiempo","webmasterTools":{"google-site-verification":"UA-32230408-1","msvalidate.01":"354F3CDFB2DA171B47FBE9ABF1F88D5","miscellaneous":""},"schema":{"@context":"https:\/\/schema.org","@graph":[{"@type":"BreadcrumbList","@id":"https:\/\/candas365.es\/noticias\/el-6-de-agosto-sera-el-dia-mas-caluroso-de-2022\/#breadcrumblist","itemListElement":[{"@type":"ListItem","@id":"https:\/\/candas365.es\/noticias#listItem","position":1,"name":"Home","item":"https:\/\/candas365.es\/noticias","nextItem":{"@type":"ListItem","@id":"https:\/\/candas365.es\/noticias\/category\/el-tiempo\/#listItem","name":"El tiempo"}},{"@type":"ListItem","@id":"https:\/\/candas365.es\/noticias\/category\/el-tiempo\/#listItem","position":2,"name":"El tiempo","item":"https:\/\/candas365.es\/noticias\/category\/el-tiempo\/","nextItem":{"@type":"ListItem","@id":"https:\/\/candas365.es\/noticias\/el-6-de-agosto-sera-el-dia-mas-caluroso-de-2022\/#listItem","name":"El 6 de agosto ser\u00e1 el d\u00eda m\u00e1s caluroso de 2022"},"previousItem":{"@type":"ListItem","@id":"https:\/\/candas365.es\/noticias#listItem","name":"Home"}},{"@type":"ListItem","@id":"https:\/\/candas365.es\/noticias\/el-6-de-agosto-sera-el-dia-mas-caluroso-de-2022\/#listItem","position":3,"name":"El 6 de agosto ser\u00e1 el d\u00eda m\u00e1s caluroso de 2022","previousItem":{"@type":"ListItem","@id":"https:\/\/candas365.es\/noticias\/category\/el-tiempo\/#listItem","name":"El tiempo"}}]},{"@type":"NewsArticle","@id":"https:\/\/candas365.es\/noticias\/el-6-de-agosto-sera-el-dia-mas-caluroso-de-2022\/#newsarticle","name":"El 6 de agosto ser\u00e1 el d\u00eda m\u00e1s caluroso de 2022 | Cand\u00e1s 365","headline":"El 6 de agosto ser\u00e1 el d\u00eda m\u00e1s caluroso de 2022","author":{"@id":"https:\/\/candas365.es\/noticias\/author\/admin\/#author"},"publisher":{"@id":"https:\/\/candas365.es\/noticias\/#organization"},"image":{"@type":"ImageObject","url":"https:\/\/candas365.es\/noticias\/wp-content\/uploads\/2022\/06\/Candas.jpg","width":1006,"height":521,"caption":"Playa de Cand\u00e1s \/ Foto: N.Berm\u00fadez - Cand\u00e1s 365"},"datePublished":"2022-07-28T21:39:15+02:00","dateModified":"2022-07-28T21:39:15+02:00","inLanguage":"es-ES","mainEntityOfPage":{"@id":"https:\/\/candas365.es\/noticias\/el-6-de-agosto-sera-el-dia-mas-caluroso-de-2022\/#webpage"},"isPartOf":{"@id":"https:\/\/candas365.es\/noticias\/el-6-de-agosto-sera-el-dia-mas-caluroso-de-2022\/#webpage"},"articleSection":"El tiempo, El tiempo","dateline":"Publicado el julio 28, 2022."},{"@type":"Organization","@id":"https:\/\/candas365.es\/noticias\/#organization","name":"Cand\u00e1s 365","description":"Cand\u00e1s 365 es un diario digital independiente, fundado en 2012, con base en Asturias. Informamos con rigor sobre actualidad, sociedad, cultura y ocio, con una mirada local y global.","url":"https:\/\/candas365.es\/noticias\/","email":"info@candas365.es","telephone":"+34652131393","foundingDate":"2012-06-10","logo":{"@type":"ImageObject","url":"https:\/\/candas365.es\/noticias\/wp-content\/uploads\/2024\/09\/Candas-365-Redes.jpg","@id":"https:\/\/candas365.es\/noticias\/el-6-de-agosto-sera-el-dia-mas-caluroso-de-2022\/#organizationLogo","width":1152,"height":864,"caption":"Cand\u00e1s 365 Redes"},"image":{"@id":"https:\/\/candas365.es\/noticias\/el-6-de-agosto-sera-el-dia-mas-caluroso-de-2022\/#organizationLogo"},"sameAs":["https:\/\/www.facebook.com\/Nachofdezber","https:\/\/x.com\/NabercoDigital","https:\/\/www.instagram.com\/nachofdezber\/","https:\/\/www.youtube.com\/channel\/UCZP-2wLEB9Rv6erhFmqVnvg"],"address":{"@id":"https:\/\/candas365.es\/noticias\/#postaladdress","@type":"PostalAddress","streetAddress":"san antonio 4, san antonio 4","postalCode":"33430","addressLocality":"Cand\u00e1s","addressRegion":"Asturias","addressCountry":"ES"}},{"@type":"Person","@id":"https:\/\/candas365.es\/noticias\/author\/admin\/#author","url":"https:\/\/candas365.es\/noticias\/author\/admin\/","name":"Cand\u00e1s 365","image":{"@type":"ImageObject","@id":"https:\/\/candas365.es\/noticias\/el-6-de-agosto-sera-el-dia-mas-caluroso-de-2022\/#authorImage","url":"https:\/\/secure.gravatar.com\/avatar\/496a8e03d0c493ede1718b7934145dbdf8d89be1036b0eec9544e1094c9de390?s=96&d=mm&r=g","width":96,"height":96,"caption":"Cand\u00e1s 365"},"sameAs":["https:\/\/www.facebook.com\/carrenoactualidad","https:\/\/twitter.com\/nbasturias","https:\/\/www.instagram.com\/nachofdezber\/","https:\/\/www.youtube.com\/channel\/UCZP-2wLEB9Rv6erhFmqVnvg"]},{"@type":"WebPage","@id":"https:\/\/candas365.es\/noticias\/el-6-de-agosto-sera-el-dia-mas-caluroso-de-2022\/#webpage","url":"https:\/\/candas365.es\/noticias\/el-6-de-agosto-sera-el-dia-mas-caluroso-de-2022\/","name":"El 6 de agosto ser\u00e1 el d\u00eda m\u00e1s caluroso de 2022 | Cand\u00e1s 365","description":"(EP) - Un nuevo episodio de calor extremo coincidir\u00e1 con el 6 de agosto, el d\u00eda m\u00e1s caluroso del a\u00f1o seg\u00fan el portal meteorol\u00f3gico","inLanguage":"es-ES","isPartOf":{"@id":"https:\/\/candas365.es\/noticias\/#website"},"breadcrumb":{"@id":"https:\/\/candas365.es\/noticias\/el-6-de-agosto-sera-el-dia-mas-caluroso-de-2022\/#breadcrumblist"},"author":{"@id":"https:\/\/candas365.es\/noticias\/author\/admin\/#author"},"creator":{"@id":"https:\/\/candas365.es\/noticias\/author\/admin\/#author"},"image":{"@type":"ImageObject","url":"https:\/\/candas365.es\/noticias\/wp-content\/uploads\/2022\/06\/Candas.jpg","@id":"https:\/\/candas365.es\/noticias\/el-6-de-agosto-sera-el-dia-mas-caluroso-de-2022\/#mainImage","width":1006,"height":521,"caption":"Playa de Cand\u00e1s \/ Foto: N.Berm\u00fadez - Cand\u00e1s 365"},"primaryImageOfPage":{"@id":"https:\/\/candas365.es\/noticias\/el-6-de-agosto-sera-el-dia-mas-caluroso-de-2022\/#mainImage"},"datePublished":"2022-07-28T21:39:15+02:00","dateModified":"2022-07-28T21:39:15+02:00"},{"@type":"WebSite","@id":"https:\/\/candas365.es\/noticias\/#website","url":"https:\/\/candas365.es\/noticias\/","name":"Cand\u00e1s 365","alternateName":"Cand\u00e1s 365 Noticias","description":"Actualidad desde Carre\u00f1o para el mundo","inLanguage":"es-ES","publisher":{"@id":"https:\/\/candas365.es\/noticias\/#organization"}}]},"og:locale":"es_ES","og:site_name":"Cand\u00e1s 365","og:type":"article","og:title":"El 6 de agosto ser\u00e1 el d\u00eda m\u00e1s caluroso de 2022 | Cand\u00e1s 365","og:description":"(EP) - Un nuevo episodio de calor extremo coincidir\u00e1 con el 6 de agosto, el d\u00eda m\u00e1s caluroso del a\u00f1o seg\u00fan el portal meteorol\u00f3gico","og:url":"https:\/\/candas365.es\/noticias\/el-6-de-agosto-sera-el-dia-mas-caluroso-de-2022\/","og:image":"https:\/\/candas365.es\/noticias\/wp-content\/uploads\/2022\/06\/Candas.jpg","og:image:secure_url":"https:\/\/candas365.es\/noticias\/wp-content\/uploads\/2022\/06\/Candas.jpg","og:image:width":1006,"og:image:height":521,"article:published_time":"2022-07-28T19:39:15+00:00","article:modified_time":"2022-07-28T19:39:15+00:00","article:publisher":"https:\/\/www.facebook.com\/Nachofdezber","article:author":"https:\/\/www.facebook.com\/carrenoactualidad","twitter:card":"summary_large_image","twitter:site":"@NabercoDigital","twitter:title":"El 6 de agosto ser\u00e1 el d\u00eda m\u00e1s caluroso de 2022 | Cand\u00e1s 365","twitter:description":"(EP) - Un nuevo episodio de calor extremo coincidir\u00e1 con el 6 de agosto, el d\u00eda m\u00e1s caluroso del a\u00f1o seg\u00fan el portal meteorol\u00f3gico","twitter:creator":"@nbasturias","twitter:image":"https:\/\/candas365.es\/noticias\/wp-content\/uploads\/2022\/06\/Candas.jpg","twitter:label1":"Escrito por","twitter:data1":"Cand\u00e1s 365","twitter:label2":"Tiempo de lectura estimado","twitter:data2":"3 minutos"},"aioseo_meta_data":{"post_id":"164342","title":null,"description":"(EP) - Un nuevo episodio de calor extremo coincidir\u00e1 con el 6 de agosto, el d\u00eda m\u00e1s caluroso del a\u00f1o seg\u00fan el portal meteorol\u00f3gico","keywords":[],"keyphrases":{"focus":{"keyphrase":"agosto","score":73,"analysis":{"keyphraseInTitle":{"title":"Focus keyphrase in SEO title","description":"Focus keyphrase found in SEO title.","score":9,"maxScore":9,"error":0},"keyphraseInDescription":{"title":"Focus keyphrase in meta description","description":"Focus keyphrase found in meta description.","score":9,"maxScore":9,"error":0},"keyphraseLength":{"title":"Focus keyphrase length","description":"Good job!","score":9,"maxScore":9,"error":0,"length":1},"keyphraseInURL":{"title":"Focus keyphrase in URL","description":"Focus keyphrase not found in the URL.","score":1,"maxScore":5,"error":1},"keyphraseInIntroduction":{"title":"Focus keyphrase in introduction","description":"Your Focus keyphrase appears in the first paragraph. Well done!","score":9,"maxScore":9,"error":0},"keyphraseInSubHeadings":{"title":"Focus keyphrase in Subheadings","description":"Use your focus keyphrase more in your H2 and H3 subheadings.","score":3,"maxScore":9,"error":1},"keyphraseInImageAlt":{"title":"Focus keyphrase in image alt attributes","description":"Focus keyphrase not found in image alt attribute(s). Add an image with your Focus keyphrase as alt text.","score":3,"maxScore":9,"error":1}}},"additional":[{"keyphrase":"6 de agosto","score":83,"analysis":{"keyphraseInDescription":{"title":"Keyphrase in meta description","description":"Keyphrase found in meta description.","score":9,"maxScore":9,"error":0},"keyphraseLength":{"title":"Keyphrase length","description":"Good job!","score":9,"maxScore":9,"error":0,"length":2},"keyphraseInIntroduction":{"title":"Keyphrase in introduction","description":"Your Keyphrase appears in the first paragraph. Well done!","score":9,"maxScore":9,"error":0},"keyphraseInImageAlt":{"title":"Keyphrase in image alt attributes","description":"Keyphrase not found in image alt attribute(s). Add an image with your Keyphrase as alt text.","score":3,"maxScore":9,"error":1}}},{"keyphrase":" el d\u00eda m\u00e1s caluroso","score":83,"analysis":{"keyphraseInDescription":{"title":"Keyphrase in meta description","description":"Keyphrase found in meta description.","score":9,"maxScore":9,"error":0},"keyphraseLength":{"title":"Keyphrase length","description":"Good job!","score":9,"maxScore":9,"error":0,"length":4},"keyphraseInIntroduction":{"title":"Keyphrase in introduction","description":"Your Keyphrase appears in the first paragraph. Well done!","score":9,"maxScore":9,"error":0},"keyphraseInImageAlt":{"title":"Keyphrase in image alt attributes","description":"Keyphrase not found in image alt attribute(s). Add an image with your Keyphrase as alt text.","score":3,"maxScore":9,"error":1}}},{"keyphrase":"agosto","score":83,"analysis":{"keyphraseInDescription":{"title":"Keyphrase in meta description","description":"Keyphrase found in meta description.","score":9,"maxScore":9,"error":0},"keyphraseLength":{"title":"Keyphrase length","description":"Good job!","score":9,"maxScore":9,"error":0,"length":1},"keyphraseInIntroduction":{"title":"Keyphrase in introduction","description":"Your Keyphrase appears in the first paragraph. Well done!","score":9,"maxScore":9,"error":0},"keyphraseInImageAlt":{"title":"Keyphrase in image alt attributes","description":"Keyphrase not found in image alt attribute(s). Add an image with your Keyphrase as alt text.","score":3,"maxScore":9,"error":1}}}]},"primary_term":null,"canonical_url":null,"og_title":null,"og_description":null,"og_object_type":"default","og_image_type":"default","og_image_url":null,"og_image_width":null,"og_image_height":null,"og_image_custom_url":null,"og_image_custom_fields":null,"og_video":"","og_custom_url":null,"og_article_section":null,"og_article_tags":[],"twitter_use_og":false,"twitter_card":"default","twitter_image_type":"default","twitter_image_url":null,"twitter_image_custom_url":null,"twitter_image_custom_fields":null,"twitter_title":null,"twitter_description":null,"schema":{"blockGraphs":[],"customGraphs":[],"default":{"data":{"Article":[],"Course":[],"Dataset":[],"FAQPage":[],"Movie":[],"Person":[],"Product":[],"ProductReview":[],"Car":[],"Recipe":[],"Service":[],"SoftwareApplication":[],"WebPage":[]},"graphName":"","isEnabled":true},"graphs":[],"defaultGraph":"Article","defaultPostTypeGraph":""},"schema_type":"default","schema_type_options":"{\"article\":{\"articleType\":\"BlogPosting\"},\"course\":{\"name\":\"\",\"description\":\"\",\"provider\":\"\"},\"faq\":{\"pages\":[]},\"product\":{\"reviews\":[]},\"recipe\":{\"ingredients\":[],\"instructions\":[],\"keywords\":[]},\"software\":{\"reviews\":[],\"operatingSystems\":[]},\"webPage\":{\"webPageType\":\"WebPage\"},\"blockGraphs\":[]}","pillar_content":false,"robots_default":true,"robots_noindex":false,"robots_noarchive":false,"robots_nosnippet":false,"robots_nofollow":false,"robots_noimageindex":false,"robots_noodp":false,"robots_notranslate":false,"robots_max_snippet":"-1","robots_max_videopreview":"-1","robots_max_imagepreview":"large","priority":null,"frequency":"default","location":null,"local_seo":null,"seo_analyzer_scan_date":"2025-09-01 09:51:11","breadcrumb_settings":null,"limit_modified_date":false,"reviewed_by":null,"open_ai":null,"ai":null,"created":"2022-07-28 19:33:39","updated":"2025-09-01 09:51:11"},"aioseo_breadcrumb":"<div class=\"aioseo-breadcrumbs\"><span class=\"aioseo-breadcrumb\">\n\t<a href=\"https:\/\/candas365.es\/noticias\" title=\"Home\">Home<\/a>\n<\/span><span class=\"aioseo-breadcrumb-separator\">&ndash;<\/span><span class=\"aioseo-breadcrumb\">\n\t<a href=\"https:\/\/candas365.es\/noticias\/category\/el-tiempo\/\" title=\"El tiempo\">El tiempo<\/a>\n<\/span><span class=\"aioseo-breadcrumb-separator\">&ndash;<\/span><span class=\"aioseo-breadcrumb\">\n\tEl 6 de agosto ser\u00e1 el d\u00eda m\u00e1s caluroso de 2022\n<\/span><\/div>","aioseo_breadcrumb_json":[{"label":"Home","link":"https:\/\/candas365.es\/noticias"},{"label":"El tiempo","link":"https:\/\/candas365.es\/noticias\/category\/el-tiempo\/"},{"label":"El 6 de agosto ser\u00e1 el d\u00eda m\u00e1s caluroso de 2022","link":"https:\/\/candas365.es\/noticias\/el-6-de-agosto-sera-el-dia-mas-caluroso-de-2022\/"}],"_links":{"self":[{"href":"https:\/\/candas365.es\/noticias\/wp-json\/wp\/v2\/posts\/164342","targetHints":{"allow":["GET"]}}],"collection":[{"href":"https:\/\/candas365.es\/noticias\/wp-json\/wp\/v2\/posts"}],"about":[{"href":"https:\/\/candas365.es\/noticias\/wp-json\/wp\/v2\/types\/post"}],"author":[{"embeddable":true,"href":"https:\/\/candas365.es\/noticias\/wp-json\/wp\/v2\/users\/1"}],"replies":[{"embeddable":true,"href":"https:\/\/candas365.es\/noticias\/wp-json\/wp\/v2\/comments?post=164342"}],"version-history":[{"count":0,"href":"https:\/\/candas365.es\/noticias\/wp-json\/wp\/v2\/posts\/164342\/revisions"}],"wp:featuredmedia":[{"embeddable":true,"href":"https:\/\/candas365.es\/noticias\/wp-json\/wp\/v2\/media\/162147"}],"wp:attachment":[{"href":"https:\/\/candas365.es\/noticias\/wp-json\/wp\/v2\/media?parent=164342"}],"wp:term":[{"taxonomy":"category","embeddable":true,"href":"https:\/\/candas365.es\/noticias\/wp-json\/wp\/v2\/categories?post=164342"},{"taxonomy":"post_tag","embeddable":true,"href":"https:\/\/candas365.es\/noticias\/wp-json\/wp\/v2\/tags?post=164342"}],"curies":[{"name":"wp","href":"https:\/\/api.w.org\/{rel}","templated":true}]}}