{"id":163928,"date":"2022-07-20T20:10:30","date_gmt":"2022-07-20T18:10:30","guid":{"rendered":"https:\/\/candas365.es\/noticias\/?p=163928"},"modified":"2022-07-20T20:10:30","modified_gmt":"2022-07-20T18:10:30","slug":"ola-de-calor-mas-de-110-nuevos-records-de-temperaturas-en-espana","status":"publish","type":"post","link":"https:\/\/candas365.es\/noticias\/ola-de-calor-mas-de-110-nuevos-records-de-temperaturas-en-espana\/","title":{"rendered":"Ola de calor: M\u00e1s de 110 nuevos r\u00e9cords de temperaturas en Espa\u00f1a"},"content":{"rendered":"<p>(EP) &#8211; La <a href=\"https:\/\/candas365.es\/noticias\/la-nueva-ola-de-calor-podria-durar-una-semana-en-espana\/\"><span style=\"color: #ff6600;\"><strong>ola de calor<\/strong><\/span><\/a> vivida en el pa\u00eds entre el 9 y el 18 de julio de 2022 ha sido la tercera en duraci\u00f3n y extensi\u00f3n desde que hay registros, seg\u00fan datos provisionales, ya que \u00aba\u00fan podr\u00eda aumentar esa cifra\u00bb y ser \u00abprovisionalmente\u00bb tambi\u00e9n la de mayor anomal\u00eda, seg\u00fan ha explicado la portavoz de la Agencia Estatal de Meteorolog\u00eda (AEMET), Bea Hervella.<\/p>\n<figure id=\"attachment_163929\" aria-describedby=\"caption-attachment-163929\" style=\"width: 650px\" class=\"wp-caption aligncenter\"><img fetchpriority=\"high\" decoding=\"async\" class=\"wp-image-163929 size-large\" src=\"https:\/\/candas365.es\/noticias\/wp-content\/uploads\/2022\/07\/calor-1-650x437.jpg\" alt=\"calor\" width=\"650\" height=\"437\" srcset=\"https:\/\/candas365.es\/noticias\/wp-content\/uploads\/2022\/07\/calor-1-650x437.jpg 650w, https:\/\/candas365.es\/noticias\/wp-content\/uploads\/2022\/07\/calor-1-360x242.jpg 360w, https:\/\/candas365.es\/noticias\/wp-content\/uploads\/2022\/07\/calor-1-768x516.jpg 768w, https:\/\/candas365.es\/noticias\/wp-content\/uploads\/2022\/07\/calor-1-150x101.jpg 150w, https:\/\/candas365.es\/noticias\/wp-content\/uploads\/2022\/07\/calor-1-450x303.jpg 450w, https:\/\/candas365.es\/noticias\/wp-content\/uploads\/2022\/07\/calor-1.jpg 992w\" sizes=\"(max-width: 650px) 100vw, 650px\" \/><figcaption id=\"caption-attachment-163929\" class=\"wp-caption-text\">FOTO: Eduardo Briones &#8211; Europa Press<\/figcaption><\/figure>\n<p>Debido a la situaci\u00f3n vivida en los \u00faltimos d\u00edas, la <a href=\"https:\/\/www.aemet.es\/es\" target=\"_blank\" rel=\"noopener\"><span style=\"color: #ff6600;\"><strong>AEMET<\/strong><\/span><\/a> ha presentado un estudio preliminar y provisional que busca evaluar y cuantificar la reciente ola de calor vivida en el pa\u00eds.<\/p>\n<p>Como ha explicado Hervella, el estudio \u00aba\u00fan es provisional\u00bb porque \u00abhay que incorporar m\u00e1s estaciones al an\u00e1lisis para poder cerrarlo oficialmente\u00bb y, adem\u00e1s, \u00abdos olas de calor separadas por un d\u00eda se consideran una \u00fanica ola de calor\u00bb. En este punto, ha precisado que la ola se cerr\u00f3 el pasado lunes, el martes \u00abno se dieron las condiciones\u00bb, pero este mi\u00e9rcoles \u00aba\u00fan se est\u00e1 dentro de ese horizonte de sucesos que impide cerrar cualquier an\u00e1lisis de forma definitiva\u00bb.<\/p>\n<p>Ponderada la provisionalidad de los datos, el estudio indica que en Pen\u00ednsula y Baleares, la ola de calor comenz\u00f3 el d\u00eda 9 de julio y ha llegado, como m\u00ednimo, hasta el 18 de julio \u00aba la espera de lo que suceda hoy\u00bb.<\/p>\n<p>\u00abEso supone una duraci\u00f3n provisional como m\u00ednimo de diez d\u00edas y la convierte provisionalmente en la tercera m\u00e1s larga en un ranking encabezado por la ola de julio de 2015, que dur\u00f3 26 d\u00edas, y en agosto de 2003, que dur\u00f3 16\u00bb, ha puntualizado la portavoz que ha a\u00f1adido que habr\u00e1 \u00abque esperar por si finalmente la cuenta se ve incrementada\u00bb.<\/p>\n<p>La anomal\u00eda media, a\u00f1ade el estudio, tambi\u00e9n es muy elevada, con 4,2\u00baC hasta el momento, la m\u00e1xima de la serie. \u00abPero una vez m\u00e1s hay que recalcar que es un dato provisional\u00bb, ha insistido Hervella.<\/p>\n<p>As\u00ed, el d\u00eda m\u00e1s c\u00e1lido fue el 14 de julio y el de mayor n\u00famero de provincias afectadas el d\u00eda 15 de julio, con 36, \u00ablo que la convertir\u00eda en la tercera ola de m\u00e1s extensi\u00f3n, empatada con otras tres m\u00e1s\u00bb, ha precisado la portavoz, que ha subrayado que \u00abes muy probable que este dato aumente\u00bb.<\/p>\n<p>En el caso de las Islas Canarias, los datos ya pueden ser considerados definitivos ya que la ola de calor vivida en el archipi\u00e9lago se extendi\u00f3 entre los d\u00edas 9 y 11 de julio. Afect\u00f3 a las dos provincias y el d\u00eda m\u00e1s c\u00e1lido fue el 10 de julio, con una temperatura m\u00e1xima de 37,6\u00baC, una anomal\u00eda media de 5,6\u00baC, lo que la convierte \u00aben una ola de calor destacable en cuanto a intensidad\u00bb.<\/p>\n<p>\u00abLa anomal\u00eda puede parecer elevada y significativa, pero hay bastantes referentes con cifras superiores, como junio de 2012 con una anomal\u00eda de 7,1\u00baC o julio de 2004, con una anormal\u00eda de 6,9\u00baC. En relaci\u00f3n a la temperatura m\u00e1xima de la ola, se ve superada por los 39\u00baC alcanzados nuevamente en junio de 2012\u00bb, ha explicado.<\/p>\n<h2>M\u00c1S DE 110 R\u00c9CORDS DE TEMPERTURAS ELEVADAS EN ESPA\u00d1A<\/h2>\n<p>Por otro lado, seg\u00fan eltiempo.es, esta primera parte de la ola de calor ha dejado un recuento de m\u00e1s de 110 nuevos r\u00e9cords en todo el pa\u00eds. Actualmente, las anomal\u00edas de temperatura media superan los 2\u00baC en ampl\u00edsimas zonas del pa\u00eds, e incluso los 3\u00baC de forma puntual.<\/p>\n<p>Desde el comienzo de esta ola, el 9 de julio, el occidente peninsular ha sido la zona m\u00e1s afectada, una regi\u00f3n azotada por una persistente sequ\u00eda.<\/p>\n<p>Durante el pico de esta ola, entre el mi\u00e9rcoles 13 y el viernes 15, se han registrado r\u00e9cords absolutos de m\u00e1ximas y m\u00ednimas. Por ejemplo, el d\u00eda 14, la estaci\u00f3n de Zamora midi\u00f3 una temperatura m\u00e1xima de 41,8\u00baC, lo que supone que se bati\u00f3 por 0,8\u00baC su anterior m\u00e1xima absoluta (24 de julio de 1995). Adem\u00e1s, la estaci\u00f3n ha tenido 6 d\u00edas consecutivos con temperaturas superiores a 40\u00baC, lo que implica que s\u00f3lo en 2022 ya hay m\u00e1s d\u00edas con esos valores que en la suma de todos los a\u00f1os previos.<\/p>\n<p>Otros datos destacados son Le\u00f3n-Virgen del Camino, Burgos-Aeropuerto o Puerto de Navacerrada que, con 33,4\u00baC, ha superado en m\u00e1s de 1\u00baC su anterior m\u00e1xima hist\u00f3rica.<\/p>\n<p>Los r\u00e9cords tambi\u00e9n han sido protagonistas durante las noches y extensibles en numerosos puntos de la geograf\u00eda espa\u00f1ola, con temperaturas que no han bajado de 20\u00baC durante m\u00e1s de seis noches consecutivas. Entre las m\u00ednimas m\u00e1s altas, est\u00e1n los 28,7\u00baC de Plasencia, que supone su nuevo r\u00e9cord absoluto.<\/p>\n<p>Los r\u00e9cords por noches c\u00e1lidas se han dado por todo el pa\u00eds, siendo especialmente destacados en la meseta norte. Le\u00f3n, por ejemplo, registr\u00f3 una m\u00ednima de 24,5\u00baC y en Segovia no bajaron de los 25\u00baC durante cuatro noches consecutivas, con una m\u00ednima m\u00e1s alta de 27,4\u00baC.<\/p>\n","protected":false},"excerpt":{"rendered":"<p>(EP) &#8211; La ola de calor vivida en el pa\u00eds entre el 9 y el 18 de julio de 2022 ha sido la tercera en duraci\u00f3n y extensi\u00f3n desde que hay registros, seg\u00fan datos provisionales, ya que \u00aba\u00fan podr\u00eda aumentar esa cifra\u00bb y ser \u00abprovisionalmente\u00bb tambi\u00e9n la de mayor anomal\u00eda, seg\u00fan ha explicado la portavoz<\/p>\n","protected":false},"author":1,"featured_media":163929,"comment_status":"closed","ping_status":"closed","sticky":false,"template":"","format":"standard","meta":{"footnotes":""},"categories":[358],"tags":[429],"class_list":{"0":"post-163928","1":"post","2":"type-post","3":"status-publish","4":"format-standard","5":"has-post-thumbnail","7":"category-el-tiempo","8":"tag-el-tiempo"},"aioseo_notices":[],"aioseo_head":"\n\t\t<!-- All in One SEO Pro 4.9.6.2 - aioseo.com -->\n\t<meta name=\"description\" content=\"(EP) - La ola de calor vivida en el pa\u00eds entre el 9 y el 18 de julio de 2022 ha sido la tercera en duraci\u00f3n y extensi\u00f3n desde que hay registro\" \/>\n\t<meta name=\"robots\" content=\"max-image-preview:large\" \/>\n\t<meta name=\"author\" content=\"Cand\u00e1s 365\"\/>\n\t<meta name=\"google-site-verification\" content=\"UA-32230408-1\" \/>\n\t<meta name=\"msvalidate.01\" content=\"354F3CDFB2DA171B47FBE9ABF1F88D5\" \/>\n\t<meta name=\"keywords\" content=\"el tiempo\" \/>\n\t<link rel=\"canonical\" href=\"https:\/\/candas365.es\/noticias\/ola-de-calor-mas-de-110-nuevos-records-de-temperaturas-en-espana\/\" \/>\n\t<meta name=\"generator\" content=\"All in One SEO Pro (AIOSEO) 4.9.6.2\" \/>\n\t\t<meta property=\"og:locale\" content=\"es_ES\" \/>\n\t\t<meta property=\"og:site_name\" content=\"Cand\u00e1s 365\" \/>\n\t\t<meta property=\"og:type\" content=\"article\" \/>\n\t\t<meta property=\"og:title\" content=\"Ola de calor: M\u00e1s de 110 nuevos r\u00e9cords de temperaturas en Espa\u00f1a | Cand\u00e1s 365\" \/>\n\t\t<meta property=\"og:description\" content=\"(EP) - La ola de calor vivida en el pa\u00eds entre el 9 y el 18 de julio de 2022 ha sido la tercera en duraci\u00f3n y extensi\u00f3n desde que hay registro\" \/>\n\t\t<meta property=\"og:url\" content=\"https:\/\/candas365.es\/noticias\/ola-de-calor-mas-de-110-nuevos-records-de-temperaturas-en-espana\/\" \/>\n\t\t<meta property=\"og:image\" content=\"https:\/\/candas365.es\/noticias\/wp-content\/uploads\/2022\/07\/calor-1.jpg\" \/>\n\t\t<meta property=\"og:image:secure_url\" content=\"https:\/\/candas365.es\/noticias\/wp-content\/uploads\/2022\/07\/calor-1.jpg\" \/>\n\t\t<meta property=\"og:image:width\" content=\"992\" \/>\n\t\t<meta property=\"og:image:height\" content=\"667\" \/>\n\t\t<meta property=\"article:published_time\" content=\"2022-07-20T18:10:30+00:00\" \/>\n\t\t<meta property=\"article:modified_time\" content=\"2022-07-20T18:10:30+00:00\" \/>\n\t\t<meta property=\"article:publisher\" content=\"https:\/\/www.facebook.com\/Nachofdezber\" \/>\n\t\t<meta property=\"article:author\" content=\"https:\/\/www.facebook.com\/carrenoactualidad\" \/>\n\t\t<meta name=\"twitter:card\" content=\"summary_large_image\" \/>\n\t\t<meta name=\"twitter:site\" content=\"@NabercoDigital\" \/>\n\t\t<meta name=\"twitter:title\" content=\"Ola de calor: M\u00e1s de 110 nuevos r\u00e9cords de temperaturas en Espa\u00f1a | Cand\u00e1s 365\" \/>\n\t\t<meta name=\"twitter:description\" content=\"(EP) - La ola de calor vivida en el pa\u00eds entre el 9 y el 18 de julio de 2022 ha sido la tercera en duraci\u00f3n y extensi\u00f3n desde que hay registro\" \/>\n\t\t<meta name=\"twitter:creator\" content=\"@nbasturias\" \/>\n\t\t<meta name=\"twitter:image\" content=\"https:\/\/candas365.es\/noticias\/wp-content\/uploads\/2022\/07\/calor-1.jpg\" \/>\n\t\t<meta name=\"twitter:label1\" content=\"Escrito por\" \/>\n\t\t<meta name=\"twitter:data1\" content=\"Cand\u00e1s 365\" \/>\n\t\t<meta name=\"twitter:label2\" content=\"Tiempo de lectura estimado\" \/>\n\t\t<meta name=\"twitter:data2\" content=\"4 minutos\" \/>\n\t\t<script type=\"application\/ld+json\" class=\"aioseo-schema\">\n\t\t\t{\"@context\":\"https:\\\/\\\/schema.org\",\"@graph\":[{\"@type\":\"BreadcrumbList\",\"@id\":\"https:\\\/\\\/candas365.es\\\/noticias\\\/ola-de-calor-mas-de-110-nuevos-records-de-temperaturas-en-espana\\\/#breadcrumblist\",\"itemListElement\":[{\"@type\":\"ListItem\",\"@id\":\"https:\\\/\\\/candas365.es\\\/noticias#listItem\",\"position\":1,\"name\":\"Home\",\"item\":\"https:\\\/\\\/candas365.es\\\/noticias\",\"nextItem\":{\"@type\":\"ListItem\",\"@id\":\"https:\\\/\\\/candas365.es\\\/noticias\\\/category\\\/el-tiempo\\\/#listItem\",\"name\":\"El tiempo\"}},{\"@type\":\"ListItem\",\"@id\":\"https:\\\/\\\/candas365.es\\\/noticias\\\/category\\\/el-tiempo\\\/#listItem\",\"position\":2,\"name\":\"El tiempo\",\"item\":\"https:\\\/\\\/candas365.es\\\/noticias\\\/category\\\/el-tiempo\\\/\",\"nextItem\":{\"@type\":\"ListItem\",\"@id\":\"https:\\\/\\\/candas365.es\\\/noticias\\\/ola-de-calor-mas-de-110-nuevos-records-de-temperaturas-en-espana\\\/#listItem\",\"name\":\"Ola de calor: M\\u00e1s de 110 nuevos r\\u00e9cords de temperaturas en Espa\\u00f1a\"},\"previousItem\":{\"@type\":\"ListItem\",\"@id\":\"https:\\\/\\\/candas365.es\\\/noticias#listItem\",\"name\":\"Home\"}},{\"@type\":\"ListItem\",\"@id\":\"https:\\\/\\\/candas365.es\\\/noticias\\\/ola-de-calor-mas-de-110-nuevos-records-de-temperaturas-en-espana\\\/#listItem\",\"position\":3,\"name\":\"Ola de calor: M\\u00e1s de 110 nuevos r\\u00e9cords de temperaturas en Espa\\u00f1a\",\"previousItem\":{\"@type\":\"ListItem\",\"@id\":\"https:\\\/\\\/candas365.es\\\/noticias\\\/category\\\/el-tiempo\\\/#listItem\",\"name\":\"El tiempo\"}}]},{\"@type\":\"NewsArticle\",\"@id\":\"https:\\\/\\\/candas365.es\\\/noticias\\\/ola-de-calor-mas-de-110-nuevos-records-de-temperaturas-en-espana\\\/#newsarticle\",\"name\":\"Ola de calor: M\\u00e1s de 110 nuevos r\\u00e9cords de temperaturas en Espa\\u00f1a | Cand\\u00e1s 365\",\"headline\":\"Ola de calor: M\\u00e1s de 110 nuevos r\\u00e9cords de temperaturas en Espa\\u00f1a\",\"author\":{\"@id\":\"https:\\\/\\\/candas365.es\\\/noticias\\\/author\\\/admin\\\/#author\"},\"publisher\":{\"@id\":\"https:\\\/\\\/candas365.es\\\/noticias\\\/#organization\"},\"image\":{\"@type\":\"ImageObject\",\"url\":\"https:\\\/\\\/candas365.es\\\/noticias\\\/wp-content\\\/uploads\\\/2022\\\/07\\\/calor-1.jpg\",\"width\":992,\"height\":667,\"caption\":\"FOTO: Eduardo Briones - Europa Press\"},\"datePublished\":\"2022-07-20T20:10:30+02:00\",\"dateModified\":\"2022-07-20T20:10:30+02:00\",\"inLanguage\":\"es-ES\",\"mainEntityOfPage\":{\"@id\":\"https:\\\/\\\/candas365.es\\\/noticias\\\/ola-de-calor-mas-de-110-nuevos-records-de-temperaturas-en-espana\\\/#webpage\"},\"isPartOf\":{\"@id\":\"https:\\\/\\\/candas365.es\\\/noticias\\\/ola-de-calor-mas-de-110-nuevos-records-de-temperaturas-en-espana\\\/#webpage\"},\"articleSection\":\"El tiempo, El tiempo\",\"dateline\":\"Publicado el julio 20, 2022.\"},{\"@type\":\"Organization\",\"@id\":\"https:\\\/\\\/candas365.es\\\/noticias\\\/#organization\",\"name\":\"Cand\\u00e1s 365\",\"description\":\"Cand\\u00e1s 365 es un diario digital independiente, fundado en 2012, con base en Asturias. Informamos con rigor sobre actualidad, sociedad, cultura y ocio, con una mirada local y global.\",\"url\":\"https:\\\/\\\/candas365.es\\\/noticias\\\/\",\"email\":\"info@candas365.es\",\"telephone\":\"+34652131393\",\"foundingDate\":\"2012-06-10\",\"logo\":{\"@type\":\"ImageObject\",\"url\":\"https:\\\/\\\/candas365.es\\\/noticias\\\/wp-content\\\/uploads\\\/2024\\\/09\\\/Candas-365-Redes.jpg\",\"@id\":\"https:\\\/\\\/candas365.es\\\/noticias\\\/ola-de-calor-mas-de-110-nuevos-records-de-temperaturas-en-espana\\\/#organizationLogo\",\"width\":1152,\"height\":864,\"caption\":\"Cand\\u00e1s 365 Redes\"},\"image\":{\"@id\":\"https:\\\/\\\/candas365.es\\\/noticias\\\/ola-de-calor-mas-de-110-nuevos-records-de-temperaturas-en-espana\\\/#organizationLogo\"},\"sameAs\":[\"https:\\\/\\\/www.facebook.com\\\/Nachofdezber\",\"https:\\\/\\\/x.com\\\/NabercoDigital\",\"https:\\\/\\\/www.instagram.com\\\/nachofdezber\\\/\",\"https:\\\/\\\/www.youtube.com\\\/channel\\\/UCZP-2wLEB9Rv6erhFmqVnvg\"],\"address\":{\"@id\":\"https:\\\/\\\/candas365.es\\\/noticias\\\/#postaladdress\",\"@type\":\"PostalAddress\",\"streetAddress\":\"san antonio 4, san antonio 4\",\"postalCode\":\"33430\",\"addressLocality\":\"Cand\\u00e1s\",\"addressRegion\":\"Asturias\",\"addressCountry\":\"ES\"}},{\"@type\":\"Person\",\"@id\":\"https:\\\/\\\/candas365.es\\\/noticias\\\/author\\\/admin\\\/#author\",\"url\":\"https:\\\/\\\/candas365.es\\\/noticias\\\/author\\\/admin\\\/\",\"name\":\"Cand\\u00e1s 365\",\"image\":{\"@type\":\"ImageObject\",\"@id\":\"https:\\\/\\\/candas365.es\\\/noticias\\\/ola-de-calor-mas-de-110-nuevos-records-de-temperaturas-en-espana\\\/#authorImage\",\"url\":\"https:\\\/\\\/secure.gravatar.com\\\/avatar\\\/496a8e03d0c493ede1718b7934145dbdf8d89be1036b0eec9544e1094c9de390?s=96&d=mm&r=g\",\"width\":96,\"height\":96,\"caption\":\"Cand\\u00e1s 365\"},\"sameAs\":[\"https:\\\/\\\/www.facebook.com\\\/carrenoactualidad\",\"https:\\\/\\\/twitter.com\\\/nbasturias\",\"https:\\\/\\\/www.instagram.com\\\/nachofdezber\\\/\",\"https:\\\/\\\/www.youtube.com\\\/channel\\\/UCZP-2wLEB9Rv6erhFmqVnvg\"]},{\"@type\":\"WebPage\",\"@id\":\"https:\\\/\\\/candas365.es\\\/noticias\\\/ola-de-calor-mas-de-110-nuevos-records-de-temperaturas-en-espana\\\/#webpage\",\"url\":\"https:\\\/\\\/candas365.es\\\/noticias\\\/ola-de-calor-mas-de-110-nuevos-records-de-temperaturas-en-espana\\\/\",\"name\":\"Ola de calor: M\\u00e1s de 110 nuevos r\\u00e9cords de temperaturas en Espa\\u00f1a | Cand\\u00e1s 365\",\"description\":\"(EP) - La ola de calor vivida en el pa\\u00eds entre el 9 y el 18 de julio de 2022 ha sido la tercera en duraci\\u00f3n y extensi\\u00f3n desde que hay registro\",\"inLanguage\":\"es-ES\",\"isPartOf\":{\"@id\":\"https:\\\/\\\/candas365.es\\\/noticias\\\/#website\"},\"breadcrumb\":{\"@id\":\"https:\\\/\\\/candas365.es\\\/noticias\\\/ola-de-calor-mas-de-110-nuevos-records-de-temperaturas-en-espana\\\/#breadcrumblist\"},\"author\":{\"@id\":\"https:\\\/\\\/candas365.es\\\/noticias\\\/author\\\/admin\\\/#author\"},\"creator\":{\"@id\":\"https:\\\/\\\/candas365.es\\\/noticias\\\/author\\\/admin\\\/#author\"},\"image\":{\"@type\":\"ImageObject\",\"url\":\"https:\\\/\\\/candas365.es\\\/noticias\\\/wp-content\\\/uploads\\\/2022\\\/07\\\/calor-1.jpg\",\"@id\":\"https:\\\/\\\/candas365.es\\\/noticias\\\/ola-de-calor-mas-de-110-nuevos-records-de-temperaturas-en-espana\\\/#mainImage\",\"width\":992,\"height\":667,\"caption\":\"FOTO: Eduardo Briones - Europa Press\"},\"primaryImageOfPage\":{\"@id\":\"https:\\\/\\\/candas365.es\\\/noticias\\\/ola-de-calor-mas-de-110-nuevos-records-de-temperaturas-en-espana\\\/#mainImage\"},\"datePublished\":\"2022-07-20T20:10:30+02:00\",\"dateModified\":\"2022-07-20T20:10:30+02:00\"},{\"@type\":\"WebSite\",\"@id\":\"https:\\\/\\\/candas365.es\\\/noticias\\\/#website\",\"url\":\"https:\\\/\\\/candas365.es\\\/noticias\\\/\",\"name\":\"Cand\\u00e1s 365\",\"alternateName\":\"Cand\\u00e1s 365 Noticias\",\"description\":\"Actualidad desde Carre\\u00f1o para el mundo\",\"inLanguage\":\"es-ES\",\"publisher\":{\"@id\":\"https:\\\/\\\/candas365.es\\\/noticias\\\/#organization\"}}]}\n\t\t<\/script>\n\t\t<!-- All in One SEO Pro -->\r\n\t\t<title>Ola de calor: M\u00e1s de 110 nuevos r\u00e9cords de temperaturas en Espa\u00f1a | Cand\u00e1s 365<\/title>\n\n","aioseo_head_json":{"title":"Ola de calor: M\u00e1s de 110 nuevos r\u00e9cords de temperaturas en Espa\u00f1a | Cand\u00e1s 365","description":"(EP) - La ola de calor vivida en el pa\u00eds entre el 9 y el 18 de julio de 2022 ha sido la tercera en duraci\u00f3n y extensi\u00f3n desde que hay registro","canonical_url":"https:\/\/candas365.es\/noticias\/ola-de-calor-mas-de-110-nuevos-records-de-temperaturas-en-espana\/","robots":"max-image-preview:large","keywords":"el tiempo","webmasterTools":{"google-site-verification":"UA-32230408-1","msvalidate.01":"354F3CDFB2DA171B47FBE9ABF1F88D5","miscellaneous":""},"schema":{"@context":"https:\/\/schema.org","@graph":[{"@type":"BreadcrumbList","@id":"https:\/\/candas365.es\/noticias\/ola-de-calor-mas-de-110-nuevos-records-de-temperaturas-en-espana\/#breadcrumblist","itemListElement":[{"@type":"ListItem","@id":"https:\/\/candas365.es\/noticias#listItem","position":1,"name":"Home","item":"https:\/\/candas365.es\/noticias","nextItem":{"@type":"ListItem","@id":"https:\/\/candas365.es\/noticias\/category\/el-tiempo\/#listItem","name":"El tiempo"}},{"@type":"ListItem","@id":"https:\/\/candas365.es\/noticias\/category\/el-tiempo\/#listItem","position":2,"name":"El tiempo","item":"https:\/\/candas365.es\/noticias\/category\/el-tiempo\/","nextItem":{"@type":"ListItem","@id":"https:\/\/candas365.es\/noticias\/ola-de-calor-mas-de-110-nuevos-records-de-temperaturas-en-espana\/#listItem","name":"Ola de calor: M\u00e1s de 110 nuevos r\u00e9cords de temperaturas en Espa\u00f1a"},"previousItem":{"@type":"ListItem","@id":"https:\/\/candas365.es\/noticias#listItem","name":"Home"}},{"@type":"ListItem","@id":"https:\/\/candas365.es\/noticias\/ola-de-calor-mas-de-110-nuevos-records-de-temperaturas-en-espana\/#listItem","position":3,"name":"Ola de calor: M\u00e1s de 110 nuevos r\u00e9cords de temperaturas en Espa\u00f1a","previousItem":{"@type":"ListItem","@id":"https:\/\/candas365.es\/noticias\/category\/el-tiempo\/#listItem","name":"El tiempo"}}]},{"@type":"NewsArticle","@id":"https:\/\/candas365.es\/noticias\/ola-de-calor-mas-de-110-nuevos-records-de-temperaturas-en-espana\/#newsarticle","name":"Ola de calor: M\u00e1s de 110 nuevos r\u00e9cords de temperaturas en Espa\u00f1a | Cand\u00e1s 365","headline":"Ola de calor: M\u00e1s de 110 nuevos r\u00e9cords de temperaturas en Espa\u00f1a","author":{"@id":"https:\/\/candas365.es\/noticias\/author\/admin\/#author"},"publisher":{"@id":"https:\/\/candas365.es\/noticias\/#organization"},"image":{"@type":"ImageObject","url":"https:\/\/candas365.es\/noticias\/wp-content\/uploads\/2022\/07\/calor-1.jpg","width":992,"height":667,"caption":"FOTO: Eduardo Briones - Europa Press"},"datePublished":"2022-07-20T20:10:30+02:00","dateModified":"2022-07-20T20:10:30+02:00","inLanguage":"es-ES","mainEntityOfPage":{"@id":"https:\/\/candas365.es\/noticias\/ola-de-calor-mas-de-110-nuevos-records-de-temperaturas-en-espana\/#webpage"},"isPartOf":{"@id":"https:\/\/candas365.es\/noticias\/ola-de-calor-mas-de-110-nuevos-records-de-temperaturas-en-espana\/#webpage"},"articleSection":"El tiempo, El tiempo","dateline":"Publicado el julio 20, 2022."},{"@type":"Organization","@id":"https:\/\/candas365.es\/noticias\/#organization","name":"Cand\u00e1s 365","description":"Cand\u00e1s 365 es un diario digital independiente, fundado en 2012, con base en Asturias. Informamos con rigor sobre actualidad, sociedad, cultura y ocio, con una mirada local y global.","url":"https:\/\/candas365.es\/noticias\/","email":"info@candas365.es","telephone":"+34652131393","foundingDate":"2012-06-10","logo":{"@type":"ImageObject","url":"https:\/\/candas365.es\/noticias\/wp-content\/uploads\/2024\/09\/Candas-365-Redes.jpg","@id":"https:\/\/candas365.es\/noticias\/ola-de-calor-mas-de-110-nuevos-records-de-temperaturas-en-espana\/#organizationLogo","width":1152,"height":864,"caption":"Cand\u00e1s 365 Redes"},"image":{"@id":"https:\/\/candas365.es\/noticias\/ola-de-calor-mas-de-110-nuevos-records-de-temperaturas-en-espana\/#organizationLogo"},"sameAs":["https:\/\/www.facebook.com\/Nachofdezber","https:\/\/x.com\/NabercoDigital","https:\/\/www.instagram.com\/nachofdezber\/","https:\/\/www.youtube.com\/channel\/UCZP-2wLEB9Rv6erhFmqVnvg"],"address":{"@id":"https:\/\/candas365.es\/noticias\/#postaladdress","@type":"PostalAddress","streetAddress":"san antonio 4, san antonio 4","postalCode":"33430","addressLocality":"Cand\u00e1s","addressRegion":"Asturias","addressCountry":"ES"}},{"@type":"Person","@id":"https:\/\/candas365.es\/noticias\/author\/admin\/#author","url":"https:\/\/candas365.es\/noticias\/author\/admin\/","name":"Cand\u00e1s 365","image":{"@type":"ImageObject","@id":"https:\/\/candas365.es\/noticias\/ola-de-calor-mas-de-110-nuevos-records-de-temperaturas-en-espana\/#authorImage","url":"https:\/\/secure.gravatar.com\/avatar\/496a8e03d0c493ede1718b7934145dbdf8d89be1036b0eec9544e1094c9de390?s=96&d=mm&r=g","width":96,"height":96,"caption":"Cand\u00e1s 365"},"sameAs":["https:\/\/www.facebook.com\/carrenoactualidad","https:\/\/twitter.com\/nbasturias","https:\/\/www.instagram.com\/nachofdezber\/","https:\/\/www.youtube.com\/channel\/UCZP-2wLEB9Rv6erhFmqVnvg"]},{"@type":"WebPage","@id":"https:\/\/candas365.es\/noticias\/ola-de-calor-mas-de-110-nuevos-records-de-temperaturas-en-espana\/#webpage","url":"https:\/\/candas365.es\/noticias\/ola-de-calor-mas-de-110-nuevos-records-de-temperaturas-en-espana\/","name":"Ola de calor: M\u00e1s de 110 nuevos r\u00e9cords de temperaturas en Espa\u00f1a | Cand\u00e1s 365","description":"(EP) - La ola de calor vivida en el pa\u00eds entre el 9 y el 18 de julio de 2022 ha sido la tercera en duraci\u00f3n y extensi\u00f3n desde que hay registro","inLanguage":"es-ES","isPartOf":{"@id":"https:\/\/candas365.es\/noticias\/#website"},"breadcrumb":{"@id":"https:\/\/candas365.es\/noticias\/ola-de-calor-mas-de-110-nuevos-records-de-temperaturas-en-espana\/#breadcrumblist"},"author":{"@id":"https:\/\/candas365.es\/noticias\/author\/admin\/#author"},"creator":{"@id":"https:\/\/candas365.es\/noticias\/author\/admin\/#author"},"image":{"@type":"ImageObject","url":"https:\/\/candas365.es\/noticias\/wp-content\/uploads\/2022\/07\/calor-1.jpg","@id":"https:\/\/candas365.es\/noticias\/ola-de-calor-mas-de-110-nuevos-records-de-temperaturas-en-espana\/#mainImage","width":992,"height":667,"caption":"FOTO: Eduardo Briones - Europa Press"},"primaryImageOfPage":{"@id":"https:\/\/candas365.es\/noticias\/ola-de-calor-mas-de-110-nuevos-records-de-temperaturas-en-espana\/#mainImage"},"datePublished":"2022-07-20T20:10:30+02:00","dateModified":"2022-07-20T20:10:30+02:00"},{"@type":"WebSite","@id":"https:\/\/candas365.es\/noticias\/#website","url":"https:\/\/candas365.es\/noticias\/","name":"Cand\u00e1s 365","alternateName":"Cand\u00e1s 365 Noticias","description":"Actualidad desde Carre\u00f1o para el mundo","inLanguage":"es-ES","publisher":{"@id":"https:\/\/candas365.es\/noticias\/#organization"}}]},"og:locale":"es_ES","og:site_name":"Cand\u00e1s 365","og:type":"article","og:title":"Ola de calor: M\u00e1s de 110 nuevos r\u00e9cords de temperaturas en Espa\u00f1a | Cand\u00e1s 365","og:description":"(EP) - La ola de calor vivida en el pa\u00eds entre el 9 y el 18 de julio de 2022 ha sido la tercera en duraci\u00f3n y extensi\u00f3n desde que hay registro","og:url":"https:\/\/candas365.es\/noticias\/ola-de-calor-mas-de-110-nuevos-records-de-temperaturas-en-espana\/","og:image":"https:\/\/candas365.es\/noticias\/wp-content\/uploads\/2022\/07\/calor-1.jpg","og:image:secure_url":"https:\/\/candas365.es\/noticias\/wp-content\/uploads\/2022\/07\/calor-1.jpg","og:image:width":992,"og:image:height":667,"article:published_time":"2022-07-20T18:10:30+00:00","article:modified_time":"2022-07-20T18:10:30+00:00","article:publisher":"https:\/\/www.facebook.com\/Nachofdezber","article:author":"https:\/\/www.facebook.com\/carrenoactualidad","twitter:card":"summary_large_image","twitter:site":"@NabercoDigital","twitter:title":"Ola de calor: M\u00e1s de 110 nuevos r\u00e9cords de temperaturas en Espa\u00f1a | Cand\u00e1s 365","twitter:description":"(EP) - La ola de calor vivida en el pa\u00eds entre el 9 y el 18 de julio de 2022 ha sido la tercera en duraci\u00f3n y extensi\u00f3n desde que hay registro","twitter:creator":"@nbasturias","twitter:image":"https:\/\/candas365.es\/noticias\/wp-content\/uploads\/2022\/07\/calor-1.jpg","twitter:label1":"Escrito por","twitter:data1":"Cand\u00e1s 365","twitter:label2":"Tiempo de lectura estimado","twitter:data2":"4 minutos"},"aioseo_meta_data":{"post_id":"163928","title":null,"description":"(EP) - La ola de calor vivida en el pa\u00eds entre el 9 y el 18 de julio de 2022 ha sido la tercera en duraci\u00f3n y extensi\u00f3n desde que hay registro","keywords":[],"keyphrases":{"focus":{"keyphrase":"calor ","score":83,"analysis":{"keyphraseInTitle":{"title":"Focus keyphrase in SEO title","description":"Focus keyphrase found in SEO title.","score":9,"maxScore":9,"error":0},"keyphraseInDescription":{"title":"Focus keyphrase in meta description","description":"Focus keyphrase found in meta description.","score":9,"maxScore":9,"error":0},"keyphraseLength":{"title":"Focus keyphrase length","description":"Good job!","score":9,"maxScore":9,"error":0,"length":1},"keyphraseInURL":{"title":"Focus keyphrase in URL","description":"Focus keyphrase not found in the URL.","score":1,"maxScore":5,"error":1},"keyphraseInIntroduction":{"title":"Focus keyphrase in introduction","description":"Your Focus keyphrase appears in the first paragraph. Well done!","score":9,"maxScore":9,"error":0},"keyphraseInSubHeadings":{"title":"Focus keyphrase in Subheadings","description":"Use your focus keyphrase more in your H2 and H3 subheadings.","score":3,"maxScore":9,"error":1},"keyphraseInImageAlt":{"title":"Focus keyphrase in image alt attributes","description":"Focus keyphrase found in image alt attribute(s).","score":9,"maxScore":9,"error":0}}},"additional":[{"keyphrase":" ola de calor ","score":100,"analysis":{"keyphraseInDescription":{"title":"Keyphrase in meta description","description":"Keyphrase found in meta description.","score":9,"maxScore":9,"error":0},"keyphraseLength":{"title":"Keyphrase length","description":"Good job!","score":9,"maxScore":9,"error":0,"length":3},"keyphraseInIntroduction":{"title":"Keyphrase in introduction","description":"Your Keyphrase appears in the first paragraph. Well done!","score":9,"maxScore":9,"error":0},"keyphraseInImageAlt":{"title":"Keyphrase in image alt attributes","description":"Keyphrase found in image alt attribute(s).","score":9,"maxScore":9,"error":0}}},{"keyphrase":"calor ","score":100,"analysis":{"keyphraseInDescription":{"title":"Keyphrase in meta description","description":"Keyphrase found in meta description.","score":9,"maxScore":9,"error":0},"keyphraseLength":{"title":"Keyphrase length","description":"Good job!","score":9,"maxScore":9,"error":0,"length":1},"keyphraseInIntroduction":{"title":"Keyphrase in introduction","description":"Your Keyphrase appears in the first paragraph. Well done!","score":9,"maxScore":9,"error":0},"keyphraseInImageAlt":{"title":"Keyphrase in image alt attributes","description":"Keyphrase found in image alt attribute(s).","score":9,"maxScore":9,"error":0}}}]},"primary_term":null,"canonical_url":null,"og_title":null,"og_description":null,"og_object_type":"default","og_image_type":"default","og_image_url":null,"og_image_width":null,"og_image_height":null,"og_image_custom_url":null,"og_image_custom_fields":null,"og_video":"","og_custom_url":null,"og_article_section":null,"og_article_tags":[],"twitter_use_og":false,"twitter_card":"default","twitter_image_type":"default","twitter_image_url":null,"twitter_image_custom_url":null,"twitter_image_custom_fields":null,"twitter_title":null,"twitter_description":null,"schema":{"blockGraphs":[],"customGraphs":[],"default":{"data":{"Article":[],"Course":[],"Dataset":[],"FAQPage":[],"Movie":[],"Person":[],"Product":[],"ProductReview":[],"Car":[],"Recipe":[],"Service":[],"SoftwareApplication":[],"WebPage":[]},"graphName":"","isEnabled":true},"graphs":[]},"schema_type":"default","schema_type_options":"{\"article\":{\"articleType\":\"BlogPosting\"},\"course\":{\"name\":\"\",\"description\":\"\",\"provider\":\"\"},\"faq\":{\"pages\":[]},\"product\":{\"reviews\":[]},\"recipe\":{\"ingredients\":[],\"instructions\":[],\"keywords\":[]},\"software\":{\"reviews\":[],\"operatingSystems\":[]},\"webPage\":{\"webPageType\":\"WebPage\"},\"blockGraphs\":[]}","pillar_content":false,"robots_default":true,"robots_noindex":false,"robots_noarchive":false,"robots_nosnippet":false,"robots_nofollow":false,"robots_noimageindex":false,"robots_noodp":false,"robots_notranslate":false,"robots_max_snippet":"-1","robots_max_videopreview":"-1","robots_max_imagepreview":"large","priority":null,"frequency":"default","location":null,"local_seo":null,"seo_analyzer_scan_date":"2025-09-01 09:18:20","breadcrumb_settings":null,"limit_modified_date":false,"reviewed_by":null,"open_ai":null,"ai":null,"created":"2022-07-20 18:01:32","updated":"2025-09-01 09:18:20"},"aioseo_breadcrumb":"<div class=\"aioseo-breadcrumbs\"><span class=\"aioseo-breadcrumb\">\n\t<a href=\"https:\/\/candas365.es\/noticias\" title=\"Home\">Home<\/a>\n<\/span><span class=\"aioseo-breadcrumb-separator\">&ndash;<\/span><span class=\"aioseo-breadcrumb\">\n\t<a href=\"https:\/\/candas365.es\/noticias\/category\/el-tiempo\/\" title=\"El tiempo\">El tiempo<\/a>\n<\/span><span class=\"aioseo-breadcrumb-separator\">&ndash;<\/span><span class=\"aioseo-breadcrumb\">\n\tOla de calor: M\u00e1s de 110 nuevos r\u00e9cords de temperaturas en Espa\u00f1a\n<\/span><\/div>","aioseo_breadcrumb_json":[{"label":"Home","link":"https:\/\/candas365.es\/noticias"},{"label":"El tiempo","link":"https:\/\/candas365.es\/noticias\/category\/el-tiempo\/"},{"label":"Ola de calor: M\u00e1s de 110 nuevos r\u00e9cords de temperaturas en Espa\u00f1a","link":"https:\/\/candas365.es\/noticias\/ola-de-calor-mas-de-110-nuevos-records-de-temperaturas-en-espana\/"}],"_links":{"self":[{"href":"https:\/\/candas365.es\/noticias\/wp-json\/wp\/v2\/posts\/163928","targetHints":{"allow":["GET"]}}],"collection":[{"href":"https:\/\/candas365.es\/noticias\/wp-json\/wp\/v2\/posts"}],"about":[{"href":"https:\/\/candas365.es\/noticias\/wp-json\/wp\/v2\/types\/post"}],"author":[{"embeddable":true,"href":"https:\/\/candas365.es\/noticias\/wp-json\/wp\/v2\/users\/1"}],"replies":[{"embeddable":true,"href":"https:\/\/candas365.es\/noticias\/wp-json\/wp\/v2\/comments?post=163928"}],"version-history":[{"count":0,"href":"https:\/\/candas365.es\/noticias\/wp-json\/wp\/v2\/posts\/163928\/revisions"}],"wp:featuredmedia":[{"embeddable":true,"href":"https:\/\/candas365.es\/noticias\/wp-json\/wp\/v2\/media\/163929"}],"wp:attachment":[{"href":"https:\/\/candas365.es\/noticias\/wp-json\/wp\/v2\/media?parent=163928"}],"wp:term":[{"taxonomy":"category","embeddable":true,"href":"https:\/\/candas365.es\/noticias\/wp-json\/wp\/v2\/categories?post=163928"},{"taxonomy":"post_tag","embeddable":true,"href":"https:\/\/candas365.es\/noticias\/wp-json\/wp\/v2\/tags?post=163928"}],"curies":[{"name":"wp","href":"https:\/\/api.w.org\/{rel}","templated":true}]}}