{"id":163824,"date":"2022-07-18T21:01:40","date_gmt":"2022-07-18T19:01:40","guid":{"rendered":"https:\/\/candas365.es\/noticias\/?p=163824"},"modified":"2022-07-18T21:01:40","modified_gmt":"2022-07-18T19:01:40","slug":"de-ligt-al-bayern-munich","status":"publish","type":"post","link":"https:\/\/candas365.es\/noticias\/de-ligt-al-bayern-munich\/","title":{"rendered":"De Ligt al Bayern M\u00fanich"},"content":{"rendered":"<p>M\u00fanich, 18 jul (dpa) &#8211; El internacional neerland\u00e9s Matthijs de Ligt lleg\u00f3 hoy al Bayern M\u00fanich para completar su traspaso desde la Juventus de Tur\u00edn, seg\u00fan informaron los medios locales.<\/p>\n<figure id=\"attachment_163825\" aria-describedby=\"caption-attachment-163825\" style=\"width: 650px\" class=\"wp-caption aligncenter\"><img fetchpriority=\"high\" decoding=\"async\" class=\"wp-image-163825 size-large\" src=\"https:\/\/candas365.es\/noticias\/wp-content\/uploads\/2022\/07\/De-Ligt-650x435.jpg\" alt=\"De Ligt\" width=\"650\" height=\"435\" srcset=\"https:\/\/candas365.es\/noticias\/wp-content\/uploads\/2022\/07\/De-Ligt-650x435.jpg 650w, https:\/\/candas365.es\/noticias\/wp-content\/uploads\/2022\/07\/De-Ligt-360x241.jpg 360w, https:\/\/candas365.es\/noticias\/wp-content\/uploads\/2022\/07\/De-Ligt-768x514.jpg 768w, https:\/\/candas365.es\/noticias\/wp-content\/uploads\/2022\/07\/De-Ligt-150x100.jpg 150w, https:\/\/candas365.es\/noticias\/wp-content\/uploads\/2022\/07\/De-Ligt-450x301.jpg 450w, https:\/\/candas365.es\/noticias\/wp-content\/uploads\/2022\/07\/De-Ligt.jpg 996w\" sizes=\"(max-width: 650px) 100vw, 650px\" \/><figcaption id=\"caption-attachment-163825\" class=\"wp-caption-text\">Foto: Robert Michael\/dpa-Zentralbild\/dpa<\/figcaption><\/figure>\n<p>Se prev\u00e9 que, tras someterse a los ex\u00e1menes m\u00e9dicos obligatorios, el central de 22 a\u00f1os se una el martes a su nuevo equipo, que inici\u00f3 hoy una gira por Estados Unidos.<\/p>\n<p>Las informaciones sobre la llegada de De Ligt se producen un d\u00eda despu\u00e9s de que el club italiano aceptara la \u00faltima oferta del Bayern M\u00fanich, de 70 millones de euros (70,6 millones de d\u00f3lares), diez millones de euros m\u00e1s en concepto de complementos.<\/p>\n<p>De Ligt, de 22 a\u00f1os, jugaba en la Juventus desde 2019 y ten\u00eda un contrato hasta 2024. Seg\u00fan los informes, en M\u00fanich firmar\u00e1 un acuerdo de cinco a\u00f1os hasta 2027. Ninguno de los dos clubes se pronunci\u00f3 al respecto.<\/p>\n<p>El equipo de Julian Nagelsmann pasar\u00e1 una semana en Estados Unidos para realizar actividades de marketing, entrenamientos y partidos de pretemporada contra el campe\u00f3n ingl\u00e9s Manchester City y el DC United de la Major League Soccer (MLS), la liga profesional estadounidense.<\/p>\n<p>\u00abProbablemente estaremos bastante ocupados, dentro y fuera del campo de juego. Creo que volveremos a casa con muchas buenas impresiones\u00bb, dijo el delantero Thomas M\u00fcller.<\/p>\n<p>\u00abPara nosotros es siempre una peque\u00f1a aventura y tambi\u00e9n ampl\u00eda un poco el horizonte\u00bb, a\u00f1adi\u00f3 el portero y capit\u00e1n Manuel Neuer.<\/p>\n<p>El primer partido oficial de los muniqueses ser\u00e1 el 30 de julio por la Supercopa Alemana contra el Leipzig, mientras que seis d\u00edas despu\u00e9s arrancar\u00e1 la nueva temporada de la Bundesliga contra el campe\u00f3n de la Europa League, el Eintracht Frankfurt.<\/p>\n<p>El central neerland\u00e9s reforzar\u00e1 la defensa del Bayern M\u00fanich, que con la llegada de Sadio Man\u00e9 desde el Liverpool tambi\u00e9n remodelar\u00e1 su l\u00ednea de ataque <a href=\"https:\/\/www.eldigitaldeasturias.com\/noticias\/oliver-kahn-confirma-el-trapaso-de-lewandowski\/\" target=\"_blank\" rel=\"noopener\"><span style=\"color: #ff6600;\"><strong>tras la marcha de su estrella Robert Lewandowski al Barcelona.<\/strong><\/span><\/a><\/p>\n<p>El presidente del club b\u00e1varo, Herbert Hainer, asegur\u00f3 que con la llegada de Man\u00e9 y la ampliaci\u00f3n de contrato del extremo Serge Gnabry no est\u00e1 preocupado por una posible falta de potencia en el ataque tras la salida de Lewandowski.<\/p>\n<p>\u00abEstamos muy bien posicionados y muy contentos. Tenemos un equipo fuerte y con Sadio Man\u00e9 acabamos de fichar a un jugador excepcional\u00bb, manifest\u00f3 Hainer a los peri\u00f3dicos locales \u00abtz\u00bb y \u00abM\u00fcnchner Merkur\u00bb.<\/p>\n<p>Al mismo tiempo, el presidente confirm\u00f3 que la salida de Lewandoswski no fue conflictiva aunque el internacional polaco hab\u00eda adelantado en junio que no iba a seguir en M\u00fanich a pesar de tener un contrato hasta 2023.<\/p>\n<p>\u00abNo hubo conflicto. Al final lo resolvimos de un modo excelente en beneficio de todas las partes. Una situaci\u00f3n en la que todos salimos ganando\u00bb, destac\u00f3 Hainer.<\/p>\n<p>&nbsp;<\/p>\n","protected":false},"excerpt":{"rendered":"<p>M\u00fanich, 18 jul (dpa) &#8211; El internacional neerland\u00e9s Matthijs de Ligt lleg\u00f3 hoy al Bayern M\u00fanich para completar su traspaso desde la Juventus de Tur\u00edn, seg\u00fan informaron los medios locales. Se prev\u00e9 que, tras someterse a los ex\u00e1menes m\u00e9dicos obligatorios, el central de 22 a\u00f1os se una el martes a su nuevo equipo, que inici\u00f3<\/p>\n","protected":false},"author":1,"featured_media":163825,"comment_status":"closed","ping_status":"closed","sticky":false,"template":"","format":"standard","meta":{"footnotes":""},"categories":[319],"tags":[387,389],"class_list":{"0":"post-163824","1":"post","2":"type-post","3":"status-publish","4":"format-standard","5":"has-post-thumbnail","7":"category-deporte","8":"tag-deporte","9":"tag-futbol"},"aioseo_notices":[],"aioseo_head":"\n\t\t<!-- All in One SEO Pro 4.9.6.2 - aioseo.com -->\n\t<meta name=\"description\" content=\"M\u00fanich, 18 jul (dpa) - El internacional neerland\u00e9s Matthijs de Ligt lleg\u00f3 hoy al Bayern M\u00fanich para completar su traspaso desde la Juventus de Tur\u00edn\" \/>\n\t<meta name=\"robots\" content=\"max-image-preview:large\" \/>\n\t<meta name=\"author\" content=\"Cand\u00e1s 365\"\/>\n\t<meta name=\"google-site-verification\" content=\"UA-32230408-1\" \/>\n\t<meta name=\"msvalidate.01\" content=\"354F3CDFB2DA171B47FBE9ABF1F88D5\" \/>\n\t<meta name=\"keywords\" content=\"deporte\" \/>\n\t<link rel=\"canonical\" href=\"https:\/\/candas365.es\/noticias\/de-ligt-al-bayern-munich\/\" \/>\n\t<meta name=\"generator\" content=\"All in One SEO Pro (AIOSEO) 4.9.6.2\" \/>\n\t\t<meta property=\"og:locale\" content=\"es_ES\" \/>\n\t\t<meta property=\"og:site_name\" content=\"Cand\u00e1s 365\" \/>\n\t\t<meta property=\"og:type\" content=\"article\" \/>\n\t\t<meta property=\"og:title\" content=\"De Ligt al Bayern M\u00fanich | Cand\u00e1s 365\" \/>\n\t\t<meta property=\"og:description\" content=\"M\u00fanich, 18 jul (dpa) - El internacional neerland\u00e9s Matthijs de Ligt lleg\u00f3 hoy al Bayern M\u00fanich para completar su traspaso desde la Juventus de Tur\u00edn\" \/>\n\t\t<meta property=\"og:url\" content=\"https:\/\/candas365.es\/noticias\/de-ligt-al-bayern-munich\/\" \/>\n\t\t<meta property=\"og:image\" content=\"https:\/\/candas365.es\/noticias\/wp-content\/uploads\/2022\/07\/De-Ligt.jpg\" \/>\n\t\t<meta property=\"og:image:secure_url\" content=\"https:\/\/candas365.es\/noticias\/wp-content\/uploads\/2022\/07\/De-Ligt.jpg\" \/>\n\t\t<meta property=\"og:image:width\" content=\"996\" \/>\n\t\t<meta property=\"og:image:height\" content=\"667\" \/>\n\t\t<meta property=\"article:published_time\" content=\"2022-07-18T19:01:40+00:00\" \/>\n\t\t<meta property=\"article:modified_time\" content=\"2022-07-18T19:01:40+00:00\" \/>\n\t\t<meta property=\"article:publisher\" content=\"https:\/\/www.facebook.com\/Nachofdezber\" \/>\n\t\t<meta property=\"article:author\" content=\"https:\/\/www.facebook.com\/carrenoactualidad\" \/>\n\t\t<meta name=\"twitter:card\" content=\"summary_large_image\" \/>\n\t\t<meta name=\"twitter:site\" content=\"@NabercoDigital\" \/>\n\t\t<meta name=\"twitter:title\" content=\"De Ligt al Bayern M\u00fanich | Cand\u00e1s 365\" \/>\n\t\t<meta name=\"twitter:description\" content=\"M\u00fanich, 18 jul (dpa) - El internacional neerland\u00e9s Matthijs de Ligt lleg\u00f3 hoy al Bayern M\u00fanich para completar su traspaso desde la Juventus de Tur\u00edn\" \/>\n\t\t<meta name=\"twitter:creator\" content=\"@nbasturias\" \/>\n\t\t<meta name=\"twitter:image\" content=\"https:\/\/candas365.es\/noticias\/wp-content\/uploads\/2022\/07\/De-Ligt.jpg\" \/>\n\t\t<meta name=\"twitter:label1\" content=\"Escrito por\" \/>\n\t\t<meta name=\"twitter:data1\" content=\"Cand\u00e1s 365\" \/>\n\t\t<meta name=\"twitter:label2\" content=\"Tiempo de lectura estimado\" \/>\n\t\t<meta name=\"twitter:data2\" content=\"2 minutos\" \/>\n\t\t<script type=\"application\/ld+json\" class=\"aioseo-schema\">\n\t\t\t{\"@context\":\"https:\\\/\\\/schema.org\",\"@graph\":[{\"@type\":\"BreadcrumbList\",\"@id\":\"https:\\\/\\\/candas365.es\\\/noticias\\\/de-ligt-al-bayern-munich\\\/#breadcrumblist\",\"itemListElement\":[{\"@type\":\"ListItem\",\"@id\":\"https:\\\/\\\/candas365.es\\\/noticias#listItem\",\"position\":1,\"name\":\"Home\",\"item\":\"https:\\\/\\\/candas365.es\\\/noticias\",\"nextItem\":{\"@type\":\"ListItem\",\"@id\":\"https:\\\/\\\/candas365.es\\\/noticias\\\/category\\\/deporte\\\/#listItem\",\"name\":\"Deporte\"}},{\"@type\":\"ListItem\",\"@id\":\"https:\\\/\\\/candas365.es\\\/noticias\\\/category\\\/deporte\\\/#listItem\",\"position\":2,\"name\":\"Deporte\",\"item\":\"https:\\\/\\\/candas365.es\\\/noticias\\\/category\\\/deporte\\\/\",\"nextItem\":{\"@type\":\"ListItem\",\"@id\":\"https:\\\/\\\/candas365.es\\\/noticias\\\/de-ligt-al-bayern-munich\\\/#listItem\",\"name\":\"De Ligt al Bayern M\\u00fanich\"},\"previousItem\":{\"@type\":\"ListItem\",\"@id\":\"https:\\\/\\\/candas365.es\\\/noticias#listItem\",\"name\":\"Home\"}},{\"@type\":\"ListItem\",\"@id\":\"https:\\\/\\\/candas365.es\\\/noticias\\\/de-ligt-al-bayern-munich\\\/#listItem\",\"position\":3,\"name\":\"De Ligt al Bayern M\\u00fanich\",\"previousItem\":{\"@type\":\"ListItem\",\"@id\":\"https:\\\/\\\/candas365.es\\\/noticias\\\/category\\\/deporte\\\/#listItem\",\"name\":\"Deporte\"}}]},{\"@type\":\"NewsArticle\",\"@id\":\"https:\\\/\\\/candas365.es\\\/noticias\\\/de-ligt-al-bayern-munich\\\/#newsarticle\",\"name\":\"De Ligt al Bayern M\\u00fanich | Cand\\u00e1s 365\",\"headline\":\"De Ligt al Bayern M\\u00fanich\",\"author\":{\"@id\":\"https:\\\/\\\/candas365.es\\\/noticias\\\/author\\\/admin\\\/#author\"},\"publisher\":{\"@id\":\"https:\\\/\\\/candas365.es\\\/noticias\\\/#organization\"},\"image\":{\"@type\":\"ImageObject\",\"url\":\"https:\\\/\\\/candas365.es\\\/noticias\\\/wp-content\\\/uploads\\\/2022\\\/07\\\/De-Ligt.jpg\",\"width\":996,\"height\":667,\"caption\":\"Foto: Robert Michael\\\/dpa-Zentralbild\\\/dpa\"},\"datePublished\":\"2022-07-18T21:01:40+02:00\",\"dateModified\":\"2022-07-18T21:01:40+02:00\",\"inLanguage\":\"es-ES\",\"mainEntityOfPage\":{\"@id\":\"https:\\\/\\\/candas365.es\\\/noticias\\\/de-ligt-al-bayern-munich\\\/#webpage\"},\"isPartOf\":{\"@id\":\"https:\\\/\\\/candas365.es\\\/noticias\\\/de-ligt-al-bayern-munich\\\/#webpage\"},\"articleSection\":\"Deporte, deporte, f\\u00fatbol\",\"dateline\":\"Publicado el julio 18, 2022.\"},{\"@type\":\"Organization\",\"@id\":\"https:\\\/\\\/candas365.es\\\/noticias\\\/#organization\",\"name\":\"Cand\\u00e1s 365\",\"description\":\"Cand\\u00e1s 365 es un diario digital independiente, fundado en 2012, con base en Asturias. Informamos con rigor sobre actualidad, sociedad, cultura y ocio, con una mirada local y global.\",\"url\":\"https:\\\/\\\/candas365.es\\\/noticias\\\/\",\"email\":\"info@candas365.es\",\"telephone\":\"+34652131393\",\"foundingDate\":\"2012-06-10\",\"logo\":{\"@type\":\"ImageObject\",\"url\":\"https:\\\/\\\/candas365.es\\\/noticias\\\/wp-content\\\/uploads\\\/2024\\\/09\\\/Candas-365-Redes.jpg\",\"@id\":\"https:\\\/\\\/candas365.es\\\/noticias\\\/de-ligt-al-bayern-munich\\\/#organizationLogo\",\"width\":1152,\"height\":864,\"caption\":\"Cand\\u00e1s 365 Redes\"},\"image\":{\"@id\":\"https:\\\/\\\/candas365.es\\\/noticias\\\/de-ligt-al-bayern-munich\\\/#organizationLogo\"},\"sameAs\":[\"https:\\\/\\\/www.facebook.com\\\/Nachofdezber\",\"https:\\\/\\\/x.com\\\/NabercoDigital\",\"https:\\\/\\\/www.instagram.com\\\/nachofdezber\\\/\",\"https:\\\/\\\/www.youtube.com\\\/channel\\\/UCZP-2wLEB9Rv6erhFmqVnvg\"],\"address\":{\"@id\":\"https:\\\/\\\/candas365.es\\\/noticias\\\/#postaladdress\",\"@type\":\"PostalAddress\",\"streetAddress\":\"san antonio 4, san antonio 4\",\"postalCode\":\"33430\",\"addressLocality\":\"Cand\\u00e1s\",\"addressRegion\":\"Asturias\",\"addressCountry\":\"ES\"}},{\"@type\":\"Person\",\"@id\":\"https:\\\/\\\/candas365.es\\\/noticias\\\/author\\\/admin\\\/#author\",\"url\":\"https:\\\/\\\/candas365.es\\\/noticias\\\/author\\\/admin\\\/\",\"name\":\"Cand\\u00e1s 365\",\"image\":{\"@type\":\"ImageObject\",\"@id\":\"https:\\\/\\\/candas365.es\\\/noticias\\\/de-ligt-al-bayern-munich\\\/#authorImage\",\"url\":\"https:\\\/\\\/secure.gravatar.com\\\/avatar\\\/496a8e03d0c493ede1718b7934145dbdf8d89be1036b0eec9544e1094c9de390?s=96&d=mm&r=g\",\"width\":96,\"height\":96,\"caption\":\"Cand\\u00e1s 365\"},\"sameAs\":[\"https:\\\/\\\/www.facebook.com\\\/carrenoactualidad\",\"https:\\\/\\\/twitter.com\\\/nbasturias\",\"https:\\\/\\\/www.instagram.com\\\/nachofdezber\\\/\",\"https:\\\/\\\/www.youtube.com\\\/channel\\\/UCZP-2wLEB9Rv6erhFmqVnvg\"]},{\"@type\":\"WebPage\",\"@id\":\"https:\\\/\\\/candas365.es\\\/noticias\\\/de-ligt-al-bayern-munich\\\/#webpage\",\"url\":\"https:\\\/\\\/candas365.es\\\/noticias\\\/de-ligt-al-bayern-munich\\\/\",\"name\":\"De Ligt al Bayern M\\u00fanich | Cand\\u00e1s 365\",\"description\":\"M\\u00fanich, 18 jul (dpa) - El internacional neerland\\u00e9s Matthijs de Ligt lleg\\u00f3 hoy al Bayern M\\u00fanich para completar su traspaso desde la Juventus de Tur\\u00edn\",\"inLanguage\":\"es-ES\",\"isPartOf\":{\"@id\":\"https:\\\/\\\/candas365.es\\\/noticias\\\/#website\"},\"breadcrumb\":{\"@id\":\"https:\\\/\\\/candas365.es\\\/noticias\\\/de-ligt-al-bayern-munich\\\/#breadcrumblist\"},\"author\":{\"@id\":\"https:\\\/\\\/candas365.es\\\/noticias\\\/author\\\/admin\\\/#author\"},\"creator\":{\"@id\":\"https:\\\/\\\/candas365.es\\\/noticias\\\/author\\\/admin\\\/#author\"},\"image\":{\"@type\":\"ImageObject\",\"url\":\"https:\\\/\\\/candas365.es\\\/noticias\\\/wp-content\\\/uploads\\\/2022\\\/07\\\/De-Ligt.jpg\",\"@id\":\"https:\\\/\\\/candas365.es\\\/noticias\\\/de-ligt-al-bayern-munich\\\/#mainImage\",\"width\":996,\"height\":667,\"caption\":\"Foto: Robert Michael\\\/dpa-Zentralbild\\\/dpa\"},\"primaryImageOfPage\":{\"@id\":\"https:\\\/\\\/candas365.es\\\/noticias\\\/de-ligt-al-bayern-munich\\\/#mainImage\"},\"datePublished\":\"2022-07-18T21:01:40+02:00\",\"dateModified\":\"2022-07-18T21:01:40+02:00\"},{\"@type\":\"WebSite\",\"@id\":\"https:\\\/\\\/candas365.es\\\/noticias\\\/#website\",\"url\":\"https:\\\/\\\/candas365.es\\\/noticias\\\/\",\"name\":\"Cand\\u00e1s 365\",\"alternateName\":\"Cand\\u00e1s 365 Noticias\",\"description\":\"Actualidad desde Carre\\u00f1o para el mundo\",\"inLanguage\":\"es-ES\",\"publisher\":{\"@id\":\"https:\\\/\\\/candas365.es\\\/noticias\\\/#organization\"}}]}\n\t\t<\/script>\n\t\t<!-- All in One SEO Pro -->\r\n\t\t<title>De Ligt al Bayern M\u00fanich | Cand\u00e1s 365<\/title>\n\n","aioseo_head_json":{"title":"De Ligt al Bayern M\u00fanich | Cand\u00e1s 365","description":"M\u00fanich, 18 jul (dpa) - El internacional neerland\u00e9s Matthijs de Ligt lleg\u00f3 hoy al Bayern M\u00fanich para completar su traspaso desde la Juventus de Tur\u00edn","canonical_url":"https:\/\/candas365.es\/noticias\/de-ligt-al-bayern-munich\/","robots":"max-image-preview:large","keywords":"deporte","webmasterTools":{"google-site-verification":"UA-32230408-1","msvalidate.01":"354F3CDFB2DA171B47FBE9ABF1F88D5","miscellaneous":""},"schema":{"@context":"https:\/\/schema.org","@graph":[{"@type":"BreadcrumbList","@id":"https:\/\/candas365.es\/noticias\/de-ligt-al-bayern-munich\/#breadcrumblist","itemListElement":[{"@type":"ListItem","@id":"https:\/\/candas365.es\/noticias#listItem","position":1,"name":"Home","item":"https:\/\/candas365.es\/noticias","nextItem":{"@type":"ListItem","@id":"https:\/\/candas365.es\/noticias\/category\/deporte\/#listItem","name":"Deporte"}},{"@type":"ListItem","@id":"https:\/\/candas365.es\/noticias\/category\/deporte\/#listItem","position":2,"name":"Deporte","item":"https:\/\/candas365.es\/noticias\/category\/deporte\/","nextItem":{"@type":"ListItem","@id":"https:\/\/candas365.es\/noticias\/de-ligt-al-bayern-munich\/#listItem","name":"De Ligt al Bayern M\u00fanich"},"previousItem":{"@type":"ListItem","@id":"https:\/\/candas365.es\/noticias#listItem","name":"Home"}},{"@type":"ListItem","@id":"https:\/\/candas365.es\/noticias\/de-ligt-al-bayern-munich\/#listItem","position":3,"name":"De Ligt al Bayern M\u00fanich","previousItem":{"@type":"ListItem","@id":"https:\/\/candas365.es\/noticias\/category\/deporte\/#listItem","name":"Deporte"}}]},{"@type":"NewsArticle","@id":"https:\/\/candas365.es\/noticias\/de-ligt-al-bayern-munich\/#newsarticle","name":"De Ligt al Bayern M\u00fanich | Cand\u00e1s 365","headline":"De Ligt al Bayern M\u00fanich","author":{"@id":"https:\/\/candas365.es\/noticias\/author\/admin\/#author"},"publisher":{"@id":"https:\/\/candas365.es\/noticias\/#organization"},"image":{"@type":"ImageObject","url":"https:\/\/candas365.es\/noticias\/wp-content\/uploads\/2022\/07\/De-Ligt.jpg","width":996,"height":667,"caption":"Foto: Robert Michael\/dpa-Zentralbild\/dpa"},"datePublished":"2022-07-18T21:01:40+02:00","dateModified":"2022-07-18T21:01:40+02:00","inLanguage":"es-ES","mainEntityOfPage":{"@id":"https:\/\/candas365.es\/noticias\/de-ligt-al-bayern-munich\/#webpage"},"isPartOf":{"@id":"https:\/\/candas365.es\/noticias\/de-ligt-al-bayern-munich\/#webpage"},"articleSection":"Deporte, deporte, f\u00fatbol","dateline":"Publicado el julio 18, 2022."},{"@type":"Organization","@id":"https:\/\/candas365.es\/noticias\/#organization","name":"Cand\u00e1s 365","description":"Cand\u00e1s 365 es un diario digital independiente, fundado en 2012, con base en Asturias. Informamos con rigor sobre actualidad, sociedad, cultura y ocio, con una mirada local y global.","url":"https:\/\/candas365.es\/noticias\/","email":"info@candas365.es","telephone":"+34652131393","foundingDate":"2012-06-10","logo":{"@type":"ImageObject","url":"https:\/\/candas365.es\/noticias\/wp-content\/uploads\/2024\/09\/Candas-365-Redes.jpg","@id":"https:\/\/candas365.es\/noticias\/de-ligt-al-bayern-munich\/#organizationLogo","width":1152,"height":864,"caption":"Cand\u00e1s 365 Redes"},"image":{"@id":"https:\/\/candas365.es\/noticias\/de-ligt-al-bayern-munich\/#organizationLogo"},"sameAs":["https:\/\/www.facebook.com\/Nachofdezber","https:\/\/x.com\/NabercoDigital","https:\/\/www.instagram.com\/nachofdezber\/","https:\/\/www.youtube.com\/channel\/UCZP-2wLEB9Rv6erhFmqVnvg"],"address":{"@id":"https:\/\/candas365.es\/noticias\/#postaladdress","@type":"PostalAddress","streetAddress":"san antonio 4, san antonio 4","postalCode":"33430","addressLocality":"Cand\u00e1s","addressRegion":"Asturias","addressCountry":"ES"}},{"@type":"Person","@id":"https:\/\/candas365.es\/noticias\/author\/admin\/#author","url":"https:\/\/candas365.es\/noticias\/author\/admin\/","name":"Cand\u00e1s 365","image":{"@type":"ImageObject","@id":"https:\/\/candas365.es\/noticias\/de-ligt-al-bayern-munich\/#authorImage","url":"https:\/\/secure.gravatar.com\/avatar\/496a8e03d0c493ede1718b7934145dbdf8d89be1036b0eec9544e1094c9de390?s=96&d=mm&r=g","width":96,"height":96,"caption":"Cand\u00e1s 365"},"sameAs":["https:\/\/www.facebook.com\/carrenoactualidad","https:\/\/twitter.com\/nbasturias","https:\/\/www.instagram.com\/nachofdezber\/","https:\/\/www.youtube.com\/channel\/UCZP-2wLEB9Rv6erhFmqVnvg"]},{"@type":"WebPage","@id":"https:\/\/candas365.es\/noticias\/de-ligt-al-bayern-munich\/#webpage","url":"https:\/\/candas365.es\/noticias\/de-ligt-al-bayern-munich\/","name":"De Ligt al Bayern M\u00fanich | Cand\u00e1s 365","description":"M\u00fanich, 18 jul (dpa) - El internacional neerland\u00e9s Matthijs de Ligt lleg\u00f3 hoy al Bayern M\u00fanich para completar su traspaso desde la Juventus de Tur\u00edn","inLanguage":"es-ES","isPartOf":{"@id":"https:\/\/candas365.es\/noticias\/#website"},"breadcrumb":{"@id":"https:\/\/candas365.es\/noticias\/de-ligt-al-bayern-munich\/#breadcrumblist"},"author":{"@id":"https:\/\/candas365.es\/noticias\/author\/admin\/#author"},"creator":{"@id":"https:\/\/candas365.es\/noticias\/author\/admin\/#author"},"image":{"@type":"ImageObject","url":"https:\/\/candas365.es\/noticias\/wp-content\/uploads\/2022\/07\/De-Ligt.jpg","@id":"https:\/\/candas365.es\/noticias\/de-ligt-al-bayern-munich\/#mainImage","width":996,"height":667,"caption":"Foto: Robert Michael\/dpa-Zentralbild\/dpa"},"primaryImageOfPage":{"@id":"https:\/\/candas365.es\/noticias\/de-ligt-al-bayern-munich\/#mainImage"},"datePublished":"2022-07-18T21:01:40+02:00","dateModified":"2022-07-18T21:01:40+02:00"},{"@type":"WebSite","@id":"https:\/\/candas365.es\/noticias\/#website","url":"https:\/\/candas365.es\/noticias\/","name":"Cand\u00e1s 365","alternateName":"Cand\u00e1s 365 Noticias","description":"Actualidad desde Carre\u00f1o para el mundo","inLanguage":"es-ES","publisher":{"@id":"https:\/\/candas365.es\/noticias\/#organization"}}]},"og:locale":"es_ES","og:site_name":"Cand\u00e1s 365","og:type":"article","og:title":"De Ligt al Bayern M\u00fanich | Cand\u00e1s 365","og:description":"M\u00fanich, 18 jul (dpa) - El internacional neerland\u00e9s Matthijs de Ligt lleg\u00f3 hoy al Bayern M\u00fanich para completar su traspaso desde la Juventus de Tur\u00edn","og:url":"https:\/\/candas365.es\/noticias\/de-ligt-al-bayern-munich\/","og:image":"https:\/\/candas365.es\/noticias\/wp-content\/uploads\/2022\/07\/De-Ligt.jpg","og:image:secure_url":"https:\/\/candas365.es\/noticias\/wp-content\/uploads\/2022\/07\/De-Ligt.jpg","og:image:width":996,"og:image:height":667,"article:published_time":"2022-07-18T19:01:40+00:00","article:modified_time":"2022-07-18T19:01:40+00:00","article:publisher":"https:\/\/www.facebook.com\/Nachofdezber","article:author":"https:\/\/www.facebook.com\/carrenoactualidad","twitter:card":"summary_large_image","twitter:site":"@NabercoDigital","twitter:title":"De Ligt al Bayern M\u00fanich | Cand\u00e1s 365","twitter:description":"M\u00fanich, 18 jul (dpa) - El internacional neerland\u00e9s Matthijs de Ligt lleg\u00f3 hoy al Bayern M\u00fanich para completar su traspaso desde la Juventus de Tur\u00edn","twitter:creator":"@nbasturias","twitter:image":"https:\/\/candas365.es\/noticias\/wp-content\/uploads\/2022\/07\/De-Ligt.jpg","twitter:label1":"Escrito por","twitter:data1":"Cand\u00e1s 365","twitter:label2":"Tiempo de lectura estimado","twitter:data2":"2 minutos"},"aioseo_meta_data":{"post_id":"163824","title":null,"description":"M\u00fanich, 18 jul (dpa) - El internacional neerland\u00e9s Matthijs de Ligt lleg\u00f3 hoy al Bayern M\u00fanich para completar su traspaso desde la Juventus de Tur\u00edn","keywords":[],"keyphrases":{"focus":{"keyphrase":"de Ligt","score":92,"analysis":{"keyphraseInTitle":{"title":"Focus keyphrase in SEO title","description":"Focus keyphrase found in SEO title.","score":9,"maxScore":9,"error":0},"keyphraseInDescription":{"title":"Focus keyphrase in meta description","description":"Focus keyphrase found in meta description.","score":9,"maxScore":9,"error":0},"keyphraseLength":{"title":"Focus keyphrase length","description":"Good job!","score":9,"maxScore":9,"error":0,"length":2},"keyphraseInURL":{"title":"Focus keyphrase in URL","description":"Focus keyphrase not found in the URL.","score":1,"maxScore":5,"error":1},"keyphraseInIntroduction":{"title":"Focus keyphrase in introduction","description":"Your Focus keyphrase appears in the first paragraph. Well done!","score":9,"maxScore":9,"error":0},"keyphraseInSubHeadings":[],"keyphraseInImageAlt":{"title":"Focus keyphrase in image alt attributes","description":"Focus keyphrase found in image alt attribute(s).","score":9,"maxScore":9,"error":0}}},"additional":[{"keyphrase":"Matthijs de Ligt","score":83,"analysis":{"keyphraseInDescription":{"title":"Keyphrase in meta description","description":"Keyphrase found in meta description.","score":9,"maxScore":9,"error":0},"keyphraseLength":{"title":"Keyphrase length","description":"Good job!","score":9,"maxScore":9,"error":0,"length":3},"keyphraseInIntroduction":{"title":"Keyphrase in introduction","description":"Your Keyphrase appears in the first paragraph. Well done!","score":9,"maxScore":9,"error":0},"keyphraseInImageAlt":{"title":"Keyphrase in image alt attributes","description":"Keyphrase not found in image alt attribute(s). Add an image with your Keyphrase as alt text.","score":3,"maxScore":9,"error":1}}},{"keyphrase":"Bayern M\u00fanich ","score":83,"analysis":{"keyphraseInDescription":{"title":"Keyphrase in meta description","description":"Keyphrase found in meta description.","score":9,"maxScore":9,"error":0},"keyphraseLength":{"title":"Keyphrase length","description":"Good job!","score":9,"maxScore":9,"error":0,"length":2},"keyphraseInIntroduction":{"title":"Keyphrase in introduction","description":"Your Keyphrase appears in the first paragraph. Well done!","score":9,"maxScore":9,"error":0},"keyphraseInImageAlt":{"title":"Keyphrase in image alt attributes","description":"Keyphrase not found in image alt attribute(s). Add an image with your Keyphrase as alt text.","score":3,"maxScore":9,"error":1}}},{"keyphrase":"Bayern","score":83,"analysis":{"keyphraseInDescription":{"title":"Keyphrase in meta description","description":"Keyphrase found in meta description.","score":9,"maxScore":9,"error":0},"keyphraseLength":{"title":"Keyphrase length","description":"Good job!","score":9,"maxScore":9,"error":0,"length":1},"keyphraseInIntroduction":{"title":"Keyphrase in introduction","description":"Your Keyphrase appears in the first paragraph. Well done!","score":9,"maxScore":9,"error":0},"keyphraseInImageAlt":{"title":"Keyphrase in image alt attributes","description":"Keyphrase not found in image alt attribute(s). Add an image with your Keyphrase as alt text.","score":3,"maxScore":9,"error":1}}}]},"primary_term":null,"canonical_url":null,"og_title":null,"og_description":null,"og_object_type":"default","og_image_type":"default","og_image_url":null,"og_image_width":null,"og_image_height":null,"og_image_custom_url":null,"og_image_custom_fields":null,"og_video":"","og_custom_url":null,"og_article_section":null,"og_article_tags":[],"twitter_use_og":false,"twitter_card":"default","twitter_image_type":"default","twitter_image_url":null,"twitter_image_custom_url":null,"twitter_image_custom_fields":null,"twitter_title":null,"twitter_description":null,"schema":{"blockGraphs":[],"customGraphs":[],"default":{"data":{"Article":[],"Course":[],"Dataset":[],"FAQPage":[],"Movie":[],"Person":[],"Product":[],"ProductReview":[],"Car":[],"Recipe":[],"Service":[],"SoftwareApplication":[],"WebPage":[]},"graphName":"","isEnabled":true},"graphs":[],"defaultGraph":"Article","defaultPostTypeGraph":""},"schema_type":"default","schema_type_options":"{\"article\":{\"articleType\":\"BlogPosting\"},\"course\":{\"name\":\"\",\"description\":\"\",\"provider\":\"\"},\"faq\":{\"pages\":[]},\"product\":{\"reviews\":[]},\"recipe\":{\"ingredients\":[],\"instructions\":[],\"keywords\":[]},\"software\":{\"reviews\":[],\"operatingSystems\":[]},\"webPage\":{\"webPageType\":\"WebPage\"},\"blockGraphs\":[]}","pillar_content":false,"robots_default":true,"robots_noindex":false,"robots_noarchive":false,"robots_nosnippet":false,"robots_nofollow":false,"robots_noimageindex":false,"robots_noodp":false,"robots_notranslate":false,"robots_max_snippet":"-1","robots_max_videopreview":"-1","robots_max_imagepreview":"large","priority":null,"frequency":"default","location":null,"local_seo":null,"seo_analyzer_scan_date":"2025-09-01 09:09:15","breadcrumb_settings":null,"limit_modified_date":false,"reviewed_by":null,"open_ai":null,"ai":null,"created":"2022-07-18 18:56:04","updated":"2025-09-01 09:09:15"},"aioseo_breadcrumb":"<div class=\"aioseo-breadcrumbs\"><span class=\"aioseo-breadcrumb\">\n\t<a href=\"https:\/\/candas365.es\/noticias\" title=\"Home\">Home<\/a>\n<\/span><span class=\"aioseo-breadcrumb-separator\">&ndash;<\/span><span class=\"aioseo-breadcrumb\">\n\t<a href=\"https:\/\/candas365.es\/noticias\/category\/deporte\/\" title=\"Deporte\">Deporte<\/a>\n<\/span><span class=\"aioseo-breadcrumb-separator\">&ndash;<\/span><span class=\"aioseo-breadcrumb\">\n\tDe Ligt al Bayern M\u00fanich\n<\/span><\/div>","aioseo_breadcrumb_json":[{"label":"Home","link":"https:\/\/candas365.es\/noticias"},{"label":"Deporte","link":"https:\/\/candas365.es\/noticias\/category\/deporte\/"},{"label":"De Ligt al Bayern M\u00fanich","link":"https:\/\/candas365.es\/noticias\/de-ligt-al-bayern-munich\/"}],"_links":{"self":[{"href":"https:\/\/candas365.es\/noticias\/wp-json\/wp\/v2\/posts\/163824","targetHints":{"allow":["GET"]}}],"collection":[{"href":"https:\/\/candas365.es\/noticias\/wp-json\/wp\/v2\/posts"}],"about":[{"href":"https:\/\/candas365.es\/noticias\/wp-json\/wp\/v2\/types\/post"}],"author":[{"embeddable":true,"href":"https:\/\/candas365.es\/noticias\/wp-json\/wp\/v2\/users\/1"}],"replies":[{"embeddable":true,"href":"https:\/\/candas365.es\/noticias\/wp-json\/wp\/v2\/comments?post=163824"}],"version-history":[{"count":0,"href":"https:\/\/candas365.es\/noticias\/wp-json\/wp\/v2\/posts\/163824\/revisions"}],"wp:featuredmedia":[{"embeddable":true,"href":"https:\/\/candas365.es\/noticias\/wp-json\/wp\/v2\/media\/163825"}],"wp:attachment":[{"href":"https:\/\/candas365.es\/noticias\/wp-json\/wp\/v2\/media?parent=163824"}],"wp:term":[{"taxonomy":"category","embeddable":true,"href":"https:\/\/candas365.es\/noticias\/wp-json\/wp\/v2\/categories?post=163824"},{"taxonomy":"post_tag","embeddable":true,"href":"https:\/\/candas365.es\/noticias\/wp-json\/wp\/v2\/tags?post=163824"}],"curies":[{"name":"wp","href":"https:\/\/api.w.org\/{rel}","templated":true}]}}