{"id":163679,"date":"2022-07-16T07:38:46","date_gmt":"2022-07-16T05:38:46","guid":{"rendered":"https:\/\/candas365.es\/noticias\/?p=163679"},"modified":"2022-07-16T07:38:46","modified_gmt":"2022-07-16T05:38:46","slug":"zelenski-preservaremos-nuestra-humanidad-y-nuestro-civismo","status":"publish","type":"post","link":"https:\/\/candas365.es\/noticias\/zelenski-preservaremos-nuestra-humanidad-y-nuestro-civismo\/","title":{"rendered":"Zelenski: \u00abPreservaremos nuestra humanidad y nuestro civismo\u00bb"},"content":{"rendered":"<p>(EP) &#8211; El presidente ucraniano,<a href=\"https:\/\/www.eldigitaldeasturias.com\/noticias\/zelenski-acusa-a-rusia-de-secuestrar-a-unos-200-000-ninos-ucranianos\/\" target=\"_blank\" rel=\"noopener\"><span style=\"color: #ff6600;\"><strong> Volodimir Zelenski<\/strong><\/span><\/a>, ha asegurado este viernes que su pa\u00eds reconstruir\u00e1 todo lo que destruyan las tropas rusas, mientras que la sociedad rusa \u00abpermanecer\u00e1 paralizada durante generaciones\u00bb por la invasi\u00f3n de Ucrania.<\/p>\n<figure id=\"attachment_163680\" aria-describedby=\"caption-attachment-163680\" style=\"width: 650px\" class=\"wp-caption aligncenter\"><img fetchpriority=\"high\" decoding=\"async\" class=\"wp-image-163680 size-large\" src=\"https:\/\/candas365.es\/noticias\/wp-content\/uploads\/2022\/07\/Zelenski-650x410.jpg\" alt=\"Zelenski\" width=\"650\" height=\"410\" srcset=\"https:\/\/candas365.es\/noticias\/wp-content\/uploads\/2022\/07\/Zelenski-650x410.jpg 650w, https:\/\/candas365.es\/noticias\/wp-content\/uploads\/2022\/07\/Zelenski-360x227.jpg 360w, https:\/\/candas365.es\/noticias\/wp-content\/uploads\/2022\/07\/Zelenski-768x484.jpg 768w, https:\/\/candas365.es\/noticias\/wp-content\/uploads\/2022\/07\/Zelenski-150x95.jpg 150w, https:\/\/candas365.es\/noticias\/wp-content\/uploads\/2022\/07\/Zelenski-450x284.jpg 450w, https:\/\/candas365.es\/noticias\/wp-content\/uploads\/2022\/07\/Zelenski.jpg 1057w\" sizes=\"(max-width: 650px) 100vw, 650px\" \/><figcaption id=\"caption-attachment-163680\" class=\"wp-caption-text\">FOTO: PRESIDENCIA DE UCRANIA \/ Europa Press<\/figcaption><\/figure>\n<p>\u00abDefinitivamente restauraremos todo lo que destruyan. Cada una de las m\u00e1s de dos mil instituciones educativas: todos los jardines de infancia, todas las escuelas, institutos, universidades. Y lo m\u00e1s importante, <strong>preservaremos nuestra humanidad y nuestro civismo<\/strong>\u00ab, ha sostenido el mandatario ucraniano en su mensaje diario a la poblaci\u00f3n del pa\u00eds.<\/p>\n<p>En este sentido, Zelenski ha augurado que la sociedad rusa \u00abpermanecer\u00e1 paralizada durante generaciones\u00bb aludiendo a los ataques a Ucrania perpetrados por \u00abtantos asesinos y verdugos\u00bb, y ha a\u00f1adido que es \u00abculpa\u00bb del propio pa\u00eds.<\/p>\n<p>\u00abNo existen palabras en el lenguaje humano normal que puedan describir el estado al que se ha degradado el Estado ruso\u00bb, ha expresado el presidente de Ucrania, aludiendo al ataque de las fuerzas rusas este viernes a primera hora contra dos universidades situadas en la ciudad de Mikolaiv, en el sur del pa\u00eds.<\/p>\n<blockquote><p>\u00abEs un doble crimen: destruir institutos particularmente pedag\u00f3gicos, de modo que no haya una instituci\u00f3n educativa y no se puedan formar nuevos educadores\u00bb, ha dicho Zelenski.<\/p><\/blockquote>\n<p>Por otra parte, el mandatario de Ucrania ha agradecido a Estados Unidos la asistencia adicional en defensa aprobada este jueves por la C\u00e1mara de los Representantes del pa\u00eds. \u00abEsta y otras ayudas estadounidenses a nuestro pa\u00eds fortalecer\u00e1n significativamente nuestro potencial de defensa\u00bb, ha agregado.<\/p>\n<p>\u00abQuiero expresar una vez m\u00e1s mi gratitud al pueblo estadounidense, al presidente Biden, al Congreso de los Estados Unidos por todo el apoyo que recibimos (&#8230;). Solo en las \u00faltimas dos semanas, se han transferido tres mil millones de euros al presupuesto de Ucrania desde Estados Unidos\u00bb, ha detallado Zelenski, calificando al pa\u00eds norteamericano como \u00abun l\u00edder en la defensa global de la libertad\u00bb.<\/p>\n","protected":false},"excerpt":{"rendered":"<p>(EP) &#8211; El presidente ucraniano, Volodimir Zelenski, ha asegurado este viernes que su pa\u00eds reconstruir\u00e1 todo lo que destruyan las tropas rusas, mientras que la sociedad rusa \u00abpermanecer\u00e1 paralizada durante generaciones\u00bb por la invasi\u00f3n de Ucrania. \u00abDefinitivamente restauraremos todo lo que destruyan. Cada una de las m\u00e1s de dos mil instituciones educativas: todos los jardines<\/p>\n","protected":false},"author":1,"featured_media":163680,"comment_status":"closed","ping_status":"closed","sticky":false,"template":"","format":"standard","meta":{"footnotes":""},"categories":[343],"tags":[464,418],"class_list":{"0":"post-163679","1":"post","2":"type-post","3":"status-publish","4":"format-standard","5":"has-post-thumbnail","7":"category-actualidad","8":"tag-conflictos","9":"tag-internacional"},"aioseo_notices":[],"aioseo_head":"\n\t\t<!-- All in One SEO Pro 4.9.6.2 - aioseo.com -->\n\t<meta name=\"description\" content=\"(EP) - El presidente ucraniano, Volodimir Zelenski, ha asegurado este viernes que su pa\u00eds reconstruir\u00e1 todo lo que destruyan las tropas rusas\" \/>\n\t<meta name=\"robots\" content=\"max-image-preview:large\" \/>\n\t<meta name=\"author\" content=\"Cand\u00e1s 365\"\/>\n\t<meta name=\"google-site-verification\" content=\"UA-32230408-1\" \/>\n\t<meta name=\"msvalidate.01\" content=\"354F3CDFB2DA171B47FBE9ABF1F88D5\" \/>\n\t<meta name=\"keywords\" content=\"actualidad\" \/>\n\t<link rel=\"canonical\" href=\"https:\/\/candas365.es\/noticias\/zelenski-preservaremos-nuestra-humanidad-y-nuestro-civismo\/\" \/>\n\t<meta name=\"generator\" content=\"All in One SEO Pro (AIOSEO) 4.9.6.2\" \/>\n\t\t<meta property=\"og:locale\" content=\"es_ES\" \/>\n\t\t<meta property=\"og:site_name\" content=\"Cand\u00e1s 365\" \/>\n\t\t<meta property=\"og:type\" content=\"article\" \/>\n\t\t<meta property=\"og:title\" content=\"Zelenski: \u00abPreservaremos nuestra humanidad y nuestro civismo\u00bb | Cand\u00e1s 365\" \/>\n\t\t<meta property=\"og:description\" content=\"(EP) - El presidente ucraniano, Volodimir Zelenski, ha asegurado este viernes que su pa\u00eds reconstruir\u00e1 todo lo que destruyan las tropas rusas\" \/>\n\t\t<meta property=\"og:url\" content=\"https:\/\/candas365.es\/noticias\/zelenski-preservaremos-nuestra-humanidad-y-nuestro-civismo\/\" \/>\n\t\t<meta property=\"og:image\" content=\"https:\/\/candas365.es\/noticias\/wp-content\/uploads\/2022\/07\/Zelenski.jpg\" \/>\n\t\t<meta property=\"og:image:secure_url\" content=\"https:\/\/candas365.es\/noticias\/wp-content\/uploads\/2022\/07\/Zelenski.jpg\" \/>\n\t\t<meta property=\"og:image:width\" content=\"1057\" \/>\n\t\t<meta property=\"og:image:height\" content=\"666\" \/>\n\t\t<meta property=\"article:published_time\" content=\"2022-07-16T05:38:46+00:00\" \/>\n\t\t<meta property=\"article:modified_time\" content=\"2022-07-16T05:38:46+00:00\" \/>\n\t\t<meta property=\"article:publisher\" content=\"https:\/\/www.facebook.com\/Nachofdezber\" \/>\n\t\t<meta property=\"article:author\" content=\"https:\/\/www.facebook.com\/carrenoactualidad\" \/>\n\t\t<meta name=\"twitter:card\" content=\"summary_large_image\" \/>\n\t\t<meta name=\"twitter:site\" content=\"@NabercoDigital\" \/>\n\t\t<meta name=\"twitter:title\" content=\"Zelenski: \u00abPreservaremos nuestra humanidad y nuestro civismo\u00bb | Cand\u00e1s 365\" \/>\n\t\t<meta name=\"twitter:description\" content=\"(EP) - El presidente ucraniano, Volodimir Zelenski, ha asegurado este viernes que su pa\u00eds reconstruir\u00e1 todo lo que destruyan las tropas rusas\" \/>\n\t\t<meta name=\"twitter:creator\" content=\"@nbasturias\" \/>\n\t\t<meta name=\"twitter:image\" content=\"https:\/\/candas365.es\/noticias\/wp-content\/uploads\/2022\/07\/Zelenski.jpg\" \/>\n\t\t<meta name=\"twitter:label1\" content=\"Escrito por\" \/>\n\t\t<meta name=\"twitter:data1\" content=\"Cand\u00e1s 365\" \/>\n\t\t<meta name=\"twitter:label2\" content=\"Tiempo de lectura estimado\" \/>\n\t\t<meta name=\"twitter:data2\" content=\"2 minutos\" \/>\n\t\t<script type=\"application\/ld+json\" class=\"aioseo-schema\">\n\t\t\t{\"@context\":\"https:\\\/\\\/schema.org\",\"@graph\":[{\"@type\":\"BreadcrumbList\",\"@id\":\"https:\\\/\\\/candas365.es\\\/noticias\\\/zelenski-preservaremos-nuestra-humanidad-y-nuestro-civismo\\\/#breadcrumblist\",\"itemListElement\":[{\"@type\":\"ListItem\",\"@id\":\"https:\\\/\\\/candas365.es\\\/noticias#listItem\",\"position\":1,\"name\":\"Home\",\"item\":\"https:\\\/\\\/candas365.es\\\/noticias\",\"nextItem\":{\"@type\":\"ListItem\",\"@id\":\"https:\\\/\\\/candas365.es\\\/noticias\\\/category\\\/actualidad\\\/#listItem\",\"name\":\"Actualidad\"}},{\"@type\":\"ListItem\",\"@id\":\"https:\\\/\\\/candas365.es\\\/noticias\\\/category\\\/actualidad\\\/#listItem\",\"position\":2,\"name\":\"Actualidad\",\"item\":\"https:\\\/\\\/candas365.es\\\/noticias\\\/category\\\/actualidad\\\/\",\"nextItem\":{\"@type\":\"ListItem\",\"@id\":\"https:\\\/\\\/candas365.es\\\/noticias\\\/zelenski-preservaremos-nuestra-humanidad-y-nuestro-civismo\\\/#listItem\",\"name\":\"Zelenski: \\u00abPreservaremos nuestra humanidad y nuestro civismo\\u00bb\"},\"previousItem\":{\"@type\":\"ListItem\",\"@id\":\"https:\\\/\\\/candas365.es\\\/noticias#listItem\",\"name\":\"Home\"}},{\"@type\":\"ListItem\",\"@id\":\"https:\\\/\\\/candas365.es\\\/noticias\\\/zelenski-preservaremos-nuestra-humanidad-y-nuestro-civismo\\\/#listItem\",\"position\":3,\"name\":\"Zelenski: \\u00abPreservaremos nuestra humanidad y nuestro civismo\\u00bb\",\"previousItem\":{\"@type\":\"ListItem\",\"@id\":\"https:\\\/\\\/candas365.es\\\/noticias\\\/category\\\/actualidad\\\/#listItem\",\"name\":\"Actualidad\"}}]},{\"@type\":\"NewsArticle\",\"@id\":\"https:\\\/\\\/candas365.es\\\/noticias\\\/zelenski-preservaremos-nuestra-humanidad-y-nuestro-civismo\\\/#newsarticle\",\"name\":\"Zelenski: \\u00abPreservaremos nuestra humanidad y nuestro civismo\\u00bb | Cand\\u00e1s 365\",\"headline\":\"Zelenski: \\u00abPreservaremos nuestra humanidad y nuestro civismo\\u00bb\",\"author\":{\"@id\":\"https:\\\/\\\/candas365.es\\\/noticias\\\/author\\\/admin\\\/#author\"},\"publisher\":{\"@id\":\"https:\\\/\\\/candas365.es\\\/noticias\\\/#organization\"},\"image\":{\"@type\":\"ImageObject\",\"url\":\"https:\\\/\\\/candas365.es\\\/noticias\\\/wp-content\\\/uploads\\\/2022\\\/07\\\/Zelenski.jpg\",\"width\":1057,\"height\":666,\"caption\":\"FOTO: PRESIDENCIA DE UCRANIA \\\/ Europa Press\"},\"datePublished\":\"2022-07-16T07:38:46+02:00\",\"dateModified\":\"2022-07-16T07:38:46+02:00\",\"inLanguage\":\"es-ES\",\"mainEntityOfPage\":{\"@id\":\"https:\\\/\\\/candas365.es\\\/noticias\\\/zelenski-preservaremos-nuestra-humanidad-y-nuestro-civismo\\\/#webpage\"},\"isPartOf\":{\"@id\":\"https:\\\/\\\/candas365.es\\\/noticias\\\/zelenski-preservaremos-nuestra-humanidad-y-nuestro-civismo\\\/#webpage\"},\"articleSection\":\"Actualidad, conflictos, Internacional\",\"dateline\":\"Publicado el julio 16, 2022.\"},{\"@type\":\"Organization\",\"@id\":\"https:\\\/\\\/candas365.es\\\/noticias\\\/#organization\",\"name\":\"Cand\\u00e1s 365\",\"description\":\"Cand\\u00e1s 365 es un diario digital independiente, fundado en 2012, con base en Asturias. Informamos con rigor sobre actualidad, sociedad, cultura y ocio, con una mirada local y global.\",\"url\":\"https:\\\/\\\/candas365.es\\\/noticias\\\/\",\"email\":\"info@candas365.es\",\"telephone\":\"+34652131393\",\"foundingDate\":\"2012-06-10\",\"logo\":{\"@type\":\"ImageObject\",\"url\":\"https:\\\/\\\/candas365.es\\\/noticias\\\/wp-content\\\/uploads\\\/2024\\\/09\\\/Candas-365-Redes.jpg\",\"@id\":\"https:\\\/\\\/candas365.es\\\/noticias\\\/zelenski-preservaremos-nuestra-humanidad-y-nuestro-civismo\\\/#organizationLogo\",\"width\":1152,\"height\":864,\"caption\":\"Cand\\u00e1s 365 Redes\"},\"image\":{\"@id\":\"https:\\\/\\\/candas365.es\\\/noticias\\\/zelenski-preservaremos-nuestra-humanidad-y-nuestro-civismo\\\/#organizationLogo\"},\"sameAs\":[\"https:\\\/\\\/www.facebook.com\\\/Nachofdezber\",\"https:\\\/\\\/x.com\\\/NabercoDigital\",\"https:\\\/\\\/www.instagram.com\\\/nachofdezber\\\/\",\"https:\\\/\\\/www.youtube.com\\\/channel\\\/UCZP-2wLEB9Rv6erhFmqVnvg\"],\"address\":{\"@id\":\"https:\\\/\\\/candas365.es\\\/noticias\\\/#postaladdress\",\"@type\":\"PostalAddress\",\"streetAddress\":\"san antonio 4, san antonio 4\",\"postalCode\":\"33430\",\"addressLocality\":\"Cand\\u00e1s\",\"addressRegion\":\"Asturias\",\"addressCountry\":\"ES\"}},{\"@type\":\"Person\",\"@id\":\"https:\\\/\\\/candas365.es\\\/noticias\\\/author\\\/admin\\\/#author\",\"url\":\"https:\\\/\\\/candas365.es\\\/noticias\\\/author\\\/admin\\\/\",\"name\":\"Cand\\u00e1s 365\",\"image\":{\"@type\":\"ImageObject\",\"@id\":\"https:\\\/\\\/candas365.es\\\/noticias\\\/zelenski-preservaremos-nuestra-humanidad-y-nuestro-civismo\\\/#authorImage\",\"url\":\"https:\\\/\\\/secure.gravatar.com\\\/avatar\\\/496a8e03d0c493ede1718b7934145dbdf8d89be1036b0eec9544e1094c9de390?s=96&d=mm&r=g\",\"width\":96,\"height\":96,\"caption\":\"Cand\\u00e1s 365\"},\"sameAs\":[\"https:\\\/\\\/www.facebook.com\\\/carrenoactualidad\",\"https:\\\/\\\/twitter.com\\\/nbasturias\",\"https:\\\/\\\/www.instagram.com\\\/nachofdezber\\\/\",\"https:\\\/\\\/www.youtube.com\\\/channel\\\/UCZP-2wLEB9Rv6erhFmqVnvg\"]},{\"@type\":\"WebPage\",\"@id\":\"https:\\\/\\\/candas365.es\\\/noticias\\\/zelenski-preservaremos-nuestra-humanidad-y-nuestro-civismo\\\/#webpage\",\"url\":\"https:\\\/\\\/candas365.es\\\/noticias\\\/zelenski-preservaremos-nuestra-humanidad-y-nuestro-civismo\\\/\",\"name\":\"Zelenski: \\u00abPreservaremos nuestra humanidad y nuestro civismo\\u00bb | Cand\\u00e1s 365\",\"description\":\"(EP) - El presidente ucraniano, Volodimir Zelenski, ha asegurado este viernes que su pa\\u00eds reconstruir\\u00e1 todo lo que destruyan las tropas rusas\",\"inLanguage\":\"es-ES\",\"isPartOf\":{\"@id\":\"https:\\\/\\\/candas365.es\\\/noticias\\\/#website\"},\"breadcrumb\":{\"@id\":\"https:\\\/\\\/candas365.es\\\/noticias\\\/zelenski-preservaremos-nuestra-humanidad-y-nuestro-civismo\\\/#breadcrumblist\"},\"author\":{\"@id\":\"https:\\\/\\\/candas365.es\\\/noticias\\\/author\\\/admin\\\/#author\"},\"creator\":{\"@id\":\"https:\\\/\\\/candas365.es\\\/noticias\\\/author\\\/admin\\\/#author\"},\"image\":{\"@type\":\"ImageObject\",\"url\":\"https:\\\/\\\/candas365.es\\\/noticias\\\/wp-content\\\/uploads\\\/2022\\\/07\\\/Zelenski.jpg\",\"@id\":\"https:\\\/\\\/candas365.es\\\/noticias\\\/zelenski-preservaremos-nuestra-humanidad-y-nuestro-civismo\\\/#mainImage\",\"width\":1057,\"height\":666,\"caption\":\"FOTO: PRESIDENCIA DE UCRANIA \\\/ Europa Press\"},\"primaryImageOfPage\":{\"@id\":\"https:\\\/\\\/candas365.es\\\/noticias\\\/zelenski-preservaremos-nuestra-humanidad-y-nuestro-civismo\\\/#mainImage\"},\"datePublished\":\"2022-07-16T07:38:46+02:00\",\"dateModified\":\"2022-07-16T07:38:46+02:00\"},{\"@type\":\"WebSite\",\"@id\":\"https:\\\/\\\/candas365.es\\\/noticias\\\/#website\",\"url\":\"https:\\\/\\\/candas365.es\\\/noticias\\\/\",\"name\":\"Cand\\u00e1s 365\",\"alternateName\":\"Cand\\u00e1s 365 Noticias\",\"description\":\"Actualidad desde Carre\\u00f1o para el mundo\",\"inLanguage\":\"es-ES\",\"publisher\":{\"@id\":\"https:\\\/\\\/candas365.es\\\/noticias\\\/#organization\"}}]}\n\t\t<\/script>\n\t\t<!-- All in One SEO Pro -->\r\n\t\t<title>Zelenski: \u00abPreservaremos nuestra humanidad y nuestro civismo\u00bb | Cand\u00e1s 365<\/title>\n\n","aioseo_head_json":{"title":"Zelenski: \u00abPreservaremos nuestra humanidad y nuestro civismo\u00bb | Cand\u00e1s 365","description":"(EP) - El presidente ucraniano, Volodimir Zelenski, ha asegurado este viernes que su pa\u00eds reconstruir\u00e1 todo lo que destruyan las tropas rusas","canonical_url":"https:\/\/candas365.es\/noticias\/zelenski-preservaremos-nuestra-humanidad-y-nuestro-civismo\/","robots":"max-image-preview:large","keywords":"actualidad","webmasterTools":{"google-site-verification":"UA-32230408-1","msvalidate.01":"354F3CDFB2DA171B47FBE9ABF1F88D5","miscellaneous":""},"schema":{"@context":"https:\/\/schema.org","@graph":[{"@type":"BreadcrumbList","@id":"https:\/\/candas365.es\/noticias\/zelenski-preservaremos-nuestra-humanidad-y-nuestro-civismo\/#breadcrumblist","itemListElement":[{"@type":"ListItem","@id":"https:\/\/candas365.es\/noticias#listItem","position":1,"name":"Home","item":"https:\/\/candas365.es\/noticias","nextItem":{"@type":"ListItem","@id":"https:\/\/candas365.es\/noticias\/category\/actualidad\/#listItem","name":"Actualidad"}},{"@type":"ListItem","@id":"https:\/\/candas365.es\/noticias\/category\/actualidad\/#listItem","position":2,"name":"Actualidad","item":"https:\/\/candas365.es\/noticias\/category\/actualidad\/","nextItem":{"@type":"ListItem","@id":"https:\/\/candas365.es\/noticias\/zelenski-preservaremos-nuestra-humanidad-y-nuestro-civismo\/#listItem","name":"Zelenski: \u00abPreservaremos nuestra humanidad y nuestro civismo\u00bb"},"previousItem":{"@type":"ListItem","@id":"https:\/\/candas365.es\/noticias#listItem","name":"Home"}},{"@type":"ListItem","@id":"https:\/\/candas365.es\/noticias\/zelenski-preservaremos-nuestra-humanidad-y-nuestro-civismo\/#listItem","position":3,"name":"Zelenski: \u00abPreservaremos nuestra humanidad y nuestro civismo\u00bb","previousItem":{"@type":"ListItem","@id":"https:\/\/candas365.es\/noticias\/category\/actualidad\/#listItem","name":"Actualidad"}}]},{"@type":"NewsArticle","@id":"https:\/\/candas365.es\/noticias\/zelenski-preservaremos-nuestra-humanidad-y-nuestro-civismo\/#newsarticle","name":"Zelenski: \u00abPreservaremos nuestra humanidad y nuestro civismo\u00bb | Cand\u00e1s 365","headline":"Zelenski: \u00abPreservaremos nuestra humanidad y nuestro civismo\u00bb","author":{"@id":"https:\/\/candas365.es\/noticias\/author\/admin\/#author"},"publisher":{"@id":"https:\/\/candas365.es\/noticias\/#organization"},"image":{"@type":"ImageObject","url":"https:\/\/candas365.es\/noticias\/wp-content\/uploads\/2022\/07\/Zelenski.jpg","width":1057,"height":666,"caption":"FOTO: PRESIDENCIA DE UCRANIA \/ Europa Press"},"datePublished":"2022-07-16T07:38:46+02:00","dateModified":"2022-07-16T07:38:46+02:00","inLanguage":"es-ES","mainEntityOfPage":{"@id":"https:\/\/candas365.es\/noticias\/zelenski-preservaremos-nuestra-humanidad-y-nuestro-civismo\/#webpage"},"isPartOf":{"@id":"https:\/\/candas365.es\/noticias\/zelenski-preservaremos-nuestra-humanidad-y-nuestro-civismo\/#webpage"},"articleSection":"Actualidad, conflictos, Internacional","dateline":"Publicado el julio 16, 2022."},{"@type":"Organization","@id":"https:\/\/candas365.es\/noticias\/#organization","name":"Cand\u00e1s 365","description":"Cand\u00e1s 365 es un diario digital independiente, fundado en 2012, con base en Asturias. Informamos con rigor sobre actualidad, sociedad, cultura y ocio, con una mirada local y global.","url":"https:\/\/candas365.es\/noticias\/","email":"info@candas365.es","telephone":"+34652131393","foundingDate":"2012-06-10","logo":{"@type":"ImageObject","url":"https:\/\/candas365.es\/noticias\/wp-content\/uploads\/2024\/09\/Candas-365-Redes.jpg","@id":"https:\/\/candas365.es\/noticias\/zelenski-preservaremos-nuestra-humanidad-y-nuestro-civismo\/#organizationLogo","width":1152,"height":864,"caption":"Cand\u00e1s 365 Redes"},"image":{"@id":"https:\/\/candas365.es\/noticias\/zelenski-preservaremos-nuestra-humanidad-y-nuestro-civismo\/#organizationLogo"},"sameAs":["https:\/\/www.facebook.com\/Nachofdezber","https:\/\/x.com\/NabercoDigital","https:\/\/www.instagram.com\/nachofdezber\/","https:\/\/www.youtube.com\/channel\/UCZP-2wLEB9Rv6erhFmqVnvg"],"address":{"@id":"https:\/\/candas365.es\/noticias\/#postaladdress","@type":"PostalAddress","streetAddress":"san antonio 4, san antonio 4","postalCode":"33430","addressLocality":"Cand\u00e1s","addressRegion":"Asturias","addressCountry":"ES"}},{"@type":"Person","@id":"https:\/\/candas365.es\/noticias\/author\/admin\/#author","url":"https:\/\/candas365.es\/noticias\/author\/admin\/","name":"Cand\u00e1s 365","image":{"@type":"ImageObject","@id":"https:\/\/candas365.es\/noticias\/zelenski-preservaremos-nuestra-humanidad-y-nuestro-civismo\/#authorImage","url":"https:\/\/secure.gravatar.com\/avatar\/496a8e03d0c493ede1718b7934145dbdf8d89be1036b0eec9544e1094c9de390?s=96&d=mm&r=g","width":96,"height":96,"caption":"Cand\u00e1s 365"},"sameAs":["https:\/\/www.facebook.com\/carrenoactualidad","https:\/\/twitter.com\/nbasturias","https:\/\/www.instagram.com\/nachofdezber\/","https:\/\/www.youtube.com\/channel\/UCZP-2wLEB9Rv6erhFmqVnvg"]},{"@type":"WebPage","@id":"https:\/\/candas365.es\/noticias\/zelenski-preservaremos-nuestra-humanidad-y-nuestro-civismo\/#webpage","url":"https:\/\/candas365.es\/noticias\/zelenski-preservaremos-nuestra-humanidad-y-nuestro-civismo\/","name":"Zelenski: \u00abPreservaremos nuestra humanidad y nuestro civismo\u00bb | Cand\u00e1s 365","description":"(EP) - El presidente ucraniano, Volodimir Zelenski, ha asegurado este viernes que su pa\u00eds reconstruir\u00e1 todo lo que destruyan las tropas rusas","inLanguage":"es-ES","isPartOf":{"@id":"https:\/\/candas365.es\/noticias\/#website"},"breadcrumb":{"@id":"https:\/\/candas365.es\/noticias\/zelenski-preservaremos-nuestra-humanidad-y-nuestro-civismo\/#breadcrumblist"},"author":{"@id":"https:\/\/candas365.es\/noticias\/author\/admin\/#author"},"creator":{"@id":"https:\/\/candas365.es\/noticias\/author\/admin\/#author"},"image":{"@type":"ImageObject","url":"https:\/\/candas365.es\/noticias\/wp-content\/uploads\/2022\/07\/Zelenski.jpg","@id":"https:\/\/candas365.es\/noticias\/zelenski-preservaremos-nuestra-humanidad-y-nuestro-civismo\/#mainImage","width":1057,"height":666,"caption":"FOTO: PRESIDENCIA DE UCRANIA \/ Europa Press"},"primaryImageOfPage":{"@id":"https:\/\/candas365.es\/noticias\/zelenski-preservaremos-nuestra-humanidad-y-nuestro-civismo\/#mainImage"},"datePublished":"2022-07-16T07:38:46+02:00","dateModified":"2022-07-16T07:38:46+02:00"},{"@type":"WebSite","@id":"https:\/\/candas365.es\/noticias\/#website","url":"https:\/\/candas365.es\/noticias\/","name":"Cand\u00e1s 365","alternateName":"Cand\u00e1s 365 Noticias","description":"Actualidad desde Carre\u00f1o para el mundo","inLanguage":"es-ES","publisher":{"@id":"https:\/\/candas365.es\/noticias\/#organization"}}]},"og:locale":"es_ES","og:site_name":"Cand\u00e1s 365","og:type":"article","og:title":"Zelenski: \u00abPreservaremos nuestra humanidad y nuestro civismo\u00bb | Cand\u00e1s 365","og:description":"(EP) - El presidente ucraniano, Volodimir Zelenski, ha asegurado este viernes que su pa\u00eds reconstruir\u00e1 todo lo que destruyan las tropas rusas","og:url":"https:\/\/candas365.es\/noticias\/zelenski-preservaremos-nuestra-humanidad-y-nuestro-civismo\/","og:image":"https:\/\/candas365.es\/noticias\/wp-content\/uploads\/2022\/07\/Zelenski.jpg","og:image:secure_url":"https:\/\/candas365.es\/noticias\/wp-content\/uploads\/2022\/07\/Zelenski.jpg","og:image:width":1057,"og:image:height":666,"article:published_time":"2022-07-16T05:38:46+00:00","article:modified_time":"2022-07-16T05:38:46+00:00","article:publisher":"https:\/\/www.facebook.com\/Nachofdezber","article:author":"https:\/\/www.facebook.com\/carrenoactualidad","twitter:card":"summary_large_image","twitter:site":"@NabercoDigital","twitter:title":"Zelenski: \u00abPreservaremos nuestra humanidad y nuestro civismo\u00bb | Cand\u00e1s 365","twitter:description":"(EP) - El presidente ucraniano, Volodimir Zelenski, ha asegurado este viernes que su pa\u00eds reconstruir\u00e1 todo lo que destruyan las tropas rusas","twitter:creator":"@nbasturias","twitter:image":"https:\/\/candas365.es\/noticias\/wp-content\/uploads\/2022\/07\/Zelenski.jpg","twitter:label1":"Escrito por","twitter:data1":"Cand\u00e1s 365","twitter:label2":"Tiempo de lectura estimado","twitter:data2":"2 minutos"},"aioseo_meta_data":{"post_id":"163679","title":null,"description":"(EP) - El presidente ucraniano, Volodimir Zelenski, ha asegurado este viernes que su pa\u00eds reconstruir\u00e1 todo lo que destruyan las tropas rusas","keywords":[],"keyphrases":{"focus":{"keyphrase":"Zelenski","score":92,"analysis":{"keyphraseInTitle":{"title":"Focus keyphrase in SEO title","description":"Focus keyphrase found in SEO title.","score":9,"maxScore":9,"error":0},"keyphraseInDescription":{"title":"Focus keyphrase in meta description","description":"Focus keyphrase found in meta description.","score":9,"maxScore":9,"error":0},"keyphraseLength":{"title":"Focus keyphrase length","description":"Good job!","score":9,"maxScore":9,"error":0,"length":1},"keyphraseInURL":{"title":"Focus keyphrase in URL","description":"Focus keyphrase not found in the URL.","score":1,"maxScore":5,"error":1},"keyphraseInIntroduction":{"title":"Focus keyphrase in introduction","description":"Your Focus keyphrase appears in the first paragraph. Well done!","score":9,"maxScore":9,"error":0},"keyphraseInSubHeadings":[],"keyphraseInImageAlt":{"title":"Focus keyphrase in image alt attributes","description":"Focus keyphrase found in image alt attribute(s).","score":9,"maxScore":9,"error":0}}},"additional":[{"keyphrase":"Volodimir Zelenski","score":83,"analysis":{"keyphraseInDescription":{"title":"Keyphrase in meta description","description":"Keyphrase found in meta description.","score":9,"maxScore":9,"error":0},"keyphraseLength":{"title":"Keyphrase length","description":"Good job!","score":9,"maxScore":9,"error":0,"length":2},"keyphraseInIntroduction":{"title":"Keyphrase in introduction","description":"Your Keyphrase appears in the first paragraph. Well done!","score":9,"maxScore":9,"error":0},"keyphraseInImageAlt":{"title":"Keyphrase in image alt attributes","description":"Keyphrase not found in image alt attribute(s). Add an image with your Keyphrase as alt text.","score":3,"maxScore":9,"error":1}}},{"keyphrase":"Zelenski","score":100,"analysis":{"keyphraseInDescription":{"title":"Keyphrase in meta description","description":"Keyphrase found in meta description.","score":9,"maxScore":9,"error":0},"keyphraseLength":{"title":"Keyphrase length","description":"Good job!","score":9,"maxScore":9,"error":0,"length":1},"keyphraseInIntroduction":{"title":"Keyphrase in introduction","description":"Your Keyphrase appears in the first paragraph. Well done!","score":9,"maxScore":9,"error":0},"keyphraseInImageAlt":{"title":"Keyphrase in image alt attributes","description":"Keyphrase found in image alt attribute(s).","score":9,"maxScore":9,"error":0}}},{"keyphrase":"presidente ucraniano","score":83,"analysis":{"keyphraseInDescription":{"title":"Keyphrase in meta description","description":"Keyphrase found in meta description.","score":9,"maxScore":9,"error":0},"keyphraseLength":{"title":"Keyphrase length","description":"Good job!","score":9,"maxScore":9,"error":0,"length":2},"keyphraseInIntroduction":{"title":"Keyphrase in introduction","description":"Your Keyphrase appears in the first paragraph. Well done!","score":9,"maxScore":9,"error":0},"keyphraseInImageAlt":{"title":"Keyphrase in image alt attributes","description":"Keyphrase not found in image alt attribute(s). Add an image with your Keyphrase as alt text.","score":3,"maxScore":9,"error":1}}}]},"primary_term":null,"canonical_url":null,"og_title":null,"og_description":null,"og_object_type":"default","og_image_type":"default","og_image_url":null,"og_image_width":null,"og_image_height":null,"og_image_custom_url":null,"og_image_custom_fields":null,"og_video":"","og_custom_url":null,"og_article_section":null,"og_article_tags":[],"twitter_use_og":false,"twitter_card":"default","twitter_image_type":"default","twitter_image_url":null,"twitter_image_custom_url":null,"twitter_image_custom_fields":null,"twitter_title":null,"twitter_description":null,"schema":{"blockGraphs":[],"customGraphs":[],"default":{"data":{"Article":[],"Course":[],"Dataset":[],"FAQPage":[],"Movie":[],"Person":[],"Product":[],"ProductReview":[],"Car":[],"Recipe":[],"Service":[],"SoftwareApplication":[],"WebPage":[]},"graphName":"","isEnabled":true},"graphs":[]},"schema_type":"default","schema_type_options":"{\"article\":{\"articleType\":\"BlogPosting\"},\"course\":{\"name\":\"\",\"description\":\"\",\"provider\":\"\"},\"faq\":{\"pages\":[]},\"product\":{\"reviews\":[]},\"recipe\":{\"ingredients\":[],\"instructions\":[],\"keywords\":[]},\"software\":{\"reviews\":[],\"operatingSystems\":[]},\"webPage\":{\"webPageType\":\"WebPage\"},\"blockGraphs\":[]}","pillar_content":false,"robots_default":true,"robots_noindex":false,"robots_noarchive":false,"robots_nosnippet":false,"robots_nofollow":false,"robots_noimageindex":false,"robots_noodp":false,"robots_notranslate":false,"robots_max_snippet":"-1","robots_max_videopreview":"-1","robots_max_imagepreview":"large","priority":null,"frequency":"default","location":null,"local_seo":null,"seo_analyzer_scan_date":"2025-09-01 08:58:14","breadcrumb_settings":null,"limit_modified_date":false,"reviewed_by":null,"open_ai":null,"ai":null,"created":"2022-07-16 05:30:58","updated":"2025-09-01 08:58:14"},"aioseo_breadcrumb":"<div class=\"aioseo-breadcrumbs\"><span class=\"aioseo-breadcrumb\">\n\t<a href=\"https:\/\/candas365.es\/noticias\" title=\"Home\">Home<\/a>\n<\/span><span class=\"aioseo-breadcrumb-separator\">&ndash;<\/span><span class=\"aioseo-breadcrumb\">\n\t<a href=\"https:\/\/candas365.es\/noticias\/category\/actualidad\/\" title=\"Actualidad\">Actualidad<\/a>\n<\/span><span class=\"aioseo-breadcrumb-separator\">&ndash;<\/span><span class=\"aioseo-breadcrumb\">\n\tZelenski: \u00abPreservaremos nuestra humanidad y nuestro civismo\u00bb\n<\/span><\/div>","aioseo_breadcrumb_json":[{"label":"Home","link":"https:\/\/candas365.es\/noticias"},{"label":"Actualidad","link":"https:\/\/candas365.es\/noticias\/category\/actualidad\/"},{"label":"Zelenski: \u00abPreservaremos nuestra humanidad y nuestro civismo\u00bb","link":"https:\/\/candas365.es\/noticias\/zelenski-preservaremos-nuestra-humanidad-y-nuestro-civismo\/"}],"_links":{"self":[{"href":"https:\/\/candas365.es\/noticias\/wp-json\/wp\/v2\/posts\/163679","targetHints":{"allow":["GET"]}}],"collection":[{"href":"https:\/\/candas365.es\/noticias\/wp-json\/wp\/v2\/posts"}],"about":[{"href":"https:\/\/candas365.es\/noticias\/wp-json\/wp\/v2\/types\/post"}],"author":[{"embeddable":true,"href":"https:\/\/candas365.es\/noticias\/wp-json\/wp\/v2\/users\/1"}],"replies":[{"embeddable":true,"href":"https:\/\/candas365.es\/noticias\/wp-json\/wp\/v2\/comments?post=163679"}],"version-history":[{"count":0,"href":"https:\/\/candas365.es\/noticias\/wp-json\/wp\/v2\/posts\/163679\/revisions"}],"wp:featuredmedia":[{"embeddable":true,"href":"https:\/\/candas365.es\/noticias\/wp-json\/wp\/v2\/media\/163680"}],"wp:attachment":[{"href":"https:\/\/candas365.es\/noticias\/wp-json\/wp\/v2\/media?parent=163679"}],"wp:term":[{"taxonomy":"category","embeddable":true,"href":"https:\/\/candas365.es\/noticias\/wp-json\/wp\/v2\/categories?post=163679"},{"taxonomy":"post_tag","embeddable":true,"href":"https:\/\/candas365.es\/noticias\/wp-json\/wp\/v2\/tags?post=163679"}],"curies":[{"name":"wp","href":"https:\/\/api.w.org\/{rel}","templated":true}]}}