{"id":163660,"date":"2022-07-16T05:27:33","date_gmt":"2022-07-16T03:27:33","guid":{"rendered":"https:\/\/candas365.es\/noticias\/?p=163660"},"modified":"2022-07-16T05:27:33","modified_gmt":"2022-07-16T03:27:33","slug":"maria-perez-descalificada-en-los-20-km-marcha-del-mundial-2022","status":"publish","type":"post","link":"https:\/\/candas365.es\/noticias\/maria-perez-descalificada-en-los-20-km-marcha-del-mundial-2022\/","title":{"rendered":"Mar\u00eda P\u00e9rez descalificada en los 20 km marcha del Mundial 2022"},"content":{"rendered":"<p>(EP) &#8211; La espa\u00f1ola <strong>Mar\u00eda P\u00e9rez<\/strong> termin\u00f3 descalificada el viernes en la prueba de 20 kil\u00f3metros marcha del Mundial 2022 que se est\u00e1 disputando en Eugene, Oreg\u00f3n (Estados Unidos), lastrada por una sanci\u00f3n de dos minutos en la primera mitad de la prueba que se adjudic\u00f3 la peruana Kimberly Garc\u00eda Le\u00f3n.<\/p>\n<figure id=\"attachment_163661\" aria-describedby=\"caption-attachment-163661\" style=\"width: 650px\" class=\"wp-caption aligncenter\"><img fetchpriority=\"high\" decoding=\"async\" class=\"wp-image-163661 size-large\" src=\"https:\/\/candas365.es\/noticias\/wp-content\/uploads\/2022\/07\/Maria-Perez-650x373.jpg\" alt=\"Mar\u00eda P\u00e9rez\" width=\"650\" height=\"373\" srcset=\"https:\/\/candas365.es\/noticias\/wp-content\/uploads\/2022\/07\/Maria-Perez-650x373.jpg 650w, https:\/\/candas365.es\/noticias\/wp-content\/uploads\/2022\/07\/Maria-Perez-360x207.jpg 360w, https:\/\/candas365.es\/noticias\/wp-content\/uploads\/2022\/07\/Maria-Perez-768x441.jpg 768w, https:\/\/candas365.es\/noticias\/wp-content\/uploads\/2022\/07\/Maria-Perez-150x86.jpg 150w, https:\/\/candas365.es\/noticias\/wp-content\/uploads\/2022\/07\/Maria-Perez-450x258.jpg 450w, https:\/\/candas365.es\/noticias\/wp-content\/uploads\/2022\/07\/Maria-Perez.jpg 1095w\" sizes=\"(max-width: 650px) 100vw, 650px\" \/><figcaption id=\"caption-attachment-163661\" class=\"wp-caption-text\">Foto: RFEA \/ Europa Press<\/figcaption><\/figure>\n<p><strong>La granadina sufri\u00f3 la penalizaci\u00f3n de los jueces con tres tarjetas, dos de manera muy seguida, que le mandaron al &#8216;pit lane&#8217; dos minutos en el s\u00e9ptimo kil\u00f3metro<\/strong>. Ah\u00ed se esfumaron las opciones de medalla de una de las mejores bazas de Espa\u00f1a en el Mundial.<\/p>\n<p>P\u00e9rez, cuarta en los Juegos de Tokyo 2020, llegaba a la cita con la segunda mejor marca del a\u00f1o y de inicio lo demostr\u00f3 en el grupo de cabeza que se form\u00f3 tras 1.000 metros de carrera, con las chinas Shijie Qieyang, Hong Liu, Zhenxia Ma, Quanming Wu, la australiana Jemima Montag, la mexicana Alegna Gonz\u00e1lez, la polaca Katarzyna Zdzieblo y la peruana Kimberly Garc\u00eda Le\u00f3n.<\/p>\n<p>El circuito de un kil\u00f3metro en la avenida Martin Luther King Jr, muy cerca del estadio Hayward Field donde se celebra el Mundial, hizo la criba de inicio, pero los movimientos en cabeza no tardaron en llegar. De las 41 atletas, el oro y la plata se empez\u00f3 a rifar entre Garc\u00eda Le\u00f3n y Qieyang llegando al tercer kil\u00f3metro. La espa\u00f1ola, campeona de Europa hace cuatro a\u00f1os, recib\u00eda su primer aviso mientras ve\u00eda escaparse a medio minuto el oro y a 11 la medalla, tambi\u00e9n atada poco a poco por la polaca Zdzieblo.<\/p>\n<p>El grupo se fue rompiendo pero la persecuci\u00f3n no surt\u00eda efecto. Entonces, la plusmarquista nacional se encontr\u00f3 con esas sanciones casi seguidas y la sorpresa al pasar por el &#8216;pit lane&#8217; de tener que parar dos minutos. Los jueces, que terminaron eliminando a muchas atletas, frenaron en seco a una Mar\u00eda que retom\u00f3 la carrera con fuerzas y a por todas remontando una docena de posiciones.<\/p>\n<p>Sin embargo, <strong>la granadina termin\u00f3 descalificada en el kil\u00f3metro 14 por no estirar la pierna, cuarta y definitiva tarjeta, justo cuando en cabeza empezaba la batalla por el oro<\/strong>. Qieyang hab\u00eda probado a la peruana, pero fue la americana la que dio el golpe en la mesa hasta lograr un hist\u00f3rico oro para su pa\u00eds.<\/p>\n<p>Y es que, el metal de Garc\u00eda L\u00f3pez es el primero de la historia de Per\u00fa en un Mundial de atletismo, campeona con un tiempo de 1:26.58. Qieyang se vio superada por Zdzieblo, plata la polaca y bronce la china. Para el atletismo espa\u00f1ol, jarro de agua fr\u00eda ya que, aunque solo sea el principio, la de Mar\u00eda P\u00e9rez era una seria opci\u00f3n de medalla, de las que no tiene muchas Espa\u00f1a en Eugene.<\/p>\n","protected":false},"excerpt":{"rendered":"<p>(EP) &#8211; La espa\u00f1ola Mar\u00eda P\u00e9rez termin\u00f3 descalificada el viernes en la prueba de 20 kil\u00f3metros marcha del Mundial 2022 que se est\u00e1 disputando en Eugene, Oreg\u00f3n (Estados Unidos), lastrada por una sanci\u00f3n de dos minutos en la primera mitad de la prueba que se adjudic\u00f3 la peruana Kimberly Garc\u00eda Le\u00f3n. La granadina sufri\u00f3 la<\/p>\n","protected":false},"author":1,"featured_media":163661,"comment_status":"closed","ping_status":"closed","sticky":false,"template":"","format":"standard","meta":{"footnotes":""},"categories":[319],"tags":[387],"class_list":{"0":"post-163660","1":"post","2":"type-post","3":"status-publish","4":"format-standard","5":"has-post-thumbnail","7":"category-deporte","8":"tag-deporte"},"aioseo_notices":[],"aioseo_head":"\n\t\t<!-- All in One SEO Pro 4.9.6.2 - aioseo.com -->\n\t<meta name=\"description\" content=\"(EP) - La espa\u00f1ola Mar\u00eda P\u00e9rez termin\u00f3 descalificada el viernes en la prueba de 20 kil\u00f3metros marcha del Mundial 2022 que se est\u00e1 disputando\" \/>\n\t<meta name=\"robots\" content=\"max-image-preview:large\" \/>\n\t<meta name=\"author\" content=\"Cand\u00e1s 365\"\/>\n\t<meta name=\"google-site-verification\" content=\"UA-32230408-1\" \/>\n\t<meta name=\"msvalidate.01\" content=\"354F3CDFB2DA171B47FBE9ABF1F88D5\" \/>\n\t<meta name=\"keywords\" content=\"deporte\" \/>\n\t<link rel=\"canonical\" href=\"https:\/\/candas365.es\/noticias\/maria-perez-descalificada-en-los-20-km-marcha-del-mundial-2022\/\" \/>\n\t<meta name=\"generator\" content=\"All in One SEO Pro (AIOSEO) 4.9.6.2\" \/>\n\t\t<meta property=\"og:locale\" content=\"es_ES\" \/>\n\t\t<meta property=\"og:site_name\" content=\"Cand\u00e1s 365\" \/>\n\t\t<meta property=\"og:type\" content=\"article\" \/>\n\t\t<meta property=\"og:title\" content=\"Mar\u00eda P\u00e9rez descalificada en los 20 km marcha del Mundial 2022 | Cand\u00e1s 365\" \/>\n\t\t<meta property=\"og:description\" content=\"(EP) - La espa\u00f1ola Mar\u00eda P\u00e9rez termin\u00f3 descalificada el viernes en la prueba de 20 kil\u00f3metros marcha del Mundial 2022 que se est\u00e1 disputando\" \/>\n\t\t<meta property=\"og:url\" content=\"https:\/\/candas365.es\/noticias\/maria-perez-descalificada-en-los-20-km-marcha-del-mundial-2022\/\" \/>\n\t\t<meta property=\"og:image\" content=\"https:\/\/candas365.es\/noticias\/wp-content\/uploads\/2022\/07\/Maria-Perez.jpg\" \/>\n\t\t<meta property=\"og:image:secure_url\" content=\"https:\/\/candas365.es\/noticias\/wp-content\/uploads\/2022\/07\/Maria-Perez.jpg\" \/>\n\t\t<meta property=\"og:image:width\" content=\"1095\" \/>\n\t\t<meta property=\"og:image:height\" content=\"629\" \/>\n\t\t<meta property=\"article:published_time\" content=\"2022-07-16T03:27:33+00:00\" \/>\n\t\t<meta property=\"article:modified_time\" content=\"2022-07-16T03:27:33+00:00\" \/>\n\t\t<meta property=\"article:publisher\" content=\"https:\/\/www.facebook.com\/Nachofdezber\" \/>\n\t\t<meta property=\"article:author\" content=\"https:\/\/www.facebook.com\/carrenoactualidad\" \/>\n\t\t<meta name=\"twitter:card\" content=\"summary_large_image\" \/>\n\t\t<meta name=\"twitter:site\" content=\"@NabercoDigital\" \/>\n\t\t<meta name=\"twitter:title\" content=\"Mar\u00eda P\u00e9rez descalificada en los 20 km marcha del Mundial 2022 | Cand\u00e1s 365\" \/>\n\t\t<meta name=\"twitter:description\" content=\"(EP) - La espa\u00f1ola Mar\u00eda P\u00e9rez termin\u00f3 descalificada el viernes en la prueba de 20 kil\u00f3metros marcha del Mundial 2022 que se est\u00e1 disputando\" \/>\n\t\t<meta name=\"twitter:creator\" content=\"@nbasturias\" \/>\n\t\t<meta name=\"twitter:image\" content=\"https:\/\/candas365.es\/noticias\/wp-content\/uploads\/2022\/07\/Maria-Perez.jpg\" \/>\n\t\t<meta name=\"twitter:label1\" content=\"Escrito por\" \/>\n\t\t<meta name=\"twitter:data1\" content=\"Cand\u00e1s 365\" \/>\n\t\t<meta name=\"twitter:label2\" content=\"Tiempo de lectura estimado\" \/>\n\t\t<meta name=\"twitter:data2\" content=\"2 minutos\" \/>\n\t\t<script type=\"application\/ld+json\" class=\"aioseo-schema\">\n\t\t\t{\"@context\":\"https:\\\/\\\/schema.org\",\"@graph\":[{\"@type\":\"BreadcrumbList\",\"@id\":\"https:\\\/\\\/candas365.es\\\/noticias\\\/maria-perez-descalificada-en-los-20-km-marcha-del-mundial-2022\\\/#breadcrumblist\",\"itemListElement\":[{\"@type\":\"ListItem\",\"@id\":\"https:\\\/\\\/candas365.es\\\/noticias#listItem\",\"position\":1,\"name\":\"Home\",\"item\":\"https:\\\/\\\/candas365.es\\\/noticias\",\"nextItem\":{\"@type\":\"ListItem\",\"@id\":\"https:\\\/\\\/candas365.es\\\/noticias\\\/category\\\/deporte\\\/#listItem\",\"name\":\"Deporte\"}},{\"@type\":\"ListItem\",\"@id\":\"https:\\\/\\\/candas365.es\\\/noticias\\\/category\\\/deporte\\\/#listItem\",\"position\":2,\"name\":\"Deporte\",\"item\":\"https:\\\/\\\/candas365.es\\\/noticias\\\/category\\\/deporte\\\/\",\"nextItem\":{\"@type\":\"ListItem\",\"@id\":\"https:\\\/\\\/candas365.es\\\/noticias\\\/maria-perez-descalificada-en-los-20-km-marcha-del-mundial-2022\\\/#listItem\",\"name\":\"Mar\\u00eda P\\u00e9rez descalificada en los 20 km marcha del Mundial 2022\"},\"previousItem\":{\"@type\":\"ListItem\",\"@id\":\"https:\\\/\\\/candas365.es\\\/noticias#listItem\",\"name\":\"Home\"}},{\"@type\":\"ListItem\",\"@id\":\"https:\\\/\\\/candas365.es\\\/noticias\\\/maria-perez-descalificada-en-los-20-km-marcha-del-mundial-2022\\\/#listItem\",\"position\":3,\"name\":\"Mar\\u00eda P\\u00e9rez descalificada en los 20 km marcha del Mundial 2022\",\"previousItem\":{\"@type\":\"ListItem\",\"@id\":\"https:\\\/\\\/candas365.es\\\/noticias\\\/category\\\/deporte\\\/#listItem\",\"name\":\"Deporte\"}}]},{\"@type\":\"NewsArticle\",\"@id\":\"https:\\\/\\\/candas365.es\\\/noticias\\\/maria-perez-descalificada-en-los-20-km-marcha-del-mundial-2022\\\/#newsarticle\",\"name\":\"Mar\\u00eda P\\u00e9rez descalificada en los 20 km marcha del Mundial 2022 | Cand\\u00e1s 365\",\"headline\":\"Mar\\u00eda P\\u00e9rez descalificada en los 20 km marcha del Mundial 2022\",\"author\":{\"@id\":\"https:\\\/\\\/candas365.es\\\/noticias\\\/author\\\/admin\\\/#author\"},\"publisher\":{\"@id\":\"https:\\\/\\\/candas365.es\\\/noticias\\\/#organization\"},\"image\":{\"@type\":\"ImageObject\",\"url\":\"https:\\\/\\\/candas365.es\\\/noticias\\\/wp-content\\\/uploads\\\/2022\\\/07\\\/Maria-Perez.jpg\",\"width\":1095,\"height\":629,\"caption\":\"Foto:  RFEA \\\/ Europa Press\"},\"datePublished\":\"2022-07-16T05:27:33+02:00\",\"dateModified\":\"2022-07-16T05:27:33+02:00\",\"inLanguage\":\"es-ES\",\"mainEntityOfPage\":{\"@id\":\"https:\\\/\\\/candas365.es\\\/noticias\\\/maria-perez-descalificada-en-los-20-km-marcha-del-mundial-2022\\\/#webpage\"},\"isPartOf\":{\"@id\":\"https:\\\/\\\/candas365.es\\\/noticias\\\/maria-perez-descalificada-en-los-20-km-marcha-del-mundial-2022\\\/#webpage\"},\"articleSection\":\"Deporte, deporte\",\"dateline\":\"Publicado el julio 16, 2022.\"},{\"@type\":\"Organization\",\"@id\":\"https:\\\/\\\/candas365.es\\\/noticias\\\/#organization\",\"name\":\"Cand\\u00e1s 365\",\"description\":\"Cand\\u00e1s 365 es un diario digital independiente, fundado en 2012, con base en Asturias. Informamos con rigor sobre actualidad, sociedad, cultura y ocio, con una mirada local y global.\",\"url\":\"https:\\\/\\\/candas365.es\\\/noticias\\\/\",\"email\":\"info@candas365.es\",\"telephone\":\"+34652131393\",\"foundingDate\":\"2012-06-10\",\"logo\":{\"@type\":\"ImageObject\",\"url\":\"https:\\\/\\\/candas365.es\\\/noticias\\\/wp-content\\\/uploads\\\/2024\\\/09\\\/Candas-365-Redes.jpg\",\"@id\":\"https:\\\/\\\/candas365.es\\\/noticias\\\/maria-perez-descalificada-en-los-20-km-marcha-del-mundial-2022\\\/#organizationLogo\",\"width\":1152,\"height\":864,\"caption\":\"Cand\\u00e1s 365 Redes\"},\"image\":{\"@id\":\"https:\\\/\\\/candas365.es\\\/noticias\\\/maria-perez-descalificada-en-los-20-km-marcha-del-mundial-2022\\\/#organizationLogo\"},\"sameAs\":[\"https:\\\/\\\/www.facebook.com\\\/Nachofdezber\",\"https:\\\/\\\/x.com\\\/NabercoDigital\",\"https:\\\/\\\/www.instagram.com\\\/nachofdezber\\\/\",\"https:\\\/\\\/www.youtube.com\\\/channel\\\/UCZP-2wLEB9Rv6erhFmqVnvg\"],\"address\":{\"@id\":\"https:\\\/\\\/candas365.es\\\/noticias\\\/#postaladdress\",\"@type\":\"PostalAddress\",\"streetAddress\":\"san antonio 4, san antonio 4\",\"postalCode\":\"33430\",\"addressLocality\":\"Cand\\u00e1s\",\"addressRegion\":\"Asturias\",\"addressCountry\":\"ES\"}},{\"@type\":\"Person\",\"@id\":\"https:\\\/\\\/candas365.es\\\/noticias\\\/author\\\/admin\\\/#author\",\"url\":\"https:\\\/\\\/candas365.es\\\/noticias\\\/author\\\/admin\\\/\",\"name\":\"Cand\\u00e1s 365\",\"image\":{\"@type\":\"ImageObject\",\"@id\":\"https:\\\/\\\/candas365.es\\\/noticias\\\/maria-perez-descalificada-en-los-20-km-marcha-del-mundial-2022\\\/#authorImage\",\"url\":\"https:\\\/\\\/secure.gravatar.com\\\/avatar\\\/496a8e03d0c493ede1718b7934145dbdf8d89be1036b0eec9544e1094c9de390?s=96&d=mm&r=g\",\"width\":96,\"height\":96,\"caption\":\"Cand\\u00e1s 365\"},\"sameAs\":[\"https:\\\/\\\/www.facebook.com\\\/carrenoactualidad\",\"https:\\\/\\\/twitter.com\\\/nbasturias\",\"https:\\\/\\\/www.instagram.com\\\/nachofdezber\\\/\",\"https:\\\/\\\/www.youtube.com\\\/channel\\\/UCZP-2wLEB9Rv6erhFmqVnvg\"]},{\"@type\":\"WebPage\",\"@id\":\"https:\\\/\\\/candas365.es\\\/noticias\\\/maria-perez-descalificada-en-los-20-km-marcha-del-mundial-2022\\\/#webpage\",\"url\":\"https:\\\/\\\/candas365.es\\\/noticias\\\/maria-perez-descalificada-en-los-20-km-marcha-del-mundial-2022\\\/\",\"name\":\"Mar\\u00eda P\\u00e9rez descalificada en los 20 km marcha del Mundial 2022 | Cand\\u00e1s 365\",\"description\":\"(EP) - La espa\\u00f1ola Mar\\u00eda P\\u00e9rez termin\\u00f3 descalificada el viernes en la prueba de 20 kil\\u00f3metros marcha del Mundial 2022 que se est\\u00e1 disputando\",\"inLanguage\":\"es-ES\",\"isPartOf\":{\"@id\":\"https:\\\/\\\/candas365.es\\\/noticias\\\/#website\"},\"breadcrumb\":{\"@id\":\"https:\\\/\\\/candas365.es\\\/noticias\\\/maria-perez-descalificada-en-los-20-km-marcha-del-mundial-2022\\\/#breadcrumblist\"},\"author\":{\"@id\":\"https:\\\/\\\/candas365.es\\\/noticias\\\/author\\\/admin\\\/#author\"},\"creator\":{\"@id\":\"https:\\\/\\\/candas365.es\\\/noticias\\\/author\\\/admin\\\/#author\"},\"image\":{\"@type\":\"ImageObject\",\"url\":\"https:\\\/\\\/candas365.es\\\/noticias\\\/wp-content\\\/uploads\\\/2022\\\/07\\\/Maria-Perez.jpg\",\"@id\":\"https:\\\/\\\/candas365.es\\\/noticias\\\/maria-perez-descalificada-en-los-20-km-marcha-del-mundial-2022\\\/#mainImage\",\"width\":1095,\"height\":629,\"caption\":\"Foto:  RFEA \\\/ Europa Press\"},\"primaryImageOfPage\":{\"@id\":\"https:\\\/\\\/candas365.es\\\/noticias\\\/maria-perez-descalificada-en-los-20-km-marcha-del-mundial-2022\\\/#mainImage\"},\"datePublished\":\"2022-07-16T05:27:33+02:00\",\"dateModified\":\"2022-07-16T05:27:33+02:00\"},{\"@type\":\"WebSite\",\"@id\":\"https:\\\/\\\/candas365.es\\\/noticias\\\/#website\",\"url\":\"https:\\\/\\\/candas365.es\\\/noticias\\\/\",\"name\":\"Cand\\u00e1s 365\",\"alternateName\":\"Cand\\u00e1s 365 Noticias\",\"description\":\"Actualidad desde Carre\\u00f1o para el mundo\",\"inLanguage\":\"es-ES\",\"publisher\":{\"@id\":\"https:\\\/\\\/candas365.es\\\/noticias\\\/#organization\"}}]}\n\t\t<\/script>\n\t\t<!-- All in One SEO Pro -->\r\n\t\t<title>Mar\u00eda P\u00e9rez descalificada en los 20 km marcha del Mundial 2022 | Cand\u00e1s 365<\/title>\n\n","aioseo_head_json":{"title":"Mar\u00eda P\u00e9rez descalificada en los 20 km marcha del Mundial 2022 | Cand\u00e1s 365","description":"(EP) - La espa\u00f1ola Mar\u00eda P\u00e9rez termin\u00f3 descalificada el viernes en la prueba de 20 kil\u00f3metros marcha del Mundial 2022 que se est\u00e1 disputando","canonical_url":"https:\/\/candas365.es\/noticias\/maria-perez-descalificada-en-los-20-km-marcha-del-mundial-2022\/","robots":"max-image-preview:large","keywords":"deporte","webmasterTools":{"google-site-verification":"UA-32230408-1","msvalidate.01":"354F3CDFB2DA171B47FBE9ABF1F88D5","miscellaneous":""},"schema":{"@context":"https:\/\/schema.org","@graph":[{"@type":"BreadcrumbList","@id":"https:\/\/candas365.es\/noticias\/maria-perez-descalificada-en-los-20-km-marcha-del-mundial-2022\/#breadcrumblist","itemListElement":[{"@type":"ListItem","@id":"https:\/\/candas365.es\/noticias#listItem","position":1,"name":"Home","item":"https:\/\/candas365.es\/noticias","nextItem":{"@type":"ListItem","@id":"https:\/\/candas365.es\/noticias\/category\/deporte\/#listItem","name":"Deporte"}},{"@type":"ListItem","@id":"https:\/\/candas365.es\/noticias\/category\/deporte\/#listItem","position":2,"name":"Deporte","item":"https:\/\/candas365.es\/noticias\/category\/deporte\/","nextItem":{"@type":"ListItem","@id":"https:\/\/candas365.es\/noticias\/maria-perez-descalificada-en-los-20-km-marcha-del-mundial-2022\/#listItem","name":"Mar\u00eda P\u00e9rez descalificada en los 20 km marcha del Mundial 2022"},"previousItem":{"@type":"ListItem","@id":"https:\/\/candas365.es\/noticias#listItem","name":"Home"}},{"@type":"ListItem","@id":"https:\/\/candas365.es\/noticias\/maria-perez-descalificada-en-los-20-km-marcha-del-mundial-2022\/#listItem","position":3,"name":"Mar\u00eda P\u00e9rez descalificada en los 20 km marcha del Mundial 2022","previousItem":{"@type":"ListItem","@id":"https:\/\/candas365.es\/noticias\/category\/deporte\/#listItem","name":"Deporte"}}]},{"@type":"NewsArticle","@id":"https:\/\/candas365.es\/noticias\/maria-perez-descalificada-en-los-20-km-marcha-del-mundial-2022\/#newsarticle","name":"Mar\u00eda P\u00e9rez descalificada en los 20 km marcha del Mundial 2022 | Cand\u00e1s 365","headline":"Mar\u00eda P\u00e9rez descalificada en los 20 km marcha del Mundial 2022","author":{"@id":"https:\/\/candas365.es\/noticias\/author\/admin\/#author"},"publisher":{"@id":"https:\/\/candas365.es\/noticias\/#organization"},"image":{"@type":"ImageObject","url":"https:\/\/candas365.es\/noticias\/wp-content\/uploads\/2022\/07\/Maria-Perez.jpg","width":1095,"height":629,"caption":"Foto:  RFEA \/ Europa Press"},"datePublished":"2022-07-16T05:27:33+02:00","dateModified":"2022-07-16T05:27:33+02:00","inLanguage":"es-ES","mainEntityOfPage":{"@id":"https:\/\/candas365.es\/noticias\/maria-perez-descalificada-en-los-20-km-marcha-del-mundial-2022\/#webpage"},"isPartOf":{"@id":"https:\/\/candas365.es\/noticias\/maria-perez-descalificada-en-los-20-km-marcha-del-mundial-2022\/#webpage"},"articleSection":"Deporte, deporte","dateline":"Publicado el julio 16, 2022."},{"@type":"Organization","@id":"https:\/\/candas365.es\/noticias\/#organization","name":"Cand\u00e1s 365","description":"Cand\u00e1s 365 es un diario digital independiente, fundado en 2012, con base en Asturias. Informamos con rigor sobre actualidad, sociedad, cultura y ocio, con una mirada local y global.","url":"https:\/\/candas365.es\/noticias\/","email":"info@candas365.es","telephone":"+34652131393","foundingDate":"2012-06-10","logo":{"@type":"ImageObject","url":"https:\/\/candas365.es\/noticias\/wp-content\/uploads\/2024\/09\/Candas-365-Redes.jpg","@id":"https:\/\/candas365.es\/noticias\/maria-perez-descalificada-en-los-20-km-marcha-del-mundial-2022\/#organizationLogo","width":1152,"height":864,"caption":"Cand\u00e1s 365 Redes"},"image":{"@id":"https:\/\/candas365.es\/noticias\/maria-perez-descalificada-en-los-20-km-marcha-del-mundial-2022\/#organizationLogo"},"sameAs":["https:\/\/www.facebook.com\/Nachofdezber","https:\/\/x.com\/NabercoDigital","https:\/\/www.instagram.com\/nachofdezber\/","https:\/\/www.youtube.com\/channel\/UCZP-2wLEB9Rv6erhFmqVnvg"],"address":{"@id":"https:\/\/candas365.es\/noticias\/#postaladdress","@type":"PostalAddress","streetAddress":"san antonio 4, san antonio 4","postalCode":"33430","addressLocality":"Cand\u00e1s","addressRegion":"Asturias","addressCountry":"ES"}},{"@type":"Person","@id":"https:\/\/candas365.es\/noticias\/author\/admin\/#author","url":"https:\/\/candas365.es\/noticias\/author\/admin\/","name":"Cand\u00e1s 365","image":{"@type":"ImageObject","@id":"https:\/\/candas365.es\/noticias\/maria-perez-descalificada-en-los-20-km-marcha-del-mundial-2022\/#authorImage","url":"https:\/\/secure.gravatar.com\/avatar\/496a8e03d0c493ede1718b7934145dbdf8d89be1036b0eec9544e1094c9de390?s=96&d=mm&r=g","width":96,"height":96,"caption":"Cand\u00e1s 365"},"sameAs":["https:\/\/www.facebook.com\/carrenoactualidad","https:\/\/twitter.com\/nbasturias","https:\/\/www.instagram.com\/nachofdezber\/","https:\/\/www.youtube.com\/channel\/UCZP-2wLEB9Rv6erhFmqVnvg"]},{"@type":"WebPage","@id":"https:\/\/candas365.es\/noticias\/maria-perez-descalificada-en-los-20-km-marcha-del-mundial-2022\/#webpage","url":"https:\/\/candas365.es\/noticias\/maria-perez-descalificada-en-los-20-km-marcha-del-mundial-2022\/","name":"Mar\u00eda P\u00e9rez descalificada en los 20 km marcha del Mundial 2022 | Cand\u00e1s 365","description":"(EP) - La espa\u00f1ola Mar\u00eda P\u00e9rez termin\u00f3 descalificada el viernes en la prueba de 20 kil\u00f3metros marcha del Mundial 2022 que se est\u00e1 disputando","inLanguage":"es-ES","isPartOf":{"@id":"https:\/\/candas365.es\/noticias\/#website"},"breadcrumb":{"@id":"https:\/\/candas365.es\/noticias\/maria-perez-descalificada-en-los-20-km-marcha-del-mundial-2022\/#breadcrumblist"},"author":{"@id":"https:\/\/candas365.es\/noticias\/author\/admin\/#author"},"creator":{"@id":"https:\/\/candas365.es\/noticias\/author\/admin\/#author"},"image":{"@type":"ImageObject","url":"https:\/\/candas365.es\/noticias\/wp-content\/uploads\/2022\/07\/Maria-Perez.jpg","@id":"https:\/\/candas365.es\/noticias\/maria-perez-descalificada-en-los-20-km-marcha-del-mundial-2022\/#mainImage","width":1095,"height":629,"caption":"Foto:  RFEA \/ Europa Press"},"primaryImageOfPage":{"@id":"https:\/\/candas365.es\/noticias\/maria-perez-descalificada-en-los-20-km-marcha-del-mundial-2022\/#mainImage"},"datePublished":"2022-07-16T05:27:33+02:00","dateModified":"2022-07-16T05:27:33+02:00"},{"@type":"WebSite","@id":"https:\/\/candas365.es\/noticias\/#website","url":"https:\/\/candas365.es\/noticias\/","name":"Cand\u00e1s 365","alternateName":"Cand\u00e1s 365 Noticias","description":"Actualidad desde Carre\u00f1o para el mundo","inLanguage":"es-ES","publisher":{"@id":"https:\/\/candas365.es\/noticias\/#organization"}}]},"og:locale":"es_ES","og:site_name":"Cand\u00e1s 365","og:type":"article","og:title":"Mar\u00eda P\u00e9rez descalificada en los 20 km marcha del Mundial 2022 | Cand\u00e1s 365","og:description":"(EP) - La espa\u00f1ola Mar\u00eda P\u00e9rez termin\u00f3 descalificada el viernes en la prueba de 20 kil\u00f3metros marcha del Mundial 2022 que se est\u00e1 disputando","og:url":"https:\/\/candas365.es\/noticias\/maria-perez-descalificada-en-los-20-km-marcha-del-mundial-2022\/","og:image":"https:\/\/candas365.es\/noticias\/wp-content\/uploads\/2022\/07\/Maria-Perez.jpg","og:image:secure_url":"https:\/\/candas365.es\/noticias\/wp-content\/uploads\/2022\/07\/Maria-Perez.jpg","og:image:width":1095,"og:image:height":629,"article:published_time":"2022-07-16T03:27:33+00:00","article:modified_time":"2022-07-16T03:27:33+00:00","article:publisher":"https:\/\/www.facebook.com\/Nachofdezber","article:author":"https:\/\/www.facebook.com\/carrenoactualidad","twitter:card":"summary_large_image","twitter:site":"@NabercoDigital","twitter:title":"Mar\u00eda P\u00e9rez descalificada en los 20 km marcha del Mundial 2022 | Cand\u00e1s 365","twitter:description":"(EP) - La espa\u00f1ola Mar\u00eda P\u00e9rez termin\u00f3 descalificada el viernes en la prueba de 20 kil\u00f3metros marcha del Mundial 2022 que se est\u00e1 disputando","twitter:creator":"@nbasturias","twitter:image":"https:\/\/candas365.es\/noticias\/wp-content\/uploads\/2022\/07\/Maria-Perez.jpg","twitter:label1":"Escrito por","twitter:data1":"Cand\u00e1s 365","twitter:label2":"Tiempo de lectura estimado","twitter:data2":"2 minutos"},"aioseo_meta_data":{"post_id":"163660","title":null,"description":"(EP) - La espa\u00f1ola Mar\u00eda P\u00e9rez termin\u00f3 descalificada el viernes en la prueba de 20 kil\u00f3metros marcha del Mundial 2022 que se est\u00e1 disputando","keywords":[],"keyphrases":{"focus":{"keyphrase":"Mar\u00eda P\u00e9rez","score":92,"analysis":{"keyphraseInTitle":{"title":"Focus keyphrase in SEO title","description":"Focus keyphrase found in SEO title.","score":9,"maxScore":9,"error":0},"keyphraseInDescription":{"title":"Focus keyphrase in meta description","description":"Focus keyphrase found in meta description.","score":9,"maxScore":9,"error":0},"keyphraseLength":{"title":"Focus keyphrase length","description":"Good job!","score":9,"maxScore":9,"error":0,"length":2},"keyphraseInURL":{"title":"Focus keyphrase in URL","description":"Focus keyphrase not found in the URL.","score":1,"maxScore":5,"error":1},"keyphraseInIntroduction":{"title":"Focus keyphrase in introduction","description":"Your Focus keyphrase appears in the first paragraph. Well done!","score":9,"maxScore":9,"error":0},"keyphraseInSubHeadings":[],"keyphraseInImageAlt":{"title":"Focus keyphrase in image alt attributes","description":"Focus keyphrase found in image alt attribute(s).","score":9,"maxScore":9,"error":0}}},"additional":[{"keyphrase":"Mar\u00eda P\u00e9rez","score":100,"analysis":{"keyphraseInDescription":{"title":"Keyphrase in meta description","description":"Keyphrase found in meta description.","score":9,"maxScore":9,"error":0},"keyphraseLength":{"title":"Keyphrase length","description":"Good job!","score":9,"maxScore":9,"error":0,"length":2},"keyphraseInIntroduction":{"title":"Keyphrase in introduction","description":"Your Keyphrase appears in the first paragraph. Well done!","score":9,"maxScore":9,"error":0},"keyphraseInImageAlt":{"title":"Keyphrase in image alt attributes","description":"Keyphrase found in image alt attribute(s).","score":9,"maxScore":9,"error":0}}},{"keyphrase":"Mundial 2022","score":83,"analysis":{"keyphraseInDescription":{"title":"Keyphrase in meta description","description":"Keyphrase found in meta description.","score":9,"maxScore":9,"error":0},"keyphraseLength":{"title":"Keyphrase length","description":"Good job!","score":9,"maxScore":9,"error":0,"length":1},"keyphraseInIntroduction":{"title":"Keyphrase in introduction","description":"Your Keyphrase appears in the first paragraph. Well done!","score":9,"maxScore":9,"error":0},"keyphraseInImageAlt":{"title":"Keyphrase in image alt attributes","description":"Keyphrase not found in image alt attribute(s). Add an image with your Keyphrase as alt text.","score":3,"maxScore":9,"error":1}}}]},"primary_term":null,"canonical_url":null,"og_title":null,"og_description":null,"og_object_type":"default","og_image_type":"default","og_image_url":null,"og_image_width":null,"og_image_height":null,"og_image_custom_url":null,"og_image_custom_fields":null,"og_video":"","og_custom_url":null,"og_article_section":null,"og_article_tags":[],"twitter_use_og":false,"twitter_card":"default","twitter_image_type":"default","twitter_image_url":null,"twitter_image_custom_url":null,"twitter_image_custom_fields":null,"twitter_title":null,"twitter_description":null,"schema":{"blockGraphs":[],"customGraphs":[],"default":{"data":{"Article":[],"Course":[],"Dataset":[],"FAQPage":[],"Movie":[],"Person":[],"Product":[],"ProductReview":[],"Car":[],"Recipe":[],"Service":[],"SoftwareApplication":[],"WebPage":[]},"graphName":"","isEnabled":true},"graphs":[],"defaultGraph":"Article","defaultPostTypeGraph":""},"schema_type":"default","schema_type_options":"{\"article\":{\"articleType\":\"BlogPosting\"},\"course\":{\"name\":\"\",\"description\":\"\",\"provider\":\"\"},\"faq\":{\"pages\":[]},\"product\":{\"reviews\":[]},\"recipe\":{\"ingredients\":[],\"instructions\":[],\"keywords\":[]},\"software\":{\"reviews\":[],\"operatingSystems\":[]},\"webPage\":{\"webPageType\":\"WebPage\"},\"blockGraphs\":[]}","pillar_content":false,"robots_default":true,"robots_noindex":false,"robots_noarchive":false,"robots_nosnippet":false,"robots_nofollow":false,"robots_noimageindex":false,"robots_noodp":false,"robots_notranslate":false,"robots_max_snippet":"-1","robots_max_videopreview":"-1","robots_max_imagepreview":"large","priority":null,"frequency":"default","location":null,"local_seo":null,"seo_analyzer_scan_date":"2025-09-01 08:57:14","breadcrumb_settings":null,"limit_modified_date":false,"reviewed_by":null,"open_ai":null,"ai":null,"created":"2022-07-16 03:03:37","updated":"2025-09-01 08:57:14"},"aioseo_breadcrumb":"<div class=\"aioseo-breadcrumbs\"><span class=\"aioseo-breadcrumb\">\n\t<a href=\"https:\/\/candas365.es\/noticias\" title=\"Home\">Home<\/a>\n<\/span><span class=\"aioseo-breadcrumb-separator\">&ndash;<\/span><span class=\"aioseo-breadcrumb\">\n\t<a href=\"https:\/\/candas365.es\/noticias\/category\/deporte\/\" title=\"Deporte\">Deporte<\/a>\n<\/span><span class=\"aioseo-breadcrumb-separator\">&ndash;<\/span><span class=\"aioseo-breadcrumb\">\n\tMar\u00eda P\u00e9rez descalificada en los 20 km marcha del Mundial 2022\n<\/span><\/div>","aioseo_breadcrumb_json":[{"label":"Home","link":"https:\/\/candas365.es\/noticias"},{"label":"Deporte","link":"https:\/\/candas365.es\/noticias\/category\/deporte\/"},{"label":"Mar\u00eda P\u00e9rez descalificada en los 20 km marcha del Mundial 2022","link":"https:\/\/candas365.es\/noticias\/maria-perez-descalificada-en-los-20-km-marcha-del-mundial-2022\/"}],"_links":{"self":[{"href":"https:\/\/candas365.es\/noticias\/wp-json\/wp\/v2\/posts\/163660","targetHints":{"allow":["GET"]}}],"collection":[{"href":"https:\/\/candas365.es\/noticias\/wp-json\/wp\/v2\/posts"}],"about":[{"href":"https:\/\/candas365.es\/noticias\/wp-json\/wp\/v2\/types\/post"}],"author":[{"embeddable":true,"href":"https:\/\/candas365.es\/noticias\/wp-json\/wp\/v2\/users\/1"}],"replies":[{"embeddable":true,"href":"https:\/\/candas365.es\/noticias\/wp-json\/wp\/v2\/comments?post=163660"}],"version-history":[{"count":0,"href":"https:\/\/candas365.es\/noticias\/wp-json\/wp\/v2\/posts\/163660\/revisions"}],"wp:featuredmedia":[{"embeddable":true,"href":"https:\/\/candas365.es\/noticias\/wp-json\/wp\/v2\/media\/163661"}],"wp:attachment":[{"href":"https:\/\/candas365.es\/noticias\/wp-json\/wp\/v2\/media?parent=163660"}],"wp:term":[{"taxonomy":"category","embeddable":true,"href":"https:\/\/candas365.es\/noticias\/wp-json\/wp\/v2\/categories?post=163660"},{"taxonomy":"post_tag","embeddable":true,"href":"https:\/\/candas365.es\/noticias\/wp-json\/wp\/v2\/tags?post=163660"}],"curies":[{"name":"wp","href":"https:\/\/api.w.org\/{rel}","templated":true}]}}