{"id":163312,"date":"2022-07-08T16:44:31","date_gmt":"2022-07-08T14:44:31","guid":{"rendered":"https:\/\/candas365.es\/noticias\/?p=163312"},"modified":"2022-07-08T16:44:31","modified_gmt":"2022-07-08T14:44:31","slug":"fallece-a-los-93-anos-pedro-ferrandiz","status":"publish","type":"post","link":"https:\/\/candas365.es\/noticias\/fallece-a-los-93-anos-pedro-ferrandiz\/","title":{"rendered":"Fallece a los 93 a\u00f1os Pedro Ferr\u00e1ndiz"},"content":{"rendered":"<p>(EP) &#8211; El exentrenador Pedro Ferr\u00e1ndiz, <strong>el entrenador espa\u00f1ol m\u00e1s laureado y leyenda de los banquillos del Real Madrid<\/strong>, ha fallecido el jueves a los 93 a\u00f1os, seg\u00fan ha confirmado la entidad blanca.<\/p>\n<figure id=\"attachment_163314\" aria-describedby=\"caption-attachment-163314\" style=\"width: 650px\" class=\"wp-caption aligncenter\"><img fetchpriority=\"high\" decoding=\"async\" class=\"wp-image-163314 size-large\" src=\"https:\/\/candas365.es\/noticias\/wp-content\/uploads\/2022\/07\/Ferrandiz-650x277.jpg\" alt=\"Ferr\u00e1ndiz\" width=\"650\" height=\"277\" srcset=\"https:\/\/candas365.es\/noticias\/wp-content\/uploads\/2022\/07\/Ferrandiz-650x277.jpg 650w, https:\/\/candas365.es\/noticias\/wp-content\/uploads\/2022\/07\/Ferrandiz-360x154.jpg 360w, https:\/\/candas365.es\/noticias\/wp-content\/uploads\/2022\/07\/Ferrandiz-768x328.jpg 768w, https:\/\/candas365.es\/noticias\/wp-content\/uploads\/2022\/07\/Ferrandiz-150x64.jpg 150w, https:\/\/candas365.es\/noticias\/wp-content\/uploads\/2022\/07\/Ferrandiz-450x192.jpg 450w, https:\/\/candas365.es\/noticias\/wp-content\/uploads\/2022\/07\/Ferrandiz.jpg 930w\" sizes=\"(max-width: 650px) 100vw, 650px\" \/><figcaption id=\"caption-attachment-163314\" class=\"wp-caption-text\">FOTO: REAL MADRID C.F. \/ Europa Press<\/figcaption><\/figure>\n<p>\u00abEl Real Madrid C. F., su presidente y su Junta Directiva lamentan profundamente el fallecimiento de Pedro Ferr\u00e1ndiz, socio de honor del Real Madrid y una de las m\u00e1s grandes leyendas de nuestro club y del baloncesto mundial\u00bb, explic\u00f3 en un comunicado.<\/p>\n<p>Pedro <strong>Ferr\u00e1ndiz dirigi\u00f3 al conjunto madridista durante 13 temporadas, en varias etapas entre 1959 y 1975<\/strong>, en las que gan\u00f3 cuatro Copas de Europa, 12 Ligas y 11 Copas de Espa\u00f1a, dirigiendo al equipo en 490 partidos. Adem\u00e1s, sigue siendo en la actualidad el entrenador que m\u00e1s Ligas y Copas de Espa\u00f1a ha conquistado.<\/p>\n<p>El nombre de Pedro <strong>Ferr\u00e1ndiz figura en el &#8216;Naismith Memorial Basketball Hall of Fame&#8217;, en el Sal\u00f3n de la Fama de la FIBA<\/strong> y tambi\u00e9n en el Sal\u00f3n de la Fama del baloncesto espa\u00f1ol. Ferr\u00e1ndiz tambi\u00e9n fue entrenador de la selecci\u00f3n espa\u00f1ola entre 1964 y 1965.<\/p>\n<p>Entre los reconocimientos y m\u00e9ritos recibidos a nivel nacional e internacional destacan la Gran Cruz de la Real Orden del M\u00e9rito Deportivo y el Collar de la Orden Ol\u00edmpica, entre otros.<\/p>\n<p>\u00abEs uno de los grandes mitos del madridismo y del baloncesto mundial y su legado ser\u00e1 eterno, no solo por sus t\u00edtulos, sino por su esp\u00edritu de innovaci\u00f3n y por ser un visionario del juego, una figura \u00fanica que cambi\u00f3 y revolucion\u00f3 este deporte para siempre\u00bb, concluy\u00f3 el Real Madrid en un comunicado.<\/p>\n","protected":false},"excerpt":{"rendered":"<p>(EP) &#8211; El exentrenador Pedro Ferr\u00e1ndiz, el entrenador espa\u00f1ol m\u00e1s laureado y leyenda de los banquillos del Real Madrid, ha fallecido el jueves a los 93 a\u00f1os, seg\u00fan ha confirmado la entidad blanca. \u00abEl Real Madrid C. F., su presidente y su Junta Directiva lamentan profundamente el fallecimiento de Pedro Ferr\u00e1ndiz, socio de honor del<\/p>\n","protected":false},"author":1,"featured_media":163314,"comment_status":"closed","ping_status":"closed","sticky":false,"template":"","format":"standard","meta":{"footnotes":""},"categories":[319],"tags":[387],"class_list":{"0":"post-163312","1":"post","2":"type-post","3":"status-publish","4":"format-standard","5":"has-post-thumbnail","7":"category-deporte","8":"tag-deporte"},"aioseo_notices":[],"aioseo_head":"\n\t\t<!-- All in One SEO Pro 4.9.6.2 - aioseo.com -->\n\t<meta name=\"description\" content=\"(EP) - El exentrenador Pedro Ferr\u00e1ndiz, el entrenador espa\u00f1ol m\u00e1s laureado y leyenda de los banquillos del Real Madrid, ha fallecido el jueves a los 93 a\u00f1os\" \/>\n\t<meta name=\"robots\" content=\"max-image-preview:large\" \/>\n\t<meta name=\"author\" content=\"Cand\u00e1s 365\"\/>\n\t<meta name=\"google-site-verification\" content=\"UA-32230408-1\" \/>\n\t<meta name=\"msvalidate.01\" content=\"354F3CDFB2DA171B47FBE9ABF1F88D5\" \/>\n\t<meta name=\"keywords\" content=\"deporte\" \/>\n\t<link rel=\"canonical\" href=\"https:\/\/candas365.es\/noticias\/fallece-a-los-93-anos-pedro-ferrandiz\/\" \/>\n\t<meta name=\"generator\" content=\"All in One SEO Pro (AIOSEO) 4.9.6.2\" \/>\n\t\t<meta property=\"og:locale\" content=\"es_ES\" \/>\n\t\t<meta property=\"og:site_name\" content=\"Cand\u00e1s 365\" \/>\n\t\t<meta property=\"og:type\" content=\"article\" \/>\n\t\t<meta property=\"og:title\" content=\"Fallece a los 93 a\u00f1os Pedro Ferr\u00e1ndiz | Cand\u00e1s 365\" \/>\n\t\t<meta property=\"og:description\" content=\"(EP) - El exentrenador Pedro Ferr\u00e1ndiz, el entrenador espa\u00f1ol m\u00e1s laureado y leyenda de los banquillos del Real Madrid, ha fallecido el jueves a los 93 a\u00f1os\" \/>\n\t\t<meta property=\"og:url\" content=\"https:\/\/candas365.es\/noticias\/fallece-a-los-93-anos-pedro-ferrandiz\/\" \/>\n\t\t<meta property=\"og:image\" content=\"https:\/\/candas365.es\/noticias\/wp-content\/uploads\/2022\/07\/Ferrandiz.jpg\" \/>\n\t\t<meta property=\"og:image:secure_url\" content=\"https:\/\/candas365.es\/noticias\/wp-content\/uploads\/2022\/07\/Ferrandiz.jpg\" \/>\n\t\t<meta property=\"og:image:width\" content=\"930\" \/>\n\t\t<meta property=\"og:image:height\" content=\"397\" \/>\n\t\t<meta property=\"article:published_time\" content=\"2022-07-08T14:44:31+00:00\" \/>\n\t\t<meta property=\"article:modified_time\" content=\"2022-07-08T14:44:31+00:00\" \/>\n\t\t<meta property=\"article:publisher\" content=\"https:\/\/www.facebook.com\/Nachofdezber\" \/>\n\t\t<meta property=\"article:author\" content=\"https:\/\/www.facebook.com\/carrenoactualidad\" \/>\n\t\t<meta name=\"twitter:card\" content=\"summary_large_image\" \/>\n\t\t<meta name=\"twitter:site\" content=\"@NabercoDigital\" \/>\n\t\t<meta name=\"twitter:title\" content=\"Fallece a los 93 a\u00f1os Pedro Ferr\u00e1ndiz | Cand\u00e1s 365\" \/>\n\t\t<meta name=\"twitter:description\" content=\"(EP) - El exentrenador Pedro Ferr\u00e1ndiz, el entrenador espa\u00f1ol m\u00e1s laureado y leyenda de los banquillos del Real Madrid, ha fallecido el jueves a los 93 a\u00f1os\" \/>\n\t\t<meta name=\"twitter:creator\" content=\"@nbasturias\" \/>\n\t\t<meta name=\"twitter:image\" content=\"https:\/\/candas365.es\/noticias\/wp-content\/uploads\/2022\/07\/Ferrandiz.jpg\" \/>\n\t\t<meta name=\"twitter:label1\" content=\"Escrito por\" \/>\n\t\t<meta name=\"twitter:data1\" content=\"Cand\u00e1s 365\" \/>\n\t\t<meta name=\"twitter:label2\" content=\"Tiempo de lectura estimado\" \/>\n\t\t<meta name=\"twitter:data2\" content=\"1 minuto\" \/>\n\t\t<script type=\"application\/ld+json\" class=\"aioseo-schema\">\n\t\t\t{\"@context\":\"https:\\\/\\\/schema.org\",\"@graph\":[{\"@type\":\"BreadcrumbList\",\"@id\":\"https:\\\/\\\/candas365.es\\\/noticias\\\/fallece-a-los-93-anos-pedro-ferrandiz\\\/#breadcrumblist\",\"itemListElement\":[{\"@type\":\"ListItem\",\"@id\":\"https:\\\/\\\/candas365.es\\\/noticias#listItem\",\"position\":1,\"name\":\"Home\",\"item\":\"https:\\\/\\\/candas365.es\\\/noticias\",\"nextItem\":{\"@type\":\"ListItem\",\"@id\":\"https:\\\/\\\/candas365.es\\\/noticias\\\/category\\\/deporte\\\/#listItem\",\"name\":\"Deporte\"}},{\"@type\":\"ListItem\",\"@id\":\"https:\\\/\\\/candas365.es\\\/noticias\\\/category\\\/deporte\\\/#listItem\",\"position\":2,\"name\":\"Deporte\",\"item\":\"https:\\\/\\\/candas365.es\\\/noticias\\\/category\\\/deporte\\\/\",\"nextItem\":{\"@type\":\"ListItem\",\"@id\":\"https:\\\/\\\/candas365.es\\\/noticias\\\/fallece-a-los-93-anos-pedro-ferrandiz\\\/#listItem\",\"name\":\"Fallece a los 93 a\\u00f1os Pedro Ferr\\u00e1ndiz\"},\"previousItem\":{\"@type\":\"ListItem\",\"@id\":\"https:\\\/\\\/candas365.es\\\/noticias#listItem\",\"name\":\"Home\"}},{\"@type\":\"ListItem\",\"@id\":\"https:\\\/\\\/candas365.es\\\/noticias\\\/fallece-a-los-93-anos-pedro-ferrandiz\\\/#listItem\",\"position\":3,\"name\":\"Fallece a los 93 a\\u00f1os Pedro Ferr\\u00e1ndiz\",\"previousItem\":{\"@type\":\"ListItem\",\"@id\":\"https:\\\/\\\/candas365.es\\\/noticias\\\/category\\\/deporte\\\/#listItem\",\"name\":\"Deporte\"}}]},{\"@type\":\"NewsArticle\",\"@id\":\"https:\\\/\\\/candas365.es\\\/noticias\\\/fallece-a-los-93-anos-pedro-ferrandiz\\\/#newsarticle\",\"name\":\"Fallece a los 93 a\\u00f1os Pedro Ferr\\u00e1ndiz | Cand\\u00e1s 365\",\"headline\":\"Fallece a los 93 a\\u00f1os Pedro Ferr\\u00e1ndiz\",\"author\":{\"@id\":\"https:\\\/\\\/candas365.es\\\/noticias\\\/author\\\/admin\\\/#author\"},\"publisher\":{\"@id\":\"https:\\\/\\\/candas365.es\\\/noticias\\\/#organization\"},\"image\":{\"@type\":\"ImageObject\",\"url\":\"https:\\\/\\\/candas365.es\\\/noticias\\\/wp-content\\\/uploads\\\/2022\\\/07\\\/Ferrandiz.jpg\",\"width\":930,\"height\":397,\"caption\":\"FOTO: REAL MADRID C.F. \\\/ Europa Press\"},\"datePublished\":\"2022-07-08T16:44:31+02:00\",\"dateModified\":\"2022-07-08T16:44:31+02:00\",\"inLanguage\":\"es-ES\",\"mainEntityOfPage\":{\"@id\":\"https:\\\/\\\/candas365.es\\\/noticias\\\/fallece-a-los-93-anos-pedro-ferrandiz\\\/#webpage\"},\"isPartOf\":{\"@id\":\"https:\\\/\\\/candas365.es\\\/noticias\\\/fallece-a-los-93-anos-pedro-ferrandiz\\\/#webpage\"},\"articleSection\":\"Deporte, deporte\",\"dateline\":\"Publicado el julio 8, 2022.\"},{\"@type\":\"Organization\",\"@id\":\"https:\\\/\\\/candas365.es\\\/noticias\\\/#organization\",\"name\":\"Cand\\u00e1s 365\",\"description\":\"Cand\\u00e1s 365 es un diario digital independiente, fundado en 2012, con base en Asturias. Informamos con rigor sobre actualidad, sociedad, cultura y ocio, con una mirada local y global.\",\"url\":\"https:\\\/\\\/candas365.es\\\/noticias\\\/\",\"email\":\"info@candas365.es\",\"telephone\":\"+34652131393\",\"foundingDate\":\"2012-06-10\",\"logo\":{\"@type\":\"ImageObject\",\"url\":\"https:\\\/\\\/candas365.es\\\/noticias\\\/wp-content\\\/uploads\\\/2024\\\/09\\\/Candas-365-Redes.jpg\",\"@id\":\"https:\\\/\\\/candas365.es\\\/noticias\\\/fallece-a-los-93-anos-pedro-ferrandiz\\\/#organizationLogo\",\"width\":1152,\"height\":864,\"caption\":\"Cand\\u00e1s 365 Redes\"},\"image\":{\"@id\":\"https:\\\/\\\/candas365.es\\\/noticias\\\/fallece-a-los-93-anos-pedro-ferrandiz\\\/#organizationLogo\"},\"sameAs\":[\"https:\\\/\\\/www.facebook.com\\\/Nachofdezber\",\"https:\\\/\\\/x.com\\\/NabercoDigital\",\"https:\\\/\\\/www.instagram.com\\\/nachofdezber\\\/\",\"https:\\\/\\\/www.youtube.com\\\/channel\\\/UCZP-2wLEB9Rv6erhFmqVnvg\"],\"address\":{\"@id\":\"https:\\\/\\\/candas365.es\\\/noticias\\\/#postaladdress\",\"@type\":\"PostalAddress\",\"streetAddress\":\"san antonio 4, san antonio 4\",\"postalCode\":\"33430\",\"addressLocality\":\"Cand\\u00e1s\",\"addressRegion\":\"Asturias\",\"addressCountry\":\"ES\"}},{\"@type\":\"Person\",\"@id\":\"https:\\\/\\\/candas365.es\\\/noticias\\\/author\\\/admin\\\/#author\",\"url\":\"https:\\\/\\\/candas365.es\\\/noticias\\\/author\\\/admin\\\/\",\"name\":\"Cand\\u00e1s 365\",\"image\":{\"@type\":\"ImageObject\",\"@id\":\"https:\\\/\\\/candas365.es\\\/noticias\\\/fallece-a-los-93-anos-pedro-ferrandiz\\\/#authorImage\",\"url\":\"https:\\\/\\\/secure.gravatar.com\\\/avatar\\\/496a8e03d0c493ede1718b7934145dbdf8d89be1036b0eec9544e1094c9de390?s=96&d=mm&r=g\",\"width\":96,\"height\":96,\"caption\":\"Cand\\u00e1s 365\"},\"sameAs\":[\"https:\\\/\\\/www.facebook.com\\\/carrenoactualidad\",\"https:\\\/\\\/twitter.com\\\/nbasturias\",\"https:\\\/\\\/www.instagram.com\\\/nachofdezber\\\/\",\"https:\\\/\\\/www.youtube.com\\\/channel\\\/UCZP-2wLEB9Rv6erhFmqVnvg\"]},{\"@type\":\"WebPage\",\"@id\":\"https:\\\/\\\/candas365.es\\\/noticias\\\/fallece-a-los-93-anos-pedro-ferrandiz\\\/#webpage\",\"url\":\"https:\\\/\\\/candas365.es\\\/noticias\\\/fallece-a-los-93-anos-pedro-ferrandiz\\\/\",\"name\":\"Fallece a los 93 a\\u00f1os Pedro Ferr\\u00e1ndiz | Cand\\u00e1s 365\",\"description\":\"(EP) - El exentrenador Pedro Ferr\\u00e1ndiz, el entrenador espa\\u00f1ol m\\u00e1s laureado y leyenda de los banquillos del Real Madrid, ha fallecido el jueves a los 93 a\\u00f1os\",\"inLanguage\":\"es-ES\",\"isPartOf\":{\"@id\":\"https:\\\/\\\/candas365.es\\\/noticias\\\/#website\"},\"breadcrumb\":{\"@id\":\"https:\\\/\\\/candas365.es\\\/noticias\\\/fallece-a-los-93-anos-pedro-ferrandiz\\\/#breadcrumblist\"},\"author\":{\"@id\":\"https:\\\/\\\/candas365.es\\\/noticias\\\/author\\\/admin\\\/#author\"},\"creator\":{\"@id\":\"https:\\\/\\\/candas365.es\\\/noticias\\\/author\\\/admin\\\/#author\"},\"image\":{\"@type\":\"ImageObject\",\"url\":\"https:\\\/\\\/candas365.es\\\/noticias\\\/wp-content\\\/uploads\\\/2022\\\/07\\\/Ferrandiz.jpg\",\"@id\":\"https:\\\/\\\/candas365.es\\\/noticias\\\/fallece-a-los-93-anos-pedro-ferrandiz\\\/#mainImage\",\"width\":930,\"height\":397,\"caption\":\"FOTO: REAL MADRID C.F. \\\/ Europa Press\"},\"primaryImageOfPage\":{\"@id\":\"https:\\\/\\\/candas365.es\\\/noticias\\\/fallece-a-los-93-anos-pedro-ferrandiz\\\/#mainImage\"},\"datePublished\":\"2022-07-08T16:44:31+02:00\",\"dateModified\":\"2022-07-08T16:44:31+02:00\"},{\"@type\":\"WebSite\",\"@id\":\"https:\\\/\\\/candas365.es\\\/noticias\\\/#website\",\"url\":\"https:\\\/\\\/candas365.es\\\/noticias\\\/\",\"name\":\"Cand\\u00e1s 365\",\"alternateName\":\"Cand\\u00e1s 365 Noticias\",\"description\":\"Actualidad desde Carre\\u00f1o para el mundo\",\"inLanguage\":\"es-ES\",\"publisher\":{\"@id\":\"https:\\\/\\\/candas365.es\\\/noticias\\\/#organization\"}}]}\n\t\t<\/script>\n\t\t<!-- All in One SEO Pro -->\r\n\t\t<title>Fallece a los 93 a\u00f1os Pedro Ferr\u00e1ndiz | Cand\u00e1s 365<\/title>\n\n","aioseo_head_json":{"title":"Fallece a los 93 a\u00f1os Pedro Ferr\u00e1ndiz | Cand\u00e1s 365","description":"(EP) - El exentrenador Pedro Ferr\u00e1ndiz, el entrenador espa\u00f1ol m\u00e1s laureado y leyenda de los banquillos del Real Madrid, ha fallecido el jueves a los 93 a\u00f1os","canonical_url":"https:\/\/candas365.es\/noticias\/fallece-a-los-93-anos-pedro-ferrandiz\/","robots":"max-image-preview:large","keywords":"deporte","webmasterTools":{"google-site-verification":"UA-32230408-1","msvalidate.01":"354F3CDFB2DA171B47FBE9ABF1F88D5","miscellaneous":""},"schema":{"@context":"https:\/\/schema.org","@graph":[{"@type":"BreadcrumbList","@id":"https:\/\/candas365.es\/noticias\/fallece-a-los-93-anos-pedro-ferrandiz\/#breadcrumblist","itemListElement":[{"@type":"ListItem","@id":"https:\/\/candas365.es\/noticias#listItem","position":1,"name":"Home","item":"https:\/\/candas365.es\/noticias","nextItem":{"@type":"ListItem","@id":"https:\/\/candas365.es\/noticias\/category\/deporte\/#listItem","name":"Deporte"}},{"@type":"ListItem","@id":"https:\/\/candas365.es\/noticias\/category\/deporte\/#listItem","position":2,"name":"Deporte","item":"https:\/\/candas365.es\/noticias\/category\/deporte\/","nextItem":{"@type":"ListItem","@id":"https:\/\/candas365.es\/noticias\/fallece-a-los-93-anos-pedro-ferrandiz\/#listItem","name":"Fallece a los 93 a\u00f1os Pedro Ferr\u00e1ndiz"},"previousItem":{"@type":"ListItem","@id":"https:\/\/candas365.es\/noticias#listItem","name":"Home"}},{"@type":"ListItem","@id":"https:\/\/candas365.es\/noticias\/fallece-a-los-93-anos-pedro-ferrandiz\/#listItem","position":3,"name":"Fallece a los 93 a\u00f1os Pedro Ferr\u00e1ndiz","previousItem":{"@type":"ListItem","@id":"https:\/\/candas365.es\/noticias\/category\/deporte\/#listItem","name":"Deporte"}}]},{"@type":"NewsArticle","@id":"https:\/\/candas365.es\/noticias\/fallece-a-los-93-anos-pedro-ferrandiz\/#newsarticle","name":"Fallece a los 93 a\u00f1os Pedro Ferr\u00e1ndiz | Cand\u00e1s 365","headline":"Fallece a los 93 a\u00f1os Pedro Ferr\u00e1ndiz","author":{"@id":"https:\/\/candas365.es\/noticias\/author\/admin\/#author"},"publisher":{"@id":"https:\/\/candas365.es\/noticias\/#organization"},"image":{"@type":"ImageObject","url":"https:\/\/candas365.es\/noticias\/wp-content\/uploads\/2022\/07\/Ferrandiz.jpg","width":930,"height":397,"caption":"FOTO: REAL MADRID C.F. \/ Europa Press"},"datePublished":"2022-07-08T16:44:31+02:00","dateModified":"2022-07-08T16:44:31+02:00","inLanguage":"es-ES","mainEntityOfPage":{"@id":"https:\/\/candas365.es\/noticias\/fallece-a-los-93-anos-pedro-ferrandiz\/#webpage"},"isPartOf":{"@id":"https:\/\/candas365.es\/noticias\/fallece-a-los-93-anos-pedro-ferrandiz\/#webpage"},"articleSection":"Deporte, deporte","dateline":"Publicado el julio 8, 2022."},{"@type":"Organization","@id":"https:\/\/candas365.es\/noticias\/#organization","name":"Cand\u00e1s 365","description":"Cand\u00e1s 365 es un diario digital independiente, fundado en 2012, con base en Asturias. Informamos con rigor sobre actualidad, sociedad, cultura y ocio, con una mirada local y global.","url":"https:\/\/candas365.es\/noticias\/","email":"info@candas365.es","telephone":"+34652131393","foundingDate":"2012-06-10","logo":{"@type":"ImageObject","url":"https:\/\/candas365.es\/noticias\/wp-content\/uploads\/2024\/09\/Candas-365-Redes.jpg","@id":"https:\/\/candas365.es\/noticias\/fallece-a-los-93-anos-pedro-ferrandiz\/#organizationLogo","width":1152,"height":864,"caption":"Cand\u00e1s 365 Redes"},"image":{"@id":"https:\/\/candas365.es\/noticias\/fallece-a-los-93-anos-pedro-ferrandiz\/#organizationLogo"},"sameAs":["https:\/\/www.facebook.com\/Nachofdezber","https:\/\/x.com\/NabercoDigital","https:\/\/www.instagram.com\/nachofdezber\/","https:\/\/www.youtube.com\/channel\/UCZP-2wLEB9Rv6erhFmqVnvg"],"address":{"@id":"https:\/\/candas365.es\/noticias\/#postaladdress","@type":"PostalAddress","streetAddress":"san antonio 4, san antonio 4","postalCode":"33430","addressLocality":"Cand\u00e1s","addressRegion":"Asturias","addressCountry":"ES"}},{"@type":"Person","@id":"https:\/\/candas365.es\/noticias\/author\/admin\/#author","url":"https:\/\/candas365.es\/noticias\/author\/admin\/","name":"Cand\u00e1s 365","image":{"@type":"ImageObject","@id":"https:\/\/candas365.es\/noticias\/fallece-a-los-93-anos-pedro-ferrandiz\/#authorImage","url":"https:\/\/secure.gravatar.com\/avatar\/496a8e03d0c493ede1718b7934145dbdf8d89be1036b0eec9544e1094c9de390?s=96&d=mm&r=g","width":96,"height":96,"caption":"Cand\u00e1s 365"},"sameAs":["https:\/\/www.facebook.com\/carrenoactualidad","https:\/\/twitter.com\/nbasturias","https:\/\/www.instagram.com\/nachofdezber\/","https:\/\/www.youtube.com\/channel\/UCZP-2wLEB9Rv6erhFmqVnvg"]},{"@type":"WebPage","@id":"https:\/\/candas365.es\/noticias\/fallece-a-los-93-anos-pedro-ferrandiz\/#webpage","url":"https:\/\/candas365.es\/noticias\/fallece-a-los-93-anos-pedro-ferrandiz\/","name":"Fallece a los 93 a\u00f1os Pedro Ferr\u00e1ndiz | Cand\u00e1s 365","description":"(EP) - El exentrenador Pedro Ferr\u00e1ndiz, el entrenador espa\u00f1ol m\u00e1s laureado y leyenda de los banquillos del Real Madrid, ha fallecido el jueves a los 93 a\u00f1os","inLanguage":"es-ES","isPartOf":{"@id":"https:\/\/candas365.es\/noticias\/#website"},"breadcrumb":{"@id":"https:\/\/candas365.es\/noticias\/fallece-a-los-93-anos-pedro-ferrandiz\/#breadcrumblist"},"author":{"@id":"https:\/\/candas365.es\/noticias\/author\/admin\/#author"},"creator":{"@id":"https:\/\/candas365.es\/noticias\/author\/admin\/#author"},"image":{"@type":"ImageObject","url":"https:\/\/candas365.es\/noticias\/wp-content\/uploads\/2022\/07\/Ferrandiz.jpg","@id":"https:\/\/candas365.es\/noticias\/fallece-a-los-93-anos-pedro-ferrandiz\/#mainImage","width":930,"height":397,"caption":"FOTO: REAL MADRID C.F. \/ Europa Press"},"primaryImageOfPage":{"@id":"https:\/\/candas365.es\/noticias\/fallece-a-los-93-anos-pedro-ferrandiz\/#mainImage"},"datePublished":"2022-07-08T16:44:31+02:00","dateModified":"2022-07-08T16:44:31+02:00"},{"@type":"WebSite","@id":"https:\/\/candas365.es\/noticias\/#website","url":"https:\/\/candas365.es\/noticias\/","name":"Cand\u00e1s 365","alternateName":"Cand\u00e1s 365 Noticias","description":"Actualidad desde Carre\u00f1o para el mundo","inLanguage":"es-ES","publisher":{"@id":"https:\/\/candas365.es\/noticias\/#organization"}}]},"og:locale":"es_ES","og:site_name":"Cand\u00e1s 365","og:type":"article","og:title":"Fallece a los 93 a\u00f1os Pedro Ferr\u00e1ndiz | Cand\u00e1s 365","og:description":"(EP) - El exentrenador Pedro Ferr\u00e1ndiz, el entrenador espa\u00f1ol m\u00e1s laureado y leyenda de los banquillos del Real Madrid, ha fallecido el jueves a los 93 a\u00f1os","og:url":"https:\/\/candas365.es\/noticias\/fallece-a-los-93-anos-pedro-ferrandiz\/","og:image":"https:\/\/candas365.es\/noticias\/wp-content\/uploads\/2022\/07\/Ferrandiz.jpg","og:image:secure_url":"https:\/\/candas365.es\/noticias\/wp-content\/uploads\/2022\/07\/Ferrandiz.jpg","og:image:width":930,"og:image:height":397,"article:published_time":"2022-07-08T14:44:31+00:00","article:modified_time":"2022-07-08T14:44:31+00:00","article:publisher":"https:\/\/www.facebook.com\/Nachofdezber","article:author":"https:\/\/www.facebook.com\/carrenoactualidad","twitter:card":"summary_large_image","twitter:site":"@NabercoDigital","twitter:title":"Fallece a los 93 a\u00f1os Pedro Ferr\u00e1ndiz | Cand\u00e1s 365","twitter:description":"(EP) - El exentrenador Pedro Ferr\u00e1ndiz, el entrenador espa\u00f1ol m\u00e1s laureado y leyenda de los banquillos del Real Madrid, ha fallecido el jueves a los 93 a\u00f1os","twitter:creator":"@nbasturias","twitter:image":"https:\/\/candas365.es\/noticias\/wp-content\/uploads\/2022\/07\/Ferrandiz.jpg","twitter:label1":"Escrito por","twitter:data1":"Cand\u00e1s 365","twitter:label2":"Tiempo de lectura estimado","twitter:data2":"1 minuto"},"aioseo_meta_data":{"post_id":"163312","title":null,"description":"(EP) - El exentrenador Pedro Ferr\u00e1ndiz, el entrenador espa\u00f1ol m\u00e1s laureado y leyenda de los banquillos del Real Madrid, ha fallecido el jueves a los 93 a\u00f1os","keywords":[],"keyphrases":{"focus":{"keyphrase":"Ferr\u00e1ndiz","score":92,"analysis":{"keyphraseInTitle":{"title":"Focus keyphrase in SEO title","description":"Focus keyphrase found in SEO title.","score":9,"maxScore":9,"error":0},"keyphraseInDescription":{"title":"Focus keyphrase in meta description","description":"Focus keyphrase found in meta description.","score":9,"maxScore":9,"error":0},"keyphraseLength":{"title":"Focus keyphrase length","description":"Good job!","score":9,"maxScore":9,"error":0,"length":1},"keyphraseInURL":{"title":"Focus keyphrase in URL","description":"Focus keyphrase not found in the URL.","score":1,"maxScore":5,"error":1},"keyphraseInIntroduction":{"title":"Focus keyphrase in introduction","description":"Your Focus keyphrase appears in the first paragraph. Well done!","score":9,"maxScore":9,"error":0},"keyphraseInSubHeadings":[],"keyphraseInImageAlt":{"title":"Focus keyphrase in image alt attributes","description":"Focus keyphrase found in image alt attribute(s).","score":9,"maxScore":9,"error":0}}},"additional":[{"keyphrase":"Pedro Ferr\u00e1ndiz","score":83,"analysis":{"keyphraseInDescription":{"title":"Keyphrase in meta description","description":"Keyphrase found in meta description.","score":9,"maxScore":9,"error":0},"keyphraseLength":{"title":"Keyphrase length","description":"Good job!","score":9,"maxScore":9,"error":0,"length":2},"keyphraseInIntroduction":{"title":"Keyphrase in introduction","description":"Your Keyphrase appears in the first paragraph. Well done!","score":9,"maxScore":9,"error":0},"keyphraseInImageAlt":{"title":"Keyphrase in image alt attributes","description":"Keyphrase not found in image alt attribute(s). Add an image with your Keyphrase as alt text.","score":3,"maxScore":9,"error":1}}}]},"primary_term":null,"canonical_url":null,"og_title":null,"og_description":null,"og_object_type":"default","og_image_type":"default","og_image_url":null,"og_image_width":null,"og_image_height":null,"og_image_custom_url":null,"og_image_custom_fields":null,"og_video":"","og_custom_url":null,"og_article_section":null,"og_article_tags":[],"twitter_use_og":false,"twitter_card":"default","twitter_image_type":"default","twitter_image_url":null,"twitter_image_custom_url":null,"twitter_image_custom_fields":null,"twitter_title":null,"twitter_description":null,"schema":{"blockGraphs":[],"customGraphs":[],"default":{"data":{"Article":[],"Course":[],"Dataset":[],"FAQPage":[],"Movie":[],"Person":[],"Product":[],"ProductReview":[],"Car":[],"Recipe":[],"Service":[],"SoftwareApplication":[],"WebPage":[]},"graphName":"","isEnabled":true},"graphs":[],"defaultGraph":"Article","defaultPostTypeGraph":""},"schema_type":"default","schema_type_options":"{\"article\":{\"articleType\":\"BlogPosting\"},\"course\":{\"name\":\"\",\"description\":\"\",\"provider\":\"\"},\"faq\":{\"pages\":[]},\"product\":{\"reviews\":[]},\"recipe\":{\"ingredients\":[],\"instructions\":[],\"keywords\":[]},\"software\":{\"reviews\":[],\"operatingSystems\":[]},\"webPage\":{\"webPageType\":\"WebPage\"}}","pillar_content":false,"robots_default":true,"robots_noindex":false,"robots_noarchive":false,"robots_nosnippet":false,"robots_nofollow":false,"robots_noimageindex":false,"robots_noodp":false,"robots_notranslate":false,"robots_max_snippet":"-1","robots_max_videopreview":"-1","robots_max_imagepreview":"large","priority":null,"frequency":"default","location":null,"local_seo":null,"seo_analyzer_scan_date":"2025-09-01 08:30:23","breadcrumb_settings":null,"limit_modified_date":false,"reviewed_by":null,"open_ai":null,"ai":null,"created":"2022-07-08 14:38:16","updated":"2025-09-01 08:30:23"},"aioseo_breadcrumb":"<div class=\"aioseo-breadcrumbs\"><span class=\"aioseo-breadcrumb\">\n\t<a href=\"https:\/\/candas365.es\/noticias\" title=\"Home\">Home<\/a>\n<\/span><span class=\"aioseo-breadcrumb-separator\">&ndash;<\/span><span class=\"aioseo-breadcrumb\">\n\t<a href=\"https:\/\/candas365.es\/noticias\/category\/deporte\/\" title=\"Deporte\">Deporte<\/a>\n<\/span><span class=\"aioseo-breadcrumb-separator\">&ndash;<\/span><span class=\"aioseo-breadcrumb\">\n\tFallece a los 93 a\u00f1os Pedro Ferr\u00e1ndiz\n<\/span><\/div>","aioseo_breadcrumb_json":[{"label":"Home","link":"https:\/\/candas365.es\/noticias"},{"label":"Deporte","link":"https:\/\/candas365.es\/noticias\/category\/deporte\/"},{"label":"Fallece a los 93 a\u00f1os Pedro Ferr\u00e1ndiz","link":"https:\/\/candas365.es\/noticias\/fallece-a-los-93-anos-pedro-ferrandiz\/"}],"_links":{"self":[{"href":"https:\/\/candas365.es\/noticias\/wp-json\/wp\/v2\/posts\/163312","targetHints":{"allow":["GET"]}}],"collection":[{"href":"https:\/\/candas365.es\/noticias\/wp-json\/wp\/v2\/posts"}],"about":[{"href":"https:\/\/candas365.es\/noticias\/wp-json\/wp\/v2\/types\/post"}],"author":[{"embeddable":true,"href":"https:\/\/candas365.es\/noticias\/wp-json\/wp\/v2\/users\/1"}],"replies":[{"embeddable":true,"href":"https:\/\/candas365.es\/noticias\/wp-json\/wp\/v2\/comments?post=163312"}],"version-history":[{"count":0,"href":"https:\/\/candas365.es\/noticias\/wp-json\/wp\/v2\/posts\/163312\/revisions"}],"wp:featuredmedia":[{"embeddable":true,"href":"https:\/\/candas365.es\/noticias\/wp-json\/wp\/v2\/media\/163314"}],"wp:attachment":[{"href":"https:\/\/candas365.es\/noticias\/wp-json\/wp\/v2\/media?parent=163312"}],"wp:term":[{"taxonomy":"category","embeddable":true,"href":"https:\/\/candas365.es\/noticias\/wp-json\/wp\/v2\/categories?post=163312"},{"taxonomy":"post_tag","embeddable":true,"href":"https:\/\/candas365.es\/noticias\/wp-json\/wp\/v2\/tags?post=163312"}],"curies":[{"name":"wp","href":"https:\/\/api.w.org\/{rel}","templated":true}]}}