{"id":163304,"date":"2022-07-08T14:12:39","date_gmt":"2022-07-08T12:12:39","guid":{"rendered":"https:\/\/candas365.es\/noticias\/?p=163304"},"modified":"2022-07-08T14:12:39","modified_gmt":"2022-07-08T12:12:39","slug":"la-nueva-ola-de-calor-podria-durar-una-semana-en-espana","status":"publish","type":"post","link":"https:\/\/candas365.es\/noticias\/la-nueva-ola-de-calor-podria-durar-una-semana-en-espana\/","title":{"rendered":"La nueva ola de calor podr\u00eda durar una semana en Espa\u00f1a"},"content":{"rendered":"<p>(EP) &#8211; Las temperaturas ser\u00e1n elevadas en Espa\u00f1a, con valores superiores a los 40\u00baC en algunas regiones, que podr\u00edan mantenerse hasta el pr\u00f3ximo viernes,<strong><span style=\"color: #000000;\"> ya que este fin de semana se iniciar\u00e1 un significativo aumento en algunos puntos del pa\u00eds, seg\u00fan la \u00faltima predicci\u00f3n de la<\/span><\/strong> <a href=\"https:\/\/www.aemet.es\/es\/\" target=\"_blank\" rel=\"noopener\"><span style=\"color: #ff6600;\"><strong>Agencia Estatal de Meteorolog\u00eda<\/strong><\/span><\/a> (AEMET).<\/p>\n<figure id=\"attachment_163305\" aria-describedby=\"caption-attachment-163305\" style=\"width: 650px\" class=\"wp-caption aligncenter\"><img fetchpriority=\"high\" decoding=\"async\" class=\"wp-image-163305 size-large\" src=\"https:\/\/candas365.es\/noticias\/wp-content\/uploads\/2022\/07\/ola-de-calor-650x424.jpg\" alt=\"ola de calor\" width=\"650\" height=\"424\" srcset=\"https:\/\/candas365.es\/noticias\/wp-content\/uploads\/2022\/07\/ola-de-calor-650x424.jpg 650w, https:\/\/candas365.es\/noticias\/wp-content\/uploads\/2022\/07\/ola-de-calor-360x235.jpg 360w, https:\/\/candas365.es\/noticias\/wp-content\/uploads\/2022\/07\/ola-de-calor-768x501.jpg 768w, https:\/\/candas365.es\/noticias\/wp-content\/uploads\/2022\/07\/ola-de-calor-150x98.jpg 150w, https:\/\/candas365.es\/noticias\/wp-content\/uploads\/2022\/07\/ola-de-calor-450x294.jpg 450w, https:\/\/candas365.es\/noticias\/wp-content\/uploads\/2022\/07\/ola-de-calor.jpg 1010w\" sizes=\"(max-width: 650px) 100vw, 650px\" \/><figcaption id=\"caption-attachment-163305\" class=\"wp-caption-text\">FOTO: Joaquin Corchero &#8211; Europa Press<\/figcaption><\/figure>\n<p>Este viernes, un <a href=\"https:\/\/candas365.es\/noticias\/category\/el-tiempo\/\"><span style=\"color: #ff6600;\"><strong>potente anticicl\u00f3n<\/strong><\/span><\/a> situado al suroeste de Irlanda provocar\u00e1 la ausencia pr\u00e1cticamente total de precipitaciones en la Pen\u00ednsula, salvo en el Pa\u00eds Vasco, donde habr\u00e1 alg\u00fan chubasco aislado.<\/p>\n<p>Adem\u00e1s, est\u00e1n activados los avisos por altas temperaturas en Madrid, Extremadura, Valladolid, Valle del Guadiana y Guadalquivir. En Extremadura, este viernes se podr\u00edan llegar a temperaturas de 40\u00baC; en Andaluc\u00eda, 41\u00baC; en Madrid, 35\u00baC; en Orense, 36\u00baC; y en Girona, 36\u00baC.<\/p>\n<blockquote><p>El s\u00e1bado contin\u00faa el anticicl\u00f3n y habr\u00e1 posibilidad de precipitaciones en el Pirineo catal\u00e1n, de car\u00e1cter aislado y tormentoso.<\/p><\/blockquote>\n<p>Para este d\u00eda est\u00e1n activados los avisos por calor en Madrid, Extremadura, Valle del Guadiana y Guadalquivir. Se llegar\u00e1 a temperaturas m\u00e1ximas en Madrid de 37\u00baC, en Castilla y Le\u00f3n 36\u00baC, en Extremadura 42\u00baC, en el Valle del Guadalquivir 41\u00baC, en Santa Cruz de Tenerife 35\u00baC y en Palma 34\u00baC.<\/p>\n<p>La AEMET apunta que el domingo el anticicl\u00f3n se sit\u00faa sobre Irlanda y espera alguna precipitaci\u00f3n en Asturias, Galicia y oeste de Castilla y Le\u00f3n.<\/p>\n<p>Estar\u00e1n activos avisos por altas temperaturas en el suroeste de Castilla y Le\u00f3n, Madrid, Extremadura, Valle del Guadalquivir y del Guadiana. En Madrid se esperan m\u00e1ximas de 39\u00baC, en Extremadura de 41\u00baC, en los Valles de Guadiana y Guadalquivir 43\u00baC, en el Valle del Ebro 36\u00baC, en \u00c1vila 35\u00baC, en Orense 39\u00baC, en Palma 34\u00baC y en Santa Cruz de Tenerife 32\u00baC.<\/p>\n<p>El lunes, la semana comenzar\u00e1 con un ascenso de las temperaturas en la mitad norte peninsular y el martes continuar\u00e1n subiendo en las mismas zonas, seg\u00fan la predicci\u00f3n de la AEMET.<\/p>\n<p>De cara al pr\u00f3ximo fin de semana comenzar\u00e1 un significativo descenso de las temperaturas por el oeste peninsular, aunque la AEMET precisa que \u00abtodav\u00eda es pronto para asegurarlo al 100%\u00bb.<\/p>\n","protected":false},"excerpt":{"rendered":"<p>(EP) &#8211; Las temperaturas ser\u00e1n elevadas en Espa\u00f1a, con valores superiores a los 40\u00baC en algunas regiones, que podr\u00edan mantenerse hasta el pr\u00f3ximo viernes, ya que este fin de semana se iniciar\u00e1 un significativo aumento en algunos puntos del pa\u00eds, seg\u00fan la \u00faltima predicci\u00f3n de la Agencia Estatal de Meteorolog\u00eda (AEMET). Este viernes, un potente<\/p>\n","protected":false},"author":1,"featured_media":163305,"comment_status":"closed","ping_status":"closed","sticky":false,"template":"","format":"standard","meta":{"footnotes":""},"categories":[316,358],"tags":[429,466],"class_list":{"0":"post-163304","1":"post","2":"type-post","3":"status-publish","4":"format-standard","5":"has-post-thumbnail","7":"category-destacadas","8":"category-el-tiempo","9":"tag-el-tiempo","10":"tag-espana"},"aioseo_notices":[],"aioseo_head":"\n\t\t<!-- All in One SEO Pro 4.9.6.2 - aioseo.com -->\n\t<meta name=\"description\" content=\"(EP) - Las temperaturas ser\u00e1n elevadas en Espa\u00f1a, con valores superiores a los 40\u00baC en algunas regiones, que podr\u00edan mantenerse hasta el pr\u00f3ximo viernes\" \/>\n\t<meta name=\"robots\" content=\"max-image-preview:large\" \/>\n\t<meta name=\"author\" content=\"Cand\u00e1s 365\"\/>\n\t<meta name=\"google-site-verification\" content=\"UA-32230408-1\" \/>\n\t<meta name=\"msvalidate.01\" content=\"354F3CDFB2DA171B47FBE9ABF1F88D5\" \/>\n\t<meta name=\"keywords\" content=\"destacadas,el tiempo\" \/>\n\t<link rel=\"canonical\" href=\"https:\/\/candas365.es\/noticias\/la-nueva-ola-de-calor-podria-durar-una-semana-en-espana\/\" \/>\n\t<meta name=\"generator\" content=\"All in One SEO Pro (AIOSEO) 4.9.6.2\" \/>\n\t\t<meta property=\"og:locale\" content=\"es_ES\" \/>\n\t\t<meta property=\"og:site_name\" content=\"Cand\u00e1s 365\" \/>\n\t\t<meta property=\"og:type\" content=\"article\" \/>\n\t\t<meta property=\"og:title\" content=\"La nueva ola de calor podr\u00eda durar una semana en Espa\u00f1a | Cand\u00e1s 365\" \/>\n\t\t<meta property=\"og:description\" content=\"(EP) - Las temperaturas ser\u00e1n elevadas en Espa\u00f1a, con valores superiores a los 40\u00baC en algunas regiones, que podr\u00edan mantenerse hasta el pr\u00f3ximo viernes\" \/>\n\t\t<meta property=\"og:url\" content=\"https:\/\/candas365.es\/noticias\/la-nueva-ola-de-calor-podria-durar-una-semana-en-espana\/\" \/>\n\t\t<meta property=\"og:image\" content=\"https:\/\/candas365.es\/noticias\/wp-content\/uploads\/2022\/07\/ola-de-calor.jpg\" \/>\n\t\t<meta property=\"og:image:secure_url\" content=\"https:\/\/candas365.es\/noticias\/wp-content\/uploads\/2022\/07\/ola-de-calor.jpg\" \/>\n\t\t<meta property=\"og:image:width\" content=\"1010\" \/>\n\t\t<meta property=\"og:image:height\" content=\"659\" \/>\n\t\t<meta property=\"article:published_time\" content=\"2022-07-08T12:12:39+00:00\" \/>\n\t\t<meta property=\"article:modified_time\" content=\"2022-07-08T12:12:39+00:00\" \/>\n\t\t<meta property=\"article:publisher\" content=\"https:\/\/www.facebook.com\/Nachofdezber\" \/>\n\t\t<meta property=\"article:author\" content=\"https:\/\/www.facebook.com\/carrenoactualidad\" \/>\n\t\t<meta name=\"twitter:card\" content=\"summary_large_image\" \/>\n\t\t<meta name=\"twitter:site\" content=\"@NabercoDigital\" \/>\n\t\t<meta name=\"twitter:title\" content=\"La nueva ola de calor podr\u00eda durar una semana en Espa\u00f1a | Cand\u00e1s 365\" \/>\n\t\t<meta name=\"twitter:description\" content=\"(EP) - Las temperaturas ser\u00e1n elevadas en Espa\u00f1a, con valores superiores a los 40\u00baC en algunas regiones, que podr\u00edan mantenerse hasta el pr\u00f3ximo viernes\" \/>\n\t\t<meta name=\"twitter:creator\" content=\"@nbasturias\" \/>\n\t\t<meta name=\"twitter:image\" content=\"https:\/\/candas365.es\/noticias\/wp-content\/uploads\/2022\/07\/ola-de-calor.jpg\" \/>\n\t\t<meta name=\"twitter:label1\" content=\"Escrito por\" \/>\n\t\t<meta name=\"twitter:data1\" content=\"Cand\u00e1s 365\" \/>\n\t\t<meta name=\"twitter:label2\" content=\"Tiempo de lectura estimado\" \/>\n\t\t<meta name=\"twitter:data2\" content=\"2 minutos\" \/>\n\t\t<script type=\"application\/ld+json\" class=\"aioseo-schema\">\n\t\t\t{\"@context\":\"https:\\\/\\\/schema.org\",\"@graph\":[{\"@type\":\"BreadcrumbList\",\"@id\":\"https:\\\/\\\/candas365.es\\\/noticias\\\/la-nueva-ola-de-calor-podria-durar-una-semana-en-espana\\\/#breadcrumblist\",\"itemListElement\":[{\"@type\":\"ListItem\",\"@id\":\"https:\\\/\\\/candas365.es\\\/noticias#listItem\",\"position\":1,\"name\":\"Home\",\"item\":\"https:\\\/\\\/candas365.es\\\/noticias\",\"nextItem\":{\"@type\":\"ListItem\",\"@id\":\"https:\\\/\\\/candas365.es\\\/noticias\\\/category\\\/destacadas\\\/#listItem\",\"name\":\"Destacadas\"}},{\"@type\":\"ListItem\",\"@id\":\"https:\\\/\\\/candas365.es\\\/noticias\\\/category\\\/destacadas\\\/#listItem\",\"position\":2,\"name\":\"Destacadas\",\"item\":\"https:\\\/\\\/candas365.es\\\/noticias\\\/category\\\/destacadas\\\/\",\"nextItem\":{\"@type\":\"ListItem\",\"@id\":\"https:\\\/\\\/candas365.es\\\/noticias\\\/la-nueva-ola-de-calor-podria-durar-una-semana-en-espana\\\/#listItem\",\"name\":\"La nueva ola de calor podr\\u00eda durar una semana en Espa\\u00f1a\"},\"previousItem\":{\"@type\":\"ListItem\",\"@id\":\"https:\\\/\\\/candas365.es\\\/noticias#listItem\",\"name\":\"Home\"}},{\"@type\":\"ListItem\",\"@id\":\"https:\\\/\\\/candas365.es\\\/noticias\\\/la-nueva-ola-de-calor-podria-durar-una-semana-en-espana\\\/#listItem\",\"position\":3,\"name\":\"La nueva ola de calor podr\\u00eda durar una semana en Espa\\u00f1a\",\"previousItem\":{\"@type\":\"ListItem\",\"@id\":\"https:\\\/\\\/candas365.es\\\/noticias\\\/category\\\/destacadas\\\/#listItem\",\"name\":\"Destacadas\"}}]},{\"@type\":\"NewsArticle\",\"@id\":\"https:\\\/\\\/candas365.es\\\/noticias\\\/la-nueva-ola-de-calor-podria-durar-una-semana-en-espana\\\/#newsarticle\",\"name\":\"La nueva ola de calor podr\\u00eda durar una semana en Espa\\u00f1a | Cand\\u00e1s 365\",\"headline\":\"La nueva ola de calor podr\\u00eda durar una semana en Espa\\u00f1a\",\"author\":{\"@id\":\"https:\\\/\\\/candas365.es\\\/noticias\\\/author\\\/admin\\\/#author\"},\"publisher\":{\"@id\":\"https:\\\/\\\/candas365.es\\\/noticias\\\/#organization\"},\"image\":{\"@type\":\"ImageObject\",\"url\":\"https:\\\/\\\/candas365.es\\\/noticias\\\/wp-content\\\/uploads\\\/2022\\\/07\\\/ola-de-calor.jpg\",\"width\":1010,\"height\":659,\"caption\":\"FOTO: Joaquin Corchero - Europa Press\"},\"datePublished\":\"2022-07-08T14:12:39+02:00\",\"dateModified\":\"2022-07-08T14:12:39+02:00\",\"inLanguage\":\"es-ES\",\"mainEntityOfPage\":{\"@id\":\"https:\\\/\\\/candas365.es\\\/noticias\\\/la-nueva-ola-de-calor-podria-durar-una-semana-en-espana\\\/#webpage\"},\"isPartOf\":{\"@id\":\"https:\\\/\\\/candas365.es\\\/noticias\\\/la-nueva-ola-de-calor-podria-durar-una-semana-en-espana\\\/#webpage\"},\"articleSection\":\"Destacadas, El tiempo, El tiempo, Espa\\u00f1a\",\"dateline\":\"Publicado el julio 8, 2022.\"},{\"@type\":\"Organization\",\"@id\":\"https:\\\/\\\/candas365.es\\\/noticias\\\/#organization\",\"name\":\"Cand\\u00e1s 365\",\"description\":\"Cand\\u00e1s 365 es un diario digital independiente, fundado en 2012, con base en Asturias. Informamos con rigor sobre actualidad, sociedad, cultura y ocio, con una mirada local y global.\",\"url\":\"https:\\\/\\\/candas365.es\\\/noticias\\\/\",\"email\":\"info@candas365.es\",\"telephone\":\"+34652131393\",\"foundingDate\":\"2012-06-10\",\"logo\":{\"@type\":\"ImageObject\",\"url\":\"https:\\\/\\\/candas365.es\\\/noticias\\\/wp-content\\\/uploads\\\/2024\\\/09\\\/Candas-365-Redes.jpg\",\"@id\":\"https:\\\/\\\/candas365.es\\\/noticias\\\/la-nueva-ola-de-calor-podria-durar-una-semana-en-espana\\\/#organizationLogo\",\"width\":1152,\"height\":864,\"caption\":\"Cand\\u00e1s 365 Redes\"},\"image\":{\"@id\":\"https:\\\/\\\/candas365.es\\\/noticias\\\/la-nueva-ola-de-calor-podria-durar-una-semana-en-espana\\\/#organizationLogo\"},\"sameAs\":[\"https:\\\/\\\/www.facebook.com\\\/Nachofdezber\",\"https:\\\/\\\/x.com\\\/NabercoDigital\",\"https:\\\/\\\/www.instagram.com\\\/nachofdezber\\\/\",\"https:\\\/\\\/www.youtube.com\\\/channel\\\/UCZP-2wLEB9Rv6erhFmqVnvg\"],\"address\":{\"@id\":\"https:\\\/\\\/candas365.es\\\/noticias\\\/#postaladdress\",\"@type\":\"PostalAddress\",\"streetAddress\":\"san antonio 4, san antonio 4\",\"postalCode\":\"33430\",\"addressLocality\":\"Cand\\u00e1s\",\"addressRegion\":\"Asturias\",\"addressCountry\":\"ES\"}},{\"@type\":\"Person\",\"@id\":\"https:\\\/\\\/candas365.es\\\/noticias\\\/author\\\/admin\\\/#author\",\"url\":\"https:\\\/\\\/candas365.es\\\/noticias\\\/author\\\/admin\\\/\",\"name\":\"Cand\\u00e1s 365\",\"image\":{\"@type\":\"ImageObject\",\"@id\":\"https:\\\/\\\/candas365.es\\\/noticias\\\/la-nueva-ola-de-calor-podria-durar-una-semana-en-espana\\\/#authorImage\",\"url\":\"https:\\\/\\\/secure.gravatar.com\\\/avatar\\\/496a8e03d0c493ede1718b7934145dbdf8d89be1036b0eec9544e1094c9de390?s=96&d=mm&r=g\",\"width\":96,\"height\":96,\"caption\":\"Cand\\u00e1s 365\"},\"sameAs\":[\"https:\\\/\\\/www.facebook.com\\\/carrenoactualidad\",\"https:\\\/\\\/twitter.com\\\/nbasturias\",\"https:\\\/\\\/www.instagram.com\\\/nachofdezber\\\/\",\"https:\\\/\\\/www.youtube.com\\\/channel\\\/UCZP-2wLEB9Rv6erhFmqVnvg\"]},{\"@type\":\"WebPage\",\"@id\":\"https:\\\/\\\/candas365.es\\\/noticias\\\/la-nueva-ola-de-calor-podria-durar-una-semana-en-espana\\\/#webpage\",\"url\":\"https:\\\/\\\/candas365.es\\\/noticias\\\/la-nueva-ola-de-calor-podria-durar-una-semana-en-espana\\\/\",\"name\":\"La nueva ola de calor podr\\u00eda durar una semana en Espa\\u00f1a | Cand\\u00e1s 365\",\"description\":\"(EP) - Las temperaturas ser\\u00e1n elevadas en Espa\\u00f1a, con valores superiores a los 40\\u00baC en algunas regiones, que podr\\u00edan mantenerse hasta el pr\\u00f3ximo viernes\",\"inLanguage\":\"es-ES\",\"isPartOf\":{\"@id\":\"https:\\\/\\\/candas365.es\\\/noticias\\\/#website\"},\"breadcrumb\":{\"@id\":\"https:\\\/\\\/candas365.es\\\/noticias\\\/la-nueva-ola-de-calor-podria-durar-una-semana-en-espana\\\/#breadcrumblist\"},\"author\":{\"@id\":\"https:\\\/\\\/candas365.es\\\/noticias\\\/author\\\/admin\\\/#author\"},\"creator\":{\"@id\":\"https:\\\/\\\/candas365.es\\\/noticias\\\/author\\\/admin\\\/#author\"},\"image\":{\"@type\":\"ImageObject\",\"url\":\"https:\\\/\\\/candas365.es\\\/noticias\\\/wp-content\\\/uploads\\\/2022\\\/07\\\/ola-de-calor.jpg\",\"@id\":\"https:\\\/\\\/candas365.es\\\/noticias\\\/la-nueva-ola-de-calor-podria-durar-una-semana-en-espana\\\/#mainImage\",\"width\":1010,\"height\":659,\"caption\":\"FOTO: Joaquin Corchero - Europa Press\"},\"primaryImageOfPage\":{\"@id\":\"https:\\\/\\\/candas365.es\\\/noticias\\\/la-nueva-ola-de-calor-podria-durar-una-semana-en-espana\\\/#mainImage\"},\"datePublished\":\"2022-07-08T14:12:39+02:00\",\"dateModified\":\"2022-07-08T14:12:39+02:00\"},{\"@type\":\"WebSite\",\"@id\":\"https:\\\/\\\/candas365.es\\\/noticias\\\/#website\",\"url\":\"https:\\\/\\\/candas365.es\\\/noticias\\\/\",\"name\":\"Cand\\u00e1s 365\",\"alternateName\":\"Cand\\u00e1s 365 Noticias\",\"description\":\"Actualidad desde Carre\\u00f1o para el mundo\",\"inLanguage\":\"es-ES\",\"publisher\":{\"@id\":\"https:\\\/\\\/candas365.es\\\/noticias\\\/#organization\"}}]}\n\t\t<\/script>\n\t\t<!-- All in One SEO Pro -->\r\n\t\t<title>La nueva ola de calor podr\u00eda durar una semana en Espa\u00f1a | Cand\u00e1s 365<\/title>\n\n","aioseo_head_json":{"title":"La nueva ola de calor podr\u00eda durar una semana en Espa\u00f1a | Cand\u00e1s 365","description":"(EP) - Las temperaturas ser\u00e1n elevadas en Espa\u00f1a, con valores superiores a los 40\u00baC en algunas regiones, que podr\u00edan mantenerse hasta el pr\u00f3ximo viernes","canonical_url":"https:\/\/candas365.es\/noticias\/la-nueva-ola-de-calor-podria-durar-una-semana-en-espana\/","robots":"max-image-preview:large","keywords":"destacadas,el tiempo","webmasterTools":{"google-site-verification":"UA-32230408-1","msvalidate.01":"354F3CDFB2DA171B47FBE9ABF1F88D5","miscellaneous":""},"schema":{"@context":"https:\/\/schema.org","@graph":[{"@type":"BreadcrumbList","@id":"https:\/\/candas365.es\/noticias\/la-nueva-ola-de-calor-podria-durar-una-semana-en-espana\/#breadcrumblist","itemListElement":[{"@type":"ListItem","@id":"https:\/\/candas365.es\/noticias#listItem","position":1,"name":"Home","item":"https:\/\/candas365.es\/noticias","nextItem":{"@type":"ListItem","@id":"https:\/\/candas365.es\/noticias\/category\/destacadas\/#listItem","name":"Destacadas"}},{"@type":"ListItem","@id":"https:\/\/candas365.es\/noticias\/category\/destacadas\/#listItem","position":2,"name":"Destacadas","item":"https:\/\/candas365.es\/noticias\/category\/destacadas\/","nextItem":{"@type":"ListItem","@id":"https:\/\/candas365.es\/noticias\/la-nueva-ola-de-calor-podria-durar-una-semana-en-espana\/#listItem","name":"La nueva ola de calor podr\u00eda durar una semana en Espa\u00f1a"},"previousItem":{"@type":"ListItem","@id":"https:\/\/candas365.es\/noticias#listItem","name":"Home"}},{"@type":"ListItem","@id":"https:\/\/candas365.es\/noticias\/la-nueva-ola-de-calor-podria-durar-una-semana-en-espana\/#listItem","position":3,"name":"La nueva ola de calor podr\u00eda durar una semana en Espa\u00f1a","previousItem":{"@type":"ListItem","@id":"https:\/\/candas365.es\/noticias\/category\/destacadas\/#listItem","name":"Destacadas"}}]},{"@type":"NewsArticle","@id":"https:\/\/candas365.es\/noticias\/la-nueva-ola-de-calor-podria-durar-una-semana-en-espana\/#newsarticle","name":"La nueva ola de calor podr\u00eda durar una semana en Espa\u00f1a | Cand\u00e1s 365","headline":"La nueva ola de calor podr\u00eda durar una semana en Espa\u00f1a","author":{"@id":"https:\/\/candas365.es\/noticias\/author\/admin\/#author"},"publisher":{"@id":"https:\/\/candas365.es\/noticias\/#organization"},"image":{"@type":"ImageObject","url":"https:\/\/candas365.es\/noticias\/wp-content\/uploads\/2022\/07\/ola-de-calor.jpg","width":1010,"height":659,"caption":"FOTO: Joaquin Corchero - Europa Press"},"datePublished":"2022-07-08T14:12:39+02:00","dateModified":"2022-07-08T14:12:39+02:00","inLanguage":"es-ES","mainEntityOfPage":{"@id":"https:\/\/candas365.es\/noticias\/la-nueva-ola-de-calor-podria-durar-una-semana-en-espana\/#webpage"},"isPartOf":{"@id":"https:\/\/candas365.es\/noticias\/la-nueva-ola-de-calor-podria-durar-una-semana-en-espana\/#webpage"},"articleSection":"Destacadas, El tiempo, El tiempo, Espa\u00f1a","dateline":"Publicado el julio 8, 2022."},{"@type":"Organization","@id":"https:\/\/candas365.es\/noticias\/#organization","name":"Cand\u00e1s 365","description":"Cand\u00e1s 365 es un diario digital independiente, fundado en 2012, con base en Asturias. Informamos con rigor sobre actualidad, sociedad, cultura y ocio, con una mirada local y global.","url":"https:\/\/candas365.es\/noticias\/","email":"info@candas365.es","telephone":"+34652131393","foundingDate":"2012-06-10","logo":{"@type":"ImageObject","url":"https:\/\/candas365.es\/noticias\/wp-content\/uploads\/2024\/09\/Candas-365-Redes.jpg","@id":"https:\/\/candas365.es\/noticias\/la-nueva-ola-de-calor-podria-durar-una-semana-en-espana\/#organizationLogo","width":1152,"height":864,"caption":"Cand\u00e1s 365 Redes"},"image":{"@id":"https:\/\/candas365.es\/noticias\/la-nueva-ola-de-calor-podria-durar-una-semana-en-espana\/#organizationLogo"},"sameAs":["https:\/\/www.facebook.com\/Nachofdezber","https:\/\/x.com\/NabercoDigital","https:\/\/www.instagram.com\/nachofdezber\/","https:\/\/www.youtube.com\/channel\/UCZP-2wLEB9Rv6erhFmqVnvg"],"address":{"@id":"https:\/\/candas365.es\/noticias\/#postaladdress","@type":"PostalAddress","streetAddress":"san antonio 4, san antonio 4","postalCode":"33430","addressLocality":"Cand\u00e1s","addressRegion":"Asturias","addressCountry":"ES"}},{"@type":"Person","@id":"https:\/\/candas365.es\/noticias\/author\/admin\/#author","url":"https:\/\/candas365.es\/noticias\/author\/admin\/","name":"Cand\u00e1s 365","image":{"@type":"ImageObject","@id":"https:\/\/candas365.es\/noticias\/la-nueva-ola-de-calor-podria-durar-una-semana-en-espana\/#authorImage","url":"https:\/\/secure.gravatar.com\/avatar\/496a8e03d0c493ede1718b7934145dbdf8d89be1036b0eec9544e1094c9de390?s=96&d=mm&r=g","width":96,"height":96,"caption":"Cand\u00e1s 365"},"sameAs":["https:\/\/www.facebook.com\/carrenoactualidad","https:\/\/twitter.com\/nbasturias","https:\/\/www.instagram.com\/nachofdezber\/","https:\/\/www.youtube.com\/channel\/UCZP-2wLEB9Rv6erhFmqVnvg"]},{"@type":"WebPage","@id":"https:\/\/candas365.es\/noticias\/la-nueva-ola-de-calor-podria-durar-una-semana-en-espana\/#webpage","url":"https:\/\/candas365.es\/noticias\/la-nueva-ola-de-calor-podria-durar-una-semana-en-espana\/","name":"La nueva ola de calor podr\u00eda durar una semana en Espa\u00f1a | Cand\u00e1s 365","description":"(EP) - Las temperaturas ser\u00e1n elevadas en Espa\u00f1a, con valores superiores a los 40\u00baC en algunas regiones, que podr\u00edan mantenerse hasta el pr\u00f3ximo viernes","inLanguage":"es-ES","isPartOf":{"@id":"https:\/\/candas365.es\/noticias\/#website"},"breadcrumb":{"@id":"https:\/\/candas365.es\/noticias\/la-nueva-ola-de-calor-podria-durar-una-semana-en-espana\/#breadcrumblist"},"author":{"@id":"https:\/\/candas365.es\/noticias\/author\/admin\/#author"},"creator":{"@id":"https:\/\/candas365.es\/noticias\/author\/admin\/#author"},"image":{"@type":"ImageObject","url":"https:\/\/candas365.es\/noticias\/wp-content\/uploads\/2022\/07\/ola-de-calor.jpg","@id":"https:\/\/candas365.es\/noticias\/la-nueva-ola-de-calor-podria-durar-una-semana-en-espana\/#mainImage","width":1010,"height":659,"caption":"FOTO: Joaquin Corchero - Europa Press"},"primaryImageOfPage":{"@id":"https:\/\/candas365.es\/noticias\/la-nueva-ola-de-calor-podria-durar-una-semana-en-espana\/#mainImage"},"datePublished":"2022-07-08T14:12:39+02:00","dateModified":"2022-07-08T14:12:39+02:00"},{"@type":"WebSite","@id":"https:\/\/candas365.es\/noticias\/#website","url":"https:\/\/candas365.es\/noticias\/","name":"Cand\u00e1s 365","alternateName":"Cand\u00e1s 365 Noticias","description":"Actualidad desde Carre\u00f1o para el mundo","inLanguage":"es-ES","publisher":{"@id":"https:\/\/candas365.es\/noticias\/#organization"}}]},"og:locale":"es_ES","og:site_name":"Cand\u00e1s 365","og:type":"article","og:title":"La nueva ola de calor podr\u00eda durar una semana en Espa\u00f1a | Cand\u00e1s 365","og:description":"(EP) - Las temperaturas ser\u00e1n elevadas en Espa\u00f1a, con valores superiores a los 40\u00baC en algunas regiones, que podr\u00edan mantenerse hasta el pr\u00f3ximo viernes","og:url":"https:\/\/candas365.es\/noticias\/la-nueva-ola-de-calor-podria-durar-una-semana-en-espana\/","og:image":"https:\/\/candas365.es\/noticias\/wp-content\/uploads\/2022\/07\/ola-de-calor.jpg","og:image:secure_url":"https:\/\/candas365.es\/noticias\/wp-content\/uploads\/2022\/07\/ola-de-calor.jpg","og:image:width":1010,"og:image:height":659,"article:published_time":"2022-07-08T12:12:39+00:00","article:modified_time":"2022-07-08T12:12:39+00:00","article:publisher":"https:\/\/www.facebook.com\/Nachofdezber","article:author":"https:\/\/www.facebook.com\/carrenoactualidad","twitter:card":"summary_large_image","twitter:site":"@NabercoDigital","twitter:title":"La nueva ola de calor podr\u00eda durar una semana en Espa\u00f1a | Cand\u00e1s 365","twitter:description":"(EP) - Las temperaturas ser\u00e1n elevadas en Espa\u00f1a, con valores superiores a los 40\u00baC en algunas regiones, que podr\u00edan mantenerse hasta el pr\u00f3ximo viernes","twitter:creator":"@nbasturias","twitter:image":"https:\/\/candas365.es\/noticias\/wp-content\/uploads\/2022\/07\/ola-de-calor.jpg","twitter:label1":"Escrito por","twitter:data1":"Cand\u00e1s 365","twitter:label2":"Tiempo de lectura estimado","twitter:data2":"2 minutos"},"aioseo_meta_data":{"post_id":"163304","title":null,"description":"(EP) - Las temperaturas ser\u00e1n elevadas en Espa\u00f1a, con valores superiores a los 40\u00baC en algunas regiones, que podr\u00edan mantenerse hasta el pr\u00f3ximo viernes","keywords":[],"keyphrases":{"focus":{"keyphrase":"Espa\u00f1a","score":80,"analysis":{"keyphraseInTitle":{"title":"Focus keyphrase in SEO title","description":"Focus keyphrase found in SEO title.","score":9,"maxScore":9,"error":0},"keyphraseInDescription":{"title":"Focus keyphrase in meta description","description":"Focus keyphrase found in meta description.","score":9,"maxScore":9,"error":0},"keyphraseLength":{"title":"Focus keyphrase length","description":"Good job!","score":9,"maxScore":9,"error":0,"length":1},"keyphraseInURL":{"title":"Focus keyphrase in URL","description":"Focus keyphrase not found in the URL.","score":1,"maxScore":5,"error":1},"keyphraseInIntroduction":{"title":"Focus keyphrase in introduction","description":"Your Focus keyphrase appears in the first paragraph. Well done!","score":9,"maxScore":9,"error":0},"keyphraseInSubHeadings":[],"keyphraseInImageAlt":{"title":"Focus keyphrase in image alt attributes","description":"Focus keyphrase not found in image alt attribute(s). Add an image with your Focus keyphrase as alt text.","score":3,"maxScore":9,"error":1}}},"additional":[{"keyphrase":"ola de calor","score":67,"analysis":{"keyphraseInDescription":{"title":"Keyphrase in meta description","description":"Keyphrase not found in meta description.","score":3,"maxScore":9,"error":1},"keyphraseLength":{"title":"Keyphrase length","description":"Good job!","score":9,"maxScore":9,"error":0,"length":3},"keyphraseInIntroduction":{"title":"Keyphrase in introduction","description":"Your Keyphrase does not appear in the first paragraph. Make sure the topic is clear immediately.","score":3,"maxScore":9,"error":1},"keyphraseInImageAlt":{"title":"Keyphrase in image alt attributes","description":"Keyphrase found in image alt attribute(s).","score":9,"maxScore":9,"error":0}}},{"keyphrase":" temperaturas ","score":100,"analysis":{"keyphraseInDescription":{"title":"Keyphrase in meta description","description":"Keyphrase found in meta description.","score":9,"maxScore":9,"error":0},"keyphraseLength":{"title":"Keyphrase length","description":"Good job!","score":9,"maxScore":9,"error":0,"length":1},"keyphraseInIntroduction":{"title":"Keyphrase in introduction","description":"Your Keyphrase appears in the first paragraph. Well done!","score":9,"maxScore":9,"error":0},"keyphraseInImageAlt":{"title":"Keyphrase in image alt attributes","description":"Keyphrase found in image alt attribute(s).","score":9,"maxScore":9,"error":0}}},{"keyphrase":"Espa\u00f1a","score":83,"analysis":{"keyphraseInDescription":{"title":"Keyphrase in meta description","description":"Keyphrase found in meta description.","score":9,"maxScore":9,"error":0},"keyphraseLength":{"title":"Keyphrase length","description":"Good job!","score":9,"maxScore":9,"error":0,"length":1},"keyphraseInIntroduction":{"title":"Keyphrase in introduction","description":"Your Keyphrase appears in the first paragraph. Well done!","score":9,"maxScore":9,"error":0},"keyphraseInImageAlt":{"title":"Keyphrase in image alt attributes","description":"Keyphrase not found in image alt attribute(s). Add an image with your Keyphrase as alt text.","score":3,"maxScore":9,"error":1}}}]},"primary_term":null,"canonical_url":null,"og_title":null,"og_description":null,"og_object_type":"default","og_image_type":"default","og_image_url":null,"og_image_width":null,"og_image_height":null,"og_image_custom_url":null,"og_image_custom_fields":null,"og_video":"","og_custom_url":null,"og_article_section":null,"og_article_tags":[],"twitter_use_og":false,"twitter_card":"default","twitter_image_type":"default","twitter_image_url":null,"twitter_image_custom_url":null,"twitter_image_custom_fields":null,"twitter_title":null,"twitter_description":null,"schema":{"blockGraphs":[],"customGraphs":[],"default":{"data":{"Article":[],"Course":[],"Dataset":[],"FAQPage":[],"Movie":[],"Person":[],"Product":[],"ProductReview":[],"Car":[],"Recipe":[],"Service":[],"SoftwareApplication":[],"WebPage":[]},"graphName":"","isEnabled":true},"graphs":[]},"schema_type":"default","schema_type_options":"{\"article\":{\"articleType\":\"BlogPosting\"},\"course\":{\"name\":\"\",\"description\":\"\",\"provider\":\"\"},\"faq\":{\"pages\":[]},\"product\":{\"reviews\":[]},\"recipe\":{\"ingredients\":[],\"instructions\":[],\"keywords\":[]},\"software\":{\"reviews\":[],\"operatingSystems\":[]},\"webPage\":{\"webPageType\":\"WebPage\"}}","pillar_content":false,"robots_default":true,"robots_noindex":false,"robots_noarchive":false,"robots_nosnippet":false,"robots_nofollow":false,"robots_noimageindex":false,"robots_noodp":false,"robots_notranslate":false,"robots_max_snippet":"-1","robots_max_videopreview":"-1","robots_max_imagepreview":"large","priority":null,"frequency":"default","location":null,"local_seo":null,"seo_analyzer_scan_date":"2025-09-01 08:29:15","breadcrumb_settings":null,"limit_modified_date":false,"reviewed_by":null,"open_ai":null,"ai":null,"created":"2022-07-08 12:04:54","updated":"2025-09-01 08:29:15"},"aioseo_breadcrumb":"<div class=\"aioseo-breadcrumbs\"><span class=\"aioseo-breadcrumb\">\n\t<a href=\"https:\/\/candas365.es\/noticias\" title=\"Home\">Home<\/a>\n<\/span><span class=\"aioseo-breadcrumb-separator\">&ndash;<\/span><span class=\"aioseo-breadcrumb\">\n\t<a href=\"https:\/\/candas365.es\/noticias\/category\/destacadas\/\" title=\"Destacadas\">Destacadas<\/a>\n<\/span><span class=\"aioseo-breadcrumb-separator\">&ndash;<\/span><span class=\"aioseo-breadcrumb\">\n\tLa nueva ola de calor podr\u00eda durar una semana en Espa\u00f1a\n<\/span><\/div>","aioseo_breadcrumb_json":[{"label":"Home","link":"https:\/\/candas365.es\/noticias"},{"label":"Destacadas","link":"https:\/\/candas365.es\/noticias\/category\/destacadas\/"},{"label":"La nueva ola de calor podr\u00eda durar una semana en Espa\u00f1a","link":"https:\/\/candas365.es\/noticias\/la-nueva-ola-de-calor-podria-durar-una-semana-en-espana\/"}],"_links":{"self":[{"href":"https:\/\/candas365.es\/noticias\/wp-json\/wp\/v2\/posts\/163304","targetHints":{"allow":["GET"]}}],"collection":[{"href":"https:\/\/candas365.es\/noticias\/wp-json\/wp\/v2\/posts"}],"about":[{"href":"https:\/\/candas365.es\/noticias\/wp-json\/wp\/v2\/types\/post"}],"author":[{"embeddable":true,"href":"https:\/\/candas365.es\/noticias\/wp-json\/wp\/v2\/users\/1"}],"replies":[{"embeddable":true,"href":"https:\/\/candas365.es\/noticias\/wp-json\/wp\/v2\/comments?post=163304"}],"version-history":[{"count":0,"href":"https:\/\/candas365.es\/noticias\/wp-json\/wp\/v2\/posts\/163304\/revisions"}],"wp:featuredmedia":[{"embeddable":true,"href":"https:\/\/candas365.es\/noticias\/wp-json\/wp\/v2\/media\/163305"}],"wp:attachment":[{"href":"https:\/\/candas365.es\/noticias\/wp-json\/wp\/v2\/media?parent=163304"}],"wp:term":[{"taxonomy":"category","embeddable":true,"href":"https:\/\/candas365.es\/noticias\/wp-json\/wp\/v2\/categories?post=163304"},{"taxonomy":"post_tag","embeddable":true,"href":"https:\/\/candas365.es\/noticias\/wp-json\/wp\/v2\/tags?post=163304"}],"curies":[{"name":"wp","href":"https:\/\/api.w.org\/{rel}","templated":true}]}}