{"id":163231,"date":"2022-07-07T19:14:46","date_gmt":"2022-07-07T17:14:46","guid":{"rendered":"https:\/\/candas365.es\/noticias\/?p=163231"},"modified":"2022-07-07T19:14:46","modified_gmt":"2022-07-07T17:14:46","slug":"el-cheque-de-los-200-euros-quienes-podran-recibirlo","status":"publish","type":"post","link":"https:\/\/candas365.es\/noticias\/el-cheque-de-los-200-euros-quienes-podran-recibirlo\/","title":{"rendered":"El cheque de los 200 euros: \u00bfQui\u00e9nes podr\u00e1n recibirlo?"},"content":{"rendered":"<p>(EP) &#8211; El cheque de 200 euros para <strong>trabajadores, aut\u00f3nomos y desempleados<\/strong> con rentas bajas, incluido en el real decreto-ley recientemente aprobado por el Gobierno para paliar las consecuencias econ\u00f3micas de la <a href=\"https:\/\/www.eldigitaldeasturias.com\/noticias\/tag\/conflictos\/\" target=\"_blank\" rel=\"noopener\"><span style=\"color: #ff6600;\"><strong>guerra en Ucrania<\/strong><\/span><\/a>, podr\u00e1 solicitarse desde este viernes.<\/p>\n<figure id=\"attachment_163232\" aria-describedby=\"caption-attachment-163232\" style=\"width: 650px\" class=\"wp-caption aligncenter\"><img fetchpriority=\"high\" decoding=\"async\" class=\"wp-image-163232 size-large\" src=\"https:\/\/candas365.es\/noticias\/wp-content\/uploads\/2022\/07\/Montero-650x431.jpg\" alt=\"Montero\" width=\"650\" height=\"431\" srcset=\"https:\/\/candas365.es\/noticias\/wp-content\/uploads\/2022\/07\/Montero-650x431.jpg 650w, https:\/\/candas365.es\/noticias\/wp-content\/uploads\/2022\/07\/Montero-360x238.jpg 360w, https:\/\/candas365.es\/noticias\/wp-content\/uploads\/2022\/07\/Montero-768x509.jpg 768w, https:\/\/candas365.es\/noticias\/wp-content\/uploads\/2022\/07\/Montero-150x99.jpg 150w, https:\/\/candas365.es\/noticias\/wp-content\/uploads\/2022\/07\/Montero-450x298.jpg 450w, https:\/\/candas365.es\/noticias\/wp-content\/uploads\/2022\/07\/Montero.jpg 1001w\" sizes=\"(max-width: 650px) 100vw, 650px\" \/><figcaption id=\"caption-attachment-163232\" class=\"wp-caption-text\">Foto: C\u00e9sar Ortiz &#8211; Europa Press<\/figcaption><\/figure>\n<p>As\u00ed lo ha anunciado la ministra de Hacienda y Funci\u00f3n P\u00fablica, Mar\u00eda Jes\u00fas Montero, durante su participaci\u00f3n en el curso de verano &#8216;Next Generation EU: Un impulso hist\u00f3rico para la sociedad espa\u00f1ola y el futuro de Europa&#8217;, organizado por la Universidad Complutense de Madrid, en el Real Centro Universitario Escorial-Mar\u00eda Cristina de San Lorenzo de El Escorial.<\/p>\n<p><strong>El Gobierno prev\u00e9 destinar 540 millones a esta ayuda de 200 euros, que consistir\u00e1 en un pago \u00fanico y que el Ejecutivo prev\u00e9 que beneficiar\u00e1 a 2,7 millones de personas<\/strong>. La solicitud se deber\u00e1 presentar en la Sede Electr\u00f3nica de la Agencia Estatal de Administraci\u00f3n Tributaria rellenando un formulario electr\u00f3nico antes del 30 de septiembre de 2022, en el que, necesariamente, deber\u00e1 figurar la cuenta bancaria en la que se desee que se realice el abono.<\/p>\n<p>Transcurrido el plazo de tres meses desde la finalizaci\u00f3n del plazo de presentaci\u00f3n del formulario sin haberse efectuado el pago, la solicitud podr\u00e1 entenderse desestimada. Contra esta desestimaci\u00f3n presunta se podr\u00e1 interponer recurso de reposici\u00f3n y reclamaci\u00f3n econ\u00f3mico-administrativa, en los t\u00e9rminos previstos en la Ley 58\/2003, de 17 de diciembre, General Tributaria.<\/p>\n<p>\u00abDesde ma\u00f1ana, podr\u00e1n solicitar en la p\u00e1gina web de la Agencia Tributaria esos 200 euros que se les abonar\u00e1n a partir de septiembre de este a\u00f1o para que antes del 31 de diciembre, 2,7 millones de personas puedan recibir una ayuda imprescindible ante la situaci\u00f3n que viene provocada con motivo de la guerra\u00bb, ha explicado Montero.<\/p>\n<h2>\u00bfQUI\u00c9NES PUEDEN RECIBIR LA AYUDA?<\/h2>\n<p>Para recibir esa ayuda, <span style=\"color: #ff6600;\"><a style=\"color: #ff6600;\" href=\"https:\/\/candas365.es\/noticias\/category\/sociedad\/\"><strong>los beneficiarios<\/strong> <\/a><\/span>deben residir en hogares en los que la suma de las rentas que perciban los convivientes sea inferior a 14.000 euros en 2021 y cuyo patrimonio descontando la vivienda habitual no supere los 43.196,40 euros.<\/p>\n<p>El c\u00f3mputo de ingresos y de patrimonio se efectuar\u00e1 de manera conjunta, considerando todas las personas que residan con el beneficiario en un mismo domicilio a fecha 1 de enero de 2022 \u00aby est\u00e9n unidos entre s\u00ed por matrimonio o an\u00e1loga relaci\u00f3n de afectividad a la conyugal con al menos dos a\u00f1os de antelaci\u00f3n o por parentesco, hasta el tercer grado, incluido los afines, con cualquiera de los anteriores, as\u00ed como otras personas con las que cualquiera de los anteriores conviva en virtud de guarda con fines de adopci\u00f3n o acogimiento familiar permanente\u00bb.<\/p>\n<p>Los beneficiarios deben tener residencia legal y efectiva en Espa\u00f1a en la fecha de entrada en vigor de real decreto-ley, desde el 27 de junio, y haberla tenido de forma continuada e ininterrumpida durante al menos el a\u00f1o inmediatamente anterior.<\/p>\n<h2>INCOMPATIBILIDADES<\/h2>\n<p>Se excluye de esta ayuda a quienes ya cobren el Ingreso M\u00ednimo Vital o reciban pensiones del R\u00e9gimen General y los Reg\u00edmenes especiales de la Seguridad Social o por el R\u00e9gimen de Clases Pasivas del Estado.<\/p>\n<p>Para estos colectivos, el Real Decreto-ley contempla ya medidas concretas como la pr\u00f3rroga del incremento del 15% del Ingreso M\u00ednimo Vital o de las pensiones no contributivas, que implica incrementos anuales superiores a los 200 euros. Y, en el caso de las pensiones contributivas, el Gobierno garantiza el incremento en l\u00ednea con la inflaci\u00f3n para garantizar que no existe una merma del poder adquisitivo.<\/p>\n","protected":false},"excerpt":{"rendered":"<p>(EP) &#8211; El cheque de 200 euros para trabajadores, aut\u00f3nomos y desempleados con rentas bajas, incluido en el real decreto-ley recientemente aprobado por el Gobierno para paliar las consecuencias econ\u00f3micas de la guerra en Ucrania, podr\u00e1 solicitarse desde este viernes. As\u00ed lo ha anunciado la ministra de Hacienda y Funci\u00f3n P\u00fablica, Mar\u00eda Jes\u00fas Montero, durante<\/p>\n","protected":false},"author":1,"featured_media":163232,"comment_status":"closed","ping_status":"closed","sticky":false,"template":"","format":"standard","meta":{"footnotes":""},"categories":[143],"tags":[437,423,408],"class_list":{"0":"post-163231","1":"post","2":"type-post","3":"status-publish","4":"format-standard","5":"has-post-thumbnail","7":"category-sociedad","8":"tag-economia","9":"tag-hogar","10":"tag-sociedad"},"aioseo_notices":[],"aioseo_head":"\n\t\t<!-- All in One SEO Pro 4.9.6.2 - aioseo.com -->\n\t<meta name=\"description\" content=\"(EP) - El cheque de 200 euros para trabajadores, aut\u00f3nomos y desempleados con rentas bajas, incluido en el real decreto-ley recientemente aprobado por el\" \/>\n\t<meta name=\"robots\" content=\"max-image-preview:large\" \/>\n\t<meta name=\"author\" content=\"Cand\u00e1s 365\"\/>\n\t<meta name=\"google-site-verification\" content=\"UA-32230408-1\" \/>\n\t<meta name=\"msvalidate.01\" content=\"354F3CDFB2DA171B47FBE9ABF1F88D5\" \/>\n\t<meta name=\"keywords\" content=\"sociedad\" \/>\n\t<link rel=\"canonical\" href=\"https:\/\/candas365.es\/noticias\/el-cheque-de-los-200-euros-quienes-podran-recibirlo\/\" \/>\n\t<meta name=\"generator\" content=\"All in One SEO Pro (AIOSEO) 4.9.6.2\" \/>\n\t\t<meta property=\"og:locale\" content=\"es_ES\" \/>\n\t\t<meta property=\"og:site_name\" content=\"Cand\u00e1s 365\" \/>\n\t\t<meta property=\"og:type\" content=\"article\" \/>\n\t\t<meta property=\"og:title\" content=\"El cheque de los 200 euros: \u00bfQui\u00e9nes podr\u00e1n recibirlo? | Cand\u00e1s 365\" \/>\n\t\t<meta property=\"og:description\" content=\"(EP) - El cheque de 200 euros para trabajadores, aut\u00f3nomos y desempleados con rentas bajas, incluido en el real decreto-ley recientemente aprobado por el\" \/>\n\t\t<meta property=\"og:url\" content=\"https:\/\/candas365.es\/noticias\/el-cheque-de-los-200-euros-quienes-podran-recibirlo\/\" \/>\n\t\t<meta property=\"og:image\" content=\"https:\/\/candas365.es\/noticias\/wp-content\/uploads\/2022\/07\/Montero.jpg\" \/>\n\t\t<meta property=\"og:image:secure_url\" content=\"https:\/\/candas365.es\/noticias\/wp-content\/uploads\/2022\/07\/Montero.jpg\" \/>\n\t\t<meta property=\"og:image:width\" content=\"1001\" \/>\n\t\t<meta property=\"og:image:height\" content=\"663\" \/>\n\t\t<meta property=\"article:published_time\" content=\"2022-07-07T17:14:46+00:00\" \/>\n\t\t<meta property=\"article:modified_time\" content=\"2022-07-07T17:14:46+00:00\" \/>\n\t\t<meta property=\"article:publisher\" content=\"https:\/\/www.facebook.com\/Nachofdezber\" \/>\n\t\t<meta property=\"article:author\" content=\"https:\/\/www.facebook.com\/carrenoactualidad\" \/>\n\t\t<meta name=\"twitter:card\" content=\"summary_large_image\" \/>\n\t\t<meta name=\"twitter:site\" content=\"@NabercoDigital\" \/>\n\t\t<meta name=\"twitter:title\" content=\"El cheque de los 200 euros: \u00bfQui\u00e9nes podr\u00e1n recibirlo? | Cand\u00e1s 365\" \/>\n\t\t<meta name=\"twitter:description\" content=\"(EP) - El cheque de 200 euros para trabajadores, aut\u00f3nomos y desempleados con rentas bajas, incluido en el real decreto-ley recientemente aprobado por el\" \/>\n\t\t<meta name=\"twitter:creator\" content=\"@nbasturias\" \/>\n\t\t<meta name=\"twitter:image\" content=\"https:\/\/candas365.es\/noticias\/wp-content\/uploads\/2022\/07\/Montero.jpg\" \/>\n\t\t<meta name=\"twitter:label1\" content=\"Escrito por\" \/>\n\t\t<meta name=\"twitter:data1\" content=\"Cand\u00e1s 365\" \/>\n\t\t<meta name=\"twitter:label2\" content=\"Tiempo de lectura estimado\" \/>\n\t\t<meta name=\"twitter:data2\" content=\"3 minutos\" \/>\n\t\t<script type=\"application\/ld+json\" class=\"aioseo-schema\">\n\t\t\t{\"@context\":\"https:\\\/\\\/schema.org\",\"@graph\":[{\"@type\":\"BreadcrumbList\",\"@id\":\"https:\\\/\\\/candas365.es\\\/noticias\\\/el-cheque-de-los-200-euros-quienes-podran-recibirlo\\\/#breadcrumblist\",\"itemListElement\":[{\"@type\":\"ListItem\",\"@id\":\"https:\\\/\\\/candas365.es\\\/noticias#listItem\",\"position\":1,\"name\":\"Home\",\"item\":\"https:\\\/\\\/candas365.es\\\/noticias\",\"nextItem\":{\"@type\":\"ListItem\",\"@id\":\"https:\\\/\\\/candas365.es\\\/noticias\\\/category\\\/sociedad\\\/#listItem\",\"name\":\"Sociedad\"}},{\"@type\":\"ListItem\",\"@id\":\"https:\\\/\\\/candas365.es\\\/noticias\\\/category\\\/sociedad\\\/#listItem\",\"position\":2,\"name\":\"Sociedad\",\"item\":\"https:\\\/\\\/candas365.es\\\/noticias\\\/category\\\/sociedad\\\/\",\"nextItem\":{\"@type\":\"ListItem\",\"@id\":\"https:\\\/\\\/candas365.es\\\/noticias\\\/el-cheque-de-los-200-euros-quienes-podran-recibirlo\\\/#listItem\",\"name\":\"El cheque de los 200 euros: \\u00bfQui\\u00e9nes podr\\u00e1n recibirlo?\"},\"previousItem\":{\"@type\":\"ListItem\",\"@id\":\"https:\\\/\\\/candas365.es\\\/noticias#listItem\",\"name\":\"Home\"}},{\"@type\":\"ListItem\",\"@id\":\"https:\\\/\\\/candas365.es\\\/noticias\\\/el-cheque-de-los-200-euros-quienes-podran-recibirlo\\\/#listItem\",\"position\":3,\"name\":\"El cheque de los 200 euros: \\u00bfQui\\u00e9nes podr\\u00e1n recibirlo?\",\"previousItem\":{\"@type\":\"ListItem\",\"@id\":\"https:\\\/\\\/candas365.es\\\/noticias\\\/category\\\/sociedad\\\/#listItem\",\"name\":\"Sociedad\"}}]},{\"@type\":\"NewsArticle\",\"@id\":\"https:\\\/\\\/candas365.es\\\/noticias\\\/el-cheque-de-los-200-euros-quienes-podran-recibirlo\\\/#newsarticle\",\"name\":\"El cheque de los 200 euros: \\u00bfQui\\u00e9nes podr\\u00e1n recibirlo? | Cand\\u00e1s 365\",\"headline\":\"El cheque de los 200 euros: \\u00bfQui\\u00e9nes podr\\u00e1n recibirlo?\",\"author\":{\"@id\":\"https:\\\/\\\/candas365.es\\\/noticias\\\/author\\\/admin\\\/#author\"},\"publisher\":{\"@id\":\"https:\\\/\\\/candas365.es\\\/noticias\\\/#organization\"},\"image\":{\"@type\":\"ImageObject\",\"url\":\"https:\\\/\\\/candas365.es\\\/noticias\\\/wp-content\\\/uploads\\\/2022\\\/07\\\/Montero.jpg\",\"width\":1001,\"height\":663,\"caption\":\"Foto: C\\u00e9sar Ortiz - Europa Press\"},\"datePublished\":\"2022-07-07T19:14:46+02:00\",\"dateModified\":\"2022-07-07T19:14:46+02:00\",\"inLanguage\":\"es-ES\",\"mainEntityOfPage\":{\"@id\":\"https:\\\/\\\/candas365.es\\\/noticias\\\/el-cheque-de-los-200-euros-quienes-podran-recibirlo\\\/#webpage\"},\"isPartOf\":{\"@id\":\"https:\\\/\\\/candas365.es\\\/noticias\\\/el-cheque-de-los-200-euros-quienes-podran-recibirlo\\\/#webpage\"},\"articleSection\":\"Sociedad, Econom\\u00eda, Hogar, sociedad\",\"dateline\":\"Publicado el julio 7, 2022.\"},{\"@type\":\"Organization\",\"@id\":\"https:\\\/\\\/candas365.es\\\/noticias\\\/#organization\",\"name\":\"Cand\\u00e1s 365\",\"description\":\"Cand\\u00e1s 365 es un diario digital independiente, fundado en 2012, con base en Asturias. Informamos con rigor sobre actualidad, sociedad, cultura y ocio, con una mirada local y global.\",\"url\":\"https:\\\/\\\/candas365.es\\\/noticias\\\/\",\"email\":\"info@candas365.es\",\"telephone\":\"+34652131393\",\"foundingDate\":\"2012-06-10\",\"logo\":{\"@type\":\"ImageObject\",\"url\":\"https:\\\/\\\/candas365.es\\\/noticias\\\/wp-content\\\/uploads\\\/2024\\\/09\\\/Candas-365-Redes.jpg\",\"@id\":\"https:\\\/\\\/candas365.es\\\/noticias\\\/el-cheque-de-los-200-euros-quienes-podran-recibirlo\\\/#organizationLogo\",\"width\":1152,\"height\":864,\"caption\":\"Cand\\u00e1s 365 Redes\"},\"image\":{\"@id\":\"https:\\\/\\\/candas365.es\\\/noticias\\\/el-cheque-de-los-200-euros-quienes-podran-recibirlo\\\/#organizationLogo\"},\"sameAs\":[\"https:\\\/\\\/www.facebook.com\\\/Nachofdezber\",\"https:\\\/\\\/x.com\\\/NabercoDigital\",\"https:\\\/\\\/www.instagram.com\\\/nachofdezber\\\/\",\"https:\\\/\\\/www.youtube.com\\\/channel\\\/UCZP-2wLEB9Rv6erhFmqVnvg\"],\"address\":{\"@id\":\"https:\\\/\\\/candas365.es\\\/noticias\\\/#postaladdress\",\"@type\":\"PostalAddress\",\"streetAddress\":\"san antonio 4, san antonio 4\",\"postalCode\":\"33430\",\"addressLocality\":\"Cand\\u00e1s\",\"addressRegion\":\"Asturias\",\"addressCountry\":\"ES\"}},{\"@type\":\"Person\",\"@id\":\"https:\\\/\\\/candas365.es\\\/noticias\\\/author\\\/admin\\\/#author\",\"url\":\"https:\\\/\\\/candas365.es\\\/noticias\\\/author\\\/admin\\\/\",\"name\":\"Cand\\u00e1s 365\",\"image\":{\"@type\":\"ImageObject\",\"@id\":\"https:\\\/\\\/candas365.es\\\/noticias\\\/el-cheque-de-los-200-euros-quienes-podran-recibirlo\\\/#authorImage\",\"url\":\"https:\\\/\\\/secure.gravatar.com\\\/avatar\\\/496a8e03d0c493ede1718b7934145dbdf8d89be1036b0eec9544e1094c9de390?s=96&d=mm&r=g\",\"width\":96,\"height\":96,\"caption\":\"Cand\\u00e1s 365\"},\"sameAs\":[\"https:\\\/\\\/www.facebook.com\\\/carrenoactualidad\",\"https:\\\/\\\/twitter.com\\\/nbasturias\",\"https:\\\/\\\/www.instagram.com\\\/nachofdezber\\\/\",\"https:\\\/\\\/www.youtube.com\\\/channel\\\/UCZP-2wLEB9Rv6erhFmqVnvg\"]},{\"@type\":\"WebPage\",\"@id\":\"https:\\\/\\\/candas365.es\\\/noticias\\\/el-cheque-de-los-200-euros-quienes-podran-recibirlo\\\/#webpage\",\"url\":\"https:\\\/\\\/candas365.es\\\/noticias\\\/el-cheque-de-los-200-euros-quienes-podran-recibirlo\\\/\",\"name\":\"El cheque de los 200 euros: \\u00bfQui\\u00e9nes podr\\u00e1n recibirlo? | Cand\\u00e1s 365\",\"description\":\"(EP) - El cheque de 200 euros para trabajadores, aut\\u00f3nomos y desempleados con rentas bajas, incluido en el real decreto-ley recientemente aprobado por el\",\"inLanguage\":\"es-ES\",\"isPartOf\":{\"@id\":\"https:\\\/\\\/candas365.es\\\/noticias\\\/#website\"},\"breadcrumb\":{\"@id\":\"https:\\\/\\\/candas365.es\\\/noticias\\\/el-cheque-de-los-200-euros-quienes-podran-recibirlo\\\/#breadcrumblist\"},\"author\":{\"@id\":\"https:\\\/\\\/candas365.es\\\/noticias\\\/author\\\/admin\\\/#author\"},\"creator\":{\"@id\":\"https:\\\/\\\/candas365.es\\\/noticias\\\/author\\\/admin\\\/#author\"},\"image\":{\"@type\":\"ImageObject\",\"url\":\"https:\\\/\\\/candas365.es\\\/noticias\\\/wp-content\\\/uploads\\\/2022\\\/07\\\/Montero.jpg\",\"@id\":\"https:\\\/\\\/candas365.es\\\/noticias\\\/el-cheque-de-los-200-euros-quienes-podran-recibirlo\\\/#mainImage\",\"width\":1001,\"height\":663,\"caption\":\"Foto: C\\u00e9sar Ortiz - Europa Press\"},\"primaryImageOfPage\":{\"@id\":\"https:\\\/\\\/candas365.es\\\/noticias\\\/el-cheque-de-los-200-euros-quienes-podran-recibirlo\\\/#mainImage\"},\"datePublished\":\"2022-07-07T19:14:46+02:00\",\"dateModified\":\"2022-07-07T19:14:46+02:00\"},{\"@type\":\"WebSite\",\"@id\":\"https:\\\/\\\/candas365.es\\\/noticias\\\/#website\",\"url\":\"https:\\\/\\\/candas365.es\\\/noticias\\\/\",\"name\":\"Cand\\u00e1s 365\",\"alternateName\":\"Cand\\u00e1s 365 Noticias\",\"description\":\"Actualidad desde Carre\\u00f1o para el mundo\",\"inLanguage\":\"es-ES\",\"publisher\":{\"@id\":\"https:\\\/\\\/candas365.es\\\/noticias\\\/#organization\"}}]}\n\t\t<\/script>\n\t\t<!-- All in One SEO Pro -->\r\n\t\t<title>El cheque de los 200 euros: \u00bfQui\u00e9nes podr\u00e1n recibirlo? | Cand\u00e1s 365<\/title>\n\n","aioseo_head_json":{"title":"El cheque de los 200 euros: \u00bfQui\u00e9nes podr\u00e1n recibirlo? | Cand\u00e1s 365","description":"(EP) - El cheque de 200 euros para trabajadores, aut\u00f3nomos y desempleados con rentas bajas, incluido en el real decreto-ley recientemente aprobado por el","canonical_url":"https:\/\/candas365.es\/noticias\/el-cheque-de-los-200-euros-quienes-podran-recibirlo\/","robots":"max-image-preview:large","keywords":"sociedad","webmasterTools":{"google-site-verification":"UA-32230408-1","msvalidate.01":"354F3CDFB2DA171B47FBE9ABF1F88D5","miscellaneous":""},"schema":{"@context":"https:\/\/schema.org","@graph":[{"@type":"BreadcrumbList","@id":"https:\/\/candas365.es\/noticias\/el-cheque-de-los-200-euros-quienes-podran-recibirlo\/#breadcrumblist","itemListElement":[{"@type":"ListItem","@id":"https:\/\/candas365.es\/noticias#listItem","position":1,"name":"Home","item":"https:\/\/candas365.es\/noticias","nextItem":{"@type":"ListItem","@id":"https:\/\/candas365.es\/noticias\/category\/sociedad\/#listItem","name":"Sociedad"}},{"@type":"ListItem","@id":"https:\/\/candas365.es\/noticias\/category\/sociedad\/#listItem","position":2,"name":"Sociedad","item":"https:\/\/candas365.es\/noticias\/category\/sociedad\/","nextItem":{"@type":"ListItem","@id":"https:\/\/candas365.es\/noticias\/el-cheque-de-los-200-euros-quienes-podran-recibirlo\/#listItem","name":"El cheque de los 200 euros: \u00bfQui\u00e9nes podr\u00e1n recibirlo?"},"previousItem":{"@type":"ListItem","@id":"https:\/\/candas365.es\/noticias#listItem","name":"Home"}},{"@type":"ListItem","@id":"https:\/\/candas365.es\/noticias\/el-cheque-de-los-200-euros-quienes-podran-recibirlo\/#listItem","position":3,"name":"El cheque de los 200 euros: \u00bfQui\u00e9nes podr\u00e1n recibirlo?","previousItem":{"@type":"ListItem","@id":"https:\/\/candas365.es\/noticias\/category\/sociedad\/#listItem","name":"Sociedad"}}]},{"@type":"NewsArticle","@id":"https:\/\/candas365.es\/noticias\/el-cheque-de-los-200-euros-quienes-podran-recibirlo\/#newsarticle","name":"El cheque de los 200 euros: \u00bfQui\u00e9nes podr\u00e1n recibirlo? | Cand\u00e1s 365","headline":"El cheque de los 200 euros: \u00bfQui\u00e9nes podr\u00e1n recibirlo?","author":{"@id":"https:\/\/candas365.es\/noticias\/author\/admin\/#author"},"publisher":{"@id":"https:\/\/candas365.es\/noticias\/#organization"},"image":{"@type":"ImageObject","url":"https:\/\/candas365.es\/noticias\/wp-content\/uploads\/2022\/07\/Montero.jpg","width":1001,"height":663,"caption":"Foto: C\u00e9sar Ortiz - Europa Press"},"datePublished":"2022-07-07T19:14:46+02:00","dateModified":"2022-07-07T19:14:46+02:00","inLanguage":"es-ES","mainEntityOfPage":{"@id":"https:\/\/candas365.es\/noticias\/el-cheque-de-los-200-euros-quienes-podran-recibirlo\/#webpage"},"isPartOf":{"@id":"https:\/\/candas365.es\/noticias\/el-cheque-de-los-200-euros-quienes-podran-recibirlo\/#webpage"},"articleSection":"Sociedad, Econom\u00eda, Hogar, sociedad","dateline":"Publicado el julio 7, 2022."},{"@type":"Organization","@id":"https:\/\/candas365.es\/noticias\/#organization","name":"Cand\u00e1s 365","description":"Cand\u00e1s 365 es un diario digital independiente, fundado en 2012, con base en Asturias. Informamos con rigor sobre actualidad, sociedad, cultura y ocio, con una mirada local y global.","url":"https:\/\/candas365.es\/noticias\/","email":"info@candas365.es","telephone":"+34652131393","foundingDate":"2012-06-10","logo":{"@type":"ImageObject","url":"https:\/\/candas365.es\/noticias\/wp-content\/uploads\/2024\/09\/Candas-365-Redes.jpg","@id":"https:\/\/candas365.es\/noticias\/el-cheque-de-los-200-euros-quienes-podran-recibirlo\/#organizationLogo","width":1152,"height":864,"caption":"Cand\u00e1s 365 Redes"},"image":{"@id":"https:\/\/candas365.es\/noticias\/el-cheque-de-los-200-euros-quienes-podran-recibirlo\/#organizationLogo"},"sameAs":["https:\/\/www.facebook.com\/Nachofdezber","https:\/\/x.com\/NabercoDigital","https:\/\/www.instagram.com\/nachofdezber\/","https:\/\/www.youtube.com\/channel\/UCZP-2wLEB9Rv6erhFmqVnvg"],"address":{"@id":"https:\/\/candas365.es\/noticias\/#postaladdress","@type":"PostalAddress","streetAddress":"san antonio 4, san antonio 4","postalCode":"33430","addressLocality":"Cand\u00e1s","addressRegion":"Asturias","addressCountry":"ES"}},{"@type":"Person","@id":"https:\/\/candas365.es\/noticias\/author\/admin\/#author","url":"https:\/\/candas365.es\/noticias\/author\/admin\/","name":"Cand\u00e1s 365","image":{"@type":"ImageObject","@id":"https:\/\/candas365.es\/noticias\/el-cheque-de-los-200-euros-quienes-podran-recibirlo\/#authorImage","url":"https:\/\/secure.gravatar.com\/avatar\/496a8e03d0c493ede1718b7934145dbdf8d89be1036b0eec9544e1094c9de390?s=96&d=mm&r=g","width":96,"height":96,"caption":"Cand\u00e1s 365"},"sameAs":["https:\/\/www.facebook.com\/carrenoactualidad","https:\/\/twitter.com\/nbasturias","https:\/\/www.instagram.com\/nachofdezber\/","https:\/\/www.youtube.com\/channel\/UCZP-2wLEB9Rv6erhFmqVnvg"]},{"@type":"WebPage","@id":"https:\/\/candas365.es\/noticias\/el-cheque-de-los-200-euros-quienes-podran-recibirlo\/#webpage","url":"https:\/\/candas365.es\/noticias\/el-cheque-de-los-200-euros-quienes-podran-recibirlo\/","name":"El cheque de los 200 euros: \u00bfQui\u00e9nes podr\u00e1n recibirlo? | Cand\u00e1s 365","description":"(EP) - El cheque de 200 euros para trabajadores, aut\u00f3nomos y desempleados con rentas bajas, incluido en el real decreto-ley recientemente aprobado por el","inLanguage":"es-ES","isPartOf":{"@id":"https:\/\/candas365.es\/noticias\/#website"},"breadcrumb":{"@id":"https:\/\/candas365.es\/noticias\/el-cheque-de-los-200-euros-quienes-podran-recibirlo\/#breadcrumblist"},"author":{"@id":"https:\/\/candas365.es\/noticias\/author\/admin\/#author"},"creator":{"@id":"https:\/\/candas365.es\/noticias\/author\/admin\/#author"},"image":{"@type":"ImageObject","url":"https:\/\/candas365.es\/noticias\/wp-content\/uploads\/2022\/07\/Montero.jpg","@id":"https:\/\/candas365.es\/noticias\/el-cheque-de-los-200-euros-quienes-podran-recibirlo\/#mainImage","width":1001,"height":663,"caption":"Foto: C\u00e9sar Ortiz - Europa Press"},"primaryImageOfPage":{"@id":"https:\/\/candas365.es\/noticias\/el-cheque-de-los-200-euros-quienes-podran-recibirlo\/#mainImage"},"datePublished":"2022-07-07T19:14:46+02:00","dateModified":"2022-07-07T19:14:46+02:00"},{"@type":"WebSite","@id":"https:\/\/candas365.es\/noticias\/#website","url":"https:\/\/candas365.es\/noticias\/","name":"Cand\u00e1s 365","alternateName":"Cand\u00e1s 365 Noticias","description":"Actualidad desde Carre\u00f1o para el mundo","inLanguage":"es-ES","publisher":{"@id":"https:\/\/candas365.es\/noticias\/#organization"}}]},"og:locale":"es_ES","og:site_name":"Cand\u00e1s 365","og:type":"article","og:title":"El cheque de los 200 euros: \u00bfQui\u00e9nes podr\u00e1n recibirlo? | Cand\u00e1s 365","og:description":"(EP) - El cheque de 200 euros para trabajadores, aut\u00f3nomos y desempleados con rentas bajas, incluido en el real decreto-ley recientemente aprobado por el","og:url":"https:\/\/candas365.es\/noticias\/el-cheque-de-los-200-euros-quienes-podran-recibirlo\/","og:image":"https:\/\/candas365.es\/noticias\/wp-content\/uploads\/2022\/07\/Montero.jpg","og:image:secure_url":"https:\/\/candas365.es\/noticias\/wp-content\/uploads\/2022\/07\/Montero.jpg","og:image:width":1001,"og:image:height":663,"article:published_time":"2022-07-07T17:14:46+00:00","article:modified_time":"2022-07-07T17:14:46+00:00","article:publisher":"https:\/\/www.facebook.com\/Nachofdezber","article:author":"https:\/\/www.facebook.com\/carrenoactualidad","twitter:card":"summary_large_image","twitter:site":"@NabercoDigital","twitter:title":"El cheque de los 200 euros: \u00bfQui\u00e9nes podr\u00e1n recibirlo? | Cand\u00e1s 365","twitter:description":"(EP) - El cheque de 200 euros para trabajadores, aut\u00f3nomos y desempleados con rentas bajas, incluido en el real decreto-ley recientemente aprobado por el","twitter:creator":"@nbasturias","twitter:image":"https:\/\/candas365.es\/noticias\/wp-content\/uploads\/2022\/07\/Montero.jpg","twitter:label1":"Escrito por","twitter:data1":"Cand\u00e1s 365","twitter:label2":"Tiempo de lectura estimado","twitter:data2":"3 minutos"},"aioseo_meta_data":{"post_id":"163231","title":null,"description":"(EP) - El cheque de 200 euros para trabajadores, aut\u00f3nomos y desempleados con rentas bajas, incluido en el real decreto-ley recientemente aprobado por el","keywords":[],"keyphrases":{"focus":{"keyphrase":"cheque","score":73,"analysis":{"keyphraseInTitle":{"title":"Focus keyphrase in SEO title","description":"Focus keyphrase found in SEO title.","score":9,"maxScore":9,"error":0},"keyphraseInDescription":{"title":"Focus keyphrase in meta description","description":"Focus keyphrase found in meta description.","score":9,"maxScore":9,"error":0},"keyphraseLength":{"title":"Focus keyphrase length","description":"Good job!","score":9,"maxScore":9,"error":0,"length":1},"keyphraseInURL":{"title":"Focus keyphrase in URL","description":"Focus keyphrase not found in the URL.","score":1,"maxScore":5,"error":1},"keyphraseInIntroduction":{"title":"Focus keyphrase in introduction","description":"Your Focus keyphrase appears in the first paragraph. Well done!","score":9,"maxScore":9,"error":0},"keyphraseInSubHeadings":{"title":"Focus keyphrase in Subheadings","description":"Use your focus keyphrase more in your H2 and H3 subheadings.","score":3,"maxScore":9,"error":1},"keyphraseInImageAlt":{"title":"Focus keyphrase in image alt attributes","description":"Focus keyphrase not found in image alt attribute(s). Add an image with your Focus keyphrase as alt text.","score":3,"maxScore":9,"error":1}}},"additional":[{"keyphrase":"200 euros","score":83,"analysis":{"keyphraseInDescription":{"title":"Keyphrase in meta description","description":"Keyphrase found in meta description.","score":9,"maxScore":9,"error":0},"keyphraseLength":{"title":"Keyphrase length","description":"Good job!","score":9,"maxScore":9,"error":0,"length":1},"keyphraseInIntroduction":{"title":"Keyphrase in introduction","description":"Your Keyphrase appears in the first paragraph. Well done!","score":9,"maxScore":9,"error":0},"keyphraseInImageAlt":{"title":"Keyphrase in image alt attributes","description":"Keyphrase not found in image alt attribute(s). Add an image with your Keyphrase as alt text.","score":3,"maxScore":9,"error":1}}},{"keyphrase":"El cheque","score":83,"analysis":{"keyphraseInDescription":{"title":"Keyphrase in meta description","description":"Keyphrase found in meta description.","score":9,"maxScore":9,"error":0},"keyphraseLength":{"title":"Keyphrase length","description":"Good job!","score":9,"maxScore":9,"error":0,"length":2},"keyphraseInIntroduction":{"title":"Keyphrase in introduction","description":"Your Keyphrase appears in the first paragraph. Well done!","score":9,"maxScore":9,"error":0},"keyphraseInImageAlt":{"title":"Keyphrase in image alt attributes","description":"Keyphrase not found in image alt attribute(s). Add an image with your Keyphrase as alt text.","score":3,"maxScore":9,"error":1}}},{"keyphrase":"Montero","score":67,"analysis":{"keyphraseInDescription":{"title":"Keyphrase in meta description","description":"Keyphrase not found in meta description.","score":3,"maxScore":9,"error":1},"keyphraseLength":{"title":"Keyphrase length","description":"Good job!","score":9,"maxScore":9,"error":0,"length":1},"keyphraseInIntroduction":{"title":"Keyphrase in introduction","description":"Your Keyphrase does not appear in the first paragraph. Make sure the topic is clear immediately.","score":3,"maxScore":9,"error":1},"keyphraseInImageAlt":{"title":"Keyphrase in image alt attributes","description":"Keyphrase found in image alt attribute(s).","score":9,"maxScore":9,"error":0}}}]},"primary_term":null,"canonical_url":null,"og_title":null,"og_description":null,"og_object_type":"default","og_image_type":"default","og_image_url":null,"og_image_width":null,"og_image_height":null,"og_image_custom_url":null,"og_image_custom_fields":null,"og_video":"","og_custom_url":null,"og_article_section":null,"og_article_tags":[],"twitter_use_og":false,"twitter_card":"default","twitter_image_type":"default","twitter_image_url":null,"twitter_image_custom_url":null,"twitter_image_custom_fields":null,"twitter_title":null,"twitter_description":null,"schema":{"blockGraphs":[],"customGraphs":[],"default":{"data":{"Article":[],"Course":[],"Dataset":[],"FAQPage":[],"Movie":[],"Person":[],"Product":[],"ProductReview":[],"Car":[],"Recipe":[],"Service":[],"SoftwareApplication":[],"WebPage":[]},"graphName":"","isEnabled":true},"graphs":[],"defaultGraph":"Article","defaultPostTypeGraph":""},"schema_type":"default","schema_type_options":"{\"article\":{\"articleType\":\"BlogPosting\"},\"course\":{\"name\":\"\",\"description\":\"\",\"provider\":\"\"},\"faq\":{\"pages\":[]},\"product\":{\"reviews\":[]},\"recipe\":{\"ingredients\":[],\"instructions\":[],\"keywords\":[]},\"software\":{\"reviews\":[],\"operatingSystems\":[]},\"webPage\":{\"webPageType\":\"WebPage\"}}","pillar_content":false,"robots_default":true,"robots_noindex":false,"robots_noarchive":false,"robots_nosnippet":false,"robots_nofollow":false,"robots_noimageindex":false,"robots_noodp":false,"robots_notranslate":false,"robots_max_snippet":"-1","robots_max_videopreview":"-1","robots_max_imagepreview":"large","priority":null,"frequency":"default","location":null,"local_seo":null,"seo_analyzer_scan_date":"2025-09-01 08:24:26","breadcrumb_settings":null,"limit_modified_date":false,"reviewed_by":null,"open_ai":null,"ai":null,"created":"2022-07-07 17:05:25","updated":"2025-09-01 08:24:26"},"aioseo_breadcrumb":"<div class=\"aioseo-breadcrumbs\"><span class=\"aioseo-breadcrumb\">\n\t<a href=\"https:\/\/candas365.es\/noticias\" title=\"Home\">Home<\/a>\n<\/span><span class=\"aioseo-breadcrumb-separator\">&ndash;<\/span><span class=\"aioseo-breadcrumb\">\n\t<a href=\"https:\/\/candas365.es\/noticias\/category\/sociedad\/\" title=\"Sociedad\">Sociedad<\/a>\n<\/span><span class=\"aioseo-breadcrumb-separator\">&ndash;<\/span><span class=\"aioseo-breadcrumb\">\n\tEl cheque de los 200 euros: \u00bfQui\u00e9nes podr\u00e1n recibirlo?\n<\/span><\/div>","aioseo_breadcrumb_json":[{"label":"Home","link":"https:\/\/candas365.es\/noticias"},{"label":"Sociedad","link":"https:\/\/candas365.es\/noticias\/category\/sociedad\/"},{"label":"El cheque de los 200 euros: \u00bfQui\u00e9nes podr\u00e1n recibirlo?","link":"https:\/\/candas365.es\/noticias\/el-cheque-de-los-200-euros-quienes-podran-recibirlo\/"}],"_links":{"self":[{"href":"https:\/\/candas365.es\/noticias\/wp-json\/wp\/v2\/posts\/163231","targetHints":{"allow":["GET"]}}],"collection":[{"href":"https:\/\/candas365.es\/noticias\/wp-json\/wp\/v2\/posts"}],"about":[{"href":"https:\/\/candas365.es\/noticias\/wp-json\/wp\/v2\/types\/post"}],"author":[{"embeddable":true,"href":"https:\/\/candas365.es\/noticias\/wp-json\/wp\/v2\/users\/1"}],"replies":[{"embeddable":true,"href":"https:\/\/candas365.es\/noticias\/wp-json\/wp\/v2\/comments?post=163231"}],"version-history":[{"count":0,"href":"https:\/\/candas365.es\/noticias\/wp-json\/wp\/v2\/posts\/163231\/revisions"}],"wp:featuredmedia":[{"embeddable":true,"href":"https:\/\/candas365.es\/noticias\/wp-json\/wp\/v2\/media\/163232"}],"wp:attachment":[{"href":"https:\/\/candas365.es\/noticias\/wp-json\/wp\/v2\/media?parent=163231"}],"wp:term":[{"taxonomy":"category","embeddable":true,"href":"https:\/\/candas365.es\/noticias\/wp-json\/wp\/v2\/categories?post=163231"},{"taxonomy":"post_tag","embeddable":true,"href":"https:\/\/candas365.es\/noticias\/wp-json\/wp\/v2\/tags?post=163231"}],"curies":[{"name":"wp","href":"https:\/\/api.w.org\/{rel}","templated":true}]}}