{"id":163033,"date":"2022-07-05T02:49:57","date_gmt":"2022-07-05T00:49:57","guid":{"rendered":"https:\/\/candas365.es\/noticias\/?p=163033"},"modified":"2022-07-05T02:49:57","modified_gmt":"2022-07-05T00:49:57","slug":"carme-artigas-queremos-ser-un-pais-de-scaleups","status":"publish","type":"post","link":"https:\/\/candas365.es\/noticias\/carme-artigas-queremos-ser-un-pais-de-scaleups\/","title":{"rendered":"Carme Artigas: Queremos ser un pa\u00eds de \u00abscaleups\u00bb"},"content":{"rendered":"<p>(EP) &#8211; La secretaria de Estado de Digitalizaci\u00f3n e Inteligencia Artificial, Carme Artigas, ha asegurado en la presentaci\u00f3n de la asociaci\u00f3n EsTech que la conocida como &#8216;ley startup&#8217; ha recibido 257 enmiendas en el Congreso de los Diputados, a tres semanas de que termine el plazo de registrar adiciones en el proyecto.<\/p>\n<figure id=\"attachment_163034\" aria-describedby=\"caption-attachment-163034\" style=\"width: 650px\" class=\"wp-caption aligncenter\"><img fetchpriority=\"high\" decoding=\"async\" class=\"wp-image-163034 size-large\" src=\"https:\/\/candas365.es\/noticias\/wp-content\/uploads\/2022\/07\/Artigas-650x292.jpg\" alt=\"Artigas\" width=\"650\" height=\"292\" srcset=\"https:\/\/candas365.es\/noticias\/wp-content\/uploads\/2022\/07\/Artigas-650x292.jpg 650w, https:\/\/candas365.es\/noticias\/wp-content\/uploads\/2022\/07\/Artigas-360x162.jpg 360w, https:\/\/candas365.es\/noticias\/wp-content\/uploads\/2022\/07\/Artigas-768x345.jpg 768w, https:\/\/candas365.es\/noticias\/wp-content\/uploads\/2022\/07\/Artigas-150x67.jpg 150w, https:\/\/candas365.es\/noticias\/wp-content\/uploads\/2022\/07\/Artigas-450x202.jpg 450w, https:\/\/candas365.es\/noticias\/wp-content\/uploads\/2022\/07\/Artigas.jpg 1141w\" sizes=\"(max-width: 650px) 100vw, 650px\" \/><figcaption id=\"caption-attachment-163034\" class=\"wp-caption-text\">FOTO: ESTECH \/ Europa Press<\/figcaption><\/figure>\n<p>Artigas ha participado este lunes en el ICEX en la presentaci\u00f3n en Madrid de esta asociaci\u00f3n formada por algunas de las<span style=\"color: #ff6600;\"><a style=\"color: #ff6600;\" href=\"https:\/\/www.eldigitaldeasturias.com\/noticias\/category\/negocios-y-empresas\/\" target=\"_blank\" rel=\"noopener\"><strong> &#8216;startups&#8217; tecnol\u00f3gicas espa\u00f1olas<\/strong><\/a><\/span> de mayor proyecci\u00f3n como Wallbox, Wallapop, Jobandtalent y Paack.<\/p>\n<p>La secretaria de Estado ha destacado la mejora del texto de la ley de &#8216;startups&#8217; tras la primera consulta p\u00fablica y ha llamado a las &#8216;startups&#8217; a participar en programas como el piloto del reglamento europeo de inteligencia artificial, que comenzar\u00e1 en octubre.<\/p>\n<p>Por su parte, el alto comisionado de Espa\u00f1a Naci\u00f3n Emprendedora, Francisco Polo, ha reconocido que la ley se ha demorado m\u00e1s de lo que le gustar\u00eda al Gobierno, debido a la pandemia y las elecciones previas.<\/p>\n<p>Asimismo, ha remarcado que, antes de terminar el a\u00f1o pol\u00edtico, el presidente del Gobierno,<strong><a href=\"https:\/\/candas365.es\/noticias\/sanchez-hara-fijos-a-67-300-sanitarios\/\"><span style=\"color: #ff6600;\"> Pedro S\u00e1nchez<\/span><\/a>, realizar\u00e1 un gran acto para analizar la implantaci\u00f3n de la agenda Espa\u00f1a Digital 2025.<\/strong><\/p>\n<h2>FONDOS DE INVERSI\u00d3N<\/h2>\n<p>Artigas ha continuado su intervenci\u00f3n recordando la puesta en marcha de NextTech, el fondo de fondos gestionado por el Instituto de Cr\u00e9dito Oficial (ICO) con 2.000 millones de euros p\u00fablicos que ya ha cerrado sus primeras inversiones en Leadwind y Andromeda, gestionados por K Fund y Seaya Ventures, respectivamente, y con Telef\u00f3nica e Iberdrola como &#8216;inversores ancla&#8217;.<\/p>\n<p><strong>\u00abNo simplemente queremos ser un pa\u00eds de &#8216;startups&#8217;, queremos ser un pa\u00eds de &#8216;scaleups'\u00bb, ha asegurado Artigas,<\/strong> que ha subrayado que ya las dos primeras inversiones de Next Tech se corresponden con los dos mayores fondos tecnol\u00f3gicos de Espa\u00f1a.<\/p>\n<p>Asimismo, ha recordado que Espa\u00f1a ha alcanzado un acuerdo con Francia y Alemania para extrapolar un modelo similar a nivel europeo y financiar fondos tecnol\u00f3gicos con m\u00e1s de 1.000 millones de euros para crear gigantes europeos cuyas sedes permanezcan en Europa.<\/p>\n<p>En esta l\u00ednea, ha remarcado que considera que los proyectos legislativos europeos para regular la esfera digital como la Ley de Mercados Digitales y la Ley de Servicios Digitales supondr\u00e1n una \u00abventaja competitiva\u00bb al establecer nuevos est\u00e1ndares.<\/p>\n<p>Por su parte, el alto comisionado para Espa\u00f1a Naci\u00f3n Emprendedora ha recordado la reciente adhesi\u00f3n de Espa\u00f1a con 60 millones de euros en 15 a\u00f1os para el fondo de innovaci\u00f3n de la OTAN. ESTECH<\/p>\n<p>La primera presidenta de EsTech, la consejera delegada de Neuroelectronics, Ana Maiques, ha destacado la ambici\u00f3n de la docena de empresas que componen la asociaci\u00f3n por crear una nueva econom\u00eda.<\/p>\n<blockquote><p>La directiva se ha alineado con el Gobierno con el objetivo de que la econom\u00eda digital suponga un 40% del PIB en 2030 y ha pedido su colaboraci\u00f3n a nivel regulatorio.<\/p><\/blockquote>\n<p>Asimismo, ha mostrado su esperanza de que a finales de 2023 el n\u00famero de unicornios espa\u00f1oles ascienda de 11 a 20 y ha destacado el objetivo de \u00abvisibilizar\u00bb y ayudar a escalar las empresas tecnol\u00f3gicas espa\u00f1olas.<\/p>\n","protected":false},"excerpt":{"rendered":"<p>(EP) &#8211; La secretaria de Estado de Digitalizaci\u00f3n e Inteligencia Artificial, Carme Artigas, ha asegurado en la presentaci\u00f3n de la asociaci\u00f3n EsTech que la conocida como &#8216;ley startup&#8217; ha recibido 257 enmiendas en el Congreso de los Diputados, a tres semanas de que termine el plazo de registrar adiciones en el proyecto. Artigas ha participado<\/p>\n","protected":false},"author":1,"featured_media":163034,"comment_status":"closed","ping_status":"closed","sticky":false,"template":"","format":"standard","meta":{"footnotes":""},"categories":[151],"tags":[437,383],"class_list":{"0":"post-163033","1":"post","2":"type-post","3":"status-publish","4":"format-standard","5":"has-post-thumbnail","7":"category-canal-empresas","8":"tag-economia","9":"tag-empresas"},"aioseo_notices":[],"aioseo_head":"\n\t\t<!-- All in One SEO Pro 4.9.6.2 - aioseo.com -->\n\t<meta name=\"description\" content=\"(EP) - La secretaria de Estado de Digitalizaci\u00f3n e Inteligencia Artificial, Carme Artigas, ha asegurado en la presentaci\u00f3n de la asociaci\u00f3n EsTech\" \/>\n\t<meta name=\"robots\" content=\"max-image-preview:large\" \/>\n\t<meta name=\"author\" content=\"Cand\u00e1s 365\"\/>\n\t<meta name=\"google-site-verification\" content=\"UA-32230408-1\" \/>\n\t<meta name=\"msvalidate.01\" content=\"354F3CDFB2DA171B47FBE9ABF1F88D5\" \/>\n\t<meta name=\"keywords\" content=\"canal empresas\" \/>\n\t<link rel=\"canonical\" href=\"https:\/\/candas365.es\/noticias\/carme-artigas-queremos-ser-un-pais-de-scaleups\/\" \/>\n\t<meta name=\"generator\" content=\"All in One SEO Pro (AIOSEO) 4.9.6.2\" \/>\n\t\t<meta property=\"og:locale\" content=\"es_ES\" \/>\n\t\t<meta property=\"og:site_name\" content=\"Cand\u00e1s 365\" \/>\n\t\t<meta property=\"og:type\" content=\"article\" \/>\n\t\t<meta property=\"og:title\" content=\"Carme Artigas: Queremos ser un pa\u00eds de \u00abscaleups\u00bb | Cand\u00e1s 365\" \/>\n\t\t<meta property=\"og:description\" content=\"(EP) - La secretaria de Estado de Digitalizaci\u00f3n e Inteligencia Artificial, Carme Artigas, ha asegurado en la presentaci\u00f3n de la asociaci\u00f3n EsTech\" \/>\n\t\t<meta property=\"og:url\" content=\"https:\/\/candas365.es\/noticias\/carme-artigas-queremos-ser-un-pais-de-scaleups\/\" \/>\n\t\t<meta property=\"og:image\" content=\"https:\/\/candas365.es\/noticias\/wp-content\/uploads\/2022\/07\/Artigas.jpg\" \/>\n\t\t<meta property=\"og:image:secure_url\" content=\"https:\/\/candas365.es\/noticias\/wp-content\/uploads\/2022\/07\/Artigas.jpg\" \/>\n\t\t<meta property=\"og:image:width\" content=\"1141\" \/>\n\t\t<meta property=\"og:image:height\" content=\"513\" \/>\n\t\t<meta property=\"article:published_time\" content=\"2022-07-05T00:49:57+00:00\" \/>\n\t\t<meta property=\"article:modified_time\" content=\"2022-07-05T00:49:57+00:00\" \/>\n\t\t<meta property=\"article:publisher\" content=\"https:\/\/www.facebook.com\/Nachofdezber\" \/>\n\t\t<meta property=\"article:author\" content=\"https:\/\/www.facebook.com\/carrenoactualidad\" \/>\n\t\t<meta name=\"twitter:card\" content=\"summary_large_image\" \/>\n\t\t<meta name=\"twitter:site\" content=\"@NabercoDigital\" \/>\n\t\t<meta name=\"twitter:title\" content=\"Carme Artigas: Queremos ser un pa\u00eds de \u00abscaleups\u00bb | Cand\u00e1s 365\" \/>\n\t\t<meta name=\"twitter:description\" content=\"(EP) - La secretaria de Estado de Digitalizaci\u00f3n e Inteligencia Artificial, Carme Artigas, ha asegurado en la presentaci\u00f3n de la asociaci\u00f3n EsTech\" \/>\n\t\t<meta name=\"twitter:creator\" content=\"@nbasturias\" \/>\n\t\t<meta name=\"twitter:image\" content=\"https:\/\/candas365.es\/noticias\/wp-content\/uploads\/2022\/07\/Artigas.jpg\" \/>\n\t\t<meta name=\"twitter:label1\" content=\"Escrito por\" \/>\n\t\t<meta name=\"twitter:data1\" content=\"Cand\u00e1s 365\" \/>\n\t\t<meta name=\"twitter:label2\" content=\"Tiempo de lectura estimado\" \/>\n\t\t<meta name=\"twitter:data2\" content=\"3 minutos\" \/>\n\t\t<script type=\"application\/ld+json\" class=\"aioseo-schema\">\n\t\t\t{\"@context\":\"https:\\\/\\\/schema.org\",\"@graph\":[{\"@type\":\"BreadcrumbList\",\"@id\":\"https:\\\/\\\/candas365.es\\\/noticias\\\/carme-artigas-queremos-ser-un-pais-de-scaleups\\\/#breadcrumblist\",\"itemListElement\":[{\"@type\":\"ListItem\",\"@id\":\"https:\\\/\\\/candas365.es\\\/noticias#listItem\",\"position\":1,\"name\":\"Home\",\"item\":\"https:\\\/\\\/candas365.es\\\/noticias\",\"nextItem\":{\"@type\":\"ListItem\",\"@id\":\"https:\\\/\\\/candas365.es\\\/noticias\\\/category\\\/canal-empresas\\\/#listItem\",\"name\":\"Canal Empresas\"}},{\"@type\":\"ListItem\",\"@id\":\"https:\\\/\\\/candas365.es\\\/noticias\\\/category\\\/canal-empresas\\\/#listItem\",\"position\":2,\"name\":\"Canal Empresas\",\"item\":\"https:\\\/\\\/candas365.es\\\/noticias\\\/category\\\/canal-empresas\\\/\",\"nextItem\":{\"@type\":\"ListItem\",\"@id\":\"https:\\\/\\\/candas365.es\\\/noticias\\\/carme-artigas-queremos-ser-un-pais-de-scaleups\\\/#listItem\",\"name\":\"Carme Artigas: Queremos ser un pa\\u00eds de \\u00abscaleups\\u00bb\"},\"previousItem\":{\"@type\":\"ListItem\",\"@id\":\"https:\\\/\\\/candas365.es\\\/noticias#listItem\",\"name\":\"Home\"}},{\"@type\":\"ListItem\",\"@id\":\"https:\\\/\\\/candas365.es\\\/noticias\\\/carme-artigas-queremos-ser-un-pais-de-scaleups\\\/#listItem\",\"position\":3,\"name\":\"Carme Artigas: Queremos ser un pa\\u00eds de \\u00abscaleups\\u00bb\",\"previousItem\":{\"@type\":\"ListItem\",\"@id\":\"https:\\\/\\\/candas365.es\\\/noticias\\\/category\\\/canal-empresas\\\/#listItem\",\"name\":\"Canal Empresas\"}}]},{\"@type\":\"NewsArticle\",\"@id\":\"https:\\\/\\\/candas365.es\\\/noticias\\\/carme-artigas-queremos-ser-un-pais-de-scaleups\\\/#newsarticle\",\"name\":\"Carme Artigas: Queremos ser un pa\\u00eds de \\u00abscaleups\\u00bb | Cand\\u00e1s 365\",\"headline\":\"Carme Artigas: Queremos ser un pa\\u00eds de \\u00abscaleups\\u00bb\",\"author\":{\"@id\":\"https:\\\/\\\/candas365.es\\\/noticias\\\/author\\\/admin\\\/#author\"},\"publisher\":{\"@id\":\"https:\\\/\\\/candas365.es\\\/noticias\\\/#organization\"},\"image\":{\"@type\":\"ImageObject\",\"url\":\"https:\\\/\\\/candas365.es\\\/noticias\\\/wp-content\\\/uploads\\\/2022\\\/07\\\/Artigas.jpg\",\"width\":1141,\"height\":513,\"caption\":\"FOTO: ESTECH \\\/ Europa Press\"},\"datePublished\":\"2022-07-05T02:49:57+02:00\",\"dateModified\":\"2022-07-05T02:49:57+02:00\",\"inLanguage\":\"es-ES\",\"mainEntityOfPage\":{\"@id\":\"https:\\\/\\\/candas365.es\\\/noticias\\\/carme-artigas-queremos-ser-un-pais-de-scaleups\\\/#webpage\"},\"isPartOf\":{\"@id\":\"https:\\\/\\\/candas365.es\\\/noticias\\\/carme-artigas-queremos-ser-un-pais-de-scaleups\\\/#webpage\"},\"articleSection\":\"Canal Empresas, Econom\\u00eda, empresas\",\"dateline\":\"Publicado el julio 5, 2022.\"},{\"@type\":\"Organization\",\"@id\":\"https:\\\/\\\/candas365.es\\\/noticias\\\/#organization\",\"name\":\"Cand\\u00e1s 365\",\"description\":\"Cand\\u00e1s 365 es un diario digital independiente, fundado en 2012, con base en Asturias. Informamos con rigor sobre actualidad, sociedad, cultura y ocio, con una mirada local y global.\",\"url\":\"https:\\\/\\\/candas365.es\\\/noticias\\\/\",\"email\":\"info@candas365.es\",\"telephone\":\"+34652131393\",\"foundingDate\":\"2012-06-10\",\"logo\":{\"@type\":\"ImageObject\",\"url\":\"https:\\\/\\\/candas365.es\\\/noticias\\\/wp-content\\\/uploads\\\/2024\\\/09\\\/Candas-365-Redes.jpg\",\"@id\":\"https:\\\/\\\/candas365.es\\\/noticias\\\/carme-artigas-queremos-ser-un-pais-de-scaleups\\\/#organizationLogo\",\"width\":1152,\"height\":864,\"caption\":\"Cand\\u00e1s 365 Redes\"},\"image\":{\"@id\":\"https:\\\/\\\/candas365.es\\\/noticias\\\/carme-artigas-queremos-ser-un-pais-de-scaleups\\\/#organizationLogo\"},\"sameAs\":[\"https:\\\/\\\/www.facebook.com\\\/Nachofdezber\",\"https:\\\/\\\/x.com\\\/NabercoDigital\",\"https:\\\/\\\/www.instagram.com\\\/nachofdezber\\\/\",\"https:\\\/\\\/www.youtube.com\\\/channel\\\/UCZP-2wLEB9Rv6erhFmqVnvg\"],\"address\":{\"@id\":\"https:\\\/\\\/candas365.es\\\/noticias\\\/#postaladdress\",\"@type\":\"PostalAddress\",\"streetAddress\":\"san antonio 4, san antonio 4\",\"postalCode\":\"33430\",\"addressLocality\":\"Cand\\u00e1s\",\"addressRegion\":\"Asturias\",\"addressCountry\":\"ES\"}},{\"@type\":\"Person\",\"@id\":\"https:\\\/\\\/candas365.es\\\/noticias\\\/author\\\/admin\\\/#author\",\"url\":\"https:\\\/\\\/candas365.es\\\/noticias\\\/author\\\/admin\\\/\",\"name\":\"Cand\\u00e1s 365\",\"image\":{\"@type\":\"ImageObject\",\"@id\":\"https:\\\/\\\/candas365.es\\\/noticias\\\/carme-artigas-queremos-ser-un-pais-de-scaleups\\\/#authorImage\",\"url\":\"https:\\\/\\\/secure.gravatar.com\\\/avatar\\\/496a8e03d0c493ede1718b7934145dbdf8d89be1036b0eec9544e1094c9de390?s=96&d=mm&r=g\",\"width\":96,\"height\":96,\"caption\":\"Cand\\u00e1s 365\"},\"sameAs\":[\"https:\\\/\\\/www.facebook.com\\\/carrenoactualidad\",\"https:\\\/\\\/twitter.com\\\/nbasturias\",\"https:\\\/\\\/www.instagram.com\\\/nachofdezber\\\/\",\"https:\\\/\\\/www.youtube.com\\\/channel\\\/UCZP-2wLEB9Rv6erhFmqVnvg\"]},{\"@type\":\"WebPage\",\"@id\":\"https:\\\/\\\/candas365.es\\\/noticias\\\/carme-artigas-queremos-ser-un-pais-de-scaleups\\\/#webpage\",\"url\":\"https:\\\/\\\/candas365.es\\\/noticias\\\/carme-artigas-queremos-ser-un-pais-de-scaleups\\\/\",\"name\":\"Carme Artigas: Queremos ser un pa\\u00eds de \\u00abscaleups\\u00bb | Cand\\u00e1s 365\",\"description\":\"(EP) - La secretaria de Estado de Digitalizaci\\u00f3n e Inteligencia Artificial, Carme Artigas, ha asegurado en la presentaci\\u00f3n de la asociaci\\u00f3n EsTech\",\"inLanguage\":\"es-ES\",\"isPartOf\":{\"@id\":\"https:\\\/\\\/candas365.es\\\/noticias\\\/#website\"},\"breadcrumb\":{\"@id\":\"https:\\\/\\\/candas365.es\\\/noticias\\\/carme-artigas-queremos-ser-un-pais-de-scaleups\\\/#breadcrumblist\"},\"author\":{\"@id\":\"https:\\\/\\\/candas365.es\\\/noticias\\\/author\\\/admin\\\/#author\"},\"creator\":{\"@id\":\"https:\\\/\\\/candas365.es\\\/noticias\\\/author\\\/admin\\\/#author\"},\"image\":{\"@type\":\"ImageObject\",\"url\":\"https:\\\/\\\/candas365.es\\\/noticias\\\/wp-content\\\/uploads\\\/2022\\\/07\\\/Artigas.jpg\",\"@id\":\"https:\\\/\\\/candas365.es\\\/noticias\\\/carme-artigas-queremos-ser-un-pais-de-scaleups\\\/#mainImage\",\"width\":1141,\"height\":513,\"caption\":\"FOTO: ESTECH \\\/ Europa Press\"},\"primaryImageOfPage\":{\"@id\":\"https:\\\/\\\/candas365.es\\\/noticias\\\/carme-artigas-queremos-ser-un-pais-de-scaleups\\\/#mainImage\"},\"datePublished\":\"2022-07-05T02:49:57+02:00\",\"dateModified\":\"2022-07-05T02:49:57+02:00\"},{\"@type\":\"WebSite\",\"@id\":\"https:\\\/\\\/candas365.es\\\/noticias\\\/#website\",\"url\":\"https:\\\/\\\/candas365.es\\\/noticias\\\/\",\"name\":\"Cand\\u00e1s 365\",\"alternateName\":\"Cand\\u00e1s 365 Noticias\",\"description\":\"Actualidad desde Carre\\u00f1o para el mundo\",\"inLanguage\":\"es-ES\",\"publisher\":{\"@id\":\"https:\\\/\\\/candas365.es\\\/noticias\\\/#organization\"}}]}\n\t\t<\/script>\n\t\t<!-- All in One SEO Pro -->\r\n\t\t<title>Carme Artigas: Queremos ser un pa\u00eds de \u00abscaleups\u00bb | Cand\u00e1s 365<\/title>\n\n","aioseo_head_json":{"title":"Carme Artigas: Queremos ser un pa\u00eds de \u00abscaleups\u00bb | Cand\u00e1s 365","description":"(EP) - La secretaria de Estado de Digitalizaci\u00f3n e Inteligencia Artificial, Carme Artigas, ha asegurado en la presentaci\u00f3n de la asociaci\u00f3n EsTech","canonical_url":"https:\/\/candas365.es\/noticias\/carme-artigas-queremos-ser-un-pais-de-scaleups\/","robots":"max-image-preview:large","keywords":"canal empresas","webmasterTools":{"google-site-verification":"UA-32230408-1","msvalidate.01":"354F3CDFB2DA171B47FBE9ABF1F88D5","miscellaneous":""},"schema":{"@context":"https:\/\/schema.org","@graph":[{"@type":"BreadcrumbList","@id":"https:\/\/candas365.es\/noticias\/carme-artigas-queremos-ser-un-pais-de-scaleups\/#breadcrumblist","itemListElement":[{"@type":"ListItem","@id":"https:\/\/candas365.es\/noticias#listItem","position":1,"name":"Home","item":"https:\/\/candas365.es\/noticias","nextItem":{"@type":"ListItem","@id":"https:\/\/candas365.es\/noticias\/category\/canal-empresas\/#listItem","name":"Canal Empresas"}},{"@type":"ListItem","@id":"https:\/\/candas365.es\/noticias\/category\/canal-empresas\/#listItem","position":2,"name":"Canal Empresas","item":"https:\/\/candas365.es\/noticias\/category\/canal-empresas\/","nextItem":{"@type":"ListItem","@id":"https:\/\/candas365.es\/noticias\/carme-artigas-queremos-ser-un-pais-de-scaleups\/#listItem","name":"Carme Artigas: Queremos ser un pa\u00eds de \u00abscaleups\u00bb"},"previousItem":{"@type":"ListItem","@id":"https:\/\/candas365.es\/noticias#listItem","name":"Home"}},{"@type":"ListItem","@id":"https:\/\/candas365.es\/noticias\/carme-artigas-queremos-ser-un-pais-de-scaleups\/#listItem","position":3,"name":"Carme Artigas: Queremos ser un pa\u00eds de \u00abscaleups\u00bb","previousItem":{"@type":"ListItem","@id":"https:\/\/candas365.es\/noticias\/category\/canal-empresas\/#listItem","name":"Canal Empresas"}}]},{"@type":"NewsArticle","@id":"https:\/\/candas365.es\/noticias\/carme-artigas-queremos-ser-un-pais-de-scaleups\/#newsarticle","name":"Carme Artigas: Queremos ser un pa\u00eds de \u00abscaleups\u00bb | Cand\u00e1s 365","headline":"Carme Artigas: Queremos ser un pa\u00eds de \u00abscaleups\u00bb","author":{"@id":"https:\/\/candas365.es\/noticias\/author\/admin\/#author"},"publisher":{"@id":"https:\/\/candas365.es\/noticias\/#organization"},"image":{"@type":"ImageObject","url":"https:\/\/candas365.es\/noticias\/wp-content\/uploads\/2022\/07\/Artigas.jpg","width":1141,"height":513,"caption":"FOTO: ESTECH \/ Europa Press"},"datePublished":"2022-07-05T02:49:57+02:00","dateModified":"2022-07-05T02:49:57+02:00","inLanguage":"es-ES","mainEntityOfPage":{"@id":"https:\/\/candas365.es\/noticias\/carme-artigas-queremos-ser-un-pais-de-scaleups\/#webpage"},"isPartOf":{"@id":"https:\/\/candas365.es\/noticias\/carme-artigas-queremos-ser-un-pais-de-scaleups\/#webpage"},"articleSection":"Canal Empresas, Econom\u00eda, empresas","dateline":"Publicado el julio 5, 2022."},{"@type":"Organization","@id":"https:\/\/candas365.es\/noticias\/#organization","name":"Cand\u00e1s 365","description":"Cand\u00e1s 365 es un diario digital independiente, fundado en 2012, con base en Asturias. Informamos con rigor sobre actualidad, sociedad, cultura y ocio, con una mirada local y global.","url":"https:\/\/candas365.es\/noticias\/","email":"info@candas365.es","telephone":"+34652131393","foundingDate":"2012-06-10","logo":{"@type":"ImageObject","url":"https:\/\/candas365.es\/noticias\/wp-content\/uploads\/2024\/09\/Candas-365-Redes.jpg","@id":"https:\/\/candas365.es\/noticias\/carme-artigas-queremos-ser-un-pais-de-scaleups\/#organizationLogo","width":1152,"height":864,"caption":"Cand\u00e1s 365 Redes"},"image":{"@id":"https:\/\/candas365.es\/noticias\/carme-artigas-queremos-ser-un-pais-de-scaleups\/#organizationLogo"},"sameAs":["https:\/\/www.facebook.com\/Nachofdezber","https:\/\/x.com\/NabercoDigital","https:\/\/www.instagram.com\/nachofdezber\/","https:\/\/www.youtube.com\/channel\/UCZP-2wLEB9Rv6erhFmqVnvg"],"address":{"@id":"https:\/\/candas365.es\/noticias\/#postaladdress","@type":"PostalAddress","streetAddress":"san antonio 4, san antonio 4","postalCode":"33430","addressLocality":"Cand\u00e1s","addressRegion":"Asturias","addressCountry":"ES"}},{"@type":"Person","@id":"https:\/\/candas365.es\/noticias\/author\/admin\/#author","url":"https:\/\/candas365.es\/noticias\/author\/admin\/","name":"Cand\u00e1s 365","image":{"@type":"ImageObject","@id":"https:\/\/candas365.es\/noticias\/carme-artigas-queremos-ser-un-pais-de-scaleups\/#authorImage","url":"https:\/\/secure.gravatar.com\/avatar\/496a8e03d0c493ede1718b7934145dbdf8d89be1036b0eec9544e1094c9de390?s=96&d=mm&r=g","width":96,"height":96,"caption":"Cand\u00e1s 365"},"sameAs":["https:\/\/www.facebook.com\/carrenoactualidad","https:\/\/twitter.com\/nbasturias","https:\/\/www.instagram.com\/nachofdezber\/","https:\/\/www.youtube.com\/channel\/UCZP-2wLEB9Rv6erhFmqVnvg"]},{"@type":"WebPage","@id":"https:\/\/candas365.es\/noticias\/carme-artigas-queremos-ser-un-pais-de-scaleups\/#webpage","url":"https:\/\/candas365.es\/noticias\/carme-artigas-queremos-ser-un-pais-de-scaleups\/","name":"Carme Artigas: Queremos ser un pa\u00eds de \u00abscaleups\u00bb | Cand\u00e1s 365","description":"(EP) - La secretaria de Estado de Digitalizaci\u00f3n e Inteligencia Artificial, Carme Artigas, ha asegurado en la presentaci\u00f3n de la asociaci\u00f3n EsTech","inLanguage":"es-ES","isPartOf":{"@id":"https:\/\/candas365.es\/noticias\/#website"},"breadcrumb":{"@id":"https:\/\/candas365.es\/noticias\/carme-artigas-queremos-ser-un-pais-de-scaleups\/#breadcrumblist"},"author":{"@id":"https:\/\/candas365.es\/noticias\/author\/admin\/#author"},"creator":{"@id":"https:\/\/candas365.es\/noticias\/author\/admin\/#author"},"image":{"@type":"ImageObject","url":"https:\/\/candas365.es\/noticias\/wp-content\/uploads\/2022\/07\/Artigas.jpg","@id":"https:\/\/candas365.es\/noticias\/carme-artigas-queremos-ser-un-pais-de-scaleups\/#mainImage","width":1141,"height":513,"caption":"FOTO: ESTECH \/ Europa Press"},"primaryImageOfPage":{"@id":"https:\/\/candas365.es\/noticias\/carme-artigas-queremos-ser-un-pais-de-scaleups\/#mainImage"},"datePublished":"2022-07-05T02:49:57+02:00","dateModified":"2022-07-05T02:49:57+02:00"},{"@type":"WebSite","@id":"https:\/\/candas365.es\/noticias\/#website","url":"https:\/\/candas365.es\/noticias\/","name":"Cand\u00e1s 365","alternateName":"Cand\u00e1s 365 Noticias","description":"Actualidad desde Carre\u00f1o para el mundo","inLanguage":"es-ES","publisher":{"@id":"https:\/\/candas365.es\/noticias\/#organization"}}]},"og:locale":"es_ES","og:site_name":"Cand\u00e1s 365","og:type":"article","og:title":"Carme Artigas: Queremos ser un pa\u00eds de \u00abscaleups\u00bb | Cand\u00e1s 365","og:description":"(EP) - La secretaria de Estado de Digitalizaci\u00f3n e Inteligencia Artificial, Carme Artigas, ha asegurado en la presentaci\u00f3n de la asociaci\u00f3n EsTech","og:url":"https:\/\/candas365.es\/noticias\/carme-artigas-queremos-ser-un-pais-de-scaleups\/","og:image":"https:\/\/candas365.es\/noticias\/wp-content\/uploads\/2022\/07\/Artigas.jpg","og:image:secure_url":"https:\/\/candas365.es\/noticias\/wp-content\/uploads\/2022\/07\/Artigas.jpg","og:image:width":1141,"og:image:height":513,"article:published_time":"2022-07-05T00:49:57+00:00","article:modified_time":"2022-07-05T00:49:57+00:00","article:publisher":"https:\/\/www.facebook.com\/Nachofdezber","article:author":"https:\/\/www.facebook.com\/carrenoactualidad","twitter:card":"summary_large_image","twitter:site":"@NabercoDigital","twitter:title":"Carme Artigas: Queremos ser un pa\u00eds de \u00abscaleups\u00bb | Cand\u00e1s 365","twitter:description":"(EP) - La secretaria de Estado de Digitalizaci\u00f3n e Inteligencia Artificial, Carme Artigas, ha asegurado en la presentaci\u00f3n de la asociaci\u00f3n EsTech","twitter:creator":"@nbasturias","twitter:image":"https:\/\/candas365.es\/noticias\/wp-content\/uploads\/2022\/07\/Artigas.jpg","twitter:label1":"Escrito por","twitter:data1":"Cand\u00e1s 365","twitter:label2":"Tiempo de lectura estimado","twitter:data2":"3 minutos"},"aioseo_meta_data":{"post_id":"163033","title":null,"description":"(EP) - La secretaria de Estado de Digitalizaci\u00f3n e Inteligencia Artificial, Carme Artigas, ha asegurado en la presentaci\u00f3n de la asociaci\u00f3n EsTech","keywords":[],"keyphrases":{"focus":{"keyphrase":"Artigas","score":83,"analysis":{"keyphraseInTitle":{"title":"Focus keyphrase in SEO title","description":"Focus keyphrase found in SEO title.","score":9,"maxScore":9,"error":0},"keyphraseInDescription":{"title":"Focus keyphrase in meta description","description":"Focus keyphrase found in meta description.","score":9,"maxScore":9,"error":0},"keyphraseLength":{"title":"Focus keyphrase length","description":"Good job!","score":9,"maxScore":9,"error":0,"length":1},"keyphraseInURL":{"title":"Focus keyphrase in URL","description":"Focus keyphrase not found in the URL.","score":1,"maxScore":5,"error":1},"keyphraseInIntroduction":{"title":"Focus keyphrase in introduction","description":"Your Focus keyphrase appears in the first paragraph. Well done!","score":9,"maxScore":9,"error":0},"keyphraseInSubHeadings":{"title":"Focus keyphrase in Subheadings","description":"Use your focus keyphrase more in your H2 and H3 subheadings.","score":3,"maxScore":9,"error":1},"keyphraseInImageAlt":{"title":"Focus keyphrase in image alt attributes","description":"Focus keyphrase found in image alt attribute(s).","score":9,"maxScore":9,"error":0}}},"additional":[{"keyphrase":"EsTech","score":83,"analysis":{"keyphraseInDescription":{"title":"Keyphrase in meta description","description":"Keyphrase found in meta description.","score":9,"maxScore":9,"error":0},"keyphraseLength":{"title":"Keyphrase length","description":"Good job!","score":9,"maxScore":9,"error":0,"length":1},"keyphraseInIntroduction":{"title":"Keyphrase in introduction","description":"Your Keyphrase appears in the first paragraph. Well done!","score":9,"maxScore":9,"error":0},"keyphraseInImageAlt":{"title":"Keyphrase in image alt attributes","description":"Keyphrase not found in image alt attribute(s). Add an image with your Keyphrase as alt text.","score":3,"maxScore":9,"error":1}}},{"keyphrase":"Digitalizaci\u00f3n","score":83,"analysis":{"keyphraseInDescription":{"title":"Keyphrase in meta description","description":"Keyphrase found in meta description.","score":9,"maxScore":9,"error":0},"keyphraseLength":{"title":"Keyphrase length","description":"Good job!","score":9,"maxScore":9,"error":0,"length":1},"keyphraseInIntroduction":{"title":"Keyphrase in introduction","description":"Your Keyphrase appears in the first paragraph. Well done!","score":9,"maxScore":9,"error":0},"keyphraseInImageAlt":{"title":"Keyphrase in image alt attributes","description":"Keyphrase not found in image alt attribute(s). Add an image with your Keyphrase as alt text.","score":3,"maxScore":9,"error":1}}},{"keyphrase":"Carme Artigas","score":83,"analysis":{"keyphraseInDescription":{"title":"Keyphrase in meta description","description":"Keyphrase found in meta description.","score":9,"maxScore":9,"error":0},"keyphraseLength":{"title":"Keyphrase length","description":"Good job!","score":9,"maxScore":9,"error":0,"length":2},"keyphraseInIntroduction":{"title":"Keyphrase in introduction","description":"Your Keyphrase appears in the first paragraph. Well done!","score":9,"maxScore":9,"error":0},"keyphraseInImageAlt":{"title":"Keyphrase in image alt attributes","description":"Keyphrase not found in image alt attribute(s). Add an image with your Keyphrase as alt text.","score":3,"maxScore":9,"error":1}}}]},"primary_term":null,"canonical_url":null,"og_title":null,"og_description":null,"og_object_type":"default","og_image_type":"default","og_image_url":null,"og_image_width":null,"og_image_height":null,"og_image_custom_url":null,"og_image_custom_fields":null,"og_video":"","og_custom_url":null,"og_article_section":null,"og_article_tags":[],"twitter_use_og":false,"twitter_card":"default","twitter_image_type":"default","twitter_image_url":null,"twitter_image_custom_url":null,"twitter_image_custom_fields":null,"twitter_title":null,"twitter_description":null,"schema":{"blockGraphs":[],"customGraphs":[],"default":{"data":{"Article":[],"Course":[],"Dataset":[],"FAQPage":[],"Movie":[],"Person":[],"Product":[],"ProductReview":[],"Car":[],"Recipe":[],"Service":[],"SoftwareApplication":[],"WebPage":[]},"graphName":"","isEnabled":true},"graphs":[],"defaultGraph":"Article","defaultPostTypeGraph":""},"schema_type":"default","schema_type_options":"{\"article\":{\"articleType\":\"BlogPosting\"},\"course\":{\"name\":\"\",\"description\":\"\",\"provider\":\"\"},\"faq\":{\"pages\":[]},\"product\":{\"reviews\":[]},\"recipe\":{\"ingredients\":[],\"instructions\":[],\"keywords\":[]},\"software\":{\"reviews\":[],\"operatingSystems\":[]},\"webPage\":{\"webPageType\":\"WebPage\"}}","pillar_content":false,"robots_default":true,"robots_noindex":false,"robots_noarchive":false,"robots_nosnippet":false,"robots_nofollow":false,"robots_noimageindex":false,"robots_noodp":false,"robots_notranslate":false,"robots_max_snippet":"-1","robots_max_videopreview":"-1","robots_max_imagepreview":"large","priority":null,"frequency":"default","location":null,"local_seo":null,"seo_analyzer_scan_date":"2025-09-01 08:12:13","breadcrumb_settings":null,"limit_modified_date":false,"reviewed_by":null,"open_ai":null,"ai":null,"created":"2022-07-05 00:42:55","updated":"2025-09-01 08:12:13"},"aioseo_breadcrumb":"<div class=\"aioseo-breadcrumbs\"><span class=\"aioseo-breadcrumb\">\n\t<a href=\"https:\/\/candas365.es\/noticias\" title=\"Home\">Home<\/a>\n<\/span><span class=\"aioseo-breadcrumb-separator\">&ndash;<\/span><span class=\"aioseo-breadcrumb\">\n\t<a href=\"https:\/\/candas365.es\/noticias\/category\/canal-empresas\/\" title=\"Canal Empresas\">Canal Empresas<\/a>\n<\/span><span class=\"aioseo-breadcrumb-separator\">&ndash;<\/span><span class=\"aioseo-breadcrumb\">\n\tCarme Artigas: Queremos ser un pa\u00eds de \u00abscaleups\u00bb\n<\/span><\/div>","aioseo_breadcrumb_json":[{"label":"Home","link":"https:\/\/candas365.es\/noticias"},{"label":"Canal Empresas","link":"https:\/\/candas365.es\/noticias\/category\/canal-empresas\/"},{"label":"Carme Artigas: Queremos ser un pa\u00eds de \u00abscaleups\u00bb","link":"https:\/\/candas365.es\/noticias\/carme-artigas-queremos-ser-un-pais-de-scaleups\/"}],"_links":{"self":[{"href":"https:\/\/candas365.es\/noticias\/wp-json\/wp\/v2\/posts\/163033","targetHints":{"allow":["GET"]}}],"collection":[{"href":"https:\/\/candas365.es\/noticias\/wp-json\/wp\/v2\/posts"}],"about":[{"href":"https:\/\/candas365.es\/noticias\/wp-json\/wp\/v2\/types\/post"}],"author":[{"embeddable":true,"href":"https:\/\/candas365.es\/noticias\/wp-json\/wp\/v2\/users\/1"}],"replies":[{"embeddable":true,"href":"https:\/\/candas365.es\/noticias\/wp-json\/wp\/v2\/comments?post=163033"}],"version-history":[{"count":0,"href":"https:\/\/candas365.es\/noticias\/wp-json\/wp\/v2\/posts\/163033\/revisions"}],"wp:featuredmedia":[{"embeddable":true,"href":"https:\/\/candas365.es\/noticias\/wp-json\/wp\/v2\/media\/163034"}],"wp:attachment":[{"href":"https:\/\/candas365.es\/noticias\/wp-json\/wp\/v2\/media?parent=163033"}],"wp:term":[{"taxonomy":"category","embeddable":true,"href":"https:\/\/candas365.es\/noticias\/wp-json\/wp\/v2\/categories?post=163033"},{"taxonomy":"post_tag","embeddable":true,"href":"https:\/\/candas365.es\/noticias\/wp-json\/wp\/v2\/tags?post=163033"}],"curies":[{"name":"wp","href":"https:\/\/api.w.org\/{rel}","templated":true}]}}