{"id":162971,"date":"2022-07-04T16:00:04","date_gmt":"2022-07-04T14:00:04","guid":{"rendered":"https:\/\/candas365.es\/noticias\/?p=162971"},"modified":"2022-07-04T16:00:04","modified_gmt":"2022-07-04T14:00:04","slug":"empleo-en-espana-2-880-582-parados","status":"publish","type":"post","link":"https:\/\/candas365.es\/noticias\/empleo-en-espana-2-880-582-parados\/","title":{"rendered":"Empleo en Espa\u00f1a: 2.880.582 parados"},"content":{"rendered":"<p>(EP) &#8211; El n\u00famero de parados registrados en las oficinas de los servicios p\u00fablicos de empleo (antiguo Inem) se redujo en 42.409 desempleados en junio (-1,4%), lo que situ\u00f3 el total de parados por debajo de los 2,9 millones por primera vez desde el oto\u00f1o de 2008.<\/p>\n<figure id=\"attachment_162972\" aria-describedby=\"caption-attachment-162972\" style=\"width: 650px\" class=\"wp-caption aligncenter\"><img fetchpriority=\"high\" decoding=\"async\" class=\"wp-image-162972 size-large\" src=\"https:\/\/candas365.es\/noticias\/wp-content\/uploads\/2022\/07\/parados-650x430.jpg\" alt=\"parados\" width=\"650\" height=\"430\" srcset=\"https:\/\/candas365.es\/noticias\/wp-content\/uploads\/2022\/07\/parados-650x430.jpg 650w, https:\/\/candas365.es\/noticias\/wp-content\/uploads\/2022\/07\/parados-360x238.jpg 360w, https:\/\/candas365.es\/noticias\/wp-content\/uploads\/2022\/07\/parados-768x508.jpg 768w, https:\/\/candas365.es\/noticias\/wp-content\/uploads\/2022\/07\/parados-150x99.jpg 150w, https:\/\/candas365.es\/noticias\/wp-content\/uploads\/2022\/07\/parados-450x298.jpg 450w, https:\/\/candas365.es\/noticias\/wp-content\/uploads\/2022\/07\/parados.jpg 1004w\" sizes=\"(max-width: 650px) 100vw, 650px\" \/><figcaption id=\"caption-attachment-162972\" class=\"wp-caption-text\">FOTO: Carlos Luj\u00e1n &#8211; Europa Press<\/figcaption><\/figure>\n<p>En concreto, <span style=\"color: #ff6600;\"><a style=\"color: #ff6600;\" href=\"https:\/\/candas365.es\/noticias\/category\/canal-empresas\/\"><strong>junio cerr\u00f3 con 2.880.582 desempleados<\/strong><\/a><\/span>, su menor cifra desde octubre de 2008, en los inicios de la crisis financiera, seg\u00fan datos publicados este lunes por el Ministerio de Trabajo y Econom\u00eda Social.<\/p>\n<p>Pese a ello, el descenso del paro en junio ha sido casi cuatro veces inferior al experimentado en igual mes de 2021, cuando se redujo en 166.911 desempleados, su mayor ca\u00edda en cualquier mes de toda la serie hist\u00f3rica.<\/p>\n<p>Con la excepci\u00f3n de junio de 2020, cuando el Covid provoc\u00f3 un repunte de desempleados de 5.107 personas, el dato de junio de este a\u00f1o es el peor desde 2008, a\u00f1o en el que subi\u00f3 en casi 37.000 desempleados.<\/p>\n<p>Desde 1996, a\u00f1o en el que arranca la serie hist\u00f3rica comparable, se han registrado subidas del paro en dos meses de junio y bajadas en 25. Los \u00fanicos repuntes se produjeron en 2008 y en 2020.<\/p>\n<blockquote><p>En t\u00e9rminos desestacionalizados, el paro registrado subi\u00f3 en junio en 3.720 personas.<\/p><\/blockquote>\n<p>En el \u00faltimo a\u00f1o el desempleo acumula un descenso de 733.757 parados, lo que supone un 20,3% menos, con un retroceso del paro femenino de 334.962 mujeres (-22,4%) y una ca\u00edda del desempleo masculino de 398.795 varones (-18,8%).<\/p>\n<p>No obstante, el ritmo interanual de reducci\u00f3n del desempleo se ha moderado m\u00e1s de dos puntos, desde el 22,7% de mayo al 20,3% en junio.<\/p>\n<h2>BAJA ALGO M\u00c1S ENTRE LOS HOMBRES Y SOBRE TODO EN SERVICIOS<\/h2>\n<p>El paro baj\u00f3 en junio en tres sectores econ\u00f3micos, con los servicios liderando los descensos mensuales debido a la campa\u00f1a de verano. En concreto, el desempleo se redujo en este sector en 41.017 personas en relaci\u00f3n al mes de mayo (-2%). Le siguen la industria, que rest\u00f3 7.148 parados en junio (-3,9%), y la construcci\u00f3n, con 4.981 desempleados menos (-2,1%).<\/p>\n<p>Por contra, el colectivo sin empleo anterior sum\u00f3 1.874 parados en junio (+0,7%), y la agricultura a\u00f1adi\u00f3 8.863 personas a su lista de desempleados (+6,4%).<\/p>\n<p>El paro retrocedi\u00f3 en junio en ambos sexos, aunque algo m\u00e1s entre los varones. En concreto, el desempleo masculino baj\u00f3 en 25.242 personas (-2,1%) y el femenino, en 17.167 mujeres (-1%). De este modo, al finalizar el sexto mes del a\u00f1o, el n\u00famero de mujeres en paro se situ\u00f3 en 1.723.815, su mejor dato en un mes de junio desde 2009, en tanto que el de hombres en desempleo baj\u00f3 hasta 1.156.767 parados.<\/p>\n<p>Por edades, el desempleo entre los j\u00f3venes menores de 25 a\u00f1os aument\u00f3 un 0,6% en junio, con 1.289 parados m\u00e1s que a cierre de mayo, mientras que el paro de las personas con 25 a\u00f1os y m\u00e1s baj\u00f3 en 43.698 desempleados (-1,6%).<\/p>\n<p>Trabajo ha resaltado que, en comparaci\u00f3n con junio de 2021, los menores de 25 a\u00f1os son la franja de edad que m\u00e1s ha recortado el paro, con un descenso del 32,8%, lo que ha situado el total de j\u00f3venes en desempleo en 201.209.<\/p>\n<h2>S\u00d3LO ANDALUC\u00cdA REGISTRA M\u00c1S PARADOS<\/h2>\n<p>El paro registrado baj\u00f3 en junio en todas las comunidades aut\u00f3nomas menos en Andaluc\u00eda, donde se increment\u00f3 en 6.345 personas. Los mayores descensos, por contra, se dieron en Catalu\u00f1a (-9.946), Madrid (-7.443) y Galicia (-5.188), mientras que los m\u00e1s moderados correspondieron a La Rioja (-70 parados) y Murcia (-319).<\/p>\n<p>En cuanto a las provincias, el paro retrocedi\u00f3 en 46 de ellas, lideradas por Madrid (-7.443), Barcelona (-6.304 parados) y M\u00e1laga (-4.116), y aument\u00f3 en seis, principalmente en Huelva (+6.958 parados), Sevilla (+3.000 desempleados) y Almer\u00eda (+2.606).<\/p>\n<p>El paro registrado entre los extranjeros baj\u00f3 en junio en 1.406 desempleados (-0,4%) respecto al mes anterior, hasta situarse el total de inmigrantes en desempleo en 362.941, un 30,5% menos que en junio de 2021.<\/p>\n<h2>MENOS CONTRATOS QUE EN 2021, PERO NUEVO R\u00c9CORD DE INDEFINIDOS<\/h2>\n<p>En junio se registraron 1.768.988 contratos, un 1,6% menos que en el mismo mes de 2021. De todos ellos, 783.595 fueron contratos indefinidos, la mayor cifra en cualquier mes de toda la serie hist\u00f3rica.<\/p>\n<p>Este volumen de contratos fijos es un 353,3% superior al de junio de 2021 y representa el 44,3% del total de contratos efectuados en el sexto mes del a\u00f1o, porcentaje cinco veces superior a la media del mes de junio.<\/p>\n<p>Del total de contratos fijos suscritos en junio, 312.824 han sido a tiempo completo, tres veces m\u00e1s que en igual mes del a\u00f1o pasado; 292.679 eran contratos fijos-discontinuos, multiplicando por m\u00e1s de 10 la cifra de junio de 2021, y 178.092 eran contratos indefinidos a tiempo parcial, con un incremento interanual del 316%.<\/p>\n<p>Trabajo ha destacado que el cambio de tendencia en la contrataci\u00f3n estable es \u00abespecialmente patente\u00bb en sectores como la agricultura y la construcci\u00f3n, donde el peso de los fijos supera ahora el 47% y el 73%, respectivamente, frente a los porcentajes del 3,3% y del 10,1% del promedio 2017-2019.<\/p>\n<p>Tambi\u00e9n ha favorecido a los m\u00e1s j\u00f3venes, pues el 43,9% de los menores de 30 a\u00f1os cuenta actualmente con un contrato indefinido, en contraste con el 8,2% de la media del periodo 2017-2019.<\/p>\n<p>De todos los contratos suscritos en junio, algo m\u00e1s de 922.000 fueron contratos temporales, de los que el 28,4% fueron por circunstancias de la producci\u00f3n a tiempo completo y el 4,4% fueron de sustituci\u00f3n, tambi\u00e9n a tiempo completo. Por su parte, los contratos temporales con jornada a tiempo parcial suponen el 19,3% del total.<\/p>\n<p>En los seis primeros meses de 2022 se han realizado casi 3,3 millones de contratos indefinidos, m\u00e1s del triple que en el mismo periodo de 2021, gracias al impulso de la reforma laboral, en vigor desde principios de este a\u00f1o.<\/p>\n<h2>GASTO EN PRESTACIONES<\/h2>\n<p>El Ministerio ha informado adem\u00e1s de que el gasto en prestaciones por desempleo alcanz\u00f3 en mayo (\u00faltimo dato disponible) la cifra de 1.591,8 millones de euros.<\/p>\n<p>El total de beneficiarios de prestaciones por desempleo se situ\u00f3 al finalizar mayo en 1.675.407 personas.<\/p>\n<p>El <span style=\"color: #ff6600;\"><a style=\"color: #ff6600;\" href=\"https:\/\/www.eldigitaldeasturias.com\/noticias\/category\/economia\/\" target=\"_blank\" rel=\"noopener\"><strong>gasto medio mensual por beneficiario<\/strong><\/a><\/span>, sin incluir el subsidio agrario de Andaluc\u00eda y Extremadura, ascendi\u00f3 a 973,5 euros en el quinto mes del a\u00f1o.<\/p>\n<p>Los datos de prestaciones siempre van con un mes de retraso respecto a los datos de paro, de forma que Trabajo ha publicado este lunes las cifras de desempleo de junio y la estad\u00edstica de prestaciones de mayo.<\/p>\n","protected":false},"excerpt":{"rendered":"<p>(EP) &#8211; El n\u00famero de parados registrados en las oficinas de los servicios p\u00fablicos de empleo (antiguo Inem) se redujo en 42.409 desempleados en junio (-1,4%), lo que situ\u00f3 el total de parados por debajo de los 2,9 millones por primera vez desde el oto\u00f1o de 2008. En concreto, junio cerr\u00f3 con 2.880.582 desempleados, su<\/p>\n","protected":false},"author":1,"featured_media":162972,"comment_status":"closed","ping_status":"closed","sticky":false,"template":"","format":"standard","meta":{"footnotes":""},"categories":[343,316],"tags":[437,382,466],"class_list":{"0":"post-162971","1":"post","2":"type-post","3":"status-publish","4":"format-standard","5":"has-post-thumbnail","7":"category-actualidad","8":"category-destacadas","9":"tag-economia","10":"tag-empleo","11":"tag-espana"},"aioseo_notices":[],"aioseo_head":"\n\t\t<!-- All in One SEO Pro 4.9.6.2 - aioseo.com -->\n\t<meta name=\"description\" content=\"(EP) - El n\u00famero de parados registrados en las oficinas de los servicios p\u00fablicos de empleo (antiguo Inem) se redujo en 42.409 desempleados en junio\" \/>\n\t<meta name=\"robots\" content=\"max-image-preview:large\" \/>\n\t<meta name=\"author\" content=\"Cand\u00e1s 365\"\/>\n\t<meta name=\"google-site-verification\" content=\"UA-32230408-1\" \/>\n\t<meta name=\"msvalidate.01\" content=\"354F3CDFB2DA171B47FBE9ABF1F88D5\" \/>\n\t<meta name=\"keywords\" content=\"actualidad,destacadas\" \/>\n\t<link rel=\"canonical\" href=\"https:\/\/candas365.es\/noticias\/empleo-en-espana-2-880-582-parados\/\" \/>\n\t<meta name=\"generator\" content=\"All in One SEO Pro (AIOSEO) 4.9.6.2\" \/>\n\t\t<meta property=\"og:locale\" content=\"es_ES\" \/>\n\t\t<meta property=\"og:site_name\" content=\"Cand\u00e1s 365\" \/>\n\t\t<meta property=\"og:type\" content=\"article\" \/>\n\t\t<meta property=\"og:title\" content=\"Empleo en Espa\u00f1a: 2.880.582 parados | Cand\u00e1s 365\" \/>\n\t\t<meta property=\"og:description\" content=\"(EP) - El n\u00famero de parados registrados en las oficinas de los servicios p\u00fablicos de empleo (antiguo Inem) se redujo en 42.409 desempleados en junio\" \/>\n\t\t<meta property=\"og:url\" content=\"https:\/\/candas365.es\/noticias\/empleo-en-espana-2-880-582-parados\/\" \/>\n\t\t<meta property=\"og:image\" content=\"https:\/\/candas365.es\/noticias\/wp-content\/uploads\/2022\/07\/parados.jpg\" \/>\n\t\t<meta property=\"og:image:secure_url\" content=\"https:\/\/candas365.es\/noticias\/wp-content\/uploads\/2022\/07\/parados.jpg\" \/>\n\t\t<meta property=\"og:image:width\" content=\"1004\" \/>\n\t\t<meta property=\"og:image:height\" content=\"664\" \/>\n\t\t<meta property=\"article:published_time\" content=\"2022-07-04T14:00:04+00:00\" \/>\n\t\t<meta property=\"article:modified_time\" content=\"2022-07-04T14:00:04+00:00\" \/>\n\t\t<meta property=\"article:publisher\" content=\"https:\/\/www.facebook.com\/Nachofdezber\" \/>\n\t\t<meta property=\"article:author\" content=\"https:\/\/www.facebook.com\/carrenoactualidad\" \/>\n\t\t<meta name=\"twitter:card\" content=\"summary_large_image\" \/>\n\t\t<meta name=\"twitter:site\" content=\"@NabercoDigital\" \/>\n\t\t<meta name=\"twitter:title\" content=\"Empleo en Espa\u00f1a: 2.880.582 parados | Cand\u00e1s 365\" \/>\n\t\t<meta name=\"twitter:description\" content=\"(EP) - El n\u00famero de parados registrados en las oficinas de los servicios p\u00fablicos de empleo (antiguo Inem) se redujo en 42.409 desempleados en junio\" \/>\n\t\t<meta name=\"twitter:creator\" content=\"@nbasturias\" \/>\n\t\t<meta name=\"twitter:image\" content=\"https:\/\/candas365.es\/noticias\/wp-content\/uploads\/2022\/07\/parados.jpg\" \/>\n\t\t<meta name=\"twitter:label1\" content=\"Escrito por\" \/>\n\t\t<meta name=\"twitter:data1\" content=\"Cand\u00e1s 365\" \/>\n\t\t<meta name=\"twitter:label2\" content=\"Tiempo de lectura estimado\" \/>\n\t\t<meta name=\"twitter:data2\" content=\"5 minutos\" \/>\n\t\t<script type=\"application\/ld+json\" class=\"aioseo-schema\">\n\t\t\t{\"@context\":\"https:\\\/\\\/schema.org\",\"@graph\":[{\"@type\":\"BreadcrumbList\",\"@id\":\"https:\\\/\\\/candas365.es\\\/noticias\\\/empleo-en-espana-2-880-582-parados\\\/#breadcrumblist\",\"itemListElement\":[{\"@type\":\"ListItem\",\"@id\":\"https:\\\/\\\/candas365.es\\\/noticias#listItem\",\"position\":1,\"name\":\"Home\",\"item\":\"https:\\\/\\\/candas365.es\\\/noticias\",\"nextItem\":{\"@type\":\"ListItem\",\"@id\":\"https:\\\/\\\/candas365.es\\\/noticias\\\/category\\\/destacadas\\\/#listItem\",\"name\":\"Destacadas\"}},{\"@type\":\"ListItem\",\"@id\":\"https:\\\/\\\/candas365.es\\\/noticias\\\/category\\\/destacadas\\\/#listItem\",\"position\":2,\"name\":\"Destacadas\",\"item\":\"https:\\\/\\\/candas365.es\\\/noticias\\\/category\\\/destacadas\\\/\",\"nextItem\":{\"@type\":\"ListItem\",\"@id\":\"https:\\\/\\\/candas365.es\\\/noticias\\\/empleo-en-espana-2-880-582-parados\\\/#listItem\",\"name\":\"Empleo en Espa\\u00f1a: 2.880.582 parados\"},\"previousItem\":{\"@type\":\"ListItem\",\"@id\":\"https:\\\/\\\/candas365.es\\\/noticias#listItem\",\"name\":\"Home\"}},{\"@type\":\"ListItem\",\"@id\":\"https:\\\/\\\/candas365.es\\\/noticias\\\/empleo-en-espana-2-880-582-parados\\\/#listItem\",\"position\":3,\"name\":\"Empleo en Espa\\u00f1a: 2.880.582 parados\",\"previousItem\":{\"@type\":\"ListItem\",\"@id\":\"https:\\\/\\\/candas365.es\\\/noticias\\\/category\\\/destacadas\\\/#listItem\",\"name\":\"Destacadas\"}}]},{\"@type\":\"NewsArticle\",\"@id\":\"https:\\\/\\\/candas365.es\\\/noticias\\\/empleo-en-espana-2-880-582-parados\\\/#newsarticle\",\"name\":\"Empleo en Espa\\u00f1a: 2.880.582 parados | Cand\\u00e1s 365\",\"headline\":\"Empleo en Espa\\u00f1a: 2.880.582 parados\",\"author\":{\"@id\":\"https:\\\/\\\/candas365.es\\\/noticias\\\/author\\\/admin\\\/#author\"},\"publisher\":{\"@id\":\"https:\\\/\\\/candas365.es\\\/noticias\\\/#organization\"},\"image\":{\"@type\":\"ImageObject\",\"url\":\"https:\\\/\\\/candas365.es\\\/noticias\\\/wp-content\\\/uploads\\\/2022\\\/07\\\/parados.jpg\",\"width\":1004,\"height\":664,\"caption\":\"FOTO: Carlos Luj\\u00e1n - Europa Press\"},\"datePublished\":\"2022-07-04T16:00:04+02:00\",\"dateModified\":\"2022-07-04T16:00:04+02:00\",\"inLanguage\":\"es-ES\",\"mainEntityOfPage\":{\"@id\":\"https:\\\/\\\/candas365.es\\\/noticias\\\/empleo-en-espana-2-880-582-parados\\\/#webpage\"},\"isPartOf\":{\"@id\":\"https:\\\/\\\/candas365.es\\\/noticias\\\/empleo-en-espana-2-880-582-parados\\\/#webpage\"},\"articleSection\":\"Actualidad, Destacadas, Econom\\u00eda, empleo, Espa\\u00f1a\",\"dateline\":\"Publicado el julio 4, 2022.\"},{\"@type\":\"Organization\",\"@id\":\"https:\\\/\\\/candas365.es\\\/noticias\\\/#organization\",\"name\":\"Cand\\u00e1s 365\",\"description\":\"Cand\\u00e1s 365 es un diario digital independiente, fundado en 2012, con base en Asturias. Informamos con rigor sobre actualidad, sociedad, cultura y ocio, con una mirada local y global.\",\"url\":\"https:\\\/\\\/candas365.es\\\/noticias\\\/\",\"email\":\"info@candas365.es\",\"telephone\":\"+34652131393\",\"foundingDate\":\"2012-06-10\",\"logo\":{\"@type\":\"ImageObject\",\"url\":\"https:\\\/\\\/candas365.es\\\/noticias\\\/wp-content\\\/uploads\\\/2024\\\/09\\\/Candas-365-Redes.jpg\",\"@id\":\"https:\\\/\\\/candas365.es\\\/noticias\\\/empleo-en-espana-2-880-582-parados\\\/#organizationLogo\",\"width\":1152,\"height\":864,\"caption\":\"Cand\\u00e1s 365 Redes\"},\"image\":{\"@id\":\"https:\\\/\\\/candas365.es\\\/noticias\\\/empleo-en-espana-2-880-582-parados\\\/#organizationLogo\"},\"sameAs\":[\"https:\\\/\\\/www.facebook.com\\\/Nachofdezber\",\"https:\\\/\\\/x.com\\\/NabercoDigital\",\"https:\\\/\\\/www.instagram.com\\\/nachofdezber\\\/\",\"https:\\\/\\\/www.youtube.com\\\/channel\\\/UCZP-2wLEB9Rv6erhFmqVnvg\"],\"address\":{\"@id\":\"https:\\\/\\\/candas365.es\\\/noticias\\\/#postaladdress\",\"@type\":\"PostalAddress\",\"streetAddress\":\"san antonio 4, san antonio 4\",\"postalCode\":\"33430\",\"addressLocality\":\"Cand\\u00e1s\",\"addressRegion\":\"Asturias\",\"addressCountry\":\"ES\"}},{\"@type\":\"Person\",\"@id\":\"https:\\\/\\\/candas365.es\\\/noticias\\\/author\\\/admin\\\/#author\",\"url\":\"https:\\\/\\\/candas365.es\\\/noticias\\\/author\\\/admin\\\/\",\"name\":\"Cand\\u00e1s 365\",\"image\":{\"@type\":\"ImageObject\",\"@id\":\"https:\\\/\\\/candas365.es\\\/noticias\\\/empleo-en-espana-2-880-582-parados\\\/#authorImage\",\"url\":\"https:\\\/\\\/secure.gravatar.com\\\/avatar\\\/496a8e03d0c493ede1718b7934145dbdf8d89be1036b0eec9544e1094c9de390?s=96&d=mm&r=g\",\"width\":96,\"height\":96,\"caption\":\"Cand\\u00e1s 365\"},\"sameAs\":[\"https:\\\/\\\/www.facebook.com\\\/carrenoactualidad\",\"https:\\\/\\\/twitter.com\\\/nbasturias\",\"https:\\\/\\\/www.instagram.com\\\/nachofdezber\\\/\",\"https:\\\/\\\/www.youtube.com\\\/channel\\\/UCZP-2wLEB9Rv6erhFmqVnvg\"]},{\"@type\":\"WebPage\",\"@id\":\"https:\\\/\\\/candas365.es\\\/noticias\\\/empleo-en-espana-2-880-582-parados\\\/#webpage\",\"url\":\"https:\\\/\\\/candas365.es\\\/noticias\\\/empleo-en-espana-2-880-582-parados\\\/\",\"name\":\"Empleo en Espa\\u00f1a: 2.880.582 parados | Cand\\u00e1s 365\",\"description\":\"(EP) - El n\\u00famero de parados registrados en las oficinas de los servicios p\\u00fablicos de empleo (antiguo Inem) se redujo en 42.409 desempleados en junio\",\"inLanguage\":\"es-ES\",\"isPartOf\":{\"@id\":\"https:\\\/\\\/candas365.es\\\/noticias\\\/#website\"},\"breadcrumb\":{\"@id\":\"https:\\\/\\\/candas365.es\\\/noticias\\\/empleo-en-espana-2-880-582-parados\\\/#breadcrumblist\"},\"author\":{\"@id\":\"https:\\\/\\\/candas365.es\\\/noticias\\\/author\\\/admin\\\/#author\"},\"creator\":{\"@id\":\"https:\\\/\\\/candas365.es\\\/noticias\\\/author\\\/admin\\\/#author\"},\"image\":{\"@type\":\"ImageObject\",\"url\":\"https:\\\/\\\/candas365.es\\\/noticias\\\/wp-content\\\/uploads\\\/2022\\\/07\\\/parados.jpg\",\"@id\":\"https:\\\/\\\/candas365.es\\\/noticias\\\/empleo-en-espana-2-880-582-parados\\\/#mainImage\",\"width\":1004,\"height\":664,\"caption\":\"FOTO: Carlos Luj\\u00e1n - Europa Press\"},\"primaryImageOfPage\":{\"@id\":\"https:\\\/\\\/candas365.es\\\/noticias\\\/empleo-en-espana-2-880-582-parados\\\/#mainImage\"},\"datePublished\":\"2022-07-04T16:00:04+02:00\",\"dateModified\":\"2022-07-04T16:00:04+02:00\"},{\"@type\":\"WebSite\",\"@id\":\"https:\\\/\\\/candas365.es\\\/noticias\\\/#website\",\"url\":\"https:\\\/\\\/candas365.es\\\/noticias\\\/\",\"name\":\"Cand\\u00e1s 365\",\"alternateName\":\"Cand\\u00e1s 365 Noticias\",\"description\":\"Actualidad desde Carre\\u00f1o para el mundo\",\"inLanguage\":\"es-ES\",\"publisher\":{\"@id\":\"https:\\\/\\\/candas365.es\\\/noticias\\\/#organization\"}}]}\n\t\t<\/script>\n\t\t<!-- All in One SEO Pro -->\r\n\t\t<title>Empleo en Espa\u00f1a: 2.880.582 parados | Cand\u00e1s 365<\/title>\n\n","aioseo_head_json":{"title":"Empleo en Espa\u00f1a: 2.880.582 parados | Cand\u00e1s 365","description":"(EP) - El n\u00famero de parados registrados en las oficinas de los servicios p\u00fablicos de empleo (antiguo Inem) se redujo en 42.409 desempleados en junio","canonical_url":"https:\/\/candas365.es\/noticias\/empleo-en-espana-2-880-582-parados\/","robots":"max-image-preview:large","keywords":"actualidad,destacadas","webmasterTools":{"google-site-verification":"UA-32230408-1","msvalidate.01":"354F3CDFB2DA171B47FBE9ABF1F88D5","miscellaneous":""},"schema":{"@context":"https:\/\/schema.org","@graph":[{"@type":"BreadcrumbList","@id":"https:\/\/candas365.es\/noticias\/empleo-en-espana-2-880-582-parados\/#breadcrumblist","itemListElement":[{"@type":"ListItem","@id":"https:\/\/candas365.es\/noticias#listItem","position":1,"name":"Home","item":"https:\/\/candas365.es\/noticias","nextItem":{"@type":"ListItem","@id":"https:\/\/candas365.es\/noticias\/category\/destacadas\/#listItem","name":"Destacadas"}},{"@type":"ListItem","@id":"https:\/\/candas365.es\/noticias\/category\/destacadas\/#listItem","position":2,"name":"Destacadas","item":"https:\/\/candas365.es\/noticias\/category\/destacadas\/","nextItem":{"@type":"ListItem","@id":"https:\/\/candas365.es\/noticias\/empleo-en-espana-2-880-582-parados\/#listItem","name":"Empleo en Espa\u00f1a: 2.880.582 parados"},"previousItem":{"@type":"ListItem","@id":"https:\/\/candas365.es\/noticias#listItem","name":"Home"}},{"@type":"ListItem","@id":"https:\/\/candas365.es\/noticias\/empleo-en-espana-2-880-582-parados\/#listItem","position":3,"name":"Empleo en Espa\u00f1a: 2.880.582 parados","previousItem":{"@type":"ListItem","@id":"https:\/\/candas365.es\/noticias\/category\/destacadas\/#listItem","name":"Destacadas"}}]},{"@type":"NewsArticle","@id":"https:\/\/candas365.es\/noticias\/empleo-en-espana-2-880-582-parados\/#newsarticle","name":"Empleo en Espa\u00f1a: 2.880.582 parados | Cand\u00e1s 365","headline":"Empleo en Espa\u00f1a: 2.880.582 parados","author":{"@id":"https:\/\/candas365.es\/noticias\/author\/admin\/#author"},"publisher":{"@id":"https:\/\/candas365.es\/noticias\/#organization"},"image":{"@type":"ImageObject","url":"https:\/\/candas365.es\/noticias\/wp-content\/uploads\/2022\/07\/parados.jpg","width":1004,"height":664,"caption":"FOTO: Carlos Luj\u00e1n - Europa Press"},"datePublished":"2022-07-04T16:00:04+02:00","dateModified":"2022-07-04T16:00:04+02:00","inLanguage":"es-ES","mainEntityOfPage":{"@id":"https:\/\/candas365.es\/noticias\/empleo-en-espana-2-880-582-parados\/#webpage"},"isPartOf":{"@id":"https:\/\/candas365.es\/noticias\/empleo-en-espana-2-880-582-parados\/#webpage"},"articleSection":"Actualidad, Destacadas, Econom\u00eda, empleo, Espa\u00f1a","dateline":"Publicado el julio 4, 2022."},{"@type":"Organization","@id":"https:\/\/candas365.es\/noticias\/#organization","name":"Cand\u00e1s 365","description":"Cand\u00e1s 365 es un diario digital independiente, fundado en 2012, con base en Asturias. Informamos con rigor sobre actualidad, sociedad, cultura y ocio, con una mirada local y global.","url":"https:\/\/candas365.es\/noticias\/","email":"info@candas365.es","telephone":"+34652131393","foundingDate":"2012-06-10","logo":{"@type":"ImageObject","url":"https:\/\/candas365.es\/noticias\/wp-content\/uploads\/2024\/09\/Candas-365-Redes.jpg","@id":"https:\/\/candas365.es\/noticias\/empleo-en-espana-2-880-582-parados\/#organizationLogo","width":1152,"height":864,"caption":"Cand\u00e1s 365 Redes"},"image":{"@id":"https:\/\/candas365.es\/noticias\/empleo-en-espana-2-880-582-parados\/#organizationLogo"},"sameAs":["https:\/\/www.facebook.com\/Nachofdezber","https:\/\/x.com\/NabercoDigital","https:\/\/www.instagram.com\/nachofdezber\/","https:\/\/www.youtube.com\/channel\/UCZP-2wLEB9Rv6erhFmqVnvg"],"address":{"@id":"https:\/\/candas365.es\/noticias\/#postaladdress","@type":"PostalAddress","streetAddress":"san antonio 4, san antonio 4","postalCode":"33430","addressLocality":"Cand\u00e1s","addressRegion":"Asturias","addressCountry":"ES"}},{"@type":"Person","@id":"https:\/\/candas365.es\/noticias\/author\/admin\/#author","url":"https:\/\/candas365.es\/noticias\/author\/admin\/","name":"Cand\u00e1s 365","image":{"@type":"ImageObject","@id":"https:\/\/candas365.es\/noticias\/empleo-en-espana-2-880-582-parados\/#authorImage","url":"https:\/\/secure.gravatar.com\/avatar\/496a8e03d0c493ede1718b7934145dbdf8d89be1036b0eec9544e1094c9de390?s=96&d=mm&r=g","width":96,"height":96,"caption":"Cand\u00e1s 365"},"sameAs":["https:\/\/www.facebook.com\/carrenoactualidad","https:\/\/twitter.com\/nbasturias","https:\/\/www.instagram.com\/nachofdezber\/","https:\/\/www.youtube.com\/channel\/UCZP-2wLEB9Rv6erhFmqVnvg"]},{"@type":"WebPage","@id":"https:\/\/candas365.es\/noticias\/empleo-en-espana-2-880-582-parados\/#webpage","url":"https:\/\/candas365.es\/noticias\/empleo-en-espana-2-880-582-parados\/","name":"Empleo en Espa\u00f1a: 2.880.582 parados | Cand\u00e1s 365","description":"(EP) - El n\u00famero de parados registrados en las oficinas de los servicios p\u00fablicos de empleo (antiguo Inem) se redujo en 42.409 desempleados en junio","inLanguage":"es-ES","isPartOf":{"@id":"https:\/\/candas365.es\/noticias\/#website"},"breadcrumb":{"@id":"https:\/\/candas365.es\/noticias\/empleo-en-espana-2-880-582-parados\/#breadcrumblist"},"author":{"@id":"https:\/\/candas365.es\/noticias\/author\/admin\/#author"},"creator":{"@id":"https:\/\/candas365.es\/noticias\/author\/admin\/#author"},"image":{"@type":"ImageObject","url":"https:\/\/candas365.es\/noticias\/wp-content\/uploads\/2022\/07\/parados.jpg","@id":"https:\/\/candas365.es\/noticias\/empleo-en-espana-2-880-582-parados\/#mainImage","width":1004,"height":664,"caption":"FOTO: Carlos Luj\u00e1n - Europa Press"},"primaryImageOfPage":{"@id":"https:\/\/candas365.es\/noticias\/empleo-en-espana-2-880-582-parados\/#mainImage"},"datePublished":"2022-07-04T16:00:04+02:00","dateModified":"2022-07-04T16:00:04+02:00"},{"@type":"WebSite","@id":"https:\/\/candas365.es\/noticias\/#website","url":"https:\/\/candas365.es\/noticias\/","name":"Cand\u00e1s 365","alternateName":"Cand\u00e1s 365 Noticias","description":"Actualidad desde Carre\u00f1o para el mundo","inLanguage":"es-ES","publisher":{"@id":"https:\/\/candas365.es\/noticias\/#organization"}}]},"og:locale":"es_ES","og:site_name":"Cand\u00e1s 365","og:type":"article","og:title":"Empleo en Espa\u00f1a: 2.880.582 parados | Cand\u00e1s 365","og:description":"(EP) - El n\u00famero de parados registrados en las oficinas de los servicios p\u00fablicos de empleo (antiguo Inem) se redujo en 42.409 desempleados en junio","og:url":"https:\/\/candas365.es\/noticias\/empleo-en-espana-2-880-582-parados\/","og:image":"https:\/\/candas365.es\/noticias\/wp-content\/uploads\/2022\/07\/parados.jpg","og:image:secure_url":"https:\/\/candas365.es\/noticias\/wp-content\/uploads\/2022\/07\/parados.jpg","og:image:width":1004,"og:image:height":664,"article:published_time":"2022-07-04T14:00:04+00:00","article:modified_time":"2022-07-04T14:00:04+00:00","article:publisher":"https:\/\/www.facebook.com\/Nachofdezber","article:author":"https:\/\/www.facebook.com\/carrenoactualidad","twitter:card":"summary_large_image","twitter:site":"@NabercoDigital","twitter:title":"Empleo en Espa\u00f1a: 2.880.582 parados | Cand\u00e1s 365","twitter:description":"(EP) - El n\u00famero de parados registrados en las oficinas de los servicios p\u00fablicos de empleo (antiguo Inem) se redujo en 42.409 desempleados en junio","twitter:creator":"@nbasturias","twitter:image":"https:\/\/candas365.es\/noticias\/wp-content\/uploads\/2022\/07\/parados.jpg","twitter:label1":"Escrito por","twitter:data1":"Cand\u00e1s 365","twitter:label2":"Tiempo de lectura estimado","twitter:data2":"5 minutos"},"aioseo_meta_data":{"post_id":"162971","title":null,"description":"(EP) - El n\u00famero de parados registrados en las oficinas de los servicios p\u00fablicos de empleo (antiguo Inem) se redujo en 42.409 desempleados en junio","keywords":[],"keyphrases":{"focus":{"keyphrase":"parados","score":83,"analysis":{"keyphraseInTitle":{"title":"Focus keyphrase in SEO title","description":"Focus keyphrase found in SEO title.","score":9,"maxScore":9,"error":0},"keyphraseInDescription":{"title":"Focus keyphrase in meta description","description":"Focus keyphrase found in meta description.","score":9,"maxScore":9,"error":0},"keyphraseLength":{"title":"Focus keyphrase length","description":"Good job!","score":9,"maxScore":9,"error":0,"length":1},"keyphraseInURL":{"title":"Focus keyphrase in URL","description":"Focus keyphrase not found in the URL.","score":1,"maxScore":5,"error":1},"keyphraseInIntroduction":{"title":"Focus keyphrase in introduction","description":"Your Focus keyphrase appears in the first paragraph. Well done!","score":9,"maxScore":9,"error":0},"keyphraseInSubHeadings":{"title":"Focus keyphrase in Subheadings","description":"Use more focus keyphrases in your H2 and H3 subheadings!","score":3,"maxScore":9,"error":1},"keyphraseInImageAlt":{"title":"Focus keyphrase in image alt attributes","description":"Focus keyphrase found in image alt attribute(s).","score":9,"maxScore":9,"error":0}}},"additional":[{"keyphrase":"n\u00famero de parados","score":83,"analysis":{"keyphraseInDescription":{"title":"Keyphrase in meta description","description":"Keyphrase found in meta description.","score":9,"maxScore":9,"error":0},"keyphraseLength":{"title":"Keyphrase length","description":"Good job!","score":9,"maxScore":9,"error":0,"length":3},"keyphraseInIntroduction":{"title":"Keyphrase in introduction","description":"Your Keyphrase appears in the first paragraph. Well done!","score":9,"maxScore":9,"error":0},"keyphraseInImageAlt":{"title":"Keyphrase in image alt attributes","description":"Keyphrase not found in image alt attribute(s). Add an image with your Keyphrase as alt text.","score":3,"maxScore":9,"error":1}}},{"keyphrase":"de parados","score":83,"analysis":{"keyphraseInDescription":{"title":"Keyphrase in meta description","description":"Keyphrase found in meta description.","score":9,"maxScore":9,"error":0},"keyphraseLength":{"title":"Keyphrase length","description":"Good job!","score":9,"maxScore":9,"error":0,"length":2},"keyphraseInIntroduction":{"title":"Keyphrase in introduction","description":"Your Keyphrase appears in the first paragraph. Well done!","score":9,"maxScore":9,"error":0},"keyphraseInImageAlt":{"title":"Keyphrase in image alt attributes","description":"Keyphrase not found in image alt attribute(s). Add an image with your Keyphrase as alt text.","score":3,"maxScore":9,"error":1}}},{"keyphrase":" empleo","score":100,"analysis":{"keyphraseInDescription":{"title":"Keyphrase in meta description","description":"Keyphrase found in meta description.","score":9,"maxScore":9,"error":0},"keyphraseLength":{"title":"Keyphrase length","description":"Good job!","score":9,"maxScore":9,"error":0,"length":1},"keyphraseInIntroduction":{"title":"Keyphrase in introduction","description":"Your Keyphrase appears in the first paragraph. Well done!","score":9,"maxScore":9,"error":0},"keyphraseInImageAlt":{"title":"Keyphrase in image alt attributes","description":"Keyphrase found in image alt attribute(s).","score":9,"maxScore":9,"error":0}}},{"keyphrase":"parados","score":100,"analysis":{"keyphraseInDescription":{"title":"Keyphrase in meta description","description":"Keyphrase found in meta description.","score":9,"maxScore":9,"error":0},"keyphraseLength":{"title":"Keyphrase length","description":"Good job!","score":9,"maxScore":9,"error":0,"length":1},"keyphraseInIntroduction":{"title":"Keyphrase in introduction","description":"Your Keyphrase appears in the first paragraph. Well done!","score":9,"maxScore":9,"error":0},"keyphraseInImageAlt":{"title":"Keyphrase in image alt attributes","description":"Keyphrase found in image alt attribute(s).","score":9,"maxScore":9,"error":0}}}]},"primary_term":null,"canonical_url":null,"og_title":null,"og_description":null,"og_object_type":"default","og_image_type":"default","og_image_url":null,"og_image_width":null,"og_image_height":null,"og_image_custom_url":null,"og_image_custom_fields":null,"og_video":"","og_custom_url":null,"og_article_section":null,"og_article_tags":[],"twitter_use_og":false,"twitter_card":"default","twitter_image_type":"default","twitter_image_url":null,"twitter_image_custom_url":null,"twitter_image_custom_fields":null,"twitter_title":null,"twitter_description":null,"schema":{"blockGraphs":[],"customGraphs":[],"default":{"data":{"Article":[],"Course":[],"Dataset":[],"FAQPage":[],"Movie":[],"Person":[],"Product":[],"ProductReview":[],"Car":[],"Recipe":[],"Service":[],"SoftwareApplication":[],"WebPage":[]},"graphName":"","isEnabled":true},"graphs":[]},"schema_type":"default","schema_type_options":"{\"article\":{\"articleType\":\"BlogPosting\"},\"course\":{\"name\":\"\",\"description\":\"\",\"provider\":\"\"},\"faq\":{\"pages\":[]},\"product\":{\"reviews\":[]},\"recipe\":{\"ingredients\":[],\"instructions\":[],\"keywords\":[]},\"software\":{\"reviews\":[],\"operatingSystems\":[]},\"webPage\":{\"webPageType\":\"WebPage\"}}","pillar_content":false,"robots_default":true,"robots_noindex":false,"robots_noarchive":false,"robots_nosnippet":false,"robots_nofollow":false,"robots_noimageindex":false,"robots_noodp":false,"robots_notranslate":false,"robots_max_snippet":"-1","robots_max_videopreview":"-1","robots_max_imagepreview":"large","priority":null,"frequency":"default","location":null,"local_seo":null,"seo_analyzer_scan_date":"2025-09-01 08:09:16","breadcrumb_settings":null,"limit_modified_date":false,"reviewed_by":null,"open_ai":null,"ai":null,"created":"2022-07-04 13:52:35","updated":"2025-09-01 08:09:16"},"aioseo_breadcrumb":"<div class=\"aioseo-breadcrumbs\"><span class=\"aioseo-breadcrumb\">\n\t<a href=\"https:\/\/candas365.es\/noticias\" title=\"Home\">Home<\/a>\n<\/span><span class=\"aioseo-breadcrumb-separator\">&ndash;<\/span><span class=\"aioseo-breadcrumb\">\n\t<a href=\"https:\/\/candas365.es\/noticias\/category\/destacadas\/\" title=\"Destacadas\">Destacadas<\/a>\n<\/span><span class=\"aioseo-breadcrumb-separator\">&ndash;<\/span><span class=\"aioseo-breadcrumb\">\n\tEmpleo en Espa\u00f1a: 2.880.582 parados\n<\/span><\/div>","aioseo_breadcrumb_json":[{"label":"Home","link":"https:\/\/candas365.es\/noticias"},{"label":"Destacadas","link":"https:\/\/candas365.es\/noticias\/category\/destacadas\/"},{"label":"Empleo en Espa\u00f1a: 2.880.582 parados","link":"https:\/\/candas365.es\/noticias\/empleo-en-espana-2-880-582-parados\/"}],"_links":{"self":[{"href":"https:\/\/candas365.es\/noticias\/wp-json\/wp\/v2\/posts\/162971","targetHints":{"allow":["GET"]}}],"collection":[{"href":"https:\/\/candas365.es\/noticias\/wp-json\/wp\/v2\/posts"}],"about":[{"href":"https:\/\/candas365.es\/noticias\/wp-json\/wp\/v2\/types\/post"}],"author":[{"embeddable":true,"href":"https:\/\/candas365.es\/noticias\/wp-json\/wp\/v2\/users\/1"}],"replies":[{"embeddable":true,"href":"https:\/\/candas365.es\/noticias\/wp-json\/wp\/v2\/comments?post=162971"}],"version-history":[{"count":0,"href":"https:\/\/candas365.es\/noticias\/wp-json\/wp\/v2\/posts\/162971\/revisions"}],"wp:featuredmedia":[{"embeddable":true,"href":"https:\/\/candas365.es\/noticias\/wp-json\/wp\/v2\/media\/162972"}],"wp:attachment":[{"href":"https:\/\/candas365.es\/noticias\/wp-json\/wp\/v2\/media?parent=162971"}],"wp:term":[{"taxonomy":"category","embeddable":true,"href":"https:\/\/candas365.es\/noticias\/wp-json\/wp\/v2\/categories?post=162971"},{"taxonomy":"post_tag","embeddable":true,"href":"https:\/\/candas365.es\/noticias\/wp-json\/wp\/v2\/tags?post=162971"}],"curies":[{"name":"wp","href":"https:\/\/api.w.org\/{rel}","templated":true}]}}