{"id":162948,"date":"2022-07-03T21:52:00","date_gmt":"2022-07-03T19:52:00","guid":{"rendered":"http:\/\/candas365.es\/noticias\/?p=162948"},"modified":"2022-07-03T21:52:00","modified_gmt":"2022-07-03T19:52:00","slug":"sanchez-hara-fijos-a-67-300-sanitarios","status":"publish","type":"post","link":"https:\/\/candas365.es\/noticias\/sanchez-hara-fijos-a-67-300-sanitarios\/","title":{"rendered":"S\u00e1nchez har\u00e1 fijos a 67.300 sanitarios"},"content":{"rendered":"<p>(EP) &#8211; El presidente del Gobierno, Pedro S\u00e1nchez, ha anunciado que el Consejo de Ministros del pr\u00f3ximo martes, 5 de julio, va a aprobar <a href=\"https:\/\/candas365.es\/noticias\/category\/salud\/\"><span style=\"color: #ff6600;\"><strong>hacer fijos a 67.300 sanitarios<\/strong><\/span><\/a>, una medida que busca acabar con la \u00abprecarizaci\u00f3n en la sanidad\u00bb.<\/p>\n<figure id=\"attachment_162949\" aria-describedby=\"caption-attachment-162949\" style=\"width: 650px\" class=\"wp-caption aligncenter\"><img fetchpriority=\"high\" decoding=\"async\" class=\"wp-image-162949 size-large\" src=\"https:\/\/candas365.es\/noticias\/wp-content\/uploads\/2022\/07\/Sanchez-1-650x474.jpg\" alt=\"S\u00e1nchez\" width=\"650\" height=\"474\" srcset=\"https:\/\/candas365.es\/noticias\/wp-content\/uploads\/2022\/07\/Sanchez-1-650x474.jpg 650w, https:\/\/candas365.es\/noticias\/wp-content\/uploads\/2022\/07\/Sanchez-1-360x262.jpg 360w, https:\/\/candas365.es\/noticias\/wp-content\/uploads\/2022\/07\/Sanchez-1-768x560.jpg 768w, https:\/\/candas365.es\/noticias\/wp-content\/uploads\/2022\/07\/Sanchez-1-150x109.jpg 150w, https:\/\/candas365.es\/noticias\/wp-content\/uploads\/2022\/07\/Sanchez-1-450x328.jpg 450w, https:\/\/candas365.es\/noticias\/wp-content\/uploads\/2022\/07\/Sanchez-1.jpg 904w\" sizes=\"(max-width: 650px) 100vw, 650px\" \/><figcaption id=\"caption-attachment-162949\" class=\"wp-caption-text\">Foto: A. P\u00e9rez Meca &#8211; Europa Press<\/figcaption><\/figure>\n<p>\u00abEste pr\u00f3ximo martes, en el Consejo de Ministros, vamos a aprobar la mayor estabilizaci\u00f3n de los profesionales sanitarios de la historia del Sistema Nacional de Salud desde su creaci\u00f3n. Vamos a estabilizar a 67.300 profesionales sanitarios de todos los niveles y de todo el conjunto de la Administraci\u00f3n\u00bb, ha se\u00f1alado el presidente en una entrevista a &#8216;El Pa\u00eds&#8217; recogida por Europa Press.<\/p>\n<p>Este anuncio, seg\u00fan S\u00e1nchez, obedece al \u00abcompromiso del Gobierno de Espa\u00f1a con la estabilizaci\u00f3n, con el fin de la precarizaci\u00f3n laboral\u00bb. \u00abEl esfuerzo que vamos a hacer es algo que no se hab\u00eda visto en la historia del Sistema Nacional de Salud a lo largo de la democracia\u00bb, ha destacado.<\/p>\n<p>Por ello, ha valorado que se trata de \u00abun paso muy importante en favor de acabar con la precarizaci\u00f3n en la sanidad, que es el sector que m\u00e1s ha sufrido la precariedad laboral, sobre todo despu\u00e9s de la crisis financiera y las recetas neoliberales que se plantearon\u00bb. \u00abSe han pactado los criterios comunes con las comunidades aut\u00f3nomas y dar\u00e1 respuesta a la temporalidad que ha existido durante d\u00e9cadas en el sistema de salud\u00bb, ha precisado.<\/p>\n<h2>CUMBRE DE LA OTAN<\/h2>\n<p>El presidente del Gobierno aborda en esta entrevista otras cuestiones como la cumbre de la OTAN celebrada esta semana en Madrid, calificada de \u00ab\u00e9xito\u00bb. \u00abCreo que ha sido un \u00e9xito, efectivamente (&#8230;) Hab\u00eda tres objetivos bien claros. El primero de ellos, trasladar un mensaje de unidad frente a la brutal agresi\u00f3n de Putin en Ucrania. En segundo lugar, desde el punto de vista del Gobierno de Espa\u00f1a, incorporar el frente sur como una amenaza a la Alianza Atl\u00e1ntica. Y, finalmente, proyectar un posicionamiento de Espa\u00f1a como lo que realmente es a la hora de organizar este tipo de conferencias internacionales: un pa\u00eds solvente, moderno y comprometido con sus aliados\u00bb, destaca.<\/p>\n<p>Precisamente, sobre el conflicto con Ucrania, S\u00e1nchez ha hecho hincapi\u00e9 en que \u00abla Alianza se fortalece para disuadir a la Rusia de Putin\u00bb. \u00abNos armamos para disuadir a la Rusia de Putin. A lo largo de estos dos d\u00edas, he tenido ocasi\u00f3n de hablar con much\u00edsimos l\u00edderes de la zona, de las rep\u00fablicas b\u00e1lticas, de los pa\u00edses del Este, Suecia, Finlandia&#8230; Les puedo garantizar que todos ellos tienen algo muy claro. Y es que, si Putin gana la guerra de Ucrania, los siguientes pueden ser ellos\u00bb, detalla.<\/p>\n<p>\u00abYa no estamos divididos en comunistas y capitalistas. Hay democracias frente a un aut\u00f3crata ultracapitalista como Putin\u00bb, prosigue, al tiempo que alerta de \u00abun alto riesgo de que la guerra en Ucrania se cronifique\u00bb.<\/p>\n<p>En clave nacional, descarta que un posible incremento del gasto militar pueda acabar rompiendo la coalici\u00f3n de gobierno en Espa\u00f1a. \u00abNo lo creo\u00bb, zanja.<\/p>\n<h2>SUBIR SALARIOS Y CONTENER BENEFICIOS<\/h2>\n<p>En esta l\u00ednea, preguntado por la situaci\u00f3n econ\u00f3mica, con una inflaci\u00f3n del 10,2% en Espa\u00f1a en el \u00faltimo mes, S\u00e1nchez reconoce que \u00abel dato es malo\u00bb pero destaca que sin las medidas que el Gobierno ha puesto en marcha \u00abser\u00eda a\u00fan peor\u00bb. \u00abEstar\u00edamos hablando de una inflaci\u00f3n no del 10%, sino del 15%\u00bb, augura.<\/p>\n<p>\u00abMe voy a dejar la piel por defender el inter\u00e9s de la mayor\u00eda. Lo hicimos con el covid, lo vamos a hacer con la inflaci\u00f3n\u00bb, afirma el presidente que recomienda a los empresarios \u00absubir salarios y contener los beneficios\u00bb y pone el foco en las energ\u00e9ticas: \u00abLas ganancias que est\u00e1n teniendo las energ\u00e9ticas en este contexto no son ni razonables ni asumibles\u00bb.<\/p>\n<h2>TRAGEDIA EN LA VALLA DE MELILLA: \u00abMIGRACI\u00d3N ORDENADA\u00bb<\/h2>\n<p>Preguntado por la situaci\u00f3n vivida el pasado 24 de junio en la valla de Melilla, donde un intento de entrada de cerca de 2.000 migrantes se sald\u00f3 con cerca de 23 fallecidos, seg\u00fan las autoridades marroqu\u00edes, y numerosos agentes heridos, Pedro S\u00e1nchez afirma que Espa\u00f1a \u00absiempre ha defendido la migraci\u00f3n regular y ordenada\u00bb.<\/p>\n<p>\u00abLo que ocurri\u00f3 en la valla de Melilla es el \u00faltimo episodio de una tragedia que empieza mucho antes, a muchos kil\u00f3metros. Fue un ataque violento a las fronteras de nuestro pa\u00eds, fueron armados\u00bb, argumenta.<\/p>\n<p>\u00abTenemos que reconocer el esfuerzo que est\u00e1 haciendo Marruecos, que tambi\u00e9n est\u00e1 sufriendo la presi\u00f3n de la migraci\u00f3n irregular por defender, en este caso, las fronteras que no son suyas, que son las fronteras de Espa\u00f1a. Y yo solamente, lamentando la p\u00e9rdida de vidas, defiendo que la desigualdad es la principal causa de la migraci\u00f3n. Los verdaderos culpables son las mafias\u00bb, a\u00f1ade.<\/p>\n<p>Preguntado sobre el futuro, S\u00e1nchez denuncia el impacto de &#8216;poderes oscuros&#8217; en su gesti\u00f3n. \u00abLo que quieren estos poderes es muy claro: que los progresistas nos demos por vencidos. Y no lo vamos a hacer. Lo que quieren es que bajemos la cabeza. Y no vamos a bajar la cabeza. Vamos a tener la cabeza bien alta en la defensa de los intereses de la mayor\u00eda social de este pa\u00eds\u00bb, asegura, al tiempo que denuncia que \u00ablas terminales pol\u00edticas y medi\u00e1ticas tienen una capacidad de tratar de desmovilizar al electorado progresista\u00bb.<\/p>\n<p>Sobre el cambio de liderazgo en el PP, tras la llegada de Alberto N\u00fa\u00f1ez Feij\u00f3o, considera que \u00abla estrategia no ha cambiado\u00bb. \u00abSeguimos teniendo una derecha pol\u00edtica en nuestro pa\u00eds que no es aut\u00f3noma respecto a esos poderes a los que he hecho referencia, y de alguna forma ans\u00edan volver al viejo orden\u00bb, afirma.<\/p>\n<p>En cuanto a la situaci\u00f3n en Catalu\u00f1a, avanza la intenci\u00f3n de reunir la mesa de di\u00e1logo. \u00abNos gustar\u00eda que fuera en el mes de julio, y desde luego nos gustar\u00eda contar con la presencia de Junts per Catalunya. Uno de los grandes activos de este gobierno de coalici\u00f3n progresista es que se puede garantizar la cohesi\u00f3n y la convivencia en Catalu\u00f1a y en el conjunto de Espa\u00f1a con el di\u00e1logo y con la agenda del reencuentro\u00bb, se\u00f1ala.<\/p>\n<p>Por \u00faltimo, sobre los cambios de portavoces o ministros, S\u00e1nchez es claro: \u00abTiene todo mi respaldo tanto el Gobierno como la direcci\u00f3n del PSOE\u00bb.<\/p>\n","protected":false},"excerpt":{"rendered":"<p>(EP) &#8211; El presidente del Gobierno, Pedro S\u00e1nchez, ha anunciado que el Consejo de Ministros del pr\u00f3ximo martes, 5 de julio, va a aprobar hacer fijos a 67.300 sanitarios, una medida que busca acabar con la \u00abprecarizaci\u00f3n en la sanidad\u00bb. \u00abEste pr\u00f3ximo martes, en el Consejo de Ministros, vamos a aprobar la mayor estabilizaci\u00f3n de<\/p>\n","protected":false},"author":1,"featured_media":162949,"comment_status":"closed","ping_status":"closed","sticky":false,"template":"","format":"standard","meta":{"footnotes":""},"categories":[343],"tags":[470,378],"class_list":{"0":"post-162948","1":"post","2":"type-post","3":"status-publish","4":"format-standard","5":"has-post-thumbnail","7":"category-actualidad","8":"tag-politica","9":"tag-salud"},"aioseo_notices":[],"aioseo_head":"\n\t\t<!-- All in One SEO Pro 4.9.6.2 - aioseo.com -->\n\t<meta name=\"description\" content=\"(EP) - El presidente del Gobierno, Pedro S\u00e1nchez, ha anunciado que el Consejo de Ministros del pr\u00f3ximo martes, 5 de julio, va a aprobar hacer fijos a 67.300\" \/>\n\t<meta name=\"robots\" content=\"max-image-preview:large\" \/>\n\t<meta name=\"author\" content=\"Cand\u00e1s 365\"\/>\n\t<meta name=\"google-site-verification\" content=\"UA-32230408-1\" \/>\n\t<meta name=\"msvalidate.01\" content=\"354F3CDFB2DA171B47FBE9ABF1F88D5\" \/>\n\t<meta name=\"keywords\" content=\"actualidad\" \/>\n\t<link rel=\"canonical\" href=\"https:\/\/candas365.es\/noticias\/sanchez-hara-fijos-a-67-300-sanitarios\/\" \/>\n\t<meta name=\"generator\" content=\"All in One SEO Pro (AIOSEO) 4.9.6.2\" \/>\n\t\t<meta property=\"og:locale\" content=\"es_ES\" \/>\n\t\t<meta property=\"og:site_name\" content=\"Cand\u00e1s 365\" \/>\n\t\t<meta property=\"og:type\" content=\"article\" \/>\n\t\t<meta property=\"og:title\" content=\"S\u00e1nchez har\u00e1 fijos a 67.300 sanitarios | Cand\u00e1s 365\" \/>\n\t\t<meta property=\"og:description\" content=\"(EP) - El presidente del Gobierno, Pedro S\u00e1nchez, ha anunciado que el Consejo de Ministros del pr\u00f3ximo martes, 5 de julio, va a aprobar hacer fijos a 67.300\" \/>\n\t\t<meta property=\"og:url\" content=\"https:\/\/candas365.es\/noticias\/sanchez-hara-fijos-a-67-300-sanitarios\/\" \/>\n\t\t<meta property=\"og:image\" content=\"https:\/\/candas365.es\/noticias\/wp-content\/uploads\/2022\/07\/Sanchez-1.jpg\" \/>\n\t\t<meta property=\"og:image:secure_url\" content=\"https:\/\/candas365.es\/noticias\/wp-content\/uploads\/2022\/07\/Sanchez-1.jpg\" \/>\n\t\t<meta property=\"og:image:width\" content=\"904\" \/>\n\t\t<meta property=\"og:image:height\" content=\"659\" \/>\n\t\t<meta property=\"article:published_time\" content=\"2022-07-03T19:52:00+00:00\" \/>\n\t\t<meta property=\"article:modified_time\" content=\"2022-07-03T19:52:00+00:00\" \/>\n\t\t<meta property=\"article:publisher\" content=\"https:\/\/www.facebook.com\/Nachofdezber\" \/>\n\t\t<meta property=\"article:author\" content=\"https:\/\/www.facebook.com\/carrenoactualidad\" \/>\n\t\t<meta name=\"twitter:card\" content=\"summary_large_image\" \/>\n\t\t<meta name=\"twitter:site\" content=\"@NabercoDigital\" \/>\n\t\t<meta name=\"twitter:title\" content=\"S\u00e1nchez har\u00e1 fijos a 67.300 sanitarios | Cand\u00e1s 365\" \/>\n\t\t<meta name=\"twitter:description\" content=\"(EP) - El presidente del Gobierno, Pedro S\u00e1nchez, ha anunciado que el Consejo de Ministros del pr\u00f3ximo martes, 5 de julio, va a aprobar hacer fijos a 67.300\" \/>\n\t\t<meta name=\"twitter:creator\" content=\"@nbasturias\" \/>\n\t\t<meta name=\"twitter:image\" content=\"https:\/\/candas365.es\/noticias\/wp-content\/uploads\/2022\/07\/Sanchez-1.jpg\" \/>\n\t\t<meta name=\"twitter:label1\" content=\"Escrito por\" \/>\n\t\t<meta name=\"twitter:data1\" content=\"Cand\u00e1s 365\" \/>\n\t\t<meta name=\"twitter:label2\" content=\"Tiempo de lectura estimado\" \/>\n\t\t<meta name=\"twitter:data2\" content=\"6 minutos\" \/>\n\t\t<script type=\"application\/ld+json\" class=\"aioseo-schema\">\n\t\t\t{\"@context\":\"https:\\\/\\\/schema.org\",\"@graph\":[{\"@type\":\"BreadcrumbList\",\"@id\":\"https:\\\/\\\/candas365.es\\\/noticias\\\/sanchez-hara-fijos-a-67-300-sanitarios\\\/#breadcrumblist\",\"itemListElement\":[{\"@type\":\"ListItem\",\"@id\":\"https:\\\/\\\/candas365.es\\\/noticias#listItem\",\"position\":1,\"name\":\"Home\",\"item\":\"https:\\\/\\\/candas365.es\\\/noticias\",\"nextItem\":{\"@type\":\"ListItem\",\"@id\":\"https:\\\/\\\/candas365.es\\\/noticias\\\/category\\\/actualidad\\\/#listItem\",\"name\":\"Actualidad\"}},{\"@type\":\"ListItem\",\"@id\":\"https:\\\/\\\/candas365.es\\\/noticias\\\/category\\\/actualidad\\\/#listItem\",\"position\":2,\"name\":\"Actualidad\",\"item\":\"https:\\\/\\\/candas365.es\\\/noticias\\\/category\\\/actualidad\\\/\",\"nextItem\":{\"@type\":\"ListItem\",\"@id\":\"https:\\\/\\\/candas365.es\\\/noticias\\\/sanchez-hara-fijos-a-67-300-sanitarios\\\/#listItem\",\"name\":\"S\\u00e1nchez har\\u00e1 fijos a 67.300 sanitarios\"},\"previousItem\":{\"@type\":\"ListItem\",\"@id\":\"https:\\\/\\\/candas365.es\\\/noticias#listItem\",\"name\":\"Home\"}},{\"@type\":\"ListItem\",\"@id\":\"https:\\\/\\\/candas365.es\\\/noticias\\\/sanchez-hara-fijos-a-67-300-sanitarios\\\/#listItem\",\"position\":3,\"name\":\"S\\u00e1nchez har\\u00e1 fijos a 67.300 sanitarios\",\"previousItem\":{\"@type\":\"ListItem\",\"@id\":\"https:\\\/\\\/candas365.es\\\/noticias\\\/category\\\/actualidad\\\/#listItem\",\"name\":\"Actualidad\"}}]},{\"@type\":\"NewsArticle\",\"@id\":\"https:\\\/\\\/candas365.es\\\/noticias\\\/sanchez-hara-fijos-a-67-300-sanitarios\\\/#newsarticle\",\"name\":\"S\\u00e1nchez har\\u00e1 fijos a 67.300 sanitarios | Cand\\u00e1s 365\",\"headline\":\"S\\u00e1nchez har\\u00e1 fijos a 67.300 sanitarios\",\"author\":{\"@id\":\"https:\\\/\\\/candas365.es\\\/noticias\\\/author\\\/admin\\\/#author\"},\"publisher\":{\"@id\":\"https:\\\/\\\/candas365.es\\\/noticias\\\/#organization\"},\"image\":{\"@type\":\"ImageObject\",\"url\":\"https:\\\/\\\/candas365.es\\\/noticias\\\/wp-content\\\/uploads\\\/2022\\\/07\\\/Sanchez-1.jpg\",\"width\":904,\"height\":659,\"caption\":\"Foto: A. P\\u00e9rez Meca - Europa Press\"},\"datePublished\":\"2022-07-03T21:52:00+02:00\",\"dateModified\":\"2022-07-03T21:52:00+02:00\",\"inLanguage\":\"es-ES\",\"mainEntityOfPage\":{\"@id\":\"https:\\\/\\\/candas365.es\\\/noticias\\\/sanchez-hara-fijos-a-67-300-sanitarios\\\/#webpage\"},\"isPartOf\":{\"@id\":\"https:\\\/\\\/candas365.es\\\/noticias\\\/sanchez-hara-fijos-a-67-300-sanitarios\\\/#webpage\"},\"articleSection\":\"Actualidad, pol\\u00edtica, Salud\",\"dateline\":\"Publicado el julio 3, 2022.\"},{\"@type\":\"Organization\",\"@id\":\"https:\\\/\\\/candas365.es\\\/noticias\\\/#organization\",\"name\":\"Cand\\u00e1s 365\",\"description\":\"Cand\\u00e1s 365 es un diario digital independiente, fundado en 2012, con base en Asturias. Informamos con rigor sobre actualidad, sociedad, cultura y ocio, con una mirada local y global.\",\"url\":\"https:\\\/\\\/candas365.es\\\/noticias\\\/\",\"email\":\"info@candas365.es\",\"telephone\":\"+34652131393\",\"foundingDate\":\"2012-06-10\",\"logo\":{\"@type\":\"ImageObject\",\"url\":\"https:\\\/\\\/candas365.es\\\/noticias\\\/wp-content\\\/uploads\\\/2024\\\/09\\\/Candas-365-Redes.jpg\",\"@id\":\"https:\\\/\\\/candas365.es\\\/noticias\\\/sanchez-hara-fijos-a-67-300-sanitarios\\\/#organizationLogo\",\"width\":1152,\"height\":864,\"caption\":\"Cand\\u00e1s 365 Redes\"},\"image\":{\"@id\":\"https:\\\/\\\/candas365.es\\\/noticias\\\/sanchez-hara-fijos-a-67-300-sanitarios\\\/#organizationLogo\"},\"sameAs\":[\"https:\\\/\\\/www.facebook.com\\\/Nachofdezber\",\"https:\\\/\\\/x.com\\\/NabercoDigital\",\"https:\\\/\\\/www.instagram.com\\\/nachofdezber\\\/\",\"https:\\\/\\\/www.youtube.com\\\/channel\\\/UCZP-2wLEB9Rv6erhFmqVnvg\"],\"address\":{\"@id\":\"https:\\\/\\\/candas365.es\\\/noticias\\\/#postaladdress\",\"@type\":\"PostalAddress\",\"streetAddress\":\"san antonio 4, san antonio 4\",\"postalCode\":\"33430\",\"addressLocality\":\"Cand\\u00e1s\",\"addressRegion\":\"Asturias\",\"addressCountry\":\"ES\"}},{\"@type\":\"Person\",\"@id\":\"https:\\\/\\\/candas365.es\\\/noticias\\\/author\\\/admin\\\/#author\",\"url\":\"https:\\\/\\\/candas365.es\\\/noticias\\\/author\\\/admin\\\/\",\"name\":\"Cand\\u00e1s 365\",\"image\":{\"@type\":\"ImageObject\",\"@id\":\"https:\\\/\\\/candas365.es\\\/noticias\\\/sanchez-hara-fijos-a-67-300-sanitarios\\\/#authorImage\",\"url\":\"https:\\\/\\\/secure.gravatar.com\\\/avatar\\\/496a8e03d0c493ede1718b7934145dbdf8d89be1036b0eec9544e1094c9de390?s=96&d=mm&r=g\",\"width\":96,\"height\":96,\"caption\":\"Cand\\u00e1s 365\"},\"sameAs\":[\"https:\\\/\\\/www.facebook.com\\\/carrenoactualidad\",\"https:\\\/\\\/twitter.com\\\/nbasturias\",\"https:\\\/\\\/www.instagram.com\\\/nachofdezber\\\/\",\"https:\\\/\\\/www.youtube.com\\\/channel\\\/UCZP-2wLEB9Rv6erhFmqVnvg\"]},{\"@type\":\"WebPage\",\"@id\":\"https:\\\/\\\/candas365.es\\\/noticias\\\/sanchez-hara-fijos-a-67-300-sanitarios\\\/#webpage\",\"url\":\"https:\\\/\\\/candas365.es\\\/noticias\\\/sanchez-hara-fijos-a-67-300-sanitarios\\\/\",\"name\":\"S\\u00e1nchez har\\u00e1 fijos a 67.300 sanitarios | Cand\\u00e1s 365\",\"description\":\"(EP) - El presidente del Gobierno, Pedro S\\u00e1nchez, ha anunciado que el Consejo de Ministros del pr\\u00f3ximo martes, 5 de julio, va a aprobar hacer fijos a 67.300\",\"inLanguage\":\"es-ES\",\"isPartOf\":{\"@id\":\"https:\\\/\\\/candas365.es\\\/noticias\\\/#website\"},\"breadcrumb\":{\"@id\":\"https:\\\/\\\/candas365.es\\\/noticias\\\/sanchez-hara-fijos-a-67-300-sanitarios\\\/#breadcrumblist\"},\"author\":{\"@id\":\"https:\\\/\\\/candas365.es\\\/noticias\\\/author\\\/admin\\\/#author\"},\"creator\":{\"@id\":\"https:\\\/\\\/candas365.es\\\/noticias\\\/author\\\/admin\\\/#author\"},\"image\":{\"@type\":\"ImageObject\",\"url\":\"https:\\\/\\\/candas365.es\\\/noticias\\\/wp-content\\\/uploads\\\/2022\\\/07\\\/Sanchez-1.jpg\",\"@id\":\"https:\\\/\\\/candas365.es\\\/noticias\\\/sanchez-hara-fijos-a-67-300-sanitarios\\\/#mainImage\",\"width\":904,\"height\":659,\"caption\":\"Foto: A. P\\u00e9rez Meca - Europa Press\"},\"primaryImageOfPage\":{\"@id\":\"https:\\\/\\\/candas365.es\\\/noticias\\\/sanchez-hara-fijos-a-67-300-sanitarios\\\/#mainImage\"},\"datePublished\":\"2022-07-03T21:52:00+02:00\",\"dateModified\":\"2022-07-03T21:52:00+02:00\"},{\"@type\":\"WebSite\",\"@id\":\"https:\\\/\\\/candas365.es\\\/noticias\\\/#website\",\"url\":\"https:\\\/\\\/candas365.es\\\/noticias\\\/\",\"name\":\"Cand\\u00e1s 365\",\"alternateName\":\"Cand\\u00e1s 365 Noticias\",\"description\":\"Actualidad desde Carre\\u00f1o para el mundo\",\"inLanguage\":\"es-ES\",\"publisher\":{\"@id\":\"https:\\\/\\\/candas365.es\\\/noticias\\\/#organization\"}}]}\n\t\t<\/script>\n\t\t<!-- All in One SEO Pro -->\r\n\t\t<title>S\u00e1nchez har\u00e1 fijos a 67.300 sanitarios | Cand\u00e1s 365<\/title>\n\n","aioseo_head_json":{"title":"S\u00e1nchez har\u00e1 fijos a 67.300 sanitarios | Cand\u00e1s 365","description":"(EP) - El presidente del Gobierno, Pedro S\u00e1nchez, ha anunciado que el Consejo de Ministros del pr\u00f3ximo martes, 5 de julio, va a aprobar hacer fijos a 67.300","canonical_url":"https:\/\/candas365.es\/noticias\/sanchez-hara-fijos-a-67-300-sanitarios\/","robots":"max-image-preview:large","keywords":"actualidad","webmasterTools":{"google-site-verification":"UA-32230408-1","msvalidate.01":"354F3CDFB2DA171B47FBE9ABF1F88D5","miscellaneous":""},"schema":{"@context":"https:\/\/schema.org","@graph":[{"@type":"BreadcrumbList","@id":"https:\/\/candas365.es\/noticias\/sanchez-hara-fijos-a-67-300-sanitarios\/#breadcrumblist","itemListElement":[{"@type":"ListItem","@id":"https:\/\/candas365.es\/noticias#listItem","position":1,"name":"Home","item":"https:\/\/candas365.es\/noticias","nextItem":{"@type":"ListItem","@id":"https:\/\/candas365.es\/noticias\/category\/actualidad\/#listItem","name":"Actualidad"}},{"@type":"ListItem","@id":"https:\/\/candas365.es\/noticias\/category\/actualidad\/#listItem","position":2,"name":"Actualidad","item":"https:\/\/candas365.es\/noticias\/category\/actualidad\/","nextItem":{"@type":"ListItem","@id":"https:\/\/candas365.es\/noticias\/sanchez-hara-fijos-a-67-300-sanitarios\/#listItem","name":"S\u00e1nchez har\u00e1 fijos a 67.300 sanitarios"},"previousItem":{"@type":"ListItem","@id":"https:\/\/candas365.es\/noticias#listItem","name":"Home"}},{"@type":"ListItem","@id":"https:\/\/candas365.es\/noticias\/sanchez-hara-fijos-a-67-300-sanitarios\/#listItem","position":3,"name":"S\u00e1nchez har\u00e1 fijos a 67.300 sanitarios","previousItem":{"@type":"ListItem","@id":"https:\/\/candas365.es\/noticias\/category\/actualidad\/#listItem","name":"Actualidad"}}]},{"@type":"NewsArticle","@id":"https:\/\/candas365.es\/noticias\/sanchez-hara-fijos-a-67-300-sanitarios\/#newsarticle","name":"S\u00e1nchez har\u00e1 fijos a 67.300 sanitarios | Cand\u00e1s 365","headline":"S\u00e1nchez har\u00e1 fijos a 67.300 sanitarios","author":{"@id":"https:\/\/candas365.es\/noticias\/author\/admin\/#author"},"publisher":{"@id":"https:\/\/candas365.es\/noticias\/#organization"},"image":{"@type":"ImageObject","url":"https:\/\/candas365.es\/noticias\/wp-content\/uploads\/2022\/07\/Sanchez-1.jpg","width":904,"height":659,"caption":"Foto: A. P\u00e9rez Meca - Europa Press"},"datePublished":"2022-07-03T21:52:00+02:00","dateModified":"2022-07-03T21:52:00+02:00","inLanguage":"es-ES","mainEntityOfPage":{"@id":"https:\/\/candas365.es\/noticias\/sanchez-hara-fijos-a-67-300-sanitarios\/#webpage"},"isPartOf":{"@id":"https:\/\/candas365.es\/noticias\/sanchez-hara-fijos-a-67-300-sanitarios\/#webpage"},"articleSection":"Actualidad, pol\u00edtica, Salud","dateline":"Publicado el julio 3, 2022."},{"@type":"Organization","@id":"https:\/\/candas365.es\/noticias\/#organization","name":"Cand\u00e1s 365","description":"Cand\u00e1s 365 es un diario digital independiente, fundado en 2012, con base en Asturias. Informamos con rigor sobre actualidad, sociedad, cultura y ocio, con una mirada local y global.","url":"https:\/\/candas365.es\/noticias\/","email":"info@candas365.es","telephone":"+34652131393","foundingDate":"2012-06-10","logo":{"@type":"ImageObject","url":"https:\/\/candas365.es\/noticias\/wp-content\/uploads\/2024\/09\/Candas-365-Redes.jpg","@id":"https:\/\/candas365.es\/noticias\/sanchez-hara-fijos-a-67-300-sanitarios\/#organizationLogo","width":1152,"height":864,"caption":"Cand\u00e1s 365 Redes"},"image":{"@id":"https:\/\/candas365.es\/noticias\/sanchez-hara-fijos-a-67-300-sanitarios\/#organizationLogo"},"sameAs":["https:\/\/www.facebook.com\/Nachofdezber","https:\/\/x.com\/NabercoDigital","https:\/\/www.instagram.com\/nachofdezber\/","https:\/\/www.youtube.com\/channel\/UCZP-2wLEB9Rv6erhFmqVnvg"],"address":{"@id":"https:\/\/candas365.es\/noticias\/#postaladdress","@type":"PostalAddress","streetAddress":"san antonio 4, san antonio 4","postalCode":"33430","addressLocality":"Cand\u00e1s","addressRegion":"Asturias","addressCountry":"ES"}},{"@type":"Person","@id":"https:\/\/candas365.es\/noticias\/author\/admin\/#author","url":"https:\/\/candas365.es\/noticias\/author\/admin\/","name":"Cand\u00e1s 365","image":{"@type":"ImageObject","@id":"https:\/\/candas365.es\/noticias\/sanchez-hara-fijos-a-67-300-sanitarios\/#authorImage","url":"https:\/\/secure.gravatar.com\/avatar\/496a8e03d0c493ede1718b7934145dbdf8d89be1036b0eec9544e1094c9de390?s=96&d=mm&r=g","width":96,"height":96,"caption":"Cand\u00e1s 365"},"sameAs":["https:\/\/www.facebook.com\/carrenoactualidad","https:\/\/twitter.com\/nbasturias","https:\/\/www.instagram.com\/nachofdezber\/","https:\/\/www.youtube.com\/channel\/UCZP-2wLEB9Rv6erhFmqVnvg"]},{"@type":"WebPage","@id":"https:\/\/candas365.es\/noticias\/sanchez-hara-fijos-a-67-300-sanitarios\/#webpage","url":"https:\/\/candas365.es\/noticias\/sanchez-hara-fijos-a-67-300-sanitarios\/","name":"S\u00e1nchez har\u00e1 fijos a 67.300 sanitarios | Cand\u00e1s 365","description":"(EP) - El presidente del Gobierno, Pedro S\u00e1nchez, ha anunciado que el Consejo de Ministros del pr\u00f3ximo martes, 5 de julio, va a aprobar hacer fijos a 67.300","inLanguage":"es-ES","isPartOf":{"@id":"https:\/\/candas365.es\/noticias\/#website"},"breadcrumb":{"@id":"https:\/\/candas365.es\/noticias\/sanchez-hara-fijos-a-67-300-sanitarios\/#breadcrumblist"},"author":{"@id":"https:\/\/candas365.es\/noticias\/author\/admin\/#author"},"creator":{"@id":"https:\/\/candas365.es\/noticias\/author\/admin\/#author"},"image":{"@type":"ImageObject","url":"https:\/\/candas365.es\/noticias\/wp-content\/uploads\/2022\/07\/Sanchez-1.jpg","@id":"https:\/\/candas365.es\/noticias\/sanchez-hara-fijos-a-67-300-sanitarios\/#mainImage","width":904,"height":659,"caption":"Foto: A. P\u00e9rez Meca - Europa Press"},"primaryImageOfPage":{"@id":"https:\/\/candas365.es\/noticias\/sanchez-hara-fijos-a-67-300-sanitarios\/#mainImage"},"datePublished":"2022-07-03T21:52:00+02:00","dateModified":"2022-07-03T21:52:00+02:00"},{"@type":"WebSite","@id":"https:\/\/candas365.es\/noticias\/#website","url":"https:\/\/candas365.es\/noticias\/","name":"Cand\u00e1s 365","alternateName":"Cand\u00e1s 365 Noticias","description":"Actualidad desde Carre\u00f1o para el mundo","inLanguage":"es-ES","publisher":{"@id":"https:\/\/candas365.es\/noticias\/#organization"}}]},"og:locale":"es_ES","og:site_name":"Cand\u00e1s 365","og:type":"article","og:title":"S\u00e1nchez har\u00e1 fijos a 67.300 sanitarios | Cand\u00e1s 365","og:description":"(EP) - El presidente del Gobierno, Pedro S\u00e1nchez, ha anunciado que el Consejo de Ministros del pr\u00f3ximo martes, 5 de julio, va a aprobar hacer fijos a 67.300","og:url":"https:\/\/candas365.es\/noticias\/sanchez-hara-fijos-a-67-300-sanitarios\/","og:image":"https:\/\/candas365.es\/noticias\/wp-content\/uploads\/2022\/07\/Sanchez-1.jpg","og:image:secure_url":"https:\/\/candas365.es\/noticias\/wp-content\/uploads\/2022\/07\/Sanchez-1.jpg","og:image:width":904,"og:image:height":659,"article:published_time":"2022-07-03T19:52:00+00:00","article:modified_time":"2022-07-03T19:52:00+00:00","article:publisher":"https:\/\/www.facebook.com\/Nachofdezber","article:author":"https:\/\/www.facebook.com\/carrenoactualidad","twitter:card":"summary_large_image","twitter:site":"@NabercoDigital","twitter:title":"S\u00e1nchez har\u00e1 fijos a 67.300 sanitarios | Cand\u00e1s 365","twitter:description":"(EP) - El presidente del Gobierno, Pedro S\u00e1nchez, ha anunciado que el Consejo de Ministros del pr\u00f3ximo martes, 5 de julio, va a aprobar hacer fijos a 67.300","twitter:creator":"@nbasturias","twitter:image":"https:\/\/candas365.es\/noticias\/wp-content\/uploads\/2022\/07\/Sanchez-1.jpg","twitter:label1":"Escrito por","twitter:data1":"Cand\u00e1s 365","twitter:label2":"Tiempo de lectura estimado","twitter:data2":"6 minutos"},"aioseo_meta_data":{"post_id":"162948","title":null,"description":"(EP) - El presidente del Gobierno, Pedro S\u00e1nchez, ha anunciado que el Consejo de Ministros del pr\u00f3ximo martes, 5 de julio, va a aprobar hacer fijos a 67.300","keywords":[],"keyphrases":{"focus":{"keyphrase":"S\u00e1nchez","score":83,"analysis":{"keyphraseInTitle":{"title":"Focus keyphrase in SEO title","description":"Focus keyphrase found in SEO title.","score":9,"maxScore":9,"error":0},"keyphraseInDescription":{"title":"Focus keyphrase in meta description","description":"Focus keyphrase found in meta description.","score":9,"maxScore":9,"error":0},"keyphraseLength":{"title":"Focus keyphrase length","description":"Good job!","score":9,"maxScore":9,"error":0,"length":1},"keyphraseInURL":{"title":"Focus keyphrase in URL","description":"Focus keyphrase not found in the URL.","score":1,"maxScore":5,"error":1},"keyphraseInIntroduction":{"title":"Focus keyphrase in introduction","description":"Your Focus keyphrase appears in the first paragraph. Well done!","score":9,"maxScore":9,"error":0},"keyphraseInSubHeadings":{"title":"Focus keyphrase in Subheadings","description":"Use your focus keyphrase more in your H2 and H3 subheadings.","score":3,"maxScore":9,"error":1},"keyphraseInImageAlt":{"title":"Focus keyphrase in image alt attributes","description":"Focus keyphrase found in image alt attribute(s).","score":9,"maxScore":9,"error":0}}},"additional":[{"keyphrase":"67.300 ","score":78,"analysis":{"keyphraseInDescription":{"title":"Keyphrase in meta description","description":"Keyphrase found in meta description.","score":9,"maxScore":9,"error":0},"keyphraseLength":{"title":"Keyphrase length","description":"No Keyphrase was set. Set a Keyphrase in order to calculate your SEO score.","score":-999,"maxScore":9,"error":1,"length":0},"keyphraseInIntroduction":{"title":"Keyphrase in introduction","description":"Your Keyphrase appears in the first paragraph. Well done!","score":9,"maxScore":9,"error":0},"keyphraseInImageAlt":{"title":"Keyphrase in image alt attributes","description":"Keyphrase not found in image alt attribute(s). Add an image with your Keyphrase as alt text.","score":3,"maxScore":9,"error":1}}}]},"primary_term":null,"canonical_url":null,"og_title":null,"og_description":null,"og_object_type":"default","og_image_type":"default","og_image_url":null,"og_image_width":null,"og_image_height":null,"og_image_custom_url":null,"og_image_custom_fields":null,"og_video":"","og_custom_url":null,"og_article_section":null,"og_article_tags":[],"twitter_use_og":false,"twitter_card":"default","twitter_image_type":"default","twitter_image_url":null,"twitter_image_custom_url":null,"twitter_image_custom_fields":null,"twitter_title":null,"twitter_description":null,"schema":{"blockGraphs":[],"customGraphs":[],"default":{"data":{"Article":[],"Course":[],"Dataset":[],"FAQPage":[],"Movie":[],"Person":[],"Product":[],"ProductReview":[],"Car":[],"Recipe":[],"Service":[],"SoftwareApplication":[],"WebPage":[]},"graphName":"","isEnabled":true},"graphs":[],"defaultGraph":"Article","defaultPostTypeGraph":""},"schema_type":"default","schema_type_options":"{\"article\":{\"articleType\":\"BlogPosting\"},\"course\":{\"name\":\"\",\"description\":\"\",\"provider\":\"\"},\"faq\":{\"pages\":[]},\"product\":{\"reviews\":[]},\"recipe\":{\"ingredients\":[],\"instructions\":[],\"keywords\":[]},\"software\":{\"reviews\":[],\"operatingSystems\":[]},\"webPage\":{\"webPageType\":\"WebPage\"}}","pillar_content":false,"robots_default":true,"robots_noindex":false,"robots_noarchive":false,"robots_nosnippet":false,"robots_nofollow":false,"robots_noimageindex":false,"robots_noodp":false,"robots_notranslate":false,"robots_max_snippet":"-1","robots_max_videopreview":"-1","robots_max_imagepreview":"large","priority":null,"frequency":"default","location":null,"local_seo":null,"seo_analyzer_scan_date":"2025-09-01 08:07:19","breadcrumb_settings":null,"limit_modified_date":false,"reviewed_by":null,"open_ai":null,"ai":null,"created":"2022-07-03 19:47:25","updated":"2025-09-01 08:07:19"},"aioseo_breadcrumb":"<div class=\"aioseo-breadcrumbs\"><span class=\"aioseo-breadcrumb\">\n\t<a href=\"https:\/\/candas365.es\/noticias\" title=\"Home\">Home<\/a>\n<\/span><span class=\"aioseo-breadcrumb-separator\">&ndash;<\/span><span class=\"aioseo-breadcrumb\">\n\t<a href=\"https:\/\/candas365.es\/noticias\/category\/actualidad\/\" title=\"Actualidad\">Actualidad<\/a>\n<\/span><span class=\"aioseo-breadcrumb-separator\">&ndash;<\/span><span class=\"aioseo-breadcrumb\">\n\tS\u00e1nchez har\u00e1 fijos a 67.300 sanitarios\n<\/span><\/div>","aioseo_breadcrumb_json":[{"label":"Home","link":"https:\/\/candas365.es\/noticias"},{"label":"Actualidad","link":"https:\/\/candas365.es\/noticias\/category\/actualidad\/"},{"label":"S\u00e1nchez har\u00e1 fijos a 67.300 sanitarios","link":"https:\/\/candas365.es\/noticias\/sanchez-hara-fijos-a-67-300-sanitarios\/"}],"_links":{"self":[{"href":"https:\/\/candas365.es\/noticias\/wp-json\/wp\/v2\/posts\/162948","targetHints":{"allow":["GET"]}}],"collection":[{"href":"https:\/\/candas365.es\/noticias\/wp-json\/wp\/v2\/posts"}],"about":[{"href":"https:\/\/candas365.es\/noticias\/wp-json\/wp\/v2\/types\/post"}],"author":[{"embeddable":true,"href":"https:\/\/candas365.es\/noticias\/wp-json\/wp\/v2\/users\/1"}],"replies":[{"embeddable":true,"href":"https:\/\/candas365.es\/noticias\/wp-json\/wp\/v2\/comments?post=162948"}],"version-history":[{"count":0,"href":"https:\/\/candas365.es\/noticias\/wp-json\/wp\/v2\/posts\/162948\/revisions"}],"wp:featuredmedia":[{"embeddable":true,"href":"https:\/\/candas365.es\/noticias\/wp-json\/wp\/v2\/media\/162949"}],"wp:attachment":[{"href":"https:\/\/candas365.es\/noticias\/wp-json\/wp\/v2\/media?parent=162948"}],"wp:term":[{"taxonomy":"category","embeddable":true,"href":"https:\/\/candas365.es\/noticias\/wp-json\/wp\/v2\/categories?post=162948"},{"taxonomy":"post_tag","embeddable":true,"href":"https:\/\/candas365.es\/noticias\/wp-json\/wp\/v2\/tags?post=162948"}],"curies":[{"name":"wp","href":"https:\/\/api.w.org\/{rel}","templated":true}]}}