{"id":162841,"date":"2022-07-02T12:36:39","date_gmt":"2022-07-02T10:36:39","guid":{"rendered":"http:\/\/candas365.es\/noticias\/?p=162841"},"modified":"2022-07-02T12:36:39","modified_gmt":"2022-07-02T10:36:39","slug":"ercros-reducira-capital-en-131-millones-de-euros","status":"publish","type":"post","link":"https:\/\/candas365.es\/noticias\/ercros-reducira-capital-en-131-millones-de-euros\/","title":{"rendered":"Ercros reducir\u00e1 capital en 1,31 millones de euros"},"content":{"rendered":"<p>(EP) &#8211; Ercros reducir\u00e1 capital en 1,31 millones de euros mediante la amortizaci\u00f3n de algo m\u00e1s de 4,3 millones de acciones propias, de 0,30 euros de valor nominal cada una y representativas del 4,33% de su capital social, seg\u00fan ha informado este viernes la compa\u00f1\u00eda a la Comisi\u00f3n Nacional del Mercado de Valores (CNMV).<\/p>\n<figure id=\"attachment_162842\" aria-describedby=\"caption-attachment-162842\" style=\"width: 650px\" class=\"wp-caption aligncenter\"><img fetchpriority=\"high\" decoding=\"async\" class=\"wp-image-162842 size-large\" src=\"https:\/\/candas365.es\/noticias\/wp-content\/uploads\/2022\/07\/Ercros-650x447.jpg\" alt=\"Ercros\" width=\"650\" height=\"447\" srcset=\"https:\/\/candas365.es\/noticias\/wp-content\/uploads\/2022\/07\/Ercros-650x447.jpg 650w, https:\/\/candas365.es\/noticias\/wp-content\/uploads\/2022\/07\/Ercros-360x248.jpg 360w, https:\/\/candas365.es\/noticias\/wp-content\/uploads\/2022\/07\/Ercros-768x528.jpg 768w, https:\/\/candas365.es\/noticias\/wp-content\/uploads\/2022\/07\/Ercros-150x103.jpg 150w, https:\/\/candas365.es\/noticias\/wp-content\/uploads\/2022\/07\/Ercros-450x309.jpg 450w, https:\/\/candas365.es\/noticias\/wp-content\/uploads\/2022\/07\/Ercros.jpg 967w\" sizes=\"(max-width: 650px) 100vw, 650px\" \/><figcaption id=\"caption-attachment-162842\" class=\"wp-caption-text\">Foto: ERCROS \/ Europa Press<\/figcaption><\/figure>\n<p>Esta reducci\u00f3n de capital, cuyo anuncio publica hoy el Bolet\u00edn Oficial del Registro Mercantil (BORME) y la web del grupo, fue aprobada el pasado 10 de junio por la junta general ordinaria de accionistas de la sociedad y, posteriormente, por su consejo de administraci\u00f3n, que acord\u00f3 ejecutar la operaci\u00f3n.<\/p>\n<p>Tras \u00e9sta, el capital social de Ercros quedar\u00e1 fijado en 28,97 millones de euros, correspondientes a 96.599.189 acciones, de 0,30 euros de valor nominal cada una.<\/p>\n<p>Las acciones que se van a amortizar para este reducci\u00f3n de capital fueron adquiridas por Ercros en el marco de la pol\u00edtica de retribuci\u00f3n al accionista para el per\u00edodo 2021-2024.<\/p>\n<p>La compa\u00f1\u00eda ha destacado que mediante la amortizaci\u00f3n de las acciones propias que posee en autocartera, los accionistas ver\u00e1n autom\u00e1ticamente incrementado su porcentaje de participaci\u00f3n en el capital social.<\/p>\n<p>La operaci\u00f3n se realizar\u00e1 con cargo a reservas voluntarias o de libre disposici\u00f3n, realizando la correspondiente dotaci\u00f3n de una reserva por capital amortizado de un importe igual al valor nominal de las acciones propias efectivamente amortizadas, de la que s\u00f3lo ser\u00e1 posible disponer cumpliendo con los requisitos exigidos en la Ley de Sociedades de Capital. Los acreedores de Ercros no dispondr\u00e1n el derecho de oposici\u00f3n.<\/p>\n<p>Asimismo, dado que las acciones a amortizar son titularidad de Ercros en el momento de la reducci\u00f3n de capital, \u00e9sta no implicar\u00e1 la devoluci\u00f3n de aportaciones, ha precisado el grupo.<\/p>\n","protected":false},"excerpt":{"rendered":"<p>(EP) &#8211; Ercros reducir\u00e1 capital en 1,31 millones de euros mediante la amortizaci\u00f3n de algo m\u00e1s de 4,3 millones de acciones propias, de 0,30 euros de valor nominal cada una y representativas del 4,33% de su capital social, seg\u00fan ha informado este viernes la compa\u00f1\u00eda a la Comisi\u00f3n Nacional del Mercado de Valores (CNMV). Esta<\/p>\n","protected":false},"author":1,"featured_media":162842,"comment_status":"closed","ping_status":"closed","sticky":false,"template":"","format":"standard","meta":{"footnotes":""},"categories":[151],"tags":[383],"class_list":{"0":"post-162841","1":"post","2":"type-post","3":"status-publish","4":"format-standard","5":"has-post-thumbnail","7":"category-canal-empresas","8":"tag-empresas"},"aioseo_notices":[],"aioseo_head":"\n\t\t<!-- All in One SEO Pro 4.9.6.2 - aioseo.com -->\n\t<meta name=\"description\" content=\"(EP) - Ercros reducir\u00e1 capital en 1,31 millones de euros mediante la amortizaci\u00f3n de algo m\u00e1s de 4,3 millones de acciones propias, de 0,30 euros\" \/>\n\t<meta name=\"robots\" content=\"max-image-preview:large\" \/>\n\t<meta name=\"author\" content=\"Cand\u00e1s 365\"\/>\n\t<meta name=\"google-site-verification\" content=\"UA-32230408-1\" \/>\n\t<meta name=\"msvalidate.01\" content=\"354F3CDFB2DA171B47FBE9ABF1F88D5\" \/>\n\t<meta name=\"keywords\" content=\"canal empresas\" \/>\n\t<link rel=\"canonical\" href=\"https:\/\/candas365.es\/noticias\/ercros-reducira-capital-en-131-millones-de-euros\/\" \/>\n\t<meta name=\"generator\" content=\"All in One SEO Pro (AIOSEO) 4.9.6.2\" \/>\n\t\t<meta property=\"og:locale\" content=\"es_ES\" \/>\n\t\t<meta property=\"og:site_name\" content=\"Cand\u00e1s 365\" \/>\n\t\t<meta property=\"og:type\" content=\"article\" \/>\n\t\t<meta property=\"og:title\" content=\"Ercros reducir\u00e1 capital en 1,31 millones de euros | Cand\u00e1s 365\" \/>\n\t\t<meta property=\"og:description\" content=\"(EP) - Ercros reducir\u00e1 capital en 1,31 millones de euros mediante la amortizaci\u00f3n de algo m\u00e1s de 4,3 millones de acciones propias, de 0,30 euros\" \/>\n\t\t<meta property=\"og:url\" content=\"https:\/\/candas365.es\/noticias\/ercros-reducira-capital-en-131-millones-de-euros\/\" \/>\n\t\t<meta property=\"og:image\" content=\"https:\/\/candas365.es\/noticias\/wp-content\/uploads\/2022\/07\/Ercros.jpg\" \/>\n\t\t<meta property=\"og:image:secure_url\" content=\"https:\/\/candas365.es\/noticias\/wp-content\/uploads\/2022\/07\/Ercros.jpg\" \/>\n\t\t<meta property=\"og:image:width\" content=\"967\" \/>\n\t\t<meta property=\"og:image:height\" content=\"665\" \/>\n\t\t<meta property=\"article:published_time\" content=\"2022-07-02T10:36:39+00:00\" \/>\n\t\t<meta property=\"article:modified_time\" content=\"2022-07-02T10:36:39+00:00\" \/>\n\t\t<meta property=\"article:publisher\" content=\"https:\/\/www.facebook.com\/Nachofdezber\" \/>\n\t\t<meta property=\"article:author\" content=\"https:\/\/www.facebook.com\/carrenoactualidad\" \/>\n\t\t<meta name=\"twitter:card\" content=\"summary_large_image\" \/>\n\t\t<meta name=\"twitter:site\" content=\"@NabercoDigital\" \/>\n\t\t<meta name=\"twitter:title\" content=\"Ercros reducir\u00e1 capital en 1,31 millones de euros | Cand\u00e1s 365\" \/>\n\t\t<meta name=\"twitter:description\" content=\"(EP) - Ercros reducir\u00e1 capital en 1,31 millones de euros mediante la amortizaci\u00f3n de algo m\u00e1s de 4,3 millones de acciones propias, de 0,30 euros\" \/>\n\t\t<meta name=\"twitter:creator\" content=\"@nbasturias\" \/>\n\t\t<meta name=\"twitter:image\" content=\"https:\/\/candas365.es\/noticias\/wp-content\/uploads\/2022\/07\/Ercros.jpg\" \/>\n\t\t<meta name=\"twitter:label1\" content=\"Escrito por\" \/>\n\t\t<meta name=\"twitter:data1\" content=\"Cand\u00e1s 365\" \/>\n\t\t<meta name=\"twitter:label2\" content=\"Tiempo de lectura estimado\" \/>\n\t\t<meta name=\"twitter:data2\" content=\"2 minutos\" \/>\n\t\t<script type=\"application\/ld+json\" class=\"aioseo-schema\">\n\t\t\t{\"@context\":\"https:\\\/\\\/schema.org\",\"@graph\":[{\"@type\":\"BreadcrumbList\",\"@id\":\"https:\\\/\\\/candas365.es\\\/noticias\\\/ercros-reducira-capital-en-131-millones-de-euros\\\/#breadcrumblist\",\"itemListElement\":[{\"@type\":\"ListItem\",\"@id\":\"https:\\\/\\\/candas365.es\\\/noticias#listItem\",\"position\":1,\"name\":\"Home\",\"item\":\"https:\\\/\\\/candas365.es\\\/noticias\",\"nextItem\":{\"@type\":\"ListItem\",\"@id\":\"https:\\\/\\\/candas365.es\\\/noticias\\\/category\\\/canal-empresas\\\/#listItem\",\"name\":\"Canal Empresas\"}},{\"@type\":\"ListItem\",\"@id\":\"https:\\\/\\\/candas365.es\\\/noticias\\\/category\\\/canal-empresas\\\/#listItem\",\"position\":2,\"name\":\"Canal Empresas\",\"item\":\"https:\\\/\\\/candas365.es\\\/noticias\\\/category\\\/canal-empresas\\\/\",\"nextItem\":{\"@type\":\"ListItem\",\"@id\":\"https:\\\/\\\/candas365.es\\\/noticias\\\/ercros-reducira-capital-en-131-millones-de-euros\\\/#listItem\",\"name\":\"Ercros reducir\\u00e1 capital en 1,31 millones de euros\"},\"previousItem\":{\"@type\":\"ListItem\",\"@id\":\"https:\\\/\\\/candas365.es\\\/noticias#listItem\",\"name\":\"Home\"}},{\"@type\":\"ListItem\",\"@id\":\"https:\\\/\\\/candas365.es\\\/noticias\\\/ercros-reducira-capital-en-131-millones-de-euros\\\/#listItem\",\"position\":3,\"name\":\"Ercros reducir\\u00e1 capital en 1,31 millones de euros\",\"previousItem\":{\"@type\":\"ListItem\",\"@id\":\"https:\\\/\\\/candas365.es\\\/noticias\\\/category\\\/canal-empresas\\\/#listItem\",\"name\":\"Canal Empresas\"}}]},{\"@type\":\"NewsArticle\",\"@id\":\"https:\\\/\\\/candas365.es\\\/noticias\\\/ercros-reducira-capital-en-131-millones-de-euros\\\/#newsarticle\",\"name\":\"Ercros reducir\\u00e1 capital en 1,31 millones de euros | Cand\\u00e1s 365\",\"headline\":\"Ercros reducir\\u00e1 capital en 1,31 millones de euros\",\"author\":{\"@id\":\"https:\\\/\\\/candas365.es\\\/noticias\\\/author\\\/admin\\\/#author\"},\"publisher\":{\"@id\":\"https:\\\/\\\/candas365.es\\\/noticias\\\/#organization\"},\"image\":{\"@type\":\"ImageObject\",\"url\":\"https:\\\/\\\/candas365.es\\\/noticias\\\/wp-content\\\/uploads\\\/2022\\\/07\\\/Ercros.jpg\",\"width\":967,\"height\":665,\"caption\":\"Foto:  ERCROS \\\/ Europa Press\"},\"datePublished\":\"2022-07-02T12:36:39+02:00\",\"dateModified\":\"2022-07-02T12:36:39+02:00\",\"inLanguage\":\"es-ES\",\"mainEntityOfPage\":{\"@id\":\"https:\\\/\\\/candas365.es\\\/noticias\\\/ercros-reducira-capital-en-131-millones-de-euros\\\/#webpage\"},\"isPartOf\":{\"@id\":\"https:\\\/\\\/candas365.es\\\/noticias\\\/ercros-reducira-capital-en-131-millones-de-euros\\\/#webpage\"},\"articleSection\":\"Canal Empresas, empresas\",\"dateline\":\"Publicado el julio 2, 2022.\"},{\"@type\":\"Organization\",\"@id\":\"https:\\\/\\\/candas365.es\\\/noticias\\\/#organization\",\"name\":\"Cand\\u00e1s 365\",\"description\":\"Cand\\u00e1s 365 es un diario digital independiente, fundado en 2012, con base en Asturias. Informamos con rigor sobre actualidad, sociedad, cultura y ocio, con una mirada local y global.\",\"url\":\"https:\\\/\\\/candas365.es\\\/noticias\\\/\",\"email\":\"info@candas365.es\",\"telephone\":\"+34652131393\",\"foundingDate\":\"2012-06-10\",\"logo\":{\"@type\":\"ImageObject\",\"url\":\"https:\\\/\\\/candas365.es\\\/noticias\\\/wp-content\\\/uploads\\\/2024\\\/09\\\/Candas-365-Redes.jpg\",\"@id\":\"https:\\\/\\\/candas365.es\\\/noticias\\\/ercros-reducira-capital-en-131-millones-de-euros\\\/#organizationLogo\",\"width\":1152,\"height\":864,\"caption\":\"Cand\\u00e1s 365 Redes\"},\"image\":{\"@id\":\"https:\\\/\\\/candas365.es\\\/noticias\\\/ercros-reducira-capital-en-131-millones-de-euros\\\/#organizationLogo\"},\"sameAs\":[\"https:\\\/\\\/www.facebook.com\\\/Nachofdezber\",\"https:\\\/\\\/x.com\\\/NabercoDigital\",\"https:\\\/\\\/www.instagram.com\\\/nachofdezber\\\/\",\"https:\\\/\\\/www.youtube.com\\\/channel\\\/UCZP-2wLEB9Rv6erhFmqVnvg\"],\"address\":{\"@id\":\"https:\\\/\\\/candas365.es\\\/noticias\\\/#postaladdress\",\"@type\":\"PostalAddress\",\"streetAddress\":\"san antonio 4, san antonio 4\",\"postalCode\":\"33430\",\"addressLocality\":\"Cand\\u00e1s\",\"addressRegion\":\"Asturias\",\"addressCountry\":\"ES\"}},{\"@type\":\"Person\",\"@id\":\"https:\\\/\\\/candas365.es\\\/noticias\\\/author\\\/admin\\\/#author\",\"url\":\"https:\\\/\\\/candas365.es\\\/noticias\\\/author\\\/admin\\\/\",\"name\":\"Cand\\u00e1s 365\",\"image\":{\"@type\":\"ImageObject\",\"@id\":\"https:\\\/\\\/candas365.es\\\/noticias\\\/ercros-reducira-capital-en-131-millones-de-euros\\\/#authorImage\",\"url\":\"https:\\\/\\\/secure.gravatar.com\\\/avatar\\\/496a8e03d0c493ede1718b7934145dbdf8d89be1036b0eec9544e1094c9de390?s=96&d=mm&r=g\",\"width\":96,\"height\":96,\"caption\":\"Cand\\u00e1s 365\"},\"sameAs\":[\"https:\\\/\\\/www.facebook.com\\\/carrenoactualidad\",\"https:\\\/\\\/twitter.com\\\/nbasturias\",\"https:\\\/\\\/www.instagram.com\\\/nachofdezber\\\/\",\"https:\\\/\\\/www.youtube.com\\\/channel\\\/UCZP-2wLEB9Rv6erhFmqVnvg\"]},{\"@type\":\"WebPage\",\"@id\":\"https:\\\/\\\/candas365.es\\\/noticias\\\/ercros-reducira-capital-en-131-millones-de-euros\\\/#webpage\",\"url\":\"https:\\\/\\\/candas365.es\\\/noticias\\\/ercros-reducira-capital-en-131-millones-de-euros\\\/\",\"name\":\"Ercros reducir\\u00e1 capital en 1,31 millones de euros | Cand\\u00e1s 365\",\"description\":\"(EP) - Ercros reducir\\u00e1 capital en 1,31 millones de euros mediante la amortizaci\\u00f3n de algo m\\u00e1s de 4,3 millones de acciones propias, de 0,30 euros\",\"inLanguage\":\"es-ES\",\"isPartOf\":{\"@id\":\"https:\\\/\\\/candas365.es\\\/noticias\\\/#website\"},\"breadcrumb\":{\"@id\":\"https:\\\/\\\/candas365.es\\\/noticias\\\/ercros-reducira-capital-en-131-millones-de-euros\\\/#breadcrumblist\"},\"author\":{\"@id\":\"https:\\\/\\\/candas365.es\\\/noticias\\\/author\\\/admin\\\/#author\"},\"creator\":{\"@id\":\"https:\\\/\\\/candas365.es\\\/noticias\\\/author\\\/admin\\\/#author\"},\"image\":{\"@type\":\"ImageObject\",\"url\":\"https:\\\/\\\/candas365.es\\\/noticias\\\/wp-content\\\/uploads\\\/2022\\\/07\\\/Ercros.jpg\",\"@id\":\"https:\\\/\\\/candas365.es\\\/noticias\\\/ercros-reducira-capital-en-131-millones-de-euros\\\/#mainImage\",\"width\":967,\"height\":665,\"caption\":\"Foto:  ERCROS \\\/ Europa Press\"},\"primaryImageOfPage\":{\"@id\":\"https:\\\/\\\/candas365.es\\\/noticias\\\/ercros-reducira-capital-en-131-millones-de-euros\\\/#mainImage\"},\"datePublished\":\"2022-07-02T12:36:39+02:00\",\"dateModified\":\"2022-07-02T12:36:39+02:00\"},{\"@type\":\"WebSite\",\"@id\":\"https:\\\/\\\/candas365.es\\\/noticias\\\/#website\",\"url\":\"https:\\\/\\\/candas365.es\\\/noticias\\\/\",\"name\":\"Cand\\u00e1s 365\",\"alternateName\":\"Cand\\u00e1s 365 Noticias\",\"description\":\"Actualidad desde Carre\\u00f1o para el mundo\",\"inLanguage\":\"es-ES\",\"publisher\":{\"@id\":\"https:\\\/\\\/candas365.es\\\/noticias\\\/#organization\"}}]}\n\t\t<\/script>\n\t\t<!-- All in One SEO Pro -->\r\n\t\t<title>Ercros reducir\u00e1 capital en 1,31 millones de euros | Cand\u00e1s 365<\/title>\n\n","aioseo_head_json":{"title":"Ercros reducir\u00e1 capital en 1,31 millones de euros | Cand\u00e1s 365","description":"(EP) - Ercros reducir\u00e1 capital en 1,31 millones de euros mediante la amortizaci\u00f3n de algo m\u00e1s de 4,3 millones de acciones propias, de 0,30 euros","canonical_url":"https:\/\/candas365.es\/noticias\/ercros-reducira-capital-en-131-millones-de-euros\/","robots":"max-image-preview:large","keywords":"canal empresas","webmasterTools":{"google-site-verification":"UA-32230408-1","msvalidate.01":"354F3CDFB2DA171B47FBE9ABF1F88D5","miscellaneous":""},"schema":{"@context":"https:\/\/schema.org","@graph":[{"@type":"BreadcrumbList","@id":"https:\/\/candas365.es\/noticias\/ercros-reducira-capital-en-131-millones-de-euros\/#breadcrumblist","itemListElement":[{"@type":"ListItem","@id":"https:\/\/candas365.es\/noticias#listItem","position":1,"name":"Home","item":"https:\/\/candas365.es\/noticias","nextItem":{"@type":"ListItem","@id":"https:\/\/candas365.es\/noticias\/category\/canal-empresas\/#listItem","name":"Canal Empresas"}},{"@type":"ListItem","@id":"https:\/\/candas365.es\/noticias\/category\/canal-empresas\/#listItem","position":2,"name":"Canal Empresas","item":"https:\/\/candas365.es\/noticias\/category\/canal-empresas\/","nextItem":{"@type":"ListItem","@id":"https:\/\/candas365.es\/noticias\/ercros-reducira-capital-en-131-millones-de-euros\/#listItem","name":"Ercros reducir\u00e1 capital en 1,31 millones de euros"},"previousItem":{"@type":"ListItem","@id":"https:\/\/candas365.es\/noticias#listItem","name":"Home"}},{"@type":"ListItem","@id":"https:\/\/candas365.es\/noticias\/ercros-reducira-capital-en-131-millones-de-euros\/#listItem","position":3,"name":"Ercros reducir\u00e1 capital en 1,31 millones de euros","previousItem":{"@type":"ListItem","@id":"https:\/\/candas365.es\/noticias\/category\/canal-empresas\/#listItem","name":"Canal Empresas"}}]},{"@type":"NewsArticle","@id":"https:\/\/candas365.es\/noticias\/ercros-reducira-capital-en-131-millones-de-euros\/#newsarticle","name":"Ercros reducir\u00e1 capital en 1,31 millones de euros | Cand\u00e1s 365","headline":"Ercros reducir\u00e1 capital en 1,31 millones de euros","author":{"@id":"https:\/\/candas365.es\/noticias\/author\/admin\/#author"},"publisher":{"@id":"https:\/\/candas365.es\/noticias\/#organization"},"image":{"@type":"ImageObject","url":"https:\/\/candas365.es\/noticias\/wp-content\/uploads\/2022\/07\/Ercros.jpg","width":967,"height":665,"caption":"Foto:  ERCROS \/ Europa Press"},"datePublished":"2022-07-02T12:36:39+02:00","dateModified":"2022-07-02T12:36:39+02:00","inLanguage":"es-ES","mainEntityOfPage":{"@id":"https:\/\/candas365.es\/noticias\/ercros-reducira-capital-en-131-millones-de-euros\/#webpage"},"isPartOf":{"@id":"https:\/\/candas365.es\/noticias\/ercros-reducira-capital-en-131-millones-de-euros\/#webpage"},"articleSection":"Canal Empresas, empresas","dateline":"Publicado el julio 2, 2022."},{"@type":"Organization","@id":"https:\/\/candas365.es\/noticias\/#organization","name":"Cand\u00e1s 365","description":"Cand\u00e1s 365 es un diario digital independiente, fundado en 2012, con base en Asturias. Informamos con rigor sobre actualidad, sociedad, cultura y ocio, con una mirada local y global.","url":"https:\/\/candas365.es\/noticias\/","email":"info@candas365.es","telephone":"+34652131393","foundingDate":"2012-06-10","logo":{"@type":"ImageObject","url":"https:\/\/candas365.es\/noticias\/wp-content\/uploads\/2024\/09\/Candas-365-Redes.jpg","@id":"https:\/\/candas365.es\/noticias\/ercros-reducira-capital-en-131-millones-de-euros\/#organizationLogo","width":1152,"height":864,"caption":"Cand\u00e1s 365 Redes"},"image":{"@id":"https:\/\/candas365.es\/noticias\/ercros-reducira-capital-en-131-millones-de-euros\/#organizationLogo"},"sameAs":["https:\/\/www.facebook.com\/Nachofdezber","https:\/\/x.com\/NabercoDigital","https:\/\/www.instagram.com\/nachofdezber\/","https:\/\/www.youtube.com\/channel\/UCZP-2wLEB9Rv6erhFmqVnvg"],"address":{"@id":"https:\/\/candas365.es\/noticias\/#postaladdress","@type":"PostalAddress","streetAddress":"san antonio 4, san antonio 4","postalCode":"33430","addressLocality":"Cand\u00e1s","addressRegion":"Asturias","addressCountry":"ES"}},{"@type":"Person","@id":"https:\/\/candas365.es\/noticias\/author\/admin\/#author","url":"https:\/\/candas365.es\/noticias\/author\/admin\/","name":"Cand\u00e1s 365","image":{"@type":"ImageObject","@id":"https:\/\/candas365.es\/noticias\/ercros-reducira-capital-en-131-millones-de-euros\/#authorImage","url":"https:\/\/secure.gravatar.com\/avatar\/496a8e03d0c493ede1718b7934145dbdf8d89be1036b0eec9544e1094c9de390?s=96&d=mm&r=g","width":96,"height":96,"caption":"Cand\u00e1s 365"},"sameAs":["https:\/\/www.facebook.com\/carrenoactualidad","https:\/\/twitter.com\/nbasturias","https:\/\/www.instagram.com\/nachofdezber\/","https:\/\/www.youtube.com\/channel\/UCZP-2wLEB9Rv6erhFmqVnvg"]},{"@type":"WebPage","@id":"https:\/\/candas365.es\/noticias\/ercros-reducira-capital-en-131-millones-de-euros\/#webpage","url":"https:\/\/candas365.es\/noticias\/ercros-reducira-capital-en-131-millones-de-euros\/","name":"Ercros reducir\u00e1 capital en 1,31 millones de euros | Cand\u00e1s 365","description":"(EP) - Ercros reducir\u00e1 capital en 1,31 millones de euros mediante la amortizaci\u00f3n de algo m\u00e1s de 4,3 millones de acciones propias, de 0,30 euros","inLanguage":"es-ES","isPartOf":{"@id":"https:\/\/candas365.es\/noticias\/#website"},"breadcrumb":{"@id":"https:\/\/candas365.es\/noticias\/ercros-reducira-capital-en-131-millones-de-euros\/#breadcrumblist"},"author":{"@id":"https:\/\/candas365.es\/noticias\/author\/admin\/#author"},"creator":{"@id":"https:\/\/candas365.es\/noticias\/author\/admin\/#author"},"image":{"@type":"ImageObject","url":"https:\/\/candas365.es\/noticias\/wp-content\/uploads\/2022\/07\/Ercros.jpg","@id":"https:\/\/candas365.es\/noticias\/ercros-reducira-capital-en-131-millones-de-euros\/#mainImage","width":967,"height":665,"caption":"Foto:  ERCROS \/ Europa Press"},"primaryImageOfPage":{"@id":"https:\/\/candas365.es\/noticias\/ercros-reducira-capital-en-131-millones-de-euros\/#mainImage"},"datePublished":"2022-07-02T12:36:39+02:00","dateModified":"2022-07-02T12:36:39+02:00"},{"@type":"WebSite","@id":"https:\/\/candas365.es\/noticias\/#website","url":"https:\/\/candas365.es\/noticias\/","name":"Cand\u00e1s 365","alternateName":"Cand\u00e1s 365 Noticias","description":"Actualidad desde Carre\u00f1o para el mundo","inLanguage":"es-ES","publisher":{"@id":"https:\/\/candas365.es\/noticias\/#organization"}}]},"og:locale":"es_ES","og:site_name":"Cand\u00e1s 365","og:type":"article","og:title":"Ercros reducir\u00e1 capital en 1,31 millones de euros | Cand\u00e1s 365","og:description":"(EP) - Ercros reducir\u00e1 capital en 1,31 millones de euros mediante la amortizaci\u00f3n de algo m\u00e1s de 4,3 millones de acciones propias, de 0,30 euros","og:url":"https:\/\/candas365.es\/noticias\/ercros-reducira-capital-en-131-millones-de-euros\/","og:image":"https:\/\/candas365.es\/noticias\/wp-content\/uploads\/2022\/07\/Ercros.jpg","og:image:secure_url":"https:\/\/candas365.es\/noticias\/wp-content\/uploads\/2022\/07\/Ercros.jpg","og:image:width":967,"og:image:height":665,"article:published_time":"2022-07-02T10:36:39+00:00","article:modified_time":"2022-07-02T10:36:39+00:00","article:publisher":"https:\/\/www.facebook.com\/Nachofdezber","article:author":"https:\/\/www.facebook.com\/carrenoactualidad","twitter:card":"summary_large_image","twitter:site":"@NabercoDigital","twitter:title":"Ercros reducir\u00e1 capital en 1,31 millones de euros | Cand\u00e1s 365","twitter:description":"(EP) - Ercros reducir\u00e1 capital en 1,31 millones de euros mediante la amortizaci\u00f3n de algo m\u00e1s de 4,3 millones de acciones propias, de 0,30 euros","twitter:creator":"@nbasturias","twitter:image":"https:\/\/candas365.es\/noticias\/wp-content\/uploads\/2022\/07\/Ercros.jpg","twitter:label1":"Escrito por","twitter:data1":"Cand\u00e1s 365","twitter:label2":"Tiempo de lectura estimado","twitter:data2":"2 minutos"},"aioseo_meta_data":{"post_id":"162841","title":null,"description":"(EP) - Ercros reducir\u00e1 capital en 1,31 millones de euros mediante la amortizaci\u00f3n de algo m\u00e1s de 4,3 millones de acciones propias, de 0,30 euros","keywords":[],"keyphrases":{"focus":{"keyphrase":"Ercros","score":92,"analysis":{"keyphraseInTitle":{"title":"Focus keyphrase in SEO title","description":"Focus keyphrase found in SEO title.","score":9,"maxScore":9,"error":0},"keyphraseInDescription":{"title":"Focus keyphrase in meta description","description":"Focus keyphrase found in meta description.","score":9,"maxScore":9,"error":0},"keyphraseLength":{"title":"Focus keyphrase length","description":"Good job!","score":9,"maxScore":9,"error":0,"length":1},"keyphraseInURL":{"title":"Focus keyphrase in URL","description":"Focus keyphrase not found in the URL.","score":1,"maxScore":5,"error":1},"keyphraseInIntroduction":{"title":"Focus keyphrase in introduction","description":"Your Focus keyphrase appears in the first paragraph. Well done!","score":9,"maxScore":9,"error":0},"keyphraseInSubHeadings":[],"keyphraseInImageAlt":{"title":"Focus keyphrase in image alt attributes","description":"Focus keyphrase found in image alt attribute(s).","score":9,"maxScore":9,"error":0}}},"additional":[{"keyphrase":"capital","score":83,"analysis":{"keyphraseInDescription":{"title":"Keyphrase in meta description","description":"Keyphrase found in meta description.","score":9,"maxScore":9,"error":0},"keyphraseLength":{"title":"Keyphrase length","description":"Good job!","score":9,"maxScore":9,"error":0,"length":1},"keyphraseInIntroduction":{"title":"Keyphrase in introduction","description":"Your Keyphrase appears in the first paragraph. Well done!","score":9,"maxScore":9,"error":0},"keyphraseInImageAlt":{"title":"Keyphrase in image alt attributes","description":"Keyphrase not found in image alt attribute(s). Add an image with your Keyphrase as alt text.","score":3,"maxScore":9,"error":1}}},{"keyphrase":"acciones","score":83,"analysis":{"keyphraseInDescription":{"title":"Keyphrase in meta description","description":"Keyphrase found in meta description.","score":9,"maxScore":9,"error":0},"keyphraseLength":{"title":"Keyphrase length","description":"Good job!","score":9,"maxScore":9,"error":0,"length":1},"keyphraseInIntroduction":{"title":"Keyphrase in introduction","description":"Your Keyphrase appears in the first paragraph. Well done!","score":9,"maxScore":9,"error":0},"keyphraseInImageAlt":{"title":"Keyphrase in image alt attributes","description":"Keyphrase not found in image alt attribute(s). Add an image with your Keyphrase as alt text.","score":3,"maxScore":9,"error":1}}}]},"primary_term":null,"canonical_url":null,"og_title":null,"og_description":null,"og_object_type":"default","og_image_type":"default","og_image_url":null,"og_image_width":null,"og_image_height":null,"og_image_custom_url":null,"og_image_custom_fields":null,"og_video":"","og_custom_url":null,"og_article_section":null,"og_article_tags":[],"twitter_use_og":false,"twitter_card":"default","twitter_image_type":"default","twitter_image_url":null,"twitter_image_custom_url":null,"twitter_image_custom_fields":null,"twitter_title":null,"twitter_description":null,"schema":{"blockGraphs":[],"customGraphs":[],"default":{"data":{"Article":[],"Course":[],"Dataset":[],"FAQPage":[],"Movie":[],"Person":[],"Product":[],"ProductReview":[],"Car":[],"Recipe":[],"Service":[],"SoftwareApplication":[],"WebPage":[]},"graphName":"","isEnabled":true},"graphs":[]},"schema_type":"default","schema_type_options":"{\"article\":{\"articleType\":\"BlogPosting\"},\"course\":{\"name\":\"\",\"description\":\"\",\"provider\":\"\"},\"faq\":{\"pages\":[]},\"product\":{\"reviews\":[]},\"recipe\":{\"ingredients\":[],\"instructions\":[],\"keywords\":[]},\"software\":{\"reviews\":[],\"operatingSystems\":[]},\"webPage\":{\"webPageType\":\"WebPage\"}}","pillar_content":false,"robots_default":true,"robots_noindex":false,"robots_noarchive":false,"robots_nosnippet":false,"robots_nofollow":false,"robots_noimageindex":false,"robots_noodp":false,"robots_notranslate":false,"robots_max_snippet":"-1","robots_max_videopreview":"-1","robots_max_imagepreview":"large","priority":null,"frequency":"default","location":null,"local_seo":null,"seo_analyzer_scan_date":"2025-09-01 07:58:11","breadcrumb_settings":null,"limit_modified_date":false,"reviewed_by":null,"open_ai":null,"ai":null,"created":"2022-07-02 10:33:04","updated":"2025-09-01 07:58:11"},"aioseo_breadcrumb":"<div class=\"aioseo-breadcrumbs\"><span class=\"aioseo-breadcrumb\">\n\t<a href=\"https:\/\/candas365.es\/noticias\" title=\"Home\">Home<\/a>\n<\/span><span class=\"aioseo-breadcrumb-separator\">&ndash;<\/span><span class=\"aioseo-breadcrumb\">\n\t<a href=\"https:\/\/candas365.es\/noticias\/category\/canal-empresas\/\" title=\"Canal Empresas\">Canal Empresas<\/a>\n<\/span><span class=\"aioseo-breadcrumb-separator\">&ndash;<\/span><span class=\"aioseo-breadcrumb\">\n\tErcros reducir\u00e1 capital en 1,31 millones de euros\n<\/span><\/div>","aioseo_breadcrumb_json":[{"label":"Home","link":"https:\/\/candas365.es\/noticias"},{"label":"Canal Empresas","link":"https:\/\/candas365.es\/noticias\/category\/canal-empresas\/"},{"label":"Ercros reducir\u00e1 capital en 1,31 millones de euros","link":"https:\/\/candas365.es\/noticias\/ercros-reducira-capital-en-131-millones-de-euros\/"}],"_links":{"self":[{"href":"https:\/\/candas365.es\/noticias\/wp-json\/wp\/v2\/posts\/162841","targetHints":{"allow":["GET"]}}],"collection":[{"href":"https:\/\/candas365.es\/noticias\/wp-json\/wp\/v2\/posts"}],"about":[{"href":"https:\/\/candas365.es\/noticias\/wp-json\/wp\/v2\/types\/post"}],"author":[{"embeddable":true,"href":"https:\/\/candas365.es\/noticias\/wp-json\/wp\/v2\/users\/1"}],"replies":[{"embeddable":true,"href":"https:\/\/candas365.es\/noticias\/wp-json\/wp\/v2\/comments?post=162841"}],"version-history":[{"count":0,"href":"https:\/\/candas365.es\/noticias\/wp-json\/wp\/v2\/posts\/162841\/revisions"}],"wp:featuredmedia":[{"embeddable":true,"href":"https:\/\/candas365.es\/noticias\/wp-json\/wp\/v2\/media\/162842"}],"wp:attachment":[{"href":"https:\/\/candas365.es\/noticias\/wp-json\/wp\/v2\/media?parent=162841"}],"wp:term":[{"taxonomy":"category","embeddable":true,"href":"https:\/\/candas365.es\/noticias\/wp-json\/wp\/v2\/categories?post=162841"},{"taxonomy":"post_tag","embeddable":true,"href":"https:\/\/candas365.es\/noticias\/wp-json\/wp\/v2\/tags?post=162841"}],"curies":[{"name":"wp","href":"https:\/\/api.w.org\/{rel}","templated":true}]}}