{"id":162748,"date":"2022-05-12T14:14:46","date_gmt":"2022-05-12T12:14:46","guid":{"rendered":"http:\/\/candas365.es\/noticias\/?p=162748"},"modified":"2022-06-30T14:16:44","modified_gmt":"2022-06-30T12:16:44","slug":"avanzan-las-obras-de-mejora-en-el-camino-c-131-en-el-barrio-de-la-teyera-en-candas","status":"publish","type":"post","link":"https:\/\/candas365.es\/noticias\/avanzan-las-obras-de-mejora-en-el-camino-c-131-en-el-barrio-de-la-teyera-en-candas\/","title":{"rendered":"Avanzan las obras de mejora en el Camino C-131 en el Barrio de la Teyera en Cand\u00e1s."},"content":{"rendered":"<p><img fetchpriority=\"high\" decoding=\"async\" class=\"alignleft size-medium wp-image-6453\" src=\"https:\/\/candas365.es\/noticias\/wp-content\/uploads\/2015\/01\/ayuntamiento-360x270.jpg\" alt=\"Carre\u00f1o\" width=\"360\" height=\"270\" srcset=\"https:\/\/candas365.es\/noticias\/wp-content\/uploads\/2015\/01\/ayuntamiento-360x270.jpg 360w, https:\/\/candas365.es\/noticias\/wp-content\/uploads\/2015\/01\/ayuntamiento-640x480.jpg 640w, https:\/\/candas365.es\/noticias\/wp-content\/uploads\/2015\/01\/ayuntamiento-768x576.jpg 768w, https:\/\/candas365.es\/noticias\/wp-content\/uploads\/2015\/01\/ayuntamiento-150x113.jpg 150w, https:\/\/candas365.es\/noticias\/wp-content\/uploads\/2015\/01\/ayuntamiento-450x338.jpg 450w, https:\/\/candas365.es\/noticias\/wp-content\/uploads\/2015\/01\/ayuntamiento-80x60.jpg 80w, https:\/\/candas365.es\/noticias\/wp-content\/uploads\/2015\/01\/ayuntamiento-265x198.jpg 265w, https:\/\/candas365.es\/noticias\/wp-content\/uploads\/2015\/01\/ayuntamiento-696x522.jpg 696w, https:\/\/candas365.es\/noticias\/wp-content\/uploads\/2015\/01\/ayuntamiento-560x420.jpg 560w, https:\/\/candas365.es\/noticias\/wp-content\/uploads\/2015\/01\/ayuntamiento-90x67.jpg 90w, https:\/\/candas365.es\/noticias\/wp-content\/uploads\/2015\/01\/ayuntamiento.jpg 800w\" sizes=\"(max-width: 360px) 100vw, 360px\" \/>Las obras que se est\u00e1n realizando, desde la Concejal\u00eda de Medio Rural, se ubican en el camino identificado en el inventario de v\u00edas p\u00fablicas del concejo de Carre\u00f1o con el c\u00f3digo C-131, Camino de la Teyera, a trav\u00e9s del cual este barrio se comunica con la parroquia de Piedeloro.<\/p>\n<p>Se trata de una v\u00eda que en la actualidad dispone de un tramo de cuneta, la cual finaliza a la altura de una plataforma porta contenedores de residuos, que es preciso dar continuidad, por lo que las labores consistir\u00e1n en la mejora de la recogida y conducci\u00f3n de aguas pluviales del vial. La actuaci\u00f3n se realiza en el tramo del barrio de La Tejera, en la parroquia de Cand\u00e1s.<\/p>\n<p>La soluci\u00f3n t\u00e9cnica adoptada es la construcci\u00f3n de cuneta-bordillo de 80 cent\u00edmetros de ancho, suficiente para evacuar el volumen de pluviales estimado, permitiendo esta secci\u00f3n neutralizar el escal\u00f3n actual que genera la cuneta de tierra existente.<\/p>\n<p>Adem\u00e1s, para dar continuidad a las aguas se levantar\u00e1n dos pozos de recogida, manteniendo parte del sistema de drenaje instalado, sacando las aguas del camino en el punto final por medio de ca\u00f1o soterrado bajo bad\u00e9n construido en hormig\u00f3n.<\/p>\n<p>Tras el proceso de licitaci\u00f3n correspondiente, al que concurrieron tres empresas del sector las obras de mejora en el Camino de la Teyera se adjudicaron a la empresa anteriormente se\u00f1alada al ser la oferta m\u00e1s ventajosa en t\u00e9rminos de calidad-precio.<\/p>\n<p>Por tanto, la actuaci\u00f3n se concreta en la ejecuci\u00f3n de las siguientes unidades de obra:<\/p>\n<ul>\n<li>Desbroce y limpieza del margen del camino.<\/li>\n<li>Construcci\u00f3n de pozos para recogida de pluviales.<\/li>\n<li>Construcci\u00f3n de frente de aletas.<\/li>\n<li>Construcci\u00f3n de bad\u00e9n de enlace de camino con carretera.<\/li>\n<li>Construcci\u00f3n cuneta bordillo.<\/li>\n<\/ul>\n<p>El plazo estimado de ejecuci\u00f3n de las mejoras de larecogida y conducci\u00f3n de aguas pluviales del vial es de dos semanas.<\/p>\n","protected":false},"excerpt":{"rendered":"<p>Las obras que se est\u00e1n realizando, desde la Concejal\u00eda de Medio Rural, se ubican en el camino identificado en el inventario de v\u00edas p\u00fablicas del concejo de Carre\u00f1o con el c\u00f3digo C-131, Camino de la Teyera, a trav\u00e9s del cual este barrio se comunica con la parroquia de Piedeloro. Se trata de una v\u00eda que<\/p>\n","protected":false},"author":1,"featured_media":6453,"comment_status":"closed","ping_status":"closed","sticky":false,"template":"","format":"standard","meta":{"footnotes":""},"categories":[2],"tags":[],"class_list":{"0":"post-162748","1":"post","2":"type-post","3":"status-publish","4":"format-standard","5":"has-post-thumbnail","7":"category-noticias-carreno"},"aioseo_notices":[],"aioseo_head":"\n\t\t<!-- All in One SEO Pro 4.9.6.2 - aioseo.com -->\n\t<meta name=\"description\" content=\"Las obras que se est\u00e1n realizando, desde la Concejal\u00eda de Medio Rural, se ubican en el camino identificado en el inventario de v\u00edas p\u00fablicas del concejo\" \/>\n\t<meta name=\"robots\" content=\"max-image-preview:large\" \/>\n\t<meta name=\"author\" content=\"Cand\u00e1s 365\"\/>\n\t<meta name=\"google-site-verification\" content=\"UA-32230408-1\" \/>\n\t<meta name=\"msvalidate.01\" content=\"354F3CDFB2DA171B47FBE9ABF1F88D5\" \/>\n\t<meta name=\"keywords\" content=\"noticias carre\u00f1o\" \/>\n\t<link rel=\"canonical\" href=\"https:\/\/candas365.es\/noticias\/avanzan-las-obras-de-mejora-en-el-camino-c-131-en-el-barrio-de-la-teyera-en-candas\/\" \/>\n\t<meta name=\"generator\" content=\"All in One SEO Pro (AIOSEO) 4.9.6.2\" \/>\n\t\t<meta property=\"og:locale\" content=\"es_ES\" \/>\n\t\t<meta property=\"og:site_name\" content=\"Cand\u00e1s 365\" \/>\n\t\t<meta property=\"og:type\" content=\"article\" \/>\n\t\t<meta property=\"og:title\" content=\"Avanzan las obras de mejora en el Camino C-131 en el Barrio de la Teyera en Cand\u00e1s. | Cand\u00e1s 365\" \/>\n\t\t<meta property=\"og:description\" content=\"Las obras que se est\u00e1n realizando, desde la Concejal\u00eda de Medio Rural, se ubican en el camino identificado en el inventario de v\u00edas p\u00fablicas del concejo\" \/>\n\t\t<meta property=\"og:url\" content=\"https:\/\/candas365.es\/noticias\/avanzan-las-obras-de-mejora-en-el-camino-c-131-en-el-barrio-de-la-teyera-en-candas\/\" \/>\n\t\t<meta property=\"og:image\" content=\"https:\/\/candas365.es\/noticias\/wp-content\/uploads\/2015\/01\/ayuntamiento.jpg\" \/>\n\t\t<meta property=\"og:image:secure_url\" content=\"https:\/\/candas365.es\/noticias\/wp-content\/uploads\/2015\/01\/ayuntamiento.jpg\" \/>\n\t\t<meta property=\"og:image:width\" content=\"800\" \/>\n\t\t<meta property=\"og:image:height\" content=\"600\" \/>\n\t\t<meta property=\"article:published_time\" content=\"2022-05-12T12:14:46+00:00\" \/>\n\t\t<meta property=\"article:modified_time\" content=\"2022-06-30T12:16:44+00:00\" \/>\n\t\t<meta property=\"article:publisher\" content=\"https:\/\/www.facebook.com\/Nachofdezber\" \/>\n\t\t<meta property=\"article:author\" content=\"https:\/\/www.facebook.com\/carrenoactualidad\" \/>\n\t\t<meta name=\"twitter:card\" content=\"summary_large_image\" \/>\n\t\t<meta name=\"twitter:site\" content=\"@NabercoDigital\" \/>\n\t\t<meta name=\"twitter:title\" content=\"Avanzan las obras de mejora en el Camino C-131 en el Barrio de la Teyera en Cand\u00e1s. | Cand\u00e1s 365\" \/>\n\t\t<meta name=\"twitter:description\" content=\"Las obras que se est\u00e1n realizando, desde la Concejal\u00eda de Medio Rural, se ubican en el camino identificado en el inventario de v\u00edas p\u00fablicas del concejo\" \/>\n\t\t<meta name=\"twitter:creator\" content=\"@nbasturias\" \/>\n\t\t<meta name=\"twitter:image\" content=\"https:\/\/candas365.es\/noticias\/wp-content\/uploads\/2015\/01\/ayuntamiento.jpg\" \/>\n\t\t<meta name=\"twitter:label1\" content=\"Escrito por\" \/>\n\t\t<meta name=\"twitter:data1\" content=\"Cand\u00e1s 365\" \/>\n\t\t<meta name=\"twitter:label2\" content=\"Tiempo de lectura estimado\" \/>\n\t\t<meta name=\"twitter:data2\" content=\"2 minutos\" \/>\n\t\t<script type=\"application\/ld+json\" class=\"aioseo-schema\">\n\t\t\t{\"@context\":\"https:\\\/\\\/schema.org\",\"@graph\":[{\"@type\":\"BreadcrumbList\",\"@id\":\"https:\\\/\\\/candas365.es\\\/noticias\\\/avanzan-las-obras-de-mejora-en-el-camino-c-131-en-el-barrio-de-la-teyera-en-candas\\\/#breadcrumblist\",\"itemListElement\":[{\"@type\":\"ListItem\",\"@id\":\"https:\\\/\\\/candas365.es\\\/noticias#listItem\",\"position\":1,\"name\":\"Home\",\"item\":\"https:\\\/\\\/candas365.es\\\/noticias\",\"nextItem\":{\"@type\":\"ListItem\",\"@id\":\"https:\\\/\\\/candas365.es\\\/noticias\\\/category\\\/noticias-carreno\\\/#listItem\",\"name\":\"Noticias Carre\\u00f1o\"}},{\"@type\":\"ListItem\",\"@id\":\"https:\\\/\\\/candas365.es\\\/noticias\\\/category\\\/noticias-carreno\\\/#listItem\",\"position\":2,\"name\":\"Noticias Carre\\u00f1o\",\"item\":\"https:\\\/\\\/candas365.es\\\/noticias\\\/category\\\/noticias-carreno\\\/\",\"nextItem\":{\"@type\":\"ListItem\",\"@id\":\"https:\\\/\\\/candas365.es\\\/noticias\\\/avanzan-las-obras-de-mejora-en-el-camino-c-131-en-el-barrio-de-la-teyera-en-candas\\\/#listItem\",\"name\":\"Avanzan las obras de mejora en el Camino C-131 en el Barrio de la Teyera en Cand\\u00e1s.\"},\"previousItem\":{\"@type\":\"ListItem\",\"@id\":\"https:\\\/\\\/candas365.es\\\/noticias#listItem\",\"name\":\"Home\"}},{\"@type\":\"ListItem\",\"@id\":\"https:\\\/\\\/candas365.es\\\/noticias\\\/avanzan-las-obras-de-mejora-en-el-camino-c-131-en-el-barrio-de-la-teyera-en-candas\\\/#listItem\",\"position\":3,\"name\":\"Avanzan las obras de mejora en el Camino C-131 en el Barrio de la Teyera en Cand\\u00e1s.\",\"previousItem\":{\"@type\":\"ListItem\",\"@id\":\"https:\\\/\\\/candas365.es\\\/noticias\\\/category\\\/noticias-carreno\\\/#listItem\",\"name\":\"Noticias Carre\\u00f1o\"}}]},{\"@type\":\"NewsArticle\",\"@id\":\"https:\\\/\\\/candas365.es\\\/noticias\\\/avanzan-las-obras-de-mejora-en-el-camino-c-131-en-el-barrio-de-la-teyera-en-candas\\\/#newsarticle\",\"name\":\"Avanzan las obras de mejora en el Camino C-131 en el Barrio de la Teyera en Cand\\u00e1s. | Cand\\u00e1s 365\",\"headline\":\"Avanzan las obras de mejora en el Camino C-131 en el Barrio de la Teyera en Cand\\u00e1s.\",\"author\":{\"@id\":\"https:\\\/\\\/candas365.es\\\/noticias\\\/author\\\/admin\\\/#author\"},\"publisher\":{\"@id\":\"https:\\\/\\\/candas365.es\\\/noticias\\\/#organization\"},\"image\":{\"@type\":\"ImageObject\",\"url\":\"https:\\\/\\\/candas365.es\\\/noticias\\\/wp-content\\\/uploads\\\/2015\\\/01\\\/ayuntamiento.jpg\",\"width\":800,\"height\":600,\"caption\":\"Carre\\u00f1o\"},\"datePublished\":\"2022-05-12T14:14:46+02:00\",\"dateModified\":\"2022-06-30T14:16:44+02:00\",\"inLanguage\":\"es-ES\",\"mainEntityOfPage\":{\"@id\":\"https:\\\/\\\/candas365.es\\\/noticias\\\/avanzan-las-obras-de-mejora-en-el-camino-c-131-en-el-barrio-de-la-teyera-en-candas\\\/#webpage\"},\"isPartOf\":{\"@id\":\"https:\\\/\\\/candas365.es\\\/noticias\\\/avanzan-las-obras-de-mejora-en-el-camino-c-131-en-el-barrio-de-la-teyera-en-candas\\\/#webpage\"},\"articleSection\":\"Noticias Carre\\u00f1o\",\"dateline\":\"Publicado el mayo 12, 2022.\"},{\"@type\":\"Organization\",\"@id\":\"https:\\\/\\\/candas365.es\\\/noticias\\\/#organization\",\"name\":\"Cand\\u00e1s 365\",\"description\":\"Cand\\u00e1s 365 es un diario digital independiente, fundado en 2012, con base en Asturias. Informamos con rigor sobre actualidad, sociedad, cultura y ocio, con una mirada local y global.\",\"url\":\"https:\\\/\\\/candas365.es\\\/noticias\\\/\",\"email\":\"info@candas365.es\",\"telephone\":\"+34652131393\",\"foundingDate\":\"2012-06-10\",\"logo\":{\"@type\":\"ImageObject\",\"url\":\"https:\\\/\\\/candas365.es\\\/noticias\\\/wp-content\\\/uploads\\\/2024\\\/09\\\/Candas-365-Redes.jpg\",\"@id\":\"https:\\\/\\\/candas365.es\\\/noticias\\\/avanzan-las-obras-de-mejora-en-el-camino-c-131-en-el-barrio-de-la-teyera-en-candas\\\/#organizationLogo\",\"width\":1152,\"height\":864,\"caption\":\"Cand\\u00e1s 365 Redes\"},\"image\":{\"@id\":\"https:\\\/\\\/candas365.es\\\/noticias\\\/avanzan-las-obras-de-mejora-en-el-camino-c-131-en-el-barrio-de-la-teyera-en-candas\\\/#organizationLogo\"},\"sameAs\":[\"https:\\\/\\\/www.facebook.com\\\/Nachofdezber\",\"https:\\\/\\\/x.com\\\/NabercoDigital\",\"https:\\\/\\\/www.instagram.com\\\/nachofdezber\\\/\",\"https:\\\/\\\/www.youtube.com\\\/channel\\\/UCZP-2wLEB9Rv6erhFmqVnvg\"],\"address\":{\"@id\":\"https:\\\/\\\/candas365.es\\\/noticias\\\/#postaladdress\",\"@type\":\"PostalAddress\",\"streetAddress\":\"san antonio 4, san antonio 4\",\"postalCode\":\"33430\",\"addressLocality\":\"Cand\\u00e1s\",\"addressRegion\":\"Asturias\",\"addressCountry\":\"ES\"}},{\"@type\":\"Person\",\"@id\":\"https:\\\/\\\/candas365.es\\\/noticias\\\/author\\\/admin\\\/#author\",\"url\":\"https:\\\/\\\/candas365.es\\\/noticias\\\/author\\\/admin\\\/\",\"name\":\"Cand\\u00e1s 365\",\"image\":{\"@type\":\"ImageObject\",\"@id\":\"https:\\\/\\\/candas365.es\\\/noticias\\\/avanzan-las-obras-de-mejora-en-el-camino-c-131-en-el-barrio-de-la-teyera-en-candas\\\/#authorImage\",\"url\":\"https:\\\/\\\/secure.gravatar.com\\\/avatar\\\/496a8e03d0c493ede1718b7934145dbdf8d89be1036b0eec9544e1094c9de390?s=96&d=mm&r=g\",\"width\":96,\"height\":96,\"caption\":\"Cand\\u00e1s 365\"},\"sameAs\":[\"https:\\\/\\\/www.facebook.com\\\/carrenoactualidad\",\"https:\\\/\\\/twitter.com\\\/nbasturias\",\"https:\\\/\\\/www.instagram.com\\\/nachofdezber\\\/\",\"https:\\\/\\\/www.youtube.com\\\/channel\\\/UCZP-2wLEB9Rv6erhFmqVnvg\"]},{\"@type\":\"WebPage\",\"@id\":\"https:\\\/\\\/candas365.es\\\/noticias\\\/avanzan-las-obras-de-mejora-en-el-camino-c-131-en-el-barrio-de-la-teyera-en-candas\\\/#webpage\",\"url\":\"https:\\\/\\\/candas365.es\\\/noticias\\\/avanzan-las-obras-de-mejora-en-el-camino-c-131-en-el-barrio-de-la-teyera-en-candas\\\/\",\"name\":\"Avanzan las obras de mejora en el Camino C-131 en el Barrio de la Teyera en Cand\\u00e1s. | Cand\\u00e1s 365\",\"description\":\"Las obras que se est\\u00e1n realizando, desde la Concejal\\u00eda de Medio Rural, se ubican en el camino identificado en el inventario de v\\u00edas p\\u00fablicas del concejo\",\"inLanguage\":\"es-ES\",\"isPartOf\":{\"@id\":\"https:\\\/\\\/candas365.es\\\/noticias\\\/#website\"},\"breadcrumb\":{\"@id\":\"https:\\\/\\\/candas365.es\\\/noticias\\\/avanzan-las-obras-de-mejora-en-el-camino-c-131-en-el-barrio-de-la-teyera-en-candas\\\/#breadcrumblist\"},\"author\":{\"@id\":\"https:\\\/\\\/candas365.es\\\/noticias\\\/author\\\/admin\\\/#author\"},\"creator\":{\"@id\":\"https:\\\/\\\/candas365.es\\\/noticias\\\/author\\\/admin\\\/#author\"},\"image\":{\"@type\":\"ImageObject\",\"url\":\"https:\\\/\\\/candas365.es\\\/noticias\\\/wp-content\\\/uploads\\\/2015\\\/01\\\/ayuntamiento.jpg\",\"@id\":\"https:\\\/\\\/candas365.es\\\/noticias\\\/avanzan-las-obras-de-mejora-en-el-camino-c-131-en-el-barrio-de-la-teyera-en-candas\\\/#mainImage\",\"width\":800,\"height\":600,\"caption\":\"Carre\\u00f1o\"},\"primaryImageOfPage\":{\"@id\":\"https:\\\/\\\/candas365.es\\\/noticias\\\/avanzan-las-obras-de-mejora-en-el-camino-c-131-en-el-barrio-de-la-teyera-en-candas\\\/#mainImage\"},\"datePublished\":\"2022-05-12T14:14:46+02:00\",\"dateModified\":\"2022-06-30T14:16:44+02:00\"},{\"@type\":\"WebSite\",\"@id\":\"https:\\\/\\\/candas365.es\\\/noticias\\\/#website\",\"url\":\"https:\\\/\\\/candas365.es\\\/noticias\\\/\",\"name\":\"Cand\\u00e1s 365\",\"alternateName\":\"Cand\\u00e1s 365 Noticias\",\"description\":\"Actualidad desde Carre\\u00f1o para el mundo\",\"inLanguage\":\"es-ES\",\"publisher\":{\"@id\":\"https:\\\/\\\/candas365.es\\\/noticias\\\/#organization\"}}]}\n\t\t<\/script>\n\t\t<!-- All in One SEO Pro -->\r\n\t\t<title>Avanzan las obras de mejora en el Camino C-131 en el Barrio de la Teyera en Cand\u00e1s. | Cand\u00e1s 365<\/title>\n\n","aioseo_head_json":{"title":"Avanzan las obras de mejora en el Camino C-131 en el Barrio de la Teyera en Cand\u00e1s. | Cand\u00e1s 365","description":"Las obras que se est\u00e1n realizando, desde la Concejal\u00eda de Medio Rural, se ubican en el camino identificado en el inventario de v\u00edas p\u00fablicas del concejo","canonical_url":"https:\/\/candas365.es\/noticias\/avanzan-las-obras-de-mejora-en-el-camino-c-131-en-el-barrio-de-la-teyera-en-candas\/","robots":"max-image-preview:large","keywords":"noticias carre\u00f1o","webmasterTools":{"google-site-verification":"UA-32230408-1","msvalidate.01":"354F3CDFB2DA171B47FBE9ABF1F88D5","miscellaneous":""},"schema":{"@context":"https:\/\/schema.org","@graph":[{"@type":"BreadcrumbList","@id":"https:\/\/candas365.es\/noticias\/avanzan-las-obras-de-mejora-en-el-camino-c-131-en-el-barrio-de-la-teyera-en-candas\/#breadcrumblist","itemListElement":[{"@type":"ListItem","@id":"https:\/\/candas365.es\/noticias#listItem","position":1,"name":"Home","item":"https:\/\/candas365.es\/noticias","nextItem":{"@type":"ListItem","@id":"https:\/\/candas365.es\/noticias\/category\/noticias-carreno\/#listItem","name":"Noticias Carre\u00f1o"}},{"@type":"ListItem","@id":"https:\/\/candas365.es\/noticias\/category\/noticias-carreno\/#listItem","position":2,"name":"Noticias Carre\u00f1o","item":"https:\/\/candas365.es\/noticias\/category\/noticias-carreno\/","nextItem":{"@type":"ListItem","@id":"https:\/\/candas365.es\/noticias\/avanzan-las-obras-de-mejora-en-el-camino-c-131-en-el-barrio-de-la-teyera-en-candas\/#listItem","name":"Avanzan las obras de mejora en el Camino C-131 en el Barrio de la Teyera en Cand\u00e1s."},"previousItem":{"@type":"ListItem","@id":"https:\/\/candas365.es\/noticias#listItem","name":"Home"}},{"@type":"ListItem","@id":"https:\/\/candas365.es\/noticias\/avanzan-las-obras-de-mejora-en-el-camino-c-131-en-el-barrio-de-la-teyera-en-candas\/#listItem","position":3,"name":"Avanzan las obras de mejora en el Camino C-131 en el Barrio de la Teyera en Cand\u00e1s.","previousItem":{"@type":"ListItem","@id":"https:\/\/candas365.es\/noticias\/category\/noticias-carreno\/#listItem","name":"Noticias Carre\u00f1o"}}]},{"@type":"NewsArticle","@id":"https:\/\/candas365.es\/noticias\/avanzan-las-obras-de-mejora-en-el-camino-c-131-en-el-barrio-de-la-teyera-en-candas\/#newsarticle","name":"Avanzan las obras de mejora en el Camino C-131 en el Barrio de la Teyera en Cand\u00e1s. | Cand\u00e1s 365","headline":"Avanzan las obras de mejora en el Camino C-131 en el Barrio de la Teyera en Cand\u00e1s.","author":{"@id":"https:\/\/candas365.es\/noticias\/author\/admin\/#author"},"publisher":{"@id":"https:\/\/candas365.es\/noticias\/#organization"},"image":{"@type":"ImageObject","url":"https:\/\/candas365.es\/noticias\/wp-content\/uploads\/2015\/01\/ayuntamiento.jpg","width":800,"height":600,"caption":"Carre\u00f1o"},"datePublished":"2022-05-12T14:14:46+02:00","dateModified":"2022-06-30T14:16:44+02:00","inLanguage":"es-ES","mainEntityOfPage":{"@id":"https:\/\/candas365.es\/noticias\/avanzan-las-obras-de-mejora-en-el-camino-c-131-en-el-barrio-de-la-teyera-en-candas\/#webpage"},"isPartOf":{"@id":"https:\/\/candas365.es\/noticias\/avanzan-las-obras-de-mejora-en-el-camino-c-131-en-el-barrio-de-la-teyera-en-candas\/#webpage"},"articleSection":"Noticias Carre\u00f1o","dateline":"Publicado el mayo 12, 2022."},{"@type":"Organization","@id":"https:\/\/candas365.es\/noticias\/#organization","name":"Cand\u00e1s 365","description":"Cand\u00e1s 365 es un diario digital independiente, fundado en 2012, con base en Asturias. Informamos con rigor sobre actualidad, sociedad, cultura y ocio, con una mirada local y global.","url":"https:\/\/candas365.es\/noticias\/","email":"info@candas365.es","telephone":"+34652131393","foundingDate":"2012-06-10","logo":{"@type":"ImageObject","url":"https:\/\/candas365.es\/noticias\/wp-content\/uploads\/2024\/09\/Candas-365-Redes.jpg","@id":"https:\/\/candas365.es\/noticias\/avanzan-las-obras-de-mejora-en-el-camino-c-131-en-el-barrio-de-la-teyera-en-candas\/#organizationLogo","width":1152,"height":864,"caption":"Cand\u00e1s 365 Redes"},"image":{"@id":"https:\/\/candas365.es\/noticias\/avanzan-las-obras-de-mejora-en-el-camino-c-131-en-el-barrio-de-la-teyera-en-candas\/#organizationLogo"},"sameAs":["https:\/\/www.facebook.com\/Nachofdezber","https:\/\/x.com\/NabercoDigital","https:\/\/www.instagram.com\/nachofdezber\/","https:\/\/www.youtube.com\/channel\/UCZP-2wLEB9Rv6erhFmqVnvg"],"address":{"@id":"https:\/\/candas365.es\/noticias\/#postaladdress","@type":"PostalAddress","streetAddress":"san antonio 4, san antonio 4","postalCode":"33430","addressLocality":"Cand\u00e1s","addressRegion":"Asturias","addressCountry":"ES"}},{"@type":"Person","@id":"https:\/\/candas365.es\/noticias\/author\/admin\/#author","url":"https:\/\/candas365.es\/noticias\/author\/admin\/","name":"Cand\u00e1s 365","image":{"@type":"ImageObject","@id":"https:\/\/candas365.es\/noticias\/avanzan-las-obras-de-mejora-en-el-camino-c-131-en-el-barrio-de-la-teyera-en-candas\/#authorImage","url":"https:\/\/secure.gravatar.com\/avatar\/496a8e03d0c493ede1718b7934145dbdf8d89be1036b0eec9544e1094c9de390?s=96&d=mm&r=g","width":96,"height":96,"caption":"Cand\u00e1s 365"},"sameAs":["https:\/\/www.facebook.com\/carrenoactualidad","https:\/\/twitter.com\/nbasturias","https:\/\/www.instagram.com\/nachofdezber\/","https:\/\/www.youtube.com\/channel\/UCZP-2wLEB9Rv6erhFmqVnvg"]},{"@type":"WebPage","@id":"https:\/\/candas365.es\/noticias\/avanzan-las-obras-de-mejora-en-el-camino-c-131-en-el-barrio-de-la-teyera-en-candas\/#webpage","url":"https:\/\/candas365.es\/noticias\/avanzan-las-obras-de-mejora-en-el-camino-c-131-en-el-barrio-de-la-teyera-en-candas\/","name":"Avanzan las obras de mejora en el Camino C-131 en el Barrio de la Teyera en Cand\u00e1s. | Cand\u00e1s 365","description":"Las obras que se est\u00e1n realizando, desde la Concejal\u00eda de Medio Rural, se ubican en el camino identificado en el inventario de v\u00edas p\u00fablicas del concejo","inLanguage":"es-ES","isPartOf":{"@id":"https:\/\/candas365.es\/noticias\/#website"},"breadcrumb":{"@id":"https:\/\/candas365.es\/noticias\/avanzan-las-obras-de-mejora-en-el-camino-c-131-en-el-barrio-de-la-teyera-en-candas\/#breadcrumblist"},"author":{"@id":"https:\/\/candas365.es\/noticias\/author\/admin\/#author"},"creator":{"@id":"https:\/\/candas365.es\/noticias\/author\/admin\/#author"},"image":{"@type":"ImageObject","url":"https:\/\/candas365.es\/noticias\/wp-content\/uploads\/2015\/01\/ayuntamiento.jpg","@id":"https:\/\/candas365.es\/noticias\/avanzan-las-obras-de-mejora-en-el-camino-c-131-en-el-barrio-de-la-teyera-en-candas\/#mainImage","width":800,"height":600,"caption":"Carre\u00f1o"},"primaryImageOfPage":{"@id":"https:\/\/candas365.es\/noticias\/avanzan-las-obras-de-mejora-en-el-camino-c-131-en-el-barrio-de-la-teyera-en-candas\/#mainImage"},"datePublished":"2022-05-12T14:14:46+02:00","dateModified":"2022-06-30T14:16:44+02:00"},{"@type":"WebSite","@id":"https:\/\/candas365.es\/noticias\/#website","url":"https:\/\/candas365.es\/noticias\/","name":"Cand\u00e1s 365","alternateName":"Cand\u00e1s 365 Noticias","description":"Actualidad desde Carre\u00f1o para el mundo","inLanguage":"es-ES","publisher":{"@id":"https:\/\/candas365.es\/noticias\/#organization"}}]},"og:locale":"es_ES","og:site_name":"Cand\u00e1s 365","og:type":"article","og:title":"Avanzan las obras de mejora en el Camino C-131 en el Barrio de la Teyera en Cand\u00e1s. | Cand\u00e1s 365","og:description":"Las obras que se est\u00e1n realizando, desde la Concejal\u00eda de Medio Rural, se ubican en el camino identificado en el inventario de v\u00edas p\u00fablicas del concejo","og:url":"https:\/\/candas365.es\/noticias\/avanzan-las-obras-de-mejora-en-el-camino-c-131-en-el-barrio-de-la-teyera-en-candas\/","og:image":"https:\/\/candas365.es\/noticias\/wp-content\/uploads\/2015\/01\/ayuntamiento.jpg","og:image:secure_url":"https:\/\/candas365.es\/noticias\/wp-content\/uploads\/2015\/01\/ayuntamiento.jpg","og:image:width":800,"og:image:height":600,"article:published_time":"2022-05-12T12:14:46+00:00","article:modified_time":"2022-06-30T12:16:44+00:00","article:publisher":"https:\/\/www.facebook.com\/Nachofdezber","article:author":"https:\/\/www.facebook.com\/carrenoactualidad","twitter:card":"summary_large_image","twitter:site":"@NabercoDigital","twitter:title":"Avanzan las obras de mejora en el Camino C-131 en el Barrio de la Teyera en Cand\u00e1s. | Cand\u00e1s 365","twitter:description":"Las obras que se est\u00e1n realizando, desde la Concejal\u00eda de Medio Rural, se ubican en el camino identificado en el inventario de v\u00edas p\u00fablicas del concejo","twitter:creator":"@nbasturias","twitter:image":"https:\/\/candas365.es\/noticias\/wp-content\/uploads\/2015\/01\/ayuntamiento.jpg","twitter:label1":"Escrito por","twitter:data1":"Cand\u00e1s 365","twitter:label2":"Tiempo de lectura estimado","twitter:data2":"2 minutos"},"aioseo_meta_data":{"post_id":"162748","title":null,"description":"Las obras que se est\u00e1n realizando, desde la Concejal\u00eda de Medio Rural, se ubican en el camino identificado en el inventario de v\u00edas p\u00fablicas del concejo","keywords":[],"keyphrases":{"focus":{"keyphrase":"obras","score":87,"analysis":{"keyphraseInTitle":{"title":"Focus keyphrase in SEO title","description":"Focus keyphrase found in SEO title.","score":9,"maxScore":9,"error":0},"keyphraseInDescription":{"title":"Focus keyphrase in meta description","description":"Focus keyphrase found in meta description.","score":9,"maxScore":9,"error":0},"keyphraseLength":{"title":"Focus keyphrase length","description":"Good job!","score":9,"maxScore":9,"error":0,"length":1},"keyphraseInURL":[],"keyphraseInIntroduction":{"title":"Focus keyphrase in introduction","description":"Your Focus keyphrase appears in the first paragraph. Well done!","score":9,"maxScore":9,"error":0},"keyphraseInSubHeadings":[],"keyphraseInImageAlt":{"title":"Focus keyphrase in image alt attributes","description":"Focus keyphrase not found in image alt attribute(s). Add an image with your Focus keyphrase as alt text.","score":3,"maxScore":9,"error":1}}},"additional":[]},"primary_term":null,"canonical_url":null,"og_title":null,"og_description":null,"og_object_type":"default","og_image_type":"default","og_image_url":null,"og_image_width":null,"og_image_height":null,"og_image_custom_url":null,"og_image_custom_fields":null,"og_video":"","og_custom_url":null,"og_article_section":null,"og_article_tags":[],"twitter_use_og":false,"twitter_card":"default","twitter_image_type":"default","twitter_image_url":null,"twitter_image_custom_url":null,"twitter_image_custom_fields":null,"twitter_title":null,"twitter_description":null,"schema":{"blockGraphs":[],"customGraphs":[],"default":{"data":{"Article":[],"Course":[],"Dataset":[],"FAQPage":[],"Movie":[],"Person":[],"Product":[],"ProductReview":[],"Car":[],"Recipe":[],"Service":[],"SoftwareApplication":[],"WebPage":[]},"graphName":"","isEnabled":true},"graphs":[],"defaultGraph":"Article","defaultPostTypeGraph":""},"schema_type":"default","schema_type_options":"{\"article\":{\"articleType\":\"BlogPosting\"},\"course\":{\"name\":\"\",\"description\":\"\",\"provider\":\"\"},\"faq\":{\"pages\":[]},\"product\":{\"reviews\":[]},\"recipe\":{\"ingredients\":[],\"instructions\":[],\"keywords\":[]},\"software\":{\"reviews\":[],\"operatingSystems\":[]},\"webPage\":{\"webPageType\":\"WebPage\"}}","pillar_content":false,"robots_default":true,"robots_noindex":false,"robots_noarchive":false,"robots_nosnippet":false,"robots_nofollow":false,"robots_noimageindex":false,"robots_noodp":false,"robots_notranslate":false,"robots_max_snippet":"-1","robots_max_videopreview":"-1","robots_max_imagepreview":"large","priority":null,"frequency":"default","location":null,"local_seo":null,"seo_analyzer_scan_date":"2025-09-01 06:38:12","breadcrumb_settings":null,"limit_modified_date":true,"reviewed_by":null,"open_ai":null,"ai":null,"created":"2022-06-30 12:14:46","updated":"2025-09-01 06:38:12"},"aioseo_breadcrumb":"<div class=\"aioseo-breadcrumbs\"><span class=\"aioseo-breadcrumb\">\n\t<a href=\"https:\/\/candas365.es\/noticias\" title=\"Home\">Home<\/a>\n<\/span><span class=\"aioseo-breadcrumb-separator\">&ndash;<\/span><span class=\"aioseo-breadcrumb\">\n\t<a href=\"https:\/\/candas365.es\/noticias\/category\/noticias-carreno\/\" title=\"Noticias Carre\u00f1o\">Noticias Carre\u00f1o<\/a>\n<\/span><span class=\"aioseo-breadcrumb-separator\">&ndash;<\/span><span class=\"aioseo-breadcrumb\">\n\tAvanzan las obras de mejora en el Camino C-131 en el Barrio de la Teyera en Cand\u00e1s.\n<\/span><\/div>","aioseo_breadcrumb_json":[{"label":"Home","link":"https:\/\/candas365.es\/noticias"},{"label":"Noticias Carre\u00f1o","link":"https:\/\/candas365.es\/noticias\/category\/noticias-carreno\/"},{"label":"Avanzan las obras de mejora en el Camino C-131 en el Barrio de la Teyera en Cand\u00e1s.","link":"https:\/\/candas365.es\/noticias\/avanzan-las-obras-de-mejora-en-el-camino-c-131-en-el-barrio-de-la-teyera-en-candas\/"}],"_links":{"self":[{"href":"https:\/\/candas365.es\/noticias\/wp-json\/wp\/v2\/posts\/162748","targetHints":{"allow":["GET"]}}],"collection":[{"href":"https:\/\/candas365.es\/noticias\/wp-json\/wp\/v2\/posts"}],"about":[{"href":"https:\/\/candas365.es\/noticias\/wp-json\/wp\/v2\/types\/post"}],"author":[{"embeddable":true,"href":"https:\/\/candas365.es\/noticias\/wp-json\/wp\/v2\/users\/1"}],"replies":[{"embeddable":true,"href":"https:\/\/candas365.es\/noticias\/wp-json\/wp\/v2\/comments?post=162748"}],"version-history":[{"count":0,"href":"https:\/\/candas365.es\/noticias\/wp-json\/wp\/v2\/posts\/162748\/revisions"}],"wp:featuredmedia":[{"embeddable":true,"href":"https:\/\/candas365.es\/noticias\/wp-json\/wp\/v2\/media\/6453"}],"wp:attachment":[{"href":"https:\/\/candas365.es\/noticias\/wp-json\/wp\/v2\/media?parent=162748"}],"wp:term":[{"taxonomy":"category","embeddable":true,"href":"https:\/\/candas365.es\/noticias\/wp-json\/wp\/v2\/categories?post=162748"},{"taxonomy":"post_tag","embeddable":true,"href":"https:\/\/candas365.es\/noticias\/wp-json\/wp\/v2\/tags?post=162748"}],"curies":[{"name":"wp","href":"https:\/\/api.w.org\/{rel}","templated":true}]}}