{"id":162724,"date":"2022-06-30T07:52:12","date_gmt":"2022-06-30T05:52:12","guid":{"rendered":"http:\/\/candas365.es\/noticias\/?p=162724"},"modified":"2022-06-30T07:52:12","modified_gmt":"2022-06-30T05:52:12","slug":"como-funciona-el-ciclo-de-refrigeracion-industrial","status":"publish","type":"post","link":"https:\/\/candas365.es\/noticias\/como-funciona-el-ciclo-de-refrigeracion-industrial\/","title":{"rendered":"\u00bfC\u00f3mo funciona el ciclo de refrigeraci\u00f3n industrial?"},"content":{"rendered":"<p>Son muchas las <strong>empresas e industrias<\/strong> que necesitan tener sus productos, espacios de trabajo o almacenes a una determinada temperatura, y eso se logra con un <a title=\"sistema de refrigeraci\u00f3n\" href=\"https:\/\/inditer.es\/blog\/sistemas-de-refrigeracion-industrial\/\"><span style=\"color: #ff6600;\"><strong>sistema de refrigeraci\u00f3n<\/strong><\/span><\/a> que responda a las necesidades de cada actividad y que adem\u00e1s sea el ideal para cada tipo de negocio. <strong>Su mantenimiento es esencial para evitar aver\u00edas, mantener a la temperatura correcta nuestra maquinaria, productos y tambi\u00e9n a la hora de elaborarlos.<\/strong><\/p>\n<p><img fetchpriority=\"high\" decoding=\"async\" class=\"aligncenter wp-image-162725 size-full\" src=\"https:\/\/candas365.es\/noticias\/wp-content\/uploads\/2022\/06\/industrial.jpg\" alt=\"industrial\" width=\"640\" height=\"427\" srcset=\"https:\/\/candas365.es\/noticias\/wp-content\/uploads\/2022\/06\/industrial.jpg 640w, https:\/\/candas365.es\/noticias\/wp-content\/uploads\/2022\/06\/industrial-360x240.jpg 360w, https:\/\/candas365.es\/noticias\/wp-content\/uploads\/2022\/06\/industrial-150x100.jpg 150w, https:\/\/candas365.es\/noticias\/wp-content\/uploads\/2022\/06\/industrial-450x300.jpg 450w\" sizes=\"(max-width: 640px) 100vw, 640px\" \/><\/p>\n<p>Ya sea a la hora de elaborar alimentos, mantener a una <strong>temperatura apropiada<\/strong> una nave industrial, oficina o un laboratorio siempre es bueno contar con un sistema de refrigeraci\u00f3n industrial que nos ofrezca las mejores prestaciones y garant\u00edas.<\/p>\n<blockquote><p>Cuando hablamos de refrigeraci\u00f3n industrial no solamente debemos pensar en sectores de alimentaci\u00f3n, hay otros muchos tipos de negocio que tambi\u00e9n los necesitan.<\/p><\/blockquote>\n<p>Un sistema de refrigeraci\u00f3n industrial tiene varios elementos. <strong>Un condensador, un compresor, una v\u00e1lvula, evaporador y el tubo refrigerante<\/strong>. Su mantenimiento y tenerlos siempre en buen estado nos permitir\u00e1 mantener los niveles de temperatura exigidos para nuestra actividad. Y obviamente para que todo ello funcione de la manera correcta <strong>necesitamos expertos en su instalaci\u00f3n, personal cualificado para su uso correcto y un buen servicio de reparaci\u00f3n y mantenimiento<\/strong> para solucionar o prevenir posibles fallos, aver\u00edas o errores. Invertir en sistemas de calidad que se ajusten a la necesidad real de la empresa o negocio es fundamental.<\/p>\n<h2>Tipos de negocio<\/h2>\n<p>Los ciclos de de refrigeraci\u00f3n industrial son importantes y muy necesarios en muchos tipos de negocios y empresas. Desde laboratorios en los que se producen medicamentos, pasando por f\u00e1bricas de bebidas o alimentos y sin olvidarnos de las industrias que producen materiales que han de conservarse o trabajarse a una determinada temperaturas. <strong>Podemos incluir centros de trabajo relacionados con las flores o con productos del campo o del mar.<\/strong> Tal y como te hemos comentado son muchas las empresas que necesitan tener una temperatura adecuada para que sus maquinas, centros de datos o productos no tengan problemas y no se acaben estropeando.<\/p>\n<h2>\u00bfD\u00f3nde comprarlos y asesorarse?<\/h2>\n<p>Inditer S.A dispone de una amplia gama de<strong> equipos de gran calidad que ser\u00e1n la respuesta perfecta<\/strong> a las necesidades de cualquier tipo de empresa, grande o peque\u00f1a. Y ofrecen a sus clientes sistemas de refrigeraci\u00f3n industrial y tambi\u00e9n de climatizaci\u00f3n de ambientes. <strong>Es muy importante resaltar que todos los equipos de Inditer cumplen con la normativa medioambiental vigente.<\/strong><\/p>\n<p>\u201cEntre los sistemas de refrigeraci\u00f3n industrial podr\u00e1s encontrar evaporadores que cuentan con diferentes tecnolog\u00edas para lograr un enfriamiento homog\u00e9neo. Con los evaporadores de CO2 tendr\u00e1s a tu disposici\u00f3n un dispositivo de enfriamiento con todos los est\u00e1ndares de calidad y seguridad para la climatizaci\u00f3n y la refrigeraci\u00f3n industrial de tus espacios\u201d, nos han comentado desde la empresa<\/p>\n<p>Todos los dise\u00f1os que se desarrollan en los sistemas de climatizaci\u00f3n y refrigeraci\u00f3n industrial de Inditer cumplen con todas las especificaciones t\u00e9cnicas y se producen conforme a las necesidades del cliente.<\/p>\n<blockquote><p>Lo m\u00e1s importante es que obtengas el equipo que necesitas, con la garant\u00eda que te ofrece una empresa con m\u00e1s de una d\u00e9cada de experiencia en el sector.<\/p><\/blockquote>\n<h3>M\u00e1s informaci\u00f3n y contacto<\/h3>\n<p>En el caso de que est\u00e9s buscando un <strong>sistema de refrigeraci\u00f3n industrial<\/strong> que se adapte a tus necesidades lo \u00fanico que debes hacer es ponerte en contacto con Inditer S.A.<\/p>\n<p>Accediendo a su web podr\u00e1s ver sus productos y recomendaciones y tambi\u00e9n encontrar\u00e1s la secci\u00f3n y m\u00e9todos de contacto para hacer tus consultas, pedidos o pedir presupuestos. Hablamos de una empresa creada para ofrecer siempre los mejores servicios y que adem\u00e1s sabe aportar soluciones reales a las necesidades de sus clientes.<\/p>\n","protected":false},"excerpt":{"rendered":"<p>Son muchas las empresas e industrias que necesitan tener sus productos, espacios de trabajo o almacenes a una determinada temperatura, y eso se logra con un sistema de refrigeraci\u00f3n que responda a las necesidades de cada actividad y que adem\u00e1s sea el ideal para cada tipo de negocio. Su mantenimiento es esencial para evitar aver\u00edas,<\/p>\n","protected":false},"author":1,"featured_media":162725,"comment_status":"closed","ping_status":"closed","sticky":false,"template":"","format":"standard","meta":{"footnotes":""},"categories":[151],"tags":[383],"class_list":{"0":"post-162724","1":"post","2":"type-post","3":"status-publish","4":"format-standard","5":"has-post-thumbnail","7":"category-canal-empresas","8":"tag-empresas"},"aioseo_notices":[],"aioseo_head":"\n\t\t<!-- All in One SEO Pro 4.9.6.2 - aioseo.com -->\n\t<meta name=\"description\" content=\"Son muchas las empresas e industrias que necesitan tener sus productos, espacios de trabajo o almacenes a una determinada temperatura, y eso se logra con un\" \/>\n\t<meta name=\"robots\" content=\"max-image-preview:large\" \/>\n\t<meta name=\"author\" content=\"Cand\u00e1s 365\"\/>\n\t<meta name=\"google-site-verification\" content=\"UA-32230408-1\" \/>\n\t<meta name=\"msvalidate.01\" content=\"354F3CDFB2DA171B47FBE9ABF1F88D5\" \/>\n\t<meta name=\"keywords\" content=\"canal empresas\" \/>\n\t<link rel=\"canonical\" href=\"https:\/\/candas365.es\/noticias\/como-funciona-el-ciclo-de-refrigeracion-industrial\/\" \/>\n\t<meta name=\"generator\" content=\"All in One SEO Pro (AIOSEO) 4.9.6.2\" \/>\n\t\t<meta property=\"og:locale\" content=\"es_ES\" \/>\n\t\t<meta property=\"og:site_name\" content=\"Cand\u00e1s 365\" \/>\n\t\t<meta property=\"og:type\" content=\"article\" \/>\n\t\t<meta property=\"og:title\" content=\"\u00bfC\u00f3mo funciona el ciclo de refrigeraci\u00f3n industrial? | Cand\u00e1s 365\" \/>\n\t\t<meta property=\"og:description\" content=\"Son muchas las empresas e industrias que necesitan tener sus productos, espacios de trabajo o almacenes a una determinada temperatura, y eso se logra con un\" \/>\n\t\t<meta property=\"og:url\" content=\"https:\/\/candas365.es\/noticias\/como-funciona-el-ciclo-de-refrigeracion-industrial\/\" \/>\n\t\t<meta property=\"og:image\" content=\"https:\/\/candas365.es\/noticias\/wp-content\/uploads\/2022\/06\/industrial.jpg\" \/>\n\t\t<meta property=\"og:image:secure_url\" content=\"https:\/\/candas365.es\/noticias\/wp-content\/uploads\/2022\/06\/industrial.jpg\" \/>\n\t\t<meta property=\"og:image:width\" content=\"640\" \/>\n\t\t<meta property=\"og:image:height\" content=\"427\" \/>\n\t\t<meta property=\"article:published_time\" content=\"2022-06-30T05:52:12+00:00\" \/>\n\t\t<meta property=\"article:modified_time\" content=\"2022-06-30T05:52:12+00:00\" \/>\n\t\t<meta property=\"article:publisher\" content=\"https:\/\/www.facebook.com\/Nachofdezber\" \/>\n\t\t<meta property=\"article:author\" content=\"https:\/\/www.facebook.com\/carrenoactualidad\" \/>\n\t\t<meta name=\"twitter:card\" content=\"summary_large_image\" \/>\n\t\t<meta name=\"twitter:site\" content=\"@NabercoDigital\" \/>\n\t\t<meta name=\"twitter:title\" content=\"\u00bfC\u00f3mo funciona el ciclo de refrigeraci\u00f3n industrial? | Cand\u00e1s 365\" \/>\n\t\t<meta name=\"twitter:description\" content=\"Son muchas las empresas e industrias que necesitan tener sus productos, espacios de trabajo o almacenes a una determinada temperatura, y eso se logra con un\" \/>\n\t\t<meta name=\"twitter:creator\" content=\"@nbasturias\" \/>\n\t\t<meta name=\"twitter:image\" content=\"https:\/\/candas365.es\/noticias\/wp-content\/uploads\/2022\/06\/industrial.jpg\" \/>\n\t\t<meta name=\"twitter:label1\" content=\"Escrito por\" \/>\n\t\t<meta name=\"twitter:data1\" content=\"Cand\u00e1s 365\" \/>\n\t\t<meta name=\"twitter:label2\" content=\"Tiempo de lectura estimado\" \/>\n\t\t<meta name=\"twitter:data2\" content=\"3 minutos\" \/>\n\t\t<script type=\"application\/ld+json\" class=\"aioseo-schema\">\n\t\t\t{\"@context\":\"https:\\\/\\\/schema.org\",\"@graph\":[{\"@type\":\"BreadcrumbList\",\"@id\":\"https:\\\/\\\/candas365.es\\\/noticias\\\/como-funciona-el-ciclo-de-refrigeracion-industrial\\\/#breadcrumblist\",\"itemListElement\":[{\"@type\":\"ListItem\",\"@id\":\"https:\\\/\\\/candas365.es\\\/noticias#listItem\",\"position\":1,\"name\":\"Home\",\"item\":\"https:\\\/\\\/candas365.es\\\/noticias\",\"nextItem\":{\"@type\":\"ListItem\",\"@id\":\"https:\\\/\\\/candas365.es\\\/noticias\\\/category\\\/canal-empresas\\\/#listItem\",\"name\":\"Canal Empresas\"}},{\"@type\":\"ListItem\",\"@id\":\"https:\\\/\\\/candas365.es\\\/noticias\\\/category\\\/canal-empresas\\\/#listItem\",\"position\":2,\"name\":\"Canal Empresas\",\"item\":\"https:\\\/\\\/candas365.es\\\/noticias\\\/category\\\/canal-empresas\\\/\",\"nextItem\":{\"@type\":\"ListItem\",\"@id\":\"https:\\\/\\\/candas365.es\\\/noticias\\\/como-funciona-el-ciclo-de-refrigeracion-industrial\\\/#listItem\",\"name\":\"\\u00bfC\\u00f3mo funciona el ciclo de refrigeraci\\u00f3n industrial?\"},\"previousItem\":{\"@type\":\"ListItem\",\"@id\":\"https:\\\/\\\/candas365.es\\\/noticias#listItem\",\"name\":\"Home\"}},{\"@type\":\"ListItem\",\"@id\":\"https:\\\/\\\/candas365.es\\\/noticias\\\/como-funciona-el-ciclo-de-refrigeracion-industrial\\\/#listItem\",\"position\":3,\"name\":\"\\u00bfC\\u00f3mo funciona el ciclo de refrigeraci\\u00f3n industrial?\",\"previousItem\":{\"@type\":\"ListItem\",\"@id\":\"https:\\\/\\\/candas365.es\\\/noticias\\\/category\\\/canal-empresas\\\/#listItem\",\"name\":\"Canal Empresas\"}}]},{\"@type\":\"NewsArticle\",\"@id\":\"https:\\\/\\\/candas365.es\\\/noticias\\\/como-funciona-el-ciclo-de-refrigeracion-industrial\\\/#newsarticle\",\"name\":\"\\u00bfC\\u00f3mo funciona el ciclo de refrigeraci\\u00f3n industrial? | Cand\\u00e1s 365\",\"headline\":\"\\u00bfC\\u00f3mo funciona el ciclo de refrigeraci\\u00f3n industrial?\",\"author\":{\"@id\":\"https:\\\/\\\/candas365.es\\\/noticias\\\/author\\\/admin\\\/#author\"},\"publisher\":{\"@id\":\"https:\\\/\\\/candas365.es\\\/noticias\\\/#organization\"},\"image\":{\"@type\":\"ImageObject\",\"url\":\"https:\\\/\\\/candas365.es\\\/noticias\\\/wp-content\\\/uploads\\\/2022\\\/06\\\/industrial.jpg\",\"width\":640,\"height\":427,\"caption\":\"industrial\"},\"datePublished\":\"2022-06-30T07:52:12+02:00\",\"dateModified\":\"2022-06-30T07:52:12+02:00\",\"inLanguage\":\"es-ES\",\"mainEntityOfPage\":{\"@id\":\"https:\\\/\\\/candas365.es\\\/noticias\\\/como-funciona-el-ciclo-de-refrigeracion-industrial\\\/#webpage\"},\"isPartOf\":{\"@id\":\"https:\\\/\\\/candas365.es\\\/noticias\\\/como-funciona-el-ciclo-de-refrigeracion-industrial\\\/#webpage\"},\"articleSection\":\"Canal Empresas, empresas\",\"dateline\":\"Publicado el junio 30, 2022.\"},{\"@type\":\"Organization\",\"@id\":\"https:\\\/\\\/candas365.es\\\/noticias\\\/#organization\",\"name\":\"Cand\\u00e1s 365\",\"description\":\"Cand\\u00e1s 365 es un diario digital independiente, fundado en 2012, con base en Asturias. Informamos con rigor sobre actualidad, sociedad, cultura y ocio, con una mirada local y global.\",\"url\":\"https:\\\/\\\/candas365.es\\\/noticias\\\/\",\"email\":\"info@candas365.es\",\"telephone\":\"+34652131393\",\"foundingDate\":\"2012-06-10\",\"logo\":{\"@type\":\"ImageObject\",\"url\":\"https:\\\/\\\/candas365.es\\\/noticias\\\/wp-content\\\/uploads\\\/2024\\\/09\\\/Candas-365-Redes.jpg\",\"@id\":\"https:\\\/\\\/candas365.es\\\/noticias\\\/como-funciona-el-ciclo-de-refrigeracion-industrial\\\/#organizationLogo\",\"width\":1152,\"height\":864,\"caption\":\"Cand\\u00e1s 365 Redes\"},\"image\":{\"@id\":\"https:\\\/\\\/candas365.es\\\/noticias\\\/como-funciona-el-ciclo-de-refrigeracion-industrial\\\/#organizationLogo\"},\"sameAs\":[\"https:\\\/\\\/www.facebook.com\\\/Nachofdezber\",\"https:\\\/\\\/x.com\\\/NabercoDigital\",\"https:\\\/\\\/www.instagram.com\\\/nachofdezber\\\/\",\"https:\\\/\\\/www.youtube.com\\\/channel\\\/UCZP-2wLEB9Rv6erhFmqVnvg\"],\"address\":{\"@id\":\"https:\\\/\\\/candas365.es\\\/noticias\\\/#postaladdress\",\"@type\":\"PostalAddress\",\"streetAddress\":\"san antonio 4, san antonio 4\",\"postalCode\":\"33430\",\"addressLocality\":\"Cand\\u00e1s\",\"addressRegion\":\"Asturias\",\"addressCountry\":\"ES\"}},{\"@type\":\"Person\",\"@id\":\"https:\\\/\\\/candas365.es\\\/noticias\\\/author\\\/admin\\\/#author\",\"url\":\"https:\\\/\\\/candas365.es\\\/noticias\\\/author\\\/admin\\\/\",\"name\":\"Cand\\u00e1s 365\",\"image\":{\"@type\":\"ImageObject\",\"@id\":\"https:\\\/\\\/candas365.es\\\/noticias\\\/como-funciona-el-ciclo-de-refrigeracion-industrial\\\/#authorImage\",\"url\":\"https:\\\/\\\/secure.gravatar.com\\\/avatar\\\/496a8e03d0c493ede1718b7934145dbdf8d89be1036b0eec9544e1094c9de390?s=96&d=mm&r=g\",\"width\":96,\"height\":96,\"caption\":\"Cand\\u00e1s 365\"},\"sameAs\":[\"https:\\\/\\\/www.facebook.com\\\/carrenoactualidad\",\"https:\\\/\\\/twitter.com\\\/nbasturias\",\"https:\\\/\\\/www.instagram.com\\\/nachofdezber\\\/\",\"https:\\\/\\\/www.youtube.com\\\/channel\\\/UCZP-2wLEB9Rv6erhFmqVnvg\"]},{\"@type\":\"WebPage\",\"@id\":\"https:\\\/\\\/candas365.es\\\/noticias\\\/como-funciona-el-ciclo-de-refrigeracion-industrial\\\/#webpage\",\"url\":\"https:\\\/\\\/candas365.es\\\/noticias\\\/como-funciona-el-ciclo-de-refrigeracion-industrial\\\/\",\"name\":\"\\u00bfC\\u00f3mo funciona el ciclo de refrigeraci\\u00f3n industrial? | Cand\\u00e1s 365\",\"description\":\"Son muchas las empresas e industrias que necesitan tener sus productos, espacios de trabajo o almacenes a una determinada temperatura, y eso se logra con un\",\"inLanguage\":\"es-ES\",\"isPartOf\":{\"@id\":\"https:\\\/\\\/candas365.es\\\/noticias\\\/#website\"},\"breadcrumb\":{\"@id\":\"https:\\\/\\\/candas365.es\\\/noticias\\\/como-funciona-el-ciclo-de-refrigeracion-industrial\\\/#breadcrumblist\"},\"author\":{\"@id\":\"https:\\\/\\\/candas365.es\\\/noticias\\\/author\\\/admin\\\/#author\"},\"creator\":{\"@id\":\"https:\\\/\\\/candas365.es\\\/noticias\\\/author\\\/admin\\\/#author\"},\"image\":{\"@type\":\"ImageObject\",\"url\":\"https:\\\/\\\/candas365.es\\\/noticias\\\/wp-content\\\/uploads\\\/2022\\\/06\\\/industrial.jpg\",\"@id\":\"https:\\\/\\\/candas365.es\\\/noticias\\\/como-funciona-el-ciclo-de-refrigeracion-industrial\\\/#mainImage\",\"width\":640,\"height\":427,\"caption\":\"industrial\"},\"primaryImageOfPage\":{\"@id\":\"https:\\\/\\\/candas365.es\\\/noticias\\\/como-funciona-el-ciclo-de-refrigeracion-industrial\\\/#mainImage\"},\"datePublished\":\"2022-06-30T07:52:12+02:00\",\"dateModified\":\"2022-06-30T07:52:12+02:00\"},{\"@type\":\"WebSite\",\"@id\":\"https:\\\/\\\/candas365.es\\\/noticias\\\/#website\",\"url\":\"https:\\\/\\\/candas365.es\\\/noticias\\\/\",\"name\":\"Cand\\u00e1s 365\",\"alternateName\":\"Cand\\u00e1s 365 Noticias\",\"description\":\"Actualidad desde Carre\\u00f1o para el mundo\",\"inLanguage\":\"es-ES\",\"publisher\":{\"@id\":\"https:\\\/\\\/candas365.es\\\/noticias\\\/#organization\"}}]}\n\t\t<\/script>\n\t\t<!-- All in One SEO Pro -->\r\n\t\t<title>\u00bfC\u00f3mo funciona el ciclo de refrigeraci\u00f3n industrial? | Cand\u00e1s 365<\/title>\n\n","aioseo_head_json":{"title":"\u00bfC\u00f3mo funciona el ciclo de refrigeraci\u00f3n industrial? | Cand\u00e1s 365","description":"Son muchas las empresas e industrias que necesitan tener sus productos, espacios de trabajo o almacenes a una determinada temperatura, y eso se logra con un","canonical_url":"https:\/\/candas365.es\/noticias\/como-funciona-el-ciclo-de-refrigeracion-industrial\/","robots":"max-image-preview:large","keywords":"canal empresas","webmasterTools":{"google-site-verification":"UA-32230408-1","msvalidate.01":"354F3CDFB2DA171B47FBE9ABF1F88D5","miscellaneous":""},"schema":{"@context":"https:\/\/schema.org","@graph":[{"@type":"BreadcrumbList","@id":"https:\/\/candas365.es\/noticias\/como-funciona-el-ciclo-de-refrigeracion-industrial\/#breadcrumblist","itemListElement":[{"@type":"ListItem","@id":"https:\/\/candas365.es\/noticias#listItem","position":1,"name":"Home","item":"https:\/\/candas365.es\/noticias","nextItem":{"@type":"ListItem","@id":"https:\/\/candas365.es\/noticias\/category\/canal-empresas\/#listItem","name":"Canal Empresas"}},{"@type":"ListItem","@id":"https:\/\/candas365.es\/noticias\/category\/canal-empresas\/#listItem","position":2,"name":"Canal Empresas","item":"https:\/\/candas365.es\/noticias\/category\/canal-empresas\/","nextItem":{"@type":"ListItem","@id":"https:\/\/candas365.es\/noticias\/como-funciona-el-ciclo-de-refrigeracion-industrial\/#listItem","name":"\u00bfC\u00f3mo funciona el ciclo de refrigeraci\u00f3n industrial?"},"previousItem":{"@type":"ListItem","@id":"https:\/\/candas365.es\/noticias#listItem","name":"Home"}},{"@type":"ListItem","@id":"https:\/\/candas365.es\/noticias\/como-funciona-el-ciclo-de-refrigeracion-industrial\/#listItem","position":3,"name":"\u00bfC\u00f3mo funciona el ciclo de refrigeraci\u00f3n industrial?","previousItem":{"@type":"ListItem","@id":"https:\/\/candas365.es\/noticias\/category\/canal-empresas\/#listItem","name":"Canal Empresas"}}]},{"@type":"NewsArticle","@id":"https:\/\/candas365.es\/noticias\/como-funciona-el-ciclo-de-refrigeracion-industrial\/#newsarticle","name":"\u00bfC\u00f3mo funciona el ciclo de refrigeraci\u00f3n industrial? | Cand\u00e1s 365","headline":"\u00bfC\u00f3mo funciona el ciclo de refrigeraci\u00f3n industrial?","author":{"@id":"https:\/\/candas365.es\/noticias\/author\/admin\/#author"},"publisher":{"@id":"https:\/\/candas365.es\/noticias\/#organization"},"image":{"@type":"ImageObject","url":"https:\/\/candas365.es\/noticias\/wp-content\/uploads\/2022\/06\/industrial.jpg","width":640,"height":427,"caption":"industrial"},"datePublished":"2022-06-30T07:52:12+02:00","dateModified":"2022-06-30T07:52:12+02:00","inLanguage":"es-ES","mainEntityOfPage":{"@id":"https:\/\/candas365.es\/noticias\/como-funciona-el-ciclo-de-refrigeracion-industrial\/#webpage"},"isPartOf":{"@id":"https:\/\/candas365.es\/noticias\/como-funciona-el-ciclo-de-refrigeracion-industrial\/#webpage"},"articleSection":"Canal Empresas, empresas","dateline":"Publicado el junio 30, 2022."},{"@type":"Organization","@id":"https:\/\/candas365.es\/noticias\/#organization","name":"Cand\u00e1s 365","description":"Cand\u00e1s 365 es un diario digital independiente, fundado en 2012, con base en Asturias. Informamos con rigor sobre actualidad, sociedad, cultura y ocio, con una mirada local y global.","url":"https:\/\/candas365.es\/noticias\/","email":"info@candas365.es","telephone":"+34652131393","foundingDate":"2012-06-10","logo":{"@type":"ImageObject","url":"https:\/\/candas365.es\/noticias\/wp-content\/uploads\/2024\/09\/Candas-365-Redes.jpg","@id":"https:\/\/candas365.es\/noticias\/como-funciona-el-ciclo-de-refrigeracion-industrial\/#organizationLogo","width":1152,"height":864,"caption":"Cand\u00e1s 365 Redes"},"image":{"@id":"https:\/\/candas365.es\/noticias\/como-funciona-el-ciclo-de-refrigeracion-industrial\/#organizationLogo"},"sameAs":["https:\/\/www.facebook.com\/Nachofdezber","https:\/\/x.com\/NabercoDigital","https:\/\/www.instagram.com\/nachofdezber\/","https:\/\/www.youtube.com\/channel\/UCZP-2wLEB9Rv6erhFmqVnvg"],"address":{"@id":"https:\/\/candas365.es\/noticias\/#postaladdress","@type":"PostalAddress","streetAddress":"san antonio 4, san antonio 4","postalCode":"33430","addressLocality":"Cand\u00e1s","addressRegion":"Asturias","addressCountry":"ES"}},{"@type":"Person","@id":"https:\/\/candas365.es\/noticias\/author\/admin\/#author","url":"https:\/\/candas365.es\/noticias\/author\/admin\/","name":"Cand\u00e1s 365","image":{"@type":"ImageObject","@id":"https:\/\/candas365.es\/noticias\/como-funciona-el-ciclo-de-refrigeracion-industrial\/#authorImage","url":"https:\/\/secure.gravatar.com\/avatar\/496a8e03d0c493ede1718b7934145dbdf8d89be1036b0eec9544e1094c9de390?s=96&d=mm&r=g","width":96,"height":96,"caption":"Cand\u00e1s 365"},"sameAs":["https:\/\/www.facebook.com\/carrenoactualidad","https:\/\/twitter.com\/nbasturias","https:\/\/www.instagram.com\/nachofdezber\/","https:\/\/www.youtube.com\/channel\/UCZP-2wLEB9Rv6erhFmqVnvg"]},{"@type":"WebPage","@id":"https:\/\/candas365.es\/noticias\/como-funciona-el-ciclo-de-refrigeracion-industrial\/#webpage","url":"https:\/\/candas365.es\/noticias\/como-funciona-el-ciclo-de-refrigeracion-industrial\/","name":"\u00bfC\u00f3mo funciona el ciclo de refrigeraci\u00f3n industrial? | Cand\u00e1s 365","description":"Son muchas las empresas e industrias que necesitan tener sus productos, espacios de trabajo o almacenes a una determinada temperatura, y eso se logra con un","inLanguage":"es-ES","isPartOf":{"@id":"https:\/\/candas365.es\/noticias\/#website"},"breadcrumb":{"@id":"https:\/\/candas365.es\/noticias\/como-funciona-el-ciclo-de-refrigeracion-industrial\/#breadcrumblist"},"author":{"@id":"https:\/\/candas365.es\/noticias\/author\/admin\/#author"},"creator":{"@id":"https:\/\/candas365.es\/noticias\/author\/admin\/#author"},"image":{"@type":"ImageObject","url":"https:\/\/candas365.es\/noticias\/wp-content\/uploads\/2022\/06\/industrial.jpg","@id":"https:\/\/candas365.es\/noticias\/como-funciona-el-ciclo-de-refrigeracion-industrial\/#mainImage","width":640,"height":427,"caption":"industrial"},"primaryImageOfPage":{"@id":"https:\/\/candas365.es\/noticias\/como-funciona-el-ciclo-de-refrigeracion-industrial\/#mainImage"},"datePublished":"2022-06-30T07:52:12+02:00","dateModified":"2022-06-30T07:52:12+02:00"},{"@type":"WebSite","@id":"https:\/\/candas365.es\/noticias\/#website","url":"https:\/\/candas365.es\/noticias\/","name":"Cand\u00e1s 365","alternateName":"Cand\u00e1s 365 Noticias","description":"Actualidad desde Carre\u00f1o para el mundo","inLanguage":"es-ES","publisher":{"@id":"https:\/\/candas365.es\/noticias\/#organization"}}]},"og:locale":"es_ES","og:site_name":"Cand\u00e1s 365","og:type":"article","og:title":"\u00bfC\u00f3mo funciona el ciclo de refrigeraci\u00f3n industrial? | Cand\u00e1s 365","og:description":"Son muchas las empresas e industrias que necesitan tener sus productos, espacios de trabajo o almacenes a una determinada temperatura, y eso se logra con un","og:url":"https:\/\/candas365.es\/noticias\/como-funciona-el-ciclo-de-refrigeracion-industrial\/","og:image":"https:\/\/candas365.es\/noticias\/wp-content\/uploads\/2022\/06\/industrial.jpg","og:image:secure_url":"https:\/\/candas365.es\/noticias\/wp-content\/uploads\/2022\/06\/industrial.jpg","og:image:width":640,"og:image:height":427,"article:published_time":"2022-06-30T05:52:12+00:00","article:modified_time":"2022-06-30T05:52:12+00:00","article:publisher":"https:\/\/www.facebook.com\/Nachofdezber","article:author":"https:\/\/www.facebook.com\/carrenoactualidad","twitter:card":"summary_large_image","twitter:site":"@NabercoDigital","twitter:title":"\u00bfC\u00f3mo funciona el ciclo de refrigeraci\u00f3n industrial? | Cand\u00e1s 365","twitter:description":"Son muchas las empresas e industrias que necesitan tener sus productos, espacios de trabajo o almacenes a una determinada temperatura, y eso se logra con un","twitter:creator":"@nbasturias","twitter:image":"https:\/\/candas365.es\/noticias\/wp-content\/uploads\/2022\/06\/industrial.jpg","twitter:label1":"Escrito por","twitter:data1":"Cand\u00e1s 365","twitter:label2":"Tiempo de lectura estimado","twitter:data2":"3 minutos"},"aioseo_meta_data":{"post_id":"162724","title":null,"description":"Son muchas las empresas e industrias que necesitan tener sus productos, espacios de trabajo o almacenes a una determinada temperatura, y eso se logra con un","keywords":[],"keyphrases":{"focus":{"keyphrase":"industrial","score":69,"analysis":{"keyphraseInTitle":{"title":"Focus keyphrase in SEO title","description":"Focus keyphrase found in SEO title.","score":9,"maxScore":9,"error":0},"keyphraseInDescription":{"title":"Focus keyphrase in meta description","description":"Focus keyphrase not found in meta description.","score":3,"maxScore":9,"error":1},"keyphraseLength":{"title":"Focus keyphrase length","description":"Good job!","score":9,"maxScore":9,"error":0,"length":1},"keyphraseInURL":{"title":"Focus keyphrase in URL","description":"Focus keyphrase used in the URL.","score":5,"maxScore":5,"error":0},"keyphraseInIntroduction":{"title":"Focus keyphrase in introduction","description":"Your Focus keyphrase does not appear in the first paragraph. Make sure the topic is clear immediately.","score":3,"maxScore":9,"error":1},"keyphraseInSubHeadings":{"title":"Focus keyphrase in Subheadings","description":"Use your focus keyphrase more in your H2 and H3 subheadings.","score":3,"maxScore":9,"error":1},"keyphraseInImageAlt":{"title":"Focus keyphrase in image alt attributes","description":"Focus keyphrase found in image alt attribute(s).","score":9,"maxScore":9,"error":0}}},"additional":[{"keyphrase":"empresas","score":83,"analysis":{"keyphraseInDescription":{"title":"Keyphrase in meta description","description":"Keyphrase found in meta description.","score":9,"maxScore":9,"error":0},"keyphraseLength":{"title":"Keyphrase length","description":"Good job!","score":9,"maxScore":9,"error":0,"length":1},"keyphraseInIntroduction":{"title":"Keyphrase in introduction","description":"Your Keyphrase appears in the first paragraph. Well done!","score":9,"maxScore":9,"error":0},"keyphraseInImageAlt":{"title":"Keyphrase in image alt attributes","description":"Keyphrase not found in image alt attribute(s). Add an image with your Keyphrase as alt text.","score":3,"maxScore":9,"error":1}}},{"keyphrase":" industrias","score":83,"analysis":{"keyphraseInDescription":{"title":"Keyphrase in meta description","description":"Keyphrase found in meta description.","score":9,"maxScore":9,"error":0},"keyphraseLength":{"title":"Keyphrase length","description":"Good job!","score":9,"maxScore":9,"error":0,"length":1},"keyphraseInIntroduction":{"title":"Keyphrase in introduction","description":"Your Keyphrase appears in the first paragraph. Well done!","score":9,"maxScore":9,"error":0},"keyphraseInImageAlt":{"title":"Keyphrase in image alt attributes","description":"Keyphrase not found in image alt attribute(s). Add an image with your Keyphrase as alt text.","score":3,"maxScore":9,"error":1}}},{"keyphrase":"productos","score":83,"analysis":{"keyphraseInDescription":{"title":"Keyphrase in meta description","description":"Keyphrase found in meta description.","score":9,"maxScore":9,"error":0},"keyphraseLength":{"title":"Keyphrase length","description":"Good job!","score":9,"maxScore":9,"error":0,"length":1},"keyphraseInIntroduction":{"title":"Keyphrase in introduction","description":"Your Keyphrase appears in the first paragraph. Well done!","score":9,"maxScore":9,"error":0},"keyphraseInImageAlt":{"title":"Keyphrase in image alt attributes","description":"Keyphrase not found in image alt attribute(s). Add an image with your Keyphrase as alt text.","score":3,"maxScore":9,"error":1}}},{"keyphrase":"industrial","score":67,"analysis":{"keyphraseInDescription":{"title":"Keyphrase in meta description","description":"Keyphrase not found in meta description.","score":3,"maxScore":9,"error":1},"keyphraseLength":{"title":"Keyphrase length","description":"Good job!","score":9,"maxScore":9,"error":0,"length":1},"keyphraseInIntroduction":{"title":"Keyphrase in introduction","description":"Your Keyphrase does not appear in the first paragraph. Make sure the topic is clear immediately.","score":3,"maxScore":9,"error":1},"keyphraseInImageAlt":{"title":"Keyphrase in image alt attributes","description":"Keyphrase found in image alt attribute(s).","score":9,"maxScore":9,"error":0}}}]},"primary_term":null,"canonical_url":null,"og_title":null,"og_description":null,"og_object_type":"default","og_image_type":"default","og_image_url":null,"og_image_width":null,"og_image_height":null,"og_image_custom_url":null,"og_image_custom_fields":null,"og_video":"","og_custom_url":null,"og_article_section":null,"og_article_tags":[],"twitter_use_og":false,"twitter_card":"default","twitter_image_type":"default","twitter_image_url":null,"twitter_image_custom_url":null,"twitter_image_custom_fields":null,"twitter_title":null,"twitter_description":null,"schema":{"blockGraphs":[],"customGraphs":[],"default":{"data":{"Article":[],"Course":[],"Dataset":[],"FAQPage":[],"Movie":[],"Person":[],"Product":[],"ProductReview":[],"Car":[],"Recipe":[],"Service":[],"SoftwareApplication":[],"WebPage":[]},"graphName":"","isEnabled":true},"graphs":[]},"schema_type":"default","schema_type_options":"{\"article\":{\"articleType\":\"BlogPosting\"},\"course\":{\"name\":\"\",\"description\":\"\",\"provider\":\"\"},\"faq\":{\"pages\":[]},\"product\":{\"reviews\":[]},\"recipe\":{\"ingredients\":[],\"instructions\":[],\"keywords\":[]},\"software\":{\"reviews\":[],\"operatingSystems\":[]},\"webPage\":{\"webPageType\":\"WebPage\"}}","pillar_content":false,"robots_default":true,"robots_noindex":false,"robots_noarchive":false,"robots_nosnippet":false,"robots_nofollow":false,"robots_noimageindex":false,"robots_noodp":false,"robots_notranslate":false,"robots_max_snippet":"-1","robots_max_videopreview":"-1","robots_max_imagepreview":"large","priority":null,"frequency":"default","location":null,"local_seo":null,"seo_analyzer_scan_date":"2025-09-01 07:50:22","breadcrumb_settings":null,"limit_modified_date":true,"reviewed_by":null,"open_ai":null,"ai":null,"created":"2022-06-30 05:36:41","updated":"2025-09-01 07:50:22"},"aioseo_breadcrumb":"<div class=\"aioseo-breadcrumbs\"><span class=\"aioseo-breadcrumb\">\n\t<a href=\"https:\/\/candas365.es\/noticias\" title=\"Home\">Home<\/a>\n<\/span><span class=\"aioseo-breadcrumb-separator\">&ndash;<\/span><span class=\"aioseo-breadcrumb\">\n\t<a href=\"https:\/\/candas365.es\/noticias\/category\/canal-empresas\/\" title=\"Canal Empresas\">Canal Empresas<\/a>\n<\/span><span class=\"aioseo-breadcrumb-separator\">&ndash;<\/span><span class=\"aioseo-breadcrumb\">\n\t\u00bfC\u00f3mo funciona el ciclo de refrigeraci\u00f3n industrial?\n<\/span><\/div>","aioseo_breadcrumb_json":[{"label":"Home","link":"https:\/\/candas365.es\/noticias"},{"label":"Canal Empresas","link":"https:\/\/candas365.es\/noticias\/category\/canal-empresas\/"},{"label":"\u00bfC\u00f3mo funciona el ciclo de refrigeraci\u00f3n industrial?","link":"https:\/\/candas365.es\/noticias\/como-funciona-el-ciclo-de-refrigeracion-industrial\/"}],"_links":{"self":[{"href":"https:\/\/candas365.es\/noticias\/wp-json\/wp\/v2\/posts\/162724","targetHints":{"allow":["GET"]}}],"collection":[{"href":"https:\/\/candas365.es\/noticias\/wp-json\/wp\/v2\/posts"}],"about":[{"href":"https:\/\/candas365.es\/noticias\/wp-json\/wp\/v2\/types\/post"}],"author":[{"embeddable":true,"href":"https:\/\/candas365.es\/noticias\/wp-json\/wp\/v2\/users\/1"}],"replies":[{"embeddable":true,"href":"https:\/\/candas365.es\/noticias\/wp-json\/wp\/v2\/comments?post=162724"}],"version-history":[{"count":0,"href":"https:\/\/candas365.es\/noticias\/wp-json\/wp\/v2\/posts\/162724\/revisions"}],"wp:featuredmedia":[{"embeddable":true,"href":"https:\/\/candas365.es\/noticias\/wp-json\/wp\/v2\/media\/162725"}],"wp:attachment":[{"href":"https:\/\/candas365.es\/noticias\/wp-json\/wp\/v2\/media?parent=162724"}],"wp:term":[{"taxonomy":"category","embeddable":true,"href":"https:\/\/candas365.es\/noticias\/wp-json\/wp\/v2\/categories?post=162724"},{"taxonomy":"post_tag","embeddable":true,"href":"https:\/\/candas365.es\/noticias\/wp-json\/wp\/v2\/tags?post=162724"}],"curies":[{"name":"wp","href":"https:\/\/api.w.org\/{rel}","templated":true}]}}