{"id":162552,"date":"2022-06-28T10:15:38","date_gmt":"2022-06-28T08:15:38","guid":{"rendered":"http:\/\/candas365.es\/noticias\/?p=162552"},"modified":"2022-06-28T10:15:38","modified_gmt":"2022-06-28T08:15:38","slug":"encuentro-entre-sanchez-y-biden-mas-que-una-foto","status":"publish","type":"post","link":"https:\/\/candas365.es\/noticias\/encuentro-entre-sanchez-y-biden-mas-que-una-foto\/","title":{"rendered":"Encuentro entre S\u00e1nchez y Biden: M\u00e1s que una foto"},"content":{"rendered":"<p>(EP) &#8211; El presidente del Gobierno, <strong><a href=\"https:\/\/candas365.es\/noticias\/sanchez-reivindiquemos-con-orgullo-la-diversidad-y-el-respeto\/\"><span style=\"color: #ff6600;\">Pedro S\u00e1nchez<\/span><\/a>, recibir\u00e1 finalmente este martes en el Palacio de la Moncloa al presidente de EEUU, Joe Biden<\/strong>, con la vista puesta en escenificar lo que el Ejecutivo se ha esforzado en asegurar que es una relaci\u00f3n bilateral s\u00f3lida despu\u00e9s del fallido encuentro de hace un a\u00f1o que se qued\u00f3 en una breve charla de apenas 30 segundos.<\/p>\n<figure id=\"attachment_162553\" aria-describedby=\"caption-attachment-162553\" style=\"width: 635px\" class=\"wp-caption aligncenter\"><img fetchpriority=\"high\" decoding=\"async\" class=\"wp-image-162553 size-large\" src=\"https:\/\/candas365.es\/noticias\/wp-content\/uploads\/2022\/06\/Sanchez-y-Biden-635x480.jpg\" alt=\"S\u00e1nchez y Biden\" width=\"635\" height=\"480\" srcset=\"https:\/\/candas365.es\/noticias\/wp-content\/uploads\/2022\/06\/Sanchez-y-Biden-635x480.jpg 635w, https:\/\/candas365.es\/noticias\/wp-content\/uploads\/2022\/06\/Sanchez-y-Biden-360x272.jpg 360w, https:\/\/candas365.es\/noticias\/wp-content\/uploads\/2022\/06\/Sanchez-y-Biden-768x580.jpg 768w, https:\/\/candas365.es\/noticias\/wp-content\/uploads\/2022\/06\/Sanchez-y-Biden-150x113.jpg 150w, https:\/\/candas365.es\/noticias\/wp-content\/uploads\/2022\/06\/Sanchez-y-Biden-450x340.jpg 450w, https:\/\/candas365.es\/noticias\/wp-content\/uploads\/2022\/06\/Sanchez-y-Biden.jpg 810w\" sizes=\"(max-width: 635px) 100vw, 635px\" \/><figcaption id=\"caption-attachment-162553\" class=\"wp-caption-text\">Pool Moncloa\/Borja Puig de la Bellacasa \/ EP<\/figcaption><\/figure>\n<p>El marco, como entonces, volver\u00e1 a ser el mismo, la cumbre de la OTAN, pero si entonces S\u00e1nchez tuvo que contentarse con un breve cruce de impresiones con Biden mientras ambos caminaban hacia la sala de reuni\u00f3n tras la foto de familia de los l\u00edderes aliados en Bruselas, ahora ambos mantendr\u00e1n un encuentro bilateral propiamente dicho.<\/p>\n<p>El presidente estadounidense viaja a Madrid con motivo de la cumbre de la OTAN, ocasi\u00f3n que Moncloa y Casa Blanca han aprovechado para cerrar la reuni\u00f3n. Biden, que ser\u00e1 recibido en la base a\u00e9rea de Torrej\u00f3n de Ardoz (Madrid) por el Rey Felipe VI tambi\u00e9n mantendr\u00e1 un encuentro con el monarca en el Palacio Real, previo a la cena que los Reyes brindar\u00e1n a todos los l\u00edderes que asisten a la cumbre.<\/p>\n<p>No obstante, despu\u00e9s del encuentro fallido en Bruselas hace un a\u00f1o, que Moncloa hab\u00eda anticipado a la prensa y que finalmente no tuvo el cariz que el Gobierno esperaba aunque se intent\u00f3 rebajar lo ocurrido, la reuni\u00f3n entre los dos presidentes no se confirm\u00f3 hasta el jueves pasado, cuando la agenda del mandatario estadounidense ya estuvo bien atada, para evitar sorpresas.<\/p>\n<p>Con todo, <strong>la esperada foto y el encuentro entre S\u00e1nchez y Biden servir\u00e1 para escenificar una relaci\u00f3n que para el Gobierno es estrat\u00e9gica<\/strong> y que Washington tambi\u00e9n se ha encargado de ensalzar en todo este tiempo, negando problemas con la coalici\u00f3n que conforman PSOE y Unidas Podemos, incluso en momentos en que desde el socio menor han arreciado las cr\u00edticas hacia Estados Unidos y en particular hacia la OTAN.<\/p>\n<h2>PRIMER CONTACTO SEIS MESES DESPU\u00c9S<\/h2>\n<p>S\u00e1nchez no habl\u00f3 con Biden hasta que ambos coincidieron en la cumbre de la Alianza en Bruselas en junio pasado, pese a que el dem\u00f3crata lleg\u00f3 a la Casa Blanca el 20 de enero y que en las semana siguientes habl\u00f3 por tel\u00e9fono con decenas de l\u00edderes internacionales. Entonces, desde Moncloa se esgrimi\u00f3 que hab\u00eda contactos a todos los niveles y no hab\u00eda ning\u00fan problema.<\/p>\n<p>La toma de Afganist\u00e1n por los talib\u00e1n en agosto de 2021 fue la ocasi\u00f3n para demostrar la fortaleza de la relaci\u00f3n: Biden llam\u00f3 por tel\u00e9fono a S\u00e1nchez para pedirle usar las bases de Mor\u00f3n y Rota para la evacuaci\u00f3n de afganos que durante las dos \u00faltimas d\u00e9cadas hab\u00edan trabajado para Estados Unidos. La respuesta fue afirmativa y Washington se encarg\u00f3 de agradecer en varias ocasiones la cooperaci\u00f3n espa\u00f1ola, que permiti\u00f3 que los vuelos de evacuaci\u00f3n hicieran escala en las bases espa\u00f1olas.<\/p>\n<p>El presidente volvi\u00f3 a coincidir con Biden en octubre, con motivo de la cumbre del G-20, donde nuevamente pudieron intercambiar unas breves impresiones, y en marzo con motivo de la cumbre extraordinaria de l\u00edderes de la OTAN para discutir sobre la invasi\u00f3n rusa de Ucrania, si bien entonces no hubo contacto entre ambos.<\/p>\n<p>El mandatario estadounidense llam\u00f3 a S\u00e1nchez el pasado 21 de junio para hablar sobre la cumbre de la OTAN y para agradecer al Gobierno espa\u00f1ol los preparativos para esta cita, de la que saldr\u00e1 el nuevo Concepto Estrat\u00e9gico que recoja las amenazas a las que hace frente la Alianza y las estrategias para confrontarlas durante la pr\u00f3xima d\u00e9cada.<\/p>\n<p>Adem\u00e1s, el presidente del Gobierno ha participado en varias cumbres organizadas por Biden desde su llegada a la Casa Blanca sobre distinta tem\u00e1tica como la pandemia de COVID-19, el cambio clim\u00e1tico o la democracia.<\/p>\n<h2>AGENDA DE LA CITA<\/h2>\n<p>La agenda del encuentro vendr\u00e1 marcada, a buen seguro, por la cumbre de la OTAN, pero tambi\u00e9n por el conflicto en Ucrania y la amenaza rusa. Espa\u00f1a y Estados Unidos est\u00e1n en sinton\u00eda en lo relativo a esta cuesti\u00f3n y han impuesto sanciones similares contra Rusia y sus dirigentes, a los que responsabilizan de la invasi\u00f3n \u00abilegal e injustificada\u00bb.<\/p>\n<p>La Casa Blanca ha adelantado que el encuentro servir\u00e1 para \u00abseguir coordinando y apoyando a Ucrania y para hacer que Rusia rinda cuentas\u00bb por la invasi\u00f3n, as\u00ed como para discutir sobre la cooperaci\u00f3n en materia de defensa, tanto a nivel bilateral como en el seno de la Alianza.<\/p>\n<p>Tambi\u00e9n cabe esperar, dado el inter\u00e9s del Gobierno espa\u00f1ol en que la OTAN mire hacia el flanco sur y las amenazas que provienen de \u00e9l, en particular del Sahel, que el tema se cuele en el encuentro. Cabe recordar en este sentido la buena relaci\u00f3n que mantiene Estados Unidos con Marruecos, un socio fundamental en la lucha contra el terrorismo en la regi\u00f3n, en el marco ahora de la nueva etapa iniciada entre Rabat y Madrid.<\/p>\n<p>Como es habitual, la cita servir\u00e1 tambi\u00e9n para repasar las relaciones bilaterales en todos sus \u00e1mbitos, con especial inter\u00e9s en la coyuntura actual en el econ\u00f3mico. Estados Unidos es ya el principal suministrador de gas natural de Espa\u00f1a tras desbancar en los \u00faltimos meses a Argelia, pa\u00eds con el que la relaci\u00f3n bilateral atraviesa actualmente una profunda crisis por el respaldo del Gobierno al plan de autonom\u00eda marroqu\u00ed para el S\u00e1hara.<\/p>\n<p>Seg\u00fan la Casa Blanca, Biden y S\u00e1nchez tambi\u00e9n hablar\u00e1n sobre \u00abla promoci\u00f3n de valores compartidos y prosperidad econ\u00f3mica en Am\u00e9rica Latina, el Caribe y \u00c1frica\u00bb adem\u00e1s de sobre la necesidad de colaborar para hacer frente a desaf\u00edos globales como el cambio clim\u00e1tico o la seguridad sanitaria.<\/p>\n<p>Por otra parte, S\u00e1nchez ha reivindicado en varias ocasiones su sinton\u00eda con Biden, cuya agenda progresista ha ensalzado. La semana pasada, despu\u00e9s del hist\u00f3rico fallo del Tribunal Supremo de Estados Unidos anulando el derecho al aborto en el pa\u00eds, el presidente del Gobierno critic\u00f3 el fallo, como tambi\u00e9n lo hizo el mandatario estadounidense.<\/p>\n<p>\u00abNo podemos dar por sentado ning\u00fan derecho. Las conquistas sociales siempre est\u00e1n en riesgo de retroceder y su defensa tiene que ser nuestro d\u00eda a d\u00eda\u00bb, reivindic\u00f3 S\u00e1nchez, quien al igual que el presidente estadounidense tambi\u00e9n ha respaldado un mayor control de armas en Estados Unidos, ante las continuadas matanzas.<\/p>\n","protected":false},"excerpt":{"rendered":"<p>(EP) &#8211; El presidente del Gobierno, Pedro S\u00e1nchez, recibir\u00e1 finalmente este martes en el Palacio de la Moncloa al presidente de EEUU, Joe Biden, con la vista puesta en escenificar lo que el Ejecutivo se ha esforzado en asegurar que es una relaci\u00f3n bilateral s\u00f3lida despu\u00e9s del fallido encuentro de hace un a\u00f1o que se<\/p>\n","protected":false},"author":1,"featured_media":162553,"comment_status":"closed","ping_status":"closed","sticky":false,"template":"","format":"standard","meta":{"footnotes":""},"categories":[343,316],"tags":[466,458,418],"class_list":{"0":"post-162552","1":"post","2":"type-post","3":"status-publish","4":"format-standard","5":"has-post-thumbnail","7":"category-actualidad","8":"category-destacadas","9":"tag-espana","10":"tag-estados-unidos","11":"tag-internacional"},"aioseo_notices":[],"aioseo_head":"\n\t\t<!-- All in One SEO Pro 4.9.6.2 - aioseo.com -->\n\t<meta name=\"description\" content=\"(EP) - El presidente del Gobierno, Pedro S\u00e1nchez, recibir\u00e1 finalmente este martes en el Palacio de la Moncloa al presidente de EEUU, Joe Biden,\" \/>\n\t<meta name=\"robots\" content=\"max-image-preview:large\" \/>\n\t<meta name=\"author\" content=\"Cand\u00e1s 365\"\/>\n\t<meta name=\"google-site-verification\" content=\"UA-32230408-1\" \/>\n\t<meta name=\"msvalidate.01\" content=\"354F3CDFB2DA171B47FBE9ABF1F88D5\" \/>\n\t<meta name=\"keywords\" content=\"actualidad,destacadas\" \/>\n\t<link rel=\"canonical\" href=\"https:\/\/candas365.es\/noticias\/encuentro-entre-sanchez-y-biden-mas-que-una-foto\/\" \/>\n\t<meta name=\"generator\" content=\"All in One SEO Pro (AIOSEO) 4.9.6.2\" \/>\n\t\t<meta property=\"og:locale\" content=\"es_ES\" \/>\n\t\t<meta property=\"og:site_name\" content=\"Cand\u00e1s 365\" \/>\n\t\t<meta property=\"og:type\" content=\"article\" \/>\n\t\t<meta property=\"og:title\" content=\"Encuentro entre S\u00e1nchez y Biden: M\u00e1s que una foto | Cand\u00e1s 365\" \/>\n\t\t<meta property=\"og:description\" content=\"(EP) - El presidente del Gobierno, Pedro S\u00e1nchez, recibir\u00e1 finalmente este martes en el Palacio de la Moncloa al presidente de EEUU, Joe Biden,\" \/>\n\t\t<meta property=\"og:url\" content=\"https:\/\/candas365.es\/noticias\/encuentro-entre-sanchez-y-biden-mas-que-una-foto\/\" \/>\n\t\t<meta property=\"og:image\" content=\"https:\/\/candas365.es\/noticias\/wp-content\/uploads\/2022\/06\/Sanchez-y-Biden.jpg\" \/>\n\t\t<meta property=\"og:image:secure_url\" content=\"https:\/\/candas365.es\/noticias\/wp-content\/uploads\/2022\/06\/Sanchez-y-Biden.jpg\" \/>\n\t\t<meta property=\"og:image:width\" content=\"810\" \/>\n\t\t<meta property=\"og:image:height\" content=\"612\" \/>\n\t\t<meta property=\"article:published_time\" content=\"2022-06-28T08:15:38+00:00\" \/>\n\t\t<meta property=\"article:modified_time\" content=\"2022-06-28T08:15:38+00:00\" \/>\n\t\t<meta property=\"article:publisher\" content=\"https:\/\/www.facebook.com\/Nachofdezber\" \/>\n\t\t<meta property=\"article:author\" content=\"https:\/\/www.facebook.com\/carrenoactualidad\" \/>\n\t\t<meta name=\"twitter:card\" content=\"summary_large_image\" \/>\n\t\t<meta name=\"twitter:site\" content=\"@NabercoDigital\" \/>\n\t\t<meta name=\"twitter:title\" content=\"Encuentro entre S\u00e1nchez y Biden: M\u00e1s que una foto | Cand\u00e1s 365\" \/>\n\t\t<meta name=\"twitter:description\" content=\"(EP) - El presidente del Gobierno, Pedro S\u00e1nchez, recibir\u00e1 finalmente este martes en el Palacio de la Moncloa al presidente de EEUU, Joe Biden,\" \/>\n\t\t<meta name=\"twitter:creator\" content=\"@nbasturias\" \/>\n\t\t<meta name=\"twitter:image\" content=\"https:\/\/candas365.es\/noticias\/wp-content\/uploads\/2022\/06\/Sanchez-y-Biden.jpg\" \/>\n\t\t<meta name=\"twitter:label1\" content=\"Escrito por\" \/>\n\t\t<meta name=\"twitter:data1\" content=\"Cand\u00e1s 365\" \/>\n\t\t<meta name=\"twitter:label2\" content=\"Tiempo de lectura estimado\" \/>\n\t\t<meta name=\"twitter:data2\" content=\"6 minutos\" \/>\n\t\t<script type=\"application\/ld+json\" class=\"aioseo-schema\">\n\t\t\t{\"@context\":\"https:\\\/\\\/schema.org\",\"@graph\":[{\"@type\":\"BreadcrumbList\",\"@id\":\"https:\\\/\\\/candas365.es\\\/noticias\\\/encuentro-entre-sanchez-y-biden-mas-que-una-foto\\\/#breadcrumblist\",\"itemListElement\":[{\"@type\":\"ListItem\",\"@id\":\"https:\\\/\\\/candas365.es\\\/noticias#listItem\",\"position\":1,\"name\":\"Home\",\"item\":\"https:\\\/\\\/candas365.es\\\/noticias\",\"nextItem\":{\"@type\":\"ListItem\",\"@id\":\"https:\\\/\\\/candas365.es\\\/noticias\\\/category\\\/destacadas\\\/#listItem\",\"name\":\"Destacadas\"}},{\"@type\":\"ListItem\",\"@id\":\"https:\\\/\\\/candas365.es\\\/noticias\\\/category\\\/destacadas\\\/#listItem\",\"position\":2,\"name\":\"Destacadas\",\"item\":\"https:\\\/\\\/candas365.es\\\/noticias\\\/category\\\/destacadas\\\/\",\"nextItem\":{\"@type\":\"ListItem\",\"@id\":\"https:\\\/\\\/candas365.es\\\/noticias\\\/encuentro-entre-sanchez-y-biden-mas-que-una-foto\\\/#listItem\",\"name\":\"Encuentro entre S\\u00e1nchez y Biden: M\\u00e1s que una foto\"},\"previousItem\":{\"@type\":\"ListItem\",\"@id\":\"https:\\\/\\\/candas365.es\\\/noticias#listItem\",\"name\":\"Home\"}},{\"@type\":\"ListItem\",\"@id\":\"https:\\\/\\\/candas365.es\\\/noticias\\\/encuentro-entre-sanchez-y-biden-mas-que-una-foto\\\/#listItem\",\"position\":3,\"name\":\"Encuentro entre S\\u00e1nchez y Biden: M\\u00e1s que una foto\",\"previousItem\":{\"@type\":\"ListItem\",\"@id\":\"https:\\\/\\\/candas365.es\\\/noticias\\\/category\\\/destacadas\\\/#listItem\",\"name\":\"Destacadas\"}}]},{\"@type\":\"NewsArticle\",\"@id\":\"https:\\\/\\\/candas365.es\\\/noticias\\\/encuentro-entre-sanchez-y-biden-mas-que-una-foto\\\/#newsarticle\",\"name\":\"Encuentro entre S\\u00e1nchez y Biden: M\\u00e1s que una foto | Cand\\u00e1s 365\",\"headline\":\"Encuentro entre S\\u00e1nchez y Biden: M\\u00e1s que una foto\",\"author\":{\"@id\":\"https:\\\/\\\/candas365.es\\\/noticias\\\/author\\\/admin\\\/#author\"},\"publisher\":{\"@id\":\"https:\\\/\\\/candas365.es\\\/noticias\\\/#organization\"},\"image\":{\"@type\":\"ImageObject\",\"url\":\"https:\\\/\\\/candas365.es\\\/noticias\\\/wp-content\\\/uploads\\\/2022\\\/06\\\/Sanchez-y-Biden.jpg\",\"width\":810,\"height\":612,\"caption\":\"Pool Moncloa\\\/Borja Puig de la Bellacasa \\\/ EP\"},\"datePublished\":\"2022-06-28T10:15:38+02:00\",\"dateModified\":\"2022-06-28T10:15:38+02:00\",\"inLanguage\":\"es-ES\",\"mainEntityOfPage\":{\"@id\":\"https:\\\/\\\/candas365.es\\\/noticias\\\/encuentro-entre-sanchez-y-biden-mas-que-una-foto\\\/#webpage\"},\"isPartOf\":{\"@id\":\"https:\\\/\\\/candas365.es\\\/noticias\\\/encuentro-entre-sanchez-y-biden-mas-que-una-foto\\\/#webpage\"},\"articleSection\":\"Actualidad, Destacadas, Espa\\u00f1a, Estados Unidos, Internacional\",\"dateline\":\"Publicado el junio 28, 2022.\"},{\"@type\":\"Organization\",\"@id\":\"https:\\\/\\\/candas365.es\\\/noticias\\\/#organization\",\"name\":\"Cand\\u00e1s 365\",\"description\":\"Cand\\u00e1s 365 es un diario digital independiente, fundado en 2012, con base en Asturias. Informamos con rigor sobre actualidad, sociedad, cultura y ocio, con una mirada local y global.\",\"url\":\"https:\\\/\\\/candas365.es\\\/noticias\\\/\",\"email\":\"info@candas365.es\",\"telephone\":\"+34652131393\",\"foundingDate\":\"2012-06-10\",\"logo\":{\"@type\":\"ImageObject\",\"url\":\"https:\\\/\\\/candas365.es\\\/noticias\\\/wp-content\\\/uploads\\\/2024\\\/09\\\/Candas-365-Redes.jpg\",\"@id\":\"https:\\\/\\\/candas365.es\\\/noticias\\\/encuentro-entre-sanchez-y-biden-mas-que-una-foto\\\/#organizationLogo\",\"width\":1152,\"height\":864,\"caption\":\"Cand\\u00e1s 365 Redes\"},\"image\":{\"@id\":\"https:\\\/\\\/candas365.es\\\/noticias\\\/encuentro-entre-sanchez-y-biden-mas-que-una-foto\\\/#organizationLogo\"},\"sameAs\":[\"https:\\\/\\\/www.facebook.com\\\/Nachofdezber\",\"https:\\\/\\\/x.com\\\/NabercoDigital\",\"https:\\\/\\\/www.instagram.com\\\/nachofdezber\\\/\",\"https:\\\/\\\/www.youtube.com\\\/channel\\\/UCZP-2wLEB9Rv6erhFmqVnvg\"],\"address\":{\"@id\":\"https:\\\/\\\/candas365.es\\\/noticias\\\/#postaladdress\",\"@type\":\"PostalAddress\",\"streetAddress\":\"san antonio 4, san antonio 4\",\"postalCode\":\"33430\",\"addressLocality\":\"Cand\\u00e1s\",\"addressRegion\":\"Asturias\",\"addressCountry\":\"ES\"}},{\"@type\":\"Person\",\"@id\":\"https:\\\/\\\/candas365.es\\\/noticias\\\/author\\\/admin\\\/#author\",\"url\":\"https:\\\/\\\/candas365.es\\\/noticias\\\/author\\\/admin\\\/\",\"name\":\"Cand\\u00e1s 365\",\"image\":{\"@type\":\"ImageObject\",\"@id\":\"https:\\\/\\\/candas365.es\\\/noticias\\\/encuentro-entre-sanchez-y-biden-mas-que-una-foto\\\/#authorImage\",\"url\":\"https:\\\/\\\/secure.gravatar.com\\\/avatar\\\/496a8e03d0c493ede1718b7934145dbdf8d89be1036b0eec9544e1094c9de390?s=96&d=mm&r=g\",\"width\":96,\"height\":96,\"caption\":\"Cand\\u00e1s 365\"},\"sameAs\":[\"https:\\\/\\\/www.facebook.com\\\/carrenoactualidad\",\"https:\\\/\\\/twitter.com\\\/nbasturias\",\"https:\\\/\\\/www.instagram.com\\\/nachofdezber\\\/\",\"https:\\\/\\\/www.youtube.com\\\/channel\\\/UCZP-2wLEB9Rv6erhFmqVnvg\"]},{\"@type\":\"WebPage\",\"@id\":\"https:\\\/\\\/candas365.es\\\/noticias\\\/encuentro-entre-sanchez-y-biden-mas-que-una-foto\\\/#webpage\",\"url\":\"https:\\\/\\\/candas365.es\\\/noticias\\\/encuentro-entre-sanchez-y-biden-mas-que-una-foto\\\/\",\"name\":\"Encuentro entre S\\u00e1nchez y Biden: M\\u00e1s que una foto | Cand\\u00e1s 365\",\"description\":\"(EP) - El presidente del Gobierno, Pedro S\\u00e1nchez, recibir\\u00e1 finalmente este martes en el Palacio de la Moncloa al presidente de EEUU, Joe Biden,\",\"inLanguage\":\"es-ES\",\"isPartOf\":{\"@id\":\"https:\\\/\\\/candas365.es\\\/noticias\\\/#website\"},\"breadcrumb\":{\"@id\":\"https:\\\/\\\/candas365.es\\\/noticias\\\/encuentro-entre-sanchez-y-biden-mas-que-una-foto\\\/#breadcrumblist\"},\"author\":{\"@id\":\"https:\\\/\\\/candas365.es\\\/noticias\\\/author\\\/admin\\\/#author\"},\"creator\":{\"@id\":\"https:\\\/\\\/candas365.es\\\/noticias\\\/author\\\/admin\\\/#author\"},\"image\":{\"@type\":\"ImageObject\",\"url\":\"https:\\\/\\\/candas365.es\\\/noticias\\\/wp-content\\\/uploads\\\/2022\\\/06\\\/Sanchez-y-Biden.jpg\",\"@id\":\"https:\\\/\\\/candas365.es\\\/noticias\\\/encuentro-entre-sanchez-y-biden-mas-que-una-foto\\\/#mainImage\",\"width\":810,\"height\":612,\"caption\":\"Pool Moncloa\\\/Borja Puig de la Bellacasa \\\/ EP\"},\"primaryImageOfPage\":{\"@id\":\"https:\\\/\\\/candas365.es\\\/noticias\\\/encuentro-entre-sanchez-y-biden-mas-que-una-foto\\\/#mainImage\"},\"datePublished\":\"2022-06-28T10:15:38+02:00\",\"dateModified\":\"2022-06-28T10:15:38+02:00\"},{\"@type\":\"WebSite\",\"@id\":\"https:\\\/\\\/candas365.es\\\/noticias\\\/#website\",\"url\":\"https:\\\/\\\/candas365.es\\\/noticias\\\/\",\"name\":\"Cand\\u00e1s 365\",\"alternateName\":\"Cand\\u00e1s 365 Noticias\",\"description\":\"Actualidad desde Carre\\u00f1o para el mundo\",\"inLanguage\":\"es-ES\",\"publisher\":{\"@id\":\"https:\\\/\\\/candas365.es\\\/noticias\\\/#organization\"}}]}\n\t\t<\/script>\n\t\t<!-- All in One SEO Pro -->\r\n\t\t<title>Encuentro entre S\u00e1nchez y Biden: M\u00e1s que una foto | Cand\u00e1s 365<\/title>\n\n","aioseo_head_json":{"title":"Encuentro entre S\u00e1nchez y Biden: M\u00e1s que una foto | Cand\u00e1s 365","description":"(EP) - El presidente del Gobierno, Pedro S\u00e1nchez, recibir\u00e1 finalmente este martes en el Palacio de la Moncloa al presidente de EEUU, Joe Biden,","canonical_url":"https:\/\/candas365.es\/noticias\/encuentro-entre-sanchez-y-biden-mas-que-una-foto\/","robots":"max-image-preview:large","keywords":"actualidad,destacadas","webmasterTools":{"google-site-verification":"UA-32230408-1","msvalidate.01":"354F3CDFB2DA171B47FBE9ABF1F88D5","miscellaneous":""},"schema":{"@context":"https:\/\/schema.org","@graph":[{"@type":"BreadcrumbList","@id":"https:\/\/candas365.es\/noticias\/encuentro-entre-sanchez-y-biden-mas-que-una-foto\/#breadcrumblist","itemListElement":[{"@type":"ListItem","@id":"https:\/\/candas365.es\/noticias#listItem","position":1,"name":"Home","item":"https:\/\/candas365.es\/noticias","nextItem":{"@type":"ListItem","@id":"https:\/\/candas365.es\/noticias\/category\/destacadas\/#listItem","name":"Destacadas"}},{"@type":"ListItem","@id":"https:\/\/candas365.es\/noticias\/category\/destacadas\/#listItem","position":2,"name":"Destacadas","item":"https:\/\/candas365.es\/noticias\/category\/destacadas\/","nextItem":{"@type":"ListItem","@id":"https:\/\/candas365.es\/noticias\/encuentro-entre-sanchez-y-biden-mas-que-una-foto\/#listItem","name":"Encuentro entre S\u00e1nchez y Biden: M\u00e1s que una foto"},"previousItem":{"@type":"ListItem","@id":"https:\/\/candas365.es\/noticias#listItem","name":"Home"}},{"@type":"ListItem","@id":"https:\/\/candas365.es\/noticias\/encuentro-entre-sanchez-y-biden-mas-que-una-foto\/#listItem","position":3,"name":"Encuentro entre S\u00e1nchez y Biden: M\u00e1s que una foto","previousItem":{"@type":"ListItem","@id":"https:\/\/candas365.es\/noticias\/category\/destacadas\/#listItem","name":"Destacadas"}}]},{"@type":"NewsArticle","@id":"https:\/\/candas365.es\/noticias\/encuentro-entre-sanchez-y-biden-mas-que-una-foto\/#newsarticle","name":"Encuentro entre S\u00e1nchez y Biden: M\u00e1s que una foto | Cand\u00e1s 365","headline":"Encuentro entre S\u00e1nchez y Biden: M\u00e1s que una foto","author":{"@id":"https:\/\/candas365.es\/noticias\/author\/admin\/#author"},"publisher":{"@id":"https:\/\/candas365.es\/noticias\/#organization"},"image":{"@type":"ImageObject","url":"https:\/\/candas365.es\/noticias\/wp-content\/uploads\/2022\/06\/Sanchez-y-Biden.jpg","width":810,"height":612,"caption":"Pool Moncloa\/Borja Puig de la Bellacasa \/ EP"},"datePublished":"2022-06-28T10:15:38+02:00","dateModified":"2022-06-28T10:15:38+02:00","inLanguage":"es-ES","mainEntityOfPage":{"@id":"https:\/\/candas365.es\/noticias\/encuentro-entre-sanchez-y-biden-mas-que-una-foto\/#webpage"},"isPartOf":{"@id":"https:\/\/candas365.es\/noticias\/encuentro-entre-sanchez-y-biden-mas-que-una-foto\/#webpage"},"articleSection":"Actualidad, Destacadas, Espa\u00f1a, Estados Unidos, Internacional","dateline":"Publicado el junio 28, 2022."},{"@type":"Organization","@id":"https:\/\/candas365.es\/noticias\/#organization","name":"Cand\u00e1s 365","description":"Cand\u00e1s 365 es un diario digital independiente, fundado en 2012, con base en Asturias. Informamos con rigor sobre actualidad, sociedad, cultura y ocio, con una mirada local y global.","url":"https:\/\/candas365.es\/noticias\/","email":"info@candas365.es","telephone":"+34652131393","foundingDate":"2012-06-10","logo":{"@type":"ImageObject","url":"https:\/\/candas365.es\/noticias\/wp-content\/uploads\/2024\/09\/Candas-365-Redes.jpg","@id":"https:\/\/candas365.es\/noticias\/encuentro-entre-sanchez-y-biden-mas-que-una-foto\/#organizationLogo","width":1152,"height":864,"caption":"Cand\u00e1s 365 Redes"},"image":{"@id":"https:\/\/candas365.es\/noticias\/encuentro-entre-sanchez-y-biden-mas-que-una-foto\/#organizationLogo"},"sameAs":["https:\/\/www.facebook.com\/Nachofdezber","https:\/\/x.com\/NabercoDigital","https:\/\/www.instagram.com\/nachofdezber\/","https:\/\/www.youtube.com\/channel\/UCZP-2wLEB9Rv6erhFmqVnvg"],"address":{"@id":"https:\/\/candas365.es\/noticias\/#postaladdress","@type":"PostalAddress","streetAddress":"san antonio 4, san antonio 4","postalCode":"33430","addressLocality":"Cand\u00e1s","addressRegion":"Asturias","addressCountry":"ES"}},{"@type":"Person","@id":"https:\/\/candas365.es\/noticias\/author\/admin\/#author","url":"https:\/\/candas365.es\/noticias\/author\/admin\/","name":"Cand\u00e1s 365","image":{"@type":"ImageObject","@id":"https:\/\/candas365.es\/noticias\/encuentro-entre-sanchez-y-biden-mas-que-una-foto\/#authorImage","url":"https:\/\/secure.gravatar.com\/avatar\/496a8e03d0c493ede1718b7934145dbdf8d89be1036b0eec9544e1094c9de390?s=96&d=mm&r=g","width":96,"height":96,"caption":"Cand\u00e1s 365"},"sameAs":["https:\/\/www.facebook.com\/carrenoactualidad","https:\/\/twitter.com\/nbasturias","https:\/\/www.instagram.com\/nachofdezber\/","https:\/\/www.youtube.com\/channel\/UCZP-2wLEB9Rv6erhFmqVnvg"]},{"@type":"WebPage","@id":"https:\/\/candas365.es\/noticias\/encuentro-entre-sanchez-y-biden-mas-que-una-foto\/#webpage","url":"https:\/\/candas365.es\/noticias\/encuentro-entre-sanchez-y-biden-mas-que-una-foto\/","name":"Encuentro entre S\u00e1nchez y Biden: M\u00e1s que una foto | Cand\u00e1s 365","description":"(EP) - El presidente del Gobierno, Pedro S\u00e1nchez, recibir\u00e1 finalmente este martes en el Palacio de la Moncloa al presidente de EEUU, Joe Biden,","inLanguage":"es-ES","isPartOf":{"@id":"https:\/\/candas365.es\/noticias\/#website"},"breadcrumb":{"@id":"https:\/\/candas365.es\/noticias\/encuentro-entre-sanchez-y-biden-mas-que-una-foto\/#breadcrumblist"},"author":{"@id":"https:\/\/candas365.es\/noticias\/author\/admin\/#author"},"creator":{"@id":"https:\/\/candas365.es\/noticias\/author\/admin\/#author"},"image":{"@type":"ImageObject","url":"https:\/\/candas365.es\/noticias\/wp-content\/uploads\/2022\/06\/Sanchez-y-Biden.jpg","@id":"https:\/\/candas365.es\/noticias\/encuentro-entre-sanchez-y-biden-mas-que-una-foto\/#mainImage","width":810,"height":612,"caption":"Pool Moncloa\/Borja Puig de la Bellacasa \/ EP"},"primaryImageOfPage":{"@id":"https:\/\/candas365.es\/noticias\/encuentro-entre-sanchez-y-biden-mas-que-una-foto\/#mainImage"},"datePublished":"2022-06-28T10:15:38+02:00","dateModified":"2022-06-28T10:15:38+02:00"},{"@type":"WebSite","@id":"https:\/\/candas365.es\/noticias\/#website","url":"https:\/\/candas365.es\/noticias\/","name":"Cand\u00e1s 365","alternateName":"Cand\u00e1s 365 Noticias","description":"Actualidad desde Carre\u00f1o para el mundo","inLanguage":"es-ES","publisher":{"@id":"https:\/\/candas365.es\/noticias\/#organization"}}]},"og:locale":"es_ES","og:site_name":"Cand\u00e1s 365","og:type":"article","og:title":"Encuentro entre S\u00e1nchez y Biden: M\u00e1s que una foto | Cand\u00e1s 365","og:description":"(EP) - El presidente del Gobierno, Pedro S\u00e1nchez, recibir\u00e1 finalmente este martes en el Palacio de la Moncloa al presidente de EEUU, Joe Biden,","og:url":"https:\/\/candas365.es\/noticias\/encuentro-entre-sanchez-y-biden-mas-que-una-foto\/","og:image":"https:\/\/candas365.es\/noticias\/wp-content\/uploads\/2022\/06\/Sanchez-y-Biden.jpg","og:image:secure_url":"https:\/\/candas365.es\/noticias\/wp-content\/uploads\/2022\/06\/Sanchez-y-Biden.jpg","og:image:width":810,"og:image:height":612,"article:published_time":"2022-06-28T08:15:38+00:00","article:modified_time":"2022-06-28T08:15:38+00:00","article:publisher":"https:\/\/www.facebook.com\/Nachofdezber","article:author":"https:\/\/www.facebook.com\/carrenoactualidad","twitter:card":"summary_large_image","twitter:site":"@NabercoDigital","twitter:title":"Encuentro entre S\u00e1nchez y Biden: M\u00e1s que una foto | Cand\u00e1s 365","twitter:description":"(EP) - El presidente del Gobierno, Pedro S\u00e1nchez, recibir\u00e1 finalmente este martes en el Palacio de la Moncloa al presidente de EEUU, Joe Biden,","twitter:creator":"@nbasturias","twitter:image":"https:\/\/candas365.es\/noticias\/wp-content\/uploads\/2022\/06\/Sanchez-y-Biden.jpg","twitter:label1":"Escrito por","twitter:data1":"Cand\u00e1s 365","twitter:label2":"Tiempo de lectura estimado","twitter:data2":"6 minutos"},"aioseo_meta_data":{"post_id":"162552","title":null,"description":"(EP) - El presidente del Gobierno, Pedro S\u00e1nchez, recibir\u00e1 finalmente este martes en el Palacio de la Moncloa al presidente de EEUU, Joe Biden,","keywords":[],"keyphrases":{"focus":{"keyphrase":"S\u00e1nchez","score":83,"analysis":{"keyphraseInTitle":{"title":"Focus keyphrase in SEO title","description":"Focus keyphrase found in SEO title.","score":9,"maxScore":9,"error":0},"keyphraseInDescription":{"title":"Focus keyphrase in meta description","description":"Focus keyphrase found in meta description.","score":9,"maxScore":9,"error":0},"keyphraseLength":{"title":"Focus keyphrase length","description":"Good job!","score":9,"maxScore":9,"error":0,"length":1},"keyphraseInURL":{"title":"Focus keyphrase in URL","description":"Focus keyphrase not found in the URL.","score":1,"maxScore":5,"error":1},"keyphraseInIntroduction":{"title":"Focus keyphrase in introduction","description":"Your Focus keyphrase appears in the first paragraph. Well done!","score":9,"maxScore":9,"error":0},"keyphraseInSubHeadings":{"title":"Focus keyphrase in Subheadings","description":"Use your focus keyphrase more in your H2 and H3 subheadings.","score":3,"maxScore":9,"error":1},"keyphraseInImageAlt":{"title":"Focus keyphrase in image alt attributes","description":"Focus keyphrase found in image alt attribute(s).","score":9,"maxScore":9,"error":0}}},"additional":[{"keyphrase":"Joe Biden","score":83,"analysis":{"keyphraseInDescription":{"title":"Keyphrase in meta description","description":"Keyphrase found in meta description.","score":9,"maxScore":9,"error":0},"keyphraseLength":{"title":"Keyphrase length","description":"Good job!","score":9,"maxScore":9,"error":0,"length":2},"keyphraseInIntroduction":{"title":"Keyphrase in introduction","description":"Your Keyphrase appears in the first paragraph. Well done!","score":9,"maxScore":9,"error":0},"keyphraseInImageAlt":{"title":"Keyphrase in image alt attributes","description":"Keyphrase not found in image alt attribute(s). Add an image with your Keyphrase as alt text.","score":3,"maxScore":9,"error":1}}},{"keyphrase":"Biden","score":100,"analysis":{"keyphraseInDescription":{"title":"Keyphrase in meta description","description":"Keyphrase found in meta description.","score":9,"maxScore":9,"error":0},"keyphraseLength":{"title":"Keyphrase length","description":"Good job!","score":9,"maxScore":9,"error":0,"length":1},"keyphraseInIntroduction":{"title":"Keyphrase in introduction","description":"Your Keyphrase appears in the first paragraph. Well done!","score":9,"maxScore":9,"error":0},"keyphraseInImageAlt":{"title":"Keyphrase in image alt attributes","description":"Keyphrase found in image alt attribute(s).","score":9,"maxScore":9,"error":0}}}]},"primary_term":null,"canonical_url":null,"og_title":null,"og_description":null,"og_object_type":"default","og_image_type":"default","og_image_url":null,"og_image_width":null,"og_image_height":null,"og_image_custom_url":null,"og_image_custom_fields":null,"og_video":"","og_custom_url":null,"og_article_section":null,"og_article_tags":[],"twitter_use_og":false,"twitter_card":"default","twitter_image_type":"default","twitter_image_url":null,"twitter_image_custom_url":null,"twitter_image_custom_fields":null,"twitter_title":null,"twitter_description":null,"schema":{"blockGraphs":[],"customGraphs":[],"default":{"data":{"Article":[],"Course":[],"Dataset":[],"FAQPage":[],"Movie":[],"Person":[],"Product":[],"ProductReview":[],"Car":[],"Recipe":[],"Service":[],"SoftwareApplication":[],"WebPage":[]},"graphName":"","isEnabled":true},"graphs":[],"defaultGraph":"Article","defaultPostTypeGraph":""},"schema_type":"default","schema_type_options":"{\"article\":{\"articleType\":\"BlogPosting\"},\"course\":{\"name\":\"\",\"description\":\"\",\"provider\":\"\"},\"faq\":{\"pages\":[]},\"product\":{\"reviews\":[]},\"recipe\":{\"ingredients\":[],\"instructions\":[],\"keywords\":[]},\"software\":{\"reviews\":[],\"operatingSystems\":[]},\"webPage\":{\"webPageType\":\"WebPage\"}}","pillar_content":false,"robots_default":true,"robots_noindex":false,"robots_noarchive":false,"robots_nosnippet":false,"robots_nofollow":false,"robots_noimageindex":false,"robots_noodp":false,"robots_notranslate":false,"robots_max_snippet":"-1","robots_max_videopreview":"-1","robots_max_imagepreview":"large","priority":null,"frequency":"default","location":null,"local_seo":null,"seo_analyzer_scan_date":"2025-09-01 07:39:19","breadcrumb_settings":null,"limit_modified_date":false,"reviewed_by":null,"open_ai":null,"ai":null,"created":"2022-06-28 08:07:58","updated":"2025-09-01 07:39:19"},"aioseo_breadcrumb":"<div class=\"aioseo-breadcrumbs\"><span class=\"aioseo-breadcrumb\">\n\t<a href=\"https:\/\/candas365.es\/noticias\" title=\"Home\">Home<\/a>\n<\/span><span class=\"aioseo-breadcrumb-separator\">&ndash;<\/span><span class=\"aioseo-breadcrumb\">\n\t<a href=\"https:\/\/candas365.es\/noticias\/category\/destacadas\/\" title=\"Destacadas\">Destacadas<\/a>\n<\/span><span class=\"aioseo-breadcrumb-separator\">&ndash;<\/span><span class=\"aioseo-breadcrumb\">\n\tEncuentro entre S\u00e1nchez y Biden: M\u00e1s que una foto\n<\/span><\/div>","aioseo_breadcrumb_json":[{"label":"Home","link":"https:\/\/candas365.es\/noticias"},{"label":"Destacadas","link":"https:\/\/candas365.es\/noticias\/category\/destacadas\/"},{"label":"Encuentro entre S\u00e1nchez y Biden: M\u00e1s que una foto","link":"https:\/\/candas365.es\/noticias\/encuentro-entre-sanchez-y-biden-mas-que-una-foto\/"}],"_links":{"self":[{"href":"https:\/\/candas365.es\/noticias\/wp-json\/wp\/v2\/posts\/162552","targetHints":{"allow":["GET"]}}],"collection":[{"href":"https:\/\/candas365.es\/noticias\/wp-json\/wp\/v2\/posts"}],"about":[{"href":"https:\/\/candas365.es\/noticias\/wp-json\/wp\/v2\/types\/post"}],"author":[{"embeddable":true,"href":"https:\/\/candas365.es\/noticias\/wp-json\/wp\/v2\/users\/1"}],"replies":[{"embeddable":true,"href":"https:\/\/candas365.es\/noticias\/wp-json\/wp\/v2\/comments?post=162552"}],"version-history":[{"count":0,"href":"https:\/\/candas365.es\/noticias\/wp-json\/wp\/v2\/posts\/162552\/revisions"}],"wp:featuredmedia":[{"embeddable":true,"href":"https:\/\/candas365.es\/noticias\/wp-json\/wp\/v2\/media\/162553"}],"wp:attachment":[{"href":"https:\/\/candas365.es\/noticias\/wp-json\/wp\/v2\/media?parent=162552"}],"wp:term":[{"taxonomy":"category","embeddable":true,"href":"https:\/\/candas365.es\/noticias\/wp-json\/wp\/v2\/categories?post=162552"},{"taxonomy":"post_tag","embeddable":true,"href":"https:\/\/candas365.es\/noticias\/wp-json\/wp\/v2\/tags?post=162552"}],"curies":[{"name":"wp","href":"https:\/\/api.w.org\/{rel}","templated":true}]}}