{"id":162546,"date":"2022-06-28T09:33:06","date_gmt":"2022-06-28T07:33:06","guid":{"rendered":"http:\/\/candas365.es\/noticias\/?p=162546"},"modified":"2022-06-28T09:33:06","modified_gmt":"2022-06-28T07:33:06","slug":"sanchez-reivindiquemos-con-orgullo-la-diversidad-y-el-respeto","status":"publish","type":"post","link":"https:\/\/candas365.es\/noticias\/sanchez-reivindiquemos-con-orgullo-la-diversidad-y-el-respeto\/","title":{"rendered":"S\u00e1nchez: \u00abReivindiquemos con orgullo la diversidad y el respeto\u00bb"},"content":{"rendered":"<p>(EP) &#8211; El presidente del Gobierno, Pedro S\u00e1nchez, ha reivindicado los derechos de las personas LGTBI con motivo del D\u00eda Nacional del Orgullo LGTBI que se celebra este martes, 28 de junio, y ha asegurado que el Ejecutivo no permitir\u00e1 \u00abni un paso atr\u00e1s\u00bb.<\/p>\n<figure id=\"attachment_162547\" aria-describedby=\"caption-attachment-162547\" style=\"width: 650px\" class=\"wp-caption aligncenter\"><img fetchpriority=\"high\" decoding=\"async\" class=\"wp-image-162547 size-large\" src=\"https:\/\/candas365.es\/noticias\/wp-content\/uploads\/2022\/06\/Sanchez-650x423.jpg\" alt=\"S\u00e1nchez\" width=\"650\" height=\"423\" srcset=\"https:\/\/candas365.es\/noticias\/wp-content\/uploads\/2022\/06\/Sanchez-650x423.jpg 650w, https:\/\/candas365.es\/noticias\/wp-content\/uploads\/2022\/06\/Sanchez-360x234.jpg 360w, https:\/\/candas365.es\/noticias\/wp-content\/uploads\/2022\/06\/Sanchez-768x499.jpg 768w, https:\/\/candas365.es\/noticias\/wp-content\/uploads\/2022\/06\/Sanchez-150x98.jpg 150w, https:\/\/candas365.es\/noticias\/wp-content\/uploads\/2022\/06\/Sanchez-450x293.jpg 450w, https:\/\/candas365.es\/noticias\/wp-content\/uploads\/2022\/06\/Sanchez.jpg 1000w\" sizes=\"(max-width: 650px) 100vw, 650px\" \/><figcaption id=\"caption-attachment-162547\" class=\"wp-caption-text\">FOTO: Jes\u00fas Hell\u00edn &#8211; Europa Press<\/figcaption><\/figure>\n<p>\u00abReivindiquemos con orgullo la diversidad y el respeto. Reivindiquemos cada d\u00eda el derecho a ser en libertad\u00bb, ha escrito el presidente del Gobierno en un mensaje que ha publicado en la red social Twitter.<\/p>\n<p>S\u00e1nchez ha se\u00f1alado, adem\u00e1s, que es \u00abprioritario\u00bb para el Gobierno garantizar que las personas de este colectivo \u00abvivan en igualdad\u00bb, as\u00ed como \u00abproteger y ampliar sus derechos\u00bb.<\/p>\n<p>El Consejo de Ministros ha aprobado este lunes el acuerdo por el que se aprueba la declaraci\u00f3n institucional con motivo de este d\u00eda, en la que el Gobierno defiende formalmente que esta celebraci\u00f3n \u00abes el orgullo de toda Espa\u00f1a\u00bb y manifiesta su orgullo por ser \u00abuna sociedad inclusiva, respetuosa y que valora las diferencias como una riqueza que no debe implicar, nunca m\u00e1s, una desigualdad de trato\u00bb.<\/p>\n<p>Con esta declaraci\u00f3n institucional, el Ejecutivo renueva su compromiso con \u00ablos principios de libertad, de dignidad y de libre desarrollo de la personalidad de toda la ciudadan\u00eda, incluidas, como no puede ser menos, las personas LGTBI\u00bb.<\/p>\n","protected":false},"excerpt":{"rendered":"<p>(EP) &#8211; El presidente del Gobierno, Pedro S\u00e1nchez, ha reivindicado los derechos de las personas LGTBI con motivo del D\u00eda Nacional del Orgullo LGTBI que se celebra este martes, 28 de junio, y ha asegurado que el Ejecutivo no permitir\u00e1 \u00abni un paso atr\u00e1s\u00bb. \u00abReivindiquemos con orgullo la diversidad y el respeto. Reivindiquemos cada d\u00eda<\/p>\n","protected":false},"author":1,"featured_media":162547,"comment_status":"closed","ping_status":"closed","sticky":false,"template":"","format":"standard","meta":{"footnotes":""},"categories":[343],"tags":[466,411],"class_list":{"0":"post-162546","1":"post","2":"type-post","3":"status-publish","4":"format-standard","5":"has-post-thumbnail","7":"category-actualidad","8":"tag-espana","9":"tag-viajes"},"aioseo_notices":[],"aioseo_head":"\n\t\t<!-- All in One SEO Pro 4.9.6.2 - aioseo.com -->\n\t<meta name=\"description\" content=\"(EP) - El presidente del Gobierno, Pedro S\u00e1nchez, ha reivindicado los derechos de las personas LGTBI con motivo del D\u00eda Nacional del Orgullo LGTBI\" \/>\n\t<meta name=\"robots\" content=\"max-image-preview:large\" \/>\n\t<meta name=\"author\" content=\"Cand\u00e1s 365\"\/>\n\t<meta name=\"google-site-verification\" content=\"UA-32230408-1\" \/>\n\t<meta name=\"msvalidate.01\" content=\"354F3CDFB2DA171B47FBE9ABF1F88D5\" \/>\n\t<meta name=\"keywords\" content=\"actualidad\" \/>\n\t<link rel=\"canonical\" href=\"https:\/\/candas365.es\/noticias\/sanchez-reivindiquemos-con-orgullo-la-diversidad-y-el-respeto\/\" \/>\n\t<meta name=\"generator\" content=\"All in One SEO Pro (AIOSEO) 4.9.6.2\" \/>\n\t\t<meta property=\"og:locale\" content=\"es_ES\" \/>\n\t\t<meta property=\"og:site_name\" content=\"Cand\u00e1s 365\" \/>\n\t\t<meta property=\"og:type\" content=\"article\" \/>\n\t\t<meta property=\"og:title\" content=\"S\u00e1nchez: \u00abReivindiquemos con orgullo la diversidad y el respeto\u00bb | Cand\u00e1s 365\" \/>\n\t\t<meta property=\"og:description\" content=\"(EP) - El presidente del Gobierno, Pedro S\u00e1nchez, ha reivindicado los derechos de las personas LGTBI con motivo del D\u00eda Nacional del Orgullo LGTBI\" \/>\n\t\t<meta property=\"og:url\" content=\"https:\/\/candas365.es\/noticias\/sanchez-reivindiquemos-con-orgullo-la-diversidad-y-el-respeto\/\" \/>\n\t\t<meta property=\"og:image\" content=\"https:\/\/candas365.es\/noticias\/wp-content\/uploads\/2022\/06\/Sanchez.jpg\" \/>\n\t\t<meta property=\"og:image:secure_url\" content=\"https:\/\/candas365.es\/noticias\/wp-content\/uploads\/2022\/06\/Sanchez.jpg\" \/>\n\t\t<meta property=\"og:image:width\" content=\"1000\" \/>\n\t\t<meta property=\"og:image:height\" content=\"650\" \/>\n\t\t<meta property=\"article:published_time\" content=\"2022-06-28T07:33:06+00:00\" \/>\n\t\t<meta property=\"article:modified_time\" content=\"2022-06-28T07:33:06+00:00\" \/>\n\t\t<meta property=\"article:publisher\" content=\"https:\/\/www.facebook.com\/Nachofdezber\" \/>\n\t\t<meta property=\"article:author\" content=\"https:\/\/www.facebook.com\/carrenoactualidad\" \/>\n\t\t<meta name=\"twitter:card\" content=\"summary_large_image\" \/>\n\t\t<meta name=\"twitter:site\" content=\"@NabercoDigital\" \/>\n\t\t<meta name=\"twitter:title\" content=\"S\u00e1nchez: \u00abReivindiquemos con orgullo la diversidad y el respeto\u00bb | Cand\u00e1s 365\" \/>\n\t\t<meta name=\"twitter:description\" content=\"(EP) - El presidente del Gobierno, Pedro S\u00e1nchez, ha reivindicado los derechos de las personas LGTBI con motivo del D\u00eda Nacional del Orgullo LGTBI\" \/>\n\t\t<meta name=\"twitter:creator\" content=\"@nbasturias\" \/>\n\t\t<meta name=\"twitter:image\" content=\"https:\/\/candas365.es\/noticias\/wp-content\/uploads\/2022\/06\/Sanchez.jpg\" \/>\n\t\t<meta name=\"twitter:label1\" content=\"Escrito por\" \/>\n\t\t<meta name=\"twitter:data1\" content=\"Cand\u00e1s 365\" \/>\n\t\t<meta name=\"twitter:label2\" content=\"Tiempo de lectura estimado\" \/>\n\t\t<meta name=\"twitter:data2\" content=\"1 minuto\" \/>\n\t\t<script type=\"application\/ld+json\" class=\"aioseo-schema\">\n\t\t\t{\"@context\":\"https:\\\/\\\/schema.org\",\"@graph\":[{\"@type\":\"BreadcrumbList\",\"@id\":\"https:\\\/\\\/candas365.es\\\/noticias\\\/sanchez-reivindiquemos-con-orgullo-la-diversidad-y-el-respeto\\\/#breadcrumblist\",\"itemListElement\":[{\"@type\":\"ListItem\",\"@id\":\"https:\\\/\\\/candas365.es\\\/noticias#listItem\",\"position\":1,\"name\":\"Home\",\"item\":\"https:\\\/\\\/candas365.es\\\/noticias\",\"nextItem\":{\"@type\":\"ListItem\",\"@id\":\"https:\\\/\\\/candas365.es\\\/noticias\\\/category\\\/actualidad\\\/#listItem\",\"name\":\"Actualidad\"}},{\"@type\":\"ListItem\",\"@id\":\"https:\\\/\\\/candas365.es\\\/noticias\\\/category\\\/actualidad\\\/#listItem\",\"position\":2,\"name\":\"Actualidad\",\"item\":\"https:\\\/\\\/candas365.es\\\/noticias\\\/category\\\/actualidad\\\/\",\"nextItem\":{\"@type\":\"ListItem\",\"@id\":\"https:\\\/\\\/candas365.es\\\/noticias\\\/sanchez-reivindiquemos-con-orgullo-la-diversidad-y-el-respeto\\\/#listItem\",\"name\":\"S\\u00e1nchez: \\u00abReivindiquemos con orgullo la diversidad y el respeto\\u00bb\"},\"previousItem\":{\"@type\":\"ListItem\",\"@id\":\"https:\\\/\\\/candas365.es\\\/noticias#listItem\",\"name\":\"Home\"}},{\"@type\":\"ListItem\",\"@id\":\"https:\\\/\\\/candas365.es\\\/noticias\\\/sanchez-reivindiquemos-con-orgullo-la-diversidad-y-el-respeto\\\/#listItem\",\"position\":3,\"name\":\"S\\u00e1nchez: \\u00abReivindiquemos con orgullo la diversidad y el respeto\\u00bb\",\"previousItem\":{\"@type\":\"ListItem\",\"@id\":\"https:\\\/\\\/candas365.es\\\/noticias\\\/category\\\/actualidad\\\/#listItem\",\"name\":\"Actualidad\"}}]},{\"@type\":\"NewsArticle\",\"@id\":\"https:\\\/\\\/candas365.es\\\/noticias\\\/sanchez-reivindiquemos-con-orgullo-la-diversidad-y-el-respeto\\\/#newsarticle\",\"name\":\"S\\u00e1nchez: \\u00abReivindiquemos con orgullo la diversidad y el respeto\\u00bb | Cand\\u00e1s 365\",\"headline\":\"S\\u00e1nchez: \\u00abReivindiquemos con orgullo la diversidad y el respeto\\u00bb\",\"author\":{\"@id\":\"https:\\\/\\\/candas365.es\\\/noticias\\\/author\\\/admin\\\/#author\"},\"publisher\":{\"@id\":\"https:\\\/\\\/candas365.es\\\/noticias\\\/#organization\"},\"image\":{\"@type\":\"ImageObject\",\"url\":\"https:\\\/\\\/candas365.es\\\/noticias\\\/wp-content\\\/uploads\\\/2022\\\/06\\\/Sanchez.jpg\",\"width\":1000,\"height\":650,\"caption\":\"FOTO: Jes\\u00fas Hell\\u00edn - Europa Press\"},\"datePublished\":\"2022-06-28T09:33:06+02:00\",\"dateModified\":\"2022-06-28T09:33:06+02:00\",\"inLanguage\":\"es-ES\",\"mainEntityOfPage\":{\"@id\":\"https:\\\/\\\/candas365.es\\\/noticias\\\/sanchez-reivindiquemos-con-orgullo-la-diversidad-y-el-respeto\\\/#webpage\"},\"isPartOf\":{\"@id\":\"https:\\\/\\\/candas365.es\\\/noticias\\\/sanchez-reivindiquemos-con-orgullo-la-diversidad-y-el-respeto\\\/#webpage\"},\"articleSection\":\"Actualidad, Espa\\u00f1a, viajes\",\"dateline\":\"Publicado el junio 28, 2022.\"},{\"@type\":\"Organization\",\"@id\":\"https:\\\/\\\/candas365.es\\\/noticias\\\/#organization\",\"name\":\"Cand\\u00e1s 365\",\"description\":\"Cand\\u00e1s 365 es un diario digital independiente, fundado en 2012, con base en Asturias. Informamos con rigor sobre actualidad, sociedad, cultura y ocio, con una mirada local y global.\",\"url\":\"https:\\\/\\\/candas365.es\\\/noticias\\\/\",\"email\":\"info@candas365.es\",\"telephone\":\"+34652131393\",\"foundingDate\":\"2012-06-10\",\"logo\":{\"@type\":\"ImageObject\",\"url\":\"https:\\\/\\\/candas365.es\\\/noticias\\\/wp-content\\\/uploads\\\/2024\\\/09\\\/Candas-365-Redes.jpg\",\"@id\":\"https:\\\/\\\/candas365.es\\\/noticias\\\/sanchez-reivindiquemos-con-orgullo-la-diversidad-y-el-respeto\\\/#organizationLogo\",\"width\":1152,\"height\":864,\"caption\":\"Cand\\u00e1s 365 Redes\"},\"image\":{\"@id\":\"https:\\\/\\\/candas365.es\\\/noticias\\\/sanchez-reivindiquemos-con-orgullo-la-diversidad-y-el-respeto\\\/#organizationLogo\"},\"sameAs\":[\"https:\\\/\\\/www.facebook.com\\\/Nachofdezber\",\"https:\\\/\\\/x.com\\\/NabercoDigital\",\"https:\\\/\\\/www.instagram.com\\\/nachofdezber\\\/\",\"https:\\\/\\\/www.youtube.com\\\/channel\\\/UCZP-2wLEB9Rv6erhFmqVnvg\"],\"address\":{\"@id\":\"https:\\\/\\\/candas365.es\\\/noticias\\\/#postaladdress\",\"@type\":\"PostalAddress\",\"streetAddress\":\"san antonio 4, san antonio 4\",\"postalCode\":\"33430\",\"addressLocality\":\"Cand\\u00e1s\",\"addressRegion\":\"Asturias\",\"addressCountry\":\"ES\"}},{\"@type\":\"Person\",\"@id\":\"https:\\\/\\\/candas365.es\\\/noticias\\\/author\\\/admin\\\/#author\",\"url\":\"https:\\\/\\\/candas365.es\\\/noticias\\\/author\\\/admin\\\/\",\"name\":\"Cand\\u00e1s 365\",\"image\":{\"@type\":\"ImageObject\",\"@id\":\"https:\\\/\\\/candas365.es\\\/noticias\\\/sanchez-reivindiquemos-con-orgullo-la-diversidad-y-el-respeto\\\/#authorImage\",\"url\":\"https:\\\/\\\/secure.gravatar.com\\\/avatar\\\/496a8e03d0c493ede1718b7934145dbdf8d89be1036b0eec9544e1094c9de390?s=96&d=mm&r=g\",\"width\":96,\"height\":96,\"caption\":\"Cand\\u00e1s 365\"},\"sameAs\":[\"https:\\\/\\\/www.facebook.com\\\/carrenoactualidad\",\"https:\\\/\\\/twitter.com\\\/nbasturias\",\"https:\\\/\\\/www.instagram.com\\\/nachofdezber\\\/\",\"https:\\\/\\\/www.youtube.com\\\/channel\\\/UCZP-2wLEB9Rv6erhFmqVnvg\"]},{\"@type\":\"WebPage\",\"@id\":\"https:\\\/\\\/candas365.es\\\/noticias\\\/sanchez-reivindiquemos-con-orgullo-la-diversidad-y-el-respeto\\\/#webpage\",\"url\":\"https:\\\/\\\/candas365.es\\\/noticias\\\/sanchez-reivindiquemos-con-orgullo-la-diversidad-y-el-respeto\\\/\",\"name\":\"S\\u00e1nchez: \\u00abReivindiquemos con orgullo la diversidad y el respeto\\u00bb | Cand\\u00e1s 365\",\"description\":\"(EP) - El presidente del Gobierno, Pedro S\\u00e1nchez, ha reivindicado los derechos de las personas LGTBI con motivo del D\\u00eda Nacional del Orgullo LGTBI\",\"inLanguage\":\"es-ES\",\"isPartOf\":{\"@id\":\"https:\\\/\\\/candas365.es\\\/noticias\\\/#website\"},\"breadcrumb\":{\"@id\":\"https:\\\/\\\/candas365.es\\\/noticias\\\/sanchez-reivindiquemos-con-orgullo-la-diversidad-y-el-respeto\\\/#breadcrumblist\"},\"author\":{\"@id\":\"https:\\\/\\\/candas365.es\\\/noticias\\\/author\\\/admin\\\/#author\"},\"creator\":{\"@id\":\"https:\\\/\\\/candas365.es\\\/noticias\\\/author\\\/admin\\\/#author\"},\"image\":{\"@type\":\"ImageObject\",\"url\":\"https:\\\/\\\/candas365.es\\\/noticias\\\/wp-content\\\/uploads\\\/2022\\\/06\\\/Sanchez.jpg\",\"@id\":\"https:\\\/\\\/candas365.es\\\/noticias\\\/sanchez-reivindiquemos-con-orgullo-la-diversidad-y-el-respeto\\\/#mainImage\",\"width\":1000,\"height\":650,\"caption\":\"FOTO: Jes\\u00fas Hell\\u00edn - Europa Press\"},\"primaryImageOfPage\":{\"@id\":\"https:\\\/\\\/candas365.es\\\/noticias\\\/sanchez-reivindiquemos-con-orgullo-la-diversidad-y-el-respeto\\\/#mainImage\"},\"datePublished\":\"2022-06-28T09:33:06+02:00\",\"dateModified\":\"2022-06-28T09:33:06+02:00\"},{\"@type\":\"WebSite\",\"@id\":\"https:\\\/\\\/candas365.es\\\/noticias\\\/#website\",\"url\":\"https:\\\/\\\/candas365.es\\\/noticias\\\/\",\"name\":\"Cand\\u00e1s 365\",\"alternateName\":\"Cand\\u00e1s 365 Noticias\",\"description\":\"Actualidad desde Carre\\u00f1o para el mundo\",\"inLanguage\":\"es-ES\",\"publisher\":{\"@id\":\"https:\\\/\\\/candas365.es\\\/noticias\\\/#organization\"}}]}\n\t\t<\/script>\n\t\t<!-- All in One SEO Pro -->\r\n\t\t<title>S\u00e1nchez: \u00abReivindiquemos con orgullo la diversidad y el respeto\u00bb | Cand\u00e1s 365<\/title>\n\n","aioseo_head_json":{"title":"S\u00e1nchez: \u00abReivindiquemos con orgullo la diversidad y el respeto\u00bb | Cand\u00e1s 365","description":"(EP) - El presidente del Gobierno, Pedro S\u00e1nchez, ha reivindicado los derechos de las personas LGTBI con motivo del D\u00eda Nacional del Orgullo LGTBI","canonical_url":"https:\/\/candas365.es\/noticias\/sanchez-reivindiquemos-con-orgullo-la-diversidad-y-el-respeto\/","robots":"max-image-preview:large","keywords":"actualidad","webmasterTools":{"google-site-verification":"UA-32230408-1","msvalidate.01":"354F3CDFB2DA171B47FBE9ABF1F88D5","miscellaneous":""},"schema":{"@context":"https:\/\/schema.org","@graph":[{"@type":"BreadcrumbList","@id":"https:\/\/candas365.es\/noticias\/sanchez-reivindiquemos-con-orgullo-la-diversidad-y-el-respeto\/#breadcrumblist","itemListElement":[{"@type":"ListItem","@id":"https:\/\/candas365.es\/noticias#listItem","position":1,"name":"Home","item":"https:\/\/candas365.es\/noticias","nextItem":{"@type":"ListItem","@id":"https:\/\/candas365.es\/noticias\/category\/actualidad\/#listItem","name":"Actualidad"}},{"@type":"ListItem","@id":"https:\/\/candas365.es\/noticias\/category\/actualidad\/#listItem","position":2,"name":"Actualidad","item":"https:\/\/candas365.es\/noticias\/category\/actualidad\/","nextItem":{"@type":"ListItem","@id":"https:\/\/candas365.es\/noticias\/sanchez-reivindiquemos-con-orgullo-la-diversidad-y-el-respeto\/#listItem","name":"S\u00e1nchez: \u00abReivindiquemos con orgullo la diversidad y el respeto\u00bb"},"previousItem":{"@type":"ListItem","@id":"https:\/\/candas365.es\/noticias#listItem","name":"Home"}},{"@type":"ListItem","@id":"https:\/\/candas365.es\/noticias\/sanchez-reivindiquemos-con-orgullo-la-diversidad-y-el-respeto\/#listItem","position":3,"name":"S\u00e1nchez: \u00abReivindiquemos con orgullo la diversidad y el respeto\u00bb","previousItem":{"@type":"ListItem","@id":"https:\/\/candas365.es\/noticias\/category\/actualidad\/#listItem","name":"Actualidad"}}]},{"@type":"NewsArticle","@id":"https:\/\/candas365.es\/noticias\/sanchez-reivindiquemos-con-orgullo-la-diversidad-y-el-respeto\/#newsarticle","name":"S\u00e1nchez: \u00abReivindiquemos con orgullo la diversidad y el respeto\u00bb | Cand\u00e1s 365","headline":"S\u00e1nchez: \u00abReivindiquemos con orgullo la diversidad y el respeto\u00bb","author":{"@id":"https:\/\/candas365.es\/noticias\/author\/admin\/#author"},"publisher":{"@id":"https:\/\/candas365.es\/noticias\/#organization"},"image":{"@type":"ImageObject","url":"https:\/\/candas365.es\/noticias\/wp-content\/uploads\/2022\/06\/Sanchez.jpg","width":1000,"height":650,"caption":"FOTO: Jes\u00fas Hell\u00edn - Europa Press"},"datePublished":"2022-06-28T09:33:06+02:00","dateModified":"2022-06-28T09:33:06+02:00","inLanguage":"es-ES","mainEntityOfPage":{"@id":"https:\/\/candas365.es\/noticias\/sanchez-reivindiquemos-con-orgullo-la-diversidad-y-el-respeto\/#webpage"},"isPartOf":{"@id":"https:\/\/candas365.es\/noticias\/sanchez-reivindiquemos-con-orgullo-la-diversidad-y-el-respeto\/#webpage"},"articleSection":"Actualidad, Espa\u00f1a, viajes","dateline":"Publicado el junio 28, 2022."},{"@type":"Organization","@id":"https:\/\/candas365.es\/noticias\/#organization","name":"Cand\u00e1s 365","description":"Cand\u00e1s 365 es un diario digital independiente, fundado en 2012, con base en Asturias. Informamos con rigor sobre actualidad, sociedad, cultura y ocio, con una mirada local y global.","url":"https:\/\/candas365.es\/noticias\/","email":"info@candas365.es","telephone":"+34652131393","foundingDate":"2012-06-10","logo":{"@type":"ImageObject","url":"https:\/\/candas365.es\/noticias\/wp-content\/uploads\/2024\/09\/Candas-365-Redes.jpg","@id":"https:\/\/candas365.es\/noticias\/sanchez-reivindiquemos-con-orgullo-la-diversidad-y-el-respeto\/#organizationLogo","width":1152,"height":864,"caption":"Cand\u00e1s 365 Redes"},"image":{"@id":"https:\/\/candas365.es\/noticias\/sanchez-reivindiquemos-con-orgullo-la-diversidad-y-el-respeto\/#organizationLogo"},"sameAs":["https:\/\/www.facebook.com\/Nachofdezber","https:\/\/x.com\/NabercoDigital","https:\/\/www.instagram.com\/nachofdezber\/","https:\/\/www.youtube.com\/channel\/UCZP-2wLEB9Rv6erhFmqVnvg"],"address":{"@id":"https:\/\/candas365.es\/noticias\/#postaladdress","@type":"PostalAddress","streetAddress":"san antonio 4, san antonio 4","postalCode":"33430","addressLocality":"Cand\u00e1s","addressRegion":"Asturias","addressCountry":"ES"}},{"@type":"Person","@id":"https:\/\/candas365.es\/noticias\/author\/admin\/#author","url":"https:\/\/candas365.es\/noticias\/author\/admin\/","name":"Cand\u00e1s 365","image":{"@type":"ImageObject","@id":"https:\/\/candas365.es\/noticias\/sanchez-reivindiquemos-con-orgullo-la-diversidad-y-el-respeto\/#authorImage","url":"https:\/\/secure.gravatar.com\/avatar\/496a8e03d0c493ede1718b7934145dbdf8d89be1036b0eec9544e1094c9de390?s=96&d=mm&r=g","width":96,"height":96,"caption":"Cand\u00e1s 365"},"sameAs":["https:\/\/www.facebook.com\/carrenoactualidad","https:\/\/twitter.com\/nbasturias","https:\/\/www.instagram.com\/nachofdezber\/","https:\/\/www.youtube.com\/channel\/UCZP-2wLEB9Rv6erhFmqVnvg"]},{"@type":"WebPage","@id":"https:\/\/candas365.es\/noticias\/sanchez-reivindiquemos-con-orgullo-la-diversidad-y-el-respeto\/#webpage","url":"https:\/\/candas365.es\/noticias\/sanchez-reivindiquemos-con-orgullo-la-diversidad-y-el-respeto\/","name":"S\u00e1nchez: \u00abReivindiquemos con orgullo la diversidad y el respeto\u00bb | Cand\u00e1s 365","description":"(EP) - El presidente del Gobierno, Pedro S\u00e1nchez, ha reivindicado los derechos de las personas LGTBI con motivo del D\u00eda Nacional del Orgullo LGTBI","inLanguage":"es-ES","isPartOf":{"@id":"https:\/\/candas365.es\/noticias\/#website"},"breadcrumb":{"@id":"https:\/\/candas365.es\/noticias\/sanchez-reivindiquemos-con-orgullo-la-diversidad-y-el-respeto\/#breadcrumblist"},"author":{"@id":"https:\/\/candas365.es\/noticias\/author\/admin\/#author"},"creator":{"@id":"https:\/\/candas365.es\/noticias\/author\/admin\/#author"},"image":{"@type":"ImageObject","url":"https:\/\/candas365.es\/noticias\/wp-content\/uploads\/2022\/06\/Sanchez.jpg","@id":"https:\/\/candas365.es\/noticias\/sanchez-reivindiquemos-con-orgullo-la-diversidad-y-el-respeto\/#mainImage","width":1000,"height":650,"caption":"FOTO: Jes\u00fas Hell\u00edn - Europa Press"},"primaryImageOfPage":{"@id":"https:\/\/candas365.es\/noticias\/sanchez-reivindiquemos-con-orgullo-la-diversidad-y-el-respeto\/#mainImage"},"datePublished":"2022-06-28T09:33:06+02:00","dateModified":"2022-06-28T09:33:06+02:00"},{"@type":"WebSite","@id":"https:\/\/candas365.es\/noticias\/#website","url":"https:\/\/candas365.es\/noticias\/","name":"Cand\u00e1s 365","alternateName":"Cand\u00e1s 365 Noticias","description":"Actualidad desde Carre\u00f1o para el mundo","inLanguage":"es-ES","publisher":{"@id":"https:\/\/candas365.es\/noticias\/#organization"}}]},"og:locale":"es_ES","og:site_name":"Cand\u00e1s 365","og:type":"article","og:title":"S\u00e1nchez: \u00abReivindiquemos con orgullo la diversidad y el respeto\u00bb | Cand\u00e1s 365","og:description":"(EP) - El presidente del Gobierno, Pedro S\u00e1nchez, ha reivindicado los derechos de las personas LGTBI con motivo del D\u00eda Nacional del Orgullo LGTBI","og:url":"https:\/\/candas365.es\/noticias\/sanchez-reivindiquemos-con-orgullo-la-diversidad-y-el-respeto\/","og:image":"https:\/\/candas365.es\/noticias\/wp-content\/uploads\/2022\/06\/Sanchez.jpg","og:image:secure_url":"https:\/\/candas365.es\/noticias\/wp-content\/uploads\/2022\/06\/Sanchez.jpg","og:image:width":1000,"og:image:height":650,"article:published_time":"2022-06-28T07:33:06+00:00","article:modified_time":"2022-06-28T07:33:06+00:00","article:publisher":"https:\/\/www.facebook.com\/Nachofdezber","article:author":"https:\/\/www.facebook.com\/carrenoactualidad","twitter:card":"summary_large_image","twitter:site":"@NabercoDigital","twitter:title":"S\u00e1nchez: \u00abReivindiquemos con orgullo la diversidad y el respeto\u00bb | Cand\u00e1s 365","twitter:description":"(EP) - El presidente del Gobierno, Pedro S\u00e1nchez, ha reivindicado los derechos de las personas LGTBI con motivo del D\u00eda Nacional del Orgullo LGTBI","twitter:creator":"@nbasturias","twitter:image":"https:\/\/candas365.es\/noticias\/wp-content\/uploads\/2022\/06\/Sanchez.jpg","twitter:label1":"Escrito por","twitter:data1":"Cand\u00e1s 365","twitter:label2":"Tiempo de lectura estimado","twitter:data2":"1 minuto"},"aioseo_meta_data":{"post_id":"162546","title":null,"description":"(EP) - El presidente del Gobierno, Pedro S\u00e1nchez, ha reivindicado los derechos de las personas LGTBI con motivo del D\u00eda Nacional del Orgullo LGTBI","keywords":[],"keyphrases":{"focus":{"keyphrase":"S\u00e1nchez","score":100,"analysis":{"keyphraseInTitle":{"title":"Focus keyphrase in SEO title","description":"Focus keyphrase found in SEO title.","score":9,"maxScore":9,"error":0},"keyphraseInDescription":{"title":"Focus keyphrase in meta description","description":"Focus keyphrase found in meta description.","score":9,"maxScore":9,"error":0},"keyphraseLength":{"title":"Focus keyphrase length","description":"Good job!","score":9,"maxScore":9,"error":0,"length":1},"keyphraseInURL":[],"keyphraseInIntroduction":{"title":"Focus keyphrase in introduction","description":"Your Focus keyphrase appears in the first paragraph. Well done!","score":9,"maxScore":9,"error":0},"keyphraseInSubHeadings":[],"keyphraseInImageAlt":{"title":"Focus keyphrase in image alt attributes","description":"Focus keyphrase found in image alt attribute(s).","score":9,"maxScore":9,"error":0}}},"additional":[{"keyphrase":"Pedro S\u00e1nchez","score":83,"analysis":{"keyphraseInDescription":{"title":"Keyphrase in meta description","description":"Keyphrase found in meta description.","score":9,"maxScore":9,"error":0},"keyphraseLength":{"title":"Keyphrase length","description":"Good job!","score":9,"maxScore":9,"error":0,"length":2},"keyphraseInIntroduction":{"title":"Keyphrase in introduction","description":"Your Keyphrase appears in the first paragraph. Well done!","score":9,"maxScore":9,"error":0},"keyphraseInImageAlt":{"title":"Keyphrase in image alt attributes","description":"Keyphrase not found in image alt attribute(s). Add an image with your Keyphrase as alt text.","score":3,"maxScore":9,"error":1}}},{"keyphrase":"Orgullo LGTBI","score":83,"analysis":{"keyphraseInDescription":{"title":"Keyphrase in meta description","description":"Keyphrase found in meta description.","score":9,"maxScore":9,"error":0},"keyphraseLength":{"title":"Keyphrase length","description":"Good job!","score":9,"maxScore":9,"error":0,"length":2},"keyphraseInIntroduction":{"title":"Keyphrase in introduction","description":"Your Keyphrase appears in the first paragraph. Well done!","score":9,"maxScore":9,"error":0},"keyphraseInImageAlt":{"title":"Keyphrase in image alt attributes","description":"Keyphrase not found in image alt attribute(s). Add an image with your Keyphrase as alt text.","score":3,"maxScore":9,"error":1}}},{"keyphrase":"Orgullo","score":83,"analysis":{"keyphraseInDescription":{"title":"Keyphrase in meta description","description":"Keyphrase found in meta description.","score":9,"maxScore":9,"error":0},"keyphraseLength":{"title":"Keyphrase length","description":"Good job!","score":9,"maxScore":9,"error":0,"length":1},"keyphraseInIntroduction":{"title":"Keyphrase in introduction","description":"Your Keyphrase appears in the first paragraph. Well done!","score":9,"maxScore":9,"error":0},"keyphraseInImageAlt":{"title":"Keyphrase in image alt attributes","description":"Keyphrase not found in image alt attribute(s). Add an image with your Keyphrase as alt text.","score":3,"maxScore":9,"error":1}}}]},"primary_term":null,"canonical_url":null,"og_title":null,"og_description":null,"og_object_type":"default","og_image_type":"default","og_image_url":null,"og_image_width":null,"og_image_height":null,"og_image_custom_url":null,"og_image_custom_fields":null,"og_video":"","og_custom_url":null,"og_article_section":null,"og_article_tags":[],"twitter_use_og":false,"twitter_card":"default","twitter_image_type":"default","twitter_image_url":null,"twitter_image_custom_url":null,"twitter_image_custom_fields":null,"twitter_title":null,"twitter_description":null,"schema":{"blockGraphs":[],"customGraphs":[],"default":{"data":{"Article":[],"Course":[],"Dataset":[],"FAQPage":[],"Movie":[],"Person":[],"Product":[],"ProductReview":[],"Car":[],"Recipe":[],"Service":[],"SoftwareApplication":[],"WebPage":[]},"graphName":"","isEnabled":true},"graphs":[],"defaultGraph":"Article","defaultPostTypeGraph":""},"schema_type":"default","schema_type_options":"{\"article\":{\"articleType\":\"BlogPosting\"},\"course\":{\"name\":\"\",\"description\":\"\",\"provider\":\"\"},\"faq\":{\"pages\":[]},\"product\":{\"reviews\":[]},\"recipe\":{\"ingredients\":[],\"instructions\":[],\"keywords\":[]},\"software\":{\"reviews\":[],\"operatingSystems\":[]},\"webPage\":{\"webPageType\":\"WebPage\"}}","pillar_content":false,"robots_default":true,"robots_noindex":false,"robots_noarchive":false,"robots_nosnippet":false,"robots_nofollow":false,"robots_noimageindex":false,"robots_noodp":false,"robots_notranslate":false,"robots_max_snippet":"-1","robots_max_videopreview":"-1","robots_max_imagepreview":"large","priority":null,"frequency":"default","location":null,"local_seo":null,"seo_analyzer_scan_date":"2025-09-01 07:38:20","breadcrumb_settings":null,"limit_modified_date":false,"reviewed_by":null,"open_ai":null,"ai":null,"created":"2022-06-28 07:26:44","updated":"2025-09-01 07:38:20"},"aioseo_breadcrumb":"<div class=\"aioseo-breadcrumbs\"><span class=\"aioseo-breadcrumb\">\n\t<a href=\"https:\/\/candas365.es\/noticias\" title=\"Home\">Home<\/a>\n<\/span><span class=\"aioseo-breadcrumb-separator\">&ndash;<\/span><span class=\"aioseo-breadcrumb\">\n\t<a href=\"https:\/\/candas365.es\/noticias\/category\/actualidad\/\" title=\"Actualidad\">Actualidad<\/a>\n<\/span><span class=\"aioseo-breadcrumb-separator\">&ndash;<\/span><span class=\"aioseo-breadcrumb\">\n\tS\u00e1nchez: \u00abReivindiquemos con orgullo la diversidad y el respeto\u00bb\n<\/span><\/div>","aioseo_breadcrumb_json":[{"label":"Home","link":"https:\/\/candas365.es\/noticias"},{"label":"Actualidad","link":"https:\/\/candas365.es\/noticias\/category\/actualidad\/"},{"label":"S\u00e1nchez: \u00abReivindiquemos con orgullo la diversidad y el respeto\u00bb","link":"https:\/\/candas365.es\/noticias\/sanchez-reivindiquemos-con-orgullo-la-diversidad-y-el-respeto\/"}],"_links":{"self":[{"href":"https:\/\/candas365.es\/noticias\/wp-json\/wp\/v2\/posts\/162546","targetHints":{"allow":["GET"]}}],"collection":[{"href":"https:\/\/candas365.es\/noticias\/wp-json\/wp\/v2\/posts"}],"about":[{"href":"https:\/\/candas365.es\/noticias\/wp-json\/wp\/v2\/types\/post"}],"author":[{"embeddable":true,"href":"https:\/\/candas365.es\/noticias\/wp-json\/wp\/v2\/users\/1"}],"replies":[{"embeddable":true,"href":"https:\/\/candas365.es\/noticias\/wp-json\/wp\/v2\/comments?post=162546"}],"version-history":[{"count":0,"href":"https:\/\/candas365.es\/noticias\/wp-json\/wp\/v2\/posts\/162546\/revisions"}],"wp:featuredmedia":[{"embeddable":true,"href":"https:\/\/candas365.es\/noticias\/wp-json\/wp\/v2\/media\/162547"}],"wp:attachment":[{"href":"https:\/\/candas365.es\/noticias\/wp-json\/wp\/v2\/media?parent=162546"}],"wp:term":[{"taxonomy":"category","embeddable":true,"href":"https:\/\/candas365.es\/noticias\/wp-json\/wp\/v2\/categories?post=162546"},{"taxonomy":"post_tag","embeddable":true,"href":"https:\/\/candas365.es\/noticias\/wp-json\/wp\/v2\/tags?post=162546"}],"curies":[{"name":"wp","href":"https:\/\/api.w.org\/{rel}","templated":true}]}}