{"id":162193,"date":"2022-06-09T03:50:19","date_gmt":"2022-06-09T01:50:19","guid":{"rendered":"http:\/\/candas365.es\/noticias\/?p=162193"},"modified":"2022-06-09T03:50:19","modified_gmt":"2022-06-09T01:50:19","slug":"tropas-rusas-bombardean-la-region-separatista-de-donestk","status":"publish","type":"post","link":"https:\/\/candas365.es\/noticias\/tropas-rusas-bombardean-la-region-separatista-de-donestk\/","title":{"rendered":"Tropas rusas bombardean la regi\u00f3n separatista de Donestk"},"content":{"rendered":"<p>(EP) &#8211; Al menos cuatro civiles han muerto y once han resultado heridos despu\u00e9s de que las tropas rusas hayan bombardeado este mi\u00e9rcoles varios puntos de la regi\u00f3n separatista de Donestk, en el este del pa\u00eds.<\/p>\n<figure id=\"attachment_162194\" aria-describedby=\"caption-attachment-162194\" style=\"width: 650px\" class=\"wp-caption aligncenter\"><img fetchpriority=\"high\" decoding=\"async\" class=\"wp-image-162194 size-large\" src=\"https:\/\/candas365.es\/noticias\/wp-content\/uploads\/2022\/06\/Donestk-650x427.jpg\" alt=\"Donestk\" width=\"650\" height=\"427\" srcset=\"https:\/\/candas365.es\/noticias\/wp-content\/uploads\/2022\/06\/Donestk-650x427.jpg 650w, https:\/\/candas365.es\/noticias\/wp-content\/uploads\/2022\/06\/Donestk-360x237.jpg 360w, https:\/\/candas365.es\/noticias\/wp-content\/uploads\/2022\/06\/Donestk-768x505.jpg 768w, https:\/\/candas365.es\/noticias\/wp-content\/uploads\/2022\/06\/Donestk-150x99.jpg 150w, https:\/\/candas365.es\/noticias\/wp-content\/uploads\/2022\/06\/Donestk-450x296.jpg 450w, https:\/\/candas365.es\/noticias\/wp-content\/uploads\/2022\/06\/Donestk.jpg 978w\" sizes=\"(max-width: 650px) 100vw, 650px\" \/><figcaption id=\"caption-attachment-162194\" class=\"wp-caption-text\">Foto: JULIE REMY \/ Europa Press<\/figcaption><\/figure>\n<p>Tres de las personas muertas se encontraban en la localidad de Kurajovo, mientras que la otra v\u00edctima estaba en la ciudad de Avdivka, seg\u00fan ha informado el jefe de la Administraci\u00f3n militar regional de Donetsk, Pavlo Kyrylenko, en su canal de Telegram.<\/p>\n<p>\u00abEl 8 de junio, los rusos mataron a cuatro civiles en la regi\u00f3n de Donetsk, tres en Kurajovo y uno en Avdivka. Otros 11 civiles resultaron heridos hoy\u00bb, ha detallado Kyrylenko en su mensaje, condenando la actuaci\u00f3n de las tropas rusas y asegurando que ser\u00e1n castigadas por \u00abtodos sus cr\u00edmenes en suelo ucraniano\u00bb.<\/p>\n<p>Por otra parte, las autoridades ucranianas han detallado que este mi\u00e9rcoles ha sido posible aclarar la identidad de cuatro v\u00edctimas mortales en la ciudad de Mari\u00fapol, incluidos dos menores de edad. Sin embargo, de momento se desconoce el n\u00famero exacto de v\u00edctimas en la asediada ciudad ucraniana.<\/p>\n","protected":false},"excerpt":{"rendered":"<p>(EP) &#8211; Al menos cuatro civiles han muerto y once han resultado heridos despu\u00e9s de que las tropas rusas hayan bombardeado este mi\u00e9rcoles varios puntos de la regi\u00f3n separatista de Donestk, en el este del pa\u00eds. Tres de las personas muertas se encontraban en la localidad de Kurajovo, mientras que la otra v\u00edctima estaba en<\/p>\n","protected":false},"author":1,"featured_media":162194,"comment_status":"closed","ping_status":"closed","sticky":false,"template":"","format":"standard","meta":{"footnotes":""},"categories":[343],"tags":[464,418],"class_list":{"0":"post-162193","1":"post","2":"type-post","3":"status-publish","4":"format-standard","5":"has-post-thumbnail","7":"category-actualidad","8":"tag-conflictos","9":"tag-internacional"},"aioseo_notices":[],"aioseo_head":"\n\t\t<!-- All in One SEO Pro 4.9.6.2 - aioseo.com -->\n\t<meta name=\"description\" content=\"(EP) - Al menos cuatro civiles han muerto y once han resultado heridos despu\u00e9s de que las tropas rusas hayan bombardeado este mi\u00e9rcoles varios puntos de\" \/>\n\t<meta name=\"robots\" content=\"max-image-preview:large\" \/>\n\t<meta name=\"author\" content=\"Cand\u00e1s 365\"\/>\n\t<meta name=\"google-site-verification\" content=\"UA-32230408-1\" \/>\n\t<meta name=\"msvalidate.01\" content=\"354F3CDFB2DA171B47FBE9ABF1F88D5\" \/>\n\t<meta name=\"keywords\" content=\"actualidad\" \/>\n\t<link rel=\"canonical\" href=\"https:\/\/candas365.es\/noticias\/tropas-rusas-bombardean-la-region-separatista-de-donestk\/\" \/>\n\t<meta name=\"generator\" content=\"All in One SEO Pro (AIOSEO) 4.9.6.2\" \/>\n\t\t<meta property=\"og:locale\" content=\"es_ES\" \/>\n\t\t<meta property=\"og:site_name\" content=\"Cand\u00e1s 365\" \/>\n\t\t<meta property=\"og:type\" content=\"article\" \/>\n\t\t<meta property=\"og:title\" content=\"Tropas rusas bombardean la regi\u00f3n separatista de Donestk | Cand\u00e1s 365\" \/>\n\t\t<meta property=\"og:description\" content=\"(EP) - Al menos cuatro civiles han muerto y once han resultado heridos despu\u00e9s de que las tropas rusas hayan bombardeado este mi\u00e9rcoles varios puntos de\" \/>\n\t\t<meta property=\"og:url\" content=\"https:\/\/candas365.es\/noticias\/tropas-rusas-bombardean-la-region-separatista-de-donestk\/\" \/>\n\t\t<meta property=\"og:image\" content=\"https:\/\/candas365.es\/noticias\/wp-content\/uploads\/2022\/06\/Donestk.jpg\" \/>\n\t\t<meta property=\"og:image:secure_url\" content=\"https:\/\/candas365.es\/noticias\/wp-content\/uploads\/2022\/06\/Donestk.jpg\" \/>\n\t\t<meta property=\"og:image:width\" content=\"978\" \/>\n\t\t<meta property=\"og:image:height\" content=\"643\" \/>\n\t\t<meta property=\"article:published_time\" content=\"2022-06-09T01:50:19+00:00\" \/>\n\t\t<meta property=\"article:modified_time\" content=\"2022-06-09T01:50:19+00:00\" \/>\n\t\t<meta property=\"article:publisher\" content=\"https:\/\/www.facebook.com\/Nachofdezber\" \/>\n\t\t<meta property=\"article:author\" content=\"https:\/\/www.facebook.com\/carrenoactualidad\" \/>\n\t\t<meta name=\"twitter:card\" content=\"summary_large_image\" \/>\n\t\t<meta name=\"twitter:site\" content=\"@NabercoDigital\" \/>\n\t\t<meta name=\"twitter:title\" content=\"Tropas rusas bombardean la regi\u00f3n separatista de Donestk | Cand\u00e1s 365\" \/>\n\t\t<meta name=\"twitter:description\" content=\"(EP) - Al menos cuatro civiles han muerto y once han resultado heridos despu\u00e9s de que las tropas rusas hayan bombardeado este mi\u00e9rcoles varios puntos de\" \/>\n\t\t<meta name=\"twitter:creator\" content=\"@nbasturias\" \/>\n\t\t<meta name=\"twitter:image\" content=\"https:\/\/candas365.es\/noticias\/wp-content\/uploads\/2022\/06\/Donestk.jpg\" \/>\n\t\t<meta name=\"twitter:label1\" content=\"Escrito por\" \/>\n\t\t<meta name=\"twitter:data1\" content=\"Cand\u00e1s 365\" \/>\n\t\t<meta name=\"twitter:label2\" content=\"Tiempo de lectura estimado\" \/>\n\t\t<meta name=\"twitter:data2\" content=\"1 minuto\" \/>\n\t\t<script type=\"application\/ld+json\" class=\"aioseo-schema\">\n\t\t\t{\"@context\":\"https:\\\/\\\/schema.org\",\"@graph\":[{\"@type\":\"BreadcrumbList\",\"@id\":\"https:\\\/\\\/candas365.es\\\/noticias\\\/tropas-rusas-bombardean-la-region-separatista-de-donestk\\\/#breadcrumblist\",\"itemListElement\":[{\"@type\":\"ListItem\",\"@id\":\"https:\\\/\\\/candas365.es\\\/noticias#listItem\",\"position\":1,\"name\":\"Home\",\"item\":\"https:\\\/\\\/candas365.es\\\/noticias\",\"nextItem\":{\"@type\":\"ListItem\",\"@id\":\"https:\\\/\\\/candas365.es\\\/noticias\\\/category\\\/actualidad\\\/#listItem\",\"name\":\"Actualidad\"}},{\"@type\":\"ListItem\",\"@id\":\"https:\\\/\\\/candas365.es\\\/noticias\\\/category\\\/actualidad\\\/#listItem\",\"position\":2,\"name\":\"Actualidad\",\"item\":\"https:\\\/\\\/candas365.es\\\/noticias\\\/category\\\/actualidad\\\/\",\"nextItem\":{\"@type\":\"ListItem\",\"@id\":\"https:\\\/\\\/candas365.es\\\/noticias\\\/tropas-rusas-bombardean-la-region-separatista-de-donestk\\\/#listItem\",\"name\":\"Tropas rusas bombardean la regi\\u00f3n separatista de Donestk\"},\"previousItem\":{\"@type\":\"ListItem\",\"@id\":\"https:\\\/\\\/candas365.es\\\/noticias#listItem\",\"name\":\"Home\"}},{\"@type\":\"ListItem\",\"@id\":\"https:\\\/\\\/candas365.es\\\/noticias\\\/tropas-rusas-bombardean-la-region-separatista-de-donestk\\\/#listItem\",\"position\":3,\"name\":\"Tropas rusas bombardean la regi\\u00f3n separatista de Donestk\",\"previousItem\":{\"@type\":\"ListItem\",\"@id\":\"https:\\\/\\\/candas365.es\\\/noticias\\\/category\\\/actualidad\\\/#listItem\",\"name\":\"Actualidad\"}}]},{\"@type\":\"NewsArticle\",\"@id\":\"https:\\\/\\\/candas365.es\\\/noticias\\\/tropas-rusas-bombardean-la-region-separatista-de-donestk\\\/#newsarticle\",\"name\":\"Tropas rusas bombardean la regi\\u00f3n separatista de Donestk | Cand\\u00e1s 365\",\"headline\":\"Tropas rusas bombardean la regi\\u00f3n separatista de Donestk\",\"author\":{\"@id\":\"https:\\\/\\\/candas365.es\\\/noticias\\\/author\\\/admin\\\/#author\"},\"publisher\":{\"@id\":\"https:\\\/\\\/candas365.es\\\/noticias\\\/#organization\"},\"image\":{\"@type\":\"ImageObject\",\"url\":\"https:\\\/\\\/candas365.es\\\/noticias\\\/wp-content\\\/uploads\\\/2022\\\/06\\\/Donestk.jpg\",\"width\":978,\"height\":643,\"caption\":\"Foto: JULIE REMY \\\/ Europa Press\"},\"datePublished\":\"2022-06-09T03:50:19+02:00\",\"dateModified\":\"2022-06-09T03:50:19+02:00\",\"inLanguage\":\"es-ES\",\"mainEntityOfPage\":{\"@id\":\"https:\\\/\\\/candas365.es\\\/noticias\\\/tropas-rusas-bombardean-la-region-separatista-de-donestk\\\/#webpage\"},\"isPartOf\":{\"@id\":\"https:\\\/\\\/candas365.es\\\/noticias\\\/tropas-rusas-bombardean-la-region-separatista-de-donestk\\\/#webpage\"},\"articleSection\":\"Actualidad, conflictos, Internacional\",\"dateline\":\"Publicado el junio 9, 2022.\"},{\"@type\":\"Organization\",\"@id\":\"https:\\\/\\\/candas365.es\\\/noticias\\\/#organization\",\"name\":\"Cand\\u00e1s 365\",\"description\":\"Cand\\u00e1s 365 es un diario digital independiente, fundado en 2012, con base en Asturias. Informamos con rigor sobre actualidad, sociedad, cultura y ocio, con una mirada local y global.\",\"url\":\"https:\\\/\\\/candas365.es\\\/noticias\\\/\",\"email\":\"info@candas365.es\",\"telephone\":\"+34652131393\",\"foundingDate\":\"2012-06-10\",\"logo\":{\"@type\":\"ImageObject\",\"url\":\"https:\\\/\\\/candas365.es\\\/noticias\\\/wp-content\\\/uploads\\\/2024\\\/09\\\/Candas-365-Redes.jpg\",\"@id\":\"https:\\\/\\\/candas365.es\\\/noticias\\\/tropas-rusas-bombardean-la-region-separatista-de-donestk\\\/#organizationLogo\",\"width\":1152,\"height\":864,\"caption\":\"Cand\\u00e1s 365 Redes\"},\"image\":{\"@id\":\"https:\\\/\\\/candas365.es\\\/noticias\\\/tropas-rusas-bombardean-la-region-separatista-de-donestk\\\/#organizationLogo\"},\"sameAs\":[\"https:\\\/\\\/www.facebook.com\\\/Nachofdezber\",\"https:\\\/\\\/x.com\\\/NabercoDigital\",\"https:\\\/\\\/www.instagram.com\\\/nachofdezber\\\/\",\"https:\\\/\\\/www.youtube.com\\\/channel\\\/UCZP-2wLEB9Rv6erhFmqVnvg\"],\"address\":{\"@id\":\"https:\\\/\\\/candas365.es\\\/noticias\\\/#postaladdress\",\"@type\":\"PostalAddress\",\"streetAddress\":\"san antonio 4, san antonio 4\",\"postalCode\":\"33430\",\"addressLocality\":\"Cand\\u00e1s\",\"addressRegion\":\"Asturias\",\"addressCountry\":\"ES\"}},{\"@type\":\"Person\",\"@id\":\"https:\\\/\\\/candas365.es\\\/noticias\\\/author\\\/admin\\\/#author\",\"url\":\"https:\\\/\\\/candas365.es\\\/noticias\\\/author\\\/admin\\\/\",\"name\":\"Cand\\u00e1s 365\",\"image\":{\"@type\":\"ImageObject\",\"@id\":\"https:\\\/\\\/candas365.es\\\/noticias\\\/tropas-rusas-bombardean-la-region-separatista-de-donestk\\\/#authorImage\",\"url\":\"https:\\\/\\\/secure.gravatar.com\\\/avatar\\\/496a8e03d0c493ede1718b7934145dbdf8d89be1036b0eec9544e1094c9de390?s=96&d=mm&r=g\",\"width\":96,\"height\":96,\"caption\":\"Cand\\u00e1s 365\"},\"sameAs\":[\"https:\\\/\\\/www.facebook.com\\\/carrenoactualidad\",\"https:\\\/\\\/twitter.com\\\/nbasturias\",\"https:\\\/\\\/www.instagram.com\\\/nachofdezber\\\/\",\"https:\\\/\\\/www.youtube.com\\\/channel\\\/UCZP-2wLEB9Rv6erhFmqVnvg\"]},{\"@type\":\"WebPage\",\"@id\":\"https:\\\/\\\/candas365.es\\\/noticias\\\/tropas-rusas-bombardean-la-region-separatista-de-donestk\\\/#webpage\",\"url\":\"https:\\\/\\\/candas365.es\\\/noticias\\\/tropas-rusas-bombardean-la-region-separatista-de-donestk\\\/\",\"name\":\"Tropas rusas bombardean la regi\\u00f3n separatista de Donestk | Cand\\u00e1s 365\",\"description\":\"(EP) - Al menos cuatro civiles han muerto y once han resultado heridos despu\\u00e9s de que las tropas rusas hayan bombardeado este mi\\u00e9rcoles varios puntos de\",\"inLanguage\":\"es-ES\",\"isPartOf\":{\"@id\":\"https:\\\/\\\/candas365.es\\\/noticias\\\/#website\"},\"breadcrumb\":{\"@id\":\"https:\\\/\\\/candas365.es\\\/noticias\\\/tropas-rusas-bombardean-la-region-separatista-de-donestk\\\/#breadcrumblist\"},\"author\":{\"@id\":\"https:\\\/\\\/candas365.es\\\/noticias\\\/author\\\/admin\\\/#author\"},\"creator\":{\"@id\":\"https:\\\/\\\/candas365.es\\\/noticias\\\/author\\\/admin\\\/#author\"},\"image\":{\"@type\":\"ImageObject\",\"url\":\"https:\\\/\\\/candas365.es\\\/noticias\\\/wp-content\\\/uploads\\\/2022\\\/06\\\/Donestk.jpg\",\"@id\":\"https:\\\/\\\/candas365.es\\\/noticias\\\/tropas-rusas-bombardean-la-region-separatista-de-donestk\\\/#mainImage\",\"width\":978,\"height\":643,\"caption\":\"Foto: JULIE REMY \\\/ Europa Press\"},\"primaryImageOfPage\":{\"@id\":\"https:\\\/\\\/candas365.es\\\/noticias\\\/tropas-rusas-bombardean-la-region-separatista-de-donestk\\\/#mainImage\"},\"datePublished\":\"2022-06-09T03:50:19+02:00\",\"dateModified\":\"2022-06-09T03:50:19+02:00\"},{\"@type\":\"WebSite\",\"@id\":\"https:\\\/\\\/candas365.es\\\/noticias\\\/#website\",\"url\":\"https:\\\/\\\/candas365.es\\\/noticias\\\/\",\"name\":\"Cand\\u00e1s 365\",\"alternateName\":\"Cand\\u00e1s 365 Noticias\",\"description\":\"Actualidad desde Carre\\u00f1o para el mundo\",\"inLanguage\":\"es-ES\",\"publisher\":{\"@id\":\"https:\\\/\\\/candas365.es\\\/noticias\\\/#organization\"}}]}\n\t\t<\/script>\n\t\t<!-- All in One SEO Pro -->\r\n\t\t<title>Tropas rusas bombardean la regi\u00f3n separatista de Donestk | Cand\u00e1s 365<\/title>\n\n","aioseo_head_json":{"title":"Tropas rusas bombardean la regi\u00f3n separatista de Donestk | Cand\u00e1s 365","description":"(EP) - Al menos cuatro civiles han muerto y once han resultado heridos despu\u00e9s de que las tropas rusas hayan bombardeado este mi\u00e9rcoles varios puntos de","canonical_url":"https:\/\/candas365.es\/noticias\/tropas-rusas-bombardean-la-region-separatista-de-donestk\/","robots":"max-image-preview:large","keywords":"actualidad","webmasterTools":{"google-site-verification":"UA-32230408-1","msvalidate.01":"354F3CDFB2DA171B47FBE9ABF1F88D5","miscellaneous":""},"schema":{"@context":"https:\/\/schema.org","@graph":[{"@type":"BreadcrumbList","@id":"https:\/\/candas365.es\/noticias\/tropas-rusas-bombardean-la-region-separatista-de-donestk\/#breadcrumblist","itemListElement":[{"@type":"ListItem","@id":"https:\/\/candas365.es\/noticias#listItem","position":1,"name":"Home","item":"https:\/\/candas365.es\/noticias","nextItem":{"@type":"ListItem","@id":"https:\/\/candas365.es\/noticias\/category\/actualidad\/#listItem","name":"Actualidad"}},{"@type":"ListItem","@id":"https:\/\/candas365.es\/noticias\/category\/actualidad\/#listItem","position":2,"name":"Actualidad","item":"https:\/\/candas365.es\/noticias\/category\/actualidad\/","nextItem":{"@type":"ListItem","@id":"https:\/\/candas365.es\/noticias\/tropas-rusas-bombardean-la-region-separatista-de-donestk\/#listItem","name":"Tropas rusas bombardean la regi\u00f3n separatista de Donestk"},"previousItem":{"@type":"ListItem","@id":"https:\/\/candas365.es\/noticias#listItem","name":"Home"}},{"@type":"ListItem","@id":"https:\/\/candas365.es\/noticias\/tropas-rusas-bombardean-la-region-separatista-de-donestk\/#listItem","position":3,"name":"Tropas rusas bombardean la regi\u00f3n separatista de Donestk","previousItem":{"@type":"ListItem","@id":"https:\/\/candas365.es\/noticias\/category\/actualidad\/#listItem","name":"Actualidad"}}]},{"@type":"NewsArticle","@id":"https:\/\/candas365.es\/noticias\/tropas-rusas-bombardean-la-region-separatista-de-donestk\/#newsarticle","name":"Tropas rusas bombardean la regi\u00f3n separatista de Donestk | Cand\u00e1s 365","headline":"Tropas rusas bombardean la regi\u00f3n separatista de Donestk","author":{"@id":"https:\/\/candas365.es\/noticias\/author\/admin\/#author"},"publisher":{"@id":"https:\/\/candas365.es\/noticias\/#organization"},"image":{"@type":"ImageObject","url":"https:\/\/candas365.es\/noticias\/wp-content\/uploads\/2022\/06\/Donestk.jpg","width":978,"height":643,"caption":"Foto: JULIE REMY \/ Europa Press"},"datePublished":"2022-06-09T03:50:19+02:00","dateModified":"2022-06-09T03:50:19+02:00","inLanguage":"es-ES","mainEntityOfPage":{"@id":"https:\/\/candas365.es\/noticias\/tropas-rusas-bombardean-la-region-separatista-de-donestk\/#webpage"},"isPartOf":{"@id":"https:\/\/candas365.es\/noticias\/tropas-rusas-bombardean-la-region-separatista-de-donestk\/#webpage"},"articleSection":"Actualidad, conflictos, Internacional","dateline":"Publicado el junio 9, 2022."},{"@type":"Organization","@id":"https:\/\/candas365.es\/noticias\/#organization","name":"Cand\u00e1s 365","description":"Cand\u00e1s 365 es un diario digital independiente, fundado en 2012, con base en Asturias. Informamos con rigor sobre actualidad, sociedad, cultura y ocio, con una mirada local y global.","url":"https:\/\/candas365.es\/noticias\/","email":"info@candas365.es","telephone":"+34652131393","foundingDate":"2012-06-10","logo":{"@type":"ImageObject","url":"https:\/\/candas365.es\/noticias\/wp-content\/uploads\/2024\/09\/Candas-365-Redes.jpg","@id":"https:\/\/candas365.es\/noticias\/tropas-rusas-bombardean-la-region-separatista-de-donestk\/#organizationLogo","width":1152,"height":864,"caption":"Cand\u00e1s 365 Redes"},"image":{"@id":"https:\/\/candas365.es\/noticias\/tropas-rusas-bombardean-la-region-separatista-de-donestk\/#organizationLogo"},"sameAs":["https:\/\/www.facebook.com\/Nachofdezber","https:\/\/x.com\/NabercoDigital","https:\/\/www.instagram.com\/nachofdezber\/","https:\/\/www.youtube.com\/channel\/UCZP-2wLEB9Rv6erhFmqVnvg"],"address":{"@id":"https:\/\/candas365.es\/noticias\/#postaladdress","@type":"PostalAddress","streetAddress":"san antonio 4, san antonio 4","postalCode":"33430","addressLocality":"Cand\u00e1s","addressRegion":"Asturias","addressCountry":"ES"}},{"@type":"Person","@id":"https:\/\/candas365.es\/noticias\/author\/admin\/#author","url":"https:\/\/candas365.es\/noticias\/author\/admin\/","name":"Cand\u00e1s 365","image":{"@type":"ImageObject","@id":"https:\/\/candas365.es\/noticias\/tropas-rusas-bombardean-la-region-separatista-de-donestk\/#authorImage","url":"https:\/\/secure.gravatar.com\/avatar\/496a8e03d0c493ede1718b7934145dbdf8d89be1036b0eec9544e1094c9de390?s=96&d=mm&r=g","width":96,"height":96,"caption":"Cand\u00e1s 365"},"sameAs":["https:\/\/www.facebook.com\/carrenoactualidad","https:\/\/twitter.com\/nbasturias","https:\/\/www.instagram.com\/nachofdezber\/","https:\/\/www.youtube.com\/channel\/UCZP-2wLEB9Rv6erhFmqVnvg"]},{"@type":"WebPage","@id":"https:\/\/candas365.es\/noticias\/tropas-rusas-bombardean-la-region-separatista-de-donestk\/#webpage","url":"https:\/\/candas365.es\/noticias\/tropas-rusas-bombardean-la-region-separatista-de-donestk\/","name":"Tropas rusas bombardean la regi\u00f3n separatista de Donestk | Cand\u00e1s 365","description":"(EP) - Al menos cuatro civiles han muerto y once han resultado heridos despu\u00e9s de que las tropas rusas hayan bombardeado este mi\u00e9rcoles varios puntos de","inLanguage":"es-ES","isPartOf":{"@id":"https:\/\/candas365.es\/noticias\/#website"},"breadcrumb":{"@id":"https:\/\/candas365.es\/noticias\/tropas-rusas-bombardean-la-region-separatista-de-donestk\/#breadcrumblist"},"author":{"@id":"https:\/\/candas365.es\/noticias\/author\/admin\/#author"},"creator":{"@id":"https:\/\/candas365.es\/noticias\/author\/admin\/#author"},"image":{"@type":"ImageObject","url":"https:\/\/candas365.es\/noticias\/wp-content\/uploads\/2022\/06\/Donestk.jpg","@id":"https:\/\/candas365.es\/noticias\/tropas-rusas-bombardean-la-region-separatista-de-donestk\/#mainImage","width":978,"height":643,"caption":"Foto: JULIE REMY \/ Europa Press"},"primaryImageOfPage":{"@id":"https:\/\/candas365.es\/noticias\/tropas-rusas-bombardean-la-region-separatista-de-donestk\/#mainImage"},"datePublished":"2022-06-09T03:50:19+02:00","dateModified":"2022-06-09T03:50:19+02:00"},{"@type":"WebSite","@id":"https:\/\/candas365.es\/noticias\/#website","url":"https:\/\/candas365.es\/noticias\/","name":"Cand\u00e1s 365","alternateName":"Cand\u00e1s 365 Noticias","description":"Actualidad desde Carre\u00f1o para el mundo","inLanguage":"es-ES","publisher":{"@id":"https:\/\/candas365.es\/noticias\/#organization"}}]},"og:locale":"es_ES","og:site_name":"Cand\u00e1s 365","og:type":"article","og:title":"Tropas rusas bombardean la regi\u00f3n separatista de Donestk | Cand\u00e1s 365","og:description":"(EP) - Al menos cuatro civiles han muerto y once han resultado heridos despu\u00e9s de que las tropas rusas hayan bombardeado este mi\u00e9rcoles varios puntos de","og:url":"https:\/\/candas365.es\/noticias\/tropas-rusas-bombardean-la-region-separatista-de-donestk\/","og:image":"https:\/\/candas365.es\/noticias\/wp-content\/uploads\/2022\/06\/Donestk.jpg","og:image:secure_url":"https:\/\/candas365.es\/noticias\/wp-content\/uploads\/2022\/06\/Donestk.jpg","og:image:width":978,"og:image:height":643,"article:published_time":"2022-06-09T01:50:19+00:00","article:modified_time":"2022-06-09T01:50:19+00:00","article:publisher":"https:\/\/www.facebook.com\/Nachofdezber","article:author":"https:\/\/www.facebook.com\/carrenoactualidad","twitter:card":"summary_large_image","twitter:site":"@NabercoDigital","twitter:title":"Tropas rusas bombardean la regi\u00f3n separatista de Donestk | Cand\u00e1s 365","twitter:description":"(EP) - Al menos cuatro civiles han muerto y once han resultado heridos despu\u00e9s de que las tropas rusas hayan bombardeado este mi\u00e9rcoles varios puntos de","twitter:creator":"@nbasturias","twitter:image":"https:\/\/candas365.es\/noticias\/wp-content\/uploads\/2022\/06\/Donestk.jpg","twitter:label1":"Escrito por","twitter:data1":"Cand\u00e1s 365","twitter:label2":"Tiempo de lectura estimado","twitter:data2":"1 minuto"},"aioseo_meta_data":{"post_id":"162193","title":null,"description":"(EP) - Al menos cuatro civiles han muerto y once han resultado heridos despu\u00e9s de que las tropas rusas hayan bombardeado este mi\u00e9rcoles varios puntos de","keywords":[],"keyphrases":{"focus":{"keyphrase":"Donestk","score":80,"analysis":{"keyphraseInTitle":{"title":"Focus keyphrase in SEO title","description":"Focus keyphrase found in SEO title.","score":9,"maxScore":9,"error":0},"keyphraseInDescription":{"title":"Focus keyphrase in meta description","description":"Focus keyphrase not found in meta description.","score":3,"maxScore":9,"error":1},"keyphraseLength":{"title":"Focus keyphrase length","description":"Good job!","score":9,"maxScore":9,"error":0,"length":1},"keyphraseInURL":{"title":"Focus keyphrase in URL","description":"Focus keyphrase not found in the URL.","score":1,"maxScore":5,"error":1},"keyphraseInIntroduction":{"title":"Focus keyphrase in introduction","description":"Your Focus keyphrase appears in the first paragraph. Well done!","score":9,"maxScore":9,"error":0},"keyphraseInSubHeadings":[],"keyphraseInImageAlt":{"title":"Focus keyphrase in image alt attributes","description":"Focus keyphrase found in image alt attribute(s).","score":9,"maxScore":9,"error":0}}},"additional":[{"keyphrase":"tropas rusas ","score":83,"analysis":{"keyphraseInDescription":{"title":"Keyphrase in meta description","description":"Keyphrase found in meta description.","score":9,"maxScore":9,"error":0},"keyphraseLength":{"title":"Keyphrase length","description":"Good job!","score":9,"maxScore":9,"error":0,"length":2},"keyphraseInIntroduction":{"title":"Keyphrase in introduction","description":"Your Keyphrase appears in the first paragraph. Well done!","score":9,"maxScore":9,"error":0},"keyphraseInImageAlt":{"title":"Keyphrase in image alt attributes","description":"Keyphrase not found in image alt attribute(s). Add an image with your Keyphrase as alt text.","score":3,"maxScore":9,"error":1}}}]},"primary_term":null,"canonical_url":null,"og_title":null,"og_description":null,"og_object_type":"default","og_image_type":"default","og_image_url":null,"og_image_width":null,"og_image_height":null,"og_image_custom_url":null,"og_image_custom_fields":null,"og_video":"","og_custom_url":null,"og_article_section":null,"og_article_tags":[],"twitter_use_og":false,"twitter_card":"default","twitter_image_type":"default","twitter_image_url":null,"twitter_image_custom_url":null,"twitter_image_custom_fields":null,"twitter_title":null,"twitter_description":null,"schema":{"blockGraphs":[],"customGraphs":[],"default":{"data":{"Article":[],"Course":[],"Dataset":[],"FAQPage":[],"Movie":[],"Person":[],"Product":[],"ProductReview":[],"Car":[],"Recipe":[],"Service":[],"SoftwareApplication":[],"WebPage":[]},"graphName":"","isEnabled":true},"graphs":[],"defaultGraph":"Article","defaultPostTypeGraph":""},"schema_type":"default","schema_type_options":"{\"article\":{\"articleType\":\"BlogPosting\"},\"course\":{\"name\":\"\",\"description\":\"\",\"provider\":\"\"},\"faq\":{\"pages\":[]},\"product\":{\"reviews\":[]},\"recipe\":{\"ingredients\":[],\"instructions\":[],\"keywords\":[]},\"software\":{\"reviews\":[],\"operatingSystems\":[]},\"webPage\":{\"webPageType\":\"WebPage\"}}","pillar_content":false,"robots_default":true,"robots_noindex":false,"robots_noarchive":false,"robots_nosnippet":false,"robots_nofollow":false,"robots_noimageindex":false,"robots_noodp":false,"robots_notranslate":false,"robots_max_snippet":"-1","robots_max_videopreview":"-1","robots_max_imagepreview":"large","priority":null,"frequency":"default","location":null,"local_seo":null,"seo_analyzer_scan_date":"2025-09-01 07:12:12","breadcrumb_settings":null,"limit_modified_date":false,"reviewed_by":null,"open_ai":null,"ai":null,"created":"2022-06-09 01:45:49","updated":"2025-09-01 07:12:12"},"aioseo_breadcrumb":"<div class=\"aioseo-breadcrumbs\"><span class=\"aioseo-breadcrumb\">\n\t<a href=\"https:\/\/candas365.es\/noticias\" title=\"Home\">Home<\/a>\n<\/span><span class=\"aioseo-breadcrumb-separator\">&ndash;<\/span><span class=\"aioseo-breadcrumb\">\n\t<a href=\"https:\/\/candas365.es\/noticias\/category\/actualidad\/\" title=\"Actualidad\">Actualidad<\/a>\n<\/span><span class=\"aioseo-breadcrumb-separator\">&ndash;<\/span><span class=\"aioseo-breadcrumb\">\n\tTropas rusas bombardean la regi\u00f3n separatista de Donestk\n<\/span><\/div>","aioseo_breadcrumb_json":[{"label":"Home","link":"https:\/\/candas365.es\/noticias"},{"label":"Actualidad","link":"https:\/\/candas365.es\/noticias\/category\/actualidad\/"},{"label":"Tropas rusas bombardean la regi\u00f3n separatista de Donestk","link":"https:\/\/candas365.es\/noticias\/tropas-rusas-bombardean-la-region-separatista-de-donestk\/"}],"_links":{"self":[{"href":"https:\/\/candas365.es\/noticias\/wp-json\/wp\/v2\/posts\/162193","targetHints":{"allow":["GET"]}}],"collection":[{"href":"https:\/\/candas365.es\/noticias\/wp-json\/wp\/v2\/posts"}],"about":[{"href":"https:\/\/candas365.es\/noticias\/wp-json\/wp\/v2\/types\/post"}],"author":[{"embeddable":true,"href":"https:\/\/candas365.es\/noticias\/wp-json\/wp\/v2\/users\/1"}],"replies":[{"embeddable":true,"href":"https:\/\/candas365.es\/noticias\/wp-json\/wp\/v2\/comments?post=162193"}],"version-history":[{"count":0,"href":"https:\/\/candas365.es\/noticias\/wp-json\/wp\/v2\/posts\/162193\/revisions"}],"wp:featuredmedia":[{"embeddable":true,"href":"https:\/\/candas365.es\/noticias\/wp-json\/wp\/v2\/media\/162194"}],"wp:attachment":[{"href":"https:\/\/candas365.es\/noticias\/wp-json\/wp\/v2\/media?parent=162193"}],"wp:term":[{"taxonomy":"category","embeddable":true,"href":"https:\/\/candas365.es\/noticias\/wp-json\/wp\/v2\/categories?post=162193"},{"taxonomy":"post_tag","embeddable":true,"href":"https:\/\/candas365.es\/noticias\/wp-json\/wp\/v2\/tags?post=162193"}],"curies":[{"name":"wp","href":"https:\/\/api.w.org\/{rel}","templated":true}]}}