{"id":161897,"date":"2022-05-29T14:55:42","date_gmt":"2022-05-29T14:55:42","guid":{"rendered":"http:\/\/candas365.es\/noticias\/?p=161897"},"modified":"2022-05-29T14:55:42","modified_gmt":"2022-05-29T14:55:42","slug":"el-real-madrid-consigue-el-cuarto-doblete-liga-copa-de-europa-de-su-historia","status":"publish","type":"post","link":"https:\/\/candas365.es\/noticias\/el-real-madrid-consigue-el-cuarto-doblete-liga-copa-de-europa-de-su-historia\/","title":{"rendered":"El Real Madrid consigue el cuarto doblete Liga-Copa de Europa de su historia"},"content":{"rendered":"<p>(EP) &#8211; El Real Madrid rubric\u00f3 este s\u00e1bado en la final de la Liga de Campeones 2021-2022 ante el Liverpool (0-1) el cuarto doblete Liga-Copa Europa de su historia, una conquista muy poco usual en sus 120 a\u00f1os de historia.<\/p>\n<p>El conjunto madridista tiene en su palmar\u00e9s un total de 35 Ligas y 14 &#8216;Orejonas&#8217;, pero se da la circunstancia que s\u00f3lo cuatro veces fue capaz de dominar el campeonato dom\u00e9stico y la m\u00e1xima competici\u00f3n continental. De hecho, pese a este gran caudal de t\u00edtulos, nunca en su historia ha sido capaz de firmar un triplete que s\u00ed tienen otros clubes como el FC Barcelona, el Bayern, el Manchester United, el Ajax, el PSV y el Celtic.<\/p>\n<p>Tampoco fue capaz de ganar asiduamente los dos trofeos m\u00e1s importantes en su esplendorosa primera era de la d\u00e9cada de los 50 con los Alfredo Di St\u00e9fano, Paco Gento, Ferenc Puskas o Raymond Kopa cuando gan\u00f3 las cinco primeras ediciones de la Copa de Europa entre 1955 y 1960. Entonces, encaden\u00f3 dos dobletes seguidos en 1957 y 1958.<\/p>\n<p>Posteriormente, el fulgor en Europa se fue apagando y en el siglo XX s\u00f3lo ser\u00eda capaz de ganar dos &#8216;Orejonas&#8217; m\u00e1s, en 1966 y en 1998, quedando subcampe\u00f3n, a un punto del Atl\u00e9tico de Madrid, y cuarto respectivamente en el torneo dom\u00e9stico.<\/p>\n<p>El Real Madrid recuper\u00f3 su protagonismo en el Viejo Continente y jug\u00f3, y gan\u00f3, otras dos finales de la Champions en 2000 y 2002, pero tampoco fue capaz de brillar en la Liga, con un quinto y un tercer puesto en aquellos a\u00f1os y lejos de los campeones Deportivo de La Coru\u00f1a y Valencia. S\u00ed rein\u00f3 en los a\u00f1os impares (2001 y 2003), donde el Bayern y la Juventus le dejaron sin final de la m\u00e1xima competici\u00f3n continental.<\/p>\n<p>Luego, el club pas\u00f3 por otra \u00e9poca de sequ\u00eda donde los t\u00edtulos se le resistieron. Logr\u00f3 encadenar dos Ligas en 2007 y 2008, saldadas por dos nuevas eliminaciones europeas en octavos de final (Bayern y Roma), aunque m\u00e1s cerca estuvo en la temporada 2011-2012 cuando volvi\u00f3 a reinar en Espa\u00f1a, pero los penaltis ante el Bayern le privaron de la final europea.<\/p>\n<p>La consecuci\u00f3n de la &#8216;D\u00e9cima&#8217; en Lisboa en 2014 estuvo acompa\u00f1ada por una tercera plaza en una Liga que pele\u00f3 hasta el final, en una temporada en la que s\u00ed dobl\u00f3 porque gan\u00f3 la Copa del Rey, mientras que en 2016 sum\u00f3 su und\u00e9cima Copa de Europa y se qued\u00f3 a un punto del Bar\u00e7a en un torneo dom\u00e9stico marcado porque casi fue capaz de levantar doce puntos a los blaugranas en los \u00faltimos tres meses.<\/p>\n<p>En cambio, en la temporada siguiente, el Real Madrid acab\u00f3 con esa larga espera y conquist\u00f3 el que es hasta ahora su \u00faltimo doblete Copa de Europa-Liga porque en el 2018, a\u00f1o de la &#8216;Decimotercera&#8217;, qued\u00f3 tercero a 17 puntos del FC Barcelona, y en 2020, en la &#8216;Liga de la pandemia&#8217;, cay\u00f3 en octavos de final de la Champions ante el Manchester City.<\/p>\n<p>Esta campa\u00f1a se ha certificado este cuarto doblete con un t\u00edtulo liguero que conquist\u00f3 el pasado 30 de abril, casi hace un mes que ha tenido para centrarse en la final de Par\u00eds. Este s\u00e1bado cerr\u00f3 una temporada excelente despu\u00e9s de doblegar al Liverpool pese a las dificultades que encontr\u00f3 por el camino.<\/p>\n","protected":false},"excerpt":{"rendered":"<p>(EP) &#8211; El Real Madrid rubric\u00f3 este s\u00e1bado en la final de la Liga de Campeones 2021-2022 ante el Liverpool (0-1) el cuarto doblete Liga-Copa Europa de su historia, una conquista muy poco usual en sus 120 a\u00f1os de historia. El conjunto madridista tiene en su palmar\u00e9s un total de 35 Ligas y 14 &#8216;Orejonas&#8217;,<\/p>\n","protected":false},"author":1,"featured_media":157395,"comment_status":"closed","ping_status":"closed","sticky":false,"template":"","format":"standard","meta":{"footnotes":""},"categories":[319],"tags":[],"class_list":{"0":"post-161897","1":"post","2":"type-post","3":"status-publish","4":"format-standard","5":"has-post-thumbnail","7":"category-deporte"},"aioseo_notices":[],"aioseo_head":"\n\t\t<!-- All in One SEO Pro 4.9.6.2 - aioseo.com -->\n\t<meta name=\"description\" content=\"(EP) - El Real Madrid rubric\u00f3 este s\u00e1bado en la final de la Liga de Campeones 2021-2022 ante el Liverpool (0-1) el cuarto doblete Liga-Copa\" \/>\n\t<meta name=\"robots\" content=\"max-image-preview:large\" \/>\n\t<meta name=\"author\" content=\"Cand\u00e1s 365\"\/>\n\t<meta name=\"google-site-verification\" content=\"UA-32230408-1\" \/>\n\t<meta name=\"msvalidate.01\" content=\"354F3CDFB2DA171B47FBE9ABF1F88D5\" \/>\n\t<meta name=\"keywords\" content=\"deporte\" \/>\n\t<link rel=\"canonical\" href=\"https:\/\/candas365.es\/noticias\/el-real-madrid-consigue-el-cuarto-doblete-liga-copa-de-europa-de-su-historia\/\" \/>\n\t<meta name=\"generator\" content=\"All in One SEO Pro (AIOSEO) 4.9.6.2\" \/>\n\t\t<meta property=\"og:locale\" content=\"es_ES\" \/>\n\t\t<meta property=\"og:site_name\" content=\"Cand\u00e1s 365\" \/>\n\t\t<meta property=\"og:type\" content=\"article\" \/>\n\t\t<meta property=\"og:title\" content=\"El Real Madrid consigue el cuarto doblete Liga-Copa de Europa de su historia | Cand\u00e1s 365\" \/>\n\t\t<meta property=\"og:description\" content=\"(EP) - El Real Madrid rubric\u00f3 este s\u00e1bado en la final de la Liga de Campeones 2021-2022 ante el Liverpool (0-1) el cuarto doblete Liga-Copa\" \/>\n\t\t<meta property=\"og:url\" content=\"https:\/\/candas365.es\/noticias\/el-real-madrid-consigue-el-cuarto-doblete-liga-copa-de-europa-de-su-historia\/\" \/>\n\t\t<meta property=\"og:image\" content=\"https:\/\/candas365.es\/noticias\/wp-content\/uploads\/2021\/08\/futbol.jpg\" \/>\n\t\t<meta property=\"og:image:secure_url\" content=\"https:\/\/candas365.es\/noticias\/wp-content\/uploads\/2021\/08\/futbol.jpg\" \/>\n\t\t<meta property=\"og:image:width\" content=\"640\" \/>\n\t\t<meta property=\"og:image:height\" content=\"428\" \/>\n\t\t<meta property=\"article:published_time\" content=\"2022-05-29T14:55:42+00:00\" \/>\n\t\t<meta property=\"article:modified_time\" content=\"2022-05-29T14:55:42+00:00\" \/>\n\t\t<meta property=\"article:publisher\" content=\"https:\/\/www.facebook.com\/Nachofdezber\" \/>\n\t\t<meta property=\"article:author\" content=\"https:\/\/www.facebook.com\/carrenoactualidad\" \/>\n\t\t<meta name=\"twitter:card\" content=\"summary_large_image\" \/>\n\t\t<meta name=\"twitter:site\" content=\"@NabercoDigital\" \/>\n\t\t<meta name=\"twitter:title\" content=\"El Real Madrid consigue el cuarto doblete Liga-Copa de Europa de su historia | Cand\u00e1s 365\" \/>\n\t\t<meta name=\"twitter:description\" content=\"(EP) - El Real Madrid rubric\u00f3 este s\u00e1bado en la final de la Liga de Campeones 2021-2022 ante el Liverpool (0-1) el cuarto doblete Liga-Copa\" \/>\n\t\t<meta name=\"twitter:creator\" content=\"@nbasturias\" \/>\n\t\t<meta name=\"twitter:image\" content=\"https:\/\/candas365.es\/noticias\/wp-content\/uploads\/2021\/08\/futbol.jpg\" \/>\n\t\t<meta name=\"twitter:label1\" content=\"Escrito por\" \/>\n\t\t<meta name=\"twitter:data1\" content=\"Cand\u00e1s 365\" \/>\n\t\t<meta name=\"twitter:label2\" content=\"Tiempo de lectura estimado\" \/>\n\t\t<meta name=\"twitter:data2\" content=\"3 minutos\" \/>\n\t\t<script type=\"application\/ld+json\" class=\"aioseo-schema\">\n\t\t\t{\"@context\":\"https:\\\/\\\/schema.org\",\"@graph\":[{\"@type\":\"BreadcrumbList\",\"@id\":\"https:\\\/\\\/candas365.es\\\/noticias\\\/el-real-madrid-consigue-el-cuarto-doblete-liga-copa-de-europa-de-su-historia\\\/#breadcrumblist\",\"itemListElement\":[{\"@type\":\"ListItem\",\"@id\":\"https:\\\/\\\/candas365.es\\\/noticias#listItem\",\"position\":1,\"name\":\"Home\",\"item\":\"https:\\\/\\\/candas365.es\\\/noticias\",\"nextItem\":{\"@type\":\"ListItem\",\"@id\":\"https:\\\/\\\/candas365.es\\\/noticias\\\/category\\\/deporte\\\/#listItem\",\"name\":\"Deporte\"}},{\"@type\":\"ListItem\",\"@id\":\"https:\\\/\\\/candas365.es\\\/noticias\\\/category\\\/deporte\\\/#listItem\",\"position\":2,\"name\":\"Deporte\",\"item\":\"https:\\\/\\\/candas365.es\\\/noticias\\\/category\\\/deporte\\\/\",\"nextItem\":{\"@type\":\"ListItem\",\"@id\":\"https:\\\/\\\/candas365.es\\\/noticias\\\/el-real-madrid-consigue-el-cuarto-doblete-liga-copa-de-europa-de-su-historia\\\/#listItem\",\"name\":\"El Real Madrid consigue el cuarto doblete Liga-Copa de Europa de su historia\"},\"previousItem\":{\"@type\":\"ListItem\",\"@id\":\"https:\\\/\\\/candas365.es\\\/noticias#listItem\",\"name\":\"Home\"}},{\"@type\":\"ListItem\",\"@id\":\"https:\\\/\\\/candas365.es\\\/noticias\\\/el-real-madrid-consigue-el-cuarto-doblete-liga-copa-de-europa-de-su-historia\\\/#listItem\",\"position\":3,\"name\":\"El Real Madrid consigue el cuarto doblete Liga-Copa de Europa de su historia\",\"previousItem\":{\"@type\":\"ListItem\",\"@id\":\"https:\\\/\\\/candas365.es\\\/noticias\\\/category\\\/deporte\\\/#listItem\",\"name\":\"Deporte\"}}]},{\"@type\":\"NewsArticle\",\"@id\":\"https:\\\/\\\/candas365.es\\\/noticias\\\/el-real-madrid-consigue-el-cuarto-doblete-liga-copa-de-europa-de-su-historia\\\/#newsarticle\",\"name\":\"El Real Madrid consigue el cuarto doblete Liga-Copa de Europa de su historia | Cand\\u00e1s 365\",\"headline\":\"El Real Madrid consigue el cuarto doblete Liga-Copa de Europa de su historia\",\"author\":{\"@id\":\"https:\\\/\\\/candas365.es\\\/noticias\\\/author\\\/admin\\\/#author\"},\"publisher\":{\"@id\":\"https:\\\/\\\/candas365.es\\\/noticias\\\/#organization\"},\"image\":{\"@type\":\"ImageObject\",\"url\":\"https:\\\/\\\/candas365.es\\\/noticias\\\/wp-content\\\/uploads\\\/2021\\\/08\\\/futbol.jpg\",\"width\":640,\"height\":428,\"caption\":\"f\\u00fatbol\"},\"datePublished\":\"2022-05-29T14:55:42+02:00\",\"dateModified\":\"2022-05-29T14:55:42+02:00\",\"inLanguage\":\"es-ES\",\"mainEntityOfPage\":{\"@id\":\"https:\\\/\\\/candas365.es\\\/noticias\\\/el-real-madrid-consigue-el-cuarto-doblete-liga-copa-de-europa-de-su-historia\\\/#webpage\"},\"isPartOf\":{\"@id\":\"https:\\\/\\\/candas365.es\\\/noticias\\\/el-real-madrid-consigue-el-cuarto-doblete-liga-copa-de-europa-de-su-historia\\\/#webpage\"},\"articleSection\":\"Deporte\",\"dateline\":\"Publicado el mayo 29, 2022.\"},{\"@type\":\"Organization\",\"@id\":\"https:\\\/\\\/candas365.es\\\/noticias\\\/#organization\",\"name\":\"Cand\\u00e1s 365\",\"description\":\"Cand\\u00e1s 365 es un diario digital independiente, fundado en 2012, con base en Asturias. Informamos con rigor sobre actualidad, sociedad, cultura y ocio, con una mirada local y global.\",\"url\":\"https:\\\/\\\/candas365.es\\\/noticias\\\/\",\"email\":\"info@candas365.es\",\"telephone\":\"+34652131393\",\"foundingDate\":\"2012-06-10\",\"logo\":{\"@type\":\"ImageObject\",\"url\":\"https:\\\/\\\/candas365.es\\\/noticias\\\/wp-content\\\/uploads\\\/2024\\\/09\\\/Candas-365-Redes.jpg\",\"@id\":\"https:\\\/\\\/candas365.es\\\/noticias\\\/el-real-madrid-consigue-el-cuarto-doblete-liga-copa-de-europa-de-su-historia\\\/#organizationLogo\",\"width\":1152,\"height\":864,\"caption\":\"Cand\\u00e1s 365 Redes\"},\"image\":{\"@id\":\"https:\\\/\\\/candas365.es\\\/noticias\\\/el-real-madrid-consigue-el-cuarto-doblete-liga-copa-de-europa-de-su-historia\\\/#organizationLogo\"},\"sameAs\":[\"https:\\\/\\\/www.facebook.com\\\/Nachofdezber\",\"https:\\\/\\\/x.com\\\/NabercoDigital\",\"https:\\\/\\\/www.instagram.com\\\/nachofdezber\\\/\",\"https:\\\/\\\/www.youtube.com\\\/channel\\\/UCZP-2wLEB9Rv6erhFmqVnvg\"],\"address\":{\"@id\":\"https:\\\/\\\/candas365.es\\\/noticias\\\/#postaladdress\",\"@type\":\"PostalAddress\",\"streetAddress\":\"san antonio 4, san antonio 4\",\"postalCode\":\"33430\",\"addressLocality\":\"Cand\\u00e1s\",\"addressRegion\":\"Asturias\",\"addressCountry\":\"ES\"}},{\"@type\":\"Person\",\"@id\":\"https:\\\/\\\/candas365.es\\\/noticias\\\/author\\\/admin\\\/#author\",\"url\":\"https:\\\/\\\/candas365.es\\\/noticias\\\/author\\\/admin\\\/\",\"name\":\"Cand\\u00e1s 365\",\"image\":{\"@type\":\"ImageObject\",\"@id\":\"https:\\\/\\\/candas365.es\\\/noticias\\\/el-real-madrid-consigue-el-cuarto-doblete-liga-copa-de-europa-de-su-historia\\\/#authorImage\",\"url\":\"https:\\\/\\\/secure.gravatar.com\\\/avatar\\\/496a8e03d0c493ede1718b7934145dbdf8d89be1036b0eec9544e1094c9de390?s=96&d=mm&r=g\",\"width\":96,\"height\":96,\"caption\":\"Cand\\u00e1s 365\"},\"sameAs\":[\"https:\\\/\\\/www.facebook.com\\\/carrenoactualidad\",\"https:\\\/\\\/twitter.com\\\/nbasturias\",\"https:\\\/\\\/www.instagram.com\\\/nachofdezber\\\/\",\"https:\\\/\\\/www.youtube.com\\\/channel\\\/UCZP-2wLEB9Rv6erhFmqVnvg\"]},{\"@type\":\"WebPage\",\"@id\":\"https:\\\/\\\/candas365.es\\\/noticias\\\/el-real-madrid-consigue-el-cuarto-doblete-liga-copa-de-europa-de-su-historia\\\/#webpage\",\"url\":\"https:\\\/\\\/candas365.es\\\/noticias\\\/el-real-madrid-consigue-el-cuarto-doblete-liga-copa-de-europa-de-su-historia\\\/\",\"name\":\"El Real Madrid consigue el cuarto doblete Liga-Copa de Europa de su historia | Cand\\u00e1s 365\",\"description\":\"(EP) - El Real Madrid rubric\\u00f3 este s\\u00e1bado en la final de la Liga de Campeones 2021-2022 ante el Liverpool (0-1) el cuarto doblete Liga-Copa\",\"inLanguage\":\"es-ES\",\"isPartOf\":{\"@id\":\"https:\\\/\\\/candas365.es\\\/noticias\\\/#website\"},\"breadcrumb\":{\"@id\":\"https:\\\/\\\/candas365.es\\\/noticias\\\/el-real-madrid-consigue-el-cuarto-doblete-liga-copa-de-europa-de-su-historia\\\/#breadcrumblist\"},\"author\":{\"@id\":\"https:\\\/\\\/candas365.es\\\/noticias\\\/author\\\/admin\\\/#author\"},\"creator\":{\"@id\":\"https:\\\/\\\/candas365.es\\\/noticias\\\/author\\\/admin\\\/#author\"},\"image\":{\"@type\":\"ImageObject\",\"url\":\"https:\\\/\\\/candas365.es\\\/noticias\\\/wp-content\\\/uploads\\\/2021\\\/08\\\/futbol.jpg\",\"@id\":\"https:\\\/\\\/candas365.es\\\/noticias\\\/el-real-madrid-consigue-el-cuarto-doblete-liga-copa-de-europa-de-su-historia\\\/#mainImage\",\"width\":640,\"height\":428,\"caption\":\"f\\u00fatbol\"},\"primaryImageOfPage\":{\"@id\":\"https:\\\/\\\/candas365.es\\\/noticias\\\/el-real-madrid-consigue-el-cuarto-doblete-liga-copa-de-europa-de-su-historia\\\/#mainImage\"},\"datePublished\":\"2022-05-29T14:55:42+02:00\",\"dateModified\":\"2022-05-29T14:55:42+02:00\"},{\"@type\":\"WebSite\",\"@id\":\"https:\\\/\\\/candas365.es\\\/noticias\\\/#website\",\"url\":\"https:\\\/\\\/candas365.es\\\/noticias\\\/\",\"name\":\"Cand\\u00e1s 365\",\"alternateName\":\"Cand\\u00e1s 365 Noticias\",\"description\":\"Actualidad desde Carre\\u00f1o para el mundo\",\"inLanguage\":\"es-ES\",\"publisher\":{\"@id\":\"https:\\\/\\\/candas365.es\\\/noticias\\\/#organization\"}}]}\n\t\t<\/script>\n\t\t<!-- All in One SEO Pro -->\r\n\t\t<title>El Real Madrid consigue el cuarto doblete Liga-Copa de Europa de su historia | Cand\u00e1s 365<\/title>\n\n","aioseo_head_json":{"title":"El Real Madrid consigue el cuarto doblete Liga-Copa de Europa de su historia | Cand\u00e1s 365","description":"(EP) - El Real Madrid rubric\u00f3 este s\u00e1bado en la final de la Liga de Campeones 2021-2022 ante el Liverpool (0-1) el cuarto doblete Liga-Copa","canonical_url":"https:\/\/candas365.es\/noticias\/el-real-madrid-consigue-el-cuarto-doblete-liga-copa-de-europa-de-su-historia\/","robots":"max-image-preview:large","keywords":"deporte","webmasterTools":{"google-site-verification":"UA-32230408-1","msvalidate.01":"354F3CDFB2DA171B47FBE9ABF1F88D5","miscellaneous":""},"schema":{"@context":"https:\/\/schema.org","@graph":[{"@type":"BreadcrumbList","@id":"https:\/\/candas365.es\/noticias\/el-real-madrid-consigue-el-cuarto-doblete-liga-copa-de-europa-de-su-historia\/#breadcrumblist","itemListElement":[{"@type":"ListItem","@id":"https:\/\/candas365.es\/noticias#listItem","position":1,"name":"Home","item":"https:\/\/candas365.es\/noticias","nextItem":{"@type":"ListItem","@id":"https:\/\/candas365.es\/noticias\/category\/deporte\/#listItem","name":"Deporte"}},{"@type":"ListItem","@id":"https:\/\/candas365.es\/noticias\/category\/deporte\/#listItem","position":2,"name":"Deporte","item":"https:\/\/candas365.es\/noticias\/category\/deporte\/","nextItem":{"@type":"ListItem","@id":"https:\/\/candas365.es\/noticias\/el-real-madrid-consigue-el-cuarto-doblete-liga-copa-de-europa-de-su-historia\/#listItem","name":"El Real Madrid consigue el cuarto doblete Liga-Copa de Europa de su historia"},"previousItem":{"@type":"ListItem","@id":"https:\/\/candas365.es\/noticias#listItem","name":"Home"}},{"@type":"ListItem","@id":"https:\/\/candas365.es\/noticias\/el-real-madrid-consigue-el-cuarto-doblete-liga-copa-de-europa-de-su-historia\/#listItem","position":3,"name":"El Real Madrid consigue el cuarto doblete Liga-Copa de Europa de su historia","previousItem":{"@type":"ListItem","@id":"https:\/\/candas365.es\/noticias\/category\/deporte\/#listItem","name":"Deporte"}}]},{"@type":"NewsArticle","@id":"https:\/\/candas365.es\/noticias\/el-real-madrid-consigue-el-cuarto-doblete-liga-copa-de-europa-de-su-historia\/#newsarticle","name":"El Real Madrid consigue el cuarto doblete Liga-Copa de Europa de su historia | Cand\u00e1s 365","headline":"El Real Madrid consigue el cuarto doblete Liga-Copa de Europa de su historia","author":{"@id":"https:\/\/candas365.es\/noticias\/author\/admin\/#author"},"publisher":{"@id":"https:\/\/candas365.es\/noticias\/#organization"},"image":{"@type":"ImageObject","url":"https:\/\/candas365.es\/noticias\/wp-content\/uploads\/2021\/08\/futbol.jpg","width":640,"height":428,"caption":"f\u00fatbol"},"datePublished":"2022-05-29T14:55:42+02:00","dateModified":"2022-05-29T14:55:42+02:00","inLanguage":"es-ES","mainEntityOfPage":{"@id":"https:\/\/candas365.es\/noticias\/el-real-madrid-consigue-el-cuarto-doblete-liga-copa-de-europa-de-su-historia\/#webpage"},"isPartOf":{"@id":"https:\/\/candas365.es\/noticias\/el-real-madrid-consigue-el-cuarto-doblete-liga-copa-de-europa-de-su-historia\/#webpage"},"articleSection":"Deporte","dateline":"Publicado el mayo 29, 2022."},{"@type":"Organization","@id":"https:\/\/candas365.es\/noticias\/#organization","name":"Cand\u00e1s 365","description":"Cand\u00e1s 365 es un diario digital independiente, fundado en 2012, con base en Asturias. Informamos con rigor sobre actualidad, sociedad, cultura y ocio, con una mirada local y global.","url":"https:\/\/candas365.es\/noticias\/","email":"info@candas365.es","telephone":"+34652131393","foundingDate":"2012-06-10","logo":{"@type":"ImageObject","url":"https:\/\/candas365.es\/noticias\/wp-content\/uploads\/2024\/09\/Candas-365-Redes.jpg","@id":"https:\/\/candas365.es\/noticias\/el-real-madrid-consigue-el-cuarto-doblete-liga-copa-de-europa-de-su-historia\/#organizationLogo","width":1152,"height":864,"caption":"Cand\u00e1s 365 Redes"},"image":{"@id":"https:\/\/candas365.es\/noticias\/el-real-madrid-consigue-el-cuarto-doblete-liga-copa-de-europa-de-su-historia\/#organizationLogo"},"sameAs":["https:\/\/www.facebook.com\/Nachofdezber","https:\/\/x.com\/NabercoDigital","https:\/\/www.instagram.com\/nachofdezber\/","https:\/\/www.youtube.com\/channel\/UCZP-2wLEB9Rv6erhFmqVnvg"],"address":{"@id":"https:\/\/candas365.es\/noticias\/#postaladdress","@type":"PostalAddress","streetAddress":"san antonio 4, san antonio 4","postalCode":"33430","addressLocality":"Cand\u00e1s","addressRegion":"Asturias","addressCountry":"ES"}},{"@type":"Person","@id":"https:\/\/candas365.es\/noticias\/author\/admin\/#author","url":"https:\/\/candas365.es\/noticias\/author\/admin\/","name":"Cand\u00e1s 365","image":{"@type":"ImageObject","@id":"https:\/\/candas365.es\/noticias\/el-real-madrid-consigue-el-cuarto-doblete-liga-copa-de-europa-de-su-historia\/#authorImage","url":"https:\/\/secure.gravatar.com\/avatar\/496a8e03d0c493ede1718b7934145dbdf8d89be1036b0eec9544e1094c9de390?s=96&d=mm&r=g","width":96,"height":96,"caption":"Cand\u00e1s 365"},"sameAs":["https:\/\/www.facebook.com\/carrenoactualidad","https:\/\/twitter.com\/nbasturias","https:\/\/www.instagram.com\/nachofdezber\/","https:\/\/www.youtube.com\/channel\/UCZP-2wLEB9Rv6erhFmqVnvg"]},{"@type":"WebPage","@id":"https:\/\/candas365.es\/noticias\/el-real-madrid-consigue-el-cuarto-doblete-liga-copa-de-europa-de-su-historia\/#webpage","url":"https:\/\/candas365.es\/noticias\/el-real-madrid-consigue-el-cuarto-doblete-liga-copa-de-europa-de-su-historia\/","name":"El Real Madrid consigue el cuarto doblete Liga-Copa de Europa de su historia | Cand\u00e1s 365","description":"(EP) - El Real Madrid rubric\u00f3 este s\u00e1bado en la final de la Liga de Campeones 2021-2022 ante el Liverpool (0-1) el cuarto doblete Liga-Copa","inLanguage":"es-ES","isPartOf":{"@id":"https:\/\/candas365.es\/noticias\/#website"},"breadcrumb":{"@id":"https:\/\/candas365.es\/noticias\/el-real-madrid-consigue-el-cuarto-doblete-liga-copa-de-europa-de-su-historia\/#breadcrumblist"},"author":{"@id":"https:\/\/candas365.es\/noticias\/author\/admin\/#author"},"creator":{"@id":"https:\/\/candas365.es\/noticias\/author\/admin\/#author"},"image":{"@type":"ImageObject","url":"https:\/\/candas365.es\/noticias\/wp-content\/uploads\/2021\/08\/futbol.jpg","@id":"https:\/\/candas365.es\/noticias\/el-real-madrid-consigue-el-cuarto-doblete-liga-copa-de-europa-de-su-historia\/#mainImage","width":640,"height":428,"caption":"f\u00fatbol"},"primaryImageOfPage":{"@id":"https:\/\/candas365.es\/noticias\/el-real-madrid-consigue-el-cuarto-doblete-liga-copa-de-europa-de-su-historia\/#mainImage"},"datePublished":"2022-05-29T14:55:42+02:00","dateModified":"2022-05-29T14:55:42+02:00"},{"@type":"WebSite","@id":"https:\/\/candas365.es\/noticias\/#website","url":"https:\/\/candas365.es\/noticias\/","name":"Cand\u00e1s 365","alternateName":"Cand\u00e1s 365 Noticias","description":"Actualidad desde Carre\u00f1o para el mundo","inLanguage":"es-ES","publisher":{"@id":"https:\/\/candas365.es\/noticias\/#organization"}}]},"og:locale":"es_ES","og:site_name":"Cand\u00e1s 365","og:type":"article","og:title":"El Real Madrid consigue el cuarto doblete Liga-Copa de Europa de su historia | Cand\u00e1s 365","og:description":"(EP) - El Real Madrid rubric\u00f3 este s\u00e1bado en la final de la Liga de Campeones 2021-2022 ante el Liverpool (0-1) el cuarto doblete Liga-Copa","og:url":"https:\/\/candas365.es\/noticias\/el-real-madrid-consigue-el-cuarto-doblete-liga-copa-de-europa-de-su-historia\/","og:image":"https:\/\/candas365.es\/noticias\/wp-content\/uploads\/2021\/08\/futbol.jpg","og:image:secure_url":"https:\/\/candas365.es\/noticias\/wp-content\/uploads\/2021\/08\/futbol.jpg","og:image:width":640,"og:image:height":428,"article:published_time":"2022-05-29T14:55:42+00:00","article:modified_time":"2022-05-29T14:55:42+00:00","article:publisher":"https:\/\/www.facebook.com\/Nachofdezber","article:author":"https:\/\/www.facebook.com\/carrenoactualidad","twitter:card":"summary_large_image","twitter:site":"@NabercoDigital","twitter:title":"El Real Madrid consigue el cuarto doblete Liga-Copa de Europa de su historia | Cand\u00e1s 365","twitter:description":"(EP) - El Real Madrid rubric\u00f3 este s\u00e1bado en la final de la Liga de Campeones 2021-2022 ante el Liverpool (0-1) el cuarto doblete Liga-Copa","twitter:creator":"@nbasturias","twitter:image":"https:\/\/candas365.es\/noticias\/wp-content\/uploads\/2021\/08\/futbol.jpg","twitter:label1":"Escrito por","twitter:data1":"Cand\u00e1s 365","twitter:label2":"Tiempo de lectura estimado","twitter:data2":"3 minutos"},"aioseo_meta_data":{"post_id":"161897","title":null,"description":"(EP) - El Real Madrid rubric\u00f3 este s\u00e1bado en la final de la Liga de Campeones 2021-2022 ante el Liverpool (0-1) el cuarto doblete Liga-Copa","keywords":[],"keyphrases":{"focus":{"keyphrase":"Madrid ","score":100,"analysis":{"keyphraseInTitle":{"title":"Focus keyphrase in SEO title","description":"Focus keyphrase found in SEO title.","score":9,"maxScore":9,"error":0},"keyphraseInDescription":{"title":"Focus keyphrase in meta description","description":"Focus keyphrase found in meta description.","score":9,"maxScore":9,"error":0},"keyphraseLength":{"title":"Focus keyphrase length","description":"Good job!","score":9,"maxScore":9,"error":0,"length":1},"keyphraseInURL":[],"keyphraseInIntroduction":{"title":"Focus keyphrase in introduction","description":"Your Focus keyphrase appears in the first paragraph. Well done!","score":9,"maxScore":9,"error":0},"keyphraseInSubHeadings":[],"keyphraseInImageAlt":[]}},"additional":[]},"primary_term":null,"canonical_url":null,"og_title":null,"og_description":null,"og_object_type":"default","og_image_type":"default","og_image_url":null,"og_image_width":null,"og_image_height":null,"og_image_custom_url":null,"og_image_custom_fields":null,"og_video":"","og_custom_url":null,"og_article_section":null,"og_article_tags":[],"twitter_use_og":false,"twitter_card":"default","twitter_image_type":"default","twitter_image_url":null,"twitter_image_custom_url":null,"twitter_image_custom_fields":null,"twitter_title":null,"twitter_description":null,"schema":{"blockGraphs":[],"customGraphs":[],"default":{"data":{"Article":[],"Course":[],"Dataset":[],"FAQPage":[],"Movie":[],"Person":[],"Product":[],"ProductReview":[],"Car":[],"Recipe":[],"Service":[],"SoftwareApplication":[],"WebPage":[]},"graphName":"","isEnabled":true},"graphs":[],"defaultGraph":"Article","defaultPostTypeGraph":""},"schema_type":"default","schema_type_options":"{\"article\":{\"articleType\":\"BlogPosting\"},\"course\":{\"name\":\"\",\"description\":\"\",\"provider\":\"\"},\"faq\":{\"pages\":[]},\"product\":{\"reviews\":[]},\"recipe\":{\"ingredients\":[],\"instructions\":[],\"keywords\":[]},\"software\":{\"reviews\":[],\"operatingSystems\":[]},\"webPage\":{\"webPageType\":\"WebPage\"}}","pillar_content":false,"robots_default":true,"robots_noindex":false,"robots_noarchive":false,"robots_nosnippet":false,"robots_nofollow":false,"robots_noimageindex":false,"robots_noodp":false,"robots_notranslate":false,"robots_max_snippet":"-1","robots_max_videopreview":"-1","robots_max_imagepreview":"large","priority":null,"frequency":"default","location":null,"local_seo":null,"seo_analyzer_scan_date":"2025-09-01 06:48:16","breadcrumb_settings":null,"limit_modified_date":false,"reviewed_by":null,"open_ai":null,"ai":null,"created":"2022-05-29 14:52:46","updated":"2025-09-01 06:48:16"},"aioseo_breadcrumb":"<div class=\"aioseo-breadcrumbs\"><span class=\"aioseo-breadcrumb\">\n\t<a href=\"https:\/\/candas365.es\/noticias\" title=\"Home\">Home<\/a>\n<\/span><span class=\"aioseo-breadcrumb-separator\">&ndash;<\/span><span class=\"aioseo-breadcrumb\">\n\t<a href=\"https:\/\/candas365.es\/noticias\/category\/deporte\/\" title=\"Deporte\">Deporte<\/a>\n<\/span><span class=\"aioseo-breadcrumb-separator\">&ndash;<\/span><span class=\"aioseo-breadcrumb\">\n\tEl Real Madrid consigue el cuarto doblete Liga-Copa de Europa de su historia\n<\/span><\/div>","aioseo_breadcrumb_json":[{"label":"Home","link":"https:\/\/candas365.es\/noticias"},{"label":"Deporte","link":"https:\/\/candas365.es\/noticias\/category\/deporte\/"},{"label":"El Real Madrid consigue el cuarto doblete Liga-Copa de Europa de su historia","link":"https:\/\/candas365.es\/noticias\/el-real-madrid-consigue-el-cuarto-doblete-liga-copa-de-europa-de-su-historia\/"}],"_links":{"self":[{"href":"https:\/\/candas365.es\/noticias\/wp-json\/wp\/v2\/posts\/161897","targetHints":{"allow":["GET"]}}],"collection":[{"href":"https:\/\/candas365.es\/noticias\/wp-json\/wp\/v2\/posts"}],"about":[{"href":"https:\/\/candas365.es\/noticias\/wp-json\/wp\/v2\/types\/post"}],"author":[{"embeddable":true,"href":"https:\/\/candas365.es\/noticias\/wp-json\/wp\/v2\/users\/1"}],"replies":[{"embeddable":true,"href":"https:\/\/candas365.es\/noticias\/wp-json\/wp\/v2\/comments?post=161897"}],"version-history":[{"count":0,"href":"https:\/\/candas365.es\/noticias\/wp-json\/wp\/v2\/posts\/161897\/revisions"}],"wp:featuredmedia":[{"embeddable":true,"href":"https:\/\/candas365.es\/noticias\/wp-json\/wp\/v2\/media\/157395"}],"wp:attachment":[{"href":"https:\/\/candas365.es\/noticias\/wp-json\/wp\/v2\/media?parent=161897"}],"wp:term":[{"taxonomy":"category","embeddable":true,"href":"https:\/\/candas365.es\/noticias\/wp-json\/wp\/v2\/categories?post=161897"},{"taxonomy":"post_tag","embeddable":true,"href":"https:\/\/candas365.es\/noticias\/wp-json\/wp\/v2\/tags?post=161897"}],"curies":[{"name":"wp","href":"https:\/\/api.w.org\/{rel}","templated":true}]}}