{"id":161616,"date":"2022-03-10T16:11:47","date_gmt":"2022-03-10T16:11:47","guid":{"rendered":"http:\/\/candas365.es\/noticias\/?p=161616"},"modified":"2022-04-28T16:15:27","modified_gmt":"2022-04-28T16:15:27","slug":"el-patronato-cultural-teatro-prendes-contara-con-239-631-e-de-presupuesto","status":"publish","type":"post","link":"https:\/\/candas365.es\/noticias\/el-patronato-cultural-teatro-prendes-contara-con-239-631-e-de-presupuesto\/","title":{"rendered":"El Patronato Cultural Teatro Prendes contar\u00e1 con 239.631 \u20ac de presupuesto"},"content":{"rendered":"<p><img fetchpriority=\"high\" decoding=\"async\" class=\"alignleft size-medium wp-image-937\" src=\"https:\/\/candas365.es\/noticias\/wp-content\/uploads\/2014\/09\/cinecandas-360x240.jpg\" alt=\"\" width=\"360\" height=\"240\" srcset=\"https:\/\/candas365.es\/noticias\/wp-content\/uploads\/2014\/09\/cinecandas-360x240.jpg 360w, https:\/\/candas365.es\/noticias\/wp-content\/uploads\/2014\/09\/cinecandas-650x433.jpg 650w, https:\/\/candas365.es\/noticias\/wp-content\/uploads\/2014\/09\/cinecandas-768x512.jpg 768w, https:\/\/candas365.es\/noticias\/wp-content\/uploads\/2014\/09\/cinecandas-150x100.jpg 150w, https:\/\/candas365.es\/noticias\/wp-content\/uploads\/2014\/09\/cinecandas-450x300.jpg 450w, https:\/\/candas365.es\/noticias\/wp-content\/uploads\/2014\/09\/cinecandas-655x436.jpg 655w, https:\/\/candas365.es\/noticias\/wp-content\/uploads\/2014\/09\/cinecandas-696x464.jpg 696w, https:\/\/candas365.es\/noticias\/wp-content\/uploads\/2014\/09\/cinecandas-630x420.jpg 630w, https:\/\/candas365.es\/noticias\/wp-content\/uploads\/2014\/09\/cinecandas-84x55.jpg 84w, https:\/\/candas365.es\/noticias\/wp-content\/uploads\/2014\/09\/cinecandas.jpg 980w\" sizes=\"(max-width: 360px) 100vw, 360px\" \/>La Junta Rectora del Patronato Centro Cultural Teatro Prendes, en sesi\u00f3n ordinaria, celebrada el pasado 7 de marzo, aprob\u00f3 el proyecto de presupuesto del Patronato para el a\u00f1o 2022 por mayor\u00eda de las personas presentes por un importe de 239.631\u20ac.<\/p>\n<p>\u201cTanto el 2020 como el 2021 fueron a\u00f1os dif\u00edciles para todos los sectores econ\u00f3micos y en especial para la cultura. Este 2022 parece ser el de la vuelta poco a poco a la \u201cnormalidad\u201d, por lo que el proyecto de presupuesto confirma el compromiso del gobierno socialista con la promoci\u00f3n de la cultura y la apuesta por una oferta p\u00fablica de calidad y accesible para todos y todas al no reducir la aportaci\u00f3n que hace el Ayuntamiento al Patronato para su mantenimiento, sino todo lo contrario, la aumenta en 20.000 \u20ac. De esta forma la aportaci\u00f3n del Consistorio ser\u00e1 de, 179.325 \u20ac\u201d se\u00f1al\u00f3 Jos\u00e9 Jes\u00fas Varela \u2013 Presidente del Patronato Centro Cultural Teatro Prendes.<\/p>\n<p>\u201cEs un proyecto de presupuesto que tiene en cuenta en su desarrollo tanto program\u00e1tico, como econ\u00f3mico, la situaci\u00f3n de post-pandemia. En este sentido la limitaci\u00f3n obligada de aforo, los cierres perimetrales y el cierre del ocio nocturno, as\u00ed como la inquietud de la ciudadan\u00eda no s\u00f3lo a salir a la calle sino tambi\u00e9n al disfrute del ocio seguro tuvo como consecuencia una notable disminuci\u00f3n de p\u00fablico, y por tanto de los ingresos. De ah\u00ed la aportaci\u00f3n suplementaria por parte del Consistorio. Previsiblemente no ser\u00e1 hasta el a\u00f1o 2023 cuando la recuperaci\u00f3n del nivel de p\u00fablico se asemeje a los del 2019\u201d prosigui\u00f3 el Presidente.<\/p>\n<p>Fundamentalmente tres son las actividades culturales que se desarrollan en El Centro Cultural Teatro Prendes, adem\u00e1s de exposiciones, debates,\u2026:<\/p>\n<ul>\n<li>Cine: La programaci\u00f3n cinematogr\u00e1fica seguir\u00e1 enfocada a las pel\u00edculas de actualidad, sin olvidar el cine infantil o el cl\u00e1sico. Adem\u00e1s de mantener una de las actividades que m\u00e1s \u00e9xito tiene en verano, el ciclo al Aire Libre. Este a\u00f1o se postula como un a\u00f1o de grandes estrenos cinematogr\u00e1ficos al estar pendientes varios de ellos.<\/li>\n<li>Teatro: Consolidar la actual oferta Teatral y de Danza con las Campa\u00f1as el \u201cMen\u00fa del Verano\u201d o el ciclo durante oto\u00f1o, invierno y primavera \u201cMen\u00fas a Escena\u201d, en colaboraci\u00f3n con la hosteler\u00eda local, el \u00faltimo viernes de cada mes. Por lo que se seguir\u00e1 formando parte del Circuito Asturiano de Artes Esc\u00e9nicas Profesionales, y de aquellos nuevos Circuitos de Cultura promovidos por la Consejer\u00eda de Cultura, Pol\u00edtica Lling\u00fc\u00edstica y Turismo del Principado de Asturias. Como complemento a esta consolidaci\u00f3n se mantendr\u00e1 la Muestra anual de Feteas, el Festival de T\u00edteres y se potenciar\u00e1 el Sal\u00f3n de Teatro Costumbrista Asturiano de Cand\u00e1s entre otras actividades.<\/li>\n<li>M\u00fasica: Apoyo a todas las actividades que vienen organizando las Entidades Culturales Musicales de Carre\u00f1o, as\u00ed como los grupos de rock, folk, pop,\u2026adem\u00e1s de proseguir con la adhesi\u00f3n al Circuito de M\u00fasica promovido por la administraci\u00f3n regional.<\/li>\n<\/ul>\n<p>\u201cPara garantizar su continuidad es imprescindible recabar el compromiso conjunto de todos los grupos pol\u00edticos de la Corporaci\u00f3n, ya que en el mantenimiento del Teatro Prendes el Ayuntamiento es actor principal. Ahora, urge aportar m\u00e1s dinero municipal para paliar el d\u00e9ficit y es preciso aunar acuerdos pol\u00edticos para comprarlo. No cabe duda que debemos mirar hacia el futuro y preservar una instituci\u00f3n que frene la desertizaci\u00f3n cultural. Con la contribuci\u00f3n de todos, conseguiremos el objetivo de garantizar su conservaci\u00f3n, viabilidad y mantener un rinc\u00f3n vivo que vertebra nuestro concejo, y lo trasciende, involucrando a toda la ciudadan\u00eda, clubes, entidades e impulsando la iniciativa cultural privada y la consecuente generaci\u00f3n de empleo en este sector\u201d \u2013 concluy\u00f3 el edil de Cultura y Presidente el Patronato.<\/p>\n","protected":false},"excerpt":{"rendered":"<p>La Junta Rectora del Patronato Centro Cultural Teatro Prendes, en sesi\u00f3n ordinaria, celebrada el pasado 7 de marzo, aprob\u00f3 el proyecto de presupuesto del Patronato para el a\u00f1o 2022 por mayor\u00eda de las personas presentes por un importe de 239.631\u20ac. \u201cTanto el 2020 como el 2021 fueron a\u00f1os dif\u00edciles para todos los sectores econ\u00f3micos y<\/p>\n","protected":false},"author":1,"featured_media":937,"comment_status":"closed","ping_status":"closed","sticky":false,"template":"","format":"standard","meta":{"footnotes":""},"categories":[2],"tags":[],"class_list":{"0":"post-161616","1":"post","2":"type-post","3":"status-publish","4":"format-standard","5":"has-post-thumbnail","7":"category-noticias-carreno"},"aioseo_notices":[],"aioseo_head":"\n\t\t<!-- All in One SEO Pro 4.9.6.2 - aioseo.com -->\n\t<meta name=\"description\" content=\"La Junta Rectora del Patronato Centro Cultural Teatro Prendes, en sesi\u00f3n ordinaria, celebrada el pasado 7 de marzo, aprob\u00f3 el proyecto de presupuesto\" \/>\n\t<meta name=\"robots\" content=\"max-image-preview:large\" \/>\n\t<meta name=\"author\" content=\"Cand\u00e1s 365\"\/>\n\t<meta name=\"google-site-verification\" content=\"UA-32230408-1\" \/>\n\t<meta name=\"msvalidate.01\" content=\"354F3CDFB2DA171B47FBE9ABF1F88D5\" \/>\n\t<meta name=\"keywords\" content=\"noticias carre\u00f1o\" \/>\n\t<link rel=\"canonical\" href=\"https:\/\/candas365.es\/noticias\/el-patronato-cultural-teatro-prendes-contara-con-239-631-e-de-presupuesto\/\" \/>\n\t<meta name=\"generator\" content=\"All in One SEO Pro (AIOSEO) 4.9.6.2\" \/>\n\t\t<meta property=\"og:locale\" content=\"es_ES\" \/>\n\t\t<meta property=\"og:site_name\" content=\"Cand\u00e1s 365\" \/>\n\t\t<meta property=\"og:type\" content=\"article\" \/>\n\t\t<meta property=\"og:title\" content=\"El Patronato Cultural Teatro Prendes contar\u00e1 con 239.631 \u20ac de presupuesto | Cand\u00e1s 365\" \/>\n\t\t<meta property=\"og:description\" content=\"La Junta Rectora del Patronato Centro Cultural Teatro Prendes, en sesi\u00f3n ordinaria, celebrada el pasado 7 de marzo, aprob\u00f3 el proyecto de presupuesto\" \/>\n\t\t<meta property=\"og:url\" content=\"https:\/\/candas365.es\/noticias\/el-patronato-cultural-teatro-prendes-contara-con-239-631-e-de-presupuesto\/\" \/>\n\t\t<meta property=\"og:image\" content=\"https:\/\/candas365.es\/noticias\/wp-content\/uploads\/2014\/09\/cinecandas.jpg\" \/>\n\t\t<meta property=\"og:image:secure_url\" content=\"https:\/\/candas365.es\/noticias\/wp-content\/uploads\/2014\/09\/cinecandas.jpg\" \/>\n\t\t<meta property=\"og:image:width\" content=\"980\" \/>\n\t\t<meta property=\"og:image:height\" content=\"653\" \/>\n\t\t<meta property=\"article:published_time\" content=\"2022-03-10T16:11:47+00:00\" \/>\n\t\t<meta property=\"article:modified_time\" content=\"2022-04-28T16:15:27+00:00\" \/>\n\t\t<meta property=\"article:publisher\" content=\"https:\/\/www.facebook.com\/Nachofdezber\" \/>\n\t\t<meta property=\"article:author\" content=\"https:\/\/www.facebook.com\/carrenoactualidad\" \/>\n\t\t<meta name=\"twitter:card\" content=\"summary_large_image\" \/>\n\t\t<meta name=\"twitter:site\" content=\"@NabercoDigital\" \/>\n\t\t<meta name=\"twitter:title\" content=\"El Patronato Cultural Teatro Prendes contar\u00e1 con 239.631 \u20ac de presupuesto | Cand\u00e1s 365\" \/>\n\t\t<meta name=\"twitter:description\" content=\"La Junta Rectora del Patronato Centro Cultural Teatro Prendes, en sesi\u00f3n ordinaria, celebrada el pasado 7 de marzo, aprob\u00f3 el proyecto de presupuesto\" \/>\n\t\t<meta name=\"twitter:creator\" content=\"@nbasturias\" \/>\n\t\t<meta name=\"twitter:image\" content=\"https:\/\/candas365.es\/noticias\/wp-content\/uploads\/2014\/09\/cinecandas.jpg\" \/>\n\t\t<meta name=\"twitter:label1\" content=\"Escrito por\" \/>\n\t\t<meta name=\"twitter:data1\" content=\"Cand\u00e1s 365\" \/>\n\t\t<meta name=\"twitter:label2\" content=\"Tiempo de lectura estimado\" \/>\n\t\t<meta name=\"twitter:data2\" content=\"3 minutos\" \/>\n\t\t<script type=\"application\/ld+json\" class=\"aioseo-schema\">\n\t\t\t{\"@context\":\"https:\\\/\\\/schema.org\",\"@graph\":[{\"@type\":\"BreadcrumbList\",\"@id\":\"https:\\\/\\\/candas365.es\\\/noticias\\\/el-patronato-cultural-teatro-prendes-contara-con-239-631-e-de-presupuesto\\\/#breadcrumblist\",\"itemListElement\":[{\"@type\":\"ListItem\",\"@id\":\"https:\\\/\\\/candas365.es\\\/noticias#listItem\",\"position\":1,\"name\":\"Home\",\"item\":\"https:\\\/\\\/candas365.es\\\/noticias\",\"nextItem\":{\"@type\":\"ListItem\",\"@id\":\"https:\\\/\\\/candas365.es\\\/noticias\\\/category\\\/noticias-carreno\\\/#listItem\",\"name\":\"Noticias Carre\\u00f1o\"}},{\"@type\":\"ListItem\",\"@id\":\"https:\\\/\\\/candas365.es\\\/noticias\\\/category\\\/noticias-carreno\\\/#listItem\",\"position\":2,\"name\":\"Noticias Carre\\u00f1o\",\"item\":\"https:\\\/\\\/candas365.es\\\/noticias\\\/category\\\/noticias-carreno\\\/\",\"nextItem\":{\"@type\":\"ListItem\",\"@id\":\"https:\\\/\\\/candas365.es\\\/noticias\\\/el-patronato-cultural-teatro-prendes-contara-con-239-631-e-de-presupuesto\\\/#listItem\",\"name\":\"El Patronato Cultural Teatro Prendes contar\\u00e1 con 239.631 \\u20ac de presupuesto\"},\"previousItem\":{\"@type\":\"ListItem\",\"@id\":\"https:\\\/\\\/candas365.es\\\/noticias#listItem\",\"name\":\"Home\"}},{\"@type\":\"ListItem\",\"@id\":\"https:\\\/\\\/candas365.es\\\/noticias\\\/el-patronato-cultural-teatro-prendes-contara-con-239-631-e-de-presupuesto\\\/#listItem\",\"position\":3,\"name\":\"El Patronato Cultural Teatro Prendes contar\\u00e1 con 239.631 \\u20ac de presupuesto\",\"previousItem\":{\"@type\":\"ListItem\",\"@id\":\"https:\\\/\\\/candas365.es\\\/noticias\\\/category\\\/noticias-carreno\\\/#listItem\",\"name\":\"Noticias Carre\\u00f1o\"}}]},{\"@type\":\"NewsArticle\",\"@id\":\"https:\\\/\\\/candas365.es\\\/noticias\\\/el-patronato-cultural-teatro-prendes-contara-con-239-631-e-de-presupuesto\\\/#newsarticle\",\"name\":\"El Patronato Cultural Teatro Prendes contar\\u00e1 con 239.631 \\u20ac de presupuesto | Cand\\u00e1s 365\",\"headline\":\"El Patronato Cultural Teatro Prendes contar\\u00e1 con 239.631 \\u20ac de presupuesto\",\"author\":{\"@id\":\"https:\\\/\\\/candas365.es\\\/noticias\\\/author\\\/admin\\\/#author\"},\"publisher\":{\"@id\":\"https:\\\/\\\/candas365.es\\\/noticias\\\/#organization\"},\"image\":{\"@type\":\"ImageObject\",\"url\":\"https:\\\/\\\/candas365.es\\\/noticias\\\/wp-content\\\/uploads\\\/2014\\\/09\\\/cinecandas.jpg\",\"width\":980,\"height\":653},\"datePublished\":\"2022-03-10T16:11:47+01:00\",\"dateModified\":\"2022-04-28T16:15:27+02:00\",\"inLanguage\":\"es-ES\",\"mainEntityOfPage\":{\"@id\":\"https:\\\/\\\/candas365.es\\\/noticias\\\/el-patronato-cultural-teatro-prendes-contara-con-239-631-e-de-presupuesto\\\/#webpage\"},\"isPartOf\":{\"@id\":\"https:\\\/\\\/candas365.es\\\/noticias\\\/el-patronato-cultural-teatro-prendes-contara-con-239-631-e-de-presupuesto\\\/#webpage\"},\"articleSection\":\"Noticias Carre\\u00f1o\",\"dateline\":\"Publicado el marzo 10, 2022.\"},{\"@type\":\"Organization\",\"@id\":\"https:\\\/\\\/candas365.es\\\/noticias\\\/#organization\",\"name\":\"Cand\\u00e1s 365\",\"description\":\"Cand\\u00e1s 365 es un diario digital independiente, fundado en 2012, con base en Asturias. Informamos con rigor sobre actualidad, sociedad, cultura y ocio, con una mirada local y global.\",\"url\":\"https:\\\/\\\/candas365.es\\\/noticias\\\/\",\"email\":\"info@candas365.es\",\"telephone\":\"+34652131393\",\"foundingDate\":\"2012-06-10\",\"logo\":{\"@type\":\"ImageObject\",\"url\":\"https:\\\/\\\/candas365.es\\\/noticias\\\/wp-content\\\/uploads\\\/2024\\\/09\\\/Candas-365-Redes.jpg\",\"@id\":\"https:\\\/\\\/candas365.es\\\/noticias\\\/el-patronato-cultural-teatro-prendes-contara-con-239-631-e-de-presupuesto\\\/#organizationLogo\",\"width\":1152,\"height\":864,\"caption\":\"Cand\\u00e1s 365 Redes\"},\"image\":{\"@id\":\"https:\\\/\\\/candas365.es\\\/noticias\\\/el-patronato-cultural-teatro-prendes-contara-con-239-631-e-de-presupuesto\\\/#organizationLogo\"},\"sameAs\":[\"https:\\\/\\\/www.facebook.com\\\/Nachofdezber\",\"https:\\\/\\\/x.com\\\/NabercoDigital\",\"https:\\\/\\\/www.instagram.com\\\/nachofdezber\\\/\",\"https:\\\/\\\/www.youtube.com\\\/channel\\\/UCZP-2wLEB9Rv6erhFmqVnvg\"],\"address\":{\"@id\":\"https:\\\/\\\/candas365.es\\\/noticias\\\/#postaladdress\",\"@type\":\"PostalAddress\",\"streetAddress\":\"san antonio 4, san antonio 4\",\"postalCode\":\"33430\",\"addressLocality\":\"Cand\\u00e1s\",\"addressRegion\":\"Asturias\",\"addressCountry\":\"ES\"}},{\"@type\":\"Person\",\"@id\":\"https:\\\/\\\/candas365.es\\\/noticias\\\/author\\\/admin\\\/#author\",\"url\":\"https:\\\/\\\/candas365.es\\\/noticias\\\/author\\\/admin\\\/\",\"name\":\"Cand\\u00e1s 365\",\"image\":{\"@type\":\"ImageObject\",\"@id\":\"https:\\\/\\\/candas365.es\\\/noticias\\\/el-patronato-cultural-teatro-prendes-contara-con-239-631-e-de-presupuesto\\\/#authorImage\",\"url\":\"https:\\\/\\\/secure.gravatar.com\\\/avatar\\\/496a8e03d0c493ede1718b7934145dbdf8d89be1036b0eec9544e1094c9de390?s=96&d=mm&r=g\",\"width\":96,\"height\":96,\"caption\":\"Cand\\u00e1s 365\"},\"sameAs\":[\"https:\\\/\\\/www.facebook.com\\\/carrenoactualidad\",\"https:\\\/\\\/twitter.com\\\/nbasturias\",\"https:\\\/\\\/www.instagram.com\\\/nachofdezber\\\/\",\"https:\\\/\\\/www.youtube.com\\\/channel\\\/UCZP-2wLEB9Rv6erhFmqVnvg\"]},{\"@type\":\"WebPage\",\"@id\":\"https:\\\/\\\/candas365.es\\\/noticias\\\/el-patronato-cultural-teatro-prendes-contara-con-239-631-e-de-presupuesto\\\/#webpage\",\"url\":\"https:\\\/\\\/candas365.es\\\/noticias\\\/el-patronato-cultural-teatro-prendes-contara-con-239-631-e-de-presupuesto\\\/\",\"name\":\"El Patronato Cultural Teatro Prendes contar\\u00e1 con 239.631 \\u20ac de presupuesto | Cand\\u00e1s 365\",\"description\":\"La Junta Rectora del Patronato Centro Cultural Teatro Prendes, en sesi\\u00f3n ordinaria, celebrada el pasado 7 de marzo, aprob\\u00f3 el proyecto de presupuesto\",\"inLanguage\":\"es-ES\",\"isPartOf\":{\"@id\":\"https:\\\/\\\/candas365.es\\\/noticias\\\/#website\"},\"breadcrumb\":{\"@id\":\"https:\\\/\\\/candas365.es\\\/noticias\\\/el-patronato-cultural-teatro-prendes-contara-con-239-631-e-de-presupuesto\\\/#breadcrumblist\"},\"author\":{\"@id\":\"https:\\\/\\\/candas365.es\\\/noticias\\\/author\\\/admin\\\/#author\"},\"creator\":{\"@id\":\"https:\\\/\\\/candas365.es\\\/noticias\\\/author\\\/admin\\\/#author\"},\"image\":{\"@type\":\"ImageObject\",\"url\":\"https:\\\/\\\/candas365.es\\\/noticias\\\/wp-content\\\/uploads\\\/2014\\\/09\\\/cinecandas.jpg\",\"@id\":\"https:\\\/\\\/candas365.es\\\/noticias\\\/el-patronato-cultural-teatro-prendes-contara-con-239-631-e-de-presupuesto\\\/#mainImage\",\"width\":980,\"height\":653},\"primaryImageOfPage\":{\"@id\":\"https:\\\/\\\/candas365.es\\\/noticias\\\/el-patronato-cultural-teatro-prendes-contara-con-239-631-e-de-presupuesto\\\/#mainImage\"},\"datePublished\":\"2022-03-10T16:11:47+01:00\",\"dateModified\":\"2022-04-28T16:15:27+02:00\"},{\"@type\":\"WebSite\",\"@id\":\"https:\\\/\\\/candas365.es\\\/noticias\\\/#website\",\"url\":\"https:\\\/\\\/candas365.es\\\/noticias\\\/\",\"name\":\"Cand\\u00e1s 365\",\"alternateName\":\"Cand\\u00e1s 365 Noticias\",\"description\":\"Actualidad desde Carre\\u00f1o para el mundo\",\"inLanguage\":\"es-ES\",\"publisher\":{\"@id\":\"https:\\\/\\\/candas365.es\\\/noticias\\\/#organization\"}}]}\n\t\t<\/script>\n\t\t<!-- All in One SEO Pro -->\r\n\t\t<title>El Patronato Cultural Teatro Prendes contar\u00e1 con 239.631 \u20ac de presupuesto | Cand\u00e1s 365<\/title>\n\n","aioseo_head_json":{"title":"El Patronato Cultural Teatro Prendes contar\u00e1 con 239.631 \u20ac de presupuesto | Cand\u00e1s 365","description":"La Junta Rectora del Patronato Centro Cultural Teatro Prendes, en sesi\u00f3n ordinaria, celebrada el pasado 7 de marzo, aprob\u00f3 el proyecto de presupuesto","canonical_url":"https:\/\/candas365.es\/noticias\/el-patronato-cultural-teatro-prendes-contara-con-239-631-e-de-presupuesto\/","robots":"max-image-preview:large","keywords":"noticias carre\u00f1o","webmasterTools":{"google-site-verification":"UA-32230408-1","msvalidate.01":"354F3CDFB2DA171B47FBE9ABF1F88D5","miscellaneous":""},"schema":{"@context":"https:\/\/schema.org","@graph":[{"@type":"BreadcrumbList","@id":"https:\/\/candas365.es\/noticias\/el-patronato-cultural-teatro-prendes-contara-con-239-631-e-de-presupuesto\/#breadcrumblist","itemListElement":[{"@type":"ListItem","@id":"https:\/\/candas365.es\/noticias#listItem","position":1,"name":"Home","item":"https:\/\/candas365.es\/noticias","nextItem":{"@type":"ListItem","@id":"https:\/\/candas365.es\/noticias\/category\/noticias-carreno\/#listItem","name":"Noticias Carre\u00f1o"}},{"@type":"ListItem","@id":"https:\/\/candas365.es\/noticias\/category\/noticias-carreno\/#listItem","position":2,"name":"Noticias Carre\u00f1o","item":"https:\/\/candas365.es\/noticias\/category\/noticias-carreno\/","nextItem":{"@type":"ListItem","@id":"https:\/\/candas365.es\/noticias\/el-patronato-cultural-teatro-prendes-contara-con-239-631-e-de-presupuesto\/#listItem","name":"El Patronato Cultural Teatro Prendes contar\u00e1 con 239.631 \u20ac de presupuesto"},"previousItem":{"@type":"ListItem","@id":"https:\/\/candas365.es\/noticias#listItem","name":"Home"}},{"@type":"ListItem","@id":"https:\/\/candas365.es\/noticias\/el-patronato-cultural-teatro-prendes-contara-con-239-631-e-de-presupuesto\/#listItem","position":3,"name":"El Patronato Cultural Teatro Prendes contar\u00e1 con 239.631 \u20ac de presupuesto","previousItem":{"@type":"ListItem","@id":"https:\/\/candas365.es\/noticias\/category\/noticias-carreno\/#listItem","name":"Noticias Carre\u00f1o"}}]},{"@type":"NewsArticle","@id":"https:\/\/candas365.es\/noticias\/el-patronato-cultural-teatro-prendes-contara-con-239-631-e-de-presupuesto\/#newsarticle","name":"El Patronato Cultural Teatro Prendes contar\u00e1 con 239.631 \u20ac de presupuesto | Cand\u00e1s 365","headline":"El Patronato Cultural Teatro Prendes contar\u00e1 con 239.631 \u20ac de presupuesto","author":{"@id":"https:\/\/candas365.es\/noticias\/author\/admin\/#author"},"publisher":{"@id":"https:\/\/candas365.es\/noticias\/#organization"},"image":{"@type":"ImageObject","url":"https:\/\/candas365.es\/noticias\/wp-content\/uploads\/2014\/09\/cinecandas.jpg","width":980,"height":653},"datePublished":"2022-03-10T16:11:47+01:00","dateModified":"2022-04-28T16:15:27+02:00","inLanguage":"es-ES","mainEntityOfPage":{"@id":"https:\/\/candas365.es\/noticias\/el-patronato-cultural-teatro-prendes-contara-con-239-631-e-de-presupuesto\/#webpage"},"isPartOf":{"@id":"https:\/\/candas365.es\/noticias\/el-patronato-cultural-teatro-prendes-contara-con-239-631-e-de-presupuesto\/#webpage"},"articleSection":"Noticias Carre\u00f1o","dateline":"Publicado el marzo 10, 2022."},{"@type":"Organization","@id":"https:\/\/candas365.es\/noticias\/#organization","name":"Cand\u00e1s 365","description":"Cand\u00e1s 365 es un diario digital independiente, fundado en 2012, con base en Asturias. Informamos con rigor sobre actualidad, sociedad, cultura y ocio, con una mirada local y global.","url":"https:\/\/candas365.es\/noticias\/","email":"info@candas365.es","telephone":"+34652131393","foundingDate":"2012-06-10","logo":{"@type":"ImageObject","url":"https:\/\/candas365.es\/noticias\/wp-content\/uploads\/2024\/09\/Candas-365-Redes.jpg","@id":"https:\/\/candas365.es\/noticias\/el-patronato-cultural-teatro-prendes-contara-con-239-631-e-de-presupuesto\/#organizationLogo","width":1152,"height":864,"caption":"Cand\u00e1s 365 Redes"},"image":{"@id":"https:\/\/candas365.es\/noticias\/el-patronato-cultural-teatro-prendes-contara-con-239-631-e-de-presupuesto\/#organizationLogo"},"sameAs":["https:\/\/www.facebook.com\/Nachofdezber","https:\/\/x.com\/NabercoDigital","https:\/\/www.instagram.com\/nachofdezber\/","https:\/\/www.youtube.com\/channel\/UCZP-2wLEB9Rv6erhFmqVnvg"],"address":{"@id":"https:\/\/candas365.es\/noticias\/#postaladdress","@type":"PostalAddress","streetAddress":"san antonio 4, san antonio 4","postalCode":"33430","addressLocality":"Cand\u00e1s","addressRegion":"Asturias","addressCountry":"ES"}},{"@type":"Person","@id":"https:\/\/candas365.es\/noticias\/author\/admin\/#author","url":"https:\/\/candas365.es\/noticias\/author\/admin\/","name":"Cand\u00e1s 365","image":{"@type":"ImageObject","@id":"https:\/\/candas365.es\/noticias\/el-patronato-cultural-teatro-prendes-contara-con-239-631-e-de-presupuesto\/#authorImage","url":"https:\/\/secure.gravatar.com\/avatar\/496a8e03d0c493ede1718b7934145dbdf8d89be1036b0eec9544e1094c9de390?s=96&d=mm&r=g","width":96,"height":96,"caption":"Cand\u00e1s 365"},"sameAs":["https:\/\/www.facebook.com\/carrenoactualidad","https:\/\/twitter.com\/nbasturias","https:\/\/www.instagram.com\/nachofdezber\/","https:\/\/www.youtube.com\/channel\/UCZP-2wLEB9Rv6erhFmqVnvg"]},{"@type":"WebPage","@id":"https:\/\/candas365.es\/noticias\/el-patronato-cultural-teatro-prendes-contara-con-239-631-e-de-presupuesto\/#webpage","url":"https:\/\/candas365.es\/noticias\/el-patronato-cultural-teatro-prendes-contara-con-239-631-e-de-presupuesto\/","name":"El Patronato Cultural Teatro Prendes contar\u00e1 con 239.631 \u20ac de presupuesto | Cand\u00e1s 365","description":"La Junta Rectora del Patronato Centro Cultural Teatro Prendes, en sesi\u00f3n ordinaria, celebrada el pasado 7 de marzo, aprob\u00f3 el proyecto de presupuesto","inLanguage":"es-ES","isPartOf":{"@id":"https:\/\/candas365.es\/noticias\/#website"},"breadcrumb":{"@id":"https:\/\/candas365.es\/noticias\/el-patronato-cultural-teatro-prendes-contara-con-239-631-e-de-presupuesto\/#breadcrumblist"},"author":{"@id":"https:\/\/candas365.es\/noticias\/author\/admin\/#author"},"creator":{"@id":"https:\/\/candas365.es\/noticias\/author\/admin\/#author"},"image":{"@type":"ImageObject","url":"https:\/\/candas365.es\/noticias\/wp-content\/uploads\/2014\/09\/cinecandas.jpg","@id":"https:\/\/candas365.es\/noticias\/el-patronato-cultural-teatro-prendes-contara-con-239-631-e-de-presupuesto\/#mainImage","width":980,"height":653},"primaryImageOfPage":{"@id":"https:\/\/candas365.es\/noticias\/el-patronato-cultural-teatro-prendes-contara-con-239-631-e-de-presupuesto\/#mainImage"},"datePublished":"2022-03-10T16:11:47+01:00","dateModified":"2022-04-28T16:15:27+02:00"},{"@type":"WebSite","@id":"https:\/\/candas365.es\/noticias\/#website","url":"https:\/\/candas365.es\/noticias\/","name":"Cand\u00e1s 365","alternateName":"Cand\u00e1s 365 Noticias","description":"Actualidad desde Carre\u00f1o para el mundo","inLanguage":"es-ES","publisher":{"@id":"https:\/\/candas365.es\/noticias\/#organization"}}]},"og:locale":"es_ES","og:site_name":"Cand\u00e1s 365","og:type":"article","og:title":"El Patronato Cultural Teatro Prendes contar\u00e1 con 239.631 \u20ac de presupuesto | Cand\u00e1s 365","og:description":"La Junta Rectora del Patronato Centro Cultural Teatro Prendes, en sesi\u00f3n ordinaria, celebrada el pasado 7 de marzo, aprob\u00f3 el proyecto de presupuesto","og:url":"https:\/\/candas365.es\/noticias\/el-patronato-cultural-teatro-prendes-contara-con-239-631-e-de-presupuesto\/","og:image":"https:\/\/candas365.es\/noticias\/wp-content\/uploads\/2014\/09\/cinecandas.jpg","og:image:secure_url":"https:\/\/candas365.es\/noticias\/wp-content\/uploads\/2014\/09\/cinecandas.jpg","og:image:width":980,"og:image:height":653,"article:published_time":"2022-03-10T16:11:47+00:00","article:modified_time":"2022-04-28T16:15:27+00:00","article:publisher":"https:\/\/www.facebook.com\/Nachofdezber","article:author":"https:\/\/www.facebook.com\/carrenoactualidad","twitter:card":"summary_large_image","twitter:site":"@NabercoDigital","twitter:title":"El Patronato Cultural Teatro Prendes contar\u00e1 con 239.631 \u20ac de presupuesto | Cand\u00e1s 365","twitter:description":"La Junta Rectora del Patronato Centro Cultural Teatro Prendes, en sesi\u00f3n ordinaria, celebrada el pasado 7 de marzo, aprob\u00f3 el proyecto de presupuesto","twitter:creator":"@nbasturias","twitter:image":"https:\/\/candas365.es\/noticias\/wp-content\/uploads\/2014\/09\/cinecandas.jpg","twitter:label1":"Escrito por","twitter:data1":"Cand\u00e1s 365","twitter:label2":"Tiempo de lectura estimado","twitter:data2":"3 minutos"},"aioseo_meta_data":{"post_id":"161616","title":null,"description":"La Junta Rectora del Patronato Centro Cultural Teatro Prendes, en sesi\u00f3n ordinaria, celebrada el pasado 7 de marzo, aprob\u00f3 el proyecto de presupuesto","keywords":[],"keyphrases":{"focus":{"keyphrase":"Teatro Prendes","score":87,"analysis":{"keyphraseInTitle":{"title":"Focus keyphrase in SEO title","description":"Focus keyphrase found in SEO title.","score":9,"maxScore":9,"error":0},"keyphraseInDescription":{"title":"Focus keyphrase in meta description","description":"Focus keyphrase found in meta description.","score":9,"maxScore":9,"error":0},"keyphraseLength":{"title":"Focus keyphrase length","description":"Good job!","score":9,"maxScore":9,"error":0,"length":2},"keyphraseInURL":[],"keyphraseInIntroduction":{"title":"Focus keyphrase in introduction","description":"Your Focus keyphrase appears in the first paragraph. Well done!","score":9,"maxScore":9,"error":0},"keyphraseInSubHeadings":[],"keyphraseInImageAlt":{"title":"Focus keyphrase in image alt attributes","description":"Focus keyphrase not found in image alt attribute(s). Add an image with your Focus keyphrase as alt text.","score":3,"maxScore":9,"error":1}}},"additional":[]},"primary_term":null,"canonical_url":null,"og_title":null,"og_description":null,"og_object_type":"default","og_image_type":"default","og_image_url":null,"og_image_width":null,"og_image_height":null,"og_image_custom_url":null,"og_image_custom_fields":null,"og_video":"","og_custom_url":null,"og_article_section":null,"og_article_tags":[],"twitter_use_og":false,"twitter_card":"default","twitter_image_type":"default","twitter_image_url":null,"twitter_image_custom_url":null,"twitter_image_custom_fields":null,"twitter_title":null,"twitter_description":null,"schema":{"blockGraphs":[],"customGraphs":[],"default":{"data":{"Article":[],"Course":[],"Dataset":[],"FAQPage":[],"Movie":[],"Person":[],"Product":[],"ProductReview":[],"Car":[],"Recipe":[],"Service":[],"SoftwareApplication":[],"WebPage":[]},"graphName":"","isEnabled":true},"graphs":[],"defaultGraph":"Article","defaultPostTypeGraph":""},"schema_type":"default","schema_type_options":"{\"article\":{\"articleType\":\"BlogPosting\"},\"course\":{\"name\":\"\",\"description\":\"\",\"provider\":\"\"},\"faq\":{\"pages\":[]},\"product\":{\"reviews\":[]},\"recipe\":{\"ingredients\":[],\"instructions\":[],\"keywords\":[]},\"software\":{\"reviews\":[],\"operatingSystems\":[]},\"webPage\":{\"webPageType\":\"WebPage\"}}","pillar_content":false,"robots_default":true,"robots_noindex":false,"robots_noarchive":false,"robots_nosnippet":false,"robots_nofollow":false,"robots_noimageindex":false,"robots_noodp":false,"robots_notranslate":false,"robots_max_snippet":"-1","robots_max_videopreview":"-1","robots_max_imagepreview":"large","priority":null,"frequency":"default","location":null,"local_seo":null,"seo_analyzer_scan_date":"2025-09-01 05:52:14","breadcrumb_settings":null,"limit_modified_date":false,"reviewed_by":null,"open_ai":null,"ai":null,"created":"2022-04-28 16:11:47","updated":"2025-09-01 05:52:14"},"aioseo_breadcrumb":"<div class=\"aioseo-breadcrumbs\"><span class=\"aioseo-breadcrumb\">\n\t<a href=\"https:\/\/candas365.es\/noticias\" title=\"Home\">Home<\/a>\n<\/span><span class=\"aioseo-breadcrumb-separator\">&ndash;<\/span><span class=\"aioseo-breadcrumb\">\n\t<a href=\"https:\/\/candas365.es\/noticias\/category\/noticias-carreno\/\" title=\"Noticias Carre\u00f1o\">Noticias Carre\u00f1o<\/a>\n<\/span><span class=\"aioseo-breadcrumb-separator\">&ndash;<\/span><span class=\"aioseo-breadcrumb\">\n\tEl Patronato Cultural Teatro Prendes contar\u00e1 con 239.631 \u20ac de presupuesto\n<\/span><\/div>","aioseo_breadcrumb_json":[{"label":"Home","link":"https:\/\/candas365.es\/noticias"},{"label":"Noticias Carre\u00f1o","link":"https:\/\/candas365.es\/noticias\/category\/noticias-carreno\/"},{"label":"El Patronato Cultural Teatro Prendes contar\u00e1 con 239.631 \u20ac de presupuesto","link":"https:\/\/candas365.es\/noticias\/el-patronato-cultural-teatro-prendes-contara-con-239-631-e-de-presupuesto\/"}],"_links":{"self":[{"href":"https:\/\/candas365.es\/noticias\/wp-json\/wp\/v2\/posts\/161616","targetHints":{"allow":["GET"]}}],"collection":[{"href":"https:\/\/candas365.es\/noticias\/wp-json\/wp\/v2\/posts"}],"about":[{"href":"https:\/\/candas365.es\/noticias\/wp-json\/wp\/v2\/types\/post"}],"author":[{"embeddable":true,"href":"https:\/\/candas365.es\/noticias\/wp-json\/wp\/v2\/users\/1"}],"replies":[{"embeddable":true,"href":"https:\/\/candas365.es\/noticias\/wp-json\/wp\/v2\/comments?post=161616"}],"version-history":[{"count":0,"href":"https:\/\/candas365.es\/noticias\/wp-json\/wp\/v2\/posts\/161616\/revisions"}],"wp:featuredmedia":[{"embeddable":true,"href":"https:\/\/candas365.es\/noticias\/wp-json\/wp\/v2\/media\/937"}],"wp:attachment":[{"href":"https:\/\/candas365.es\/noticias\/wp-json\/wp\/v2\/media?parent=161616"}],"wp:term":[{"taxonomy":"category","embeddable":true,"href":"https:\/\/candas365.es\/noticias\/wp-json\/wp\/v2\/categories?post=161616"},{"taxonomy":"post_tag","embeddable":true,"href":"https:\/\/candas365.es\/noticias\/wp-json\/wp\/v2\/tags?post=161616"}],"curies":[{"name":"wp","href":"https:\/\/api.w.org\/{rel}","templated":true}]}}