{"id":161526,"date":"2022-04-18T11:36:25","date_gmt":"2022-04-18T11:36:25","guid":{"rendered":"http:\/\/candas365.es\/noticias\/?p=161526"},"modified":"2022-04-18T11:36:25","modified_gmt":"2022-04-18T11:36:25","slug":"peskov-la-operacion-militar-especial-va-de-acuerdo-al-plan","status":"publish","type":"post","link":"https:\/\/candas365.es\/noticias\/peskov-la-operacion-militar-especial-va-de-acuerdo-al-plan\/","title":{"rendered":"Peskov: \u00abLa operaci\u00f3n militar especial va de acuerdo al plan\u00bb"},"content":{"rendered":"<p><img fetchpriority=\"high\" decoding=\"async\" class=\"alignleft size-medium wp-image-161527\" src=\"https:\/\/candas365.es\/noticias\/wp-content\/uploads\/2022\/04\/Kremlin-360x240.jpg\" alt=\"\" width=\"360\" height=\"240\" srcset=\"https:\/\/candas365.es\/noticias\/wp-content\/uploads\/2022\/04\/Kremlin-360x240.jpg 360w, https:\/\/candas365.es\/noticias\/wp-content\/uploads\/2022\/04\/Kremlin-150x100.jpg 150w, https:\/\/candas365.es\/noticias\/wp-content\/uploads\/2022\/04\/Kremlin-450x300.jpg 450w, https:\/\/candas365.es\/noticias\/wp-content\/uploads\/2022\/04\/Kremlin.jpg 640w\" sizes=\"(max-width: 360px) 100vw, 360px\" \/>(EP) &#8211; El Kremlin ha asegurado este lunes que la din\u00e1mica de las negociaciones de paz entre las partes rusa y ucraniana para poner fin al conflicto en Ucrania \u00abdeja mucho que desear\u00bb, al tiempo que ha afirmado que la invasi\u00f3n \u00abva de acuerdo al plan\u00bb.<\/p>\n<p>En declaraciones ante la prensa, recogidas por la agencia de noticias rusa Interfax, el portavoz de la Presidencia rusa, Dimitri Peskov, ha explicado que la parte ucraniana \u00abno demuestra una constancia especial\u00bb en los puntos que acuerdan las partes.<\/p>\n<p>\u00abLa posici\u00f3n cambia a menudo y, por supuesto, la din\u00e1mica del progreso en el proceso de negociaci\u00f3n deja mucho que desear\u00bb, ha indicado, si bien ha asegurado que los contactos \u00aba nivel de expertos\u00bb en el marco del proceso de negociaci\u00f3n contin\u00faan.<\/p>\n<blockquote><p>En este sentido, y al mismo tiempo que estos contactos, Peskov ha recordado que la \u00aboperaci\u00f3n militar especial\u00bb &#8211;el eufemismo ruso para referirse a la invasi\u00f3n&#8211; contin\u00faa y, seg\u00fan el presidente ruso, Vladimir Putin, \u00abva de acuerdo al plan\u00bb.<\/p><\/blockquote>\n<p>Por el momento, no hay perspectivas de que las delegaciones vayan a reunirse en persona para continuar con el di\u00e1logo. La semana pasada, Peskov indic\u00f3 que, en caso de producirse un encuentro presencial, Bielorrusia ser\u00eda la \u00abplataforma preferida\u00bb para la reuni\u00f3n. El presidente ucraniano, Volodimir Zelenski, ha pedido repetidamente a Putin reunirse en persona en el marco de las negociaciones, algo a lo que la parte rusa todav\u00eda no ha accedido.<\/p>\n","protected":false},"excerpt":{"rendered":"<p>(EP) &#8211; El Kremlin ha asegurado este lunes que la din\u00e1mica de las negociaciones de paz entre las partes rusa y ucraniana para poner fin al conflicto en Ucrania \u00abdeja mucho que desear\u00bb, al tiempo que ha afirmado que la invasi\u00f3n \u00abva de acuerdo al plan\u00bb. En declaraciones ante la prensa, recogidas por la agencia<\/p>\n","protected":false},"author":1,"featured_media":161527,"comment_status":"closed","ping_status":"closed","sticky":false,"template":"","format":"standard","meta":{"footnotes":""},"categories":[343],"tags":[464,418],"class_list":{"0":"post-161526","1":"post","2":"type-post","3":"status-publish","4":"format-standard","5":"has-post-thumbnail","7":"category-actualidad","8":"tag-conflictos","9":"tag-internacional"},"aioseo_notices":[],"aioseo_head":"\n\t\t<!-- All in One SEO Pro 4.9.6.2 - aioseo.com -->\n\t<meta name=\"description\" content=\"El Kremlin ha asegurado este lunes que la din\u00e1mica de las negociaciones de paz entre las partes rusa y ucraniana para poner fin al conflicto en Ucrania\" \/>\n\t<meta name=\"robots\" content=\"max-image-preview:large\" \/>\n\t<meta name=\"author\" content=\"Cand\u00e1s 365\"\/>\n\t<meta name=\"google-site-verification\" content=\"UA-32230408-1\" \/>\n\t<meta name=\"msvalidate.01\" content=\"354F3CDFB2DA171B47FBE9ABF1F88D5\" \/>\n\t<meta name=\"keywords\" content=\"actualidad\" \/>\n\t<link rel=\"canonical\" href=\"https:\/\/candas365.es\/noticias\/peskov-la-operacion-militar-especial-va-de-acuerdo-al-plan\/\" \/>\n\t<meta name=\"generator\" content=\"All in One SEO Pro (AIOSEO) 4.9.6.2\" \/>\n\t\t<meta property=\"og:locale\" content=\"es_ES\" \/>\n\t\t<meta property=\"og:site_name\" content=\"Cand\u00e1s 365\" \/>\n\t\t<meta property=\"og:type\" content=\"article\" \/>\n\t\t<meta property=\"og:title\" content=\"Peskov: \u00abLa operaci\u00f3n militar especial va de acuerdo al plan\u00bb | Cand\u00e1s 365\" \/>\n\t\t<meta property=\"og:description\" content=\"El Kremlin ha asegurado este lunes que la din\u00e1mica de las negociaciones de paz entre las partes rusa y ucraniana para poner fin al conflicto en Ucrania\" \/>\n\t\t<meta property=\"og:url\" content=\"https:\/\/candas365.es\/noticias\/peskov-la-operacion-militar-especial-va-de-acuerdo-al-plan\/\" \/>\n\t\t<meta property=\"og:image\" content=\"https:\/\/candas365.es\/noticias\/wp-content\/uploads\/2022\/04\/Kremlin.jpg\" \/>\n\t\t<meta property=\"og:image:secure_url\" content=\"https:\/\/candas365.es\/noticias\/wp-content\/uploads\/2022\/04\/Kremlin.jpg\" \/>\n\t\t<meta property=\"og:image:width\" content=\"640\" \/>\n\t\t<meta property=\"og:image:height\" content=\"426\" \/>\n\t\t<meta property=\"article:published_time\" content=\"2022-04-18T11:36:25+00:00\" \/>\n\t\t<meta property=\"article:modified_time\" content=\"2022-04-18T11:36:25+00:00\" \/>\n\t\t<meta property=\"article:publisher\" content=\"https:\/\/www.facebook.com\/Nachofdezber\" \/>\n\t\t<meta property=\"article:author\" content=\"https:\/\/www.facebook.com\/carrenoactualidad\" \/>\n\t\t<meta name=\"twitter:card\" content=\"summary_large_image\" \/>\n\t\t<meta name=\"twitter:site\" content=\"@NabercoDigital\" \/>\n\t\t<meta name=\"twitter:title\" content=\"Peskov: \u00abLa operaci\u00f3n militar especial va de acuerdo al plan\u00bb | Cand\u00e1s 365\" \/>\n\t\t<meta name=\"twitter:description\" content=\"El Kremlin ha asegurado este lunes que la din\u00e1mica de las negociaciones de paz entre las partes rusa y ucraniana para poner fin al conflicto en Ucrania\" \/>\n\t\t<meta name=\"twitter:creator\" content=\"@nbasturias\" \/>\n\t\t<meta name=\"twitter:image\" content=\"https:\/\/candas365.es\/noticias\/wp-content\/uploads\/2022\/04\/Kremlin.jpg\" \/>\n\t\t<meta name=\"twitter:label1\" content=\"Escrito por\" \/>\n\t\t<meta name=\"twitter:data1\" content=\"Cand\u00e1s 365\" \/>\n\t\t<meta name=\"twitter:label2\" content=\"Tiempo de lectura estimado\" \/>\n\t\t<meta name=\"twitter:data2\" content=\"1 minuto\" \/>\n\t\t<script type=\"application\/ld+json\" class=\"aioseo-schema\">\n\t\t\t{\"@context\":\"https:\\\/\\\/schema.org\",\"@graph\":[{\"@type\":\"BreadcrumbList\",\"@id\":\"https:\\\/\\\/candas365.es\\\/noticias\\\/peskov-la-operacion-militar-especial-va-de-acuerdo-al-plan\\\/#breadcrumblist\",\"itemListElement\":[{\"@type\":\"ListItem\",\"@id\":\"https:\\\/\\\/candas365.es\\\/noticias#listItem\",\"position\":1,\"name\":\"Home\",\"item\":\"https:\\\/\\\/candas365.es\\\/noticias\",\"nextItem\":{\"@type\":\"ListItem\",\"@id\":\"https:\\\/\\\/candas365.es\\\/noticias\\\/category\\\/actualidad\\\/#listItem\",\"name\":\"Actualidad\"}},{\"@type\":\"ListItem\",\"@id\":\"https:\\\/\\\/candas365.es\\\/noticias\\\/category\\\/actualidad\\\/#listItem\",\"position\":2,\"name\":\"Actualidad\",\"item\":\"https:\\\/\\\/candas365.es\\\/noticias\\\/category\\\/actualidad\\\/\",\"nextItem\":{\"@type\":\"ListItem\",\"@id\":\"https:\\\/\\\/candas365.es\\\/noticias\\\/peskov-la-operacion-militar-especial-va-de-acuerdo-al-plan\\\/#listItem\",\"name\":\"Peskov: \\u00abLa operaci\\u00f3n militar especial va de acuerdo al plan\\u00bb\"},\"previousItem\":{\"@type\":\"ListItem\",\"@id\":\"https:\\\/\\\/candas365.es\\\/noticias#listItem\",\"name\":\"Home\"}},{\"@type\":\"ListItem\",\"@id\":\"https:\\\/\\\/candas365.es\\\/noticias\\\/peskov-la-operacion-militar-especial-va-de-acuerdo-al-plan\\\/#listItem\",\"position\":3,\"name\":\"Peskov: \\u00abLa operaci\\u00f3n militar especial va de acuerdo al plan\\u00bb\",\"previousItem\":{\"@type\":\"ListItem\",\"@id\":\"https:\\\/\\\/candas365.es\\\/noticias\\\/category\\\/actualidad\\\/#listItem\",\"name\":\"Actualidad\"}}]},{\"@type\":\"NewsArticle\",\"@id\":\"https:\\\/\\\/candas365.es\\\/noticias\\\/peskov-la-operacion-militar-especial-va-de-acuerdo-al-plan\\\/#newsarticle\",\"name\":\"Peskov: \\u00abLa operaci\\u00f3n militar especial va de acuerdo al plan\\u00bb | Cand\\u00e1s 365\",\"headline\":\"Peskov: \\u00abLa operaci\\u00f3n militar especial va de acuerdo al plan\\u00bb\",\"author\":{\"@id\":\"https:\\\/\\\/candas365.es\\\/noticias\\\/author\\\/admin\\\/#author\"},\"publisher\":{\"@id\":\"https:\\\/\\\/candas365.es\\\/noticias\\\/#organization\"},\"image\":{\"@type\":\"ImageObject\",\"url\":\"https:\\\/\\\/candas365.es\\\/noticias\\\/wp-content\\\/uploads\\\/2022\\\/04\\\/Kremlin.jpg\",\"width\":640,\"height\":426},\"datePublished\":\"2022-04-18T11:36:25+02:00\",\"dateModified\":\"2022-04-18T11:36:25+02:00\",\"inLanguage\":\"es-ES\",\"mainEntityOfPage\":{\"@id\":\"https:\\\/\\\/candas365.es\\\/noticias\\\/peskov-la-operacion-militar-especial-va-de-acuerdo-al-plan\\\/#webpage\"},\"isPartOf\":{\"@id\":\"https:\\\/\\\/candas365.es\\\/noticias\\\/peskov-la-operacion-militar-especial-va-de-acuerdo-al-plan\\\/#webpage\"},\"articleSection\":\"Actualidad, conflictos, Internacional\",\"dateline\":\"Publicado el abril 18, 2022.\"},{\"@type\":\"Organization\",\"@id\":\"https:\\\/\\\/candas365.es\\\/noticias\\\/#organization\",\"name\":\"Cand\\u00e1s 365\",\"description\":\"Cand\\u00e1s 365 es un diario digital independiente, fundado en 2012, con base en Asturias. Informamos con rigor sobre actualidad, sociedad, cultura y ocio, con una mirada local y global.\",\"url\":\"https:\\\/\\\/candas365.es\\\/noticias\\\/\",\"email\":\"info@candas365.es\",\"telephone\":\"+34652131393\",\"foundingDate\":\"2012-06-10\",\"logo\":{\"@type\":\"ImageObject\",\"url\":\"https:\\\/\\\/candas365.es\\\/noticias\\\/wp-content\\\/uploads\\\/2024\\\/09\\\/Candas-365-Redes.jpg\",\"@id\":\"https:\\\/\\\/candas365.es\\\/noticias\\\/peskov-la-operacion-militar-especial-va-de-acuerdo-al-plan\\\/#organizationLogo\",\"width\":1152,\"height\":864,\"caption\":\"Cand\\u00e1s 365 Redes\"},\"image\":{\"@id\":\"https:\\\/\\\/candas365.es\\\/noticias\\\/peskov-la-operacion-militar-especial-va-de-acuerdo-al-plan\\\/#organizationLogo\"},\"sameAs\":[\"https:\\\/\\\/www.facebook.com\\\/Nachofdezber\",\"https:\\\/\\\/x.com\\\/NabercoDigital\",\"https:\\\/\\\/www.instagram.com\\\/nachofdezber\\\/\",\"https:\\\/\\\/www.youtube.com\\\/channel\\\/UCZP-2wLEB9Rv6erhFmqVnvg\"],\"address\":{\"@id\":\"https:\\\/\\\/candas365.es\\\/noticias\\\/#postaladdress\",\"@type\":\"PostalAddress\",\"streetAddress\":\"san antonio 4, san antonio 4\",\"postalCode\":\"33430\",\"addressLocality\":\"Cand\\u00e1s\",\"addressRegion\":\"Asturias\",\"addressCountry\":\"ES\"}},{\"@type\":\"Person\",\"@id\":\"https:\\\/\\\/candas365.es\\\/noticias\\\/author\\\/admin\\\/#author\",\"url\":\"https:\\\/\\\/candas365.es\\\/noticias\\\/author\\\/admin\\\/\",\"name\":\"Cand\\u00e1s 365\",\"image\":{\"@type\":\"ImageObject\",\"@id\":\"https:\\\/\\\/candas365.es\\\/noticias\\\/peskov-la-operacion-militar-especial-va-de-acuerdo-al-plan\\\/#authorImage\",\"url\":\"https:\\\/\\\/secure.gravatar.com\\\/avatar\\\/496a8e03d0c493ede1718b7934145dbdf8d89be1036b0eec9544e1094c9de390?s=96&d=mm&r=g\",\"width\":96,\"height\":96,\"caption\":\"Cand\\u00e1s 365\"},\"sameAs\":[\"https:\\\/\\\/www.facebook.com\\\/carrenoactualidad\",\"https:\\\/\\\/twitter.com\\\/nbasturias\",\"https:\\\/\\\/www.instagram.com\\\/nachofdezber\\\/\",\"https:\\\/\\\/www.youtube.com\\\/channel\\\/UCZP-2wLEB9Rv6erhFmqVnvg\"]},{\"@type\":\"WebPage\",\"@id\":\"https:\\\/\\\/candas365.es\\\/noticias\\\/peskov-la-operacion-militar-especial-va-de-acuerdo-al-plan\\\/#webpage\",\"url\":\"https:\\\/\\\/candas365.es\\\/noticias\\\/peskov-la-operacion-militar-especial-va-de-acuerdo-al-plan\\\/\",\"name\":\"Peskov: \\u00abLa operaci\\u00f3n militar especial va de acuerdo al plan\\u00bb | Cand\\u00e1s 365\",\"description\":\"El Kremlin ha asegurado este lunes que la din\\u00e1mica de las negociaciones de paz entre las partes rusa y ucraniana para poner fin al conflicto en Ucrania\",\"inLanguage\":\"es-ES\",\"isPartOf\":{\"@id\":\"https:\\\/\\\/candas365.es\\\/noticias\\\/#website\"},\"breadcrumb\":{\"@id\":\"https:\\\/\\\/candas365.es\\\/noticias\\\/peskov-la-operacion-militar-especial-va-de-acuerdo-al-plan\\\/#breadcrumblist\"},\"author\":{\"@id\":\"https:\\\/\\\/candas365.es\\\/noticias\\\/author\\\/admin\\\/#author\"},\"creator\":{\"@id\":\"https:\\\/\\\/candas365.es\\\/noticias\\\/author\\\/admin\\\/#author\"},\"image\":{\"@type\":\"ImageObject\",\"url\":\"https:\\\/\\\/candas365.es\\\/noticias\\\/wp-content\\\/uploads\\\/2022\\\/04\\\/Kremlin.jpg\",\"@id\":\"https:\\\/\\\/candas365.es\\\/noticias\\\/peskov-la-operacion-militar-especial-va-de-acuerdo-al-plan\\\/#mainImage\",\"width\":640,\"height\":426},\"primaryImageOfPage\":{\"@id\":\"https:\\\/\\\/candas365.es\\\/noticias\\\/peskov-la-operacion-militar-especial-va-de-acuerdo-al-plan\\\/#mainImage\"},\"datePublished\":\"2022-04-18T11:36:25+02:00\",\"dateModified\":\"2022-04-18T11:36:25+02:00\"},{\"@type\":\"WebSite\",\"@id\":\"https:\\\/\\\/candas365.es\\\/noticias\\\/#website\",\"url\":\"https:\\\/\\\/candas365.es\\\/noticias\\\/\",\"name\":\"Cand\\u00e1s 365\",\"alternateName\":\"Cand\\u00e1s 365 Noticias\",\"description\":\"Actualidad desde Carre\\u00f1o para el mundo\",\"inLanguage\":\"es-ES\",\"publisher\":{\"@id\":\"https:\\\/\\\/candas365.es\\\/noticias\\\/#organization\"}}]}\n\t\t<\/script>\n\t\t<!-- All in One SEO Pro -->\r\n\t\t<title>Peskov: \u00abLa operaci\u00f3n militar especial va de acuerdo al plan\u00bb | Cand\u00e1s 365<\/title>\n\n","aioseo_head_json":{"title":"Peskov: \u00abLa operaci\u00f3n militar especial va de acuerdo al plan\u00bb | Cand\u00e1s 365","description":"El Kremlin ha asegurado este lunes que la din\u00e1mica de las negociaciones de paz entre las partes rusa y ucraniana para poner fin al conflicto en Ucrania","canonical_url":"https:\/\/candas365.es\/noticias\/peskov-la-operacion-militar-especial-va-de-acuerdo-al-plan\/","robots":"max-image-preview:large","keywords":"actualidad","webmasterTools":{"google-site-verification":"UA-32230408-1","msvalidate.01":"354F3CDFB2DA171B47FBE9ABF1F88D5","miscellaneous":""},"schema":{"@context":"https:\/\/schema.org","@graph":[{"@type":"BreadcrumbList","@id":"https:\/\/candas365.es\/noticias\/peskov-la-operacion-militar-especial-va-de-acuerdo-al-plan\/#breadcrumblist","itemListElement":[{"@type":"ListItem","@id":"https:\/\/candas365.es\/noticias#listItem","position":1,"name":"Home","item":"https:\/\/candas365.es\/noticias","nextItem":{"@type":"ListItem","@id":"https:\/\/candas365.es\/noticias\/category\/actualidad\/#listItem","name":"Actualidad"}},{"@type":"ListItem","@id":"https:\/\/candas365.es\/noticias\/category\/actualidad\/#listItem","position":2,"name":"Actualidad","item":"https:\/\/candas365.es\/noticias\/category\/actualidad\/","nextItem":{"@type":"ListItem","@id":"https:\/\/candas365.es\/noticias\/peskov-la-operacion-militar-especial-va-de-acuerdo-al-plan\/#listItem","name":"Peskov: \u00abLa operaci\u00f3n militar especial va de acuerdo al plan\u00bb"},"previousItem":{"@type":"ListItem","@id":"https:\/\/candas365.es\/noticias#listItem","name":"Home"}},{"@type":"ListItem","@id":"https:\/\/candas365.es\/noticias\/peskov-la-operacion-militar-especial-va-de-acuerdo-al-plan\/#listItem","position":3,"name":"Peskov: \u00abLa operaci\u00f3n militar especial va de acuerdo al plan\u00bb","previousItem":{"@type":"ListItem","@id":"https:\/\/candas365.es\/noticias\/category\/actualidad\/#listItem","name":"Actualidad"}}]},{"@type":"NewsArticle","@id":"https:\/\/candas365.es\/noticias\/peskov-la-operacion-militar-especial-va-de-acuerdo-al-plan\/#newsarticle","name":"Peskov: \u00abLa operaci\u00f3n militar especial va de acuerdo al plan\u00bb | Cand\u00e1s 365","headline":"Peskov: \u00abLa operaci\u00f3n militar especial va de acuerdo al plan\u00bb","author":{"@id":"https:\/\/candas365.es\/noticias\/author\/admin\/#author"},"publisher":{"@id":"https:\/\/candas365.es\/noticias\/#organization"},"image":{"@type":"ImageObject","url":"https:\/\/candas365.es\/noticias\/wp-content\/uploads\/2022\/04\/Kremlin.jpg","width":640,"height":426},"datePublished":"2022-04-18T11:36:25+02:00","dateModified":"2022-04-18T11:36:25+02:00","inLanguage":"es-ES","mainEntityOfPage":{"@id":"https:\/\/candas365.es\/noticias\/peskov-la-operacion-militar-especial-va-de-acuerdo-al-plan\/#webpage"},"isPartOf":{"@id":"https:\/\/candas365.es\/noticias\/peskov-la-operacion-militar-especial-va-de-acuerdo-al-plan\/#webpage"},"articleSection":"Actualidad, conflictos, Internacional","dateline":"Publicado el abril 18, 2022."},{"@type":"Organization","@id":"https:\/\/candas365.es\/noticias\/#organization","name":"Cand\u00e1s 365","description":"Cand\u00e1s 365 es un diario digital independiente, fundado en 2012, con base en Asturias. Informamos con rigor sobre actualidad, sociedad, cultura y ocio, con una mirada local y global.","url":"https:\/\/candas365.es\/noticias\/","email":"info@candas365.es","telephone":"+34652131393","foundingDate":"2012-06-10","logo":{"@type":"ImageObject","url":"https:\/\/candas365.es\/noticias\/wp-content\/uploads\/2024\/09\/Candas-365-Redes.jpg","@id":"https:\/\/candas365.es\/noticias\/peskov-la-operacion-militar-especial-va-de-acuerdo-al-plan\/#organizationLogo","width":1152,"height":864,"caption":"Cand\u00e1s 365 Redes"},"image":{"@id":"https:\/\/candas365.es\/noticias\/peskov-la-operacion-militar-especial-va-de-acuerdo-al-plan\/#organizationLogo"},"sameAs":["https:\/\/www.facebook.com\/Nachofdezber","https:\/\/x.com\/NabercoDigital","https:\/\/www.instagram.com\/nachofdezber\/","https:\/\/www.youtube.com\/channel\/UCZP-2wLEB9Rv6erhFmqVnvg"],"address":{"@id":"https:\/\/candas365.es\/noticias\/#postaladdress","@type":"PostalAddress","streetAddress":"san antonio 4, san antonio 4","postalCode":"33430","addressLocality":"Cand\u00e1s","addressRegion":"Asturias","addressCountry":"ES"}},{"@type":"Person","@id":"https:\/\/candas365.es\/noticias\/author\/admin\/#author","url":"https:\/\/candas365.es\/noticias\/author\/admin\/","name":"Cand\u00e1s 365","image":{"@type":"ImageObject","@id":"https:\/\/candas365.es\/noticias\/peskov-la-operacion-militar-especial-va-de-acuerdo-al-plan\/#authorImage","url":"https:\/\/secure.gravatar.com\/avatar\/496a8e03d0c493ede1718b7934145dbdf8d89be1036b0eec9544e1094c9de390?s=96&d=mm&r=g","width":96,"height":96,"caption":"Cand\u00e1s 365"},"sameAs":["https:\/\/www.facebook.com\/carrenoactualidad","https:\/\/twitter.com\/nbasturias","https:\/\/www.instagram.com\/nachofdezber\/","https:\/\/www.youtube.com\/channel\/UCZP-2wLEB9Rv6erhFmqVnvg"]},{"@type":"WebPage","@id":"https:\/\/candas365.es\/noticias\/peskov-la-operacion-militar-especial-va-de-acuerdo-al-plan\/#webpage","url":"https:\/\/candas365.es\/noticias\/peskov-la-operacion-militar-especial-va-de-acuerdo-al-plan\/","name":"Peskov: \u00abLa operaci\u00f3n militar especial va de acuerdo al plan\u00bb | Cand\u00e1s 365","description":"El Kremlin ha asegurado este lunes que la din\u00e1mica de las negociaciones de paz entre las partes rusa y ucraniana para poner fin al conflicto en Ucrania","inLanguage":"es-ES","isPartOf":{"@id":"https:\/\/candas365.es\/noticias\/#website"},"breadcrumb":{"@id":"https:\/\/candas365.es\/noticias\/peskov-la-operacion-militar-especial-va-de-acuerdo-al-plan\/#breadcrumblist"},"author":{"@id":"https:\/\/candas365.es\/noticias\/author\/admin\/#author"},"creator":{"@id":"https:\/\/candas365.es\/noticias\/author\/admin\/#author"},"image":{"@type":"ImageObject","url":"https:\/\/candas365.es\/noticias\/wp-content\/uploads\/2022\/04\/Kremlin.jpg","@id":"https:\/\/candas365.es\/noticias\/peskov-la-operacion-militar-especial-va-de-acuerdo-al-plan\/#mainImage","width":640,"height":426},"primaryImageOfPage":{"@id":"https:\/\/candas365.es\/noticias\/peskov-la-operacion-militar-especial-va-de-acuerdo-al-plan\/#mainImage"},"datePublished":"2022-04-18T11:36:25+02:00","dateModified":"2022-04-18T11:36:25+02:00"},{"@type":"WebSite","@id":"https:\/\/candas365.es\/noticias\/#website","url":"https:\/\/candas365.es\/noticias\/","name":"Cand\u00e1s 365","alternateName":"Cand\u00e1s 365 Noticias","description":"Actualidad desde Carre\u00f1o para el mundo","inLanguage":"es-ES","publisher":{"@id":"https:\/\/candas365.es\/noticias\/#organization"}}]},"og:locale":"es_ES","og:site_name":"Cand\u00e1s 365","og:type":"article","og:title":"Peskov: \u00abLa operaci\u00f3n militar especial va de acuerdo al plan\u00bb | Cand\u00e1s 365","og:description":"El Kremlin ha asegurado este lunes que la din\u00e1mica de las negociaciones de paz entre las partes rusa y ucraniana para poner fin al conflicto en Ucrania","og:url":"https:\/\/candas365.es\/noticias\/peskov-la-operacion-militar-especial-va-de-acuerdo-al-plan\/","og:image":"https:\/\/candas365.es\/noticias\/wp-content\/uploads\/2022\/04\/Kremlin.jpg","og:image:secure_url":"https:\/\/candas365.es\/noticias\/wp-content\/uploads\/2022\/04\/Kremlin.jpg","og:image:width":640,"og:image:height":426,"article:published_time":"2022-04-18T11:36:25+00:00","article:modified_time":"2022-04-18T11:36:25+00:00","article:publisher":"https:\/\/www.facebook.com\/Nachofdezber","article:author":"https:\/\/www.facebook.com\/carrenoactualidad","twitter:card":"summary_large_image","twitter:site":"@NabercoDigital","twitter:title":"Peskov: \u00abLa operaci\u00f3n militar especial va de acuerdo al plan\u00bb | Cand\u00e1s 365","twitter:description":"El Kremlin ha asegurado este lunes que la din\u00e1mica de las negociaciones de paz entre las partes rusa y ucraniana para poner fin al conflicto en Ucrania","twitter:creator":"@nbasturias","twitter:image":"https:\/\/candas365.es\/noticias\/wp-content\/uploads\/2022\/04\/Kremlin.jpg","twitter:label1":"Escrito por","twitter:data1":"Cand\u00e1s 365","twitter:label2":"Tiempo de lectura estimado","twitter:data2":"1 minuto"},"aioseo_meta_data":{"post_id":"161526","title":null,"description":"El Kremlin ha asegurado este lunes que la din\u00e1mica de las negociaciones de paz entre las partes rusa y ucraniana para poner fin al conflicto en Ucrania","keywords":[],"keyphrases":{"focus":{"keyphrase":"Kremlin","score":68,"analysis":{"keyphraseInTitle":{"title":"Focus keyphrase in SEO title","description":"Focus keyphrase not found in SEO title.","score":3,"maxScore":9,"error":1},"keyphraseInDescription":{"title":"Focus keyphrase in meta description","description":"Focus keyphrase found in meta description.","score":9,"maxScore":9,"error":0},"keyphraseLength":{"title":"Focus keyphrase length","description":"Good job!","score":9,"maxScore":9,"error":0,"length":1},"keyphraseInURL":{"title":"Focus keyphrase in URL","description":"Focus keyphrase not found in the URL.","score":1,"maxScore":5,"error":1},"keyphraseInIntroduction":{"title":"Focus keyphrase in introduction","description":"Your Focus keyphrase appears in the first paragraph. Well done!","score":9,"maxScore":9,"error":0},"keyphraseInSubHeadings":[],"keyphraseInImageAlt":{"title":"Focus keyphrase in image alt attributes","description":"Focus keyphrase not found in image alt attribute(s). Add an image with your Focus keyphrase as alt text.","score":3,"maxScore":9,"error":1}}},"additional":[{"keyphrase":"conflicto en Ucrania ","score":83,"analysis":{"keyphraseInDescription":{"title":"Keyphrase in meta description","description":"Keyphrase found in meta description.","score":9,"maxScore":9,"error":0},"keyphraseLength":{"title":"Keyphrase length","description":"Good job!","score":9,"maxScore":9,"error":0,"length":3},"keyphraseInIntroduction":{"title":"Keyphrase in introduction","description":"Your Keyphrase appears in the first paragraph. Well done!","score":9,"maxScore":9,"error":0},"keyphraseInImageAlt":{"title":"Keyphrase in image alt attributes","description":"Keyphrase not found in image alt attribute(s). Add an image with your Keyphrase as alt text.","score":3,"maxScore":9,"error":1}}}]},"primary_term":null,"canonical_url":null,"og_title":null,"og_description":null,"og_object_type":"default","og_image_type":"default","og_image_url":null,"og_image_width":null,"og_image_height":null,"og_image_custom_url":null,"og_image_custom_fields":null,"og_video":"","og_custom_url":null,"og_article_section":null,"og_article_tags":[],"twitter_use_og":false,"twitter_card":"default","twitter_image_type":"default","twitter_image_url":null,"twitter_image_custom_url":null,"twitter_image_custom_fields":null,"twitter_title":null,"twitter_description":null,"schema":{"blockGraphs":[],"customGraphs":[],"default":{"data":{"Article":[],"Course":[],"Dataset":[],"FAQPage":[],"Movie":[],"Person":[],"Product":[],"ProductReview":[],"Car":[],"Recipe":[],"Service":[],"SoftwareApplication":[],"WebPage":[]},"graphName":"","isEnabled":true},"graphs":[],"defaultGraph":"Article","defaultPostTypeGraph":""},"schema_type":"default","schema_type_options":"{\"article\":{\"articleType\":\"BlogPosting\"},\"course\":{\"name\":\"\",\"description\":\"\",\"provider\":\"\"},\"faq\":{\"pages\":[]},\"product\":{\"reviews\":[]},\"recipe\":{\"ingredients\":[],\"instructions\":[],\"keywords\":[]},\"software\":{\"reviews\":[],\"operatingSystems\":[]},\"webPage\":{\"webPageType\":\"WebPage\"}}","pillar_content":false,"robots_default":true,"robots_noindex":false,"robots_noarchive":false,"robots_nosnippet":false,"robots_nofollow":false,"robots_noimageindex":false,"robots_noodp":false,"robots_notranslate":false,"robots_max_snippet":"-1","robots_max_videopreview":"-1","robots_max_imagepreview":"large","priority":null,"frequency":"default","location":null,"local_seo":null,"seo_analyzer_scan_date":"2025-09-01 06:22:17","breadcrumb_settings":null,"limit_modified_date":false,"reviewed_by":null,"open_ai":null,"ai":null,"created":"2022-04-18 11:33:53","updated":"2025-09-01 06:22:17"},"aioseo_breadcrumb":"<div class=\"aioseo-breadcrumbs\"><span class=\"aioseo-breadcrumb\">\n\t<a href=\"https:\/\/candas365.es\/noticias\" title=\"Home\">Home<\/a>\n<\/span><span class=\"aioseo-breadcrumb-separator\">&ndash;<\/span><span class=\"aioseo-breadcrumb\">\n\t<a href=\"https:\/\/candas365.es\/noticias\/category\/actualidad\/\" title=\"Actualidad\">Actualidad<\/a>\n<\/span><span class=\"aioseo-breadcrumb-separator\">&ndash;<\/span><span class=\"aioseo-breadcrumb\">\n\tPeskov: \u00abLa operaci\u00f3n militar especial va de acuerdo al plan\u00bb\n<\/span><\/div>","aioseo_breadcrumb_json":[{"label":"Home","link":"https:\/\/candas365.es\/noticias"},{"label":"Actualidad","link":"https:\/\/candas365.es\/noticias\/category\/actualidad\/"},{"label":"Peskov: \u00abLa operaci\u00f3n militar especial va de acuerdo al plan\u00bb","link":"https:\/\/candas365.es\/noticias\/peskov-la-operacion-militar-especial-va-de-acuerdo-al-plan\/"}],"_links":{"self":[{"href":"https:\/\/candas365.es\/noticias\/wp-json\/wp\/v2\/posts\/161526","targetHints":{"allow":["GET"]}}],"collection":[{"href":"https:\/\/candas365.es\/noticias\/wp-json\/wp\/v2\/posts"}],"about":[{"href":"https:\/\/candas365.es\/noticias\/wp-json\/wp\/v2\/types\/post"}],"author":[{"embeddable":true,"href":"https:\/\/candas365.es\/noticias\/wp-json\/wp\/v2\/users\/1"}],"replies":[{"embeddable":true,"href":"https:\/\/candas365.es\/noticias\/wp-json\/wp\/v2\/comments?post=161526"}],"version-history":[{"count":0,"href":"https:\/\/candas365.es\/noticias\/wp-json\/wp\/v2\/posts\/161526\/revisions"}],"wp:featuredmedia":[{"embeddable":true,"href":"https:\/\/candas365.es\/noticias\/wp-json\/wp\/v2\/media\/161527"}],"wp:attachment":[{"href":"https:\/\/candas365.es\/noticias\/wp-json\/wp\/v2\/media?parent=161526"}],"wp:term":[{"taxonomy":"category","embeddable":true,"href":"https:\/\/candas365.es\/noticias\/wp-json\/wp\/v2\/categories?post=161526"},{"taxonomy":"post_tag","embeddable":true,"href":"https:\/\/candas365.es\/noticias\/wp-json\/wp\/v2\/tags?post=161526"}],"curies":[{"name":"wp","href":"https:\/\/api.w.org\/{rel}","templated":true}]}}