{"id":161518,"date":"2022-04-18T11:22:04","date_gmt":"2022-04-18T11:22:04","guid":{"rendered":"http:\/\/candas365.es\/noticias\/?p=161518"},"modified":"2022-04-18T11:22:04","modified_gmt":"2022-04-18T11:22:04","slug":"manolo-santana-sera-nombrado-hijo-predilecto-de-madrid-a-titulo-postumo","status":"publish","type":"post","link":"https:\/\/candas365.es\/noticias\/manolo-santana-sera-nombrado-hijo-predilecto-de-madrid-a-titulo-postumo\/","title":{"rendered":"Manolo Santana ser\u00e1 nombrado Hijo Predilecto de Madrid a t\u00edtulo p\u00f3stumo"},"content":{"rendered":"<p>(EP) &#8211; El extenista madrile\u00f1o Manolo Santana, ganador de cuatro t\u00edtulos de &#8216;Grand Slam&#8217; y fallecido el 11 de diciembre de 2021, ser\u00e1 nombrado Hijo Predilecto de Madrid a t\u00edtulo p\u00f3stumo este pr\u00f3ximo 15 de mayo, San Isidro, d\u00eda grande de la capital.<\/p>\n<figure id=\"attachment_161519\" aria-describedby=\"caption-attachment-161519\" style=\"width: 650px\" class=\"wp-caption aligncenter\"><img fetchpriority=\"high\" decoding=\"async\" class=\"wp-image-161519 size-large\" src=\"https:\/\/candas365.es\/noticias\/wp-content\/uploads\/2022\/04\/Santana-650x425.jpg\" alt=\"Santana\" width=\"650\" height=\"425\" srcset=\"https:\/\/candas365.es\/noticias\/wp-content\/uploads\/2022\/04\/Santana-650x425.jpg 650w, https:\/\/candas365.es\/noticias\/wp-content\/uploads\/2022\/04\/Santana-360x236.jpg 360w, https:\/\/candas365.es\/noticias\/wp-content\/uploads\/2022\/04\/Santana-768x502.jpg 768w, https:\/\/candas365.es\/noticias\/wp-content\/uploads\/2022\/04\/Santana-150x98.jpg 150w, https:\/\/candas365.es\/noticias\/wp-content\/uploads\/2022\/04\/Santana-450x294.jpg 450w, https:\/\/candas365.es\/noticias\/wp-content\/uploads\/2022\/04\/Santana.jpg 989w\" sizes=\"(max-width: 650px) 100vw, 650px\" \/><figcaption id=\"caption-attachment-161519\" class=\"wp-caption-text\">Foto: Europa Press<\/figcaption><\/figure>\n<p>Nacido en Madrid en 1938, Santana inici\u00f3 su idilio con el tenis como recogepelotas en el Club de Tenis Vel\u00e1zquez de la capital espa\u00f1ola, donde llam\u00f3 la atenci\u00f3n de sus dirigentes y comenz\u00f3 a formarse como tenista profesional. Desde sus victorias en el Campeonato de Espa\u00f1a, el madrile\u00f1o comenz\u00f3 a apuntar m\u00e1s alto y a triunfar en el circuito internacional.<\/p>\n<p>Con australianos y estadounidenses dominando el tenis mundial, Santana fue capaz de tutearles en la d\u00e9cada de los sesenta. Su primer &#8216;grande&#8217; cay\u00f3 sobre la arcilla parisina de Roland Garros en 1961 ante el italiano Nicola Pietrangeli, antes de volver a grabar su nombre en la &#8216;Copa de los Mosqueteros&#8217; tambi\u00e9n en 1964 y ante el mismo rival.<\/p>\n<p>Solo un a\u00f1o despu\u00e9s, en 1965, se convirti\u00f3 en el primer europeo en alzar el US Open desde que lo hiciera Henri Cochet en 1928, todo tras imponerse en la final al sudafricano Cliff Drysdale.<\/p>\n<p>Su palmar\u00e9s de &#8216;Grand Slam&#8217; se complet\u00f3 con la conquista de Wimbledon en 1966 ante el estadounidense Dennis Ralston, poniendo fin a doce a\u00f1os de sequ\u00eda europea en la hierba de Londres.<\/p>\n<p>Aunque no pudo conseguir nunca el t\u00edtulo de Copa Davis, Santana s\u00ed se colg\u00f3 la medalla de oro en los Juegos Ol\u00edmpicos de M\u00e9xico de 1968, donde el tenis particip\u00f3 como deporte de exhibici\u00f3n y donde uni\u00f3 tambi\u00e9n una plata en el dobles.<\/p>\n<p>Tras su retirada en 1980, el madrile\u00f1o continu\u00f3 ligado al tenis como entrenador, siendo capit\u00e1n del equipo espa\u00f1ol de Copa Davis en dos etapas -1980-85 y 1995-99-, y como promotor.<\/p>\n<p>De hecho, de la mano de Ion Tiriac, fue fundamental para lograr que Madrid acogiese una cita fundamental del circuito ATP y WTA, el Mutua Madrid Open, que desde 2002 lleva 19 a\u00f1os organiz\u00e1ndose. El propio Santana fue director del torneo desde 2002 y actualmente era presidente de honor, y la pista central de la Caja M\u00e1gica lleva su nombre.<\/p>\n","protected":false},"excerpt":{"rendered":"<p>(EP) &#8211; El extenista madrile\u00f1o Manolo Santana, ganador de cuatro t\u00edtulos de &#8216;Grand Slam&#8217; y fallecido el 11 de diciembre de 2021, ser\u00e1 nombrado Hijo Predilecto de Madrid a t\u00edtulo p\u00f3stumo este pr\u00f3ximo 15 de mayo, San Isidro, d\u00eda grande de la capital. Nacido en Madrid en 1938, Santana inici\u00f3 su idilio con el tenis<\/p>\n","protected":false},"author":1,"featured_media":161519,"comment_status":"closed","ping_status":"closed","sticky":false,"template":"","format":"standard","meta":{"footnotes":""},"categories":[319],"tags":[387,386],"class_list":{"0":"post-161518","1":"post","2":"type-post","3":"status-publish","4":"format-standard","5":"has-post-thumbnail","7":"category-deporte","8":"tag-deporte","9":"tag-tenis"},"aioseo_notices":[],"aioseo_head":"\n\t\t<!-- All in One SEO Pro 4.9.6.2 - aioseo.com -->\n\t<meta name=\"description\" content=\"El extenista madrile\u00f1o Manolo Santana, ganador de cuatro t\u00edtulos de &#039;Grand Slam&#039; y fallecido el 11 de diciembre de 2021, ser\u00e1 nombrado Hijo Predilecto de Madrid\" \/>\n\t<meta name=\"robots\" content=\"max-image-preview:large\" \/>\n\t<meta name=\"author\" content=\"Cand\u00e1s 365\"\/>\n\t<meta name=\"google-site-verification\" content=\"UA-32230408-1\" \/>\n\t<meta name=\"msvalidate.01\" content=\"354F3CDFB2DA171B47FBE9ABF1F88D5\" \/>\n\t<meta name=\"keywords\" content=\"deporte\" \/>\n\t<link rel=\"canonical\" href=\"https:\/\/candas365.es\/noticias\/manolo-santana-sera-nombrado-hijo-predilecto-de-madrid-a-titulo-postumo\/\" \/>\n\t<meta name=\"generator\" content=\"All in One SEO Pro (AIOSEO) 4.9.6.2\" \/>\n\t\t<meta property=\"og:locale\" content=\"es_ES\" \/>\n\t\t<meta property=\"og:site_name\" content=\"Cand\u00e1s 365\" \/>\n\t\t<meta property=\"og:type\" content=\"article\" \/>\n\t\t<meta property=\"og:title\" content=\"Manolo Santana ser\u00e1 nombrado Hijo Predilecto de Madrid a t\u00edtulo p\u00f3stumo | Cand\u00e1s 365\" \/>\n\t\t<meta property=\"og:description\" content=\"El extenista madrile\u00f1o Manolo Santana, ganador de cuatro t\u00edtulos de &#039;Grand Slam&#039; y fallecido el 11 de diciembre de 2021, ser\u00e1 nombrado Hijo Predilecto de Madrid\" \/>\n\t\t<meta property=\"og:url\" content=\"https:\/\/candas365.es\/noticias\/manolo-santana-sera-nombrado-hijo-predilecto-de-madrid-a-titulo-postumo\/\" \/>\n\t\t<meta property=\"og:image\" content=\"https:\/\/candas365.es\/noticias\/wp-content\/uploads\/2022\/04\/Santana.jpg\" \/>\n\t\t<meta property=\"og:image:secure_url\" content=\"https:\/\/candas365.es\/noticias\/wp-content\/uploads\/2022\/04\/Santana.jpg\" \/>\n\t\t<meta property=\"og:image:width\" content=\"989\" \/>\n\t\t<meta property=\"og:image:height\" content=\"647\" \/>\n\t\t<meta property=\"article:published_time\" content=\"2022-04-18T11:22:04+00:00\" \/>\n\t\t<meta property=\"article:modified_time\" content=\"2022-04-18T11:22:04+00:00\" \/>\n\t\t<meta property=\"article:publisher\" content=\"https:\/\/www.facebook.com\/Nachofdezber\" \/>\n\t\t<meta property=\"article:author\" content=\"https:\/\/www.facebook.com\/carrenoactualidad\" \/>\n\t\t<meta name=\"twitter:card\" content=\"summary_large_image\" \/>\n\t\t<meta name=\"twitter:site\" content=\"@NabercoDigital\" \/>\n\t\t<meta name=\"twitter:title\" content=\"Manolo Santana ser\u00e1 nombrado Hijo Predilecto de Madrid a t\u00edtulo p\u00f3stumo | Cand\u00e1s 365\" \/>\n\t\t<meta name=\"twitter:description\" content=\"El extenista madrile\u00f1o Manolo Santana, ganador de cuatro t\u00edtulos de &#039;Grand Slam&#039; y fallecido el 11 de diciembre de 2021, ser\u00e1 nombrado Hijo Predilecto de Madrid\" \/>\n\t\t<meta name=\"twitter:creator\" content=\"@nbasturias\" \/>\n\t\t<meta name=\"twitter:image\" content=\"https:\/\/candas365.es\/noticias\/wp-content\/uploads\/2022\/04\/Santana.jpg\" \/>\n\t\t<meta name=\"twitter:label1\" content=\"Escrito por\" \/>\n\t\t<meta name=\"twitter:data1\" content=\"Cand\u00e1s 365\" \/>\n\t\t<meta name=\"twitter:label2\" content=\"Tiempo de lectura estimado\" \/>\n\t\t<meta name=\"twitter:data2\" content=\"2 minutos\" \/>\n\t\t<script type=\"application\/ld+json\" class=\"aioseo-schema\">\n\t\t\t{\"@context\":\"https:\\\/\\\/schema.org\",\"@graph\":[{\"@type\":\"BreadcrumbList\",\"@id\":\"https:\\\/\\\/candas365.es\\\/noticias\\\/manolo-santana-sera-nombrado-hijo-predilecto-de-madrid-a-titulo-postumo\\\/#breadcrumblist\",\"itemListElement\":[{\"@type\":\"ListItem\",\"@id\":\"https:\\\/\\\/candas365.es\\\/noticias#listItem\",\"position\":1,\"name\":\"Home\",\"item\":\"https:\\\/\\\/candas365.es\\\/noticias\",\"nextItem\":{\"@type\":\"ListItem\",\"@id\":\"https:\\\/\\\/candas365.es\\\/noticias\\\/category\\\/deporte\\\/#listItem\",\"name\":\"Deporte\"}},{\"@type\":\"ListItem\",\"@id\":\"https:\\\/\\\/candas365.es\\\/noticias\\\/category\\\/deporte\\\/#listItem\",\"position\":2,\"name\":\"Deporte\",\"item\":\"https:\\\/\\\/candas365.es\\\/noticias\\\/category\\\/deporte\\\/\",\"nextItem\":{\"@type\":\"ListItem\",\"@id\":\"https:\\\/\\\/candas365.es\\\/noticias\\\/manolo-santana-sera-nombrado-hijo-predilecto-de-madrid-a-titulo-postumo\\\/#listItem\",\"name\":\"Manolo Santana ser\\u00e1 nombrado Hijo Predilecto de Madrid a t\\u00edtulo p\\u00f3stumo\"},\"previousItem\":{\"@type\":\"ListItem\",\"@id\":\"https:\\\/\\\/candas365.es\\\/noticias#listItem\",\"name\":\"Home\"}},{\"@type\":\"ListItem\",\"@id\":\"https:\\\/\\\/candas365.es\\\/noticias\\\/manolo-santana-sera-nombrado-hijo-predilecto-de-madrid-a-titulo-postumo\\\/#listItem\",\"position\":3,\"name\":\"Manolo Santana ser\\u00e1 nombrado Hijo Predilecto de Madrid a t\\u00edtulo p\\u00f3stumo\",\"previousItem\":{\"@type\":\"ListItem\",\"@id\":\"https:\\\/\\\/candas365.es\\\/noticias\\\/category\\\/deporte\\\/#listItem\",\"name\":\"Deporte\"}}]},{\"@type\":\"NewsArticle\",\"@id\":\"https:\\\/\\\/candas365.es\\\/noticias\\\/manolo-santana-sera-nombrado-hijo-predilecto-de-madrid-a-titulo-postumo\\\/#newsarticle\",\"name\":\"Manolo Santana ser\\u00e1 nombrado Hijo Predilecto de Madrid a t\\u00edtulo p\\u00f3stumo | Cand\\u00e1s 365\",\"headline\":\"Manolo Santana ser\\u00e1 nombrado Hijo Predilecto de Madrid a t\\u00edtulo p\\u00f3stumo\",\"author\":{\"@id\":\"https:\\\/\\\/candas365.es\\\/noticias\\\/author\\\/admin\\\/#author\"},\"publisher\":{\"@id\":\"https:\\\/\\\/candas365.es\\\/noticias\\\/#organization\"},\"image\":{\"@type\":\"ImageObject\",\"url\":\"https:\\\/\\\/candas365.es\\\/noticias\\\/wp-content\\\/uploads\\\/2022\\\/04\\\/Santana.jpg\",\"width\":989,\"height\":647,\"caption\":\"Foto: Europa Press\"},\"datePublished\":\"2022-04-18T11:22:04+02:00\",\"dateModified\":\"2022-04-18T11:22:04+02:00\",\"inLanguage\":\"es-ES\",\"mainEntityOfPage\":{\"@id\":\"https:\\\/\\\/candas365.es\\\/noticias\\\/manolo-santana-sera-nombrado-hijo-predilecto-de-madrid-a-titulo-postumo\\\/#webpage\"},\"isPartOf\":{\"@id\":\"https:\\\/\\\/candas365.es\\\/noticias\\\/manolo-santana-sera-nombrado-hijo-predilecto-de-madrid-a-titulo-postumo\\\/#webpage\"},\"articleSection\":\"Deporte, deporte, Tenis\",\"dateline\":\"Publicado el abril 18, 2022.\"},{\"@type\":\"Organization\",\"@id\":\"https:\\\/\\\/candas365.es\\\/noticias\\\/#organization\",\"name\":\"Cand\\u00e1s 365\",\"description\":\"Cand\\u00e1s 365 es un diario digital independiente, fundado en 2012, con base en Asturias. Informamos con rigor sobre actualidad, sociedad, cultura y ocio, con una mirada local y global.\",\"url\":\"https:\\\/\\\/candas365.es\\\/noticias\\\/\",\"email\":\"info@candas365.es\",\"telephone\":\"+34652131393\",\"foundingDate\":\"2012-06-10\",\"logo\":{\"@type\":\"ImageObject\",\"url\":\"https:\\\/\\\/candas365.es\\\/noticias\\\/wp-content\\\/uploads\\\/2024\\\/09\\\/Candas-365-Redes.jpg\",\"@id\":\"https:\\\/\\\/candas365.es\\\/noticias\\\/manolo-santana-sera-nombrado-hijo-predilecto-de-madrid-a-titulo-postumo\\\/#organizationLogo\",\"width\":1152,\"height\":864,\"caption\":\"Cand\\u00e1s 365 Redes\"},\"image\":{\"@id\":\"https:\\\/\\\/candas365.es\\\/noticias\\\/manolo-santana-sera-nombrado-hijo-predilecto-de-madrid-a-titulo-postumo\\\/#organizationLogo\"},\"sameAs\":[\"https:\\\/\\\/www.facebook.com\\\/Nachofdezber\",\"https:\\\/\\\/x.com\\\/NabercoDigital\",\"https:\\\/\\\/www.instagram.com\\\/nachofdezber\\\/\",\"https:\\\/\\\/www.youtube.com\\\/channel\\\/UCZP-2wLEB9Rv6erhFmqVnvg\"],\"address\":{\"@id\":\"https:\\\/\\\/candas365.es\\\/noticias\\\/#postaladdress\",\"@type\":\"PostalAddress\",\"streetAddress\":\"san antonio 4, san antonio 4\",\"postalCode\":\"33430\",\"addressLocality\":\"Cand\\u00e1s\",\"addressRegion\":\"Asturias\",\"addressCountry\":\"ES\"}},{\"@type\":\"Person\",\"@id\":\"https:\\\/\\\/candas365.es\\\/noticias\\\/author\\\/admin\\\/#author\",\"url\":\"https:\\\/\\\/candas365.es\\\/noticias\\\/author\\\/admin\\\/\",\"name\":\"Cand\\u00e1s 365\",\"image\":{\"@type\":\"ImageObject\",\"@id\":\"https:\\\/\\\/candas365.es\\\/noticias\\\/manolo-santana-sera-nombrado-hijo-predilecto-de-madrid-a-titulo-postumo\\\/#authorImage\",\"url\":\"https:\\\/\\\/secure.gravatar.com\\\/avatar\\\/496a8e03d0c493ede1718b7934145dbdf8d89be1036b0eec9544e1094c9de390?s=96&d=mm&r=g\",\"width\":96,\"height\":96,\"caption\":\"Cand\\u00e1s 365\"},\"sameAs\":[\"https:\\\/\\\/www.facebook.com\\\/carrenoactualidad\",\"https:\\\/\\\/twitter.com\\\/nbasturias\",\"https:\\\/\\\/www.instagram.com\\\/nachofdezber\\\/\",\"https:\\\/\\\/www.youtube.com\\\/channel\\\/UCZP-2wLEB9Rv6erhFmqVnvg\"]},{\"@type\":\"WebPage\",\"@id\":\"https:\\\/\\\/candas365.es\\\/noticias\\\/manolo-santana-sera-nombrado-hijo-predilecto-de-madrid-a-titulo-postumo\\\/#webpage\",\"url\":\"https:\\\/\\\/candas365.es\\\/noticias\\\/manolo-santana-sera-nombrado-hijo-predilecto-de-madrid-a-titulo-postumo\\\/\",\"name\":\"Manolo Santana ser\\u00e1 nombrado Hijo Predilecto de Madrid a t\\u00edtulo p\\u00f3stumo | Cand\\u00e1s 365\",\"description\":\"El extenista madrile\\u00f1o Manolo Santana, ganador de cuatro t\\u00edtulos de 'Grand Slam' y fallecido el 11 de diciembre de 2021, ser\\u00e1 nombrado Hijo Predilecto de Madrid\",\"inLanguage\":\"es-ES\",\"isPartOf\":{\"@id\":\"https:\\\/\\\/candas365.es\\\/noticias\\\/#website\"},\"breadcrumb\":{\"@id\":\"https:\\\/\\\/candas365.es\\\/noticias\\\/manolo-santana-sera-nombrado-hijo-predilecto-de-madrid-a-titulo-postumo\\\/#breadcrumblist\"},\"author\":{\"@id\":\"https:\\\/\\\/candas365.es\\\/noticias\\\/author\\\/admin\\\/#author\"},\"creator\":{\"@id\":\"https:\\\/\\\/candas365.es\\\/noticias\\\/author\\\/admin\\\/#author\"},\"image\":{\"@type\":\"ImageObject\",\"url\":\"https:\\\/\\\/candas365.es\\\/noticias\\\/wp-content\\\/uploads\\\/2022\\\/04\\\/Santana.jpg\",\"@id\":\"https:\\\/\\\/candas365.es\\\/noticias\\\/manolo-santana-sera-nombrado-hijo-predilecto-de-madrid-a-titulo-postumo\\\/#mainImage\",\"width\":989,\"height\":647,\"caption\":\"Foto: Europa Press\"},\"primaryImageOfPage\":{\"@id\":\"https:\\\/\\\/candas365.es\\\/noticias\\\/manolo-santana-sera-nombrado-hijo-predilecto-de-madrid-a-titulo-postumo\\\/#mainImage\"},\"datePublished\":\"2022-04-18T11:22:04+02:00\",\"dateModified\":\"2022-04-18T11:22:04+02:00\"},{\"@type\":\"WebSite\",\"@id\":\"https:\\\/\\\/candas365.es\\\/noticias\\\/#website\",\"url\":\"https:\\\/\\\/candas365.es\\\/noticias\\\/\",\"name\":\"Cand\\u00e1s 365\",\"alternateName\":\"Cand\\u00e1s 365 Noticias\",\"description\":\"Actualidad desde Carre\\u00f1o para el mundo\",\"inLanguage\":\"es-ES\",\"publisher\":{\"@id\":\"https:\\\/\\\/candas365.es\\\/noticias\\\/#organization\"}}]}\n\t\t<\/script>\n\t\t<!-- All in One SEO Pro -->\r\n\t\t<title>Manolo Santana ser\u00e1 nombrado Hijo Predilecto de Madrid a t\u00edtulo p\u00f3stumo | Cand\u00e1s 365<\/title>\n\n","aioseo_head_json":{"title":"Manolo Santana ser\u00e1 nombrado Hijo Predilecto de Madrid a t\u00edtulo p\u00f3stumo | Cand\u00e1s 365","description":"El extenista madrile\u00f1o Manolo Santana, ganador de cuatro t\u00edtulos de 'Grand Slam' y fallecido el 11 de diciembre de 2021, ser\u00e1 nombrado Hijo Predilecto de Madrid","canonical_url":"https:\/\/candas365.es\/noticias\/manolo-santana-sera-nombrado-hijo-predilecto-de-madrid-a-titulo-postumo\/","robots":"max-image-preview:large","keywords":"deporte","webmasterTools":{"google-site-verification":"UA-32230408-1","msvalidate.01":"354F3CDFB2DA171B47FBE9ABF1F88D5","miscellaneous":""},"schema":{"@context":"https:\/\/schema.org","@graph":[{"@type":"BreadcrumbList","@id":"https:\/\/candas365.es\/noticias\/manolo-santana-sera-nombrado-hijo-predilecto-de-madrid-a-titulo-postumo\/#breadcrumblist","itemListElement":[{"@type":"ListItem","@id":"https:\/\/candas365.es\/noticias#listItem","position":1,"name":"Home","item":"https:\/\/candas365.es\/noticias","nextItem":{"@type":"ListItem","@id":"https:\/\/candas365.es\/noticias\/category\/deporte\/#listItem","name":"Deporte"}},{"@type":"ListItem","@id":"https:\/\/candas365.es\/noticias\/category\/deporte\/#listItem","position":2,"name":"Deporte","item":"https:\/\/candas365.es\/noticias\/category\/deporte\/","nextItem":{"@type":"ListItem","@id":"https:\/\/candas365.es\/noticias\/manolo-santana-sera-nombrado-hijo-predilecto-de-madrid-a-titulo-postumo\/#listItem","name":"Manolo Santana ser\u00e1 nombrado Hijo Predilecto de Madrid a t\u00edtulo p\u00f3stumo"},"previousItem":{"@type":"ListItem","@id":"https:\/\/candas365.es\/noticias#listItem","name":"Home"}},{"@type":"ListItem","@id":"https:\/\/candas365.es\/noticias\/manolo-santana-sera-nombrado-hijo-predilecto-de-madrid-a-titulo-postumo\/#listItem","position":3,"name":"Manolo Santana ser\u00e1 nombrado Hijo Predilecto de Madrid a t\u00edtulo p\u00f3stumo","previousItem":{"@type":"ListItem","@id":"https:\/\/candas365.es\/noticias\/category\/deporte\/#listItem","name":"Deporte"}}]},{"@type":"NewsArticle","@id":"https:\/\/candas365.es\/noticias\/manolo-santana-sera-nombrado-hijo-predilecto-de-madrid-a-titulo-postumo\/#newsarticle","name":"Manolo Santana ser\u00e1 nombrado Hijo Predilecto de Madrid a t\u00edtulo p\u00f3stumo | Cand\u00e1s 365","headline":"Manolo Santana ser\u00e1 nombrado Hijo Predilecto de Madrid a t\u00edtulo p\u00f3stumo","author":{"@id":"https:\/\/candas365.es\/noticias\/author\/admin\/#author"},"publisher":{"@id":"https:\/\/candas365.es\/noticias\/#organization"},"image":{"@type":"ImageObject","url":"https:\/\/candas365.es\/noticias\/wp-content\/uploads\/2022\/04\/Santana.jpg","width":989,"height":647,"caption":"Foto: Europa Press"},"datePublished":"2022-04-18T11:22:04+02:00","dateModified":"2022-04-18T11:22:04+02:00","inLanguage":"es-ES","mainEntityOfPage":{"@id":"https:\/\/candas365.es\/noticias\/manolo-santana-sera-nombrado-hijo-predilecto-de-madrid-a-titulo-postumo\/#webpage"},"isPartOf":{"@id":"https:\/\/candas365.es\/noticias\/manolo-santana-sera-nombrado-hijo-predilecto-de-madrid-a-titulo-postumo\/#webpage"},"articleSection":"Deporte, deporte, Tenis","dateline":"Publicado el abril 18, 2022."},{"@type":"Organization","@id":"https:\/\/candas365.es\/noticias\/#organization","name":"Cand\u00e1s 365","description":"Cand\u00e1s 365 es un diario digital independiente, fundado en 2012, con base en Asturias. Informamos con rigor sobre actualidad, sociedad, cultura y ocio, con una mirada local y global.","url":"https:\/\/candas365.es\/noticias\/","email":"info@candas365.es","telephone":"+34652131393","foundingDate":"2012-06-10","logo":{"@type":"ImageObject","url":"https:\/\/candas365.es\/noticias\/wp-content\/uploads\/2024\/09\/Candas-365-Redes.jpg","@id":"https:\/\/candas365.es\/noticias\/manolo-santana-sera-nombrado-hijo-predilecto-de-madrid-a-titulo-postumo\/#organizationLogo","width":1152,"height":864,"caption":"Cand\u00e1s 365 Redes"},"image":{"@id":"https:\/\/candas365.es\/noticias\/manolo-santana-sera-nombrado-hijo-predilecto-de-madrid-a-titulo-postumo\/#organizationLogo"},"sameAs":["https:\/\/www.facebook.com\/Nachofdezber","https:\/\/x.com\/NabercoDigital","https:\/\/www.instagram.com\/nachofdezber\/","https:\/\/www.youtube.com\/channel\/UCZP-2wLEB9Rv6erhFmqVnvg"],"address":{"@id":"https:\/\/candas365.es\/noticias\/#postaladdress","@type":"PostalAddress","streetAddress":"san antonio 4, san antonio 4","postalCode":"33430","addressLocality":"Cand\u00e1s","addressRegion":"Asturias","addressCountry":"ES"}},{"@type":"Person","@id":"https:\/\/candas365.es\/noticias\/author\/admin\/#author","url":"https:\/\/candas365.es\/noticias\/author\/admin\/","name":"Cand\u00e1s 365","image":{"@type":"ImageObject","@id":"https:\/\/candas365.es\/noticias\/manolo-santana-sera-nombrado-hijo-predilecto-de-madrid-a-titulo-postumo\/#authorImage","url":"https:\/\/secure.gravatar.com\/avatar\/496a8e03d0c493ede1718b7934145dbdf8d89be1036b0eec9544e1094c9de390?s=96&d=mm&r=g","width":96,"height":96,"caption":"Cand\u00e1s 365"},"sameAs":["https:\/\/www.facebook.com\/carrenoactualidad","https:\/\/twitter.com\/nbasturias","https:\/\/www.instagram.com\/nachofdezber\/","https:\/\/www.youtube.com\/channel\/UCZP-2wLEB9Rv6erhFmqVnvg"]},{"@type":"WebPage","@id":"https:\/\/candas365.es\/noticias\/manolo-santana-sera-nombrado-hijo-predilecto-de-madrid-a-titulo-postumo\/#webpage","url":"https:\/\/candas365.es\/noticias\/manolo-santana-sera-nombrado-hijo-predilecto-de-madrid-a-titulo-postumo\/","name":"Manolo Santana ser\u00e1 nombrado Hijo Predilecto de Madrid a t\u00edtulo p\u00f3stumo | Cand\u00e1s 365","description":"El extenista madrile\u00f1o Manolo Santana, ganador de cuatro t\u00edtulos de 'Grand Slam' y fallecido el 11 de diciembre de 2021, ser\u00e1 nombrado Hijo Predilecto de Madrid","inLanguage":"es-ES","isPartOf":{"@id":"https:\/\/candas365.es\/noticias\/#website"},"breadcrumb":{"@id":"https:\/\/candas365.es\/noticias\/manolo-santana-sera-nombrado-hijo-predilecto-de-madrid-a-titulo-postumo\/#breadcrumblist"},"author":{"@id":"https:\/\/candas365.es\/noticias\/author\/admin\/#author"},"creator":{"@id":"https:\/\/candas365.es\/noticias\/author\/admin\/#author"},"image":{"@type":"ImageObject","url":"https:\/\/candas365.es\/noticias\/wp-content\/uploads\/2022\/04\/Santana.jpg","@id":"https:\/\/candas365.es\/noticias\/manolo-santana-sera-nombrado-hijo-predilecto-de-madrid-a-titulo-postumo\/#mainImage","width":989,"height":647,"caption":"Foto: Europa Press"},"primaryImageOfPage":{"@id":"https:\/\/candas365.es\/noticias\/manolo-santana-sera-nombrado-hijo-predilecto-de-madrid-a-titulo-postumo\/#mainImage"},"datePublished":"2022-04-18T11:22:04+02:00","dateModified":"2022-04-18T11:22:04+02:00"},{"@type":"WebSite","@id":"https:\/\/candas365.es\/noticias\/#website","url":"https:\/\/candas365.es\/noticias\/","name":"Cand\u00e1s 365","alternateName":"Cand\u00e1s 365 Noticias","description":"Actualidad desde Carre\u00f1o para el mundo","inLanguage":"es-ES","publisher":{"@id":"https:\/\/candas365.es\/noticias\/#organization"}}]},"og:locale":"es_ES","og:site_name":"Cand\u00e1s 365","og:type":"article","og:title":"Manolo Santana ser\u00e1 nombrado Hijo Predilecto de Madrid a t\u00edtulo p\u00f3stumo | Cand\u00e1s 365","og:description":"El extenista madrile\u00f1o Manolo Santana, ganador de cuatro t\u00edtulos de 'Grand Slam' y fallecido el 11 de diciembre de 2021, ser\u00e1 nombrado Hijo Predilecto de Madrid","og:url":"https:\/\/candas365.es\/noticias\/manolo-santana-sera-nombrado-hijo-predilecto-de-madrid-a-titulo-postumo\/","og:image":"https:\/\/candas365.es\/noticias\/wp-content\/uploads\/2022\/04\/Santana.jpg","og:image:secure_url":"https:\/\/candas365.es\/noticias\/wp-content\/uploads\/2022\/04\/Santana.jpg","og:image:width":989,"og:image:height":647,"article:published_time":"2022-04-18T11:22:04+00:00","article:modified_time":"2022-04-18T11:22:04+00:00","article:publisher":"https:\/\/www.facebook.com\/Nachofdezber","article:author":"https:\/\/www.facebook.com\/carrenoactualidad","twitter:card":"summary_large_image","twitter:site":"@NabercoDigital","twitter:title":"Manolo Santana ser\u00e1 nombrado Hijo Predilecto de Madrid a t\u00edtulo p\u00f3stumo | Cand\u00e1s 365","twitter:description":"El extenista madrile\u00f1o Manolo Santana, ganador de cuatro t\u00edtulos de 'Grand Slam' y fallecido el 11 de diciembre de 2021, ser\u00e1 nombrado Hijo Predilecto de Madrid","twitter:creator":"@nbasturias","twitter:image":"https:\/\/candas365.es\/noticias\/wp-content\/uploads\/2022\/04\/Santana.jpg","twitter:label1":"Escrito por","twitter:data1":"Cand\u00e1s 365","twitter:label2":"Tiempo de lectura estimado","twitter:data2":"2 minutos"},"aioseo_meta_data":{"post_id":"161518","title":null,"description":"El extenista madrile\u00f1o Manolo Santana, ganador de cuatro t\u00edtulos de 'Grand Slam' y fallecido el 11 de diciembre de 2021, ser\u00e1 nombrado Hijo Predilecto de Madrid","keywords":[],"keyphrases":{"focus":{"keyphrase":"Santana","score":100,"analysis":{"keyphraseInTitle":{"title":"Focus keyphrase in SEO title","description":"Focus keyphrase found in SEO title.","score":9,"maxScore":9,"error":0},"keyphraseInDescription":{"title":"Focus keyphrase in meta description","description":"Focus keyphrase found in meta description.","score":9,"maxScore":9,"error":0},"keyphraseLength":{"title":"Focus keyphrase length","description":"Good job!","score":9,"maxScore":9,"error":0,"length":1},"keyphraseInURL":[],"keyphraseInIntroduction":{"title":"Focus keyphrase in introduction","description":"Your Focus keyphrase appears in the first paragraph. Well done!","score":9,"maxScore":9,"error":0},"keyphraseInSubHeadings":[],"keyphraseInImageAlt":{"title":"Focus keyphrase in image alt attributes","description":"Focus keyphrase found in image alt attribute(s).","score":9,"maxScore":9,"error":0}}},"additional":[{"keyphrase":"Manolo Santana","score":83,"analysis":{"keyphraseInDescription":{"title":"Keyphrase in meta description","description":"Keyphrase found in meta description.","score":9,"maxScore":9,"error":0},"keyphraseLength":{"title":"Keyphrase length","description":"Good job!","score":9,"maxScore":9,"error":0,"length":2},"keyphraseInIntroduction":{"title":"Keyphrase in introduction","description":"Your Keyphrase appears in the first paragraph. Well done!","score":9,"maxScore":9,"error":0},"keyphraseInImageAlt":{"title":"Keyphrase in image alt attributes","description":"Keyphrase not found in image alt attribute(s). Add an image with your Keyphrase as alt text.","score":3,"maxScore":9,"error":1}}}]},"primary_term":null,"canonical_url":null,"og_title":null,"og_description":null,"og_object_type":"default","og_image_type":"default","og_image_url":null,"og_image_width":null,"og_image_height":null,"og_image_custom_url":null,"og_image_custom_fields":null,"og_video":"","og_custom_url":null,"og_article_section":null,"og_article_tags":[],"twitter_use_og":false,"twitter_card":"default","twitter_image_type":"default","twitter_image_url":null,"twitter_image_custom_url":null,"twitter_image_custom_fields":null,"twitter_title":null,"twitter_description":null,"schema":{"blockGraphs":[],"customGraphs":[],"default":{"data":{"Article":[],"Course":[],"Dataset":[],"FAQPage":[],"Movie":[],"Person":[],"Product":[],"ProductReview":[],"Car":[],"Recipe":[],"Service":[],"SoftwareApplication":[],"WebPage":[]},"graphName":"","isEnabled":true},"graphs":[],"defaultGraph":"Article","defaultPostTypeGraph":""},"schema_type":"default","schema_type_options":"{\"article\":{\"articleType\":\"BlogPosting\"},\"course\":{\"name\":\"\",\"description\":\"\",\"provider\":\"\"},\"faq\":{\"pages\":[]},\"product\":{\"reviews\":[]},\"recipe\":{\"ingredients\":[],\"instructions\":[],\"keywords\":[]},\"software\":{\"reviews\":[],\"operatingSystems\":[]},\"webPage\":{\"webPageType\":\"WebPage\"}}","pillar_content":false,"robots_default":true,"robots_noindex":false,"robots_noarchive":false,"robots_nosnippet":false,"robots_nofollow":false,"robots_noimageindex":false,"robots_noodp":false,"robots_notranslate":false,"robots_max_snippet":"-1","robots_max_videopreview":"-1","robots_max_imagepreview":"large","priority":null,"frequency":"default","location":null,"local_seo":null,"seo_analyzer_scan_date":"2025-09-01 06:22:14","breadcrumb_settings":null,"limit_modified_date":false,"reviewed_by":null,"open_ai":null,"ai":null,"created":"2022-04-18 11:14:08","updated":"2025-09-01 06:22:14"},"aioseo_breadcrumb":"<div class=\"aioseo-breadcrumbs\"><span class=\"aioseo-breadcrumb\">\n\t<a href=\"https:\/\/candas365.es\/noticias\" title=\"Home\">Home<\/a>\n<\/span><span class=\"aioseo-breadcrumb-separator\">&ndash;<\/span><span class=\"aioseo-breadcrumb\">\n\t<a href=\"https:\/\/candas365.es\/noticias\/category\/deporte\/\" title=\"Deporte\">Deporte<\/a>\n<\/span><span class=\"aioseo-breadcrumb-separator\">&ndash;<\/span><span class=\"aioseo-breadcrumb\">\n\tManolo Santana ser\u00e1 nombrado Hijo Predilecto de Madrid a t\u00edtulo p\u00f3stumo\n<\/span><\/div>","aioseo_breadcrumb_json":[{"label":"Home","link":"https:\/\/candas365.es\/noticias"},{"label":"Deporte","link":"https:\/\/candas365.es\/noticias\/category\/deporte\/"},{"label":"Manolo Santana ser\u00e1 nombrado Hijo Predilecto de Madrid a t\u00edtulo p\u00f3stumo","link":"https:\/\/candas365.es\/noticias\/manolo-santana-sera-nombrado-hijo-predilecto-de-madrid-a-titulo-postumo\/"}],"_links":{"self":[{"href":"https:\/\/candas365.es\/noticias\/wp-json\/wp\/v2\/posts\/161518","targetHints":{"allow":["GET"]}}],"collection":[{"href":"https:\/\/candas365.es\/noticias\/wp-json\/wp\/v2\/posts"}],"about":[{"href":"https:\/\/candas365.es\/noticias\/wp-json\/wp\/v2\/types\/post"}],"author":[{"embeddable":true,"href":"https:\/\/candas365.es\/noticias\/wp-json\/wp\/v2\/users\/1"}],"replies":[{"embeddable":true,"href":"https:\/\/candas365.es\/noticias\/wp-json\/wp\/v2\/comments?post=161518"}],"version-history":[{"count":0,"href":"https:\/\/candas365.es\/noticias\/wp-json\/wp\/v2\/posts\/161518\/revisions"}],"wp:featuredmedia":[{"embeddable":true,"href":"https:\/\/candas365.es\/noticias\/wp-json\/wp\/v2\/media\/161519"}],"wp:attachment":[{"href":"https:\/\/candas365.es\/noticias\/wp-json\/wp\/v2\/media?parent=161518"}],"wp:term":[{"taxonomy":"category","embeddable":true,"href":"https:\/\/candas365.es\/noticias\/wp-json\/wp\/v2\/categories?post=161518"},{"taxonomy":"post_tag","embeddable":true,"href":"https:\/\/candas365.es\/noticias\/wp-json\/wp\/v2\/tags?post=161518"}],"curies":[{"name":"wp","href":"https:\/\/api.w.org\/{rel}","templated":true}]}}