{"id":161393,"date":"2022-03-30T15:20:17","date_gmt":"2022-03-30T15:20:17","guid":{"rendered":"http:\/\/candas365.es\/noticias\/?p=161393"},"modified":"2022-03-30T15:20:17","modified_gmt":"2022-03-30T15:20:17","slug":"anytech365-andalucia-open-derrota-de-thiem-y-wawrinka","status":"publish","type":"post","link":"https:\/\/candas365.es\/noticias\/anytech365-andalucia-open-derrota-de-thiem-y-wawrinka\/","title":{"rendered":"AnyTech365 Andaluc\u00eda OpeN: Derrota de Thiem y Wawrinka"},"content":{"rendered":"<p>(EP) &#8211; El tenista austriaco Dominic Thiem y el suizo Stanislas Wawrinka no pudieron tener el regreso deseado a las pistas y cayeron este martes en sus respectivos debuts en el <strong>AnyTech365 Andaluc\u00eda Open<\/strong>, torneo del circuito Challenger que se disputa sobre tierra batida en las instalaciones del Puente Romano Beach Resort de Marbella (M\u00e1laga).<\/p>\n<figure id=\"attachment_161394\" aria-describedby=\"caption-attachment-161394\" style=\"width: 650px\" class=\"wp-caption aligncenter\"><img fetchpriority=\"high\" decoding=\"async\" class=\"wp-image-161394 size-large\" src=\"https:\/\/candas365.es\/noticias\/wp-content\/uploads\/2022\/03\/Andalucia-Open-650x454.jpg\" alt=\"Andaluc\u00eda Open\" width=\"650\" height=\"454\" srcset=\"https:\/\/candas365.es\/noticias\/wp-content\/uploads\/2022\/03\/Andalucia-Open-650x454.jpg 650w, https:\/\/candas365.es\/noticias\/wp-content\/uploads\/2022\/03\/Andalucia-Open-360x251.jpg 360w, https:\/\/candas365.es\/noticias\/wp-content\/uploads\/2022\/03\/Andalucia-Open-768x536.jpg 768w, https:\/\/candas365.es\/noticias\/wp-content\/uploads\/2022\/03\/Andalucia-Open-150x105.jpg 150w, https:\/\/candas365.es\/noticias\/wp-content\/uploads\/2022\/03\/Andalucia-Open-450x314.jpg 450w, https:\/\/candas365.es\/noticias\/wp-content\/uploads\/2022\/03\/Andalucia-Open.jpg 957w\" sizes=\"(max-width: 650px) 100vw, 650px\" \/><figcaption id=\"caption-attachment-161394\" class=\"wp-caption-text\">FOTO: COMUNICACI\u00d3N ANDALUC\u00cdA OPEN \/ Europa Press<\/figcaption><\/figure>\n<p>Thiem, campe\u00f3n del US Open en 2020 y que no jugaba desde el pasado mes de junio por una lesi\u00f3n de mu\u00f1eca, not\u00f3 esta inactividad y cay\u00f3 ante el jugador argentino Pedro Cach\u00edn, 228 del ranking de la ATP, por un claro 6-3, 6-4.<\/p>\n<p>Por su parte, Wawrinka, triple campe\u00f3n de &#8216;Grand Slam&#8217;, reapareci\u00f3 en las pistas de forma oficial un a\u00f1o despu\u00e9s de su \u00faltimo partido en Doha y tras superar un calvario de lesiones. El de Lausana cedi\u00f3 ante el sueco Elias Ymer por 6-2, 6-4.<\/p>\n","protected":false},"excerpt":{"rendered":"<p>(EP) &#8211; El tenista austriaco Dominic Thiem y el suizo Stanislas Wawrinka no pudieron tener el regreso deseado a las pistas y cayeron este martes en sus respectivos debuts en el AnyTech365 Andaluc\u00eda Open, torneo del circuito Challenger que se disputa sobre tierra batida en las instalaciones del Puente Romano Beach Resort de Marbella (M\u00e1laga).<\/p>\n","protected":false},"author":1,"featured_media":161394,"comment_status":"closed","ping_status":"closed","sticky":false,"template":"","format":"standard","meta":{"footnotes":""},"categories":[319],"tags":[],"class_list":{"0":"post-161393","1":"post","2":"type-post","3":"status-publish","4":"format-standard","5":"has-post-thumbnail","7":"category-deporte"},"aioseo_notices":[],"aioseo_head":"\n\t\t<!-- All in One SEO Pro 4.9.6.2 - aioseo.com -->\n\t<meta name=\"description\" content=\"El tenista austriaco Dominic Thiem y el suizo Stanislas Wawrinka no pudieron tener el regreso deseado a las pistas y cayeron este martes en sus respectivos\" \/>\n\t<meta name=\"robots\" content=\"max-image-preview:large\" \/>\n\t<meta name=\"author\" content=\"Cand\u00e1s 365\"\/>\n\t<meta name=\"google-site-verification\" content=\"UA-32230408-1\" \/>\n\t<meta name=\"msvalidate.01\" content=\"354F3CDFB2DA171B47FBE9ABF1F88D5\" \/>\n\t<meta name=\"keywords\" content=\"deporte\" \/>\n\t<link rel=\"canonical\" href=\"https:\/\/candas365.es\/noticias\/anytech365-andalucia-open-derrota-de-thiem-y-wawrinka\/\" \/>\n\t<meta name=\"generator\" content=\"All in One SEO Pro (AIOSEO) 4.9.6.2\" \/>\n\t\t<meta property=\"og:locale\" content=\"es_ES\" \/>\n\t\t<meta property=\"og:site_name\" content=\"Cand\u00e1s 365\" \/>\n\t\t<meta property=\"og:type\" content=\"article\" \/>\n\t\t<meta property=\"og:title\" content=\"AnyTech365 Andaluc\u00eda OpeN: Derrota de Thiem y Wawrinka | Cand\u00e1s 365\" \/>\n\t\t<meta property=\"og:description\" content=\"El tenista austriaco Dominic Thiem y el suizo Stanislas Wawrinka no pudieron tener el regreso deseado a las pistas y cayeron este martes en sus respectivos\" \/>\n\t\t<meta property=\"og:url\" content=\"https:\/\/candas365.es\/noticias\/anytech365-andalucia-open-derrota-de-thiem-y-wawrinka\/\" \/>\n\t\t<meta property=\"og:image\" content=\"https:\/\/candas365.es\/noticias\/wp-content\/uploads\/2022\/03\/Andalucia-Open.jpg\" \/>\n\t\t<meta property=\"og:image:secure_url\" content=\"https:\/\/candas365.es\/noticias\/wp-content\/uploads\/2022\/03\/Andalucia-Open.jpg\" \/>\n\t\t<meta property=\"og:image:width\" content=\"957\" \/>\n\t\t<meta property=\"og:image:height\" content=\"668\" \/>\n\t\t<meta property=\"article:published_time\" content=\"2022-03-30T15:20:17+00:00\" \/>\n\t\t<meta property=\"article:modified_time\" content=\"2022-03-30T15:20:17+00:00\" \/>\n\t\t<meta property=\"article:publisher\" content=\"https:\/\/www.facebook.com\/Nachofdezber\" \/>\n\t\t<meta property=\"article:author\" content=\"https:\/\/www.facebook.com\/carrenoactualidad\" \/>\n\t\t<meta name=\"twitter:card\" content=\"summary_large_image\" \/>\n\t\t<meta name=\"twitter:site\" content=\"@NabercoDigital\" \/>\n\t\t<meta name=\"twitter:title\" content=\"AnyTech365 Andaluc\u00eda OpeN: Derrota de Thiem y Wawrinka | Cand\u00e1s 365\" \/>\n\t\t<meta name=\"twitter:description\" content=\"El tenista austriaco Dominic Thiem y el suizo Stanislas Wawrinka no pudieron tener el regreso deseado a las pistas y cayeron este martes en sus respectivos\" \/>\n\t\t<meta name=\"twitter:creator\" content=\"@nbasturias\" \/>\n\t\t<meta name=\"twitter:image\" content=\"https:\/\/candas365.es\/noticias\/wp-content\/uploads\/2022\/03\/Andalucia-Open.jpg\" \/>\n\t\t<meta name=\"twitter:label1\" content=\"Escrito por\" \/>\n\t\t<meta name=\"twitter:data1\" content=\"Cand\u00e1s 365\" \/>\n\t\t<meta name=\"twitter:label2\" content=\"Tiempo de lectura estimado\" \/>\n\t\t<meta name=\"twitter:data2\" content=\"1 minuto\" \/>\n\t\t<script type=\"application\/ld+json\" class=\"aioseo-schema\">\n\t\t\t{\"@context\":\"https:\\\/\\\/schema.org\",\"@graph\":[{\"@type\":\"BreadcrumbList\",\"@id\":\"https:\\\/\\\/candas365.es\\\/noticias\\\/anytech365-andalucia-open-derrota-de-thiem-y-wawrinka\\\/#breadcrumblist\",\"itemListElement\":[{\"@type\":\"ListItem\",\"@id\":\"https:\\\/\\\/candas365.es\\\/noticias#listItem\",\"position\":1,\"name\":\"Home\",\"item\":\"https:\\\/\\\/candas365.es\\\/noticias\",\"nextItem\":{\"@type\":\"ListItem\",\"@id\":\"https:\\\/\\\/candas365.es\\\/noticias\\\/category\\\/deporte\\\/#listItem\",\"name\":\"Deporte\"}},{\"@type\":\"ListItem\",\"@id\":\"https:\\\/\\\/candas365.es\\\/noticias\\\/category\\\/deporte\\\/#listItem\",\"position\":2,\"name\":\"Deporte\",\"item\":\"https:\\\/\\\/candas365.es\\\/noticias\\\/category\\\/deporte\\\/\",\"nextItem\":{\"@type\":\"ListItem\",\"@id\":\"https:\\\/\\\/candas365.es\\\/noticias\\\/anytech365-andalucia-open-derrota-de-thiem-y-wawrinka\\\/#listItem\",\"name\":\"AnyTech365 Andaluc\\u00eda OpeN: Derrota de Thiem y Wawrinka\"},\"previousItem\":{\"@type\":\"ListItem\",\"@id\":\"https:\\\/\\\/candas365.es\\\/noticias#listItem\",\"name\":\"Home\"}},{\"@type\":\"ListItem\",\"@id\":\"https:\\\/\\\/candas365.es\\\/noticias\\\/anytech365-andalucia-open-derrota-de-thiem-y-wawrinka\\\/#listItem\",\"position\":3,\"name\":\"AnyTech365 Andaluc\\u00eda OpeN: Derrota de Thiem y Wawrinka\",\"previousItem\":{\"@type\":\"ListItem\",\"@id\":\"https:\\\/\\\/candas365.es\\\/noticias\\\/category\\\/deporte\\\/#listItem\",\"name\":\"Deporte\"}}]},{\"@type\":\"NewsArticle\",\"@id\":\"https:\\\/\\\/candas365.es\\\/noticias\\\/anytech365-andalucia-open-derrota-de-thiem-y-wawrinka\\\/#newsarticle\",\"name\":\"AnyTech365 Andaluc\\u00eda OpeN: Derrota de Thiem y Wawrinka | Cand\\u00e1s 365\",\"headline\":\"AnyTech365 Andaluc\\u00eda OpeN: Derrota de Thiem y Wawrinka\",\"author\":{\"@id\":\"https:\\\/\\\/candas365.es\\\/noticias\\\/author\\\/admin\\\/#author\"},\"publisher\":{\"@id\":\"https:\\\/\\\/candas365.es\\\/noticias\\\/#organization\"},\"image\":{\"@type\":\"ImageObject\",\"url\":\"https:\\\/\\\/candas365.es\\\/noticias\\\/wp-content\\\/uploads\\\/2022\\\/03\\\/Andalucia-Open.jpg\",\"width\":957,\"height\":668,\"caption\":\"FOTO: COMUNICACI\\u00d3N ANDALUC\\u00cdA OPEN \\\/ Europa Press\"},\"datePublished\":\"2022-03-30T15:20:17+02:00\",\"dateModified\":\"2022-03-30T15:20:17+02:00\",\"inLanguage\":\"es-ES\",\"mainEntityOfPage\":{\"@id\":\"https:\\\/\\\/candas365.es\\\/noticias\\\/anytech365-andalucia-open-derrota-de-thiem-y-wawrinka\\\/#webpage\"},\"isPartOf\":{\"@id\":\"https:\\\/\\\/candas365.es\\\/noticias\\\/anytech365-andalucia-open-derrota-de-thiem-y-wawrinka\\\/#webpage\"},\"articleSection\":\"Deporte\",\"dateline\":\"Publicado el marzo 30, 2022.\"},{\"@type\":\"Organization\",\"@id\":\"https:\\\/\\\/candas365.es\\\/noticias\\\/#organization\",\"name\":\"Cand\\u00e1s 365\",\"description\":\"Cand\\u00e1s 365 es un diario digital independiente, fundado en 2012, con base en Asturias. Informamos con rigor sobre actualidad, sociedad, cultura y ocio, con una mirada local y global.\",\"url\":\"https:\\\/\\\/candas365.es\\\/noticias\\\/\",\"email\":\"info@candas365.es\",\"telephone\":\"+34652131393\",\"foundingDate\":\"2012-06-10\",\"logo\":{\"@type\":\"ImageObject\",\"url\":\"https:\\\/\\\/candas365.es\\\/noticias\\\/wp-content\\\/uploads\\\/2024\\\/09\\\/Candas-365-Redes.jpg\",\"@id\":\"https:\\\/\\\/candas365.es\\\/noticias\\\/anytech365-andalucia-open-derrota-de-thiem-y-wawrinka\\\/#organizationLogo\",\"width\":1152,\"height\":864,\"caption\":\"Cand\\u00e1s 365 Redes\"},\"image\":{\"@id\":\"https:\\\/\\\/candas365.es\\\/noticias\\\/anytech365-andalucia-open-derrota-de-thiem-y-wawrinka\\\/#organizationLogo\"},\"sameAs\":[\"https:\\\/\\\/www.facebook.com\\\/Nachofdezber\",\"https:\\\/\\\/x.com\\\/NabercoDigital\",\"https:\\\/\\\/www.instagram.com\\\/nachofdezber\\\/\",\"https:\\\/\\\/www.youtube.com\\\/channel\\\/UCZP-2wLEB9Rv6erhFmqVnvg\"],\"address\":{\"@id\":\"https:\\\/\\\/candas365.es\\\/noticias\\\/#postaladdress\",\"@type\":\"PostalAddress\",\"streetAddress\":\"san antonio 4, san antonio 4\",\"postalCode\":\"33430\",\"addressLocality\":\"Cand\\u00e1s\",\"addressRegion\":\"Asturias\",\"addressCountry\":\"ES\"}},{\"@type\":\"Person\",\"@id\":\"https:\\\/\\\/candas365.es\\\/noticias\\\/author\\\/admin\\\/#author\",\"url\":\"https:\\\/\\\/candas365.es\\\/noticias\\\/author\\\/admin\\\/\",\"name\":\"Cand\\u00e1s 365\",\"image\":{\"@type\":\"ImageObject\",\"@id\":\"https:\\\/\\\/candas365.es\\\/noticias\\\/anytech365-andalucia-open-derrota-de-thiem-y-wawrinka\\\/#authorImage\",\"url\":\"https:\\\/\\\/secure.gravatar.com\\\/avatar\\\/496a8e03d0c493ede1718b7934145dbdf8d89be1036b0eec9544e1094c9de390?s=96&d=mm&r=g\",\"width\":96,\"height\":96,\"caption\":\"Cand\\u00e1s 365\"},\"sameAs\":[\"https:\\\/\\\/www.facebook.com\\\/carrenoactualidad\",\"https:\\\/\\\/twitter.com\\\/nbasturias\",\"https:\\\/\\\/www.instagram.com\\\/nachofdezber\\\/\",\"https:\\\/\\\/www.youtube.com\\\/channel\\\/UCZP-2wLEB9Rv6erhFmqVnvg\"]},{\"@type\":\"WebPage\",\"@id\":\"https:\\\/\\\/candas365.es\\\/noticias\\\/anytech365-andalucia-open-derrota-de-thiem-y-wawrinka\\\/#webpage\",\"url\":\"https:\\\/\\\/candas365.es\\\/noticias\\\/anytech365-andalucia-open-derrota-de-thiem-y-wawrinka\\\/\",\"name\":\"AnyTech365 Andaluc\\u00eda OpeN: Derrota de Thiem y Wawrinka | Cand\\u00e1s 365\",\"description\":\"El tenista austriaco Dominic Thiem y el suizo Stanislas Wawrinka no pudieron tener el regreso deseado a las pistas y cayeron este martes en sus respectivos\",\"inLanguage\":\"es-ES\",\"isPartOf\":{\"@id\":\"https:\\\/\\\/candas365.es\\\/noticias\\\/#website\"},\"breadcrumb\":{\"@id\":\"https:\\\/\\\/candas365.es\\\/noticias\\\/anytech365-andalucia-open-derrota-de-thiem-y-wawrinka\\\/#breadcrumblist\"},\"author\":{\"@id\":\"https:\\\/\\\/candas365.es\\\/noticias\\\/author\\\/admin\\\/#author\"},\"creator\":{\"@id\":\"https:\\\/\\\/candas365.es\\\/noticias\\\/author\\\/admin\\\/#author\"},\"image\":{\"@type\":\"ImageObject\",\"url\":\"https:\\\/\\\/candas365.es\\\/noticias\\\/wp-content\\\/uploads\\\/2022\\\/03\\\/Andalucia-Open.jpg\",\"@id\":\"https:\\\/\\\/candas365.es\\\/noticias\\\/anytech365-andalucia-open-derrota-de-thiem-y-wawrinka\\\/#mainImage\",\"width\":957,\"height\":668,\"caption\":\"FOTO: COMUNICACI\\u00d3N ANDALUC\\u00cdA OPEN \\\/ Europa Press\"},\"primaryImageOfPage\":{\"@id\":\"https:\\\/\\\/candas365.es\\\/noticias\\\/anytech365-andalucia-open-derrota-de-thiem-y-wawrinka\\\/#mainImage\"},\"datePublished\":\"2022-03-30T15:20:17+02:00\",\"dateModified\":\"2022-03-30T15:20:17+02:00\"},{\"@type\":\"WebSite\",\"@id\":\"https:\\\/\\\/candas365.es\\\/noticias\\\/#website\",\"url\":\"https:\\\/\\\/candas365.es\\\/noticias\\\/\",\"name\":\"Cand\\u00e1s 365\",\"alternateName\":\"Cand\\u00e1s 365 Noticias\",\"description\":\"Actualidad desde Carre\\u00f1o para el mundo\",\"inLanguage\":\"es-ES\",\"publisher\":{\"@id\":\"https:\\\/\\\/candas365.es\\\/noticias\\\/#organization\"}}]}\n\t\t<\/script>\n\t\t<!-- All in One SEO Pro -->\r\n\t\t<title>AnyTech365 Andaluc\u00eda OpeN: Derrota de Thiem y Wawrinka | Cand\u00e1s 365<\/title>\n\n","aioseo_head_json":{"title":"AnyTech365 Andaluc\u00eda OpeN: Derrota de Thiem y Wawrinka | Cand\u00e1s 365","description":"El tenista austriaco Dominic Thiem y el suizo Stanislas Wawrinka no pudieron tener el regreso deseado a las pistas y cayeron este martes en sus respectivos","canonical_url":"https:\/\/candas365.es\/noticias\/anytech365-andalucia-open-derrota-de-thiem-y-wawrinka\/","robots":"max-image-preview:large","keywords":"deporte","webmasterTools":{"google-site-verification":"UA-32230408-1","msvalidate.01":"354F3CDFB2DA171B47FBE9ABF1F88D5","miscellaneous":""},"schema":{"@context":"https:\/\/schema.org","@graph":[{"@type":"BreadcrumbList","@id":"https:\/\/candas365.es\/noticias\/anytech365-andalucia-open-derrota-de-thiem-y-wawrinka\/#breadcrumblist","itemListElement":[{"@type":"ListItem","@id":"https:\/\/candas365.es\/noticias#listItem","position":1,"name":"Home","item":"https:\/\/candas365.es\/noticias","nextItem":{"@type":"ListItem","@id":"https:\/\/candas365.es\/noticias\/category\/deporte\/#listItem","name":"Deporte"}},{"@type":"ListItem","@id":"https:\/\/candas365.es\/noticias\/category\/deporte\/#listItem","position":2,"name":"Deporte","item":"https:\/\/candas365.es\/noticias\/category\/deporte\/","nextItem":{"@type":"ListItem","@id":"https:\/\/candas365.es\/noticias\/anytech365-andalucia-open-derrota-de-thiem-y-wawrinka\/#listItem","name":"AnyTech365 Andaluc\u00eda OpeN: Derrota de Thiem y Wawrinka"},"previousItem":{"@type":"ListItem","@id":"https:\/\/candas365.es\/noticias#listItem","name":"Home"}},{"@type":"ListItem","@id":"https:\/\/candas365.es\/noticias\/anytech365-andalucia-open-derrota-de-thiem-y-wawrinka\/#listItem","position":3,"name":"AnyTech365 Andaluc\u00eda OpeN: Derrota de Thiem y Wawrinka","previousItem":{"@type":"ListItem","@id":"https:\/\/candas365.es\/noticias\/category\/deporte\/#listItem","name":"Deporte"}}]},{"@type":"NewsArticle","@id":"https:\/\/candas365.es\/noticias\/anytech365-andalucia-open-derrota-de-thiem-y-wawrinka\/#newsarticle","name":"AnyTech365 Andaluc\u00eda OpeN: Derrota de Thiem y Wawrinka | Cand\u00e1s 365","headline":"AnyTech365 Andaluc\u00eda OpeN: Derrota de Thiem y Wawrinka","author":{"@id":"https:\/\/candas365.es\/noticias\/author\/admin\/#author"},"publisher":{"@id":"https:\/\/candas365.es\/noticias\/#organization"},"image":{"@type":"ImageObject","url":"https:\/\/candas365.es\/noticias\/wp-content\/uploads\/2022\/03\/Andalucia-Open.jpg","width":957,"height":668,"caption":"FOTO: COMUNICACI\u00d3N ANDALUC\u00cdA OPEN \/ Europa Press"},"datePublished":"2022-03-30T15:20:17+02:00","dateModified":"2022-03-30T15:20:17+02:00","inLanguage":"es-ES","mainEntityOfPage":{"@id":"https:\/\/candas365.es\/noticias\/anytech365-andalucia-open-derrota-de-thiem-y-wawrinka\/#webpage"},"isPartOf":{"@id":"https:\/\/candas365.es\/noticias\/anytech365-andalucia-open-derrota-de-thiem-y-wawrinka\/#webpage"},"articleSection":"Deporte","dateline":"Publicado el marzo 30, 2022."},{"@type":"Organization","@id":"https:\/\/candas365.es\/noticias\/#organization","name":"Cand\u00e1s 365","description":"Cand\u00e1s 365 es un diario digital independiente, fundado en 2012, con base en Asturias. Informamos con rigor sobre actualidad, sociedad, cultura y ocio, con una mirada local y global.","url":"https:\/\/candas365.es\/noticias\/","email":"info@candas365.es","telephone":"+34652131393","foundingDate":"2012-06-10","logo":{"@type":"ImageObject","url":"https:\/\/candas365.es\/noticias\/wp-content\/uploads\/2024\/09\/Candas-365-Redes.jpg","@id":"https:\/\/candas365.es\/noticias\/anytech365-andalucia-open-derrota-de-thiem-y-wawrinka\/#organizationLogo","width":1152,"height":864,"caption":"Cand\u00e1s 365 Redes"},"image":{"@id":"https:\/\/candas365.es\/noticias\/anytech365-andalucia-open-derrota-de-thiem-y-wawrinka\/#organizationLogo"},"sameAs":["https:\/\/www.facebook.com\/Nachofdezber","https:\/\/x.com\/NabercoDigital","https:\/\/www.instagram.com\/nachofdezber\/","https:\/\/www.youtube.com\/channel\/UCZP-2wLEB9Rv6erhFmqVnvg"],"address":{"@id":"https:\/\/candas365.es\/noticias\/#postaladdress","@type":"PostalAddress","streetAddress":"san antonio 4, san antonio 4","postalCode":"33430","addressLocality":"Cand\u00e1s","addressRegion":"Asturias","addressCountry":"ES"}},{"@type":"Person","@id":"https:\/\/candas365.es\/noticias\/author\/admin\/#author","url":"https:\/\/candas365.es\/noticias\/author\/admin\/","name":"Cand\u00e1s 365","image":{"@type":"ImageObject","@id":"https:\/\/candas365.es\/noticias\/anytech365-andalucia-open-derrota-de-thiem-y-wawrinka\/#authorImage","url":"https:\/\/secure.gravatar.com\/avatar\/496a8e03d0c493ede1718b7934145dbdf8d89be1036b0eec9544e1094c9de390?s=96&d=mm&r=g","width":96,"height":96,"caption":"Cand\u00e1s 365"},"sameAs":["https:\/\/www.facebook.com\/carrenoactualidad","https:\/\/twitter.com\/nbasturias","https:\/\/www.instagram.com\/nachofdezber\/","https:\/\/www.youtube.com\/channel\/UCZP-2wLEB9Rv6erhFmqVnvg"]},{"@type":"WebPage","@id":"https:\/\/candas365.es\/noticias\/anytech365-andalucia-open-derrota-de-thiem-y-wawrinka\/#webpage","url":"https:\/\/candas365.es\/noticias\/anytech365-andalucia-open-derrota-de-thiem-y-wawrinka\/","name":"AnyTech365 Andaluc\u00eda OpeN: Derrota de Thiem y Wawrinka | Cand\u00e1s 365","description":"El tenista austriaco Dominic Thiem y el suizo Stanislas Wawrinka no pudieron tener el regreso deseado a las pistas y cayeron este martes en sus respectivos","inLanguage":"es-ES","isPartOf":{"@id":"https:\/\/candas365.es\/noticias\/#website"},"breadcrumb":{"@id":"https:\/\/candas365.es\/noticias\/anytech365-andalucia-open-derrota-de-thiem-y-wawrinka\/#breadcrumblist"},"author":{"@id":"https:\/\/candas365.es\/noticias\/author\/admin\/#author"},"creator":{"@id":"https:\/\/candas365.es\/noticias\/author\/admin\/#author"},"image":{"@type":"ImageObject","url":"https:\/\/candas365.es\/noticias\/wp-content\/uploads\/2022\/03\/Andalucia-Open.jpg","@id":"https:\/\/candas365.es\/noticias\/anytech365-andalucia-open-derrota-de-thiem-y-wawrinka\/#mainImage","width":957,"height":668,"caption":"FOTO: COMUNICACI\u00d3N ANDALUC\u00cdA OPEN \/ Europa Press"},"primaryImageOfPage":{"@id":"https:\/\/candas365.es\/noticias\/anytech365-andalucia-open-derrota-de-thiem-y-wawrinka\/#mainImage"},"datePublished":"2022-03-30T15:20:17+02:00","dateModified":"2022-03-30T15:20:17+02:00"},{"@type":"WebSite","@id":"https:\/\/candas365.es\/noticias\/#website","url":"https:\/\/candas365.es\/noticias\/","name":"Cand\u00e1s 365","alternateName":"Cand\u00e1s 365 Noticias","description":"Actualidad desde Carre\u00f1o para el mundo","inLanguage":"es-ES","publisher":{"@id":"https:\/\/candas365.es\/noticias\/#organization"}}]},"og:locale":"es_ES","og:site_name":"Cand\u00e1s 365","og:type":"article","og:title":"AnyTech365 Andaluc\u00eda OpeN: Derrota de Thiem y Wawrinka | Cand\u00e1s 365","og:description":"El tenista austriaco Dominic Thiem y el suizo Stanislas Wawrinka no pudieron tener el regreso deseado a las pistas y cayeron este martes en sus respectivos","og:url":"https:\/\/candas365.es\/noticias\/anytech365-andalucia-open-derrota-de-thiem-y-wawrinka\/","og:image":"https:\/\/candas365.es\/noticias\/wp-content\/uploads\/2022\/03\/Andalucia-Open.jpg","og:image:secure_url":"https:\/\/candas365.es\/noticias\/wp-content\/uploads\/2022\/03\/Andalucia-Open.jpg","og:image:width":957,"og:image:height":668,"article:published_time":"2022-03-30T15:20:17+00:00","article:modified_time":"2022-03-30T15:20:17+00:00","article:publisher":"https:\/\/www.facebook.com\/Nachofdezber","article:author":"https:\/\/www.facebook.com\/carrenoactualidad","twitter:card":"summary_large_image","twitter:site":"@NabercoDigital","twitter:title":"AnyTech365 Andaluc\u00eda OpeN: Derrota de Thiem y Wawrinka | Cand\u00e1s 365","twitter:description":"El tenista austriaco Dominic Thiem y el suizo Stanislas Wawrinka no pudieron tener el regreso deseado a las pistas y cayeron este martes en sus respectivos","twitter:creator":"@nbasturias","twitter:image":"https:\/\/candas365.es\/noticias\/wp-content\/uploads\/2022\/03\/Andalucia-Open.jpg","twitter:label1":"Escrito por","twitter:data1":"Cand\u00e1s 365","twitter:label2":"Tiempo de lectura estimado","twitter:data2":"1 minuto"},"aioseo_meta_data":{"post_id":"161393","title":null,"description":"El tenista austriaco Dominic Thiem y el suizo Stanislas Wawrinka no pudieron tener el regreso deseado a las pistas y cayeron este martes en sus respectivos","keywords":[],"keyphrases":{"focus":{"keyphrase":"Andaluc\u00eda Open","score":87,"analysis":{"keyphraseInTitle":{"title":"Focus keyphrase in SEO title","description":"Focus keyphrase found in SEO title.","score":9,"maxScore":9,"error":0},"keyphraseInDescription":{"title":"Focus keyphrase in meta description","description":"Focus keyphrase not found in meta description.","score":3,"maxScore":9,"error":1},"keyphraseLength":{"title":"Focus keyphrase length","description":"Good job!","score":9,"maxScore":9,"error":0,"length":2},"keyphraseInURL":[],"keyphraseInIntroduction":{"title":"Focus keyphrase in introduction","description":"Your Focus keyphrase appears in the first paragraph. Well done!","score":9,"maxScore":9,"error":0},"keyphraseInSubHeadings":[],"keyphraseInImageAlt":{"title":"Focus keyphrase in image alt attributes","description":"Focus keyphrase found in image alt attribute(s).","score":9,"maxScore":9,"error":0}}},"additional":[]},"primary_term":null,"canonical_url":null,"og_title":null,"og_description":null,"og_object_type":"default","og_image_type":"default","og_image_url":null,"og_image_width":null,"og_image_height":null,"og_image_custom_url":null,"og_image_custom_fields":null,"og_video":"","og_custom_url":null,"og_article_section":null,"og_article_tags":[],"twitter_use_og":false,"twitter_card":"default","twitter_image_type":"default","twitter_image_url":null,"twitter_image_custom_url":null,"twitter_image_custom_fields":null,"twitter_title":null,"twitter_description":null,"schema":{"blockGraphs":[],"customGraphs":[],"default":{"data":{"Article":[],"Course":[],"Dataset":[],"FAQPage":[],"Movie":[],"Person":[],"Product":[],"ProductReview":[],"Car":[],"Recipe":[],"Service":[],"SoftwareApplication":[],"WebPage":[]},"graphName":"","isEnabled":true},"graphs":[]},"schema_type":"default","schema_type_options":"{\"article\":{\"articleType\":\"BlogPosting\"},\"course\":{\"name\":\"\",\"description\":\"\",\"provider\":\"\"},\"faq\":{\"pages\":[]},\"product\":{\"reviews\":[]},\"recipe\":{\"ingredients\":[],\"instructions\":[],\"keywords\":[]},\"software\":{\"reviews\":[],\"operatingSystems\":[]},\"webPage\":{\"webPageType\":\"WebPage\"}}","pillar_content":false,"robots_default":true,"robots_noindex":false,"robots_noarchive":false,"robots_nosnippet":false,"robots_nofollow":false,"robots_noimageindex":false,"robots_noodp":false,"robots_notranslate":false,"robots_max_snippet":"-1","robots_max_videopreview":"-1","robots_max_imagepreview":"large","priority":null,"frequency":"default","location":null,"local_seo":null,"seo_analyzer_scan_date":"2025-09-01 06:14:08","breadcrumb_settings":null,"limit_modified_date":false,"reviewed_by":null,"open_ai":null,"ai":null,"created":"2022-03-30 15:16:42","updated":"2025-09-01 06:14:08"},"aioseo_breadcrumb":"<div class=\"aioseo-breadcrumbs\"><span class=\"aioseo-breadcrumb\">\n\t<a href=\"https:\/\/candas365.es\/noticias\" title=\"Home\">Home<\/a>\n<\/span><span class=\"aioseo-breadcrumb-separator\">&ndash;<\/span><span class=\"aioseo-breadcrumb\">\n\t<a href=\"https:\/\/candas365.es\/noticias\/category\/deporte\/\" title=\"Deporte\">Deporte<\/a>\n<\/span><span class=\"aioseo-breadcrumb-separator\">&ndash;<\/span><span class=\"aioseo-breadcrumb\">\n\tAnyTech365 Andaluc\u00eda OpeN: Derrota de Thiem y Wawrinka\n<\/span><\/div>","aioseo_breadcrumb_json":[{"label":"Home","link":"https:\/\/candas365.es\/noticias"},{"label":"Deporte","link":"https:\/\/candas365.es\/noticias\/category\/deporte\/"},{"label":"AnyTech365 Andaluc\u00eda OpeN: Derrota de Thiem y Wawrinka","link":"https:\/\/candas365.es\/noticias\/anytech365-andalucia-open-derrota-de-thiem-y-wawrinka\/"}],"_links":{"self":[{"href":"https:\/\/candas365.es\/noticias\/wp-json\/wp\/v2\/posts\/161393","targetHints":{"allow":["GET"]}}],"collection":[{"href":"https:\/\/candas365.es\/noticias\/wp-json\/wp\/v2\/posts"}],"about":[{"href":"https:\/\/candas365.es\/noticias\/wp-json\/wp\/v2\/types\/post"}],"author":[{"embeddable":true,"href":"https:\/\/candas365.es\/noticias\/wp-json\/wp\/v2\/users\/1"}],"replies":[{"embeddable":true,"href":"https:\/\/candas365.es\/noticias\/wp-json\/wp\/v2\/comments?post=161393"}],"version-history":[{"count":0,"href":"https:\/\/candas365.es\/noticias\/wp-json\/wp\/v2\/posts\/161393\/revisions"}],"wp:featuredmedia":[{"embeddable":true,"href":"https:\/\/candas365.es\/noticias\/wp-json\/wp\/v2\/media\/161394"}],"wp:attachment":[{"href":"https:\/\/candas365.es\/noticias\/wp-json\/wp\/v2\/media?parent=161393"}],"wp:term":[{"taxonomy":"category","embeddable":true,"href":"https:\/\/candas365.es\/noticias\/wp-json\/wp\/v2\/categories?post=161393"},{"taxonomy":"post_tag","embeddable":true,"href":"https:\/\/candas365.es\/noticias\/wp-json\/wp\/v2\/tags?post=161393"}],"curies":[{"name":"wp","href":"https:\/\/api.w.org\/{rel}","templated":true}]}}