{"id":161343,"date":"2022-03-23T15:45:30","date_gmt":"2022-03-23T15:45:30","guid":{"rendered":"http:\/\/candas365.es\/noticias\/?p=161343"},"modified":"2022-03-23T15:45:30","modified_gmt":"2022-03-23T15:45:30","slug":"raul-de-tomas-ir-al-mundial-de-catar-seria-el-mayor-logro-de-mi-carrera","status":"publish","type":"post","link":"https:\/\/candas365.es\/noticias\/raul-de-tomas-ir-al-mundial-de-catar-seria-el-mayor-logro-de-mi-carrera\/","title":{"rendered":"Ra\u00fal de Tom\u00e1s: \u00abIr al Mundial de Catar ser\u00eda el mayor logro de mi carrera\u00bb"},"content":{"rendered":"<p>(EP) &#8211; El delantero del RCD Espanyol <strong>Ra\u00fal de Tom\u00e1s confes\u00f3 que ir al Mundial de Catar \u00abser\u00eda el mayor logro\u00bb de su carrera deportiva<\/strong> tras encadenar su segunda convocatoria con la selecci\u00f3n espa\u00f1ola, que volver\u00e1 a Catalu\u00f1a 18 a\u00f1os despu\u00e9s para jugar un amistoso este s\u00e1bado contra Albania en el RCDE Stadium de Barcelona.<\/p>\n<p><img fetchpriority=\"high\" decoding=\"async\" class=\"aligncenter wp-image-161331 size-large\" src=\"https:\/\/candas365.es\/noticias\/wp-content\/uploads\/2022\/03\/futbol-650x429.jpg\" alt=\"f\u00fatbol\" width=\"650\" height=\"429\" srcset=\"https:\/\/candas365.es\/noticias\/wp-content\/uploads\/2022\/03\/futbol-650x429.jpg 650w, https:\/\/candas365.es\/noticias\/wp-content\/uploads\/2022\/03\/futbol-360x238.jpg 360w, https:\/\/candas365.es\/noticias\/wp-content\/uploads\/2022\/03\/futbol-768x507.jpg 768w, https:\/\/candas365.es\/noticias\/wp-content\/uploads\/2022\/03\/futbol-150x99.jpg 150w, https:\/\/candas365.es\/noticias\/wp-content\/uploads\/2022\/03\/futbol-450x297.jpg 450w, https:\/\/candas365.es\/noticias\/wp-content\/uploads\/2022\/03\/futbol.jpg 1070w\" sizes=\"(max-width: 650px) 100vw, 650px\" \/><\/p>\n<p>\u00abSer\u00eda para m\u00ed el mayor logro en mi carrera deportiva y en lo personal estar en un Mundial. Y en caso de que no suceda, estar\u00e9 apoyando y animando a la selecci\u00f3n como siempre he hecho\u00bb, explic\u00f3 el atacante madrile\u00f1o en una entrevista a El Club del Deportista que recoge Europa Press.<\/p>\n<p>De Tom\u00e1s lleva catorce goles en liga con el Espanyol, el decimosegundo clasificado de la competici\u00f3n. \u00abS\u00e9 que puede perjudicarme porque al final los equipos m\u00e1s punteros tienen m\u00e1s competiciones, m\u00e1s partidos y m\u00e1s oportunidades de gol\u00bb, a\u00f1adi\u00f3 el referente del conjunto blanquiazul.<\/p>\n<p>\u00abSoy una persona ganadora, me gustan los retos grandes y para m\u00ed es un privilegio ser un icono en este club. Mi objetivo es mejorar d\u00eda a d\u00eda y ayudar a este club a crecer para un futuro\u00bb, expres\u00f3 &#8216;RdT&#8217;, a quien le motiva \u00abser la estrella\u00bb del RCD Espanyol.<\/p>\n<p>La primera llamada de la Selecci\u00f3n lleg\u00f3 en noviembre al sustituir en la lista a Ansu Fati. \u00abMe lo comunic\u00f3 el delegado del Espanyol. Estaba en la playa y me llam\u00f3 para decirme que me ten\u00eda que presentar el lunes en Las Rozas. Fue algo que jam\u00e1s olvidar\u00e9 y estoy muy agradecido a Luis Enrique y a todo su cuerpo t\u00e9cnico, por decidir contar conmigo\u00bb, afirm\u00f3 el delantero.<\/p>\n","protected":false},"excerpt":{"rendered":"<p>(EP) &#8211; El delantero del RCD Espanyol Ra\u00fal de Tom\u00e1s confes\u00f3 que ir al Mundial de Catar \u00abser\u00eda el mayor logro\u00bb de su carrera deportiva tras encadenar su segunda convocatoria con la selecci\u00f3n espa\u00f1ola, que volver\u00e1 a Catalu\u00f1a 18 a\u00f1os despu\u00e9s para jugar un amistoso este s\u00e1bado contra Albania en el RCDE Stadium de Barcelona.<\/p>\n","protected":false},"author":1,"featured_media":161331,"comment_status":"closed","ping_status":"closed","sticky":false,"template":"","format":"standard","meta":{"footnotes":""},"categories":[319],"tags":[387],"class_list":{"0":"post-161343","1":"post","2":"type-post","3":"status-publish","4":"format-standard","5":"has-post-thumbnail","7":"category-deporte","8":"tag-deporte"},"aioseo_notices":[],"aioseo_head":"\n\t\t<!-- All in One SEO Pro 4.9.6.2 - aioseo.com -->\n\t<meta name=\"description\" content=\"El delantero del RCD Espanyol Ra\u00fal de Tom\u00e1s confes\u00f3 que ir al Mundial de Catar &quot;ser\u00eda el mayor logro&quot; de su carrera deportiva\" \/>\n\t<meta name=\"robots\" content=\"max-image-preview:large\" \/>\n\t<meta name=\"author\" content=\"Cand\u00e1s 365\"\/>\n\t<meta name=\"google-site-verification\" content=\"UA-32230408-1\" \/>\n\t<meta name=\"msvalidate.01\" content=\"354F3CDFB2DA171B47FBE9ABF1F88D5\" \/>\n\t<meta name=\"keywords\" content=\"deporte\" \/>\n\t<link rel=\"canonical\" href=\"https:\/\/candas365.es\/noticias\/raul-de-tomas-ir-al-mundial-de-catar-seria-el-mayor-logro-de-mi-carrera\/\" \/>\n\t<meta name=\"generator\" content=\"All in One SEO Pro (AIOSEO) 4.9.6.2\" \/>\n\t\t<meta property=\"og:locale\" content=\"es_ES\" \/>\n\t\t<meta property=\"og:site_name\" content=\"Cand\u00e1s 365\" \/>\n\t\t<meta property=\"og:type\" content=\"article\" \/>\n\t\t<meta property=\"og:title\" content=\"Ra\u00fal de Tom\u00e1s: \u00abIr al Mundial de Catar ser\u00eda el mayor logro de mi carrera\u00bb | Cand\u00e1s 365\" \/>\n\t\t<meta property=\"og:description\" content=\"El delantero del RCD Espanyol Ra\u00fal de Tom\u00e1s confes\u00f3 que ir al Mundial de Catar &quot;ser\u00eda el mayor logro&quot; de su carrera deportiva\" \/>\n\t\t<meta property=\"og:url\" content=\"https:\/\/candas365.es\/noticias\/raul-de-tomas-ir-al-mundial-de-catar-seria-el-mayor-logro-de-mi-carrera\/\" \/>\n\t\t<meta property=\"og:image\" content=\"https:\/\/candas365.es\/noticias\/wp-content\/uploads\/2022\/03\/futbol.jpg\" \/>\n\t\t<meta property=\"og:image:secure_url\" content=\"https:\/\/candas365.es\/noticias\/wp-content\/uploads\/2022\/03\/futbol.jpg\" \/>\n\t\t<meta property=\"og:image:width\" content=\"1070\" \/>\n\t\t<meta property=\"og:image:height\" content=\"707\" \/>\n\t\t<meta property=\"article:published_time\" content=\"2022-03-23T15:45:30+00:00\" \/>\n\t\t<meta property=\"article:modified_time\" content=\"2022-03-23T15:45:30+00:00\" \/>\n\t\t<meta property=\"article:publisher\" content=\"https:\/\/www.facebook.com\/Nachofdezber\" \/>\n\t\t<meta property=\"article:author\" content=\"https:\/\/www.facebook.com\/carrenoactualidad\" \/>\n\t\t<meta name=\"twitter:card\" content=\"summary_large_image\" \/>\n\t\t<meta name=\"twitter:site\" content=\"@NabercoDigital\" \/>\n\t\t<meta name=\"twitter:title\" content=\"Ra\u00fal de Tom\u00e1s: \u00abIr al Mundial de Catar ser\u00eda el mayor logro de mi carrera\u00bb | Cand\u00e1s 365\" \/>\n\t\t<meta name=\"twitter:description\" content=\"El delantero del RCD Espanyol Ra\u00fal de Tom\u00e1s confes\u00f3 que ir al Mundial de Catar &quot;ser\u00eda el mayor logro&quot; de su carrera deportiva\" \/>\n\t\t<meta name=\"twitter:creator\" content=\"@nbasturias\" \/>\n\t\t<meta name=\"twitter:image\" content=\"https:\/\/candas365.es\/noticias\/wp-content\/uploads\/2022\/03\/futbol.jpg\" \/>\n\t\t<meta name=\"twitter:label1\" content=\"Escrito por\" \/>\n\t\t<meta name=\"twitter:data1\" content=\"Cand\u00e1s 365\" \/>\n\t\t<meta name=\"twitter:label2\" content=\"Tiempo de lectura estimado\" \/>\n\t\t<meta name=\"twitter:data2\" content=\"1 minuto\" \/>\n\t\t<script type=\"application\/ld+json\" class=\"aioseo-schema\">\n\t\t\t{\"@context\":\"https:\\\/\\\/schema.org\",\"@graph\":[{\"@type\":\"BreadcrumbList\",\"@id\":\"https:\\\/\\\/candas365.es\\\/noticias\\\/raul-de-tomas-ir-al-mundial-de-catar-seria-el-mayor-logro-de-mi-carrera\\\/#breadcrumblist\",\"itemListElement\":[{\"@type\":\"ListItem\",\"@id\":\"https:\\\/\\\/candas365.es\\\/noticias#listItem\",\"position\":1,\"name\":\"Home\",\"item\":\"https:\\\/\\\/candas365.es\\\/noticias\",\"nextItem\":{\"@type\":\"ListItem\",\"@id\":\"https:\\\/\\\/candas365.es\\\/noticias\\\/category\\\/deporte\\\/#listItem\",\"name\":\"Deporte\"}},{\"@type\":\"ListItem\",\"@id\":\"https:\\\/\\\/candas365.es\\\/noticias\\\/category\\\/deporte\\\/#listItem\",\"position\":2,\"name\":\"Deporte\",\"item\":\"https:\\\/\\\/candas365.es\\\/noticias\\\/category\\\/deporte\\\/\",\"nextItem\":{\"@type\":\"ListItem\",\"@id\":\"https:\\\/\\\/candas365.es\\\/noticias\\\/raul-de-tomas-ir-al-mundial-de-catar-seria-el-mayor-logro-de-mi-carrera\\\/#listItem\",\"name\":\"Ra\\u00fal de Tom\\u00e1s: \\u00abIr al Mundial de Catar ser\\u00eda el mayor logro de mi carrera\\u00bb\"},\"previousItem\":{\"@type\":\"ListItem\",\"@id\":\"https:\\\/\\\/candas365.es\\\/noticias#listItem\",\"name\":\"Home\"}},{\"@type\":\"ListItem\",\"@id\":\"https:\\\/\\\/candas365.es\\\/noticias\\\/raul-de-tomas-ir-al-mundial-de-catar-seria-el-mayor-logro-de-mi-carrera\\\/#listItem\",\"position\":3,\"name\":\"Ra\\u00fal de Tom\\u00e1s: \\u00abIr al Mundial de Catar ser\\u00eda el mayor logro de mi carrera\\u00bb\",\"previousItem\":{\"@type\":\"ListItem\",\"@id\":\"https:\\\/\\\/candas365.es\\\/noticias\\\/category\\\/deporte\\\/#listItem\",\"name\":\"Deporte\"}}]},{\"@type\":\"NewsArticle\",\"@id\":\"https:\\\/\\\/candas365.es\\\/noticias\\\/raul-de-tomas-ir-al-mundial-de-catar-seria-el-mayor-logro-de-mi-carrera\\\/#newsarticle\",\"name\":\"Ra\\u00fal de Tom\\u00e1s: \\u00abIr al Mundial de Catar ser\\u00eda el mayor logro de mi carrera\\u00bb | Cand\\u00e1s 365\",\"headline\":\"Ra\\u00fal de Tom\\u00e1s: \\u00abIr al Mundial de Catar ser\\u00eda el mayor logro de mi carrera\\u00bb\",\"author\":{\"@id\":\"https:\\\/\\\/candas365.es\\\/noticias\\\/author\\\/admin\\\/#author\"},\"publisher\":{\"@id\":\"https:\\\/\\\/candas365.es\\\/noticias\\\/#organization\"},\"image\":{\"@type\":\"ImageObject\",\"url\":\"https:\\\/\\\/candas365.es\\\/noticias\\\/wp-content\\\/uploads\\\/2022\\\/03\\\/futbol.jpg\",\"width\":1070,\"height\":707,\"caption\":\"f\\u00fatbol\"},\"datePublished\":\"2022-03-23T15:45:30+01:00\",\"dateModified\":\"2022-03-23T15:45:30+01:00\",\"inLanguage\":\"es-ES\",\"mainEntityOfPage\":{\"@id\":\"https:\\\/\\\/candas365.es\\\/noticias\\\/raul-de-tomas-ir-al-mundial-de-catar-seria-el-mayor-logro-de-mi-carrera\\\/#webpage\"},\"isPartOf\":{\"@id\":\"https:\\\/\\\/candas365.es\\\/noticias\\\/raul-de-tomas-ir-al-mundial-de-catar-seria-el-mayor-logro-de-mi-carrera\\\/#webpage\"},\"articleSection\":\"Deporte, deporte\",\"dateline\":\"Publicado el marzo 23, 2022.\"},{\"@type\":\"Organization\",\"@id\":\"https:\\\/\\\/candas365.es\\\/noticias\\\/#organization\",\"name\":\"Cand\\u00e1s 365\",\"description\":\"Cand\\u00e1s 365 es un diario digital independiente, fundado en 2012, con base en Asturias. Informamos con rigor sobre actualidad, sociedad, cultura y ocio, con una mirada local y global.\",\"url\":\"https:\\\/\\\/candas365.es\\\/noticias\\\/\",\"email\":\"info@candas365.es\",\"telephone\":\"+34652131393\",\"foundingDate\":\"2012-06-10\",\"logo\":{\"@type\":\"ImageObject\",\"url\":\"https:\\\/\\\/candas365.es\\\/noticias\\\/wp-content\\\/uploads\\\/2024\\\/09\\\/Candas-365-Redes.jpg\",\"@id\":\"https:\\\/\\\/candas365.es\\\/noticias\\\/raul-de-tomas-ir-al-mundial-de-catar-seria-el-mayor-logro-de-mi-carrera\\\/#organizationLogo\",\"width\":1152,\"height\":864,\"caption\":\"Cand\\u00e1s 365 Redes\"},\"image\":{\"@id\":\"https:\\\/\\\/candas365.es\\\/noticias\\\/raul-de-tomas-ir-al-mundial-de-catar-seria-el-mayor-logro-de-mi-carrera\\\/#organizationLogo\"},\"sameAs\":[\"https:\\\/\\\/www.facebook.com\\\/Nachofdezber\",\"https:\\\/\\\/x.com\\\/NabercoDigital\",\"https:\\\/\\\/www.instagram.com\\\/nachofdezber\\\/\",\"https:\\\/\\\/www.youtube.com\\\/channel\\\/UCZP-2wLEB9Rv6erhFmqVnvg\"],\"address\":{\"@id\":\"https:\\\/\\\/candas365.es\\\/noticias\\\/#postaladdress\",\"@type\":\"PostalAddress\",\"streetAddress\":\"san antonio 4, san antonio 4\",\"postalCode\":\"33430\",\"addressLocality\":\"Cand\\u00e1s\",\"addressRegion\":\"Asturias\",\"addressCountry\":\"ES\"}},{\"@type\":\"Person\",\"@id\":\"https:\\\/\\\/candas365.es\\\/noticias\\\/author\\\/admin\\\/#author\",\"url\":\"https:\\\/\\\/candas365.es\\\/noticias\\\/author\\\/admin\\\/\",\"name\":\"Cand\\u00e1s 365\",\"image\":{\"@type\":\"ImageObject\",\"@id\":\"https:\\\/\\\/candas365.es\\\/noticias\\\/raul-de-tomas-ir-al-mundial-de-catar-seria-el-mayor-logro-de-mi-carrera\\\/#authorImage\",\"url\":\"https:\\\/\\\/secure.gravatar.com\\\/avatar\\\/496a8e03d0c493ede1718b7934145dbdf8d89be1036b0eec9544e1094c9de390?s=96&d=mm&r=g\",\"width\":96,\"height\":96,\"caption\":\"Cand\\u00e1s 365\"},\"sameAs\":[\"https:\\\/\\\/www.facebook.com\\\/carrenoactualidad\",\"https:\\\/\\\/twitter.com\\\/nbasturias\",\"https:\\\/\\\/www.instagram.com\\\/nachofdezber\\\/\",\"https:\\\/\\\/www.youtube.com\\\/channel\\\/UCZP-2wLEB9Rv6erhFmqVnvg\"]},{\"@type\":\"WebPage\",\"@id\":\"https:\\\/\\\/candas365.es\\\/noticias\\\/raul-de-tomas-ir-al-mundial-de-catar-seria-el-mayor-logro-de-mi-carrera\\\/#webpage\",\"url\":\"https:\\\/\\\/candas365.es\\\/noticias\\\/raul-de-tomas-ir-al-mundial-de-catar-seria-el-mayor-logro-de-mi-carrera\\\/\",\"name\":\"Ra\\u00fal de Tom\\u00e1s: \\u00abIr al Mundial de Catar ser\\u00eda el mayor logro de mi carrera\\u00bb | Cand\\u00e1s 365\",\"description\":\"El delantero del RCD Espanyol Ra\\u00fal de Tom\\u00e1s confes\\u00f3 que ir al Mundial de Catar \\\"ser\\u00eda el mayor logro\\\" de su carrera deportiva\",\"inLanguage\":\"es-ES\",\"isPartOf\":{\"@id\":\"https:\\\/\\\/candas365.es\\\/noticias\\\/#website\"},\"breadcrumb\":{\"@id\":\"https:\\\/\\\/candas365.es\\\/noticias\\\/raul-de-tomas-ir-al-mundial-de-catar-seria-el-mayor-logro-de-mi-carrera\\\/#breadcrumblist\"},\"author\":{\"@id\":\"https:\\\/\\\/candas365.es\\\/noticias\\\/author\\\/admin\\\/#author\"},\"creator\":{\"@id\":\"https:\\\/\\\/candas365.es\\\/noticias\\\/author\\\/admin\\\/#author\"},\"image\":{\"@type\":\"ImageObject\",\"url\":\"https:\\\/\\\/candas365.es\\\/noticias\\\/wp-content\\\/uploads\\\/2022\\\/03\\\/futbol.jpg\",\"@id\":\"https:\\\/\\\/candas365.es\\\/noticias\\\/raul-de-tomas-ir-al-mundial-de-catar-seria-el-mayor-logro-de-mi-carrera\\\/#mainImage\",\"width\":1070,\"height\":707,\"caption\":\"f\\u00fatbol\"},\"primaryImageOfPage\":{\"@id\":\"https:\\\/\\\/candas365.es\\\/noticias\\\/raul-de-tomas-ir-al-mundial-de-catar-seria-el-mayor-logro-de-mi-carrera\\\/#mainImage\"},\"datePublished\":\"2022-03-23T15:45:30+01:00\",\"dateModified\":\"2022-03-23T15:45:30+01:00\"},{\"@type\":\"WebSite\",\"@id\":\"https:\\\/\\\/candas365.es\\\/noticias\\\/#website\",\"url\":\"https:\\\/\\\/candas365.es\\\/noticias\\\/\",\"name\":\"Cand\\u00e1s 365\",\"alternateName\":\"Cand\\u00e1s 365 Noticias\",\"description\":\"Actualidad desde Carre\\u00f1o para el mundo\",\"inLanguage\":\"es-ES\",\"publisher\":{\"@id\":\"https:\\\/\\\/candas365.es\\\/noticias\\\/#organization\"}}]}\n\t\t<\/script>\n\t\t<!-- All in One SEO Pro -->\r\n\t\t<title>Ra\u00fal de Tom\u00e1s: \u00abIr al Mundial de Catar ser\u00eda el mayor logro de mi carrera\u00bb | Cand\u00e1s 365<\/title>\n\n","aioseo_head_json":{"title":"Ra\u00fal de Tom\u00e1s: \u00abIr al Mundial de Catar ser\u00eda el mayor logro de mi carrera\u00bb | Cand\u00e1s 365","description":"El delantero del RCD Espanyol Ra\u00fal de Tom\u00e1s confes\u00f3 que ir al Mundial de Catar \"ser\u00eda el mayor logro\" de su carrera deportiva","canonical_url":"https:\/\/candas365.es\/noticias\/raul-de-tomas-ir-al-mundial-de-catar-seria-el-mayor-logro-de-mi-carrera\/","robots":"max-image-preview:large","keywords":"deporte","webmasterTools":{"google-site-verification":"UA-32230408-1","msvalidate.01":"354F3CDFB2DA171B47FBE9ABF1F88D5","miscellaneous":""},"schema":{"@context":"https:\/\/schema.org","@graph":[{"@type":"BreadcrumbList","@id":"https:\/\/candas365.es\/noticias\/raul-de-tomas-ir-al-mundial-de-catar-seria-el-mayor-logro-de-mi-carrera\/#breadcrumblist","itemListElement":[{"@type":"ListItem","@id":"https:\/\/candas365.es\/noticias#listItem","position":1,"name":"Home","item":"https:\/\/candas365.es\/noticias","nextItem":{"@type":"ListItem","@id":"https:\/\/candas365.es\/noticias\/category\/deporte\/#listItem","name":"Deporte"}},{"@type":"ListItem","@id":"https:\/\/candas365.es\/noticias\/category\/deporte\/#listItem","position":2,"name":"Deporte","item":"https:\/\/candas365.es\/noticias\/category\/deporte\/","nextItem":{"@type":"ListItem","@id":"https:\/\/candas365.es\/noticias\/raul-de-tomas-ir-al-mundial-de-catar-seria-el-mayor-logro-de-mi-carrera\/#listItem","name":"Ra\u00fal de Tom\u00e1s: \u00abIr al Mundial de Catar ser\u00eda el mayor logro de mi carrera\u00bb"},"previousItem":{"@type":"ListItem","@id":"https:\/\/candas365.es\/noticias#listItem","name":"Home"}},{"@type":"ListItem","@id":"https:\/\/candas365.es\/noticias\/raul-de-tomas-ir-al-mundial-de-catar-seria-el-mayor-logro-de-mi-carrera\/#listItem","position":3,"name":"Ra\u00fal de Tom\u00e1s: \u00abIr al Mundial de Catar ser\u00eda el mayor logro de mi carrera\u00bb","previousItem":{"@type":"ListItem","@id":"https:\/\/candas365.es\/noticias\/category\/deporte\/#listItem","name":"Deporte"}}]},{"@type":"NewsArticle","@id":"https:\/\/candas365.es\/noticias\/raul-de-tomas-ir-al-mundial-de-catar-seria-el-mayor-logro-de-mi-carrera\/#newsarticle","name":"Ra\u00fal de Tom\u00e1s: \u00abIr al Mundial de Catar ser\u00eda el mayor logro de mi carrera\u00bb | Cand\u00e1s 365","headline":"Ra\u00fal de Tom\u00e1s: \u00abIr al Mundial de Catar ser\u00eda el mayor logro de mi carrera\u00bb","author":{"@id":"https:\/\/candas365.es\/noticias\/author\/admin\/#author"},"publisher":{"@id":"https:\/\/candas365.es\/noticias\/#organization"},"image":{"@type":"ImageObject","url":"https:\/\/candas365.es\/noticias\/wp-content\/uploads\/2022\/03\/futbol.jpg","width":1070,"height":707,"caption":"f\u00fatbol"},"datePublished":"2022-03-23T15:45:30+01:00","dateModified":"2022-03-23T15:45:30+01:00","inLanguage":"es-ES","mainEntityOfPage":{"@id":"https:\/\/candas365.es\/noticias\/raul-de-tomas-ir-al-mundial-de-catar-seria-el-mayor-logro-de-mi-carrera\/#webpage"},"isPartOf":{"@id":"https:\/\/candas365.es\/noticias\/raul-de-tomas-ir-al-mundial-de-catar-seria-el-mayor-logro-de-mi-carrera\/#webpage"},"articleSection":"Deporte, deporte","dateline":"Publicado el marzo 23, 2022."},{"@type":"Organization","@id":"https:\/\/candas365.es\/noticias\/#organization","name":"Cand\u00e1s 365","description":"Cand\u00e1s 365 es un diario digital independiente, fundado en 2012, con base en Asturias. Informamos con rigor sobre actualidad, sociedad, cultura y ocio, con una mirada local y global.","url":"https:\/\/candas365.es\/noticias\/","email":"info@candas365.es","telephone":"+34652131393","foundingDate":"2012-06-10","logo":{"@type":"ImageObject","url":"https:\/\/candas365.es\/noticias\/wp-content\/uploads\/2024\/09\/Candas-365-Redes.jpg","@id":"https:\/\/candas365.es\/noticias\/raul-de-tomas-ir-al-mundial-de-catar-seria-el-mayor-logro-de-mi-carrera\/#organizationLogo","width":1152,"height":864,"caption":"Cand\u00e1s 365 Redes"},"image":{"@id":"https:\/\/candas365.es\/noticias\/raul-de-tomas-ir-al-mundial-de-catar-seria-el-mayor-logro-de-mi-carrera\/#organizationLogo"},"sameAs":["https:\/\/www.facebook.com\/Nachofdezber","https:\/\/x.com\/NabercoDigital","https:\/\/www.instagram.com\/nachofdezber\/","https:\/\/www.youtube.com\/channel\/UCZP-2wLEB9Rv6erhFmqVnvg"],"address":{"@id":"https:\/\/candas365.es\/noticias\/#postaladdress","@type":"PostalAddress","streetAddress":"san antonio 4, san antonio 4","postalCode":"33430","addressLocality":"Cand\u00e1s","addressRegion":"Asturias","addressCountry":"ES"}},{"@type":"Person","@id":"https:\/\/candas365.es\/noticias\/author\/admin\/#author","url":"https:\/\/candas365.es\/noticias\/author\/admin\/","name":"Cand\u00e1s 365","image":{"@type":"ImageObject","@id":"https:\/\/candas365.es\/noticias\/raul-de-tomas-ir-al-mundial-de-catar-seria-el-mayor-logro-de-mi-carrera\/#authorImage","url":"https:\/\/secure.gravatar.com\/avatar\/496a8e03d0c493ede1718b7934145dbdf8d89be1036b0eec9544e1094c9de390?s=96&d=mm&r=g","width":96,"height":96,"caption":"Cand\u00e1s 365"},"sameAs":["https:\/\/www.facebook.com\/carrenoactualidad","https:\/\/twitter.com\/nbasturias","https:\/\/www.instagram.com\/nachofdezber\/","https:\/\/www.youtube.com\/channel\/UCZP-2wLEB9Rv6erhFmqVnvg"]},{"@type":"WebPage","@id":"https:\/\/candas365.es\/noticias\/raul-de-tomas-ir-al-mundial-de-catar-seria-el-mayor-logro-de-mi-carrera\/#webpage","url":"https:\/\/candas365.es\/noticias\/raul-de-tomas-ir-al-mundial-de-catar-seria-el-mayor-logro-de-mi-carrera\/","name":"Ra\u00fal de Tom\u00e1s: \u00abIr al Mundial de Catar ser\u00eda el mayor logro de mi carrera\u00bb | Cand\u00e1s 365","description":"El delantero del RCD Espanyol Ra\u00fal de Tom\u00e1s confes\u00f3 que ir al Mundial de Catar \"ser\u00eda el mayor logro\" de su carrera deportiva","inLanguage":"es-ES","isPartOf":{"@id":"https:\/\/candas365.es\/noticias\/#website"},"breadcrumb":{"@id":"https:\/\/candas365.es\/noticias\/raul-de-tomas-ir-al-mundial-de-catar-seria-el-mayor-logro-de-mi-carrera\/#breadcrumblist"},"author":{"@id":"https:\/\/candas365.es\/noticias\/author\/admin\/#author"},"creator":{"@id":"https:\/\/candas365.es\/noticias\/author\/admin\/#author"},"image":{"@type":"ImageObject","url":"https:\/\/candas365.es\/noticias\/wp-content\/uploads\/2022\/03\/futbol.jpg","@id":"https:\/\/candas365.es\/noticias\/raul-de-tomas-ir-al-mundial-de-catar-seria-el-mayor-logro-de-mi-carrera\/#mainImage","width":1070,"height":707,"caption":"f\u00fatbol"},"primaryImageOfPage":{"@id":"https:\/\/candas365.es\/noticias\/raul-de-tomas-ir-al-mundial-de-catar-seria-el-mayor-logro-de-mi-carrera\/#mainImage"},"datePublished":"2022-03-23T15:45:30+01:00","dateModified":"2022-03-23T15:45:30+01:00"},{"@type":"WebSite","@id":"https:\/\/candas365.es\/noticias\/#website","url":"https:\/\/candas365.es\/noticias\/","name":"Cand\u00e1s 365","alternateName":"Cand\u00e1s 365 Noticias","description":"Actualidad desde Carre\u00f1o para el mundo","inLanguage":"es-ES","publisher":{"@id":"https:\/\/candas365.es\/noticias\/#organization"}}]},"og:locale":"es_ES","og:site_name":"Cand\u00e1s 365","og:type":"article","og:title":"Ra\u00fal de Tom\u00e1s: \u00abIr al Mundial de Catar ser\u00eda el mayor logro de mi carrera\u00bb | Cand\u00e1s 365","og:description":"El delantero del RCD Espanyol Ra\u00fal de Tom\u00e1s confes\u00f3 que ir al Mundial de Catar &quot;ser\u00eda el mayor logro&quot; de su carrera deportiva","og:url":"https:\/\/candas365.es\/noticias\/raul-de-tomas-ir-al-mundial-de-catar-seria-el-mayor-logro-de-mi-carrera\/","og:image":"https:\/\/candas365.es\/noticias\/wp-content\/uploads\/2022\/03\/futbol.jpg","og:image:secure_url":"https:\/\/candas365.es\/noticias\/wp-content\/uploads\/2022\/03\/futbol.jpg","og:image:width":1070,"og:image:height":707,"article:published_time":"2022-03-23T15:45:30+00:00","article:modified_time":"2022-03-23T15:45:30+00:00","article:publisher":"https:\/\/www.facebook.com\/Nachofdezber","article:author":"https:\/\/www.facebook.com\/carrenoactualidad","twitter:card":"summary_large_image","twitter:site":"@NabercoDigital","twitter:title":"Ra\u00fal de Tom\u00e1s: \u00abIr al Mundial de Catar ser\u00eda el mayor logro de mi carrera\u00bb | Cand\u00e1s 365","twitter:description":"El delantero del RCD Espanyol Ra\u00fal de Tom\u00e1s confes\u00f3 que ir al Mundial de Catar &quot;ser\u00eda el mayor logro&quot; de su carrera deportiva","twitter:creator":"@nbasturias","twitter:image":"https:\/\/candas365.es\/noticias\/wp-content\/uploads\/2022\/03\/futbol.jpg","twitter:label1":"Escrito por","twitter:data1":"Cand\u00e1s 365","twitter:label2":"Tiempo de lectura estimado","twitter:data2":"1 minuto"},"aioseo_meta_data":{"post_id":"161343","title":null,"description":"El delantero del RCD Espanyol Ra\u00fal de Tom\u00e1s confes\u00f3 que ir al Mundial de Catar \"ser\u00eda el mayor logro\" de su carrera deportiva","keywords":[],"keyphrases":{"focus":{"keyphrase":"Ra\u00fal de Tom\u00e1s ","score":87,"analysis":{"keyphraseInTitle":{"title":"Focus keyphrase in SEO title","description":"Focus keyphrase found in SEO title.","score":9,"maxScore":9,"error":0},"keyphraseInDescription":{"title":"Focus keyphrase in meta description","description":"Focus keyphrase found in meta description.","score":9,"maxScore":9,"error":0},"keyphraseLength":{"title":"Focus keyphrase length","description":"Good job!","score":9,"maxScore":9,"error":0,"length":3},"keyphraseInURL":[],"keyphraseInIntroduction":{"title":"Focus keyphrase in introduction","description":"Your Focus keyphrase appears in the first paragraph. Well done!","score":9,"maxScore":9,"error":0},"keyphraseInSubHeadings":[],"keyphraseInImageAlt":{"title":"Focus keyphrase in image alt attributes","description":"Focus keyphrase not found in image alt attribute(s). Add an image with your Focus keyphrase as alt text.","score":3,"maxScore":9,"error":1}}},"additional":[{"keyphrase":"Mundial de Catar","score":83,"analysis":{"keyphraseInDescription":{"title":"Keyphrase in meta description","description":"Keyphrase found in meta description.","score":9,"maxScore":9,"error":0},"keyphraseLength":{"title":"Keyphrase length","description":"Good job!","score":9,"maxScore":9,"error":0,"length":3},"keyphraseInIntroduction":{"title":"Keyphrase in introduction","description":"Your Keyphrase appears in the first paragraph. Well done!","score":9,"maxScore":9,"error":0},"keyphraseInImageAlt":{"title":"Keyphrase in image alt attributes","description":"Keyphrase not found in image alt attribute(s). Add an image with your Keyphrase as alt text.","score":3,"maxScore":9,"error":1}}}]},"primary_term":null,"canonical_url":null,"og_title":null,"og_description":null,"og_object_type":"default","og_image_type":"default","og_image_url":null,"og_image_width":null,"og_image_height":null,"og_image_custom_url":null,"og_image_custom_fields":null,"og_video":"","og_custom_url":null,"og_article_section":null,"og_article_tags":[],"twitter_use_og":false,"twitter_card":"default","twitter_image_type":"default","twitter_image_url":null,"twitter_image_custom_url":null,"twitter_image_custom_fields":null,"twitter_title":null,"twitter_description":null,"schema":{"blockGraphs":[],"customGraphs":[],"default":{"data":{"Article":[],"Course":[],"Dataset":[],"FAQPage":[],"Movie":[],"Person":[],"Product":[],"ProductReview":[],"Car":[],"Recipe":[],"Service":[],"SoftwareApplication":[],"WebPage":[]},"graphName":"","isEnabled":true},"graphs":[]},"schema_type":"default","schema_type_options":"{\"article\":{\"articleType\":\"BlogPosting\"},\"course\":{\"name\":\"\",\"description\":\"\",\"provider\":\"\"},\"faq\":{\"pages\":[]},\"product\":{\"reviews\":[]},\"recipe\":{\"ingredients\":[],\"instructions\":[],\"keywords\":[]},\"software\":{\"reviews\":[],\"operatingSystems\":[]},\"webPage\":{\"webPageType\":\"WebPage\"}}","pillar_content":false,"robots_default":true,"robots_noindex":false,"robots_noarchive":false,"robots_nosnippet":false,"robots_nofollow":false,"robots_noimageindex":false,"robots_noodp":false,"robots_notranslate":false,"robots_max_snippet":"-1","robots_max_videopreview":"-1","robots_max_imagepreview":"large","priority":null,"frequency":"default","location":null,"local_seo":null,"seo_analyzer_scan_date":"2025-09-01 06:10:18","breadcrumb_settings":null,"limit_modified_date":false,"reviewed_by":null,"open_ai":null,"ai":null,"created":"2022-03-23 15:43:46","updated":"2025-09-01 06:10:18"},"aioseo_breadcrumb":"<div class=\"aioseo-breadcrumbs\"><span class=\"aioseo-breadcrumb\">\n\t<a href=\"https:\/\/candas365.es\/noticias\" title=\"Home\">Home<\/a>\n<\/span><span class=\"aioseo-breadcrumb-separator\">&ndash;<\/span><span class=\"aioseo-breadcrumb\">\n\t<a href=\"https:\/\/candas365.es\/noticias\/category\/deporte\/\" title=\"Deporte\">Deporte<\/a>\n<\/span><span class=\"aioseo-breadcrumb-separator\">&ndash;<\/span><span class=\"aioseo-breadcrumb\">\n\tRa\u00fal de Tom\u00e1s: \u00abIr al Mundial de Catar ser\u00eda el mayor logro de mi carrera\u00bb\n<\/span><\/div>","aioseo_breadcrumb_json":[{"label":"Home","link":"https:\/\/candas365.es\/noticias"},{"label":"Deporte","link":"https:\/\/candas365.es\/noticias\/category\/deporte\/"},{"label":"Ra\u00fal de Tom\u00e1s: \u00abIr al Mundial de Catar ser\u00eda el mayor logro de mi carrera\u00bb","link":"https:\/\/candas365.es\/noticias\/raul-de-tomas-ir-al-mundial-de-catar-seria-el-mayor-logro-de-mi-carrera\/"}],"_links":{"self":[{"href":"https:\/\/candas365.es\/noticias\/wp-json\/wp\/v2\/posts\/161343","targetHints":{"allow":["GET"]}}],"collection":[{"href":"https:\/\/candas365.es\/noticias\/wp-json\/wp\/v2\/posts"}],"about":[{"href":"https:\/\/candas365.es\/noticias\/wp-json\/wp\/v2\/types\/post"}],"author":[{"embeddable":true,"href":"https:\/\/candas365.es\/noticias\/wp-json\/wp\/v2\/users\/1"}],"replies":[{"embeddable":true,"href":"https:\/\/candas365.es\/noticias\/wp-json\/wp\/v2\/comments?post=161343"}],"version-history":[{"count":0,"href":"https:\/\/candas365.es\/noticias\/wp-json\/wp\/v2\/posts\/161343\/revisions"}],"wp:featuredmedia":[{"embeddable":true,"href":"https:\/\/candas365.es\/noticias\/wp-json\/wp\/v2\/media\/161331"}],"wp:attachment":[{"href":"https:\/\/candas365.es\/noticias\/wp-json\/wp\/v2\/media?parent=161343"}],"wp:term":[{"taxonomy":"category","embeddable":true,"href":"https:\/\/candas365.es\/noticias\/wp-json\/wp\/v2\/categories?post=161343"},{"taxonomy":"post_tag","embeddable":true,"href":"https:\/\/candas365.es\/noticias\/wp-json\/wp\/v2\/tags?post=161343"}],"curies":[{"name":"wp","href":"https:\/\/api.w.org\/{rel}","templated":true}]}}