{"id":161339,"date":"2022-03-23T15:28:12","date_gmt":"2022-03-23T15:28:12","guid":{"rendered":"http:\/\/candas365.es\/noticias\/?p=161339"},"modified":"2022-03-23T15:28:12","modified_gmt":"2022-03-23T15:28:12","slug":"pogba-habla-sobre-su-lucha-contra-la-depresion","status":"publish","type":"post","link":"https:\/\/candas365.es\/noticias\/pogba-habla-sobre-su-lucha-contra-la-depresion\/","title":{"rendered":"Pogba habla sobre su lucha contra la depresi\u00f3n"},"content":{"rendered":"<p>(DPA\/EP) &#8211;\u00a0El centrocampista franc\u00e9s Paul Pogba se ha sincerado sobre su lucha contra la depresi\u00f3n, que empez\u00f3 \u00abcuando estaba con Jos\u00e9 Mourinho en el United\u00bb, tras convertirse en uno de los fichajes m\u00e1s caro de la historia en 2016.<\/p>\n<p><strong>\u00abPersonalmente, empez\u00f3 cuando estaba con Jos\u00e9 Mourinho en el Manchester United. A veces no sabes c\u00f3mo est\u00e1s, s\u00f3lo quieres aislarte y estar solo, pero son se\u00f1ales inequ\u00edvocas\u00bb, desvel\u00f3 Pogba<\/strong> en declaraciones al diario &#8216;Le Figaro&#8217; y tras haber cargado con gran parte de las cr\u00edticas por la inconsistencia de los &#8216;Diablos Rojos&#8217; en los \u00faltimos a\u00f1os.<\/p>\n<p>El franc\u00e9s, de 29 a\u00f1os, admiti\u00f3 c\u00f3mo se sent\u00eda en los momentos m\u00e1s duros de su carrera, una depresi\u00f3n de la que \u00abno hablamos\u00bb. \u00ab<strong>Te preguntas si tienes la culpa porque nunca lo has vivido en momentos de tu vida\u00bb, dijo el internacional galo en el par\u00f3n de la liga por los partidos de las selecciones nacionales<\/strong>.<\/p>\n<p>Pogba a\u00f1adi\u00f3 que la riqueza personal y la aclamaci\u00f3n que supone ser un futbolista profesional no impide que los jugadores pasen por momentos dif\u00edciles.<\/p>\n","protected":false},"excerpt":{"rendered":"<p>(DPA\/EP) &#8211;\u00a0El centrocampista franc\u00e9s Paul Pogba se ha sincerado sobre su lucha contra la depresi\u00f3n, que empez\u00f3 \u00abcuando estaba con Jos\u00e9 Mourinho en el United\u00bb, tras convertirse en uno de los fichajes m\u00e1s caro de la historia en 2016. \u00abPersonalmente, empez\u00f3 cuando estaba con Jos\u00e9 Mourinho en el Manchester United. A veces no sabes c\u00f3mo<\/p>\n","protected":false},"author":1,"featured_media":157395,"comment_status":"closed","ping_status":"closed","sticky":false,"template":"","format":"standard","meta":{"footnotes":""},"categories":[319],"tags":[387],"class_list":{"0":"post-161339","1":"post","2":"type-post","3":"status-publish","4":"format-standard","5":"has-post-thumbnail","7":"category-deporte","8":"tag-deporte"},"aioseo_notices":[],"aioseo_head":"\n\t\t<!-- All in One SEO Pro 4.9.6.2 - aioseo.com -->\n\t<meta name=\"description\" content=\"El centrocampista franc\u00e9s Paul Pogba se ha sincerado sobre su lucha contra la depresi\u00f3n, que empez\u00f3 &quot;cuando estaba con Jos\u00e9 Mourinho en el United&quot;\" \/>\n\t<meta name=\"robots\" content=\"max-image-preview:large\" \/>\n\t<meta name=\"author\" content=\"Cand\u00e1s 365\"\/>\n\t<meta name=\"google-site-verification\" content=\"UA-32230408-1\" \/>\n\t<meta name=\"msvalidate.01\" content=\"354F3CDFB2DA171B47FBE9ABF1F88D5\" \/>\n\t<meta name=\"keywords\" content=\"deporte\" \/>\n\t<link rel=\"canonical\" href=\"https:\/\/candas365.es\/noticias\/pogba-habla-sobre-su-lucha-contra-la-depresion\/\" \/>\n\t<meta name=\"generator\" content=\"All in One SEO Pro (AIOSEO) 4.9.6.2\" \/>\n\t\t<meta property=\"og:locale\" content=\"es_ES\" \/>\n\t\t<meta property=\"og:site_name\" content=\"Cand\u00e1s 365\" \/>\n\t\t<meta property=\"og:type\" content=\"article\" \/>\n\t\t<meta property=\"og:title\" content=\"Pogba habla sobre su lucha contra la depresi\u00f3n | Cand\u00e1s 365\" \/>\n\t\t<meta property=\"og:description\" content=\"El centrocampista franc\u00e9s Paul Pogba se ha sincerado sobre su lucha contra la depresi\u00f3n, que empez\u00f3 &quot;cuando estaba con Jos\u00e9 Mourinho en el United&quot;\" \/>\n\t\t<meta property=\"og:url\" content=\"https:\/\/candas365.es\/noticias\/pogba-habla-sobre-su-lucha-contra-la-depresion\/\" \/>\n\t\t<meta property=\"og:image\" content=\"https:\/\/candas365.es\/noticias\/wp-content\/uploads\/2021\/08\/futbol.jpg\" \/>\n\t\t<meta property=\"og:image:secure_url\" content=\"https:\/\/candas365.es\/noticias\/wp-content\/uploads\/2021\/08\/futbol.jpg\" \/>\n\t\t<meta property=\"og:image:width\" content=\"640\" \/>\n\t\t<meta property=\"og:image:height\" content=\"428\" \/>\n\t\t<meta property=\"article:published_time\" content=\"2022-03-23T15:28:12+00:00\" \/>\n\t\t<meta property=\"article:modified_time\" content=\"2022-03-23T15:28:12+00:00\" \/>\n\t\t<meta property=\"article:publisher\" content=\"https:\/\/www.facebook.com\/Nachofdezber\" \/>\n\t\t<meta property=\"article:author\" content=\"https:\/\/www.facebook.com\/carrenoactualidad\" \/>\n\t\t<meta name=\"twitter:card\" content=\"summary_large_image\" \/>\n\t\t<meta name=\"twitter:site\" content=\"@NabercoDigital\" \/>\n\t\t<meta name=\"twitter:title\" content=\"Pogba habla sobre su lucha contra la depresi\u00f3n | Cand\u00e1s 365\" \/>\n\t\t<meta name=\"twitter:description\" content=\"El centrocampista franc\u00e9s Paul Pogba se ha sincerado sobre su lucha contra la depresi\u00f3n, que empez\u00f3 &quot;cuando estaba con Jos\u00e9 Mourinho en el United&quot;\" \/>\n\t\t<meta name=\"twitter:creator\" content=\"@nbasturias\" \/>\n\t\t<meta name=\"twitter:image\" content=\"https:\/\/candas365.es\/noticias\/wp-content\/uploads\/2021\/08\/futbol.jpg\" \/>\n\t\t<meta name=\"twitter:label1\" content=\"Escrito por\" \/>\n\t\t<meta name=\"twitter:data1\" content=\"Cand\u00e1s 365\" \/>\n\t\t<meta name=\"twitter:label2\" content=\"Tiempo de lectura estimado\" \/>\n\t\t<meta name=\"twitter:data2\" content=\"1 minuto\" \/>\n\t\t<script type=\"application\/ld+json\" class=\"aioseo-schema\">\n\t\t\t{\"@context\":\"https:\\\/\\\/schema.org\",\"@graph\":[{\"@type\":\"BreadcrumbList\",\"@id\":\"https:\\\/\\\/candas365.es\\\/noticias\\\/pogba-habla-sobre-su-lucha-contra-la-depresion\\\/#breadcrumblist\",\"itemListElement\":[{\"@type\":\"ListItem\",\"@id\":\"https:\\\/\\\/candas365.es\\\/noticias#listItem\",\"position\":1,\"name\":\"Home\",\"item\":\"https:\\\/\\\/candas365.es\\\/noticias\",\"nextItem\":{\"@type\":\"ListItem\",\"@id\":\"https:\\\/\\\/candas365.es\\\/noticias\\\/category\\\/deporte\\\/#listItem\",\"name\":\"Deporte\"}},{\"@type\":\"ListItem\",\"@id\":\"https:\\\/\\\/candas365.es\\\/noticias\\\/category\\\/deporte\\\/#listItem\",\"position\":2,\"name\":\"Deporte\",\"item\":\"https:\\\/\\\/candas365.es\\\/noticias\\\/category\\\/deporte\\\/\",\"nextItem\":{\"@type\":\"ListItem\",\"@id\":\"https:\\\/\\\/candas365.es\\\/noticias\\\/pogba-habla-sobre-su-lucha-contra-la-depresion\\\/#listItem\",\"name\":\"Pogba habla sobre su lucha contra la depresi\\u00f3n\"},\"previousItem\":{\"@type\":\"ListItem\",\"@id\":\"https:\\\/\\\/candas365.es\\\/noticias#listItem\",\"name\":\"Home\"}},{\"@type\":\"ListItem\",\"@id\":\"https:\\\/\\\/candas365.es\\\/noticias\\\/pogba-habla-sobre-su-lucha-contra-la-depresion\\\/#listItem\",\"position\":3,\"name\":\"Pogba habla sobre su lucha contra la depresi\\u00f3n\",\"previousItem\":{\"@type\":\"ListItem\",\"@id\":\"https:\\\/\\\/candas365.es\\\/noticias\\\/category\\\/deporte\\\/#listItem\",\"name\":\"Deporte\"}}]},{\"@type\":\"NewsArticle\",\"@id\":\"https:\\\/\\\/candas365.es\\\/noticias\\\/pogba-habla-sobre-su-lucha-contra-la-depresion\\\/#newsarticle\",\"name\":\"Pogba habla sobre su lucha contra la depresi\\u00f3n | Cand\\u00e1s 365\",\"headline\":\"Pogba habla sobre su lucha contra la depresi\\u00f3n\",\"author\":{\"@id\":\"https:\\\/\\\/candas365.es\\\/noticias\\\/author\\\/admin\\\/#author\"},\"publisher\":{\"@id\":\"https:\\\/\\\/candas365.es\\\/noticias\\\/#organization\"},\"image\":{\"@type\":\"ImageObject\",\"url\":\"https:\\\/\\\/candas365.es\\\/noticias\\\/wp-content\\\/uploads\\\/2021\\\/08\\\/futbol.jpg\",\"width\":640,\"height\":428,\"caption\":\"f\\u00fatbol\"},\"datePublished\":\"2022-03-23T15:28:12+01:00\",\"dateModified\":\"2022-03-23T15:28:12+01:00\",\"inLanguage\":\"es-ES\",\"mainEntityOfPage\":{\"@id\":\"https:\\\/\\\/candas365.es\\\/noticias\\\/pogba-habla-sobre-su-lucha-contra-la-depresion\\\/#webpage\"},\"isPartOf\":{\"@id\":\"https:\\\/\\\/candas365.es\\\/noticias\\\/pogba-habla-sobre-su-lucha-contra-la-depresion\\\/#webpage\"},\"articleSection\":\"Deporte, deporte\",\"dateline\":\"Publicado el marzo 23, 2022.\"},{\"@type\":\"Organization\",\"@id\":\"https:\\\/\\\/candas365.es\\\/noticias\\\/#organization\",\"name\":\"Cand\\u00e1s 365\",\"description\":\"Cand\\u00e1s 365 es un diario digital independiente, fundado en 2012, con base en Asturias. Informamos con rigor sobre actualidad, sociedad, cultura y ocio, con una mirada local y global.\",\"url\":\"https:\\\/\\\/candas365.es\\\/noticias\\\/\",\"email\":\"info@candas365.es\",\"telephone\":\"+34652131393\",\"foundingDate\":\"2012-06-10\",\"logo\":{\"@type\":\"ImageObject\",\"url\":\"https:\\\/\\\/candas365.es\\\/noticias\\\/wp-content\\\/uploads\\\/2024\\\/09\\\/Candas-365-Redes.jpg\",\"@id\":\"https:\\\/\\\/candas365.es\\\/noticias\\\/pogba-habla-sobre-su-lucha-contra-la-depresion\\\/#organizationLogo\",\"width\":1152,\"height\":864,\"caption\":\"Cand\\u00e1s 365 Redes\"},\"image\":{\"@id\":\"https:\\\/\\\/candas365.es\\\/noticias\\\/pogba-habla-sobre-su-lucha-contra-la-depresion\\\/#organizationLogo\"},\"sameAs\":[\"https:\\\/\\\/www.facebook.com\\\/Nachofdezber\",\"https:\\\/\\\/x.com\\\/NabercoDigital\",\"https:\\\/\\\/www.instagram.com\\\/nachofdezber\\\/\",\"https:\\\/\\\/www.youtube.com\\\/channel\\\/UCZP-2wLEB9Rv6erhFmqVnvg\"],\"address\":{\"@id\":\"https:\\\/\\\/candas365.es\\\/noticias\\\/#postaladdress\",\"@type\":\"PostalAddress\",\"streetAddress\":\"san antonio 4, san antonio 4\",\"postalCode\":\"33430\",\"addressLocality\":\"Cand\\u00e1s\",\"addressRegion\":\"Asturias\",\"addressCountry\":\"ES\"}},{\"@type\":\"Person\",\"@id\":\"https:\\\/\\\/candas365.es\\\/noticias\\\/author\\\/admin\\\/#author\",\"url\":\"https:\\\/\\\/candas365.es\\\/noticias\\\/author\\\/admin\\\/\",\"name\":\"Cand\\u00e1s 365\",\"image\":{\"@type\":\"ImageObject\",\"@id\":\"https:\\\/\\\/candas365.es\\\/noticias\\\/pogba-habla-sobre-su-lucha-contra-la-depresion\\\/#authorImage\",\"url\":\"https:\\\/\\\/secure.gravatar.com\\\/avatar\\\/496a8e03d0c493ede1718b7934145dbdf8d89be1036b0eec9544e1094c9de390?s=96&d=mm&r=g\",\"width\":96,\"height\":96,\"caption\":\"Cand\\u00e1s 365\"},\"sameAs\":[\"https:\\\/\\\/www.facebook.com\\\/carrenoactualidad\",\"https:\\\/\\\/twitter.com\\\/nbasturias\",\"https:\\\/\\\/www.instagram.com\\\/nachofdezber\\\/\",\"https:\\\/\\\/www.youtube.com\\\/channel\\\/UCZP-2wLEB9Rv6erhFmqVnvg\"]},{\"@type\":\"WebPage\",\"@id\":\"https:\\\/\\\/candas365.es\\\/noticias\\\/pogba-habla-sobre-su-lucha-contra-la-depresion\\\/#webpage\",\"url\":\"https:\\\/\\\/candas365.es\\\/noticias\\\/pogba-habla-sobre-su-lucha-contra-la-depresion\\\/\",\"name\":\"Pogba habla sobre su lucha contra la depresi\\u00f3n | Cand\\u00e1s 365\",\"description\":\"El centrocampista franc\\u00e9s Paul Pogba se ha sincerado sobre su lucha contra la depresi\\u00f3n, que empez\\u00f3 \\\"cuando estaba con Jos\\u00e9 Mourinho en el United\\\"\",\"inLanguage\":\"es-ES\",\"isPartOf\":{\"@id\":\"https:\\\/\\\/candas365.es\\\/noticias\\\/#website\"},\"breadcrumb\":{\"@id\":\"https:\\\/\\\/candas365.es\\\/noticias\\\/pogba-habla-sobre-su-lucha-contra-la-depresion\\\/#breadcrumblist\"},\"author\":{\"@id\":\"https:\\\/\\\/candas365.es\\\/noticias\\\/author\\\/admin\\\/#author\"},\"creator\":{\"@id\":\"https:\\\/\\\/candas365.es\\\/noticias\\\/author\\\/admin\\\/#author\"},\"image\":{\"@type\":\"ImageObject\",\"url\":\"https:\\\/\\\/candas365.es\\\/noticias\\\/wp-content\\\/uploads\\\/2021\\\/08\\\/futbol.jpg\",\"@id\":\"https:\\\/\\\/candas365.es\\\/noticias\\\/pogba-habla-sobre-su-lucha-contra-la-depresion\\\/#mainImage\",\"width\":640,\"height\":428,\"caption\":\"f\\u00fatbol\"},\"primaryImageOfPage\":{\"@id\":\"https:\\\/\\\/candas365.es\\\/noticias\\\/pogba-habla-sobre-su-lucha-contra-la-depresion\\\/#mainImage\"},\"datePublished\":\"2022-03-23T15:28:12+01:00\",\"dateModified\":\"2022-03-23T15:28:12+01:00\"},{\"@type\":\"WebSite\",\"@id\":\"https:\\\/\\\/candas365.es\\\/noticias\\\/#website\",\"url\":\"https:\\\/\\\/candas365.es\\\/noticias\\\/\",\"name\":\"Cand\\u00e1s 365\",\"alternateName\":\"Cand\\u00e1s 365 Noticias\",\"description\":\"Actualidad desde Carre\\u00f1o para el mundo\",\"inLanguage\":\"es-ES\",\"publisher\":{\"@id\":\"https:\\\/\\\/candas365.es\\\/noticias\\\/#organization\"}}]}\n\t\t<\/script>\n\t\t<!-- All in One SEO Pro -->\r\n\t\t<title>Pogba habla sobre su lucha contra la depresi\u00f3n | Cand\u00e1s 365<\/title>\n\n","aioseo_head_json":{"title":"Pogba habla sobre su lucha contra la depresi\u00f3n | Cand\u00e1s 365","description":"El centrocampista franc\u00e9s Paul Pogba se ha sincerado sobre su lucha contra la depresi\u00f3n, que empez\u00f3 \"cuando estaba con Jos\u00e9 Mourinho en el United\"","canonical_url":"https:\/\/candas365.es\/noticias\/pogba-habla-sobre-su-lucha-contra-la-depresion\/","robots":"max-image-preview:large","keywords":"deporte","webmasterTools":{"google-site-verification":"UA-32230408-1","msvalidate.01":"354F3CDFB2DA171B47FBE9ABF1F88D5","miscellaneous":""},"schema":{"@context":"https:\/\/schema.org","@graph":[{"@type":"BreadcrumbList","@id":"https:\/\/candas365.es\/noticias\/pogba-habla-sobre-su-lucha-contra-la-depresion\/#breadcrumblist","itemListElement":[{"@type":"ListItem","@id":"https:\/\/candas365.es\/noticias#listItem","position":1,"name":"Home","item":"https:\/\/candas365.es\/noticias","nextItem":{"@type":"ListItem","@id":"https:\/\/candas365.es\/noticias\/category\/deporte\/#listItem","name":"Deporte"}},{"@type":"ListItem","@id":"https:\/\/candas365.es\/noticias\/category\/deporte\/#listItem","position":2,"name":"Deporte","item":"https:\/\/candas365.es\/noticias\/category\/deporte\/","nextItem":{"@type":"ListItem","@id":"https:\/\/candas365.es\/noticias\/pogba-habla-sobre-su-lucha-contra-la-depresion\/#listItem","name":"Pogba habla sobre su lucha contra la depresi\u00f3n"},"previousItem":{"@type":"ListItem","@id":"https:\/\/candas365.es\/noticias#listItem","name":"Home"}},{"@type":"ListItem","@id":"https:\/\/candas365.es\/noticias\/pogba-habla-sobre-su-lucha-contra-la-depresion\/#listItem","position":3,"name":"Pogba habla sobre su lucha contra la depresi\u00f3n","previousItem":{"@type":"ListItem","@id":"https:\/\/candas365.es\/noticias\/category\/deporte\/#listItem","name":"Deporte"}}]},{"@type":"NewsArticle","@id":"https:\/\/candas365.es\/noticias\/pogba-habla-sobre-su-lucha-contra-la-depresion\/#newsarticle","name":"Pogba habla sobre su lucha contra la depresi\u00f3n | Cand\u00e1s 365","headline":"Pogba habla sobre su lucha contra la depresi\u00f3n","author":{"@id":"https:\/\/candas365.es\/noticias\/author\/admin\/#author"},"publisher":{"@id":"https:\/\/candas365.es\/noticias\/#organization"},"image":{"@type":"ImageObject","url":"https:\/\/candas365.es\/noticias\/wp-content\/uploads\/2021\/08\/futbol.jpg","width":640,"height":428,"caption":"f\u00fatbol"},"datePublished":"2022-03-23T15:28:12+01:00","dateModified":"2022-03-23T15:28:12+01:00","inLanguage":"es-ES","mainEntityOfPage":{"@id":"https:\/\/candas365.es\/noticias\/pogba-habla-sobre-su-lucha-contra-la-depresion\/#webpage"},"isPartOf":{"@id":"https:\/\/candas365.es\/noticias\/pogba-habla-sobre-su-lucha-contra-la-depresion\/#webpage"},"articleSection":"Deporte, deporte","dateline":"Publicado el marzo 23, 2022."},{"@type":"Organization","@id":"https:\/\/candas365.es\/noticias\/#organization","name":"Cand\u00e1s 365","description":"Cand\u00e1s 365 es un diario digital independiente, fundado en 2012, con base en Asturias. Informamos con rigor sobre actualidad, sociedad, cultura y ocio, con una mirada local y global.","url":"https:\/\/candas365.es\/noticias\/","email":"info@candas365.es","telephone":"+34652131393","foundingDate":"2012-06-10","logo":{"@type":"ImageObject","url":"https:\/\/candas365.es\/noticias\/wp-content\/uploads\/2024\/09\/Candas-365-Redes.jpg","@id":"https:\/\/candas365.es\/noticias\/pogba-habla-sobre-su-lucha-contra-la-depresion\/#organizationLogo","width":1152,"height":864,"caption":"Cand\u00e1s 365 Redes"},"image":{"@id":"https:\/\/candas365.es\/noticias\/pogba-habla-sobre-su-lucha-contra-la-depresion\/#organizationLogo"},"sameAs":["https:\/\/www.facebook.com\/Nachofdezber","https:\/\/x.com\/NabercoDigital","https:\/\/www.instagram.com\/nachofdezber\/","https:\/\/www.youtube.com\/channel\/UCZP-2wLEB9Rv6erhFmqVnvg"],"address":{"@id":"https:\/\/candas365.es\/noticias\/#postaladdress","@type":"PostalAddress","streetAddress":"san antonio 4, san antonio 4","postalCode":"33430","addressLocality":"Cand\u00e1s","addressRegion":"Asturias","addressCountry":"ES"}},{"@type":"Person","@id":"https:\/\/candas365.es\/noticias\/author\/admin\/#author","url":"https:\/\/candas365.es\/noticias\/author\/admin\/","name":"Cand\u00e1s 365","image":{"@type":"ImageObject","@id":"https:\/\/candas365.es\/noticias\/pogba-habla-sobre-su-lucha-contra-la-depresion\/#authorImage","url":"https:\/\/secure.gravatar.com\/avatar\/496a8e03d0c493ede1718b7934145dbdf8d89be1036b0eec9544e1094c9de390?s=96&d=mm&r=g","width":96,"height":96,"caption":"Cand\u00e1s 365"},"sameAs":["https:\/\/www.facebook.com\/carrenoactualidad","https:\/\/twitter.com\/nbasturias","https:\/\/www.instagram.com\/nachofdezber\/","https:\/\/www.youtube.com\/channel\/UCZP-2wLEB9Rv6erhFmqVnvg"]},{"@type":"WebPage","@id":"https:\/\/candas365.es\/noticias\/pogba-habla-sobre-su-lucha-contra-la-depresion\/#webpage","url":"https:\/\/candas365.es\/noticias\/pogba-habla-sobre-su-lucha-contra-la-depresion\/","name":"Pogba habla sobre su lucha contra la depresi\u00f3n | Cand\u00e1s 365","description":"El centrocampista franc\u00e9s Paul Pogba se ha sincerado sobre su lucha contra la depresi\u00f3n, que empez\u00f3 \"cuando estaba con Jos\u00e9 Mourinho en el United\"","inLanguage":"es-ES","isPartOf":{"@id":"https:\/\/candas365.es\/noticias\/#website"},"breadcrumb":{"@id":"https:\/\/candas365.es\/noticias\/pogba-habla-sobre-su-lucha-contra-la-depresion\/#breadcrumblist"},"author":{"@id":"https:\/\/candas365.es\/noticias\/author\/admin\/#author"},"creator":{"@id":"https:\/\/candas365.es\/noticias\/author\/admin\/#author"},"image":{"@type":"ImageObject","url":"https:\/\/candas365.es\/noticias\/wp-content\/uploads\/2021\/08\/futbol.jpg","@id":"https:\/\/candas365.es\/noticias\/pogba-habla-sobre-su-lucha-contra-la-depresion\/#mainImage","width":640,"height":428,"caption":"f\u00fatbol"},"primaryImageOfPage":{"@id":"https:\/\/candas365.es\/noticias\/pogba-habla-sobre-su-lucha-contra-la-depresion\/#mainImage"},"datePublished":"2022-03-23T15:28:12+01:00","dateModified":"2022-03-23T15:28:12+01:00"},{"@type":"WebSite","@id":"https:\/\/candas365.es\/noticias\/#website","url":"https:\/\/candas365.es\/noticias\/","name":"Cand\u00e1s 365","alternateName":"Cand\u00e1s 365 Noticias","description":"Actualidad desde Carre\u00f1o para el mundo","inLanguage":"es-ES","publisher":{"@id":"https:\/\/candas365.es\/noticias\/#organization"}}]},"og:locale":"es_ES","og:site_name":"Cand\u00e1s 365","og:type":"article","og:title":"Pogba habla sobre su lucha contra la depresi\u00f3n | Cand\u00e1s 365","og:description":"El centrocampista franc\u00e9s Paul Pogba se ha sincerado sobre su lucha contra la depresi\u00f3n, que empez\u00f3 &quot;cuando estaba con Jos\u00e9 Mourinho en el United&quot;","og:url":"https:\/\/candas365.es\/noticias\/pogba-habla-sobre-su-lucha-contra-la-depresion\/","og:image":"https:\/\/candas365.es\/noticias\/wp-content\/uploads\/2021\/08\/futbol.jpg","og:image:secure_url":"https:\/\/candas365.es\/noticias\/wp-content\/uploads\/2021\/08\/futbol.jpg","og:image:width":640,"og:image:height":428,"article:published_time":"2022-03-23T15:28:12+00:00","article:modified_time":"2022-03-23T15:28:12+00:00","article:publisher":"https:\/\/www.facebook.com\/Nachofdezber","article:author":"https:\/\/www.facebook.com\/carrenoactualidad","twitter:card":"summary_large_image","twitter:site":"@NabercoDigital","twitter:title":"Pogba habla sobre su lucha contra la depresi\u00f3n | Cand\u00e1s 365","twitter:description":"El centrocampista franc\u00e9s Paul Pogba se ha sincerado sobre su lucha contra la depresi\u00f3n, que empez\u00f3 &quot;cuando estaba con Jos\u00e9 Mourinho en el United&quot;","twitter:creator":"@nbasturias","twitter:image":"https:\/\/candas365.es\/noticias\/wp-content\/uploads\/2021\/08\/futbol.jpg","twitter:label1":"Escrito por","twitter:data1":"Cand\u00e1s 365","twitter:label2":"Tiempo de lectura estimado","twitter:data2":"1 minuto"},"aioseo_meta_data":{"post_id":"161339","title":null,"description":"El centrocampista franc\u00e9s Paul Pogba se ha sincerado sobre su lucha contra la depresi\u00f3n, que empez\u00f3 \"cuando estaba con Jos\u00e9 Mourinho en el United\"","keywords":[],"keyphrases":{"focus":{"keyphrase":"Pogba","score":100,"analysis":{"keyphraseInTitle":{"title":"Focus keyphrase in SEO title","description":"Focus keyphrase found in SEO title.","score":9,"maxScore":9,"error":0},"keyphraseInDescription":{"title":"Focus keyphrase in meta description","description":"Focus keyphrase found in meta description.","score":9,"maxScore":9,"error":0},"keyphraseLength":{"title":"Focus keyphrase length","description":"Good job!","score":9,"maxScore":9,"error":0,"length":1},"keyphraseInURL":[],"keyphraseInIntroduction":{"title":"Focus keyphrase in introduction","description":"Your Focus keyphrase appears in the first paragraph. Well done!","score":9,"maxScore":9,"error":0},"keyphraseInSubHeadings":[],"keyphraseInImageAlt":[]}},"additional":[]},"primary_term":null,"canonical_url":null,"og_title":null,"og_description":null,"og_object_type":"default","og_image_type":"default","og_image_url":null,"og_image_width":null,"og_image_height":null,"og_image_custom_url":null,"og_image_custom_fields":null,"og_video":"","og_custom_url":null,"og_article_section":null,"og_article_tags":[],"twitter_use_og":false,"twitter_card":"default","twitter_image_type":"default","twitter_image_url":null,"twitter_image_custom_url":null,"twitter_image_custom_fields":null,"twitter_title":null,"twitter_description":null,"schema":{"blockGraphs":[],"customGraphs":[],"default":{"data":{"Article":[],"Course":[],"Dataset":[],"FAQPage":[],"Movie":[],"Person":[],"Product":[],"ProductReview":[],"Car":[],"Recipe":[],"Service":[],"SoftwareApplication":[],"WebPage":[]},"graphName":"","isEnabled":true},"graphs":[],"defaultGraph":"Article","defaultPostTypeGraph":""},"schema_type":"default","schema_type_options":"{\"article\":{\"articleType\":\"BlogPosting\"},\"course\":{\"name\":\"\",\"description\":\"\",\"provider\":\"\"},\"faq\":{\"pages\":[]},\"product\":{\"reviews\":[]},\"recipe\":{\"ingredients\":[],\"instructions\":[],\"keywords\":[]},\"software\":{\"reviews\":[],\"operatingSystems\":[]},\"webPage\":{\"webPageType\":\"WebPage\"}}","pillar_content":false,"robots_default":true,"robots_noindex":false,"robots_noarchive":false,"robots_nosnippet":false,"robots_nofollow":false,"robots_noimageindex":false,"robots_noodp":false,"robots_notranslate":false,"robots_max_snippet":"-1","robots_max_videopreview":"-1","robots_max_imagepreview":"large","priority":null,"frequency":"default","location":null,"local_seo":null,"seo_analyzer_scan_date":"2025-09-01 06:10:15","breadcrumb_settings":null,"limit_modified_date":false,"reviewed_by":null,"open_ai":null,"ai":null,"created":"2022-03-23 15:26:18","updated":"2025-09-01 06:10:15"},"aioseo_breadcrumb":"<div class=\"aioseo-breadcrumbs\"><span class=\"aioseo-breadcrumb\">\n\t<a href=\"https:\/\/candas365.es\/noticias\" title=\"Home\">Home<\/a>\n<\/span><span class=\"aioseo-breadcrumb-separator\">&ndash;<\/span><span class=\"aioseo-breadcrumb\">\n\t<a href=\"https:\/\/candas365.es\/noticias\/category\/deporte\/\" title=\"Deporte\">Deporte<\/a>\n<\/span><span class=\"aioseo-breadcrumb-separator\">&ndash;<\/span><span class=\"aioseo-breadcrumb\">\n\tPogba habla sobre su lucha contra la depresi\u00f3n\n<\/span><\/div>","aioseo_breadcrumb_json":[{"label":"Home","link":"https:\/\/candas365.es\/noticias"},{"label":"Deporte","link":"https:\/\/candas365.es\/noticias\/category\/deporte\/"},{"label":"Pogba habla sobre su lucha contra la depresi\u00f3n","link":"https:\/\/candas365.es\/noticias\/pogba-habla-sobre-su-lucha-contra-la-depresion\/"}],"_links":{"self":[{"href":"https:\/\/candas365.es\/noticias\/wp-json\/wp\/v2\/posts\/161339","targetHints":{"allow":["GET"]}}],"collection":[{"href":"https:\/\/candas365.es\/noticias\/wp-json\/wp\/v2\/posts"}],"about":[{"href":"https:\/\/candas365.es\/noticias\/wp-json\/wp\/v2\/types\/post"}],"author":[{"embeddable":true,"href":"https:\/\/candas365.es\/noticias\/wp-json\/wp\/v2\/users\/1"}],"replies":[{"embeddable":true,"href":"https:\/\/candas365.es\/noticias\/wp-json\/wp\/v2\/comments?post=161339"}],"version-history":[{"count":0,"href":"https:\/\/candas365.es\/noticias\/wp-json\/wp\/v2\/posts\/161339\/revisions"}],"wp:featuredmedia":[{"embeddable":true,"href":"https:\/\/candas365.es\/noticias\/wp-json\/wp\/v2\/media\/157395"}],"wp:attachment":[{"href":"https:\/\/candas365.es\/noticias\/wp-json\/wp\/v2\/media?parent=161339"}],"wp:term":[{"taxonomy":"category","embeddable":true,"href":"https:\/\/candas365.es\/noticias\/wp-json\/wp\/v2\/categories?post=161339"},{"taxonomy":"post_tag","embeddable":true,"href":"https:\/\/candas365.es\/noticias\/wp-json\/wp\/v2\/tags?post=161339"}],"curies":[{"name":"wp","href":"https:\/\/api.w.org\/{rel}","templated":true}]}}