{"id":161256,"date":"2022-03-17T17:13:39","date_gmt":"2022-03-17T17:13:39","guid":{"rendered":"http:\/\/candas365.es\/noticias\/?p=161256"},"modified":"2022-03-17T17:13:39","modified_gmt":"2022-03-17T17:13:39","slug":"zelenski-rusia-esta-construyendo-un-muro-en-europa","status":"publish","type":"post","link":"https:\/\/candas365.es\/noticias\/zelenski-rusia-esta-construyendo-un-muro-en-europa\/","title":{"rendered":"Zelenski: Rusia est\u00e1 construyendo un \u00abmuro\u00bb en Europa"},"content":{"rendered":"<p>Berl\u00edn, 17 mar (dpa) &#8211; El presidente ucraniano, <a href=\"https:\/\/twitter.com\/ZelenskyyUa\" target=\"_blank\" rel=\"noopener\"><span style=\"color: #ff6600;\"><strong>Volod\u00edmir Zelenski<\/strong><\/span><\/a>, afirm\u00f3 hoy ante el Parlamento alem\u00e1n que <span style=\"color: #ff6600;\"><a style=\"color: #ff6600;\" href=\"https:\/\/www.eldigitaldeasturias.com\/noticias\/tag\/rusia\/\" target=\"_blank\" rel=\"noopener\"><strong>Rusia<\/strong><\/a><\/span> est\u00e1 construyendo un \u00abmuro\u00bb en Europa que amenaza con dividir de nuevo el continente y pidi\u00f3 un mayor apoyo de Berl\u00edn.<\/p>\n<figure id=\"attachment_161257\" aria-describedby=\"caption-attachment-161257\" style=\"width: 650px\" class=\"wp-caption aligncenter\"><img fetchpriority=\"high\" decoding=\"async\" class=\"wp-image-161257 size-large\" src=\"https:\/\/candas365.es\/noticias\/wp-content\/uploads\/2022\/03\/Zelenski-650x432.jpg\" alt=\"Zelenski\" width=\"650\" height=\"432\" srcset=\"https:\/\/candas365.es\/noticias\/wp-content\/uploads\/2022\/03\/Zelenski-650x432.jpg 650w, https:\/\/candas365.es\/noticias\/wp-content\/uploads\/2022\/03\/Zelenski-360x240.jpg 360w, https:\/\/candas365.es\/noticias\/wp-content\/uploads\/2022\/03\/Zelenski-768x511.jpg 768w, https:\/\/candas365.es\/noticias\/wp-content\/uploads\/2022\/03\/Zelenski-150x100.jpg 150w, https:\/\/candas365.es\/noticias\/wp-content\/uploads\/2022\/03\/Zelenski-450x299.jpg 450w, https:\/\/candas365.es\/noticias\/wp-content\/uploads\/2022\/03\/Zelenski.jpg 980w\" sizes=\"(max-width: 650px) 100vw, 650px\" \/><figcaption id=\"caption-attachment-161257\" class=\"wp-caption-text\">El presidente de Ucrania, Volod\u00edmir Zelenski, en su discurso ante el Parlamento alem\u00e1n. Foto: Michael Kappeler\/dpa<\/figcaption><\/figure>\n<p>\u00abDe alguna manera, (ustedes) est\u00e1n de nuevo detr\u00e1s del muro, no del muro de Berl\u00edn, sino en medio de Europa, donde hay libertad. Y este muro es m\u00e1s fuerte con cada bomba que cae en nuestro suelo en Ucrania\u00bb, se lament\u00f3 en un discurso transmitido en vivo por v\u00eddeo al recinto del Reichstag de la capital germana.<\/p>\n<blockquote><p>Zelenski compar\u00f3 la actual situaci\u00f3n con la Guerra Fr\u00eda y una Europa dividida entre los que disfrutan de la libertad, como los alemanes, y los que sufren bajo la tiran\u00eda.<\/p><\/blockquote>\n<p>Hizo tambi\u00e9n referencia al famoso llamamiento del presidente estadounidense Ronald Reagan al l\u00edder sovi\u00e9tico Mijail Gorbachov para \u00abderribar\u00bb el Muro de Berl\u00edn.<\/p>\n<p>\u00abQuerido canciller Scholz, destruya este muro. D\u00e9 a Alemania el papel de liderazgo que se merece\u00bb, urgi\u00f3 Zelenski al jefe de gobierno germano, el socialdem\u00f3crata Olaf Scholz.<\/p>\n<p>A trav\u00e9s de una traductora, Zelenski inst\u00f3 a Berl\u00edn a apoyar el intento de Ucrania de convertirse en miembro de la Uni\u00f3n Europea, al tiempo que critic\u00f3 al Gobierno alem\u00e1n por retrasar la imposici\u00f3n de sanciones a Rusia.<\/p>\n<p>Zelenski fue particularmente cr\u00edtico sobre la cancelaci\u00f3n del Nord Stream 2, un pol\u00e9mico gasoducto de gas natural de Rusia a Alemania, afirmando que hab\u00eda llegado demasiado tarde.<\/p>\n<p>Asimismo sostuvo que los m\u00faltiples llamamientos ucranianos para que se abandonara el proyecto en el periodo previo a la invasi\u00f3n rusa hab\u00edan recibido la respuesta: \u00abeconom\u00eda, econom\u00eda, econom\u00eda\u00bb.<\/p>\n<p><a href=\"https:\/\/candas365.es\/noticias\/tag\/alemania\/\"><span style=\"color: #ff6600;\"><strong>Alemania<\/strong><\/span><\/a> <strong>suspendi\u00f3 el proceso de aprobaci\u00f3n del Nord Stream 2 despu\u00e9s de que Rusia reconociera formalmente la independencia de las provincias escindidas del este de Ucrania<\/strong>, en un paso previo al ataque a gran escala contra el pa\u00eds.<\/p>\n<p>En su m\u00e1s reciente discurso ante un Parlamento occidental, tras apariciones similares en v\u00eddeo ante el Congreso de Estados Unidos y el Parlamento Europeo, Zelenski denunci\u00f3 los ataques rusos contra objetivos civiles en su pa\u00eds y dijo que Rusia no distingue entre objetivos militares y civiles.<\/p>\n<p>\u00abRusia est\u00e1 bombardeando nuestras ciudades y destruyendo todo lo que hay en Ucrania. Son casas, hospitales, escuelas, iglesias, todo. Con misiles, con bombas a\u00e9reas, con artiller\u00eda. En tres semanas han muerto muchos ucranianos, miles. Los ocupantes han matado a 108 ni\u00f1os, en plena Europa, en el a\u00f1o 2022\u00bb.<\/p>\n<blockquote><p>Aludiendo de nuevo al turbulento siglo XX de Alemania, a\u00f1adi\u00f3: \u00abUna vez m\u00e1s, en Europa, alguien intenta aniquilar a todo un pueblo\u00bb.<\/p><\/blockquote>\n<p>Scholz, por su parte, prometi\u00f3 m\u00e1s apoyo al tiempo que volvi\u00f3 a rechazar una intervenci\u00f3n de la alianza militar OTAN en el conflicto. Durante una reuni\u00f3n con el secretario general de la OTAN, Jens Stoltenberg, Scholz destac\u00f3 que actualmente se est\u00e1 respaldando a Ucrania con el env\u00edo de armas.<\/p>\n<p>\u00abAlemania est\u00e1 haciendo su contribuci\u00f3n y seguir\u00e1 haci\u00e9ndolo\u00bb, asegur\u00f3 el canciller germano. Sin embargo, tambi\u00e9n reiter\u00f3 que \u00abla OTAN no intervendr\u00e1 militarmente en esta guerra\u00bb.<\/p>\n<p>El Bundestag volvi\u00f3 a su orden del d\u00eda habitual sin interrupci\u00f3n tras escuchar a Zelenski, algo por lo que los partidos de la oposici\u00f3n criticaron duramente al gobierno. La vicepresidenta del Parlamento Katrin G\u00f6ring-Eckardt, de Los Verdes, fue abucheada cuando tras el discurso se dirigi\u00f3 a dos diputados para desearles un feliz cumplea\u00f1os.<\/p>\n<p>Los democristianos se quejaron de que los partidos gobernantes -los socialdem\u00f3cratas de Scholz, Los Verdes y el Partido Liberal- bloquearon su petici\u00f3n de celebrar un debate especial sobre la crisis de Ucrania despu\u00e9s de la intervenci\u00f3n de Zelenski.<\/p>\n<p>\u00abHa sido el momento m\u00e1s indigno que he vivido en el Bundestag\u00bb, escribi\u00f3 en Twitter Norbert R\u00f6ttgen, experto en pol\u00edtica exterior de la Uni\u00f3n Dem\u00f3crata Cristiana (CDU), mientras que el l\u00edder del partido, Friedrich Merz, calific\u00f3 la medida de \u00abtotalmente inapropiada\u00bb.<\/p>\n<p>Destacados pol\u00edticos del oficialismo defendieron su posici\u00f3n. \u00abNosotros, la coalici\u00f3n (&#8230;), estamos convencidos de que las palabras del presidente ucraniano hablan por s\u00ed solas. Se merecen que se les preste atenci\u00f3n\u00bb, dijo la socialdem\u00f3crata Katja Mast.<\/p>\n","protected":false},"excerpt":{"rendered":"<p>Berl\u00edn, 17 mar (dpa) &#8211; El presidente ucraniano, Volod\u00edmir Zelenski, afirm\u00f3 hoy ante el Parlamento alem\u00e1n que Rusia est\u00e1 construyendo un \u00abmuro\u00bb en Europa que amenaza con dividir de nuevo el continente y pidi\u00f3 un mayor apoyo de Berl\u00edn. \u00abDe alguna manera, (ustedes) est\u00e1n de nuevo detr\u00e1s del muro, no del muro de Berl\u00edn, sino<\/p>\n","protected":false},"author":1,"featured_media":161257,"comment_status":"closed","ping_status":"closed","sticky":false,"template":"","format":"standard","meta":{"footnotes":""},"categories":[343,316],"tags":[417,418,462],"class_list":{"0":"post-161256","1":"post","2":"type-post","3":"status-publish","4":"format-standard","5":"has-post-thumbnail","7":"category-actualidad","8":"category-destacadas","9":"tag-alemania","10":"tag-internacional","11":"tag-ucrania"},"aioseo_notices":[],"aioseo_head":"\n\t\t<!-- All in One SEO Pro 4.9.6.2 - aioseo.com -->\n\t<meta name=\"description\" content=\"El presidente ucraniano, Volod\u00edmir Zelenski, afirm\u00f3 hoy ante el Parlamento alem\u00e1n que Rusia est\u00e1 construyendo un &quot;muro&quot; en Europa que amenaza\" \/>\n\t<meta name=\"robots\" content=\"max-image-preview:large\" \/>\n\t<meta name=\"author\" content=\"Cand\u00e1s 365\"\/>\n\t<meta name=\"google-site-verification\" content=\"UA-32230408-1\" \/>\n\t<meta name=\"msvalidate.01\" content=\"354F3CDFB2DA171B47FBE9ABF1F88D5\" \/>\n\t<meta name=\"keywords\" content=\"actualidad,destacadas\" \/>\n\t<link rel=\"canonical\" href=\"https:\/\/candas365.es\/noticias\/zelenski-rusia-esta-construyendo-un-muro-en-europa\/\" \/>\n\t<meta name=\"generator\" content=\"All in One SEO Pro (AIOSEO) 4.9.6.2\" \/>\n\t\t<meta property=\"og:locale\" content=\"es_ES\" \/>\n\t\t<meta property=\"og:site_name\" content=\"Cand\u00e1s 365\" \/>\n\t\t<meta property=\"og:type\" content=\"article\" \/>\n\t\t<meta property=\"og:title\" content=\"Zelenski: Rusia est\u00e1 construyendo un \u00abmuro\u00bb en Europa | Cand\u00e1s 365\" \/>\n\t\t<meta property=\"og:description\" content=\"El presidente ucraniano, Volod\u00edmir Zelenski, afirm\u00f3 hoy ante el Parlamento alem\u00e1n que Rusia est\u00e1 construyendo un &quot;muro&quot; en Europa que amenaza\" \/>\n\t\t<meta property=\"og:url\" content=\"https:\/\/candas365.es\/noticias\/zelenski-rusia-esta-construyendo-un-muro-en-europa\/\" \/>\n\t\t<meta property=\"og:image\" content=\"https:\/\/candas365.es\/noticias\/wp-content\/uploads\/2022\/03\/Zelenski.jpg\" \/>\n\t\t<meta property=\"og:image:secure_url\" content=\"https:\/\/candas365.es\/noticias\/wp-content\/uploads\/2022\/03\/Zelenski.jpg\" \/>\n\t\t<meta property=\"og:image:width\" content=\"980\" \/>\n\t\t<meta property=\"og:image:height\" content=\"652\" \/>\n\t\t<meta property=\"article:published_time\" content=\"2022-03-17T17:13:39+00:00\" \/>\n\t\t<meta property=\"article:modified_time\" content=\"2022-03-17T17:13:39+00:00\" \/>\n\t\t<meta property=\"article:publisher\" content=\"https:\/\/www.facebook.com\/Nachofdezber\" \/>\n\t\t<meta property=\"article:author\" content=\"https:\/\/www.facebook.com\/carrenoactualidad\" \/>\n\t\t<meta name=\"twitter:card\" content=\"summary_large_image\" \/>\n\t\t<meta name=\"twitter:site\" content=\"@NabercoDigital\" \/>\n\t\t<meta name=\"twitter:title\" content=\"Zelenski: Rusia est\u00e1 construyendo un \u00abmuro\u00bb en Europa | Cand\u00e1s 365\" \/>\n\t\t<meta name=\"twitter:description\" content=\"El presidente ucraniano, Volod\u00edmir Zelenski, afirm\u00f3 hoy ante el Parlamento alem\u00e1n que Rusia est\u00e1 construyendo un &quot;muro&quot; en Europa que amenaza\" \/>\n\t\t<meta name=\"twitter:creator\" content=\"@nbasturias\" \/>\n\t\t<meta name=\"twitter:image\" content=\"https:\/\/candas365.es\/noticias\/wp-content\/uploads\/2022\/03\/Zelenski.jpg\" \/>\n\t\t<meta name=\"twitter:label1\" content=\"Escrito por\" \/>\n\t\t<meta name=\"twitter:data1\" content=\"Cand\u00e1s 365\" \/>\n\t\t<meta name=\"twitter:label2\" content=\"Tiempo de lectura estimado\" \/>\n\t\t<meta name=\"twitter:data2\" content=\"4 minutos\" \/>\n\t\t<script type=\"application\/ld+json\" class=\"aioseo-schema\">\n\t\t\t{\"@context\":\"https:\\\/\\\/schema.org\",\"@graph\":[{\"@type\":\"BreadcrumbList\",\"@id\":\"https:\\\/\\\/candas365.es\\\/noticias\\\/zelenski-rusia-esta-construyendo-un-muro-en-europa\\\/#breadcrumblist\",\"itemListElement\":[{\"@type\":\"ListItem\",\"@id\":\"https:\\\/\\\/candas365.es\\\/noticias#listItem\",\"position\":1,\"name\":\"Home\",\"item\":\"https:\\\/\\\/candas365.es\\\/noticias\",\"nextItem\":{\"@type\":\"ListItem\",\"@id\":\"https:\\\/\\\/candas365.es\\\/noticias\\\/category\\\/destacadas\\\/#listItem\",\"name\":\"Destacadas\"}},{\"@type\":\"ListItem\",\"@id\":\"https:\\\/\\\/candas365.es\\\/noticias\\\/category\\\/destacadas\\\/#listItem\",\"position\":2,\"name\":\"Destacadas\",\"item\":\"https:\\\/\\\/candas365.es\\\/noticias\\\/category\\\/destacadas\\\/\",\"nextItem\":{\"@type\":\"ListItem\",\"@id\":\"https:\\\/\\\/candas365.es\\\/noticias\\\/zelenski-rusia-esta-construyendo-un-muro-en-europa\\\/#listItem\",\"name\":\"Zelenski: Rusia est\\u00e1 construyendo un \\u00abmuro\\u00bb en Europa\"},\"previousItem\":{\"@type\":\"ListItem\",\"@id\":\"https:\\\/\\\/candas365.es\\\/noticias#listItem\",\"name\":\"Home\"}},{\"@type\":\"ListItem\",\"@id\":\"https:\\\/\\\/candas365.es\\\/noticias\\\/zelenski-rusia-esta-construyendo-un-muro-en-europa\\\/#listItem\",\"position\":3,\"name\":\"Zelenski: Rusia est\\u00e1 construyendo un \\u00abmuro\\u00bb en Europa\",\"previousItem\":{\"@type\":\"ListItem\",\"@id\":\"https:\\\/\\\/candas365.es\\\/noticias\\\/category\\\/destacadas\\\/#listItem\",\"name\":\"Destacadas\"}}]},{\"@type\":\"NewsArticle\",\"@id\":\"https:\\\/\\\/candas365.es\\\/noticias\\\/zelenski-rusia-esta-construyendo-un-muro-en-europa\\\/#newsarticle\",\"name\":\"Zelenski: Rusia est\\u00e1 construyendo un \\u00abmuro\\u00bb en Europa | Cand\\u00e1s 365\",\"headline\":\"Zelenski: Rusia est\\u00e1 construyendo un \\u00abmuro\\u00bb en Europa\",\"author\":{\"@id\":\"https:\\\/\\\/candas365.es\\\/noticias\\\/author\\\/admin\\\/#author\"},\"publisher\":{\"@id\":\"https:\\\/\\\/candas365.es\\\/noticias\\\/#organization\"},\"image\":{\"@type\":\"ImageObject\",\"url\":\"https:\\\/\\\/candas365.es\\\/noticias\\\/wp-content\\\/uploads\\\/2022\\\/03\\\/Zelenski.jpg\",\"width\":980,\"height\":652,\"caption\":\"El presidente de Ucrania, Volod\\u00edmir Zelenski, en su discurso ante el Parlamento alem\\u00e1n. Foto: Michael Kappeler\\\/dpa\"},\"datePublished\":\"2022-03-17T17:13:39+01:00\",\"dateModified\":\"2022-03-17T17:13:39+01:00\",\"inLanguage\":\"es-ES\",\"mainEntityOfPage\":{\"@id\":\"https:\\\/\\\/candas365.es\\\/noticias\\\/zelenski-rusia-esta-construyendo-un-muro-en-europa\\\/#webpage\"},\"isPartOf\":{\"@id\":\"https:\\\/\\\/candas365.es\\\/noticias\\\/zelenski-rusia-esta-construyendo-un-muro-en-europa\\\/#webpage\"},\"articleSection\":\"Actualidad, Destacadas, Alemania, Internacional, Ucrania\",\"dateline\":\"Publicado el marzo 17, 2022.\"},{\"@type\":\"Organization\",\"@id\":\"https:\\\/\\\/candas365.es\\\/noticias\\\/#organization\",\"name\":\"Cand\\u00e1s 365\",\"description\":\"Cand\\u00e1s 365 es un diario digital independiente, fundado en 2012, con base en Asturias. Informamos con rigor sobre actualidad, sociedad, cultura y ocio, con una mirada local y global.\",\"url\":\"https:\\\/\\\/candas365.es\\\/noticias\\\/\",\"email\":\"info@candas365.es\",\"telephone\":\"+34652131393\",\"foundingDate\":\"2012-06-10\",\"logo\":{\"@type\":\"ImageObject\",\"url\":\"https:\\\/\\\/candas365.es\\\/noticias\\\/wp-content\\\/uploads\\\/2024\\\/09\\\/Candas-365-Redes.jpg\",\"@id\":\"https:\\\/\\\/candas365.es\\\/noticias\\\/zelenski-rusia-esta-construyendo-un-muro-en-europa\\\/#organizationLogo\",\"width\":1152,\"height\":864,\"caption\":\"Cand\\u00e1s 365 Redes\"},\"image\":{\"@id\":\"https:\\\/\\\/candas365.es\\\/noticias\\\/zelenski-rusia-esta-construyendo-un-muro-en-europa\\\/#organizationLogo\"},\"sameAs\":[\"https:\\\/\\\/www.facebook.com\\\/Nachofdezber\",\"https:\\\/\\\/x.com\\\/NabercoDigital\",\"https:\\\/\\\/www.instagram.com\\\/nachofdezber\\\/\",\"https:\\\/\\\/www.youtube.com\\\/channel\\\/UCZP-2wLEB9Rv6erhFmqVnvg\"],\"address\":{\"@id\":\"https:\\\/\\\/candas365.es\\\/noticias\\\/#postaladdress\",\"@type\":\"PostalAddress\",\"streetAddress\":\"san antonio 4, san antonio 4\",\"postalCode\":\"33430\",\"addressLocality\":\"Cand\\u00e1s\",\"addressRegion\":\"Asturias\",\"addressCountry\":\"ES\"}},{\"@type\":\"Person\",\"@id\":\"https:\\\/\\\/candas365.es\\\/noticias\\\/author\\\/admin\\\/#author\",\"url\":\"https:\\\/\\\/candas365.es\\\/noticias\\\/author\\\/admin\\\/\",\"name\":\"Cand\\u00e1s 365\",\"image\":{\"@type\":\"ImageObject\",\"@id\":\"https:\\\/\\\/candas365.es\\\/noticias\\\/zelenski-rusia-esta-construyendo-un-muro-en-europa\\\/#authorImage\",\"url\":\"https:\\\/\\\/secure.gravatar.com\\\/avatar\\\/496a8e03d0c493ede1718b7934145dbdf8d89be1036b0eec9544e1094c9de390?s=96&d=mm&r=g\",\"width\":96,\"height\":96,\"caption\":\"Cand\\u00e1s 365\"},\"sameAs\":[\"https:\\\/\\\/www.facebook.com\\\/carrenoactualidad\",\"https:\\\/\\\/twitter.com\\\/nbasturias\",\"https:\\\/\\\/www.instagram.com\\\/nachofdezber\\\/\",\"https:\\\/\\\/www.youtube.com\\\/channel\\\/UCZP-2wLEB9Rv6erhFmqVnvg\"]},{\"@type\":\"WebPage\",\"@id\":\"https:\\\/\\\/candas365.es\\\/noticias\\\/zelenski-rusia-esta-construyendo-un-muro-en-europa\\\/#webpage\",\"url\":\"https:\\\/\\\/candas365.es\\\/noticias\\\/zelenski-rusia-esta-construyendo-un-muro-en-europa\\\/\",\"name\":\"Zelenski: Rusia est\\u00e1 construyendo un \\u00abmuro\\u00bb en Europa | Cand\\u00e1s 365\",\"description\":\"El presidente ucraniano, Volod\\u00edmir Zelenski, afirm\\u00f3 hoy ante el Parlamento alem\\u00e1n que Rusia est\\u00e1 construyendo un \\\"muro\\\" en Europa que amenaza\",\"inLanguage\":\"es-ES\",\"isPartOf\":{\"@id\":\"https:\\\/\\\/candas365.es\\\/noticias\\\/#website\"},\"breadcrumb\":{\"@id\":\"https:\\\/\\\/candas365.es\\\/noticias\\\/zelenski-rusia-esta-construyendo-un-muro-en-europa\\\/#breadcrumblist\"},\"author\":{\"@id\":\"https:\\\/\\\/candas365.es\\\/noticias\\\/author\\\/admin\\\/#author\"},\"creator\":{\"@id\":\"https:\\\/\\\/candas365.es\\\/noticias\\\/author\\\/admin\\\/#author\"},\"image\":{\"@type\":\"ImageObject\",\"url\":\"https:\\\/\\\/candas365.es\\\/noticias\\\/wp-content\\\/uploads\\\/2022\\\/03\\\/Zelenski.jpg\",\"@id\":\"https:\\\/\\\/candas365.es\\\/noticias\\\/zelenski-rusia-esta-construyendo-un-muro-en-europa\\\/#mainImage\",\"width\":980,\"height\":652,\"caption\":\"El presidente de Ucrania, Volod\\u00edmir Zelenski, en su discurso ante el Parlamento alem\\u00e1n. Foto: Michael Kappeler\\\/dpa\"},\"primaryImageOfPage\":{\"@id\":\"https:\\\/\\\/candas365.es\\\/noticias\\\/zelenski-rusia-esta-construyendo-un-muro-en-europa\\\/#mainImage\"},\"datePublished\":\"2022-03-17T17:13:39+01:00\",\"dateModified\":\"2022-03-17T17:13:39+01:00\"},{\"@type\":\"WebSite\",\"@id\":\"https:\\\/\\\/candas365.es\\\/noticias\\\/#website\",\"url\":\"https:\\\/\\\/candas365.es\\\/noticias\\\/\",\"name\":\"Cand\\u00e1s 365\",\"alternateName\":\"Cand\\u00e1s 365 Noticias\",\"description\":\"Actualidad desde Carre\\u00f1o para el mundo\",\"inLanguage\":\"es-ES\",\"publisher\":{\"@id\":\"https:\\\/\\\/candas365.es\\\/noticias\\\/#organization\"}}]}\n\t\t<\/script>\n\t\t<!-- All in One SEO Pro -->\r\n\t\t<title>Zelenski: Rusia est\u00e1 construyendo un \u00abmuro\u00bb en Europa | Cand\u00e1s 365<\/title>\n\n","aioseo_head_json":{"title":"Zelenski: Rusia est\u00e1 construyendo un \u00abmuro\u00bb en Europa | Cand\u00e1s 365","description":"El presidente ucraniano, Volod\u00edmir Zelenski, afirm\u00f3 hoy ante el Parlamento alem\u00e1n que Rusia est\u00e1 construyendo un \"muro\" en Europa que amenaza","canonical_url":"https:\/\/candas365.es\/noticias\/zelenski-rusia-esta-construyendo-un-muro-en-europa\/","robots":"max-image-preview:large","keywords":"actualidad,destacadas","webmasterTools":{"google-site-verification":"UA-32230408-1","msvalidate.01":"354F3CDFB2DA171B47FBE9ABF1F88D5","miscellaneous":""},"schema":{"@context":"https:\/\/schema.org","@graph":[{"@type":"BreadcrumbList","@id":"https:\/\/candas365.es\/noticias\/zelenski-rusia-esta-construyendo-un-muro-en-europa\/#breadcrumblist","itemListElement":[{"@type":"ListItem","@id":"https:\/\/candas365.es\/noticias#listItem","position":1,"name":"Home","item":"https:\/\/candas365.es\/noticias","nextItem":{"@type":"ListItem","@id":"https:\/\/candas365.es\/noticias\/category\/destacadas\/#listItem","name":"Destacadas"}},{"@type":"ListItem","@id":"https:\/\/candas365.es\/noticias\/category\/destacadas\/#listItem","position":2,"name":"Destacadas","item":"https:\/\/candas365.es\/noticias\/category\/destacadas\/","nextItem":{"@type":"ListItem","@id":"https:\/\/candas365.es\/noticias\/zelenski-rusia-esta-construyendo-un-muro-en-europa\/#listItem","name":"Zelenski: Rusia est\u00e1 construyendo un \u00abmuro\u00bb en Europa"},"previousItem":{"@type":"ListItem","@id":"https:\/\/candas365.es\/noticias#listItem","name":"Home"}},{"@type":"ListItem","@id":"https:\/\/candas365.es\/noticias\/zelenski-rusia-esta-construyendo-un-muro-en-europa\/#listItem","position":3,"name":"Zelenski: Rusia est\u00e1 construyendo un \u00abmuro\u00bb en Europa","previousItem":{"@type":"ListItem","@id":"https:\/\/candas365.es\/noticias\/category\/destacadas\/#listItem","name":"Destacadas"}}]},{"@type":"NewsArticle","@id":"https:\/\/candas365.es\/noticias\/zelenski-rusia-esta-construyendo-un-muro-en-europa\/#newsarticle","name":"Zelenski: Rusia est\u00e1 construyendo un \u00abmuro\u00bb en Europa | Cand\u00e1s 365","headline":"Zelenski: Rusia est\u00e1 construyendo un \u00abmuro\u00bb en Europa","author":{"@id":"https:\/\/candas365.es\/noticias\/author\/admin\/#author"},"publisher":{"@id":"https:\/\/candas365.es\/noticias\/#organization"},"image":{"@type":"ImageObject","url":"https:\/\/candas365.es\/noticias\/wp-content\/uploads\/2022\/03\/Zelenski.jpg","width":980,"height":652,"caption":"El presidente de Ucrania, Volod\u00edmir Zelenski, en su discurso ante el Parlamento alem\u00e1n. Foto: Michael Kappeler\/dpa"},"datePublished":"2022-03-17T17:13:39+01:00","dateModified":"2022-03-17T17:13:39+01:00","inLanguage":"es-ES","mainEntityOfPage":{"@id":"https:\/\/candas365.es\/noticias\/zelenski-rusia-esta-construyendo-un-muro-en-europa\/#webpage"},"isPartOf":{"@id":"https:\/\/candas365.es\/noticias\/zelenski-rusia-esta-construyendo-un-muro-en-europa\/#webpage"},"articleSection":"Actualidad, Destacadas, Alemania, Internacional, Ucrania","dateline":"Publicado el marzo 17, 2022."},{"@type":"Organization","@id":"https:\/\/candas365.es\/noticias\/#organization","name":"Cand\u00e1s 365","description":"Cand\u00e1s 365 es un diario digital independiente, fundado en 2012, con base en Asturias. Informamos con rigor sobre actualidad, sociedad, cultura y ocio, con una mirada local y global.","url":"https:\/\/candas365.es\/noticias\/","email":"info@candas365.es","telephone":"+34652131393","foundingDate":"2012-06-10","logo":{"@type":"ImageObject","url":"https:\/\/candas365.es\/noticias\/wp-content\/uploads\/2024\/09\/Candas-365-Redes.jpg","@id":"https:\/\/candas365.es\/noticias\/zelenski-rusia-esta-construyendo-un-muro-en-europa\/#organizationLogo","width":1152,"height":864,"caption":"Cand\u00e1s 365 Redes"},"image":{"@id":"https:\/\/candas365.es\/noticias\/zelenski-rusia-esta-construyendo-un-muro-en-europa\/#organizationLogo"},"sameAs":["https:\/\/www.facebook.com\/Nachofdezber","https:\/\/x.com\/NabercoDigital","https:\/\/www.instagram.com\/nachofdezber\/","https:\/\/www.youtube.com\/channel\/UCZP-2wLEB9Rv6erhFmqVnvg"],"address":{"@id":"https:\/\/candas365.es\/noticias\/#postaladdress","@type":"PostalAddress","streetAddress":"san antonio 4, san antonio 4","postalCode":"33430","addressLocality":"Cand\u00e1s","addressRegion":"Asturias","addressCountry":"ES"}},{"@type":"Person","@id":"https:\/\/candas365.es\/noticias\/author\/admin\/#author","url":"https:\/\/candas365.es\/noticias\/author\/admin\/","name":"Cand\u00e1s 365","image":{"@type":"ImageObject","@id":"https:\/\/candas365.es\/noticias\/zelenski-rusia-esta-construyendo-un-muro-en-europa\/#authorImage","url":"https:\/\/secure.gravatar.com\/avatar\/496a8e03d0c493ede1718b7934145dbdf8d89be1036b0eec9544e1094c9de390?s=96&d=mm&r=g","width":96,"height":96,"caption":"Cand\u00e1s 365"},"sameAs":["https:\/\/www.facebook.com\/carrenoactualidad","https:\/\/twitter.com\/nbasturias","https:\/\/www.instagram.com\/nachofdezber\/","https:\/\/www.youtube.com\/channel\/UCZP-2wLEB9Rv6erhFmqVnvg"]},{"@type":"WebPage","@id":"https:\/\/candas365.es\/noticias\/zelenski-rusia-esta-construyendo-un-muro-en-europa\/#webpage","url":"https:\/\/candas365.es\/noticias\/zelenski-rusia-esta-construyendo-un-muro-en-europa\/","name":"Zelenski: Rusia est\u00e1 construyendo un \u00abmuro\u00bb en Europa | Cand\u00e1s 365","description":"El presidente ucraniano, Volod\u00edmir Zelenski, afirm\u00f3 hoy ante el Parlamento alem\u00e1n que Rusia est\u00e1 construyendo un \"muro\" en Europa que amenaza","inLanguage":"es-ES","isPartOf":{"@id":"https:\/\/candas365.es\/noticias\/#website"},"breadcrumb":{"@id":"https:\/\/candas365.es\/noticias\/zelenski-rusia-esta-construyendo-un-muro-en-europa\/#breadcrumblist"},"author":{"@id":"https:\/\/candas365.es\/noticias\/author\/admin\/#author"},"creator":{"@id":"https:\/\/candas365.es\/noticias\/author\/admin\/#author"},"image":{"@type":"ImageObject","url":"https:\/\/candas365.es\/noticias\/wp-content\/uploads\/2022\/03\/Zelenski.jpg","@id":"https:\/\/candas365.es\/noticias\/zelenski-rusia-esta-construyendo-un-muro-en-europa\/#mainImage","width":980,"height":652,"caption":"El presidente de Ucrania, Volod\u00edmir Zelenski, en su discurso ante el Parlamento alem\u00e1n. Foto: Michael Kappeler\/dpa"},"primaryImageOfPage":{"@id":"https:\/\/candas365.es\/noticias\/zelenski-rusia-esta-construyendo-un-muro-en-europa\/#mainImage"},"datePublished":"2022-03-17T17:13:39+01:00","dateModified":"2022-03-17T17:13:39+01:00"},{"@type":"WebSite","@id":"https:\/\/candas365.es\/noticias\/#website","url":"https:\/\/candas365.es\/noticias\/","name":"Cand\u00e1s 365","alternateName":"Cand\u00e1s 365 Noticias","description":"Actualidad desde Carre\u00f1o para el mundo","inLanguage":"es-ES","publisher":{"@id":"https:\/\/candas365.es\/noticias\/#organization"}}]},"og:locale":"es_ES","og:site_name":"Cand\u00e1s 365","og:type":"article","og:title":"Zelenski: Rusia est\u00e1 construyendo un \u00abmuro\u00bb en Europa | Cand\u00e1s 365","og:description":"El presidente ucraniano, Volod\u00edmir Zelenski, afirm\u00f3 hoy ante el Parlamento alem\u00e1n que Rusia est\u00e1 construyendo un &quot;muro&quot; en Europa que amenaza","og:url":"https:\/\/candas365.es\/noticias\/zelenski-rusia-esta-construyendo-un-muro-en-europa\/","og:image":"https:\/\/candas365.es\/noticias\/wp-content\/uploads\/2022\/03\/Zelenski.jpg","og:image:secure_url":"https:\/\/candas365.es\/noticias\/wp-content\/uploads\/2022\/03\/Zelenski.jpg","og:image:width":980,"og:image:height":652,"article:published_time":"2022-03-17T17:13:39+00:00","article:modified_time":"2022-03-17T17:13:39+00:00","article:publisher":"https:\/\/www.facebook.com\/Nachofdezber","article:author":"https:\/\/www.facebook.com\/carrenoactualidad","twitter:card":"summary_large_image","twitter:site":"@NabercoDigital","twitter:title":"Zelenski: Rusia est\u00e1 construyendo un \u00abmuro\u00bb en Europa | Cand\u00e1s 365","twitter:description":"El presidente ucraniano, Volod\u00edmir Zelenski, afirm\u00f3 hoy ante el Parlamento alem\u00e1n que Rusia est\u00e1 construyendo un &quot;muro&quot; en Europa que amenaza","twitter:creator":"@nbasturias","twitter:image":"https:\/\/candas365.es\/noticias\/wp-content\/uploads\/2022\/03\/Zelenski.jpg","twitter:label1":"Escrito por","twitter:data1":"Cand\u00e1s 365","twitter:label2":"Tiempo de lectura estimado","twitter:data2":"4 minutos"},"aioseo_meta_data":{"post_id":"161256","title":null,"description":"El presidente ucraniano, Volod\u00edmir Zelenski, afirm\u00f3 hoy ante el Parlamento alem\u00e1n que Rusia est\u00e1 construyendo un \"muro\" en Europa que amenaza","keywords":[],"keyphrases":{"focus":{"keyphrase":"Zelenski","score":92,"analysis":{"keyphraseInTitle":{"title":"Focus keyphrase in SEO title","description":"Focus keyphrase found in SEO title.","score":9,"maxScore":9,"error":0},"keyphraseInDescription":{"title":"Focus keyphrase in meta description","description":"Focus keyphrase found in meta description.","score":9,"maxScore":9,"error":0},"keyphraseLength":{"title":"Focus keyphrase length","description":"Good job!","score":9,"maxScore":9,"error":0,"length":1},"keyphraseInURL":{"title":"Focus keyphrase in URL","description":"Focus keyphrase not found in the URL.","score":1,"maxScore":5,"error":1},"keyphraseInIntroduction":{"title":"Focus keyphrase in introduction","description":"Your Focus keyphrase appears in the first paragraph. Well done!","score":9,"maxScore":9,"error":0},"keyphraseInSubHeadings":[],"keyphraseInImageAlt":{"title":"Focus keyphrase in image alt attributes","description":"Focus keyphrase found in image alt attribute(s).","score":9,"maxScore":9,"error":0}}},"additional":[{"keyphrase":"Rusia","score":83,"analysis":{"keyphraseInDescription":{"title":"Keyphrase in meta description","description":"Keyphrase found in meta description.","score":9,"maxScore":9,"error":0},"keyphraseLength":{"title":"Keyphrase length","description":"Good job!","score":9,"maxScore":9,"error":0,"length":1},"keyphraseInIntroduction":{"title":"Keyphrase in introduction","description":"Your Keyphrase appears in the first paragraph. Well done!","score":9,"maxScore":9,"error":0},"keyphraseInImageAlt":{"title":"Keyphrase in image alt attributes","description":"Keyphrase not found in image alt attribute(s). Add an image with your Keyphrase as alt text.","score":3,"maxScore":9,"error":1}}},{"keyphrase":" \"muro\" en Europa","score":83,"analysis":{"keyphraseInDescription":{"title":"Keyphrase in meta description","description":"Keyphrase found in meta description.","score":9,"maxScore":9,"error":0},"keyphraseLength":{"title":"Keyphrase length","description":"Good job!","score":9,"maxScore":9,"error":0,"length":3},"keyphraseInIntroduction":{"title":"Keyphrase in introduction","description":"Your Keyphrase appears in the first paragraph. Well done!","score":9,"maxScore":9,"error":0},"keyphraseInImageAlt":{"title":"Keyphrase in image alt attributes","description":"Keyphrase not found in image alt attribute(s). Add an image with your Keyphrase as alt text.","score":3,"maxScore":9,"error":1}}}]},"primary_term":null,"canonical_url":null,"og_title":null,"og_description":null,"og_object_type":"default","og_image_type":"default","og_image_url":null,"og_image_width":null,"og_image_height":null,"og_image_custom_url":null,"og_image_custom_fields":null,"og_video":"","og_custom_url":null,"og_article_section":null,"og_article_tags":[],"twitter_use_og":false,"twitter_card":"default","twitter_image_type":"default","twitter_image_url":null,"twitter_image_custom_url":null,"twitter_image_custom_fields":null,"twitter_title":null,"twitter_description":null,"schema":{"blockGraphs":[],"customGraphs":[],"default":{"data":{"Article":[],"Course":[],"Dataset":[],"FAQPage":[],"Movie":[],"Person":[],"Product":[],"ProductReview":[],"Car":[],"Recipe":[],"Service":[],"SoftwareApplication":[],"WebPage":[]},"graphName":"","isEnabled":true},"graphs":[],"defaultGraph":"Article","defaultPostTypeGraph":""},"schema_type":"default","schema_type_options":"{\"article\":{\"articleType\":\"BlogPosting\"},\"course\":{\"name\":\"\",\"description\":\"\",\"provider\":\"\"},\"faq\":{\"pages\":[]},\"product\":{\"reviews\":[]},\"recipe\":{\"ingredients\":[],\"instructions\":[],\"keywords\":[]},\"software\":{\"reviews\":[],\"operatingSystems\":[]},\"webPage\":{\"webPageType\":\"WebPage\"}}","pillar_content":false,"robots_default":true,"robots_noindex":false,"robots_noarchive":false,"robots_nosnippet":false,"robots_nofollow":false,"robots_noimageindex":false,"robots_noodp":false,"robots_notranslate":false,"robots_max_snippet":"-1","robots_max_videopreview":"-1","robots_max_imagepreview":"large","priority":null,"frequency":"default","location":null,"local_seo":null,"seo_analyzer_scan_date":"2025-09-01 06:02:14","breadcrumb_settings":null,"limit_modified_date":false,"reviewed_by":null,"open_ai":null,"ai":null,"created":"2022-03-17 17:03:54","updated":"2025-09-01 06:02:14"},"aioseo_breadcrumb":"<div class=\"aioseo-breadcrumbs\"><span class=\"aioseo-breadcrumb\">\n\t<a href=\"https:\/\/candas365.es\/noticias\" title=\"Home\">Home<\/a>\n<\/span><span class=\"aioseo-breadcrumb-separator\">&ndash;<\/span><span class=\"aioseo-breadcrumb\">\n\t<a href=\"https:\/\/candas365.es\/noticias\/category\/destacadas\/\" title=\"Destacadas\">Destacadas<\/a>\n<\/span><span class=\"aioseo-breadcrumb-separator\">&ndash;<\/span><span class=\"aioseo-breadcrumb\">\n\tZelenski: Rusia est\u00e1 construyendo un \u00abmuro\u00bb en Europa\n<\/span><\/div>","aioseo_breadcrumb_json":[{"label":"Home","link":"https:\/\/candas365.es\/noticias"},{"label":"Destacadas","link":"https:\/\/candas365.es\/noticias\/category\/destacadas\/"},{"label":"Zelenski: Rusia est\u00e1 construyendo un \u00abmuro\u00bb en Europa","link":"https:\/\/candas365.es\/noticias\/zelenski-rusia-esta-construyendo-un-muro-en-europa\/"}],"_links":{"self":[{"href":"https:\/\/candas365.es\/noticias\/wp-json\/wp\/v2\/posts\/161256","targetHints":{"allow":["GET"]}}],"collection":[{"href":"https:\/\/candas365.es\/noticias\/wp-json\/wp\/v2\/posts"}],"about":[{"href":"https:\/\/candas365.es\/noticias\/wp-json\/wp\/v2\/types\/post"}],"author":[{"embeddable":true,"href":"https:\/\/candas365.es\/noticias\/wp-json\/wp\/v2\/users\/1"}],"replies":[{"embeddable":true,"href":"https:\/\/candas365.es\/noticias\/wp-json\/wp\/v2\/comments?post=161256"}],"version-history":[{"count":0,"href":"https:\/\/candas365.es\/noticias\/wp-json\/wp\/v2\/posts\/161256\/revisions"}],"wp:featuredmedia":[{"embeddable":true,"href":"https:\/\/candas365.es\/noticias\/wp-json\/wp\/v2\/media\/161257"}],"wp:attachment":[{"href":"https:\/\/candas365.es\/noticias\/wp-json\/wp\/v2\/media?parent=161256"}],"wp:term":[{"taxonomy":"category","embeddable":true,"href":"https:\/\/candas365.es\/noticias\/wp-json\/wp\/v2\/categories?post=161256"},{"taxonomy":"post_tag","embeddable":true,"href":"https:\/\/candas365.es\/noticias\/wp-json\/wp\/v2\/tags?post=161256"}],"curies":[{"name":"wp","href":"https:\/\/api.w.org\/{rel}","templated":true}]}}