{"id":161124,"date":"2022-03-10T03:03:48","date_gmt":"2022-03-10T03:03:48","guid":{"rendered":"http:\/\/candas365.es\/noticias\/?p=161124"},"modified":"2022-03-10T03:03:48","modified_gmt":"2022-03-10T03:03:48","slug":"8-marcas-de-padel-que-son-tendencia-este-ano","status":"publish","type":"post","link":"https:\/\/candas365.es\/noticias\/8-marcas-de-padel-que-son-tendencia-este-ano\/","title":{"rendered":"8 marcas de p\u00e1del que son tendencia este a\u00f1o"},"content":{"rendered":"<div class=\"col-xs-12 col-md-12\">\n<p>Cada a\u00f1o, las marcas de p\u00e1del suben y bajan escalones de popularidad, de acuerdo a sus \u00faltimos lanzamientos o presencia en el m\u00e1ximo circuito profesional. La temporada 2022 ha arrancado muy candente, con novedades grandiosas, especialmente con las nuevas armas que utilizar\u00e1n los jugadores del World Padel Tour. A continuaci\u00f3n, te presentamos las 8 marcas tendencia del 2022, una lista que incluye marcas de alto prestigio como las\u00a0<span style=\"color: #ff6600;\"><a style=\"color: #ff6600;\" href=\"https:\/\/www.streetpadel.com\/siux-c-49_176.html\" target=\"_blank\" rel=\"noopener\"><strong>palas Siux<\/strong><\/a><\/span>, Bullpadel, Adidas, Head, Vibora y m\u00e1s.<\/p>\n<p><img fetchpriority=\"high\" decoding=\"async\" class=\"aligncenter wp-image-161125 size-full\" src=\"https:\/\/candas365.es\/noticias\/wp-content\/uploads\/2022\/03\/padel.jpg\" alt=\"p\u00e1del\" width=\"559\" height=\"413\" srcset=\"https:\/\/candas365.es\/noticias\/wp-content\/uploads\/2022\/03\/padel.jpg 559w, https:\/\/candas365.es\/noticias\/wp-content\/uploads\/2022\/03\/padel-360x266.jpg 360w, https:\/\/candas365.es\/noticias\/wp-content\/uploads\/2022\/03\/padel-150x111.jpg 150w, https:\/\/candas365.es\/noticias\/wp-content\/uploads\/2022\/03\/padel-450x332.jpg 450w\" sizes=\"(max-width: 559px) 100vw, 559px\" \/><\/p>\n<h2>Top de marcas de p\u00e1del en 2022<\/h2>\n<h3>Bullpadel<\/h3>\n<p>Bullpadel es una marca que siempre es tendencia, y esto no cambia en nada para esta temporada 2022. A pesar de que una de sus estrellas, Maxi S\u00e1nchez, ha migrado a otra marca, Bullpadel contin\u00faa siendo una de las marcas con el equipo m\u00e1s grande de jugadores Word Padel Tour. Sin duda alguna, la serie estrella de este a\u00f1o es Hack, que incluye la nueva pala de\u00a0<strong>Paquito Navarro<\/strong>, la\u00a0<strong>Bullpadel Hack 03 22<\/strong>. Sin embargo, la l\u00ednea Vertex no se queda atr\u00e1s, ahora, la poderosa Bullp<strong>adel Vertex 03 22<\/strong>\u00a0es el arma oficial de Juan Tello, uno de los jugadores m\u00e1s importantes del World Padel Tour.<\/p>\n<p>El prestigio y la historia de esta marca son lo que le permiten seguir en tendencia, adem\u00e1s de su excelente calidad. Esta temporada, han presentado un cat\u00e1logo enorme, en donde se pueden encontrar palas para jugadores\u00a0<strong>principiantes<\/strong>,\u00a0<strong>intermedios<\/strong>,\u00a0<strong>avanzados<\/strong>\u00a0y\u00a0<strong>profesionales<\/strong>, sin duda alguna, una de las m\u00e1s grandes del momento.<\/p>\n<h3>Siux<\/h3>\n<p>La firma de p\u00e1del Siux no para de ser tendencia, especialmente por ser una de las pocas marcas que destacan por los grandes\u00a0<strong>avances tecnol\u00f3gicos<\/strong>\u00a0con los que cuenta. Adem\u00e1s, al ser una de las principales marcas, cuenta tambi\u00e9n con cat\u00e1logos enormes de palas, en donde todos los jugadores, sin importar su edad, nivel o estilo de juego, pueden encontrar la pala perfecta.<\/p>\n<p>Siux ha iniciado el 2022 con todo, especialmente despu\u00e9s de la gran noticia mundial de que uno de los\u00a0<strong>mejores jugadores de la actualidad<\/strong>,\u00a0<strong>Franco Stupaczuk<\/strong>, se hab\u00eda unido al equipo de jugadores de esta marca. A\u00fan no sabemos cu\u00e1les son las caracter\u00edsticas de la nueva pala del jugador argentino, pero ya se ha revelado que es la\u00a0<strong>Siux Electra<\/strong>. Stupa pasa a pertenecer a uno de los equipos m\u00e1s fuertes del torneo, en donde se encuentran jugadores como\u00a0<strong>Lucho Capra<\/strong>,\u00a0<strong>\u00c1lvaro<\/strong>\u00a0<strong>Cepero<\/strong>,\u00a0<strong>Patty Llaguno<\/strong>\u00a0y\u00a0<strong>Javi Ruiz<\/strong>.<\/p>\n<h3>Adidas<\/h3>\n<p>Adidas es una marca que realmente no necesita introducci\u00f3n, pues es considerada por muchos como la marca deportiva m\u00e1s famosa en el mundo. La famosa firma de las tres franjas est\u00e1 presente en una cantidad incontable de deportes, y afortunadamente, tiene tambi\u00e9n una gran presencia en el p\u00e1del. De hecho, para muchos jugadores, Adidas es la mejor marca de p\u00e1del, tomando como referencia que es recomendada y utilizada por profesionales, incluso por jugadores World Padel Tour.<\/p>\n<p>El 2022 ya es un gran a\u00f1o para las\u00a0<span style=\"color: #ff6600;\"><a style=\"color: #ff6600;\" href=\"https:\/\/www.streetpadel.com\/adidas-c-49_269.html\" target=\"_blank\" rel=\"noopener\"><strong>palas de p\u00e1del Adidas<\/strong><\/a><\/span>, ya que han presentado una de sus colecciones m\u00e1s grandes en su historia. Esta colecci\u00f3n incluye las nuevas palas de jugadores como\u00a0<strong>Seba Nerone<\/strong>,\u00a0<strong>Alejandro Gal\u00e1n<\/strong>,\u00a0<strong>Alex Ruiz<\/strong>\u00a0y\u00a0<strong>Martita Ortega<\/strong>.<\/p>\n<p>La colecci\u00f3n de palas 2022 de Adidas contiene palas para todos los niveles de juego y para todos los estilos, se pueden encontrar palas de diferentes tactos y para todas las preferencias. Sin embargo, sin duda alguna, las palas m\u00e1s llamativas del cat\u00e1logo son las de la l\u00ednea\u00a0<strong>Metalbone<\/strong>\u00a0y las de la l\u00ednea\u00a0<strong>Adipower<\/strong>, para jugadores profesionales.<\/p>\n<h3>Vibor-a<\/h3>\n<p>Vibor-a es una marca que probablemente no es tan comercial como Adidas, Bullpadel o Siux, pero es una marca que es muy bien reconocida por jugadores experimentados. De hecho, esta marca se caracteriza por fabricar palas de p\u00e1del de alta gama, que generalmente van dirigidas especialmente a jugadores\u00a0<strong>avanzados<\/strong>\u00a0y\u00a0<strong>profesionales<\/strong>. Adem\u00e1s, tambi\u00e9n cuenta con jugadores World Padel Tour en su equipo, entre ellos est\u00e1n\u00a0<strong>Mart\u00edn S\u00e1nchez Pi\u00f1eiro<\/strong>\u00a0y Josete Rico.<\/p>\n<p>Esta marca se encuentra en tendencia en el a\u00f1o 2022 porque la colecci\u00f3n de palas nueva brinda una buena dosis de nostalgia a los fan\u00e1ticos de esta marca. Han presentado la\u00a0<strong>serie Classic Edition<\/strong>, que lanza sus palas m\u00e1s famosas, pero con el molde y dise\u00f1o cl\u00e1sico que las hicieron famosas. Esta serie est\u00e1 conformada por las palas\u00a0<strong>King Cobra<\/strong>,\u00a0<strong>Black Mamba<\/strong>,\u00a0<strong>Yarara y Naya<\/strong>.<\/p>\n<h3>Head<\/h3>\n<p>Head es una de las marcas m\u00e1s conocidas, y no solo en el p\u00e1del, sino en el mundo del deporte en general, especialmente en el tenis. Durante varios a\u00f1os, se ha especializado en\u00a0<strong>deportes de raqueta<\/strong>, llegando a otras pr\u00e1cticas como el p\u00e1del y el squash. En el p\u00e1del, ya son varios a\u00f1os en los que se ha encontrado entre las favoritas de jugadores de todos los niveles. Al igual que otras marcas, tambi\u00e9n buscan abarcar un gran sector de jugadores, y por eso elaboran palas que pueden ser utilizadas desde jugadores\u00a0<strong>amateur<\/strong>\u00a0hasta jugadores\u00a0<strong>competitivos<\/strong>.<\/p>\n<p>Head es otra de las marcas que puede presumir la presencia de jugadores de clase mundial en su equipo. Cuentan con jugadores de \u00e9lite como\u00a0<strong>Sanyo Guti\u00e9rrez<\/strong>,\u00a0<strong>Tamara Icardo<\/strong>,\u00a0<strong>Ariana S\u00e1nchez<\/strong>,\u00a0<strong>Arturo Coello<\/strong>,\u00a0<strong>Paula Josemar\u00eda Mart\u00edn<\/strong>\u00a0y m\u00e1s. El inicio de esta temporada ya nos ha dejado armas interesantes como la nueva\u00a0<strong>Head Delta Pro<\/strong>,\u00a0<strong>Head Delta Elite<\/strong>\u00a0y\u00a0<strong>Head Delta Motion<\/strong>\u00a0para jugadores avanzados y profesionales. Pero tambi\u00e9n vemos versiones actualizadas de armas famosas para intermedios como la serie\u00a0<strong>Head Flash<\/strong>\u00a0Pro y la serie\u00a0<strong>Head Zephyr<\/strong>.<\/p>\n<h3>Nox<\/h3>\n<p>Nox es una marca 100% p\u00e1del, que, hasta el momento, se dedica \u00fanicamente a este deporte. Ya son m\u00e1s de\u00a0<strong>10 a\u00f1os de historia<\/strong>, en los que Nox ha estado presente en lo m\u00e1s alto de los rankings. Actualmente, es otra de las marcas que se considera como una de las m\u00e1s famosas, y sus niveles de tendencia no disminuyen. Como era de esperarse, es una marca que tambi\u00e9n puede presumir la presencia de jugadores World Padel Tour en su equipo. A este equipo pertenecen nada m\u00e1s y nada menos que leyendas como\u00a0<strong>Miguel Lamperti<\/strong>, las\u00a0<strong>gemelas S\u00e1nchez Alayeto<\/strong>\u00a0y jugadores j\u00f3venes como\u00a0<strong>Agust\u00edn Tapia<\/strong>\u00a0y la nueva incorporaci\u00f3n Aranzazu Osoro.<\/p>\n<p>El cat\u00e1logo de palas de p\u00e1del Nox 2022 es fabuloso, con todo tipo de palas para jugadores de todos los niveles. Los ni\u00f1os y jugadores principiantes podr\u00e1n encontrar armas excelentes como las de la l\u00ednea\u00a0<strong>Nox Ultralight<\/strong>\u00a0o las palas de la\u00a0<strong>serie Nox X-One<\/strong>. Sin embargo, las palas m\u00e1s llamativas de la colecci\u00f3n son la nueva\u00a0<strong>Nox ML10 Pro Cup Luxury<\/strong>\u00a0de Miguel Lamperti, la\u00a0<strong>Nox AT10 Genius 18K<\/strong>\u00a0de Agustin Tapia, la\u00a0<strong>Nox MJ10 Luxury<\/strong>\u00a0de Majo S\u00e1nchez y la\u00a0<strong>Nox MP10 Luxury<\/strong>\u00a0de Mapi S\u00e1nchez.<\/p>\n<h3>Babolat<\/h3>\n<p>Cuando hablamos sobre la marca Babolat, enseguida pensamos en el jugador n\u00famero 1 del mundo. Esta marca puede presumir que en su equipo de jugadores se encuentra el que se encuentra mejor posicionado en el ranking, hablamos de\u00a0<strong>Juan Le<\/strong>br\u00f3n. Este jugador juega con una\u00a0<strong>pala<\/strong>\u00a0<strong>Babolat Technical Viper<\/strong>, reconocida como una de las palas de potencia m\u00e1s agresivas y duras del circuito.<\/p>\n<p>Sin embargo, el prestigio de Babolat va mucho m\u00e1s all\u00e1 de representar al n\u00famero 1 del mundo. Estamos hablando de una de las marcas con m\u00e1s historia, que anteriormente solo estaba presente en el tenis. Actualmente, es una de las favoritas dentro de las pistas de p\u00e1del. La temporada 2022 han presentado tres colecciones: las palas\u00a0<strong>Babolat Viper<\/strong>\u00a0para profesionales y las\u00a0<strong>Babolat Vertuo<\/strong>\u00a0y\u00a0<strong>Veron<\/strong>\u00a0para intermedios y avanzados.<\/p>\n<h3>Star Vie<\/h3>\n<p>Las palas de p\u00e1del Star Vie pueden reconocerse a simple vista, porque todas ellas cuentan con el famoso logo de la estrella en sus caras. Esta es otra de las marcas tendencia que se dedican exclusivamente al p\u00e1del, famosa especialmente por la fabricaci\u00f3n de palas, aunque cuenta con otros productos como ropa, accesorios y paleteros. La calidad de esta pala ha llevado a varios jugadores World Padel Tour ha llevar sus palas a las pistas, los mejores ejemplos son\u00a0<strong>Bea Gonz\u00e1lez<\/strong>,\u00a0<strong>Carolina Navarro<\/strong>,\u00a0<strong>Javi Garrido<\/strong>,\u00a0<strong>Jorge Nieto Ruiz<\/strong>,\u00a0<strong>Mari Carmen Villalba<\/strong>,\u00a0<strong>Cecilia Reiter<\/strong>,\u00a0<strong>Jes\u00fas Moya<\/strong>\u00a0y m\u00e1s.<\/p>\n<p>Esta temporada, ha sido presentada una colecci\u00f3n de palas de calidad profesional, como nos tienen acostumbrados. Las palas\u00a0<strong>Star Vie Metheora Warrior 2022<\/strong>,\u00a0<strong>Star Vie Astrum Eris<\/strong>\u00a0y\u00a0<strong>Star Vie<\/strong>\u00a0<strong>Raptor Evolution<\/strong>, se encuentran actualmente en tendencia, por ser las m\u00e1s competitivas del cat\u00e1logo.<\/p>\n<\/div>\n","protected":false},"excerpt":{"rendered":"<p>Cada a\u00f1o, las marcas de p\u00e1del suben y bajan escalones de popularidad, de acuerdo a sus \u00faltimos lanzamientos o presencia en el m\u00e1ximo circuito profesional. La temporada 2022 ha arrancado muy candente, con novedades grandiosas, especialmente con las nuevas armas que utilizar\u00e1n los jugadores del World Padel Tour. A continuaci\u00f3n, te presentamos las 8 marcas<\/p>\n","protected":false},"author":1,"featured_media":161125,"comment_status":"closed","ping_status":"closed","sticky":false,"template":"","format":"standard","meta":{"footnotes":""},"categories":[319],"tags":[387],"class_list":{"0":"post-161124","1":"post","2":"type-post","3":"status-publish","4":"format-standard","5":"has-post-thumbnail","7":"category-deporte","8":"tag-deporte"},"aioseo_notices":[],"aioseo_head":"\n\t\t<!-- All in One SEO Pro 4.9.6.2 - aioseo.com -->\n\t<meta name=\"description\" content=\"Cada a\u00f1o, las marcas de p\u00e1del suben y bajan escalones de popularidad, de acuerdo a sus \u00faltimos lanzamientos o presencia en el m\u00e1ximo circuito profesional\" \/>\n\t<meta name=\"robots\" content=\"max-image-preview:large\" \/>\n\t<meta name=\"author\" content=\"Cand\u00e1s 365\"\/>\n\t<meta name=\"google-site-verification\" content=\"UA-32230408-1\" \/>\n\t<meta name=\"msvalidate.01\" content=\"354F3CDFB2DA171B47FBE9ABF1F88D5\" \/>\n\t<meta name=\"keywords\" content=\"deporte\" \/>\n\t<link rel=\"canonical\" href=\"https:\/\/candas365.es\/noticias\/8-marcas-de-padel-que-son-tendencia-este-ano\/\" \/>\n\t<meta name=\"generator\" content=\"All in One SEO Pro (AIOSEO) 4.9.6.2\" \/>\n\t\t<meta property=\"og:locale\" content=\"es_ES\" \/>\n\t\t<meta property=\"og:site_name\" content=\"Cand\u00e1s 365\" \/>\n\t\t<meta property=\"og:type\" content=\"article\" \/>\n\t\t<meta property=\"og:title\" content=\"8 marcas de p\u00e1del que son tendencia este a\u00f1o | Cand\u00e1s 365\" \/>\n\t\t<meta property=\"og:description\" content=\"Cada a\u00f1o, las marcas de p\u00e1del suben y bajan escalones de popularidad, de acuerdo a sus \u00faltimos lanzamientos o presencia en el m\u00e1ximo circuito profesional\" \/>\n\t\t<meta property=\"og:url\" content=\"https:\/\/candas365.es\/noticias\/8-marcas-de-padel-que-son-tendencia-este-ano\/\" \/>\n\t\t<meta property=\"og:image\" content=\"https:\/\/candas365.es\/noticias\/wp-content\/uploads\/2022\/03\/padel.jpg\" \/>\n\t\t<meta property=\"og:image:secure_url\" content=\"https:\/\/candas365.es\/noticias\/wp-content\/uploads\/2022\/03\/padel.jpg\" \/>\n\t\t<meta property=\"og:image:width\" content=\"559\" \/>\n\t\t<meta property=\"og:image:height\" content=\"413\" \/>\n\t\t<meta property=\"article:published_time\" content=\"2022-03-10T03:03:48+00:00\" \/>\n\t\t<meta property=\"article:modified_time\" content=\"2022-03-10T03:03:48+00:00\" \/>\n\t\t<meta property=\"article:publisher\" content=\"https:\/\/www.facebook.com\/Nachofdezber\" \/>\n\t\t<meta property=\"article:author\" content=\"https:\/\/www.facebook.com\/carrenoactualidad\" \/>\n\t\t<meta name=\"twitter:card\" content=\"summary_large_image\" \/>\n\t\t<meta name=\"twitter:site\" content=\"@NabercoDigital\" \/>\n\t\t<meta name=\"twitter:title\" content=\"8 marcas de p\u00e1del que son tendencia este a\u00f1o | Cand\u00e1s 365\" \/>\n\t\t<meta name=\"twitter:description\" content=\"Cada a\u00f1o, las marcas de p\u00e1del suben y bajan escalones de popularidad, de acuerdo a sus \u00faltimos lanzamientos o presencia en el m\u00e1ximo circuito profesional\" \/>\n\t\t<meta name=\"twitter:creator\" content=\"@nbasturias\" \/>\n\t\t<meta name=\"twitter:image\" content=\"https:\/\/candas365.es\/noticias\/wp-content\/uploads\/2022\/03\/padel.jpg\" \/>\n\t\t<meta name=\"twitter:label1\" content=\"Escrito por\" \/>\n\t\t<meta name=\"twitter:data1\" content=\"Cand\u00e1s 365\" \/>\n\t\t<meta name=\"twitter:label2\" content=\"Tiempo de lectura estimado\" \/>\n\t\t<meta name=\"twitter:data2\" content=\"7 minutos\" \/>\n\t\t<script type=\"application\/ld+json\" class=\"aioseo-schema\">\n\t\t\t{\"@context\":\"https:\\\/\\\/schema.org\",\"@graph\":[{\"@type\":\"BreadcrumbList\",\"@id\":\"https:\\\/\\\/candas365.es\\\/noticias\\\/8-marcas-de-padel-que-son-tendencia-este-ano\\\/#breadcrumblist\",\"itemListElement\":[{\"@type\":\"ListItem\",\"@id\":\"https:\\\/\\\/candas365.es\\\/noticias#listItem\",\"position\":1,\"name\":\"Home\",\"item\":\"https:\\\/\\\/candas365.es\\\/noticias\",\"nextItem\":{\"@type\":\"ListItem\",\"@id\":\"https:\\\/\\\/candas365.es\\\/noticias\\\/category\\\/deporte\\\/#listItem\",\"name\":\"Deporte\"}},{\"@type\":\"ListItem\",\"@id\":\"https:\\\/\\\/candas365.es\\\/noticias\\\/category\\\/deporte\\\/#listItem\",\"position\":2,\"name\":\"Deporte\",\"item\":\"https:\\\/\\\/candas365.es\\\/noticias\\\/category\\\/deporte\\\/\",\"nextItem\":{\"@type\":\"ListItem\",\"@id\":\"https:\\\/\\\/candas365.es\\\/noticias\\\/8-marcas-de-padel-que-son-tendencia-este-ano\\\/#listItem\",\"name\":\"8 marcas de p\\u00e1del que son tendencia este a\\u00f1o\"},\"previousItem\":{\"@type\":\"ListItem\",\"@id\":\"https:\\\/\\\/candas365.es\\\/noticias#listItem\",\"name\":\"Home\"}},{\"@type\":\"ListItem\",\"@id\":\"https:\\\/\\\/candas365.es\\\/noticias\\\/8-marcas-de-padel-que-son-tendencia-este-ano\\\/#listItem\",\"position\":3,\"name\":\"8 marcas de p\\u00e1del que son tendencia este a\\u00f1o\",\"previousItem\":{\"@type\":\"ListItem\",\"@id\":\"https:\\\/\\\/candas365.es\\\/noticias\\\/category\\\/deporte\\\/#listItem\",\"name\":\"Deporte\"}}]},{\"@type\":\"NewsArticle\",\"@id\":\"https:\\\/\\\/candas365.es\\\/noticias\\\/8-marcas-de-padel-que-son-tendencia-este-ano\\\/#newsarticle\",\"name\":\"8 marcas de p\\u00e1del que son tendencia este a\\u00f1o | Cand\\u00e1s 365\",\"headline\":\"8 marcas de p\\u00e1del que son tendencia este a\\u00f1o\",\"author\":{\"@id\":\"https:\\\/\\\/candas365.es\\\/noticias\\\/author\\\/admin\\\/#author\"},\"publisher\":{\"@id\":\"https:\\\/\\\/candas365.es\\\/noticias\\\/#organization\"},\"image\":{\"@type\":\"ImageObject\",\"url\":\"https:\\\/\\\/candas365.es\\\/noticias\\\/wp-content\\\/uploads\\\/2022\\\/03\\\/padel.jpg\",\"width\":559,\"height\":413,\"caption\":\"p\\u00e1del\"},\"datePublished\":\"2022-03-10T03:03:48+01:00\",\"dateModified\":\"2022-03-10T03:03:48+01:00\",\"inLanguage\":\"es-ES\",\"mainEntityOfPage\":{\"@id\":\"https:\\\/\\\/candas365.es\\\/noticias\\\/8-marcas-de-padel-que-son-tendencia-este-ano\\\/#webpage\"},\"isPartOf\":{\"@id\":\"https:\\\/\\\/candas365.es\\\/noticias\\\/8-marcas-de-padel-que-son-tendencia-este-ano\\\/#webpage\"},\"articleSection\":\"Deporte, deporte\",\"dateline\":\"Publicado el marzo 10, 2022.\"},{\"@type\":\"Organization\",\"@id\":\"https:\\\/\\\/candas365.es\\\/noticias\\\/#organization\",\"name\":\"Cand\\u00e1s 365\",\"description\":\"Cand\\u00e1s 365 es un diario digital independiente, fundado en 2012, con base en Asturias. Informamos con rigor sobre actualidad, sociedad, cultura y ocio, con una mirada local y global.\",\"url\":\"https:\\\/\\\/candas365.es\\\/noticias\\\/\",\"email\":\"info@candas365.es\",\"telephone\":\"+34652131393\",\"foundingDate\":\"2012-06-10\",\"logo\":{\"@type\":\"ImageObject\",\"url\":\"https:\\\/\\\/candas365.es\\\/noticias\\\/wp-content\\\/uploads\\\/2024\\\/09\\\/Candas-365-Redes.jpg\",\"@id\":\"https:\\\/\\\/candas365.es\\\/noticias\\\/8-marcas-de-padel-que-son-tendencia-este-ano\\\/#organizationLogo\",\"width\":1152,\"height\":864,\"caption\":\"Cand\\u00e1s 365 Redes\"},\"image\":{\"@id\":\"https:\\\/\\\/candas365.es\\\/noticias\\\/8-marcas-de-padel-que-son-tendencia-este-ano\\\/#organizationLogo\"},\"sameAs\":[\"https:\\\/\\\/www.facebook.com\\\/Nachofdezber\",\"https:\\\/\\\/x.com\\\/NabercoDigital\",\"https:\\\/\\\/www.instagram.com\\\/nachofdezber\\\/\",\"https:\\\/\\\/www.youtube.com\\\/channel\\\/UCZP-2wLEB9Rv6erhFmqVnvg\"],\"address\":{\"@id\":\"https:\\\/\\\/candas365.es\\\/noticias\\\/#postaladdress\",\"@type\":\"PostalAddress\",\"streetAddress\":\"san antonio 4, san antonio 4\",\"postalCode\":\"33430\",\"addressLocality\":\"Cand\\u00e1s\",\"addressRegion\":\"Asturias\",\"addressCountry\":\"ES\"}},{\"@type\":\"Person\",\"@id\":\"https:\\\/\\\/candas365.es\\\/noticias\\\/author\\\/admin\\\/#author\",\"url\":\"https:\\\/\\\/candas365.es\\\/noticias\\\/author\\\/admin\\\/\",\"name\":\"Cand\\u00e1s 365\",\"image\":{\"@type\":\"ImageObject\",\"@id\":\"https:\\\/\\\/candas365.es\\\/noticias\\\/8-marcas-de-padel-que-son-tendencia-este-ano\\\/#authorImage\",\"url\":\"https:\\\/\\\/secure.gravatar.com\\\/avatar\\\/496a8e03d0c493ede1718b7934145dbdf8d89be1036b0eec9544e1094c9de390?s=96&d=mm&r=g\",\"width\":96,\"height\":96,\"caption\":\"Cand\\u00e1s 365\"},\"sameAs\":[\"https:\\\/\\\/www.facebook.com\\\/carrenoactualidad\",\"https:\\\/\\\/twitter.com\\\/nbasturias\",\"https:\\\/\\\/www.instagram.com\\\/nachofdezber\\\/\",\"https:\\\/\\\/www.youtube.com\\\/channel\\\/UCZP-2wLEB9Rv6erhFmqVnvg\"]},{\"@type\":\"WebPage\",\"@id\":\"https:\\\/\\\/candas365.es\\\/noticias\\\/8-marcas-de-padel-que-son-tendencia-este-ano\\\/#webpage\",\"url\":\"https:\\\/\\\/candas365.es\\\/noticias\\\/8-marcas-de-padel-que-son-tendencia-este-ano\\\/\",\"name\":\"8 marcas de p\\u00e1del que son tendencia este a\\u00f1o | Cand\\u00e1s 365\",\"description\":\"Cada a\\u00f1o, las marcas de p\\u00e1del suben y bajan escalones de popularidad, de acuerdo a sus \\u00faltimos lanzamientos o presencia en el m\\u00e1ximo circuito profesional\",\"inLanguage\":\"es-ES\",\"isPartOf\":{\"@id\":\"https:\\\/\\\/candas365.es\\\/noticias\\\/#website\"},\"breadcrumb\":{\"@id\":\"https:\\\/\\\/candas365.es\\\/noticias\\\/8-marcas-de-padel-que-son-tendencia-este-ano\\\/#breadcrumblist\"},\"author\":{\"@id\":\"https:\\\/\\\/candas365.es\\\/noticias\\\/author\\\/admin\\\/#author\"},\"creator\":{\"@id\":\"https:\\\/\\\/candas365.es\\\/noticias\\\/author\\\/admin\\\/#author\"},\"image\":{\"@type\":\"ImageObject\",\"url\":\"https:\\\/\\\/candas365.es\\\/noticias\\\/wp-content\\\/uploads\\\/2022\\\/03\\\/padel.jpg\",\"@id\":\"https:\\\/\\\/candas365.es\\\/noticias\\\/8-marcas-de-padel-que-son-tendencia-este-ano\\\/#mainImage\",\"width\":559,\"height\":413,\"caption\":\"p\\u00e1del\"},\"primaryImageOfPage\":{\"@id\":\"https:\\\/\\\/candas365.es\\\/noticias\\\/8-marcas-de-padel-que-son-tendencia-este-ano\\\/#mainImage\"},\"datePublished\":\"2022-03-10T03:03:48+01:00\",\"dateModified\":\"2022-03-10T03:03:48+01:00\"},{\"@type\":\"WebSite\",\"@id\":\"https:\\\/\\\/candas365.es\\\/noticias\\\/#website\",\"url\":\"https:\\\/\\\/candas365.es\\\/noticias\\\/\",\"name\":\"Cand\\u00e1s 365\",\"alternateName\":\"Cand\\u00e1s 365 Noticias\",\"description\":\"Actualidad desde Carre\\u00f1o para el mundo\",\"inLanguage\":\"es-ES\",\"publisher\":{\"@id\":\"https:\\\/\\\/candas365.es\\\/noticias\\\/#organization\"}}]}\n\t\t<\/script>\n\t\t<!-- All in One SEO Pro -->\r\n\t\t<title>8 marcas de p\u00e1del que son tendencia este a\u00f1o | Cand\u00e1s 365<\/title>\n\n","aioseo_head_json":{"title":"8 marcas de p\u00e1del que son tendencia este a\u00f1o | Cand\u00e1s 365","description":"Cada a\u00f1o, las marcas de p\u00e1del suben y bajan escalones de popularidad, de acuerdo a sus \u00faltimos lanzamientos o presencia en el m\u00e1ximo circuito profesional","canonical_url":"https:\/\/candas365.es\/noticias\/8-marcas-de-padel-que-son-tendencia-este-ano\/","robots":"max-image-preview:large","keywords":"deporte","webmasterTools":{"google-site-verification":"UA-32230408-1","msvalidate.01":"354F3CDFB2DA171B47FBE9ABF1F88D5","miscellaneous":""},"schema":{"@context":"https:\/\/schema.org","@graph":[{"@type":"BreadcrumbList","@id":"https:\/\/candas365.es\/noticias\/8-marcas-de-padel-que-son-tendencia-este-ano\/#breadcrumblist","itemListElement":[{"@type":"ListItem","@id":"https:\/\/candas365.es\/noticias#listItem","position":1,"name":"Home","item":"https:\/\/candas365.es\/noticias","nextItem":{"@type":"ListItem","@id":"https:\/\/candas365.es\/noticias\/category\/deporte\/#listItem","name":"Deporte"}},{"@type":"ListItem","@id":"https:\/\/candas365.es\/noticias\/category\/deporte\/#listItem","position":2,"name":"Deporte","item":"https:\/\/candas365.es\/noticias\/category\/deporte\/","nextItem":{"@type":"ListItem","@id":"https:\/\/candas365.es\/noticias\/8-marcas-de-padel-que-son-tendencia-este-ano\/#listItem","name":"8 marcas de p\u00e1del que son tendencia este a\u00f1o"},"previousItem":{"@type":"ListItem","@id":"https:\/\/candas365.es\/noticias#listItem","name":"Home"}},{"@type":"ListItem","@id":"https:\/\/candas365.es\/noticias\/8-marcas-de-padel-que-son-tendencia-este-ano\/#listItem","position":3,"name":"8 marcas de p\u00e1del que son tendencia este a\u00f1o","previousItem":{"@type":"ListItem","@id":"https:\/\/candas365.es\/noticias\/category\/deporte\/#listItem","name":"Deporte"}}]},{"@type":"NewsArticle","@id":"https:\/\/candas365.es\/noticias\/8-marcas-de-padel-que-son-tendencia-este-ano\/#newsarticle","name":"8 marcas de p\u00e1del que son tendencia este a\u00f1o | Cand\u00e1s 365","headline":"8 marcas de p\u00e1del que son tendencia este a\u00f1o","author":{"@id":"https:\/\/candas365.es\/noticias\/author\/admin\/#author"},"publisher":{"@id":"https:\/\/candas365.es\/noticias\/#organization"},"image":{"@type":"ImageObject","url":"https:\/\/candas365.es\/noticias\/wp-content\/uploads\/2022\/03\/padel.jpg","width":559,"height":413,"caption":"p\u00e1del"},"datePublished":"2022-03-10T03:03:48+01:00","dateModified":"2022-03-10T03:03:48+01:00","inLanguage":"es-ES","mainEntityOfPage":{"@id":"https:\/\/candas365.es\/noticias\/8-marcas-de-padel-que-son-tendencia-este-ano\/#webpage"},"isPartOf":{"@id":"https:\/\/candas365.es\/noticias\/8-marcas-de-padel-que-son-tendencia-este-ano\/#webpage"},"articleSection":"Deporte, deporte","dateline":"Publicado el marzo 10, 2022."},{"@type":"Organization","@id":"https:\/\/candas365.es\/noticias\/#organization","name":"Cand\u00e1s 365","description":"Cand\u00e1s 365 es un diario digital independiente, fundado en 2012, con base en Asturias. Informamos con rigor sobre actualidad, sociedad, cultura y ocio, con una mirada local y global.","url":"https:\/\/candas365.es\/noticias\/","email":"info@candas365.es","telephone":"+34652131393","foundingDate":"2012-06-10","logo":{"@type":"ImageObject","url":"https:\/\/candas365.es\/noticias\/wp-content\/uploads\/2024\/09\/Candas-365-Redes.jpg","@id":"https:\/\/candas365.es\/noticias\/8-marcas-de-padel-que-son-tendencia-este-ano\/#organizationLogo","width":1152,"height":864,"caption":"Cand\u00e1s 365 Redes"},"image":{"@id":"https:\/\/candas365.es\/noticias\/8-marcas-de-padel-que-son-tendencia-este-ano\/#organizationLogo"},"sameAs":["https:\/\/www.facebook.com\/Nachofdezber","https:\/\/x.com\/NabercoDigital","https:\/\/www.instagram.com\/nachofdezber\/","https:\/\/www.youtube.com\/channel\/UCZP-2wLEB9Rv6erhFmqVnvg"],"address":{"@id":"https:\/\/candas365.es\/noticias\/#postaladdress","@type":"PostalAddress","streetAddress":"san antonio 4, san antonio 4","postalCode":"33430","addressLocality":"Cand\u00e1s","addressRegion":"Asturias","addressCountry":"ES"}},{"@type":"Person","@id":"https:\/\/candas365.es\/noticias\/author\/admin\/#author","url":"https:\/\/candas365.es\/noticias\/author\/admin\/","name":"Cand\u00e1s 365","image":{"@type":"ImageObject","@id":"https:\/\/candas365.es\/noticias\/8-marcas-de-padel-que-son-tendencia-este-ano\/#authorImage","url":"https:\/\/secure.gravatar.com\/avatar\/496a8e03d0c493ede1718b7934145dbdf8d89be1036b0eec9544e1094c9de390?s=96&d=mm&r=g","width":96,"height":96,"caption":"Cand\u00e1s 365"},"sameAs":["https:\/\/www.facebook.com\/carrenoactualidad","https:\/\/twitter.com\/nbasturias","https:\/\/www.instagram.com\/nachofdezber\/","https:\/\/www.youtube.com\/channel\/UCZP-2wLEB9Rv6erhFmqVnvg"]},{"@type":"WebPage","@id":"https:\/\/candas365.es\/noticias\/8-marcas-de-padel-que-son-tendencia-este-ano\/#webpage","url":"https:\/\/candas365.es\/noticias\/8-marcas-de-padel-que-son-tendencia-este-ano\/","name":"8 marcas de p\u00e1del que son tendencia este a\u00f1o | Cand\u00e1s 365","description":"Cada a\u00f1o, las marcas de p\u00e1del suben y bajan escalones de popularidad, de acuerdo a sus \u00faltimos lanzamientos o presencia en el m\u00e1ximo circuito profesional","inLanguage":"es-ES","isPartOf":{"@id":"https:\/\/candas365.es\/noticias\/#website"},"breadcrumb":{"@id":"https:\/\/candas365.es\/noticias\/8-marcas-de-padel-que-son-tendencia-este-ano\/#breadcrumblist"},"author":{"@id":"https:\/\/candas365.es\/noticias\/author\/admin\/#author"},"creator":{"@id":"https:\/\/candas365.es\/noticias\/author\/admin\/#author"},"image":{"@type":"ImageObject","url":"https:\/\/candas365.es\/noticias\/wp-content\/uploads\/2022\/03\/padel.jpg","@id":"https:\/\/candas365.es\/noticias\/8-marcas-de-padel-que-son-tendencia-este-ano\/#mainImage","width":559,"height":413,"caption":"p\u00e1del"},"primaryImageOfPage":{"@id":"https:\/\/candas365.es\/noticias\/8-marcas-de-padel-que-son-tendencia-este-ano\/#mainImage"},"datePublished":"2022-03-10T03:03:48+01:00","dateModified":"2022-03-10T03:03:48+01:00"},{"@type":"WebSite","@id":"https:\/\/candas365.es\/noticias\/#website","url":"https:\/\/candas365.es\/noticias\/","name":"Cand\u00e1s 365","alternateName":"Cand\u00e1s 365 Noticias","description":"Actualidad desde Carre\u00f1o para el mundo","inLanguage":"es-ES","publisher":{"@id":"https:\/\/candas365.es\/noticias\/#organization"}}]},"og:locale":"es_ES","og:site_name":"Cand\u00e1s 365","og:type":"article","og:title":"8 marcas de p\u00e1del que son tendencia este a\u00f1o | Cand\u00e1s 365","og:description":"Cada a\u00f1o, las marcas de p\u00e1del suben y bajan escalones de popularidad, de acuerdo a sus \u00faltimos lanzamientos o presencia en el m\u00e1ximo circuito profesional","og:url":"https:\/\/candas365.es\/noticias\/8-marcas-de-padel-que-son-tendencia-este-ano\/","og:image":"https:\/\/candas365.es\/noticias\/wp-content\/uploads\/2022\/03\/padel.jpg","og:image:secure_url":"https:\/\/candas365.es\/noticias\/wp-content\/uploads\/2022\/03\/padel.jpg","og:image:width":559,"og:image:height":413,"article:published_time":"2022-03-10T03:03:48+00:00","article:modified_time":"2022-03-10T03:03:48+00:00","article:publisher":"https:\/\/www.facebook.com\/Nachofdezber","article:author":"https:\/\/www.facebook.com\/carrenoactualidad","twitter:card":"summary_large_image","twitter:site":"@NabercoDigital","twitter:title":"8 marcas de p\u00e1del que son tendencia este a\u00f1o | Cand\u00e1s 365","twitter:description":"Cada a\u00f1o, las marcas de p\u00e1del suben y bajan escalones de popularidad, de acuerdo a sus \u00faltimos lanzamientos o presencia en el m\u00e1ximo circuito profesional","twitter:creator":"@nbasturias","twitter:image":"https:\/\/candas365.es\/noticias\/wp-content\/uploads\/2022\/03\/padel.jpg","twitter:label1":"Escrito por","twitter:data1":"Cand\u00e1s 365","twitter:label2":"Tiempo de lectura estimado","twitter:data2":"7 minutos"},"aioseo_meta_data":{"post_id":"161124","title":null,"description":"Cada a\u00f1o, las marcas de p\u00e1del suben y bajan escalones de popularidad, de acuerdo a sus \u00faltimos lanzamientos o presencia en el m\u00e1ximo circuito profesional","keywords":[],"keyphrases":{"focus":{"keyphrase":"p\u00e1del","score":89,"analysis":{"keyphraseInTitle":{"title":"Focus keyphrase in SEO title","description":"Focus keyphrase found in SEO title.","score":9,"maxScore":9,"error":0},"keyphraseInDescription":{"title":"Focus keyphrase in meta description","description":"Focus keyphrase found in meta description.","score":9,"maxScore":9,"error":0},"keyphraseLength":{"title":"Focus keyphrase length","description":"Good job!","score":9,"maxScore":9,"error":0,"length":1},"keyphraseInURL":[],"keyphraseInIntroduction":{"title":"Focus keyphrase in introduction","description":"Your Focus keyphrase appears in the first paragraph. Well done!","score":9,"maxScore":9,"error":0},"keyphraseInSubHeadings":{"title":"Focus keyphrase in Subheadings","description":"Use more focus keyphrases in your H2 and H3 subheadings!","score":3,"maxScore":9,"error":1},"keyphraseInImageAlt":{"title":"Focus keyphrase in image alt attributes","description":"Focus keyphrase found in image alt attribute(s).","score":9,"maxScore":9,"error":0}}},"additional":[{"keyphrase":"marcas de p\u00e1del","score":83,"analysis":{"keyphraseInDescription":{"title":"Keyphrase in meta description","description":"Keyphrase found in meta description.","score":9,"maxScore":9,"error":0},"keyphraseLength":{"title":"Keyphrase length","description":"Good job!","score":9,"maxScore":9,"error":0,"length":3},"keyphraseInIntroduction":{"title":"Keyphrase in introduction","description":"Your Keyphrase appears in the first paragraph. Well done!","score":9,"maxScore":9,"error":0},"keyphraseInImageAlt":{"title":"Keyphrase in image alt attributes","description":"Keyphrase not found in image alt attribute(s). Add an image with your Keyphrase as alt text.","score":3,"maxScore":9,"error":1}}},{"keyphrase":"circuito profesional","score":83,"analysis":{"keyphraseInDescription":{"title":"Keyphrase in meta description","description":"Keyphrase found in meta description.","score":9,"maxScore":9,"error":0},"keyphraseLength":{"title":"Keyphrase length","description":"Good job!","score":9,"maxScore":9,"error":0,"length":2},"keyphraseInIntroduction":{"title":"Keyphrase in introduction","description":"Your Keyphrase appears in the first paragraph. Well done!","score":9,"maxScore":9,"error":0},"keyphraseInImageAlt":{"title":"Keyphrase in image alt attributes","description":"Keyphrase not found in image alt attribute(s). Add an image with your Keyphrase as alt text.","score":3,"maxScore":9,"error":1}}}]},"primary_term":null,"canonical_url":null,"og_title":null,"og_description":null,"og_object_type":"default","og_image_type":"default","og_image_url":null,"og_image_width":null,"og_image_height":null,"og_image_custom_url":null,"og_image_custom_fields":null,"og_video":"","og_custom_url":null,"og_article_section":null,"og_article_tags":[],"twitter_use_og":false,"twitter_card":"default","twitter_image_type":"default","twitter_image_url":null,"twitter_image_custom_url":null,"twitter_image_custom_fields":null,"twitter_title":null,"twitter_description":null,"schema":{"blockGraphs":[],"customGraphs":[],"default":{"data":{"Article":[],"Course":[],"Dataset":[],"FAQPage":[],"Movie":[],"Person":[],"Product":[],"ProductReview":[],"Car":[],"Recipe":[],"Service":[],"SoftwareApplication":[],"WebPage":[]},"graphName":"","isEnabled":true},"graphs":[]},"schema_type":"default","schema_type_options":"{\"article\":{\"articleType\":\"BlogPosting\"},\"course\":{\"name\":\"\",\"description\":\"\",\"provider\":\"\"},\"faq\":{\"pages\":[]},\"product\":{\"reviews\":[]},\"recipe\":{\"ingredients\":[],\"instructions\":[],\"keywords\":[]},\"software\":{\"reviews\":[],\"operatingSystems\":[]},\"webPage\":{\"webPageType\":\"WebPage\"}}","pillar_content":false,"robots_default":true,"robots_noindex":false,"robots_noarchive":false,"robots_nosnippet":false,"robots_nofollow":false,"robots_noimageindex":false,"robots_noodp":false,"robots_notranslate":false,"robots_max_snippet":"-1","robots_max_videopreview":"-1","robots_max_imagepreview":"large","priority":null,"frequency":"default","location":null,"local_seo":null,"seo_analyzer_scan_date":"2025-09-01 05:48:41","breadcrumb_settings":null,"limit_modified_date":false,"reviewed_by":null,"open_ai":null,"ai":null,"created":"2022-03-10 02:54:48","updated":"2025-09-01 05:48:41"},"aioseo_breadcrumb":"<div class=\"aioseo-breadcrumbs\"><span class=\"aioseo-breadcrumb\">\n\t<a href=\"https:\/\/candas365.es\/noticias\" title=\"Home\">Home<\/a>\n<\/span><span class=\"aioseo-breadcrumb-separator\">&ndash;<\/span><span class=\"aioseo-breadcrumb\">\n\t<a href=\"https:\/\/candas365.es\/noticias\/category\/deporte\/\" title=\"Deporte\">Deporte<\/a>\n<\/span><span class=\"aioseo-breadcrumb-separator\">&ndash;<\/span><span class=\"aioseo-breadcrumb\">\n\t8 marcas de p\u00e1del que son tendencia este a\u00f1o\n<\/span><\/div>","aioseo_breadcrumb_json":[{"label":"Home","link":"https:\/\/candas365.es\/noticias"},{"label":"Deporte","link":"https:\/\/candas365.es\/noticias\/category\/deporte\/"},{"label":"8 marcas de p\u00e1del que son tendencia este a\u00f1o","link":"https:\/\/candas365.es\/noticias\/8-marcas-de-padel-que-son-tendencia-este-ano\/"}],"_links":{"self":[{"href":"https:\/\/candas365.es\/noticias\/wp-json\/wp\/v2\/posts\/161124","targetHints":{"allow":["GET"]}}],"collection":[{"href":"https:\/\/candas365.es\/noticias\/wp-json\/wp\/v2\/posts"}],"about":[{"href":"https:\/\/candas365.es\/noticias\/wp-json\/wp\/v2\/types\/post"}],"author":[{"embeddable":true,"href":"https:\/\/candas365.es\/noticias\/wp-json\/wp\/v2\/users\/1"}],"replies":[{"embeddable":true,"href":"https:\/\/candas365.es\/noticias\/wp-json\/wp\/v2\/comments?post=161124"}],"version-history":[{"count":0,"href":"https:\/\/candas365.es\/noticias\/wp-json\/wp\/v2\/posts\/161124\/revisions"}],"wp:featuredmedia":[{"embeddable":true,"href":"https:\/\/candas365.es\/noticias\/wp-json\/wp\/v2\/media\/161125"}],"wp:attachment":[{"href":"https:\/\/candas365.es\/noticias\/wp-json\/wp\/v2\/media?parent=161124"}],"wp:term":[{"taxonomy":"category","embeddable":true,"href":"https:\/\/candas365.es\/noticias\/wp-json\/wp\/v2\/categories?post=161124"},{"taxonomy":"post_tag","embeddable":true,"href":"https:\/\/candas365.es\/noticias\/wp-json\/wp\/v2\/tags?post=161124"}],"curies":[{"name":"wp","href":"https:\/\/api.w.org\/{rel}","templated":true}]}}